{"id":160261,"date":"2022-02-02T08:00:00","date_gmt":"2022-02-02T07:00:00","guid":{"rendered":"https:\/\/www.salzburgerland.com\/de\/magazin\/?p=160261"},"modified":"2023-04-04T10:35:20","modified_gmt":"2023-04-04T08:35:20","slug":"para-spitzensportlerin-carina-edlinger","status":"publish","type":"post","link":"https:\/\/www.salzburgerland.com\/de\/magazin\/para-spitzensportlerin-carina-edlinger\/","title":{"rendered":"Para-Spitzensportlerin Carina Edlinger"},"content":{"rendered":"\n<div class=\"wp-block-slt-top topBlocks\">\n<h2 class=\"wp-block-slt-subtitle\">Die sympathische Salzburgerin im Gespr\u00e4ch<\/h2>\n\n\n\n<p class=\"wp-block-slt-intro\">Carina Edlinger ist seit ihren Jugendjahren stark sehbehindert. Das hat sie nicht davon abgehalten, mit dem  Langlaufsport zu starten. Im Gegenteil: Sie hat in den letzten Jahren viele internationale Erfolge einfahren k\u00f6nnen, so wurde sie vier Mal Gesamtweltcupsiegern, holte mehrfach WM-Gold und bei den Winter Paralympics in Peking 2022 Gold im Langlauf-Sprint sowie Bronze im 10 km Freistil. Wir haben die sympathische Salzburgerin zum Gespr\u00e4ch getroffen.<\/p>\n<\/div>\n\n\n\n<p><strong>Carina, wie und wann bist du zum Langlaufsport gekommen?<\/strong><br>Gleich vorweg, ich war kein gro\u00dfes Talent im Langlaufen. Wir haben als Kinder aber relativ fr\u00fch angefangen, so mit sechs oder sieben Jahren. Ich hatte am Anfang gar keine Lust, bin zwar zur Loipe mitgegangen, aber mein Ehrgeiz war dementsprechend niedrig.<\/p>\n\n\n\n<p><strong>Wann hat sich die Einstellung zum Langlaufen dann ge\u00e4ndert?<\/strong><br>Mein Bruder war immer das Talent. Ich habe mir dann gedacht, das kann es jetzt auch nicht sein und ging mit mehr Ehrgeiz an die Sache ran. So mit 10 Jahren musste ich mich dann entscheiden, ob ich aufh\u00f6re oder den Sport intensiver betreibe.<\/p>\n\n\n\n<p><strong>Deine Augenkrankheit kam ja erst mit der Zeit zum Vorschein. Ab welchem Alter hast du gemerkt, dass deine Sehkraft nachl\u00e4sst?<\/strong><br>Ich habe eigentlich nie wirklich gut sehen k\u00f6nnen. Ich habe als Kind nicht gerne gelesen und in der Volksschule habe ich an der Tafel nicht zwischen Plus und Minus unterscheiden k\u00f6nnen. Mit zw\u00f6lf Jahren wurde die Situation so gravierend, dass ich nicht mehr ausgekommen bin. Es ist dann mit meiner Sehkraft rapide bergab gegangen.<\/p>\n\n\n\n<figure class=\"wp-block-image size-full\"><img loading=\"lazy\" decoding=\"async\" width=\"1239\" height=\"827\" src=\"https:\/\/www.salzburgerland.com\/de\/magazin\/wp-content\/uploads\/2022\/01\/ee898a91-6eab-4c9a-ac53-0ca41e8202d2-Kopie.jpg\" alt=\"Eine Langl\u00e4uferin, Weltmeisterin Carina Edlinger aus Fuschla, startet auf einer verschneiten Loipe bei bew\u00f6lktem Himmel.\" class=\"wp-image-160266\" srcset=\"https:\/\/www.salzburgerland.com\/de\/magazin\/wp-content\/uploads\/2022\/01\/ee898a91-6eab-4c9a-ac53-0ca41e8202d2-Kopie.jpg 1239w, https:\/\/www.salzburgerland.com\/de\/magazin\/wp-content\/uploads\/2022\/01\/ee898a91-6eab-4c9a-ac53-0ca41e8202d2-Kopie-300x200.jpg 300w, https:\/\/www.salzburgerland.com\/de\/magazin\/wp-content\/uploads\/2022\/01\/ee898a91-6eab-4c9a-ac53-0ca41e8202d2-Kopie-824x550.jpg 824w, https:\/\/www.salzburgerland.com\/de\/magazin\/wp-content\/uploads\/2022\/01\/ee898a91-6eab-4c9a-ac53-0ca41e8202d2-Kopie-599x400.jpg 599w, https:\/\/www.salzburgerland.com\/de\/magazin\/wp-content\/uploads\/2022\/01\/ee898a91-6eab-4c9a-ac53-0ca41e8202d2-Kopie-150x100.jpg 150w\" sizes=\"auto, (max-width: 1239px) 100vw, 1239px\" \/><\/figure>\n\n\n\n<p><strong>Wie sehr hat dir das Langlaufen in der schweren Zeit geholfen?<\/strong><br>Der Sport ist das Einzige, was geblieben ist. Der existiert immer. Es war aber schwer, Leistung zu erbringen. Der Alltag hat mich anfangs so viel Energie gekostet, dass ich f\u00fcr den Sport nicht mehr viel Kraft \u00fcbrig hatte.<\/p>\n\n\n\n<p><strong>Wann hast du dann mit dem Para-Leistungssport begonnen?<\/strong><br>Das war ein gro\u00dfer Zufall. Eine Freundin aus der Schule, die selbst Para-Sportlerin war, hat mich gefragt, ob ich mit ihr in dem Bereich einsteigen m\u00f6chte. Das war 2015.<\/p>\n\n\n\n<p><strong>Deine ersten Erfolge feiertest du dann mit deinem Bruder?<\/strong><br>Das war alles sehr spontan am Anfang. Eine Woche vor meinem ersten Weltcup ist mir gesagt worden, dass ich ohne Guide nicht starten kann. Ich hatte ja vom Para-Sport keine Ahnung. Alles war neu. Mein Bruder ist eingesprungen. Dann bin ich mit ihm bis zu den olympischen Spielen in Pyeongchang gelaufen. Wir haben uns dann aber in eine unterschiedliche Richtung entwickelt und sind sportlich getrennte Wege gegangen. Ich habe dann mit einem anderen Guide aus Schweden trainiert. Dort habe ich viel lernen k\u00f6nnen und Langlaufen von Grund auf neu kennengelernt.<\/p>\n\n\n\n<p><strong>Mit welchen Erwartungen bist du in die olympischen Spielen in China gegangen?<\/strong><br>Ich bin ja jetzt in einer neuen Klasse gestartet und habe den Sport wieder fast von Grund auf erlernen m\u00fcssen. Ich muss meine Augen jetzt ganz neu einsetzen. Ich besitze noch ca. 1,5 % Sehkraft, kann hell und dunkel unterscheiden. Aber ich sehe nicht, was da vor mir ist. Das Ganze ist somit f\u00fcr mich sehr anstrengend und kompliziert. Ich ging ohne gro\u00dfe Erwartungen an den Start. Ich kann ja Langlaufen, aber es sind so viele andere Faktoren von Bedeutung. <\/p>\n\n\n\n<p><strong>Du wohnst ja schon seit Jahren in Fuschl am See. Was macht deine Heimat f\u00fcr dich so besonders?<\/strong><br>Ich war durch meinem Sport schon an vielen Pl\u00e4tzen. Den Lebensstandard den wir aber zu Hause haben, der ist nicht selbstverst\u00e4ndlich. Ich habe die Berge und Seen vor der Haust\u00fcr. Das ist f\u00fcr mich essentiell. Ich kann hier wandern gehen, am See mit dem Kajak fahren oder den ein oder anderen Klettersteig versuchen.<\/p>\n\n\n\n<figure class=\"wp-block-image size-full\"><img loading=\"lazy\" decoding=\"async\" width=\"2000\" height=\"1212\" src=\"https:\/\/www.salzburgerland.com\/de\/magazin\/wp-content\/uploads\/2022\/01\/001b3a16-862d-4bad-8213-41d801499362-1.jpg\" alt=\"Langl\u00e4uferin Carina Edlinger, Weltmeisterin aus Fuschla im Salzburger Land, l\u00e4uft auf Schnee bergab.\" class=\"wp-image-160264\" srcset=\"https:\/\/www.salzburgerland.com\/de\/magazin\/wp-content\/uploads\/2022\/01\/001b3a16-862d-4bad-8213-41d801499362-1.jpg 2000w, https:\/\/www.salzburgerland.com\/de\/magazin\/wp-content\/uploads\/2022\/01\/001b3a16-862d-4bad-8213-41d801499362-1-300x182.jpg 300w, https:\/\/www.salzburgerland.com\/de\/magazin\/wp-content\/uploads\/2022\/01\/001b3a16-862d-4bad-8213-41d801499362-1-1536x931.jpg 1536w, https:\/\/www.salzburgerland.com\/de\/magazin\/wp-content\/uploads\/2022\/01\/001b3a16-862d-4bad-8213-41d801499362-1-908x550.jpg 908w, https:\/\/www.salzburgerland.com\/de\/magazin\/wp-content\/uploads\/2022\/01\/001b3a16-862d-4bad-8213-41d801499362-1-660x400.jpg 660w, https:\/\/www.salzburgerland.com\/de\/magazin\/wp-content\/uploads\/2022\/01\/001b3a16-862d-4bad-8213-41d801499362-1-1320x800.jpg 1320w, https:\/\/www.salzburgerland.com\/de\/magazin\/wp-content\/uploads\/2022\/01\/001b3a16-862d-4bad-8213-41d801499362-1-150x91.jpg 150w\" sizes=\"auto, (max-width: 2000px) 100vw, 2000px\" \/><\/figure>\n\n\n\n<p><strong>Trainierst du dann auch auf den Loipen in deiner Umgebung?<\/strong><br>Wenn ich zu Hause bin und Schnee liegt, gehe ich in Fuschl Langlaufen. Ich erinnere mich dann gerne an meine Anf\u00e4nge dort zur\u00fcck und genie\u00dfe es, in der Heimat auf den Langlaufskiern zu stehen.<\/p>\n\n\n\n<p><strong>Du bildest mit deinem Hund ein eingeschworenes Team. Wie sehr hilft er dir im Alltag?<\/strong><br>Mein Labrador Riley ist fast immer bei mir. Ich habe durch ihn meine Freiheit zur\u00fcck bekommen. Er bringt mir mehr Normalit\u00e4t in mein Leben und hilft mir bei vielen Dingen im Alltag. Ich kann mit ihm zum Beispiel wieder alleine in den Wald gehen und bin generell mobiler. Er hat mir ein gro\u00dfes St\u00fcck Lebensqualit\u00e4t zur\u00fcckgegeben.<\/p>\n\n\n\n<figure class=\"wp-block-image size-full\"><img loading=\"lazy\" decoding=\"async\" width=\"8192\" height=\"5464\" src=\"https:\/\/www.salzburgerland.com\/de\/magazin\/wp-content\/uploads\/2022\/01\/MA_1630.jpg\" alt=\"L\u00e4chelnde Frau im gestreiften Hemd umarmt einen schwarzen Hund im Schnee - Weltmeisterin Carina Edlinger strahlt vor Freude.\" class=\"wp-image-160262\" srcset=\"https:\/\/www.salzburgerland.com\/de\/magazin\/wp-content\/uploads\/2022\/01\/MA_1630.jpg 8192w, https:\/\/www.salzburgerland.com\/de\/magazin\/wp-content\/uploads\/2022\/01\/MA_1630-300x200.jpg 300w, https:\/\/www.salzburgerland.com\/de\/magazin\/wp-content\/uploads\/2022\/01\/MA_1630-1536x1025.jpg 1536w, https:\/\/www.salzburgerland.com\/de\/magazin\/wp-content\/uploads\/2022\/01\/MA_1630-825x550.jpg 825w, https:\/\/www.salzburgerland.com\/de\/magazin\/wp-content\/uploads\/2022\/01\/MA_1630-600x400.jpg 600w, https:\/\/www.salzburgerland.com\/de\/magazin\/wp-content\/uploads\/2022\/01\/MA_1630-1320x880.jpg 1320w, https:\/\/www.salzburgerland.com\/de\/magazin\/wp-content\/uploads\/2022\/01\/MA_1630-150x100.jpg 150w\" sizes=\"auto, (max-width: 8192px) 100vw, 8192px\" \/><\/figure>\n\n\n\n<p><strong>Wie w\u00fcrdest du r\u00fcckblickend die olympischen Spiele zusammenfassen?<\/strong><br>Es war mehr als eine Achterbahnfahrt, ich erlebte H\u00f6hen und Tiefen. Ich bin unheimlich dankbar, dass ich nach den k\u00f6rperlichen Problemen noch zwei Medaillen holen konnte. Besonders die Goldene im Sprint wollte ich unbedingt gewinnen. Ich war zwar in den Bewerben eine Mitfavoritin auf eine Medaille, wollte aber zun\u00e4chst gar nicht zu den Olympischen Spielen reisen, da ich k\u00f6rperlich ganz und gar nicht fit war und mit einigen Problemen zu k\u00e4mpfen hatte. Es ist sch\u00f6n, dass es schlussendlich zu zwei Medaillen gereicht hat.<\/p>\n\n\n\n<p><strong>Was ist dir am Podium bei der Siegerehrung durch den Kopf gegangen?<\/strong><br>Das war eigentlich nicht der emotionalste Momente. Das Sch\u00f6nste war, als ich \u00fcber die Ziellinie gelaufen bin und gewusst habe, dass ich es trotz der vielen H\u00fcrden geschafft habe. Mein Dank geht an Rudi Hirschegger und Gerry Bauer vom Olympiazentrum in Rif, die Tag und Nacht alles daf\u00fcr gegeben haben, um mein Herzensprojekt zu realisieren.<\/p>\n\n\n\n<p><strong>Du hast alles erreicht was eine Sportlerin erreichen kann, was sind deine zuk\u00fcnftigen Ziele?<\/strong><br>Ich bin jetzt die erfolgreichste nordische Sportlerin in \u00d6sterreich. Die Goldene war mein gro\u00dfes Ziel. Wichtig ist f\u00fcr mich jetzt, dass ich k\u00f6rperlich wieder fit werde und schmerzfrei bin. Ich habe viele Ziele und Pl\u00e4ne, sportlich wie auch privat. Ich werde mir jetzt Zeit nehmen und entscheiden wohin die Reise geht.<\/p>\n\n\n\n<p><strong>Kurze Frage zum Schluss, wie w\u00fcrdest du dich in drei Worten beschreiben?<\/strong><\/p>\n\n\n\n<p>Positiv, hartn\u00e4ckig und zielstrebig.<\/p>\n\n\n\n<p>Fotos: \u00a9heikomandl.at, Para Snowsports<\/p>\n","protected":false},"excerpt":{"rendered":"<p>Carina, wie und wann bist du zum Langlaufsport gekommen?Gleich vorweg, ich war kein gro\u00dfes Talent im Langlaufen. Wir haben als Kinder aber relativ fr\u00fch angefangen, so mit sechs oder sieben Jahren. Ich hatte am Anfang gar keine Lust, bin zwar zur Loipe mitgegangen, aber mein Ehrgeiz war dementsprechend niedrig. Wann hat sich die Einstellung zum [&hellip;]<\/p>\n","protected":false},"author":10,"featured_media":160263,"comment_status":"open","ping_status":"closed","sticky":false,"template":"","format":"standard","meta":{"_acf_changed":false,"wl_entities_gutenberg":"","_wl_entity_redirect_enabled":"","footnotes":""},"categories":[8],"tags":[7272,7270,7271],"wl_entity_type":[306],"monatsauswahl":[82,83,84,85,92,93],"class_list":["post-160261","post","type-post","status-publish","format-standard","has-post-thumbnail","hentry","category-outdoor-sport","tag-fuschl","tag-langlauf","tag-parasport","wl_entity_type-article","monatsauswahl-monat_1","monatsauswahl-monat_2","monatsauswahl-monat_3","monatsauswahl-monat_4","monatsauswahl-monat_11","monatsauswahl-monat_12"],"acf":[],"yoast_head":"<!-- This site is optimized with the Yoast SEO Premium plugin v27.4 (Yoast SEO v27.4) - https:\/\/yoast.com\/product\/yoast-seo-premium-wordpress\/ -->\n<title>Para-Spitzensportlerin Carina Edlinger - SalzburgerLand Magazin<\/title>\n<meta name=\"robots\" content=\"index, follow, max-snippet:-1, max-image-preview:large, max-video-preview:-1\" \/>\n<link rel=\"canonical\" href=\"https:\/\/www.salzburgerland.com\/de\/magazin\/para-spitzensportlerin-carina-edlinger\/\" \/>\n<meta property=\"og:locale\" content=\"de_DE\" \/>\n<meta property=\"og:type\" content=\"article\" \/>\n<meta property=\"og:title\" content=\"Para-Spitzensportlerin Carina Edlinger\" \/>\n<meta property=\"og:description\" content=\"Carina, wie und wann bist du zum Langlaufsport gekommen?Gleich vorweg, ich war kein gro\u00dfes Talent im Langlaufen. Wir haben als Kinder aber relativ fr\u00fch angefangen, so mit sechs oder sieben Jahren. Ich hatte am Anfang gar keine Lust, bin zwar zur Loipe mitgegangen, aber mein Ehrgeiz war dementsprechend niedrig. Wann hat sich die Einstellung zum [&hellip;]\" \/>\n<meta property=\"og:url\" content=\"https:\/\/www.salzburgerland.com\/de\/magazin\/para-spitzensportlerin-carina-edlinger\/\" \/>\n<meta property=\"og:site_name\" content=\"SalzburgerLand Magazin\" \/>\n<meta property=\"article:publisher\" content=\"https:\/\/www.facebook.com\/salzburgerland\/\" \/>\n<meta property=\"article:published_time\" content=\"2022-02-02T07:00:00+00:00\" \/>\n<meta property=\"article:modified_time\" content=\"2023-04-04T08:35:20+00:00\" \/>\n<meta property=\"og:image\" content=\"https:\/\/www.salzburgerland.com\/de\/magazin\/wp-content\/uploads\/2022\/01\/MA_1648.jpg\" \/>\n\t<meta property=\"og:image:width\" content=\"8192\" \/>\n\t<meta property=\"og:image:height\" content=\"5464\" \/>\n\t<meta property=\"og:image:type\" content=\"image\/jpeg\" \/>\n<meta name=\"author\" content=\"Heiko Mandl\" \/>\n<meta name=\"twitter:card\" content=\"summary_large_image\" \/>\n<meta name=\"twitter:creator\" content=\"@Salzburgerland\" \/>\n<meta name=\"twitter:site\" content=\"@Salzburgerland\" \/>\n<meta name=\"twitter:label1\" content=\"Verfasst von\" \/>\n\t<meta name=\"twitter:data1\" content=\"Heiko Mandl\" \/>\n\t<meta name=\"twitter:label2\" content=\"Gesch\u00e4tzte Lesezeit\" \/>\n\t<meta name=\"twitter:data2\" content=\"6\u00a0Minuten\" \/>\n<script type=\"application\/ld+json\" class=\"yoast-schema-graph\">{\"@context\":\"https:\\\/\\\/schema.org\",\"@graph\":[{\"@type\":\"Article\",\"@id\":\"https:\\\/\\\/www.salzburgerland.com\\\/de\\\/magazin\\\/para-spitzensportlerin-carina-edlinger\\\/#article\",\"isPartOf\":{\"@id\":\"https:\\\/\\\/www.salzburgerland.com\\\/de\\\/magazin\\\/para-spitzensportlerin-carina-edlinger\\\/\"},\"author\":{\"name\":\"Heiko Mandl\",\"@id\":\"https:\\\/\\\/www.salzburgerland.com\\\/de\\\/magazin\\\/#\\\/schema\\\/person\\\/8871c7c764fce6ea66752310e7fe9e98\"},\"headline\":\"Para-Spitzensportlerin Carina Edlinger\",\"datePublished\":\"2022-02-02T07:00:00+00:00\",\"dateModified\":\"2023-04-04T08:35:20+00:00\",\"mainEntityOfPage\":{\"@id\":\"https:\\\/\\\/www.salzburgerland.com\\\/de\\\/magazin\\\/para-spitzensportlerin-carina-edlinger\\\/\"},\"wordCount\":1002,\"commentCount\":0,\"publisher\":{\"@id\":\"https:\\\/\\\/www.salzburgerland.com\\\/de\\\/magazin\\\/#organization\"},\"image\":{\"@id\":\"https:\\\/\\\/www.salzburgerland.com\\\/de\\\/magazin\\\/para-spitzensportlerin-carina-edlinger\\\/#primaryimage\"},\"thumbnailUrl\":\"https:\\\/\\\/www.salzburgerland.com\\\/de\\\/magazin\\\/wp-content\\\/uploads\\\/2022\\\/01\\\/MA_1648.jpg\",\"keywords\":[\"Fuschl\",\"Langlauf\",\"Parasport\"],\"articleSection\":[\"Outdoor &amp; Sport\"],\"inLanguage\":\"de\",\"potentialAction\":[{\"@type\":\"CommentAction\",\"name\":\"Comment\",\"target\":[\"https:\\\/\\\/www.salzburgerland.com\\\/de\\\/magazin\\\/para-spitzensportlerin-carina-edlinger\\\/#respond\"]}]},{\"@type\":\"WebPage\",\"@id\":\"https:\\\/\\\/www.salzburgerland.com\\\/de\\\/magazin\\\/para-spitzensportlerin-carina-edlinger\\\/\",\"url\":\"https:\\\/\\\/www.salzburgerland.com\\\/de\\\/magazin\\\/para-spitzensportlerin-carina-edlinger\\\/\",\"name\":\"Para-Spitzensportlerin Carina Edlinger - SalzburgerLand Magazin\",\"isPartOf\":{\"@id\":\"https:\\\/\\\/www.salzburgerland.com\\\/de\\\/magazin\\\/#website\"},\"primaryImageOfPage\":{\"@id\":\"https:\\\/\\\/www.salzburgerland.com\\\/de\\\/magazin\\\/para-spitzensportlerin-carina-edlinger\\\/#primaryimage\"},\"image\":{\"@id\":\"https:\\\/\\\/www.salzburgerland.com\\\/de\\\/magazin\\\/para-spitzensportlerin-carina-edlinger\\\/#primaryimage\"},\"thumbnailUrl\":\"https:\\\/\\\/www.salzburgerland.com\\\/de\\\/magazin\\\/wp-content\\\/uploads\\\/2022\\\/01\\\/MA_1648.jpg\",\"datePublished\":\"2022-02-02T07:00:00+00:00\",\"dateModified\":\"2023-04-04T08:35:20+00:00\",\"breadcrumb\":{\"@id\":\"https:\\\/\\\/www.salzburgerland.com\\\/de\\\/magazin\\\/para-spitzensportlerin-carina-edlinger\\\/#breadcrumb\"},\"inLanguage\":\"de\",\"potentialAction\":[{\"@type\":\"ReadAction\",\"target\":[\"https:\\\/\\\/www.salzburgerland.com\\\/de\\\/magazin\\\/para-spitzensportlerin-carina-edlinger\\\/\"]}]},{\"@type\":\"ImageObject\",\"inLanguage\":\"de\",\"@id\":\"https:\\\/\\\/www.salzburgerland.com\\\/de\\\/magazin\\\/para-spitzensportlerin-carina-edlinger\\\/#primaryimage\",\"url\":\"https:\\\/\\\/www.salzburgerland.com\\\/de\\\/magazin\\\/wp-content\\\/uploads\\\/2022\\\/01\\\/MA_1648.jpg\",\"contentUrl\":\"https:\\\/\\\/www.salzburgerland.com\\\/de\\\/magazin\\\/wp-content\\\/uploads\\\/2022\\\/01\\\/MA_1648.jpg\",\"width\":8192,\"height\":5464,\"caption\":\"L\u00e4chelnde Weltmeisterin umarmt schwarzen Hund mit rotem Wurf im Freien an einem sonnigen, verschneiten Tag.\"},{\"@type\":\"BreadcrumbList\",\"@id\":\"https:\\\/\\\/www.salzburgerland.com\\\/de\\\/magazin\\\/para-spitzensportlerin-carina-edlinger\\\/#breadcrumb\",\"itemListElement\":[{\"@type\":\"ListItem\",\"position\":1,\"name\":\"Startseite\",\"item\":\"https:\\\/\\\/www.salzburgerland.com\\\/de\\\/magazin\\\/\"},{\"@type\":\"ListItem\",\"position\":2,\"name\":\"Outdoor &amp; Sport\",\"item\":\"https:\\\/\\\/www.salzburgerland.com\\\/de\\\/magazin\\\/thema\\\/outdoor-sport\\\/\"},{\"@type\":\"ListItem\",\"position\":3,\"name\":\"Para-Spitzensportlerin Carina Edlinger\"}]},{\"@type\":\"WebSite\",\"@id\":\"https:\\\/\\\/www.salzburgerland.com\\\/de\\\/magazin\\\/#website\",\"url\":\"https:\\\/\\\/www.salzburgerland.com\\\/de\\\/magazin\\\/\",\"name\":\"SalzburgerLand Magazin\",\"description\":\"Geschichten und Interessantes aus dem SalzburgerLand\",\"publisher\":{\"@id\":\"https:\\\/\\\/www.salzburgerland.com\\\/de\\\/magazin\\\/#organization\"},\"potentialAction\":[{\"@type\":\"SearchAction\",\"target\":{\"@type\":\"EntryPoint\",\"urlTemplate\":\"https:\\\/\\\/www.salzburgerland.com\\\/de\\\/magazin\\\/?s={search_term_string}\"},\"query-input\":{\"@type\":\"PropertyValueSpecification\",\"valueRequired\":true,\"valueName\":\"search_term_string\"}}],\"inLanguage\":\"de\"},{\"@type\":\"Organization\",\"@id\":\"https:\\\/\\\/www.salzburgerland.com\\\/de\\\/magazin\\\/#organization\",\"name\":\"SalzburgerLand Tourismus\",\"url\":\"https:\\\/\\\/www.salzburgerland.com\\\/de\\\/magazin\\\/\",\"logo\":{\"@type\":\"ImageObject\",\"inLanguage\":\"de\",\"@id\":\"https:\\\/\\\/www.salzburgerland.com\\\/de\\\/magazin\\\/#\\\/schema\\\/logo\\\/image\\\/\",\"url\":\"https:\\\/\\\/www.salzburgerland.com\\\/de\\\/magazin\\\/wp-content\\\/uploads\\\/2019\\\/06\\\/salzburgerland-logo1.jpg\",\"contentUrl\":\"https:\\\/\\\/www.salzburgerland.com\\\/de\\\/magazin\\\/wp-content\\\/uploads\\\/2019\\\/06\\\/salzburgerland-logo1.jpg\",\"width\":2011,\"height\":866,\"caption\":\"SalzburgerLand Tourismus\"},\"image\":{\"@id\":\"https:\\\/\\\/www.salzburgerland.com\\\/de\\\/magazin\\\/#\\\/schema\\\/logo\\\/image\\\/\"},\"sameAs\":[\"https:\\\/\\\/www.facebook.com\\\/salzburgerland\\\/\",\"https:\\\/\\\/x.com\\\/Salzburgerland\",\"https:\\\/\\\/www.instagram.com\\\/salzburgerland\\\/\",\"https:\\\/\\\/at.linkedin.com\\\/company\\\/salzburgerland-tourismus-gmbh\",\"https:\\\/\\\/www.pinterest.at\\\/salzburgerland\\\/\",\"https:\\\/\\\/www.youtube.com\\\/user\\\/salzburgerland\",\"https:\\\/\\\/de.wikipedia.org\\\/wiki\\\/SalzburgerLand_Tourismus_GmbH\"]},{\"@type\":\"Person\",\"@id\":\"https:\\\/\\\/www.salzburgerland.com\\\/de\\\/magazin\\\/#\\\/schema\\\/person\\\/8871c7c764fce6ea66752310e7fe9e98\",\"name\":\"Heiko Mandl\",\"description\":\"Heiko Mandl, geboren 1976 in Salzburg, ist durch den Journalismus zur Fotografie gekommen und ist seit zehn Jahren als selbstst\u00e4ndiger Fotograf und Autor in Salzburg t\u00e4tig. Schon von Kindheit an haben ihn die Berge vor seiner Haust\u00fcr fasziniert. Heute z\u00e4hlen sie unter anderem zu seinem Arbeitsplatz. Er arbeitet f\u00fcr internationale Outdoor- und Reisemagazine sowie zahlreiche Firmen und Agenturen. Luxushotel oder Almh\u00fctte: Ich kann beides genie\u00dfen und ich gehe das nach dem Motto: Alles zur richtigen Zeit und zur passenden Gelegenheit an. Wandern oder Laufen: Auf jeden Fall wandern, ist gem\u00fctlicher und man kann sich mehr auf die Umgebung konzentrieren. Golfplatz oder Klettergarten: Klettergarten, zumindest noch die n\u00e4chsten 20 Jahre. Fr\u00fchling, sommer, herbst oder Winter? Fr\u00fchling und Sommer und Herbst und Winter! Im SalzburgerLand ist es das ganze Jahr traumhaft sch\u00f6n. Wellness oder Mountainbike? Zuerst eine Runde mit dem Mountainbike und dann ab in den Wellnesstempel. Das eine schlie\u00dft das andere nicht aus!\",\"url\":\"https:\\\/\\\/www.salzburgerland.com\\\/de\\\/magazin\\\/author\\\/heiko-mandl\\\/\"}]}<\/script>\n<!-- \/ Yoast SEO Premium plugin. -->","yoast_head_json":{"title":"Para-Spitzensportlerin Carina Edlinger - SalzburgerLand Magazin","robots":{"index":"index","follow":"follow","max-snippet":"max-snippet:-1","max-image-preview":"max-image-preview:large","max-video-preview":"max-video-preview:-1"},"canonical":"https:\/\/www.salzburgerland.com\/de\/magazin\/para-spitzensportlerin-carina-edlinger\/","og_locale":"de_DE","og_type":"article","og_title":"Para-Spitzensportlerin Carina Edlinger","og_description":"Carina, wie und wann bist du zum Langlaufsport gekommen?Gleich vorweg, ich war kein gro\u00dfes Talent im Langlaufen. Wir haben als Kinder aber relativ fr\u00fch angefangen, so mit sechs oder sieben Jahren. Ich hatte am Anfang gar keine Lust, bin zwar zur Loipe mitgegangen, aber mein Ehrgeiz war dementsprechend niedrig. Wann hat sich die Einstellung zum [&hellip;]","og_url":"https:\/\/www.salzburgerland.com\/de\/magazin\/para-spitzensportlerin-carina-edlinger\/","og_site_name":"SalzburgerLand Magazin","article_publisher":"https:\/\/www.facebook.com\/salzburgerland\/","article_published_time":"2022-02-02T07:00:00+00:00","article_modified_time":"2023-04-04T08:35:20+00:00","og_image":[{"width":8192,"height":5464,"url":"https:\/\/www.salzburgerland.com\/de\/magazin\/wp-content\/uploads\/2022\/01\/MA_1648.jpg","type":"image\/jpeg"}],"author":"Heiko Mandl","twitter_card":"summary_large_image","twitter_creator":"@Salzburgerland","twitter_site":"@Salzburgerland","twitter_misc":{"Verfasst von":"Heiko Mandl","Gesch\u00e4tzte Lesezeit":"6\u00a0Minuten"},"schema":{"@context":"https:\/\/schema.org","@graph":[{"@type":"Article","@id":"https:\/\/www.salzburgerland.com\/de\/magazin\/para-spitzensportlerin-carina-edlinger\/#article","isPartOf":{"@id":"https:\/\/www.salzburgerland.com\/de\/magazin\/para-spitzensportlerin-carina-edlinger\/"},"author":{"name":"Heiko Mandl","@id":"https:\/\/www.salzburgerland.com\/de\/magazin\/#\/schema\/person\/8871c7c764fce6ea66752310e7fe9e98"},"headline":"Para-Spitzensportlerin Carina Edlinger","datePublished":"2022-02-02T07:00:00+00:00","dateModified":"2023-04-04T08:35:20+00:00","mainEntityOfPage":{"@id":"https:\/\/www.salzburgerland.com\/de\/magazin\/para-spitzensportlerin-carina-edlinger\/"},"wordCount":1002,"commentCount":0,"publisher":{"@id":"https:\/\/www.salzburgerland.com\/de\/magazin\/#organization"},"image":{"@id":"https:\/\/www.salzburgerland.com\/de\/magazin\/para-spitzensportlerin-carina-edlinger\/#primaryimage"},"thumbnailUrl":"https:\/\/www.salzburgerland.com\/de\/magazin\/wp-content\/uploads\/2022\/01\/MA_1648.jpg","keywords":["Fuschl","Langlauf","Parasport"],"articleSection":["Outdoor &amp; Sport"],"inLanguage":"de","potentialAction":[{"@type":"CommentAction","name":"Comment","target":["https:\/\/www.salzburgerland.com\/de\/magazin\/para-spitzensportlerin-carina-edlinger\/#respond"]}]},{"@type":"WebPage","@id":"https:\/\/www.salzburgerland.com\/de\/magazin\/para-spitzensportlerin-carina-edlinger\/","url":"https:\/\/www.salzburgerland.com\/de\/magazin\/para-spitzensportlerin-carina-edlinger\/","name":"Para-Spitzensportlerin Carina Edlinger - SalzburgerLand Magazin","isPartOf":{"@id":"https:\/\/www.salzburgerland.com\/de\/magazin\/#website"},"primaryImageOfPage":{"@id":"https:\/\/www.salzburgerland.com\/de\/magazin\/para-spitzensportlerin-carina-edlinger\/#primaryimage"},"image":{"@id":"https:\/\/www.salzburgerland.com\/de\/magazin\/para-spitzensportlerin-carina-edlinger\/#primaryimage"},"thumbnailUrl":"https:\/\/www.salzburgerland.com\/de\/magazin\/wp-content\/uploads\/2022\/01\/MA_1648.jpg","datePublished":"2022-02-02T07:00:00+00:00","dateModified":"2023-04-04T08:35:20+00:00","breadcrumb":{"@id":"https:\/\/www.salzburgerland.com\/de\/magazin\/para-spitzensportlerin-carina-edlinger\/#breadcrumb"},"inLanguage":"de","potentialAction":[{"@type":"ReadAction","target":["https:\/\/www.salzburgerland.com\/de\/magazin\/para-spitzensportlerin-carina-edlinger\/"]}]},{"@type":"ImageObject","inLanguage":"de","@id":"https:\/\/www.salzburgerland.com\/de\/magazin\/para-spitzensportlerin-carina-edlinger\/#primaryimage","url":"https:\/\/www.salzburgerland.com\/de\/magazin\/wp-content\/uploads\/2022\/01\/MA_1648.jpg","contentUrl":"https:\/\/www.salzburgerland.com\/de\/magazin\/wp-content\/uploads\/2022\/01\/MA_1648.jpg","width":8192,"height":5464,"caption":"L\u00e4chelnde Weltmeisterin umarmt schwarzen Hund mit rotem Wurf im Freien an einem sonnigen, verschneiten Tag."},{"@type":"BreadcrumbList","@id":"https:\/\/www.salzburgerland.com\/de\/magazin\/para-spitzensportlerin-carina-edlinger\/#breadcrumb","itemListElement":[{"@type":"ListItem","position":1,"name":"Startseite","item":"https:\/\/www.salzburgerland.com\/de\/magazin\/"},{"@type":"ListItem","position":2,"name":"Outdoor &amp; Sport","item":"https:\/\/www.salzburgerland.com\/de\/magazin\/thema\/outdoor-sport\/"},{"@type":"ListItem","position":3,"name":"Para-Spitzensportlerin Carina Edlinger"}]},{"@type":"WebSite","@id":"https:\/\/www.salzburgerland.com\/de\/magazin\/#website","url":"https:\/\/www.salzburgerland.com\/de\/magazin\/","name":"SalzburgerLand Magazin","description":"Geschichten und Interessantes aus dem SalzburgerLand","publisher":{"@id":"https:\/\/www.salzburgerland.com\/de\/magazin\/#organization"},"potentialAction":[{"@type":"SearchAction","target":{"@type":"EntryPoint","urlTemplate":"https:\/\/www.salzburgerland.com\/de\/magazin\/?s={search_term_string}"},"query-input":{"@type":"PropertyValueSpecification","valueRequired":true,"valueName":"search_term_string"}}],"inLanguage":"de"},{"@type":"Organization","@id":"https:\/\/www.salzburgerland.com\/de\/magazin\/#organization","name":"SalzburgerLand Tourismus","url":"https:\/\/www.salzburgerland.com\/de\/magazin\/","logo":{"@type":"ImageObject","inLanguage":"de","@id":"https:\/\/www.salzburgerland.com\/de\/magazin\/#\/schema\/logo\/image\/","url":"https:\/\/www.salzburgerland.com\/de\/magazin\/wp-content\/uploads\/2019\/06\/salzburgerland-logo1.jpg","contentUrl":"https:\/\/www.salzburgerland.com\/de\/magazin\/wp-content\/uploads\/2019\/06\/salzburgerland-logo1.jpg","width":2011,"height":866,"caption":"SalzburgerLand Tourismus"},"image":{"@id":"https:\/\/www.salzburgerland.com\/de\/magazin\/#\/schema\/logo\/image\/"},"sameAs":["https:\/\/www.facebook.com\/salzburgerland\/","https:\/\/x.com\/Salzburgerland","https:\/\/www.instagram.com\/salzburgerland\/","https:\/\/at.linkedin.com\/company\/salzburgerland-tourismus-gmbh","https:\/\/www.pinterest.at\/salzburgerland\/","https:\/\/www.youtube.com\/user\/salzburgerland","https:\/\/de.wikipedia.org\/wiki\/SalzburgerLand_Tourismus_GmbH"]},{"@type":"Person","@id":"https:\/\/www.salzburgerland.com\/de\/magazin\/#\/schema\/person\/8871c7c764fce6ea66752310e7fe9e98","name":"Heiko Mandl","description":"Heiko Mandl, geboren 1976 in Salzburg, ist durch den Journalismus zur Fotografie gekommen und ist seit zehn Jahren als selbstst\u00e4ndiger Fotograf und Autor in Salzburg t\u00e4tig. Schon von Kindheit an haben ihn die Berge vor seiner Haust\u00fcr fasziniert. Heute z\u00e4hlen sie unter anderem zu seinem Arbeitsplatz. Er arbeitet f\u00fcr internationale Outdoor- und Reisemagazine sowie zahlreiche Firmen und Agenturen. Luxushotel oder Almh\u00fctte: Ich kann beides genie\u00dfen und ich gehe das nach dem Motto: Alles zur richtigen Zeit und zur passenden Gelegenheit an. Wandern oder Laufen: Auf jeden Fall wandern, ist gem\u00fctlicher und man kann sich mehr auf die Umgebung konzentrieren. Golfplatz oder Klettergarten: Klettergarten, zumindest noch die n\u00e4chsten 20 Jahre. Fr\u00fchling, sommer, herbst oder Winter? Fr\u00fchling und Sommer und Herbst und Winter! Im SalzburgerLand ist es das ganze Jahr traumhaft sch\u00f6n. Wellness oder Mountainbike? Zuerst eine Runde mit dem Mountainbike und dann ab in den Wellnesstempel. Das eine schlie\u00dft das andere nicht aus!","url":"https:\/\/www.salzburgerland.com\/de\/magazin\/author\/heiko-mandl\/"}]}},"_wl_alt_label":[],"wl:entity_url":"http:\/\/open.salzburgerland.com\/magazin\/post\/id\/160261","_links":{"self":[{"href":"https:\/\/www.salzburgerland.com\/de\/magazin\/wp-json\/wp\/v2\/posts\/160261","targetHints":{"allow":["GET"]}}],"collection":[{"href":"https:\/\/www.salzburgerland.com\/de\/magazin\/wp-json\/wp\/v2\/posts"}],"about":[{"href":"https:\/\/www.salzburgerland.com\/de\/magazin\/wp-json\/wp\/v2\/types\/post"}],"author":[{"embeddable":true,"href":"https:\/\/www.salzburgerland.com\/de\/magazin\/wp-json\/wp\/v2\/users\/10"}],"replies":[{"embeddable":true,"href":"https:\/\/www.salzburgerland.com\/de\/magazin\/wp-json\/wp\/v2\/comments?post=160261"}],"version-history":[{"count":5,"href":"https:\/\/www.salzburgerland.com\/de\/magazin\/wp-json\/wp\/v2\/posts\/160261\/revisions"}],"predecessor-version":[{"id":169687,"href":"https:\/\/www.salzburgerland.com\/de\/magazin\/wp-json\/wp\/v2\/posts\/160261\/revisions\/169687"}],"wp:featuredmedia":[{"embeddable":true,"href":"https:\/\/www.salzburgerland.com\/de\/magazin\/wp-json\/wp\/v2\/media\/160263"}],"wp:attachment":[{"href":"https:\/\/www.salzburgerland.com\/de\/magazin\/wp-json\/wp\/v2\/media?parent=160261"}],"wp:term":[{"taxonomy":"category","embeddable":true,"href":"https:\/\/www.salzburgerland.com\/de\/magazin\/wp-json\/wp\/v2\/categories?post=160261"},{"taxonomy":"post_tag","embeddable":true,"href":"https:\/\/www.salzburgerland.com\/de\/magazin\/wp-json\/wp\/v2\/tags?post=160261"},{"taxonomy":"wl_entity_type","embeddable":true,"href":"https:\/\/www.salzburgerland.com\/de\/magazin\/wp-json\/wp\/v2\/wl_entity_type?post=160261"},{"taxonomy":"monatsauswahl","embeddable":true,"href":"https:\/\/www.salzburgerland.com\/de\/magazin\/wp-json\/wp\/v2\/monatsauswahl?post=160261"}],"curies":[{"name":"wp","href":"https:\/\/api.w.org\/{rel}","templated":true}]}}