{"id":159998,"date":"2022-01-26T08:00:00","date_gmt":"2022-01-26T07:00:00","guid":{"rendered":"https:\/\/www.salzburgerland.com\/de\/magazin\/?p=159998"},"modified":"2022-01-27T10:32:55","modified_gmt":"2022-01-27T09:32:55","slug":"die-winterruhe-der-krimmler-wasserfaelle","status":"publish","type":"post","link":"https:\/\/www.salzburgerland.com\/de\/magazin\/die-winterruhe-der-krimmler-wasserfaelle\/","title":{"rendered":"Die Winterruhe der Krimmler Wasserf\u00e4lle"},"content":{"rendered":"\n<div class=\"wp-block-slt-top topBlocks\">\n<h2 class=\"wp-block-slt-subtitle\">Fackelwanderung zu den gr\u00f6\u00dften Wasserf\u00e4llen Europas<\/h2>\n\n\n\n<p class=\"wp-block-slt-intro\">Sanfter und bed\u00e4chtiger \u2013 aber genauso beeindruckend. Die Krimmler Wasserf\u00e4lle bieten auch an klirrend kalten Wintertagen ein faszinierendes Naturschauspiel, besonders wenn sie sp\u00e4tabends einmal die Woche in helles Licht tauchen.<\/p>\n<\/div>\n\n\n\n<h2 class=\"wp-block-heading\" id=\"h-mit-fackeln-durch-krimml\">Mit Fackeln durch Krimml<\/h2>\n\n\n\n<p>Vor dem Musikpavillon, im Ortskern von <a href=\"https:\/\/www.salzburgerland.com\/de\/krimml-hochkrimml\/\" target=\"_blank\" rel=\"noreferrer noopener\">Krimml<\/a>, ist alles angerichtet. Dutzende wei\u00dfe Fackeln stecken in einem langen Holzbrett. Jeden Mittwoch um kurz vor halb neun werden sie von den Mitarbeiterinnen des Tourismusverbands Krimml entz\u00fcndet. Sobald alle Teilnehmer:innen eine flackernde Lichtquelle in der Hand halten, stellt sich Wanderf\u00fchrer Walter vor. Mit wichtigen Sicherheitstipps und der Aussicht auf einen beeindruckenden Tagesausklang beendet er seine kurze Ansprache auch schon wieder und marschiert los. Und mit ihm ein kleines Lichtermeer.<\/p>\n\n\n\n<p>Vorbei an beleuchteten Haus- und Hotelfenstern, funkelnden Lichterketten und geschm\u00fcckten Tannenb\u00e4umen geht es noch kurz durch die Ortschaft, bevor wir auf den breiten Gehweg einbiegen, der uns direkt zu den Wasserf\u00e4llen bringen wird. Die tanzenden Flammen der Fackeln werden zu den stillen Stars der Dunkelheit, w\u00e4hrend Kerzenrauch und Atemw\u00f6lkchen lustige Figuren in die frische Winterluft malen. Vorne ert\u00f6nt heiteres Gel\u00e4chter, hinten ist nur das Knirschen der Schuhe im Schnee zu h\u00f6ren. <\/p>\n\n\n\n<figure class=\"wp-block-image size-full\"><img loading=\"lazy\" decoding=\"async\" width=\"2560\" height=\"1709\" src=\"https:\/\/www.salzburgerland.com\/de\/magazin\/wp-content\/uploads\/2022\/01\/Fackelwanderung-Krimmler-Wasserfaelle-scaled.jpg\" alt=\"Fackelwanderung Krimmler Wasserf\u00e4lle\" class=\"wp-image-159999\" srcset=\"https:\/\/www.salzburgerland.com\/de\/magazin\/wp-content\/uploads\/2022\/01\/Fackelwanderung-Krimmler-Wasserfaelle-scaled.jpg 2560w, https:\/\/www.salzburgerland.com\/de\/magazin\/wp-content\/uploads\/2022\/01\/Fackelwanderung-Krimmler-Wasserfaelle-300x200.jpg 300w, https:\/\/www.salzburgerland.com\/de\/magazin\/wp-content\/uploads\/2022\/01\/Fackelwanderung-Krimmler-Wasserfaelle-1536x1025.jpg 1536w, https:\/\/www.salzburgerland.com\/de\/magazin\/wp-content\/uploads\/2022\/01\/Fackelwanderung-Krimmler-Wasserfaelle-2048x1367.jpg 2048w, https:\/\/www.salzburgerland.com\/de\/magazin\/wp-content\/uploads\/2022\/01\/Fackelwanderung-Krimmler-Wasserfaelle-824x550.jpg 824w, https:\/\/www.salzburgerland.com\/de\/magazin\/wp-content\/uploads\/2022\/01\/Fackelwanderung-Krimmler-Wasserfaelle-599x400.jpg 599w, https:\/\/www.salzburgerland.com\/de\/magazin\/wp-content\/uploads\/2022\/01\/Fackelwanderung-Krimmler-Wasserfaelle-1320x881.jpg 1320w, https:\/\/www.salzburgerland.com\/de\/magazin\/wp-content\/uploads\/2022\/01\/Fackelwanderung-Krimmler-Wasserfaelle-150x100.jpg 150w\" sizes=\"auto, (max-width: 2560px) 100vw, 2560px\" \/><figcaption>\u00a9 TVB Krimml \/ Ein kleines Lichtermeer am Weg zu den Wasserf\u00e4llen<\/figcaption><\/figure>\n\n\n\n<h2 class=\"wp-block-heading\" id=\"h-die-sanften-kl-nge-des-winter-wasserfalls\">Die sanften Kl\u00e4nge des Winter-Wasserfalls<\/h2>\n\n\n\n<p>Bald wenden wir unseren Blick von den reflektierenden Schneeb\u00e4ndern der Bergspitzen vor uns ab und folgen Wanderf\u00fchrer Walter Richtung Krimmler Wasserf\u00e4lle. Obwohl noch zehn Minuten Gehzeit vor uns liegen, spitzen wir die Ohren. Denn wer die <a href=\"https:\/\/www.salzburgerland.com\/de\/magazin\/krimmler-wasserfaelle\/\" target=\"_blank\" rel=\"noreferrer noopener\">Krimmler Wasserf\u00e4lle vom Sommer<\/a> kennt, wird sich fragen, wann ihn das tosende Rauschen einh\u00fcllt. Und es l\u00e4sst nicht lange auf sich warten: Im Winter h\u00f6rt es sich zwar ruhiger und gem\u00e4chlicher an, aber daf\u00fcr, dass rundherum alles in Eis erstarrt ist, durchaus imposant.<\/p>\n\n\n\n<p>In Zahlen ausgedr\u00fcckt: W\u00e4hrend im Sommer rund 25.000 bis 30.000 Liter Wassermassen pro Sekunde die drei Felsstufen hinabschie\u00dfen, ist die Wasserf\u00fchrung im Winter mit nur 300 bis 400 Liter pro Sekunde verh\u00e4ltnism\u00e4\u00dfig gering. Und doch bietet sich uns ein spektakul\u00e4rer Anblick, als der beleuchtete unterste Wasserfall ins Blickfeld r\u00fcckt. Wie ein flie\u00dfendes Band schiebt sich das Wasser nach unten, begleitet von einem friedvollen Winterrauschen.<\/p>\n\n\n\n<p>\u00dcber 380 Meter hoch sind die Krimmler Wasserf\u00e4lle, und damit die gr\u00f6\u00dften Europas. Dass sich dort vor allem in den Sommermonaten derart gro\u00dfe Wassermengen sammeln, ist den vielen vergletscherten Berggipfeln des Krimmler Achentals zu verdanken.<\/p>\n\n\n<div class=\"mag-gallery\"><div class=\"row\"><div class=\"col-6 col-sm-4\"><figure><a class=\"thumb-container\" href=\"https:\/\/www.salzburgerland.com\/de\/magazin\/wp-content\/uploads\/2022\/01\/Mit-Fackeln-zu-den-untersten-Krimmler-Wasserfaellen-1280x1024.jpg\">\t<picture><source media=\"(min-width: 576px)\" srcset=\"https:\/\/www.salzburgerland.com\/de\/magazin\/wp-content\/uploads\/2022\/01\/Mit-Fackeln-zu-den-untersten-Krimmler-Wasserfaellen-325x209.jpg 325w, https:\/\/www.salzburgerland.com\/de\/magazin\/wp-content\/uploads\/2022\/01\/Mit-Fackeln-zu-den-untersten-Krimmler-Wasserfaellen-249x160.jpg 249w\"><\/source><source media=\"(min-width: 0)\" srcset=\"https:\/\/www.salzburgerland.com\/de\/magazin\/wp-content\/uploads\/2022\/01\/Mit-Fackeln-zu-den-untersten-Krimmler-Wasserfaellen-249x160.jpg 249w, https:\/\/www.salzburgerland.com\/de\/magazin\/wp-content\/uploads\/2022\/01\/Mit-Fackeln-zu-den-untersten-Krimmler-Wasserfaellen-325x209.jpg 325w\"><\/source><img decoding=\"async\" alt=\"Fackeln Krimmler Wasserf&auml;lle\" src=\"https:\/\/www.salzburgerland.com\/de\/magazin\/wp-content\/uploads\/2022\/01\/Mit-Fackeln-zu-den-untersten-Krimmler-Wasserfaellen-scaled.jpg\">\t<\/picture><\/a><\/figure><\/div><div class=\"col-6 col-sm-4\"><figure><a class=\"thumb-container\" href=\"https:\/\/www.salzburgerland.com\/de\/magazin\/wp-content\/uploads\/2022\/01\/Krimmler-Wasserfaelle-bei-Nacht-1280x1024.jpg\">\t<picture><source media=\"(min-width: 576px)\" srcset=\"https:\/\/www.salzburgerland.com\/de\/magazin\/wp-content\/uploads\/2022\/01\/Krimmler-Wasserfaelle-bei-Nacht-325x209.jpg 325w, https:\/\/www.salzburgerland.com\/de\/magazin\/wp-content\/uploads\/2022\/01\/Krimmler-Wasserfaelle-bei-Nacht-249x160.jpg 249w\"><\/source><source media=\"(min-width: 0)\" srcset=\"https:\/\/www.salzburgerland.com\/de\/magazin\/wp-content\/uploads\/2022\/01\/Krimmler-Wasserfaelle-bei-Nacht-249x160.jpg 249w, https:\/\/www.salzburgerland.com\/de\/magazin\/wp-content\/uploads\/2022\/01\/Krimmler-Wasserfaelle-bei-Nacht-325x209.jpg 325w\"><\/source><img decoding=\"async\" alt=\"Naturschauspiel Krimmler Wasserf&auml;lle\" src=\"https:\/\/www.salzburgerland.com\/de\/magazin\/wp-content\/uploads\/2022\/01\/Krimmler-Wasserfaelle-bei-Nacht-scaled.jpg\">\t<\/picture><\/a><\/figure><\/div><div class=\"col-6 col-sm-4\"><figure><a class=\"thumb-container\" href=\"https:\/\/www.salzburgerland.com\/de\/magazin\/wp-content\/uploads\/2022\/01\/Fackelwanderung-zu-den-Krimmler-Wasserfaellen-1280x1024.jpg\">\t<picture><source media=\"(min-width: 576px)\" srcset=\"https:\/\/www.salzburgerland.com\/de\/magazin\/wp-content\/uploads\/2022\/01\/Fackelwanderung-zu-den-Krimmler-Wasserfaellen-325x209.jpg 325w, https:\/\/www.salzburgerland.com\/de\/magazin\/wp-content\/uploads\/2022\/01\/Fackelwanderung-zu-den-Krimmler-Wasserfaellen-249x160.jpg 249w\"><\/source><source media=\"(min-width: 0)\" srcset=\"https:\/\/www.salzburgerland.com\/de\/magazin\/wp-content\/uploads\/2022\/01\/Fackelwanderung-zu-den-Krimmler-Wasserfaellen-249x160.jpg 249w, https:\/\/www.salzburgerland.com\/de\/magazin\/wp-content\/uploads\/2022\/01\/Fackelwanderung-zu-den-Krimmler-Wasserfaellen-325x209.jpg 325w\"><\/source><img decoding=\"async\" alt=\"Krimmler Wasserf&auml;lle im Winter\" src=\"https:\/\/www.salzburgerland.com\/de\/magazin\/wp-content\/uploads\/2022\/01\/Fackelwanderung-zu-den-Krimmler-Wasserfaellen-scaled.jpg\">\t<\/picture><\/a><\/figure><\/div><\/div><figcaption>&copy; TVB Krimml \/ Faszinierende Lichtspiele mit sanftem Hintergrundrauschen<\/figcaption><\/div>\n\n\n\n<h2 class=\"wp-block-heading\" id=\"h-genie-en-und-staunen\">Genie\u00dfen und staunen<\/h2>\n\n\n\n<p>Alle interessanten Hintergrundinfos und Zahlen zum Naturschauspiel vor uns kommen von Wanderf\u00fchrer Walter. Auf der Plattform an den untersten Wasserf\u00e4llen teilt er sein Wissen mit uns, h\u00e4lt seine Redezeit aber bewusst kurz, denn wichtiger ist ihm eins: Genie\u00dfen und Staunen! Wer aber mehr \u00fcber die Wasserf\u00e4lle und die bewegende Geschichte des Krimmler Achentals erfahren m\u00f6chte ist gut beraten, mit Walter ein Pl\u00e4uschchen zu halten.<\/p>\n\n\n\n<p>F\u00fcr heute \u00fcbergibt er das \u201eWort\u201c an das Rauschen der Wasserf\u00e4lle \u2013 und an Musikant Hannes, der zwischendurch ein paar Polkast\u00e4ndchen aus seiner Ziehharmonika quetscht und damit einige P\u00e4rchen zum Tanzen animiert. Wenn es die Corona-Situation erlaubt, befinden sich auf der Plattform au\u00dferdem Punschst\u00e4nde der heimischen Gastwirte, die das Wasserfall-Publikum mit w\u00e4rmenden Getr\u00e4nken versorgen.<\/p>\n\n\n\n<p>Mit einem letzten Blick zur\u00fcck verabschieden wir uns schlie\u00dflich von den Wasserf\u00e4llen. Dieses Mal sind wir uns alleine \u00fcberlassen und folgen dem beleuchteten Weg heimw\u00e4rts. Vorbei an riesigen Nadelb\u00e4umen, die in Mondscheinn\u00e4chten mit dunklen Silhouetten am Nachthimmel hervortreten, vorbei an den Krimmler H\u00e4usern und Hotels, hinter deren Fenster es gro\u00dfteils schon dunkel ist. Bis es hei\u00dft Fackel abl\u00f6schen und sich in Gedanken vom sanften Rauschen des Winter-Wasserfalls in den Schlaf begleiten zu lassen.<\/p>\n\n\n\n<p><strong><a href=\"https:\/\/www.zillertalarena.com\/krimml\/winter\/abseits-der-piste\/\" target=\"_blank\" rel=\"noreferrer noopener\">Fackelwanderung zu den Krimmler Wasserf\u00e4llen<\/a><\/strong><br>jeden Mittwoch von Ende Dezember bis Mitte M\u00e4rz<br>Anmeldung beim Tourismusb\u00fcro Krimml <br>Tel. +43 6564 7239 0<\/p>\n\n\n","protected":false},"excerpt":{"rendered":"<p>Mit Fackeln durch Krimml Vor dem Musikpavillon, im Ortskern von Krimml, ist alles angerichtet. Dutzende wei\u00dfe Fackeln stecken in einem langen Holzbrett. Jeden Mittwoch um kurz vor halb neun werden sie von den Mitarbeiterinnen des Tourismusverbands Krimml entz\u00fcndet. Sobald alle Teilnehmer:innen eine flackernde Lichtquelle in der Hand halten, stellt sich Wanderf\u00fchrer Walter vor. Mit wichtigen [&hellip;]<\/p>\n","protected":false},"author":555,"featured_media":160002,"comment_status":"open","ping_status":"closed","sticky":false,"template":"","format":"standard","meta":{"_acf_changed":false,"wl_entities_gutenberg":"","_wl_entity_redirect_enabled":"","footnotes":""},"categories":[9],"tags":[7262,7261,7260],"wl_entity_type":[306],"monatsauswahl":[82,83,84,93],"class_list":["post-159998","post","type-post","status-publish","format-standard","has-post-thumbnail","hentry","category-sehenswurdig","tag-fackelwanderung","tag-krimml","tag-wasserfall","wl_entity_type-article","monatsauswahl-monat_1","monatsauswahl-monat_2","monatsauswahl-monat_3","monatsauswahl-monat_12"],"acf":[],"yoast_head":"<!-- This site is optimized with the Yoast SEO Premium plugin v27.4 (Yoast SEO v27.4) - https:\/\/yoast.com\/product\/yoast-seo-premium-wordpress\/ -->\n<title>Die Winterruhe der Krimmler Wasserf\u00e4lle - SalzburgerLand Magazin<\/title>\n<meta name=\"description\" content=\"Die Krimmler Wasserf\u00e4lle sind auch im Winter einen Besuch wert. Sei dabei bei einer Fackelwanderung zu den h\u00f6chsten Wasserf\u00e4llen Europas.\" \/>\n<meta name=\"robots\" content=\"index, follow, max-snippet:-1, max-image-preview:large, max-video-preview:-1\" \/>\n<link rel=\"canonical\" href=\"https:\/\/www.salzburgerland.com\/de\/magazin\/die-winterruhe-der-krimmler-wasserfaelle\/\" \/>\n<meta property=\"og:locale\" content=\"de_DE\" \/>\n<meta property=\"og:type\" content=\"article\" \/>\n<meta property=\"og:title\" content=\"Die Winterruhe der Krimmler Wasserf\u00e4lle\" \/>\n<meta property=\"og:description\" content=\"Die Krimmler Wasserf\u00e4lle sind auch im Winter einen Besuch wert. Sei dabei bei einer Fackelwanderung zu den h\u00f6chsten Wasserf\u00e4llen Europas.\" \/>\n<meta property=\"og:url\" content=\"https:\/\/www.salzburgerland.com\/de\/magazin\/die-winterruhe-der-krimmler-wasserfaelle\/\" \/>\n<meta property=\"og:site_name\" content=\"SalzburgerLand Magazin\" \/>\n<meta property=\"article:publisher\" content=\"https:\/\/www.facebook.com\/salzburgerland\/\" \/>\n<meta property=\"article:published_time\" content=\"2022-01-26T07:00:00+00:00\" \/>\n<meta property=\"article:modified_time\" content=\"2022-01-27T09:32:55+00:00\" \/>\n<meta property=\"og:image\" content=\"https:\/\/www.salzburgerland.com\/de\/magazin\/wp-content\/uploads\/2022\/01\/Krimmler-Wasserfaelle-im-Licht-scaled.jpg\" \/>\n\t<meta property=\"og:image:width\" content=\"2560\" \/>\n\t<meta property=\"og:image:height\" content=\"1708\" \/>\n\t<meta property=\"og:image:type\" content=\"image\/jpeg\" \/>\n<meta name=\"author\" content=\"Regina Langreiter\" \/>\n<meta name=\"twitter:card\" content=\"summary_large_image\" \/>\n<meta name=\"twitter:creator\" content=\"@Salzburgerland\" \/>\n<meta name=\"twitter:site\" content=\"@Salzburgerland\" \/>\n<meta name=\"twitter:label1\" content=\"Verfasst von\" \/>\n\t<meta name=\"twitter:data1\" content=\"Regina Langreiter\" \/>\n\t<meta name=\"twitter:label2\" content=\"Gesch\u00e4tzte Lesezeit\" \/>\n\t<meta name=\"twitter:data2\" content=\"4\u00a0Minuten\" \/>\n<script type=\"application\/ld+json\" class=\"yoast-schema-graph\">{\"@context\":\"https:\\\/\\\/schema.org\",\"@graph\":[{\"@type\":\"Article\",\"@id\":\"https:\\\/\\\/www.salzburgerland.com\\\/de\\\/magazin\\\/die-winterruhe-der-krimmler-wasserfaelle\\\/#article\",\"isPartOf\":{\"@id\":\"https:\\\/\\\/www.salzburgerland.com\\\/de\\\/magazin\\\/die-winterruhe-der-krimmler-wasserfaelle\\\/\"},\"author\":{\"name\":\"Regina Langreiter\",\"@id\":\"https:\\\/\\\/www.salzburgerland.com\\\/de\\\/magazin\\\/#\\\/schema\\\/person\\\/400a3c5899426155958bfead834fa13e\"},\"headline\":\"Die Winterruhe der Krimmler Wasserf\u00e4lle\",\"datePublished\":\"2022-01-26T07:00:00+00:00\",\"dateModified\":\"2022-01-27T09:32:55+00:00\",\"mainEntityOfPage\":{\"@id\":\"https:\\\/\\\/www.salzburgerland.com\\\/de\\\/magazin\\\/die-winterruhe-der-krimmler-wasserfaelle\\\/\"},\"wordCount\":666,\"commentCount\":0,\"publisher\":{\"@id\":\"https:\\\/\\\/www.salzburgerland.com\\\/de\\\/magazin\\\/#organization\"},\"image\":{\"@id\":\"https:\\\/\\\/www.salzburgerland.com\\\/de\\\/magazin\\\/die-winterruhe-der-krimmler-wasserfaelle\\\/#primaryimage\"},\"thumbnailUrl\":\"https:\\\/\\\/www.salzburgerland.com\\\/de\\\/magazin\\\/wp-content\\\/uploads\\\/2022\\\/01\\\/Krimmler-Wasserfaelle-im-Licht-scaled.jpg\",\"keywords\":[\"Fackelwanderung\",\"Krimml\",\"Wasserfall\"],\"articleSection\":[\"Sehensw\u00fcrdig\"],\"inLanguage\":\"de\",\"potentialAction\":[{\"@type\":\"CommentAction\",\"name\":\"Comment\",\"target\":[\"https:\\\/\\\/www.salzburgerland.com\\\/de\\\/magazin\\\/die-winterruhe-der-krimmler-wasserfaelle\\\/#respond\"]}]},{\"@type\":\"WebPage\",\"@id\":\"https:\\\/\\\/www.salzburgerland.com\\\/de\\\/magazin\\\/die-winterruhe-der-krimmler-wasserfaelle\\\/\",\"url\":\"https:\\\/\\\/www.salzburgerland.com\\\/de\\\/magazin\\\/die-winterruhe-der-krimmler-wasserfaelle\\\/\",\"name\":\"Die Winterruhe der Krimmler Wasserf\u00e4lle - SalzburgerLand Magazin\",\"isPartOf\":{\"@id\":\"https:\\\/\\\/www.salzburgerland.com\\\/de\\\/magazin\\\/#website\"},\"primaryImageOfPage\":{\"@id\":\"https:\\\/\\\/www.salzburgerland.com\\\/de\\\/magazin\\\/die-winterruhe-der-krimmler-wasserfaelle\\\/#primaryimage\"},\"image\":{\"@id\":\"https:\\\/\\\/www.salzburgerland.com\\\/de\\\/magazin\\\/die-winterruhe-der-krimmler-wasserfaelle\\\/#primaryimage\"},\"thumbnailUrl\":\"https:\\\/\\\/www.salzburgerland.com\\\/de\\\/magazin\\\/wp-content\\\/uploads\\\/2022\\\/01\\\/Krimmler-Wasserfaelle-im-Licht-scaled.jpg\",\"datePublished\":\"2022-01-26T07:00:00+00:00\",\"dateModified\":\"2022-01-27T09:32:55+00:00\",\"description\":\"Die Krimmler Wasserf\u00e4lle sind auch im Winter einen Besuch wert. Sei dabei bei einer Fackelwanderung zu den h\u00f6chsten Wasserf\u00e4llen Europas.\",\"breadcrumb\":{\"@id\":\"https:\\\/\\\/www.salzburgerland.com\\\/de\\\/magazin\\\/die-winterruhe-der-krimmler-wasserfaelle\\\/#breadcrumb\"},\"inLanguage\":\"de\",\"potentialAction\":[{\"@type\":\"ReadAction\",\"target\":[\"https:\\\/\\\/www.salzburgerland.com\\\/de\\\/magazin\\\/die-winterruhe-der-krimmler-wasserfaelle\\\/\"]}]},{\"@type\":\"ImageObject\",\"inLanguage\":\"de\",\"@id\":\"https:\\\/\\\/www.salzburgerland.com\\\/de\\\/magazin\\\/die-winterruhe-der-krimmler-wasserfaelle\\\/#primaryimage\",\"url\":\"https:\\\/\\\/www.salzburgerland.com\\\/de\\\/magazin\\\/wp-content\\\/uploads\\\/2022\\\/01\\\/Krimmler-Wasserfaelle-im-Licht-scaled.jpg\",\"contentUrl\":\"https:\\\/\\\/www.salzburgerland.com\\\/de\\\/magazin\\\/wp-content\\\/uploads\\\/2022\\\/01\\\/Krimmler-Wasserfaelle-im-Licht-scaled.jpg\",\"width\":2560,\"height\":1708,\"caption\":\"Krimmler Wasserf\u00e4lle Fackelwanderung\"},{\"@type\":\"BreadcrumbList\",\"@id\":\"https:\\\/\\\/www.salzburgerland.com\\\/de\\\/magazin\\\/die-winterruhe-der-krimmler-wasserfaelle\\\/#breadcrumb\",\"itemListElement\":[{\"@type\":\"ListItem\",\"position\":1,\"name\":\"Startseite\",\"item\":\"https:\\\/\\\/www.salzburgerland.com\\\/de\\\/magazin\\\/\"},{\"@type\":\"ListItem\",\"position\":2,\"name\":\"Sehensw\u00fcrdig\",\"item\":\"https:\\\/\\\/www.salzburgerland.com\\\/de\\\/magazin\\\/thema\\\/sehenswurdig\\\/\"},{\"@type\":\"ListItem\",\"position\":3,\"name\":\"Die Winterruhe der Krimmler Wasserf\u00e4lle\"}]},{\"@type\":\"WebSite\",\"@id\":\"https:\\\/\\\/www.salzburgerland.com\\\/de\\\/magazin\\\/#website\",\"url\":\"https:\\\/\\\/www.salzburgerland.com\\\/de\\\/magazin\\\/\",\"name\":\"SalzburgerLand Magazin\",\"description\":\"Geschichten und Interessantes aus dem SalzburgerLand\",\"publisher\":{\"@id\":\"https:\\\/\\\/www.salzburgerland.com\\\/de\\\/magazin\\\/#organization\"},\"potentialAction\":[{\"@type\":\"SearchAction\",\"target\":{\"@type\":\"EntryPoint\",\"urlTemplate\":\"https:\\\/\\\/www.salzburgerland.com\\\/de\\\/magazin\\\/?s={search_term_string}\"},\"query-input\":{\"@type\":\"PropertyValueSpecification\",\"valueRequired\":true,\"valueName\":\"search_term_string\"}}],\"inLanguage\":\"de\"},{\"@type\":\"Organization\",\"@id\":\"https:\\\/\\\/www.salzburgerland.com\\\/de\\\/magazin\\\/#organization\",\"name\":\"SalzburgerLand Tourismus\",\"url\":\"https:\\\/\\\/www.salzburgerland.com\\\/de\\\/magazin\\\/\",\"logo\":{\"@type\":\"ImageObject\",\"inLanguage\":\"de\",\"@id\":\"https:\\\/\\\/www.salzburgerland.com\\\/de\\\/magazin\\\/#\\\/schema\\\/logo\\\/image\\\/\",\"url\":\"https:\\\/\\\/www.salzburgerland.com\\\/de\\\/magazin\\\/wp-content\\\/uploads\\\/2019\\\/06\\\/salzburgerland-logo1.jpg\",\"contentUrl\":\"https:\\\/\\\/www.salzburgerland.com\\\/de\\\/magazin\\\/wp-content\\\/uploads\\\/2019\\\/06\\\/salzburgerland-logo1.jpg\",\"width\":2011,\"height\":866,\"caption\":\"SalzburgerLand Tourismus\"},\"image\":{\"@id\":\"https:\\\/\\\/www.salzburgerland.com\\\/de\\\/magazin\\\/#\\\/schema\\\/logo\\\/image\\\/\"},\"sameAs\":[\"https:\\\/\\\/www.facebook.com\\\/salzburgerland\\\/\",\"https:\\\/\\\/x.com\\\/Salzburgerland\",\"https:\\\/\\\/www.instagram.com\\\/salzburgerland\\\/\",\"https:\\\/\\\/at.linkedin.com\\\/company\\\/salzburgerland-tourismus-gmbh\",\"https:\\\/\\\/www.pinterest.at\\\/salzburgerland\\\/\",\"https:\\\/\\\/www.youtube.com\\\/user\\\/salzburgerland\",\"https:\\\/\\\/de.wikipedia.org\\\/wiki\\\/SalzburgerLand_Tourismus_GmbH\"]},{\"@type\":\"Person\",\"@id\":\"https:\\\/\\\/www.salzburgerland.com\\\/de\\\/magazin\\\/#\\\/schema\\\/person\\\/400a3c5899426155958bfead834fa13e\",\"name\":\"Regina Langreiter\",\"description\":\"Regina Langreiter ist freie Texterin aus dem Salzburger Land \u2013 aufgewachsen im Raurisertal, verwurzelt in der alpinen Lebenswelt und mit einem Faible f\u00fcr die echten Momente. \u00dcbertriebene Inszenierung ist nicht ihre B\u00fchne, sie interessiert sich f\u00fcr das Einfache, Bodenst\u00e4ndige und Menschliche, also f\u00fcr jene Geschichten, die nicht laut auftreten m\u00fcssen, um in Erinnerung zu bleiben. Dosige oder Zuagroaste? Dosige. Auf- und festgewachsen in Rauris. Fr\u00fchling, Sommer, Herbst oder Winter? Auch wenn mir bereits ab zehn Grad abw\u00e4rts die H\u00e4nde beinahe abfrieren, sch\u00e4tze ich die Vielseitigkeit der Jahreszeiten. Ich juble \u00fcber die ersten Schneeflocken des Jahres genauso wie \u00fcber jenen Morgen, an dem ich wieder fr\u00f6hlichem Vogelgezwitscher lauschen kann. Bergtour oder Seentour? Die k\u00fchlen Bergseen bewundere ich sehr gern \u2013 aber am liebsten von oben. Im Wasser findet man mich nur, wenn meine Kinder mich \u00fcberreden. Rindsroulade vom Pinzgauer Biorind oder Saibling fangfrisch aus dem Fuschlsee? Das Biorind bekommt den Vorzug, aber beim Saibling bin ich auch nicht abgeneigt. Am leichtesten verf\u00fchren kann man mich aber definitiv mit Schokolade. Buch oder Film? Es gibt wenige Filme, die mich wirklich fesseln. Daf\u00fcr k\u00f6nnte ich \u00fcber Stunden in einem Buch versinken. Gummistiefel oder High Heels? Wer mich in High Heels sieht, darf sich diesen Tag als skurrile Begebenheit im Kalender eintragen. Gummistiefel gibt es allerdings auch nur, wenn ich unsere H\u00fchner im Garten besuche. Meinen Alltag bestreite ich in Sneakers oder Trekkingschuhen.\",\"sameAs\":[\"https:\\\/\\\/www.aufgetextet.at\"],\"url\":\"https:\\\/\\\/www.salzburgerland.com\\\/de\\\/magazin\\\/author\\\/regina-langreiter\\\/\"}]}<\/script>\n<!-- \/ Yoast SEO Premium plugin. -->","yoast_head_json":{"title":"Die Winterruhe der Krimmler Wasserf\u00e4lle - SalzburgerLand Magazin","description":"Die Krimmler Wasserf\u00e4lle sind auch im Winter einen Besuch wert. Sei dabei bei einer Fackelwanderung zu den h\u00f6chsten Wasserf\u00e4llen Europas.","robots":{"index":"index","follow":"follow","max-snippet":"max-snippet:-1","max-image-preview":"max-image-preview:large","max-video-preview":"max-video-preview:-1"},"canonical":"https:\/\/www.salzburgerland.com\/de\/magazin\/die-winterruhe-der-krimmler-wasserfaelle\/","og_locale":"de_DE","og_type":"article","og_title":"Die Winterruhe der Krimmler Wasserf\u00e4lle","og_description":"Die Krimmler Wasserf\u00e4lle sind auch im Winter einen Besuch wert. Sei dabei bei einer Fackelwanderung zu den h\u00f6chsten Wasserf\u00e4llen Europas.","og_url":"https:\/\/www.salzburgerland.com\/de\/magazin\/die-winterruhe-der-krimmler-wasserfaelle\/","og_site_name":"SalzburgerLand Magazin","article_publisher":"https:\/\/www.facebook.com\/salzburgerland\/","article_published_time":"2022-01-26T07:00:00+00:00","article_modified_time":"2022-01-27T09:32:55+00:00","og_image":[{"width":2560,"height":1708,"url":"https:\/\/www.salzburgerland.com\/de\/magazin\/wp-content\/uploads\/2022\/01\/Krimmler-Wasserfaelle-im-Licht-scaled.jpg","type":"image\/jpeg"}],"author":"Regina Langreiter","twitter_card":"summary_large_image","twitter_creator":"@Salzburgerland","twitter_site":"@Salzburgerland","twitter_misc":{"Verfasst von":"Regina Langreiter","Gesch\u00e4tzte Lesezeit":"4\u00a0Minuten"},"schema":{"@context":"https:\/\/schema.org","@graph":[{"@type":"Article","@id":"https:\/\/www.salzburgerland.com\/de\/magazin\/die-winterruhe-der-krimmler-wasserfaelle\/#article","isPartOf":{"@id":"https:\/\/www.salzburgerland.com\/de\/magazin\/die-winterruhe-der-krimmler-wasserfaelle\/"},"author":{"name":"Regina Langreiter","@id":"https:\/\/www.salzburgerland.com\/de\/magazin\/#\/schema\/person\/400a3c5899426155958bfead834fa13e"},"headline":"Die Winterruhe der Krimmler Wasserf\u00e4lle","datePublished":"2022-01-26T07:00:00+00:00","dateModified":"2022-01-27T09:32:55+00:00","mainEntityOfPage":{"@id":"https:\/\/www.salzburgerland.com\/de\/magazin\/die-winterruhe-der-krimmler-wasserfaelle\/"},"wordCount":666,"commentCount":0,"publisher":{"@id":"https:\/\/www.salzburgerland.com\/de\/magazin\/#organization"},"image":{"@id":"https:\/\/www.salzburgerland.com\/de\/magazin\/die-winterruhe-der-krimmler-wasserfaelle\/#primaryimage"},"thumbnailUrl":"https:\/\/www.salzburgerland.com\/de\/magazin\/wp-content\/uploads\/2022\/01\/Krimmler-Wasserfaelle-im-Licht-scaled.jpg","keywords":["Fackelwanderung","Krimml","Wasserfall"],"articleSection":["Sehensw\u00fcrdig"],"inLanguage":"de","potentialAction":[{"@type":"CommentAction","name":"Comment","target":["https:\/\/www.salzburgerland.com\/de\/magazin\/die-winterruhe-der-krimmler-wasserfaelle\/#respond"]}]},{"@type":"WebPage","@id":"https:\/\/www.salzburgerland.com\/de\/magazin\/die-winterruhe-der-krimmler-wasserfaelle\/","url":"https:\/\/www.salzburgerland.com\/de\/magazin\/die-winterruhe-der-krimmler-wasserfaelle\/","name":"Die Winterruhe der Krimmler Wasserf\u00e4lle - SalzburgerLand Magazin","isPartOf":{"@id":"https:\/\/www.salzburgerland.com\/de\/magazin\/#website"},"primaryImageOfPage":{"@id":"https:\/\/www.salzburgerland.com\/de\/magazin\/die-winterruhe-der-krimmler-wasserfaelle\/#primaryimage"},"image":{"@id":"https:\/\/www.salzburgerland.com\/de\/magazin\/die-winterruhe-der-krimmler-wasserfaelle\/#primaryimage"},"thumbnailUrl":"https:\/\/www.salzburgerland.com\/de\/magazin\/wp-content\/uploads\/2022\/01\/Krimmler-Wasserfaelle-im-Licht-scaled.jpg","datePublished":"2022-01-26T07:00:00+00:00","dateModified":"2022-01-27T09:32:55+00:00","description":"Die Krimmler Wasserf\u00e4lle sind auch im Winter einen Besuch wert. Sei dabei bei einer Fackelwanderung zu den h\u00f6chsten Wasserf\u00e4llen Europas.","breadcrumb":{"@id":"https:\/\/www.salzburgerland.com\/de\/magazin\/die-winterruhe-der-krimmler-wasserfaelle\/#breadcrumb"},"inLanguage":"de","potentialAction":[{"@type":"ReadAction","target":["https:\/\/www.salzburgerland.com\/de\/magazin\/die-winterruhe-der-krimmler-wasserfaelle\/"]}]},{"@type":"ImageObject","inLanguage":"de","@id":"https:\/\/www.salzburgerland.com\/de\/magazin\/die-winterruhe-der-krimmler-wasserfaelle\/#primaryimage","url":"https:\/\/www.salzburgerland.com\/de\/magazin\/wp-content\/uploads\/2022\/01\/Krimmler-Wasserfaelle-im-Licht-scaled.jpg","contentUrl":"https:\/\/www.salzburgerland.com\/de\/magazin\/wp-content\/uploads\/2022\/01\/Krimmler-Wasserfaelle-im-Licht-scaled.jpg","width":2560,"height":1708,"caption":"Krimmler Wasserf\u00e4lle Fackelwanderung"},{"@type":"BreadcrumbList","@id":"https:\/\/www.salzburgerland.com\/de\/magazin\/die-winterruhe-der-krimmler-wasserfaelle\/#breadcrumb","itemListElement":[{"@type":"ListItem","position":1,"name":"Startseite","item":"https:\/\/www.salzburgerland.com\/de\/magazin\/"},{"@type":"ListItem","position":2,"name":"Sehensw\u00fcrdig","item":"https:\/\/www.salzburgerland.com\/de\/magazin\/thema\/sehenswurdig\/"},{"@type":"ListItem","position":3,"name":"Die Winterruhe der Krimmler Wasserf\u00e4lle"}]},{"@type":"WebSite","@id":"https:\/\/www.salzburgerland.com\/de\/magazin\/#website","url":"https:\/\/www.salzburgerland.com\/de\/magazin\/","name":"SalzburgerLand Magazin","description":"Geschichten und Interessantes aus dem SalzburgerLand","publisher":{"@id":"https:\/\/www.salzburgerland.com\/de\/magazin\/#organization"},"potentialAction":[{"@type":"SearchAction","target":{"@type":"EntryPoint","urlTemplate":"https:\/\/www.salzburgerland.com\/de\/magazin\/?s={search_term_string}"},"query-input":{"@type":"PropertyValueSpecification","valueRequired":true,"valueName":"search_term_string"}}],"inLanguage":"de"},{"@type":"Organization","@id":"https:\/\/www.salzburgerland.com\/de\/magazin\/#organization","name":"SalzburgerLand Tourismus","url":"https:\/\/www.salzburgerland.com\/de\/magazin\/","logo":{"@type":"ImageObject","inLanguage":"de","@id":"https:\/\/www.salzburgerland.com\/de\/magazin\/#\/schema\/logo\/image\/","url":"https:\/\/www.salzburgerland.com\/de\/magazin\/wp-content\/uploads\/2019\/06\/salzburgerland-logo1.jpg","contentUrl":"https:\/\/www.salzburgerland.com\/de\/magazin\/wp-content\/uploads\/2019\/06\/salzburgerland-logo1.jpg","width":2011,"height":866,"caption":"SalzburgerLand Tourismus"},"image":{"@id":"https:\/\/www.salzburgerland.com\/de\/magazin\/#\/schema\/logo\/image\/"},"sameAs":["https:\/\/www.facebook.com\/salzburgerland\/","https:\/\/x.com\/Salzburgerland","https:\/\/www.instagram.com\/salzburgerland\/","https:\/\/at.linkedin.com\/company\/salzburgerland-tourismus-gmbh","https:\/\/www.pinterest.at\/salzburgerland\/","https:\/\/www.youtube.com\/user\/salzburgerland","https:\/\/de.wikipedia.org\/wiki\/SalzburgerLand_Tourismus_GmbH"]},{"@type":"Person","@id":"https:\/\/www.salzburgerland.com\/de\/magazin\/#\/schema\/person\/400a3c5899426155958bfead834fa13e","name":"Regina Langreiter","description":"Regina Langreiter ist freie Texterin aus dem Salzburger Land \u2013 aufgewachsen im Raurisertal, verwurzelt in der alpinen Lebenswelt und mit einem Faible f\u00fcr die echten Momente. \u00dcbertriebene Inszenierung ist nicht ihre B\u00fchne, sie interessiert sich f\u00fcr das Einfache, Bodenst\u00e4ndige und Menschliche, also f\u00fcr jene Geschichten, die nicht laut auftreten m\u00fcssen, um in Erinnerung zu bleiben. Dosige oder Zuagroaste? Dosige. Auf- und festgewachsen in Rauris. Fr\u00fchling, Sommer, Herbst oder Winter? Auch wenn mir bereits ab zehn Grad abw\u00e4rts die H\u00e4nde beinahe abfrieren, sch\u00e4tze ich die Vielseitigkeit der Jahreszeiten. Ich juble \u00fcber die ersten Schneeflocken des Jahres genauso wie \u00fcber jenen Morgen, an dem ich wieder fr\u00f6hlichem Vogelgezwitscher lauschen kann. Bergtour oder Seentour? Die k\u00fchlen Bergseen bewundere ich sehr gern \u2013 aber am liebsten von oben. Im Wasser findet man mich nur, wenn meine Kinder mich \u00fcberreden. Rindsroulade vom Pinzgauer Biorind oder Saibling fangfrisch aus dem Fuschlsee? Das Biorind bekommt den Vorzug, aber beim Saibling bin ich auch nicht abgeneigt. Am leichtesten verf\u00fchren kann man mich aber definitiv mit Schokolade. Buch oder Film? Es gibt wenige Filme, die mich wirklich fesseln. Daf\u00fcr k\u00f6nnte ich \u00fcber Stunden in einem Buch versinken. Gummistiefel oder High Heels? Wer mich in High Heels sieht, darf sich diesen Tag als skurrile Begebenheit im Kalender eintragen. Gummistiefel gibt es allerdings auch nur, wenn ich unsere H\u00fchner im Garten besuche. Meinen Alltag bestreite ich in Sneakers oder Trekkingschuhen.","sameAs":["https:\/\/www.aufgetextet.at"],"url":"https:\/\/www.salzburgerland.com\/de\/magazin\/author\/regina-langreiter\/"}]}},"_wl_alt_label":[],"wl:entity_url":"http:\/\/open.salzburgerland.com\/magazin\/post\/die_winterruhe_der_krimmler_wasserfaelle","_links":{"self":[{"href":"https:\/\/www.salzburgerland.com\/de\/magazin\/wp-json\/wp\/v2\/posts\/159998","targetHints":{"allow":["GET"]}}],"collection":[{"href":"https:\/\/www.salzburgerland.com\/de\/magazin\/wp-json\/wp\/v2\/posts"}],"about":[{"href":"https:\/\/www.salzburgerland.com\/de\/magazin\/wp-json\/wp\/v2\/types\/post"}],"author":[{"embeddable":true,"href":"https:\/\/www.salzburgerland.com\/de\/magazin\/wp-json\/wp\/v2\/users\/555"}],"replies":[{"embeddable":true,"href":"https:\/\/www.salzburgerland.com\/de\/magazin\/wp-json\/wp\/v2\/comments?post=159998"}],"version-history":[{"count":5,"href":"https:\/\/www.salzburgerland.com\/de\/magazin\/wp-json\/wp\/v2\/posts\/159998\/revisions"}],"predecessor-version":[{"id":160190,"href":"https:\/\/www.salzburgerland.com\/de\/magazin\/wp-json\/wp\/v2\/posts\/159998\/revisions\/160190"}],"wp:featuredmedia":[{"embeddable":true,"href":"https:\/\/www.salzburgerland.com\/de\/magazin\/wp-json\/wp\/v2\/media\/160002"}],"wp:attachment":[{"href":"https:\/\/www.salzburgerland.com\/de\/magazin\/wp-json\/wp\/v2\/media?parent=159998"}],"wp:term":[{"taxonomy":"category","embeddable":true,"href":"https:\/\/www.salzburgerland.com\/de\/magazin\/wp-json\/wp\/v2\/categories?post=159998"},{"taxonomy":"post_tag","embeddable":true,"href":"https:\/\/www.salzburgerland.com\/de\/magazin\/wp-json\/wp\/v2\/tags?post=159998"},{"taxonomy":"wl_entity_type","embeddable":true,"href":"https:\/\/www.salzburgerland.com\/de\/magazin\/wp-json\/wp\/v2\/wl_entity_type?post=159998"},{"taxonomy":"monatsauswahl","embeddable":true,"href":"https:\/\/www.salzburgerland.com\/de\/magazin\/wp-json\/wp\/v2\/monatsauswahl?post=159998"}],"curies":[{"name":"wp","href":"https:\/\/api.w.org\/{rel}","templated":true}]}}