{"id":158093,"date":"2023-11-03T08:00:00","date_gmt":"2023-11-03T07:00:00","guid":{"rendered":"https:\/\/www.salzburgerland.com\/de\/magazin\/?p=158093"},"modified":"2024-12-02T13:05:38","modified_gmt":"2024-12-02T12:05:38","slug":"winterschwimmen-am-wolfgangsee","status":"publish","type":"post","link":"https:\/\/www.salzburgerland.com\/de\/magazin\/winterschwimmen-am-wolfgangsee\/","title":{"rendered":"Winterschwimmen am Wolfgangsee"},"content":{"rendered":"\n<div class=\"wp-block-slt-top topBlocks\">\n<h2 class=\"wp-block-slt-subtitle\">Die Kraft der K\u00e4lte sp\u00fcren<\/h2>\n\n\n\n<p class=\"wp-block-slt-intro\">Was bei den einen G\u00e4nsehaut erzeugt, ist bei den anderen der pure Boost f\u00fcr das Immunsystem: Winterschwimmen bei eisigen Temperaturen am Wolfgangsee. Winterschwimmerin Sabine Z\u00f6chling erz\u00e4hlt, was f\u00fcr sie den Reiz der K\u00e4lte ausmacht.<\/p>\n<\/div>\n\n\n\n\n\n<p>Bei winterlichen Temperaturen, Schnee und Eis lockt es die St. Gilgenerin Sabine Z\u00f6chling von November bis M\u00e4rz in den Wolfgangsee. Schwimmen im kalten See, im eiskalten Wolfgangsee, geh\u00f6rt f\u00fcr sie seit einer Weile zur sonnt\u00e4glichen Routine.<\/p>\n\n\n\n<h2 class=\"wp-block-heading\" id=\"h-sonntags-routine-schwimmen-im-wolfgangsee-zu-jeder-jahreszeit\">Sonntags-Routine: Schwimmen im Wolfgangsee \u2013 zu jeder Jahreszeit<\/h2>\n\n\n\n<p>Wenn andere sich noch ein zweites Paar Wollsocken \u00fcber die kalten F\u00fc\u00dfe streifen, hei\u00dft es f\u00fcr Sabine: rein ins k\u00fchle Nass. Und mit k\u00fchl ist in diesem Fall richtig kalt, ja oft sogar eiskalt gemeint \u2013 denn von November bis M\u00e4rz weist auch der Wolfgangsee nur einige Grad \u00fcber dem Gefrierpunkt auf.<\/p>\n\n\n\n<p>Jeden Sonntagmorgen vor dem Fr\u00fchst\u00fcck macht sie sich auf zu &#8222;ihrem&#8220; See. Manchmal mit dem Auto, meistens zu Fu\u00df \u2013 das erstrebte Fitness-Ziel: Zum Wolfgangsee laufen, eine knackige Runde schwimmen und nach dem Winterschwimmen wieder retour nach Hause joggen. Das ist f\u00fcr Sabine Z\u00f6chling der perfekte Ablauf f\u00fcr ihre Leidenschaft, das Winterschwimmen.<\/p>\n\n\n\n<p>F\u00fcr Sabine ist der Morgen die beste Zeit zum Winterschwimmen. <em>\u201eIch wache auf und dann geht\u2019s auch schon los \u2013 runter zum Wolfgangsee. Das ist meistens so um 8:00 Uhr herum.\u201c<\/em> erz\u00e4hlt sie und f\u00fchrt weiter aus, dass sie gar nicht gro\u00df zum Nachdenken kommen m\u00f6chte, \u00fcber die K\u00e4lte oder die niedrige Wassertemperatur. Aufstehen, und los geht\u2019s! Denn so passt das Winterschwimmen am besten in ihren eigenen Alltag. Schlie\u00dflich wartet die Familie mit dem Sonntagsfr\u00fchst\u00fcck auf die sportliche Mutter.<\/p>\n\n\n\n<figure class=\"wp-block-image size-full\"><img loading=\"lazy\" decoding=\"async\" width=\"2000\" height=\"1333\" src=\"https:\/\/www.salzburgerland.com\/de\/magazin\/wp-content\/uploads\/2021\/10\/winterschwimmen-wolfgangsee-by-Michael-Groessinger-1U1A4115-1.jpg\" alt=\"Temperatur \u00fcberpr\u00fcfen \u00a9 Michael Gr\u00f6ssinger\" class=\"wp-image-158102\" srcset=\"https:\/\/www.salzburgerland.com\/de\/magazin\/wp-content\/uploads\/2021\/10\/winterschwimmen-wolfgangsee-by-Michael-Groessinger-1U1A4115-1.jpg 2000w, https:\/\/www.salzburgerland.com\/de\/magazin\/wp-content\/uploads\/2021\/10\/winterschwimmen-wolfgangsee-by-Michael-Groessinger-1U1A4115-1-300x200.jpg 300w, https:\/\/www.salzburgerland.com\/de\/magazin\/wp-content\/uploads\/2021\/10\/winterschwimmen-wolfgangsee-by-Michael-Groessinger-1U1A4115-1-1536x1024.jpg 1536w, https:\/\/www.salzburgerland.com\/de\/magazin\/wp-content\/uploads\/2021\/10\/winterschwimmen-wolfgangsee-by-Michael-Groessinger-1U1A4115-1-825x550.jpg 825w, https:\/\/www.salzburgerland.com\/de\/magazin\/wp-content\/uploads\/2021\/10\/winterschwimmen-wolfgangsee-by-Michael-Groessinger-1U1A4115-1-600x400.jpg 600w, https:\/\/www.salzburgerland.com\/de\/magazin\/wp-content\/uploads\/2021\/10\/winterschwimmen-wolfgangsee-by-Michael-Groessinger-1U1A4115-1-1320x880.jpg 1320w, https:\/\/www.salzburgerland.com\/de\/magazin\/wp-content\/uploads\/2021\/10\/winterschwimmen-wolfgangsee-by-Michael-Groessinger-1U1A4115-1-150x100.jpg 150w\" sizes=\"auto, (max-width: 2000px) 100vw, 2000px\" \/><figcaption class=\"wp-element-caption\">Temperatur \u00fcberpr\u00fcfen \u00a9 Michael Gr\u00f6ssinger<\/figcaption><\/figure>\n\n\n<div class=\"mag-gallery\"><div class=\"row\"><div class=\"col-6 col-sm-4\"><figure><a class=\"thumb-container\" href=\"https:\/\/www.salzburgerland.com\/de\/magazin\/wp-content\/uploads\/2021\/10\/winterschwimmen-wolfgangsee-1-1280x1024.jpg\">\t<picture><source media=\"(min-width: 576px)\" srcset=\"https:\/\/www.salzburgerland.com\/de\/magazin\/wp-content\/uploads\/2021\/10\/winterschwimmen-wolfgangsee-1-325x209.jpg 325w, https:\/\/www.salzburgerland.com\/de\/magazin\/wp-content\/uploads\/2021\/10\/winterschwimmen-wolfgangsee-1-249x160.jpg 249w\"><\/source><source media=\"(min-width: 0)\" srcset=\"https:\/\/www.salzburgerland.com\/de\/magazin\/wp-content\/uploads\/2021\/10\/winterschwimmen-wolfgangsee-1-249x160.jpg 249w, https:\/\/www.salzburgerland.com\/de\/magazin\/wp-content\/uploads\/2021\/10\/winterschwimmen-wolfgangsee-1-325x209.jpg 325w\"><\/source><img decoding=\"async\" alt=\"Kein Badewetter &copy; Melanie Deisl\" src=\"https:\/\/www.salzburgerland.com\/de\/magazin\/wp-content\/uploads\/2021\/10\/winterschwimmen-wolfgangsee-1.jpg\">\t<\/picture><figcaption>Kein Badewetter &copy; Melanie Deisl<\/figcaption><\/a><\/figure><\/div><div class=\"col-6 col-sm-4\"><figure><a class=\"thumb-container\" href=\"https:\/\/www.salzburgerland.com\/de\/magazin\/wp-content\/uploads\/2021\/10\/winterschwimmen-wolfgangsee-9-1280x1024.jpg\">\t<picture><source media=\"(min-width: 576px)\" srcset=\"https:\/\/www.salzburgerland.com\/de\/magazin\/wp-content\/uploads\/2021\/10\/winterschwimmen-wolfgangsee-9-325x209.jpg 325w, https:\/\/www.salzburgerland.com\/de\/magazin\/wp-content\/uploads\/2021\/10\/winterschwimmen-wolfgangsee-9-249x160.jpg 249w\"><\/source><source media=\"(min-width: 0)\" srcset=\"https:\/\/www.salzburgerland.com\/de\/magazin\/wp-content\/uploads\/2021\/10\/winterschwimmen-wolfgangsee-9-249x160.jpg 249w, https:\/\/www.salzburgerland.com\/de\/magazin\/wp-content\/uploads\/2021\/10\/winterschwimmen-wolfgangsee-9-325x209.jpg 325w\"><\/source><img decoding=\"async\" alt=\"Sabine Z&ouml;chling &copy; Melanie Deisl\" src=\"https:\/\/www.salzburgerland.com\/de\/magazin\/wp-content\/uploads\/2021\/10\/winterschwimmen-wolfgangsee-9.jpg\">\t<\/picture><figcaption>Sabine Z&ouml;chling &copy; Melanie Deisl<\/figcaption><\/a><\/figure><\/div><div class=\"col-6 col-sm-4\"><figure><a class=\"thumb-container\" href=\"https:\/\/www.salzburgerland.com\/de\/magazin\/wp-content\/uploads\/2021\/10\/winterschwimmen-wolfgangsee-2-1280x1024.jpg\">\t<picture><source media=\"(min-width: 576px)\" srcset=\"https:\/\/www.salzburgerland.com\/de\/magazin\/wp-content\/uploads\/2021\/10\/winterschwimmen-wolfgangsee-2-325x209.jpg 325w, https:\/\/www.salzburgerland.com\/de\/magazin\/wp-content\/uploads\/2021\/10\/winterschwimmen-wolfgangsee-2-249x160.jpg 249w\"><\/source><source media=\"(min-width: 0)\" srcset=\"https:\/\/www.salzburgerland.com\/de\/magazin\/wp-content\/uploads\/2021\/10\/winterschwimmen-wolfgangsee-2-249x160.jpg 249w, https:\/\/www.salzburgerland.com\/de\/magazin\/wp-content\/uploads\/2021\/10\/winterschwimmen-wolfgangsee-2-325x209.jpg 325w\"><\/source><img decoding=\"async\" alt=\"Wolfgangsee &copy; Melanie Deisl\" src=\"https:\/\/www.salzburgerland.com\/de\/magazin\/wp-content\/uploads\/2021\/10\/winterschwimmen-wolfgangsee-2.jpg\">\t<\/picture><figcaption>Wolfgangsee &copy; Melanie Deisl<\/figcaption><\/a><\/figure><\/div><\/div><figcaption><\/figcaption><\/div>\n\n\n\n<h2 class=\"wp-block-heading\">Beim Winterschwimmen holt sie sich den Push zum Aktivsein<\/h2>\n\n\n\n<p>Warum macht man das, woher kommt die Motivation daf\u00fcr?<em> \u201eWenn du aus dem Wasser rauskommst, ist der K\u00f6rper so voll Adrenalin und mit Gl\u00fccksgef\u00fchlen erf\u00fcllt, dann kannst du entweder Yoga machen oder du f\u00e4ngst gleich mit einem Krafttraining an.\u201c<\/em> Sabine hat die Erfahrung gemacht, dass ihr K\u00f6rper, sobald er im Ruhemodus ist, erste Anzeichen von Fr\u00f6steln zeigt &#8211; solange sie in Bewegung ist, bleibt das Frieren aus.<\/p>\n\n\n\n<h2 class=\"wp-block-heading\">Die eigenen Grenzen ausloten: Kopfsache oder Lerneffekt?<\/h2>\n\n\n\n<p>F\u00fcr sie ist das Schwimmen im kalten Wolfgangsee viel einfacher als eine kalte Dusche zuhause, und sie wei\u00df mittlerweile auch, dass das Winterschwimmen wirksamer ist, wie jeder starke Kaffee am Morgen. Auch wenn man am Anfang stark pustend in den kalten See steigt und auch mal zu kreischen beginnt, irgendwann kommt der Zeitpunkt, wo man nur mehr denkt: <em>\u201ePuh! Ja, okay ist schon kalt, aber es ber\u00fchrt mich nicht wirklich.\u201c<\/em><\/p>\n\n\n\n<p>Denn der K\u00f6rper lernt relativ rasch, dass das kalte Wasser keine Bedrohung darstellt und sogar guttut. Mit dem Winterschwimmen bietet man seinem K\u00f6rper Abwechslung \u2013 und das ist ein ganz spezielles Geschenk.<\/p>\n\n\n\n<p>Es ist eine besondere Erfahrung, wenn man merkt, wie sich die Blut-Zirkulation in den Adern dem herbeigef\u00fchrten K\u00e4lteschock anpasst, und dabei lernt, damit umzugehen. Wer sich weiter in das Thema einlesen m\u00f6chte, dem sei der Vorreiter des Winterschwimmens empfohlen: Holl\u00e4nder Wim Hof. Er behauptet, dass seine <a href=\"https:\/\/www.wimhofmethod.com\/\" target=\"_blank\" rel=\"noreferrer noopener\">Wim-Hof-Methode<\/a> das Immunsystem st\u00e4rkt und auch gegen psychische Leiden helfe. <\/p>\n\n\n\n<p>F\u00fcr Sabine steht fest, dass ihr das Winterschwimmen am Wolfgangsee zu einem Immun Boost verhilft. Es bietet ihr die M\u00f6glichkeit, die eigenen Grenzen kennenzulernen und stillt ihre Lust auf neue Erfahrungen. Au\u00dferdem hilft es gegen K\u00e4lteempfindlichkeit im Winter.<\/p>\n\n\n\n<blockquote class=\"wp-block-quote is-layout-flow wp-block-quote-is-layout-flow\">\n<p>Durch die Erfahrung des Winterschwimmens erf\u00e4hrt der K\u00f6rper, dass K\u00e4lte keine Bedrohung darstellt \u2013 ja sogar guttut.<\/p>\n<cite>Sabine Z\u00f6chling<\/cite><\/blockquote>\n\n\n\n<figure class=\"wp-block-image size-full\"><img loading=\"lazy\" decoding=\"async\" width=\"2000\" height=\"1334\" src=\"https:\/\/www.salzburgerland.com\/de\/magazin\/wp-content\/uploads\/2021\/10\/winterschwimmen-wolfgangsee-by-Michael-Groessinger-1U1A4151-1.jpg\" alt=\"Rein in den Wolfgangsee \u00a9 Michael Gr\u00f6ssinger\" class=\"wp-image-158103\" srcset=\"https:\/\/www.salzburgerland.com\/de\/magazin\/wp-content\/uploads\/2021\/10\/winterschwimmen-wolfgangsee-by-Michael-Groessinger-1U1A4151-1.jpg 2000w, https:\/\/www.salzburgerland.com\/de\/magazin\/wp-content\/uploads\/2021\/10\/winterschwimmen-wolfgangsee-by-Michael-Groessinger-1U1A4151-1-300x200.jpg 300w, https:\/\/www.salzburgerland.com\/de\/magazin\/wp-content\/uploads\/2021\/10\/winterschwimmen-wolfgangsee-by-Michael-Groessinger-1U1A4151-1-1536x1025.jpg 1536w, https:\/\/www.salzburgerland.com\/de\/magazin\/wp-content\/uploads\/2021\/10\/winterschwimmen-wolfgangsee-by-Michael-Groessinger-1U1A4151-1-825x550.jpg 825w, https:\/\/www.salzburgerland.com\/de\/magazin\/wp-content\/uploads\/2021\/10\/winterschwimmen-wolfgangsee-by-Michael-Groessinger-1U1A4151-1-600x400.jpg 600w, https:\/\/www.salzburgerland.com\/de\/magazin\/wp-content\/uploads\/2021\/10\/winterschwimmen-wolfgangsee-by-Michael-Groessinger-1U1A4151-1-1320x880.jpg 1320w, https:\/\/www.salzburgerland.com\/de\/magazin\/wp-content\/uploads\/2021\/10\/winterschwimmen-wolfgangsee-by-Michael-Groessinger-1U1A4151-1-150x100.jpg 150w\" sizes=\"auto, (max-width: 2000px) 100vw, 2000px\" \/><figcaption class=\"wp-element-caption\">Rein in den Wolfgangsee \u00a9 Michael Gr\u00f6ssinger<\/figcaption><\/figure>\n\n\n\n<p>Dennoch sollte man beim Winterschwimmen Vorsicht walten lassen. Sabine h\u00e4lt sich immer in einem Bereich im Wasser auf, in dem sie noch stehen kann \u2013 und dann schwimmt sie ausschlie\u00dflich parallel zum Ufer. Das ist ihre fixe Sicherheitsregel. Scherzend f\u00fcgt sie noch hinzu: <em>\u201eIm Winter kannst du nicht damit rechnen, dass jemand ins eiskalte Wasser h\u00fcpft und zur Rettung herbeieilt.\u201c <\/em>Da hat sie wohl recht.<\/p>\n\n\n\n<h2 class=\"wp-block-heading\">Winterschwimmen am Wolfgangsee mit Sabine Z\u00f6chling<\/h2>\n\n\n\n<p>Wer m\u00f6chte das <a href=\"https:\/\/abenteuerzeit.at\/winterschwimmen\/\" target=\"_blank\" rel=\"noreferrer noopener\">Winterschwimmen am Wolfgangsee<\/a> ausprobieren und seine eigenen Grenzen ausloten? Sabine Z\u00f6chling nimmt Anf\u00e4nger gerne bei der Hand und begleitet Interessierte bei ihrem ersten Schritt ins kalte Wasser. Im gesch\u00fctzten Rahmen teilt sie ihre Erfahrungen und nimmt etwaige Angst vor dem eisigen Wasser. Gemeinsam kannst du dabei beobachten, wie der eigene K\u00f6rper auf das frostige Wasser reagiert.<\/p>\n\n\n\n<p>Jeden Sonntag von November bis M\u00e4rz ab ca. 8.30 Uhr kannst du mit Sabine das Winterschwimmen unter ihrer fachkundigen Begleitung ausprobieren. Die gemeinsame Schwimm-Erfahrung ist kostenlos, die Ganzjahresschwimmerin freut sich aber \u00fcber eine freiwillige Spende f\u00fcr ihre <a href=\"https:\/\/abenteuerzeit.at\/\" target=\"_blank\" rel=\"noreferrer noopener\">Wildnisschule<\/a>, ein weiteres Projekt der leidenschaftlichen Natur-Liebhaberin.<\/p>\n\n\n\n<ul class=\"wp-block-list\">\n<li>Sonntags von November \u2013 M\u00e4rz, um circa 8:30 Uhr<\/li>\n\n\n\n<li>Treffpunkt: Brunnwind, Mondseestra\u00dfe 12, 5340 St. Gilgen<\/li>\n<\/ul>\n\n\n<div class=\"mag-gallery\"><div class=\"row\"><div class=\"col-6 col-sm-4\"><figure><a class=\"thumb-container\" href=\"https:\/\/www.salzburgerland.com\/de\/magazin\/wp-content\/uploads\/2021\/10\/winterschwimmen-wolfgangsee-13-1280x1024.jpg\">\t<picture><source media=\"(min-width: 576px)\" srcset=\"https:\/\/www.salzburgerland.com\/de\/magazin\/wp-content\/uploads\/2021\/10\/winterschwimmen-wolfgangsee-13-325x209.jpg 325w, https:\/\/www.salzburgerland.com\/de\/magazin\/wp-content\/uploads\/2021\/10\/winterschwimmen-wolfgangsee-13-249x160.jpg 249w\"><\/source><source media=\"(min-width: 0)\" srcset=\"https:\/\/www.salzburgerland.com\/de\/magazin\/wp-content\/uploads\/2021\/10\/winterschwimmen-wolfgangsee-13-249x160.jpg 249w, https:\/\/www.salzburgerland.com\/de\/magazin\/wp-content\/uploads\/2021\/10\/winterschwimmen-wolfgangsee-13-325x209.jpg 325w\"><\/source><img decoding=\"async\" alt=\"Rumtoben mit der Kleinen &copy; Melanie Deisl\" src=\"https:\/\/www.salzburgerland.com\/de\/magazin\/wp-content\/uploads\/2021\/10\/winterschwimmen-wolfgangsee-13.jpg\">\t<\/picture><figcaption>Rumtoben mit der Kleinen &copy; Melanie Deisl<\/figcaption><\/a><\/figure><\/div><div class=\"col-6 col-sm-4\"><figure><a class=\"thumb-container\" href=\"https:\/\/www.salzburgerland.com\/de\/magazin\/wp-content\/uploads\/2021\/10\/winterschwimmen-wolfgangsee-11-1280x1024.jpg\">\t<picture><source media=\"(min-width: 576px)\" srcset=\"https:\/\/www.salzburgerland.com\/de\/magazin\/wp-content\/uploads\/2021\/10\/winterschwimmen-wolfgangsee-11-325x209.jpg 325w, https:\/\/www.salzburgerland.com\/de\/magazin\/wp-content\/uploads\/2021\/10\/winterschwimmen-wolfgangsee-11-249x160.jpg 249w\"><\/source><source media=\"(min-width: 0)\" srcset=\"https:\/\/www.salzburgerland.com\/de\/magazin\/wp-content\/uploads\/2021\/10\/winterschwimmen-wolfgangsee-11-249x160.jpg 249w, https:\/\/www.salzburgerland.com\/de\/magazin\/wp-content\/uploads\/2021\/10\/winterschwimmen-wolfgangsee-11-325x209.jpg 325w\"><\/source><img decoding=\"async\" alt=\"Sabine Z&ouml;chling am Wolfgangsee &copy; Melanie Deisl\" src=\"https:\/\/www.salzburgerland.com\/de\/magazin\/wp-content\/uploads\/2021\/10\/winterschwimmen-wolfgangsee-11.jpg\">\t<\/picture><figcaption>Sabine Z&ouml;chling am Wolfgangsee &copy; Melanie Deisl<\/figcaption><\/a><\/figure><\/div><div class=\"col-6 col-sm-4\"><figure><a class=\"thumb-container\" href=\"https:\/\/www.salzburgerland.com\/de\/magazin\/wp-content\/uploads\/2021\/10\/winterschwimmen-wolfgangsee-10-1280x1024.jpg\">\t<picture><source media=\"(min-width: 576px)\" srcset=\"https:\/\/www.salzburgerland.com\/de\/magazin\/wp-content\/uploads\/2021\/10\/winterschwimmen-wolfgangsee-10-325x209.jpg 325w, https:\/\/www.salzburgerland.com\/de\/magazin\/wp-content\/uploads\/2021\/10\/winterschwimmen-wolfgangsee-10-249x160.jpg 249w\"><\/source><source media=\"(min-width: 0)\" srcset=\"https:\/\/www.salzburgerland.com\/de\/magazin\/wp-content\/uploads\/2021\/10\/winterschwimmen-wolfgangsee-10-249x160.jpg 249w, https:\/\/www.salzburgerland.com\/de\/magazin\/wp-content\/uploads\/2021\/10\/winterschwimmen-wolfgangsee-10-325x209.jpg 325w\"><\/source><img decoding=\"async\" alt=\"Winterschwimmerin Sabine Z&ouml;chling&copy; Melanie Deisl\" src=\"https:\/\/www.salzburgerland.com\/de\/magazin\/wp-content\/uploads\/2021\/10\/winterschwimmen-wolfgangsee-10.jpg\">\t<\/picture><figcaption>Winterschwimmerin Sabine Z&ouml;chling &copy; Melanie Deisl<\/figcaption><\/a><\/figure><\/div><\/div><figcaption><\/figcaption><\/div>\n\n\n\n<p><\/p>\n","protected":false},"excerpt":{"rendered":"<p>Bei winterlichen Temperaturen, Schnee und Eis lockt es die St. Gilgenerin Sabine Z\u00f6chling von November bis M\u00e4rz in den Wolfgangsee. Schwimmen im kalten See, im eiskalten Wolfgangsee, geh\u00f6rt f\u00fcr sie seit einer Weile zur sonnt\u00e4glichen Routine. Sonntags-Routine: Schwimmen im Wolfgangsee \u2013 zu jeder Jahreszeit Wenn andere sich noch ein zweites Paar Wollsocken \u00fcber die kalten [&hellip;]<\/p>\n","protected":false},"author":565,"featured_media":158104,"comment_status":"open","ping_status":"closed","sticky":false,"template":"","format":"standard","meta":{"_acf_changed":false,"wl_entities_gutenberg":"","_wl_entity_redirect_enabled":"","footnotes":""},"categories":[4],"tags":[7224,2535,2242,2532,4176,2687,2533],"wl_entity_type":[306],"monatsauswahl":[82,83,84,92,93],"class_list":["post-158093","post","type-post","status-publish","format-standard","has-post-thumbnail","hentry","category-gesundheit","tag-eisschwimmen","tag-salzkammergut","tag-schwimmen","tag-st-gilgen","tag-urlaub-am-wolfgangsee","tag-wintersport","tag-wolfgangsee","wl_entity_type-article","monatsauswahl-monat_1","monatsauswahl-monat_2","monatsauswahl-monat_3","monatsauswahl-monat_11","monatsauswahl-monat_12"],"acf":[],"yoast_head":"<!-- This site is optimized with the Yoast SEO Premium plugin v27.4 (Yoast SEO v27.4) - https:\/\/yoast.com\/product\/yoast-seo-premium-wordpress\/ -->\n<title>Winterschwimmen am Wolfgangsee - SalzburgerLand Magazin<\/title>\n<meta name=\"description\" content=\"Sabine Z\u00f6chling \u00fcber das Winterschwimmen im Wolfgangsee. Mehr Infos \u00fcber ihre Leidenschaft und das winterliche Bad im Salzkammergut See.\" \/>\n<meta name=\"robots\" content=\"index, follow, max-snippet:-1, max-image-preview:large, max-video-preview:-1\" \/>\n<link rel=\"canonical\" href=\"https:\/\/www.salzburgerland.com\/de\/magazin\/winterschwimmen-am-wolfgangsee\/\" \/>\n<meta property=\"og:locale\" content=\"de_DE\" \/>\n<meta property=\"og:type\" content=\"article\" \/>\n<meta property=\"og:title\" content=\"Winterschwimmen am Wolfgangsee\" \/>\n<meta property=\"og:description\" content=\"Sabine Z\u00f6chling \u00fcber das Winterschwimmen im Wolfgangsee. Mehr Infos \u00fcber ihre Leidenschaft und das winterliche Bad im Salzkammergut See.\" \/>\n<meta property=\"og:url\" content=\"https:\/\/www.salzburgerland.com\/de\/magazin\/winterschwimmen-am-wolfgangsee\/\" \/>\n<meta property=\"og:site_name\" content=\"SalzburgerLand Magazin\" \/>\n<meta property=\"article:publisher\" content=\"https:\/\/www.facebook.com\/salzburgerland\/\" \/>\n<meta property=\"article:author\" content=\"https:\/\/www.facebook.com\/urlaubsgeschichten\/\" \/>\n<meta property=\"article:published_time\" content=\"2023-11-03T07:00:00+00:00\" \/>\n<meta property=\"article:modified_time\" content=\"2024-12-02T12:05:38+00:00\" \/>\n<meta property=\"og:image\" content=\"https:\/\/www.salzburgerland.com\/de\/magazin\/wp-content\/uploads\/2021\/10\/winterschwimmen-wolfgangsee-by-Michael-Groessinger-1U1A4153.jpg\" \/>\n\t<meta property=\"og:image:width\" content=\"2000\" \/>\n\t<meta property=\"og:image:height\" content=\"1334\" \/>\n\t<meta property=\"og:image:type\" content=\"image\/jpeg\" \/>\n<meta name=\"author\" content=\"Melanie Deisl\" \/>\n<meta name=\"twitter:card\" content=\"summary_large_image\" \/>\n<meta name=\"twitter:creator\" content=\"@Salzburgerland\" \/>\n<meta name=\"twitter:site\" content=\"@Salzburgerland\" \/>\n<meta name=\"twitter:label1\" content=\"Verfasst von\" \/>\n\t<meta name=\"twitter:data1\" content=\"Melanie Deisl\" \/>\n\t<meta name=\"twitter:label2\" content=\"Gesch\u00e4tzte Lesezeit\" \/>\n\t<meta name=\"twitter:data2\" content=\"7\u00a0Minuten\" \/>\n<script type=\"application\/ld+json\" class=\"yoast-schema-graph\">{\"@context\":\"https:\\\/\\\/schema.org\",\"@graph\":[{\"@type\":\"Article\",\"@id\":\"https:\\\/\\\/www.salzburgerland.com\\\/de\\\/magazin\\\/winterschwimmen-am-wolfgangsee\\\/#article\",\"isPartOf\":{\"@id\":\"https:\\\/\\\/www.salzburgerland.com\\\/de\\\/magazin\\\/winterschwimmen-am-wolfgangsee\\\/\"},\"author\":{\"name\":\"Melanie Deisl\",\"@id\":\"https:\\\/\\\/www.salzburgerland.com\\\/de\\\/magazin\\\/#\\\/schema\\\/person\\\/3d66364225257aad8b700259f8d80a69\"},\"headline\":\"Winterschwimmen am Wolfgangsee\",\"datePublished\":\"2023-11-03T07:00:00+00:00\",\"dateModified\":\"2024-12-02T12:05:38+00:00\",\"mainEntityOfPage\":{\"@id\":\"https:\\\/\\\/www.salzburgerland.com\\\/de\\\/magazin\\\/winterschwimmen-am-wolfgangsee\\\/\"},\"wordCount\":861,\"commentCount\":0,\"publisher\":{\"@id\":\"https:\\\/\\\/www.salzburgerland.com\\\/de\\\/magazin\\\/#organization\"},\"image\":{\"@id\":\"https:\\\/\\\/www.salzburgerland.com\\\/de\\\/magazin\\\/winterschwimmen-am-wolfgangsee\\\/#primaryimage\"},\"thumbnailUrl\":\"https:\\\/\\\/www.salzburgerland.com\\\/de\\\/magazin\\\/wp-content\\\/uploads\\\/2021\\\/10\\\/winterschwimmen-wolfgangsee-by-Michael-Groessinger-1U1A4153.jpg\",\"keywords\":[\"Eisschwimmen\",\"Salzkammergut\",\"schwimmen\",\"St. Gilgen\",\"Urlaub am Wolfgangsee\",\"Wintersport\",\"Wolfgangsee\"],\"articleSection\":[\"Gesundheit\"],\"inLanguage\":\"de\",\"potentialAction\":[{\"@type\":\"CommentAction\",\"name\":\"Comment\",\"target\":[\"https:\\\/\\\/www.salzburgerland.com\\\/de\\\/magazin\\\/winterschwimmen-am-wolfgangsee\\\/#respond\"]}]},{\"@type\":\"WebPage\",\"@id\":\"https:\\\/\\\/www.salzburgerland.com\\\/de\\\/magazin\\\/winterschwimmen-am-wolfgangsee\\\/\",\"url\":\"https:\\\/\\\/www.salzburgerland.com\\\/de\\\/magazin\\\/winterschwimmen-am-wolfgangsee\\\/\",\"name\":\"Winterschwimmen am Wolfgangsee - SalzburgerLand Magazin\",\"isPartOf\":{\"@id\":\"https:\\\/\\\/www.salzburgerland.com\\\/de\\\/magazin\\\/#website\"},\"primaryImageOfPage\":{\"@id\":\"https:\\\/\\\/www.salzburgerland.com\\\/de\\\/magazin\\\/winterschwimmen-am-wolfgangsee\\\/#primaryimage\"},\"image\":{\"@id\":\"https:\\\/\\\/www.salzburgerland.com\\\/de\\\/magazin\\\/winterschwimmen-am-wolfgangsee\\\/#primaryimage\"},\"thumbnailUrl\":\"https:\\\/\\\/www.salzburgerland.com\\\/de\\\/magazin\\\/wp-content\\\/uploads\\\/2021\\\/10\\\/winterschwimmen-wolfgangsee-by-Michael-Groessinger-1U1A4153.jpg\",\"datePublished\":\"2023-11-03T07:00:00+00:00\",\"dateModified\":\"2024-12-02T12:05:38+00:00\",\"description\":\"Sabine Z\u00f6chling \u00fcber das Winterschwimmen im Wolfgangsee. Mehr Infos \u00fcber ihre Leidenschaft und das winterliche Bad im Salzkammergut See.\",\"breadcrumb\":{\"@id\":\"https:\\\/\\\/www.salzburgerland.com\\\/de\\\/magazin\\\/winterschwimmen-am-wolfgangsee\\\/#breadcrumb\"},\"inLanguage\":\"de\",\"potentialAction\":[{\"@type\":\"ReadAction\",\"target\":[\"https:\\\/\\\/www.salzburgerland.com\\\/de\\\/magazin\\\/winterschwimmen-am-wolfgangsee\\\/\"]}]},{\"@type\":\"ImageObject\",\"inLanguage\":\"de\",\"@id\":\"https:\\\/\\\/www.salzburgerland.com\\\/de\\\/magazin\\\/winterschwimmen-am-wolfgangsee\\\/#primaryimage\",\"url\":\"https:\\\/\\\/www.salzburgerland.com\\\/de\\\/magazin\\\/wp-content\\\/uploads\\\/2021\\\/10\\\/winterschwimmen-wolfgangsee-by-Michael-Groessinger-1U1A4153.jpg\",\"contentUrl\":\"https:\\\/\\\/www.salzburgerland.com\\\/de\\\/magazin\\\/wp-content\\\/uploads\\\/2021\\\/10\\\/winterschwimmen-wolfgangsee-by-Michael-Groessinger-1U1A4153.jpg\",\"width\":2000,\"height\":1334,\"caption\":\"Winterschwimmen Wolfgangsee\"},{\"@type\":\"BreadcrumbList\",\"@id\":\"https:\\\/\\\/www.salzburgerland.com\\\/de\\\/magazin\\\/winterschwimmen-am-wolfgangsee\\\/#breadcrumb\",\"itemListElement\":[{\"@type\":\"ListItem\",\"position\":1,\"name\":\"Startseite\",\"item\":\"https:\\\/\\\/www.salzburgerland.com\\\/de\\\/magazin\\\/\"},{\"@type\":\"ListItem\",\"position\":2,\"name\":\"Gesundheit\",\"item\":\"https:\\\/\\\/www.salzburgerland.com\\\/de\\\/magazin\\\/thema\\\/gesundheit\\\/\"},{\"@type\":\"ListItem\",\"position\":3,\"name\":\"Winterschwimmen am Wolfgangsee\"}]},{\"@type\":\"WebSite\",\"@id\":\"https:\\\/\\\/www.salzburgerland.com\\\/de\\\/magazin\\\/#website\",\"url\":\"https:\\\/\\\/www.salzburgerland.com\\\/de\\\/magazin\\\/\",\"name\":\"SalzburgerLand Magazin\",\"description\":\"Geschichten und Interessantes aus dem SalzburgerLand\",\"publisher\":{\"@id\":\"https:\\\/\\\/www.salzburgerland.com\\\/de\\\/magazin\\\/#organization\"},\"potentialAction\":[{\"@type\":\"SearchAction\",\"target\":{\"@type\":\"EntryPoint\",\"urlTemplate\":\"https:\\\/\\\/www.salzburgerland.com\\\/de\\\/magazin\\\/?s={search_term_string}\"},\"query-input\":{\"@type\":\"PropertyValueSpecification\",\"valueRequired\":true,\"valueName\":\"search_term_string\"}}],\"inLanguage\":\"de\"},{\"@type\":\"Organization\",\"@id\":\"https:\\\/\\\/www.salzburgerland.com\\\/de\\\/magazin\\\/#organization\",\"name\":\"SalzburgerLand Tourismus\",\"url\":\"https:\\\/\\\/www.salzburgerland.com\\\/de\\\/magazin\\\/\",\"logo\":{\"@type\":\"ImageObject\",\"inLanguage\":\"de\",\"@id\":\"https:\\\/\\\/www.salzburgerland.com\\\/de\\\/magazin\\\/#\\\/schema\\\/logo\\\/image\\\/\",\"url\":\"https:\\\/\\\/www.salzburgerland.com\\\/de\\\/magazin\\\/wp-content\\\/uploads\\\/2019\\\/06\\\/salzburgerland-logo1.jpg\",\"contentUrl\":\"https:\\\/\\\/www.salzburgerland.com\\\/de\\\/magazin\\\/wp-content\\\/uploads\\\/2019\\\/06\\\/salzburgerland-logo1.jpg\",\"width\":2011,\"height\":866,\"caption\":\"SalzburgerLand Tourismus\"},\"image\":{\"@id\":\"https:\\\/\\\/www.salzburgerland.com\\\/de\\\/magazin\\\/#\\\/schema\\\/logo\\\/image\\\/\"},\"sameAs\":[\"https:\\\/\\\/www.facebook.com\\\/salzburgerland\\\/\",\"https:\\\/\\\/x.com\\\/Salzburgerland\",\"https:\\\/\\\/www.instagram.com\\\/salzburgerland\\\/\",\"https:\\\/\\\/at.linkedin.com\\\/company\\\/salzburgerland-tourismus-gmbh\",\"https:\\\/\\\/www.pinterest.at\\\/salzburgerland\\\/\",\"https:\\\/\\\/www.youtube.com\\\/user\\\/salzburgerland\",\"https:\\\/\\\/de.wikipedia.org\\\/wiki\\\/SalzburgerLand_Tourismus_GmbH\"]},{\"@type\":\"Person\",\"@id\":\"https:\\\/\\\/www.salzburgerland.com\\\/de\\\/magazin\\\/#\\\/schema\\\/person\\\/3d66364225257aad8b700259f8d80a69\",\"name\":\"Melanie Deisl\",\"description\":\"Ihre Liebe zum Reisen teilt Melanie genauso gerne, wie ihre Liebe zum SalzburgerLand. Die geb\u00fcrtige Faistenauerin ist in Koppl aufgewachsen und in der Fuschlseeregion zuhause. Und die kennt sie auch wie ihre Westentasche. Ihre erste, noch sehr analoge, Tourismuserfahrung konnte sie bereits w\u00e4hrend der Schulzeit beim SalzburgerLand Tourismus (SLTG) und sp\u00e4ter beim TVB Fuschl am See sammeln. Beruflich ist sie seit ihrem Studium der Kommunikationswissenschaften im Bereich SEO, Text &amp; Content Marketing zuhause. Was dazu f\u00fchrte, dass sie sich ans Reisebloggen wagte. Schnell wurde aus reinem Interesse, pure Passion. Dem Ausflug in ferne L\u00e4nder folgte eine Revision der Qualit\u00e4ten der eigenen Heimat als Urlaubsziel. Und diese fiel mehr als positiv aus. Die Liebe zu Ihrer Heimat ist ihr in die Wiege gelegt, und wie sie sagt, wird diese auch immer st\u00e4rker. Na, sie muss es ja wissen. Immerhin bietet sie auf \\\"urlaubsgeschichten.at\\\" Inspiration f\u00fcr Reisen in ferne L\u00e4nder und gibt Insidertipps f\u00fcr \u00d6sterreich-Liebhaber. Ihr ist es ein pers\u00f6nliches Anliegen zu zeigen, dass man auch auf kurzen Reisen einzigartige Erfahrungen sammeln kann. Da z\u00e4hlt das SalzburgerLand nat\u00fcrlich zu ihren TOP-Favoriten. Ihre Reisen verbindet Sie selbst am liebsten mit Wandern, Skifahren und Genuss. Vor allem regionale Produkte aus der Heimat haben es der bodenst\u00e4ndigen Salzburgerin angetan.\u00a0In der Freizeit zieht es Melanie, wie soll es anders sein, hinaus. Mal auf den Berg, mal an den See, mal in die Stadt Salzburg. Aber nie ohne Kamera und Notizbuch. Es k\u00f6nnte ja eine gute Urlaubsgeschichte dabei sein ... Mein pers\u00f6nlicher Logenplatz im SalzburgerLand Eine Runde um den Hintersee. Das geht immer und macht den Kopf frei. Bei einer Runde um den See kann ich mich gut entspannen. Aber ich drehe auch gerne mal eine gem\u00fctliche \\\"Tratschrunde\\\" mit einer Freundin um den sch\u00f6nen See. Salzburger Nockerl oder Schwarzbeernocken? Die Wahl f\u00e4llt mir sehr leicht. Ich liebe \\\"Zeckbeerdatscherln\\\", wie man bei uns zu den Schwarzbeernocken sagt. Nat\u00fcrlich mit selbstgepfl\u00fcckten Schwarzbeeren zubereitet und sch\u00f6n dunkelblau. Mozart oder Hubert von Goisern? Beides. Ich mag Musik in fast jeder Form. Ich spiele selbst Gitarre und singe sehr gerne - das f\u00e4llt mir bei Hubert von Goisern, Austropop und Rockmusik leichter ;-) aber ich hab auch f\u00fcr Mozart und klassische Musik was \u00fcbrig. Ich bin musikalisch \u00fcberhaupt sehr aufgeschlossen und vor allem immer interessiert Neues zu entdecken. Musik, die mir gef\u00e4llt eben. Luxushotel oder Almh\u00fctte? Mal dies mal das. Zu einem Wellness-Wochenende im Luxushotel braucht man mich nicht lange \u00fcberreden, das versteht sich von selbst. Zu einem Urlaub auf der Alm aber auch nicht. Ich wei\u00df jedoch, dass man das hervorragend miteinander verbinden kann. Die Antwort lautet also: beides! Ausstellung oder Bergpanorama? Ich muss gestehen, ich bin eher erlebnisorientiert, deshalb entscheide ich mich immer f\u00fcr das Bergpanorama. Morgen- oder Abendmensch? Ich war schon immer ein Fr\u00fchaufsteher und bin schon vor dem ersten Kaffee hellwach, diskussionsfreudig und sehr produktiv. Ich erlebe aber in meiner Tageskurve das typische Nachmittagstief, daher w\u00e4re ich voll f\u00fcr die Einf\u00fchrung der \\\"Siesta\\\". Daf\u00fcr bin ich in aber in den Abendstunden auch wieder hellwach und voller Energie.\",\"sameAs\":[\"https:\\\/\\\/urlaubsgeschichten.at\",\"https:\\\/\\\/www.facebook.com\\\/urlaubsgeschichten\\\/\",\"https:\\\/\\\/www.instagram.com\\\/urlaubsgeschichten\\\/\",\"https:\\\/\\\/www.linkedin.com\\\/in\\\/urlaubsgeschichten\\\/\",\"https:\\\/\\\/www.pinterest.at\\\/mytravelstories\\\/\"],\"url\":\"https:\\\/\\\/www.salzburgerland.com\\\/de\\\/magazin\\\/author\\\/melanie_deisl\\\/\"}]}<\/script>\n<!-- \/ Yoast SEO Premium plugin. -->","yoast_head_json":{"title":"Winterschwimmen am Wolfgangsee - SalzburgerLand Magazin","description":"Sabine Z\u00f6chling \u00fcber das Winterschwimmen im Wolfgangsee. Mehr Infos \u00fcber ihre Leidenschaft und das winterliche Bad im Salzkammergut See.","robots":{"index":"index","follow":"follow","max-snippet":"max-snippet:-1","max-image-preview":"max-image-preview:large","max-video-preview":"max-video-preview:-1"},"canonical":"https:\/\/www.salzburgerland.com\/de\/magazin\/winterschwimmen-am-wolfgangsee\/","og_locale":"de_DE","og_type":"article","og_title":"Winterschwimmen am Wolfgangsee","og_description":"Sabine Z\u00f6chling \u00fcber das Winterschwimmen im Wolfgangsee. Mehr Infos \u00fcber ihre Leidenschaft und das winterliche Bad im Salzkammergut See.","og_url":"https:\/\/www.salzburgerland.com\/de\/magazin\/winterschwimmen-am-wolfgangsee\/","og_site_name":"SalzburgerLand Magazin","article_publisher":"https:\/\/www.facebook.com\/salzburgerland\/","article_author":"https:\/\/www.facebook.com\/urlaubsgeschichten\/","article_published_time":"2023-11-03T07:00:00+00:00","article_modified_time":"2024-12-02T12:05:38+00:00","og_image":[{"width":2000,"height":1334,"url":"https:\/\/www.salzburgerland.com\/de\/magazin\/wp-content\/uploads\/2021\/10\/winterschwimmen-wolfgangsee-by-Michael-Groessinger-1U1A4153.jpg","type":"image\/jpeg"}],"author":"Melanie Deisl","twitter_card":"summary_large_image","twitter_creator":"@Salzburgerland","twitter_site":"@Salzburgerland","twitter_misc":{"Verfasst von":"Melanie Deisl","Gesch\u00e4tzte Lesezeit":"7\u00a0Minuten"},"schema":{"@context":"https:\/\/schema.org","@graph":[{"@type":"Article","@id":"https:\/\/www.salzburgerland.com\/de\/magazin\/winterschwimmen-am-wolfgangsee\/#article","isPartOf":{"@id":"https:\/\/www.salzburgerland.com\/de\/magazin\/winterschwimmen-am-wolfgangsee\/"},"author":{"name":"Melanie Deisl","@id":"https:\/\/www.salzburgerland.com\/de\/magazin\/#\/schema\/person\/3d66364225257aad8b700259f8d80a69"},"headline":"Winterschwimmen am Wolfgangsee","datePublished":"2023-11-03T07:00:00+00:00","dateModified":"2024-12-02T12:05:38+00:00","mainEntityOfPage":{"@id":"https:\/\/www.salzburgerland.com\/de\/magazin\/winterschwimmen-am-wolfgangsee\/"},"wordCount":861,"commentCount":0,"publisher":{"@id":"https:\/\/www.salzburgerland.com\/de\/magazin\/#organization"},"image":{"@id":"https:\/\/www.salzburgerland.com\/de\/magazin\/winterschwimmen-am-wolfgangsee\/#primaryimage"},"thumbnailUrl":"https:\/\/www.salzburgerland.com\/de\/magazin\/wp-content\/uploads\/2021\/10\/winterschwimmen-wolfgangsee-by-Michael-Groessinger-1U1A4153.jpg","keywords":["Eisschwimmen","Salzkammergut","schwimmen","St. Gilgen","Urlaub am Wolfgangsee","Wintersport","Wolfgangsee"],"articleSection":["Gesundheit"],"inLanguage":"de","potentialAction":[{"@type":"CommentAction","name":"Comment","target":["https:\/\/www.salzburgerland.com\/de\/magazin\/winterschwimmen-am-wolfgangsee\/#respond"]}]},{"@type":"WebPage","@id":"https:\/\/www.salzburgerland.com\/de\/magazin\/winterschwimmen-am-wolfgangsee\/","url":"https:\/\/www.salzburgerland.com\/de\/magazin\/winterschwimmen-am-wolfgangsee\/","name":"Winterschwimmen am Wolfgangsee - SalzburgerLand Magazin","isPartOf":{"@id":"https:\/\/www.salzburgerland.com\/de\/magazin\/#website"},"primaryImageOfPage":{"@id":"https:\/\/www.salzburgerland.com\/de\/magazin\/winterschwimmen-am-wolfgangsee\/#primaryimage"},"image":{"@id":"https:\/\/www.salzburgerland.com\/de\/magazin\/winterschwimmen-am-wolfgangsee\/#primaryimage"},"thumbnailUrl":"https:\/\/www.salzburgerland.com\/de\/magazin\/wp-content\/uploads\/2021\/10\/winterschwimmen-wolfgangsee-by-Michael-Groessinger-1U1A4153.jpg","datePublished":"2023-11-03T07:00:00+00:00","dateModified":"2024-12-02T12:05:38+00:00","description":"Sabine Z\u00f6chling \u00fcber das Winterschwimmen im Wolfgangsee. Mehr Infos \u00fcber ihre Leidenschaft und das winterliche Bad im Salzkammergut See.","breadcrumb":{"@id":"https:\/\/www.salzburgerland.com\/de\/magazin\/winterschwimmen-am-wolfgangsee\/#breadcrumb"},"inLanguage":"de","potentialAction":[{"@type":"ReadAction","target":["https:\/\/www.salzburgerland.com\/de\/magazin\/winterschwimmen-am-wolfgangsee\/"]}]},{"@type":"ImageObject","inLanguage":"de","@id":"https:\/\/www.salzburgerland.com\/de\/magazin\/winterschwimmen-am-wolfgangsee\/#primaryimage","url":"https:\/\/www.salzburgerland.com\/de\/magazin\/wp-content\/uploads\/2021\/10\/winterschwimmen-wolfgangsee-by-Michael-Groessinger-1U1A4153.jpg","contentUrl":"https:\/\/www.salzburgerland.com\/de\/magazin\/wp-content\/uploads\/2021\/10\/winterschwimmen-wolfgangsee-by-Michael-Groessinger-1U1A4153.jpg","width":2000,"height":1334,"caption":"Winterschwimmen Wolfgangsee"},{"@type":"BreadcrumbList","@id":"https:\/\/www.salzburgerland.com\/de\/magazin\/winterschwimmen-am-wolfgangsee\/#breadcrumb","itemListElement":[{"@type":"ListItem","position":1,"name":"Startseite","item":"https:\/\/www.salzburgerland.com\/de\/magazin\/"},{"@type":"ListItem","position":2,"name":"Gesundheit","item":"https:\/\/www.salzburgerland.com\/de\/magazin\/thema\/gesundheit\/"},{"@type":"ListItem","position":3,"name":"Winterschwimmen am Wolfgangsee"}]},{"@type":"WebSite","@id":"https:\/\/www.salzburgerland.com\/de\/magazin\/#website","url":"https:\/\/www.salzburgerland.com\/de\/magazin\/","name":"SalzburgerLand Magazin","description":"Geschichten und Interessantes aus dem SalzburgerLand","publisher":{"@id":"https:\/\/www.salzburgerland.com\/de\/magazin\/#organization"},"potentialAction":[{"@type":"SearchAction","target":{"@type":"EntryPoint","urlTemplate":"https:\/\/www.salzburgerland.com\/de\/magazin\/?s={search_term_string}"},"query-input":{"@type":"PropertyValueSpecification","valueRequired":true,"valueName":"search_term_string"}}],"inLanguage":"de"},{"@type":"Organization","@id":"https:\/\/www.salzburgerland.com\/de\/magazin\/#organization","name":"SalzburgerLand Tourismus","url":"https:\/\/www.salzburgerland.com\/de\/magazin\/","logo":{"@type":"ImageObject","inLanguage":"de","@id":"https:\/\/www.salzburgerland.com\/de\/magazin\/#\/schema\/logo\/image\/","url":"https:\/\/www.salzburgerland.com\/de\/magazin\/wp-content\/uploads\/2019\/06\/salzburgerland-logo1.jpg","contentUrl":"https:\/\/www.salzburgerland.com\/de\/magazin\/wp-content\/uploads\/2019\/06\/salzburgerland-logo1.jpg","width":2011,"height":866,"caption":"SalzburgerLand Tourismus"},"image":{"@id":"https:\/\/www.salzburgerland.com\/de\/magazin\/#\/schema\/logo\/image\/"},"sameAs":["https:\/\/www.facebook.com\/salzburgerland\/","https:\/\/x.com\/Salzburgerland","https:\/\/www.instagram.com\/salzburgerland\/","https:\/\/at.linkedin.com\/company\/salzburgerland-tourismus-gmbh","https:\/\/www.pinterest.at\/salzburgerland\/","https:\/\/www.youtube.com\/user\/salzburgerland","https:\/\/de.wikipedia.org\/wiki\/SalzburgerLand_Tourismus_GmbH"]},{"@type":"Person","@id":"https:\/\/www.salzburgerland.com\/de\/magazin\/#\/schema\/person\/3d66364225257aad8b700259f8d80a69","name":"Melanie Deisl","description":"Ihre Liebe zum Reisen teilt Melanie genauso gerne, wie ihre Liebe zum SalzburgerLand. Die geb\u00fcrtige Faistenauerin ist in Koppl aufgewachsen und in der Fuschlseeregion zuhause. Und die kennt sie auch wie ihre Westentasche. Ihre erste, noch sehr analoge, Tourismuserfahrung konnte sie bereits w\u00e4hrend der Schulzeit beim SalzburgerLand Tourismus (SLTG) und sp\u00e4ter beim TVB Fuschl am See sammeln. Beruflich ist sie seit ihrem Studium der Kommunikationswissenschaften im Bereich SEO, Text &amp; Content Marketing zuhause. Was dazu f\u00fchrte, dass sie sich ans Reisebloggen wagte. Schnell wurde aus reinem Interesse, pure Passion. Dem Ausflug in ferne L\u00e4nder folgte eine Revision der Qualit\u00e4ten der eigenen Heimat als Urlaubsziel. Und diese fiel mehr als positiv aus. Die Liebe zu Ihrer Heimat ist ihr in die Wiege gelegt, und wie sie sagt, wird diese auch immer st\u00e4rker. Na, sie muss es ja wissen. Immerhin bietet sie auf \"urlaubsgeschichten.at\" Inspiration f\u00fcr Reisen in ferne L\u00e4nder und gibt Insidertipps f\u00fcr \u00d6sterreich-Liebhaber. Ihr ist es ein pers\u00f6nliches Anliegen zu zeigen, dass man auch auf kurzen Reisen einzigartige Erfahrungen sammeln kann. Da z\u00e4hlt das SalzburgerLand nat\u00fcrlich zu ihren TOP-Favoriten. Ihre Reisen verbindet Sie selbst am liebsten mit Wandern, Skifahren und Genuss. Vor allem regionale Produkte aus der Heimat haben es der bodenst\u00e4ndigen Salzburgerin angetan.\u00a0In der Freizeit zieht es Melanie, wie soll es anders sein, hinaus. Mal auf den Berg, mal an den See, mal in die Stadt Salzburg. Aber nie ohne Kamera und Notizbuch. Es k\u00f6nnte ja eine gute Urlaubsgeschichte dabei sein ... Mein pers\u00f6nlicher Logenplatz im SalzburgerLand Eine Runde um den Hintersee. Das geht immer und macht den Kopf frei. Bei einer Runde um den See kann ich mich gut entspannen. Aber ich drehe auch gerne mal eine gem\u00fctliche \"Tratschrunde\" mit einer Freundin um den sch\u00f6nen See. Salzburger Nockerl oder Schwarzbeernocken? Die Wahl f\u00e4llt mir sehr leicht. Ich liebe \"Zeckbeerdatscherln\", wie man bei uns zu den Schwarzbeernocken sagt. Nat\u00fcrlich mit selbstgepfl\u00fcckten Schwarzbeeren zubereitet und sch\u00f6n dunkelblau. Mozart oder Hubert von Goisern? Beides. Ich mag Musik in fast jeder Form. Ich spiele selbst Gitarre und singe sehr gerne - das f\u00e4llt mir bei Hubert von Goisern, Austropop und Rockmusik leichter ;-) aber ich hab auch f\u00fcr Mozart und klassische Musik was \u00fcbrig. Ich bin musikalisch \u00fcberhaupt sehr aufgeschlossen und vor allem immer interessiert Neues zu entdecken. Musik, die mir gef\u00e4llt eben. Luxushotel oder Almh\u00fctte? Mal dies mal das. Zu einem Wellness-Wochenende im Luxushotel braucht man mich nicht lange \u00fcberreden, das versteht sich von selbst. Zu einem Urlaub auf der Alm aber auch nicht. Ich wei\u00df jedoch, dass man das hervorragend miteinander verbinden kann. Die Antwort lautet also: beides! Ausstellung oder Bergpanorama? Ich muss gestehen, ich bin eher erlebnisorientiert, deshalb entscheide ich mich immer f\u00fcr das Bergpanorama. Morgen- oder Abendmensch? Ich war schon immer ein Fr\u00fchaufsteher und bin schon vor dem ersten Kaffee hellwach, diskussionsfreudig und sehr produktiv. Ich erlebe aber in meiner Tageskurve das typische Nachmittagstief, daher w\u00e4re ich voll f\u00fcr die Einf\u00fchrung der \"Siesta\". Daf\u00fcr bin ich in aber in den Abendstunden auch wieder hellwach und voller Energie.","sameAs":["https:\/\/urlaubsgeschichten.at","https:\/\/www.facebook.com\/urlaubsgeschichten\/","https:\/\/www.instagram.com\/urlaubsgeschichten\/","https:\/\/www.linkedin.com\/in\/urlaubsgeschichten\/","https:\/\/www.pinterest.at\/mytravelstories\/"],"url":"https:\/\/www.salzburgerland.com\/de\/magazin\/author\/melanie_deisl\/"}]}},"_wl_alt_label":[],"wl:entity_url":"http:\/\/open.salzburgerland.com\/magazin\/post\/winterschwimmen_am_wolfgangsee","_links":{"self":[{"href":"https:\/\/www.salzburgerland.com\/de\/magazin\/wp-json\/wp\/v2\/posts\/158093","targetHints":{"allow":["GET"]}}],"collection":[{"href":"https:\/\/www.salzburgerland.com\/de\/magazin\/wp-json\/wp\/v2\/posts"}],"about":[{"href":"https:\/\/www.salzburgerland.com\/de\/magazin\/wp-json\/wp\/v2\/types\/post"}],"author":[{"embeddable":true,"href":"https:\/\/www.salzburgerland.com\/de\/magazin\/wp-json\/wp\/v2\/users\/565"}],"replies":[{"embeddable":true,"href":"https:\/\/www.salzburgerland.com\/de\/magazin\/wp-json\/wp\/v2\/comments?post=158093"}],"version-history":[{"count":6,"href":"https:\/\/www.salzburgerland.com\/de\/magazin\/wp-json\/wp\/v2\/posts\/158093\/revisions"}],"predecessor-version":[{"id":179691,"href":"https:\/\/www.salzburgerland.com\/de\/magazin\/wp-json\/wp\/v2\/posts\/158093\/revisions\/179691"}],"wp:featuredmedia":[{"embeddable":true,"href":"https:\/\/www.salzburgerland.com\/de\/magazin\/wp-json\/wp\/v2\/media\/158104"}],"wp:attachment":[{"href":"https:\/\/www.salzburgerland.com\/de\/magazin\/wp-json\/wp\/v2\/media?parent=158093"}],"wp:term":[{"taxonomy":"category","embeddable":true,"href":"https:\/\/www.salzburgerland.com\/de\/magazin\/wp-json\/wp\/v2\/categories?post=158093"},{"taxonomy":"post_tag","embeddable":true,"href":"https:\/\/www.salzburgerland.com\/de\/magazin\/wp-json\/wp\/v2\/tags?post=158093"},{"taxonomy":"wl_entity_type","embeddable":true,"href":"https:\/\/www.salzburgerland.com\/de\/magazin\/wp-json\/wp\/v2\/wl_entity_type?post=158093"},{"taxonomy":"monatsauswahl","embeddable":true,"href":"https:\/\/www.salzburgerland.com\/de\/magazin\/wp-json\/wp\/v2\/monatsauswahl?post=158093"}],"curies":[{"name":"wp","href":"https:\/\/api.w.org\/{rel}","templated":true}]}}