{"id":157680,"date":"2021-09-27T10:42:07","date_gmt":"2021-09-27T08:42:07","guid":{"rendered":"https:\/\/www.salzburgerland.com\/de\/magazin\/?p=157680"},"modified":"2021-10-14T14:44:26","modified_gmt":"2021-10-14T12:44:26","slug":"salzburgs-schoenste-wochenmaerkte","status":"publish","type":"post","link":"https:\/\/www.salzburgerland.com\/de\/magazin\/salzburgs-schoenste-wochenmaerkte\/","title":{"rendered":"Salzburgs sch\u00f6nste Wochenm\u00e4rkte"},"content":{"rendered":"\n<div class=\"wp-block-slt-top topBlocks\">\n<h2 class=\"wp-block-slt-subtitle\">Frisch, regional und einfach gut<\/h2>\n\n\n\n<p class=\"wp-block-slt-intro\">\u201eKnackige \u00c4pfel, frischer Salat \u2013 heute fr\u00fch geerntet \u2013 oder darf es ein Kilo Lungauer Eachtling sein?\u201c Marktschreier, die lautstark ihre Waren am Wochenmarkt anbieten, gibt es heute kaum mehr. Die \u00c4pfel sind dennoch knackig, die Salate frisch und das Angebot bunt und vielf\u00e4ltig.<\/p>\n<\/div>\n\n\n\n<p>Egal zu welcher Jahreszeit, die bunte Vielfalt der Wochenm\u00e4rkte ist nicht nur optisch ein Genuss. Rot leuchten die knackigen Radieschen mit den saftigen Tomaten um die Wette. Sattgr\u00fcne Salate, Spinat und Mangold strotzen nur so vor Vitaminen. Dunkel-violett reihen sich die Roten R\u00fcben&nbsp;an die Melanzani und f\u00fcr einen kr\u00e4ftigen Farbtupfer sorgen die ersten orange-leuchtenden K\u00fcrbisse. Was Obst und Gem\u00fcse betrifft, kann man vor allem im Herbst aus dem Vollen sch\u00f6pfen. Dank vielf\u00e4ltiger Lagergem\u00fcsesorten kommen aber auch im Winter die Vitamine nicht zu kurz und wenn im Fr\u00fchling die ersten Erdbeeren und frischer Spargel die Marktst\u00e4nde f\u00fcllen, wissen wir, dass der n\u00e4chste Sommer nicht mehr weit ist. Aber nat\u00fcrlich gibt es am Wochenmarkt auch noch jede Menge andere b\u00e4uerliche Produkte zu kaufen. Vom Nachbarstand duftet es verf\u00fchrerisch nach frischem Bauernbrot und riecht es da nicht auch nach w\u00fcrzigen Speckaromen und herzhaftem K\u00e4se? Der w\u00f6chentliche Einkauf am Gr\u00fcnmarkt, ist jedenfalls f\u00fcr viele Salzburger ein Fixpunkt. Wir haben uns im ganzen SalzburgerLand umgeschaut und die sch\u00f6nsten M\u00e4rkte besucht.<br>Wer \u00fcbrigens genau wissen will, was gerade Saison hat, der wirft am besten einen Blick in den <a href=\"https:\/\/www.salzburgschmeckt.at\/gastgeber\/saisonkalender\/\" target=\"_blank\" rel=\"noreferrer noopener\">Saisonkalender<\/a>.<\/p>\n\n\n<div class=\"mag-gallery\"><div class=\"row\"><div class=\"col-6 col-sm-4\"><figure><a class=\"thumb-container\" href=\"https:\/\/www.salzburgerland.com\/de\/magazin\/wp-content\/uploads\/2021\/09\/Eachtling-1280x1024.jpg\">\t<picture><source media=\"(min-width: 576px)\" srcset=\"https:\/\/www.salzburgerland.com\/de\/magazin\/wp-content\/uploads\/2021\/09\/Eachtling-325x209.jpg 325w, https:\/\/www.salzburgerland.com\/de\/magazin\/wp-content\/uploads\/2021\/09\/Eachtling-249x160.jpg 249w\"><\/source><source media=\"(min-width: 0)\" srcset=\"https:\/\/www.salzburgerland.com\/de\/magazin\/wp-content\/uploads\/2021\/09\/Eachtling-249x160.jpg 249w, https:\/\/www.salzburgerland.com\/de\/magazin\/wp-content\/uploads\/2021\/09\/Eachtling-325x209.jpg 325w\"><\/source><img decoding=\"async\" alt=\"Eine Person h&auml;lt eine rote Kartoffel &uuml;ber einen mit roten und gelben Kartoffeln gef&uuml;llten Korb in einem Garten.\" src=\"https:\/\/www.salzburgerland.com\/de\/magazin\/wp-content\/uploads\/2021\/09\/Eachtling.jpg\">\t<\/picture><figcaption>Lungauer Eachtling<\/figcaption><\/a><\/figure><\/div><div class=\"col-6 col-sm-4\"><figure><a class=\"thumb-container\" href=\"https:\/\/www.salzburgerland.com\/de\/magazin\/wp-content\/uploads\/2021\/09\/Karotten-1280x1024.jpg\">\t<picture><source media=\"(min-width: 576px)\" srcset=\"https:\/\/www.salzburgerland.com\/de\/magazin\/wp-content\/uploads\/2021\/09\/Karotten-325x209.jpg 325w, https:\/\/www.salzburgerland.com\/de\/magazin\/wp-content\/uploads\/2021\/09\/Karotten-249x160.jpg 249w\"><\/source><source media=\"(min-width: 0)\" srcset=\"https:\/\/www.salzburgerland.com\/de\/magazin\/wp-content\/uploads\/2021\/09\/Karotten-249x160.jpg 249w, https:\/\/www.salzburgerland.com\/de\/magazin\/wp-content\/uploads\/2021\/09\/Karotten-325x209.jpg 325w\"><\/source><img decoding=\"async\" alt=\"B&uuml;ndel frischer orangefarbener M&ouml;hren mit gr&uuml;nen K&ouml;pfen, die dicht an dicht gestapelt sind.\" src=\"https:\/\/www.salzburgerland.com\/de\/magazin\/wp-content\/uploads\/2021\/09\/Karotten.jpg\">\t<\/picture><figcaption>Bundkarotten<\/figcaption><\/a><\/figure><\/div><div class=\"col-6 col-sm-4\"><figure><a class=\"thumb-container\" href=\"https:\/\/www.salzburgerland.com\/de\/magazin\/wp-content\/uploads\/2021\/09\/Tomatenraritaeten-1280x1024.jpg\">\t<picture><source media=\"(min-width: 576px)\" srcset=\"https:\/\/www.salzburgerland.com\/de\/magazin\/wp-content\/uploads\/2021\/09\/Tomatenraritaeten-325x209.jpg 325w, https:\/\/www.salzburgerland.com\/de\/magazin\/wp-content\/uploads\/2021\/09\/Tomatenraritaeten-249x160.jpg 249w\"><\/source><source media=\"(min-width: 0)\" srcset=\"https:\/\/www.salzburgerland.com\/de\/magazin\/wp-content\/uploads\/2021\/09\/Tomatenraritaeten-249x160.jpg 249w, https:\/\/www.salzburgerland.com\/de\/magazin\/wp-content\/uploads\/2021\/09\/Tomatenraritaeten-325x209.jpg 325w\"><\/source><img decoding=\"async\" alt=\"Person mit wei&szlig;em Hemd und Jeans, die eine Vielzahl von bunten Tomaten in den H&auml;nden h&auml;lt.\" src=\"https:\/\/www.salzburgerland.com\/de\/magazin\/wp-content\/uploads\/2021\/09\/Tomatenraritaeten.jpg\">\t<\/picture><figcaption>Tomatenrarit&auml;ten<\/figcaption><\/a><\/figure><\/div><\/div><figcaption>&copy; Salzburger Agrarmarketing<\/figcaption><\/div>\n\n\n\n<p><\/p>\n\n\n\n<h2 class=\"wp-block-heading\" id=\"h-stadt-salzburg\">Stadt Salzburg<\/h2>\n\n\n\n<p>In der Stadt Salzbug gibt es zwei Typen von Markteink\u00e4ufern. Die einen schw\u00f6ren auf den Schrannenbesuch am Donnerstagvormittag rund um die Andr\u00e4kirche, die anderen trifft man am Samstagvormittag am Gr\u00fcnmarkt. Das Angebot ist da und dort reichhaltig und divers. Gezielt werden die Lieblingsstandler angesteuert, man wei\u00df die Qualit\u00e4t zu sch\u00e4tzen und l\u00e4sst sich beraten. Und so nebenbei bleibt auch noch Zeit f\u00fcr ein Gespr\u00e4ch und eine Tasse Kaffee oder ein Gl\u00e4schen Wein nach dem Einkauf.<\/p>\n\n\n\n<p><strong><a href=\"https:\/\/www.salzburgschmeckt.at\/maerkte\/salzburger-schranne\/\" target=\"_blank\" rel=\"noreferrer noopener\">Schranne<\/a><\/strong><br>Rund um die Andr\u00e4kirche<br>5020 Salzburg<br>\u00d6ffnungszeiten:  Donnerstag 5:00 &#8211; 13:00 Uhr<\/p>\n\n\n\n<p><strong><a href=\"https:\/\/www.salzburgschmeckt.at\/maerkte\/salzburger-gruenmarkt\/\" target=\"_blank\" rel=\"noreferrer noopener\">Gr\u00fcnmarkt<\/a><\/strong><br>Universit\u00e4tsplatz\/Philharmonikergasse<br>5020 Salzburg<br>\u00d6ffnungszeiten: Montag \u2013 Freitag: 07:00 \u2013 19:00 Uhr, Samstag: 06:00 \u2013 15:00 Uhr<\/p>\n\n\n\n<h2 class=\"wp-block-heading\">Tennengau<\/h2>\n\n\n\n<p>Im Tennengau haben wir den Winkelhofer Bauernmarkt besucht. Das Besondere daran: der w\u00f6chentliche Markt ist&nbsp;direkt angeschlossen an die dort ans\u00e4ssige landwirtschaftliche Fachschule.&nbsp;Hier wird man also von angehenden Profis beraten und bedient und kann sicher sein, dass nur das Beste im Einkaufskorb landet. Die Bandbreite reicht von traditionellen und unkonventionellen Produkten bis hin zu Bio-Lebensmitteln, wie Brot &amp; Geb\u00e4ck, Gem\u00fcse, Fleisch &amp; Verarbeitungsprodukte oder auch Spirituosen und Tee.<\/p>\n\n\n\n<p><strong><a href=\"https:\/\/www.salzburgschmeckt.at\/maerkte\/winklhofer-bauernmarkt\/\" target=\"_blank\" rel=\"noreferrer noopener\">Winkelhofer Bauernmarkt <\/a><\/strong><br>Winklhofstra\u00dfe 10<br>5411 Oberalm<br>\u00d6ffnungszeiten: Mittwoch 16.00 bis 18.00 Uhr und Freitag 13.00 bis 17.00 Uhr<\/p>\n\n\n\n<h2 class=\"wp-block-heading\">Flachgau<\/h2>\n\n\n\n<p>Wer am Biomarkt Aglassing einkauft, bekommt nicht nur Fleisch und Gem\u00fcse bester Qualit\u00e4t und aus erster Hand, sondern auch einen Einblick in die Lebensqualit\u00e4t der Tiere. Und man sieht die Felder, auf denen das Bio-Gem\u00fcse w\u00e4chst uns gedeiht aus n\u00e4chster N\u00e4he. Wer mehr wissen will, kann sich von den Erzeugern der Produkte gleich vorort von Familie Eisl und Familie Spitzauer beraten lassen.<\/p>\n\n\n\n<p><strong><a href=\"http:\/\/www.biomarkt-aglassing.at\" target=\"_blank\" rel=\"noreferrer noopener\">Biomarkt Aglassing<\/a><\/strong><br>Wimpassing 2<br>5113 St. Georgen<br>\u00d6ffnungszeiten: Mittwoch und Freitag 16:00 -19:00 Uhr, Samstag 08:00 -11:00 Uhr<\/p>\n\n\n\n<h2 class=\"wp-block-heading\">Pinzgau<\/h2>\n\n\n\n<p>Von M\u00e4rz bis November wird der Stadtplatz in Zell am See jeden Freitagvormittag zum Marktplatz. Regionale Lebensmittelhandwerker bieten hier ihre Produkte an. Wir flanieren von Stand zu Stand und decken uns mit allerlei K\u00f6stlichkeiten ein. Neben Gem\u00fcse, Obst, Brot, K\u00e4se und Fleisch gibt es etwa auch fertige Kn\u00f6del und k\u00f6stliche Mehlspeisen.<\/p>\n\n\n\n<p><strong><a href=\"https:\/\/www.salzburgschmeckt.at\/maerkte\/stadtmarkt-zell-am-see\/\" target=\"_blank\" rel=\"noreferrer noopener\">Stadtmarkt Zell am See<\/a><\/strong><br>Stadtplatz<br>5700 Zell am See<br>\u00d6ffnungszeiten: Freitag 08:00 &#8211; 13:00 Uhr; 26. M\u00e4rz &#8211; 12. November 2021<\/p>\n\n\n\n<h2 class=\"wp-block-heading\">Pongau<\/h2>\n\n\n\n<p>Die Marktst\u00e4nde im Zentrum von Altenmarkt decken alles ab, was man f\u00fcr eine schmackhafte Mahlzeit braucht. Von Brot und Geb\u00e4ck \u00fcber saisonales Gem\u00fcse und Salat, W\u00fcrste, Speck &amp; Frischfleisch, Honig, Eier bis hin zu Schn\u00e4psen und Bauerngin. Wer sich regional ern\u00e4hren will, findet hier alles, was das Herz begehrt. Und auch G\u00e4ste lassen sich gerne zu einer Kostprobe \u00fcberreden und sich ein St\u00fcck K\u00e4se, frisches Brot oder einen saftigen Apfel als Jause einpacken.<\/p>\n\n\n\n<p><strong><a href=\"https:\/\/www.salzburgschmeckt.at\/maerkte\/wochenmarkt-altenmarkt-2\/\" target=\"_blank\" rel=\"noreferrer noopener\">Wochenmarkt Altenmarkt<\/a><\/strong><br>Marktplatz<br>5541 Altenmarkt<br>\u00d6ffnungszeiten: Freitag 14:00 &#8211; 17:00 Uhr im Winter und 14:00 &#8211; 17:30 Uhr im Sommer<\/p>\n\n\n\n<h2 class=\"wp-block-heading\">Lungau<\/h2>\n\n\n\n<p>Nahezu rund ums Jahr kann man auch am Wochenmarkt in Tamsweg Marktatmosph\u00e4re genie\u00dfen. Aus dem ganzen Lungau kommen dann B\u00e4uerinnen und Bauern in die Bezirkshauptstadt, um ihre frischen Produkte an den Kunden zu bringen. Und die danken es ihnen mit regem Besuch. Neben allerlei Milchprodukten, Geb\u00e4ck, Obst und Gem\u00fcse, bis hin zu Fleisch und Verarbeitungsprodukten, bekommt man hier auch Kuchen, Marmeladen, S\u00e4fte, als auch selbstgemachte Seifen, Cremes und vieles mehr. Sogar&nbsp;sein eigenes M\u00fcsli&nbsp;kann man sich dort aus frischen, leckeren Zutaten&nbsp;zusammenstellen.<\/p>\n\n\n\n<p><strong><a href=\"https:\/\/www.salzburgschmeckt.at\/maerkte\/wochenmarkt-tamsweg\/\" target=\"_blank\" rel=\"noreferrer noopener\">Wochenmarkt Tamsweg<\/a><\/strong><br>Marktplatz<br>5580 Tamsweg<br>\u00d6ffnungszeiten:  Freitag 8:00 &#8211; 12:00 Uhr; Februar bis Dezember<\/p>\n\n\n<div class=\"mag-gallery\"><div class=\"row\"><div class=\"col-6 col-sm-4\"><figure><a class=\"thumb-container\" href=\"https:\/\/www.salzburgerland.com\/de\/magazin\/wp-content\/uploads\/2021\/09\/Brot-1280x1024.jpg\">\t<picture><source media=\"(min-width: 576px)\" srcset=\"https:\/\/www.salzburgerland.com\/de\/magazin\/wp-content\/uploads\/2021\/09\/Brot-325x209.jpg 325w, https:\/\/www.salzburgerland.com\/de\/magazin\/wp-content\/uploads\/2021\/09\/Brot-249x160.jpg 249w\"><\/source><source media=\"(min-width: 0)\" srcset=\"https:\/\/www.salzburgerland.com\/de\/magazin\/wp-content\/uploads\/2021\/09\/Brot-249x160.jpg 249w, https:\/\/www.salzburgerland.com\/de\/magazin\/wp-content\/uploads\/2021\/09\/Brot-325x209.jpg 325w\"><\/source><img decoding=\"async\" alt=\"Rustikale, knusprige Brotlaibe auf einem mit Mehl best&auml;ubten Holzregal.\" src=\"https:\/\/www.salzburgerland.com\/de\/magazin\/wp-content\/uploads\/2021\/09\/Brot.jpg\">\t<\/picture><figcaption>Bauernbrot<\/figcaption><\/a><\/figure><\/div><div class=\"col-6 col-sm-4\"><figure><a class=\"thumb-container\" href=\"https:\/\/www.salzburgerland.com\/de\/magazin\/wp-content\/uploads\/2021\/09\/Eier-1280x1024.jpg\">\t<picture><source media=\"(min-width: 576px)\" srcset=\"https:\/\/www.salzburgerland.com\/de\/magazin\/wp-content\/uploads\/2021\/09\/Eier-325x209.jpg 325w, https:\/\/www.salzburgerland.com\/de\/magazin\/wp-content\/uploads\/2021\/09\/Eier-249x160.jpg 249w\"><\/source><source media=\"(min-width: 0)\" srcset=\"https:\/\/www.salzburgerland.com\/de\/magazin\/wp-content\/uploads\/2021\/09\/Eier-249x160.jpg 249w, https:\/\/www.salzburgerland.com\/de\/magazin\/wp-content\/uploads\/2021\/09\/Eier-325x209.jpg 325w\"><\/source><img decoding=\"async\" alt=\"In einer mit Heu gef&uuml;llten Holzschale liegen f&uuml;nf braune Eier, auf einem davon liegt eine dunkle Feder.\" src=\"https:\/\/www.salzburgerland.com\/de\/magazin\/wp-content\/uploads\/2021\/09\/Eier.jpg\">\t<\/picture><figcaption>Eier<\/figcaption><\/a><\/figure><\/div><div class=\"col-6 col-sm-4\"><figure><a class=\"thumb-container\" href=\"https:\/\/www.salzburgerland.com\/de\/magazin\/wp-content\/uploads\/2021\/09\/Frischfleisch-1280x1024.jpg\">\t<picture><source media=\"(min-width: 576px)\" srcset=\"https:\/\/www.salzburgerland.com\/de\/magazin\/wp-content\/uploads\/2021\/09\/Frischfleisch-325x209.jpg 325w, https:\/\/www.salzburgerland.com\/de\/magazin\/wp-content\/uploads\/2021\/09\/Frischfleisch-249x160.jpg 249w\"><\/source><source media=\"(min-width: 0)\" srcset=\"https:\/\/www.salzburgerland.com\/de\/magazin\/wp-content\/uploads\/2021\/09\/Frischfleisch-249x160.jpg 249w, https:\/\/www.salzburgerland.com\/de\/magazin\/wp-content\/uploads\/2021\/09\/Frischfleisch-325x209.jpg 325w\"><\/source><img decoding=\"async\" alt=\"Eine Person mit Handschuhen schneidet rohes Rindfleisch mit einem gro&szlig;en Messer auf einem h&ouml;lzernen Schneidebrett.\" src=\"https:\/\/www.salzburgerland.com\/de\/magazin\/wp-content\/uploads\/2021\/09\/Frischfleisch.jpg\">\t<\/picture><figcaption>Frischfleisch<\/figcaption><\/a><\/figure><\/div><div class=\"col-6 col-sm-4\"><figure><a class=\"thumb-container\" href=\"https:\/\/www.salzburgerland.com\/de\/magazin\/wp-content\/uploads\/2021\/09\/Joghurt-1280x1024.jpg\">\t<picture><source media=\"(min-width: 576px)\" srcset=\"https:\/\/www.salzburgerland.com\/de\/magazin\/wp-content\/uploads\/2021\/09\/Joghurt-325x209.jpg 325w, https:\/\/www.salzburgerland.com\/de\/magazin\/wp-content\/uploads\/2021\/09\/Joghurt-249x160.jpg 249w\"><\/source><source media=\"(min-width: 0)\" srcset=\"https:\/\/www.salzburgerland.com\/de\/magazin\/wp-content\/uploads\/2021\/09\/Joghurt-249x160.jpg 249w, https:\/\/www.salzburgerland.com\/de\/magazin\/wp-content\/uploads\/2021\/09\/Joghurt-325x209.jpg 325w\"><\/source><img decoding=\"async\" alt=\"Eine Schale Joghurt mit zwei Erdbeerscheiben darauf, die auf einer h&ouml;lzernen Unterlage neben Weizenst&auml;ngeln platziert wird.\" src=\"https:\/\/www.salzburgerland.com\/de\/magazin\/wp-content\/uploads\/2021\/09\/Joghurt.jpg\">\t<\/picture><figcaption>Frisches Joghurt<\/figcaption><\/a><\/figure><\/div><div class=\"col-6 col-sm-4\"><figure><a class=\"thumb-container\" href=\"https:\/\/www.salzburgerland.com\/de\/magazin\/wp-content\/uploads\/2021\/09\/Kaese-1280x1024.jpg\">\t<picture><source media=\"(min-width: 576px)\" srcset=\"https:\/\/www.salzburgerland.com\/de\/magazin\/wp-content\/uploads\/2021\/09\/Kaese-325x209.jpg 325w, https:\/\/www.salzburgerland.com\/de\/magazin\/wp-content\/uploads\/2021\/09\/Kaese-249x160.jpg 249w\"><\/source><source media=\"(min-width: 0)\" srcset=\"https:\/\/www.salzburgerland.com\/de\/magazin\/wp-content\/uploads\/2021\/09\/Kaese-249x160.jpg 249w, https:\/\/www.salzburgerland.com\/de\/magazin\/wp-content\/uploads\/2021\/09\/Kaese-325x209.jpg 325w\"><\/source><img decoding=\"async\" alt=\"Eine Person schneidet einen gro&szlig;en K&auml;seblock mit einem gro&szlig;en Metallmesser auf einem wei&szlig;en Schneidebrett.\" src=\"https:\/\/www.salzburgerland.com\/de\/magazin\/wp-content\/uploads\/2021\/09\/Kaese.jpg\">\t<\/picture><figcaption>K&auml;sesepzialit&auml;ten<\/figcaption><\/a><\/figure><\/div><div class=\"col-6 col-sm-4\"><figure><a class=\"thumb-container\" href=\"https:\/\/www.salzburgerland.com\/de\/magazin\/wp-content\/uploads\/2021\/09\/MA_9039.jpg\">\t<picture><source media=\"(min-width: 576px)\" srcset=\"https:\/\/www.salzburgerland.com\/de\/magazin\/wp-content\/uploads\/2021\/09\/MA_9039-325x209.jpg 325w, https:\/\/www.salzburgerland.com\/de\/magazin\/wp-content\/uploads\/2021\/09\/MA_9039-249x160.jpg 249w\"><\/source><source media=\"(min-width: 0)\" srcset=\"https:\/\/www.salzburgerland.com\/de\/magazin\/wp-content\/uploads\/2021\/09\/MA_9039-249x160.jpg 249w, https:\/\/www.salzburgerland.com\/de\/magazin\/wp-content\/uploads\/2021\/09\/MA_9039-325x209.jpg 325w\"><\/source><img decoding=\"async\" alt=\"Drei Gl&auml;ser Biomilch und Rohmilch aus dem Flachgau, die auf Deutsch als Joghurt und Sauerrahm bezeichnet werden.\" src=\"https:\/\/www.salzburgerland.com\/de\/magazin\/wp-content\/uploads\/2021\/09\/MA_9039.jpg\">\t<\/picture><figcaption>Milchprodukte<\/figcaption><\/a><\/figure><\/div><\/div><figcaption> &copy; Salzburger Agrarmarketing <\/figcaption><\/div>\n\n\n\n<p><\/p>\n\n\n\n<h2 class=\"wp-block-heading\">Buchtipp: Wunderbares Wintergem\u00fcse<\/h2>\n\n\n\n<p>Nach dem Einkauf geht es nun ans Kochen. Ob ihr euch schon vorher durch Rezepte schm\u00f6kert und ganz gezielt die Zutaten besorgt oder ihr euch doch vom breiten Marktangebot inspirieren l\u00e4sst, ist reine Geschmackssache. So oder so, haben wir einen Tipp f\u00fcr ein passendes Kochbuch und mit etwas Gl\u00fcck k\u00f6nnt ihr sogar ein druckfrisches Exemplar gewinnen.<\/p>\n\n\n\n<p>&#8222;Wunderbares Wintergem\u00fcse&#8220; hei\u00dft das neueste Werk von Erwin Werlberger, seines Zeichens Chefkoch vom <a href=\"https:\/\/www.winterstellgut.at\/de\/\" target=\"_blank\" rel=\"noreferrer noopener\">Winterstellgut in Annaberg<\/a>, das vom Servus Verlag herausgegeben und am 19. Oktober 2021 erscheint. Wie der Titel schon vermuten l\u00e4sst, dreht sich hier alles rund ums Gem\u00fcse. Von Chicor\u00e9e \u00fcber Tompinambur bis zur Schwarzwurzel \u2013 um nur einige zu nennen \u2013 verarbeitet der renommierte Koch alles, was das Lagergem\u00fcse so hergibt. Und die Rezepte sind durchwegs ungew\u00f6hnlich. Wie w\u00e4re es etwa mit Gr\u00fcnkohltascherl oder einem Rotkrautsouffl\u00e9 mit Schokosauce? <\/p>\n\n\n\n<figure class=\"wp-block-image size-full\"><img loading=\"lazy\" decoding=\"async\" width=\"595\" height=\"737\" src=\"https:\/\/www.salzburgerland.com\/de\/magazin\/wp-content\/uploads\/2021\/09\/Wintergemuese_Cover_72ppi.jpg\" alt=\"Ein Teller mit ger\u00f6steten M\u00f6hren mit Haseln\u00fcssen auf Blattgem\u00fcse, mit dem Text Wunderbares Wintergem\u00fcse.\" class=\"wp-image-157691\" srcset=\"https:\/\/www.salzburgerland.com\/de\/magazin\/wp-content\/uploads\/2021\/09\/Wintergemuese_Cover_72ppi.jpg 595w, https:\/\/www.salzburgerland.com\/de\/magazin\/wp-content\/uploads\/2021\/09\/Wintergemuese_Cover_72ppi-242x300.jpg 242w, https:\/\/www.salzburgerland.com\/de\/magazin\/wp-content\/uploads\/2021\/09\/Wintergemuese_Cover_72ppi-444x550.jpg 444w, https:\/\/www.salzburgerland.com\/de\/magazin\/wp-content\/uploads\/2021\/09\/Wintergemuese_Cover_72ppi-323x400.jpg 323w, https:\/\/www.salzburgerland.com\/de\/magazin\/wp-content\/uploads\/2021\/09\/Wintergemuese_Cover_72ppi-150x186.jpg 150w\" sizes=\"auto, (max-width: 595px) 100vw, 595px\" \/><figcaption>\u00a9 Servus Verlag, Buchtitel Wunderbares Wintergem\u00fcse<\/figcaption><\/figure>\n\n\n\n<p><br> <\/p>\n","protected":false},"excerpt":{"rendered":"<p>Egal zu welcher Jahreszeit, die bunte Vielfalt der Wochenm\u00e4rkte ist nicht nur optisch ein Genuss. Rot leuchten die knackigen Radieschen mit den saftigen Tomaten um die Wette. Sattgr\u00fcne Salate, Spinat und Mangold strotzen nur so vor Vitaminen. Dunkel-violett reihen sich die Roten R\u00fcben&nbsp;an die Melanzani und f\u00fcr einen kr\u00e4ftigen Farbtupfer sorgen die ersten orange-leuchtenden K\u00fcrbisse. [&hellip;]<\/p>\n","protected":false},"author":90,"featured_media":157684,"comment_status":"open","ping_status":"closed","sticky":false,"template":"","format":"standard","meta":{"_acf_changed":false,"wl_entities_gutenberg":"","_wl_entity_redirect_enabled":"","footnotes":""},"categories":[3],"tags":[],"wl_entity_type":[306],"monatsauswahl":[],"class_list":["post-157680","post","type-post","status-publish","format-standard","has-post-thumbnail","hentry","category-essen-trinken","wl_entity_type-article"],"acf":[],"yoast_head":"<!-- This site is optimized with the Yoast SEO Premium plugin v27.4 (Yoast SEO v27.4) - https:\/\/yoast.com\/product\/yoast-seo-premium-wordpress\/ -->\n<title>Salzburgs sch\u00f6nste Wochenm\u00e4rkte - SalzburgerLand Magazin<\/title>\n<meta name=\"robots\" content=\"index, follow, max-snippet:-1, max-image-preview:large, max-video-preview:-1\" \/>\n<link rel=\"canonical\" href=\"https:\/\/www.salzburgerland.com\/de\/magazin\/salzburgs-schoenste-wochenmaerkte\/\" \/>\n<meta property=\"og:locale\" content=\"de_DE\" \/>\n<meta property=\"og:type\" content=\"article\" \/>\n<meta property=\"og:title\" content=\"Salzburgs sch\u00f6nste Wochenm\u00e4rkte\" \/>\n<meta property=\"og:description\" content=\"Egal zu welcher Jahreszeit, die bunte Vielfalt der Wochenm\u00e4rkte ist nicht nur optisch ein Genuss. Rot leuchten die knackigen Radieschen mit den saftigen Tomaten um die Wette. Sattgr\u00fcne Salate, Spinat und Mangold strotzen nur so vor Vitaminen. Dunkel-violett reihen sich die Roten R\u00fcben&nbsp;an die Melanzani und f\u00fcr einen kr\u00e4ftigen Farbtupfer sorgen die ersten orange-leuchtenden K\u00fcrbisse. [&hellip;]\" \/>\n<meta property=\"og:url\" content=\"https:\/\/www.salzburgerland.com\/de\/magazin\/salzburgs-schoenste-wochenmaerkte\/\" \/>\n<meta property=\"og:site_name\" content=\"SalzburgerLand Magazin\" \/>\n<meta property=\"article:publisher\" content=\"https:\/\/www.facebook.com\/salzburgerland\/\" \/>\n<meta property=\"article:published_time\" content=\"2021-09-27T08:42:07+00:00\" \/>\n<meta property=\"article:modified_time\" content=\"2021-10-14T12:44:26+00:00\" \/>\n<meta property=\"og:image\" content=\"https:\/\/www.salzburgerland.com\/de\/magazin\/wp-content\/uploads\/2021\/09\/Maerkte_Schranne-210.jpg\" \/>\n\t<meta property=\"og:image:width\" content=\"1920\" \/>\n\t<meta property=\"og:image:height\" content=\"1281\" \/>\n\t<meta property=\"og:image:type\" content=\"image\/jpeg\" \/>\n<meta name=\"author\" content=\"Ulli Hammerl\" \/>\n<meta name=\"twitter:card\" content=\"summary_large_image\" \/>\n<meta name=\"twitter:creator\" content=\"@Salzburgerland\" \/>\n<meta name=\"twitter:site\" content=\"@Salzburgerland\" \/>\n<meta name=\"twitter:label1\" content=\"Verfasst von\" \/>\n\t<meta name=\"twitter:data1\" content=\"Ulli Hammerl\" \/>\n\t<meta name=\"twitter:label2\" content=\"Gesch\u00e4tzte Lesezeit\" \/>\n\t<meta name=\"twitter:data2\" content=\"7\u00a0Minuten\" \/>\n<script type=\"application\/ld+json\" class=\"yoast-schema-graph\">{\"@context\":\"https:\\\/\\\/schema.org\",\"@graph\":[{\"@type\":\"Article\",\"@id\":\"https:\\\/\\\/www.salzburgerland.com\\\/de\\\/magazin\\\/salzburgs-schoenste-wochenmaerkte\\\/#article\",\"isPartOf\":{\"@id\":\"https:\\\/\\\/www.salzburgerland.com\\\/de\\\/magazin\\\/salzburgs-schoenste-wochenmaerkte\\\/\"},\"author\":{\"name\":\"Ulli Hammerl\",\"@id\":\"https:\\\/\\\/www.salzburgerland.com\\\/de\\\/magazin\\\/#\\\/schema\\\/person\\\/a55a4fee1009b9e458d298480a18a9f7\"},\"headline\":\"Salzburgs sch\u00f6nste Wochenm\u00e4rkte\",\"datePublished\":\"2021-09-27T08:42:07+00:00\",\"dateModified\":\"2021-10-14T12:44:26+00:00\",\"mainEntityOfPage\":{\"@id\":\"https:\\\/\\\/www.salzburgerland.com\\\/de\\\/magazin\\\/salzburgs-schoenste-wochenmaerkte\\\/\"},\"wordCount\":999,\"commentCount\":0,\"publisher\":{\"@id\":\"https:\\\/\\\/www.salzburgerland.com\\\/de\\\/magazin\\\/#organization\"},\"image\":{\"@id\":\"https:\\\/\\\/www.salzburgerland.com\\\/de\\\/magazin\\\/salzburgs-schoenste-wochenmaerkte\\\/#primaryimage\"},\"thumbnailUrl\":\"https:\\\/\\\/www.salzburgerland.com\\\/de\\\/magazin\\\/wp-content\\\/uploads\\\/2021\\\/09\\\/Maerkte_Schranne-210.jpg\",\"articleSection\":[\"Essen &amp; Trinken\"],\"inLanguage\":\"de\",\"potentialAction\":[{\"@type\":\"CommentAction\",\"name\":\"Comment\",\"target\":[\"https:\\\/\\\/www.salzburgerland.com\\\/de\\\/magazin\\\/salzburgs-schoenste-wochenmaerkte\\\/#respond\"]}]},{\"@type\":\"WebPage\",\"@id\":\"https:\\\/\\\/www.salzburgerland.com\\\/de\\\/magazin\\\/salzburgs-schoenste-wochenmaerkte\\\/\",\"url\":\"https:\\\/\\\/www.salzburgerland.com\\\/de\\\/magazin\\\/salzburgs-schoenste-wochenmaerkte\\\/\",\"name\":\"Salzburgs sch\u00f6nste Wochenm\u00e4rkte - SalzburgerLand Magazin\",\"isPartOf\":{\"@id\":\"https:\\\/\\\/www.salzburgerland.com\\\/de\\\/magazin\\\/#website\"},\"primaryImageOfPage\":{\"@id\":\"https:\\\/\\\/www.salzburgerland.com\\\/de\\\/magazin\\\/salzburgs-schoenste-wochenmaerkte\\\/#primaryimage\"},\"image\":{\"@id\":\"https:\\\/\\\/www.salzburgerland.com\\\/de\\\/magazin\\\/salzburgs-schoenste-wochenmaerkte\\\/#primaryimage\"},\"thumbnailUrl\":\"https:\\\/\\\/www.salzburgerland.com\\\/de\\\/magazin\\\/wp-content\\\/uploads\\\/2021\\\/09\\\/Maerkte_Schranne-210.jpg\",\"datePublished\":\"2021-09-27T08:42:07+00:00\",\"dateModified\":\"2021-10-14T12:44:26+00:00\",\"breadcrumb\":{\"@id\":\"https:\\\/\\\/www.salzburgerland.com\\\/de\\\/magazin\\\/salzburgs-schoenste-wochenmaerkte\\\/#breadcrumb\"},\"inLanguage\":\"de\",\"potentialAction\":[{\"@type\":\"ReadAction\",\"target\":[\"https:\\\/\\\/www.salzburgerland.com\\\/de\\\/magazin\\\/salzburgs-schoenste-wochenmaerkte\\\/\"]}]},{\"@type\":\"ImageObject\",\"inLanguage\":\"de\",\"@id\":\"https:\\\/\\\/www.salzburgerland.com\\\/de\\\/magazin\\\/salzburgs-schoenste-wochenmaerkte\\\/#primaryimage\",\"url\":\"https:\\\/\\\/www.salzburgerland.com\\\/de\\\/magazin\\\/wp-content\\\/uploads\\\/2021\\\/09\\\/Maerkte_Schranne-210.jpg\",\"contentUrl\":\"https:\\\/\\\/www.salzburgerland.com\\\/de\\\/magazin\\\/wp-content\\\/uploads\\\/2021\\\/09\\\/Maerkte_Schranne-210.jpg\",\"width\":1920,\"height\":1281,\"caption\":\"\u00a9 Salzburger Agrar Marketing - Salzburger Schranne\"},{\"@type\":\"BreadcrumbList\",\"@id\":\"https:\\\/\\\/www.salzburgerland.com\\\/de\\\/magazin\\\/salzburgs-schoenste-wochenmaerkte\\\/#breadcrumb\",\"itemListElement\":[{\"@type\":\"ListItem\",\"position\":1,\"name\":\"Startseite\",\"item\":\"https:\\\/\\\/www.salzburgerland.com\\\/de\\\/magazin\\\/\"},{\"@type\":\"ListItem\",\"position\":2,\"name\":\"Essen &amp; Trinken\",\"item\":\"https:\\\/\\\/www.salzburgerland.com\\\/de\\\/magazin\\\/thema\\\/essen-trinken\\\/\"},{\"@type\":\"ListItem\",\"position\":3,\"name\":\"Salzburgs sch\u00f6nste Wochenm\u00e4rkte\"}]},{\"@type\":\"WebSite\",\"@id\":\"https:\\\/\\\/www.salzburgerland.com\\\/de\\\/magazin\\\/#website\",\"url\":\"https:\\\/\\\/www.salzburgerland.com\\\/de\\\/magazin\\\/\",\"name\":\"SalzburgerLand Magazin\",\"description\":\"Geschichten und Interessantes aus dem SalzburgerLand\",\"publisher\":{\"@id\":\"https:\\\/\\\/www.salzburgerland.com\\\/de\\\/magazin\\\/#organization\"},\"potentialAction\":[{\"@type\":\"SearchAction\",\"target\":{\"@type\":\"EntryPoint\",\"urlTemplate\":\"https:\\\/\\\/www.salzburgerland.com\\\/de\\\/magazin\\\/?s={search_term_string}\"},\"query-input\":{\"@type\":\"PropertyValueSpecification\",\"valueRequired\":true,\"valueName\":\"search_term_string\"}}],\"inLanguage\":\"de\"},{\"@type\":\"Organization\",\"@id\":\"https:\\\/\\\/www.salzburgerland.com\\\/de\\\/magazin\\\/#organization\",\"name\":\"SalzburgerLand Tourismus\",\"url\":\"https:\\\/\\\/www.salzburgerland.com\\\/de\\\/magazin\\\/\",\"logo\":{\"@type\":\"ImageObject\",\"inLanguage\":\"de\",\"@id\":\"https:\\\/\\\/www.salzburgerland.com\\\/de\\\/magazin\\\/#\\\/schema\\\/logo\\\/image\\\/\",\"url\":\"https:\\\/\\\/www.salzburgerland.com\\\/de\\\/magazin\\\/wp-content\\\/uploads\\\/2019\\\/06\\\/salzburgerland-logo1.jpg\",\"contentUrl\":\"https:\\\/\\\/www.salzburgerland.com\\\/de\\\/magazin\\\/wp-content\\\/uploads\\\/2019\\\/06\\\/salzburgerland-logo1.jpg\",\"width\":2011,\"height\":866,\"caption\":\"SalzburgerLand Tourismus\"},\"image\":{\"@id\":\"https:\\\/\\\/www.salzburgerland.com\\\/de\\\/magazin\\\/#\\\/schema\\\/logo\\\/image\\\/\"},\"sameAs\":[\"https:\\\/\\\/www.facebook.com\\\/salzburgerland\\\/\",\"https:\\\/\\\/x.com\\\/Salzburgerland\",\"https:\\\/\\\/www.instagram.com\\\/salzburgerland\\\/\",\"https:\\\/\\\/at.linkedin.com\\\/company\\\/salzburgerland-tourismus-gmbh\",\"https:\\\/\\\/www.pinterest.at\\\/salzburgerland\\\/\",\"https:\\\/\\\/www.youtube.com\\\/user\\\/salzburgerland\",\"https:\\\/\\\/de.wikipedia.org\\\/wiki\\\/SalzburgerLand_Tourismus_GmbH\"]},{\"@type\":\"Person\",\"@id\":\"https:\\\/\\\/www.salzburgerland.com\\\/de\\\/magazin\\\/#\\\/schema\\\/person\\\/a55a4fee1009b9e458d298480a18a9f7\",\"name\":\"Ulli Hammerl\",\"description\":\"Geboren und aufgewachsen in der Stadt Salzburg war Ulli Hammerl fr\u00fch bewusst, in einer der sch\u00f6nsten St\u00e4dte der Welt zu leben. So ist sie auch w\u00e4hrend ihres Studiums der Kommunikationswissenschaft und \u00d6kologie ihrer Heimatstadt treu geblieben. Gleich nach dem Studium ist sie zu SalzburgerLand Tourismus (SLTG) gegangen und hat hier von 1998 - 2004 u.a. die SalzburgerLand Card betreut. Dabei ist sie viel herumgekommen, wodurch auch die Liebe zum SalzburgerLand enstanden und gewachsen ist. Nach der Geburt ihrer Tochter im September 2004 hat sich Ulli Hammerl 2007 mit einer Agentur selbst\u00e4ndig gemacht. Mein pers\u00f6nlicher Logenplatz: Hoch \u00fcber Salzburg, abseits der stark begangenen Wege mit Blick auf die D\u00e4cher und Kircht\u00fcrme der Stadt \u2013 hier geht mir das Herz auf! Morgen- oder Abendmensch: Ganz klar: Morgenmensch. Wenn um 5.00 Uhr fr\u00fch die V\u00f6gel zwitschern und rund herum noch alles in tiefer Ruhe versinkt, dann ist meine Zeit. Ausgeschlafen, Energie geladen und voller Tatendrang starte ich am liebsten in den fr\u00fchen Morgenstunden in den Tag. Daf\u00fcr kann man nach 21.00 Uhr nicht mehr mit mir rechnen. Buch oder Film: Es gibt nichts Sch\u00f6neres, als es sich am Ende des Tages auf der Couch gem\u00fctlich zu machen und in die Gedankenwelt eines guten Buches einzutauchen \u2013 Lesen ist Abenteuer im Kopf. Wandern, Spazierengehen oder Laufen: alles drei und zwar am besten jeden Tag. Mit ein bisschen Zeiteinteilung geht es sich tats\u00e4chlich fast gehen Tag aus, drau\u00dfen unterwegs zu sein. Fr\u00fchling, Sommer, Herbst oder Winter: Ich kann es im Fr\u00fchling kaum erwarten, die ersten Gr\u00fcnschattierungen in der Natur zu entdecken. Ich liebe hei\u00dfe Sommertage am See und laue Sommerabende am Balkon. Ich mag es, wenn im Herbst die W\u00e4lder in einem Meer aus Farben erstrahlen, Laubrascheln und Kastanien sammeln. Und ich freue mich wie ein Kind, wenn im Dezember die ersten Schneeflocken vom Himmel schweben. Die vier Jahreszeiten sind etwas Wunderbares.\",\"url\":\"https:\\\/\\\/www.salzburgerland.com\\\/de\\\/magazin\\\/author\\\/ulli-hammerl\\\/\"}]}<\/script>\n<!-- \/ Yoast SEO Premium plugin. -->","yoast_head_json":{"title":"Salzburgs sch\u00f6nste Wochenm\u00e4rkte - SalzburgerLand Magazin","robots":{"index":"index","follow":"follow","max-snippet":"max-snippet:-1","max-image-preview":"max-image-preview:large","max-video-preview":"max-video-preview:-1"},"canonical":"https:\/\/www.salzburgerland.com\/de\/magazin\/salzburgs-schoenste-wochenmaerkte\/","og_locale":"de_DE","og_type":"article","og_title":"Salzburgs sch\u00f6nste Wochenm\u00e4rkte","og_description":"Egal zu welcher Jahreszeit, die bunte Vielfalt der Wochenm\u00e4rkte ist nicht nur optisch ein Genuss. Rot leuchten die knackigen Radieschen mit den saftigen Tomaten um die Wette. Sattgr\u00fcne Salate, Spinat und Mangold strotzen nur so vor Vitaminen. Dunkel-violett reihen sich die Roten R\u00fcben&nbsp;an die Melanzani und f\u00fcr einen kr\u00e4ftigen Farbtupfer sorgen die ersten orange-leuchtenden K\u00fcrbisse. [&hellip;]","og_url":"https:\/\/www.salzburgerland.com\/de\/magazin\/salzburgs-schoenste-wochenmaerkte\/","og_site_name":"SalzburgerLand Magazin","article_publisher":"https:\/\/www.facebook.com\/salzburgerland\/","article_published_time":"2021-09-27T08:42:07+00:00","article_modified_time":"2021-10-14T12:44:26+00:00","og_image":[{"width":1920,"height":1281,"url":"https:\/\/www.salzburgerland.com\/de\/magazin\/wp-content\/uploads\/2021\/09\/Maerkte_Schranne-210.jpg","type":"image\/jpeg"}],"author":"Ulli Hammerl","twitter_card":"summary_large_image","twitter_creator":"@Salzburgerland","twitter_site":"@Salzburgerland","twitter_misc":{"Verfasst von":"Ulli Hammerl","Gesch\u00e4tzte Lesezeit":"7\u00a0Minuten"},"schema":{"@context":"https:\/\/schema.org","@graph":[{"@type":"Article","@id":"https:\/\/www.salzburgerland.com\/de\/magazin\/salzburgs-schoenste-wochenmaerkte\/#article","isPartOf":{"@id":"https:\/\/www.salzburgerland.com\/de\/magazin\/salzburgs-schoenste-wochenmaerkte\/"},"author":{"name":"Ulli Hammerl","@id":"https:\/\/www.salzburgerland.com\/de\/magazin\/#\/schema\/person\/a55a4fee1009b9e458d298480a18a9f7"},"headline":"Salzburgs sch\u00f6nste Wochenm\u00e4rkte","datePublished":"2021-09-27T08:42:07+00:00","dateModified":"2021-10-14T12:44:26+00:00","mainEntityOfPage":{"@id":"https:\/\/www.salzburgerland.com\/de\/magazin\/salzburgs-schoenste-wochenmaerkte\/"},"wordCount":999,"commentCount":0,"publisher":{"@id":"https:\/\/www.salzburgerland.com\/de\/magazin\/#organization"},"image":{"@id":"https:\/\/www.salzburgerland.com\/de\/magazin\/salzburgs-schoenste-wochenmaerkte\/#primaryimage"},"thumbnailUrl":"https:\/\/www.salzburgerland.com\/de\/magazin\/wp-content\/uploads\/2021\/09\/Maerkte_Schranne-210.jpg","articleSection":["Essen &amp; Trinken"],"inLanguage":"de","potentialAction":[{"@type":"CommentAction","name":"Comment","target":["https:\/\/www.salzburgerland.com\/de\/magazin\/salzburgs-schoenste-wochenmaerkte\/#respond"]}]},{"@type":"WebPage","@id":"https:\/\/www.salzburgerland.com\/de\/magazin\/salzburgs-schoenste-wochenmaerkte\/","url":"https:\/\/www.salzburgerland.com\/de\/magazin\/salzburgs-schoenste-wochenmaerkte\/","name":"Salzburgs sch\u00f6nste Wochenm\u00e4rkte - SalzburgerLand Magazin","isPartOf":{"@id":"https:\/\/www.salzburgerland.com\/de\/magazin\/#website"},"primaryImageOfPage":{"@id":"https:\/\/www.salzburgerland.com\/de\/magazin\/salzburgs-schoenste-wochenmaerkte\/#primaryimage"},"image":{"@id":"https:\/\/www.salzburgerland.com\/de\/magazin\/salzburgs-schoenste-wochenmaerkte\/#primaryimage"},"thumbnailUrl":"https:\/\/www.salzburgerland.com\/de\/magazin\/wp-content\/uploads\/2021\/09\/Maerkte_Schranne-210.jpg","datePublished":"2021-09-27T08:42:07+00:00","dateModified":"2021-10-14T12:44:26+00:00","breadcrumb":{"@id":"https:\/\/www.salzburgerland.com\/de\/magazin\/salzburgs-schoenste-wochenmaerkte\/#breadcrumb"},"inLanguage":"de","potentialAction":[{"@type":"ReadAction","target":["https:\/\/www.salzburgerland.com\/de\/magazin\/salzburgs-schoenste-wochenmaerkte\/"]}]},{"@type":"ImageObject","inLanguage":"de","@id":"https:\/\/www.salzburgerland.com\/de\/magazin\/salzburgs-schoenste-wochenmaerkte\/#primaryimage","url":"https:\/\/www.salzburgerland.com\/de\/magazin\/wp-content\/uploads\/2021\/09\/Maerkte_Schranne-210.jpg","contentUrl":"https:\/\/www.salzburgerland.com\/de\/magazin\/wp-content\/uploads\/2021\/09\/Maerkte_Schranne-210.jpg","width":1920,"height":1281,"caption":"\u00a9 Salzburger Agrar Marketing - Salzburger Schranne"},{"@type":"BreadcrumbList","@id":"https:\/\/www.salzburgerland.com\/de\/magazin\/salzburgs-schoenste-wochenmaerkte\/#breadcrumb","itemListElement":[{"@type":"ListItem","position":1,"name":"Startseite","item":"https:\/\/www.salzburgerland.com\/de\/magazin\/"},{"@type":"ListItem","position":2,"name":"Essen &amp; Trinken","item":"https:\/\/www.salzburgerland.com\/de\/magazin\/thema\/essen-trinken\/"},{"@type":"ListItem","position":3,"name":"Salzburgs sch\u00f6nste Wochenm\u00e4rkte"}]},{"@type":"WebSite","@id":"https:\/\/www.salzburgerland.com\/de\/magazin\/#website","url":"https:\/\/www.salzburgerland.com\/de\/magazin\/","name":"SalzburgerLand Magazin","description":"Geschichten und Interessantes aus dem SalzburgerLand","publisher":{"@id":"https:\/\/www.salzburgerland.com\/de\/magazin\/#organization"},"potentialAction":[{"@type":"SearchAction","target":{"@type":"EntryPoint","urlTemplate":"https:\/\/www.salzburgerland.com\/de\/magazin\/?s={search_term_string}"},"query-input":{"@type":"PropertyValueSpecification","valueRequired":true,"valueName":"search_term_string"}}],"inLanguage":"de"},{"@type":"Organization","@id":"https:\/\/www.salzburgerland.com\/de\/magazin\/#organization","name":"SalzburgerLand Tourismus","url":"https:\/\/www.salzburgerland.com\/de\/magazin\/","logo":{"@type":"ImageObject","inLanguage":"de","@id":"https:\/\/www.salzburgerland.com\/de\/magazin\/#\/schema\/logo\/image\/","url":"https:\/\/www.salzburgerland.com\/de\/magazin\/wp-content\/uploads\/2019\/06\/salzburgerland-logo1.jpg","contentUrl":"https:\/\/www.salzburgerland.com\/de\/magazin\/wp-content\/uploads\/2019\/06\/salzburgerland-logo1.jpg","width":2011,"height":866,"caption":"SalzburgerLand Tourismus"},"image":{"@id":"https:\/\/www.salzburgerland.com\/de\/magazin\/#\/schema\/logo\/image\/"},"sameAs":["https:\/\/www.facebook.com\/salzburgerland\/","https:\/\/x.com\/Salzburgerland","https:\/\/www.instagram.com\/salzburgerland\/","https:\/\/at.linkedin.com\/company\/salzburgerland-tourismus-gmbh","https:\/\/www.pinterest.at\/salzburgerland\/","https:\/\/www.youtube.com\/user\/salzburgerland","https:\/\/de.wikipedia.org\/wiki\/SalzburgerLand_Tourismus_GmbH"]},{"@type":"Person","@id":"https:\/\/www.salzburgerland.com\/de\/magazin\/#\/schema\/person\/a55a4fee1009b9e458d298480a18a9f7","name":"Ulli Hammerl","description":"Geboren und aufgewachsen in der Stadt Salzburg war Ulli Hammerl fr\u00fch bewusst, in einer der sch\u00f6nsten St\u00e4dte der Welt zu leben. So ist sie auch w\u00e4hrend ihres Studiums der Kommunikationswissenschaft und \u00d6kologie ihrer Heimatstadt treu geblieben. Gleich nach dem Studium ist sie zu SalzburgerLand Tourismus (SLTG) gegangen und hat hier von 1998 - 2004 u.a. die SalzburgerLand Card betreut. Dabei ist sie viel herumgekommen, wodurch auch die Liebe zum SalzburgerLand enstanden und gewachsen ist. Nach der Geburt ihrer Tochter im September 2004 hat sich Ulli Hammerl 2007 mit einer Agentur selbst\u00e4ndig gemacht. Mein pers\u00f6nlicher Logenplatz: Hoch \u00fcber Salzburg, abseits der stark begangenen Wege mit Blick auf die D\u00e4cher und Kircht\u00fcrme der Stadt \u2013 hier geht mir das Herz auf! Morgen- oder Abendmensch: Ganz klar: Morgenmensch. Wenn um 5.00 Uhr fr\u00fch die V\u00f6gel zwitschern und rund herum noch alles in tiefer Ruhe versinkt, dann ist meine Zeit. Ausgeschlafen, Energie geladen und voller Tatendrang starte ich am liebsten in den fr\u00fchen Morgenstunden in den Tag. Daf\u00fcr kann man nach 21.00 Uhr nicht mehr mit mir rechnen. Buch oder Film: Es gibt nichts Sch\u00f6neres, als es sich am Ende des Tages auf der Couch gem\u00fctlich zu machen und in die Gedankenwelt eines guten Buches einzutauchen \u2013 Lesen ist Abenteuer im Kopf. Wandern, Spazierengehen oder Laufen: alles drei und zwar am besten jeden Tag. Mit ein bisschen Zeiteinteilung geht es sich tats\u00e4chlich fast gehen Tag aus, drau\u00dfen unterwegs zu sein. Fr\u00fchling, Sommer, Herbst oder Winter: Ich kann es im Fr\u00fchling kaum erwarten, die ersten Gr\u00fcnschattierungen in der Natur zu entdecken. Ich liebe hei\u00dfe Sommertage am See und laue Sommerabende am Balkon. Ich mag es, wenn im Herbst die W\u00e4lder in einem Meer aus Farben erstrahlen, Laubrascheln und Kastanien sammeln. Und ich freue mich wie ein Kind, wenn im Dezember die ersten Schneeflocken vom Himmel schweben. Die vier Jahreszeiten sind etwas Wunderbares.","url":"https:\/\/www.salzburgerland.com\/de\/magazin\/author\/ulli-hammerl\/"}]}},"_wl_alt_label":[],"wl:entity_url":"http:\/\/open.salzburgerland.com\/magazin\/post\/salzburgs_schoenste_wochenmaerkte","_links":{"self":[{"href":"https:\/\/www.salzburgerland.com\/de\/magazin\/wp-json\/wp\/v2\/posts\/157680","targetHints":{"allow":["GET"]}}],"collection":[{"href":"https:\/\/www.salzburgerland.com\/de\/magazin\/wp-json\/wp\/v2\/posts"}],"about":[{"href":"https:\/\/www.salzburgerland.com\/de\/magazin\/wp-json\/wp\/v2\/types\/post"}],"author":[{"embeddable":true,"href":"https:\/\/www.salzburgerland.com\/de\/magazin\/wp-json\/wp\/v2\/users\/90"}],"replies":[{"embeddable":true,"href":"https:\/\/www.salzburgerland.com\/de\/magazin\/wp-json\/wp\/v2\/comments?post=157680"}],"version-history":[{"count":5,"href":"https:\/\/www.salzburgerland.com\/de\/magazin\/wp-json\/wp\/v2\/posts\/157680\/revisions"}],"predecessor-version":[{"id":161927,"href":"https:\/\/www.salzburgerland.com\/de\/magazin\/wp-json\/wp\/v2\/posts\/157680\/revisions\/161927"}],"wp:featuredmedia":[{"embeddable":true,"href":"https:\/\/www.salzburgerland.com\/de\/magazin\/wp-json\/wp\/v2\/media\/157684"}],"wp:attachment":[{"href":"https:\/\/www.salzburgerland.com\/de\/magazin\/wp-json\/wp\/v2\/media?parent=157680"}],"wp:term":[{"taxonomy":"category","embeddable":true,"href":"https:\/\/www.salzburgerland.com\/de\/magazin\/wp-json\/wp\/v2\/categories?post=157680"},{"taxonomy":"post_tag","embeddable":true,"href":"https:\/\/www.salzburgerland.com\/de\/magazin\/wp-json\/wp\/v2\/tags?post=157680"},{"taxonomy":"wl_entity_type","embeddable":true,"href":"https:\/\/www.salzburgerland.com\/de\/magazin\/wp-json\/wp\/v2\/wl_entity_type?post=157680"},{"taxonomy":"monatsauswahl","embeddable":true,"href":"https:\/\/www.salzburgerland.com\/de\/magazin\/wp-json\/wp\/v2\/monatsauswahl?post=157680"}],"curies":[{"name":"wp","href":"https:\/\/api.w.org\/{rel}","templated":true}]}}