{"id":157362,"date":"2021-09-13T08:00:00","date_gmt":"2021-09-13T06:00:00","guid":{"rendered":"https:\/\/www.salzburgerland.com\/de\/magazin\/?p=157362"},"modified":"2022-04-22T11:20:53","modified_gmt":"2022-04-22T09:20:53","slug":"die-salzburger-bergsteigerdoerfer","status":"publish","type":"post","link":"https:\/\/www.salzburgerland.com\/de\/magazin\/die-salzburger-bergsteigerdoerfer\/","title":{"rendered":"Die Salzburger Bergsteigerd\u00f6rfer"},"content":{"rendered":"\n<div class=\"wp-block-slt-top topBlocks\">\n<h2 class=\"wp-block-slt-subtitle\">Charmante Orte mit alpinem Flair<\/h2>\n\n\n\n<p class=\"wp-block-slt-intro\">Aller guten Dinge sind drei \u2013 das gilt ab Herbst 2021 auch f\u00fcr die Salzburger Bergsteigerd\u00f6rfer, zu denen sich deren j\u00fcngster Vertreter G\u00f6riach gesellt. Aber was macht nun eine Gemeinde zum Bergsteigerdorf? Wir verraten es euch auf diesem gebirgigen Streifzug durchs SalzburgerLand!<\/p>\n<\/div>\n\n\n\n<p>\u201eWeniger, daf\u00fcr besser\u201c, das ist der zentrale Anspruch der <a href=\"https:\/\/www.bergsteigerdoerfer.org\/\" target=\"_blank\" rel=\"noreferrer noopener\">Bergsteigerd\u00f6rfer<\/a>. Diese l\u00e4nder- und kultur\u00fcbergreifende Initiative unter Federf\u00fchrung des \u00d6sterreichischen Alpenvereins hat sich touristische Nachhaltigkeit im Sinne der Alpenkonvention zum Ziel gesetzt. Seit 2008 widmet sich der Zusammenschluss von nunmehr 30 Orten mit urspr\u00fcnglichen Leitlinien einer nachhaltigen Entwicklung im gesamten Alpenraum:<\/p>\n\n\n\n<ul class=\"wp-block-list\"><li><strong>N\u00e4he ohne Respektlosigkeit<\/strong><\/li><li><strong>Genuss auf hohem Niveau<\/strong><\/li><li><strong>Bewegung aus eigener Kraft<\/strong><\/li><li><strong>Anregung ohne Hektik<\/strong><\/li><li><strong>Belebtheit ohne L\u00e4rm<\/strong><\/li><\/ul>\n\n\n\n<p>Wie sehr diese Punkte vereinbar sind, zeigt sich in den Bergsteigerd\u00f6rfern schon anhand ihrer charmanten Ortsbilder und des alpinen Flairs, das sie besonders authentisch verspr\u00fchen \u2013 etwa durch den Erhalt echter Berglandwirtschaft, die hier bewahrt wird und keinen gr\u00f6\u00dferen Strukturen weichen muss.<\/p>\n\n\n\n<h2 class=\"wp-block-heading\">Wei\u00dfbach \u2013 Klammen, Klettern, wildes Wasser<\/h2>\n\n\n\n<p>Wir beginnen unseren Streifzug durch die drei Salzburger Bergsteigerd\u00f6rfer im <a href=\"https:\/\/www.lofer.com\/de\/\" target=\"_blank\" rel=\"noreferrer noopener\">Saalachtal<\/a>. An den Ausl\u00e4ufern des Steinernen Meeres sowie der Leoganger- und Loferer Steinberge liegt das \u00d6rtchen Wei\u00dfbach. Viele Besucher kommen gleich mit dem <a href=\"https:\/\/www.almerlebnisbus.com\/\" target=\"_blank\" rel=\"noreferrer noopener\">ALMErlebnisBus<\/a> hierher, der von der benachbarten Nationalparkregion Berchtesgadener Land aus in den Salzburger Pinzgau verkehrt.<\/p>\n\n\n\n<p>In Wei\u00dfbach war man Pionier was das gleichrangige Miteinander mit \u201eBergradfahrern\u201c anbelangt \u2013 ab aufs Mountainbike um die weitl\u00e4ufigen Almlandschaften zu erkunden, seit jeher pr\u00e4gend im kleinen Ort zwischen Lofer und Saalfelden. Eine Vielzahl an Kletterg\u00e4rten und Klettersteigen steht zur Auswahl, schon vom Zentrum aus gibt\u2019s einen felsigen Vorgeschmack. Besonders spektakul\u00e4r sind die wilden Wasser der Saalach, die es in Wei\u00dfbach in gleich mehreren Klammen zu erleben gibt.<br><strong>Tipp:<\/strong> Mit drin im <a href=\"https:\/\/www.naturgewalten.at\/deutsch\/preise\/\" target=\"_blank\" rel=\"noreferrer noopener\">Kombiticket<\/a> von Seisenberg- und Vorderkaserklamm ist auch die l\u00e4ngste Durchgangsh\u00f6hle der Welt, die Lamprechtsh\u00f6hle.<\/p>\n\n\n<div class=\"mag-gallery\"><div class=\"row\"><div class=\"col-6 col-sm-4\"><figure><a class=\"thumb-container\" href=\"https:\/\/www.salzburgerland.com\/de\/magazin\/wp-content\/uploads\/2021\/09\/klettern-weissbach-1280x1024.jpg\">\t<picture><source media=\"(min-width: 576px)\" srcset=\"https:\/\/www.salzburgerland.com\/de\/magazin\/wp-content\/uploads\/2021\/09\/klettern-weissbach-325x209.jpg 325w, https:\/\/www.salzburgerland.com\/de\/magazin\/wp-content\/uploads\/2021\/09\/klettern-weissbach-249x160.jpg 249w\"><\/source><source media=\"(min-width: 0)\" srcset=\"https:\/\/www.salzburgerland.com\/de\/magazin\/wp-content\/uploads\/2021\/09\/klettern-weissbach-249x160.jpg 249w, https:\/\/www.salzburgerland.com\/de\/magazin\/wp-content\/uploads\/2021\/09\/klettern-weissbach-325x209.jpg 325w\"><\/source><img decoding=\"async\" alt=\"Klettersteig Wei&szlig;bach\" src=\"https:\/\/www.salzburgerland.com\/de\/magazin\/wp-content\/uploads\/2021\/09\/klettern-weissbach.jpg\">\t<\/picture><\/a><\/figure><\/div><div class=\"col-6 col-sm-4\"><figure><a class=\"thumb-container\" href=\"https:\/\/www.salzburgerland.com\/de\/magazin\/wp-content\/uploads\/2021\/09\/naturbadesee-vorderkaser-1280x1024.jpg\">\t<picture><source media=\"(min-width: 576px)\" srcset=\"https:\/\/www.salzburgerland.com\/de\/magazin\/wp-content\/uploads\/2021\/09\/naturbadesee-vorderkaser-325x209.jpg 325w, https:\/\/www.salzburgerland.com\/de\/magazin\/wp-content\/uploads\/2021\/09\/naturbadesee-vorderkaser-249x160.jpg 249w\"><\/source><source media=\"(min-width: 0)\" srcset=\"https:\/\/www.salzburgerland.com\/de\/magazin\/wp-content\/uploads\/2021\/09\/naturbadesee-vorderkaser-249x160.jpg 249w, https:\/\/www.salzburgerland.com\/de\/magazin\/wp-content\/uploads\/2021\/09\/naturbadesee-vorderkaser-325x209.jpg 325w\"><\/source><img decoding=\"async\" alt=\"Naturbadesee Vorderkaser\" src=\"https:\/\/www.salzburgerland.com\/de\/magazin\/wp-content\/uploads\/2021\/09\/naturbadesee-vorderkaser-scaled.jpg\">\t<\/picture><\/a><\/figure><\/div><div class=\"col-6 col-sm-4\"><figure><a class=\"thumb-container\" href=\"https:\/\/www.salzburgerland.com\/de\/magazin\/wp-content\/uploads\/2021\/09\/Litzlalm-Naturpark-Weissbach-1280x1024.jpg\">\t<picture><source media=\"(min-width: 576px)\" srcset=\"https:\/\/www.salzburgerland.com\/de\/magazin\/wp-content\/uploads\/2021\/09\/Litzlalm-Naturpark-Weissbach-325x209.jpg 325w, https:\/\/www.salzburgerland.com\/de\/magazin\/wp-content\/uploads\/2021\/09\/Litzlalm-Naturpark-Weissbach-249x160.jpg 249w\"><\/source><source media=\"(min-width: 0)\" srcset=\"https:\/\/www.salzburgerland.com\/de\/magazin\/wp-content\/uploads\/2021\/09\/Litzlalm-Naturpark-Weissbach-249x160.jpg 249w, https:\/\/www.salzburgerland.com\/de\/magazin\/wp-content\/uploads\/2021\/09\/Litzlalm-Naturpark-Weissbach-325x209.jpg 325w\"><\/source><img decoding=\"async\" alt=\"Litzlalm\" src=\"https:\/\/www.salzburgerland.com\/de\/magazin\/wp-content\/uploads\/2021\/09\/Litzlalm-Naturpark-Weissbach-scaled.jpg\">\t<\/picture><\/a><\/figure><\/div><\/div><figcaption>Der Klettersteig (li.) geh&ouml;rt zum Ortsbild der kleinen Gemeinde Wei&szlig;bach. In der Mitte der Naturbadesee Vorderkaser und rechts das malerische Panorama auf der Litzlalm im Naturpark Wei&szlig;bach. &copy; Salzburger Saalachtal Tourismus \/ defrancesco (Klettersteig), Kerstin Joensson (Litzlalm); ChrisTEXT.com (Naturbadesee)<\/figcaption><\/div>\n\n\n\n<h2 class=\"wp-block-heading\">H\u00fcttschlag \u2013 Hoch hinaus im Tal der Almen<\/h2>\n\n\n\n<p>Weiter geht unsere Reise in den Pongau, ins <a href=\"https:\/\/www.grossarltal.info\/\" target=\"_blank\" rel=\"noreferrer noopener\">Gro\u00dfarltal<\/a>. Dass sich darin ein pr\u00e4destiniertes Bergsteigerdorf befindet, l\u00e4sst sich schon bei der Einfahrt ins Tal leicht erahnen. Die schroffen Felsen hinter der \u201eAlten Wacht\u201c fl\u00f6\u00dfen einem schnell jenen Respekt ein, den solch w\u00fcrdevolle Orte verdienen. Bewegt man sich taleinw\u00e4rts, so wird nach dem malerischen Hauptort Gro\u00dfarl bald klar, dass es n\u00e4herkommt, das <a href=\"https:\/\/www.bergsteigerdoerfer.org\/126-0-Ueber-das-Bergsteigerdorf-Huettschlag.html\" target=\"_blank\" rel=\"noreferrer noopener\">Bergsteigerdorf H\u00fcttschlag<\/a>. Immer wuchtiger erscheint das Massiv, immer steiler, immer n\u00e4her \u2013 die \u201eH\u00fcttschlager Wand\u201c, wer sie nicht beklettert, der bestaunt sie einfach.<\/p>\n\n\n\n<p>Schon das Ortszentrum liegt auf \u00fcber 1.000 Metern Seeh\u00f6he, vom 2.886 Meter hohen Keeskogel l\u00e4sst sich dann auf fast alles erhaben herunterblicken. Und doch muss nicht immer nur hinauf, wer was erleben m\u00f6chte. Ein herrliches Vorankommen gibt es auch entlang der vielen Weitwanderwege, die zwischen Radst\u00e4dter Tauern und Ankogelgruppe durch dieses idyllische Bergsteigerdorf f\u00fchren \u2013 neben dem <a href=\"https:\/\/www.salzburgerland.com\/de\/salzburger-almenweg\/\">Salzburger Almenweg<\/a> auch der Tauernh\u00f6henweg und der Goldgr\u00e4berweg. F\u00fcr reichlich St\u00e4rkung auf den alpinen Routen sorgen ganze 40 bewirtschaftete Almen \u2013 welch Versorgungsdichte in so luftigen H\u00f6hen?!<\/p>\n\n\n\n<p><strong>Tipps:<\/strong><\/p>\n\n\n\n<ul class=\"wp-block-list\"><li>Entdeckt die neue <a href=\"https:\/\/www.grossarltal.info\/blog\/2021\/08\/23\/streetart-gallery-im-bergsteigerdorf-huettschlag-www-grossarltal-info-blog\/\" target=\"_blank\" rel=\"noreferrer noopener\">Nationalpark Streetart Gallery<\/a> an der langen Steinmauer unterhalb des Gemeindeamtes! Dort sind seltene, fliegende Tiere aufgemalt \u2013 besser gesagt nur deren Fl\u00fcgel. Den Platz des K\u00f6rpers der Tiere k\u00f6nnt ihr selbst einnehmen und so tolle Fotos von euch als Steinadler, Bartgeier oder Schmetterling schie\u00dfen.<\/li><li>Die H\u00f6henlage macht H\u00fcttschlag im Winter zur perfekten Destination f\u00fcr Skitourengeher und Langl\u00e4ufer \u2013 die H\u00fcttschlag-Loipe beginnt nahe am Ortsgebiet und steht dank hoher Schneesicherheit \u00fcber besonders lange Wintermonate zur Verf\u00fcgung.<\/li><\/ul>\n\n\n<div class=\"mag-gallery\"><div class=\"row\"><div class=\"col-6 col-sm-4\"><figure><a class=\"thumb-container\" href=\"https:\/\/www.salzburgerland.com\/de\/magazin\/wp-content\/uploads\/2021\/09\/Huettschlag-Ort-1280x1024.jpg\">\t<picture><source media=\"(min-width: 576px)\" srcset=\"https:\/\/www.salzburgerland.com\/de\/magazin\/wp-content\/uploads\/2021\/09\/Huettschlag-Ort-325x209.jpg 325w, https:\/\/www.salzburgerland.com\/de\/magazin\/wp-content\/uploads\/2021\/09\/Huettschlag-Ort-249x160.jpg 249w\"><\/source><source media=\"(min-width: 0)\" srcset=\"https:\/\/www.salzburgerland.com\/de\/magazin\/wp-content\/uploads\/2021\/09\/Huettschlag-Ort-249x160.jpg 249w, https:\/\/www.salzburgerland.com\/de\/magazin\/wp-content\/uploads\/2021\/09\/Huettschlag-Ort-325x209.jpg 325w\"><\/source><img decoding=\"async\" alt=\"Ortsbild H&uuml;ttschlag\" src=\"https:\/\/www.salzburgerland.com\/de\/magazin\/wp-content\/uploads\/2021\/09\/Huettschlag-Ort.jpg\">\t<\/picture><\/a><\/figure><\/div><div class=\"col-6 col-sm-4\"><figure><a class=\"thumb-container\" href=\"https:\/\/www.salzburgerland.com\/de\/magazin\/wp-content\/uploads\/2021\/09\/Schoedersee-Huettschlag-1280x1024.jpg\">\t<picture><source media=\"(min-width: 576px)\" srcset=\"https:\/\/www.salzburgerland.com\/de\/magazin\/wp-content\/uploads\/2021\/09\/Schoedersee-Huettschlag-325x209.jpg 325w, https:\/\/www.salzburgerland.com\/de\/magazin\/wp-content\/uploads\/2021\/09\/Schoedersee-Huettschlag-249x160.jpg 249w\"><\/source><source media=\"(min-width: 0)\" srcset=\"https:\/\/www.salzburgerland.com\/de\/magazin\/wp-content\/uploads\/2021\/09\/Schoedersee-Huettschlag-249x160.jpg 249w, https:\/\/www.salzburgerland.com\/de\/magazin\/wp-content\/uploads\/2021\/09\/Schoedersee-Huettschlag-325x209.jpg 325w\"><\/source><img decoding=\"async\" alt=\"Sch&ouml;dersee H&uuml;ttschlag\" src=\"https:\/\/www.salzburgerland.com\/de\/magazin\/wp-content\/uploads\/2021\/09\/Schoedersee-Huettschlag.jpg\">\t<\/picture><\/a><\/figure><\/div><div class=\"col-6 col-sm-4\"><figure><a class=\"thumb-container\" href=\"https:\/\/www.salzburgerland.com\/de\/magazin\/wp-content\/uploads\/2021\/09\/Streetart-Gallery-Huettschlag-1280x1024.jpg\">\t<picture><source media=\"(min-width: 576px)\" srcset=\"https:\/\/www.salzburgerland.com\/de\/magazin\/wp-content\/uploads\/2021\/09\/Streetart-Gallery-Huettschlag-325x209.jpg 325w, https:\/\/www.salzburgerland.com\/de\/magazin\/wp-content\/uploads\/2021\/09\/Streetart-Gallery-Huettschlag-249x160.jpg 249w\"><\/source><source media=\"(min-width: 0)\" srcset=\"https:\/\/www.salzburgerland.com\/de\/magazin\/wp-content\/uploads\/2021\/09\/Streetart-Gallery-Huettschlag-249x160.jpg 249w, https:\/\/www.salzburgerland.com\/de\/magazin\/wp-content\/uploads\/2021\/09\/Streetart-Gallery-Huettschlag-325x209.jpg 325w\"><\/source><img decoding=\"async\" alt=\"Streetart Gallery H&uuml;ttschlag\" src=\"https:\/\/www.salzburgerland.com\/de\/magazin\/wp-content\/uploads\/2021\/09\/Streetart-Gallery-Huettschlag.jpg\">\t<\/picture><\/a><\/figure><\/div><\/div><figcaption>&copy; TVB Gro&szlig;arltal \/ Das Ortsbild von H&uuml;ttschlag (li.), der idyllische Sch&ouml;dersee und ein Schnappschuss bei der Streetart Gallery (re.)<\/figcaption><\/div>\n\n\n\n<h2 class=\"wp-block-heading\" id=\"h-goriach-salzburgs-jungstes-bergsteigerdorf\">G\u00f6riach \u2013 Salzburgs j\u00fcngstes Bergsteigerdorf<\/h2>\n\n\n\n<p>Zum Abschluss bleiben wir umgeben von den Radst\u00e4dter Tauern, reisen aber weiter in den <a href=\"https:\/\/www.lungau.at\/de\/\" target=\"_blank\" rel=\"noreferrer noopener\">Lungau<\/a>. Salzburgs kleinster Gau ist seit 2012 UNESCO Biosph\u00e4renpark und mit G\u00f6riach k\u00fcnftig auch vertreten in der Liste der Bergsteigerd\u00f6rfer. Unter dem Motto \u201eParadiese sind klein\u201c hat sich die 348-Seelen-Gemeinde beworben \u2013 mit Erfolg, weshalb ihr jetzt die Ehre zuteil wird, Salzburgs j\u00fcngstes Bergsteigerdorf zu sein.<\/p>\n\n\n\n<p>\u00dcberzeugen konnte man die Initiatoren mit Besonderheiten wie dem <a href=\"http:\/\/www.gemeinde-goeriach.at\/Huettendorf_in_Goeriach\" target=\"_blank\" rel=\"noreferrer noopener\">G\u00f6riacher H\u00fcttendorf<\/a>. Dieses historische Almdorf mit seinen neun H\u00fctten liegt auf 1.430 Metern Seeh\u00f6he, etwa 9 Kilometer hinter der kleinen Ortschaft. Die Hansalalm l\u00e4dt dort mit feinen Schmankerln zur Rast, wobei es f\u00fcr Bergsteiger von da an erst so richtig losgeht: f\u00fcr die sportlichsten unter ihnen auf den Hochgolling, den mit seinen 2.862 Metern h\u00f6chsten Berg der Niederen Tauern. Es reicht aber schon die Wanderung zu den Landawirseen und der gleichnamigen H\u00fctte auf knapp unter 2.000 Meter um das Gef\u00fchl besonderer Urlaubsqualit\u00e4t in den Alpen zu sp\u00fcren und ganz sicher zu sein: Hier atme ich die Luft eines echten Bergsteigerdorfes!<\/p>\n\n\n<div class=\"mag-gallery\"><div class=\"row\"><div class=\"col-6 col-sm-4\"><figure><a class=\"thumb-container\" href=\"https:\/\/www.salzburgerland.com\/de\/magazin\/wp-content\/uploads\/2021\/09\/goeriacher-huettendorf-1280x1024.jpg\">\t<picture><source media=\"(min-width: 576px)\" srcset=\"https:\/\/www.salzburgerland.com\/de\/magazin\/wp-content\/uploads\/2021\/09\/goeriacher-huettendorf-325x209.jpg 325w, https:\/\/www.salzburgerland.com\/de\/magazin\/wp-content\/uploads\/2021\/09\/goeriacher-huettendorf-249x160.jpg 249w\"><\/source><source media=\"(min-width: 0)\" srcset=\"https:\/\/www.salzburgerland.com\/de\/magazin\/wp-content\/uploads\/2021\/09\/goeriacher-huettendorf-249x160.jpg 249w, https:\/\/www.salzburgerland.com\/de\/magazin\/wp-content\/uploads\/2021\/09\/goeriacher-huettendorf-325x209.jpg 325w\"><\/source><img decoding=\"async\" alt=\"G&ouml;riacher H&uuml;ttendorf\" src=\"https:\/\/www.salzburgerland.com\/de\/magazin\/wp-content\/uploads\/2021\/09\/goeriacher-huettendorf-scaled.jpg\">\t<\/picture><\/a><\/figure><\/div><div class=\"col-6 col-sm-4\"><figure><a class=\"thumb-container\" href=\"https:\/\/www.salzburgerland.com\/de\/magazin\/wp-content\/uploads\/2021\/09\/goeriach-ort-1280x1024.jpg\">\t<picture><source media=\"(min-width: 576px)\" srcset=\"https:\/\/www.salzburgerland.com\/de\/magazin\/wp-content\/uploads\/2021\/09\/goeriach-ort-325x209.jpg 325w, https:\/\/www.salzburgerland.com\/de\/magazin\/wp-content\/uploads\/2021\/09\/goeriach-ort-300x193.jpg 300w, https:\/\/www.salzburgerland.com\/de\/magazin\/wp-content\/uploads\/2021\/09\/goeriach-ort-1536x988.jpg 1536w, https:\/\/www.salzburgerland.com\/de\/magazin\/wp-content\/uploads\/2021\/09\/goeriach-ort-2048x1317.jpg 2048w, https:\/\/www.salzburgerland.com\/de\/magazin\/wp-content\/uploads\/2021\/09\/goeriach-ort-855x550.jpg 855w, https:\/\/www.salzburgerland.com\/de\/magazin\/wp-content\/uploads\/2021\/09\/goeriach-ort-622x400.jpg 622w, https:\/\/www.salzburgerland.com\/de\/magazin\/wp-content\/uploads\/2021\/09\/goeriach-ort-249x160.jpg 249w, https:\/\/www.salzburgerland.com\/de\/magazin\/wp-content\/uploads\/2021\/09\/goeriach-ort-1320x849.jpg 1320w, https:\/\/www.salzburgerland.com\/de\/magazin\/wp-content\/uploads\/2021\/09\/goeriach-ort-150x96.jpg 150w\"><\/source><source media=\"(min-width: 0)\" srcset=\"https:\/\/www.salzburgerland.com\/de\/magazin\/wp-content\/uploads\/2021\/09\/goeriach-ort-249x160.jpg 249w, https:\/\/www.salzburgerland.com\/de\/magazin\/wp-content\/uploads\/2021\/09\/goeriach-ort-300x193.jpg 300w, https:\/\/www.salzburgerland.com\/de\/magazin\/wp-content\/uploads\/2021\/09\/goeriach-ort-1536x988.jpg 1536w, https:\/\/www.salzburgerland.com\/de\/magazin\/wp-content\/uploads\/2021\/09\/goeriach-ort-2048x1317.jpg 2048w, https:\/\/www.salzburgerland.com\/de\/magazin\/wp-content\/uploads\/2021\/09\/goeriach-ort-855x550.jpg 855w, https:\/\/www.salzburgerland.com\/de\/magazin\/wp-content\/uploads\/2021\/09\/goeriach-ort-622x400.jpg 622w, https:\/\/www.salzburgerland.com\/de\/magazin\/wp-content\/uploads\/2021\/09\/goeriach-ort-325x209.jpg 325w, https:\/\/www.salzburgerland.com\/de\/magazin\/wp-content\/uploads\/2021\/09\/goeriach-ort-1320x849.jpg 1320w, https:\/\/www.salzburgerland.com\/de\/magazin\/wp-content\/uploads\/2021\/09\/goeriach-ort-150x96.jpg 150w\"><\/source><img decoding=\"async\" alt=\"G&ouml;riach im Lungau\" src=\"https:\/\/www.salzburgerland.com\/de\/magazin\/wp-content\/uploads\/2021\/09\/goeriach-ort-scaled.jpg\">\t<\/picture><\/a><\/figure><\/div><div class=\"col-6 col-sm-4\"><figure><a class=\"thumb-container\" href=\"https:\/\/www.salzburgerland.com\/de\/magazin\/wp-content\/uploads\/2021\/09\/Landawirseen-1280x1024.jpg\">\t<picture><source media=\"(min-width: 576px)\" srcset=\"https:\/\/www.salzburgerland.com\/de\/magazin\/wp-content\/uploads\/2021\/09\/Landawirseen-325x209.jpg 325w, https:\/\/www.salzburgerland.com\/de\/magazin\/wp-content\/uploads\/2021\/09\/Landawirseen-249x160.jpg 249w\"><\/source><source media=\"(min-width: 0)\" srcset=\"https:\/\/www.salzburgerland.com\/de\/magazin\/wp-content\/uploads\/2021\/09\/Landawirseen-249x160.jpg 249w, https:\/\/www.salzburgerland.com\/de\/magazin\/wp-content\/uploads\/2021\/09\/Landawirseen-325x209.jpg 325w\"><\/source><img decoding=\"async\" alt=\"Langwirseen\" src=\"https:\/\/www.salzburgerland.com\/de\/magazin\/wp-content\/uploads\/2021\/09\/Landawirseen-scaled.jpg\">\t<\/picture><\/a><\/figure><\/div><\/div><figcaption>&copy; Waltraud Grall \/ Das G&ouml;riacher H&uuml;ttendorf (li.), die Ortschaft G&ouml;riach und die Landawirseen auf rund 2.000 Metern (re.)<\/figcaption><\/div>\n\n\n\n<p>Nur 1.688 Einwohner z\u00e4hlen die drei Salzburger Bergsteigerd\u00f6rfer \u2013 zusammen. Den G\u00f6riacher Leitsatz k\u00f6nnen wir nach unserem Streifzug durch diese alpinen Perlen unseres Landes nur unterstreichen und erg\u00e4nzen: <strong>Paradiese sind klein \u2013 und ganz besonders!<\/strong><\/p>\n\n\n","protected":false},"excerpt":{"rendered":"<p>\u201eWeniger, daf\u00fcr besser\u201c, das ist der zentrale Anspruch der Bergsteigerd\u00f6rfer. Diese l\u00e4nder- und kultur\u00fcbergreifende Initiative unter Federf\u00fchrung des \u00d6sterreichischen Alpenvereins hat sich touristische Nachhaltigkeit im Sinne der Alpenkonvention zum Ziel gesetzt. Seit 2008 widmet sich der Zusammenschluss von nunmehr 30 Orten mit urspr\u00fcnglichen Leitlinien einer nachhaltigen Entwicklung im gesamten Alpenraum: N\u00e4he ohne Respektlosigkeit Genuss auf [&hellip;]<\/p>\n","protected":false},"author":546,"featured_media":157402,"comment_status":"open","ping_status":"closed","sticky":false,"template":"","format":"standard","meta":{"_acf_changed":false,"wl_entities_gutenberg":"","_wl_entity_redirect_enabled":"","footnotes":""},"categories":[8],"tags":[7203,7201,7197,7200,204,210,7202,7198,7199],"wl_entity_type":[306],"monatsauswahl":[86,87,88,89,90,91],"class_list":["post-157362","post","type-post","status-publish","format-standard","has-post-thumbnail","hentry","category-outdoor-sport","tag-alpin","tag-bergsteigerdorf","tag-bergsteigerdoerfer","tag-goeriach","tag-grosarltal","tag-huttschlag","tag-mountainbiken","tag-salzburger-land","tag-weissbach","wl_entity_type-article","monatsauswahl-monat_5","monatsauswahl-monat_6","monatsauswahl-monat_7","monatsauswahl-monat_8","monatsauswahl-monat_9","monatsauswahl-monat_10"],"acf":[],"yoast_head":"<!-- This site is optimized with the Yoast SEO Premium plugin v27.4 (Yoast SEO v27.4) - https:\/\/yoast.com\/product\/yoast-seo-premium-wordpress\/ -->\n<title>Die Salzburger Bergsteigerd\u00f6rfer - SalzburgerLand Magazin<\/title>\n<meta name=\"description\" content=\"Kommt mit auf einen Streifzug durch die drei Salzburger Bergsteigerd\u00f6rfer Wei\u00dfbach, H\u00fcttschlag und G\u00f6riach - alpine Perlen im Salzburger Land.\" \/>\n<meta name=\"robots\" content=\"index, follow, max-snippet:-1, max-image-preview:large, max-video-preview:-1\" \/>\n<link rel=\"canonical\" href=\"https:\/\/www.salzburgerland.com\/de\/magazin\/die-salzburger-bergsteigerdoerfer\/\" \/>\n<meta property=\"og:locale\" content=\"de_DE\" \/>\n<meta property=\"og:type\" content=\"article\" \/>\n<meta property=\"og:title\" content=\"Die Salzburger Bergsteigerd\u00f6rfer\" \/>\n<meta property=\"og:description\" content=\"Kommt mit auf einen Streifzug durch die drei Salzburger Bergsteigerd\u00f6rfer Wei\u00dfbach, H\u00fcttschlag und G\u00f6riach - alpine Perlen im Salzburger Land.\" \/>\n<meta property=\"og:url\" content=\"https:\/\/www.salzburgerland.com\/de\/magazin\/die-salzburger-bergsteigerdoerfer\/\" \/>\n<meta property=\"og:site_name\" content=\"SalzburgerLand Magazin\" \/>\n<meta property=\"article:publisher\" content=\"https:\/\/www.facebook.com\/salzburgerland\/\" \/>\n<meta property=\"article:published_time\" content=\"2021-09-13T06:00:00+00:00\" \/>\n<meta property=\"article:modified_time\" content=\"2022-04-22T09:20:53+00:00\" \/>\n<meta property=\"og:image\" content=\"https:\/\/www.salzburgerland.com\/de\/magazin\/wp-content\/uploads\/2021\/09\/Litzlalm-Naturpark-Weissbach-scaled.jpg\" \/>\n\t<meta property=\"og:image:width\" content=\"2560\" \/>\n\t<meta property=\"og:image:height\" content=\"1440\" \/>\n\t<meta property=\"og:image:type\" content=\"image\/jpeg\" \/>\n<meta name=\"author\" content=\"Christoph Fazekas\" \/>\n<meta name=\"twitter:card\" content=\"summary_large_image\" \/>\n<meta name=\"twitter:creator\" content=\"@Salzburgerland\" \/>\n<meta name=\"twitter:site\" content=\"@Salzburgerland\" \/>\n<meta name=\"twitter:label1\" content=\"Verfasst von\" \/>\n\t<meta name=\"twitter:data1\" content=\"Christoph Fazekas\" \/>\n\t<meta name=\"twitter:label2\" content=\"Gesch\u00e4tzte Lesezeit\" \/>\n\t<meta name=\"twitter:data2\" content=\"7\u00a0Minuten\" \/>\n<script type=\"application\/ld+json\" class=\"yoast-schema-graph\">{\"@context\":\"https:\\\/\\\/schema.org\",\"@graph\":[{\"@type\":\"Article\",\"@id\":\"https:\\\/\\\/www.salzburgerland.com\\\/de\\\/magazin\\\/die-salzburger-bergsteigerdoerfer\\\/#article\",\"isPartOf\":{\"@id\":\"https:\\\/\\\/www.salzburgerland.com\\\/de\\\/magazin\\\/die-salzburger-bergsteigerdoerfer\\\/\"},\"author\":{\"name\":\"Christoph Fazekas\",\"@id\":\"https:\\\/\\\/www.salzburgerland.com\\\/de\\\/magazin\\\/#\\\/schema\\\/person\\\/57f31a0d6b66d3ec06e2b5f5c473ee82\"},\"headline\":\"Die Salzburger Bergsteigerd\u00f6rfer\",\"datePublished\":\"2021-09-13T06:00:00+00:00\",\"dateModified\":\"2022-04-22T09:20:53+00:00\",\"mainEntityOfPage\":{\"@id\":\"https:\\\/\\\/www.salzburgerland.com\\\/de\\\/magazin\\\/die-salzburger-bergsteigerdoerfer\\\/\"},\"wordCount\":905,\"commentCount\":0,\"publisher\":{\"@id\":\"https:\\\/\\\/www.salzburgerland.com\\\/de\\\/magazin\\\/#organization\"},\"image\":{\"@id\":\"https:\\\/\\\/www.salzburgerland.com\\\/de\\\/magazin\\\/die-salzburger-bergsteigerdoerfer\\\/#primaryimage\"},\"thumbnailUrl\":\"https:\\\/\\\/www.salzburgerland.com\\\/de\\\/magazin\\\/wp-content\\\/uploads\\\/2021\\\/09\\\/Litzlalm-Naturpark-Weissbach-scaled.jpg\",\"keywords\":[\"Alpin\",\"Bergsteigerdorf\",\"Bergsteigerd\u00f6rfer\",\"G\u00f6riach\",\"Gro\u00dfarltal\",\"H\u00fcttschlag\",\"Mountainbiken\",\"Salzburger Land\",\"Wei\u00dfbach\"],\"articleSection\":[\"Outdoor &amp; Sport\"],\"inLanguage\":\"de\",\"potentialAction\":[{\"@type\":\"CommentAction\",\"name\":\"Comment\",\"target\":[\"https:\\\/\\\/www.salzburgerland.com\\\/de\\\/magazin\\\/die-salzburger-bergsteigerdoerfer\\\/#respond\"]}]},{\"@type\":\"WebPage\",\"@id\":\"https:\\\/\\\/www.salzburgerland.com\\\/de\\\/magazin\\\/die-salzburger-bergsteigerdoerfer\\\/\",\"url\":\"https:\\\/\\\/www.salzburgerland.com\\\/de\\\/magazin\\\/die-salzburger-bergsteigerdoerfer\\\/\",\"name\":\"Die Salzburger Bergsteigerd\u00f6rfer - SalzburgerLand Magazin\",\"isPartOf\":{\"@id\":\"https:\\\/\\\/www.salzburgerland.com\\\/de\\\/magazin\\\/#website\"},\"primaryImageOfPage\":{\"@id\":\"https:\\\/\\\/www.salzburgerland.com\\\/de\\\/magazin\\\/die-salzburger-bergsteigerdoerfer\\\/#primaryimage\"},\"image\":{\"@id\":\"https:\\\/\\\/www.salzburgerland.com\\\/de\\\/magazin\\\/die-salzburger-bergsteigerdoerfer\\\/#primaryimage\"},\"thumbnailUrl\":\"https:\\\/\\\/www.salzburgerland.com\\\/de\\\/magazin\\\/wp-content\\\/uploads\\\/2021\\\/09\\\/Litzlalm-Naturpark-Weissbach-scaled.jpg\",\"datePublished\":\"2021-09-13T06:00:00+00:00\",\"dateModified\":\"2022-04-22T09:20:53+00:00\",\"description\":\"Kommt mit auf einen Streifzug durch die drei Salzburger Bergsteigerd\u00f6rfer Wei\u00dfbach, H\u00fcttschlag und G\u00f6riach - alpine Perlen im Salzburger Land.\",\"breadcrumb\":{\"@id\":\"https:\\\/\\\/www.salzburgerland.com\\\/de\\\/magazin\\\/die-salzburger-bergsteigerdoerfer\\\/#breadcrumb\"},\"inLanguage\":\"de\",\"potentialAction\":[{\"@type\":\"ReadAction\",\"target\":[\"https:\\\/\\\/www.salzburgerland.com\\\/de\\\/magazin\\\/die-salzburger-bergsteigerdoerfer\\\/\"]}]},{\"@type\":\"ImageObject\",\"inLanguage\":\"de\",\"@id\":\"https:\\\/\\\/www.salzburgerland.com\\\/de\\\/magazin\\\/die-salzburger-bergsteigerdoerfer\\\/#primaryimage\",\"url\":\"https:\\\/\\\/www.salzburgerland.com\\\/de\\\/magazin\\\/wp-content\\\/uploads\\\/2021\\\/09\\\/Litzlalm-Naturpark-Weissbach-scaled.jpg\",\"contentUrl\":\"https:\\\/\\\/www.salzburgerland.com\\\/de\\\/magazin\\\/wp-content\\\/uploads\\\/2021\\\/09\\\/Litzlalm-Naturpark-Weissbach-scaled.jpg\",\"width\":2560,\"height\":1440,\"caption\":\"Litzlalm\"},{\"@type\":\"BreadcrumbList\",\"@id\":\"https:\\\/\\\/www.salzburgerland.com\\\/de\\\/magazin\\\/die-salzburger-bergsteigerdoerfer\\\/#breadcrumb\",\"itemListElement\":[{\"@type\":\"ListItem\",\"position\":1,\"name\":\"Startseite\",\"item\":\"https:\\\/\\\/www.salzburgerland.com\\\/de\\\/magazin\\\/\"},{\"@type\":\"ListItem\",\"position\":2,\"name\":\"Outdoor &amp; Sport\",\"item\":\"https:\\\/\\\/www.salzburgerland.com\\\/de\\\/magazin\\\/thema\\\/outdoor-sport\\\/\"},{\"@type\":\"ListItem\",\"position\":3,\"name\":\"Die Salzburger Bergsteigerd\u00f6rfer\"}]},{\"@type\":\"WebSite\",\"@id\":\"https:\\\/\\\/www.salzburgerland.com\\\/de\\\/magazin\\\/#website\",\"url\":\"https:\\\/\\\/www.salzburgerland.com\\\/de\\\/magazin\\\/\",\"name\":\"SalzburgerLand Magazin\",\"description\":\"Geschichten und Interessantes aus dem SalzburgerLand\",\"publisher\":{\"@id\":\"https:\\\/\\\/www.salzburgerland.com\\\/de\\\/magazin\\\/#organization\"},\"potentialAction\":[{\"@type\":\"SearchAction\",\"target\":{\"@type\":\"EntryPoint\",\"urlTemplate\":\"https:\\\/\\\/www.salzburgerland.com\\\/de\\\/magazin\\\/?s={search_term_string}\"},\"query-input\":{\"@type\":\"PropertyValueSpecification\",\"valueRequired\":true,\"valueName\":\"search_term_string\"}}],\"inLanguage\":\"de\"},{\"@type\":\"Organization\",\"@id\":\"https:\\\/\\\/www.salzburgerland.com\\\/de\\\/magazin\\\/#organization\",\"name\":\"SalzburgerLand Tourismus\",\"url\":\"https:\\\/\\\/www.salzburgerland.com\\\/de\\\/magazin\\\/\",\"logo\":{\"@type\":\"ImageObject\",\"inLanguage\":\"de\",\"@id\":\"https:\\\/\\\/www.salzburgerland.com\\\/de\\\/magazin\\\/#\\\/schema\\\/logo\\\/image\\\/\",\"url\":\"https:\\\/\\\/www.salzburgerland.com\\\/de\\\/magazin\\\/wp-content\\\/uploads\\\/2019\\\/06\\\/salzburgerland-logo1.jpg\",\"contentUrl\":\"https:\\\/\\\/www.salzburgerland.com\\\/de\\\/magazin\\\/wp-content\\\/uploads\\\/2019\\\/06\\\/salzburgerland-logo1.jpg\",\"width\":2011,\"height\":866,\"caption\":\"SalzburgerLand Tourismus\"},\"image\":{\"@id\":\"https:\\\/\\\/www.salzburgerland.com\\\/de\\\/magazin\\\/#\\\/schema\\\/logo\\\/image\\\/\"},\"sameAs\":[\"https:\\\/\\\/www.facebook.com\\\/salzburgerland\\\/\",\"https:\\\/\\\/x.com\\\/Salzburgerland\",\"https:\\\/\\\/www.instagram.com\\\/salzburgerland\\\/\",\"https:\\\/\\\/at.linkedin.com\\\/company\\\/salzburgerland-tourismus-gmbh\",\"https:\\\/\\\/www.pinterest.at\\\/salzburgerland\\\/\",\"https:\\\/\\\/www.youtube.com\\\/user\\\/salzburgerland\",\"https:\\\/\\\/de.wikipedia.org\\\/wiki\\\/SalzburgerLand_Tourismus_GmbH\"]},{\"@type\":\"Person\",\"@id\":\"https:\\\/\\\/www.salzburgerland.com\\\/de\\\/magazin\\\/#\\\/schema\\\/person\\\/57f31a0d6b66d3ec06e2b5f5c473ee82\",\"name\":\"Christoph Fazekas\",\"description\":\"Besonders f\u00fcr K\u00f6nig Fu\u00dfball bin ich weit gereist, auch um immer wieder festzustellen, dass es daheim im Salzburger Land am sch\u00f6nsten ist. Als gelernter Sportartikelverk\u00e4ufer war ich auch beruflich seit jeher nah dran am gro\u00dfartigen Freizeitangebot, das sich in unserer Region bietet. Inzwischen habe ich mit dem Studium der Kommunikationswissenschaft in Salzburg einen neuen Weg eingeschlagen, der zu mir passt. Unsere sch\u00f6ne Heimat f\u00fcr das \\\"SalzburgerLand Magazin\\\" in Szene zu setzen ist eine der reizvollsten Aufgaben, die sich daraus in der Praxis ergeben. Dein pers\u00f6nlicher Logenplatz im SalzburgerLand? Zell am See. Wundersch\u00f6ner See eingebettet in malerisches Panorama mit Blick aufs Kitzsteinhorn, weltgewandtes Kleinstadt-Ambiente und last bot not least: Geburtsstadt meiner Tochter. Dosiger oder Zuagroast? Dosiger. Fr\u00fchling, Sommer, Herbst oder Winter? Fr\u00fchling und Herbst. Die Monate angenehmer, mittlerer Temperaturen sind auch reich an echten Geheimtipps. Mozart oder Hubert von Goisern? Mozart. Rindsroulade vom Pinzgauer Biorind oder Saibling fangfrisch aus dem Fuschlsee? Ersteres, ein kulinarischer Lokalpatriot eben ;-) Luxushotel oder Almh\u00fctte? Den Luxus einer Almh\u00fctte zu erkennen, darum geht's doch ;-)\",\"sameAs\":[\"https:\\\/\\\/www.christext.com\"],\"url\":\"https:\\\/\\\/www.salzburgerland.com\\\/de\\\/magazin\\\/author\\\/christoph-dum\\\/\"}]}<\/script>\n<!-- \/ Yoast SEO Premium plugin. -->","yoast_head_json":{"title":"Die Salzburger Bergsteigerd\u00f6rfer - SalzburgerLand Magazin","description":"Kommt mit auf einen Streifzug durch die drei Salzburger Bergsteigerd\u00f6rfer Wei\u00dfbach, H\u00fcttschlag und G\u00f6riach - alpine Perlen im Salzburger Land.","robots":{"index":"index","follow":"follow","max-snippet":"max-snippet:-1","max-image-preview":"max-image-preview:large","max-video-preview":"max-video-preview:-1"},"canonical":"https:\/\/www.salzburgerland.com\/de\/magazin\/die-salzburger-bergsteigerdoerfer\/","og_locale":"de_DE","og_type":"article","og_title":"Die Salzburger Bergsteigerd\u00f6rfer","og_description":"Kommt mit auf einen Streifzug durch die drei Salzburger Bergsteigerd\u00f6rfer Wei\u00dfbach, H\u00fcttschlag und G\u00f6riach - alpine Perlen im Salzburger Land.","og_url":"https:\/\/www.salzburgerland.com\/de\/magazin\/die-salzburger-bergsteigerdoerfer\/","og_site_name":"SalzburgerLand Magazin","article_publisher":"https:\/\/www.facebook.com\/salzburgerland\/","article_published_time":"2021-09-13T06:00:00+00:00","article_modified_time":"2022-04-22T09:20:53+00:00","og_image":[{"width":2560,"height":1440,"url":"https:\/\/www.salzburgerland.com\/de\/magazin\/wp-content\/uploads\/2021\/09\/Litzlalm-Naturpark-Weissbach-scaled.jpg","type":"image\/jpeg"}],"author":"Christoph Fazekas","twitter_card":"summary_large_image","twitter_creator":"@Salzburgerland","twitter_site":"@Salzburgerland","twitter_misc":{"Verfasst von":"Christoph Fazekas","Gesch\u00e4tzte Lesezeit":"7\u00a0Minuten"},"schema":{"@context":"https:\/\/schema.org","@graph":[{"@type":"Article","@id":"https:\/\/www.salzburgerland.com\/de\/magazin\/die-salzburger-bergsteigerdoerfer\/#article","isPartOf":{"@id":"https:\/\/www.salzburgerland.com\/de\/magazin\/die-salzburger-bergsteigerdoerfer\/"},"author":{"name":"Christoph Fazekas","@id":"https:\/\/www.salzburgerland.com\/de\/magazin\/#\/schema\/person\/57f31a0d6b66d3ec06e2b5f5c473ee82"},"headline":"Die Salzburger Bergsteigerd\u00f6rfer","datePublished":"2021-09-13T06:00:00+00:00","dateModified":"2022-04-22T09:20:53+00:00","mainEntityOfPage":{"@id":"https:\/\/www.salzburgerland.com\/de\/magazin\/die-salzburger-bergsteigerdoerfer\/"},"wordCount":905,"commentCount":0,"publisher":{"@id":"https:\/\/www.salzburgerland.com\/de\/magazin\/#organization"},"image":{"@id":"https:\/\/www.salzburgerland.com\/de\/magazin\/die-salzburger-bergsteigerdoerfer\/#primaryimage"},"thumbnailUrl":"https:\/\/www.salzburgerland.com\/de\/magazin\/wp-content\/uploads\/2021\/09\/Litzlalm-Naturpark-Weissbach-scaled.jpg","keywords":["Alpin","Bergsteigerdorf","Bergsteigerd\u00f6rfer","G\u00f6riach","Gro\u00dfarltal","H\u00fcttschlag","Mountainbiken","Salzburger Land","Wei\u00dfbach"],"articleSection":["Outdoor &amp; Sport"],"inLanguage":"de","potentialAction":[{"@type":"CommentAction","name":"Comment","target":["https:\/\/www.salzburgerland.com\/de\/magazin\/die-salzburger-bergsteigerdoerfer\/#respond"]}]},{"@type":"WebPage","@id":"https:\/\/www.salzburgerland.com\/de\/magazin\/die-salzburger-bergsteigerdoerfer\/","url":"https:\/\/www.salzburgerland.com\/de\/magazin\/die-salzburger-bergsteigerdoerfer\/","name":"Die Salzburger Bergsteigerd\u00f6rfer - SalzburgerLand Magazin","isPartOf":{"@id":"https:\/\/www.salzburgerland.com\/de\/magazin\/#website"},"primaryImageOfPage":{"@id":"https:\/\/www.salzburgerland.com\/de\/magazin\/die-salzburger-bergsteigerdoerfer\/#primaryimage"},"image":{"@id":"https:\/\/www.salzburgerland.com\/de\/magazin\/die-salzburger-bergsteigerdoerfer\/#primaryimage"},"thumbnailUrl":"https:\/\/www.salzburgerland.com\/de\/magazin\/wp-content\/uploads\/2021\/09\/Litzlalm-Naturpark-Weissbach-scaled.jpg","datePublished":"2021-09-13T06:00:00+00:00","dateModified":"2022-04-22T09:20:53+00:00","description":"Kommt mit auf einen Streifzug durch die drei Salzburger Bergsteigerd\u00f6rfer Wei\u00dfbach, H\u00fcttschlag und G\u00f6riach - alpine Perlen im Salzburger Land.","breadcrumb":{"@id":"https:\/\/www.salzburgerland.com\/de\/magazin\/die-salzburger-bergsteigerdoerfer\/#breadcrumb"},"inLanguage":"de","potentialAction":[{"@type":"ReadAction","target":["https:\/\/www.salzburgerland.com\/de\/magazin\/die-salzburger-bergsteigerdoerfer\/"]}]},{"@type":"ImageObject","inLanguage":"de","@id":"https:\/\/www.salzburgerland.com\/de\/magazin\/die-salzburger-bergsteigerdoerfer\/#primaryimage","url":"https:\/\/www.salzburgerland.com\/de\/magazin\/wp-content\/uploads\/2021\/09\/Litzlalm-Naturpark-Weissbach-scaled.jpg","contentUrl":"https:\/\/www.salzburgerland.com\/de\/magazin\/wp-content\/uploads\/2021\/09\/Litzlalm-Naturpark-Weissbach-scaled.jpg","width":2560,"height":1440,"caption":"Litzlalm"},{"@type":"BreadcrumbList","@id":"https:\/\/www.salzburgerland.com\/de\/magazin\/die-salzburger-bergsteigerdoerfer\/#breadcrumb","itemListElement":[{"@type":"ListItem","position":1,"name":"Startseite","item":"https:\/\/www.salzburgerland.com\/de\/magazin\/"},{"@type":"ListItem","position":2,"name":"Outdoor &amp; Sport","item":"https:\/\/www.salzburgerland.com\/de\/magazin\/thema\/outdoor-sport\/"},{"@type":"ListItem","position":3,"name":"Die Salzburger Bergsteigerd\u00f6rfer"}]},{"@type":"WebSite","@id":"https:\/\/www.salzburgerland.com\/de\/magazin\/#website","url":"https:\/\/www.salzburgerland.com\/de\/magazin\/","name":"SalzburgerLand Magazin","description":"Geschichten und Interessantes aus dem SalzburgerLand","publisher":{"@id":"https:\/\/www.salzburgerland.com\/de\/magazin\/#organization"},"potentialAction":[{"@type":"SearchAction","target":{"@type":"EntryPoint","urlTemplate":"https:\/\/www.salzburgerland.com\/de\/magazin\/?s={search_term_string}"},"query-input":{"@type":"PropertyValueSpecification","valueRequired":true,"valueName":"search_term_string"}}],"inLanguage":"de"},{"@type":"Organization","@id":"https:\/\/www.salzburgerland.com\/de\/magazin\/#organization","name":"SalzburgerLand Tourismus","url":"https:\/\/www.salzburgerland.com\/de\/magazin\/","logo":{"@type":"ImageObject","inLanguage":"de","@id":"https:\/\/www.salzburgerland.com\/de\/magazin\/#\/schema\/logo\/image\/","url":"https:\/\/www.salzburgerland.com\/de\/magazin\/wp-content\/uploads\/2019\/06\/salzburgerland-logo1.jpg","contentUrl":"https:\/\/www.salzburgerland.com\/de\/magazin\/wp-content\/uploads\/2019\/06\/salzburgerland-logo1.jpg","width":2011,"height":866,"caption":"SalzburgerLand Tourismus"},"image":{"@id":"https:\/\/www.salzburgerland.com\/de\/magazin\/#\/schema\/logo\/image\/"},"sameAs":["https:\/\/www.facebook.com\/salzburgerland\/","https:\/\/x.com\/Salzburgerland","https:\/\/www.instagram.com\/salzburgerland\/","https:\/\/at.linkedin.com\/company\/salzburgerland-tourismus-gmbh","https:\/\/www.pinterest.at\/salzburgerland\/","https:\/\/www.youtube.com\/user\/salzburgerland","https:\/\/de.wikipedia.org\/wiki\/SalzburgerLand_Tourismus_GmbH"]},{"@type":"Person","@id":"https:\/\/www.salzburgerland.com\/de\/magazin\/#\/schema\/person\/57f31a0d6b66d3ec06e2b5f5c473ee82","name":"Christoph Fazekas","description":"Besonders f\u00fcr K\u00f6nig Fu\u00dfball bin ich weit gereist, auch um immer wieder festzustellen, dass es daheim im Salzburger Land am sch\u00f6nsten ist. Als gelernter Sportartikelverk\u00e4ufer war ich auch beruflich seit jeher nah dran am gro\u00dfartigen Freizeitangebot, das sich in unserer Region bietet. Inzwischen habe ich mit dem Studium der Kommunikationswissenschaft in Salzburg einen neuen Weg eingeschlagen, der zu mir passt. Unsere sch\u00f6ne Heimat f\u00fcr das \"SalzburgerLand Magazin\" in Szene zu setzen ist eine der reizvollsten Aufgaben, die sich daraus in der Praxis ergeben. Dein pers\u00f6nlicher Logenplatz im SalzburgerLand? Zell am See. Wundersch\u00f6ner See eingebettet in malerisches Panorama mit Blick aufs Kitzsteinhorn, weltgewandtes Kleinstadt-Ambiente und last bot not least: Geburtsstadt meiner Tochter. Dosiger oder Zuagroast? Dosiger. Fr\u00fchling, Sommer, Herbst oder Winter? Fr\u00fchling und Herbst. Die Monate angenehmer, mittlerer Temperaturen sind auch reich an echten Geheimtipps. Mozart oder Hubert von Goisern? Mozart. Rindsroulade vom Pinzgauer Biorind oder Saibling fangfrisch aus dem Fuschlsee? Ersteres, ein kulinarischer Lokalpatriot eben ;-) Luxushotel oder Almh\u00fctte? Den Luxus einer Almh\u00fctte zu erkennen, darum geht's doch ;-)","sameAs":["https:\/\/www.christext.com"],"url":"https:\/\/www.salzburgerland.com\/de\/magazin\/author\/christoph-dum\/"}]}},"_wl_alt_label":[],"wl:entity_url":"http:\/\/open.salzburgerland.com\/magazin\/post\/die_salzburger_bergsteigerdoerfer_2","_links":{"self":[{"href":"https:\/\/www.salzburgerland.com\/de\/magazin\/wp-json\/wp\/v2\/posts\/157362","targetHints":{"allow":["GET"]}}],"collection":[{"href":"https:\/\/www.salzburgerland.com\/de\/magazin\/wp-json\/wp\/v2\/posts"}],"about":[{"href":"https:\/\/www.salzburgerland.com\/de\/magazin\/wp-json\/wp\/v2\/types\/post"}],"author":[{"embeddable":true,"href":"https:\/\/www.salzburgerland.com\/de\/magazin\/wp-json\/wp\/v2\/users\/546"}],"replies":[{"embeddable":true,"href":"https:\/\/www.salzburgerland.com\/de\/magazin\/wp-json\/wp\/v2\/comments?post=157362"}],"version-history":[{"count":5,"href":"https:\/\/www.salzburgerland.com\/de\/magazin\/wp-json\/wp\/v2\/posts\/157362\/revisions"}],"predecessor-version":[{"id":162033,"href":"https:\/\/www.salzburgerland.com\/de\/magazin\/wp-json\/wp\/v2\/posts\/157362\/revisions\/162033"}],"wp:featuredmedia":[{"embeddable":true,"href":"https:\/\/www.salzburgerland.com\/de\/magazin\/wp-json\/wp\/v2\/media\/157402"}],"wp:attachment":[{"href":"https:\/\/www.salzburgerland.com\/de\/magazin\/wp-json\/wp\/v2\/media?parent=157362"}],"wp:term":[{"taxonomy":"category","embeddable":true,"href":"https:\/\/www.salzburgerland.com\/de\/magazin\/wp-json\/wp\/v2\/categories?post=157362"},{"taxonomy":"post_tag","embeddable":true,"href":"https:\/\/www.salzburgerland.com\/de\/magazin\/wp-json\/wp\/v2\/tags?post=157362"},{"taxonomy":"wl_entity_type","embeddable":true,"href":"https:\/\/www.salzburgerland.com\/de\/magazin\/wp-json\/wp\/v2\/wl_entity_type?post=157362"},{"taxonomy":"monatsauswahl","embeddable":true,"href":"https:\/\/www.salzburgerland.com\/de\/magazin\/wp-json\/wp\/v2\/monatsauswahl?post=157362"}],"curies":[{"name":"wp","href":"https:\/\/api.w.org\/{rel}","templated":true}]}}