{"id":156512,"date":"2021-08-24T08:00:00","date_gmt":"2021-08-24T06:00:00","guid":{"rendered":"https:\/\/www.salzburgerland.com\/de\/magazin\/?p=156512"},"modified":"2021-08-30T14:57:10","modified_gmt":"2021-08-30T12:57:10","slug":"maerchen-und-sagen-erwachen-zum-leben","status":"publish","type":"post","link":"https:\/\/www.salzburgerland.com\/de\/magazin\/maerchen-und-sagen-erwachen-zum-leben\/","title":{"rendered":"M\u00e4rchen und Sagen erwachen zum Leben"},"content":{"rendered":"\n<div class=\"wp-block-slt-top topBlocks\">\n<h2 class=\"wp-block-slt-subtitle\"><strong>Unterwegs mit M\u00e4rchenerz\u00e4hlerin Iris Unterhofer<\/strong><\/h2>\n\n\n\n<p class=\"wp-block-slt-intro\">Iris liegt im Badezuber und schnarcht. Pl\u00f6tzlich springt sie auf und verwandelt sich vom eben noch schlafenden Hirten in einen riesengro\u00dfen Teufel. Einige Kinder zucken zusammen, doch bald sitzen sie wieder mucksm\u00e4uschenstill da und lauschen gebannt den Worten aus Iris\u2018 Mund. Willkommen zur M\u00e4rchen- und Sagenwanderung in Kolm Saigurn.<\/p>\n<\/div>\n\n\n\n<h2 class=\"wp-block-heading\" id=\"h-m-rchen-und-sagenwanderung-im-rauriser-talschluss\">M\u00e4rchen- und Sagenwanderung im Rauriser Talschluss<\/h2>\n\n\n\n<p>Vor dem <a href=\"http:\/\/www.sonnblickbasis.at\/\" target=\"_blank\" rel=\"noreferrer noopener\">Naturfreundehaus<\/a> in Kolm Saigurn erwartet Iris ihre kleinen und erwachsenen Zuh\u00f6rer:innen. Die sp\u00e4hen sofort hinter ihren R\u00fccken, denn Iris kommt niemals allein. Auf einer alten Krax sitzt ein kleines M\u00e4nnchen mit Zipfelm\u00fctze, smaragdgr\u00fcnen Augen und wei\u00dfem Zottelbart: das Bergmandl aus dem Stollen. Und unter ihm befindet sich eine kleine Schublade, in der die Sagen und M\u00e4rchen verborgen liegen. Noch!<\/p>\n\n\n\n<p>Wir folgen der Sagen- und M\u00e4rchenerz\u00e4hlerin und ihrem Bergmandl \u00fcber eine kleine Br\u00fccke zu einem Grillplatz. Direkt zu der Felswand, an der der <a href=\"https:\/\/www.sonnblick.net\/de\/\" target=\"_blank\" rel=\"noreferrer noopener\">Sonnblick <\/a>emporschie\u00dft. Wir setzen uns auf niedrige B\u00e4nke aus Holzst\u00e4mmen. Iris entsperrt die Schublade und z\u00fcckt ein kleines \u2013 ja \u2026 \u201eWas k\u00f6nnte denn das sein?\u201c, fragt sie die Kinder. \u201eEin St\u00fcck Fell!\u201c, ert\u00f6nt es von rechts wie aus der Pistole geschossen. \u201eEin Krampusfell\u201c, erg\u00e4nzen meine M\u00e4dels. Und so falsch liegen sie gar nicht, denn schon zieht uns Iris mit in ihre bunte Sagenwelt, in der Butterkugeln so gro\u00df wie Siloballen den Hang hinabkullern. Hirte und Teufel sich unerbittliche K\u00e4mpfe liefern, dass die H\u00fctte nur so wackelt. Und sich der kleinste Teufel schlie\u00dflich Badezuber samt Hirten schnappt, in die L\u00fcfte aufsteigt und L\u00f6cher durch die Felsen rammt.<\/p>\n\n\n\n<p>Danach d\u00fcrfen die Zuh\u00f6rer:innen aktiv werden. \u201eLasst uns einen Teufel aus Naturmaterialien gestalten. Ihr k\u00f6nnt alles verwenden, was herumliegt\u201c, fordert Iris auf. Eifrig sammeln die Kleinen, was die Natur ringsum hergibt. Und so mancher Erwachsener staunt \u00fcber kreative Einf\u00e4lle: Es entstehen winzige Teufelchen aus Bachsteinen, Teufel mit Blattzungen und feurigen Blumenaugen und Riesenteufel mit mannshohen Holzbeinen.<\/p>\n\n\n<div class=\"mag-gallery\"><div class=\"row\"><div class=\"col-6 col-sm-4\"><figure><a class=\"thumb-container\" href=\"https:\/\/www.salzburgerland.com\/de\/magazin\/wp-content\/uploads\/2021\/07\/Iris-und-Bergmandl-1280x1024.jpg\">\t<picture><source media=\"(min-width: 576px)\" srcset=\"https:\/\/www.salzburgerland.com\/de\/magazin\/wp-content\/uploads\/2021\/07\/Iris-und-Bergmandl-325x209.jpg 325w, https:\/\/www.salzburgerland.com\/de\/magazin\/wp-content\/uploads\/2021\/07\/Iris-und-Bergmandl-249x160.jpg 249w\"><\/source><source media=\"(min-width: 0)\" srcset=\"https:\/\/www.salzburgerland.com\/de\/magazin\/wp-content\/uploads\/2021\/07\/Iris-und-Bergmandl-249x160.jpg 249w, https:\/\/www.salzburgerland.com\/de\/magazin\/wp-content\/uploads\/2021\/07\/Iris-und-Bergmandl-325x209.jpg 325w\"><\/source><img decoding=\"async\" alt=\"Iris mit dem Bergmandl\" src=\"https:\/\/www.salzburgerland.com\/de\/magazin\/wp-content\/uploads\/2021\/07\/Iris-und-Bergmandl-scaled.jpg\">\t<\/picture><figcaption>Iris und das Bergmandl &copy; Stefan Nocker<\/figcaption><\/a><\/figure><\/div><div class=\"col-6 col-sm-4\"><figure><a class=\"thumb-container\" href=\"https:\/\/www.salzburgerland.com\/de\/magazin\/wp-content\/uploads\/2021\/07\/Sagengeschichte-Maerchenwanderung-1280x1024.jpg\">\t<picture><source media=\"(min-width: 576px)\" srcset=\"https:\/\/www.salzburgerland.com\/de\/magazin\/wp-content\/uploads\/2021\/07\/Sagengeschichte-Maerchenwanderung-325x209.jpg 325w, https:\/\/www.salzburgerland.com\/de\/magazin\/wp-content\/uploads\/2021\/07\/Sagengeschichte-Maerchenwanderung-249x160.jpg 249w\"><\/source><source media=\"(min-width: 0)\" srcset=\"https:\/\/www.salzburgerland.com\/de\/magazin\/wp-content\/uploads\/2021\/07\/Sagengeschichte-Maerchenwanderung-249x160.jpg 249w, https:\/\/www.salzburgerland.com\/de\/magazin\/wp-content\/uploads\/2021\/07\/Sagengeschichte-Maerchenwanderung-325x209.jpg 325w\"><\/source><img decoding=\"async\" alt=\"Sage aus dem Pinzgau\" src=\"https:\/\/www.salzburgerland.com\/de\/magazin\/wp-content\/uploads\/2021\/07\/Sagengeschichte-Maerchenwanderung-scaled.jpg\">\t<\/picture><figcaption>Ein Sagensymbol aus der Schublade &copy; Stefan Nocker<\/figcaption><\/a><\/figure><\/div><div class=\"col-6 col-sm-4\"><figure><a class=\"thumb-container\" href=\"https:\/\/www.salzburgerland.com\/de\/magazin\/wp-content\/uploads\/2021\/07\/Kinder-Maerchen-und-Sagenwanderung-1280x1024.jpg\">\t<picture><source media=\"(min-width: 576px)\" srcset=\"https:\/\/www.salzburgerland.com\/de\/magazin\/wp-content\/uploads\/2021\/07\/Kinder-Maerchen-und-Sagenwanderung-325x209.jpg 325w, https:\/\/www.salzburgerland.com\/de\/magazin\/wp-content\/uploads\/2021\/07\/Kinder-Maerchen-und-Sagenwanderung-249x160.jpg 249w\"><\/source><source media=\"(min-width: 0)\" srcset=\"https:\/\/www.salzburgerland.com\/de\/magazin\/wp-content\/uploads\/2021\/07\/Kinder-Maerchen-und-Sagenwanderung-249x160.jpg 249w, https:\/\/www.salzburgerland.com\/de\/magazin\/wp-content\/uploads\/2021\/07\/Kinder-Maerchen-und-Sagenwanderung-325x209.jpg 325w\"><\/source><img decoding=\"async\" alt=\"Zuh&ouml;rer M&auml;rchen- und Sagenwanderung\" src=\"https:\/\/www.salzburgerland.com\/de\/magazin\/wp-content\/uploads\/2021\/07\/Kinder-Maerchen-und-Sagenwanderung-scaled.jpg\">\t<\/picture><figcaption>Gebanntes Lauschen &copy; Stefan Nocker<\/figcaption><\/a><\/figure><\/div><div class=\"col-6 col-sm-4\"><figure><a class=\"thumb-container\" href=\"https:\/\/www.salzburgerland.com\/de\/magazin\/wp-content\/uploads\/2021\/07\/Lebendig-erzaehlte-Sagen-vom-Pinzgau-1280x1024.jpg\">\t<picture><source media=\"(min-width: 576px)\" srcset=\"\"><\/source><source media=\"(min-width: 0)\" srcset=\"https:\/\/www.salzburgerland.com\/de\/magazin\/wp-content\/uploads\/2021\/07\/Lebendig-erzaehlte-Sagen-vom-Pinzgau.jpg 1329w, https:\/\/www.salzburgerland.com\/de\/magazin\/wp-content\/uploads\/2021\/07\/Lebendig-erzaehlte-Sagen-vom-Pinzgau-222x300.jpg 222w, https:\/\/www.salzburgerland.com\/de\/magazin\/wp-content\/uploads\/2021\/07\/Lebendig-erzaehlte-Sagen-vom-Pinzgau-1137x1536.jpg 1137w, https:\/\/www.salzburgerland.com\/de\/magazin\/wp-content\/uploads\/2021\/07\/Lebendig-erzaehlte-Sagen-vom-Pinzgau-407x550.jpg 407w, https:\/\/www.salzburgerland.com\/de\/magazin\/wp-content\/uploads\/2021\/07\/Lebendig-erzaehlte-Sagen-vom-Pinzgau-296x400.jpg 296w, https:\/\/www.salzburgerland.com\/de\/magazin\/wp-content\/uploads\/2021\/07\/Lebendig-erzaehlte-Sagen-vom-Pinzgau-1320x1783.jpg 1320w, https:\/\/www.salzburgerland.com\/de\/magazin\/wp-content\/uploads\/2021\/07\/Lebendig-erzaehlte-Sagen-vom-Pinzgau-150x203.jpg 150w\"><\/source><img decoding=\"async\" alt=\"Lebendig erz&auml;hlte Sagen\" src=\"https:\/\/www.salzburgerland.com\/de\/magazin\/wp-content\/uploads\/2021\/07\/Lebendig-erzaehlte-Sagen-vom-Pinzgau.jpg\">\t<\/picture><figcaption>Iris schnarchend im Badezuber &copy; Regina Langreiter<\/figcaption><\/a><\/figure><\/div><div class=\"col-6 col-sm-4\"><figure><a class=\"thumb-container\" href=\"https:\/\/www.salzburgerland.com\/de\/magazin\/wp-content\/uploads\/2021\/07\/Iris-in-Action-bei-der-Maerchenerzaehung-1280x1024.jpg\">\t<picture><source media=\"(min-width: 576px)\" srcset=\"\"><\/source><source media=\"(min-width: 0)\" srcset=\"https:\/\/www.salzburgerland.com\/de\/magazin\/wp-content\/uploads\/2021\/07\/Iris-in-Action-bei-der-Maerchenerzaehung.jpg 1220w, https:\/\/www.salzburgerland.com\/de\/magazin\/wp-content\/uploads\/2021\/07\/Iris-in-Action-bei-der-Maerchenerzaehung-210x300.jpg 210w, https:\/\/www.salzburgerland.com\/de\/magazin\/wp-content\/uploads\/2021\/07\/Iris-in-Action-bei-der-Maerchenerzaehung-1073x1536.jpg 1073w, https:\/\/www.salzburgerland.com\/de\/magazin\/wp-content\/uploads\/2021\/07\/Iris-in-Action-bei-der-Maerchenerzaehung-384x550.jpg 384w, https:\/\/www.salzburgerland.com\/de\/magazin\/wp-content\/uploads\/2021\/07\/Iris-in-Action-bei-der-Maerchenerzaehung-279x400.jpg 279w, https:\/\/www.salzburgerland.com\/de\/magazin\/wp-content\/uploads\/2021\/07\/Iris-in-Action-bei-der-Maerchenerzaehung-150x215.jpg 150w\"><\/source><img decoding=\"async\" alt=\"M&auml;rchen- und Sagenerz&auml;hlerin Iris Unterhofer\" src=\"https:\/\/www.salzburgerland.com\/de\/magazin\/wp-content\/uploads\/2021\/07\/Iris-in-Action-bei-der-Maerchenerzaehung.jpg\">\t<\/picture><figcaption>Iris in Aktion &copy; Regina Langreiter<\/figcaption><\/a><\/figure><\/div><div class=\"col-6 col-sm-4\"><figure><a class=\"thumb-container\" href=\"https:\/\/www.salzburgerland.com\/de\/magazin\/wp-content\/uploads\/2021\/07\/Teufel-aus-der-Sage-1280x1024.jpg\">\t<picture><source media=\"(min-width: 576px)\" srcset=\"\"><\/source><source media=\"(min-width: 0)\" srcset=\"https:\/\/www.salzburgerland.com\/de\/magazin\/wp-content\/uploads\/2021\/07\/Teufel-aus-der-Sage-rotated.jpg 1500w, https:\/\/www.salzburgerland.com\/de\/magazin\/wp-content\/uploads\/2021\/07\/Teufel-aus-der-Sage-225x300.jpg 225w, https:\/\/www.salzburgerland.com\/de\/magazin\/wp-content\/uploads\/2021\/07\/Teufel-aus-der-Sage-1152x1536.jpg 1152w, https:\/\/www.salzburgerland.com\/de\/magazin\/wp-content\/uploads\/2021\/07\/Teufel-aus-der-Sage-413x550.jpg 413w, https:\/\/www.salzburgerland.com\/de\/magazin\/wp-content\/uploads\/2021\/07\/Teufel-aus-der-Sage-300x400.jpg 300w, https:\/\/www.salzburgerland.com\/de\/magazin\/wp-content\/uploads\/2021\/07\/Teufel-aus-der-Sage-1320x1760.jpg 1320w, https:\/\/www.salzburgerland.com\/de\/magazin\/wp-content\/uploads\/2021\/07\/Teufel-aus-der-Sage-640x853.jpg 640w, https:\/\/www.salzburgerland.com\/de\/magazin\/wp-content\/uploads\/2021\/07\/Teufel-aus-der-Sage-150x200.jpg 150w\"><\/source><img decoding=\"async\" alt=\"Teufel basteln Pinzgauer Sage\" src=\"https:\/\/www.salzburgerland.com\/de\/magazin\/wp-content\/uploads\/2021\/07\/Teufel-aus-der-Sage-rotated.jpg\">\t<\/picture><figcaption>Teufel aus der Sage von Kindern gestaltet &copy; Regina Langreiter<\/figcaption><\/a><\/figure><\/div><\/div><figcaption><\/figcaption><\/div>\n\n\n\n<h2 class=\"wp-block-heading\" id=\"h-hereinspaziert-in-den-stollen\">Hereinspaziert in den Stollen<\/h2>\n\n\n\n<p>Noch einmal d\u00fcrfen wir Platz nehmen und erfahren in der n\u00e4chsten Sage, wer f\u00fcr einen erfolgreichen Almsommer verantwortlich ist: das Kasmandl von Rauris. \u00dcberall da, wo es mit seinen Holzschuhen hintritt, wachsen besonders gute Kr\u00e4uter. Jetzt aber genug gerastet und gelauscht! Iris schultert ihre Krax mit dem Bergmandl und f\u00fchrt uns weiter.<\/p>\n\n\n\n<p>Der Weg wird abenteuerlicher, denn nun wandern wir einen Waldpfad hinauf und stehen wenige Minuten sp\u00e4ter vor dem Eingang zu einem alten Bergwerksstollen. Drinnen empf\u00e4ngt uns k\u00fchle und feuchte Luft, hin und wieder tropft es von Decke und W\u00e4nden und das Tageslicht wird nach wenigen Metern vollst\u00e4ndig vom Stollen verschluckt. Mit Fackeln, Laternen und ein bisschen moderner Elektrizit\u00e4t entsteht eine stimmige Kulisse f\u00fcr die letzte Sagengeschichte. Sie handelt vom <a href=\"https:\/\/www.raurisertal.at\/de\/sommer\/raurisertal\/tal-des-goldes\/\" target=\"_blank\" rel=\"noreferrer noopener\">Goldbergbau<\/a> und dem Bergmandl. Mit dieser Geschichte regt die M\u00e4rchenerz\u00e4hlerin nicht nur die Fantasie der J\u00fcngsten an, sondern \u00fcbermittelt zudem wissenswerte Details zur Vergangenheit des <a href=\"https:\/\/www.raurisertal.at\" target=\"_blank\" rel=\"noreferrer noopener\">Raurisertals<\/a>.<\/p>\n\n\n\n<p>Als die Sage endet, \u00fcberrascht Iris alle mit einer spannenden Ank\u00fcndigung: \u201eDort, ein paar Meter weiter drinnen im Stollen, sind kleine Sch\u00e4tze versteckt!\u201c Die Kinder schw\u00e4rmen sofort aus, die Erwachsenen eilen mit Fackeln, Laternen und \u2013 der heutigen Zeit sei Dank \u2013 Handy-Taschenlampen hinterher.<\/p>\n\n\n\n<p>Und tats\u00e4chlich, wenig sp\u00e4ter darf sich jedes Kind und jede erwachsene Begleitung \u00fcber einen kleinen funkelnden Bergkristall freuen. Mit dem kostbaren Schatz in der Jackentasche geht es schlie\u00dflich wieder zur\u00fcck zum Naturfreundehaus. Und dort nehme ich Iris noch kurz zur Seite, denn eines interessiert mich schon: Wie wird man eigentlich M\u00e4rchenerz\u00e4hlerin?<\/p>\n\n\n<div class=\"mag-gallery\"><div class=\"row\"><div class=\"col-6 col-sm-4\"><figure><a class=\"thumb-container\" href=\"https:\/\/www.salzburgerland.com\/de\/magazin\/wp-content\/uploads\/2021\/07\/Bergwerksstollen-1280x1024.jpg\">\t<picture><source media=\"(min-width: 576px)\" srcset=\"https:\/\/www.salzburgerland.com\/de\/magazin\/wp-content\/uploads\/2021\/07\/Bergwerksstollen-325x209.jpg 325w, https:\/\/www.salzburgerland.com\/de\/magazin\/wp-content\/uploads\/2021\/07\/Bergwerksstollen-249x160.jpg 249w\"><\/source><source media=\"(min-width: 0)\" srcset=\"https:\/\/www.salzburgerland.com\/de\/magazin\/wp-content\/uploads\/2021\/07\/Bergwerksstollen-249x160.jpg 249w, https:\/\/www.salzburgerland.com\/de\/magazin\/wp-content\/uploads\/2021\/07\/Bergwerksstollen-325x209.jpg 325w\"><\/source><img decoding=\"async\" alt=\"Eingang Bergwerksstollen Rauris\" src=\"https:\/\/www.salzburgerland.com\/de\/magazin\/wp-content\/uploads\/2021\/07\/Bergwerksstollen-scaled.jpg\">\t<\/picture><figcaption>Der Eingang zum Bergwerksstollen &copy; Stefan Nocker<\/figcaption><\/a><\/figure><\/div><div class=\"col-6 col-sm-4\"><figure><a class=\"thumb-container\" href=\"https:\/\/www.salzburgerland.com\/de\/magazin\/wp-content\/uploads\/2021\/07\/Sage-im-Stollen-Rauris-1280x1024.jpg\">\t<picture><source media=\"(min-width: 576px)\" srcset=\"https:\/\/www.salzburgerland.com\/de\/magazin\/wp-content\/uploads\/2021\/07\/Sage-im-Stollen-Rauris-325x209.jpg 325w, https:\/\/www.salzburgerland.com\/de\/magazin\/wp-content\/uploads\/2021\/07\/Sage-im-Stollen-Rauris-249x160.jpg 249w\"><\/source><source media=\"(min-width: 0)\" srcset=\"https:\/\/www.salzburgerland.com\/de\/magazin\/wp-content\/uploads\/2021\/07\/Sage-im-Stollen-Rauris-249x160.jpg 249w, https:\/\/www.salzburgerland.com\/de\/magazin\/wp-content\/uploads\/2021\/07\/Sage-im-Stollen-Rauris-325x209.jpg 325w\"><\/source><img decoding=\"async\" alt=\"Sagenerz&auml;hlung in Rauris Goldbergbau\" src=\"https:\/\/www.salzburgerland.com\/de\/magazin\/wp-content\/uploads\/2021\/07\/Sage-im-Stollen-Rauris-scaled.jpg\">\t<\/picture><figcaption>Passende Kulisse f&uuml;r die Pinzgauer Sagen &copy; Stefan Nocker<\/figcaption><\/a><\/figure><\/div><div class=\"col-6 col-sm-4\"><figure><a class=\"thumb-container\" href=\"https:\/\/www.salzburgerland.com\/de\/magazin\/wp-content\/uploads\/2021\/07\/Sagengeschichte-Goldbergbau-1280x1024.jpg\">\t<picture><source media=\"(min-width: 576px)\" srcset=\"\"><\/source><source media=\"(min-width: 0)\" srcset=\"https:\/\/www.salzburgerland.com\/de\/magazin\/wp-content\/uploads\/2021\/07\/Sagengeschichte-Goldbergbau-scaled.jpg 1920w, https:\/\/www.salzburgerland.com\/de\/magazin\/wp-content\/uploads\/2021\/07\/Sagengeschichte-Goldbergbau-225x300.jpg 225w, https:\/\/www.salzburgerland.com\/de\/magazin\/wp-content\/uploads\/2021\/07\/Sagengeschichte-Goldbergbau-1152x1536.jpg 1152w, https:\/\/www.salzburgerland.com\/de\/magazin\/wp-content\/uploads\/2021\/07\/Sagengeschichte-Goldbergbau-1536x2048.jpg 1536w, https:\/\/www.salzburgerland.com\/de\/magazin\/wp-content\/uploads\/2021\/07\/Sagengeschichte-Goldbergbau-413x550.jpg 413w, https:\/\/www.salzburgerland.com\/de\/magazin\/wp-content\/uploads\/2021\/07\/Sagengeschichte-Goldbergbau-300x400.jpg 300w, https:\/\/www.salzburgerland.com\/de\/magazin\/wp-content\/uploads\/2021\/07\/Sagengeschichte-Goldbergbau-1320x1760.jpg 1320w, https:\/\/www.salzburgerland.com\/de\/magazin\/wp-content\/uploads\/2021\/07\/Sagengeschichte-Goldbergbau-640x853.jpg 640w, https:\/\/www.salzburgerland.com\/de\/magazin\/wp-content\/uploads\/2021\/07\/Sagengeschichte-Goldbergbau-150x200.jpg 150w\"><\/source><img decoding=\"async\" alt=\"Bergmandl Goldbergbau Pinzgauer Sage\" src=\"https:\/\/www.salzburgerland.com\/de\/magazin\/wp-content\/uploads\/2021\/07\/Sagengeschichte-Goldbergbau-scaled.jpg\">\t<\/picture><figcaption>Dort f&uuml;hlt sich das Bergmandl wohl &copy; Regina Langreiter<\/figcaption><\/a><\/figure><\/div><\/div><figcaption><\/figcaption><\/div>\n\n\n\n<h2 class=\"wp-block-heading\" id=\"h-in-den-m-rchen-ein-st-ck-heimat-finden\">In den M\u00e4rchen ein St\u00fcck Heimat finden<\/h2>\n\n\n\n<p>Urspr\u00fcnglich war Iris als Sozialarbeiterin im Kinder- und Jugendbereich t\u00e4tig. Ihre Arbeit f\u00fchrte sie eines Tages nach Afrika, nach Tansania, wo sie mit Stra\u00dfenkindern arbeitete. Die Kultur war neuartig und sehr fremd f\u00fcr sie, doch es gab etwas, das eine Br\u00fccke zu ihrer Heimat schlug: \u201eDie Kinder in Afrika haben viele M\u00e4rchen erz\u00e4hlt. Die m\u00fcndliche Erz\u00e4hlkultur ist dort sehr ausgepr\u00e4gt und man hat gemerkt, dass sie mit den Geschichten aufgewachsen sind. Durch die M\u00e4rchen habe ich immer etwas Verbindendes, Vertrautes zur Heimat gefunden.\u201c<\/p>\n\n\n\n<p>Denn auch wenn die Geschichtenkulisse eine ganz andere war, so erkannte Iris in den afrikanischen M\u00e4rchen bekannte Symbole und Abl\u00e4ufe, dieselbe Grundthematik und Moral. Zum Beispiel den kleinen Hasen, der schlauer ist als alle gro\u00dfen und sich zum Helden entwickelt. Und pl\u00f6tzlich wurden l\u00e4ngst vergessene Erinnerungen wieder wach: die vielen Vorlese- und M\u00e4rchenstunden bei ihrer Oma, all die lustigen, listigen und schaurigen Wesen aus den Geschichten, die geheimnisvollen Streifz\u00fcge durch die heimischen W\u00e4lder auf der Suche nach ebendiesen Figuren. Und so kehrten damals, am Fu\u00dfe des Kilimanjaro, die M\u00e4rchen in Iris\u2018 Leben zur\u00fcck \u2013 und lie\u00dfen sie seither nie mehr los.<\/p>\n\n\n\n<h2 class=\"wp-block-heading\" id=\"h-pinzgauer-sagen-vor-naturgetreuer-kulisse\">Pinzgauer Sagen vor naturgetreuer Kulisse<\/h2>\n\n\n\n<p>Iris absolvierte eine Ausbildung zur Wildnisp\u00e4dagogin und Kr\u00e4uterfachfrau und schlie\u00dflich einen zweij\u00e4hrigen Lehrgang zum Thema \u201eM\u00e4rchen begreifen\u201c. Mit diesem Wissen und ihrer Erfahrung erfreut sie nun Kinder und Erwachsene mit bunten Naturerlebnissen und heimischen Sagen. Diese gehen ihr jedenfalls bestimmt nicht aus: Iris sch\u00e4tzt, dass sie sich bereits durch \u00fcber 1.500 M\u00e4rchen- und Sagenb\u00fccher gelesen und gebl\u00e4ttert hat. Umso mehr freut es sie, wenn sie auf mittlerweile junge Erwachsene trifft, die vor einigen Jahren ihren Geschichten gelauscht haben und sich noch detailgetreu daran erinnern. Oder wenn ihre kleinen Zuh\u00f6rer:innen kundtun, sie h\u00e4tten letztens tats\u00e4chlich ein Bergmandl vorbeihuschen gesehen \u2026<\/p>\n\n\n\n<p>Und auch wir werden bestimmt bald wieder nach Kolm Saigurn zur\u00fcckkehren. Denn da gab es doch diese Geschichte \u00fcber den Goldbergbau-Vorarbeiter, der den Goldschatz nie gefunden hat \u2013 und welcher angeblich immer noch irgendwo im Rauriser Talschluss verborgen liegt \u2026<br><\/p>\n\n\n\n<p><em><strong>Mehr von Iris erfahren:<\/strong><br><\/em><a href=\"http:\/\/www.schermtax.at\" target=\"_blank\" rel=\"noreferrer noopener\"><em>www.schermtax.at<\/em><\/a><em><br>Iris\u2018 Mann Martin ist ebenfalls in der Natur daheim. Gemeinsam bieten die beiden spannende Naturerlebnisse f\u00fcr kleine und gro\u00dfe Drau\u00dfen-Fans.<\/em><\/p>\n\n\n\n<p><strong>M\u00e4rchen- und Sagenwanderung in Kolm Saigurn<\/strong><br>Anmeldungen: Naturfreundehaus Kolm Saigurn<br>06544\/8103 und 06544\/20 406<\/p>\n\n\n","protected":false},"excerpt":{"rendered":"<p>M\u00e4rchen- und Sagenwanderung im Rauriser Talschluss Vor dem Naturfreundehaus in Kolm Saigurn erwartet Iris ihre kleinen und erwachsenen Zuh\u00f6rer:innen. Die sp\u00e4hen sofort hinter ihren R\u00fccken, denn Iris kommt niemals allein. Auf einer alten Krax sitzt ein kleines M\u00e4nnchen mit Zipfelm\u00fctze, smaragdgr\u00fcnen Augen und wei\u00dfem Zottelbart: das Bergmandl aus dem Stollen. Und unter ihm befindet sich [&hellip;]<\/p>\n","protected":false},"author":555,"featured_media":156596,"comment_status":"open","ping_status":"closed","sticky":false,"template":"","format":"standard","meta":{"_acf_changed":false,"wl_entities_gutenberg":"","_wl_entity_redirect_enabled":"","footnotes":""},"categories":[9],"tags":[1704,7181,7182,139],"wl_entity_type":[306],"monatsauswahl":[87,88,89,90],"class_list":["post-156512","post","type-post","status-publish","format-standard","has-post-thumbnail","hentry","category-sehenswurdig","tag-maerchenwanderung","tag-rauris","tag-sagen","tag-wandern","wl_entity_type-article","monatsauswahl-monat_6","monatsauswahl-monat_7","monatsauswahl-monat_8","monatsauswahl-monat_9"],"acf":[],"yoast_head":"<!-- This site is optimized with the Yoast SEO Premium plugin v27.4 (Yoast SEO v27.4) - https:\/\/yoast.com\/product\/yoast-seo-premium-wordpress\/ -->\n<title>M\u00e4rchen und Sagen erwachen zum Leben - SalzburgerLand Magazin<\/title>\n<meta name=\"description\" content=\"Bei der M\u00e4rchen- und Sagenwanderung in Kolm Saigurn bringt Iris Unterhofer ihre kleinen und gro\u00dfen Zuh\u00f6rer:innen zum Staunen und L\u00e4cheln.\" \/>\n<meta name=\"robots\" content=\"index, follow, max-snippet:-1, max-image-preview:large, max-video-preview:-1\" \/>\n<link rel=\"canonical\" href=\"https:\/\/www.salzburgerland.com\/de\/magazin\/maerchen-und-sagen-erwachen-zum-leben\/\" \/>\n<meta property=\"og:locale\" content=\"de_DE\" \/>\n<meta property=\"og:type\" content=\"article\" \/>\n<meta property=\"og:title\" content=\"M\u00e4rchen und Sagen erwachen zum Leben\" \/>\n<meta property=\"og:description\" content=\"Bei der M\u00e4rchen- und Sagenwanderung in Kolm Saigurn bringt Iris Unterhofer ihre kleinen und gro\u00dfen Zuh\u00f6rer:innen zum Staunen und L\u00e4cheln.\" \/>\n<meta property=\"og:url\" content=\"https:\/\/www.salzburgerland.com\/de\/magazin\/maerchen-und-sagen-erwachen-zum-leben\/\" \/>\n<meta property=\"og:site_name\" content=\"SalzburgerLand Magazin\" \/>\n<meta property=\"article:publisher\" content=\"https:\/\/www.facebook.com\/salzburgerland\/\" \/>\n<meta property=\"article:published_time\" content=\"2021-08-24T06:00:00+00:00\" \/>\n<meta property=\"article:modified_time\" content=\"2021-08-30T12:57:10+00:00\" \/>\n<meta property=\"og:image\" content=\"https:\/\/www.salzburgerland.com\/de\/magazin\/wp-content\/uploads\/2021\/07\/Banner-Maerchen-und-Sagenwanderung-scaled.jpg\" \/>\n\t<meta property=\"og:image:width\" content=\"2560\" \/>\n\t<meta property=\"og:image:height\" content=\"749\" \/>\n\t<meta property=\"og:image:type\" content=\"image\/jpeg\" \/>\n<meta name=\"author\" content=\"Regina Langreiter\" \/>\n<meta name=\"twitter:card\" content=\"summary_large_image\" \/>\n<meta name=\"twitter:creator\" content=\"@Salzburgerland\" \/>\n<meta name=\"twitter:site\" content=\"@Salzburgerland\" \/>\n<meta name=\"twitter:label1\" content=\"Verfasst von\" \/>\n\t<meta name=\"twitter:data1\" content=\"Regina Langreiter\" \/>\n\t<meta name=\"twitter:label2\" content=\"Gesch\u00e4tzte Lesezeit\" \/>\n\t<meta name=\"twitter:data2\" content=\"7\u00a0Minuten\" \/>\n<script type=\"application\/ld+json\" class=\"yoast-schema-graph\">{\"@context\":\"https:\\\/\\\/schema.org\",\"@graph\":[{\"@type\":\"Article\",\"@id\":\"https:\\\/\\\/www.salzburgerland.com\\\/de\\\/magazin\\\/maerchen-und-sagen-erwachen-zum-leben\\\/#article\",\"isPartOf\":{\"@id\":\"https:\\\/\\\/www.salzburgerland.com\\\/de\\\/magazin\\\/maerchen-und-sagen-erwachen-zum-leben\\\/\"},\"author\":{\"name\":\"Regina Langreiter\",\"@id\":\"https:\\\/\\\/www.salzburgerland.com\\\/de\\\/magazin\\\/#\\\/schema\\\/person\\\/400a3c5899426155958bfead834fa13e\"},\"headline\":\"M\u00e4rchen und Sagen erwachen zum Leben\",\"datePublished\":\"2021-08-24T06:00:00+00:00\",\"dateModified\":\"2021-08-30T12:57:10+00:00\",\"mainEntityOfPage\":{\"@id\":\"https:\\\/\\\/www.salzburgerland.com\\\/de\\\/magazin\\\/maerchen-und-sagen-erwachen-zum-leben\\\/\"},\"wordCount\":1091,\"commentCount\":0,\"publisher\":{\"@id\":\"https:\\\/\\\/www.salzburgerland.com\\\/de\\\/magazin\\\/#organization\"},\"image\":{\"@id\":\"https:\\\/\\\/www.salzburgerland.com\\\/de\\\/magazin\\\/maerchen-und-sagen-erwachen-zum-leben\\\/#primaryimage\"},\"thumbnailUrl\":\"https:\\\/\\\/www.salzburgerland.com\\\/de\\\/magazin\\\/wp-content\\\/uploads\\\/2021\\\/07\\\/Banner-Maerchen-und-Sagenwanderung-scaled.jpg\",\"keywords\":[\"M\u00e4rchenwanderung\",\"Rauris\",\"Sagen\",\"Wandern\"],\"articleSection\":[\"Sehensw\u00fcrdig\"],\"inLanguage\":\"de\",\"potentialAction\":[{\"@type\":\"CommentAction\",\"name\":\"Comment\",\"target\":[\"https:\\\/\\\/www.salzburgerland.com\\\/de\\\/magazin\\\/maerchen-und-sagen-erwachen-zum-leben\\\/#respond\"]}]},{\"@type\":\"WebPage\",\"@id\":\"https:\\\/\\\/www.salzburgerland.com\\\/de\\\/magazin\\\/maerchen-und-sagen-erwachen-zum-leben\\\/\",\"url\":\"https:\\\/\\\/www.salzburgerland.com\\\/de\\\/magazin\\\/maerchen-und-sagen-erwachen-zum-leben\\\/\",\"name\":\"M\u00e4rchen und Sagen erwachen zum Leben - SalzburgerLand Magazin\",\"isPartOf\":{\"@id\":\"https:\\\/\\\/www.salzburgerland.com\\\/de\\\/magazin\\\/#website\"},\"primaryImageOfPage\":{\"@id\":\"https:\\\/\\\/www.salzburgerland.com\\\/de\\\/magazin\\\/maerchen-und-sagen-erwachen-zum-leben\\\/#primaryimage\"},\"image\":{\"@id\":\"https:\\\/\\\/www.salzburgerland.com\\\/de\\\/magazin\\\/maerchen-und-sagen-erwachen-zum-leben\\\/#primaryimage\"},\"thumbnailUrl\":\"https:\\\/\\\/www.salzburgerland.com\\\/de\\\/magazin\\\/wp-content\\\/uploads\\\/2021\\\/07\\\/Banner-Maerchen-und-Sagenwanderung-scaled.jpg\",\"datePublished\":\"2021-08-24T06:00:00+00:00\",\"dateModified\":\"2021-08-30T12:57:10+00:00\",\"description\":\"Bei der M\u00e4rchen- und Sagenwanderung in Kolm Saigurn bringt Iris Unterhofer ihre kleinen und gro\u00dfen Zuh\u00f6rer:innen zum Staunen und L\u00e4cheln.\",\"breadcrumb\":{\"@id\":\"https:\\\/\\\/www.salzburgerland.com\\\/de\\\/magazin\\\/maerchen-und-sagen-erwachen-zum-leben\\\/#breadcrumb\"},\"inLanguage\":\"de\",\"potentialAction\":[{\"@type\":\"ReadAction\",\"target\":[\"https:\\\/\\\/www.salzburgerland.com\\\/de\\\/magazin\\\/maerchen-und-sagen-erwachen-zum-leben\\\/\"]}]},{\"@type\":\"ImageObject\",\"inLanguage\":\"de\",\"@id\":\"https:\\\/\\\/www.salzburgerland.com\\\/de\\\/magazin\\\/maerchen-und-sagen-erwachen-zum-leben\\\/#primaryimage\",\"url\":\"https:\\\/\\\/www.salzburgerland.com\\\/de\\\/magazin\\\/wp-content\\\/uploads\\\/2021\\\/07\\\/Banner-Maerchen-und-Sagenwanderung-scaled.jpg\",\"contentUrl\":\"https:\\\/\\\/www.salzburgerland.com\\\/de\\\/magazin\\\/wp-content\\\/uploads\\\/2021\\\/07\\\/Banner-Maerchen-und-Sagenwanderung-scaled.jpg\",\"width\":2560,\"height\":749,\"caption\":\"M\u00e4rchen- und Sagenwanderung Rauris\"},{\"@type\":\"BreadcrumbList\",\"@id\":\"https:\\\/\\\/www.salzburgerland.com\\\/de\\\/magazin\\\/maerchen-und-sagen-erwachen-zum-leben\\\/#breadcrumb\",\"itemListElement\":[{\"@type\":\"ListItem\",\"position\":1,\"name\":\"Startseite\",\"item\":\"https:\\\/\\\/www.salzburgerland.com\\\/de\\\/magazin\\\/\"},{\"@type\":\"ListItem\",\"position\":2,\"name\":\"Sehensw\u00fcrdig\",\"item\":\"https:\\\/\\\/www.salzburgerland.com\\\/de\\\/magazin\\\/thema\\\/sehenswurdig\\\/\"},{\"@type\":\"ListItem\",\"position\":3,\"name\":\"M\u00e4rchen und Sagen erwachen zum Leben\"}]},{\"@type\":\"WebSite\",\"@id\":\"https:\\\/\\\/www.salzburgerland.com\\\/de\\\/magazin\\\/#website\",\"url\":\"https:\\\/\\\/www.salzburgerland.com\\\/de\\\/magazin\\\/\",\"name\":\"SalzburgerLand Magazin\",\"description\":\"Geschichten und Interessantes aus dem SalzburgerLand\",\"publisher\":{\"@id\":\"https:\\\/\\\/www.salzburgerland.com\\\/de\\\/magazin\\\/#organization\"},\"potentialAction\":[{\"@type\":\"SearchAction\",\"target\":{\"@type\":\"EntryPoint\",\"urlTemplate\":\"https:\\\/\\\/www.salzburgerland.com\\\/de\\\/magazin\\\/?s={search_term_string}\"},\"query-input\":{\"@type\":\"PropertyValueSpecification\",\"valueRequired\":true,\"valueName\":\"search_term_string\"}}],\"inLanguage\":\"de\"},{\"@type\":\"Organization\",\"@id\":\"https:\\\/\\\/www.salzburgerland.com\\\/de\\\/magazin\\\/#organization\",\"name\":\"SalzburgerLand Tourismus\",\"url\":\"https:\\\/\\\/www.salzburgerland.com\\\/de\\\/magazin\\\/\",\"logo\":{\"@type\":\"ImageObject\",\"inLanguage\":\"de\",\"@id\":\"https:\\\/\\\/www.salzburgerland.com\\\/de\\\/magazin\\\/#\\\/schema\\\/logo\\\/image\\\/\",\"url\":\"https:\\\/\\\/www.salzburgerland.com\\\/de\\\/magazin\\\/wp-content\\\/uploads\\\/2019\\\/06\\\/salzburgerland-logo1.jpg\",\"contentUrl\":\"https:\\\/\\\/www.salzburgerland.com\\\/de\\\/magazin\\\/wp-content\\\/uploads\\\/2019\\\/06\\\/salzburgerland-logo1.jpg\",\"width\":2011,\"height\":866,\"caption\":\"SalzburgerLand Tourismus\"},\"image\":{\"@id\":\"https:\\\/\\\/www.salzburgerland.com\\\/de\\\/magazin\\\/#\\\/schema\\\/logo\\\/image\\\/\"},\"sameAs\":[\"https:\\\/\\\/www.facebook.com\\\/salzburgerland\\\/\",\"https:\\\/\\\/x.com\\\/Salzburgerland\",\"https:\\\/\\\/www.instagram.com\\\/salzburgerland\\\/\",\"https:\\\/\\\/at.linkedin.com\\\/company\\\/salzburgerland-tourismus-gmbh\",\"https:\\\/\\\/www.pinterest.at\\\/salzburgerland\\\/\",\"https:\\\/\\\/www.youtube.com\\\/user\\\/salzburgerland\",\"https:\\\/\\\/de.wikipedia.org\\\/wiki\\\/SalzburgerLand_Tourismus_GmbH\"]},{\"@type\":\"Person\",\"@id\":\"https:\\\/\\\/www.salzburgerland.com\\\/de\\\/magazin\\\/#\\\/schema\\\/person\\\/400a3c5899426155958bfead834fa13e\",\"name\":\"Regina Langreiter\",\"description\":\"Regina Langreiter ist freie Texterin aus dem Salzburger Land \u2013 aufgewachsen im Raurisertal, verwurzelt in der alpinen Lebenswelt und mit einem Faible f\u00fcr die echten Momente. \u00dcbertriebene Inszenierung ist nicht ihre B\u00fchne, sie interessiert sich f\u00fcr das Einfache, Bodenst\u00e4ndige und Menschliche, also f\u00fcr jene Geschichten, die nicht laut auftreten m\u00fcssen, um in Erinnerung zu bleiben. Dosige oder Zuagroaste? Dosige. Auf- und festgewachsen in Rauris. Fr\u00fchling, Sommer, Herbst oder Winter? Auch wenn mir bereits ab zehn Grad abw\u00e4rts die H\u00e4nde beinahe abfrieren, sch\u00e4tze ich die Vielseitigkeit der Jahreszeiten. Ich juble \u00fcber die ersten Schneeflocken des Jahres genauso wie \u00fcber jenen Morgen, an dem ich wieder fr\u00f6hlichem Vogelgezwitscher lauschen kann. Bergtour oder Seentour? Die k\u00fchlen Bergseen bewundere ich sehr gern \u2013 aber am liebsten von oben. Im Wasser findet man mich nur, wenn meine Kinder mich \u00fcberreden. Rindsroulade vom Pinzgauer Biorind oder Saibling fangfrisch aus dem Fuschlsee? Das Biorind bekommt den Vorzug, aber beim Saibling bin ich auch nicht abgeneigt. Am leichtesten verf\u00fchren kann man mich aber definitiv mit Schokolade. Buch oder Film? Es gibt wenige Filme, die mich wirklich fesseln. Daf\u00fcr k\u00f6nnte ich \u00fcber Stunden in einem Buch versinken. Gummistiefel oder High Heels? Wer mich in High Heels sieht, darf sich diesen Tag als skurrile Begebenheit im Kalender eintragen. Gummistiefel gibt es allerdings auch nur, wenn ich unsere H\u00fchner im Garten besuche. Meinen Alltag bestreite ich in Sneakers oder Trekkingschuhen.\",\"sameAs\":[\"https:\\\/\\\/www.aufgetextet.at\"],\"url\":\"https:\\\/\\\/www.salzburgerland.com\\\/de\\\/magazin\\\/author\\\/regina-langreiter\\\/\"}]}<\/script>\n<!-- \/ Yoast SEO Premium plugin. -->","yoast_head_json":{"title":"M\u00e4rchen und Sagen erwachen zum Leben - SalzburgerLand Magazin","description":"Bei der M\u00e4rchen- und Sagenwanderung in Kolm Saigurn bringt Iris Unterhofer ihre kleinen und gro\u00dfen Zuh\u00f6rer:innen zum Staunen und L\u00e4cheln.","robots":{"index":"index","follow":"follow","max-snippet":"max-snippet:-1","max-image-preview":"max-image-preview:large","max-video-preview":"max-video-preview:-1"},"canonical":"https:\/\/www.salzburgerland.com\/de\/magazin\/maerchen-und-sagen-erwachen-zum-leben\/","og_locale":"de_DE","og_type":"article","og_title":"M\u00e4rchen und Sagen erwachen zum Leben","og_description":"Bei der M\u00e4rchen- und Sagenwanderung in Kolm Saigurn bringt Iris Unterhofer ihre kleinen und gro\u00dfen Zuh\u00f6rer:innen zum Staunen und L\u00e4cheln.","og_url":"https:\/\/www.salzburgerland.com\/de\/magazin\/maerchen-und-sagen-erwachen-zum-leben\/","og_site_name":"SalzburgerLand Magazin","article_publisher":"https:\/\/www.facebook.com\/salzburgerland\/","article_published_time":"2021-08-24T06:00:00+00:00","article_modified_time":"2021-08-30T12:57:10+00:00","og_image":[{"width":2560,"height":749,"url":"https:\/\/www.salzburgerland.com\/de\/magazin\/wp-content\/uploads\/2021\/07\/Banner-Maerchen-und-Sagenwanderung-scaled.jpg","type":"image\/jpeg"}],"author":"Regina Langreiter","twitter_card":"summary_large_image","twitter_creator":"@Salzburgerland","twitter_site":"@Salzburgerland","twitter_misc":{"Verfasst von":"Regina Langreiter","Gesch\u00e4tzte Lesezeit":"7\u00a0Minuten"},"schema":{"@context":"https:\/\/schema.org","@graph":[{"@type":"Article","@id":"https:\/\/www.salzburgerland.com\/de\/magazin\/maerchen-und-sagen-erwachen-zum-leben\/#article","isPartOf":{"@id":"https:\/\/www.salzburgerland.com\/de\/magazin\/maerchen-und-sagen-erwachen-zum-leben\/"},"author":{"name":"Regina Langreiter","@id":"https:\/\/www.salzburgerland.com\/de\/magazin\/#\/schema\/person\/400a3c5899426155958bfead834fa13e"},"headline":"M\u00e4rchen und Sagen erwachen zum Leben","datePublished":"2021-08-24T06:00:00+00:00","dateModified":"2021-08-30T12:57:10+00:00","mainEntityOfPage":{"@id":"https:\/\/www.salzburgerland.com\/de\/magazin\/maerchen-und-sagen-erwachen-zum-leben\/"},"wordCount":1091,"commentCount":0,"publisher":{"@id":"https:\/\/www.salzburgerland.com\/de\/magazin\/#organization"},"image":{"@id":"https:\/\/www.salzburgerland.com\/de\/magazin\/maerchen-und-sagen-erwachen-zum-leben\/#primaryimage"},"thumbnailUrl":"https:\/\/www.salzburgerland.com\/de\/magazin\/wp-content\/uploads\/2021\/07\/Banner-Maerchen-und-Sagenwanderung-scaled.jpg","keywords":["M\u00e4rchenwanderung","Rauris","Sagen","Wandern"],"articleSection":["Sehensw\u00fcrdig"],"inLanguage":"de","potentialAction":[{"@type":"CommentAction","name":"Comment","target":["https:\/\/www.salzburgerland.com\/de\/magazin\/maerchen-und-sagen-erwachen-zum-leben\/#respond"]}]},{"@type":"WebPage","@id":"https:\/\/www.salzburgerland.com\/de\/magazin\/maerchen-und-sagen-erwachen-zum-leben\/","url":"https:\/\/www.salzburgerland.com\/de\/magazin\/maerchen-und-sagen-erwachen-zum-leben\/","name":"M\u00e4rchen und Sagen erwachen zum Leben - SalzburgerLand Magazin","isPartOf":{"@id":"https:\/\/www.salzburgerland.com\/de\/magazin\/#website"},"primaryImageOfPage":{"@id":"https:\/\/www.salzburgerland.com\/de\/magazin\/maerchen-und-sagen-erwachen-zum-leben\/#primaryimage"},"image":{"@id":"https:\/\/www.salzburgerland.com\/de\/magazin\/maerchen-und-sagen-erwachen-zum-leben\/#primaryimage"},"thumbnailUrl":"https:\/\/www.salzburgerland.com\/de\/magazin\/wp-content\/uploads\/2021\/07\/Banner-Maerchen-und-Sagenwanderung-scaled.jpg","datePublished":"2021-08-24T06:00:00+00:00","dateModified":"2021-08-30T12:57:10+00:00","description":"Bei der M\u00e4rchen- und Sagenwanderung in Kolm Saigurn bringt Iris Unterhofer ihre kleinen und gro\u00dfen Zuh\u00f6rer:innen zum Staunen und L\u00e4cheln.","breadcrumb":{"@id":"https:\/\/www.salzburgerland.com\/de\/magazin\/maerchen-und-sagen-erwachen-zum-leben\/#breadcrumb"},"inLanguage":"de","potentialAction":[{"@type":"ReadAction","target":["https:\/\/www.salzburgerland.com\/de\/magazin\/maerchen-und-sagen-erwachen-zum-leben\/"]}]},{"@type":"ImageObject","inLanguage":"de","@id":"https:\/\/www.salzburgerland.com\/de\/magazin\/maerchen-und-sagen-erwachen-zum-leben\/#primaryimage","url":"https:\/\/www.salzburgerland.com\/de\/magazin\/wp-content\/uploads\/2021\/07\/Banner-Maerchen-und-Sagenwanderung-scaled.jpg","contentUrl":"https:\/\/www.salzburgerland.com\/de\/magazin\/wp-content\/uploads\/2021\/07\/Banner-Maerchen-und-Sagenwanderung-scaled.jpg","width":2560,"height":749,"caption":"M\u00e4rchen- und Sagenwanderung Rauris"},{"@type":"BreadcrumbList","@id":"https:\/\/www.salzburgerland.com\/de\/magazin\/maerchen-und-sagen-erwachen-zum-leben\/#breadcrumb","itemListElement":[{"@type":"ListItem","position":1,"name":"Startseite","item":"https:\/\/www.salzburgerland.com\/de\/magazin\/"},{"@type":"ListItem","position":2,"name":"Sehensw\u00fcrdig","item":"https:\/\/www.salzburgerland.com\/de\/magazin\/thema\/sehenswurdig\/"},{"@type":"ListItem","position":3,"name":"M\u00e4rchen und Sagen erwachen zum Leben"}]},{"@type":"WebSite","@id":"https:\/\/www.salzburgerland.com\/de\/magazin\/#website","url":"https:\/\/www.salzburgerland.com\/de\/magazin\/","name":"SalzburgerLand Magazin","description":"Geschichten und Interessantes aus dem SalzburgerLand","publisher":{"@id":"https:\/\/www.salzburgerland.com\/de\/magazin\/#organization"},"potentialAction":[{"@type":"SearchAction","target":{"@type":"EntryPoint","urlTemplate":"https:\/\/www.salzburgerland.com\/de\/magazin\/?s={search_term_string}"},"query-input":{"@type":"PropertyValueSpecification","valueRequired":true,"valueName":"search_term_string"}}],"inLanguage":"de"},{"@type":"Organization","@id":"https:\/\/www.salzburgerland.com\/de\/magazin\/#organization","name":"SalzburgerLand Tourismus","url":"https:\/\/www.salzburgerland.com\/de\/magazin\/","logo":{"@type":"ImageObject","inLanguage":"de","@id":"https:\/\/www.salzburgerland.com\/de\/magazin\/#\/schema\/logo\/image\/","url":"https:\/\/www.salzburgerland.com\/de\/magazin\/wp-content\/uploads\/2019\/06\/salzburgerland-logo1.jpg","contentUrl":"https:\/\/www.salzburgerland.com\/de\/magazin\/wp-content\/uploads\/2019\/06\/salzburgerland-logo1.jpg","width":2011,"height":866,"caption":"SalzburgerLand Tourismus"},"image":{"@id":"https:\/\/www.salzburgerland.com\/de\/magazin\/#\/schema\/logo\/image\/"},"sameAs":["https:\/\/www.facebook.com\/salzburgerland\/","https:\/\/x.com\/Salzburgerland","https:\/\/www.instagram.com\/salzburgerland\/","https:\/\/at.linkedin.com\/company\/salzburgerland-tourismus-gmbh","https:\/\/www.pinterest.at\/salzburgerland\/","https:\/\/www.youtube.com\/user\/salzburgerland","https:\/\/de.wikipedia.org\/wiki\/SalzburgerLand_Tourismus_GmbH"]},{"@type":"Person","@id":"https:\/\/www.salzburgerland.com\/de\/magazin\/#\/schema\/person\/400a3c5899426155958bfead834fa13e","name":"Regina Langreiter","description":"Regina Langreiter ist freie Texterin aus dem Salzburger Land \u2013 aufgewachsen im Raurisertal, verwurzelt in der alpinen Lebenswelt und mit einem Faible f\u00fcr die echten Momente. \u00dcbertriebene Inszenierung ist nicht ihre B\u00fchne, sie interessiert sich f\u00fcr das Einfache, Bodenst\u00e4ndige und Menschliche, also f\u00fcr jene Geschichten, die nicht laut auftreten m\u00fcssen, um in Erinnerung zu bleiben. Dosige oder Zuagroaste? Dosige. Auf- und festgewachsen in Rauris. Fr\u00fchling, Sommer, Herbst oder Winter? Auch wenn mir bereits ab zehn Grad abw\u00e4rts die H\u00e4nde beinahe abfrieren, sch\u00e4tze ich die Vielseitigkeit der Jahreszeiten. Ich juble \u00fcber die ersten Schneeflocken des Jahres genauso wie \u00fcber jenen Morgen, an dem ich wieder fr\u00f6hlichem Vogelgezwitscher lauschen kann. Bergtour oder Seentour? Die k\u00fchlen Bergseen bewundere ich sehr gern \u2013 aber am liebsten von oben. Im Wasser findet man mich nur, wenn meine Kinder mich \u00fcberreden. Rindsroulade vom Pinzgauer Biorind oder Saibling fangfrisch aus dem Fuschlsee? Das Biorind bekommt den Vorzug, aber beim Saibling bin ich auch nicht abgeneigt. Am leichtesten verf\u00fchren kann man mich aber definitiv mit Schokolade. Buch oder Film? Es gibt wenige Filme, die mich wirklich fesseln. Daf\u00fcr k\u00f6nnte ich \u00fcber Stunden in einem Buch versinken. Gummistiefel oder High Heels? Wer mich in High Heels sieht, darf sich diesen Tag als skurrile Begebenheit im Kalender eintragen. Gummistiefel gibt es allerdings auch nur, wenn ich unsere H\u00fchner im Garten besuche. Meinen Alltag bestreite ich in Sneakers oder Trekkingschuhen.","sameAs":["https:\/\/www.aufgetextet.at"],"url":"https:\/\/www.salzburgerland.com\/de\/magazin\/author\/regina-langreiter\/"}]}},"_wl_alt_label":[],"wl:entity_url":"http:\/\/open.salzburgerland.com\/magazin\/post\/maerchen_und_sagen_erwachen_zum_leben","_links":{"self":[{"href":"https:\/\/www.salzburgerland.com\/de\/magazin\/wp-json\/wp\/v2\/posts\/156512","targetHints":{"allow":["GET"]}}],"collection":[{"href":"https:\/\/www.salzburgerland.com\/de\/magazin\/wp-json\/wp\/v2\/posts"}],"about":[{"href":"https:\/\/www.salzburgerland.com\/de\/magazin\/wp-json\/wp\/v2\/types\/post"}],"author":[{"embeddable":true,"href":"https:\/\/www.salzburgerland.com\/de\/magazin\/wp-json\/wp\/v2\/users\/555"}],"replies":[{"embeddable":true,"href":"https:\/\/www.salzburgerland.com\/de\/magazin\/wp-json\/wp\/v2\/comments?post=156512"}],"version-history":[{"count":5,"href":"https:\/\/www.salzburgerland.com\/de\/magazin\/wp-json\/wp\/v2\/posts\/156512\/revisions"}],"predecessor-version":[{"id":157223,"href":"https:\/\/www.salzburgerland.com\/de\/magazin\/wp-json\/wp\/v2\/posts\/156512\/revisions\/157223"}],"wp:featuredmedia":[{"embeddable":true,"href":"https:\/\/www.salzburgerland.com\/de\/magazin\/wp-json\/wp\/v2\/media\/156596"}],"wp:attachment":[{"href":"https:\/\/www.salzburgerland.com\/de\/magazin\/wp-json\/wp\/v2\/media?parent=156512"}],"wp:term":[{"taxonomy":"category","embeddable":true,"href":"https:\/\/www.salzburgerland.com\/de\/magazin\/wp-json\/wp\/v2\/categories?post=156512"},{"taxonomy":"post_tag","embeddable":true,"href":"https:\/\/www.salzburgerland.com\/de\/magazin\/wp-json\/wp\/v2\/tags?post=156512"},{"taxonomy":"wl_entity_type","embeddable":true,"href":"https:\/\/www.salzburgerland.com\/de\/magazin\/wp-json\/wp\/v2\/wl_entity_type?post=156512"},{"taxonomy":"monatsauswahl","embeddable":true,"href":"https:\/\/www.salzburgerland.com\/de\/magazin\/wp-json\/wp\/v2\/monatsauswahl?post=156512"}],"curies":[{"name":"wp","href":"https:\/\/api.w.org\/{rel}","templated":true}]}}