{"id":156353,"date":"2021-08-30T08:00:00","date_gmt":"2021-08-30T06:00:00","guid":{"rendered":"https:\/\/www.salzburgerland.com\/de\/magazin\/?p=156353"},"modified":"2021-09-22T06:14:16","modified_gmt":"2021-09-22T04:14:16","slug":"das-wirtshaus-das-neue-kochbuch-von-andreas-doellerer","status":"publish","type":"post","link":"https:\/\/www.salzburgerland.com\/de\/magazin\/das-wirtshaus-das-neue-kochbuch-von-andreas-doellerer\/","title":{"rendered":"&#8222;Das Wirtshaus&#8220; \u2013 das neue Kochbuch von Andreas D\u00f6llerer"},"content":{"rendered":"\n<div class=\"wp-block-slt-top topBlocks\">\n<h2 class=\"wp-block-slt-subtitle\">Rezepte und Geschichten aus dem SalzburgerLand<\/h2>\n\n\n\n<p class=\"wp-block-slt-intro\">Gem\u00fctlich, urig, vertraut: echte Heimatk\u00fcche zum Wohlf\u00fchlen und zum Nachkochen mit Rezepten von Andreas D\u00f6llerer. Mit dem neuen Kochbuch &#8222;Das Wirtshaus&#8220; bringt der Salzburger Haubenkoch traditionelle Gerichte aus dem SalzburgerLand auf den K\u00fcchentisch.<\/p>\n<\/div>\n\n\n\n<p>Ein gutes Wirtshaus h\u00e4lt f\u00fcr seine G\u00e4ste jederzeit etwas Besonderes bereit. Deshalb feiert der leidenschaftliche Koch <a href=\"https:\/\/www.doellerer.at\/\" target=\"_blank\" rel=\"noreferrer noopener\">Andreas D\u00f6llerer aus Golling<\/a> im SalzburgerLand den Genuss zu jeder Tageszeit: vom Fr\u00fchschoppen \u00fcber den Mittagstisch und die Jause am Nachmittag, \u00fcber die St\u00e4rkung nach dem Wandern oder Skifahren bis hin zum Abendessen. Auch der sonnt\u00e4gliche gro\u00dfe Braten im Kreis von Freunden und Familie darf nicht fehlen.<\/p>\n\n\n\n<figure class=\"wp-block-image size-large\"><img loading=\"lazy\" decoding=\"async\" width=\"2560\" height=\"1440\" src=\"https:\/\/www.salzburgerland.com\/de\/magazin\/wp-content\/uploads\/2021\/07\/Wirtshaus_3D_16-9-scaled.jpg\" alt=\"Das Wirtshaus Kochbuch Andreas D\u00f6llerer Golling SalzburgerLand\" class=\"wp-image-156348\" srcset=\"https:\/\/www.salzburgerland.com\/de\/magazin\/wp-content\/uploads\/2021\/07\/Wirtshaus_3D_16-9-scaled.jpg 2560w, https:\/\/www.salzburgerland.com\/de\/magazin\/wp-content\/uploads\/2021\/07\/Wirtshaus_3D_16-9-300x169.jpg 300w, https:\/\/www.salzburgerland.com\/de\/magazin\/wp-content\/uploads\/2021\/07\/Wirtshaus_3D_16-9-1536x864.jpg 1536w, https:\/\/www.salzburgerland.com\/de\/magazin\/wp-content\/uploads\/2021\/07\/Wirtshaus_3D_16-9-2048x1152.jpg 2048w, https:\/\/www.salzburgerland.com\/de\/magazin\/wp-content\/uploads\/2021\/07\/Wirtshaus_3D_16-9-977x550.jpg 977w, https:\/\/www.salzburgerland.com\/de\/magazin\/wp-content\/uploads\/2021\/07\/Wirtshaus_3D_16-9-711x400.jpg 711w, https:\/\/www.salzburgerland.com\/de\/magazin\/wp-content\/uploads\/2021\/07\/Wirtshaus_3D_16-9-560x316.jpg 560w, https:\/\/www.salzburgerland.com\/de\/magazin\/wp-content\/uploads\/2021\/07\/Wirtshaus_3D_16-9-250x140.jpg 250w, https:\/\/www.salzburgerland.com\/de\/magazin\/wp-content\/uploads\/2021\/07\/Wirtshaus_3D_16-9-1320x743.jpg 1320w, https:\/\/www.salzburgerland.com\/de\/magazin\/wp-content\/uploads\/2021\/07\/Wirtshaus_3D_16-9-150x84.jpg 150w, https:\/\/www.salzburgerland.com\/de\/magazin\/wp-content\/uploads\/2021\/07\/Wirtshaus_3D_16-9-1200x675.jpg 1200w\" sizes=\"auto, (max-width: 2560px) 100vw, 2560px\" \/><figcaption>\u00a9 Brandst\u00e4tter Verlag<\/figcaption><\/figure>\n\n\n\n<p>Mit einfachen Rezepten f\u00fcr die k\u00f6stliche Hausmannskost und humorvollen Geschichten l\u00e4sst uns Haubenkoch Andreas D\u00f6llerer in seinem neuen <a href=\"https:\/\/www.brandstaetterverlag.com\/buch\/das-wirtshaus\/\" target=\"_blank\" rel=\"noreferrer noopener\">Kochbuch &#8222;Das Wirtshaus&#8220;,<\/a> erschienen im Brandst\u00e4tter Verlag, eintauchen in die einzigartige Stimmung der Wirtsh\u00e4user: lebendige Beispiele einer \u00fcber Jahrhunderte gewachsenen und gepflegten Lebenskultur. <\/p>\n\n\n\n<p>Diese Kultur des gemeinsamen Genie\u00dfens verdichtet sich im Betrieb der Familie D\u00f6llerer, seit mehr als hundert Jahren in Golling im Salzburger Tennengau, am Fu\u00dfe der Salzburger Alpen, als erfolgreiches Miteinander von Wirtshaus und Metzgerei beheimatet. Traditionell &amp; saisonal: Die echte Salzburger K\u00fcche f\u00fcr zuhause!<\/p>\n\n\n\n<h2 class=\"wp-block-heading\" id=\"h-haubenkoch-genussbotschafter-und-autor\">Haubenkoch, Genussbotschafter und Autor<\/h2>\n\n\n\n<p>Andreas D\u00f6llerer ist Koch aus Leidenschaft. Seit 2004 ist er K\u00fcchenchef im Restaurant D\u00f6llerer in Golling, f\u00fcr das er in den vergangenen Jahren 5 Sterne und 4 Hauben erkochte und dort stets an der Perfektionierung der \u201cCuisine Alpine\u201d arbeitet. Gemeinsam mit seiner Frau Christl hat er in Golling mit seinem Restaurant, dem Wirtshaus und der neuen <a href=\"https:\/\/www.doellerer.at\/kochkurse\" target=\"_blank\" rel=\"noreferrer noopener\">Kochschule inkl. Aromenlabor<\/a> ein Kleinod des Genusses kreiert. Hier, im Herzen seiner \u201cCuisine Alpine\u201d kann man gemeinsam mit Andreas D\u00f6llerer kochen, erf\u00e4hrt Tipps und Tricks vom Haubenkoch h\u00f6chstpers\u00f6nlich, um die Rezepte auch daheim nachkochen zu k\u00f6nnen. Ein Tipp f\u00fcr neugierige Topfgucker:innen, ambitionierte Hobbyk\u00f6ch:innen jeden Alters und alle, die dem Haubenkoch schon immer ungest\u00f6rt \u00fcber die Schulter schauen wollen.<\/p>\n\n\n<div class=\"mag-gallery\"><div class=\"row\"><div class=\"col-6 col-sm-4\"><figure><a class=\"thumb-container\" href=\"https:\/\/www.salzburgerland.com\/de\/magazin\/wp-content\/uploads\/2021\/07\/Do%CC%88llerers-Kochschule-3-%C2%A9Patrick-Langwallner-Do%CC%88llerer.jpg\">\t<picture><source media=\"(min-width: 576px)\" srcset=\"https:\/\/www.salzburgerland.com\/de\/magazin\/wp-content\/uploads\/2021\/07\/Do&#776;llerers-Kochschule-3-&copy;Patrick-Langwallner-Do&#776;llerer-325x209.jpg 325w, https:\/\/www.salzburgerland.com\/de\/magazin\/wp-content\/uploads\/2021\/07\/Do&#776;llerers-Kochschule-3-&copy;Patrick-Langwallner-Do&#776;llerer-249x160.jpg 249w\"><\/source><source media=\"(min-width: 0)\" srcset=\"https:\/\/www.salzburgerland.com\/de\/magazin\/wp-content\/uploads\/2021\/07\/Do&#776;llerers-Kochschule-3-&copy;Patrick-Langwallner-Do&#776;llerer-249x160.jpg 249w, https:\/\/www.salzburgerland.com\/de\/magazin\/wp-content\/uploads\/2021\/07\/Do&#776;llerers-Kochschule-3-&copy;Patrick-Langwallner-Do&#776;llerer-325x209.jpg 325w\"><\/source><img decoding=\"async\" alt=\"\" src=\"https:\/\/www.salzburgerland.com\/de\/magazin\/wp-content\/uploads\/2021\/07\/Do%CC%88llerers-Kochschule-3-%C2%A9Patrick-Langwallner-Do%CC%88llerer.jpg\">\t<\/picture><figcaption>&copy; Patrick Langwallner<\/figcaption><\/a><\/figure><\/div><div class=\"col-6 col-sm-4\"><figure><a class=\"thumb-container\" href=\"https:\/\/www.salzburgerland.com\/de\/magazin\/wp-content\/uploads\/2021\/07\/7G9A5593-scaled_16-9-1280x1024.jpg\">\t<picture><source media=\"(min-width: 576px)\" srcset=\"https:\/\/www.salzburgerland.com\/de\/magazin\/wp-content\/uploads\/2021\/07\/7G9A5593-scaled_16-9-325x209.jpg 325w, https:\/\/www.salzburgerland.com\/de\/magazin\/wp-content\/uploads\/2021\/07\/7G9A5593-scaled_16-9-249x160.jpg 249w\"><\/source><source media=\"(min-width: 0)\" srcset=\"https:\/\/www.salzburgerland.com\/de\/magazin\/wp-content\/uploads\/2021\/07\/7G9A5593-scaled_16-9-249x160.jpg 249w, https:\/\/www.salzburgerland.com\/de\/magazin\/wp-content\/uploads\/2021\/07\/7G9A5593-scaled_16-9-325x209.jpg 325w\"><\/source><img decoding=\"async\" alt=\"\" src=\"https:\/\/www.salzburgerland.com\/de\/magazin\/wp-content\/uploads\/2021\/07\/7G9A5593-scaled_16-9.jpg\">\t<\/picture><figcaption>&copy; J&ouml;rg Lehmann<\/figcaption><\/a><\/figure><\/div><div class=\"col-6 col-sm-4\"><figure><a class=\"thumb-container\" href=\"https:\/\/www.salzburgerland.com\/de\/magazin\/wp-content\/uploads\/2021\/07\/Das-Wirtshaus_2021-%C2%A9Joerg-Lehmann-Do%CC%88llerer-3-1280x1024.jpg\">\t<picture><source media=\"(min-width: 576px)\" srcset=\"https:\/\/www.salzburgerland.com\/de\/magazin\/wp-content\/uploads\/2021\/07\/Das-Wirtshaus_2021-&copy;Joerg-Lehmann-Do&#776;llerer-3-325x209.jpg 325w, https:\/\/www.salzburgerland.com\/de\/magazin\/wp-content\/uploads\/2021\/07\/Das-Wirtshaus_2021-&copy;Joerg-Lehmann-Do&#776;llerer-3-249x160.jpg 249w\"><\/source><source media=\"(min-width: 0)\" srcset=\"https:\/\/www.salzburgerland.com\/de\/magazin\/wp-content\/uploads\/2021\/07\/Das-Wirtshaus_2021-&copy;Joerg-Lehmann-Do&#776;llerer-3-249x160.jpg 249w, https:\/\/www.salzburgerland.com\/de\/magazin\/wp-content\/uploads\/2021\/07\/Das-Wirtshaus_2021-&copy;Joerg-Lehmann-Do&#776;llerer-3-325x209.jpg 325w\"><\/source><img decoding=\"async\" alt=\"\" src=\"https:\/\/www.salzburgerland.com\/de\/magazin\/wp-content\/uploads\/2021\/07\/Das-Wirtshaus_2021-%C2%A9Joerg-Lehmann-Do%CC%88llerer-3.jpg\">\t<\/picture><figcaption>&copy; J&ouml;rg Lehmann<\/figcaption><\/a><\/figure><\/div><\/div><figcaption><\/figcaption><\/div>\n\n\n\n<p>Weil das auf keine Fall unerw\u00e4hnt bleiben sollte, weil die Fotos im Kochbuch ein besonderes Flair vermitteln. Niemand geringerer als <a href=\"http:\/\/www.culinaryworld.de\/\" target=\"_blank\" rel=\"noreferrer noopener\">J\u00f6rg Lehmann <\/a>zeichnet sich daf\u00fcr verantwortlich. Seit 1994 ist er als Food-Fotograf rund um die Welt unterwegs \u2013 besonders in seinen 20 Jahren Paris verf\u00fchrte ihn die franz\u00f6sische K\u00fcche vor und hinter der Kamera. Und diese Leidenschaft f\u00fcr Essen und Kulinarik sp\u00fcrt man bei jedem Foto.<\/p>\n","protected":false},"excerpt":{"rendered":"<p>Ein gutes Wirtshaus h\u00e4lt f\u00fcr seine G\u00e4ste jederzeit etwas Besonderes bereit. Deshalb feiert der leidenschaftliche Koch Andreas D\u00f6llerer aus Golling im SalzburgerLand den Genuss zu jeder Tageszeit: vom Fr\u00fchschoppen \u00fcber den Mittagstisch und die Jause am Nachmittag, \u00fcber die St\u00e4rkung nach dem Wandern oder Skifahren bis hin zum Abendessen. Auch der sonnt\u00e4gliche gro\u00dfe Braten im [&hellip;]<\/p>\n","protected":false},"author":544,"featured_media":156342,"comment_status":"open","ping_status":"closed","sticky":false,"template":"","format":"standard","meta":{"_acf_changed":false,"wl_entities_gutenberg":"","_wl_entity_redirect_enabled":"","footnotes":""},"categories":[3],"tags":[2791,1493,7178],"wl_entity_type":[306],"monatsauswahl":[82,83,84,85,86,87,88,89,90,91,92,93],"class_list":["post-156353","post","type-post","status-publish","format-standard","has-post-thumbnail","hentry","category-essen-trinken","tag-alpine-kueche","tag-andreas-doellerer","tag-kochbuch","wl_entity_type-article","monatsauswahl-monat_1","monatsauswahl-monat_2","monatsauswahl-monat_3","monatsauswahl-monat_4","monatsauswahl-monat_5","monatsauswahl-monat_6","monatsauswahl-monat_7","monatsauswahl-monat_8","monatsauswahl-monat_9","monatsauswahl-monat_10","monatsauswahl-monat_11","monatsauswahl-monat_12"],"acf":[],"yoast_head":"<!-- This site is optimized with the Yoast SEO Premium plugin v27.4 (Yoast SEO v27.4) - https:\/\/yoast.com\/product\/yoast-seo-premium-wordpress\/ -->\n<title>&quot;Das Wirtshaus&quot; \u2013 das neue Kochbuch von Andreas D\u00f6llerer - SalzburgerLand Magazin<\/title>\n<meta name=\"description\" content=\"Gem\u00fctlich, urig, vertraut: echte Heimatk\u00fcche zum Wohlf\u00fchlen und zum Nachkochen mit Rezepten von Andreas D\u00f6llerer. Das ist das neue Kochbuch &quot;Das Wirtshaus&quot; vin Andreas D\u00f6llerer.\" \/>\n<meta name=\"robots\" content=\"index, follow, max-snippet:-1, max-image-preview:large, max-video-preview:-1\" \/>\n<link rel=\"canonical\" href=\"https:\/\/www.salzburgerland.com\/de\/magazin\/das-wirtshaus-das-neue-kochbuch-von-andreas-doellerer\/\" \/>\n<meta property=\"og:locale\" content=\"de_DE\" \/>\n<meta property=\"og:type\" content=\"article\" \/>\n<meta property=\"og:title\" content=\"&quot;Das Wirtshaus&quot; \u2013 das neue Kochbuch von Andreas D\u00f6llerer\" \/>\n<meta property=\"og:description\" content=\"Gem\u00fctlich, urig, vertraut: echte Heimatk\u00fcche zum Wohlf\u00fchlen und zum Nachkochen mit Rezepten von Andreas D\u00f6llerer. Das ist das neue Kochbuch &quot;Das Wirtshaus&quot; vin Andreas D\u00f6llerer.\" \/>\n<meta property=\"og:url\" content=\"https:\/\/www.salzburgerland.com\/de\/magazin\/das-wirtshaus-das-neue-kochbuch-von-andreas-doellerer\/\" \/>\n<meta property=\"og:site_name\" content=\"SalzburgerLand Magazin\" \/>\n<meta property=\"article:publisher\" content=\"https:\/\/www.facebook.com\/salzburgerland\/\" \/>\n<meta property=\"article:published_time\" content=\"2021-08-30T06:00:00+00:00\" \/>\n<meta property=\"article:modified_time\" content=\"2021-09-22T04:14:16+00:00\" \/>\n<meta property=\"og:image\" content=\"https:\/\/www.salzburgerland.com\/de\/magazin\/wp-content\/uploads\/2021\/07\/Do\u0308llerers-Kochschule-1-\u00a9Patrick-Langwallner-Do\u0308llerer-scaled.jpg\" \/>\n\t<meta property=\"og:image:width\" content=\"2560\" \/>\n\t<meta property=\"og:image:height\" content=\"1708\" \/>\n\t<meta property=\"og:image:type\" content=\"image\/jpeg\" \/>\n<meta name=\"author\" content=\"G\u00fcnter Baumgartner\" \/>\n<meta name=\"twitter:card\" content=\"summary_large_image\" \/>\n<meta name=\"twitter:creator\" content=\"@Salzburgerland\" \/>\n<meta name=\"twitter:site\" content=\"@Salzburgerland\" \/>\n<meta name=\"twitter:label1\" content=\"Verfasst von\" \/>\n\t<meta name=\"twitter:data1\" content=\"G\u00fcnter Baumgartner\" \/>\n\t<meta name=\"twitter:label2\" content=\"Gesch\u00e4tzte Lesezeit\" \/>\n\t<meta name=\"twitter:data2\" content=\"3\u00a0Minuten\" \/>\n<script type=\"application\/ld+json\" class=\"yoast-schema-graph\">{\"@context\":\"https:\\\/\\\/schema.org\",\"@graph\":[{\"@type\":\"Article\",\"@id\":\"https:\\\/\\\/www.salzburgerland.com\\\/de\\\/magazin\\\/das-wirtshaus-das-neue-kochbuch-von-andreas-doellerer\\\/#article\",\"isPartOf\":{\"@id\":\"https:\\\/\\\/www.salzburgerland.com\\\/de\\\/magazin\\\/das-wirtshaus-das-neue-kochbuch-von-andreas-doellerer\\\/\"},\"author\":{\"name\":\"G\u00fcnter Baumgartner\",\"@id\":\"https:\\\/\\\/www.salzburgerland.com\\\/de\\\/magazin\\\/#\\\/schema\\\/person\\\/2e0abbe9392136e19ff0d5c5721aea87\"},\"headline\":\"&#8222;Das Wirtshaus&#8220; \u2013 das neue Kochbuch von Andreas D\u00f6llerer\",\"datePublished\":\"2021-08-30T06:00:00+00:00\",\"dateModified\":\"2021-09-22T04:14:16+00:00\",\"mainEntityOfPage\":{\"@id\":\"https:\\\/\\\/www.salzburgerland.com\\\/de\\\/magazin\\\/das-wirtshaus-das-neue-kochbuch-von-andreas-doellerer\\\/\"},\"wordCount\":431,\"commentCount\":0,\"publisher\":{\"@id\":\"https:\\\/\\\/www.salzburgerland.com\\\/de\\\/magazin\\\/#organization\"},\"image\":{\"@id\":\"https:\\\/\\\/www.salzburgerland.com\\\/de\\\/magazin\\\/das-wirtshaus-das-neue-kochbuch-von-andreas-doellerer\\\/#primaryimage\"},\"thumbnailUrl\":\"https:\\\/\\\/www.salzburgerland.com\\\/de\\\/magazin\\\/wp-content\\\/uploads\\\/2021\\\/07\\\/Do\u0308llerers-Kochschule-1-\u00a9Patrick-Langwallner-Do\u0308llerer-scaled.jpg\",\"keywords\":[\"Alpine K\u00fcche\",\"Andreas D\u00f6llerer\",\"Kochbuch\"],\"articleSection\":[\"Essen &amp; Trinken\"],\"inLanguage\":\"de\",\"potentialAction\":[{\"@type\":\"CommentAction\",\"name\":\"Comment\",\"target\":[\"https:\\\/\\\/www.salzburgerland.com\\\/de\\\/magazin\\\/das-wirtshaus-das-neue-kochbuch-von-andreas-doellerer\\\/#respond\"]}]},{\"@type\":\"WebPage\",\"@id\":\"https:\\\/\\\/www.salzburgerland.com\\\/de\\\/magazin\\\/das-wirtshaus-das-neue-kochbuch-von-andreas-doellerer\\\/\",\"url\":\"https:\\\/\\\/www.salzburgerland.com\\\/de\\\/magazin\\\/das-wirtshaus-das-neue-kochbuch-von-andreas-doellerer\\\/\",\"name\":\"\\\"Das Wirtshaus\\\" \u2013 das neue Kochbuch von Andreas D\u00f6llerer - SalzburgerLand Magazin\",\"isPartOf\":{\"@id\":\"https:\\\/\\\/www.salzburgerland.com\\\/de\\\/magazin\\\/#website\"},\"primaryImageOfPage\":{\"@id\":\"https:\\\/\\\/www.salzburgerland.com\\\/de\\\/magazin\\\/das-wirtshaus-das-neue-kochbuch-von-andreas-doellerer\\\/#primaryimage\"},\"image\":{\"@id\":\"https:\\\/\\\/www.salzburgerland.com\\\/de\\\/magazin\\\/das-wirtshaus-das-neue-kochbuch-von-andreas-doellerer\\\/#primaryimage\"},\"thumbnailUrl\":\"https:\\\/\\\/www.salzburgerland.com\\\/de\\\/magazin\\\/wp-content\\\/uploads\\\/2021\\\/07\\\/Do\u0308llerers-Kochschule-1-\u00a9Patrick-Langwallner-Do\u0308llerer-scaled.jpg\",\"datePublished\":\"2021-08-30T06:00:00+00:00\",\"dateModified\":\"2021-09-22T04:14:16+00:00\",\"description\":\"Gem\u00fctlich, urig, vertraut: echte Heimatk\u00fcche zum Wohlf\u00fchlen und zum Nachkochen mit Rezepten von Andreas D\u00f6llerer. Das ist das neue Kochbuch \\\"Das Wirtshaus\\\" vin Andreas D\u00f6llerer.\",\"breadcrumb\":{\"@id\":\"https:\\\/\\\/www.salzburgerland.com\\\/de\\\/magazin\\\/das-wirtshaus-das-neue-kochbuch-von-andreas-doellerer\\\/#breadcrumb\"},\"inLanguage\":\"de\",\"potentialAction\":[{\"@type\":\"ReadAction\",\"target\":[\"https:\\\/\\\/www.salzburgerland.com\\\/de\\\/magazin\\\/das-wirtshaus-das-neue-kochbuch-von-andreas-doellerer\\\/\"]}]},{\"@type\":\"ImageObject\",\"inLanguage\":\"de\",\"@id\":\"https:\\\/\\\/www.salzburgerland.com\\\/de\\\/magazin\\\/das-wirtshaus-das-neue-kochbuch-von-andreas-doellerer\\\/#primaryimage\",\"url\":\"https:\\\/\\\/www.salzburgerland.com\\\/de\\\/magazin\\\/wp-content\\\/uploads\\\/2021\\\/07\\\/Do\u0308llerers-Kochschule-1-\u00a9Patrick-Langwallner-Do\u0308llerer-scaled.jpg\",\"contentUrl\":\"https:\\\/\\\/www.salzburgerland.com\\\/de\\\/magazin\\\/wp-content\\\/uploads\\\/2021\\\/07\\\/Do\u0308llerers-Kochschule-1-\u00a9Patrick-Langwallner-Do\u0308llerer-scaled.jpg\",\"width\":2560,\"height\":1708,\"caption\":\"\u00a9 Patrick Langwallner\"},{\"@type\":\"BreadcrumbList\",\"@id\":\"https:\\\/\\\/www.salzburgerland.com\\\/de\\\/magazin\\\/das-wirtshaus-das-neue-kochbuch-von-andreas-doellerer\\\/#breadcrumb\",\"itemListElement\":[{\"@type\":\"ListItem\",\"position\":1,\"name\":\"Startseite\",\"item\":\"https:\\\/\\\/www.salzburgerland.com\\\/de\\\/magazin\\\/\"},{\"@type\":\"ListItem\",\"position\":2,\"name\":\"Essen &amp; Trinken\",\"item\":\"https:\\\/\\\/www.salzburgerland.com\\\/de\\\/magazin\\\/thema\\\/essen-trinken\\\/\"},{\"@type\":\"ListItem\",\"position\":3,\"name\":\"&#8222;Das Wirtshaus&#8220; \u2013 das neue Kochbuch von Andreas D\u00f6llerer\"}]},{\"@type\":\"WebSite\",\"@id\":\"https:\\\/\\\/www.salzburgerland.com\\\/de\\\/magazin\\\/#website\",\"url\":\"https:\\\/\\\/www.salzburgerland.com\\\/de\\\/magazin\\\/\",\"name\":\"SalzburgerLand Magazin\",\"description\":\"Geschichten und Interessantes aus dem SalzburgerLand\",\"publisher\":{\"@id\":\"https:\\\/\\\/www.salzburgerland.com\\\/de\\\/magazin\\\/#organization\"},\"potentialAction\":[{\"@type\":\"SearchAction\",\"target\":{\"@type\":\"EntryPoint\",\"urlTemplate\":\"https:\\\/\\\/www.salzburgerland.com\\\/de\\\/magazin\\\/?s={search_term_string}\"},\"query-input\":{\"@type\":\"PropertyValueSpecification\",\"valueRequired\":true,\"valueName\":\"search_term_string\"}}],\"inLanguage\":\"de\"},{\"@type\":\"Organization\",\"@id\":\"https:\\\/\\\/www.salzburgerland.com\\\/de\\\/magazin\\\/#organization\",\"name\":\"SalzburgerLand Tourismus\",\"url\":\"https:\\\/\\\/www.salzburgerland.com\\\/de\\\/magazin\\\/\",\"logo\":{\"@type\":\"ImageObject\",\"inLanguage\":\"de\",\"@id\":\"https:\\\/\\\/www.salzburgerland.com\\\/de\\\/magazin\\\/#\\\/schema\\\/logo\\\/image\\\/\",\"url\":\"https:\\\/\\\/www.salzburgerland.com\\\/de\\\/magazin\\\/wp-content\\\/uploads\\\/2019\\\/06\\\/salzburgerland-logo1.jpg\",\"contentUrl\":\"https:\\\/\\\/www.salzburgerland.com\\\/de\\\/magazin\\\/wp-content\\\/uploads\\\/2019\\\/06\\\/salzburgerland-logo1.jpg\",\"width\":2011,\"height\":866,\"caption\":\"SalzburgerLand Tourismus\"},\"image\":{\"@id\":\"https:\\\/\\\/www.salzburgerland.com\\\/de\\\/magazin\\\/#\\\/schema\\\/logo\\\/image\\\/\"},\"sameAs\":[\"https:\\\/\\\/www.facebook.com\\\/salzburgerland\\\/\",\"https:\\\/\\\/x.com\\\/Salzburgerland\",\"https:\\\/\\\/www.instagram.com\\\/salzburgerland\\\/\",\"https:\\\/\\\/at.linkedin.com\\\/company\\\/salzburgerland-tourismus-gmbh\",\"https:\\\/\\\/www.pinterest.at\\\/salzburgerland\\\/\",\"https:\\\/\\\/www.youtube.com\\\/user\\\/salzburgerland\",\"https:\\\/\\\/de.wikipedia.org\\\/wiki\\\/SalzburgerLand_Tourismus_GmbH\"]},{\"@type\":\"Person\",\"@id\":\"https:\\\/\\\/www.salzburgerland.com\\\/de\\\/magazin\\\/#\\\/schema\\\/person\\\/2e0abbe9392136e19ff0d5c5721aea87\",\"name\":\"G\u00fcnter Baumgartner\",\"url\":\"https:\\\/\\\/www.salzburgerland.com\\\/de\\\/magazin\\\/author\\\/guenter-baumgartner\\\/\"}]}<\/script>\n<!-- \/ Yoast SEO Premium plugin. -->","yoast_head_json":{"title":"\"Das Wirtshaus\" \u2013 das neue Kochbuch von Andreas D\u00f6llerer - SalzburgerLand Magazin","description":"Gem\u00fctlich, urig, vertraut: echte Heimatk\u00fcche zum Wohlf\u00fchlen und zum Nachkochen mit Rezepten von Andreas D\u00f6llerer. Das ist das neue Kochbuch \"Das Wirtshaus\" vin Andreas D\u00f6llerer.","robots":{"index":"index","follow":"follow","max-snippet":"max-snippet:-1","max-image-preview":"max-image-preview:large","max-video-preview":"max-video-preview:-1"},"canonical":"https:\/\/www.salzburgerland.com\/de\/magazin\/das-wirtshaus-das-neue-kochbuch-von-andreas-doellerer\/","og_locale":"de_DE","og_type":"article","og_title":"\"Das Wirtshaus\" \u2013 das neue Kochbuch von Andreas D\u00f6llerer","og_description":"Gem\u00fctlich, urig, vertraut: echte Heimatk\u00fcche zum Wohlf\u00fchlen und zum Nachkochen mit Rezepten von Andreas D\u00f6llerer. Das ist das neue Kochbuch \"Das Wirtshaus\" vin Andreas D\u00f6llerer.","og_url":"https:\/\/www.salzburgerland.com\/de\/magazin\/das-wirtshaus-das-neue-kochbuch-von-andreas-doellerer\/","og_site_name":"SalzburgerLand Magazin","article_publisher":"https:\/\/www.facebook.com\/salzburgerland\/","article_published_time":"2021-08-30T06:00:00+00:00","article_modified_time":"2021-09-22T04:14:16+00:00","og_image":[{"width":2560,"height":1708,"url":"https:\/\/www.salzburgerland.com\/de\/magazin\/wp-content\/uploads\/2021\/07\/Do\u0308llerers-Kochschule-1-\u00a9Patrick-Langwallner-Do\u0308llerer-scaled.jpg","type":"image\/jpeg"}],"author":"G\u00fcnter Baumgartner","twitter_card":"summary_large_image","twitter_creator":"@Salzburgerland","twitter_site":"@Salzburgerland","twitter_misc":{"Verfasst von":"G\u00fcnter Baumgartner","Gesch\u00e4tzte Lesezeit":"3\u00a0Minuten"},"schema":{"@context":"https:\/\/schema.org","@graph":[{"@type":"Article","@id":"https:\/\/www.salzburgerland.com\/de\/magazin\/das-wirtshaus-das-neue-kochbuch-von-andreas-doellerer\/#article","isPartOf":{"@id":"https:\/\/www.salzburgerland.com\/de\/magazin\/das-wirtshaus-das-neue-kochbuch-von-andreas-doellerer\/"},"author":{"name":"G\u00fcnter Baumgartner","@id":"https:\/\/www.salzburgerland.com\/de\/magazin\/#\/schema\/person\/2e0abbe9392136e19ff0d5c5721aea87"},"headline":"&#8222;Das Wirtshaus&#8220; \u2013 das neue Kochbuch von Andreas D\u00f6llerer","datePublished":"2021-08-30T06:00:00+00:00","dateModified":"2021-09-22T04:14:16+00:00","mainEntityOfPage":{"@id":"https:\/\/www.salzburgerland.com\/de\/magazin\/das-wirtshaus-das-neue-kochbuch-von-andreas-doellerer\/"},"wordCount":431,"commentCount":0,"publisher":{"@id":"https:\/\/www.salzburgerland.com\/de\/magazin\/#organization"},"image":{"@id":"https:\/\/www.salzburgerland.com\/de\/magazin\/das-wirtshaus-das-neue-kochbuch-von-andreas-doellerer\/#primaryimage"},"thumbnailUrl":"https:\/\/www.salzburgerland.com\/de\/magazin\/wp-content\/uploads\/2021\/07\/Do\u0308llerers-Kochschule-1-\u00a9Patrick-Langwallner-Do\u0308llerer-scaled.jpg","keywords":["Alpine K\u00fcche","Andreas D\u00f6llerer","Kochbuch"],"articleSection":["Essen &amp; Trinken"],"inLanguage":"de","potentialAction":[{"@type":"CommentAction","name":"Comment","target":["https:\/\/www.salzburgerland.com\/de\/magazin\/das-wirtshaus-das-neue-kochbuch-von-andreas-doellerer\/#respond"]}]},{"@type":"WebPage","@id":"https:\/\/www.salzburgerland.com\/de\/magazin\/das-wirtshaus-das-neue-kochbuch-von-andreas-doellerer\/","url":"https:\/\/www.salzburgerland.com\/de\/magazin\/das-wirtshaus-das-neue-kochbuch-von-andreas-doellerer\/","name":"\"Das Wirtshaus\" \u2013 das neue Kochbuch von Andreas D\u00f6llerer - SalzburgerLand Magazin","isPartOf":{"@id":"https:\/\/www.salzburgerland.com\/de\/magazin\/#website"},"primaryImageOfPage":{"@id":"https:\/\/www.salzburgerland.com\/de\/magazin\/das-wirtshaus-das-neue-kochbuch-von-andreas-doellerer\/#primaryimage"},"image":{"@id":"https:\/\/www.salzburgerland.com\/de\/magazin\/das-wirtshaus-das-neue-kochbuch-von-andreas-doellerer\/#primaryimage"},"thumbnailUrl":"https:\/\/www.salzburgerland.com\/de\/magazin\/wp-content\/uploads\/2021\/07\/Do\u0308llerers-Kochschule-1-\u00a9Patrick-Langwallner-Do\u0308llerer-scaled.jpg","datePublished":"2021-08-30T06:00:00+00:00","dateModified":"2021-09-22T04:14:16+00:00","description":"Gem\u00fctlich, urig, vertraut: echte Heimatk\u00fcche zum Wohlf\u00fchlen und zum Nachkochen mit Rezepten von Andreas D\u00f6llerer. Das ist das neue Kochbuch \"Das Wirtshaus\" vin Andreas D\u00f6llerer.","breadcrumb":{"@id":"https:\/\/www.salzburgerland.com\/de\/magazin\/das-wirtshaus-das-neue-kochbuch-von-andreas-doellerer\/#breadcrumb"},"inLanguage":"de","potentialAction":[{"@type":"ReadAction","target":["https:\/\/www.salzburgerland.com\/de\/magazin\/das-wirtshaus-das-neue-kochbuch-von-andreas-doellerer\/"]}]},{"@type":"ImageObject","inLanguage":"de","@id":"https:\/\/www.salzburgerland.com\/de\/magazin\/das-wirtshaus-das-neue-kochbuch-von-andreas-doellerer\/#primaryimage","url":"https:\/\/www.salzburgerland.com\/de\/magazin\/wp-content\/uploads\/2021\/07\/Do\u0308llerers-Kochschule-1-\u00a9Patrick-Langwallner-Do\u0308llerer-scaled.jpg","contentUrl":"https:\/\/www.salzburgerland.com\/de\/magazin\/wp-content\/uploads\/2021\/07\/Do\u0308llerers-Kochschule-1-\u00a9Patrick-Langwallner-Do\u0308llerer-scaled.jpg","width":2560,"height":1708,"caption":"\u00a9 Patrick Langwallner"},{"@type":"BreadcrumbList","@id":"https:\/\/www.salzburgerland.com\/de\/magazin\/das-wirtshaus-das-neue-kochbuch-von-andreas-doellerer\/#breadcrumb","itemListElement":[{"@type":"ListItem","position":1,"name":"Startseite","item":"https:\/\/www.salzburgerland.com\/de\/magazin\/"},{"@type":"ListItem","position":2,"name":"Essen &amp; Trinken","item":"https:\/\/www.salzburgerland.com\/de\/magazin\/thema\/essen-trinken\/"},{"@type":"ListItem","position":3,"name":"&#8222;Das Wirtshaus&#8220; \u2013 das neue Kochbuch von Andreas D\u00f6llerer"}]},{"@type":"WebSite","@id":"https:\/\/www.salzburgerland.com\/de\/magazin\/#website","url":"https:\/\/www.salzburgerland.com\/de\/magazin\/","name":"SalzburgerLand Magazin","description":"Geschichten und Interessantes aus dem SalzburgerLand","publisher":{"@id":"https:\/\/www.salzburgerland.com\/de\/magazin\/#organization"},"potentialAction":[{"@type":"SearchAction","target":{"@type":"EntryPoint","urlTemplate":"https:\/\/www.salzburgerland.com\/de\/magazin\/?s={search_term_string}"},"query-input":{"@type":"PropertyValueSpecification","valueRequired":true,"valueName":"search_term_string"}}],"inLanguage":"de"},{"@type":"Organization","@id":"https:\/\/www.salzburgerland.com\/de\/magazin\/#organization","name":"SalzburgerLand Tourismus","url":"https:\/\/www.salzburgerland.com\/de\/magazin\/","logo":{"@type":"ImageObject","inLanguage":"de","@id":"https:\/\/www.salzburgerland.com\/de\/magazin\/#\/schema\/logo\/image\/","url":"https:\/\/www.salzburgerland.com\/de\/magazin\/wp-content\/uploads\/2019\/06\/salzburgerland-logo1.jpg","contentUrl":"https:\/\/www.salzburgerland.com\/de\/magazin\/wp-content\/uploads\/2019\/06\/salzburgerland-logo1.jpg","width":2011,"height":866,"caption":"SalzburgerLand Tourismus"},"image":{"@id":"https:\/\/www.salzburgerland.com\/de\/magazin\/#\/schema\/logo\/image\/"},"sameAs":["https:\/\/www.facebook.com\/salzburgerland\/","https:\/\/x.com\/Salzburgerland","https:\/\/www.instagram.com\/salzburgerland\/","https:\/\/at.linkedin.com\/company\/salzburgerland-tourismus-gmbh","https:\/\/www.pinterest.at\/salzburgerland\/","https:\/\/www.youtube.com\/user\/salzburgerland","https:\/\/de.wikipedia.org\/wiki\/SalzburgerLand_Tourismus_GmbH"]},{"@type":"Person","@id":"https:\/\/www.salzburgerland.com\/de\/magazin\/#\/schema\/person\/2e0abbe9392136e19ff0d5c5721aea87","name":"G\u00fcnter Baumgartner","url":"https:\/\/www.salzburgerland.com\/de\/magazin\/author\/guenter-baumgartner\/"}]}},"_wl_alt_label":[],"wl:entity_url":"http:\/\/open.salzburgerland.com\/magazin\/post\/das_wirtshaus_-_das_neue_kochbuch_von_andreas_doellerer","_links":{"self":[{"href":"https:\/\/www.salzburgerland.com\/de\/magazin\/wp-json\/wp\/v2\/posts\/156353","targetHints":{"allow":["GET"]}}],"collection":[{"href":"https:\/\/www.salzburgerland.com\/de\/magazin\/wp-json\/wp\/v2\/posts"}],"about":[{"href":"https:\/\/www.salzburgerland.com\/de\/magazin\/wp-json\/wp\/v2\/types\/post"}],"author":[{"embeddable":true,"href":"https:\/\/www.salzburgerland.com\/de\/magazin\/wp-json\/wp\/v2\/users\/544"}],"replies":[{"embeddable":true,"href":"https:\/\/www.salzburgerland.com\/de\/magazin\/wp-json\/wp\/v2\/comments?post=156353"}],"version-history":[{"count":5,"href":"https:\/\/www.salzburgerland.com\/de\/magazin\/wp-json\/wp\/v2\/posts\/156353\/revisions"}],"predecessor-version":[{"id":157636,"href":"https:\/\/www.salzburgerland.com\/de\/magazin\/wp-json\/wp\/v2\/posts\/156353\/revisions\/157636"}],"wp:featuredmedia":[{"embeddable":true,"href":"https:\/\/www.salzburgerland.com\/de\/magazin\/wp-json\/wp\/v2\/media\/156342"}],"wp:attachment":[{"href":"https:\/\/www.salzburgerland.com\/de\/magazin\/wp-json\/wp\/v2\/media?parent=156353"}],"wp:term":[{"taxonomy":"category","embeddable":true,"href":"https:\/\/www.salzburgerland.com\/de\/magazin\/wp-json\/wp\/v2\/categories?post=156353"},{"taxonomy":"post_tag","embeddable":true,"href":"https:\/\/www.salzburgerland.com\/de\/magazin\/wp-json\/wp\/v2\/tags?post=156353"},{"taxonomy":"wl_entity_type","embeddable":true,"href":"https:\/\/www.salzburgerland.com\/de\/magazin\/wp-json\/wp\/v2\/wl_entity_type?post=156353"},{"taxonomy":"monatsauswahl","embeddable":true,"href":"https:\/\/www.salzburgerland.com\/de\/magazin\/wp-json\/wp\/v2\/monatsauswahl?post=156353"}],"curies":[{"name":"wp","href":"https:\/\/api.w.org\/{rel}","templated":true}]}}