{"id":156175,"date":"2021-08-09T08:00:00","date_gmt":"2021-08-09T06:00:00","guid":{"rendered":"https:\/\/www.salzburgerland.com\/de\/magazin\/?p=156175"},"modified":"2021-08-17T06:41:44","modified_gmt":"2021-08-17T04:41:44","slug":"ploetzhof-in-hof","status":"publish","type":"post","link":"https:\/\/www.salzburgerland.com\/de\/magazin\/ploetzhof-in-hof\/","title":{"rendered":"Ein altes Gef\u00e4ngnis wird zum Museum"},"content":{"rendered":"\n<div class=\"wp-block-slt-top topBlocks\">\n<h2 class=\"wp-block-slt-subtitle\"><strong>Pl\u00f6tzhof in Hof<\/strong><\/h2>\n\n\n\n<p class=\"wp-block-slt-intro\">Gef\u00e4ngnis, Geschichte und Ger\u00fcchte \u2013 mit diesen 3 G werden wir bei unserem Besuch im Pl\u00f6tzhof in Hof bei Salzburg begr\u00fc\u00dft. Unter der kundigen F\u00fchrung von Katharina Langmaier vom Tourismusverband Fuschlseeregion, erfahren wir nicht nur Interessantes \u00fcber das Gef\u00e4ngnis, sondern auch spannende Fakten aus der Geschichte der Region.<\/p>\n<\/div>\n\n\n\n\n\n<p>Die Fuschlseeregion ist um eine Sehensw\u00fcrdigkeit reicher. Im <a href=\"https:\/\/www.ploetzhof.at\/de\/\" target=\"_blank\" rel=\"noreferrer noopener\">Pl\u00f6tzhof<\/a> in Hof bei Salzburg kann man in die Vergangenheit eintauchen, in eine etwas d\u00fcstere Vergangenheit, wohlgemerkt. Der Pl\u00f6tzhof beheimatet ein ehemaliges Gef\u00e4ngnis und wurde als Museum nun neu er\u00f6ffnet. Eines gleich vorweg: Seinen Namen hat das historische Verlie\u00df einerseits vom Wasserfall des Baderbachs erhalten, denn fr\u00fcher wurde ein Wasserfall auch als \u201ePl\u00f6tz\u201c bezeichnet. Und andererseits war das Geb\u00e4ude urspr\u00fcnglich ein kleiner Bauernhof mit nur 2 K\u00fchen &#8211; die beiden Futtertr\u00f6ge im 2. Raum erinnern noch daran. Und auch das # im Namen ist bewusst gew\u00e4hlt \u2013 es steht f\u00fcr Gef\u00e4ngnis bzw. die vergitterten Fenster.<\/p>\n\n\n<div class=\"mag-gallery\"><div class=\"row\"><div class=\"col-6 col-sm-4\"><figure><a class=\"thumb-container\" href=\"https:\/\/www.salzburgerland.com\/de\/magazin\/wp-content\/uploads\/2021\/07\/Ploetzhof_1cFuschlseeregion-Kolarik-1280x1024.jpeg\">\t<picture><source media=\"(min-width: 576px)\" srcset=\"https:\/\/www.salzburgerland.com\/de\/magazin\/wp-content\/uploads\/2021\/07\/Ploetzhof_1cFuschlseeregion-Kolarik-325x209.jpeg 325w, https:\/\/www.salzburgerland.com\/de\/magazin\/wp-content\/uploads\/2021\/07\/Ploetzhof_1cFuschlseeregion-Kolarik-249x160.jpeg 249w\"><\/source><source media=\"(min-width: 0)\" srcset=\"https:\/\/www.salzburgerland.com\/de\/magazin\/wp-content\/uploads\/2021\/07\/Ploetzhof_1cFuschlseeregion-Kolarik-249x160.jpeg 249w, https:\/\/www.salzburgerland.com\/de\/magazin\/wp-content\/uploads\/2021\/07\/Ploetzhof_1cFuschlseeregion-Kolarik-325x209.jpeg 325w\"><\/source><img decoding=\"async\" alt=\"Eine Holzh&uuml;tte in einem bewaldeten Gebiet mit einem roten Pl&ouml;tzhof-Schild im Vordergrund.\" src=\"https:\/\/www.salzburgerland.com\/de\/magazin\/wp-content\/uploads\/2021\/07\/Ploetzhof_1cFuschlseeregion-Kolarik-scaled.jpeg\">\t<\/picture><figcaption>Au&szlig;enansicht &copy; Fuschlseeregion Kolarik<\/figcaption><\/a><\/figure><\/div><div class=\"col-6 col-sm-4\"><figure><a class=\"thumb-container\" href=\"https:\/\/www.salzburgerland.com\/de\/magazin\/wp-content\/uploads\/2021\/07\/20210630_084604-1280x1024.jpg\">\t<picture><source media=\"(min-width: 576px)\" srcset=\"https:\/\/www.salzburgerland.com\/de\/magazin\/wp-content\/uploads\/2021\/07\/20210630_084604-325x209.jpg 325w, https:\/\/www.salzburgerland.com\/de\/magazin\/wp-content\/uploads\/2021\/07\/20210630_084604-249x160.jpg 249w\"><\/source><source media=\"(min-width: 0)\" srcset=\"https:\/\/www.salzburgerland.com\/de\/magazin\/wp-content\/uploads\/2021\/07\/20210630_084604-249x160.jpg 249w, https:\/\/www.salzburgerland.com\/de\/magazin\/wp-content\/uploads\/2021\/07\/20210630_084604-325x209.jpg 325w\"><\/source><img decoding=\"async\" alt=\"Pl&ouml;tzhof\" src=\"https:\/\/www.salzburgerland.com\/de\/magazin\/wp-content\/uploads\/2021\/07\/20210630_084604.jpg\">\t<\/picture><figcaption>Katharina Langmaier &copy; Melanie Deisl<\/figcaption><\/a><\/figure><\/div><div class=\"col-6 col-sm-4\"><figure><a class=\"thumb-container\" href=\"https:\/\/www.salzburgerland.com\/de\/magazin\/wp-content\/uploads\/2021\/07\/ploetzhof_melanie-deisl-10-1280x1024.jpg\">\t<picture><source media=\"(min-width: 576px)\" srcset=\"https:\/\/www.salzburgerland.com\/de\/magazin\/wp-content\/uploads\/2021\/07\/ploetzhof_melanie-deisl-10-325x209.jpg 325w, https:\/\/www.salzburgerland.com\/de\/magazin\/wp-content\/uploads\/2021\/07\/ploetzhof_melanie-deisl-10-249x160.jpg 249w\"><\/source><source media=\"(min-width: 0)\" srcset=\"https:\/\/www.salzburgerland.com\/de\/magazin\/wp-content\/uploads\/2021\/07\/ploetzhof_melanie-deisl-10-249x160.jpg 249w, https:\/\/www.salzburgerland.com\/de\/magazin\/wp-content\/uploads\/2021\/07\/ploetzhof_melanie-deisl-10-325x209.jpg 325w\"><\/source><img decoding=\"async\" alt=\"Pl&ouml;tzhof\" src=\"https:\/\/www.salzburgerland.com\/de\/magazin\/wp-content\/uploads\/2021\/07\/ploetzhof_melanie-deisl-10.jpg\">\t<\/picture><figcaption>Pl&ouml;tzhof F&uuml;hrung &copy; Melanie Deisl<\/figcaption><\/a><\/figure><\/div><\/div><figcaption><\/figcaption><\/div>\n\n\n\n<h2 class=\"wp-block-heading\" id=\"h-gefangen-in-der-keichen\"><strong>Gefangen in der \u201eKeichen\u201c<\/strong><\/h2>\n\n\n\n<p>Wehklagende Rufe eines Gefangenen klagen aus dem Verlies des Pl\u00f6tzhofes empor, und sogleich w\u00e4hnt man sich in eine l\u00e4ngst vergangene Zeit zur\u00fcckversetzt. Auf vielen Schautafeln wird die Geschichte des Pl\u00f6tzhofes dargestellt und mit unterhaltsamen Anekdoten und bemerkenswerten Fakten pr\u00e4sentiert. Ein kleiner Ausflug in die Geschichte gef\u00e4llig?<\/p>\n\n\n<div class=\"mag-gallery\"><div class=\"row\"><div class=\"col-6 col-sm-4\"><figure><a class=\"thumb-container\" href=\"https:\/\/www.salzburgerland.com\/de\/magazin\/wp-content\/uploads\/2021\/07\/Ploetzhof_5cFuschlseeregion-Kolarik-1280x1024.jpeg\">\t<picture><source media=\"(min-width: 576px)\" srcset=\"https:\/\/www.salzburgerland.com\/de\/magazin\/wp-content\/uploads\/2021\/07\/Ploetzhof_5cFuschlseeregion-Kolarik-325x209.jpeg 325w, https:\/\/www.salzburgerland.com\/de\/magazin\/wp-content\/uploads\/2021\/07\/Ploetzhof_5cFuschlseeregion-Kolarik-249x160.jpeg 249w\"><\/source><source media=\"(min-width: 0)\" srcset=\"https:\/\/www.salzburgerland.com\/de\/magazin\/wp-content\/uploads\/2021\/07\/Ploetzhof_5cFuschlseeregion-Kolarik-249x160.jpeg 249w, https:\/\/www.salzburgerland.com\/de\/magazin\/wp-content\/uploads\/2021\/07\/Ploetzhof_5cFuschlseeregion-Kolarik-325x209.jpeg 325w\"><\/source><img decoding=\"async\" alt=\"Pl&ouml;tzhof\" src=\"https:\/\/www.salzburgerland.com\/de\/magazin\/wp-content\/uploads\/2021\/07\/Ploetzhof_5cFuschlseeregion-Kolarik-scaled.jpeg\">\t<\/picture><figcaption>&copy; Fuschlseeregion Kolarik<\/figcaption><\/a><\/figure><\/div><div class=\"col-6 col-sm-4\"><figure><a class=\"thumb-container\" href=\"https:\/\/www.salzburgerland.com\/de\/magazin\/wp-content\/uploads\/2021\/07\/ploetzhof_melanie-deisl-06-1280x1024.jpg\">\t<picture><source media=\"(min-width: 576px)\" srcset=\"https:\/\/www.salzburgerland.com\/de\/magazin\/wp-content\/uploads\/2021\/07\/ploetzhof_melanie-deisl-06-325x209.jpg 325w, https:\/\/www.salzburgerland.com\/de\/magazin\/wp-content\/uploads\/2021\/07\/ploetzhof_melanie-deisl-06-249x160.jpg 249w\"><\/source><source media=\"(min-width: 0)\" srcset=\"https:\/\/www.salzburgerland.com\/de\/magazin\/wp-content\/uploads\/2021\/07\/ploetzhof_melanie-deisl-06-249x160.jpg 249w, https:\/\/www.salzburgerland.com\/de\/magazin\/wp-content\/uploads\/2021\/07\/ploetzhof_melanie-deisl-06-325x209.jpg 325w\"><\/source><img decoding=\"async\" alt=\"Pl&ouml;tzhof\" src=\"https:\/\/www.salzburgerland.com\/de\/magazin\/wp-content\/uploads\/2021\/07\/ploetzhof_melanie-deisl-06.jpg\">\t<\/picture><figcaption>Klagerufe t&ouml;nen empor &copy; Melanie Deisl<\/figcaption><\/a><\/figure><\/div><div class=\"col-6 col-sm-4\"><figure><a class=\"thumb-container\" href=\"https:\/\/www.salzburgerland.com\/de\/magazin\/wp-content\/uploads\/2021\/07\/Ploetzhof_23cFuschlseeregion-Kolarik-1280x1024.jpeg\">\t<picture><source media=\"(min-width: 576px)\" srcset=\"https:\/\/www.salzburgerland.com\/de\/magazin\/wp-content\/uploads\/2021\/07\/Ploetzhof_23cFuschlseeregion-Kolarik-325x209.jpeg 325w, https:\/\/www.salzburgerland.com\/de\/magazin\/wp-content\/uploads\/2021\/07\/Ploetzhof_23cFuschlseeregion-Kolarik-249x160.jpeg 249w\"><\/source><source media=\"(min-width: 0)\" srcset=\"https:\/\/www.salzburgerland.com\/de\/magazin\/wp-content\/uploads\/2021\/07\/Ploetzhof_23cFuschlseeregion-Kolarik-249x160.jpeg 249w, https:\/\/www.salzburgerland.com\/de\/magazin\/wp-content\/uploads\/2021\/07\/Ploetzhof_23cFuschlseeregion-Kolarik-325x209.jpeg 325w\"><\/source><img decoding=\"async\" alt=\"Pl&ouml;tzhof\" src=\"https:\/\/www.salzburgerland.com\/de\/magazin\/wp-content\/uploads\/2021\/07\/Ploetzhof_23cFuschlseeregion-Kolarik-scaled.jpeg\">\t<\/picture><figcaption>Das Verlie&szlig; &copy; Fuschlseeregion Kolarik<\/figcaption><\/a><\/figure><\/div><\/div><figcaption><\/figcaption><\/div>\n\n\n\n<h2 class=\"wp-block-heading\" id=\"h-von-der-burg-wartenfels-zum-pl-tzhof\"><strong>Von der Burg Wartenfels zum Pl\u00f6tzhof<\/strong><\/h2>\n\n\n\n<p>Das Haus an der Wolfgangsee Bundesstra\u00dfe liegt direkt am Baderbach und ist eines der \u00e4ltesten Bauwerke von Hof bei Salzburg. Das Untergeschoss des Pl\u00f6tzhofes wurde im fr\u00fchen 16. Jahrhundert auf Stein errichtet und diente als Gef\u00e4ngnis f\u00fcr Verurteilte, denen am Kirchbichlhof der Prozess gemacht wurde. Dies geschah vor dem Bauernkrieg im Jahr 1525\/26 noch auf der <a href=\"https:\/\/www.salzburgerland.com\/de\/magazin\/wanderung-zur-burgruine-wartenfels\/\" target=\"_blank\" rel=\"noreferrer noopener\">Burg Wartenfels<\/a>.<\/p>\n\n\n\n<p>Hier wurden neben \u201eBagatellf\u00e4llen\u201c, wie Besitzstreitigkeiten oder kleinen Diebst\u00e4hlen, auch \u201eMalefizf\u00e4lle\u201c von gr\u00f6\u00dferem Ausma\u00df gerichtet. Man sieht schon, viele Worte, die man heute noch verwendet, haben in historischen Ausdr\u00fccken ihren Ursprung. Doch wir m\u00f6chten nicht alles verraten: Wer erfahren m\u00f6chte, was ein \u201ePfleger\u201c, \u201eTaidinge\u201c oder \u201eR\u00fcgate\u201c mit der Rechtsprechung im SalzburgerLand zu tun haben, f\u00fcr den lohnt sich ein Besuch im Pl\u00f6tzhof auf alle F\u00e4lle.<\/p>\n\n\n\n<figure class=\"wp-block-image size-large\"><img loading=\"lazy\" decoding=\"async\" width=\"2500\" height=\"1408\" src=\"https:\/\/www.salzburgerland.com\/de\/magazin\/wp-content\/uploads\/2021\/07\/ploetzhof_melanie-deisl-02.jpg\" alt=\"Pl\u00f6tzhof\" class=\"wp-image-156184\" srcset=\"https:\/\/www.salzburgerland.com\/de\/magazin\/wp-content\/uploads\/2021\/07\/ploetzhof_melanie-deisl-02.jpg 2500w, https:\/\/www.salzburgerland.com\/de\/magazin\/wp-content\/uploads\/2021\/07\/ploetzhof_melanie-deisl-02-300x169.jpg 300w, https:\/\/www.salzburgerland.com\/de\/magazin\/wp-content\/uploads\/2021\/07\/ploetzhof_melanie-deisl-02-1536x865.jpg 1536w, https:\/\/www.salzburgerland.com\/de\/magazin\/wp-content\/uploads\/2021\/07\/ploetzhof_melanie-deisl-02-2048x1153.jpg 2048w, https:\/\/www.salzburgerland.com\/de\/magazin\/wp-content\/uploads\/2021\/07\/ploetzhof_melanie-deisl-02-977x550.jpg 977w, https:\/\/www.salzburgerland.com\/de\/magazin\/wp-content\/uploads\/2021\/07\/ploetzhof_melanie-deisl-02-710x400.jpg 710w, https:\/\/www.salzburgerland.com\/de\/magazin\/wp-content\/uploads\/2021\/07\/ploetzhof_melanie-deisl-02-560x316.jpg 560w, https:\/\/www.salzburgerland.com\/de\/magazin\/wp-content\/uploads\/2021\/07\/ploetzhof_melanie-deisl-02-250x140.jpg 250w, https:\/\/www.salzburgerland.com\/de\/magazin\/wp-content\/uploads\/2021\/07\/ploetzhof_melanie-deisl-02-1320x743.jpg 1320w, https:\/\/www.salzburgerland.com\/de\/magazin\/wp-content\/uploads\/2021\/07\/ploetzhof_melanie-deisl-02-150x84.jpg 150w, https:\/\/www.salzburgerland.com\/de\/magazin\/wp-content\/uploads\/2021\/07\/ploetzhof_melanie-deisl-02-1200x675.jpg 1200w\" sizes=\"auto, (max-width: 2500px) 100vw, 2500px\" \/><figcaption>Einblicke in ein Gef\u00e4ngnis von damals \u00a9 Melanie Deisl<\/figcaption><\/figure>\n\n\n\n<h2 class=\"wp-block-heading\" id=\"h-wanderungen-beim-pl-tzhof\"><strong>Wanderungen beim Pl\u00f6tzhof<\/strong><\/h2>\n\n\n\n<p>Unter dem Pl\u00f6tzhof befindet sich im benachbarten Waldst\u00fcck ein sch\u00f6n angelegter Wanderweg zu den Pl\u00f6tzen, den Wasserf\u00e4llen. \u00dcber den Gehweg neben der Wolfgangsee Bundesstra\u00dfe kommt man in wenigen Minuten auf den Waldwanderweg. Hier kann man den Pl\u00f6tzhof in seiner vollen Gr\u00f6\u00dfe bewundern und die Baderbachm\u00fchle von au\u00dfen betrachten. Ein befestigter Wanderweg f\u00fchrt \u00fcber Stiegen entlang des ersten Wasserfalls bergab. Von unten kann man das Rauschen des Wassers genie\u00dfen und zum zweiten Wasserfall weiterwandern. Bei hei\u00dfem Wetter ist es hier angenehm k\u00fchl und an Regentagen sch\u00fctzen die Baumkronen vor zu viel Nass.<\/p>\n\n\n\n<figure class=\"wp-block-image size-large\"><img loading=\"lazy\" decoding=\"async\" width=\"2500\" height=\"1408\" src=\"https:\/\/www.salzburgerland.com\/de\/magazin\/wp-content\/uploads\/2021\/07\/ploetzhof_melanie-deisl-07.jpg\" alt=\"Pl\u00f6tzhof\" class=\"wp-image-156189\" srcset=\"https:\/\/www.salzburgerland.com\/de\/magazin\/wp-content\/uploads\/2021\/07\/ploetzhof_melanie-deisl-07.jpg 2500w, https:\/\/www.salzburgerland.com\/de\/magazin\/wp-content\/uploads\/2021\/07\/ploetzhof_melanie-deisl-07-300x169.jpg 300w, https:\/\/www.salzburgerland.com\/de\/magazin\/wp-content\/uploads\/2021\/07\/ploetzhof_melanie-deisl-07-1536x865.jpg 1536w, https:\/\/www.salzburgerland.com\/de\/magazin\/wp-content\/uploads\/2021\/07\/ploetzhof_melanie-deisl-07-2048x1153.jpg 2048w, https:\/\/www.salzburgerland.com\/de\/magazin\/wp-content\/uploads\/2021\/07\/ploetzhof_melanie-deisl-07-977x550.jpg 977w, https:\/\/www.salzburgerland.com\/de\/magazin\/wp-content\/uploads\/2021\/07\/ploetzhof_melanie-deisl-07-710x400.jpg 710w, https:\/\/www.salzburgerland.com\/de\/magazin\/wp-content\/uploads\/2021\/07\/ploetzhof_melanie-deisl-07-560x316.jpg 560w, https:\/\/www.salzburgerland.com\/de\/magazin\/wp-content\/uploads\/2021\/07\/ploetzhof_melanie-deisl-07-250x140.jpg 250w, https:\/\/www.salzburgerland.com\/de\/magazin\/wp-content\/uploads\/2021\/07\/ploetzhof_melanie-deisl-07-1320x743.jpg 1320w, https:\/\/www.salzburgerland.com\/de\/magazin\/wp-content\/uploads\/2021\/07\/ploetzhof_melanie-deisl-07-150x84.jpg 150w, https:\/\/www.salzburgerland.com\/de\/magazin\/wp-content\/uploads\/2021\/07\/ploetzhof_melanie-deisl-07-1200x675.jpg 1200w\" sizes=\"auto, (max-width: 2500px) 100vw, 2500px\" \/><figcaption>Baderbachm\u00fchle \u00a9 Melanie Deisl<\/figcaption><\/figure>\n\n\n<div class=\"mag-gallery\"><div class=\"row\"><div class=\"col-6 col-sm-4\"><figure><a class=\"thumb-container\" href=\"https:\/\/www.salzburgerland.com\/de\/magazin\/wp-content\/uploads\/2021\/07\/ploetzhof_melanie-deisl-13-1280x1024.jpg\">\t<picture><source media=\"(min-width: 576px)\" srcset=\"https:\/\/www.salzburgerland.com\/de\/magazin\/wp-content\/uploads\/2021\/07\/ploetzhof_melanie-deisl-13-325x209.jpg 325w, https:\/\/www.salzburgerland.com\/de\/magazin\/wp-content\/uploads\/2021\/07\/ploetzhof_melanie-deisl-13-249x160.jpg 249w\"><\/source><source media=\"(min-width: 0)\" srcset=\"https:\/\/www.salzburgerland.com\/de\/magazin\/wp-content\/uploads\/2021\/07\/ploetzhof_melanie-deisl-13-249x160.jpg 249w, https:\/\/www.salzburgerland.com\/de\/magazin\/wp-content\/uploads\/2021\/07\/ploetzhof_melanie-deisl-13-325x209.jpg 325w\"><\/source><img decoding=\"async\" alt=\"Pl&ouml;tzhof\" src=\"https:\/\/www.salzburgerland.com\/de\/magazin\/wp-content\/uploads\/2021\/07\/ploetzhof_melanie-deisl-13.jpg\">\t<\/picture><figcaption>Befestigter Wanderweg &copy; Melanie Deisl<\/figcaption><\/a><\/figure><\/div><div class=\"col-6 col-sm-4\"><figure><a class=\"thumb-container\" href=\"https:\/\/www.salzburgerland.com\/de\/magazin\/wp-content\/uploads\/2021\/07\/ploetzhof_melanie-deisl-15-1280x1024.jpg\">\t<picture><source media=\"(min-width: 576px)\" srcset=\"https:\/\/www.salzburgerland.com\/de\/magazin\/wp-content\/uploads\/2021\/07\/ploetzhof_melanie-deisl-15-325x209.jpg 325w, https:\/\/www.salzburgerland.com\/de\/magazin\/wp-content\/uploads\/2021\/07\/ploetzhof_melanie-deisl-15-249x160.jpg 249w\"><\/source><source media=\"(min-width: 0)\" srcset=\"https:\/\/www.salzburgerland.com\/de\/magazin\/wp-content\/uploads\/2021\/07\/ploetzhof_melanie-deisl-15-249x160.jpg 249w, https:\/\/www.salzburgerland.com\/de\/magazin\/wp-content\/uploads\/2021\/07\/ploetzhof_melanie-deisl-15-325x209.jpg 325w\"><\/source><img decoding=\"async\" alt=\"Pl&ouml;tzhof\" src=\"https:\/\/www.salzburgerland.com\/de\/magazin\/wp-content\/uploads\/2021\/07\/ploetzhof_melanie-deisl-15.jpg\">\t<\/picture><figcaption>am Wasserfall &copy; Melanie Deisl<\/figcaption><\/a><\/figure><\/div><div class=\"col-6 col-sm-4\"><figure><a class=\"thumb-container\" href=\"https:\/\/www.salzburgerland.com\/de\/magazin\/wp-content\/uploads\/2021\/07\/ploetzhof_melanie-deisl-14-1280x1024.jpg\">\t<picture><source media=\"(min-width: 576px)\" srcset=\"https:\/\/www.salzburgerland.com\/de\/magazin\/wp-content\/uploads\/2021\/07\/ploetzhof_melanie-deisl-14-325x209.jpg 325w, https:\/\/www.salzburgerland.com\/de\/magazin\/wp-content\/uploads\/2021\/07\/ploetzhof_melanie-deisl-14-249x160.jpg 249w\"><\/source><source media=\"(min-width: 0)\" srcset=\"https:\/\/www.salzburgerland.com\/de\/magazin\/wp-content\/uploads\/2021\/07\/ploetzhof_melanie-deisl-14-249x160.jpg 249w, https:\/\/www.salzburgerland.com\/de\/magazin\/wp-content\/uploads\/2021\/07\/ploetzhof_melanie-deisl-14-325x209.jpg 325w\"><\/source><img decoding=\"async\" alt=\"Pl&ouml;tzhof\" src=\"https:\/\/www.salzburgerland.com\/de\/magazin\/wp-content\/uploads\/2021\/07\/ploetzhof_melanie-deisl-14.jpg\">\t<\/picture><figcaption>Wasserfall unter Pl&ouml;tzhof  &copy; Melanie Deisl<\/figcaption><\/a><\/figure><\/div><\/div><figcaption><\/figcaption><\/div>\n\n\n\n<p>Ein Besuch vom Pl\u00f6tzhof l\u00e4sst sich auch wunderbar mit einer <a href=\"https:\/\/www.salzburgerland.com\/de\/magazin\/fruehlingswanderungen-in-der-fuschlseeregion\/\" target=\"_blank\" rel=\"noreferrer noopener\">Wanderung am Fuschlsee<\/a> verbinden. Denn dort am t\u00fcrkisblauen See warten noch weitere historische Schmankerl auf die G\u00e4ste. Das Schloss Fuschl ist ja weit \u00fcber die Grenzen von Salzburg bekannt und wird auch hier im Pl\u00f6tzhof historisch behandelt. Aber was f\u00fcr uns noch v\u00f6llig neu war, ist die Tatsache, dass sich entlang der Uferzone des Schlosses sogenannte Packwerkbauten befinden, die eine k\u00fcnstliche Insel unter dem Wasserspiegel des Fuschlsees verbergen.<\/p>\n\n\n\n<h3 class=\"wp-block-heading\" id=\"h-ein-ausflugsziel-f-r-die-ganze-familie\"><strong>Ein Ausflugsziel f\u00fcr die ganze Familie<\/strong><\/h3>\n\n\n\n<p>Im und um den Pl\u00f6tzhof gibt es f\u00fcr die ganze Familie viel Wissenswertes zu entdecken. Kombiniert mit einer sch\u00f6nen Wanderung ist der Besuch des Museums ein perfektes Ausflugserlebnis in der Fuschlseeregion.<\/p>\n\n\n<div class=\"mag-gallery\"><div class=\"row\"><div class=\"col-6 col-sm-4\"><figure><a class=\"thumb-container\" href=\"https:\/\/www.salzburgerland.com\/de\/magazin\/wp-content\/uploads\/2021\/07\/ploetzhof_melanie-deisl-09-1280x1024.jpg\">\t<picture><source media=\"(min-width: 576px)\" srcset=\"https:\/\/www.salzburgerland.com\/de\/magazin\/wp-content\/uploads\/2021\/07\/ploetzhof_melanie-deisl-09-325x209.jpg 325w, https:\/\/www.salzburgerland.com\/de\/magazin\/wp-content\/uploads\/2021\/07\/ploetzhof_melanie-deisl-09-249x160.jpg 249w\"><\/source><source media=\"(min-width: 0)\" srcset=\"https:\/\/www.salzburgerland.com\/de\/magazin\/wp-content\/uploads\/2021\/07\/ploetzhof_melanie-deisl-09-249x160.jpg 249w, https:\/\/www.salzburgerland.com\/de\/magazin\/wp-content\/uploads\/2021\/07\/ploetzhof_melanie-deisl-09-325x209.jpg 325w\"><\/source><img decoding=\"async\" alt=\"Pl&ouml;tzhof\" src=\"https:\/\/www.salzburgerland.com\/de\/magazin\/wp-content\/uploads\/2021\/07\/ploetzhof_melanie-deisl-09.jpg\">\t<\/picture><figcaption>So erreicht man den Pl&ouml;tzhof &copy; Melanie Deisl<\/figcaption><\/a><\/figure><\/div><div class=\"col-6 col-sm-4\"><figure><a class=\"thumb-container\" href=\"https:\/\/www.salzburgerland.com\/de\/magazin\/wp-content\/uploads\/2021\/07\/ploetzhof_melanie-deisl-11-1280x1024.jpg\">\t<picture><source media=\"(min-width: 576px)\" srcset=\"https:\/\/www.salzburgerland.com\/de\/magazin\/wp-content\/uploads\/2021\/07\/ploetzhof_melanie-deisl-11-325x209.jpg 325w, https:\/\/www.salzburgerland.com\/de\/magazin\/wp-content\/uploads\/2021\/07\/ploetzhof_melanie-deisl-11-249x160.jpg 249w\"><\/source><source media=\"(min-width: 0)\" srcset=\"https:\/\/www.salzburgerland.com\/de\/magazin\/wp-content\/uploads\/2021\/07\/ploetzhof_melanie-deisl-11-249x160.jpg 249w, https:\/\/www.salzburgerland.com\/de\/magazin\/wp-content\/uploads\/2021\/07\/ploetzhof_melanie-deisl-11-325x209.jpg 325w\"><\/source><img decoding=\"async\" alt=\"Pl&ouml;tzhof\" src=\"https:\/\/www.salzburgerland.com\/de\/magazin\/wp-content\/uploads\/2021\/07\/ploetzhof_melanie-deisl-11.jpg\">\t<\/picture><figcaption>Baderbachm&uuml;hle &copy; Melanie Deisl<\/figcaption><\/a><\/figure><\/div><div class=\"col-6 col-sm-4\"><figure><a class=\"thumb-container\" href=\"https:\/\/www.salzburgerland.com\/de\/magazin\/wp-content\/uploads\/2021\/07\/ploetzhof_melanie-deisl-12-1280x1024.jpg\">\t<picture><source media=\"(min-width: 576px)\" srcset=\"https:\/\/www.salzburgerland.com\/de\/magazin\/wp-content\/uploads\/2021\/07\/ploetzhof_melanie-deisl-12-325x209.jpg 325w, https:\/\/www.salzburgerland.com\/de\/magazin\/wp-content\/uploads\/2021\/07\/ploetzhof_melanie-deisl-12-249x160.jpg 249w\"><\/source><source media=\"(min-width: 0)\" srcset=\"https:\/\/www.salzburgerland.com\/de\/magazin\/wp-content\/uploads\/2021\/07\/ploetzhof_melanie-deisl-12-249x160.jpg 249w, https:\/\/www.salzburgerland.com\/de\/magazin\/wp-content\/uploads\/2021\/07\/ploetzhof_melanie-deisl-12-325x209.jpg 325w\"><\/source><img decoding=\"async\" alt=\"Der kleine Wasserfall am Pl&ouml;tzhof flie&szlig;t aus einem Betontunnel in ein felsiges, bewaldetes Gebiet mit &uuml;ppigem Laub.\" src=\"https:\/\/www.salzburgerland.com\/de\/magazin\/wp-content\/uploads\/2021\/07\/ploetzhof_melanie-deisl-12.jpg\">\t<\/picture><figcaption>Der Baderbach neben dem Pl&ouml;tzhof &copy; Melanie Deisl<\/figcaption><\/a><\/figure><\/div><\/div><figcaption><\/figcaption><\/div>\n\n\n\n<h3 class=\"wp-block-heading\" id=\"h-ffnungszeiten-pl-tzhof\"><strong>\u00d6ffnungszeiten Pl\u00f6tzhof<\/strong><\/h3>\n\n\n\n<p>Der Pl\u00f6tzhof ist von April bis Ende Oktober ge\u00f6ffnet. T\u00e4glich kann man zwischen 10.00 und 18.00 Uhr das Museum besuchen. Der Eintritt ist kostenlos. Eine freiwillige Spende tr\u00e4gt dem Erhalt des Museums bei.<\/p>\n\n\n\n<h3 class=\"wp-block-heading\" id=\"h-anfahrt-wegbeschreibung\"><strong>Anfahrt &amp; Wegbeschreibung<\/strong><\/h3>\n\n\n\n<figure class=\"wp-block-image size-large\"><img loading=\"lazy\" decoding=\"async\" width=\"2500\" height=\"1408\" src=\"https:\/\/www.salzburgerland.com\/de\/magazin\/wp-content\/uploads\/2021\/07\/ploetzhof_melanie-deisl-01.jpg\" alt=\"Pl\u00f6tzhof\" class=\"wp-image-156183\" srcset=\"https:\/\/www.salzburgerland.com\/de\/magazin\/wp-content\/uploads\/2021\/07\/ploetzhof_melanie-deisl-01.jpg 2500w, https:\/\/www.salzburgerland.com\/de\/magazin\/wp-content\/uploads\/2021\/07\/ploetzhof_melanie-deisl-01-300x169.jpg 300w, https:\/\/www.salzburgerland.com\/de\/magazin\/wp-content\/uploads\/2021\/07\/ploetzhof_melanie-deisl-01-1536x865.jpg 1536w, https:\/\/www.salzburgerland.com\/de\/magazin\/wp-content\/uploads\/2021\/07\/ploetzhof_melanie-deisl-01-2048x1153.jpg 2048w, https:\/\/www.salzburgerland.com\/de\/magazin\/wp-content\/uploads\/2021\/07\/ploetzhof_melanie-deisl-01-977x550.jpg 977w, https:\/\/www.salzburgerland.com\/de\/magazin\/wp-content\/uploads\/2021\/07\/ploetzhof_melanie-deisl-01-710x400.jpg 710w, https:\/\/www.salzburgerland.com\/de\/magazin\/wp-content\/uploads\/2021\/07\/ploetzhof_melanie-deisl-01-560x316.jpg 560w, https:\/\/www.salzburgerland.com\/de\/magazin\/wp-content\/uploads\/2021\/07\/ploetzhof_melanie-deisl-01-250x140.jpg 250w, https:\/\/www.salzburgerland.com\/de\/magazin\/wp-content\/uploads\/2021\/07\/ploetzhof_melanie-deisl-01-1320x743.jpg 1320w, https:\/\/www.salzburgerland.com\/de\/magazin\/wp-content\/uploads\/2021\/07\/ploetzhof_melanie-deisl-01-150x84.jpg 150w, https:\/\/www.salzburgerland.com\/de\/magazin\/wp-content\/uploads\/2021\/07\/ploetzhof_melanie-deisl-01-1200x675.jpg 1200w\" sizes=\"auto, (max-width: 2500px) 100vw, 2500px\" \/><figcaption>Gleich neben der Wolfgangsee Bundesstra\u00dfe befindet sich der Pl\u00f6tzhof <em>\u00a9<\/em> Melanie Deisl<\/figcaption><\/figure>\n\n\n\n<p>Der Pl\u00f6tzhof liegt an der Wolfgangsee Bundesstra\u00dfe, in der N\u00e4he des Kreisverkehrs bei Baderluck. Das Auto stellt man am besten am Park &amp; Ride Parkplatz in der N\u00e4he vom Billa ab, der sich auf der gegen\u00fcberliegenden Stra\u00dfenseite befindet. Alternativ kann man sein Fahrzeug auch im Ortszentrum von Hof oder am Naturbadestrand Hoferstrand stehen lassen und zum Pl\u00f6tzhof wandern.<\/p>\n\n\n\n<p>Von der Stadt Salzburg aus kommt man mit den Buslinien 150 und 155 zum Pl\u00f6tzhof und w\u00e4hlt die Ausstiegsstelle \u201eAlte Tanne\u201c.<\/p>\n\n\n\n<hr class=\"wp-block-separator\"\/>\n\n\n\n<p><strong>PL\u00d6TZHOF<br><\/strong>Wolfgangsee Bundesstra\u00dfe 35<br>5322 Hof bei Salzburg<br><a href=\"https:\/\/www.brunnwirt.at\/de\/\" target=\"_blank\" rel=\"noreferrer noopener\">www.<\/a><a href=\"https:\/\/www.ploetzhof.at\/\" target=\"_blank\" rel=\"noreferrer noopener\">ploetzhof<\/a><a href=\"https:\/\/www.ploetzhof.at\/\">.at<\/a><\/p>\n\n\n\n<p><em>Fotocredits \u00a9 Fuschlseeregion, Kolarik und \u00a9 Melanie Deisl<\/em><\/p>\n","protected":false},"excerpt":{"rendered":"<p>Die Fuschlseeregion ist um eine Sehensw\u00fcrdigkeit reicher. Im Pl\u00f6tzhof in Hof bei Salzburg kann man in die Vergangenheit eintauchen, in eine etwas d\u00fcstere Vergangenheit, wohlgemerkt. Der Pl\u00f6tzhof beheimatet ein ehemaliges Gef\u00e4ngnis und wurde als Museum nun neu er\u00f6ffnet. Eines gleich vorweg: Seinen Namen hat das historische Verlie\u00df einerseits vom Wasserfall des Baderbachs erhalten, denn fr\u00fcher [&hellip;]<\/p>\n","protected":false},"author":565,"featured_media":156181,"comment_status":"open","ping_status":"closed","sticky":false,"template":"","format":"standard","meta":{"_acf_changed":false,"wl_entities_gutenberg":"","_wl_entity_redirect_enabled":"","footnotes":""},"categories":[9],"tags":[4172,236,7177,1902,7063],"wl_entity_type":[306],"monatsauswahl":[85,86,87,88,89,90,91],"class_list":["post-156175","post","type-post","status-publish","format-standard","has-post-thumbnail","hentry","category-sehenswurdig","tag-ausflug-mit-kindern","tag-fuschlseeregion","tag-gefaengnis","tag-hof-bei-salzburg","tag-museum","wl_entity_type-article","monatsauswahl-monat_4","monatsauswahl-monat_5","monatsauswahl-monat_6","monatsauswahl-monat_7","monatsauswahl-monat_8","monatsauswahl-monat_9","monatsauswahl-monat_10"],"acf":[],"yoast_head":"<!-- This site is optimized with the Yoast SEO Premium plugin v27.4 (Yoast SEO v27.4) - https:\/\/yoast.com\/product\/yoast-seo-premium-wordpress\/ -->\n<title>Ein altes Gef\u00e4ngnis wird zum Museum - SalzburgerLand Magazin<\/title>\n<meta name=\"description\" content=\"Das alte Gef\u00e4ngnis am Baderbach ist eines der \u00e4ltesten Geb\u00e4ude in Hof bei Salzburg und bietet Einblicke in eine l\u00e4ngst vergangene Zeit.\" \/>\n<meta name=\"robots\" content=\"index, follow, max-snippet:-1, max-image-preview:large, max-video-preview:-1\" \/>\n<link rel=\"canonical\" href=\"https:\/\/www.salzburgerland.com\/de\/magazin\/ploetzhof-in-hof\/\" \/>\n<meta property=\"og:locale\" content=\"de_DE\" \/>\n<meta property=\"og:type\" content=\"article\" \/>\n<meta property=\"og:title\" content=\"Ein altes Gef\u00e4ngnis wird zum Museum\" \/>\n<meta property=\"og:description\" content=\"Das alte Gef\u00e4ngnis am Baderbach ist eines der \u00e4ltesten Geb\u00e4ude in Hof bei Salzburg und bietet Einblicke in eine l\u00e4ngst vergangene Zeit.\" \/>\n<meta property=\"og:url\" content=\"https:\/\/www.salzburgerland.com\/de\/magazin\/ploetzhof-in-hof\/\" \/>\n<meta property=\"og:site_name\" content=\"SalzburgerLand Magazin\" \/>\n<meta property=\"article:publisher\" content=\"https:\/\/www.facebook.com\/salzburgerland\/\" \/>\n<meta property=\"article:author\" content=\"https:\/\/www.facebook.com\/urlaubsgeschichten\/\" \/>\n<meta property=\"article:published_time\" content=\"2021-08-09T06:00:00+00:00\" \/>\n<meta property=\"article:modified_time\" content=\"2021-08-17T04:41:44+00:00\" \/>\n<meta property=\"og:image\" content=\"https:\/\/www.salzburgerland.com\/de\/magazin\/wp-content\/uploads\/2021\/07\/Ploetzhof_16cFuschlseeregion-Kolarik-scaled.jpeg\" \/>\n\t<meta property=\"og:image:width\" content=\"2560\" \/>\n\t<meta property=\"og:image:height\" content=\"1707\" \/>\n\t<meta property=\"og:image:type\" content=\"image\/jpeg\" \/>\n<meta name=\"author\" content=\"Melanie Deisl\" \/>\n<meta name=\"twitter:card\" content=\"summary_large_image\" \/>\n<meta name=\"twitter:creator\" content=\"@Salzburgerland\" \/>\n<meta name=\"twitter:site\" content=\"@Salzburgerland\" \/>\n<meta name=\"twitter:label1\" content=\"Verfasst von\" \/>\n\t<meta name=\"twitter:data1\" content=\"Melanie Deisl\" \/>\n\t<meta name=\"twitter:label2\" content=\"Gesch\u00e4tzte Lesezeit\" \/>\n\t<meta name=\"twitter:data2\" content=\"7\u00a0Minuten\" \/>\n<script type=\"application\/ld+json\" class=\"yoast-schema-graph\">{\"@context\":\"https:\\\/\\\/schema.org\",\"@graph\":[{\"@type\":\"Article\",\"@id\":\"https:\\\/\\\/www.salzburgerland.com\\\/de\\\/magazin\\\/ploetzhof-in-hof\\\/#article\",\"isPartOf\":{\"@id\":\"https:\\\/\\\/www.salzburgerland.com\\\/de\\\/magazin\\\/ploetzhof-in-hof\\\/\"},\"author\":{\"name\":\"Melanie Deisl\",\"@id\":\"https:\\\/\\\/www.salzburgerland.com\\\/de\\\/magazin\\\/#\\\/schema\\\/person\\\/3d66364225257aad8b700259f8d80a69\"},\"headline\":\"Ein altes Gef\u00e4ngnis wird zum Museum\",\"datePublished\":\"2021-08-09T06:00:00+00:00\",\"dateModified\":\"2021-08-17T04:41:44+00:00\",\"mainEntityOfPage\":{\"@id\":\"https:\\\/\\\/www.salzburgerland.com\\\/de\\\/magazin\\\/ploetzhof-in-hof\\\/\"},\"wordCount\":845,\"commentCount\":0,\"publisher\":{\"@id\":\"https:\\\/\\\/www.salzburgerland.com\\\/de\\\/magazin\\\/#organization\"},\"image\":{\"@id\":\"https:\\\/\\\/www.salzburgerland.com\\\/de\\\/magazin\\\/ploetzhof-in-hof\\\/#primaryimage\"},\"thumbnailUrl\":\"https:\\\/\\\/www.salzburgerland.com\\\/de\\\/magazin\\\/wp-content\\\/uploads\\\/2021\\\/07\\\/Ploetzhof_16cFuschlseeregion-Kolarik-scaled.jpeg\",\"keywords\":[\"Ausflug mit Kindern\",\"fuschlseeregion\",\"Gef\u00e4ngnis\",\"Hof bei Salzburg\",\"Museum\"],\"articleSection\":[\"Sehensw\u00fcrdig\"],\"inLanguage\":\"de\",\"potentialAction\":[{\"@type\":\"CommentAction\",\"name\":\"Comment\",\"target\":[\"https:\\\/\\\/www.salzburgerland.com\\\/de\\\/magazin\\\/ploetzhof-in-hof\\\/#respond\"]}]},{\"@type\":\"WebPage\",\"@id\":\"https:\\\/\\\/www.salzburgerland.com\\\/de\\\/magazin\\\/ploetzhof-in-hof\\\/\",\"url\":\"https:\\\/\\\/www.salzburgerland.com\\\/de\\\/magazin\\\/ploetzhof-in-hof\\\/\",\"name\":\"Ein altes Gef\u00e4ngnis wird zum Museum - SalzburgerLand Magazin\",\"isPartOf\":{\"@id\":\"https:\\\/\\\/www.salzburgerland.com\\\/de\\\/magazin\\\/#website\"},\"primaryImageOfPage\":{\"@id\":\"https:\\\/\\\/www.salzburgerland.com\\\/de\\\/magazin\\\/ploetzhof-in-hof\\\/#primaryimage\"},\"image\":{\"@id\":\"https:\\\/\\\/www.salzburgerland.com\\\/de\\\/magazin\\\/ploetzhof-in-hof\\\/#primaryimage\"},\"thumbnailUrl\":\"https:\\\/\\\/www.salzburgerland.com\\\/de\\\/magazin\\\/wp-content\\\/uploads\\\/2021\\\/07\\\/Ploetzhof_16cFuschlseeregion-Kolarik-scaled.jpeg\",\"datePublished\":\"2021-08-09T06:00:00+00:00\",\"dateModified\":\"2021-08-17T04:41:44+00:00\",\"description\":\"Das alte Gef\u00e4ngnis am Baderbach ist eines der \u00e4ltesten Geb\u00e4ude in Hof bei Salzburg und bietet Einblicke in eine l\u00e4ngst vergangene Zeit.\",\"breadcrumb\":{\"@id\":\"https:\\\/\\\/www.salzburgerland.com\\\/de\\\/magazin\\\/ploetzhof-in-hof\\\/#breadcrumb\"},\"inLanguage\":\"de\",\"potentialAction\":[{\"@type\":\"ReadAction\",\"target\":[\"https:\\\/\\\/www.salzburgerland.com\\\/de\\\/magazin\\\/ploetzhof-in-hof\\\/\"]}]},{\"@type\":\"ImageObject\",\"inLanguage\":\"de\",\"@id\":\"https:\\\/\\\/www.salzburgerland.com\\\/de\\\/magazin\\\/ploetzhof-in-hof\\\/#primaryimage\",\"url\":\"https:\\\/\\\/www.salzburgerland.com\\\/de\\\/magazin\\\/wp-content\\\/uploads\\\/2021\\\/07\\\/Ploetzhof_16cFuschlseeregion-Kolarik-scaled.jpeg\",\"contentUrl\":\"https:\\\/\\\/www.salzburgerland.com\\\/de\\\/magazin\\\/wp-content\\\/uploads\\\/2021\\\/07\\\/Ploetzhof_16cFuschlseeregion-Kolarik-scaled.jpeg\",\"width\":2560,\"height\":1707,\"caption\":\"Pl\u00f6tzhof Gef\u00e4ngnis Museum\"},{\"@type\":\"BreadcrumbList\",\"@id\":\"https:\\\/\\\/www.salzburgerland.com\\\/de\\\/magazin\\\/ploetzhof-in-hof\\\/#breadcrumb\",\"itemListElement\":[{\"@type\":\"ListItem\",\"position\":1,\"name\":\"Startseite\",\"item\":\"https:\\\/\\\/www.salzburgerland.com\\\/de\\\/magazin\\\/\"},{\"@type\":\"ListItem\",\"position\":2,\"name\":\"Sehensw\u00fcrdig\",\"item\":\"https:\\\/\\\/www.salzburgerland.com\\\/de\\\/magazin\\\/thema\\\/sehenswurdig\\\/\"},{\"@type\":\"ListItem\",\"position\":3,\"name\":\"Ein altes Gef\u00e4ngnis wird zum Museum\"}]},{\"@type\":\"WebSite\",\"@id\":\"https:\\\/\\\/www.salzburgerland.com\\\/de\\\/magazin\\\/#website\",\"url\":\"https:\\\/\\\/www.salzburgerland.com\\\/de\\\/magazin\\\/\",\"name\":\"SalzburgerLand Magazin\",\"description\":\"Geschichten und Interessantes aus dem SalzburgerLand\",\"publisher\":{\"@id\":\"https:\\\/\\\/www.salzburgerland.com\\\/de\\\/magazin\\\/#organization\"},\"potentialAction\":[{\"@type\":\"SearchAction\",\"target\":{\"@type\":\"EntryPoint\",\"urlTemplate\":\"https:\\\/\\\/www.salzburgerland.com\\\/de\\\/magazin\\\/?s={search_term_string}\"},\"query-input\":{\"@type\":\"PropertyValueSpecification\",\"valueRequired\":true,\"valueName\":\"search_term_string\"}}],\"inLanguage\":\"de\"},{\"@type\":\"Organization\",\"@id\":\"https:\\\/\\\/www.salzburgerland.com\\\/de\\\/magazin\\\/#organization\",\"name\":\"SalzburgerLand Tourismus\",\"url\":\"https:\\\/\\\/www.salzburgerland.com\\\/de\\\/magazin\\\/\",\"logo\":{\"@type\":\"ImageObject\",\"inLanguage\":\"de\",\"@id\":\"https:\\\/\\\/www.salzburgerland.com\\\/de\\\/magazin\\\/#\\\/schema\\\/logo\\\/image\\\/\",\"url\":\"https:\\\/\\\/www.salzburgerland.com\\\/de\\\/magazin\\\/wp-content\\\/uploads\\\/2019\\\/06\\\/salzburgerland-logo1.jpg\",\"contentUrl\":\"https:\\\/\\\/www.salzburgerland.com\\\/de\\\/magazin\\\/wp-content\\\/uploads\\\/2019\\\/06\\\/salzburgerland-logo1.jpg\",\"width\":2011,\"height\":866,\"caption\":\"SalzburgerLand Tourismus\"},\"image\":{\"@id\":\"https:\\\/\\\/www.salzburgerland.com\\\/de\\\/magazin\\\/#\\\/schema\\\/logo\\\/image\\\/\"},\"sameAs\":[\"https:\\\/\\\/www.facebook.com\\\/salzburgerland\\\/\",\"https:\\\/\\\/x.com\\\/Salzburgerland\",\"https:\\\/\\\/www.instagram.com\\\/salzburgerland\\\/\",\"https:\\\/\\\/at.linkedin.com\\\/company\\\/salzburgerland-tourismus-gmbh\",\"https:\\\/\\\/www.pinterest.at\\\/salzburgerland\\\/\",\"https:\\\/\\\/www.youtube.com\\\/user\\\/salzburgerland\",\"https:\\\/\\\/de.wikipedia.org\\\/wiki\\\/SalzburgerLand_Tourismus_GmbH\"]},{\"@type\":\"Person\",\"@id\":\"https:\\\/\\\/www.salzburgerland.com\\\/de\\\/magazin\\\/#\\\/schema\\\/person\\\/3d66364225257aad8b700259f8d80a69\",\"name\":\"Melanie Deisl\",\"description\":\"Ihre Liebe zum Reisen teilt Melanie genauso gerne, wie ihre Liebe zum SalzburgerLand. Die geb\u00fcrtige Faistenauerin ist in Koppl aufgewachsen und in der Fuschlseeregion zuhause. Und die kennt sie auch wie ihre Westentasche. Ihre erste, noch sehr analoge, Tourismuserfahrung konnte sie bereits w\u00e4hrend der Schulzeit beim SalzburgerLand Tourismus (SLTG) und sp\u00e4ter beim TVB Fuschl am See sammeln. Beruflich ist sie seit ihrem Studium der Kommunikationswissenschaften im Bereich SEO, Text &amp; Content Marketing zuhause. Was dazu f\u00fchrte, dass sie sich ans Reisebloggen wagte. Schnell wurde aus reinem Interesse, pure Passion. Dem Ausflug in ferne L\u00e4nder folgte eine Revision der Qualit\u00e4ten der eigenen Heimat als Urlaubsziel. Und diese fiel mehr als positiv aus. Die Liebe zu Ihrer Heimat ist ihr in die Wiege gelegt, und wie sie sagt, wird diese auch immer st\u00e4rker. Na, sie muss es ja wissen. Immerhin bietet sie auf \\\"urlaubsgeschichten.at\\\" Inspiration f\u00fcr Reisen in ferne L\u00e4nder und gibt Insidertipps f\u00fcr \u00d6sterreich-Liebhaber. Ihr ist es ein pers\u00f6nliches Anliegen zu zeigen, dass man auch auf kurzen Reisen einzigartige Erfahrungen sammeln kann. Da z\u00e4hlt das SalzburgerLand nat\u00fcrlich zu ihren TOP-Favoriten. Ihre Reisen verbindet Sie selbst am liebsten mit Wandern, Skifahren und Genuss. Vor allem regionale Produkte aus der Heimat haben es der bodenst\u00e4ndigen Salzburgerin angetan.\u00a0In der Freizeit zieht es Melanie, wie soll es anders sein, hinaus. Mal auf den Berg, mal an den See, mal in die Stadt Salzburg. Aber nie ohne Kamera und Notizbuch. Es k\u00f6nnte ja eine gute Urlaubsgeschichte dabei sein ... Mein pers\u00f6nlicher Logenplatz im SalzburgerLand Eine Runde um den Hintersee. Das geht immer und macht den Kopf frei. Bei einer Runde um den See kann ich mich gut entspannen. Aber ich drehe auch gerne mal eine gem\u00fctliche \\\"Tratschrunde\\\" mit einer Freundin um den sch\u00f6nen See. Salzburger Nockerl oder Schwarzbeernocken? Die Wahl f\u00e4llt mir sehr leicht. Ich liebe \\\"Zeckbeerdatscherln\\\", wie man bei uns zu den Schwarzbeernocken sagt. Nat\u00fcrlich mit selbstgepfl\u00fcckten Schwarzbeeren zubereitet und sch\u00f6n dunkelblau. Mozart oder Hubert von Goisern? Beides. Ich mag Musik in fast jeder Form. Ich spiele selbst Gitarre und singe sehr gerne - das f\u00e4llt mir bei Hubert von Goisern, Austropop und Rockmusik leichter ;-) aber ich hab auch f\u00fcr Mozart und klassische Musik was \u00fcbrig. Ich bin musikalisch \u00fcberhaupt sehr aufgeschlossen und vor allem immer interessiert Neues zu entdecken. Musik, die mir gef\u00e4llt eben. Luxushotel oder Almh\u00fctte? Mal dies mal das. Zu einem Wellness-Wochenende im Luxushotel braucht man mich nicht lange \u00fcberreden, das versteht sich von selbst. Zu einem Urlaub auf der Alm aber auch nicht. Ich wei\u00df jedoch, dass man das hervorragend miteinander verbinden kann. Die Antwort lautet also: beides! Ausstellung oder Bergpanorama? Ich muss gestehen, ich bin eher erlebnisorientiert, deshalb entscheide ich mich immer f\u00fcr das Bergpanorama. Morgen- oder Abendmensch? Ich war schon immer ein Fr\u00fchaufsteher und bin schon vor dem ersten Kaffee hellwach, diskussionsfreudig und sehr produktiv. Ich erlebe aber in meiner Tageskurve das typische Nachmittagstief, daher w\u00e4re ich voll f\u00fcr die Einf\u00fchrung der \\\"Siesta\\\". Daf\u00fcr bin ich in aber in den Abendstunden auch wieder hellwach und voller Energie.\",\"sameAs\":[\"https:\\\/\\\/urlaubsgeschichten.at\",\"https:\\\/\\\/www.facebook.com\\\/urlaubsgeschichten\\\/\",\"https:\\\/\\\/www.instagram.com\\\/urlaubsgeschichten\\\/\",\"https:\\\/\\\/www.linkedin.com\\\/in\\\/urlaubsgeschichten\\\/\",\"https:\\\/\\\/www.pinterest.at\\\/mytravelstories\\\/\"],\"url\":\"https:\\\/\\\/www.salzburgerland.com\\\/de\\\/magazin\\\/author\\\/melanie_deisl\\\/\"}]}<\/script>\n<!-- \/ Yoast SEO Premium plugin. -->","yoast_head_json":{"title":"Ein altes Gef\u00e4ngnis wird zum Museum - SalzburgerLand Magazin","description":"Das alte Gef\u00e4ngnis am Baderbach ist eines der \u00e4ltesten Geb\u00e4ude in Hof bei Salzburg und bietet Einblicke in eine l\u00e4ngst vergangene Zeit.","robots":{"index":"index","follow":"follow","max-snippet":"max-snippet:-1","max-image-preview":"max-image-preview:large","max-video-preview":"max-video-preview:-1"},"canonical":"https:\/\/www.salzburgerland.com\/de\/magazin\/ploetzhof-in-hof\/","og_locale":"de_DE","og_type":"article","og_title":"Ein altes Gef\u00e4ngnis wird zum Museum","og_description":"Das alte Gef\u00e4ngnis am Baderbach ist eines der \u00e4ltesten Geb\u00e4ude in Hof bei Salzburg und bietet Einblicke in eine l\u00e4ngst vergangene Zeit.","og_url":"https:\/\/www.salzburgerland.com\/de\/magazin\/ploetzhof-in-hof\/","og_site_name":"SalzburgerLand Magazin","article_publisher":"https:\/\/www.facebook.com\/salzburgerland\/","article_author":"https:\/\/www.facebook.com\/urlaubsgeschichten\/","article_published_time":"2021-08-09T06:00:00+00:00","article_modified_time":"2021-08-17T04:41:44+00:00","og_image":[{"width":2560,"height":1707,"url":"https:\/\/www.salzburgerland.com\/de\/magazin\/wp-content\/uploads\/2021\/07\/Ploetzhof_16cFuschlseeregion-Kolarik-scaled.jpeg","type":"image\/jpeg"}],"author":"Melanie Deisl","twitter_card":"summary_large_image","twitter_creator":"@Salzburgerland","twitter_site":"@Salzburgerland","twitter_misc":{"Verfasst von":"Melanie Deisl","Gesch\u00e4tzte Lesezeit":"7\u00a0Minuten"},"schema":{"@context":"https:\/\/schema.org","@graph":[{"@type":"Article","@id":"https:\/\/www.salzburgerland.com\/de\/magazin\/ploetzhof-in-hof\/#article","isPartOf":{"@id":"https:\/\/www.salzburgerland.com\/de\/magazin\/ploetzhof-in-hof\/"},"author":{"name":"Melanie Deisl","@id":"https:\/\/www.salzburgerland.com\/de\/magazin\/#\/schema\/person\/3d66364225257aad8b700259f8d80a69"},"headline":"Ein altes Gef\u00e4ngnis wird zum Museum","datePublished":"2021-08-09T06:00:00+00:00","dateModified":"2021-08-17T04:41:44+00:00","mainEntityOfPage":{"@id":"https:\/\/www.salzburgerland.com\/de\/magazin\/ploetzhof-in-hof\/"},"wordCount":845,"commentCount":0,"publisher":{"@id":"https:\/\/www.salzburgerland.com\/de\/magazin\/#organization"},"image":{"@id":"https:\/\/www.salzburgerland.com\/de\/magazin\/ploetzhof-in-hof\/#primaryimage"},"thumbnailUrl":"https:\/\/www.salzburgerland.com\/de\/magazin\/wp-content\/uploads\/2021\/07\/Ploetzhof_16cFuschlseeregion-Kolarik-scaled.jpeg","keywords":["Ausflug mit Kindern","fuschlseeregion","Gef\u00e4ngnis","Hof bei Salzburg","Museum"],"articleSection":["Sehensw\u00fcrdig"],"inLanguage":"de","potentialAction":[{"@type":"CommentAction","name":"Comment","target":["https:\/\/www.salzburgerland.com\/de\/magazin\/ploetzhof-in-hof\/#respond"]}]},{"@type":"WebPage","@id":"https:\/\/www.salzburgerland.com\/de\/magazin\/ploetzhof-in-hof\/","url":"https:\/\/www.salzburgerland.com\/de\/magazin\/ploetzhof-in-hof\/","name":"Ein altes Gef\u00e4ngnis wird zum Museum - SalzburgerLand Magazin","isPartOf":{"@id":"https:\/\/www.salzburgerland.com\/de\/magazin\/#website"},"primaryImageOfPage":{"@id":"https:\/\/www.salzburgerland.com\/de\/magazin\/ploetzhof-in-hof\/#primaryimage"},"image":{"@id":"https:\/\/www.salzburgerland.com\/de\/magazin\/ploetzhof-in-hof\/#primaryimage"},"thumbnailUrl":"https:\/\/www.salzburgerland.com\/de\/magazin\/wp-content\/uploads\/2021\/07\/Ploetzhof_16cFuschlseeregion-Kolarik-scaled.jpeg","datePublished":"2021-08-09T06:00:00+00:00","dateModified":"2021-08-17T04:41:44+00:00","description":"Das alte Gef\u00e4ngnis am Baderbach ist eines der \u00e4ltesten Geb\u00e4ude in Hof bei Salzburg und bietet Einblicke in eine l\u00e4ngst vergangene Zeit.","breadcrumb":{"@id":"https:\/\/www.salzburgerland.com\/de\/magazin\/ploetzhof-in-hof\/#breadcrumb"},"inLanguage":"de","potentialAction":[{"@type":"ReadAction","target":["https:\/\/www.salzburgerland.com\/de\/magazin\/ploetzhof-in-hof\/"]}]},{"@type":"ImageObject","inLanguage":"de","@id":"https:\/\/www.salzburgerland.com\/de\/magazin\/ploetzhof-in-hof\/#primaryimage","url":"https:\/\/www.salzburgerland.com\/de\/magazin\/wp-content\/uploads\/2021\/07\/Ploetzhof_16cFuschlseeregion-Kolarik-scaled.jpeg","contentUrl":"https:\/\/www.salzburgerland.com\/de\/magazin\/wp-content\/uploads\/2021\/07\/Ploetzhof_16cFuschlseeregion-Kolarik-scaled.jpeg","width":2560,"height":1707,"caption":"Pl\u00f6tzhof Gef\u00e4ngnis Museum"},{"@type":"BreadcrumbList","@id":"https:\/\/www.salzburgerland.com\/de\/magazin\/ploetzhof-in-hof\/#breadcrumb","itemListElement":[{"@type":"ListItem","position":1,"name":"Startseite","item":"https:\/\/www.salzburgerland.com\/de\/magazin\/"},{"@type":"ListItem","position":2,"name":"Sehensw\u00fcrdig","item":"https:\/\/www.salzburgerland.com\/de\/magazin\/thema\/sehenswurdig\/"},{"@type":"ListItem","position":3,"name":"Ein altes Gef\u00e4ngnis wird zum Museum"}]},{"@type":"WebSite","@id":"https:\/\/www.salzburgerland.com\/de\/magazin\/#website","url":"https:\/\/www.salzburgerland.com\/de\/magazin\/","name":"SalzburgerLand Magazin","description":"Geschichten und Interessantes aus dem SalzburgerLand","publisher":{"@id":"https:\/\/www.salzburgerland.com\/de\/magazin\/#organization"},"potentialAction":[{"@type":"SearchAction","target":{"@type":"EntryPoint","urlTemplate":"https:\/\/www.salzburgerland.com\/de\/magazin\/?s={search_term_string}"},"query-input":{"@type":"PropertyValueSpecification","valueRequired":true,"valueName":"search_term_string"}}],"inLanguage":"de"},{"@type":"Organization","@id":"https:\/\/www.salzburgerland.com\/de\/magazin\/#organization","name":"SalzburgerLand Tourismus","url":"https:\/\/www.salzburgerland.com\/de\/magazin\/","logo":{"@type":"ImageObject","inLanguage":"de","@id":"https:\/\/www.salzburgerland.com\/de\/magazin\/#\/schema\/logo\/image\/","url":"https:\/\/www.salzburgerland.com\/de\/magazin\/wp-content\/uploads\/2019\/06\/salzburgerland-logo1.jpg","contentUrl":"https:\/\/www.salzburgerland.com\/de\/magazin\/wp-content\/uploads\/2019\/06\/salzburgerland-logo1.jpg","width":2011,"height":866,"caption":"SalzburgerLand Tourismus"},"image":{"@id":"https:\/\/www.salzburgerland.com\/de\/magazin\/#\/schema\/logo\/image\/"},"sameAs":["https:\/\/www.facebook.com\/salzburgerland\/","https:\/\/x.com\/Salzburgerland","https:\/\/www.instagram.com\/salzburgerland\/","https:\/\/at.linkedin.com\/company\/salzburgerland-tourismus-gmbh","https:\/\/www.pinterest.at\/salzburgerland\/","https:\/\/www.youtube.com\/user\/salzburgerland","https:\/\/de.wikipedia.org\/wiki\/SalzburgerLand_Tourismus_GmbH"]},{"@type":"Person","@id":"https:\/\/www.salzburgerland.com\/de\/magazin\/#\/schema\/person\/3d66364225257aad8b700259f8d80a69","name":"Melanie Deisl","description":"Ihre Liebe zum Reisen teilt Melanie genauso gerne, wie ihre Liebe zum SalzburgerLand. Die geb\u00fcrtige Faistenauerin ist in Koppl aufgewachsen und in der Fuschlseeregion zuhause. Und die kennt sie auch wie ihre Westentasche. Ihre erste, noch sehr analoge, Tourismuserfahrung konnte sie bereits w\u00e4hrend der Schulzeit beim SalzburgerLand Tourismus (SLTG) und sp\u00e4ter beim TVB Fuschl am See sammeln. Beruflich ist sie seit ihrem Studium der Kommunikationswissenschaften im Bereich SEO, Text &amp; Content Marketing zuhause. Was dazu f\u00fchrte, dass sie sich ans Reisebloggen wagte. Schnell wurde aus reinem Interesse, pure Passion. Dem Ausflug in ferne L\u00e4nder folgte eine Revision der Qualit\u00e4ten der eigenen Heimat als Urlaubsziel. Und diese fiel mehr als positiv aus. Die Liebe zu Ihrer Heimat ist ihr in die Wiege gelegt, und wie sie sagt, wird diese auch immer st\u00e4rker. Na, sie muss es ja wissen. Immerhin bietet sie auf \"urlaubsgeschichten.at\" Inspiration f\u00fcr Reisen in ferne L\u00e4nder und gibt Insidertipps f\u00fcr \u00d6sterreich-Liebhaber. Ihr ist es ein pers\u00f6nliches Anliegen zu zeigen, dass man auch auf kurzen Reisen einzigartige Erfahrungen sammeln kann. Da z\u00e4hlt das SalzburgerLand nat\u00fcrlich zu ihren TOP-Favoriten. Ihre Reisen verbindet Sie selbst am liebsten mit Wandern, Skifahren und Genuss. Vor allem regionale Produkte aus der Heimat haben es der bodenst\u00e4ndigen Salzburgerin angetan.\u00a0In der Freizeit zieht es Melanie, wie soll es anders sein, hinaus. Mal auf den Berg, mal an den See, mal in die Stadt Salzburg. Aber nie ohne Kamera und Notizbuch. Es k\u00f6nnte ja eine gute Urlaubsgeschichte dabei sein ... Mein pers\u00f6nlicher Logenplatz im SalzburgerLand Eine Runde um den Hintersee. Das geht immer und macht den Kopf frei. Bei einer Runde um den See kann ich mich gut entspannen. Aber ich drehe auch gerne mal eine gem\u00fctliche \"Tratschrunde\" mit einer Freundin um den sch\u00f6nen See. Salzburger Nockerl oder Schwarzbeernocken? Die Wahl f\u00e4llt mir sehr leicht. Ich liebe \"Zeckbeerdatscherln\", wie man bei uns zu den Schwarzbeernocken sagt. Nat\u00fcrlich mit selbstgepfl\u00fcckten Schwarzbeeren zubereitet und sch\u00f6n dunkelblau. Mozart oder Hubert von Goisern? Beides. Ich mag Musik in fast jeder Form. Ich spiele selbst Gitarre und singe sehr gerne - das f\u00e4llt mir bei Hubert von Goisern, Austropop und Rockmusik leichter ;-) aber ich hab auch f\u00fcr Mozart und klassische Musik was \u00fcbrig. Ich bin musikalisch \u00fcberhaupt sehr aufgeschlossen und vor allem immer interessiert Neues zu entdecken. Musik, die mir gef\u00e4llt eben. Luxushotel oder Almh\u00fctte? Mal dies mal das. Zu einem Wellness-Wochenende im Luxushotel braucht man mich nicht lange \u00fcberreden, das versteht sich von selbst. Zu einem Urlaub auf der Alm aber auch nicht. Ich wei\u00df jedoch, dass man das hervorragend miteinander verbinden kann. Die Antwort lautet also: beides! Ausstellung oder Bergpanorama? Ich muss gestehen, ich bin eher erlebnisorientiert, deshalb entscheide ich mich immer f\u00fcr das Bergpanorama. Morgen- oder Abendmensch? Ich war schon immer ein Fr\u00fchaufsteher und bin schon vor dem ersten Kaffee hellwach, diskussionsfreudig und sehr produktiv. Ich erlebe aber in meiner Tageskurve das typische Nachmittagstief, daher w\u00e4re ich voll f\u00fcr die Einf\u00fchrung der \"Siesta\". Daf\u00fcr bin ich in aber in den Abendstunden auch wieder hellwach und voller Energie.","sameAs":["https:\/\/urlaubsgeschichten.at","https:\/\/www.facebook.com\/urlaubsgeschichten\/","https:\/\/www.instagram.com\/urlaubsgeschichten\/","https:\/\/www.linkedin.com\/in\/urlaubsgeschichten\/","https:\/\/www.pinterest.at\/mytravelstories\/"],"url":"https:\/\/www.salzburgerland.com\/de\/magazin\/author\/melanie_deisl\/"}]}},"_wl_alt_label":[],"wl:entity_url":"http:\/\/open.salzburgerland.com\/magazin\/post\/ploetzhof_in_hof__gefaengnis_museum","_links":{"self":[{"href":"https:\/\/www.salzburgerland.com\/de\/magazin\/wp-json\/wp\/v2\/posts\/156175","targetHints":{"allow":["GET"]}}],"collection":[{"href":"https:\/\/www.salzburgerland.com\/de\/magazin\/wp-json\/wp\/v2\/posts"}],"about":[{"href":"https:\/\/www.salzburgerland.com\/de\/magazin\/wp-json\/wp\/v2\/types\/post"}],"author":[{"embeddable":true,"href":"https:\/\/www.salzburgerland.com\/de\/magazin\/wp-json\/wp\/v2\/users\/565"}],"replies":[{"embeddable":true,"href":"https:\/\/www.salzburgerland.com\/de\/magazin\/wp-json\/wp\/v2\/comments?post=156175"}],"version-history":[{"count":5,"href":"https:\/\/www.salzburgerland.com\/de\/magazin\/wp-json\/wp\/v2\/posts\/156175\/revisions"}],"predecessor-version":[{"id":156942,"href":"https:\/\/www.salzburgerland.com\/de\/magazin\/wp-json\/wp\/v2\/posts\/156175\/revisions\/156942"}],"wp:featuredmedia":[{"embeddable":true,"href":"https:\/\/www.salzburgerland.com\/de\/magazin\/wp-json\/wp\/v2\/media\/156181"}],"wp:attachment":[{"href":"https:\/\/www.salzburgerland.com\/de\/magazin\/wp-json\/wp\/v2\/media?parent=156175"}],"wp:term":[{"taxonomy":"category","embeddable":true,"href":"https:\/\/www.salzburgerland.com\/de\/magazin\/wp-json\/wp\/v2\/categories?post=156175"},{"taxonomy":"post_tag","embeddable":true,"href":"https:\/\/www.salzburgerland.com\/de\/magazin\/wp-json\/wp\/v2\/tags?post=156175"},{"taxonomy":"wl_entity_type","embeddable":true,"href":"https:\/\/www.salzburgerland.com\/de\/magazin\/wp-json\/wp\/v2\/wl_entity_type?post=156175"},{"taxonomy":"monatsauswahl","embeddable":true,"href":"https:\/\/www.salzburgerland.com\/de\/magazin\/wp-json\/wp\/v2\/monatsauswahl?post=156175"}],"curies":[{"name":"wp","href":"https:\/\/api.w.org\/{rel}","templated":true}]}}