{"id":155554,"date":"2021-07-15T08:00:00","date_gmt":"2021-07-15T06:00:00","guid":{"rendered":"https:\/\/www.salzburgerland.com\/de\/magazin\/?p=155554"},"modified":"2021-07-12T11:30:12","modified_gmt":"2021-07-12T09:30:12","slug":"genuss-reise-durch-die-alpine-kulinarik-im-salzburgerland","status":"publish","type":"post","link":"https:\/\/www.salzburgerland.com\/de\/magazin\/genuss-reise-durch-die-alpine-kulinarik-im-salzburgerland\/","title":{"rendered":"Genuss-Reise durch die Alpine Kulinarik im SalzburgerLand"},"content":{"rendered":"\n<div class=\"wp-block-slt-top topBlocks\">\n<h2 class=\"wp-block-slt-subtitle\">Ouvert\u00fcre zu den Festspielen der Alpinen K\u00fcche<\/h2>\n\n\n\n<p class=\"wp-block-slt-intro\">Herrliche Seen und Almen, abwechslungsreiche Wanderwege und Mountainbike-Trails, vielf\u00e4ltige Kultur-Events von den Salzburger Festspielen bis zum Jazzherbst Saalfelden \u2013 das SalzburgerLand ist reich an einzigartigen Urlaubs-Highlights f\u00fcr Jung und Alt. Genuss pur versprechen die regionalen Schmankerln, die von den vielen ausgezeichneten K\u00f6chen im SalzburgerLand kredenzt werden.<\/p>\n<\/div>\n\n\n\n<p>Eine besondere kulinarische Reise durch die Alpen erlebten die Besucher am 25. Juni 2021 auf der <a href=\"http:\/\/www.areitlounge.at\/\" target=\"_blank\" rel=\"noreferrer noopener\">AreitLounge in Zell am See-Kaprun<\/a>: Die f\u00fcnf Top-K\u00f6che Emanuel Weyringer, Erwin Werlberger, Julian Scharfetter, Robert Rex und \u201eHausherr\u201c Raimund Knautz begeisterten mit ihren kreativen Interpretationen der Alpinen K\u00fcche.<\/p>\n\n\n\n<p>Vom Brot bis zur Milch vom Gem\u00fcse bis zum Fleisch: Neben den K\u00f6chen standen an diesem Abend auch die regionalen Produzenten und Genusshandwerker im Rampenlicht. F\u00fcnf \u201eGenuss-Teams\u201c zelebrierten die geschmackliche Vielfalt des Alpenraums sowie der f\u00fcnf Gaue des SalzburgerLandes und zeigten, welch besonderes kulinarisches Potenzial im SalzburgerLand steckt. Zudem pr\u00e4sentierte die Region Zell am See-Kaprun bei der Ouvert\u00fcre zu den &#8222;Festspielen der Alpinen K\u00fcche&#8220; das neue Genuss-Angebot der Genusswege Gletscher, Berg und See.<\/p>\n\n\n\n<figure class=\"wp-block-image size-large\"><img loading=\"lazy\" decoding=\"async\" width=\"2000\" height=\"1333\" src=\"https:\/\/www.salzburgerland.com\/de\/magazin\/wp-content\/uploads\/2021\/06\/RS4252_Alpine-Ku\u0308che-ZASK-4-lpr.jpg\" alt=\"Alpine K\u00fcche: Event AreitLounge, Zell am See\" class=\"wp-image-155565\" srcset=\"https:\/\/www.salzburgerland.com\/de\/magazin\/wp-content\/uploads\/2021\/06\/RS4252_Alpine-Ku\u0308che-ZASK-4-lpr.jpg 2000w, https:\/\/www.salzburgerland.com\/de\/magazin\/wp-content\/uploads\/2021\/06\/RS4252_Alpine-Ku\u0308che-ZASK-4-lpr-300x200.jpg 300w, https:\/\/www.salzburgerland.com\/de\/magazin\/wp-content\/uploads\/2021\/06\/RS4252_Alpine-Ku\u0308che-ZASK-4-lpr-1536x1024.jpg 1536w, https:\/\/www.salzburgerland.com\/de\/magazin\/wp-content\/uploads\/2021\/06\/RS4252_Alpine-Ku\u0308che-ZASK-4-lpr-825x550.jpg 825w, https:\/\/www.salzburgerland.com\/de\/magazin\/wp-content\/uploads\/2021\/06\/RS4252_Alpine-Ku\u0308che-ZASK-4-lpr-600x400.jpg 600w, https:\/\/www.salzburgerland.com\/de\/magazin\/wp-content\/uploads\/2021\/06\/RS4252_Alpine-Ku\u0308che-ZASK-4-lpr-1320x880.jpg 1320w, https:\/\/www.salzburgerland.com\/de\/magazin\/wp-content\/uploads\/2021\/06\/RS4252_Alpine-Ku\u0308che-ZASK-4-lpr-150x100.jpg 150w\" sizes=\"auto, (max-width: 2000px) 100vw, 2000px\" \/><figcaption>Eine kulinarische Reise durch die Alpen auf der AreitLounge in Zell am See-Kaprun. Bild v.l.: Leo Bauernberger (SalzburgerLand Tourismus), Peter L\u00f6cker (Biohof Sauschneider), Landesb\u00e4uerin Claudia Entleitner, Nikolaus Lienbacher (Landwirtschaftskammer Salzburg)<\/figcaption><\/figure>\n\n\n\n<h2 class=\"wp-block-heading\" id=\"h-station-1-koch-raimund-knautz-mit-metzger-alois-schultes\">Station 1: Koch Raimund Knautz mit Metzger Alois Schultes<\/h2>\n\n\n\n<p>Er ist der Hausherr und Local Hero in der <a href=\"http:\/\/www.areitalm.at\/html\/deutsch\/kulinarik.html\" target=\"_blank\" rel=\"noreferrer noopener\">AreitAlm<\/a> auf der Schmittenh\u00f6he und lebt in seiner K\u00fcche die Alpine K\u00fcche in vollen Z\u00fcgen aus. Auch die Zusammenarbeit mit den regionalen Produzenten, wie Metzgerei Schultes, Pinzgau Milch oder der Frischk\u00e4seproduzentin Manuela Ellmauer ist f\u00fcr den geb\u00fcrtigen Nieder\u00f6sterreicher essenziell f\u00fcr seine kulinarische Handschrift, mit der er und sein K\u00fcchenteam im Sommer als auch im Winter die G\u00e4ste verw\u00f6hnen. Sein kongenialer Partner f\u00fcr diesen Abend war der <a href=\"https:\/\/www.metzgerei-schultes.at\/\" target=\"_blank\" rel=\"noreferrer noopener\">Pinzgauer Metzgermeister Alois Schultes aus Zell am See<\/a>, der mit seinem vielf\u00e4ltigen Fleischsortiment und seinem Qualit\u00e4tsverst\u00e4ndnis der ideale Lieferant f\u00fcr Raimund Knautz ist. Schultes bekennt sich zur Regionalit\u00e4t, Qualit\u00e4t, artgerechter Haltung und dem Tierwohl \u2013 darum d\u00fcrfen seine Produkte auch das <a href=\"https:\/\/www.garantiert-regional.at\/betrieb\/schultes-gmbh\/\" target=\"_blank\" rel=\"noreferrer noopener\">SalzburgerLand Herkunfts-Zertifikat<\/a> tragen. Die Kombination aus hochwertiger, regionaler Fleischqualit\u00e4t, Saisonalit\u00e4t, innovativen Genuss-Ideen und ehrlichem Handwerk ist die Erfolgsformel von Chefkoch Raimund Knautz, die er auch an diesem Abend mit seinen zwei Gerichten in der Kombination echter Klassiker wie Bauernkrapfen, Granggn, Wildfleisch und Eachtling perfekt auf den Punkt gebracht hat.<\/p>\n\n\n\n<figure class=\"wp-block-image size-large\"><img loading=\"lazy\" decoding=\"async\" width=\"2560\" height=\"1440\" src=\"https:\/\/www.salzburgerland.com\/de\/magazin\/wp-content\/uploads\/2021\/06\/20210624_KULINARIK-EVENT_SLT-14-scaled.jpg\" alt=\"Alpine K\u00fcche: Event AreitLounge, Zell am See\" class=\"wp-image-155560\" srcset=\"https:\/\/www.salzburgerland.com\/de\/magazin\/wp-content\/uploads\/2021\/06\/20210624_KULINARIK-EVENT_SLT-14-scaled.jpg 2560w, https:\/\/www.salzburgerland.com\/de\/magazin\/wp-content\/uploads\/2021\/06\/20210624_KULINARIK-EVENT_SLT-14-300x169.jpg 300w, https:\/\/www.salzburgerland.com\/de\/magazin\/wp-content\/uploads\/2021\/06\/20210624_KULINARIK-EVENT_SLT-14-1536x864.jpg 1536w, https:\/\/www.salzburgerland.com\/de\/magazin\/wp-content\/uploads\/2021\/06\/20210624_KULINARIK-EVENT_SLT-14-2048x1152.jpg 2048w, https:\/\/www.salzburgerland.com\/de\/magazin\/wp-content\/uploads\/2021\/06\/20210624_KULINARIK-EVENT_SLT-14-978x550.jpg 978w, https:\/\/www.salzburgerland.com\/de\/magazin\/wp-content\/uploads\/2021\/06\/20210624_KULINARIK-EVENT_SLT-14-711x400.jpg 711w, https:\/\/www.salzburgerland.com\/de\/magazin\/wp-content\/uploads\/2021\/06\/20210624_KULINARIK-EVENT_SLT-14-560x316.jpg 560w, https:\/\/www.salzburgerland.com\/de\/magazin\/wp-content\/uploads\/2021\/06\/20210624_KULINARIK-EVENT_SLT-14-250x140.jpg 250w, https:\/\/www.salzburgerland.com\/de\/magazin\/wp-content\/uploads\/2021\/06\/20210624_KULINARIK-EVENT_SLT-14-1320x743.jpg 1320w, https:\/\/www.salzburgerland.com\/de\/magazin\/wp-content\/uploads\/2021\/06\/20210624_KULINARIK-EVENT_SLT-14-150x84.jpg 150w, https:\/\/www.salzburgerland.com\/de\/magazin\/wp-content\/uploads\/2021\/06\/20210624_KULINARIK-EVENT_SLT-14-1200x675.jpg 1200w\" sizes=\"auto, (max-width: 2560px) 100vw, 2560px\" \/><\/figure>\n\n\n\n<p><strong>Raimund Knautz (AreitLounge, Zell am See) mit Alois Schultes (Metzger, Zell am See)<\/strong><\/p>\n\n\n\n<ol class=\"wp-block-list\"><li>Teller: Pinzgauer Bauernkrapfen mit Granggn oder Sauerkraut<\/li><li>Teller: In Zirbe und Heu geschmortes Reh mit Bergkr\u00e4utern von der Schmitten und Lungauer Eachtling-P\u00fcree<\/li><\/ol>\n\n\n\n<h2 class=\"wp-block-heading\" id=\"h-station-2-koch-erwin-werlberger-mit-matthias-zehentner-von-tauernlamm\">Station 2: Koch Erwin Werlberger mit Matthias Zehentner von Tauernlamm<\/h2>\n\n\n\n<p>Wer schon einmal Gast im <a href=\"https:\/\/www.winterstellgut.at\/de\/\" target=\"_blank\" rel=\"noreferrer noopener\">Winterstelltgut<\/a> war, der wei\u00df, wie Erwin Werlberger kulinarisch tickt. Sein Handwerk gelernt und verfeinert hat er unter anderem bei den legend\u00e4ren K\u00f6chen Hans Haas im Restaurant Tantris und Roland Trettl im Restaurant Ikarus, bevor es ihn nach Annaberg verschlug. Mit seiner heimatverbundenen K\u00fcche, mit Fokus auf regionale und saisonale Produkte, hat er sich nicht nur 3 Hauben im Gault Milleau erkocht, sondern viele nachhaltige Partnerschaften mit Direktvermarktern und Genuss-Handwerkern aus dem SalzburgerLand begr\u00fcndet. So ist zum Beispiel Matthias Zehetner von <a href=\"https:\/\/www.tauernlamm.at\/\" target=\"_blank\" rel=\"noreferrer noopener\">Tauernlamm<\/a> ein langer Wegbegleiter von Erwin Werlberger, der die hochwertigen Produkte von Tauernlamm immer gern in seine Gerichte integriert. Wie bei seinem ersten Teller, den Schottkas-Pofesen mit Hirschrohschicken vom Tauernlamm und der selbstgemachten Vogelbeer-Creme. Es ist das gegenseitige Vertrauen, das diese Partnerschaft wachsen lie\u00df. Das Vertrauen, dass die Produkte immer in Topqualit\u00e4t angeliefert werden und gleichzeitig, dass die regionalen Lebensmittel in der K\u00fcche mit Respekt vor dem Tier und der Arbeit bis zum verarbeiteten Produkt zu herrlichen Gerichten veredelt werden.<\/p>\n\n\n\n<figure class=\"wp-block-image size-large\"><img loading=\"lazy\" decoding=\"async\" width=\"2560\" height=\"1440\" src=\"https:\/\/www.salzburgerland.com\/de\/magazin\/wp-content\/uploads\/2021\/06\/20210624_KULINARIK-EVENT_SLT-13-scaled.jpg\" alt=\"Alpine K\u00fcche: Event AreitLounge, Zell am See\" class=\"wp-image-155559\" srcset=\"https:\/\/www.salzburgerland.com\/de\/magazin\/wp-content\/uploads\/2021\/06\/20210624_KULINARIK-EVENT_SLT-13-scaled.jpg 2560w, https:\/\/www.salzburgerland.com\/de\/magazin\/wp-content\/uploads\/2021\/06\/20210624_KULINARIK-EVENT_SLT-13-300x169.jpg 300w, https:\/\/www.salzburgerland.com\/de\/magazin\/wp-content\/uploads\/2021\/06\/20210624_KULINARIK-EVENT_SLT-13-1536x864.jpg 1536w, https:\/\/www.salzburgerland.com\/de\/magazin\/wp-content\/uploads\/2021\/06\/20210624_KULINARIK-EVENT_SLT-13-2048x1152.jpg 2048w, https:\/\/www.salzburgerland.com\/de\/magazin\/wp-content\/uploads\/2021\/06\/20210624_KULINARIK-EVENT_SLT-13-978x550.jpg 978w, https:\/\/www.salzburgerland.com\/de\/magazin\/wp-content\/uploads\/2021\/06\/20210624_KULINARIK-EVENT_SLT-13-711x400.jpg 711w, https:\/\/www.salzburgerland.com\/de\/magazin\/wp-content\/uploads\/2021\/06\/20210624_KULINARIK-EVENT_SLT-13-560x316.jpg 560w, https:\/\/www.salzburgerland.com\/de\/magazin\/wp-content\/uploads\/2021\/06\/20210624_KULINARIK-EVENT_SLT-13-250x140.jpg 250w, https:\/\/www.salzburgerland.com\/de\/magazin\/wp-content\/uploads\/2021\/06\/20210624_KULINARIK-EVENT_SLT-13-1320x743.jpg 1320w, https:\/\/www.salzburgerland.com\/de\/magazin\/wp-content\/uploads\/2021\/06\/20210624_KULINARIK-EVENT_SLT-13-150x84.jpg 150w, https:\/\/www.salzburgerland.com\/de\/magazin\/wp-content\/uploads\/2021\/06\/20210624_KULINARIK-EVENT_SLT-13-1200x675.jpg 1200w\" sizes=\"auto, (max-width: 2560px) 100vw, 2560px\" \/><\/figure>\n\n\n\n<p><strong>Erwin Werlberger (Winterstellgut, Annaberg) mit Matthias Zehentner (Tauernlamm, Pinzgau)<\/strong><\/p>\n\n\n\n<ol class=\"wp-block-list\"><li>Teller: Schottkas-Pofesen mit Hirschrohschinken und Vogelbeer-Creme<\/li><li>Teller: Das Beste von der Schwarzbeere mit Bauern-Br\u00f6seltopfen von der Biok\u00e4serei P\u00f6tzelsberger aus Adnet<\/li><\/ol>\n\n\n\n<h2 class=\"wp-block-heading\" id=\"h-station-3-koch-emanuel-weyringer-mit-fischer-christian-kapeller\">Station 3: Koch Emanuel Weyringer mit Fischer Christian Kapeller<\/h2>\n\n\n\n<p>Die Genuss-Helden vom Wallersee zelebrieren auf der Schmittenh\u00f6he ihre langj\u00e4hrige Partnerschaft. Als Fischer kennt <a href=\"https:\/\/www.bootsverleih.at\/fischerei\/\" target=\"_blank\" rel=\"noreferrer noopener\">Christian Kapeller<\/a> jedes Eck des Wallersees und wei\u00df ganz genau, wann und wo er f\u00fcndig wird \u2013 um die beste Fischqualit\u00e4t nicht nur in seinem &#8222;Frisch Fisch Ladl&#8220; zu verkaufen, sondern auch zentrales Element f\u00fcr <a href=\"https:\/\/www.weyringer-wallersee.at\/\" target=\"_blank\" rel=\"noreferrer noopener\">Emanuel Weyringers Haubenk\u00fcche<\/a> zu sein, wie bei seinem Gericht &#8222;Seesaibling vom Wallersee mit pikanter Paprikamilch&#8220;. Er, der Koch mit den bunten Kochhosen, ist nach kulinarischen Wanderjahren, zahlreichen Auszeichnungen und 3 Sternen f\u00fcr sein Restaurant an der Amalfik\u00fcste in Italien heimgekommen ins SalzburgerLand und bringt seine vielen Eindr\u00fccke in seinem Restaurant auf die Teller. Asiatische Einfl\u00fcsse, garniert mit franz\u00f6sisch-mediterranem Flair und doch immer die Regionalit\u00e4t als roter Faden. Die Men\u00fcs von Emanuel Weyringer spannen den Bogen \u00fcber die ganze Welt und treffen sich direkt am Wallersee zu einem kulinarischen Hochgenuss. &#8222;Ged\u00e4mpfte Eierschwammerl in hausgemachter Reisteig-Nudel mit Brennnessel-Sud und Erdbeerkaviar \u2026 treffender kann er die eigene Kochphilosophie wohl nicht auf den Teller bringen.<\/p>\n\n\n\n<figure class=\"wp-block-image size-large\"><img loading=\"lazy\" decoding=\"async\" width=\"2560\" height=\"1440\" src=\"https:\/\/www.salzburgerland.com\/de\/magazin\/wp-content\/uploads\/2021\/06\/20210624_KULINARIK-EVENT_SLT-11-scaled.jpg\" alt=\"Alpine K\u00fcche: Event AreitLounge, Zell am See\" class=\"wp-image-155558\" srcset=\"https:\/\/www.salzburgerland.com\/de\/magazin\/wp-content\/uploads\/2021\/06\/20210624_KULINARIK-EVENT_SLT-11-scaled.jpg 2560w, https:\/\/www.salzburgerland.com\/de\/magazin\/wp-content\/uploads\/2021\/06\/20210624_KULINARIK-EVENT_SLT-11-300x169.jpg 300w, https:\/\/www.salzburgerland.com\/de\/magazin\/wp-content\/uploads\/2021\/06\/20210624_KULINARIK-EVENT_SLT-11-1536x864.jpg 1536w, https:\/\/www.salzburgerland.com\/de\/magazin\/wp-content\/uploads\/2021\/06\/20210624_KULINARIK-EVENT_SLT-11-2048x1152.jpg 2048w, https:\/\/www.salzburgerland.com\/de\/magazin\/wp-content\/uploads\/2021\/06\/20210624_KULINARIK-EVENT_SLT-11-978x550.jpg 978w, https:\/\/www.salzburgerland.com\/de\/magazin\/wp-content\/uploads\/2021\/06\/20210624_KULINARIK-EVENT_SLT-11-711x400.jpg 711w, https:\/\/www.salzburgerland.com\/de\/magazin\/wp-content\/uploads\/2021\/06\/20210624_KULINARIK-EVENT_SLT-11-560x316.jpg 560w, https:\/\/www.salzburgerland.com\/de\/magazin\/wp-content\/uploads\/2021\/06\/20210624_KULINARIK-EVENT_SLT-11-250x140.jpg 250w, https:\/\/www.salzburgerland.com\/de\/magazin\/wp-content\/uploads\/2021\/06\/20210624_KULINARIK-EVENT_SLT-11-1320x743.jpg 1320w, https:\/\/www.salzburgerland.com\/de\/magazin\/wp-content\/uploads\/2021\/06\/20210624_KULINARIK-EVENT_SLT-11-150x84.jpg 150w, https:\/\/www.salzburgerland.com\/de\/magazin\/wp-content\/uploads\/2021\/06\/20210624_KULINARIK-EVENT_SLT-11-1200x675.jpg 1200w\" sizes=\"auto, (max-width: 2560px) 100vw, 2560px\" \/><\/figure>\n\n\n\n<p><strong>Emanuel Weyringer (Restaurant Weyringer, Henndorf) mit Christian Kapeller (Fischer vom Wallersee, Seekirchen)<\/strong><\/p>\n\n\n\n<ol class=\"wp-block-list\"><li>Teller: Ged\u00e4mpfte Eierschwammerl in hausgemachter Reisteig-Nudel mit Brennnessel-Sud und Erdbeerkaviar<\/li><li>Teller: Seesaibling vom Wallersee mit pikanter Paprikamilch<\/li><\/ol>\n\n\n\n<h2 class=\"wp-block-heading\" id=\"h-station-4-koch-julian-scharfetter-kr-uter-expertin-heidi-huber\">Station 4: Koch Julian Scharfetter &amp; Kr\u00e4uter-Expertin Heidi Huber<\/h2>\n\n\n\n<p>Er ist ein echtes Genuss-Multitalent, einer der nicht nur als Produzent f\u00fcr Topqualit\u00e4t und Regionalit\u00e4t steht, sondern auch als Koch und Gastronom. Julian Scharfetter aus dem Gasteinertal lebt f\u00fcr seine Passion, seine G\u00e4ste gl\u00fccklich zu machen. Im <a href=\"https:\/\/www.weitmoser.at\/\" target=\"_blank\" rel=\"noreferrer noopener\">Weitmoser Schl\u00f6ssl<\/a> treffen sich Tradition und Modernit\u00e4t nicht nur architektonisch, sondern auch kulinarisch. Und er ist immer auf der Suche nach neuen Ideen, die er in seine K\u00fcche einbauen kann. So wurde er auf <a href=\"http:\/\/www.muehlhof.at\/kontakt\/\" target=\"_blank\" rel=\"noreferrer noopener\">Heidi Huber vom Kr\u00e4uterbauernhof M\u00fchlhof <\/a>aufmerksam. Denn es ist f\u00fcr ihn ein Faszinosum, welche wahren Wildkr\u00e4uter-Sch\u00e4tze einfach so auf den Wiesen rund um das Weitmoser Schl\u00f6ssl gedeihen, die er in seine Gerichte integrieren kann. Denn Wildkr\u00e4uter sind weit mehr als ein optischer Aufputz f\u00fcr ein sch\u00f6nes Gericht, sie k\u00f6nnen mit ihrem charaktervollen Geschmack einem Gericht das gewisse Extra verleihen, wie den Graukas- und Frischkas-Teigtascherln, denen der Wildkr\u00e4utersalat und die Kr\u00e4uterespuma den gewissen Twist verleihen. Ob Julian Scharfetter und sein K\u00fcchenteam in der Fr\u00fch dann deswegen oft schon vor der Bio-Rinderherde auf die Weide gehen, um ihre Wildkr\u00e4uter einzusammeln, ist noch nicht \u00fcberliefert \u2026<\/p>\n\n\n\n<figure class=\"wp-block-image size-large\"><img loading=\"lazy\" decoding=\"async\" width=\"2560\" height=\"1440\" src=\"https:\/\/www.salzburgerland.com\/de\/magazin\/wp-content\/uploads\/2021\/06\/20210624_KULINARIK-EVENT_SLT-15-scaled.jpg\" alt=\"Alpine K\u00fcche: Event AreitLounge, Zell am See\" class=\"wp-image-155561\" srcset=\"https:\/\/www.salzburgerland.com\/de\/magazin\/wp-content\/uploads\/2021\/06\/20210624_KULINARIK-EVENT_SLT-15-scaled.jpg 2560w, https:\/\/www.salzburgerland.com\/de\/magazin\/wp-content\/uploads\/2021\/06\/20210624_KULINARIK-EVENT_SLT-15-300x169.jpg 300w, https:\/\/www.salzburgerland.com\/de\/magazin\/wp-content\/uploads\/2021\/06\/20210624_KULINARIK-EVENT_SLT-15-1536x864.jpg 1536w, https:\/\/www.salzburgerland.com\/de\/magazin\/wp-content\/uploads\/2021\/06\/20210624_KULINARIK-EVENT_SLT-15-2048x1152.jpg 2048w, https:\/\/www.salzburgerland.com\/de\/magazin\/wp-content\/uploads\/2021\/06\/20210624_KULINARIK-EVENT_SLT-15-978x550.jpg 978w, https:\/\/www.salzburgerland.com\/de\/magazin\/wp-content\/uploads\/2021\/06\/20210624_KULINARIK-EVENT_SLT-15-711x400.jpg 711w, https:\/\/www.salzburgerland.com\/de\/magazin\/wp-content\/uploads\/2021\/06\/20210624_KULINARIK-EVENT_SLT-15-560x316.jpg 560w, https:\/\/www.salzburgerland.com\/de\/magazin\/wp-content\/uploads\/2021\/06\/20210624_KULINARIK-EVENT_SLT-15-250x140.jpg 250w, https:\/\/www.salzburgerland.com\/de\/magazin\/wp-content\/uploads\/2021\/06\/20210624_KULINARIK-EVENT_SLT-15-1320x743.jpg 1320w, https:\/\/www.salzburgerland.com\/de\/magazin\/wp-content\/uploads\/2021\/06\/20210624_KULINARIK-EVENT_SLT-15-150x84.jpg 150w, https:\/\/www.salzburgerland.com\/de\/magazin\/wp-content\/uploads\/2021\/06\/20210624_KULINARIK-EVENT_SLT-15-1200x675.jpg 1200w\" sizes=\"auto, (max-width: 2560px) 100vw, 2560px\" \/><\/figure>\n\n\n\n<p><strong>Koch Julian Scharfetter (Weitmoser Schl\u00f6ssl, Bad Hofgastein) mit Heidi Huber (Kr\u00e4uterbauernhof M\u00fchlhof, Bad Hofgastein)<\/strong><\/p>\n\n\n\n<ol class=\"wp-block-list\"><li>Teller: Gebackene Kartoffel-Praline mit Br\u00e4t vom Pinzgauer Rind, Kr\u00e4utersalat und Kr\u00e4uterespuma<\/li><li>Teller: Graukas- und Frischkas-Teigtascherl vom Maurachhof, Kr\u00e4utersalat und Kr\u00e4uterespuma<\/li><\/ol>\n\n\n\n<h2 class=\"wp-block-heading\" id=\"h-station-5-koch-robert-rex-mit-rinderbauer-daniel-stoffl\">Station 5: Koch Robert Rex mit Rinderbauer Daniel Stoffl<\/h2>\n\n\n\n<p>Apropos Rinder. Die Geschichte des <a href=\"https:\/\/www.kraftwerk-restaurant.at\/\" target=\"_blank\" rel=\"noreferrer noopener\">Kraftwerk Zell am See<\/a> fu\u00dft auf dem elterlichen Betrieb von Daniel Stoffl. Er selbst zog einst aus, um in der Gastronomie &#8222;erwachsen&#8220; zu werden und kam mit vielen Ideen und noch mehr Leidenschaft f\u00fcr Wein und Genuss wieder heim. Heute ist er nicht nur &#8222;Patron&#8220; des Kraftwerk Restaurant und Winebar, sondern auch Landwirt am Taxenbacher Seywaldlehen Bio-Bauernhofs. Darum ist ihm die Produktqualit\u00e4t, die von K\u00fcchenchef Robert Rex und seinem Team in Restaurant verarbeitet wird, besonders wichtig. Regionalit\u00e4t wird bei ihm gro\u00dfgeschrieben \u2013 und ist mehr als ein Kulinarik-Trend. Er ist nicht nur am Bauernhof aufgewachsen, er will ihn weiter ausbauen, um so viele Produkte wie m\u00f6glich f\u00fcr das eigene Restaurant nachhaltig und in Bio-Qualit\u00e4t produzieren zu k\u00f6nnen. Nachhaltigkeit bedeutet in der K\u00fcche auch, dass nicht nur mit Edelteilen gearbeitet wird \u2013 darum verfolgt Chefkoch Robert Rex auch den &#8222;From Nose to Tail&#8220;-Ansatz und veredelt so viel es geht von jedem Tier. Und so ist es auch logisch, dass er beim Event in der AreitLounge eine Bio-Rinderzunge mit Kren und Schafgarbe als ersten Gang kredenzte. Auf dem zweiten Teller richtete Robert Rex eine vegane Speise an. Geschmorte Karotte mit Ingwer \u2013 herrlich aromatisch und durch die Innovationskraft von Salzburger Direktvermarktern wie dem Dandlhof und dem in Wals geernteten Ingwer auch durch und durch regional.<\/p>\n\n\n\n<figure class=\"wp-block-image size-large\"><img loading=\"lazy\" decoding=\"async\" width=\"2560\" height=\"1440\" src=\"https:\/\/www.salzburgerland.com\/de\/magazin\/wp-content\/uploads\/2021\/06\/20210624_KULINARIK-EVENT_SLT-10-scaled.jpg\" alt=\"Alpine K\u00fcche: Event AreitLounge, Zell am See\" class=\"wp-image-155557\" srcset=\"https:\/\/www.salzburgerland.com\/de\/magazin\/wp-content\/uploads\/2021\/06\/20210624_KULINARIK-EVENT_SLT-10-scaled.jpg 2560w, https:\/\/www.salzburgerland.com\/de\/magazin\/wp-content\/uploads\/2021\/06\/20210624_KULINARIK-EVENT_SLT-10-300x169.jpg 300w, https:\/\/www.salzburgerland.com\/de\/magazin\/wp-content\/uploads\/2021\/06\/20210624_KULINARIK-EVENT_SLT-10-1536x864.jpg 1536w, https:\/\/www.salzburgerland.com\/de\/magazin\/wp-content\/uploads\/2021\/06\/20210624_KULINARIK-EVENT_SLT-10-2048x1152.jpg 2048w, https:\/\/www.salzburgerland.com\/de\/magazin\/wp-content\/uploads\/2021\/06\/20210624_KULINARIK-EVENT_SLT-10-978x550.jpg 978w, https:\/\/www.salzburgerland.com\/de\/magazin\/wp-content\/uploads\/2021\/06\/20210624_KULINARIK-EVENT_SLT-10-711x400.jpg 711w, https:\/\/www.salzburgerland.com\/de\/magazin\/wp-content\/uploads\/2021\/06\/20210624_KULINARIK-EVENT_SLT-10-560x316.jpg 560w, https:\/\/www.salzburgerland.com\/de\/magazin\/wp-content\/uploads\/2021\/06\/20210624_KULINARIK-EVENT_SLT-10-250x140.jpg 250w, https:\/\/www.salzburgerland.com\/de\/magazin\/wp-content\/uploads\/2021\/06\/20210624_KULINARIK-EVENT_SLT-10-1320x743.jpg 1320w, https:\/\/www.salzburgerland.com\/de\/magazin\/wp-content\/uploads\/2021\/06\/20210624_KULINARIK-EVENT_SLT-10-150x84.jpg 150w, https:\/\/www.salzburgerland.com\/de\/magazin\/wp-content\/uploads\/2021\/06\/20210624_KULINARIK-EVENT_SLT-10-1200x675.jpg 1200w\" sizes=\"auto, (max-width: 2560px) 100vw, 2560px\" \/><\/figure>\n\n\n\n<p><strong>Robert Rex (Kraftwerk, Zell am See) mit Daniel Stoffl (Bio-Rinderbauer, Zell am See)<\/strong><\/p>\n\n\n\n<ol class=\"wp-block-list\"><li>Teller: Bio-Rinderzunge, Kren und Schafgarbe<\/li><li>Teller: In Lein\u00f6l von der Salzburger \u00d6lm\u00fchle geschmorte Karotten und Salzburger Ingwer vom Dandlhof aus Wals<\/li><\/ol>\n\n\n\n<h3 class=\"wp-block-heading\" id=\"h-alpine-kulinarik-im-salzburgerland\">Alpine Kulinarik im SalzburgerLand<\/h3>\n\n\n\n<p>Der <a href=\"https:\/\/www.salzburgerland.com\/de\/alpine-kueche\/\" target=\"_blank\" rel=\"noreferrer noopener\">Alpinen Kulinarik<\/a> begegnet man im SalzburgerLand auf Schritt und Tritt. Sie ist eine R\u00fcckbesinnung auf das Echte und Gute und l\u00e4sst dabei viel Spielraum f\u00fcr neue Ideen. Wer sie entdecken und verkosten m\u00f6chte, der ist an den Genussadressen der \u201e<a href=\"https:\/\/www.salzburgerland.com\/de\/zehn-genusswege-im-ueberblick\/\" target=\"_blank\" rel=\"noreferrer noopener\">Via Culinaria<\/a>\u201c goldrichtig.<\/p>\n\n\n\n<p><\/p>\n","protected":false},"excerpt":{"rendered":"<p>Eine besondere kulinarische Reise durch die Alpen erlebten die Besucher am 25. Juni 2021 auf der AreitLounge in Zell am See-Kaprun: Die f\u00fcnf Top-K\u00f6che Emanuel Weyringer, Erwin Werlberger, Julian Scharfetter, Robert Rex und \u201eHausherr\u201c Raimund Knautz begeisterten mit ihren kreativen Interpretationen der Alpinen K\u00fcche. Vom Brot bis zur Milch vom Gem\u00fcse bis zum Fleisch: Neben [&hellip;]<\/p>\n","protected":false},"author":544,"featured_media":155566,"comment_status":"open","ping_status":"closed","sticky":false,"template":"","format":"standard","meta":{"_acf_changed":false,"wl_entities_gutenberg":"","_wl_entity_redirect_enabled":"","footnotes":""},"categories":[3],"tags":[],"wl_entity_type":[306],"monatsauswahl":[82,83,84,85,86,87,88,89,90,91,92,93],"class_list":["post-155554","post","type-post","status-publish","format-standard","has-post-thumbnail","hentry","category-essen-trinken","wl_entity_type-article","monatsauswahl-monat_1","monatsauswahl-monat_2","monatsauswahl-monat_3","monatsauswahl-monat_4","monatsauswahl-monat_5","monatsauswahl-monat_6","monatsauswahl-monat_7","monatsauswahl-monat_8","monatsauswahl-monat_9","monatsauswahl-monat_10","monatsauswahl-monat_11","monatsauswahl-monat_12"],"acf":[],"yoast_head":"<!-- This site is optimized with the Yoast SEO Premium plugin v27.4 (Yoast SEO v27.4) - https:\/\/yoast.com\/product\/yoast-seo-premium-wordpress\/ -->\n<title>Genuss-Reise durch die Alpine Kulinarik im SalzburgerLand - SalzburgerLand Magazin<\/title>\n<meta name=\"robots\" content=\"index, follow, max-snippet:-1, max-image-preview:large, max-video-preview:-1\" \/>\n<link rel=\"canonical\" href=\"https:\/\/www.salzburgerland.com\/de\/magazin\/genuss-reise-durch-die-alpine-kulinarik-im-salzburgerland\/\" \/>\n<meta property=\"og:locale\" content=\"de_DE\" \/>\n<meta property=\"og:type\" content=\"article\" \/>\n<meta property=\"og:title\" content=\"Genuss-Reise durch die Alpine Kulinarik im SalzburgerLand\" \/>\n<meta property=\"og:description\" content=\"Eine besondere kulinarische Reise durch die Alpen erlebten die Besucher am 25. Juni 2021 auf der AreitLounge in Zell am See-Kaprun: Die f\u00fcnf Top-K\u00f6che Emanuel Weyringer, Erwin Werlberger, Julian Scharfetter, Robert Rex und \u201eHausherr\u201c Raimund Knautz begeisterten mit ihren kreativen Interpretationen der Alpinen K\u00fcche. Vom Brot bis zur Milch vom Gem\u00fcse bis zum Fleisch: Neben [&hellip;]\" \/>\n<meta property=\"og:url\" content=\"https:\/\/www.salzburgerland.com\/de\/magazin\/genuss-reise-durch-die-alpine-kulinarik-im-salzburgerland\/\" \/>\n<meta property=\"og:site_name\" content=\"SalzburgerLand Magazin\" \/>\n<meta property=\"article:publisher\" content=\"https:\/\/www.facebook.com\/salzburgerland\/\" \/>\n<meta property=\"article:published_time\" content=\"2021-07-15T06:00:00+00:00\" \/>\n<meta property=\"og:image\" content=\"https:\/\/www.salzburgerland.com\/de\/magazin\/wp-content\/uploads\/2021\/06\/RS4253_Alpine-Ku\u0308che-ZASK-5-lpr-e1626080412627.jpg\" \/>\n\t<meta property=\"og:image:width\" content=\"2000\" \/>\n\t<meta property=\"og:image:height\" content=\"980\" \/>\n\t<meta property=\"og:image:type\" content=\"image\/jpeg\" \/>\n<meta name=\"author\" content=\"G\u00fcnter Baumgartner\" \/>\n<meta name=\"twitter:card\" content=\"summary_large_image\" \/>\n<meta name=\"twitter:creator\" content=\"@Salzburgerland\" \/>\n<meta name=\"twitter:site\" content=\"@Salzburgerland\" \/>\n<meta name=\"twitter:label1\" content=\"Verfasst von\" \/>\n\t<meta name=\"twitter:data1\" content=\"G\u00fcnter Baumgartner\" \/>\n\t<meta name=\"twitter:label2\" content=\"Gesch\u00e4tzte Lesezeit\" \/>\n\t<meta name=\"twitter:data2\" content=\"8\u00a0Minuten\" \/>\n<script type=\"application\/ld+json\" class=\"yoast-schema-graph\">{\"@context\":\"https:\\\/\\\/schema.org\",\"@graph\":[{\"@type\":\"Article\",\"@id\":\"https:\\\/\\\/www.salzburgerland.com\\\/de\\\/magazin\\\/genuss-reise-durch-die-alpine-kulinarik-im-salzburgerland\\\/#article\",\"isPartOf\":{\"@id\":\"https:\\\/\\\/www.salzburgerland.com\\\/de\\\/magazin\\\/genuss-reise-durch-die-alpine-kulinarik-im-salzburgerland\\\/\"},\"author\":{\"name\":\"G\u00fcnter Baumgartner\",\"@id\":\"https:\\\/\\\/www.salzburgerland.com\\\/de\\\/magazin\\\/#\\\/schema\\\/person\\\/2e0abbe9392136e19ff0d5c5721aea87\"},\"headline\":\"Genuss-Reise durch die Alpine Kulinarik im SalzburgerLand\",\"datePublished\":\"2021-07-15T06:00:00+00:00\",\"mainEntityOfPage\":{\"@id\":\"https:\\\/\\\/www.salzburgerland.com\\\/de\\\/magazin\\\/genuss-reise-durch-die-alpine-kulinarik-im-salzburgerland\\\/\"},\"wordCount\":1443,\"commentCount\":0,\"publisher\":{\"@id\":\"https:\\\/\\\/www.salzburgerland.com\\\/de\\\/magazin\\\/#organization\"},\"image\":{\"@id\":\"https:\\\/\\\/www.salzburgerland.com\\\/de\\\/magazin\\\/genuss-reise-durch-die-alpine-kulinarik-im-salzburgerland\\\/#primaryimage\"},\"thumbnailUrl\":\"https:\\\/\\\/www.salzburgerland.com\\\/de\\\/magazin\\\/wp-content\\\/uploads\\\/2021\\\/06\\\/RS4253_Alpine-Ku\u0308che-ZASK-5-lpr-e1626080412627.jpg\",\"articleSection\":[\"Essen &amp; Trinken\"],\"inLanguage\":\"de\",\"potentialAction\":[{\"@type\":\"CommentAction\",\"name\":\"Comment\",\"target\":[\"https:\\\/\\\/www.salzburgerland.com\\\/de\\\/magazin\\\/genuss-reise-durch-die-alpine-kulinarik-im-salzburgerland\\\/#respond\"]}]},{\"@type\":\"WebPage\",\"@id\":\"https:\\\/\\\/www.salzburgerland.com\\\/de\\\/magazin\\\/genuss-reise-durch-die-alpine-kulinarik-im-salzburgerland\\\/\",\"url\":\"https:\\\/\\\/www.salzburgerland.com\\\/de\\\/magazin\\\/genuss-reise-durch-die-alpine-kulinarik-im-salzburgerland\\\/\",\"name\":\"Genuss-Reise durch die Alpine Kulinarik im SalzburgerLand - SalzburgerLand Magazin\",\"isPartOf\":{\"@id\":\"https:\\\/\\\/www.salzburgerland.com\\\/de\\\/magazin\\\/#website\"},\"primaryImageOfPage\":{\"@id\":\"https:\\\/\\\/www.salzburgerland.com\\\/de\\\/magazin\\\/genuss-reise-durch-die-alpine-kulinarik-im-salzburgerland\\\/#primaryimage\"},\"image\":{\"@id\":\"https:\\\/\\\/www.salzburgerland.com\\\/de\\\/magazin\\\/genuss-reise-durch-die-alpine-kulinarik-im-salzburgerland\\\/#primaryimage\"},\"thumbnailUrl\":\"https:\\\/\\\/www.salzburgerland.com\\\/de\\\/magazin\\\/wp-content\\\/uploads\\\/2021\\\/06\\\/RS4253_Alpine-Ku\u0308che-ZASK-5-lpr-e1626080412627.jpg\",\"datePublished\":\"2021-07-15T06:00:00+00:00\",\"breadcrumb\":{\"@id\":\"https:\\\/\\\/www.salzburgerland.com\\\/de\\\/magazin\\\/genuss-reise-durch-die-alpine-kulinarik-im-salzburgerland\\\/#breadcrumb\"},\"inLanguage\":\"de\",\"potentialAction\":[{\"@type\":\"ReadAction\",\"target\":[\"https:\\\/\\\/www.salzburgerland.com\\\/de\\\/magazin\\\/genuss-reise-durch-die-alpine-kulinarik-im-salzburgerland\\\/\"]}]},{\"@type\":\"ImageObject\",\"inLanguage\":\"de\",\"@id\":\"https:\\\/\\\/www.salzburgerland.com\\\/de\\\/magazin\\\/genuss-reise-durch-die-alpine-kulinarik-im-salzburgerland\\\/#primaryimage\",\"url\":\"https:\\\/\\\/www.salzburgerland.com\\\/de\\\/magazin\\\/wp-content\\\/uploads\\\/2021\\\/06\\\/RS4253_Alpine-Ku\u0308che-ZASK-5-lpr-e1626080412627.jpg\",\"contentUrl\":\"https:\\\/\\\/www.salzburgerland.com\\\/de\\\/magazin\\\/wp-content\\\/uploads\\\/2021\\\/06\\\/RS4253_Alpine-Ku\u0308che-ZASK-5-lpr-e1626080412627.jpg\",\"width\":2000,\"height\":980,\"caption\":\"Eine kulinarische Reise durch die Alpen auf der AreitLounge in Zell am See-Kaprun. Bild v.l.: Leo Bauernberger, Robert Rex (Kraftwerk \\\/ Zell am See), Julian Scharfetter (Weitmoser Schl\u00f6ssl \\\/ Bad Hofgastein), Emanuel Weyringer (Restaurant Weyringer \\\/ Henndorf am Wallersee), Erwin Werlberger (Winterstellgut \\\/ Annaberg), Raimund Knautz (AreitLounge \\\/ Zell am See), Renate Ecker (Zell am See-Kaprun Tourismus)\"},{\"@type\":\"BreadcrumbList\",\"@id\":\"https:\\\/\\\/www.salzburgerland.com\\\/de\\\/magazin\\\/genuss-reise-durch-die-alpine-kulinarik-im-salzburgerland\\\/#breadcrumb\",\"itemListElement\":[{\"@type\":\"ListItem\",\"position\":1,\"name\":\"Startseite\",\"item\":\"https:\\\/\\\/www.salzburgerland.com\\\/de\\\/magazin\\\/\"},{\"@type\":\"ListItem\",\"position\":2,\"name\":\"Essen &amp; Trinken\",\"item\":\"https:\\\/\\\/www.salzburgerland.com\\\/de\\\/magazin\\\/thema\\\/essen-trinken\\\/\"},{\"@type\":\"ListItem\",\"position\":3,\"name\":\"Genuss-Reise durch die Alpine Kulinarik im SalzburgerLand\"}]},{\"@type\":\"WebSite\",\"@id\":\"https:\\\/\\\/www.salzburgerland.com\\\/de\\\/magazin\\\/#website\",\"url\":\"https:\\\/\\\/www.salzburgerland.com\\\/de\\\/magazin\\\/\",\"name\":\"SalzburgerLand Magazin\",\"description\":\"Geschichten und Interessantes aus dem SalzburgerLand\",\"publisher\":{\"@id\":\"https:\\\/\\\/www.salzburgerland.com\\\/de\\\/magazin\\\/#organization\"},\"potentialAction\":[{\"@type\":\"SearchAction\",\"target\":{\"@type\":\"EntryPoint\",\"urlTemplate\":\"https:\\\/\\\/www.salzburgerland.com\\\/de\\\/magazin\\\/?s={search_term_string}\"},\"query-input\":{\"@type\":\"PropertyValueSpecification\",\"valueRequired\":true,\"valueName\":\"search_term_string\"}}],\"inLanguage\":\"de\"},{\"@type\":\"Organization\",\"@id\":\"https:\\\/\\\/www.salzburgerland.com\\\/de\\\/magazin\\\/#organization\",\"name\":\"SalzburgerLand Tourismus\",\"url\":\"https:\\\/\\\/www.salzburgerland.com\\\/de\\\/magazin\\\/\",\"logo\":{\"@type\":\"ImageObject\",\"inLanguage\":\"de\",\"@id\":\"https:\\\/\\\/www.salzburgerland.com\\\/de\\\/magazin\\\/#\\\/schema\\\/logo\\\/image\\\/\",\"url\":\"https:\\\/\\\/www.salzburgerland.com\\\/de\\\/magazin\\\/wp-content\\\/uploads\\\/2019\\\/06\\\/salzburgerland-logo1.jpg\",\"contentUrl\":\"https:\\\/\\\/www.salzburgerland.com\\\/de\\\/magazin\\\/wp-content\\\/uploads\\\/2019\\\/06\\\/salzburgerland-logo1.jpg\",\"width\":2011,\"height\":866,\"caption\":\"SalzburgerLand Tourismus\"},\"image\":{\"@id\":\"https:\\\/\\\/www.salzburgerland.com\\\/de\\\/magazin\\\/#\\\/schema\\\/logo\\\/image\\\/\"},\"sameAs\":[\"https:\\\/\\\/www.facebook.com\\\/salzburgerland\\\/\",\"https:\\\/\\\/x.com\\\/Salzburgerland\",\"https:\\\/\\\/www.instagram.com\\\/salzburgerland\\\/\",\"https:\\\/\\\/at.linkedin.com\\\/company\\\/salzburgerland-tourismus-gmbh\",\"https:\\\/\\\/www.pinterest.at\\\/salzburgerland\\\/\",\"https:\\\/\\\/www.youtube.com\\\/user\\\/salzburgerland\",\"https:\\\/\\\/de.wikipedia.org\\\/wiki\\\/SalzburgerLand_Tourismus_GmbH\"]},{\"@type\":\"Person\",\"@id\":\"https:\\\/\\\/www.salzburgerland.com\\\/de\\\/magazin\\\/#\\\/schema\\\/person\\\/2e0abbe9392136e19ff0d5c5721aea87\",\"name\":\"G\u00fcnter Baumgartner\",\"url\":\"https:\\\/\\\/www.salzburgerland.com\\\/de\\\/magazin\\\/author\\\/guenter-baumgartner\\\/\"}]}<\/script>\n<!-- \/ Yoast SEO Premium plugin. -->","yoast_head_json":{"title":"Genuss-Reise durch die Alpine Kulinarik im SalzburgerLand - SalzburgerLand Magazin","robots":{"index":"index","follow":"follow","max-snippet":"max-snippet:-1","max-image-preview":"max-image-preview:large","max-video-preview":"max-video-preview:-1"},"canonical":"https:\/\/www.salzburgerland.com\/de\/magazin\/genuss-reise-durch-die-alpine-kulinarik-im-salzburgerland\/","og_locale":"de_DE","og_type":"article","og_title":"Genuss-Reise durch die Alpine Kulinarik im SalzburgerLand","og_description":"Eine besondere kulinarische Reise durch die Alpen erlebten die Besucher am 25. Juni 2021 auf der AreitLounge in Zell am See-Kaprun: Die f\u00fcnf Top-K\u00f6che Emanuel Weyringer, Erwin Werlberger, Julian Scharfetter, Robert Rex und \u201eHausherr\u201c Raimund Knautz begeisterten mit ihren kreativen Interpretationen der Alpinen K\u00fcche. Vom Brot bis zur Milch vom Gem\u00fcse bis zum Fleisch: Neben [&hellip;]","og_url":"https:\/\/www.salzburgerland.com\/de\/magazin\/genuss-reise-durch-die-alpine-kulinarik-im-salzburgerland\/","og_site_name":"SalzburgerLand Magazin","article_publisher":"https:\/\/www.facebook.com\/salzburgerland\/","article_published_time":"2021-07-15T06:00:00+00:00","og_image":[{"width":2000,"height":980,"url":"https:\/\/www.salzburgerland.com\/de\/magazin\/wp-content\/uploads\/2021\/06\/RS4253_Alpine-Ku\u0308che-ZASK-5-lpr-e1626080412627.jpg","type":"image\/jpeg"}],"author":"G\u00fcnter Baumgartner","twitter_card":"summary_large_image","twitter_creator":"@Salzburgerland","twitter_site":"@Salzburgerland","twitter_misc":{"Verfasst von":"G\u00fcnter Baumgartner","Gesch\u00e4tzte Lesezeit":"8\u00a0Minuten"},"schema":{"@context":"https:\/\/schema.org","@graph":[{"@type":"Article","@id":"https:\/\/www.salzburgerland.com\/de\/magazin\/genuss-reise-durch-die-alpine-kulinarik-im-salzburgerland\/#article","isPartOf":{"@id":"https:\/\/www.salzburgerland.com\/de\/magazin\/genuss-reise-durch-die-alpine-kulinarik-im-salzburgerland\/"},"author":{"name":"G\u00fcnter Baumgartner","@id":"https:\/\/www.salzburgerland.com\/de\/magazin\/#\/schema\/person\/2e0abbe9392136e19ff0d5c5721aea87"},"headline":"Genuss-Reise durch die Alpine Kulinarik im SalzburgerLand","datePublished":"2021-07-15T06:00:00+00:00","mainEntityOfPage":{"@id":"https:\/\/www.salzburgerland.com\/de\/magazin\/genuss-reise-durch-die-alpine-kulinarik-im-salzburgerland\/"},"wordCount":1443,"commentCount":0,"publisher":{"@id":"https:\/\/www.salzburgerland.com\/de\/magazin\/#organization"},"image":{"@id":"https:\/\/www.salzburgerland.com\/de\/magazin\/genuss-reise-durch-die-alpine-kulinarik-im-salzburgerland\/#primaryimage"},"thumbnailUrl":"https:\/\/www.salzburgerland.com\/de\/magazin\/wp-content\/uploads\/2021\/06\/RS4253_Alpine-Ku\u0308che-ZASK-5-lpr-e1626080412627.jpg","articleSection":["Essen &amp; Trinken"],"inLanguage":"de","potentialAction":[{"@type":"CommentAction","name":"Comment","target":["https:\/\/www.salzburgerland.com\/de\/magazin\/genuss-reise-durch-die-alpine-kulinarik-im-salzburgerland\/#respond"]}]},{"@type":"WebPage","@id":"https:\/\/www.salzburgerland.com\/de\/magazin\/genuss-reise-durch-die-alpine-kulinarik-im-salzburgerland\/","url":"https:\/\/www.salzburgerland.com\/de\/magazin\/genuss-reise-durch-die-alpine-kulinarik-im-salzburgerland\/","name":"Genuss-Reise durch die Alpine Kulinarik im SalzburgerLand - SalzburgerLand Magazin","isPartOf":{"@id":"https:\/\/www.salzburgerland.com\/de\/magazin\/#website"},"primaryImageOfPage":{"@id":"https:\/\/www.salzburgerland.com\/de\/magazin\/genuss-reise-durch-die-alpine-kulinarik-im-salzburgerland\/#primaryimage"},"image":{"@id":"https:\/\/www.salzburgerland.com\/de\/magazin\/genuss-reise-durch-die-alpine-kulinarik-im-salzburgerland\/#primaryimage"},"thumbnailUrl":"https:\/\/www.salzburgerland.com\/de\/magazin\/wp-content\/uploads\/2021\/06\/RS4253_Alpine-Ku\u0308che-ZASK-5-lpr-e1626080412627.jpg","datePublished":"2021-07-15T06:00:00+00:00","breadcrumb":{"@id":"https:\/\/www.salzburgerland.com\/de\/magazin\/genuss-reise-durch-die-alpine-kulinarik-im-salzburgerland\/#breadcrumb"},"inLanguage":"de","potentialAction":[{"@type":"ReadAction","target":["https:\/\/www.salzburgerland.com\/de\/magazin\/genuss-reise-durch-die-alpine-kulinarik-im-salzburgerland\/"]}]},{"@type":"ImageObject","inLanguage":"de","@id":"https:\/\/www.salzburgerland.com\/de\/magazin\/genuss-reise-durch-die-alpine-kulinarik-im-salzburgerland\/#primaryimage","url":"https:\/\/www.salzburgerland.com\/de\/magazin\/wp-content\/uploads\/2021\/06\/RS4253_Alpine-Ku\u0308che-ZASK-5-lpr-e1626080412627.jpg","contentUrl":"https:\/\/www.salzburgerland.com\/de\/magazin\/wp-content\/uploads\/2021\/06\/RS4253_Alpine-Ku\u0308che-ZASK-5-lpr-e1626080412627.jpg","width":2000,"height":980,"caption":"Eine kulinarische Reise durch die Alpen auf der AreitLounge in Zell am See-Kaprun. Bild v.l.: Leo Bauernberger, Robert Rex (Kraftwerk \/ Zell am See), Julian Scharfetter (Weitmoser Schl\u00f6ssl \/ Bad Hofgastein), Emanuel Weyringer (Restaurant Weyringer \/ Henndorf am Wallersee), Erwin Werlberger (Winterstellgut \/ Annaberg), Raimund Knautz (AreitLounge \/ Zell am See), Renate Ecker (Zell am See-Kaprun Tourismus)"},{"@type":"BreadcrumbList","@id":"https:\/\/www.salzburgerland.com\/de\/magazin\/genuss-reise-durch-die-alpine-kulinarik-im-salzburgerland\/#breadcrumb","itemListElement":[{"@type":"ListItem","position":1,"name":"Startseite","item":"https:\/\/www.salzburgerland.com\/de\/magazin\/"},{"@type":"ListItem","position":2,"name":"Essen &amp; Trinken","item":"https:\/\/www.salzburgerland.com\/de\/magazin\/thema\/essen-trinken\/"},{"@type":"ListItem","position":3,"name":"Genuss-Reise durch die Alpine Kulinarik im SalzburgerLand"}]},{"@type":"WebSite","@id":"https:\/\/www.salzburgerland.com\/de\/magazin\/#website","url":"https:\/\/www.salzburgerland.com\/de\/magazin\/","name":"SalzburgerLand Magazin","description":"Geschichten und Interessantes aus dem SalzburgerLand","publisher":{"@id":"https:\/\/www.salzburgerland.com\/de\/magazin\/#organization"},"potentialAction":[{"@type":"SearchAction","target":{"@type":"EntryPoint","urlTemplate":"https:\/\/www.salzburgerland.com\/de\/magazin\/?s={search_term_string}"},"query-input":{"@type":"PropertyValueSpecification","valueRequired":true,"valueName":"search_term_string"}}],"inLanguage":"de"},{"@type":"Organization","@id":"https:\/\/www.salzburgerland.com\/de\/magazin\/#organization","name":"SalzburgerLand Tourismus","url":"https:\/\/www.salzburgerland.com\/de\/magazin\/","logo":{"@type":"ImageObject","inLanguage":"de","@id":"https:\/\/www.salzburgerland.com\/de\/magazin\/#\/schema\/logo\/image\/","url":"https:\/\/www.salzburgerland.com\/de\/magazin\/wp-content\/uploads\/2019\/06\/salzburgerland-logo1.jpg","contentUrl":"https:\/\/www.salzburgerland.com\/de\/magazin\/wp-content\/uploads\/2019\/06\/salzburgerland-logo1.jpg","width":2011,"height":866,"caption":"SalzburgerLand Tourismus"},"image":{"@id":"https:\/\/www.salzburgerland.com\/de\/magazin\/#\/schema\/logo\/image\/"},"sameAs":["https:\/\/www.facebook.com\/salzburgerland\/","https:\/\/x.com\/Salzburgerland","https:\/\/www.instagram.com\/salzburgerland\/","https:\/\/at.linkedin.com\/company\/salzburgerland-tourismus-gmbh","https:\/\/www.pinterest.at\/salzburgerland\/","https:\/\/www.youtube.com\/user\/salzburgerland","https:\/\/de.wikipedia.org\/wiki\/SalzburgerLand_Tourismus_GmbH"]},{"@type":"Person","@id":"https:\/\/www.salzburgerland.com\/de\/magazin\/#\/schema\/person\/2e0abbe9392136e19ff0d5c5721aea87","name":"G\u00fcnter Baumgartner","url":"https:\/\/www.salzburgerland.com\/de\/magazin\/author\/guenter-baumgartner\/"}]}},"_wl_alt_label":[],"wl:entity_url":"http:\/\/open.salzburgerland.com\/magazin\/post\/id\/155554","_links":{"self":[{"href":"https:\/\/www.salzburgerland.com\/de\/magazin\/wp-json\/wp\/v2\/posts\/155554","targetHints":{"allow":["GET"]}}],"collection":[{"href":"https:\/\/www.salzburgerland.com\/de\/magazin\/wp-json\/wp\/v2\/posts"}],"about":[{"href":"https:\/\/www.salzburgerland.com\/de\/magazin\/wp-json\/wp\/v2\/types\/post"}],"author":[{"embeddable":true,"href":"https:\/\/www.salzburgerland.com\/de\/magazin\/wp-json\/wp\/v2\/users\/544"}],"replies":[{"embeddable":true,"href":"https:\/\/www.salzburgerland.com\/de\/magazin\/wp-json\/wp\/v2\/comments?post=155554"}],"version-history":[{"count":5,"href":"https:\/\/www.salzburgerland.com\/de\/magazin\/wp-json\/wp\/v2\/posts\/155554\/revisions"}],"predecessor-version":[{"id":155874,"href":"https:\/\/www.salzburgerland.com\/de\/magazin\/wp-json\/wp\/v2\/posts\/155554\/revisions\/155874"}],"wp:featuredmedia":[{"embeddable":true,"href":"https:\/\/www.salzburgerland.com\/de\/magazin\/wp-json\/wp\/v2\/media\/155566"}],"wp:attachment":[{"href":"https:\/\/www.salzburgerland.com\/de\/magazin\/wp-json\/wp\/v2\/media?parent=155554"}],"wp:term":[{"taxonomy":"category","embeddable":true,"href":"https:\/\/www.salzburgerland.com\/de\/magazin\/wp-json\/wp\/v2\/categories?post=155554"},{"taxonomy":"post_tag","embeddable":true,"href":"https:\/\/www.salzburgerland.com\/de\/magazin\/wp-json\/wp\/v2\/tags?post=155554"},{"taxonomy":"wl_entity_type","embeddable":true,"href":"https:\/\/www.salzburgerland.com\/de\/magazin\/wp-json\/wp\/v2\/wl_entity_type?post=155554"},{"taxonomy":"monatsauswahl","embeddable":true,"href":"https:\/\/www.salzburgerland.com\/de\/magazin\/wp-json\/wp\/v2\/monatsauswahl?post=155554"}],"curies":[{"name":"wp","href":"https:\/\/api.w.org\/{rel}","templated":true}]}}