{"id":155088,"date":"2021-06-24T06:59:34","date_gmt":"2021-06-24T04:59:34","guid":{"rendered":"https:\/\/www.salzburgerland.com\/de\/magazin\/?p=155088"},"modified":"2025-10-01T09:32:45","modified_gmt":"2025-10-01T07:32:45","slug":"alpentherme-gasteingesundheitszentrum","status":"publish","type":"post","link":"https:\/\/www.salzburgerland.com\/de\/magazin\/alpentherme-gasteingesundheitszentrum\/","title":{"rendered":"Alpentherme Gastein Gesundheitszentrum"},"content":{"rendered":"\n<div class=\"wp-block-slt-top topBlocks\">\n<h2 class=\"wp-block-slt-subtitle\">Ein Tag bei der Sportmedizinischen Leistungsanalyse<\/h2>\n\n\n\n<p class=\"wp-block-slt-intro\">Wie viele Ohrl\u00e4ppchen Philipp Holleis in seiner Karriere wohl schon gepiekst hat? Zu viele, um sich an alle zu erinnern. Er betreibt aber nicht etwa ein Piercingstudio. Er leitet das Zentrum f\u00fcr Gesundheit und Sport im Alpentherme Gastein Gesundheitszentrum. Hier unterst\u00fctzt er Top-Athleten, Hobbysportler und Wiedereinsteiger dabei, ihre pers\u00f6nlichen Ziele zu erreichen. Unser Autor hat ihn besucht, um einen <a href=\"https:\/\/www.alpentherme.com\/de\/kur-therapie\/sportmedizin\" target=\"_blank\" rel=\"noreferrer noopener\">sportmedizinischen Leistungstest<\/a> zu absolvieren und danach in der <a href=\"https:\/\/www.alpentherme.com\/de\/kur-therapie\/thermalwasser\" target=\"_blank\" rel=\"noreferrer noopener\">Alpentherme Gastein<\/a> zu entspannen.<\/p>\n<\/div>\n\n\n\n<p>Als ich um acht Uhr morgens etwas verschlafen an Philipps T\u00fcre klopfe, empf\u00e4ngt mich der Sportwissenschaftler mit einem motivierenden L\u00e4cheln. Im Laufe der n\u00e4chsten drei Stunden wird er mich nach allen Regeln der Kunst vermessen. Unsere erste Station an diesem Vormittag ist die Bioelektrische Impedanzanalyse (BIA), bei der ich mehr \u00fcber die Zusammensetzung meines K\u00f6rpers erfahre. Zum Beispiel, wie viel Prozent K\u00f6rperfett ich auf den H\u00fcften habe und ob mein K\u00f6rper genug Wasser speichert. W\u00e4hrend ich entspannt auf der Liege Platz nehme und Philipp die Elektroden auf meinen K\u00f6rper klebt, erz\u00e4hlt er mir mehr \u00fcber das Zentrum, seine Aufgaben und Ziele.<\/p>\n\n\n\n<h2 class=\"wp-block-heading\" id=\"h-profi-know-how-fur-jedermann\"><strong>Profi-Know-How f\u00fcr Jedermann<\/strong><\/h2>\n\n\n\n<p>Schnell wird klar: Ich befinde mich hier in den H\u00e4nden von absoluten Profis. Denn bei Philipp und seinen Kollegen gehen die Top-Athleten des Skisports ein und aus. Ein Blick an die Wand belegt das eindrucksvoll. Fotos und Autogrammkarten zeugen von den Besuchen der Ski-Asse. Und auch die Stars von morgen aus der Ski-Tourismusschule Bad Hofgastein kommen hierher. Sie alle profitieren vom Know-How, das auch Hobbysportler, Gesundheitsurlauber und Wiedereinsteiger f\u00fcr sich nutzen k\u00f6nnen.<br>Genau diese Vielseitigkeit reizt Philipp an seinem Job: \u201cVom absoluten Top-Athleten bis zum Herzinfarkt-Patienten d\u00fcrfen wir hier Menschen dabei unterst\u00fctzen, Freude an der Bewegung zu finden und optimal zu trainieren\u201d, erz\u00e4hlt der Sportwissenschaftler aus dem Gasteinertal. Dass er nach dem Studium wieder in seiner Heimat gelandet ist, war ein gl\u00fccklicher Zufall. Nach Abschluss seines Studiums an der Uni Innsbruck war im Alpentherme Gastein Gesundheitszentrum eine Stelle ausgeschrieben, auf die er sich erfolgreich bewarb. Seitdem sind zehn Jahre vergangen.<\/p>\n\n\n\n<blockquote class=\"wp-block-quote is-layout-flow wp-block-quote-is-layout-flow\">\n<p><strong>\u201cWir unterst\u00fctzen Menschen dabei, ihre Ziele zu erreichen\u201d<\/strong><\/p>\n<cite>Philipp Holleis<\/cite><\/blockquote>\n\n\n\n<p>Dass Philipp ganz genau wei\u00df, was Sportler brauchen, verdankt er aber nicht nur seinem Studium. Denn der Mann aus Sportgastein tr\u00e4gt selbst das Sportler-Gen in sich. Schon in der Jugend zog es ihn aufs Snowboard, wo er als Freestyler zu den gro\u00dfen Talenten des Landes z\u00e4hlte und internationale Erfolge feierte. Fragen wie jene nach der optimalen Wettkampfvorbereitung und nach der richtigen Trainingsintensit\u00e4t kennt Philipp daher aus eigener Erfahrung. Mittlerweile hat er seine Profi-Karriere beendet, am Snowboard oder auf Skiern trifft man ihn im Winter trotzdem fast t\u00e4glich an, denn die Eltern betreiben in Dorfgastein eine Skischule. \u201cIch kann die Arbeit im Betrieb der Eltern sehr gut mit meiner Anstellung im Alpentherme Gastein Gesundheitszentrum verbinden\u201d, erz\u00e4hlt Philipp sichtlich zufrieden.<\/p>\n\n\n\n<figure class=\"wp-block-image size-large\"><img loading=\"lazy\" decoding=\"async\" width=\"1920\" height=\"1281\" src=\"https:\/\/www.salzburgerland.com\/de\/magazin\/wp-content\/uploads\/2021\/06\/ags20-kurzentrum-badhofgastein-3.jpg\" alt=\"Ein l\u00e4chelnder Mann im Laborkittel steht in einem Labor mit \u00dcbungsger\u00e4ten und wissenschaftlichen Apparaten.\" class=\"wp-image-155091\" srcset=\"https:\/\/www.salzburgerland.com\/de\/magazin\/wp-content\/uploads\/2021\/06\/ags20-kurzentrum-badhofgastein-3.jpg 1920w, https:\/\/www.salzburgerland.com\/de\/magazin\/wp-content\/uploads\/2021\/06\/ags20-kurzentrum-badhofgastein-3-300x200.jpg 300w, https:\/\/www.salzburgerland.com\/de\/magazin\/wp-content\/uploads\/2021\/06\/ags20-kurzentrum-badhofgastein-3-1536x1025.jpg 1536w, https:\/\/www.salzburgerland.com\/de\/magazin\/wp-content\/uploads\/2021\/06\/ags20-kurzentrum-badhofgastein-3-824x550.jpg 824w, https:\/\/www.salzburgerland.com\/de\/magazin\/wp-content\/uploads\/2021\/06\/ags20-kurzentrum-badhofgastein-3-600x400.jpg 600w, https:\/\/www.salzburgerland.com\/de\/magazin\/wp-content\/uploads\/2021\/06\/ags20-kurzentrum-badhofgastein-3-1320x881.jpg 1320w, https:\/\/www.salzburgerland.com\/de\/magazin\/wp-content\/uploads\/2021\/06\/ags20-kurzentrum-badhofgastein-3-150x100.jpg 150w\" sizes=\"auto, (max-width: 1920px) 100vw, 1920px\" \/><figcaption class=\"wp-element-caption\">\u00a9 Alpentherme Gastein Gesundheitszentrum &#8211; Philipp Holleis  bei der Arbeit<\/figcaption><\/figure>\n\n\n\n<h2 class=\"wp-block-heading\" id=\"h-beim-leistungstest-die-eigenen-grenzen-spuren\"><strong>Beim Leistungstest die eigenen Grenzen sp\u00fcren<\/strong><\/h2>\n\n\n\n<p>F\u00fcr mich wird es nun zum ersten Mal an diesem Vormittag ernst. Von der gem\u00fctlichen Liege geht es aufs Laufband zum sogenannten Stufentest. Dabei laufe ich unter wachsender Belastung, w\u00e4hrend ein Brustgurt meinen Puls misst. Nun machen auch meine Ohrl\u00e4ppchen Philipps Bekanntschaft. Angst muss ich vor dem kleinen Pieks keine haben, denn wenn Philipp alle drei Minuten eine kleine Menge Blut f\u00fcr die Laktatmessung abnimmt, sp\u00fcre ich so gut wie nichts. Ich gebe mein bestes, um mit dem steigenden Tempo am Laufband Schritt zu halten und Philipp motiviert mich wie ein perfekter Coach. Doch irgendwann geht mir die Puste aus. Ich habe meine maximale Belastung erreicht. Philipp ist zufrieden und klopft mir auf die Schulter. Geschafft! Aus meiner Herzfrequenz und den Laktatwerten wird das Team des Alpentherme Gastein Gesundheitszentrum nun meine Leistungsf\u00e4higkeit ermitteln.<\/p>\n\n\n\n<p>Einige Minuten sp\u00e4ter treffe ich mich frisch geduscht mit Philipp zur Besprechung der Ergebnisse. Er zeigt mir die mehrseitige Auswertung meiner Daten und erkl\u00e4rt genau, worauf ich dabei achten muss. Danach erarbeiten wir gemeinsam einen Trainingsplan und Philipp gibt mir Tipps, wie ich mein Training in Zukunft besser und effizienter gestalten kann. Dabei habe ich so manches Aha-Erlebnis.<\/p>\n\n\n\n<figure class=\"wp-block-image size-large\"><img loading=\"lazy\" decoding=\"async\" width=\"1920\" height=\"1281\" src=\"https:\/\/www.salzburgerland.com\/de\/magazin\/wp-content\/uploads\/2021\/06\/ags20-kurzentrum-badhofgastein-5.jpg\" alt=\"Eine Person betrachtet einen gedruckten Bericht mit Diagrammen, Grafiken und einem Diagramm des menschlichen K\u00f6rpers auf einem Schreibtisch.\" class=\"wp-image-155092\" srcset=\"https:\/\/www.salzburgerland.com\/de\/magazin\/wp-content\/uploads\/2021\/06\/ags20-kurzentrum-badhofgastein-5.jpg 1920w, https:\/\/www.salzburgerland.com\/de\/magazin\/wp-content\/uploads\/2021\/06\/ags20-kurzentrum-badhofgastein-5-300x200.jpg 300w, https:\/\/www.salzburgerland.com\/de\/magazin\/wp-content\/uploads\/2021\/06\/ags20-kurzentrum-badhofgastein-5-1536x1025.jpg 1536w, https:\/\/www.salzburgerland.com\/de\/magazin\/wp-content\/uploads\/2021\/06\/ags20-kurzentrum-badhofgastein-5-824x550.jpg 824w, https:\/\/www.salzburgerland.com\/de\/magazin\/wp-content\/uploads\/2021\/06\/ags20-kurzentrum-badhofgastein-5-600x400.jpg 600w, https:\/\/www.salzburgerland.com\/de\/magazin\/wp-content\/uploads\/2021\/06\/ags20-kurzentrum-badhofgastein-5-1320x881.jpg 1320w, https:\/\/www.salzburgerland.com\/de\/magazin\/wp-content\/uploads\/2021\/06\/ags20-kurzentrum-badhofgastein-5-150x100.jpg 150w\" sizes=\"auto, (max-width: 1920px) 100vw, 1920px\" \/><figcaption class=\"wp-element-caption\">\u00a9 Alpentherme Gastein Gesundheitszentrum &#8211; Sportmedizinischer Leistungscheck<\/figcaption><\/figure>\n\n\n\n<h2 class=\"wp-block-heading\" id=\"h-entspannung-und-top-medizin-alles-unter-einem-dach\"><strong>Entspannung und Top-Medizin: Alles unter einem Dach<\/strong><\/h2>\n\n\n\n<p>Voll motiviert verabschiede ich mich von Philipp und seinen Kolleg*innen. F\u00fcr mich beginnt nun der entspannende Teil des Tages. Denn jetzt geht es ohne Umweg in die dem Gesundheitszentrum angeschlossene Alpentherme zum Entspannen und Regenerieren. Hier finde ich alles, was das Herz begehrt: Von verschiedenen Thermalwasserbecken, \u00fcber die gro\u00dfe Saunalandschaft bis zum \u00c0 la carte Restaurant. Diese Kombination aus sportmedizinischem Know-How und wohltuender Entspannung in traumhafter Natur gibt es wirklich nur im Gasteinertal.<\/p>\n\n\n\n<h2 class=\"wp-block-heading\" id=\"h-fitnesstests-und-kryo-mehr-wissen-besser-bewegen\"><strong>Fitnesstests und Kryo: Mehr wissen, besser bewegen<\/strong><\/h2>\n\n\n\n<p>Nach dem Training ist die beste Zeit, K\u00f6rper und Gesundheit einmal genauer unter die Lupe zu nehmen. Im Gesundheitszentrum warten daf\u00fcr innovative Methoden und modernste Tests.<\/p>\n\n\n\n<p>Die <strong>Kryotherapie<\/strong> sorgt mit gezielten K\u00e4ltereizen f\u00fcr sp\u00fcrbare Effekte: Schmerzen lassen nach, Entz\u00fcndungen gehen zur\u00fcck und selbst Hautprobleme k\u00f6nnen verbessert werden.<\/p>\n\n\n\n<p>Erg\u00e4nzt wird das Angebot durch vielf\u00e4ltige Checks:<\/p>\n\n\n\n<ul class=\"wp-block-list\">\n<li><strong>Lungenfunktionstest<\/strong> \u2013 misst Atemfluss und Lungenvolumen.<\/li>\n\n\n\n<li><strong>Maximalkrafttest<\/strong> \u2013 ermittelt die maximale Leistungsf\u00e4higkeit.<\/li>\n\n\n\n<li><strong>H\u00f6henvertr\u00e4glichkeitstest<\/strong> \u2013 pr\u00fcft Sauerstoffs\u00e4ttigung, Blutdruck und Herzfrequenz.<\/li>\n\n\n\n<li><strong>Seitigkeitstest<\/strong> \u2013 analysiert die Beinmuskulatur am Fahrradergometer, mit Auswertung und Beratung.<\/li>\n\n\n\n<li><strong>Ganganalyse<\/strong> \u2013 wertvolle Einblicke f\u00fcr Pr\u00e4vention und Rehabilitation von Gangst\u00f6rungen.<\/li>\n<\/ul>\n\n\n\n<p>Eine Kombination aus Hightech, Medizin-Know-how und gezielten Analysen \u2013 perfekt, um die eigenen Ziele noch schneller zu erreichen.<\/p>\n\n\n\n<h2 class=\"wp-block-heading\" id=\"h-erste-adresse-fur-trailrunner\"><strong>Erste Adresse f\u00fcr Trailrunner<\/strong><\/h2>\n\n\n\n<p>Am Nachmittag werde ich es dann noch einmal sportlich angehen. Schlie\u00dflich bekomme ich nicht jeden Tag die Chance, im <a href=\"https:\/\/www.gastein.com\/aktiv\/ganzjahres-aktivitaeten\/trailrunning\/\" target=\"_blank\" rel=\"noreferrer noopener\">Trailrunning-Mekka Gasteinertal <\/a>zu trainieren. Beim Trailrunning ist man abseits der asphaltierten Stra\u00dfen im Gel\u00e4nde unterwegs. Damit verbindet der Trendsport die sch\u00f6nsten Elemente des Bergsteigens und des Laufsports. Hier im Gasteinertal findet man nicht nur zahllose traumhafte Routen, sondern auch herausfordernde Bewerbe f\u00fcr Trailrunner aller Leistungsklassen. Zum Beispiel die <a href=\"https:\/\/www.salzburgerland.com\/de\/magazin\/adidas-infinite-trails-in-gastein\/\" target=\"_blank\" rel=\"noreferrer noopener\">adidas INFINITE TRAILS World Championship<\/a>. Passend dazu gibt es im Alpentherme Gastein Gesundheitszentrum seit kurzem auch das sportmedizinische Angebot <em>Test on Trail<\/em>, bei dem die Leistungsf\u00e4higkeit nicht nur \u201cindoor\u201d, sondern auch direkt am Trail bestimmt wird.<\/p>\n\n\n\n<figure class=\"wp-block-image size-large\"><img loading=\"lazy\" decoding=\"async\" width=\"1170\" height=\"658\" src=\"https:\/\/www.salzburgerland.com\/de\/magazin\/wp-content\/uploads\/2021\/06\/jskorpil_ait19_loop3_nr-6539-1170x658-1.jpg\" alt=\"Ein L\u00e4ufer mit Sonnenbrille und Startnummer l\u00e4uft auf einem Bergpfad, umgeben von gr\u00fcnen H\u00fcgeln und fernen Gipfeln.\" class=\"wp-image-155094\" srcset=\"https:\/\/www.salzburgerland.com\/de\/magazin\/wp-content\/uploads\/2021\/06\/jskorpil_ait19_loop3_nr-6539-1170x658-1.jpg 1170w, https:\/\/www.salzburgerland.com\/de\/magazin\/wp-content\/uploads\/2021\/06\/jskorpil_ait19_loop3_nr-6539-1170x658-1-300x169.jpg 300w, https:\/\/www.salzburgerland.com\/de\/magazin\/wp-content\/uploads\/2021\/06\/jskorpil_ait19_loop3_nr-6539-1170x658-1-978x550.jpg 978w, https:\/\/www.salzburgerland.com\/de\/magazin\/wp-content\/uploads\/2021\/06\/jskorpil_ait19_loop3_nr-6539-1170x658-1-711x400.jpg 711w, https:\/\/www.salzburgerland.com\/de\/magazin\/wp-content\/uploads\/2021\/06\/jskorpil_ait19_loop3_nr-6539-1170x658-1-560x316.jpg 560w, https:\/\/www.salzburgerland.com\/de\/magazin\/wp-content\/uploads\/2021\/06\/jskorpil_ait19_loop3_nr-6539-1170x658-1-250x140.jpg 250w, https:\/\/www.salzburgerland.com\/de\/magazin\/wp-content\/uploads\/2021\/06\/jskorpil_ait19_loop3_nr-6539-1170x658-1-150x84.jpg 150w, https:\/\/www.salzburgerland.com\/de\/magazin\/wp-content\/uploads\/2021\/06\/jskorpil_ait19_loop3_nr-6539-1170x658-1-1200x675.jpg 1200w\" sizes=\"auto, (max-width: 1170px) 100vw, 1170px\" \/><figcaption class=\"wp-element-caption\">Adidas Infinite Trails Gastein<\/figcaption><\/figure>\n\n\n\n<h2 class=\"wp-block-heading\" id=\"h-5-tipps-von-philipp-holleis-fur-einen-gesundheitsurlaub-im-salzburgerland\"><strong>5 Tipps von Philipp Holleis f\u00fcr einen Gesundheitsurlaub im SalzburgerLand<\/strong><\/h2>\n\n\n\n<p><strong>Individuellen Schwerpunkt setzen<\/strong><\/p>\n\n\n\n<p>Jeder Mensch hat andere Bed\u00fcrfnisse und nicht jedem geht es um sportliche H\u00f6chstleistungen. Ob Sie nun Gewicht reduzieren oder Ihren Lebensstil neu ausrichten m\u00f6chten: Wir unterst\u00fctzen Sie beim Erreichen Ihrer ganz pers\u00f6nlichen Ziele.<\/p>\n\n\n\n<p><strong>Synergien nutzen<\/strong><\/p>\n\n\n\n<p>Nutzen Sie in Kombination mit den Leistungen des Alpentherme Gastein Gesundheitszentrum auch die vielf\u00e4ltigen Gesundheits- und Wohlf\u00fchlangebote der Alpentherme: von der Massage bis zum Aktivprogramm.<\/p>\n\n\n\n<p><strong>Die Jahreszeiten sp\u00fcren<\/strong><\/p>\n\n\n\n<p>Das Gasteinertal ist im Sommer und im Winter eine Reise wert und zeigt zu jeder Jahreszeit ein anderes Gesicht.<\/p>\n\n\n\n<p><strong>Hauptsache Bewegung<\/strong><\/p>\n\n\n\n<p>Ob bei einem Spaziergang an der Gasteiner Ache, beim Wintersport auf der Skipiste oder bei einem herausfordernden Trailrun: Im Gasteinertal findet jeder, was er oder sie sucht.<\/p>\n\n\n\n<p><strong>Kassenleistungen optimal nutzen<\/strong><\/p>\n\n\n\n<p>Erkundigen Sie sich bei der Pensionsversicherung nach der neuen Gesundheitsvorsorge Aktiv. F\u00fcr Versicherte der SVS besteht die M\u00f6glichkeit, den Gesundheitshunderter f\u00fcr die Leistungen des Zentrums f\u00fcr Gesundheit und Sport einzul\u00f6sen.<\/p>\n\n\n\n<figure class=\"wp-block-embed is-type-video is-provider-youtube wp-block-embed-youtube wp-embed-aspect-16-9 wp-has-aspect-ratio\"><div class=\"wp-block-embed__wrapper\">\n<iframe loading=\"lazy\" title=\"Kurzentrum Bad Hofgastein: So geht Training mit Weitblick\" width=\"640\" height=\"360\" src=\"https:\/\/www.youtube-nocookie.com\/embed\/hmx3yKl55Bc?feature=oembed&#038;rel=0&#038;modestbranding=1\" frameborder=\"0\" allow=\"accelerometer; autoplay; clipboard-write; encrypted-media; gyroscope; picture-in-picture; web-share\" referrerpolicy=\"strict-origin-when-cross-origin\" allowfullscreen><\/iframe>\n<\/div><\/figure>\n\n\n\n<p>Die Alpentherme Bad Hofgastein ist t\u00e4glich von 09.00 \u2013 21.00 Uhr ge\u00f6ffnet. Ein Vorverkauf bzw. eine Reservierung ist nicht m\u00f6glich. Auf der Website finden Sie aktuelle Informationen \u00fcber freie Kapazit\u00e4ten.<\/p>\n\n\n\n<p>Das Alpentherme Gastein Gesundheitszentrum ist von Montag bis Freitag von 08.00 \u2013 17.00 Uhr ge\u00f6ffnet.<br>Bitte beachten Sie die geltenden Covid-19-Bestimmungen<\/p>\n\n\n\n<figure class=\"wp-block-image size-full\"><img loading=\"lazy\" decoding=\"async\" width=\"2500\" height=\"1648\" src=\"https:\/\/www.salzburgerland.com\/de\/magazin\/wp-content\/uploads\/2023\/02\/AlpenthermeGastein_GHZ_Aussen_21_WolkersdorferDSC_6177klein-002.jpg\" alt=\"Modernes Gesundheitszentrum mit Berglandschaft und einem Kirchturm im Hintergrund an einem sonnigen Tag.\" class=\"wp-image-169055\" srcset=\"https:\/\/www.salzburgerland.com\/de\/magazin\/wp-content\/uploads\/2023\/02\/AlpenthermeGastein_GHZ_Aussen_21_WolkersdorferDSC_6177klein-002.jpg 2500w, https:\/\/www.salzburgerland.com\/de\/magazin\/wp-content\/uploads\/2023\/02\/AlpenthermeGastein_GHZ_Aussen_21_WolkersdorferDSC_6177klein-002-300x198.jpg 300w, https:\/\/www.salzburgerland.com\/de\/magazin\/wp-content\/uploads\/2023\/02\/AlpenthermeGastein_GHZ_Aussen_21_WolkersdorferDSC_6177klein-002-1536x1013.jpg 1536w, https:\/\/www.salzburgerland.com\/de\/magazin\/wp-content\/uploads\/2023\/02\/AlpenthermeGastein_GHZ_Aussen_21_WolkersdorferDSC_6177klein-002-2048x1350.jpg 2048w, https:\/\/www.salzburgerland.com\/de\/magazin\/wp-content\/uploads\/2023\/02\/AlpenthermeGastein_GHZ_Aussen_21_WolkersdorferDSC_6177klein-002-834x550.jpg 834w, https:\/\/www.salzburgerland.com\/de\/magazin\/wp-content\/uploads\/2023\/02\/AlpenthermeGastein_GHZ_Aussen_21_WolkersdorferDSC_6177klein-002-607x400.jpg 607w, https:\/\/www.salzburgerland.com\/de\/magazin\/wp-content\/uploads\/2023\/02\/AlpenthermeGastein_GHZ_Aussen_21_WolkersdorferDSC_6177klein-002-1320x870.jpg 1320w, https:\/\/www.salzburgerland.com\/de\/magazin\/wp-content\/uploads\/2023\/02\/AlpenthermeGastein_GHZ_Aussen_21_WolkersdorferDSC_6177klein-002-150x99.jpg 150w\" sizes=\"auto, (max-width: 2500px) 100vw, 2500px\" \/><figcaption class=\"wp-element-caption\">\u00a9 Alpentherme Gastein Gesundheitszentrum<\/figcaption><\/figure>\n\n\n\n<h2 class=\"wp-block-heading\" id=\"h-\"><\/h2>\n\n\n\n<p><\/p>\n\n\n\n<p><\/p>\n","protected":false},"excerpt":{"rendered":"<p>Als ich um acht Uhr morgens etwas verschlafen an Philipps T\u00fcre klopfe, empf\u00e4ngt mich der Sportwissenschaftler mit einem motivierenden L\u00e4cheln. Im Laufe der n\u00e4chsten drei Stunden wird er mich nach allen Regeln der Kunst vermessen. Unsere erste Station an diesem Vormittag ist die Bioelektrische Impedanzanalyse (BIA), bei der ich mehr \u00fcber die Zusammensetzung meines K\u00f6rpers [&hellip;]<\/p>\n","protected":false},"author":317,"featured_media":155090,"comment_status":"open","ping_status":"closed","sticky":false,"template":"","format":"standard","meta":{"_acf_changed":false,"wl_entities_gutenberg":"","_wl_entity_redirect_enabled":"","footnotes":""},"categories":[4],"tags":[],"wl_entity_type":[306],"monatsauswahl":[],"class_list":["post-155088","post","type-post","status-publish","format-standard","has-post-thumbnail","hentry","category-gesundheit","wl_entity_type-article"],"acf":[],"yoast_head":"<!-- This site is optimized with the Yoast SEO Premium plugin v27.4 (Yoast SEO v27.4) - https:\/\/yoast.com\/product\/yoast-seo-premium-wordpress\/ -->\n<title>Alpentherme Gastein Gesundheitszentrum - SalzburgerLand Magazin<\/title>\n<meta name=\"robots\" content=\"index, follow, max-snippet:-1, max-image-preview:large, max-video-preview:-1\" \/>\n<link rel=\"canonical\" href=\"https:\/\/www.salzburgerland.com\/de\/magazin\/alpentherme-gasteingesundheitszentrum\/\" \/>\n<meta property=\"og:locale\" content=\"de_DE\" \/>\n<meta property=\"og:type\" content=\"article\" \/>\n<meta property=\"og:title\" content=\"Alpentherme Gastein Gesundheitszentrum\" \/>\n<meta property=\"og:description\" content=\"Als ich um acht Uhr morgens etwas verschlafen an Philipps T\u00fcre klopfe, empf\u00e4ngt mich der Sportwissenschaftler mit einem motivierenden L\u00e4cheln. Im Laufe der n\u00e4chsten drei Stunden wird er mich nach allen Regeln der Kunst vermessen. Unsere erste Station an diesem Vormittag ist die Bioelektrische Impedanzanalyse (BIA), bei der ich mehr \u00fcber die Zusammensetzung meines K\u00f6rpers [&hellip;]\" \/>\n<meta property=\"og:url\" content=\"https:\/\/www.salzburgerland.com\/de\/magazin\/alpentherme-gasteingesundheitszentrum\/\" \/>\n<meta property=\"og:site_name\" content=\"SalzburgerLand Magazin\" \/>\n<meta property=\"article:publisher\" content=\"https:\/\/www.facebook.com\/salzburgerland\/\" \/>\n<meta property=\"article:published_time\" content=\"2021-06-24T04:59:34+00:00\" \/>\n<meta property=\"article:modified_time\" content=\"2025-10-01T07:32:45+00:00\" \/>\n<meta property=\"og:image\" content=\"https:\/\/www.salzburgerland.com\/de\/magazin\/wp-content\/uploads\/2021\/06\/ags20-kurzentrum-badhofgastein-2-e1624510810381.jpg\" \/>\n\t<meta property=\"og:image:width\" content=\"1920\" \/>\n\t<meta property=\"og:image:height\" content=\"960\" \/>\n\t<meta property=\"og:image:type\" content=\"image\/jpeg\" \/>\n<meta name=\"author\" content=\"Matthias Gruber\" \/>\n<meta name=\"twitter:card\" content=\"summary_large_image\" \/>\n<meta name=\"twitter:creator\" content=\"@Salzburgerland\" \/>\n<meta name=\"twitter:site\" content=\"@Salzburgerland\" \/>\n<meta name=\"twitter:label1\" content=\"Verfasst von\" \/>\n\t<meta name=\"twitter:data1\" content=\"Matthias Gruber\" \/>\n\t<meta name=\"twitter:label2\" content=\"Gesch\u00e4tzte Lesezeit\" \/>\n\t<meta name=\"twitter:data2\" content=\"8\u00a0Minuten\" \/>\n<script type=\"application\/ld+json\" class=\"yoast-schema-graph\">{\"@context\":\"https:\\\/\\\/schema.org\",\"@graph\":[{\"@type\":\"Article\",\"@id\":\"https:\\\/\\\/www.salzburgerland.com\\\/de\\\/magazin\\\/alpentherme-gasteingesundheitszentrum\\\/#article\",\"isPartOf\":{\"@id\":\"https:\\\/\\\/www.salzburgerland.com\\\/de\\\/magazin\\\/alpentherme-gasteingesundheitszentrum\\\/\"},\"author\":{\"name\":\"Matthias Gruber\",\"@id\":\"https:\\\/\\\/www.salzburgerland.com\\\/de\\\/magazin\\\/#\\\/schema\\\/person\\\/500bdadb03275df0a5531483eecc0856\"},\"headline\":\"Alpentherme Gastein Gesundheitszentrum\",\"datePublished\":\"2021-06-24T04:59:34+00:00\",\"dateModified\":\"2025-10-01T07:32:45+00:00\",\"mainEntityOfPage\":{\"@id\":\"https:\\\/\\\/www.salzburgerland.com\\\/de\\\/magazin\\\/alpentherme-gasteingesundheitszentrum\\\/\"},\"wordCount\":1278,\"commentCount\":0,\"publisher\":{\"@id\":\"https:\\\/\\\/www.salzburgerland.com\\\/de\\\/magazin\\\/#organization\"},\"image\":{\"@id\":\"https:\\\/\\\/www.salzburgerland.com\\\/de\\\/magazin\\\/alpentherme-gasteingesundheitszentrum\\\/#primaryimage\"},\"thumbnailUrl\":\"https:\\\/\\\/www.salzburgerland.com\\\/de\\\/magazin\\\/wp-content\\\/uploads\\\/2021\\\/06\\\/ags20-kurzentrum-badhofgastein-2-e1624510810381.jpg\",\"articleSection\":[\"Gesundheit\"],\"inLanguage\":\"de\",\"potentialAction\":[{\"@type\":\"CommentAction\",\"name\":\"Comment\",\"target\":[\"https:\\\/\\\/www.salzburgerland.com\\\/de\\\/magazin\\\/alpentherme-gasteingesundheitszentrum\\\/#respond\"]}]},{\"@type\":\"WebPage\",\"@id\":\"https:\\\/\\\/www.salzburgerland.com\\\/de\\\/magazin\\\/alpentherme-gasteingesundheitszentrum\\\/\",\"url\":\"https:\\\/\\\/www.salzburgerland.com\\\/de\\\/magazin\\\/alpentherme-gasteingesundheitszentrum\\\/\",\"name\":\"Alpentherme Gastein Gesundheitszentrum - SalzburgerLand Magazin\",\"isPartOf\":{\"@id\":\"https:\\\/\\\/www.salzburgerland.com\\\/de\\\/magazin\\\/#website\"},\"primaryImageOfPage\":{\"@id\":\"https:\\\/\\\/www.salzburgerland.com\\\/de\\\/magazin\\\/alpentherme-gasteingesundheitszentrum\\\/#primaryimage\"},\"image\":{\"@id\":\"https:\\\/\\\/www.salzburgerland.com\\\/de\\\/magazin\\\/alpentherme-gasteingesundheitszentrum\\\/#primaryimage\"},\"thumbnailUrl\":\"https:\\\/\\\/www.salzburgerland.com\\\/de\\\/magazin\\\/wp-content\\\/uploads\\\/2021\\\/06\\\/ags20-kurzentrum-badhofgastein-2-e1624510810381.jpg\",\"datePublished\":\"2021-06-24T04:59:34+00:00\",\"dateModified\":\"2025-10-01T07:32:45+00:00\",\"breadcrumb\":{\"@id\":\"https:\\\/\\\/www.salzburgerland.com\\\/de\\\/magazin\\\/alpentherme-gasteingesundheitszentrum\\\/#breadcrumb\"},\"inLanguage\":\"de\",\"potentialAction\":[{\"@type\":\"ReadAction\",\"target\":[\"https:\\\/\\\/www.salzburgerland.com\\\/de\\\/magazin\\\/alpentherme-gasteingesundheitszentrum\\\/\"]}]},{\"@type\":\"ImageObject\",\"inLanguage\":\"de\",\"@id\":\"https:\\\/\\\/www.salzburgerland.com\\\/de\\\/magazin\\\/alpentherme-gasteingesundheitszentrum\\\/#primaryimage\",\"url\":\"https:\\\/\\\/www.salzburgerland.com\\\/de\\\/magazin\\\/wp-content\\\/uploads\\\/2021\\\/06\\\/ags20-kurzentrum-badhofgastein-2-e1624510810381.jpg\",\"contentUrl\":\"https:\\\/\\\/www.salzburgerland.com\\\/de\\\/magazin\\\/wp-content\\\/uploads\\\/2021\\\/06\\\/ags20-kurzentrum-badhofgastein-2-e1624510810381.jpg\",\"width\":1920,\"height\":960,\"caption\":\"\u00a9 Kurzentrum Bad Hofgastein - Philipp Holleis bei der Arbeit\"},{\"@type\":\"BreadcrumbList\",\"@id\":\"https:\\\/\\\/www.salzburgerland.com\\\/de\\\/magazin\\\/alpentherme-gasteingesundheitszentrum\\\/#breadcrumb\",\"itemListElement\":[{\"@type\":\"ListItem\",\"position\":1,\"name\":\"Startseite\",\"item\":\"https:\\\/\\\/www.salzburgerland.com\\\/de\\\/magazin\\\/\"},{\"@type\":\"ListItem\",\"position\":2,\"name\":\"Gesundheit\",\"item\":\"https:\\\/\\\/www.salzburgerland.com\\\/de\\\/magazin\\\/thema\\\/gesundheit\\\/\"},{\"@type\":\"ListItem\",\"position\":3,\"name\":\"Alpentherme Gastein Gesundheitszentrum\"}]},{\"@type\":\"WebSite\",\"@id\":\"https:\\\/\\\/www.salzburgerland.com\\\/de\\\/magazin\\\/#website\",\"url\":\"https:\\\/\\\/www.salzburgerland.com\\\/de\\\/magazin\\\/\",\"name\":\"SalzburgerLand Magazin\",\"description\":\"Geschichten und Interessantes aus dem SalzburgerLand\",\"publisher\":{\"@id\":\"https:\\\/\\\/www.salzburgerland.com\\\/de\\\/magazin\\\/#organization\"},\"potentialAction\":[{\"@type\":\"SearchAction\",\"target\":{\"@type\":\"EntryPoint\",\"urlTemplate\":\"https:\\\/\\\/www.salzburgerland.com\\\/de\\\/magazin\\\/?s={search_term_string}\"},\"query-input\":{\"@type\":\"PropertyValueSpecification\",\"valueRequired\":true,\"valueName\":\"search_term_string\"}}],\"inLanguage\":\"de\"},{\"@type\":\"Organization\",\"@id\":\"https:\\\/\\\/www.salzburgerland.com\\\/de\\\/magazin\\\/#organization\",\"name\":\"SalzburgerLand Tourismus\",\"url\":\"https:\\\/\\\/www.salzburgerland.com\\\/de\\\/magazin\\\/\",\"logo\":{\"@type\":\"ImageObject\",\"inLanguage\":\"de\",\"@id\":\"https:\\\/\\\/www.salzburgerland.com\\\/de\\\/magazin\\\/#\\\/schema\\\/logo\\\/image\\\/\",\"url\":\"https:\\\/\\\/www.salzburgerland.com\\\/de\\\/magazin\\\/wp-content\\\/uploads\\\/2019\\\/06\\\/salzburgerland-logo1.jpg\",\"contentUrl\":\"https:\\\/\\\/www.salzburgerland.com\\\/de\\\/magazin\\\/wp-content\\\/uploads\\\/2019\\\/06\\\/salzburgerland-logo1.jpg\",\"width\":2011,\"height\":866,\"caption\":\"SalzburgerLand Tourismus\"},\"image\":{\"@id\":\"https:\\\/\\\/www.salzburgerland.com\\\/de\\\/magazin\\\/#\\\/schema\\\/logo\\\/image\\\/\"},\"sameAs\":[\"https:\\\/\\\/www.facebook.com\\\/salzburgerland\\\/\",\"https:\\\/\\\/x.com\\\/Salzburgerland\",\"https:\\\/\\\/www.instagram.com\\\/salzburgerland\\\/\",\"https:\\\/\\\/at.linkedin.com\\\/company\\\/salzburgerland-tourismus-gmbh\",\"https:\\\/\\\/www.pinterest.at\\\/salzburgerland\\\/\",\"https:\\\/\\\/www.youtube.com\\\/user\\\/salzburgerland\",\"https:\\\/\\\/de.wikipedia.org\\\/wiki\\\/SalzburgerLand_Tourismus_GmbH\"]},{\"@type\":\"Person\",\"@id\":\"https:\\\/\\\/www.salzburgerland.com\\\/de\\\/magazin\\\/#\\\/schema\\\/person\\\/500bdadb03275df0a5531483eecc0856\",\"name\":\"Matthias Gruber\",\"description\":\"Matthias Gruber wurde 1984 in Wien geboren und ist in der Stadt Salzburg aufgewachsen. Nach seinem Theaterwissenschaftsstudium in Wien und einem Abstecher nach Bologna hat es ihn zur\u00fcck in seine Heimat verschlagen, wo er seit 2009 im Dokumentarfilm, Journalismus und Online-Bereich gearbeitet hat. Er ist Mitgr\u00fcnder und Chefredakteur der Salzburger Stadt-Magazine www.fraeuleinflora.at und QWANT. Mein Logenplatz im SalzburgerLand? Der Blick von meinem Balkon in Salzburgs Bahnhofsviertel, der Elisabeth-Vorstadt. Fr\u00fchling, Sommer, Herbst oder Winter? Egal, Hauptsache die Sonne scheint! Mozart oder Hubert von Goisern? Hubert von Goisern. Meine allererste Audiokassette als Kind \u2013 das hinterl\u00e4sst Spuren! Smoking oder Lederhose? Geht auch Jogginghose? Auf jeden Fall Jogginghose. Und manchmal Smoking. Luxushotel oder Almh\u00fctte? Almh\u00fctte.\",\"url\":\"https:\\\/\\\/www.salzburgerland.com\\\/de\\\/magazin\\\/author\\\/mgruber\\\/\"}]}<\/script>\n<meta property=\"og:video\" content=\"https:\/\/www.youtube.com\/embed\/hmx3yKl55Bc\" \/>\n<meta property=\"og:video:type\" content=\"text\/html\" \/>\n<meta property=\"og:video:duration\" content=\"31\" \/>\n<meta property=\"og:video:width\" content=\"480\" \/>\n<meta property=\"og:video:height\" content=\"270\" \/>\n<meta property=\"ya:ovs:adult\" content=\"false\" \/>\n<meta property=\"ya:ovs:upload_date\" content=\"2021-06-24T04:59:34+00:00\" \/>\n<meta property=\"ya:ovs:allow_embed\" content=\"true\" \/>\n<!-- \/ Yoast SEO Premium plugin. -->","yoast_head_json":{"title":"Alpentherme Gastein Gesundheitszentrum - SalzburgerLand Magazin","robots":{"index":"index","follow":"follow","max-snippet":"max-snippet:-1","max-image-preview":"max-image-preview:large","max-video-preview":"max-video-preview:-1"},"canonical":"https:\/\/www.salzburgerland.com\/de\/magazin\/alpentherme-gasteingesundheitszentrum\/","og_locale":"de_DE","og_type":"article","og_title":"Alpentherme Gastein Gesundheitszentrum","og_description":"Als ich um acht Uhr morgens etwas verschlafen an Philipps T\u00fcre klopfe, empf\u00e4ngt mich der Sportwissenschaftler mit einem motivierenden L\u00e4cheln. Im Laufe der n\u00e4chsten drei Stunden wird er mich nach allen Regeln der Kunst vermessen. Unsere erste Station an diesem Vormittag ist die Bioelektrische Impedanzanalyse (BIA), bei der ich mehr \u00fcber die Zusammensetzung meines K\u00f6rpers [&hellip;]","og_url":"https:\/\/www.salzburgerland.com\/de\/magazin\/alpentherme-gasteingesundheitszentrum\/","og_site_name":"SalzburgerLand Magazin","article_publisher":"https:\/\/www.facebook.com\/salzburgerland\/","article_published_time":"2021-06-24T04:59:34+00:00","article_modified_time":"2025-10-01T07:32:45+00:00","og_image":[{"width":1920,"height":960,"url":"https:\/\/www.salzburgerland.com\/de\/magazin\/wp-content\/uploads\/2021\/06\/ags20-kurzentrum-badhofgastein-2-e1624510810381.jpg","type":"image\/jpeg"}],"author":"Matthias Gruber","twitter_card":"summary_large_image","twitter_creator":"@Salzburgerland","twitter_site":"@Salzburgerland","twitter_misc":{"Verfasst von":"Matthias Gruber","Gesch\u00e4tzte Lesezeit":"8\u00a0Minuten"},"schema":{"@context":"https:\/\/schema.org","@graph":[{"@type":"Article","@id":"https:\/\/www.salzburgerland.com\/de\/magazin\/alpentherme-gasteingesundheitszentrum\/#article","isPartOf":{"@id":"https:\/\/www.salzburgerland.com\/de\/magazin\/alpentherme-gasteingesundheitszentrum\/"},"author":{"name":"Matthias Gruber","@id":"https:\/\/www.salzburgerland.com\/de\/magazin\/#\/schema\/person\/500bdadb03275df0a5531483eecc0856"},"headline":"Alpentherme Gastein Gesundheitszentrum","datePublished":"2021-06-24T04:59:34+00:00","dateModified":"2025-10-01T07:32:45+00:00","mainEntityOfPage":{"@id":"https:\/\/www.salzburgerland.com\/de\/magazin\/alpentherme-gasteingesundheitszentrum\/"},"wordCount":1278,"commentCount":0,"publisher":{"@id":"https:\/\/www.salzburgerland.com\/de\/magazin\/#organization"},"image":{"@id":"https:\/\/www.salzburgerland.com\/de\/magazin\/alpentherme-gasteingesundheitszentrum\/#primaryimage"},"thumbnailUrl":"https:\/\/www.salzburgerland.com\/de\/magazin\/wp-content\/uploads\/2021\/06\/ags20-kurzentrum-badhofgastein-2-e1624510810381.jpg","articleSection":["Gesundheit"],"inLanguage":"de","potentialAction":[{"@type":"CommentAction","name":"Comment","target":["https:\/\/www.salzburgerland.com\/de\/magazin\/alpentherme-gasteingesundheitszentrum\/#respond"]}]},{"@type":"WebPage","@id":"https:\/\/www.salzburgerland.com\/de\/magazin\/alpentherme-gasteingesundheitszentrum\/","url":"https:\/\/www.salzburgerland.com\/de\/magazin\/alpentherme-gasteingesundheitszentrum\/","name":"Alpentherme Gastein Gesundheitszentrum - SalzburgerLand Magazin","isPartOf":{"@id":"https:\/\/www.salzburgerland.com\/de\/magazin\/#website"},"primaryImageOfPage":{"@id":"https:\/\/www.salzburgerland.com\/de\/magazin\/alpentherme-gasteingesundheitszentrum\/#primaryimage"},"image":{"@id":"https:\/\/www.salzburgerland.com\/de\/magazin\/alpentherme-gasteingesundheitszentrum\/#primaryimage"},"thumbnailUrl":"https:\/\/www.salzburgerland.com\/de\/magazin\/wp-content\/uploads\/2021\/06\/ags20-kurzentrum-badhofgastein-2-e1624510810381.jpg","datePublished":"2021-06-24T04:59:34+00:00","dateModified":"2025-10-01T07:32:45+00:00","breadcrumb":{"@id":"https:\/\/www.salzburgerland.com\/de\/magazin\/alpentherme-gasteingesundheitszentrum\/#breadcrumb"},"inLanguage":"de","potentialAction":[{"@type":"ReadAction","target":["https:\/\/www.salzburgerland.com\/de\/magazin\/alpentherme-gasteingesundheitszentrum\/"]}]},{"@type":"ImageObject","inLanguage":"de","@id":"https:\/\/www.salzburgerland.com\/de\/magazin\/alpentherme-gasteingesundheitszentrum\/#primaryimage","url":"https:\/\/www.salzburgerland.com\/de\/magazin\/wp-content\/uploads\/2021\/06\/ags20-kurzentrum-badhofgastein-2-e1624510810381.jpg","contentUrl":"https:\/\/www.salzburgerland.com\/de\/magazin\/wp-content\/uploads\/2021\/06\/ags20-kurzentrum-badhofgastein-2-e1624510810381.jpg","width":1920,"height":960,"caption":"\u00a9 Kurzentrum Bad Hofgastein - Philipp Holleis bei der Arbeit"},{"@type":"BreadcrumbList","@id":"https:\/\/www.salzburgerland.com\/de\/magazin\/alpentherme-gasteingesundheitszentrum\/#breadcrumb","itemListElement":[{"@type":"ListItem","position":1,"name":"Startseite","item":"https:\/\/www.salzburgerland.com\/de\/magazin\/"},{"@type":"ListItem","position":2,"name":"Gesundheit","item":"https:\/\/www.salzburgerland.com\/de\/magazin\/thema\/gesundheit\/"},{"@type":"ListItem","position":3,"name":"Alpentherme Gastein Gesundheitszentrum"}]},{"@type":"WebSite","@id":"https:\/\/www.salzburgerland.com\/de\/magazin\/#website","url":"https:\/\/www.salzburgerland.com\/de\/magazin\/","name":"SalzburgerLand Magazin","description":"Geschichten und Interessantes aus dem SalzburgerLand","publisher":{"@id":"https:\/\/www.salzburgerland.com\/de\/magazin\/#organization"},"potentialAction":[{"@type":"SearchAction","target":{"@type":"EntryPoint","urlTemplate":"https:\/\/www.salzburgerland.com\/de\/magazin\/?s={search_term_string}"},"query-input":{"@type":"PropertyValueSpecification","valueRequired":true,"valueName":"search_term_string"}}],"inLanguage":"de"},{"@type":"Organization","@id":"https:\/\/www.salzburgerland.com\/de\/magazin\/#organization","name":"SalzburgerLand Tourismus","url":"https:\/\/www.salzburgerland.com\/de\/magazin\/","logo":{"@type":"ImageObject","inLanguage":"de","@id":"https:\/\/www.salzburgerland.com\/de\/magazin\/#\/schema\/logo\/image\/","url":"https:\/\/www.salzburgerland.com\/de\/magazin\/wp-content\/uploads\/2019\/06\/salzburgerland-logo1.jpg","contentUrl":"https:\/\/www.salzburgerland.com\/de\/magazin\/wp-content\/uploads\/2019\/06\/salzburgerland-logo1.jpg","width":2011,"height":866,"caption":"SalzburgerLand Tourismus"},"image":{"@id":"https:\/\/www.salzburgerland.com\/de\/magazin\/#\/schema\/logo\/image\/"},"sameAs":["https:\/\/www.facebook.com\/salzburgerland\/","https:\/\/x.com\/Salzburgerland","https:\/\/www.instagram.com\/salzburgerland\/","https:\/\/at.linkedin.com\/company\/salzburgerland-tourismus-gmbh","https:\/\/www.pinterest.at\/salzburgerland\/","https:\/\/www.youtube.com\/user\/salzburgerland","https:\/\/de.wikipedia.org\/wiki\/SalzburgerLand_Tourismus_GmbH"]},{"@type":"Person","@id":"https:\/\/www.salzburgerland.com\/de\/magazin\/#\/schema\/person\/500bdadb03275df0a5531483eecc0856","name":"Matthias Gruber","description":"Matthias Gruber wurde 1984 in Wien geboren und ist in der Stadt Salzburg aufgewachsen. Nach seinem Theaterwissenschaftsstudium in Wien und einem Abstecher nach Bologna hat es ihn zur\u00fcck in seine Heimat verschlagen, wo er seit 2009 im Dokumentarfilm, Journalismus und Online-Bereich gearbeitet hat. Er ist Mitgr\u00fcnder und Chefredakteur der Salzburger Stadt-Magazine www.fraeuleinflora.at und QWANT. Mein Logenplatz im SalzburgerLand? Der Blick von meinem Balkon in Salzburgs Bahnhofsviertel, der Elisabeth-Vorstadt. Fr\u00fchling, Sommer, Herbst oder Winter? Egal, Hauptsache die Sonne scheint! Mozart oder Hubert von Goisern? Hubert von Goisern. Meine allererste Audiokassette als Kind \u2013 das hinterl\u00e4sst Spuren! Smoking oder Lederhose? Geht auch Jogginghose? Auf jeden Fall Jogginghose. Und manchmal Smoking. Luxushotel oder Almh\u00fctte? Almh\u00fctte.","url":"https:\/\/www.salzburgerland.com\/de\/magazin\/author\/mgruber\/"}]},"og_video":"https:\/\/www.youtube.com\/embed\/hmx3yKl55Bc","og_video_type":"text\/html","og_video_duration":"31","og_video_width":"480","og_video_height":"270","ya_ovs_adult":"false","ya_ovs_upload_date":"2021-06-24T04:59:34+00:00","ya_ovs_allow_embed":"true"},"_wl_alt_label":[],"wl:entity_url":"http:\/\/open.salzburgerland.com\/magazin\/post\/kurzentrum_bad_hofgastein","_links":{"self":[{"href":"https:\/\/www.salzburgerland.com\/de\/magazin\/wp-json\/wp\/v2\/posts\/155088","targetHints":{"allow":["GET"]}}],"collection":[{"href":"https:\/\/www.salzburgerland.com\/de\/magazin\/wp-json\/wp\/v2\/posts"}],"about":[{"href":"https:\/\/www.salzburgerland.com\/de\/magazin\/wp-json\/wp\/v2\/types\/post"}],"author":[{"embeddable":true,"href":"https:\/\/www.salzburgerland.com\/de\/magazin\/wp-json\/wp\/v2\/users\/317"}],"replies":[{"embeddable":true,"href":"https:\/\/www.salzburgerland.com\/de\/magazin\/wp-json\/wp\/v2\/comments?post=155088"}],"version-history":[{"count":9,"href":"https:\/\/www.salzburgerland.com\/de\/magazin\/wp-json\/wp\/v2\/posts\/155088\/revisions"}],"predecessor-version":[{"id":184715,"href":"https:\/\/www.salzburgerland.com\/de\/magazin\/wp-json\/wp\/v2\/posts\/155088\/revisions\/184715"}],"wp:featuredmedia":[{"embeddable":true,"href":"https:\/\/www.salzburgerland.com\/de\/magazin\/wp-json\/wp\/v2\/media\/155090"}],"wp:attachment":[{"href":"https:\/\/www.salzburgerland.com\/de\/magazin\/wp-json\/wp\/v2\/media?parent=155088"}],"wp:term":[{"taxonomy":"category","embeddable":true,"href":"https:\/\/www.salzburgerland.com\/de\/magazin\/wp-json\/wp\/v2\/categories?post=155088"},{"taxonomy":"post_tag","embeddable":true,"href":"https:\/\/www.salzburgerland.com\/de\/magazin\/wp-json\/wp\/v2\/tags?post=155088"},{"taxonomy":"wl_entity_type","embeddable":true,"href":"https:\/\/www.salzburgerland.com\/de\/magazin\/wp-json\/wp\/v2\/wl_entity_type?post=155088"},{"taxonomy":"monatsauswahl","embeddable":true,"href":"https:\/\/www.salzburgerland.com\/de\/magazin\/wp-json\/wp\/v2\/monatsauswahl?post=155088"}],"curies":[{"name":"wp","href":"https:\/\/api.w.org\/{rel}","templated":true}]}}