{"id":154831,"date":"2024-03-16T08:00:00","date_gmt":"2024-03-16T07:00:00","guid":{"rendered":"https:\/\/www.salzburgerland.com\/de\/magazin\/?p=154831"},"modified":"2025-07-10T22:59:09","modified_gmt":"2025-07-10T20:59:09","slug":"die-schoensten-gastgaerten-im-salzburgerland","status":"publish","type":"post","link":"https:\/\/www.salzburgerland.com\/de\/magazin\/die-schoensten-gastgaerten-im-salzburgerland\/","title":{"rendered":"Die sch\u00f6nsten Gastg\u00e4rten im SalzburgerLand"},"content":{"rendered":"\n<div class=\"wp-block-slt-top topBlocks\">\n<h2 class=\"wp-block-slt-subtitle\">Top Locations f\u00fcr Gaumenfreuden<\/h2>\n\n\n\n<p class=\"wp-block-slt-intro\">Mittagessen mit herrlichem Blick \u00fcber die Stadt Salzburg, ein Sundowner am Zellersee, atemberaubende Ausblicke auf die Bergwelt oder Alpine K\u00fcche auf Topniveau in Werfen, Golling und Leogang. Und dazu gibt es hausgebrautes, frisch gezapftes Bier, die wohl beste Bratwurst der Welt und jede Menge weitere kulinarische K\u00f6stlichkeiten auf h\u00f6chstem Niveau. Das alles bieten die Gastg\u00e4rten der Restaurants und Gasth\u00e4user im SalzburgerLand. Hier findest du eine Auswahl an Tipps f\u00fcr besondere Gastgarten-Momente \u2013 die im SalzburgerLand ob der Vielzahl an besonderer Locations schier unendlich verl\u00e4ngerbar w\u00e4re. <\/p>\n<\/div>\n\n\n\n<h2 class=\"wp-block-heading\" id=\"h-restaurant-obauer\">Restaurant Obauer<\/h2>\n\n\n\n<figure class=\"wp-block-image size-full\"><img loading=\"lazy\" decoding=\"async\" width=\"2000\" height=\"1333\" src=\"https:\/\/www.salzburgerland.com\/de\/magazin\/wp-content\/uploads\/2024\/03\/11_AW_OBAUER_L1250083.jpg\" alt=\"Gastgarten Restaurant Obauer Werfen SalzburgerLand\" class=\"wp-image-175741\" srcset=\"https:\/\/www.salzburgerland.com\/de\/magazin\/wp-content\/uploads\/2024\/03\/11_AW_OBAUER_L1250083.jpg 2000w, https:\/\/www.salzburgerland.com\/de\/magazin\/wp-content\/uploads\/2024\/03\/11_AW_OBAUER_L1250083-300x200.jpg 300w, https:\/\/www.salzburgerland.com\/de\/magazin\/wp-content\/uploads\/2024\/03\/11_AW_OBAUER_L1250083-1536x1024.jpg 1536w, https:\/\/www.salzburgerland.com\/de\/magazin\/wp-content\/uploads\/2024\/03\/11_AW_OBAUER_L1250083-825x550.jpg 825w, https:\/\/www.salzburgerland.com\/de\/magazin\/wp-content\/uploads\/2024\/03\/11_AW_OBAUER_L1250083-600x400.jpg 600w, https:\/\/www.salzburgerland.com\/de\/magazin\/wp-content\/uploads\/2024\/03\/11_AW_OBAUER_L1250083-1320x880.jpg 1320w, https:\/\/www.salzburgerland.com\/de\/magazin\/wp-content\/uploads\/2024\/03\/11_AW_OBAUER_L1250083-150x100.jpg 150w\" sizes=\"auto, (max-width: 2000px) 100vw, 2000px\" \/><figcaption class=\"wp-element-caption\">Der herrliche Gastgarten der Obauers in Werfen l\u00e4dt zum Genie\u00dfen und Verweilen ein. \u00a9 Restaurant Obauer<\/figcaption><\/figure>\n\n\n\n<p><a href=\"https:\/\/obauer.com\/\">Karl und Rudi Obauer<\/a> z\u00e4hlen seit Jahrzehnten zu den Genussbotschaftern des SalzburgerLandes. Mit ihrer 5-Hauben-gekr\u00f6nten K\u00fcche und den international vielfach ausgezeichneten Gerichten zelebrieren sie in ihrem Restaurant Genuss auf h\u00f6chstem Niveau. Mit ihrer Synergie aus perfekter franz\u00f6sischer Kochtechnik und der Leidenschaft f\u00fcr die kulinarischen Sch\u00e4tze der Region zeigen sie eindrucksvoll, welches Gourmet-Potenzial in der Alpinen K\u00fcche steckt. Das <a href=\"https:\/\/obauer.com\/de\" target=\"_blank\" rel=\"noreferrer noopener\">Restaurant Obauer<\/a> ist ein besonderes Juwel im SalzburgerLand, im Sommer laden die Obauers auch in ihren idyllischen Gastgarten ein. Dort serviert das zuvorkommende Service-Team zwischen alten Obstb\u00e4umen mittags und abends die herrlichen Gerichte. Unser Tipp: Das legend\u00e4re Obauer-Fr\u00fchst\u00fcck ist ein echtes Highlight, das man sich g\u00f6nnen sollte.  <\/p>\n\n\n<div class=\"mag-gallery\"><div class=\"row\"><div class=\"col-6 col-sm-4\"><figure><a class=\"thumb-container\" href=\"https:\/\/www.salzburgerland.com\/de\/magazin\/wp-content\/uploads\/2024\/03\/11_AW_OBAUER_L1250054-1280x1024.jpg\">\t<picture><source media=\"(min-width: 576px)\" srcset=\"https:\/\/www.salzburgerland.com\/de\/magazin\/wp-content\/uploads\/2024\/03\/11_AW_OBAUER_L1250054-325x209.jpg 325w, https:\/\/www.salzburgerland.com\/de\/magazin\/wp-content\/uploads\/2024\/03\/11_AW_OBAUER_L1250054-249x160.jpg 249w\"><\/source><source media=\"(min-width: 0)\" srcset=\"https:\/\/www.salzburgerland.com\/de\/magazin\/wp-content\/uploads\/2024\/03\/11_AW_OBAUER_L1250054-249x160.jpg 249w, https:\/\/www.salzburgerland.com\/de\/magazin\/wp-content\/uploads\/2024\/03\/11_AW_OBAUER_L1250054-325x209.jpg 325w\"><\/source><img decoding=\"async\" alt=\"\" src=\"https:\/\/www.salzburgerland.com\/de\/magazin\/wp-content\/uploads\/2024\/03\/11_AW_OBAUER_L1250054.jpg\">\t<\/picture><figcaption>&copy; Restaurant Obauer<\/figcaption><\/a><\/figure><\/div><div class=\"col-6 col-sm-4\"><figure><a class=\"thumb-container\" href=\"https:\/\/www.salzburgerland.com\/de\/magazin\/wp-content\/uploads\/2024\/03\/11_AW_OBAUER_21596-1280x1024.jpg\">\t<picture><source media=\"(min-width: 576px)\" srcset=\"https:\/\/www.salzburgerland.com\/de\/magazin\/wp-content\/uploads\/2024\/03\/11_AW_OBAUER_21596-325x209.jpg 325w, https:\/\/www.salzburgerland.com\/de\/magazin\/wp-content\/uploads\/2024\/03\/11_AW_OBAUER_21596-249x160.jpg 249w\"><\/source><source media=\"(min-width: 0)\" srcset=\"https:\/\/www.salzburgerland.com\/de\/magazin\/wp-content\/uploads\/2024\/03\/11_AW_OBAUER_21596-249x160.jpg 249w, https:\/\/www.salzburgerland.com\/de\/magazin\/wp-content\/uploads\/2024\/03\/11_AW_OBAUER_21596-325x209.jpg 325w\"><\/source><img decoding=\"async\" alt=\"\" src=\"https:\/\/www.salzburgerland.com\/de\/magazin\/wp-content\/uploads\/2024\/03\/11_AW_OBAUER_21596.jpg\">\t<\/picture><figcaption>&copy; Restaurant Obauer<\/figcaption><\/a><\/figure><\/div><div class=\"col-6 col-sm-4\"><figure><a class=\"thumb-container\" href=\"https:\/\/www.salzburgerland.com\/de\/magazin\/wp-content\/uploads\/2024\/03\/11_Familie-Obauer-1280x1024.jpg\">\t<picture><source media=\"(min-width: 576px)\" srcset=\"https:\/\/www.salzburgerland.com\/de\/magazin\/wp-content\/uploads\/2024\/03\/11_Familie-Obauer-325x209.jpg 325w, https:\/\/www.salzburgerland.com\/de\/magazin\/wp-content\/uploads\/2024\/03\/11_Familie-Obauer-249x160.jpg 249w\"><\/source><source media=\"(min-width: 0)\" srcset=\"https:\/\/www.salzburgerland.com\/de\/magazin\/wp-content\/uploads\/2024\/03\/11_Familie-Obauer-249x160.jpg 249w, https:\/\/www.salzburgerland.com\/de\/magazin\/wp-content\/uploads\/2024\/03\/11_Familie-Obauer-325x209.jpg 325w\"><\/source><img decoding=\"async\" alt=\"\" src=\"https:\/\/www.salzburgerland.com\/de\/magazin\/wp-content\/uploads\/2024\/03\/11_Familie-Obauer.jpg\">\t<\/picture><figcaption>&copy; Restaurant Obauer<\/figcaption><\/a><\/figure><\/div><\/div><figcaption><\/figcaption><\/div>\n\n\n\n<p><strong>Restaurant &amp; Hotel Obauer<\/strong><br>Markt 46<br>5450 Werfen<br><a href=\"https:\/\/obauer.com\/de\">www<\/a><a href=\"https:\/\/obauer.com\/de\" target=\"_blank\" rel=\"noreferrer noopener\">.<\/a><a href=\"https:\/\/obauer.com\/de\">obauer.at<\/a><\/p>\n\n\n\n<h2 class=\"wp-block-heading\" id=\"h-restaurant-stieglkeller\">Restaurant Stieglkeller<\/h2>\n\n\n\n<figure class=\"wp-block-image size-full\"><img loading=\"lazy\" decoding=\"async\" width=\"800\" height=\"437\" src=\"https:\/\/www.salzburgerland.com\/de\/magazin\/wp-content\/uploads\/2021\/06\/unnamed2-1.jpeg\" alt=\"Menschen, die an Gastgartentischen im Freien auf einer Terrasse mit Blick auf eine Stadt mit Kuppelbauten bei Sonnenuntergang essen.\" class=\"wp-image-154846\" srcset=\"https:\/\/www.salzburgerland.com\/de\/magazin\/wp-content\/uploads\/2021\/06\/unnamed2-1.jpeg 800w, https:\/\/www.salzburgerland.com\/de\/magazin\/wp-content\/uploads\/2021\/06\/unnamed2-1-300x164.jpeg 300w, https:\/\/www.salzburgerland.com\/de\/magazin\/wp-content\/uploads\/2021\/06\/unnamed2-1-732x400.jpeg 732w, https:\/\/www.salzburgerland.com\/de\/magazin\/wp-content\/uploads\/2021\/06\/unnamed2-1-150x82.jpeg 150w\" sizes=\"auto, (max-width: 800px) 100vw, 800px\" \/><figcaption class=\"wp-element-caption\">Stieglkeller Salzburg \u00a9 Gassner Gastronomie<\/figcaption><\/figure>\n\n\n\n<p>Ein absoluter Klassiker in der Stadt Salzburg ist unser erster Gastgarten-Tipp. Der Stieglkeller geh\u00f6rt seit vielen Jahren zum Fixtermin f\u00fcr alle, die im Sommer bei gutb\u00fcrgerlichen Gerichten und einem k\u00fchlen Gl\u00e4schen Bier oder einem Radler \u00fcber die Salzburger Altstadt blicken wollen. Direkt am Fu\u00dfe der Festung Hohensalzburg gelegen ist der Gastgarten des Stieglkellers einen Besuch wert.<\/p>\n\n\n\n<p><strong>Restaurant Stieglkeller<\/strong><br>Festungsgasse 10<br>5020 Salzburg<br><a href=\"http:\/\/www.restaurant-stieglkeller.at\" target=\"_blank\" rel=\"noreferrer noopener\">www.restaurant-stieglkeller.at<\/a><\/p>\n\n\n\n<h2 class=\"wp-block-heading\" id=\"h-kirchenwirt-leogang\">Kirchenwirt Leogang<\/h2>\n\n\n\n<figure class=\"wp-block-image size-full\"><img loading=\"lazy\" decoding=\"async\" width=\"1200\" height=\"798\" src=\"https:\/\/www.salzburgerland.com\/de\/magazin\/wp-content\/uploads\/2021\/02\/b3ef1ec3f6aa618236021b9b0f50c426_2b4024_Kirchenwirt_HausansichtF.jpg\" alt=\"Kirchenwirt Leogang, K1316\" class=\"wp-image-149702\" srcset=\"https:\/\/www.salzburgerland.com\/de\/magazin\/wp-content\/uploads\/2021\/02\/b3ef1ec3f6aa618236021b9b0f50c426_2b4024_Kirchenwirt_HausansichtF.jpg 1200w, https:\/\/www.salzburgerland.com\/de\/magazin\/wp-content\/uploads\/2021\/02\/b3ef1ec3f6aa618236021b9b0f50c426_2b4024_Kirchenwirt_HausansichtF-300x200.jpg 300w, https:\/\/www.salzburgerland.com\/de\/magazin\/wp-content\/uploads\/2021\/02\/b3ef1ec3f6aa618236021b9b0f50c426_2b4024_Kirchenwirt_HausansichtF-827x550.jpg 827w, https:\/\/www.salzburgerland.com\/de\/magazin\/wp-content\/uploads\/2021\/02\/b3ef1ec3f6aa618236021b9b0f50c426_2b4024_Kirchenwirt_HausansichtF-602x400.jpg 602w, https:\/\/www.salzburgerland.com\/de\/magazin\/wp-content\/uploads\/2021\/02\/b3ef1ec3f6aa618236021b9b0f50c426_2b4024_Kirchenwirt_HausansichtF-150x100.jpg 150w\" sizes=\"auto, (max-width: 1200px) 100vw, 1200px\" \/><figcaption class=\"wp-element-caption\">@ K1326 Leogang<\/figcaption><\/figure>\n\n\n\n<p>Im wundersch\u00f6nen Pinzgau ist mit dem Kirchenwirt Leogang ein Genuss-Ort unser Tipp, der auf ganz viel Geschichte und Tradition zur\u00fcckblicken kann, kulinarisch aber immer den Blick nach vorne gerichtet hat. Bereits 1326 wurde wurde Wirts- und Gasthaus zum ersten Mal urkundlich erw\u00e4hnt und befindet sich seit \u00fcber 130 Jahren im Besitz der Familie Unterrainer. Heute ist der Kirchenwirt ein Highlight f\u00fcr alle Fans der Alpinen K\u00fcche, die hier von K\u00fcchenchef Stefan Birnbacher auf Topniveau auf den Tellern zelebriert wird. Dazu noch der herrliche Ausblick auf die umliegenden Gipfel \u2013 schon ist der perfekte Genussmoment vollendet.<\/p>\n\n\n\n<p><strong>Gasthof Kirchenwirt<\/strong><br>Leogang Nr. 3<br>5771 Leogang<br><a href=\"https:\/\/www.hotelkirchenwirt.at\/\" target=\"_blank\" rel=\"noreferrer noopener\">www.hotelkirchenwirt.at<\/a><\/p>\n\n\n\n<h2 class=\"wp-block-heading\" id=\"h-gasthof-maria-plain\">Gasthof Maria Plain<\/h2>\n\n\n\n<figure class=\"wp-block-image size-large\"><img loading=\"lazy\" decoding=\"async\" width=\"2000\" height=\"1000\" src=\"https:\/\/www.salzburgerland.com\/de\/magazin\/wp-content\/uploads\/2021\/06\/stadtsalzburg-mariaplain.jpeg\" alt=\"Bunte Blumen und ein Pavillon bilden einen charmanten Gastgarten mit Blick auf die Stadt und die Berge unter blauem Himmel.\" class=\"wp-image-154854\" srcset=\"https:\/\/www.salzburgerland.com\/de\/magazin\/wp-content\/uploads\/2021\/06\/stadtsalzburg-mariaplain.jpeg 2000w, https:\/\/www.salzburgerland.com\/de\/magazin\/wp-content\/uploads\/2021\/06\/stadtsalzburg-mariaplain-300x150.jpeg 300w, https:\/\/www.salzburgerland.com\/de\/magazin\/wp-content\/uploads\/2021\/06\/stadtsalzburg-mariaplain-1536x768.jpeg 1536w, https:\/\/www.salzburgerland.com\/de\/magazin\/wp-content\/uploads\/2021\/06\/stadtsalzburg-mariaplain-1100x550.jpeg 1100w, https:\/\/www.salzburgerland.com\/de\/magazin\/wp-content\/uploads\/2021\/06\/stadtsalzburg-mariaplain-800x400.jpeg 800w, https:\/\/www.salzburgerland.com\/de\/magazin\/wp-content\/uploads\/2021\/06\/stadtsalzburg-mariaplain-1320x660.jpeg 1320w, https:\/\/www.salzburgerland.com\/de\/magazin\/wp-content\/uploads\/2021\/06\/stadtsalzburg-mariaplain-150x75.jpeg 150w\" sizes=\"auto, (max-width: 2000px) 100vw, 2000px\" \/><figcaption class=\"wp-element-caption\">Der herrliche Ausblick \u00fcber die Stadt Salzburg. \u00a9 Gasthaus Maria Plain<\/figcaption><\/figure>\n\n\n\n<p>Nicht minder traditionell und eng mit der Geschichte der Familie Trapp und <a href=\"https:\/\/www.salzburgerland.com\/de\/sound-of-music\/\" target=\"_blank\" rel=\"noreferrer noopener\">Sound of Music<\/a> verbunden, ist der Gasthof Maria Plain. Hier oben, nahe der <a href=\"https:\/\/www.mariaplain.at\/\" target=\"_blank\" rel=\"noreferrer noopener\">Wallfahrtsbasilika Maria Plain<\/a> in Bergheim bei Salzburg, ist der Ausblick \u00fcber die Mozartstadt mit der Festung Hohensalzburg und die dahinterliegende Gebirgskulisse atemberaubend und macht jeden Besuch zu etwas ganz Besonderem. Nicht umsonst ist der Gasthof Maria Plain eine beliebte Hochzeitslocation und pr\u00e4destiniert f\u00fcr\u00b4s Ansto\u00dfen und Genie\u00dfen im herrlichen Gastgarten. Und au\u00dferdem gibt es hier die wohl beste <a href=\"https:\/\/www.mariaplain.com\/de\/kulinarik-bergheim\/plainer-bratwurst.html\" target=\"_blank\" rel=\"noreferrer noopener\">Bratwurst <\/a>der Welt!<\/p>\n\n\n\n<p><strong>Gasthof Maria Plain<\/strong><br>Plainbergweg 38<br>5101 Bergheim bei Salzburg<br><a href=\"https:\/\/www.mariaplain.com\/\">www.mariaplain.at<\/a><\/p>\n\n\n\n<h2 class=\"wp-block-heading\" id=\"h-hotel-restaurant-ammerhauser\">Hotel-Restaurant Ammerhauser<\/h2>\n\n\n\n<figure class=\"wp-block-image size-large\"><img loading=\"lazy\" decoding=\"async\" width=\"2362\" height=\"1572\" src=\"https:\/\/www.salzburgerland.com\/de\/magazin\/wp-content\/uploads\/2021\/06\/Ammerhauser_2017-343-von-67-Bearbeitet.jpeg\" alt=\"Charmante Gastgarten-Terrasse mit Tischen, Sonnenschirmen und Lichtern, eingebettet in G\u00e4rten in der Abendd\u00e4mmerung.\" class=\"wp-image-154856\" srcset=\"https:\/\/www.salzburgerland.com\/de\/magazin\/wp-content\/uploads\/2021\/06\/Ammerhauser_2017-343-von-67-Bearbeitet.jpeg 2362w, https:\/\/www.salzburgerland.com\/de\/magazin\/wp-content\/uploads\/2021\/06\/Ammerhauser_2017-343-von-67-Bearbeitet-300x200.jpeg 300w, https:\/\/www.salzburgerland.com\/de\/magazin\/wp-content\/uploads\/2021\/06\/Ammerhauser_2017-343-von-67-Bearbeitet-1536x1022.jpeg 1536w, https:\/\/www.salzburgerland.com\/de\/magazin\/wp-content\/uploads\/2021\/06\/Ammerhauser_2017-343-von-67-Bearbeitet-2048x1363.jpeg 2048w, https:\/\/www.salzburgerland.com\/de\/magazin\/wp-content\/uploads\/2021\/06\/Ammerhauser_2017-343-von-67-Bearbeitet-826x550.jpeg 826w, https:\/\/www.salzburgerland.com\/de\/magazin\/wp-content\/uploads\/2021\/06\/Ammerhauser_2017-343-von-67-Bearbeitet-601x400.jpeg 601w, https:\/\/www.salzburgerland.com\/de\/magazin\/wp-content\/uploads\/2021\/06\/Ammerhauser_2017-343-von-67-Bearbeitet-1320x879.jpeg 1320w, https:\/\/www.salzburgerland.com\/de\/magazin\/wp-content\/uploads\/2021\/06\/Ammerhauser_2017-343-von-67-Bearbeitet-150x100.jpeg 150w\" sizes=\"auto, (max-width: 2362px) 100vw, 2362px\" \/><figcaption class=\"wp-element-caption\">\u00a9 Hotel Restaurant Ammerhauser Anthering<\/figcaption><\/figure>\n\n\n\n<p>Ein paar Autominuten in Richtung Flachgau liegt ein Geheimtipp f\u00fcr alle, die abseits der Stadt Salzburg einen lauschigen Gastgarten suchen. Im Hotel-Restaurant Ammerhauser in Anthering hat man ihn gefunden, dazu verw\u00f6hnt die K\u00fcche des Hauses mit k\u00f6stlichen Men\u00fcs und herrlichen a la Carte Gerichten. An hei\u00dfen Sommertagen spenden die gro\u00dfen Kastanienb\u00e4ume angenehmen Schatten \u2013 so l\u00e4sst sich der Feierabend stilvoll genie\u00dfen.<\/p>\n\n\n\n<p><strong>Hotel-Restaurant Ammerhauser<\/strong><br>Dorfstra\u00dfe 1<br>5102 Anthering<br><a href=\"http:\/\/www.ammerhauser.at\" target=\"_blank\" rel=\"noreferrer noopener\">www.ammerhauser.at<\/a><\/p>\n\n\n\n<h2 class=\"wp-block-heading\" id=\"h-dollerer-golling\">D\u00f6llerer Golling<\/h2>\n\n\n\n<figure class=\"wp-block-image size-full\"><img loading=\"lazy\" decoding=\"async\" width=\"1382\" height=\"922\" src=\"https:\/\/www.salzburgerland.com\/de\/magazin\/wp-content\/uploads\/2014\/06\/c-Dollerers-GW-Garten-mit-Service_72DPI.jpg\" alt=\"\u00a9 D\u00f6llerer&#039;s GW Garten mit Service_72DPI\" class=\"wp-image-89761\" srcset=\"https:\/\/www.salzburgerland.com\/de\/magazin\/wp-content\/uploads\/2014\/06\/c-Dollerers-GW-Garten-mit-Service_72DPI.jpg 1382w, https:\/\/www.salzburgerland.com\/de\/magazin\/wp-content\/uploads\/2014\/06\/c-Dollerers-GW-Garten-mit-Service_72DPI-300x200.jpg 300w, https:\/\/www.salzburgerland.com\/de\/magazin\/wp-content\/uploads\/2014\/06\/c-Dollerers-GW-Garten-mit-Service_72DPI-824x550.jpg 824w, https:\/\/www.salzburgerland.com\/de\/magazin\/wp-content\/uploads\/2014\/06\/c-Dollerers-GW-Garten-mit-Service_72DPI-600x400.jpg 600w, https:\/\/www.salzburgerland.com\/de\/magazin\/wp-content\/uploads\/2014\/06\/c-Dollerers-GW-Garten-mit-Service_72DPI-1320x881.jpg 1320w\" sizes=\"auto, (max-width: 1382px) 100vw, 1382px\" \/><figcaption class=\"wp-element-caption\">Gastgarten im D\u00f6llerer \u00a9 D\u00f6llerer Genusswelten<\/figcaption><\/figure>\n\n\n\n<p>Dass man in D\u00f6llerers Genusswelten herausragend gut essen kann, ist weit \u00fcber die Grenzen des SalzburgerLandes bekannt. Mit der &#8222;Cuisine Alpine&#8220; positionierte sich der Spitzenkoch international in den Topadressen, wenn es um hochwertige regionale K\u00fcche geht. Doch Christl und Andreas D\u00f6llerer begeistern ihre G\u00e4ste auch mit ihrer sympathischen Art und der Gastfreundschaft, die einem als Genie\u00dfer das Herz aufgehen l\u00e4sst. Das verspricht Genuss pur \u2013 im hochwertig eingerichteten Restaurant, im Wirtshaus oder im stilvoll gestalteten Au\u00dfenbereich, der vor allem im Sommer Lust macht auf ein zus\u00e4tzliches Glaserl Wein &#8230;<\/p>\n\n\n\n<p><strong>D\u00f6llerer Genusswelten<\/strong><br>Markt 56<br>5440 Golling<br><a href=\"https:\/\/www.doellerer.at\/\" target=\"_blank\" rel=\"noreferrer noopener\">www.doellerer.at<\/a><\/p>\n\n\n\n<h2 class=\"wp-block-heading\" id=\"h-auszeit-panorama-restaurant-werfenweng\">Auszeit Panorama Restaurant Werfenweng<\/h2>\n\n\n\n<figure class=\"wp-block-image size-large\"><img loading=\"lazy\" decoding=\"async\" width=\"800\" height=\"489\" src=\"https:\/\/www.salzburgerland.com\/de\/magazin\/wp-content\/uploads\/2017\/05\/PanoramaAuszeit.jpg\" alt=\"PanoramaAuszeit\" class=\"wp-image-115494\" srcset=\"https:\/\/www.salzburgerland.com\/de\/magazin\/wp-content\/uploads\/2017\/05\/PanoramaAuszeit.jpg 800w, https:\/\/www.salzburgerland.com\/de\/magazin\/wp-content\/uploads\/2017\/05\/PanoramaAuszeit-300x183.jpg 300w, https:\/\/www.salzburgerland.com\/de\/magazin\/wp-content\/uploads\/2017\/05\/PanoramaAuszeit-654x400.jpg 654w\" sizes=\"auto, (max-width: 800px) 100vw, 800px\" \/><figcaption class=\"wp-element-caption\">\u00a9 Panorama Auszeit Werfenweng<\/figcaption><\/figure>\n\n\n\n<p>Auszeit deluxe \u00e1 la SalzburgerLand: Umgeben von der eindrucksvollen Gebirgslandschaft von Tennengebirge, Hagengebirge und Hochk\u00f6nig, liegt das Auszeit Panorama Restaurant unmittelbar bei der Bergstation der Rosnerkopfbahn in Werfenweng. Im Sommer kann man hinaufwandern oder die H\u00f6henmeter mit dem Mountainbike oder E-Bike \u00fcberwinden \u2013 oder man f\u00e4hrt mit der Gondelbahn. Egal, wof\u00fcr man sich entscheidet, die Aus- und Fernblicke vom Gastgarten entsch\u00e4digen f\u00fcr jede Schwei\u00dfperle. Und wenn man gedacht hat, man h\u00e4tte bereits den sch\u00f6nsten Sonnenuntergang gesehen \u2013 dann sollte man zum Sundower auch mal zum Auszeit Panorama Restaurant Werfenweng.<\/p>\n\n\n\n<p><strong>Auszeit Panorama Restaurant Werfenweng<\/strong><br>Rosnerk\u00f6pflbahn Bergstation<br>5453 Werfenweng<br><a href=\"http:\/\/www.auszeit-werfenweng.at\" target=\"_blank\" rel=\"noreferrer noopener\">www.auszeit-werfenweng.at<\/a><\/p>\n\n\n\n<h2 class=\"wp-block-heading\" id=\"h-haus-hirt\">Haus Hirt<\/h2>\n\n\n\n<figure class=\"wp-block-image size-large\"><img loading=\"lazy\" decoding=\"async\" width=\"2560\" height=\"1650\" src=\"https:\/\/www.salzburgerland.com\/de\/magazin\/wp-content\/uploads\/2021\/06\/Aufmacher_designhotel-haus-hirt-bad-gastein-outside-klaus-vyhnalek-0-scaled.jpg\" alt=\"Ein Hotel am Berghang mit einer Gastgarten-Terrasse \u00fcberblickt ein \u00fcppiges, gr\u00fcnes Tal unter einem klaren, sonnigen Himmel.\" class=\"wp-image-154853\" srcset=\"https:\/\/www.salzburgerland.com\/de\/magazin\/wp-content\/uploads\/2021\/06\/Aufmacher_designhotel-haus-hirt-bad-gastein-outside-klaus-vyhnalek-0-scaled.jpg 2560w, https:\/\/www.salzburgerland.com\/de\/magazin\/wp-content\/uploads\/2021\/06\/Aufmacher_designhotel-haus-hirt-bad-gastein-outside-klaus-vyhnalek-0-300x193.jpg 300w, https:\/\/www.salzburgerland.com\/de\/magazin\/wp-content\/uploads\/2021\/06\/Aufmacher_designhotel-haus-hirt-bad-gastein-outside-klaus-vyhnalek-0-1536x990.jpg 1536w, https:\/\/www.salzburgerland.com\/de\/magazin\/wp-content\/uploads\/2021\/06\/Aufmacher_designhotel-haus-hirt-bad-gastein-outside-klaus-vyhnalek-0-2048x1320.jpg 2048w, https:\/\/www.salzburgerland.com\/de\/magazin\/wp-content\/uploads\/2021\/06\/Aufmacher_designhotel-haus-hirt-bad-gastein-outside-klaus-vyhnalek-0-853x550.jpg 853w, https:\/\/www.salzburgerland.com\/de\/magazin\/wp-content\/uploads\/2021\/06\/Aufmacher_designhotel-haus-hirt-bad-gastein-outside-klaus-vyhnalek-0-620x400.jpg 620w, https:\/\/www.salzburgerland.com\/de\/magazin\/wp-content\/uploads\/2021\/06\/Aufmacher_designhotel-haus-hirt-bad-gastein-outside-klaus-vyhnalek-0-325x209.jpg 325w, https:\/\/www.salzburgerland.com\/de\/magazin\/wp-content\/uploads\/2021\/06\/Aufmacher_designhotel-haus-hirt-bad-gastein-outside-klaus-vyhnalek-0-249x160.jpg 249w, https:\/\/www.salzburgerland.com\/de\/magazin\/wp-content\/uploads\/2021\/06\/Aufmacher_designhotel-haus-hirt-bad-gastein-outside-klaus-vyhnalek-0-1320x851.jpg 1320w, https:\/\/www.salzburgerland.com\/de\/magazin\/wp-content\/uploads\/2021\/06\/Aufmacher_designhotel-haus-hirt-bad-gastein-outside-klaus-vyhnalek-0-150x97.jpg 150w\" sizes=\"auto, (max-width: 2560px) 100vw, 2560px\" \/><figcaption class=\"wp-element-caption\">Herrlicher Ausblick aufs Gasteinertal. \u00a9 Haus Hirt Gastein<\/figcaption><\/figure>\n\n\n\n<p>Ein Blick \u00fcber Gastein und die Bergwelt des Nationalpark Hohe Tauern und dazu gem\u00fctlich ein Bio-Fr\u00fchst\u00fcck genie\u00dfen. So geht Bergsommer im Gasteinertal! Sch\u00f6ner kann eine Kulisse wohl kaum sein als im Haus Hirt, einem stilvoll umgebauten Landhaus aus den 20er Jahren. Man f\u00fchlt sich wie auf Sommerfrische im SalzburgerLand.<\/p>\n\n\n\n<p><strong>Haus Hirt<\/strong><br>Kaiserhofstrasse 14<br>5640 Bad Gastein<br><a href=\"http:\/\/www.haus-hirt.com\" target=\"_blank\" rel=\"noreferrer noopener\">www.haus-hirt.com<\/a><\/p>\n\n\n\n<h2 class=\"wp-block-heading\" id=\"h-seehotel-bellevue-zell-am-see\">Seehotel Bellevue Zell am See<\/h2>\n\n\n\n<figure class=\"wp-block-image size-large\"><img loading=\"lazy\" decoding=\"async\" width=\"1500\" height=\"1001\" src=\"https:\/\/www.salzburgerland.com\/de\/magazin\/wp-content\/uploads\/2021\/06\/bellevue_csm_609A3076_CC_227_f8b86ea6b3.jpeg\" alt=\"Gastgarten-Lounge bei Kerzenlicht mit See und schneebedeckten Bergen in der Abendd\u00e4mmerung im Hintergrund.\" class=\"wp-image-154838\" srcset=\"https:\/\/www.salzburgerland.com\/de\/magazin\/wp-content\/uploads\/2021\/06\/bellevue_csm_609A3076_CC_227_f8b86ea6b3.jpeg 1500w, https:\/\/www.salzburgerland.com\/de\/magazin\/wp-content\/uploads\/2021\/06\/bellevue_csm_609A3076_CC_227_f8b86ea6b3-300x200.jpeg 300w, https:\/\/www.salzburgerland.com\/de\/magazin\/wp-content\/uploads\/2021\/06\/bellevue_csm_609A3076_CC_227_f8b86ea6b3-824x550.jpeg 824w, https:\/\/www.salzburgerland.com\/de\/magazin\/wp-content\/uploads\/2021\/06\/bellevue_csm_609A3076_CC_227_f8b86ea6b3-599x400.jpeg 599w, https:\/\/www.salzburgerland.com\/de\/magazin\/wp-content\/uploads\/2021\/06\/bellevue_csm_609A3076_CC_227_f8b86ea6b3-1320x881.jpeg 1320w, https:\/\/www.salzburgerland.com\/de\/magazin\/wp-content\/uploads\/2021\/06\/bellevue_csm_609A3076_CC_227_f8b86ea6b3-150x100.jpeg 150w\" sizes=\"auto, (max-width: 1500px) 100vw, 1500px\" \/><figcaption class=\"wp-element-caption\">Einmalige Seestimmungen am Zeller See. \u00a9 Bellevue Zell am See<\/figcaption><\/figure>\n\n\n\n<p>Auf der Sonnenseite des Lebens \u2013 und des Zeller Sees im SalzburgerLand liegt das Seehotel Bellevue in Zell am See. Im wahrsten Sinne des Wortes, denn hier kann man in einzigartigem Ambiente seinen Aperitif zu sich nehmen. Wir m\u00fcssen zugeben: Ein Sundowner at its best. Und auch kulinarisch hat dieser Ort sehr viel zu bieten. Mit Ausblick auf das Kitzsteinhorn und die imposante Bergwelt werden die fein abgestimmten Gerichte von K\u00fcchenchef Michael Schnell kredenzt, ein Fest f\u00fcr Genussmenschen.<\/p>\n\n\n\n<p><strong>Seehotel Bellevue Zell am See<\/strong><br>Seeuferstra\u00dfe 41<br>5700 Zell am See<br><a href=\"http:\/\/www.seehotel-bellevue.at\" target=\"_blank\" rel=\"noreferrer noopener\">www.seehotel-bellevue.at<\/a><\/p>\n\n\n\n<h2 class=\"wp-block-heading\" id=\"h-landgasthof-lockerwirt\">Landgasthof L\u00f6ckerwirt<\/h2>\n\n\n\n<figure class=\"wp-block-image size-large\"><img loading=\"lazy\" decoding=\"async\" width=\"1300\" height=\"867\" src=\"https:\/\/www.salzburgerland.com\/de\/magazin\/wp-content\/uploads\/2021\/06\/gastgarten-loeckerwirt-lungau.jpeg\" alt=\"Drei Personen entspannen sich in einem bezaubernden Gastgarten unter einem belaubten Baum neben einem gelben Geb\u00e4ude mit gr\u00fcner Verkleidung.\" class=\"wp-image-154839\" srcset=\"https:\/\/www.salzburgerland.com\/de\/magazin\/wp-content\/uploads\/2021\/06\/gastgarten-loeckerwirt-lungau.jpeg 1300w, https:\/\/www.salzburgerland.com\/de\/magazin\/wp-content\/uploads\/2021\/06\/gastgarten-loeckerwirt-lungau-300x200.jpeg 300w, https:\/\/www.salzburgerland.com\/de\/magazin\/wp-content\/uploads\/2021\/06\/gastgarten-loeckerwirt-lungau-825x550.jpeg 825w, https:\/\/www.salzburgerland.com\/de\/magazin\/wp-content\/uploads\/2021\/06\/gastgarten-loeckerwirt-lungau-600x400.jpeg 600w, https:\/\/www.salzburgerland.com\/de\/magazin\/wp-content\/uploads\/2021\/06\/gastgarten-loeckerwirt-lungau-150x100.jpeg 150w\" sizes=\"auto, (max-width: 1300px) 100vw, 1300px\" \/><figcaption class=\"wp-element-caption\">\u00a9 Landgasthof L\u00f6ckerwirt<\/figcaption><\/figure>\n\n\n\n<p>Von modern bis klassisch-traditionell genie\u00dft man im Landgasthof L\u00f6ckerwirt, der mit \u00fcber dreihundert Jahren Geschichte, eigener Bio-Landwirtschaft und ganz viel Gesp\u00fcr f\u00fcr Regionalit\u00e4t und Gastfreundschaft aufwartet. Das sp\u00fcrt man sofort, wenn man im L\u00f6ckerwirt in St. Margarethen, inmitten des <a href=\"https:\/\/www.biosphaerenpark.eu\/\" target=\"_blank\" rel=\"noreferrer noopener\">Biosph\u00e4renpark Lungau<\/a>, im Gastgarten Platz nimmt. Die Liebe zu den (selbstgemachten) Produkten schmeckt man in jedem Gericht und als Gast kann man sich zur\u00fccklehnen und die Ruhe mitten in der Natur genie\u00dfen.<\/p>\n\n\n\n<p><strong>Landgasthof L\u00f6ckerwirt<\/strong><br>Dorfstra\u00dfe 25<br>5581 St. Margarethen<br><a href=\"http:\/\/www.loeckerwirt.at\" target=\"_blank\" rel=\"noreferrer noopener\">www.loeckerwirt.at<\/a><\/p>\n\n\n\n<h2 class=\"wp-block-heading\" id=\"h-weyringer-henndorf\">Weyringer Henndorf<\/h2>\n\n\n\n<figure class=\"wp-block-image size-full\"><img loading=\"lazy\" decoding=\"async\" width=\"1600\" height=\"1067\" src=\"https:\/\/www.salzburgerland.com\/de\/magazin\/wp-content\/uploads\/2019\/05\/4040_Terrasse_c-Ian-Ehm.jpg\" alt=\"Restaurant Weyringer Wallersee Henndorf SalzburgerLand\" class=\"wp-image-130878\" srcset=\"https:\/\/www.salzburgerland.com\/de\/magazin\/wp-content\/uploads\/2019\/05\/4040_Terrasse_c-Ian-Ehm.jpg 1600w, https:\/\/www.salzburgerland.com\/de\/magazin\/wp-content\/uploads\/2019\/05\/4040_Terrasse_c-Ian-Ehm-300x200.jpg 300w, https:\/\/www.salzburgerland.com\/de\/magazin\/wp-content\/uploads\/2019\/05\/4040_Terrasse_c-Ian-Ehm-825x550.jpg 825w, https:\/\/www.salzburgerland.com\/de\/magazin\/wp-content\/uploads\/2019\/05\/4040_Terrasse_c-Ian-Ehm-600x400.jpg 600w, https:\/\/www.salzburgerland.com\/de\/magazin\/wp-content\/uploads\/2019\/05\/4040_Terrasse_c-Ian-Ehm-1320x880.jpg 1320w\" sizes=\"auto, (max-width: 1600px) 100vw, 1600px\" \/><figcaption class=\"wp-element-caption\">@ Restaurant Weyringer \/ Ian Ehm<\/figcaption><\/figure>\n\n\n\n<p>Der Koch mit den bunten Hosen und den drei Hauben von Gault &amp; Millau ist eines der kulinarischen Aush\u00e4ngeschilder des Flachgaus. Mit seinem Genuss Know-how, das er sich bei den Obauers in Werfen und bei seinen Stationen rund um den Globus angeeignet hat, zelebriert er die Fusion von regionalen Produkten aus der Region mit internationalen Kochstilen und Geschmacksnuancen. Diese genie\u00dft man an sch\u00f6nen Sommertagen auf der herrlichen Terrasse direkt zum Wallersee hin mit Blick \u00fcber das Wasser, in dem sich der Sonnenuntergang spiegelt. Einfach unwiderstehlich sch\u00f6n &#8230;<\/p>\n\n\n\n<p><strong>Restaurant Weyringer Wallersee<\/strong><br>Fenning 7a<br>5301 Henndorf am Wallersee<br><a href=\"http:\/\/www.weyringer-wallersee.at\/\" target=\"_blank\" rel=\"noreferrer noopener\">www.weyringer-wallersee.at<\/a><\/p>\n\n\n\n<p>Abseits unserer Tipps gibt es noch zahlreiche weitere Genuss-Highlights mit herrlichen Gastg\u00e4rten und Terrassen wie der Steinerwirt Zell am See, das Batzenh\u00e4usl St. Gilgen, der Bertahof in Bad Hofgastein, der Schlosswirt zu Anif, der Holznerwirt in Eugendorf, Huber&#8217;s im Fischerwirt oder der Weiserhof by Jules in der Stadt Salzburg. <\/p>\n\n\n\n<p>Wir w\u00fcnschen euch viele kulinarische Highlights in den Sommermonaten im SalzburgerLand!<\/p>\n","protected":false},"excerpt":{"rendered":"<p>Restaurant Obauer Karl und Rudi Obauer z\u00e4hlen seit Jahrzehnten zu den Genussbotschaftern des SalzburgerLandes. Mit ihrer 5-Hauben-gekr\u00f6nten K\u00fcche und den international vielfach ausgezeichneten Gerichten zelebrieren sie in ihrem Restaurant Genuss auf h\u00f6chstem Niveau. Mit ihrer Synergie aus perfekter franz\u00f6sischer Kochtechnik und der Leidenschaft f\u00fcr die kulinarischen Sch\u00e4tze der Region zeigen sie eindrucksvoll, welches Gourmet-Potenzial in [&hellip;]<\/p>\n","protected":false},"author":544,"featured_media":154541,"comment_status":"open","ping_status":"closed","sticky":false,"template":"","format":"standard","meta":{"_acf_changed":false,"wl_entities_gutenberg":"","_wl_entity_redirect_enabled":"","footnotes":""},"categories":[3],"tags":[],"wl_entity_type":[306],"monatsauswahl":[82,83,84,85,86,87,88,89,90,91,92,93],"class_list":["post-154831","post","type-post","status-publish","format-standard","has-post-thumbnail","hentry","category-essen-trinken","wl_entity_type-article","monatsauswahl-monat_1","monatsauswahl-monat_2","monatsauswahl-monat_3","monatsauswahl-monat_4","monatsauswahl-monat_5","monatsauswahl-monat_6","monatsauswahl-monat_7","monatsauswahl-monat_8","monatsauswahl-monat_9","monatsauswahl-monat_10","monatsauswahl-monat_11","monatsauswahl-monat_12"],"acf":[],"yoast_head":"<!-- This site is optimized with the Yoast SEO Premium plugin v27.4 (Yoast SEO v27.4) - https:\/\/yoast.com\/product\/yoast-seo-premium-wordpress\/ -->\n<title>Die sch\u00f6nsten Gastg\u00e4rten im SalzburgerLand - SalzburgerLand Magazin<\/title>\n<meta name=\"description\" content=\"Mittagessen mit herrlichem Blick \u00fcber die Stadt Salzburg, ein Sundowner am Zeller See oder atemberaubende Ausblicke auf die Bergwelt. Das alles bieten die Gastg\u00e4rten im SalzburgerLand.\" \/>\n<meta name=\"robots\" content=\"index, follow, max-snippet:-1, max-image-preview:large, max-video-preview:-1\" \/>\n<link rel=\"canonical\" href=\"https:\/\/www.salzburgerland.com\/de\/magazin\/die-schoensten-gastgaerten-im-salzburgerland\/\" \/>\n<meta property=\"og:locale\" content=\"de_DE\" \/>\n<meta property=\"og:type\" content=\"article\" \/>\n<meta property=\"og:title\" content=\"Die sch\u00f6nsten Gastg\u00e4rten im SalzburgerLand\" \/>\n<meta property=\"og:description\" content=\"Mittagessen mit herrlichem Blick \u00fcber die Stadt Salzburg, ein Sundowner am Zeller See oder atemberaubende Ausblicke auf die Bergwelt. Das alles bieten die Gastg\u00e4rten im SalzburgerLand.\" \/>\n<meta property=\"og:url\" content=\"https:\/\/www.salzburgerland.com\/de\/magazin\/die-schoensten-gastgaerten-im-salzburgerland\/\" \/>\n<meta property=\"og:site_name\" content=\"SalzburgerLand Magazin\" \/>\n<meta property=\"article:publisher\" content=\"https:\/\/www.facebook.com\/salzburgerland\/\" \/>\n<meta property=\"article:published_time\" content=\"2024-03-16T07:00:00+00:00\" \/>\n<meta property=\"article:modified_time\" content=\"2025-07-10T20:59:09+00:00\" \/>\n<meta property=\"og:image\" content=\"https:\/\/www.salzburgerland.com\/de\/magazin\/wp-content\/uploads\/2021\/06\/Brunnwirt_ESSEN_der-Garten-scaled.jpg\" \/>\n\t<meta property=\"og:image:width\" content=\"2560\" \/>\n\t<meta property=\"og:image:height\" content=\"1704\" \/>\n\t<meta property=\"og:image:type\" content=\"image\/jpeg\" \/>\n<meta name=\"author\" content=\"G\u00fcnter Baumgartner\" \/>\n<meta name=\"twitter:card\" content=\"summary_large_image\" \/>\n<meta name=\"twitter:creator\" content=\"@Salzburgerland\" \/>\n<meta name=\"twitter:site\" content=\"@Salzburgerland\" \/>\n<meta name=\"twitter:label1\" content=\"Verfasst von\" \/>\n\t<meta name=\"twitter:data1\" content=\"G\u00fcnter Baumgartner\" \/>\n\t<meta name=\"twitter:label2\" content=\"Gesch\u00e4tzte Lesezeit\" \/>\n\t<meta name=\"twitter:data2\" content=\"10\u00a0Minuten\" \/>\n<script type=\"application\/ld+json\" class=\"yoast-schema-graph\">{\"@context\":\"https:\\\/\\\/schema.org\",\"@graph\":[{\"@type\":\"Article\",\"@id\":\"https:\\\/\\\/www.salzburgerland.com\\\/de\\\/magazin\\\/die-schoensten-gastgaerten-im-salzburgerland\\\/#article\",\"isPartOf\":{\"@id\":\"https:\\\/\\\/www.salzburgerland.com\\\/de\\\/magazin\\\/die-schoensten-gastgaerten-im-salzburgerland\\\/\"},\"author\":{\"name\":\"G\u00fcnter Baumgartner\",\"@id\":\"https:\\\/\\\/www.salzburgerland.com\\\/de\\\/magazin\\\/#\\\/schema\\\/person\\\/2e0abbe9392136e19ff0d5c5721aea87\"},\"headline\":\"Die sch\u00f6nsten Gastg\u00e4rten im SalzburgerLand\",\"datePublished\":\"2024-03-16T07:00:00+00:00\",\"dateModified\":\"2025-07-10T20:59:09+00:00\",\"mainEntityOfPage\":{\"@id\":\"https:\\\/\\\/www.salzburgerland.com\\\/de\\\/magazin\\\/die-schoensten-gastgaerten-im-salzburgerland\\\/\"},\"wordCount\":1312,\"commentCount\":0,\"publisher\":{\"@id\":\"https:\\\/\\\/www.salzburgerland.com\\\/de\\\/magazin\\\/#organization\"},\"image\":{\"@id\":\"https:\\\/\\\/www.salzburgerland.com\\\/de\\\/magazin\\\/die-schoensten-gastgaerten-im-salzburgerland\\\/#primaryimage\"},\"thumbnailUrl\":\"https:\\\/\\\/www.salzburgerland.com\\\/de\\\/magazin\\\/wp-content\\\/uploads\\\/2021\\\/06\\\/Brunnwirt_ESSEN_der-Garten-scaled.jpg\",\"articleSection\":[\"Essen &amp; Trinken\"],\"inLanguage\":\"de\",\"potentialAction\":[{\"@type\":\"CommentAction\",\"name\":\"Comment\",\"target\":[\"https:\\\/\\\/www.salzburgerland.com\\\/de\\\/magazin\\\/die-schoensten-gastgaerten-im-salzburgerland\\\/#respond\"]}]},{\"@type\":\"WebPage\",\"@id\":\"https:\\\/\\\/www.salzburgerland.com\\\/de\\\/magazin\\\/die-schoensten-gastgaerten-im-salzburgerland\\\/\",\"url\":\"https:\\\/\\\/www.salzburgerland.com\\\/de\\\/magazin\\\/die-schoensten-gastgaerten-im-salzburgerland\\\/\",\"name\":\"Die sch\u00f6nsten Gastg\u00e4rten im SalzburgerLand - SalzburgerLand Magazin\",\"isPartOf\":{\"@id\":\"https:\\\/\\\/www.salzburgerland.com\\\/de\\\/magazin\\\/#website\"},\"primaryImageOfPage\":{\"@id\":\"https:\\\/\\\/www.salzburgerland.com\\\/de\\\/magazin\\\/die-schoensten-gastgaerten-im-salzburgerland\\\/#primaryimage\"},\"image\":{\"@id\":\"https:\\\/\\\/www.salzburgerland.com\\\/de\\\/magazin\\\/die-schoensten-gastgaerten-im-salzburgerland\\\/#primaryimage\"},\"thumbnailUrl\":\"https:\\\/\\\/www.salzburgerland.com\\\/de\\\/magazin\\\/wp-content\\\/uploads\\\/2021\\\/06\\\/Brunnwirt_ESSEN_der-Garten-scaled.jpg\",\"datePublished\":\"2024-03-16T07:00:00+00:00\",\"dateModified\":\"2025-07-10T20:59:09+00:00\",\"description\":\"Mittagessen mit herrlichem Blick \u00fcber die Stadt Salzburg, ein Sundowner am Zeller See oder atemberaubende Ausblicke auf die Bergwelt. Das alles bieten die Gastg\u00e4rten im SalzburgerLand.\",\"breadcrumb\":{\"@id\":\"https:\\\/\\\/www.salzburgerland.com\\\/de\\\/magazin\\\/die-schoensten-gastgaerten-im-salzburgerland\\\/#breadcrumb\"},\"inLanguage\":\"de\",\"potentialAction\":[{\"@type\":\"ReadAction\",\"target\":[\"https:\\\/\\\/www.salzburgerland.com\\\/de\\\/magazin\\\/die-schoensten-gastgaerten-im-salzburgerland\\\/\"]}]},{\"@type\":\"ImageObject\",\"inLanguage\":\"de\",\"@id\":\"https:\\\/\\\/www.salzburgerland.com\\\/de\\\/magazin\\\/die-schoensten-gastgaerten-im-salzburgerland\\\/#primaryimage\",\"url\":\"https:\\\/\\\/www.salzburgerland.com\\\/de\\\/magazin\\\/wp-content\\\/uploads\\\/2021\\\/06\\\/Brunnwirt_ESSEN_der-Garten-scaled.jpg\",\"contentUrl\":\"https:\\\/\\\/www.salzburgerland.com\\\/de\\\/magazin\\\/wp-content\\\/uploads\\\/2021\\\/06\\\/Brunnwirt_ESSEN_der-Garten-scaled.jpg\",\"width\":2560,\"height\":1704,\"caption\":\"Garten \u00a9 Johannes Kernmayer\"},{\"@type\":\"BreadcrumbList\",\"@id\":\"https:\\\/\\\/www.salzburgerland.com\\\/de\\\/magazin\\\/die-schoensten-gastgaerten-im-salzburgerland\\\/#breadcrumb\",\"itemListElement\":[{\"@type\":\"ListItem\",\"position\":1,\"name\":\"Startseite\",\"item\":\"https:\\\/\\\/www.salzburgerland.com\\\/de\\\/magazin\\\/\"},{\"@type\":\"ListItem\",\"position\":2,\"name\":\"Essen &amp; Trinken\",\"item\":\"https:\\\/\\\/www.salzburgerland.com\\\/de\\\/magazin\\\/thema\\\/essen-trinken\\\/\"},{\"@type\":\"ListItem\",\"position\":3,\"name\":\"Die sch\u00f6nsten Gastg\u00e4rten im SalzburgerLand\"}]},{\"@type\":\"WebSite\",\"@id\":\"https:\\\/\\\/www.salzburgerland.com\\\/de\\\/magazin\\\/#website\",\"url\":\"https:\\\/\\\/www.salzburgerland.com\\\/de\\\/magazin\\\/\",\"name\":\"SalzburgerLand Magazin\",\"description\":\"Geschichten und Interessantes aus dem SalzburgerLand\",\"publisher\":{\"@id\":\"https:\\\/\\\/www.salzburgerland.com\\\/de\\\/magazin\\\/#organization\"},\"potentialAction\":[{\"@type\":\"SearchAction\",\"target\":{\"@type\":\"EntryPoint\",\"urlTemplate\":\"https:\\\/\\\/www.salzburgerland.com\\\/de\\\/magazin\\\/?s={search_term_string}\"},\"query-input\":{\"@type\":\"PropertyValueSpecification\",\"valueRequired\":true,\"valueName\":\"search_term_string\"}}],\"inLanguage\":\"de\"},{\"@type\":\"Organization\",\"@id\":\"https:\\\/\\\/www.salzburgerland.com\\\/de\\\/magazin\\\/#organization\",\"name\":\"SalzburgerLand Tourismus\",\"url\":\"https:\\\/\\\/www.salzburgerland.com\\\/de\\\/magazin\\\/\",\"logo\":{\"@type\":\"ImageObject\",\"inLanguage\":\"de\",\"@id\":\"https:\\\/\\\/www.salzburgerland.com\\\/de\\\/magazin\\\/#\\\/schema\\\/logo\\\/image\\\/\",\"url\":\"https:\\\/\\\/www.salzburgerland.com\\\/de\\\/magazin\\\/wp-content\\\/uploads\\\/2019\\\/06\\\/salzburgerland-logo1.jpg\",\"contentUrl\":\"https:\\\/\\\/www.salzburgerland.com\\\/de\\\/magazin\\\/wp-content\\\/uploads\\\/2019\\\/06\\\/salzburgerland-logo1.jpg\",\"width\":2011,\"height\":866,\"caption\":\"SalzburgerLand Tourismus\"},\"image\":{\"@id\":\"https:\\\/\\\/www.salzburgerland.com\\\/de\\\/magazin\\\/#\\\/schema\\\/logo\\\/image\\\/\"},\"sameAs\":[\"https:\\\/\\\/www.facebook.com\\\/salzburgerland\\\/\",\"https:\\\/\\\/x.com\\\/Salzburgerland\",\"https:\\\/\\\/www.instagram.com\\\/salzburgerland\\\/\",\"https:\\\/\\\/at.linkedin.com\\\/company\\\/salzburgerland-tourismus-gmbh\",\"https:\\\/\\\/www.pinterest.at\\\/salzburgerland\\\/\",\"https:\\\/\\\/www.youtube.com\\\/user\\\/salzburgerland\",\"https:\\\/\\\/de.wikipedia.org\\\/wiki\\\/SalzburgerLand_Tourismus_GmbH\"]},{\"@type\":\"Person\",\"@id\":\"https:\\\/\\\/www.salzburgerland.com\\\/de\\\/magazin\\\/#\\\/schema\\\/person\\\/2e0abbe9392136e19ff0d5c5721aea87\",\"name\":\"G\u00fcnter Baumgartner\",\"url\":\"https:\\\/\\\/www.salzburgerland.com\\\/de\\\/magazin\\\/author\\\/guenter-baumgartner\\\/\"}]}<\/script>\n<!-- \/ Yoast SEO Premium plugin. -->","yoast_head_json":{"title":"Die sch\u00f6nsten Gastg\u00e4rten im SalzburgerLand - SalzburgerLand Magazin","description":"Mittagessen mit herrlichem Blick \u00fcber die Stadt Salzburg, ein Sundowner am Zeller See oder atemberaubende Ausblicke auf die Bergwelt. Das alles bieten die Gastg\u00e4rten im SalzburgerLand.","robots":{"index":"index","follow":"follow","max-snippet":"max-snippet:-1","max-image-preview":"max-image-preview:large","max-video-preview":"max-video-preview:-1"},"canonical":"https:\/\/www.salzburgerland.com\/de\/magazin\/die-schoensten-gastgaerten-im-salzburgerland\/","og_locale":"de_DE","og_type":"article","og_title":"Die sch\u00f6nsten Gastg\u00e4rten im SalzburgerLand","og_description":"Mittagessen mit herrlichem Blick \u00fcber die Stadt Salzburg, ein Sundowner am Zeller See oder atemberaubende Ausblicke auf die Bergwelt. Das alles bieten die Gastg\u00e4rten im SalzburgerLand.","og_url":"https:\/\/www.salzburgerland.com\/de\/magazin\/die-schoensten-gastgaerten-im-salzburgerland\/","og_site_name":"SalzburgerLand Magazin","article_publisher":"https:\/\/www.facebook.com\/salzburgerland\/","article_published_time":"2024-03-16T07:00:00+00:00","article_modified_time":"2025-07-10T20:59:09+00:00","og_image":[{"width":2560,"height":1704,"url":"https:\/\/www.salzburgerland.com\/de\/magazin\/wp-content\/uploads\/2021\/06\/Brunnwirt_ESSEN_der-Garten-scaled.jpg","type":"image\/jpeg"}],"author":"G\u00fcnter Baumgartner","twitter_card":"summary_large_image","twitter_creator":"@Salzburgerland","twitter_site":"@Salzburgerland","twitter_misc":{"Verfasst von":"G\u00fcnter Baumgartner","Gesch\u00e4tzte Lesezeit":"10\u00a0Minuten"},"schema":{"@context":"https:\/\/schema.org","@graph":[{"@type":"Article","@id":"https:\/\/www.salzburgerland.com\/de\/magazin\/die-schoensten-gastgaerten-im-salzburgerland\/#article","isPartOf":{"@id":"https:\/\/www.salzburgerland.com\/de\/magazin\/die-schoensten-gastgaerten-im-salzburgerland\/"},"author":{"name":"G\u00fcnter Baumgartner","@id":"https:\/\/www.salzburgerland.com\/de\/magazin\/#\/schema\/person\/2e0abbe9392136e19ff0d5c5721aea87"},"headline":"Die sch\u00f6nsten Gastg\u00e4rten im SalzburgerLand","datePublished":"2024-03-16T07:00:00+00:00","dateModified":"2025-07-10T20:59:09+00:00","mainEntityOfPage":{"@id":"https:\/\/www.salzburgerland.com\/de\/magazin\/die-schoensten-gastgaerten-im-salzburgerland\/"},"wordCount":1312,"commentCount":0,"publisher":{"@id":"https:\/\/www.salzburgerland.com\/de\/magazin\/#organization"},"image":{"@id":"https:\/\/www.salzburgerland.com\/de\/magazin\/die-schoensten-gastgaerten-im-salzburgerland\/#primaryimage"},"thumbnailUrl":"https:\/\/www.salzburgerland.com\/de\/magazin\/wp-content\/uploads\/2021\/06\/Brunnwirt_ESSEN_der-Garten-scaled.jpg","articleSection":["Essen &amp; Trinken"],"inLanguage":"de","potentialAction":[{"@type":"CommentAction","name":"Comment","target":["https:\/\/www.salzburgerland.com\/de\/magazin\/die-schoensten-gastgaerten-im-salzburgerland\/#respond"]}]},{"@type":"WebPage","@id":"https:\/\/www.salzburgerland.com\/de\/magazin\/die-schoensten-gastgaerten-im-salzburgerland\/","url":"https:\/\/www.salzburgerland.com\/de\/magazin\/die-schoensten-gastgaerten-im-salzburgerland\/","name":"Die sch\u00f6nsten Gastg\u00e4rten im SalzburgerLand - SalzburgerLand Magazin","isPartOf":{"@id":"https:\/\/www.salzburgerland.com\/de\/magazin\/#website"},"primaryImageOfPage":{"@id":"https:\/\/www.salzburgerland.com\/de\/magazin\/die-schoensten-gastgaerten-im-salzburgerland\/#primaryimage"},"image":{"@id":"https:\/\/www.salzburgerland.com\/de\/magazin\/die-schoensten-gastgaerten-im-salzburgerland\/#primaryimage"},"thumbnailUrl":"https:\/\/www.salzburgerland.com\/de\/magazin\/wp-content\/uploads\/2021\/06\/Brunnwirt_ESSEN_der-Garten-scaled.jpg","datePublished":"2024-03-16T07:00:00+00:00","dateModified":"2025-07-10T20:59:09+00:00","description":"Mittagessen mit herrlichem Blick \u00fcber die Stadt Salzburg, ein Sundowner am Zeller See oder atemberaubende Ausblicke auf die Bergwelt. Das alles bieten die Gastg\u00e4rten im SalzburgerLand.","breadcrumb":{"@id":"https:\/\/www.salzburgerland.com\/de\/magazin\/die-schoensten-gastgaerten-im-salzburgerland\/#breadcrumb"},"inLanguage":"de","potentialAction":[{"@type":"ReadAction","target":["https:\/\/www.salzburgerland.com\/de\/magazin\/die-schoensten-gastgaerten-im-salzburgerland\/"]}]},{"@type":"ImageObject","inLanguage":"de","@id":"https:\/\/www.salzburgerland.com\/de\/magazin\/die-schoensten-gastgaerten-im-salzburgerland\/#primaryimage","url":"https:\/\/www.salzburgerland.com\/de\/magazin\/wp-content\/uploads\/2021\/06\/Brunnwirt_ESSEN_der-Garten-scaled.jpg","contentUrl":"https:\/\/www.salzburgerland.com\/de\/magazin\/wp-content\/uploads\/2021\/06\/Brunnwirt_ESSEN_der-Garten-scaled.jpg","width":2560,"height":1704,"caption":"Garten \u00a9 Johannes Kernmayer"},{"@type":"BreadcrumbList","@id":"https:\/\/www.salzburgerland.com\/de\/magazin\/die-schoensten-gastgaerten-im-salzburgerland\/#breadcrumb","itemListElement":[{"@type":"ListItem","position":1,"name":"Startseite","item":"https:\/\/www.salzburgerland.com\/de\/magazin\/"},{"@type":"ListItem","position":2,"name":"Essen &amp; Trinken","item":"https:\/\/www.salzburgerland.com\/de\/magazin\/thema\/essen-trinken\/"},{"@type":"ListItem","position":3,"name":"Die sch\u00f6nsten Gastg\u00e4rten im SalzburgerLand"}]},{"@type":"WebSite","@id":"https:\/\/www.salzburgerland.com\/de\/magazin\/#website","url":"https:\/\/www.salzburgerland.com\/de\/magazin\/","name":"SalzburgerLand Magazin","description":"Geschichten und Interessantes aus dem SalzburgerLand","publisher":{"@id":"https:\/\/www.salzburgerland.com\/de\/magazin\/#organization"},"potentialAction":[{"@type":"SearchAction","target":{"@type":"EntryPoint","urlTemplate":"https:\/\/www.salzburgerland.com\/de\/magazin\/?s={search_term_string}"},"query-input":{"@type":"PropertyValueSpecification","valueRequired":true,"valueName":"search_term_string"}}],"inLanguage":"de"},{"@type":"Organization","@id":"https:\/\/www.salzburgerland.com\/de\/magazin\/#organization","name":"SalzburgerLand Tourismus","url":"https:\/\/www.salzburgerland.com\/de\/magazin\/","logo":{"@type":"ImageObject","inLanguage":"de","@id":"https:\/\/www.salzburgerland.com\/de\/magazin\/#\/schema\/logo\/image\/","url":"https:\/\/www.salzburgerland.com\/de\/magazin\/wp-content\/uploads\/2019\/06\/salzburgerland-logo1.jpg","contentUrl":"https:\/\/www.salzburgerland.com\/de\/magazin\/wp-content\/uploads\/2019\/06\/salzburgerland-logo1.jpg","width":2011,"height":866,"caption":"SalzburgerLand Tourismus"},"image":{"@id":"https:\/\/www.salzburgerland.com\/de\/magazin\/#\/schema\/logo\/image\/"},"sameAs":["https:\/\/www.facebook.com\/salzburgerland\/","https:\/\/x.com\/Salzburgerland","https:\/\/www.instagram.com\/salzburgerland\/","https:\/\/at.linkedin.com\/company\/salzburgerland-tourismus-gmbh","https:\/\/www.pinterest.at\/salzburgerland\/","https:\/\/www.youtube.com\/user\/salzburgerland","https:\/\/de.wikipedia.org\/wiki\/SalzburgerLand_Tourismus_GmbH"]},{"@type":"Person","@id":"https:\/\/www.salzburgerland.com\/de\/magazin\/#\/schema\/person\/2e0abbe9392136e19ff0d5c5721aea87","name":"G\u00fcnter Baumgartner","url":"https:\/\/www.salzburgerland.com\/de\/magazin\/author\/guenter-baumgartner\/"}]}},"_wl_alt_label":[],"wl:entity_url":"http:\/\/open.salzburgerland.com\/magazin\/post\/schoene_gastgarten_im_salzburgerland","_links":{"self":[{"href":"https:\/\/www.salzburgerland.com\/de\/magazin\/wp-json\/wp\/v2\/posts\/154831","targetHints":{"allow":["GET"]}}],"collection":[{"href":"https:\/\/www.salzburgerland.com\/de\/magazin\/wp-json\/wp\/v2\/posts"}],"about":[{"href":"https:\/\/www.salzburgerland.com\/de\/magazin\/wp-json\/wp\/v2\/types\/post"}],"author":[{"embeddable":true,"href":"https:\/\/www.salzburgerland.com\/de\/magazin\/wp-json\/wp\/v2\/users\/544"}],"replies":[{"embeddable":true,"href":"https:\/\/www.salzburgerland.com\/de\/magazin\/wp-json\/wp\/v2\/comments?post=154831"}],"version-history":[{"count":6,"href":"https:\/\/www.salzburgerland.com\/de\/magazin\/wp-json\/wp\/v2\/posts\/154831\/revisions"}],"predecessor-version":[{"id":183355,"href":"https:\/\/www.salzburgerland.com\/de\/magazin\/wp-json\/wp\/v2\/posts\/154831\/revisions\/183355"}],"wp:featuredmedia":[{"embeddable":true,"href":"https:\/\/www.salzburgerland.com\/de\/magazin\/wp-json\/wp\/v2\/media\/154541"}],"wp:attachment":[{"href":"https:\/\/www.salzburgerland.com\/de\/magazin\/wp-json\/wp\/v2\/media?parent=154831"}],"wp:term":[{"taxonomy":"category","embeddable":true,"href":"https:\/\/www.salzburgerland.com\/de\/magazin\/wp-json\/wp\/v2\/categories?post=154831"},{"taxonomy":"post_tag","embeddable":true,"href":"https:\/\/www.salzburgerland.com\/de\/magazin\/wp-json\/wp\/v2\/tags?post=154831"},{"taxonomy":"wl_entity_type","embeddable":true,"href":"https:\/\/www.salzburgerland.com\/de\/magazin\/wp-json\/wp\/v2\/wl_entity_type?post=154831"},{"taxonomy":"monatsauswahl","embeddable":true,"href":"https:\/\/www.salzburgerland.com\/de\/magazin\/wp-json\/wp\/v2\/monatsauswahl?post=154831"}],"curies":[{"name":"wp","href":"https:\/\/api.w.org\/{rel}","templated":true}]}}