{"id":154134,"date":"2021-06-07T08:00:00","date_gmt":"2021-06-07T06:00:00","guid":{"rendered":"https:\/\/www.salzburgerland.com\/de\/magazin\/?p=154134"},"modified":"2022-03-21T16:32:56","modified_gmt":"2022-03-21T15:32:56","slug":"sommerzeit-ist-eis-zeit","status":"publish","type":"post","link":"https:\/\/www.salzburgerland.com\/de\/magazin\/sommerzeit-ist-eis-zeit\/","title":{"rendered":"Sommerzeit ist Eis-Zeit"},"content":{"rendered":"\n<div class=\"wp-block-slt-top topBlocks\">\n<h2 class=\"wp-block-slt-subtitle\">Regionale Eisgen\u00fcsse aus dem SalzburgerLand<\/h2>\n\n\n\n<p class=\"wp-block-slt-intro\">Eis aus Heumilch, Eis auch Bio-Schafmilch und Eis aus Bio-Ziegenmilch. Cremiges Eis aus dem SalzburgerLand ist im wahrsten Sinne in aller Munde \u2013 und Salzburgs Kulinarik-Experten haben sich daran gemacht, aus hochwertigen, regionalen Produkten Eis in Spitzenqualit\u00e4t herzustellen.<\/p>\n<\/div>\n\n\n\n<p>Sobald die Sonne scheint, die Temperaturen \u00fcber die 20 Grad Marke steigen und man kurz\u00e4rmelig auf der Terrasse, am Balkon oder im Gastgarten sitzen kann, sp\u00e4testens dann geht die Eissaison los. Und darauf freuen wir uns im SalzburgerLand besonders, weil wir dank unserer &#8222;Eis-Pioniere&#8220; und Eis-Qualit\u00e4tsfanatiker Eis der Spitzenklasse schlecken k\u00f6nnen. Was haben sie gemeinsam? Sie sind alle aus regionalen Grundprodukten hergestellt und sind einfach fabelhaft cremig lecker. Was unterscheidet sie? Sie sind aus den unterschiedlichsten Milchsorten \u2013 von klassischer Kuhmilch \u00fcber Bio-Schafmilch bis hin zu Bio-Ziegenmilch. Da ist f\u00fcr jeden Geschmack etwas dabei!<\/p>\n\n\n\n<p>Fangen wir im Salzburger Flachgau an \u2013 genauer gesagt beim Salzburger Traditions-Eisunternehmen &#8222;Eiswerk&#8220; bzw. &#8222;H\u00f6finger Eis&#8220; in Bergheim. Die <a href=\"https:\/\/www.eiswerk.at\/\" target=\"_blank\" rel=\"noreferrer noopener\">Salzburger Eismanufaktur<\/a> gibt es bereits seit fast 90 Jahren. Seit 1933 k\u00fcmmert man sich um das Veredeln von Milch zu herrlichem Speiseeis. Das Familienunternehmen hat sich in den vergangenen Jahren besonders mit dem Thema Bio-Eis besch\u00e4ftigt und produziert nicht nur f\u00fcr H\u00f6finger Eis die beliebten Eissorten f\u00fcr die eigenen Eisst\u00e4nde, sondern beliefert auch die Gastronomie und den Lebensmittelhandel mit Bio-Eiskreationen aus dem SalzburgerLand. Als Grundprodukte bezieht das Eiswerk Milchprodukte aus der Region und arbeitet mit Milchproduzenten aus dem SalzburgerLand zusammen.<\/p>\n\n\n\n<figure class=\"wp-block-image size-large\"><img loading=\"lazy\" decoding=\"async\" width=\"2048\" height=\"1365\" src=\"https:\/\/www.salzburgerland.com\/de\/magazin\/wp-content\/uploads\/2021\/05\/187433489_2965582707102015_2983420047219663713_n.jpeg\" alt=\"Eine Person mit wei\u00dfem Hemd und Sch\u00fcrze h\u00e4lt eine Vanilleeiswaffel in einer Waffelt\u00fcte in die H\u00f6he.\" class=\"wp-image-154147\" srcset=\"https:\/\/www.salzburgerland.com\/de\/magazin\/wp-content\/uploads\/2021\/05\/187433489_2965582707102015_2983420047219663713_n.jpeg 2048w, https:\/\/www.salzburgerland.com\/de\/magazin\/wp-content\/uploads\/2021\/05\/187433489_2965582707102015_2983420047219663713_n-300x200.jpeg 300w, https:\/\/www.salzburgerland.com\/de\/magazin\/wp-content\/uploads\/2021\/05\/187433489_2965582707102015_2983420047219663713_n-1536x1024.jpeg 1536w, https:\/\/www.salzburgerland.com\/de\/magazin\/wp-content\/uploads\/2021\/05\/187433489_2965582707102015_2983420047219663713_n-825x550.jpeg 825w, https:\/\/www.salzburgerland.com\/de\/magazin\/wp-content\/uploads\/2021\/05\/187433489_2965582707102015_2983420047219663713_n-600x400.jpeg 600w, https:\/\/www.salzburgerland.com\/de\/magazin\/wp-content\/uploads\/2021\/05\/187433489_2965582707102015_2983420047219663713_n-1320x880.jpeg 1320w, https:\/\/www.salzburgerland.com\/de\/magazin\/wp-content\/uploads\/2021\/05\/187433489_2965582707102015_2983420047219663713_n-150x100.jpeg 150w\" sizes=\"auto, (max-width: 2048px) 100vw, 2048px\" \/><figcaption>\u00a9 Eiswerk.at<\/figcaption><\/figure>\n\n\n\n<p>Im Tennengau hat ein anderer K\u00e4seproduzent, der mit seinen Kreationen viele K\u00e4sefans gl\u00fccklich macht, ebenfalls begonnen, mit seiner Milch auch Eis zu produzieren. Die Familie <a href=\"https:\/\/www.schmiedbauer-eis.at\/\" target=\"_blank\" rel=\"noreferrer noopener\">Schmiedbauer aus Bad Vigaun<\/a> bei Hallein \u00fcberzeugt bei ihren Heumilch-Eiskreationen mit einem guten Gesp\u00fcr f\u00fcr Sorten und Konsistenz \u2013 von Vanille- bis Joghurteis mit Honig und nat\u00fcrlich Schokolade. <\/p>\n\n\n\n<figure class=\"wp-block-image size-large\"><img loading=\"lazy\" decoding=\"async\" width=\"2048\" height=\"1365\" src=\"https:\/\/www.salzburgerland.com\/de\/magazin\/wp-content\/uploads\/2021\/05\/188400617_2965582703768682_280401215953312536_n.jpeg\" alt=\"Zwei l\u00e4chelnde Erwachsene in traditioneller Kleidung genie\u00dfen Eis aus etikettierten Beh\u00e4ltern vor einem rustikalen Holzgeb\u00e4ude.\" class=\"wp-image-154148\" srcset=\"https:\/\/www.salzburgerland.com\/de\/magazin\/wp-content\/uploads\/2021\/05\/188400617_2965582703768682_280401215953312536_n.jpeg 2048w, https:\/\/www.salzburgerland.com\/de\/magazin\/wp-content\/uploads\/2021\/05\/188400617_2965582703768682_280401215953312536_n-300x200.jpeg 300w, https:\/\/www.salzburgerland.com\/de\/magazin\/wp-content\/uploads\/2021\/05\/188400617_2965582703768682_280401215953312536_n-1536x1024.jpeg 1536w, https:\/\/www.salzburgerland.com\/de\/magazin\/wp-content\/uploads\/2021\/05\/188400617_2965582703768682_280401215953312536_n-825x550.jpeg 825w, https:\/\/www.salzburgerland.com\/de\/magazin\/wp-content\/uploads\/2021\/05\/188400617_2965582703768682_280401215953312536_n-600x400.jpeg 600w, https:\/\/www.salzburgerland.com\/de\/magazin\/wp-content\/uploads\/2021\/05\/188400617_2965582703768682_280401215953312536_n-1320x880.jpeg 1320w, https:\/\/www.salzburgerland.com\/de\/magazin\/wp-content\/uploads\/2021\/05\/188400617_2965582703768682_280401215953312536_n-150x100.jpeg 150w\" sizes=\"auto, (max-width: 2048px) 100vw, 2048px\" \/><figcaption>\u00a9 Schmiedbauer<\/figcaption><\/figure>\n\n\n\n<h2 class=\"wp-block-heading\" id=\"h-bauernhofeis-im-eisstadl-filzmoos\">Bauernhofeis im Eisstadl Filzmoos<\/h2>\n\n\n\n<p>Ein Dauerbrenner in Sachen Eis und die Legende unter den Bauernhofeis-Machern ist die Familie Rettenwender aus Filzmoos in der Salzburger Sportwelt. Mit ihrem <a href=\"https:\/\/www.almcard.at\/alm-card\/almen\/von-neuberg-bis-zur-bischofsmuetze\/eisstadl.html\" target=\"_blank\" rel=\"noreferrer noopener\">Eisstadl am Kirchgasshof<\/a> sind sie seit Jahren beliebter Ausflugspunkt f\u00fcr Eislieberhaber:innen im Pongau. Das Eis wird aus hofeigener Frischmilch mit Sahne ohne k\u00fcnstliche Zus\u00e4tze direkt am Hof hergestellt und verkauft. <\/p>\n\n\n\n<p>In Wals nahe der Stadt Salzburg ist es &#8222;Nechei&#8217;s Bauernhofeis&#8220; von der Familie Sturm alias Nechlbauer, das mit dem Eisstandl, das am Wochenende immer vor <a href=\"https:\/\/www.facebook.com\/Paulas-Hofladen-1491270281166876\/info?tab=page_info\" target=\"_blank\" rel=\"noreferrer noopener\">Paula&#8217;s Hofladen<\/a> steht, auf ganzer Linie punktet. Auch hier sorgen die hofeigenen K\u00fche f\u00fcr den n\u00f6tigen Milch-Nachschub, wenn wir Schleckerm\u00e4uler die Eissorten an einem sonnigen Tag ausgegessen haben.<\/p>\n\n\n\n<h2 class=\"wp-block-heading\" id=\"h-eis-aus-bio-schafmilch\">Eis aus Bio-Schafmilch<\/h2>\n\n\n\n<p>Manche Genuss-Handwerker aus dem SalzburgerLand veredeln ihre Milch auch direkt am eigenen Betrieb zu cremigen Eissorten. Ein Pionier der b\u00e4uerlichen Eisproduzenten im Bundesland ist Sepp Eisl und sein Sohn Josef Eisl jun. Mit ihrem <a href=\"https:\/\/shop.eisl-eis.at\/shop\/\" target=\"_blank\" rel=\"noreferrer noopener\">Eisl Eis<\/a> aus Bio-Schafmilch ist ihnen ein echter Coup gelungen. Zahlreich pr\u00e4miert und von vielen gern gegessen, \u00fcberzeugt das Eis mit einer ganz eigenen Charakteristik, und auch die Sortenauswahl ist einzigartig. Heidelbeer-Rosmarin, Schafk\u00e4se honigs\u00fc\u00df oder K\u00fcrbiskern \u2013 auch Liebhaber von ungew\u00f6hnlichen Eiskreationen sind bei Eisl Eis perfekt aufgehoben. Die Bio-Schafmilch f\u00fcr den eiskalten Genuss kommt \u00fcbrigens von den eigenen Schafen, die im <a href=\"http:\/\/www.seegut-eisl.at\/\" target=\"_blank\" rel=\"noreferrer noopener\">Seegut Eisl <\/a>in Abersee nahe dem Wolfgangsee in traumhafter Kulisse gen\u00fcsslich ihr Gras fressen und so f\u00fcr den hochwertigen Rohstoff f\u00fcr das Bio-Schafmilcheis sorgen.<\/p>\n\n\n\n<figure class=\"wp-block-image size-large\"><img loading=\"lazy\" decoding=\"async\" width=\"1200\" height=\"800\" src=\"https:\/\/www.salzburgerland.com\/de\/magazin\/wp-content\/uploads\/2021\/05\/EISL-EIS-Becher-frontal-2_1920x1920.jpeg\" alt=\"Sechs Becher Geils Eis stehen mit zwei frischen Aprikosen vor dem Marille-Topfen Eis-Geschmack.\" class=\"wp-image-154146\" srcset=\"https:\/\/www.salzburgerland.com\/de\/magazin\/wp-content\/uploads\/2021\/05\/EISL-EIS-Becher-frontal-2_1920x1920.jpeg 1200w, https:\/\/www.salzburgerland.com\/de\/magazin\/wp-content\/uploads\/2021\/05\/EISL-EIS-Becher-frontal-2_1920x1920-300x200.jpeg 300w, https:\/\/www.salzburgerland.com\/de\/magazin\/wp-content\/uploads\/2021\/05\/EISL-EIS-Becher-frontal-2_1920x1920-825x550.jpeg 825w, https:\/\/www.salzburgerland.com\/de\/magazin\/wp-content\/uploads\/2021\/05\/EISL-EIS-Becher-frontal-2_1920x1920-600x400.jpeg 600w, https:\/\/www.salzburgerland.com\/de\/magazin\/wp-content\/uploads\/2021\/05\/EISL-EIS-Becher-frontal-2_1920x1920-150x100.jpeg 150w\" sizes=\"auto, (max-width: 1200px) 100vw, 1200px\" \/><figcaption>\u00a9 Eisl Eis<\/figcaption><\/figure>\n\n\n\n<h2 class=\"wp-block-heading\" id=\"h-jetzt-fehlt-nur-noch-die-bio-ziegenmilch\">Jetzt fehlt nur noch \u2026 die Bio-Ziegenmilch<\/h2>\n\n\n\n<p>Habt ihr schon mal Eis aus Ziegenmilch gegessen? Das m\u00fcsst ihr unbedingt mal ausprobieren! Am besten Bio-Ziegenmilcheis aus dem SalzburgerLand. Beim <a href=\"https:\/\/biohof-lahngut.at\/\" target=\"_blank\" rel=\"noreferrer noopener\">Bio-Bergbauernhof Lahngut<\/a> im Pinzgau gibt&#8217;s eiskalte Gen\u00fcsse in einem kleinen, aber sehr feinem Eis-Sortiment. Moritz Tippelskirch &amp; Nina Drexler verzichten auf exotische Fr\u00fcchte und setzen weniger Zucker bei als bei typischem Speiseeis ein. Als Grundprodukt dient ihre hofeigene Bio-Ziegenmilch vom Bio-Bergbauernhof Lahngut.<\/p>\n\n\n\n<figure class=\"wp-block-image size-large\"><img loading=\"lazy\" decoding=\"async\" width=\"1728\" height=\"1296\" src=\"https:\/\/www.salzburgerland.com\/de\/magazin\/wp-content\/uploads\/2021\/06\/Lahngut-Eis.jpg\" alt=\"Zwei wei\u00dfe Eisbeh\u00e4lter mit Ziegen- und Berglogo; auf dem Etikett steht Bio-Eis aus Ziegenmilch, Haselnuss.\" class=\"wp-image-154310\" srcset=\"https:\/\/www.salzburgerland.com\/de\/magazin\/wp-content\/uploads\/2021\/06\/Lahngut-Eis.jpg 1728w, https:\/\/www.salzburgerland.com\/de\/magazin\/wp-content\/uploads\/2021\/06\/Lahngut-Eis-300x225.jpg 300w, https:\/\/www.salzburgerland.com\/de\/magazin\/wp-content\/uploads\/2021\/06\/Lahngut-Eis-1536x1152.jpg 1536w, https:\/\/www.salzburgerland.com\/de\/magazin\/wp-content\/uploads\/2021\/06\/Lahngut-Eis-733x550.jpg 733w, https:\/\/www.salzburgerland.com\/de\/magazin\/wp-content\/uploads\/2021\/06\/Lahngut-Eis-140x105.jpg 140w, https:\/\/www.salzburgerland.com\/de\/magazin\/wp-content\/uploads\/2021\/06\/Lahngut-Eis-533x400.jpg 533w, https:\/\/www.salzburgerland.com\/de\/magazin\/wp-content\/uploads\/2021\/06\/Lahngut-Eis-960x720.jpg 960w, https:\/\/www.salzburgerland.com\/de\/magazin\/wp-content\/uploads\/2021\/06\/Lahngut-Eis-1320x990.jpg 1320w, https:\/\/www.salzburgerland.com\/de\/magazin\/wp-content\/uploads\/2021\/06\/Lahngut-Eis-853x640.jpg 853w, https:\/\/www.salzburgerland.com\/de\/magazin\/wp-content\/uploads\/2021\/06\/Lahngut-Eis-150x113.jpg 150w, https:\/\/www.salzburgerland.com\/de\/magazin\/wp-content\/uploads\/2021\/06\/Lahngut-Eis-1200x900.jpg 1200w\" sizes=\"auto, (max-width: 1728px) 100vw, 1728px\" \/><figcaption>\u00a9 Lahngut &#8211; Eisk\u00f6stlichkeiten aus Ziegenmilch.<\/figcaption><\/figure>\n","protected":false},"excerpt":{"rendered":"<p>Sobald die Sonne scheint, die Temperaturen \u00fcber die 20 Grad Marke steigen und man kurz\u00e4rmelig auf der Terrasse, am Balkon oder im Gastgarten sitzen kann, sp\u00e4testens dann geht die Eissaison los. Und darauf freuen wir uns im SalzburgerLand besonders, weil wir dank unserer &#8222;Eis-Pioniere&#8220; und Eis-Qualit\u00e4tsfanatiker Eis der Spitzenklasse schlecken k\u00f6nnen. Was haben sie gemeinsam? [&hellip;]<\/p>\n","protected":false},"author":544,"featured_media":154305,"comment_status":"open","ping_status":"closed","sticky":false,"template":"","format":"standard","meta":{"_acf_changed":false,"wl_entities_gutenberg":"","_wl_entity_redirect_enabled":"","footnotes":""},"categories":[3],"tags":[152],"wl_entity_type":[306],"monatsauswahl":[82,83,84,85,86,87,88,89,90,91,92,93],"class_list":["post-154134","post","type-post","status-publish","format-standard","has-post-thumbnail","hentry","category-essen-trinken","tag-eis","wl_entity_type-article","monatsauswahl-monat_1","monatsauswahl-monat_2","monatsauswahl-monat_3","monatsauswahl-monat_4","monatsauswahl-monat_5","monatsauswahl-monat_6","monatsauswahl-monat_7","monatsauswahl-monat_8","monatsauswahl-monat_9","monatsauswahl-monat_10","monatsauswahl-monat_11","monatsauswahl-monat_12"],"acf":[],"yoast_head":"<!-- This site is optimized with the Yoast SEO Premium plugin v27.4 (Yoast SEO v27.4) - https:\/\/yoast.com\/product\/yoast-seo-premium-wordpress\/ -->\n<title>Sommerzeit ist Eis-Zeit - SalzburgerLand Magazin<\/title>\n<meta name=\"description\" content=\"Eis aus Heumilch, Eis auch Bio-Schafmilch und Eis aus Bio-Ziegenmilch. Cremiges Eis aus dem SalzburgerLand ist im wahren Sinne in aller Munde.\" \/>\n<meta name=\"robots\" content=\"index, follow, max-snippet:-1, max-image-preview:large, max-video-preview:-1\" \/>\n<link rel=\"canonical\" href=\"https:\/\/www.salzburgerland.com\/de\/magazin\/sommerzeit-ist-eis-zeit\/\" \/>\n<meta property=\"og:locale\" content=\"de_DE\" \/>\n<meta property=\"og:type\" content=\"article\" \/>\n<meta property=\"og:title\" content=\"Sommerzeit ist Eis-Zeit\" \/>\n<meta property=\"og:description\" content=\"Eis aus Heumilch, Eis auch Bio-Schafmilch und Eis aus Bio-Ziegenmilch. Cremiges Eis aus dem SalzburgerLand ist im wahren Sinne in aller Munde.\" \/>\n<meta property=\"og:url\" content=\"https:\/\/www.salzburgerland.com\/de\/magazin\/sommerzeit-ist-eis-zeit\/\" \/>\n<meta property=\"og:site_name\" content=\"SalzburgerLand Magazin\" \/>\n<meta property=\"article:publisher\" content=\"https:\/\/www.facebook.com\/salzburgerland\/\" \/>\n<meta property=\"article:published_time\" content=\"2021-06-07T06:00:00+00:00\" \/>\n<meta property=\"article:modified_time\" content=\"2022-03-21T15:32:56+00:00\" \/>\n<meta property=\"og:image\" content=\"https:\/\/www.salzburgerland.com\/de\/magazin\/wp-content\/uploads\/2021\/06\/Eisl_Shop_3.jpg\" \/>\n\t<meta property=\"og:image:width\" content=\"1920\" \/>\n\t<meta property=\"og:image:height\" content=\"1280\" \/>\n\t<meta property=\"og:image:type\" content=\"image\/jpeg\" \/>\n<meta name=\"author\" content=\"G\u00fcnter Baumgartner\" \/>\n<meta name=\"twitter:card\" content=\"summary_large_image\" \/>\n<meta name=\"twitter:creator\" content=\"@Salzburgerland\" \/>\n<meta name=\"twitter:site\" content=\"@Salzburgerland\" \/>\n<meta name=\"twitter:label1\" content=\"Verfasst von\" \/>\n\t<meta name=\"twitter:data1\" content=\"G\u00fcnter Baumgartner\" \/>\n\t<meta name=\"twitter:label2\" content=\"Gesch\u00e4tzte Lesezeit\" \/>\n\t<meta name=\"twitter:data2\" content=\"5\u00a0Minuten\" \/>\n<script type=\"application\/ld+json\" class=\"yoast-schema-graph\">{\"@context\":\"https:\\\/\\\/schema.org\",\"@graph\":[{\"@type\":\"Article\",\"@id\":\"https:\\\/\\\/www.salzburgerland.com\\\/de\\\/magazin\\\/sommerzeit-ist-eis-zeit\\\/#article\",\"isPartOf\":{\"@id\":\"https:\\\/\\\/www.salzburgerland.com\\\/de\\\/magazin\\\/sommerzeit-ist-eis-zeit\\\/\"},\"author\":{\"name\":\"G\u00fcnter Baumgartner\",\"@id\":\"https:\\\/\\\/www.salzburgerland.com\\\/de\\\/magazin\\\/#\\\/schema\\\/person\\\/2e0abbe9392136e19ff0d5c5721aea87\"},\"headline\":\"Sommerzeit ist Eis-Zeit\",\"datePublished\":\"2021-06-07T06:00:00+00:00\",\"dateModified\":\"2022-03-21T15:32:56+00:00\",\"mainEntityOfPage\":{\"@id\":\"https:\\\/\\\/www.salzburgerland.com\\\/de\\\/magazin\\\/sommerzeit-ist-eis-zeit\\\/\"},\"wordCount\":640,\"commentCount\":0,\"publisher\":{\"@id\":\"https:\\\/\\\/www.salzburgerland.com\\\/de\\\/magazin\\\/#organization\"},\"image\":{\"@id\":\"https:\\\/\\\/www.salzburgerland.com\\\/de\\\/magazin\\\/sommerzeit-ist-eis-zeit\\\/#primaryimage\"},\"thumbnailUrl\":\"https:\\\/\\\/www.salzburgerland.com\\\/de\\\/magazin\\\/wp-content\\\/uploads\\\/2021\\\/06\\\/Eisl_Shop_3.jpg\",\"keywords\":[\"Eis\"],\"articleSection\":[\"Essen &amp; Trinken\"],\"inLanguage\":\"de\",\"potentialAction\":[{\"@type\":\"CommentAction\",\"name\":\"Comment\",\"target\":[\"https:\\\/\\\/www.salzburgerland.com\\\/de\\\/magazin\\\/sommerzeit-ist-eis-zeit\\\/#respond\"]}]},{\"@type\":\"WebPage\",\"@id\":\"https:\\\/\\\/www.salzburgerland.com\\\/de\\\/magazin\\\/sommerzeit-ist-eis-zeit\\\/\",\"url\":\"https:\\\/\\\/www.salzburgerland.com\\\/de\\\/magazin\\\/sommerzeit-ist-eis-zeit\\\/\",\"name\":\"Sommerzeit ist Eis-Zeit - SalzburgerLand Magazin\",\"isPartOf\":{\"@id\":\"https:\\\/\\\/www.salzburgerland.com\\\/de\\\/magazin\\\/#website\"},\"primaryImageOfPage\":{\"@id\":\"https:\\\/\\\/www.salzburgerland.com\\\/de\\\/magazin\\\/sommerzeit-ist-eis-zeit\\\/#primaryimage\"},\"image\":{\"@id\":\"https:\\\/\\\/www.salzburgerland.com\\\/de\\\/magazin\\\/sommerzeit-ist-eis-zeit\\\/#primaryimage\"},\"thumbnailUrl\":\"https:\\\/\\\/www.salzburgerland.com\\\/de\\\/magazin\\\/wp-content\\\/uploads\\\/2021\\\/06\\\/Eisl_Shop_3.jpg\",\"datePublished\":\"2021-06-07T06:00:00+00:00\",\"dateModified\":\"2022-03-21T15:32:56+00:00\",\"description\":\"Eis aus Heumilch, Eis auch Bio-Schafmilch und Eis aus Bio-Ziegenmilch. Cremiges Eis aus dem SalzburgerLand ist im wahren Sinne in aller Munde.\",\"breadcrumb\":{\"@id\":\"https:\\\/\\\/www.salzburgerland.com\\\/de\\\/magazin\\\/sommerzeit-ist-eis-zeit\\\/#breadcrumb\"},\"inLanguage\":\"de\",\"potentialAction\":[{\"@type\":\"ReadAction\",\"target\":[\"https:\\\/\\\/www.salzburgerland.com\\\/de\\\/magazin\\\/sommerzeit-ist-eis-zeit\\\/\"]}]},{\"@type\":\"ImageObject\",\"inLanguage\":\"de\",\"@id\":\"https:\\\/\\\/www.salzburgerland.com\\\/de\\\/magazin\\\/sommerzeit-ist-eis-zeit\\\/#primaryimage\",\"url\":\"https:\\\/\\\/www.salzburgerland.com\\\/de\\\/magazin\\\/wp-content\\\/uploads\\\/2021\\\/06\\\/Eisl_Shop_3.jpg\",\"contentUrl\":\"https:\\\/\\\/www.salzburgerland.com\\\/de\\\/magazin\\\/wp-content\\\/uploads\\\/2021\\\/06\\\/Eisl_Shop_3.jpg\",\"width\":1920,\"height\":1280,\"caption\":\"\u00a9 Eisl Eis\"},{\"@type\":\"BreadcrumbList\",\"@id\":\"https:\\\/\\\/www.salzburgerland.com\\\/de\\\/magazin\\\/sommerzeit-ist-eis-zeit\\\/#breadcrumb\",\"itemListElement\":[{\"@type\":\"ListItem\",\"position\":1,\"name\":\"Startseite\",\"item\":\"https:\\\/\\\/www.salzburgerland.com\\\/de\\\/magazin\\\/\"},{\"@type\":\"ListItem\",\"position\":2,\"name\":\"Essen &amp; Trinken\",\"item\":\"https:\\\/\\\/www.salzburgerland.com\\\/de\\\/magazin\\\/thema\\\/essen-trinken\\\/\"},{\"@type\":\"ListItem\",\"position\":3,\"name\":\"Sommerzeit ist Eis-Zeit\"}]},{\"@type\":\"WebSite\",\"@id\":\"https:\\\/\\\/www.salzburgerland.com\\\/de\\\/magazin\\\/#website\",\"url\":\"https:\\\/\\\/www.salzburgerland.com\\\/de\\\/magazin\\\/\",\"name\":\"SalzburgerLand Magazin\",\"description\":\"Geschichten und Interessantes aus dem SalzburgerLand\",\"publisher\":{\"@id\":\"https:\\\/\\\/www.salzburgerland.com\\\/de\\\/magazin\\\/#organization\"},\"potentialAction\":[{\"@type\":\"SearchAction\",\"target\":{\"@type\":\"EntryPoint\",\"urlTemplate\":\"https:\\\/\\\/www.salzburgerland.com\\\/de\\\/magazin\\\/?s={search_term_string}\"},\"query-input\":{\"@type\":\"PropertyValueSpecification\",\"valueRequired\":true,\"valueName\":\"search_term_string\"}}],\"inLanguage\":\"de\"},{\"@type\":\"Organization\",\"@id\":\"https:\\\/\\\/www.salzburgerland.com\\\/de\\\/magazin\\\/#organization\",\"name\":\"SalzburgerLand Tourismus\",\"url\":\"https:\\\/\\\/www.salzburgerland.com\\\/de\\\/magazin\\\/\",\"logo\":{\"@type\":\"ImageObject\",\"inLanguage\":\"de\",\"@id\":\"https:\\\/\\\/www.salzburgerland.com\\\/de\\\/magazin\\\/#\\\/schema\\\/logo\\\/image\\\/\",\"url\":\"https:\\\/\\\/www.salzburgerland.com\\\/de\\\/magazin\\\/wp-content\\\/uploads\\\/2019\\\/06\\\/salzburgerland-logo1.jpg\",\"contentUrl\":\"https:\\\/\\\/www.salzburgerland.com\\\/de\\\/magazin\\\/wp-content\\\/uploads\\\/2019\\\/06\\\/salzburgerland-logo1.jpg\",\"width\":2011,\"height\":866,\"caption\":\"SalzburgerLand Tourismus\"},\"image\":{\"@id\":\"https:\\\/\\\/www.salzburgerland.com\\\/de\\\/magazin\\\/#\\\/schema\\\/logo\\\/image\\\/\"},\"sameAs\":[\"https:\\\/\\\/www.facebook.com\\\/salzburgerland\\\/\",\"https:\\\/\\\/x.com\\\/Salzburgerland\",\"https:\\\/\\\/www.instagram.com\\\/salzburgerland\\\/\",\"https:\\\/\\\/at.linkedin.com\\\/company\\\/salzburgerland-tourismus-gmbh\",\"https:\\\/\\\/www.pinterest.at\\\/salzburgerland\\\/\",\"https:\\\/\\\/www.youtube.com\\\/user\\\/salzburgerland\",\"https:\\\/\\\/de.wikipedia.org\\\/wiki\\\/SalzburgerLand_Tourismus_GmbH\"]},{\"@type\":\"Person\",\"@id\":\"https:\\\/\\\/www.salzburgerland.com\\\/de\\\/magazin\\\/#\\\/schema\\\/person\\\/2e0abbe9392136e19ff0d5c5721aea87\",\"name\":\"G\u00fcnter Baumgartner\",\"url\":\"https:\\\/\\\/www.salzburgerland.com\\\/de\\\/magazin\\\/author\\\/guenter-baumgartner\\\/\"}]}<\/script>\n<!-- \/ Yoast SEO Premium plugin. -->","yoast_head_json":{"title":"Sommerzeit ist Eis-Zeit - SalzburgerLand Magazin","description":"Eis aus Heumilch, Eis auch Bio-Schafmilch und Eis aus Bio-Ziegenmilch. Cremiges Eis aus dem SalzburgerLand ist im wahren Sinne in aller Munde.","robots":{"index":"index","follow":"follow","max-snippet":"max-snippet:-1","max-image-preview":"max-image-preview:large","max-video-preview":"max-video-preview:-1"},"canonical":"https:\/\/www.salzburgerland.com\/de\/magazin\/sommerzeit-ist-eis-zeit\/","og_locale":"de_DE","og_type":"article","og_title":"Sommerzeit ist Eis-Zeit","og_description":"Eis aus Heumilch, Eis auch Bio-Schafmilch und Eis aus Bio-Ziegenmilch. Cremiges Eis aus dem SalzburgerLand ist im wahren Sinne in aller Munde.","og_url":"https:\/\/www.salzburgerland.com\/de\/magazin\/sommerzeit-ist-eis-zeit\/","og_site_name":"SalzburgerLand Magazin","article_publisher":"https:\/\/www.facebook.com\/salzburgerland\/","article_published_time":"2021-06-07T06:00:00+00:00","article_modified_time":"2022-03-21T15:32:56+00:00","og_image":[{"width":1920,"height":1280,"url":"https:\/\/www.salzburgerland.com\/de\/magazin\/wp-content\/uploads\/2021\/06\/Eisl_Shop_3.jpg","type":"image\/jpeg"}],"author":"G\u00fcnter Baumgartner","twitter_card":"summary_large_image","twitter_creator":"@Salzburgerland","twitter_site":"@Salzburgerland","twitter_misc":{"Verfasst von":"G\u00fcnter Baumgartner","Gesch\u00e4tzte Lesezeit":"5\u00a0Minuten"},"schema":{"@context":"https:\/\/schema.org","@graph":[{"@type":"Article","@id":"https:\/\/www.salzburgerland.com\/de\/magazin\/sommerzeit-ist-eis-zeit\/#article","isPartOf":{"@id":"https:\/\/www.salzburgerland.com\/de\/magazin\/sommerzeit-ist-eis-zeit\/"},"author":{"name":"G\u00fcnter Baumgartner","@id":"https:\/\/www.salzburgerland.com\/de\/magazin\/#\/schema\/person\/2e0abbe9392136e19ff0d5c5721aea87"},"headline":"Sommerzeit ist Eis-Zeit","datePublished":"2021-06-07T06:00:00+00:00","dateModified":"2022-03-21T15:32:56+00:00","mainEntityOfPage":{"@id":"https:\/\/www.salzburgerland.com\/de\/magazin\/sommerzeit-ist-eis-zeit\/"},"wordCount":640,"commentCount":0,"publisher":{"@id":"https:\/\/www.salzburgerland.com\/de\/magazin\/#organization"},"image":{"@id":"https:\/\/www.salzburgerland.com\/de\/magazin\/sommerzeit-ist-eis-zeit\/#primaryimage"},"thumbnailUrl":"https:\/\/www.salzburgerland.com\/de\/magazin\/wp-content\/uploads\/2021\/06\/Eisl_Shop_3.jpg","keywords":["Eis"],"articleSection":["Essen &amp; Trinken"],"inLanguage":"de","potentialAction":[{"@type":"CommentAction","name":"Comment","target":["https:\/\/www.salzburgerland.com\/de\/magazin\/sommerzeit-ist-eis-zeit\/#respond"]}]},{"@type":"WebPage","@id":"https:\/\/www.salzburgerland.com\/de\/magazin\/sommerzeit-ist-eis-zeit\/","url":"https:\/\/www.salzburgerland.com\/de\/magazin\/sommerzeit-ist-eis-zeit\/","name":"Sommerzeit ist Eis-Zeit - SalzburgerLand Magazin","isPartOf":{"@id":"https:\/\/www.salzburgerland.com\/de\/magazin\/#website"},"primaryImageOfPage":{"@id":"https:\/\/www.salzburgerland.com\/de\/magazin\/sommerzeit-ist-eis-zeit\/#primaryimage"},"image":{"@id":"https:\/\/www.salzburgerland.com\/de\/magazin\/sommerzeit-ist-eis-zeit\/#primaryimage"},"thumbnailUrl":"https:\/\/www.salzburgerland.com\/de\/magazin\/wp-content\/uploads\/2021\/06\/Eisl_Shop_3.jpg","datePublished":"2021-06-07T06:00:00+00:00","dateModified":"2022-03-21T15:32:56+00:00","description":"Eis aus Heumilch, Eis auch Bio-Schafmilch und Eis aus Bio-Ziegenmilch. Cremiges Eis aus dem SalzburgerLand ist im wahren Sinne in aller Munde.","breadcrumb":{"@id":"https:\/\/www.salzburgerland.com\/de\/magazin\/sommerzeit-ist-eis-zeit\/#breadcrumb"},"inLanguage":"de","potentialAction":[{"@type":"ReadAction","target":["https:\/\/www.salzburgerland.com\/de\/magazin\/sommerzeit-ist-eis-zeit\/"]}]},{"@type":"ImageObject","inLanguage":"de","@id":"https:\/\/www.salzburgerland.com\/de\/magazin\/sommerzeit-ist-eis-zeit\/#primaryimage","url":"https:\/\/www.salzburgerland.com\/de\/magazin\/wp-content\/uploads\/2021\/06\/Eisl_Shop_3.jpg","contentUrl":"https:\/\/www.salzburgerland.com\/de\/magazin\/wp-content\/uploads\/2021\/06\/Eisl_Shop_3.jpg","width":1920,"height":1280,"caption":"\u00a9 Eisl Eis"},{"@type":"BreadcrumbList","@id":"https:\/\/www.salzburgerland.com\/de\/magazin\/sommerzeit-ist-eis-zeit\/#breadcrumb","itemListElement":[{"@type":"ListItem","position":1,"name":"Startseite","item":"https:\/\/www.salzburgerland.com\/de\/magazin\/"},{"@type":"ListItem","position":2,"name":"Essen &amp; Trinken","item":"https:\/\/www.salzburgerland.com\/de\/magazin\/thema\/essen-trinken\/"},{"@type":"ListItem","position":3,"name":"Sommerzeit ist Eis-Zeit"}]},{"@type":"WebSite","@id":"https:\/\/www.salzburgerland.com\/de\/magazin\/#website","url":"https:\/\/www.salzburgerland.com\/de\/magazin\/","name":"SalzburgerLand Magazin","description":"Geschichten und Interessantes aus dem SalzburgerLand","publisher":{"@id":"https:\/\/www.salzburgerland.com\/de\/magazin\/#organization"},"potentialAction":[{"@type":"SearchAction","target":{"@type":"EntryPoint","urlTemplate":"https:\/\/www.salzburgerland.com\/de\/magazin\/?s={search_term_string}"},"query-input":{"@type":"PropertyValueSpecification","valueRequired":true,"valueName":"search_term_string"}}],"inLanguage":"de"},{"@type":"Organization","@id":"https:\/\/www.salzburgerland.com\/de\/magazin\/#organization","name":"SalzburgerLand Tourismus","url":"https:\/\/www.salzburgerland.com\/de\/magazin\/","logo":{"@type":"ImageObject","inLanguage":"de","@id":"https:\/\/www.salzburgerland.com\/de\/magazin\/#\/schema\/logo\/image\/","url":"https:\/\/www.salzburgerland.com\/de\/magazin\/wp-content\/uploads\/2019\/06\/salzburgerland-logo1.jpg","contentUrl":"https:\/\/www.salzburgerland.com\/de\/magazin\/wp-content\/uploads\/2019\/06\/salzburgerland-logo1.jpg","width":2011,"height":866,"caption":"SalzburgerLand Tourismus"},"image":{"@id":"https:\/\/www.salzburgerland.com\/de\/magazin\/#\/schema\/logo\/image\/"},"sameAs":["https:\/\/www.facebook.com\/salzburgerland\/","https:\/\/x.com\/Salzburgerland","https:\/\/www.instagram.com\/salzburgerland\/","https:\/\/at.linkedin.com\/company\/salzburgerland-tourismus-gmbh","https:\/\/www.pinterest.at\/salzburgerland\/","https:\/\/www.youtube.com\/user\/salzburgerland","https:\/\/de.wikipedia.org\/wiki\/SalzburgerLand_Tourismus_GmbH"]},{"@type":"Person","@id":"https:\/\/www.salzburgerland.com\/de\/magazin\/#\/schema\/person\/2e0abbe9392136e19ff0d5c5721aea87","name":"G\u00fcnter Baumgartner","url":"https:\/\/www.salzburgerland.com\/de\/magazin\/author\/guenter-baumgartner\/"}]}},"_wl_alt_label":[],"wl:entity_url":"http:\/\/open.salzburgerland.com\/magazin\/post\/id\/154134","_links":{"self":[{"href":"https:\/\/www.salzburgerland.com\/de\/magazin\/wp-json\/wp\/v2\/posts\/154134","targetHints":{"allow":["GET"]}}],"collection":[{"href":"https:\/\/www.salzburgerland.com\/de\/magazin\/wp-json\/wp\/v2\/posts"}],"about":[{"href":"https:\/\/www.salzburgerland.com\/de\/magazin\/wp-json\/wp\/v2\/types\/post"}],"author":[{"embeddable":true,"href":"https:\/\/www.salzburgerland.com\/de\/magazin\/wp-json\/wp\/v2\/users\/544"}],"replies":[{"embeddable":true,"href":"https:\/\/www.salzburgerland.com\/de\/magazin\/wp-json\/wp\/v2\/comments?post=154134"}],"version-history":[{"count":4,"href":"https:\/\/www.salzburgerland.com\/de\/magazin\/wp-json\/wp\/v2\/posts\/154134\/revisions"}],"predecessor-version":[{"id":154454,"href":"https:\/\/www.salzburgerland.com\/de\/magazin\/wp-json\/wp\/v2\/posts\/154134\/revisions\/154454"}],"wp:featuredmedia":[{"embeddable":true,"href":"https:\/\/www.salzburgerland.com\/de\/magazin\/wp-json\/wp\/v2\/media\/154305"}],"wp:attachment":[{"href":"https:\/\/www.salzburgerland.com\/de\/magazin\/wp-json\/wp\/v2\/media?parent=154134"}],"wp:term":[{"taxonomy":"category","embeddable":true,"href":"https:\/\/www.salzburgerland.com\/de\/magazin\/wp-json\/wp\/v2\/categories?post=154134"},{"taxonomy":"post_tag","embeddable":true,"href":"https:\/\/www.salzburgerland.com\/de\/magazin\/wp-json\/wp\/v2\/tags?post=154134"},{"taxonomy":"wl_entity_type","embeddable":true,"href":"https:\/\/www.salzburgerland.com\/de\/magazin\/wp-json\/wp\/v2\/wl_entity_type?post=154134"},{"taxonomy":"monatsauswahl","embeddable":true,"href":"https:\/\/www.salzburgerland.com\/de\/magazin\/wp-json\/wp\/v2\/monatsauswahl?post=154134"}],"curies":[{"name":"wp","href":"https:\/\/api.w.org\/{rel}","templated":true}]}}