{"id":152289,"date":"2021-04-30T07:54:05","date_gmt":"2021-04-30T05:54:05","guid":{"rendered":"https:\/\/www.salzburgerland.com\/de\/magazin\/?p=152289"},"modified":"2024-04-11T07:03:57","modified_gmt":"2024-04-11T05:03:57","slug":"bikers-paradise","status":"publish","type":"post","link":"https:\/\/www.salzburgerland.com\/de\/magazin\/bikers-paradise\/","title":{"rendered":"Biker\u2019s Paradise"},"content":{"rendered":"\n<div class=\"wp-block-slt-top topBlocks\">\n<h2 class=\"wp-block-slt-subtitle\">Warum Biker &amp; Radler im SalzburgerLand ihren Sehnsuchsort finden<\/h2>\n\n\n\n<p class=\"wp-block-slt-intro\">Trails und Parks, hochalpine Routen und abendliche Ufertouren. Der Blick auf ein Meer aus Dreitausendern, das tiefe Blau der Seen des Salzkammerguts und auf all die Abenteuer, die noch vor einem liegen. Das SalzburgerLand z\u00e4hlt zu den sch\u00f6nsten, vielseitigsten und anspruchsvollsten Gebieten f\u00fcr Zweirad-Fans in den Alpen. <\/p>\n<\/div>\n\n\n\n<h2 class=\"wp-block-heading\">Radrouten f\u00fcr Genussradler<\/h2>\n\n\n\n<p>T\u00e4glich in den Sattel schwingen, Kilometer um Kilometer herrliche Landschaften durchradeln und entlang der Strecke Sehensw\u00fcrdigkeiten und die Alpine K\u00fcche entdecken. Das SalzburgerLand ist Ausgangspunkt f\u00fcr <a href=\"https:\/\/www.salzburgerland.com\/de\/die-top-7-radrouten-durch-das-salzburgerland\/\" target=\"_blank\" rel=\"noreferrer noopener\">sieben Top-Radrouten<\/a>: Der beliebte Klassiker Tauernradweg, der grenz\u00fcber\u00adschreitende Alpe Adria Radweg bis ans Meer, eine Etappe des EuroVelo von Zell am See bis Ungarn, der Mozart-Radweg auf den Spuren des ber\u00fchmtesten Salzburgers, aber auch der Salzkammergut-, Enns- oder Murradweg. Die Wasser.Erlebnis-Tour im Tennengau f\u00fchrt nicht nur zu malerischen kleinen Seen und Fl\u00fcssen, sondern bietet feinste kulinarische Stopps, wie D\u00f6llerers Genusswelten, Hofk\u00e4sereien oder Caf\u00e9s. Und wer vom gem\u00fctlichen Pedalieren nicht genug bekommen kann, findet im Velodrom Salzburger Seenland gleich 600 Kilometer beschilderte Radwege f\u00fcr Sternfahrten.<\/p>\n\n\n\n<figure class=\"wp-block-image size-full\"><img loading=\"lazy\" decoding=\"async\" width=\"1600\" height=\"1066\" src=\"https:\/\/www.salzburgerland.com\/de\/magazin\/wp-content\/uploads\/2016\/05\/RS389__MG_12_06_SL_2051-lpr-1.jpg\" alt=\"P\u00e4rchen beim Radfahren auf Br\u00fccke - Tauernradweg\" class=\"wp-image-106112\" srcset=\"https:\/\/www.salzburgerland.com\/de\/magazin\/wp-content\/uploads\/2016\/05\/RS389__MG_12_06_SL_2051-lpr-1.jpg 1600w, https:\/\/www.salzburgerland.com\/de\/magazin\/wp-content\/uploads\/2016\/05\/RS389__MG_12_06_SL_2051-lpr-1-300x200.jpg 300w, https:\/\/www.salzburgerland.com\/de\/magazin\/wp-content\/uploads\/2016\/05\/RS389__MG_12_06_SL_2051-lpr-1-826x550.jpg 826w, https:\/\/www.salzburgerland.com\/de\/magazin\/wp-content\/uploads\/2016\/05\/RS389__MG_12_06_SL_2051-lpr-1-600x400.jpg 600w, https:\/\/www.salzburgerland.com\/de\/magazin\/wp-content\/uploads\/2016\/05\/RS389__MG_12_06_SL_2051-lpr-1-1320x879.jpg 1320w\" sizes=\"auto, (max-width: 1600px) 100vw, 1600px\" \/><figcaption class=\"wp-element-caption\">\u00a9 SalzburgerLand Tourismus, Unterwegs am Tauernradweg<\/figcaption><\/figure>\n\n\n\n<h2 class=\"wp-block-heading\" id=\"h-mountainbike-paradies-salzburgerland\">Mountainbike-Paradies SalzburgerLand<\/h2>\n\n\n\n<p>Einige Regionen haben sich voll und ganz den Bed\u00fcrfnissen der <span id=\"urn:enhancement-26\" class=\"textannotation disambiguated wl-thing\">Biker<\/span> verschrieben. Deshalb bieten sie ein rundum stimmiges Paket aus <span id=\"urn:enhancement-30\" class=\"textannotation disambiguated wl-thing\">Bike<\/span>-M\u00f6glichkeiten, Trails, Parks und der passenden Infrastruktur, sodass man sie ohne \u00dcbertreibung als <a href=\"https:\/\/www.salzburgerland.com\/de\/die-besten-bikeregionen\/\" target=\"_blank\" rel=\"noreferrer noopener\"><span id=\"urn:enhancement-31\" class=\"textannotation disambiguated wl-thing\">Bike<\/span>-Regionen<\/a> bezeichnen kann.&nbsp;<\/p>\n\n\n\n<p>Der 123 Kilometer lange&nbsp;<a href=\"https:\/\/www.salzburgerland.com\/de\/der-stoneman-taurista\/\">Stoneman Taurista<\/a>-Rundkurs, der einem auf 4.500 H\u00f6henmetern alles abverlangt, geh\u00f6rt ebenso dazu, wie&nbsp;Saalbach Hinterglemm Leogang Fieberbrunn&nbsp;&#8211; \u00d6sterreichs gr\u00f6\u00dfter <span id=\"urn:enhancement-32\" class=\"textannotation disambiguated wl-thing\">Bike<\/span>-Region.  Die Kombination aus Bergen &amp; Thermen, sowie spannende <span id=\"urn:enhancement-33\" class=\"textannotation disambiguated wl-thing\">Bike<\/span> &amp; Hike-Touren warten in&nbsp;Gastein, w\u00e4hrend man im&nbsp;Gro\u00dfarltal&nbsp;im Tal der Almen radelt.&nbsp;Die 167 Kilometer lange 4-Tages-Tour \u201eLungau Extrem\u201c f\u00fchrt durch den gesamten&nbsp;Salzburger Lungau&nbsp;und l\u00e4sst einen unterwegs an dem ein oder anderen Bergsee staunend innehalten. Beim Tauernbiken in der&nbsp;Wildkogel-Arena&nbsp;in den Orten Neukirchen und Bramberg setzt man hingegen voll und ganz auf das Genussbiken. Was diese Regionen alle gemeinsam haben? Sie alle kennen die W\u00fcnsche und Bed\u00fcrfnisse von uns <span id=\"urn:enhancement-28\" class=\"textannotation disambiguated wl-thing\">Bike<\/span>rn und eignen sich ideal f\u00fcr den n\u00e4chsten <span id=\"urn:enhancement-34\" class=\"textannotation disambiguated wl-thing\">Bike<\/span>-Urlaub.&nbsp;<\/p>\n\n\n\n<p>Wer es gerne ein bisschen extremer mag und bei dem der eigene Adrenalinspiegel ebenso rasant in die H\u00f6he schie\u00dft, wie man sich beim Downhillen den Berg hinunterst\u00fcrzt, der sollte einmal einen genaueren Blick auf die&nbsp;<a href=\"https:\/\/www.salzburgerland.com\/de\/bike-parks-und-trails\/\">Parks<\/a>&nbsp;und&nbsp;<a href=\"https:\/\/www.salzburgerland.com\/de\/bike-trails-im-salzburgerland\/\">Trails<\/a>&nbsp;des Landes werfen.&nbsp;<\/p>\n\n\n\n<figure class=\"wp-block-image size-full\"><img loading=\"lazy\" decoding=\"async\" width=\"2560\" height=\"1707\" src=\"https:\/\/www.salzburgerland.com\/de\/magazin\/wp-content\/uploads\/2021\/06\/Biken-in-Gastein-1-scaled.jpg\" alt=\"Person, die mit einem Mountainbike schnell durch einen sonnenbeschienenen, dichten Waldweg f\u00e4hrt.\" class=\"wp-image-155005\" srcset=\"https:\/\/www.salzburgerland.com\/de\/magazin\/wp-content\/uploads\/2021\/06\/Biken-in-Gastein-1-scaled.jpg 2560w, https:\/\/www.salzburgerland.com\/de\/magazin\/wp-content\/uploads\/2021\/06\/Biken-in-Gastein-1-300x200.jpg 300w, https:\/\/www.salzburgerland.com\/de\/magazin\/wp-content\/uploads\/2021\/06\/Biken-in-Gastein-1-1536x1024.jpg 1536w, https:\/\/www.salzburgerland.com\/de\/magazin\/wp-content\/uploads\/2021\/06\/Biken-in-Gastein-1-2048x1365.jpg 2048w, https:\/\/www.salzburgerland.com\/de\/magazin\/wp-content\/uploads\/2021\/06\/Biken-in-Gastein-1-825x550.jpg 825w, https:\/\/www.salzburgerland.com\/de\/magazin\/wp-content\/uploads\/2021\/06\/Biken-in-Gastein-1-600x400.jpg 600w, https:\/\/www.salzburgerland.com\/de\/magazin\/wp-content\/uploads\/2021\/06\/Biken-in-Gastein-1-1320x880.jpg 1320w, https:\/\/www.salzburgerland.com\/de\/magazin\/wp-content\/uploads\/2021\/06\/Biken-in-Gastein-1-150x100.jpg 150w\" sizes=\"auto, (max-width: 2560px) 100vw, 2560px\" \/><figcaption class=\"wp-element-caption\">\u00a9 Klaus Listl &#8211; Biken in Gastein<\/figcaption><\/figure>\n\n\n\n<h2 class=\"wp-block-heading\" id=\"h-auf-schmalen-reifen\">Auf schmalen Reifen<\/h2>\n\n\n\n<p>Glatter Asphalt steht am Men\u00fcplan der Rennrad-Reifen. <a href=\"https:\/\/www.salzburgerland.com\/de\/rennradfahren\/\" target=\"_blank\" rel=\"noreferrer noopener\">Rennradfahren<\/a> hat im SalzburgerLand eine lange Tradition. Die abwechslungsreiche Landschaft bietet ideales Terrain f\u00fcr Rennrad-Touren. Aus der im Jahr 2006 ausgetragenen Stra\u00dfenrad WM resultieren der <a href=\"https:\/\/www.salzburgerland.com\/de\/eddy-merckx-classic\/\" target=\"_blank\" rel=\"noreferrer noopener\">Eddy Merckx Classic Radmarathon<\/a> und zahlreiche beliebte Touren. Echte Klassiker sind Ausfahrten auf den landschaftlich beeindruckenden Pass-Stra\u00dfen hinauf auf die Postalm, rund um den Dientner Sattel oder die vielen aussichtsreichen Kehren der Gro\u00dfglockner Hochalpenstra\u00dfe. Die Rennradregion Salzburgerland-Salzkammergut bietet neben 22 ausgearbeiteten Touren zwischen Bergen und Seen f\u00fcr alle Leistungsklassen auch eine perfekte Infrastruktur mit auf Rennradler spezialisierten Hotels. Auch in der Salzburger Sportwelt findet man 21 wundersch\u00f6ne Routen f\u00fcr Stra\u00dfenradler. <\/p>\n\n\n\n<figure class=\"wp-block-image size-full\"><img loading=\"lazy\" decoding=\"async\" width=\"1100\" height=\"733\" src=\"https:\/\/www.salzburgerland.com\/de\/magazin\/wp-content\/uploads\/2016\/06\/rennrad-radmarathon-training.jpg\" alt=\"Zwei Radfahrer fahren bei Sonnenuntergang auf einer Landstra\u00dfe, mit Sonnenlicht im R\u00fccken und Gr\u00fcn auf beiden Seiten.\" class=\"wp-image-107095\" srcset=\"https:\/\/www.salzburgerland.com\/de\/magazin\/wp-content\/uploads\/2016\/06\/rennrad-radmarathon-training.jpg 1100w, https:\/\/www.salzburgerland.com\/de\/magazin\/wp-content\/uploads\/2016\/06\/rennrad-radmarathon-training-300x200.jpg 300w, https:\/\/www.salzburgerland.com\/de\/magazin\/wp-content\/uploads\/2016\/06\/rennrad-radmarathon-training-825x550.jpg 825w, https:\/\/www.salzburgerland.com\/de\/magazin\/wp-content\/uploads\/2016\/06\/rennrad-radmarathon-training-600x400.jpg 600w\" sizes=\"auto, (max-width: 1100px) 100vw, 1100px\" \/><figcaption class=\"wp-element-caption\">\u00a9 SalzburgerLand Tourismus, Rennradtour mit der Sonne im R\u00fccken<\/figcaption><\/figure>\n\n\n\n<h2 class=\"wp-block-heading\" id=\"h-abenteuer-gravelbike\">Abenteuer Gravelbike<\/h2>\n\n\n\n<p>Dort wo f\u00fcr die Rennrad-Reifen die Stra\u00dfen enden, verl\u00e4ngert sich das Abenteuer der <a href=\"https:\/\/www.salzburgerland.com\/de\/magazin\/gravelbiken-durch-das-salzburgerland\/\" target=\"_blank\" rel=\"noreferrer noopener\">Gravel-Biker<\/a> auf Schotter, Trails und Matsch. Denn die neuen Gravelbikes f\u00fchlen sich auf und abseits des Asphalts gleicherma\u00dfen wohl. Der Vorteil liegt auf der Hand \u2013 schnell und effizient rollt der Graveler auf den Stra\u00dfen und auch im Gel\u00e4nde macht er eine gute Figur. Sieben Regionen im SalzburgerLand folgen dem neuen Trendsport und bieten spezielle Routen, die auch \u00fcber die App \u201ekomoot\u201c abrufbar sind: Mittersill, Zell am See-Kaprun, Saalbach Hinterglemm Leogang Fieberbrunn, Flachau, der Salzburger Lungau, Tennengau und die Rennradregion SalzburgerLand-Salzkammergut.\u00a0<br>Und wer Lust auf ein ganz mehrt\u00e4giges Abenteuer im Gravel-Sattel hat, der sollte die beiden Touren <a href=\"https:\/\/www.salzburgerland.com\/de\/gravelbiken-im-salzburgerland_zartundhart\/?utm_medium=301&amp;utm_source=gravelbike.salzburgerland.com\" target=\"_blank\" rel=\"noreferrer noopener\">ZART und HART<\/a> einmal genauer unter die Lupe nehmen. <\/p>\n\n\n\n<figure class=\"wp-block-image size-full\"><img loading=\"lazy\" decoding=\"async\" width=\"1613\" height=\"1075\" src=\"https:\/\/www.salzburgerland.com\/de\/magazin\/wp-content\/uploads\/2021\/03\/16_Gravelbike_Postalm028cSalzburgerLand_Andreas_Meyer.jpg\" alt=\"Zwei Personen fahren mit dem Fahrrad auf einem unbefestigten Weg durch eine malerische, sonnenbeschienene Berglandschaft mit B\u00e4umen und H\u00fcgeln.\" class=\"wp-image-151020\" srcset=\"https:\/\/www.salzburgerland.com\/de\/magazin\/wp-content\/uploads\/2021\/03\/16_Gravelbike_Postalm028cSalzburgerLand_Andreas_Meyer.jpg 1613w, https:\/\/www.salzburgerland.com\/de\/magazin\/wp-content\/uploads\/2021\/03\/16_Gravelbike_Postalm028cSalzburgerLand_Andreas_Meyer-300x200.jpg 300w, https:\/\/www.salzburgerland.com\/de\/magazin\/wp-content\/uploads\/2021\/03\/16_Gravelbike_Postalm028cSalzburgerLand_Andreas_Meyer-1536x1024.jpg 1536w, https:\/\/www.salzburgerland.com\/de\/magazin\/wp-content\/uploads\/2021\/03\/16_Gravelbike_Postalm028cSalzburgerLand_Andreas_Meyer-825x550.jpg 825w, https:\/\/www.salzburgerland.com\/de\/magazin\/wp-content\/uploads\/2021\/03\/16_Gravelbike_Postalm028cSalzburgerLand_Andreas_Meyer-600x400.jpg 600w, https:\/\/www.salzburgerland.com\/de\/magazin\/wp-content\/uploads\/2021\/03\/16_Gravelbike_Postalm028cSalzburgerLand_Andreas_Meyer-1320x880.jpg 1320w, https:\/\/www.salzburgerland.com\/de\/magazin\/wp-content\/uploads\/2021\/03\/16_Gravelbike_Postalm028cSalzburgerLand_Andreas_Meyer-150x100.jpg 150w\" sizes=\"auto, (max-width: 1613px) 100vw, 1613px\" \/><figcaption class=\"wp-element-caption\">\u00a9 SalzburgerLand Tourismus, Gravelbiker unterwegs im Postalmgebiet<\/figcaption><\/figure>\n\n\n\n<h2 class=\"wp-block-heading\" id=\"h-mit-voller-e-kraft-voraus\">Mit voller E-Kraft voraus<\/h2>\n\n\n\n<p>Der Trend zum <a href=\"https:\/\/www.salzburgerland.com\/de\/e-biken-im-salzburgerland\/\" target=\"_blank\" rel=\"noreferrer noopener\">E-Bike<\/a> hat auch das SalzburgerLand l\u00e4ngst erobert. Selbst versierte Biker verl\u00e4ngern mittlerweile gern ihren Tourenradius mit Unterst\u00fctzung durch den E-Motor. Im Salzburger Saalachtal radelt man mit Tretkraftunterst\u00fctzung und ganz ohne Gep\u00e4ck, denn das wird an den Bestimmungsort geliefert. Leere Akkus geh\u00f6ren in der Region Hochk\u00f6nig schon lange der Vergangenheit an, denn sie war die erste Region weltweit, die \u00fcber ein fl\u00e4chendeckendes E-Tankstellennetz am Berg und im Tal verf\u00fcgte. Gem\u00fctlicher wird\u2018s bei einer l\u00e4nder\u00fcbergreifenden \u201eSlow-Bike-Tour\u201c rund um das Salzburger Becken \u00fcber drei Berggipfel \u2013 vom H\u00f6gl zum Buchberg bis zum Salzburger Gaisberg. Besonders bequem geht es dank Motor-Unterst\u00fctzung nat\u00fcrlich auch bergauf: Nicht nur im Salzburger Lungau, \u00d6sterreichs h\u00f6chster E-Bike-Region, r\u00fccken so auch h\u00f6her gelegene Almh\u00fctten in \u201eerfahrbare\u201c N\u00e4he, auch der Salzkammergut BergeSeen E-Trail lockt mit landschaftlich reizvollen Routen zwischen Berg und Tal.<\/p>\n\n\n\n<figure class=\"wp-block-image size-full\"><img loading=\"lazy\" decoding=\"async\" width=\"2000\" height=\"1335\" src=\"https:\/\/www.salzburgerland.com\/de\/magazin\/wp-content\/uploads\/wl\/2019\/07\/ebike.jpg\" alt=\"Radfahrer in blauer Kleidung l\u00e4dt sein E-Bike an einer Holzh\u00fctte mit Bergen im Hintergrund auf.\" class=\"wp-image-135625\" srcset=\"https:\/\/www.salzburgerland.com\/de\/magazin\/wp-content\/uploads\/wl\/2019\/07\/ebike.jpg 2000w, https:\/\/www.salzburgerland.com\/de\/magazin\/wp-content\/uploads\/wl\/2019\/07\/ebike-300x200.jpg 300w, https:\/\/www.salzburgerland.com\/de\/magazin\/wp-content\/uploads\/wl\/2019\/07\/ebike-824x550.jpg 824w, https:\/\/www.salzburgerland.com\/de\/magazin\/wp-content\/uploads\/wl\/2019\/07\/ebike-599x400.jpg 599w, https:\/\/www.salzburgerland.com\/de\/magazin\/wp-content\/uploads\/wl\/2019\/07\/ebike-1320x881.jpg 1320w\" sizes=\"auto, (max-width: 2000px) 100vw, 2000px\" \/><figcaption class=\"wp-element-caption\">\u00a9 Hochk\u00f6nig &#8211; Paradies f\u00fcr E-Biker<\/figcaption><\/figure>\n\n\n\n<h2 class=\"wp-block-heading\">Argus&nbsp;Bike Festival<\/h2>\n\n\n\n<p>Seine geballte Radkompetenz stellt das SalzburgerLand allj\u00e4hrlich beim\u00a0Argus Bike Festival am Wiener Rathausplatz\u00a0unter Beweis. Dieses Festival, das 2024 am 13. und 14. April stattfindet,  ist l\u00e4ngst zur Institution geworden und geh\u00f6rt mittlerweile zu Europas gr\u00f6\u00dften Rad&amp;Bike-Festivals. Der Wiener Rathausplatz wird dabei zum gro\u00dfen Treffpunkt f\u00fcr Rad-Begeisterte. Nach einer Pause von zwei Jahren freuten sich die Bikeregionen des SalzburgerLandes, der Salzburger Lungau, die Region Hochk\u00f6nig, Flachau, Radstadt, Wagrain-Kleinarl und Filzmoos\u00a0vor Ort \u00fcber ihre Neuigkeiten, Angebote &amp; Events\u00a0 informieren zu d\u00fcrfen. Heuer erstmals mit dabei, war ein Foodtruck mit garantiert Salzburger Produkten!\u00a0<strong><a href=\"https:\/\/www.bikefestival.at\/\" target=\"_blank\" rel=\"noreferrer noopener\">bikefestival.at<\/a><\/strong><\/p>\n\n\n\n<figure class=\"wp-block-image size-full\"><img loading=\"lazy\" decoding=\"async\" width=\"1920\" height=\"1280\" src=\"https:\/\/www.salzburgerland.com\/de\/magazin\/wp-content\/uploads\/2021\/04\/Argus-Bike-Festival.jpg\" alt=\"Ein BMX-Fahrer st\u00fcrzt sich von einer unbefestigten Rampe und zeigt einer jubelnden Menge im Freien seine Fahrk\u00fcnste.\" class=\"wp-image-161506\" srcset=\"https:\/\/www.salzburgerland.com\/de\/magazin\/wp-content\/uploads\/2021\/04\/Argus-Bike-Festival.jpg 1920w, https:\/\/www.salzburgerland.com\/de\/magazin\/wp-content\/uploads\/2021\/04\/Argus-Bike-Festival-300x200.jpg 300w, https:\/\/www.salzburgerland.com\/de\/magazin\/wp-content\/uploads\/2021\/04\/Argus-Bike-Festival-1536x1024.jpg 1536w, https:\/\/www.salzburgerland.com\/de\/magazin\/wp-content\/uploads\/2021\/04\/Argus-Bike-Festival-825x550.jpg 825w, https:\/\/www.salzburgerland.com\/de\/magazin\/wp-content\/uploads\/2021\/04\/Argus-Bike-Festival-600x400.jpg 600w, https:\/\/www.salzburgerland.com\/de\/magazin\/wp-content\/uploads\/2021\/04\/Argus-Bike-Festival-1320x880.jpg 1320w, https:\/\/www.salzburgerland.com\/de\/magazin\/wp-content\/uploads\/2021\/04\/Argus-Bike-Festival-150x100.jpg 150w\" sizes=\"auto, (max-width: 1920px) 100vw, 1920px\" \/><figcaption class=\"wp-element-caption\">\u00a9 Argus Bike Festival<\/figcaption><\/figure>\n\n\n","protected":false},"excerpt":{"rendered":"<p>Radrouten f\u00fcr Genussradler T\u00e4glich in den Sattel schwingen, Kilometer um Kilometer herrliche Landschaften durchradeln und entlang der Strecke Sehensw\u00fcrdigkeiten und die Alpine K\u00fcche entdecken. Das SalzburgerLand ist Ausgangspunkt f\u00fcr sieben Top-Radrouten: Der beliebte Klassiker Tauernradweg, der grenz\u00fcber\u00adschreitende Alpe Adria Radweg bis ans Meer, eine Etappe des EuroVelo von Zell am See bis Ungarn, der Mozart-Radweg [&hellip;]<\/p>\n","protected":false},"author":505,"featured_media":129774,"comment_status":"open","ping_status":"closed","sticky":false,"template":"","format":"standard","meta":{"_acf_changed":false,"wl_entities_gutenberg":"","_wl_entity_redirect_enabled":"","footnotes":""},"categories":[9],"tags":[],"wl_entity_type":[306],"monatsauswahl":[],"class_list":["post-152289","post","type-post","status-publish","format-standard","has-post-thumbnail","hentry","category-sehenswurdig","wl_entity_type-article"],"acf":[],"yoast_head":"<!-- This site is optimized with the Yoast SEO Premium plugin v27.4 (Yoast SEO v27.4) - https:\/\/yoast.com\/product\/yoast-seo-premium-wordpress\/ -->\n<title>Biker\u2019s Paradise - SalzburgerLand Magazin<\/title>\n<meta name=\"description\" content=\"Das SalzburgerLand ist ein Paradies f\u00fcr Biker. Daf\u00fcr sorgen abwechslungsreiche Regionen, Bike-Parks und ein Doppelweltcup\" \/>\n<meta name=\"robots\" content=\"index, follow, max-snippet:-1, max-image-preview:large, max-video-preview:-1\" \/>\n<link rel=\"canonical\" href=\"https:\/\/www.salzburgerland.com\/de\/magazin\/bikers-paradise\/\" \/>\n<meta property=\"og:locale\" content=\"de_DE\" \/>\n<meta property=\"og:type\" content=\"article\" \/>\n<meta property=\"og:title\" content=\"Biker\u2019s Paradise\" \/>\n<meta property=\"og:description\" content=\"Das SalzburgerLand ist ein Paradies f\u00fcr Biker. Daf\u00fcr sorgen abwechslungsreiche Regionen, Bike-Parks und ein Doppelweltcup\" \/>\n<meta property=\"og:url\" content=\"https:\/\/www.salzburgerland.com\/de\/magazin\/bikers-paradise\/\" \/>\n<meta property=\"og:site_name\" content=\"SalzburgerLand Magazin\" \/>\n<meta property=\"article:publisher\" content=\"https:\/\/www.facebook.com\/salzburgerland\/\" \/>\n<meta property=\"article:published_time\" content=\"2021-04-30T05:54:05+00:00\" \/>\n<meta property=\"article:modified_time\" content=\"2024-04-11T05:03:57+00:00\" \/>\n<meta property=\"og:image\" content=\"https:\/\/www.salzburgerland.com\/de\/magazin\/wp-content\/uploads\/2019\/04\/Hm_Bike_Saalbach18_0030.jpg\" \/>\n\t<meta property=\"og:image:width\" content=\"1600\" \/>\n\t<meta property=\"og:image:height\" content=\"1067\" \/>\n\t<meta property=\"og:image:type\" content=\"image\/jpeg\" \/>\n<meta name=\"author\" content=\"Peter Zeitlhofer\" \/>\n<meta name=\"twitter:card\" content=\"summary_large_image\" \/>\n<meta name=\"twitter:creator\" content=\"@Salzburgerland\" \/>\n<meta name=\"twitter:site\" content=\"@Salzburgerland\" \/>\n<meta name=\"twitter:label1\" content=\"Verfasst von\" \/>\n\t<meta name=\"twitter:data1\" content=\"Peter Zeitlhofer\" \/>\n\t<meta name=\"twitter:label2\" content=\"Gesch\u00e4tzte Lesezeit\" \/>\n\t<meta name=\"twitter:data2\" content=\"7\u00a0Minuten\" \/>\n<script type=\"application\/ld+json\" class=\"yoast-schema-graph\">{\"@context\":\"https:\\\/\\\/schema.org\",\"@graph\":[{\"@type\":\"Article\",\"@id\":\"https:\\\/\\\/www.salzburgerland.com\\\/de\\\/magazin\\\/bikers-paradise\\\/#article\",\"isPartOf\":{\"@id\":\"https:\\\/\\\/www.salzburgerland.com\\\/de\\\/magazin\\\/bikers-paradise\\\/\"},\"author\":{\"name\":\"Peter Zeitlhofer\",\"@id\":\"https:\\\/\\\/www.salzburgerland.com\\\/de\\\/magazin\\\/#\\\/schema\\\/person\\\/ebd2c9f244aeea71e30f3b5d5e309de4\"},\"headline\":\"Biker\u2019s Paradise\",\"datePublished\":\"2021-04-30T05:54:05+00:00\",\"dateModified\":\"2024-04-11T05:03:57+00:00\",\"mainEntityOfPage\":{\"@id\":\"https:\\\/\\\/www.salzburgerland.com\\\/de\\\/magazin\\\/bikers-paradise\\\/\"},\"wordCount\":957,\"commentCount\":0,\"publisher\":{\"@id\":\"https:\\\/\\\/www.salzburgerland.com\\\/de\\\/magazin\\\/#organization\"},\"image\":{\"@id\":\"https:\\\/\\\/www.salzburgerland.com\\\/de\\\/magazin\\\/bikers-paradise\\\/#primaryimage\"},\"thumbnailUrl\":\"https:\\\/\\\/www.salzburgerland.com\\\/de\\\/magazin\\\/wp-content\\\/uploads\\\/2019\\\/04\\\/Hm_Bike_Saalbach18_0030.jpg\",\"articleSection\":[\"Sehensw\u00fcrdig\"],\"inLanguage\":\"de\",\"potentialAction\":[{\"@type\":\"CommentAction\",\"name\":\"Comment\",\"target\":[\"https:\\\/\\\/www.salzburgerland.com\\\/de\\\/magazin\\\/bikers-paradise\\\/#respond\"]}]},{\"@type\":\"WebPage\",\"@id\":\"https:\\\/\\\/www.salzburgerland.com\\\/de\\\/magazin\\\/bikers-paradise\\\/\",\"url\":\"https:\\\/\\\/www.salzburgerland.com\\\/de\\\/magazin\\\/bikers-paradise\\\/\",\"name\":\"Biker\u2019s Paradise - SalzburgerLand Magazin\",\"isPartOf\":{\"@id\":\"https:\\\/\\\/www.salzburgerland.com\\\/de\\\/magazin\\\/#website\"},\"primaryImageOfPage\":{\"@id\":\"https:\\\/\\\/www.salzburgerland.com\\\/de\\\/magazin\\\/bikers-paradise\\\/#primaryimage\"},\"image\":{\"@id\":\"https:\\\/\\\/www.salzburgerland.com\\\/de\\\/magazin\\\/bikers-paradise\\\/#primaryimage\"},\"thumbnailUrl\":\"https:\\\/\\\/www.salzburgerland.com\\\/de\\\/magazin\\\/wp-content\\\/uploads\\\/2019\\\/04\\\/Hm_Bike_Saalbach18_0030.jpg\",\"datePublished\":\"2021-04-30T05:54:05+00:00\",\"dateModified\":\"2024-04-11T05:03:57+00:00\",\"description\":\"Das SalzburgerLand ist ein Paradies f\u00fcr Biker. Daf\u00fcr sorgen abwechslungsreiche Regionen, Bike-Parks und ein Doppelweltcup\",\"breadcrumb\":{\"@id\":\"https:\\\/\\\/www.salzburgerland.com\\\/de\\\/magazin\\\/bikers-paradise\\\/#breadcrumb\"},\"inLanguage\":\"de\",\"potentialAction\":[{\"@type\":\"ReadAction\",\"target\":[\"https:\\\/\\\/www.salzburgerland.com\\\/de\\\/magazin\\\/bikers-paradise\\\/\"]}]},{\"@type\":\"ImageObject\",\"inLanguage\":\"de\",\"@id\":\"https:\\\/\\\/www.salzburgerland.com\\\/de\\\/magazin\\\/bikers-paradise\\\/#primaryimage\",\"url\":\"https:\\\/\\\/www.salzburgerland.com\\\/de\\\/magazin\\\/wp-content\\\/uploads\\\/2019\\\/04\\\/Hm_Bike_Saalbach18_0030.jpg\",\"contentUrl\":\"https:\\\/\\\/www.salzburgerland.com\\\/de\\\/magazin\\\/wp-content\\\/uploads\\\/2019\\\/04\\\/Hm_Bike_Saalbach18_0030.jpg\",\"width\":1600,\"height\":1067,\"caption\":\"\u00a9Heiko Mandl\"},{\"@type\":\"BreadcrumbList\",\"@id\":\"https:\\\/\\\/www.salzburgerland.com\\\/de\\\/magazin\\\/bikers-paradise\\\/#breadcrumb\",\"itemListElement\":[{\"@type\":\"ListItem\",\"position\":1,\"name\":\"Startseite\",\"item\":\"https:\\\/\\\/www.salzburgerland.com\\\/de\\\/magazin\\\/\"},{\"@type\":\"ListItem\",\"position\":2,\"name\":\"Sehensw\u00fcrdig\",\"item\":\"https:\\\/\\\/www.salzburgerland.com\\\/de\\\/magazin\\\/thema\\\/sehenswurdig\\\/\"},{\"@type\":\"ListItem\",\"position\":3,\"name\":\"Biker\u2019s Paradise\"}]},{\"@type\":\"WebSite\",\"@id\":\"https:\\\/\\\/www.salzburgerland.com\\\/de\\\/magazin\\\/#website\",\"url\":\"https:\\\/\\\/www.salzburgerland.com\\\/de\\\/magazin\\\/\",\"name\":\"SalzburgerLand Magazin\",\"description\":\"Geschichten und Interessantes aus dem SalzburgerLand\",\"publisher\":{\"@id\":\"https:\\\/\\\/www.salzburgerland.com\\\/de\\\/magazin\\\/#organization\"},\"potentialAction\":[{\"@type\":\"SearchAction\",\"target\":{\"@type\":\"EntryPoint\",\"urlTemplate\":\"https:\\\/\\\/www.salzburgerland.com\\\/de\\\/magazin\\\/?s={search_term_string}\"},\"query-input\":{\"@type\":\"PropertyValueSpecification\",\"valueRequired\":true,\"valueName\":\"search_term_string\"}}],\"inLanguage\":\"de\"},{\"@type\":\"Organization\",\"@id\":\"https:\\\/\\\/www.salzburgerland.com\\\/de\\\/magazin\\\/#organization\",\"name\":\"SalzburgerLand Tourismus\",\"url\":\"https:\\\/\\\/www.salzburgerland.com\\\/de\\\/magazin\\\/\",\"logo\":{\"@type\":\"ImageObject\",\"inLanguage\":\"de\",\"@id\":\"https:\\\/\\\/www.salzburgerland.com\\\/de\\\/magazin\\\/#\\\/schema\\\/logo\\\/image\\\/\",\"url\":\"https:\\\/\\\/www.salzburgerland.com\\\/de\\\/magazin\\\/wp-content\\\/uploads\\\/2019\\\/06\\\/salzburgerland-logo1.jpg\",\"contentUrl\":\"https:\\\/\\\/www.salzburgerland.com\\\/de\\\/magazin\\\/wp-content\\\/uploads\\\/2019\\\/06\\\/salzburgerland-logo1.jpg\",\"width\":2011,\"height\":866,\"caption\":\"SalzburgerLand Tourismus\"},\"image\":{\"@id\":\"https:\\\/\\\/www.salzburgerland.com\\\/de\\\/magazin\\\/#\\\/schema\\\/logo\\\/image\\\/\"},\"sameAs\":[\"https:\\\/\\\/www.facebook.com\\\/salzburgerland\\\/\",\"https:\\\/\\\/x.com\\\/Salzburgerland\",\"https:\\\/\\\/www.instagram.com\\\/salzburgerland\\\/\",\"https:\\\/\\\/at.linkedin.com\\\/company\\\/salzburgerland-tourismus-gmbh\",\"https:\\\/\\\/www.pinterest.at\\\/salzburgerland\\\/\",\"https:\\\/\\\/www.youtube.com\\\/user\\\/salzburgerland\",\"https:\\\/\\\/de.wikipedia.org\\\/wiki\\\/SalzburgerLand_Tourismus_GmbH\"]},{\"@type\":\"Person\",\"@id\":\"https:\\\/\\\/www.salzburgerland.com\\\/de\\\/magazin\\\/#\\\/schema\\\/person\\\/ebd2c9f244aeea71e30f3b5d5e309de4\",\"name\":\"Peter Zeitlhofer\",\"description\":\"'Von Neugier getrieben' - diese Worte kommen Peter Zeitlhofer wohl schon ziemlich nahe. Egal ob am Segelboot, im Tiefschnee, unterwegs in Stadt und Land, oder auf einer seinen vielen Reisen - er ist immer auf der Suche nach Neuem, nach dem Besonderen, probiert so ziemlich alles aus und liebt es, dar\u00fcber zu reden und zu berichten. Womit man auch schon fast bei seiner zweiten Leidenschaft w\u00e4re - dem Schreiben. Immer und \u00fcberall ausgestattet\u00a0mit seinem Notebook, hat der Salzburger, mit Wurzeln am Attersee, sein Office\u00a0im wahrsten Sinne des Wortes unterm Arm und k\u00f6nnte sich nichts besseres vorstellen, als die Geschichten dort zu erz\u00e4hlen, wo sie passieren. Fr\u00fchling, Sommer, Herbst oder Winter? Als Mensch der Extreme, mag ich auch bei den Jahreszeiten den Sommer und den Winter am liebsten. Obwohl nat\u00fcrlich auch der Fr\u00fchling seine Reize hat. Aber der Herbst? Rindsroulade vom Pinzgauer Biorind oder Saibling fangfrisch aus dem Fuschlsee? Immer diese Entscheidungen! Kann ich auch beides haben? Mundharmonika oder Stradivari? Weder noch - als Gitarrist k\u00f6nnte ich mit beiden Instrumenten nichts anfangen. Lederhose oder Smoking? Eindeutig Lederhose, die bei mir mittlerweile sogar den Einzug in den sommerlichen Alltag gefunden hat. Und der LederhosnDonnerstag ist \u00a0ohnehin Pflicht. Alpinski, Offpist oder Skitour? Hauptsache rauf auf den Berg! Was dann tats\u00e4chlich auf dem Programm steht ist zweitrangig. Nur so viel: wenn der Schnee passt, dann h\u00e4lt mich nichts oder niemand auf der Piste. Bergtour oder Seentour? F\u00fcr mich gibt es im Sommer nichts Sch\u00f6neres, als mit dem Segelboot auf unseren herrlichen Seen unterwegs zu sein. Also wenn ich die Wahl habe, dann nehme ich im Sommer die Berge h\u00f6chstens als Kulisse. Haubenlokal oder Ab-Hof-Laden? Auch hier nehme ich von beidem ein bisschen. Aber bei der Oma schmeckt's dann doch am besten.\",\"url\":\"https:\\\/\\\/www.salzburgerland.com\\\/de\\\/magazin\\\/author\\\/peter-zeitlhofer\\\/\"}]}<\/script>\n<!-- \/ Yoast SEO Premium plugin. -->","yoast_head_json":{"title":"Biker\u2019s Paradise - SalzburgerLand Magazin","description":"Das SalzburgerLand ist ein Paradies f\u00fcr Biker. Daf\u00fcr sorgen abwechslungsreiche Regionen, Bike-Parks und ein Doppelweltcup","robots":{"index":"index","follow":"follow","max-snippet":"max-snippet:-1","max-image-preview":"max-image-preview:large","max-video-preview":"max-video-preview:-1"},"canonical":"https:\/\/www.salzburgerland.com\/de\/magazin\/bikers-paradise\/","og_locale":"de_DE","og_type":"article","og_title":"Biker\u2019s Paradise","og_description":"Das SalzburgerLand ist ein Paradies f\u00fcr Biker. Daf\u00fcr sorgen abwechslungsreiche Regionen, Bike-Parks und ein Doppelweltcup","og_url":"https:\/\/www.salzburgerland.com\/de\/magazin\/bikers-paradise\/","og_site_name":"SalzburgerLand Magazin","article_publisher":"https:\/\/www.facebook.com\/salzburgerland\/","article_published_time":"2021-04-30T05:54:05+00:00","article_modified_time":"2024-04-11T05:03:57+00:00","og_image":[{"width":1600,"height":1067,"url":"https:\/\/www.salzburgerland.com\/de\/magazin\/wp-content\/uploads\/2019\/04\/Hm_Bike_Saalbach18_0030.jpg","type":"image\/jpeg"}],"author":"Peter Zeitlhofer","twitter_card":"summary_large_image","twitter_creator":"@Salzburgerland","twitter_site":"@Salzburgerland","twitter_misc":{"Verfasst von":"Peter Zeitlhofer","Gesch\u00e4tzte Lesezeit":"7\u00a0Minuten"},"schema":{"@context":"https:\/\/schema.org","@graph":[{"@type":"Article","@id":"https:\/\/www.salzburgerland.com\/de\/magazin\/bikers-paradise\/#article","isPartOf":{"@id":"https:\/\/www.salzburgerland.com\/de\/magazin\/bikers-paradise\/"},"author":{"name":"Peter Zeitlhofer","@id":"https:\/\/www.salzburgerland.com\/de\/magazin\/#\/schema\/person\/ebd2c9f244aeea71e30f3b5d5e309de4"},"headline":"Biker\u2019s Paradise","datePublished":"2021-04-30T05:54:05+00:00","dateModified":"2024-04-11T05:03:57+00:00","mainEntityOfPage":{"@id":"https:\/\/www.salzburgerland.com\/de\/magazin\/bikers-paradise\/"},"wordCount":957,"commentCount":0,"publisher":{"@id":"https:\/\/www.salzburgerland.com\/de\/magazin\/#organization"},"image":{"@id":"https:\/\/www.salzburgerland.com\/de\/magazin\/bikers-paradise\/#primaryimage"},"thumbnailUrl":"https:\/\/www.salzburgerland.com\/de\/magazin\/wp-content\/uploads\/2019\/04\/Hm_Bike_Saalbach18_0030.jpg","articleSection":["Sehensw\u00fcrdig"],"inLanguage":"de","potentialAction":[{"@type":"CommentAction","name":"Comment","target":["https:\/\/www.salzburgerland.com\/de\/magazin\/bikers-paradise\/#respond"]}]},{"@type":"WebPage","@id":"https:\/\/www.salzburgerland.com\/de\/magazin\/bikers-paradise\/","url":"https:\/\/www.salzburgerland.com\/de\/magazin\/bikers-paradise\/","name":"Biker\u2019s Paradise - SalzburgerLand Magazin","isPartOf":{"@id":"https:\/\/www.salzburgerland.com\/de\/magazin\/#website"},"primaryImageOfPage":{"@id":"https:\/\/www.salzburgerland.com\/de\/magazin\/bikers-paradise\/#primaryimage"},"image":{"@id":"https:\/\/www.salzburgerland.com\/de\/magazin\/bikers-paradise\/#primaryimage"},"thumbnailUrl":"https:\/\/www.salzburgerland.com\/de\/magazin\/wp-content\/uploads\/2019\/04\/Hm_Bike_Saalbach18_0030.jpg","datePublished":"2021-04-30T05:54:05+00:00","dateModified":"2024-04-11T05:03:57+00:00","description":"Das SalzburgerLand ist ein Paradies f\u00fcr Biker. Daf\u00fcr sorgen abwechslungsreiche Regionen, Bike-Parks und ein Doppelweltcup","breadcrumb":{"@id":"https:\/\/www.salzburgerland.com\/de\/magazin\/bikers-paradise\/#breadcrumb"},"inLanguage":"de","potentialAction":[{"@type":"ReadAction","target":["https:\/\/www.salzburgerland.com\/de\/magazin\/bikers-paradise\/"]}]},{"@type":"ImageObject","inLanguage":"de","@id":"https:\/\/www.salzburgerland.com\/de\/magazin\/bikers-paradise\/#primaryimage","url":"https:\/\/www.salzburgerland.com\/de\/magazin\/wp-content\/uploads\/2019\/04\/Hm_Bike_Saalbach18_0030.jpg","contentUrl":"https:\/\/www.salzburgerland.com\/de\/magazin\/wp-content\/uploads\/2019\/04\/Hm_Bike_Saalbach18_0030.jpg","width":1600,"height":1067,"caption":"\u00a9Heiko Mandl"},{"@type":"BreadcrumbList","@id":"https:\/\/www.salzburgerland.com\/de\/magazin\/bikers-paradise\/#breadcrumb","itemListElement":[{"@type":"ListItem","position":1,"name":"Startseite","item":"https:\/\/www.salzburgerland.com\/de\/magazin\/"},{"@type":"ListItem","position":2,"name":"Sehensw\u00fcrdig","item":"https:\/\/www.salzburgerland.com\/de\/magazin\/thema\/sehenswurdig\/"},{"@type":"ListItem","position":3,"name":"Biker\u2019s Paradise"}]},{"@type":"WebSite","@id":"https:\/\/www.salzburgerland.com\/de\/magazin\/#website","url":"https:\/\/www.salzburgerland.com\/de\/magazin\/","name":"SalzburgerLand Magazin","description":"Geschichten und Interessantes aus dem SalzburgerLand","publisher":{"@id":"https:\/\/www.salzburgerland.com\/de\/magazin\/#organization"},"potentialAction":[{"@type":"SearchAction","target":{"@type":"EntryPoint","urlTemplate":"https:\/\/www.salzburgerland.com\/de\/magazin\/?s={search_term_string}"},"query-input":{"@type":"PropertyValueSpecification","valueRequired":true,"valueName":"search_term_string"}}],"inLanguage":"de"},{"@type":"Organization","@id":"https:\/\/www.salzburgerland.com\/de\/magazin\/#organization","name":"SalzburgerLand Tourismus","url":"https:\/\/www.salzburgerland.com\/de\/magazin\/","logo":{"@type":"ImageObject","inLanguage":"de","@id":"https:\/\/www.salzburgerland.com\/de\/magazin\/#\/schema\/logo\/image\/","url":"https:\/\/www.salzburgerland.com\/de\/magazin\/wp-content\/uploads\/2019\/06\/salzburgerland-logo1.jpg","contentUrl":"https:\/\/www.salzburgerland.com\/de\/magazin\/wp-content\/uploads\/2019\/06\/salzburgerland-logo1.jpg","width":2011,"height":866,"caption":"SalzburgerLand Tourismus"},"image":{"@id":"https:\/\/www.salzburgerland.com\/de\/magazin\/#\/schema\/logo\/image\/"},"sameAs":["https:\/\/www.facebook.com\/salzburgerland\/","https:\/\/x.com\/Salzburgerland","https:\/\/www.instagram.com\/salzburgerland\/","https:\/\/at.linkedin.com\/company\/salzburgerland-tourismus-gmbh","https:\/\/www.pinterest.at\/salzburgerland\/","https:\/\/www.youtube.com\/user\/salzburgerland","https:\/\/de.wikipedia.org\/wiki\/SalzburgerLand_Tourismus_GmbH"]},{"@type":"Person","@id":"https:\/\/www.salzburgerland.com\/de\/magazin\/#\/schema\/person\/ebd2c9f244aeea71e30f3b5d5e309de4","name":"Peter Zeitlhofer","description":"'Von Neugier getrieben' - diese Worte kommen Peter Zeitlhofer wohl schon ziemlich nahe. Egal ob am Segelboot, im Tiefschnee, unterwegs in Stadt und Land, oder auf einer seinen vielen Reisen - er ist immer auf der Suche nach Neuem, nach dem Besonderen, probiert so ziemlich alles aus und liebt es, dar\u00fcber zu reden und zu berichten. Womit man auch schon fast bei seiner zweiten Leidenschaft w\u00e4re - dem Schreiben. Immer und \u00fcberall ausgestattet\u00a0mit seinem Notebook, hat der Salzburger, mit Wurzeln am Attersee, sein Office\u00a0im wahrsten Sinne des Wortes unterm Arm und k\u00f6nnte sich nichts besseres vorstellen, als die Geschichten dort zu erz\u00e4hlen, wo sie passieren. Fr\u00fchling, Sommer, Herbst oder Winter? Als Mensch der Extreme, mag ich auch bei den Jahreszeiten den Sommer und den Winter am liebsten. Obwohl nat\u00fcrlich auch der Fr\u00fchling seine Reize hat. Aber der Herbst? Rindsroulade vom Pinzgauer Biorind oder Saibling fangfrisch aus dem Fuschlsee? Immer diese Entscheidungen! Kann ich auch beides haben? Mundharmonika oder Stradivari? Weder noch - als Gitarrist k\u00f6nnte ich mit beiden Instrumenten nichts anfangen. Lederhose oder Smoking? Eindeutig Lederhose, die bei mir mittlerweile sogar den Einzug in den sommerlichen Alltag gefunden hat. Und der LederhosnDonnerstag ist \u00a0ohnehin Pflicht. Alpinski, Offpist oder Skitour? Hauptsache rauf auf den Berg! Was dann tats\u00e4chlich auf dem Programm steht ist zweitrangig. Nur so viel: wenn der Schnee passt, dann h\u00e4lt mich nichts oder niemand auf der Piste. Bergtour oder Seentour? F\u00fcr mich gibt es im Sommer nichts Sch\u00f6neres, als mit dem Segelboot auf unseren herrlichen Seen unterwegs zu sein. Also wenn ich die Wahl habe, dann nehme ich im Sommer die Berge h\u00f6chstens als Kulisse. Haubenlokal oder Ab-Hof-Laden? Auch hier nehme ich von beidem ein bisschen. Aber bei der Oma schmeckt's dann doch am besten.","url":"https:\/\/www.salzburgerland.com\/de\/magazin\/author\/peter-zeitlhofer\/"}]}},"_wl_alt_label":[],"wl:entity_url":"http:\/\/open.salzburgerland.com\/magazin\/post\/id\/152289","_links":{"self":[{"href":"https:\/\/www.salzburgerland.com\/de\/magazin\/wp-json\/wp\/v2\/posts\/152289","targetHints":{"allow":["GET"]}}],"collection":[{"href":"https:\/\/www.salzburgerland.com\/de\/magazin\/wp-json\/wp\/v2\/posts"}],"about":[{"href":"https:\/\/www.salzburgerland.com\/de\/magazin\/wp-json\/wp\/v2\/types\/post"}],"author":[{"embeddable":true,"href":"https:\/\/www.salzburgerland.com\/de\/magazin\/wp-json\/wp\/v2\/users\/505"}],"replies":[{"embeddable":true,"href":"https:\/\/www.salzburgerland.com\/de\/magazin\/wp-json\/wp\/v2\/comments?post=152289"}],"version-history":[{"count":5,"href":"https:\/\/www.salzburgerland.com\/de\/magazin\/wp-json\/wp\/v2\/posts\/152289\/revisions"}],"predecessor-version":[{"id":176460,"href":"https:\/\/www.salzburgerland.com\/de\/magazin\/wp-json\/wp\/v2\/posts\/152289\/revisions\/176460"}],"wp:featuredmedia":[{"embeddable":true,"href":"https:\/\/www.salzburgerland.com\/de\/magazin\/wp-json\/wp\/v2\/media\/129774"}],"wp:attachment":[{"href":"https:\/\/www.salzburgerland.com\/de\/magazin\/wp-json\/wp\/v2\/media?parent=152289"}],"wp:term":[{"taxonomy":"category","embeddable":true,"href":"https:\/\/www.salzburgerland.com\/de\/magazin\/wp-json\/wp\/v2\/categories?post=152289"},{"taxonomy":"post_tag","embeddable":true,"href":"https:\/\/www.salzburgerland.com\/de\/magazin\/wp-json\/wp\/v2\/tags?post=152289"},{"taxonomy":"wl_entity_type","embeddable":true,"href":"https:\/\/www.salzburgerland.com\/de\/magazin\/wp-json\/wp\/v2\/wl_entity_type?post=152289"},{"taxonomy":"monatsauswahl","embeddable":true,"href":"https:\/\/www.salzburgerland.com\/de\/magazin\/wp-json\/wp\/v2\/monatsauswahl?post=152289"}],"curies":[{"name":"wp","href":"https:\/\/api.w.org\/{rel}","templated":true}]}}