{"id":152176,"date":"2024-04-02T06:58:00","date_gmt":"2024-04-02T04:58:00","guid":{"rendered":"https:\/\/www.salzburgerland.com\/de\/magazin\/?p=152176"},"modified":"2024-04-22T15:37:35","modified_gmt":"2024-04-22T13:37:35","slug":"golf-pro-matthias-schwab","status":"publish","type":"post","link":"https:\/\/www.salzburgerland.com\/de\/magazin\/golf-pro-matthias-schwab\/","title":{"rendered":"Golf-Pro Matthias Schwab"},"content":{"rendered":"\n<div class=\"wp-block-slt-top topBlocks\">\n<h2 class=\"wp-block-slt-subtitle\">Wo er im SalzburgerLand abschl\u00e4gt<\/h2>\n\n\n\n<p class=\"wp-block-slt-intro\">Matthias Schwab ist einer der Top-Golfer \u00d6sterreichs und bewies bereits bei Major-Turnieren, auf der US PGA Tour und DP World Tour sein Talent. Als Profi-Golfer ist er weltweit viel unterwegs, kommt aber in Turnierpausen immer wieder gern heim und genie\u00dft nicht nur die Golfpl\u00e4tze im SalzburgerLand.<\/p>\n<\/div>\n\n\n\n<p>Wenn er auf dem Golfplatz abschl\u00e4gt, schaut die ganze Welt zu: Matthias Schwab ist \u00d6sterreichs Aush\u00e4ngeschild in einer Sportart, die weltweit von mehr als 60 Millionen Menschen gespielt wird. Viele Golf-Experten sind sich einig: Matthias Schwab hat das Talent zum echten Top-Spieler im internationalen Profi-Golf. Nicht umsonst war er mit seinem Major-Deb\u00fct beim PGA Championship in San Francisco der j\u00fcngste \u00d6sterreicher, der jemals bei einem Major-Turnier gespielt hat. Bis jetzt hat schon zahlreiche Top-Platzierungen erreicht. Aktuell schl\u00e4gt er auf der DP World Tour ab, auch Turniere auch auf der besten Tour der Welt, der US PGA Tour, sind f\u00fcr heuer geplant. <\/p>\n\n\n\n<h2 class=\"wp-block-heading\" id=\"h-eine-partnerschaft-die-in-der-natur-liegt\">Eine Partnerschaft, die in der Natur liegt<\/h2>\n\n\n\n<figure class=\"wp-block-image size-large\"><img loading=\"lazy\" decoding=\"async\" width=\"1920\" height=\"1280\" src=\"https:\/\/www.salzburgerland.com\/de\/magazin\/wp-content\/uploads\/2021\/04\/RS4152_SLT_Golf_Matthias_Schwab_34_20210407_Leopold-lpr.jpg\" alt=\"Drei M\u00e4nner stehen l\u00e4chelnd an S\u00e4ulen - einer tr\u00e4gt eine Golftasche, ein anderer eine M\u00fctze und einer einen Anzug.\" class=\"wp-image-152178\" srcset=\"https:\/\/www.salzburgerland.com\/de\/magazin\/wp-content\/uploads\/2021\/04\/RS4152_SLT_Golf_Matthias_Schwab_34_20210407_Leopold-lpr.jpg 1920w, https:\/\/www.salzburgerland.com\/de\/magazin\/wp-content\/uploads\/2021\/04\/RS4152_SLT_Golf_Matthias_Schwab_34_20210407_Leopold-lpr-300x200.jpg 300w, https:\/\/www.salzburgerland.com\/de\/magazin\/wp-content\/uploads\/2021\/04\/RS4152_SLT_Golf_Matthias_Schwab_34_20210407_Leopold-lpr-1536x1024.jpg 1536w, https:\/\/www.salzburgerland.com\/de\/magazin\/wp-content\/uploads\/2021\/04\/RS4152_SLT_Golf_Matthias_Schwab_34_20210407_Leopold-lpr-825x550.jpg 825w, https:\/\/www.salzburgerland.com\/de\/magazin\/wp-content\/uploads\/2021\/04\/RS4152_SLT_Golf_Matthias_Schwab_34_20210407_Leopold-lpr-600x400.jpg 600w, https:\/\/www.salzburgerland.com\/de\/magazin\/wp-content\/uploads\/2021\/04\/RS4152_SLT_Golf_Matthias_Schwab_34_20210407_Leopold-lpr-1320x880.jpg 1320w, https:\/\/www.salzburgerland.com\/de\/magazin\/wp-content\/uploads\/2021\/04\/RS4152_SLT_Golf_Matthias_Schwab_34_20210407_Leopold-lpr-150x100.jpg 150w\" sizes=\"auto, (max-width: 1920px) 100vw, 1920px\" \/><figcaption class=\"wp-element-caption\">\u00a9 SLTG, Christian Leopold &#8211; Matthias Schwab wird Botschafter f\u00fcr das SalzburgerLand: Schwab (vorne) im Bild mit Leo Bauernberger (Gesch\u00e4ftsf\u00fchrer SalzburgerLand Tourismus) und \u00d6GV-Pr\u00e4sident Peter Enzinger (r.).<\/figcaption><\/figure>\n\n\n\n<p>Als Botschafter f\u00fcr das SalzburgerLand repr\u00e4sentiert Matthias Schwab bei seinen internationalen Auftritten ab sofort jene Region, wo er einst den Grundstein f\u00fcr seine Karriere legte \u2013 und die er fest in seinem Herzen tr\u00e4gt, wenn er heute zu Turnieren rund um den Globus reist. &#8222;Als &#8218;halber Salzburger&#8216;, meine Mutter kommt aus Radstadt, hatte ich stets eine ganz enge Verbindung zum SalzburgerLand, ging zudem lange Zeit auch im Gymnasium Radstadt zur Schule. <em>(Anm.: Aufgewachsen ist Schwab nur ein paar Kilometer au\u00dferhalb der Bundeslandgrenze in Schladming)<\/em> Und auch in Sachen Golf hat mich das SalzburgerLand stets begleitet: Gemeinsam mit meinem Bruder Johannes waren wir im \u00d6GV-Regionalkader Mitte und dort in der Salzburger Gruppe. Wir hatten eine wirklich gro\u00dfartige Zeit und trainierten unter anderem auch mit Trainer-Legende Jonathan Mannie im Golfclub Gut Altentann&#8220;, erinnert sich Schwab.<\/p>\n\n\n\n<h2 class=\"wp-block-heading\" id=\"h-wo-man-matthias-schwab-beim-golfen-trifft\">Wo man Matthias Schwab beim Golfen trifft<\/h2>\n\n\n\n<figure class=\"wp-block-embed is-type-video is-provider-youtube wp-block-embed-youtube wp-embed-aspect-16-9 wp-has-aspect-ratio\"><div class=\"wp-block-embed__wrapper\">\n<iframe loading=\"lazy\" title=\"Matthias Schwab im SalzburgerLand - Daf\u00fcr leben wir.\" width=\"640\" height=\"360\" src=\"https:\/\/www.youtube-nocookie.com\/embed\/rq0-4aV8YkY?feature=oembed&#038;rel=0&#038;modestbranding=1\" frameborder=\"0\" allow=\"accelerometer; autoplay; clipboard-write; encrypted-media; gyroscope; picture-in-picture; web-share\" referrerpolicy=\"strict-origin-when-cross-origin\" allowfullscreen><\/iframe>\n<\/div><\/figure>\n\n\n\n<p>Golfen im SalzburgerLand sei ein Erlebnis, das weit \u00fcber den Sport hinausgeht. \u201eDie Salzburger Golfpl\u00e4tze sind in puncto Design, Zustand und Kulisse herausragend. Vor allem die einzigartigen Aussichten auf die Berge und die frische Luft suchen ihresgleichen. Aber auch die N\u00e4he zur Stadt Salzburg mit ihrer historischen Altstadt und dem erstklassigen Kulturangebot tr\u00e4gt viel zur Attraktivit\u00e4t bei\u201c, betont <a href=\"https:\/\/www.instagram.com\/matthiasschwab\/\">Matthias Schwab<\/a>. Er muss es wissen, denn er hat weltweit schon auf so vielen Golfpl\u00e4tzen abgeschlagen und kommt immer wieder gern heim.<\/p>\n\n\n\n<figure class=\"wp-block-image size-full\"><img loading=\"lazy\" decoding=\"async\" width=\"1920\" height=\"1281\" src=\"https:\/\/www.salzburgerland.com\/de\/magazin\/wp-content\/uploads\/2024\/03\/RS4206_1X8A9657_final-lpr.jpg\" alt=\"Ein Mann in blauem Hemd und M\u00fctze l\u00e4chelt neben seiner Golftasche in einem sonnigen Park mit beschnittenen B\u00e4umen und Blumenbeeten.\" class=\"wp-image-176209\" srcset=\"https:\/\/www.salzburgerland.com\/de\/magazin\/wp-content\/uploads\/2024\/03\/RS4206_1X8A9657_final-lpr.jpg 1920w, https:\/\/www.salzburgerland.com\/de\/magazin\/wp-content\/uploads\/2024\/03\/RS4206_1X8A9657_final-lpr-300x200.jpg 300w, https:\/\/www.salzburgerland.com\/de\/magazin\/wp-content\/uploads\/2024\/03\/RS4206_1X8A9657_final-lpr-1536x1025.jpg 1536w, https:\/\/www.salzburgerland.com\/de\/magazin\/wp-content\/uploads\/2024\/03\/RS4206_1X8A9657_final-lpr-824x550.jpg 824w, https:\/\/www.salzburgerland.com\/de\/magazin\/wp-content\/uploads\/2024\/03\/RS4206_1X8A9657_final-lpr-600x400.jpg 600w, https:\/\/www.salzburgerland.com\/de\/magazin\/wp-content\/uploads\/2024\/03\/RS4206_1X8A9657_final-lpr-1320x881.jpg 1320w, https:\/\/www.salzburgerland.com\/de\/magazin\/wp-content\/uploads\/2024\/03\/RS4206_1X8A9657_final-lpr-150x100.jpg 150w\" sizes=\"auto, (max-width: 1920px) 100vw, 1920px\" \/><figcaption class=\"wp-element-caption\">Profi-Golfer Matthias Schwab mitten im Mirabellgarten Salzburg. \u00a9 SalzburgerLand Tourismus<\/figcaption><\/figure>\n\n\n\n<p>Und welche von den insgesamt <a href=\"https:\/\/www.salzburgerland.com\/de\/golf\/\" target=\"_blank\" rel=\"noreferrer noopener\">29 Golfpl\u00e4tzen im SalzburgerLand und in den angrenzenden Regionen <\/a>sind nun seine pers\u00f6nlichen Favoriten? \u201eDer GC Gut Altentann nahe dem malerischen Wallersee ist auf jeden Fall ganz vorne dabei. Altentann war der erste Platz in Festland-Europa, der von Golf-Legende Jack Nicklaus designt wurde und ist sicher einer der anspruchsvolleren Pl\u00e4tze in ganz \u00d6sterreich. Ebenfalls ein herausragender Golfplatz ist der GC Zell am See-Kaprun Saalbach, der mit seinem Panorama am Fu\u00dfe des Kitzsteinhorn-Gletschers extrem sch\u00f6n gelegen ist und zudem zwei 18-Loch Championship-Pl\u00e4tze umfasst. Schlie\u00dflich w\u00fcrde ich noch den GC Radstadt nennen, den ich w\u00e4hrend meiner Schulzeit sehr oft gespielt habe. Einzigartig ist der Aufstieg mit der Gondel zu Loch 12 und dem 13. Abschlag, der steil bergab geht. Das ist sehr speziell und cool zu spielen und sollte man unbedingt einmal gesehen haben.\u201c<\/p>\n\n\n\n<figure class=\"wp-block-image size-full\"><img loading=\"lazy\" decoding=\"async\" width=\"1920\" height=\"1197\" src=\"https:\/\/www.salzburgerland.com\/de\/magazin\/wp-content\/uploads\/2024\/03\/RS5177_DSCF6965-lpr.jpg\" alt=\"Golfer schwingt einen Schl\u00e4ger auf einem grasbewachsenen Golfplatz mit Bergen im Hintergrund, Golftasche im Vordergrund.\" class=\"wp-image-176213\" srcset=\"https:\/\/www.salzburgerland.com\/de\/magazin\/wp-content\/uploads\/2024\/03\/RS5177_DSCF6965-lpr.jpg 1920w, https:\/\/www.salzburgerland.com\/de\/magazin\/wp-content\/uploads\/2024\/03\/RS5177_DSCF6965-lpr-300x187.jpg 300w, https:\/\/www.salzburgerland.com\/de\/magazin\/wp-content\/uploads\/2024\/03\/RS5177_DSCF6965-lpr-1536x958.jpg 1536w, https:\/\/www.salzburgerland.com\/de\/magazin\/wp-content\/uploads\/2024\/03\/RS5177_DSCF6965-lpr-882x550.jpg 882w, https:\/\/www.salzburgerland.com\/de\/magazin\/wp-content\/uploads\/2024\/03\/RS5177_DSCF6965-lpr-642x400.jpg 642w, https:\/\/www.salzburgerland.com\/de\/magazin\/wp-content\/uploads\/2024\/03\/RS5177_DSCF6965-lpr-1320x823.jpg 1320w, https:\/\/www.salzburgerland.com\/de\/magazin\/wp-content\/uploads\/2024\/03\/RS5177_DSCF6965-lpr-150x94.jpg 150w\" sizes=\"auto, (max-width: 1920px) 100vw, 1920px\" \/><figcaption class=\"wp-element-caption\">Abschlagen mit Panoramablick \u2013 im Golfclub Zell am See-Kaprun Saalbach. \u00a9 SalzburgerLand Tourismus<\/figcaption><\/figure>\n\n\n\n<p>\u201eEin besonderes Ambiente findet man zudem auf dem 9-Loch-Platz des Golf &amp; Country Club Salzburg-Klessheim, meinem neuen Heimatclub im SalzburgerLand: Wundersch\u00f6n in einem Park gelegen, in unmittelbarer N\u00e4he zur Stadt Salzburg ist er zudem ein Platz mit einer besonderen Geschichte. Er ist einer der \u00e4ltesten Golfanlagen \u00d6sterreichs, der einst von in Salzburg stationierten US-Soldaten angelegt wurde. Mit Gerald Ford und Richard Nixon haben dort auch bereits zwei ehemalige US-Pr\u00e4sidenten abgeschlagen.\u201c<\/p>\n\n\n\n<h2 class=\"wp-block-heading\" id=\"h-wandern-und-skifahren-als-ausgleich-zum-tour-alltag\">Wandern und Skifahren als Ausgleich zum Tour-Alltag<\/h2>\n\n\n\n<figure class=\"wp-block-image size-full\"><img loading=\"lazy\" decoding=\"async\" width=\"1920\" height=\"1281\" src=\"https:\/\/www.salzburgerland.com\/de\/magazin\/wp-content\/uploads\/2024\/03\/28A9786-scaled-e1711694407976.jpg\" alt=\"Ein Mann steht auf einem felsigen H\u00fcgel in einer grasbewachsenen Berglandschaft, in der Hand einen Golfschl\u00e4ger, dahinter schneebedeckte Gipfel.\" class=\"wp-image-176204\" \/><figcaption class=\"wp-element-caption\">Energie tanken auf der Alm im SalzburgerLand \u2013 eine willkommene Abwechslung f\u00fcr Matthias Schwab \u00a9 SalzburgerLand Tourismus<\/figcaption><\/figure>\n\n\n\n<p>Als Profi-Golfer, der auf seinen Reisen zu Turnieren rund um den Globus schon viel von der Welt gesehen hat, kennt er die Vorz\u00fcge des SalzburgerLandes und kommt in den Turnierpausen immer wieder gern &#8218;heim&#8216;. \u201eIm Sommer gehe ich gerne Wandern, da trifft man mich gemeinsam mit meinem Bruder Johannes des \u00f6fteren auf dem Weg zu einem Berggipfel, Bergsee oder einer gem\u00fctlichen Almh\u00fctte in der Region. Im Winter steht bei mir nat\u00fcrlich das Skifahren an erster Stelle, das ich seit fr\u00fchester Kindheit betreibe. Im Skigebiet <a href=\"https:\/\/www.skiamade.com\/de\" target=\"_blank\" rel=\"noreferrer noopener\">Ski Amad\u00e9<\/a> f\u00fchle ich mich zuhause, da kenne ich jede Abfahrt wie meine eigene Westentasche. Und was nat\u00fcrlich nicht fehlen darf im SalzburgerLand: Die <a href=\"https:\/\/www.salzburgerland.com\/de\/salzburger-festspiele\/\" target=\"_blank\" rel=\"noreferrer noopener\">Salzburger Festspiele.<\/a> Das bedeutendste Kulturfestival der Welt vor der stimmungsvollen Kulisse der Stadt Salzburg mit ihrer ikonischen Festung, den eindrucksvollen barocken Bauwerken und engen Gassen \u2013 w\u00e4re sch\u00f6n, wenn sich auch in diesem Sommer einmal ein Besuch ausgeht.\u201c<\/p>\n\n\n\n<p>Mehr \u00fcber <a href=\"https:\/\/www.matthiasschwab.com\/\">Matthias Schwab<\/a>, seine Turniere und seinen Heimatausfl\u00fcge kann man auf seinem <a href=\"https:\/\/www.instagram.com\/matthiasschwab\/\">Instagram-Channel<\/a> nachlesen.<\/p>\n","protected":false},"excerpt":{"rendered":"<p>Wenn er auf dem Golfplatz abschl\u00e4gt, schaut die ganze Welt zu: Matthias Schwab ist \u00d6sterreichs Aush\u00e4ngeschild in einer Sportart, die weltweit von mehr als 60 Millionen Menschen gespielt wird. Viele Golf-Experten sind sich einig: Matthias Schwab hat das Talent zum echten Top-Spieler im internationalen Profi-Golf. Nicht umsonst war er mit seinem Major-Deb\u00fct beim PGA Championship [&hellip;]<\/p>\n","protected":false},"author":544,"featured_media":176566,"comment_status":"open","ping_status":"closed","sticky":false,"template":"","format":"standard","meta":{"_acf_changed":false,"wl_entities_gutenberg":"","_wl_entity_redirect_enabled":"","footnotes":""},"categories":[8],"tags":[224,7273],"wl_entity_type":[306],"monatsauswahl":[82,83,84,85,86,87,88,89,90,91,92,93],"class_list":["post-152176","post","type-post","status-publish","format-standard","has-post-thumbnail","hentry","category-outdoor-sport","tag-golf","tag-golf-2","wl_entity_type-article","monatsauswahl-monat_1","monatsauswahl-monat_2","monatsauswahl-monat_3","monatsauswahl-monat_4","monatsauswahl-monat_5","monatsauswahl-monat_6","monatsauswahl-monat_7","monatsauswahl-monat_8","monatsauswahl-monat_9","monatsauswahl-monat_10","monatsauswahl-monat_11","monatsauswahl-monat_12"],"acf":[],"yoast_head":"<!-- This site is optimized with the Yoast SEO Premium plugin v27.4 (Yoast SEO v27.4) - https:\/\/yoast.com\/product\/yoast-seo-premium-wordpress\/ -->\n<title>Golf-Pro Matthias Schwab - SalzburgerLand Magazin<\/title>\n<meta name=\"robots\" content=\"index, follow, max-snippet:-1, max-image-preview:large, max-video-preview:-1\" \/>\n<link rel=\"canonical\" href=\"https:\/\/www.salzburgerland.com\/de\/magazin\/golf-pro-matthias-schwab\/\" \/>\n<meta property=\"og:locale\" content=\"de_DE\" \/>\n<meta property=\"og:type\" content=\"article\" \/>\n<meta property=\"og:title\" content=\"Golf-Pro Matthias Schwab\" \/>\n<meta property=\"og:description\" content=\"Wenn er auf dem Golfplatz abschl\u00e4gt, schaut die ganze Welt zu: Matthias Schwab ist \u00d6sterreichs Aush\u00e4ngeschild in einer Sportart, die weltweit von mehr als 60 Millionen Menschen gespielt wird. Viele Golf-Experten sind sich einig: Matthias Schwab hat das Talent zum echten Top-Spieler im internationalen Profi-Golf. Nicht umsonst war er mit seinem Major-Deb\u00fct beim PGA Championship [&hellip;]\" \/>\n<meta property=\"og:url\" content=\"https:\/\/www.salzburgerland.com\/de\/magazin\/golf-pro-matthias-schwab\/\" \/>\n<meta property=\"og:site_name\" content=\"SalzburgerLand Magazin\" \/>\n<meta property=\"article:publisher\" content=\"https:\/\/www.facebook.com\/salzburgerland\/\" \/>\n<meta property=\"article:published_time\" content=\"2024-04-02T04:58:00+00:00\" \/>\n<meta property=\"article:modified_time\" content=\"2024-04-22T13:37:35+00:00\" \/>\n<meta property=\"og:image\" content=\"https:\/\/www.salzburgerland.com\/de\/magazin\/wp-content\/uploads\/2024\/04\/SI201807310191-scaled.jpg\" \/>\n\t<meta property=\"og:image:width\" content=\"2560\" \/>\n\t<meta property=\"og:image:height\" content=\"1707\" \/>\n\t<meta property=\"og:image:type\" content=\"image\/jpeg\" \/>\n<meta name=\"author\" content=\"G\u00fcnter Baumgartner\" \/>\n<meta name=\"twitter:card\" content=\"summary_large_image\" \/>\n<meta name=\"twitter:creator\" content=\"@Salzburgerland\" \/>\n<meta name=\"twitter:site\" content=\"@Salzburgerland\" \/>\n<meta name=\"twitter:label1\" content=\"Verfasst von\" \/>\n\t<meta name=\"twitter:data1\" content=\"G\u00fcnter Baumgartner\" \/>\n\t<meta name=\"twitter:label2\" content=\"Gesch\u00e4tzte Lesezeit\" \/>\n\t<meta name=\"twitter:data2\" content=\"6\u00a0Minuten\" \/>\n<script type=\"application\/ld+json\" class=\"yoast-schema-graph\">{\"@context\":\"https:\\\/\\\/schema.org\",\"@graph\":[{\"@type\":\"Article\",\"@id\":\"https:\\\/\\\/www.salzburgerland.com\\\/de\\\/magazin\\\/golf-pro-matthias-schwab\\\/#article\",\"isPartOf\":{\"@id\":\"https:\\\/\\\/www.salzburgerland.com\\\/de\\\/magazin\\\/golf-pro-matthias-schwab\\\/\"},\"author\":{\"name\":\"G\u00fcnter Baumgartner\",\"@id\":\"https:\\\/\\\/www.salzburgerland.com\\\/de\\\/magazin\\\/#\\\/schema\\\/person\\\/2e0abbe9392136e19ff0d5c5721aea87\"},\"headline\":\"Golf-Pro Matthias Schwab\",\"datePublished\":\"2024-04-02T04:58:00+00:00\",\"dateModified\":\"2024-04-22T13:37:35+00:00\",\"mainEntityOfPage\":{\"@id\":\"https:\\\/\\\/www.salzburgerland.com\\\/de\\\/magazin\\\/golf-pro-matthias-schwab\\\/\"},\"wordCount\":866,\"commentCount\":0,\"publisher\":{\"@id\":\"https:\\\/\\\/www.salzburgerland.com\\\/de\\\/magazin\\\/#organization\"},\"image\":{\"@id\":\"https:\\\/\\\/www.salzburgerland.com\\\/de\\\/magazin\\\/golf-pro-matthias-schwab\\\/#primaryimage\"},\"thumbnailUrl\":\"https:\\\/\\\/www.salzburgerland.com\\\/de\\\/magazin\\\/wp-content\\\/uploads\\\/2024\\\/04\\\/SI201807310191-scaled.jpg\",\"keywords\":[\"Alpiner Golfgenuss\",\"golf\"],\"articleSection\":[\"Outdoor &amp; Sport\"],\"inLanguage\":\"de\",\"potentialAction\":[{\"@type\":\"CommentAction\",\"name\":\"Comment\",\"target\":[\"https:\\\/\\\/www.salzburgerland.com\\\/de\\\/magazin\\\/golf-pro-matthias-schwab\\\/#respond\"]}]},{\"@type\":\"WebPage\",\"@id\":\"https:\\\/\\\/www.salzburgerland.com\\\/de\\\/magazin\\\/golf-pro-matthias-schwab\\\/\",\"url\":\"https:\\\/\\\/www.salzburgerland.com\\\/de\\\/magazin\\\/golf-pro-matthias-schwab\\\/\",\"name\":\"Golf-Pro Matthias Schwab - SalzburgerLand Magazin\",\"isPartOf\":{\"@id\":\"https:\\\/\\\/www.salzburgerland.com\\\/de\\\/magazin\\\/#website\"},\"primaryImageOfPage\":{\"@id\":\"https:\\\/\\\/www.salzburgerland.com\\\/de\\\/magazin\\\/golf-pro-matthias-schwab\\\/#primaryimage\"},\"image\":{\"@id\":\"https:\\\/\\\/www.salzburgerland.com\\\/de\\\/magazin\\\/golf-pro-matthias-schwab\\\/#primaryimage\"},\"thumbnailUrl\":\"https:\\\/\\\/www.salzburgerland.com\\\/de\\\/magazin\\\/wp-content\\\/uploads\\\/2024\\\/04\\\/SI201807310191-scaled.jpg\",\"datePublished\":\"2024-04-02T04:58:00+00:00\",\"dateModified\":\"2024-04-22T13:37:35+00:00\",\"breadcrumb\":{\"@id\":\"https:\\\/\\\/www.salzburgerland.com\\\/de\\\/magazin\\\/golf-pro-matthias-schwab\\\/#breadcrumb\"},\"inLanguage\":\"de\",\"potentialAction\":[{\"@type\":\"ReadAction\",\"target\":[\"https:\\\/\\\/www.salzburgerland.com\\\/de\\\/magazin\\\/golf-pro-matthias-schwab\\\/\"]}]},{\"@type\":\"ImageObject\",\"inLanguage\":\"de\",\"@id\":\"https:\\\/\\\/www.salzburgerland.com\\\/de\\\/magazin\\\/golf-pro-matthias-schwab\\\/#primaryimage\",\"url\":\"https:\\\/\\\/www.salzburgerland.com\\\/de\\\/magazin\\\/wp-content\\\/uploads\\\/2024\\\/04\\\/SI201807310191-scaled.jpg\",\"contentUrl\":\"https:\\\/\\\/www.salzburgerland.com\\\/de\\\/magazin\\\/wp-content\\\/uploads\\\/2024\\\/04\\\/SI201807310191-scaled.jpg\",\"width\":2560,\"height\":1707,\"caption\":\"\u00a9 Red Bull Content Pool\"},{\"@type\":\"BreadcrumbList\",\"@id\":\"https:\\\/\\\/www.salzburgerland.com\\\/de\\\/magazin\\\/golf-pro-matthias-schwab\\\/#breadcrumb\",\"itemListElement\":[{\"@type\":\"ListItem\",\"position\":1,\"name\":\"Startseite\",\"item\":\"https:\\\/\\\/www.salzburgerland.com\\\/de\\\/magazin\\\/\"},{\"@type\":\"ListItem\",\"position\":2,\"name\":\"Outdoor &amp; Sport\",\"item\":\"https:\\\/\\\/www.salzburgerland.com\\\/de\\\/magazin\\\/thema\\\/outdoor-sport\\\/\"},{\"@type\":\"ListItem\",\"position\":3,\"name\":\"Golf-Pro Matthias Schwab\"}]},{\"@type\":\"WebSite\",\"@id\":\"https:\\\/\\\/www.salzburgerland.com\\\/de\\\/magazin\\\/#website\",\"url\":\"https:\\\/\\\/www.salzburgerland.com\\\/de\\\/magazin\\\/\",\"name\":\"SalzburgerLand Magazin\",\"description\":\"Geschichten und Interessantes aus dem SalzburgerLand\",\"publisher\":{\"@id\":\"https:\\\/\\\/www.salzburgerland.com\\\/de\\\/magazin\\\/#organization\"},\"potentialAction\":[{\"@type\":\"SearchAction\",\"target\":{\"@type\":\"EntryPoint\",\"urlTemplate\":\"https:\\\/\\\/www.salzburgerland.com\\\/de\\\/magazin\\\/?s={search_term_string}\"},\"query-input\":{\"@type\":\"PropertyValueSpecification\",\"valueRequired\":true,\"valueName\":\"search_term_string\"}}],\"inLanguage\":\"de\"},{\"@type\":\"Organization\",\"@id\":\"https:\\\/\\\/www.salzburgerland.com\\\/de\\\/magazin\\\/#organization\",\"name\":\"SalzburgerLand Tourismus\",\"url\":\"https:\\\/\\\/www.salzburgerland.com\\\/de\\\/magazin\\\/\",\"logo\":{\"@type\":\"ImageObject\",\"inLanguage\":\"de\",\"@id\":\"https:\\\/\\\/www.salzburgerland.com\\\/de\\\/magazin\\\/#\\\/schema\\\/logo\\\/image\\\/\",\"url\":\"https:\\\/\\\/www.salzburgerland.com\\\/de\\\/magazin\\\/wp-content\\\/uploads\\\/2019\\\/06\\\/salzburgerland-logo1.jpg\",\"contentUrl\":\"https:\\\/\\\/www.salzburgerland.com\\\/de\\\/magazin\\\/wp-content\\\/uploads\\\/2019\\\/06\\\/salzburgerland-logo1.jpg\",\"width\":2011,\"height\":866,\"caption\":\"SalzburgerLand Tourismus\"},\"image\":{\"@id\":\"https:\\\/\\\/www.salzburgerland.com\\\/de\\\/magazin\\\/#\\\/schema\\\/logo\\\/image\\\/\"},\"sameAs\":[\"https:\\\/\\\/www.facebook.com\\\/salzburgerland\\\/\",\"https:\\\/\\\/x.com\\\/Salzburgerland\",\"https:\\\/\\\/www.instagram.com\\\/salzburgerland\\\/\",\"https:\\\/\\\/at.linkedin.com\\\/company\\\/salzburgerland-tourismus-gmbh\",\"https:\\\/\\\/www.pinterest.at\\\/salzburgerland\\\/\",\"https:\\\/\\\/www.youtube.com\\\/user\\\/salzburgerland\",\"https:\\\/\\\/de.wikipedia.org\\\/wiki\\\/SalzburgerLand_Tourismus_GmbH\"]},{\"@type\":\"Person\",\"@id\":\"https:\\\/\\\/www.salzburgerland.com\\\/de\\\/magazin\\\/#\\\/schema\\\/person\\\/2e0abbe9392136e19ff0d5c5721aea87\",\"name\":\"G\u00fcnter Baumgartner\",\"url\":\"https:\\\/\\\/www.salzburgerland.com\\\/de\\\/magazin\\\/author\\\/guenter-baumgartner\\\/\"}]}<\/script>\n<meta property=\"og:video\" content=\"https:\/\/www.youtube.com\/embed\/rq0-4aV8YkY\" \/>\n<meta property=\"og:video:type\" content=\"text\/html\" \/>\n<meta property=\"og:video:duration\" content=\"32\" \/>\n<meta property=\"og:video:width\" content=\"480\" \/>\n<meta property=\"og:video:height\" content=\"270\" \/>\n<meta property=\"ya:ovs:adult\" content=\"false\" \/>\n<meta property=\"ya:ovs:upload_date\" content=\"2024-04-02T04:58:00+00:00\" \/>\n<meta property=\"ya:ovs:allow_embed\" content=\"true\" \/>\n<!-- \/ Yoast SEO Premium plugin. -->","yoast_head_json":{"title":"Golf-Pro Matthias Schwab - SalzburgerLand Magazin","robots":{"index":"index","follow":"follow","max-snippet":"max-snippet:-1","max-image-preview":"max-image-preview:large","max-video-preview":"max-video-preview:-1"},"canonical":"https:\/\/www.salzburgerland.com\/de\/magazin\/golf-pro-matthias-schwab\/","og_locale":"de_DE","og_type":"article","og_title":"Golf-Pro Matthias Schwab","og_description":"Wenn er auf dem Golfplatz abschl\u00e4gt, schaut die ganze Welt zu: Matthias Schwab ist \u00d6sterreichs Aush\u00e4ngeschild in einer Sportart, die weltweit von mehr als 60 Millionen Menschen gespielt wird. Viele Golf-Experten sind sich einig: Matthias Schwab hat das Talent zum echten Top-Spieler im internationalen Profi-Golf. Nicht umsonst war er mit seinem Major-Deb\u00fct beim PGA Championship [&hellip;]","og_url":"https:\/\/www.salzburgerland.com\/de\/magazin\/golf-pro-matthias-schwab\/","og_site_name":"SalzburgerLand Magazin","article_publisher":"https:\/\/www.facebook.com\/salzburgerland\/","article_published_time":"2024-04-02T04:58:00+00:00","article_modified_time":"2024-04-22T13:37:35+00:00","og_image":[{"width":2560,"height":1707,"url":"https:\/\/www.salzburgerland.com\/de\/magazin\/wp-content\/uploads\/2024\/04\/SI201807310191-scaled.jpg","type":"image\/jpeg"}],"author":"G\u00fcnter Baumgartner","twitter_card":"summary_large_image","twitter_creator":"@Salzburgerland","twitter_site":"@Salzburgerland","twitter_misc":{"Verfasst von":"G\u00fcnter Baumgartner","Gesch\u00e4tzte Lesezeit":"6\u00a0Minuten"},"schema":{"@context":"https:\/\/schema.org","@graph":[{"@type":"Article","@id":"https:\/\/www.salzburgerland.com\/de\/magazin\/golf-pro-matthias-schwab\/#article","isPartOf":{"@id":"https:\/\/www.salzburgerland.com\/de\/magazin\/golf-pro-matthias-schwab\/"},"author":{"name":"G\u00fcnter Baumgartner","@id":"https:\/\/www.salzburgerland.com\/de\/magazin\/#\/schema\/person\/2e0abbe9392136e19ff0d5c5721aea87"},"headline":"Golf-Pro Matthias Schwab","datePublished":"2024-04-02T04:58:00+00:00","dateModified":"2024-04-22T13:37:35+00:00","mainEntityOfPage":{"@id":"https:\/\/www.salzburgerland.com\/de\/magazin\/golf-pro-matthias-schwab\/"},"wordCount":866,"commentCount":0,"publisher":{"@id":"https:\/\/www.salzburgerland.com\/de\/magazin\/#organization"},"image":{"@id":"https:\/\/www.salzburgerland.com\/de\/magazin\/golf-pro-matthias-schwab\/#primaryimage"},"thumbnailUrl":"https:\/\/www.salzburgerland.com\/de\/magazin\/wp-content\/uploads\/2024\/04\/SI201807310191-scaled.jpg","keywords":["Alpiner Golfgenuss","golf"],"articleSection":["Outdoor &amp; Sport"],"inLanguage":"de","potentialAction":[{"@type":"CommentAction","name":"Comment","target":["https:\/\/www.salzburgerland.com\/de\/magazin\/golf-pro-matthias-schwab\/#respond"]}]},{"@type":"WebPage","@id":"https:\/\/www.salzburgerland.com\/de\/magazin\/golf-pro-matthias-schwab\/","url":"https:\/\/www.salzburgerland.com\/de\/magazin\/golf-pro-matthias-schwab\/","name":"Golf-Pro Matthias Schwab - SalzburgerLand Magazin","isPartOf":{"@id":"https:\/\/www.salzburgerland.com\/de\/magazin\/#website"},"primaryImageOfPage":{"@id":"https:\/\/www.salzburgerland.com\/de\/magazin\/golf-pro-matthias-schwab\/#primaryimage"},"image":{"@id":"https:\/\/www.salzburgerland.com\/de\/magazin\/golf-pro-matthias-schwab\/#primaryimage"},"thumbnailUrl":"https:\/\/www.salzburgerland.com\/de\/magazin\/wp-content\/uploads\/2024\/04\/SI201807310191-scaled.jpg","datePublished":"2024-04-02T04:58:00+00:00","dateModified":"2024-04-22T13:37:35+00:00","breadcrumb":{"@id":"https:\/\/www.salzburgerland.com\/de\/magazin\/golf-pro-matthias-schwab\/#breadcrumb"},"inLanguage":"de","potentialAction":[{"@type":"ReadAction","target":["https:\/\/www.salzburgerland.com\/de\/magazin\/golf-pro-matthias-schwab\/"]}]},{"@type":"ImageObject","inLanguage":"de","@id":"https:\/\/www.salzburgerland.com\/de\/magazin\/golf-pro-matthias-schwab\/#primaryimage","url":"https:\/\/www.salzburgerland.com\/de\/magazin\/wp-content\/uploads\/2024\/04\/SI201807310191-scaled.jpg","contentUrl":"https:\/\/www.salzburgerland.com\/de\/magazin\/wp-content\/uploads\/2024\/04\/SI201807310191-scaled.jpg","width":2560,"height":1707,"caption":"\u00a9 Red Bull Content Pool"},{"@type":"BreadcrumbList","@id":"https:\/\/www.salzburgerland.com\/de\/magazin\/golf-pro-matthias-schwab\/#breadcrumb","itemListElement":[{"@type":"ListItem","position":1,"name":"Startseite","item":"https:\/\/www.salzburgerland.com\/de\/magazin\/"},{"@type":"ListItem","position":2,"name":"Outdoor &amp; Sport","item":"https:\/\/www.salzburgerland.com\/de\/magazin\/thema\/outdoor-sport\/"},{"@type":"ListItem","position":3,"name":"Golf-Pro Matthias Schwab"}]},{"@type":"WebSite","@id":"https:\/\/www.salzburgerland.com\/de\/magazin\/#website","url":"https:\/\/www.salzburgerland.com\/de\/magazin\/","name":"SalzburgerLand Magazin","description":"Geschichten und Interessantes aus dem SalzburgerLand","publisher":{"@id":"https:\/\/www.salzburgerland.com\/de\/magazin\/#organization"},"potentialAction":[{"@type":"SearchAction","target":{"@type":"EntryPoint","urlTemplate":"https:\/\/www.salzburgerland.com\/de\/magazin\/?s={search_term_string}"},"query-input":{"@type":"PropertyValueSpecification","valueRequired":true,"valueName":"search_term_string"}}],"inLanguage":"de"},{"@type":"Organization","@id":"https:\/\/www.salzburgerland.com\/de\/magazin\/#organization","name":"SalzburgerLand Tourismus","url":"https:\/\/www.salzburgerland.com\/de\/magazin\/","logo":{"@type":"ImageObject","inLanguage":"de","@id":"https:\/\/www.salzburgerland.com\/de\/magazin\/#\/schema\/logo\/image\/","url":"https:\/\/www.salzburgerland.com\/de\/magazin\/wp-content\/uploads\/2019\/06\/salzburgerland-logo1.jpg","contentUrl":"https:\/\/www.salzburgerland.com\/de\/magazin\/wp-content\/uploads\/2019\/06\/salzburgerland-logo1.jpg","width":2011,"height":866,"caption":"SalzburgerLand Tourismus"},"image":{"@id":"https:\/\/www.salzburgerland.com\/de\/magazin\/#\/schema\/logo\/image\/"},"sameAs":["https:\/\/www.facebook.com\/salzburgerland\/","https:\/\/x.com\/Salzburgerland","https:\/\/www.instagram.com\/salzburgerland\/","https:\/\/at.linkedin.com\/company\/salzburgerland-tourismus-gmbh","https:\/\/www.pinterest.at\/salzburgerland\/","https:\/\/www.youtube.com\/user\/salzburgerland","https:\/\/de.wikipedia.org\/wiki\/SalzburgerLand_Tourismus_GmbH"]},{"@type":"Person","@id":"https:\/\/www.salzburgerland.com\/de\/magazin\/#\/schema\/person\/2e0abbe9392136e19ff0d5c5721aea87","name":"G\u00fcnter Baumgartner","url":"https:\/\/www.salzburgerland.com\/de\/magazin\/author\/guenter-baumgartner\/"}]},"og_video":"https:\/\/www.youtube.com\/embed\/rq0-4aV8YkY","og_video_type":"text\/html","og_video_duration":"32","og_video_width":"480","og_video_height":"270","ya_ovs_adult":"false","ya_ovs_upload_date":"2024-04-02T04:58:00+00:00","ya_ovs_allow_embed":"true"},"_wl_alt_label":[],"wl:entity_url":"http:\/\/open.salzburgerland.com\/magazin\/post\/id\/152176","_links":{"self":[{"href":"https:\/\/www.salzburgerland.com\/de\/magazin\/wp-json\/wp\/v2\/posts\/152176","targetHints":{"allow":["GET"]}}],"collection":[{"href":"https:\/\/www.salzburgerland.com\/de\/magazin\/wp-json\/wp\/v2\/posts"}],"about":[{"href":"https:\/\/www.salzburgerland.com\/de\/magazin\/wp-json\/wp\/v2\/types\/post"}],"author":[{"embeddable":true,"href":"https:\/\/www.salzburgerland.com\/de\/magazin\/wp-json\/wp\/v2\/users\/544"}],"replies":[{"embeddable":true,"href":"https:\/\/www.salzburgerland.com\/de\/magazin\/wp-json\/wp\/v2\/comments?post=152176"}],"version-history":[{"count":5,"href":"https:\/\/www.salzburgerland.com\/de\/magazin\/wp-json\/wp\/v2\/posts\/152176\/revisions"}],"predecessor-version":[{"id":176575,"href":"https:\/\/www.salzburgerland.com\/de\/magazin\/wp-json\/wp\/v2\/posts\/152176\/revisions\/176575"}],"wp:featuredmedia":[{"embeddable":true,"href":"https:\/\/www.salzburgerland.com\/de\/magazin\/wp-json\/wp\/v2\/media\/176566"}],"wp:attachment":[{"href":"https:\/\/www.salzburgerland.com\/de\/magazin\/wp-json\/wp\/v2\/media?parent=152176"}],"wp:term":[{"taxonomy":"category","embeddable":true,"href":"https:\/\/www.salzburgerland.com\/de\/magazin\/wp-json\/wp\/v2\/categories?post=152176"},{"taxonomy":"post_tag","embeddable":true,"href":"https:\/\/www.salzburgerland.com\/de\/magazin\/wp-json\/wp\/v2\/tags?post=152176"},{"taxonomy":"wl_entity_type","embeddable":true,"href":"https:\/\/www.salzburgerland.com\/de\/magazin\/wp-json\/wp\/v2\/wl_entity_type?post=152176"},{"taxonomy":"monatsauswahl","embeddable":true,"href":"https:\/\/www.salzburgerland.com\/de\/magazin\/wp-json\/wp\/v2\/monatsauswahl?post=152176"}],"curies":[{"name":"wp","href":"https:\/\/api.w.org\/{rel}","templated":true}]}}