{"id":151904,"date":"2021-05-06T08:00:00","date_gmt":"2021-05-06T06:00:00","guid":{"rendered":"https:\/\/www.salzburgerland.com\/de\/magazin\/?p=151904"},"modified":"2021-05-06T09:18:18","modified_gmt":"2021-05-06T07:18:18","slug":"marathonmann-peter-herzog","status":"publish","type":"post","link":"https:\/\/www.salzburgerland.com\/de\/magazin\/marathonmann-peter-herzog\/","title":{"rendered":"Marathonmann Peter Herzog"},"content":{"rendered":"\n<div class=\"wp-block-slt-top topBlocks\">\n<h2 class=\"wp-block-slt-subtitle\">Salzburg l\u00e4uft olympisch<\/h2>\n\n\n\n<p class=\"wp-block-slt-intro\">Peter Herzog ist \u00d6sterreichs Rekordhalter im Marathon und Staatsmeister im Crosslauf und Halbmarathon. Sein Weg zum Profi war ein unkonventioneller, doch mit viel wertvollem R\u00fcstzeug aus dem SalzburgerLand hat er es geschafft und sich sogar sein Ticket f\u00fcr die Olympischen Spiele in Tokio gesichert.<\/p>\n<\/div>\n\n\n\n<p>Zwei Stunden, zehn Minuten und sechs Sekunden sauste der 33-j\u00e4hrige Saalfeldener Peter Herzog vergangenen Oktober bei Dauerregen durch die Stra\u00dfen Londons \u2013 um einen neuen \u00f6sterreichischen Marathonrekord hinzulegen. Auf britischem Asphalt h\u00e4ngte Herzog fast alle ab, dem Salzburger Bier hingegen ist er lange Zeit nicht davongelaufen: \u201eMir schmeckt es einfach\u201c, gesteht der Top-Athlet seine sp\u00e4t abgelegte Schw\u00e4che f\u00fcr die regionalen Versuchungen.<\/p>\n\n\n\n<h2 class=\"wp-block-heading\" id=\"h-gelegenheit-schafft-ziele\"><strong>Gelegenheit schafft Ziele<\/strong><\/h2>\n\n\n\n<p>Sportlich war Peter Herzog schon immer. Zun\u00e4chst beeindruckte er als Artist auf dem Rad. Nach zw\u00f6lf Jahren Bike-Trialsport \u00fcberkam ihn die Lust am Triathlon. Doch auch dabei zog \u201ePeda\u201c, wie ihn seine Freunde nennen, recht spontan den Stecker \u2013 weil sein Schwimmtempo jenem einer Werkzeugkiste gleichkam, so der Pinzgauer, der l\u00e4ngst keinen Vergleich mehr scheuen muss.<\/p>\n\n\n\n<p>Inspiriert von der Atmosph\u00e4re des Marathons in M\u00fcnchen, zu dem er 2012 einen Freund als Sparringpartner begleitete, nahm es Herzog fortan immer intensiver mit dem Laufen auf. Alles Gute kam zun\u00e4chst aus dem Internet: Peter, der noch heute mit der Freude eines Hobbyl\u00e4ufers \u00fcber die Stra\u00dfen d\u00fcst, holte sich seine ersten Trainingspl\u00e4ne doch tats\u00e4chlich einfach online zum Download. Immer wieder konnte er seine eigenen Erwartungen \u00fcbertreffen, bis er irgendwann einfach zu schnell daf\u00fcr war, es beim Hobby bewenden zu lassen.<\/p>\n\n\n<div class=\"mag-gallery\"><div class=\"row\"><div class=\"col-6 col-sm-4\"><figure><a class=\"thumb-container\" href=\"https:\/\/www.salzburgerland.com\/de\/magazin\/wp-content\/uploads\/2021\/05\/peter-herzog-saalfelden-1280x1024.jpg\">\t<picture><source media=\"(min-width: 576px)\" srcset=\"https:\/\/www.salzburgerland.com\/de\/magazin\/wp-content\/uploads\/2021\/05\/peter-herzog-saalfelden-325x209.jpg 325w, https:\/\/www.salzburgerland.com\/de\/magazin\/wp-content\/uploads\/2021\/05\/peter-herzog-saalfelden-249x160.jpg 249w\"><\/source><source media=\"(min-width: 0)\" srcset=\"https:\/\/www.salzburgerland.com\/de\/magazin\/wp-content\/uploads\/2021\/05\/peter-herzog-saalfelden-249x160.jpg 249w, https:\/\/www.salzburgerland.com\/de\/magazin\/wp-content\/uploads\/2021\/05\/peter-herzog-saalfelden-325x209.jpg 325w\"><\/source><img decoding=\"async\" alt=\"Peter Herzog l&auml;uft bei den Olympischen Spielen, l&auml;uft drau&szlig;en im Winter mit schneebedeckten Bergen im Hintergrund.\" src=\"https:\/\/www.salzburgerland.com\/de\/magazin\/wp-content\/uploads\/2021\/05\/peter-herzog-saalfelden.jpg\">\t<\/picture><\/a><\/figure><\/div><div class=\"col-6 col-sm-4\"><figure><a class=\"thumb-container\" href=\"https:\/\/www.salzburgerland.com\/de\/magazin\/wp-content\/uploads\/2021\/05\/peter-herzog-watch-1280x1024.jpg\">\t<picture><source media=\"(min-width: 576px)\" srcset=\"https:\/\/www.salzburgerland.com\/de\/magazin\/wp-content\/uploads\/2021\/05\/peter-herzog-watch-325x209.jpg 325w, https:\/\/www.salzburgerland.com\/de\/magazin\/wp-content\/uploads\/2021\/05\/peter-herzog-watch-249x160.jpg 249w\"><\/source><source media=\"(min-width: 0)\" srcset=\"https:\/\/www.salzburgerland.com\/de\/magazin\/wp-content\/uploads\/2021\/05\/peter-herzog-watch-249x160.jpg 249w, https:\/\/www.salzburgerland.com\/de\/magazin\/wp-content\/uploads\/2021\/05\/peter-herzog-watch-325x209.jpg 325w\"><\/source><img decoding=\"async\" alt=\"Peter Herzog l&auml;uft bei den Olympischen Spielen: Ein Mann in einer Tarnjacke mit Sponsorenlogos l&auml;chelt im Freien.\" src=\"https:\/\/www.salzburgerland.com\/de\/magazin\/wp-content\/uploads\/2021\/05\/peter-herzog-watch.jpg\">\t<\/picture><\/a><\/figure><\/div><div class=\"col-6 col-sm-4\"><figure><a class=\"thumb-container\" href=\"https:\/\/www.salzburgerland.com\/de\/magazin\/wp-content\/uploads\/2021\/05\/peter-herzog-nebel-e1620284613753-1280x1024.jpg\">\t<picture><source media=\"(min-width: 576px)\" srcset=\"https:\/\/www.salzburgerland.com\/de\/magazin\/wp-content\/uploads\/2021\/05\/peter-herzog-nebel-e1620284613753-325x209.jpg 325w, https:\/\/www.salzburgerland.com\/de\/magazin\/wp-content\/uploads\/2021\/05\/peter-herzog-nebel-e1620284613753-249x160.jpg 249w\"><\/source><source media=\"(min-width: 0)\" srcset=\"https:\/\/www.salzburgerland.com\/de\/magazin\/wp-content\/uploads\/2021\/05\/peter-herzog-nebel-e1620284613753-249x160.jpg 249w, https:\/\/www.salzburgerland.com\/de\/magazin\/wp-content\/uploads\/2021\/05\/peter-herzog-nebel-e1620284613753-325x209.jpg 325w\"><\/source><img decoding=\"async\" alt=\"Peter Herzog l&auml;uft bei den Olympischen Spielen auf einer verschneiten, nebligen Stra&szlig;e an einem kalten Tag.\" src=\"https:\/\/www.salzburgerland.com\/de\/magazin\/wp-content\/uploads\/2021\/05\/peter-herzog-nebel-e1620284613753.jpg\">\t<\/picture><\/a><\/figure><\/div><\/div><figcaption>Im SalzburgerLand tankt Peter Herzog Energie f&uuml;r seinen Erfolgslauf &copy; Johannes Langer<\/figcaption><\/div>\n\n\n\n<h2 class=\"wp-block-heading\" id=\"h-vom-eiskeller-zum-olympia-traum\"><strong>Vom Eiskeller zum Olympia-Traum<\/strong><\/h2>\n\n\n\n<p>Jahrelang war Peter Herzog Halbprofi. Im Brotberuf arbeitete er am Sportgymnasium als Biathlon-Nachwuchstrainer, quasi im Vorbeilaufen rannte er zu Fabelzeiten \u2013 mal in Valencia, dann in Frankfurt. Noch im Winter 2018 legte Peter selbst Hand an und fr\u00e4ste sich die 400-Meter-Laufbahn in <a href=\"https:\/\/www.saalfelden-leogang.com\/\" target=\"_blank\" rel=\"noreferrer noopener\">Saalfelden<\/a> frei. Wenig beneidenswert war das Engegef\u00fchl zwischen einer gut meterhohen Schneewand links und rechts, doch hier hatte er seinen pers\u00f6nlichen \u201eEiskeller\u201c, der ihn fit machen sollte f\u00fcr den Vienna City Marathon. Einige Monate sp\u00e4ter wechselte Herzog, seines Zeichens auch Heeressportler im milit\u00e4rischen Dienstgrad des \u201eGefreiten\u201c, den Verein und die Weichen f\u00fcrs Profi-Dasein waren gestellt.<\/p>\n\n\n\n<p>Die ersten Jahre der Profikarriere verlangten Peter gleich all seine Robustheit ab, die er sich daheim im SalzburgerLand angeeignet hatte. Von \u201every british\u201c bis br\u00fctender Hitze, ihm ist jedes Wetter recht: Trotzte der Salzburger Marathonmann f\u00fcr seine Rekordzeit in London Wind und Regen, so war die \u201eBerliner Luft\u201c bei der EM 2019 eine besonders hei\u00dfe \u2013 f\u00fcr Peter Herzog genau richtig, um sich hier sein olympisches Feuer zu entz\u00fcnden. Als bester Europ\u00e4er unterbot er das Olympia-Limit und sicherte sich fr\u00fchzeitig sein Ticket f\u00fcr Tokio.<\/p>\n\n\n<div class=\"mag-gallery\"><div class=\"row\"><div class=\"col-6 col-sm-4\"><figure><a class=\"thumb-container\" href=\"https:\/\/www.salzburgerland.com\/de\/magazin\/wp-content\/uploads\/2021\/04\/peter-herzog-adventure-1280x1024.jpg\">\t<picture><source media=\"(min-width: 576px)\" srcset=\"https:\/\/www.salzburgerland.com\/de\/magazin\/wp-content\/uploads\/2021\/04\/peter-herzog-adventure-325x209.jpg 325w, https:\/\/www.salzburgerland.com\/de\/magazin\/wp-content\/uploads\/2021\/04\/peter-herzog-adventure-249x160.jpg 249w\"><\/source><source media=\"(min-width: 0)\" srcset=\"https:\/\/www.salzburgerland.com\/de\/magazin\/wp-content\/uploads\/2021\/04\/peter-herzog-adventure-249x160.jpg 249w, https:\/\/www.salzburgerland.com\/de\/magazin\/wp-content\/uploads\/2021\/04\/peter-herzog-adventure-325x209.jpg 325w\"><\/source><img decoding=\"async\" alt=\"L&auml;ufer Peter Herzog\" src=\"https:\/\/www.salzburgerland.com\/de\/magazin\/wp-content\/uploads\/2021\/04\/peter-herzog-adventure.jpg\">\t<\/picture><\/a><\/figure><\/div><div class=\"col-6 col-sm-4\"><figure><a class=\"thumb-container\" href=\"https:\/\/www.salzburgerland.com\/de\/magazin\/wp-content\/uploads\/2021\/05\/peter-herzog-portrait-1280x1024-1-1280x1024.jpg\">\t<picture><source media=\"(min-width: 576px)\" srcset=\"https:\/\/www.salzburgerland.com\/de\/magazin\/wp-content\/uploads\/2021\/05\/peter-herzog-portrait-1280x1024-1-325x209.jpg 325w, https:\/\/www.salzburgerland.com\/de\/magazin\/wp-content\/uploads\/2021\/05\/peter-herzog-portrait-1280x1024-1-249x160.jpg 249w\"><\/source><source media=\"(min-width: 0)\" srcset=\"https:\/\/www.salzburgerland.com\/de\/magazin\/wp-content\/uploads\/2021\/05\/peter-herzog-portrait-1280x1024-1-249x160.jpg 249w, https:\/\/www.salzburgerland.com\/de\/magazin\/wp-content\/uploads\/2021\/05\/peter-herzog-portrait-1280x1024-1-325x209.jpg 325w\"><\/source><img decoding=\"async\" alt=\"Mann mit kurzen Haaren in grauem Hemd und Kreuzkette, wie Peter Herzog l&auml;uft bei den Olympischen Spielen.\" src=\"https:\/\/www.salzburgerland.com\/de\/magazin\/wp-content\/uploads\/2021\/05\/peter-herzog-portrait-1280x1024-1.jpg\">\t<\/picture><\/a><\/figure><\/div><div class=\"col-6 col-sm-4\"><figure><a class=\"thumb-container\" href=\"https:\/\/www.salzburgerland.com\/de\/magazin\/wp-content\/uploads\/2021\/04\/peter-herzog-jubel-1280x1024.jpg\">\t<picture><source media=\"(min-width: 576px)\" srcset=\"https:\/\/www.salzburgerland.com\/de\/magazin\/wp-content\/uploads\/2021\/04\/peter-herzog-jubel-325x209.jpg 325w, https:\/\/www.salzburgerland.com\/de\/magazin\/wp-content\/uploads\/2021\/04\/peter-herzog-jubel-249x160.jpg 249w\"><\/source><source media=\"(min-width: 0)\" srcset=\"https:\/\/www.salzburgerland.com\/de\/magazin\/wp-content\/uploads\/2021\/04\/peter-herzog-jubel-249x160.jpg 249w, https:\/\/www.salzburgerland.com\/de\/magazin\/wp-content\/uploads\/2021\/04\/peter-herzog-jubel-325x209.jpg 325w\"><\/source><img decoding=\"async\" alt=\"Jubel von Peter Herzog\" src=\"https:\/\/www.salzburgerland.com\/de\/magazin\/wp-content\/uploads\/2021\/04\/peter-herzog-jubel.jpg\">\t<\/picture><\/a><\/figure><\/div><\/div><figcaption><\/figcaption><\/div>\n\n\n\n<p>So international der Laufsport ist, so sehr es Peter jetzt in der Welt der Profis herumtreibt \u2013 \u00fcber Urlaubserlebnisse ist mit dem sympathischen Familienvater nicht zu sprechen. Die verschiebt er auf die Zeit nach der Karriere, sagt er. Er hat es da nicht so eilig, wer selbst im Paradies lebt \u2013 m\u00f6ge sein toller Lauf weitergehen, das SalzburgerLand dr\u00fcckt Peter Herzog die Daumen f\u00fcr die Olympischen Spiele in Tokio!<\/p>\n\n\n\n<p><em>Fotos \u00a9 Johannes Langer &#8211; zur Verf\u00fcgung gestellt von Peter Herzog<\/em><\/p>\n","protected":false},"excerpt":{"rendered":"<p>Zwei Stunden, zehn Minuten und sechs Sekunden sauste der 33-j\u00e4hrige Saalfeldener Peter Herzog vergangenen Oktober bei Dauerregen durch die Stra\u00dfen Londons \u2013 um einen neuen \u00f6sterreichischen Marathonrekord hinzulegen. Auf britischem Asphalt h\u00e4ngte Herzog fast alle ab, dem Salzburger Bier hingegen ist er lange Zeit nicht davongelaufen: \u201eMir schmeckt es einfach\u201c, gesteht der Top-Athlet seine sp\u00e4t [&hellip;]<\/p>\n","protected":false},"author":546,"featured_media":153385,"comment_status":"open","ping_status":"closed","sticky":false,"template":"","format":"standard","meta":{"_acf_changed":false,"wl_entities_gutenberg":"","_wl_entity_redirect_enabled":"","footnotes":""},"categories":[8],"tags":[6943,81,6944,6945,6942,6947,62,31,6946],"wl_entity_type":[306],"monatsauswahl":[86,87,88,89,90],"class_list":["post-151904","post","type-post","status-publish","format-standard","has-post-thumbnail","hentry","category-outdoor-sport","tag-laufen","tag-marathon","tag-olympia","tag-olympische-spiele","tag-peter-herzog","tag-running","tag-saalfelden","tag-salzburgerland","tag-tokio-2020","wl_entity_type-article","monatsauswahl-monat_5","monatsauswahl-monat_6","monatsauswahl-monat_7","monatsauswahl-monat_8","monatsauswahl-monat_9"],"acf":[],"yoast_head":"<!-- This site is optimized with the Yoast SEO Premium plugin v27.4 (Yoast SEO v27.4) - https:\/\/yoast.com\/product\/yoast-seo-premium-wordpress\/ -->\n<title>Marathonmann Peter Herzog - SalzburgerLand Magazin<\/title>\n<meta name=\"description\" content=\"F\u00fcr Peter Herzog, den \u00f6sterreichischen Rekordhalter im Marathon, l\u00e4uft es beim Laufen: Im Sommer startet der Salzburger bei Olympia in Tokio.\" \/>\n<meta name=\"robots\" content=\"index, follow, max-snippet:-1, max-image-preview:large, max-video-preview:-1\" \/>\n<link rel=\"canonical\" href=\"https:\/\/www.salzburgerland.com\/de\/magazin\/marathonmann-peter-herzog\/\" \/>\n<meta property=\"og:locale\" content=\"de_DE\" \/>\n<meta property=\"og:type\" content=\"article\" \/>\n<meta property=\"og:title\" content=\"Marathonmann Peter Herzog\" \/>\n<meta property=\"og:description\" content=\"F\u00fcr Peter Herzog, den \u00f6sterreichischen Rekordhalter im Marathon, l\u00e4uft es beim Laufen: Im Sommer startet der Salzburger bei Olympia in Tokio.\" \/>\n<meta property=\"og:url\" content=\"https:\/\/www.salzburgerland.com\/de\/magazin\/marathonmann-peter-herzog\/\" \/>\n<meta property=\"og:site_name\" content=\"SalzburgerLand Magazin\" \/>\n<meta property=\"article:publisher\" content=\"https:\/\/www.facebook.com\/salzburgerland\/\" \/>\n<meta property=\"article:published_time\" content=\"2021-05-06T06:00:00+00:00\" \/>\n<meta property=\"article:modified_time\" content=\"2021-05-06T07:18:18+00:00\" \/>\n<meta property=\"og:image\" content=\"https:\/\/www.salzburgerland.com\/de\/magazin\/wp-content\/uploads\/2021\/05\/peter-herzog-nebel-e1620284613753.jpg\" \/>\n\t<meta property=\"og:image:width\" content=\"1632\" \/>\n\t<meta property=\"og:image:height\" content=\"1146\" \/>\n\t<meta property=\"og:image:type\" content=\"image\/jpeg\" \/>\n<meta name=\"author\" content=\"Christoph Fazekas\" \/>\n<meta name=\"twitter:card\" content=\"summary_large_image\" \/>\n<meta name=\"twitter:creator\" content=\"@Salzburgerland\" \/>\n<meta name=\"twitter:site\" content=\"@Salzburgerland\" \/>\n<meta name=\"twitter:label1\" content=\"Verfasst von\" \/>\n\t<meta name=\"twitter:data1\" content=\"Christoph Fazekas\" \/>\n\t<meta name=\"twitter:label2\" content=\"Gesch\u00e4tzte Lesezeit\" \/>\n\t<meta name=\"twitter:data2\" content=\"4\u00a0Minuten\" \/>\n<script type=\"application\/ld+json\" class=\"yoast-schema-graph\">{\"@context\":\"https:\\\/\\\/schema.org\",\"@graph\":[{\"@type\":\"Article\",\"@id\":\"https:\\\/\\\/www.salzburgerland.com\\\/de\\\/magazin\\\/marathonmann-peter-herzog\\\/#article\",\"isPartOf\":{\"@id\":\"https:\\\/\\\/www.salzburgerland.com\\\/de\\\/magazin\\\/marathonmann-peter-herzog\\\/\"},\"author\":{\"name\":\"Christoph Fazekas\",\"@id\":\"https:\\\/\\\/www.salzburgerland.com\\\/de\\\/magazin\\\/#\\\/schema\\\/person\\\/57f31a0d6b66d3ec06e2b5f5c473ee82\"},\"headline\":\"Marathonmann Peter Herzog\",\"datePublished\":\"2021-05-06T06:00:00+00:00\",\"dateModified\":\"2021-05-06T07:18:18+00:00\",\"mainEntityOfPage\":{\"@id\":\"https:\\\/\\\/www.salzburgerland.com\\\/de\\\/magazin\\\/marathonmann-peter-herzog\\\/\"},\"wordCount\":557,\"commentCount\":0,\"publisher\":{\"@id\":\"https:\\\/\\\/www.salzburgerland.com\\\/de\\\/magazin\\\/#organization\"},\"image\":{\"@id\":\"https:\\\/\\\/www.salzburgerland.com\\\/de\\\/magazin\\\/marathonmann-peter-herzog\\\/#primaryimage\"},\"thumbnailUrl\":\"https:\\\/\\\/www.salzburgerland.com\\\/de\\\/magazin\\\/wp-content\\\/uploads\\\/2021\\\/05\\\/peter-herzog-nebel-e1620284613753.jpg\",\"keywords\":[\"Laufen\",\"Marathon\",\"Olympia\",\"Olympische Spiele\",\"Peter Herzog\",\"Running\",\"Saalfelden\",\"salzburgerland\",\"Tokio 2020\"],\"articleSection\":[\"Outdoor &amp; Sport\"],\"inLanguage\":\"de\",\"potentialAction\":[{\"@type\":\"CommentAction\",\"name\":\"Comment\",\"target\":[\"https:\\\/\\\/www.salzburgerland.com\\\/de\\\/magazin\\\/marathonmann-peter-herzog\\\/#respond\"]}]},{\"@type\":\"WebPage\",\"@id\":\"https:\\\/\\\/www.salzburgerland.com\\\/de\\\/magazin\\\/marathonmann-peter-herzog\\\/\",\"url\":\"https:\\\/\\\/www.salzburgerland.com\\\/de\\\/magazin\\\/marathonmann-peter-herzog\\\/\",\"name\":\"Marathonmann Peter Herzog - SalzburgerLand Magazin\",\"isPartOf\":{\"@id\":\"https:\\\/\\\/www.salzburgerland.com\\\/de\\\/magazin\\\/#website\"},\"primaryImageOfPage\":{\"@id\":\"https:\\\/\\\/www.salzburgerland.com\\\/de\\\/magazin\\\/marathonmann-peter-herzog\\\/#primaryimage\"},\"image\":{\"@id\":\"https:\\\/\\\/www.salzburgerland.com\\\/de\\\/magazin\\\/marathonmann-peter-herzog\\\/#primaryimage\"},\"thumbnailUrl\":\"https:\\\/\\\/www.salzburgerland.com\\\/de\\\/magazin\\\/wp-content\\\/uploads\\\/2021\\\/05\\\/peter-herzog-nebel-e1620284613753.jpg\",\"datePublished\":\"2021-05-06T06:00:00+00:00\",\"dateModified\":\"2021-05-06T07:18:18+00:00\",\"description\":\"F\u00fcr Peter Herzog, den \u00f6sterreichischen Rekordhalter im Marathon, l\u00e4uft es beim Laufen: Im Sommer startet der Salzburger bei Olympia in Tokio.\",\"breadcrumb\":{\"@id\":\"https:\\\/\\\/www.salzburgerland.com\\\/de\\\/magazin\\\/marathonmann-peter-herzog\\\/#breadcrumb\"},\"inLanguage\":\"de\",\"potentialAction\":[{\"@type\":\"ReadAction\",\"target\":[\"https:\\\/\\\/www.salzburgerland.com\\\/de\\\/magazin\\\/marathonmann-peter-herzog\\\/\"]}]},{\"@type\":\"ImageObject\",\"inLanguage\":\"de\",\"@id\":\"https:\\\/\\\/www.salzburgerland.com\\\/de\\\/magazin\\\/marathonmann-peter-herzog\\\/#primaryimage\",\"url\":\"https:\\\/\\\/www.salzburgerland.com\\\/de\\\/magazin\\\/wp-content\\\/uploads\\\/2021\\\/05\\\/peter-herzog-nebel-e1620284613753.jpg\",\"contentUrl\":\"https:\\\/\\\/www.salzburgerland.com\\\/de\\\/magazin\\\/wp-content\\\/uploads\\\/2021\\\/05\\\/peter-herzog-nebel-e1620284613753.jpg\",\"width\":1632,\"height\":1146,\"caption\":\"Peter Herzog l\u00e4uft bei den Olympischen Spielen auf einer verschneiten, nebligen Stra\u00dfe an einem kalten Tag.\"},{\"@type\":\"BreadcrumbList\",\"@id\":\"https:\\\/\\\/www.salzburgerland.com\\\/de\\\/magazin\\\/marathonmann-peter-herzog\\\/#breadcrumb\",\"itemListElement\":[{\"@type\":\"ListItem\",\"position\":1,\"name\":\"Startseite\",\"item\":\"https:\\\/\\\/www.salzburgerland.com\\\/de\\\/magazin\\\/\"},{\"@type\":\"ListItem\",\"position\":2,\"name\":\"Outdoor &amp; Sport\",\"item\":\"https:\\\/\\\/www.salzburgerland.com\\\/de\\\/magazin\\\/thema\\\/outdoor-sport\\\/\"},{\"@type\":\"ListItem\",\"position\":3,\"name\":\"Marathonmann Peter Herzog\"}]},{\"@type\":\"WebSite\",\"@id\":\"https:\\\/\\\/www.salzburgerland.com\\\/de\\\/magazin\\\/#website\",\"url\":\"https:\\\/\\\/www.salzburgerland.com\\\/de\\\/magazin\\\/\",\"name\":\"SalzburgerLand Magazin\",\"description\":\"Geschichten und Interessantes aus dem SalzburgerLand\",\"publisher\":{\"@id\":\"https:\\\/\\\/www.salzburgerland.com\\\/de\\\/magazin\\\/#organization\"},\"potentialAction\":[{\"@type\":\"SearchAction\",\"target\":{\"@type\":\"EntryPoint\",\"urlTemplate\":\"https:\\\/\\\/www.salzburgerland.com\\\/de\\\/magazin\\\/?s={search_term_string}\"},\"query-input\":{\"@type\":\"PropertyValueSpecification\",\"valueRequired\":true,\"valueName\":\"search_term_string\"}}],\"inLanguage\":\"de\"},{\"@type\":\"Organization\",\"@id\":\"https:\\\/\\\/www.salzburgerland.com\\\/de\\\/magazin\\\/#organization\",\"name\":\"SalzburgerLand Tourismus\",\"url\":\"https:\\\/\\\/www.salzburgerland.com\\\/de\\\/magazin\\\/\",\"logo\":{\"@type\":\"ImageObject\",\"inLanguage\":\"de\",\"@id\":\"https:\\\/\\\/www.salzburgerland.com\\\/de\\\/magazin\\\/#\\\/schema\\\/logo\\\/image\\\/\",\"url\":\"https:\\\/\\\/www.salzburgerland.com\\\/de\\\/magazin\\\/wp-content\\\/uploads\\\/2019\\\/06\\\/salzburgerland-logo1.jpg\",\"contentUrl\":\"https:\\\/\\\/www.salzburgerland.com\\\/de\\\/magazin\\\/wp-content\\\/uploads\\\/2019\\\/06\\\/salzburgerland-logo1.jpg\",\"width\":2011,\"height\":866,\"caption\":\"SalzburgerLand Tourismus\"},\"image\":{\"@id\":\"https:\\\/\\\/www.salzburgerland.com\\\/de\\\/magazin\\\/#\\\/schema\\\/logo\\\/image\\\/\"},\"sameAs\":[\"https:\\\/\\\/www.facebook.com\\\/salzburgerland\\\/\",\"https:\\\/\\\/x.com\\\/Salzburgerland\",\"https:\\\/\\\/www.instagram.com\\\/salzburgerland\\\/\",\"https:\\\/\\\/at.linkedin.com\\\/company\\\/salzburgerland-tourismus-gmbh\",\"https:\\\/\\\/www.pinterest.at\\\/salzburgerland\\\/\",\"https:\\\/\\\/www.youtube.com\\\/user\\\/salzburgerland\",\"https:\\\/\\\/de.wikipedia.org\\\/wiki\\\/SalzburgerLand_Tourismus_GmbH\"]},{\"@type\":\"Person\",\"@id\":\"https:\\\/\\\/www.salzburgerland.com\\\/de\\\/magazin\\\/#\\\/schema\\\/person\\\/57f31a0d6b66d3ec06e2b5f5c473ee82\",\"name\":\"Christoph Fazekas\",\"description\":\"Besonders f\u00fcr K\u00f6nig Fu\u00dfball bin ich weit gereist, auch um immer wieder festzustellen, dass es daheim im Salzburger Land am sch\u00f6nsten ist. Als gelernter Sportartikelverk\u00e4ufer war ich auch beruflich seit jeher nah dran am gro\u00dfartigen Freizeitangebot, das sich in unserer Region bietet. Inzwischen habe ich mit dem Studium der Kommunikationswissenschaft in Salzburg einen neuen Weg eingeschlagen, der zu mir passt. Unsere sch\u00f6ne Heimat f\u00fcr das \\\"SalzburgerLand Magazin\\\" in Szene zu setzen ist eine der reizvollsten Aufgaben, die sich daraus in der Praxis ergeben. Dein pers\u00f6nlicher Logenplatz im SalzburgerLand? Zell am See. Wundersch\u00f6ner See eingebettet in malerisches Panorama mit Blick aufs Kitzsteinhorn, weltgewandtes Kleinstadt-Ambiente und last bot not least: Geburtsstadt meiner Tochter. Dosiger oder Zuagroast? Dosiger. Fr\u00fchling, Sommer, Herbst oder Winter? Fr\u00fchling und Herbst. Die Monate angenehmer, mittlerer Temperaturen sind auch reich an echten Geheimtipps. Mozart oder Hubert von Goisern? Mozart. Rindsroulade vom Pinzgauer Biorind oder Saibling fangfrisch aus dem Fuschlsee? Ersteres, ein kulinarischer Lokalpatriot eben ;-) Luxushotel oder Almh\u00fctte? Den Luxus einer Almh\u00fctte zu erkennen, darum geht's doch ;-)\",\"sameAs\":[\"https:\\\/\\\/www.christext.com\"],\"url\":\"https:\\\/\\\/www.salzburgerland.com\\\/de\\\/magazin\\\/author\\\/christoph-dum\\\/\"}]}<\/script>\n<!-- \/ Yoast SEO Premium plugin. -->","yoast_head_json":{"title":"Marathonmann Peter Herzog - SalzburgerLand Magazin","description":"F\u00fcr Peter Herzog, den \u00f6sterreichischen Rekordhalter im Marathon, l\u00e4uft es beim Laufen: Im Sommer startet der Salzburger bei Olympia in Tokio.","robots":{"index":"index","follow":"follow","max-snippet":"max-snippet:-1","max-image-preview":"max-image-preview:large","max-video-preview":"max-video-preview:-1"},"canonical":"https:\/\/www.salzburgerland.com\/de\/magazin\/marathonmann-peter-herzog\/","og_locale":"de_DE","og_type":"article","og_title":"Marathonmann Peter Herzog","og_description":"F\u00fcr Peter Herzog, den \u00f6sterreichischen Rekordhalter im Marathon, l\u00e4uft es beim Laufen: Im Sommer startet der Salzburger bei Olympia in Tokio.","og_url":"https:\/\/www.salzburgerland.com\/de\/magazin\/marathonmann-peter-herzog\/","og_site_name":"SalzburgerLand Magazin","article_publisher":"https:\/\/www.facebook.com\/salzburgerland\/","article_published_time":"2021-05-06T06:00:00+00:00","article_modified_time":"2021-05-06T07:18:18+00:00","og_image":[{"width":1632,"height":1146,"url":"https:\/\/www.salzburgerland.com\/de\/magazin\/wp-content\/uploads\/2021\/05\/peter-herzog-nebel-e1620284613753.jpg","type":"image\/jpeg"}],"author":"Christoph Fazekas","twitter_card":"summary_large_image","twitter_creator":"@Salzburgerland","twitter_site":"@Salzburgerland","twitter_misc":{"Verfasst von":"Christoph Fazekas","Gesch\u00e4tzte Lesezeit":"4\u00a0Minuten"},"schema":{"@context":"https:\/\/schema.org","@graph":[{"@type":"Article","@id":"https:\/\/www.salzburgerland.com\/de\/magazin\/marathonmann-peter-herzog\/#article","isPartOf":{"@id":"https:\/\/www.salzburgerland.com\/de\/magazin\/marathonmann-peter-herzog\/"},"author":{"name":"Christoph Fazekas","@id":"https:\/\/www.salzburgerland.com\/de\/magazin\/#\/schema\/person\/57f31a0d6b66d3ec06e2b5f5c473ee82"},"headline":"Marathonmann Peter Herzog","datePublished":"2021-05-06T06:00:00+00:00","dateModified":"2021-05-06T07:18:18+00:00","mainEntityOfPage":{"@id":"https:\/\/www.salzburgerland.com\/de\/magazin\/marathonmann-peter-herzog\/"},"wordCount":557,"commentCount":0,"publisher":{"@id":"https:\/\/www.salzburgerland.com\/de\/magazin\/#organization"},"image":{"@id":"https:\/\/www.salzburgerland.com\/de\/magazin\/marathonmann-peter-herzog\/#primaryimage"},"thumbnailUrl":"https:\/\/www.salzburgerland.com\/de\/magazin\/wp-content\/uploads\/2021\/05\/peter-herzog-nebel-e1620284613753.jpg","keywords":["Laufen","Marathon","Olympia","Olympische Spiele","Peter Herzog","Running","Saalfelden","salzburgerland","Tokio 2020"],"articleSection":["Outdoor &amp; Sport"],"inLanguage":"de","potentialAction":[{"@type":"CommentAction","name":"Comment","target":["https:\/\/www.salzburgerland.com\/de\/magazin\/marathonmann-peter-herzog\/#respond"]}]},{"@type":"WebPage","@id":"https:\/\/www.salzburgerland.com\/de\/magazin\/marathonmann-peter-herzog\/","url":"https:\/\/www.salzburgerland.com\/de\/magazin\/marathonmann-peter-herzog\/","name":"Marathonmann Peter Herzog - SalzburgerLand Magazin","isPartOf":{"@id":"https:\/\/www.salzburgerland.com\/de\/magazin\/#website"},"primaryImageOfPage":{"@id":"https:\/\/www.salzburgerland.com\/de\/magazin\/marathonmann-peter-herzog\/#primaryimage"},"image":{"@id":"https:\/\/www.salzburgerland.com\/de\/magazin\/marathonmann-peter-herzog\/#primaryimage"},"thumbnailUrl":"https:\/\/www.salzburgerland.com\/de\/magazin\/wp-content\/uploads\/2021\/05\/peter-herzog-nebel-e1620284613753.jpg","datePublished":"2021-05-06T06:00:00+00:00","dateModified":"2021-05-06T07:18:18+00:00","description":"F\u00fcr Peter Herzog, den \u00f6sterreichischen Rekordhalter im Marathon, l\u00e4uft es beim Laufen: Im Sommer startet der Salzburger bei Olympia in Tokio.","breadcrumb":{"@id":"https:\/\/www.salzburgerland.com\/de\/magazin\/marathonmann-peter-herzog\/#breadcrumb"},"inLanguage":"de","potentialAction":[{"@type":"ReadAction","target":["https:\/\/www.salzburgerland.com\/de\/magazin\/marathonmann-peter-herzog\/"]}]},{"@type":"ImageObject","inLanguage":"de","@id":"https:\/\/www.salzburgerland.com\/de\/magazin\/marathonmann-peter-herzog\/#primaryimage","url":"https:\/\/www.salzburgerland.com\/de\/magazin\/wp-content\/uploads\/2021\/05\/peter-herzog-nebel-e1620284613753.jpg","contentUrl":"https:\/\/www.salzburgerland.com\/de\/magazin\/wp-content\/uploads\/2021\/05\/peter-herzog-nebel-e1620284613753.jpg","width":1632,"height":1146,"caption":"Peter Herzog l\u00e4uft bei den Olympischen Spielen auf einer verschneiten, nebligen Stra\u00dfe an einem kalten Tag."},{"@type":"BreadcrumbList","@id":"https:\/\/www.salzburgerland.com\/de\/magazin\/marathonmann-peter-herzog\/#breadcrumb","itemListElement":[{"@type":"ListItem","position":1,"name":"Startseite","item":"https:\/\/www.salzburgerland.com\/de\/magazin\/"},{"@type":"ListItem","position":2,"name":"Outdoor &amp; Sport","item":"https:\/\/www.salzburgerland.com\/de\/magazin\/thema\/outdoor-sport\/"},{"@type":"ListItem","position":3,"name":"Marathonmann Peter Herzog"}]},{"@type":"WebSite","@id":"https:\/\/www.salzburgerland.com\/de\/magazin\/#website","url":"https:\/\/www.salzburgerland.com\/de\/magazin\/","name":"SalzburgerLand Magazin","description":"Geschichten und Interessantes aus dem SalzburgerLand","publisher":{"@id":"https:\/\/www.salzburgerland.com\/de\/magazin\/#organization"},"potentialAction":[{"@type":"SearchAction","target":{"@type":"EntryPoint","urlTemplate":"https:\/\/www.salzburgerland.com\/de\/magazin\/?s={search_term_string}"},"query-input":{"@type":"PropertyValueSpecification","valueRequired":true,"valueName":"search_term_string"}}],"inLanguage":"de"},{"@type":"Organization","@id":"https:\/\/www.salzburgerland.com\/de\/magazin\/#organization","name":"SalzburgerLand Tourismus","url":"https:\/\/www.salzburgerland.com\/de\/magazin\/","logo":{"@type":"ImageObject","inLanguage":"de","@id":"https:\/\/www.salzburgerland.com\/de\/magazin\/#\/schema\/logo\/image\/","url":"https:\/\/www.salzburgerland.com\/de\/magazin\/wp-content\/uploads\/2019\/06\/salzburgerland-logo1.jpg","contentUrl":"https:\/\/www.salzburgerland.com\/de\/magazin\/wp-content\/uploads\/2019\/06\/salzburgerland-logo1.jpg","width":2011,"height":866,"caption":"SalzburgerLand Tourismus"},"image":{"@id":"https:\/\/www.salzburgerland.com\/de\/magazin\/#\/schema\/logo\/image\/"},"sameAs":["https:\/\/www.facebook.com\/salzburgerland\/","https:\/\/x.com\/Salzburgerland","https:\/\/www.instagram.com\/salzburgerland\/","https:\/\/at.linkedin.com\/company\/salzburgerland-tourismus-gmbh","https:\/\/www.pinterest.at\/salzburgerland\/","https:\/\/www.youtube.com\/user\/salzburgerland","https:\/\/de.wikipedia.org\/wiki\/SalzburgerLand_Tourismus_GmbH"]},{"@type":"Person","@id":"https:\/\/www.salzburgerland.com\/de\/magazin\/#\/schema\/person\/57f31a0d6b66d3ec06e2b5f5c473ee82","name":"Christoph Fazekas","description":"Besonders f\u00fcr K\u00f6nig Fu\u00dfball bin ich weit gereist, auch um immer wieder festzustellen, dass es daheim im Salzburger Land am sch\u00f6nsten ist. Als gelernter Sportartikelverk\u00e4ufer war ich auch beruflich seit jeher nah dran am gro\u00dfartigen Freizeitangebot, das sich in unserer Region bietet. Inzwischen habe ich mit dem Studium der Kommunikationswissenschaft in Salzburg einen neuen Weg eingeschlagen, der zu mir passt. Unsere sch\u00f6ne Heimat f\u00fcr das \"SalzburgerLand Magazin\" in Szene zu setzen ist eine der reizvollsten Aufgaben, die sich daraus in der Praxis ergeben. Dein pers\u00f6nlicher Logenplatz im SalzburgerLand? Zell am See. Wundersch\u00f6ner See eingebettet in malerisches Panorama mit Blick aufs Kitzsteinhorn, weltgewandtes Kleinstadt-Ambiente und last bot not least: Geburtsstadt meiner Tochter. Dosiger oder Zuagroast? Dosiger. Fr\u00fchling, Sommer, Herbst oder Winter? Fr\u00fchling und Herbst. Die Monate angenehmer, mittlerer Temperaturen sind auch reich an echten Geheimtipps. Mozart oder Hubert von Goisern? Mozart. Rindsroulade vom Pinzgauer Biorind oder Saibling fangfrisch aus dem Fuschlsee? Ersteres, ein kulinarischer Lokalpatriot eben ;-) Luxushotel oder Almh\u00fctte? Den Luxus einer Almh\u00fctte zu erkennen, darum geht's doch ;-)","sameAs":["https:\/\/www.christext.com"],"url":"https:\/\/www.salzburgerland.com\/de\/magazin\/author\/christoph-dum\/"}]}},"_wl_alt_label":[],"wl:entity_url":"http:\/\/open.salzburgerland.com\/magazin\/post\/marathonmann_peter_herzog","_links":{"self":[{"href":"https:\/\/www.salzburgerland.com\/de\/magazin\/wp-json\/wp\/v2\/posts\/151904","targetHints":{"allow":["GET"]}}],"collection":[{"href":"https:\/\/www.salzburgerland.com\/de\/magazin\/wp-json\/wp\/v2\/posts"}],"about":[{"href":"https:\/\/www.salzburgerland.com\/de\/magazin\/wp-json\/wp\/v2\/types\/post"}],"author":[{"embeddable":true,"href":"https:\/\/www.salzburgerland.com\/de\/magazin\/wp-json\/wp\/v2\/users\/546"}],"replies":[{"embeddable":true,"href":"https:\/\/www.salzburgerland.com\/de\/magazin\/wp-json\/wp\/v2\/comments?post=151904"}],"version-history":[{"count":5,"href":"https:\/\/www.salzburgerland.com\/de\/magazin\/wp-json\/wp\/v2\/posts\/151904\/revisions"}],"predecessor-version":[{"id":153389,"href":"https:\/\/www.salzburgerland.com\/de\/magazin\/wp-json\/wp\/v2\/posts\/151904\/revisions\/153389"}],"wp:featuredmedia":[{"embeddable":true,"href":"https:\/\/www.salzburgerland.com\/de\/magazin\/wp-json\/wp\/v2\/media\/153385"}],"wp:attachment":[{"href":"https:\/\/www.salzburgerland.com\/de\/magazin\/wp-json\/wp\/v2\/media?parent=151904"}],"wp:term":[{"taxonomy":"category","embeddable":true,"href":"https:\/\/www.salzburgerland.com\/de\/magazin\/wp-json\/wp\/v2\/categories?post=151904"},{"taxonomy":"post_tag","embeddable":true,"href":"https:\/\/www.salzburgerland.com\/de\/magazin\/wp-json\/wp\/v2\/tags?post=151904"},{"taxonomy":"wl_entity_type","embeddable":true,"href":"https:\/\/www.salzburgerland.com\/de\/magazin\/wp-json\/wp\/v2\/wl_entity_type?post=151904"},{"taxonomy":"monatsauswahl","embeddable":true,"href":"https:\/\/www.salzburgerland.com\/de\/magazin\/wp-json\/wp\/v2\/monatsauswahl?post=151904"}],"curies":[{"name":"wp","href":"https:\/\/api.w.org\/{rel}","templated":true}]}}