{"id":151719,"date":"2021-04-02T06:31:31","date_gmt":"2021-04-02T04:31:31","guid":{"rendered":"https:\/\/www.salzburgerland.com\/de\/magazin\/?p=151719"},"modified":"2021-04-02T06:31:35","modified_gmt":"2021-04-02T04:31:35","slug":"so-ein-kaese","status":"publish","type":"post","link":"https:\/\/www.salzburgerland.com\/de\/magazin\/so-ein-kaese\/","title":{"rendered":"So ein K\u00e4se"},"content":{"rendered":"\n<div class=\"wp-block-slt-top topBlocks\">\n<h2 class=\"wp-block-slt-subtitle\"><strong>Teil 3: Oli &amp; Sasch wollen auf die Al<\/strong>m<\/h2>\n\n\n\n<p class=\"wp-block-slt-intro\">Unsere beiden Aussteiger verfolgen weiterhin ihren Traum von einem Almsommer als Senner im SalzburgerLand. Um gut auf ihre Alm-Premiere vorbereitet zu sein, waren Oli und Sasch bereits Buttern und Melken. Nun steht das Kasn \u2013 die K\u00e4seherstellung \u2013 f\u00fcr die beiden Alm-Novizen auf dem Programm.<\/p>\n<\/div>\n\n\n\n<p><a href=\"https:\/\/www.salzburgerland.com\/de\/magazin\/alles-in-butter\/\">Buttern<\/a> und Melken \u2013 abgehakt. Mit etwas \u00dcbung klappt das auf jeden Fall\u201c, bescheinigt B\u00e4uerin Melanie Pichler Oli und Sasch nach dem Stallbesuch die ersten Alm-Kompetenzen. Doch noch ist viel zu lernen, um sich einen Almsommer lang als Senner um die K\u00fche auf einer Almh\u00fctte im Salzburgerland zu k\u00fcmmern. Und darum wird heute aus der frisch gemolkenen Milch K\u00e4se gemacht.<\/p>\n\n\n<div class=\"mag-gallery\"><div class=\"row\"><div class=\"col-6 col-sm-4\"><figure><a class=\"thumb-container\" href=\"https:\/\/www.salzburgerland.com\/de\/magazin\/wp-content\/uploads\/2021\/03\/kasn-sasch-oli-c-Edith-Danzer-12-1280x1024.jpg\">\t<picture><source media=\"(min-width: 576px)\" srcset=\"https:\/\/www.salzburgerland.com\/de\/magazin\/wp-content\/uploads\/2021\/03\/kasn-sasch-oli-c-Edith-Danzer-12-325x209.jpg 325w, https:\/\/www.salzburgerland.com\/de\/magazin\/wp-content\/uploads\/2021\/03\/kasn-sasch-oli-c-Edith-Danzer-12-249x160.jpg 249w\"><\/source><source media=\"(min-width: 0)\" srcset=\"https:\/\/www.salzburgerland.com\/de\/magazin\/wp-content\/uploads\/2021\/03\/kasn-sasch-oli-c-Edith-Danzer-12-249x160.jpg 249w, https:\/\/www.salzburgerland.com\/de\/magazin\/wp-content\/uploads\/2021\/03\/kasn-sasch-oli-c-Edith-Danzer-12-325x209.jpg 325w\"><\/source><img decoding=\"async\" alt=\"Eine Sch&uuml;ssel mit gew&uuml;rfeltem K&auml;se und Kr&auml;utern auf einem Holztisch, mit Gl&auml;sern und einer Person, die Essen zubereitet, im Hintergrund.\" src=\"https:\/\/www.salzburgerland.com\/de\/magazin\/wp-content\/uploads\/2021\/03\/kasn-sasch-oli-c-Edith-Danzer-12.jpg\">\t<\/picture><figcaption>Frischk&auml;se in W&uuml;rfeln.  <\/figcaption><\/a><\/figure><\/div><div class=\"col-6 col-sm-4\"><figure><a class=\"thumb-container\" href=\"https:\/\/www.salzburgerland.com\/de\/magazin\/wp-content\/uploads\/2021\/03\/kasn-sasch-oli-c-Edith-Danzer-1280x1024.jpg\">\t<picture><source media=\"(min-width: 576px)\" srcset=\"https:\/\/www.salzburgerland.com\/de\/magazin\/wp-content\/uploads\/2021\/03\/kasn-sasch-oli-c-Edith-Danzer-325x209.jpg 325w, https:\/\/www.salzburgerland.com\/de\/magazin\/wp-content\/uploads\/2021\/03\/kasn-sasch-oli-c-Edith-Danzer-249x160.jpg 249w\"><\/source><source media=\"(min-width: 0)\" srcset=\"https:\/\/www.salzburgerland.com\/de\/magazin\/wp-content\/uploads\/2021\/03\/kasn-sasch-oli-c-Edith-Danzer-249x160.jpg 249w, https:\/\/www.salzburgerland.com\/de\/magazin\/wp-content\/uploads\/2021\/03\/kasn-sasch-oli-c-Edith-Danzer-325x209.jpg 325w\"><\/source><img decoding=\"async\" alt=\"Frau gie&szlig;t Milch aus einer blauen Kanne in einen gro&szlig;en Metallbeh&auml;lter in einer rustikalen Holzk&uuml;che.\" src=\"https:\/\/www.salzburgerland.com\/de\/magazin\/wp-content\/uploads\/2021\/03\/kasn-sasch-oli-c-Edith-Danzer.jpg\">\t<\/picture><figcaption>Rohmilch aus der Millibitschn. <\/figcaption><\/a><\/figure><\/div><div class=\"col-6 col-sm-4\"><figure><a class=\"thumb-container\" href=\"https:\/\/www.salzburgerland.com\/de\/magazin\/wp-content\/uploads\/2021\/03\/kasn-sasch-oli-c-Edith-Danzer-4-1280x1024.jpg\">\t<picture><source media=\"(min-width: 576px)\" srcset=\"https:\/\/www.salzburgerland.com\/de\/magazin\/wp-content\/uploads\/2021\/03\/kasn-sasch-oli-c-Edith-Danzer-4-325x209.jpg 325w, https:\/\/www.salzburgerland.com\/de\/magazin\/wp-content\/uploads\/2021\/03\/kasn-sasch-oli-c-Edith-Danzer-4-249x160.jpg 249w\"><\/source><source media=\"(min-width: 0)\" srcset=\"https:\/\/www.salzburgerland.com\/de\/magazin\/wp-content\/uploads\/2021\/03\/kasn-sasch-oli-c-Edith-Danzer-4-249x160.jpg 249w, https:\/\/www.salzburgerland.com\/de\/magazin\/wp-content\/uploads\/2021\/03\/kasn-sasch-oli-c-Edith-Danzer-4-325x209.jpg 325w\"><\/source><img decoding=\"async\" alt=\"Ein Glas Kr&auml;uterfrischk&auml;se in &Ouml;l steht auf einem Metallbeh&auml;lter mit unscharfem Hintergrund.\" src=\"https:\/\/www.salzburgerland.com\/de\/magazin\/wp-content\/uploads\/2021\/03\/kasn-sasch-oli-c-Edith-Danzer-4.jpg\">\t<\/picture><figcaption>In &Ouml;l h&auml;lt sich der Frischk&auml;se drei Wochen.  <\/figcaption><\/a><\/figure><\/div><\/div><figcaption>&copy; Edith Danzer <\/figcaption><\/div>\n\n\n\n<figure class=\"wp-block-image size-large\"><img loading=\"lazy\" decoding=\"async\" width=\"1618\" height=\"1080\" src=\"https:\/\/www.salzburgerland.com\/de\/magazin\/wp-content\/uploads\/2021\/03\/kasn-sasch-oli-c-Edith-Danzer-14.jpg\" alt=\"Ein l\u00e4chelnder Mann und eine l\u00e4chelnde Frau stellen an einem rustikalen Holztisch im Haus selbstgemachte Speisen und Kr\u00e4uter aus.\" class=\"wp-image-151733\" srcset=\"https:\/\/www.salzburgerland.com\/de\/magazin\/wp-content\/uploads\/2021\/03\/kasn-sasch-oli-c-Edith-Danzer-14.jpg 1618w, https:\/\/www.salzburgerland.com\/de\/magazin\/wp-content\/uploads\/2021\/03\/kasn-sasch-oli-c-Edith-Danzer-14-300x200.jpg 300w, https:\/\/www.salzburgerland.com\/de\/magazin\/wp-content\/uploads\/2021\/03\/kasn-sasch-oli-c-Edith-Danzer-14-1536x1025.jpg 1536w, https:\/\/www.salzburgerland.com\/de\/magazin\/wp-content\/uploads\/2021\/03\/kasn-sasch-oli-c-Edith-Danzer-14-824x550.jpg 824w, https:\/\/www.salzburgerland.com\/de\/magazin\/wp-content\/uploads\/2021\/03\/kasn-sasch-oli-c-Edith-Danzer-14-599x400.jpg 599w, https:\/\/www.salzburgerland.com\/de\/magazin\/wp-content\/uploads\/2021\/03\/kasn-sasch-oli-c-Edith-Danzer-14-1320x881.jpg 1320w, https:\/\/www.salzburgerland.com\/de\/magazin\/wp-content\/uploads\/2021\/03\/kasn-sasch-oli-c-Edith-Danzer-14-150x100.jpg 150w\" sizes=\"auto, (max-width: 1618px) 100vw, 1618px\" \/><figcaption>\u00a9 Edith Danzer &#8211; Fertig ist der Frischk\u00e4se.  <\/figcaption><\/figure>\n\n\n\n<h2 class=\"wp-block-heading\" id=\"h-kuhwarme-milch-aus-der-millibitschn\"><strong>Kuhwarme Milch aus der Millibitschn<\/strong><\/h2>\n\n\n\n<p>Erst einmal wird\u00b4s ganz sch\u00f6n schwer, denn Oli und Sasch holen die frisch gemolkene und noch warme Milch in der Millibitschn \u2013 der gro\u00dfen Milchkanne \u2013 aus dem Stall. \u201eDas ist reine Rohmilch mit unterschiedlichem Fettgehalt. Bei \u00e4lteren K\u00fchen ist die Milch etwas fetter als bei j\u00fcngeren. Alle f\u00fcnf Wochen wird die Milch auf Qualit\u00e4t und Zusammensetzung von Eiwei\u00df und Fettgehalt im Labor \u00fcberpr\u00fcft. Rohmilch ist nur etwa drei Tage im K\u00fchlschrank haltbar und wir verarbeiten sie nun direkt zu Frischk\u00e4se. Dazu s\u00e4uern wir die Rohmilch an \u2013 entweder mit speziellen Bakterien aus dem K\u00e4sereibedarf oder einfach mit handels\u00fcblicher Buttermilch. Dann wird die Milch auf etwa 40\u00b0 C erhitzt und vom Herd genommen. Wir tropfen dann etwas Lab \u2013 das bekommt man in der n\u00e4chstgelegenen Molkerei \u2013 dazu, damit die Milch gerinnt und wir den Bruch in etwa ein Zentimeter gro\u00dfe W\u00fcrfel schneiden k\u00f6nnen\u201c, erkl\u00e4rt Melanie. \u201eBei der Erstellung von Schnittk\u00e4se, wie etwa dem bekannten Pinzgauer Kas, ist der Prozess ganz \u00e4hnlich. Nur wird die Milch h\u00f6her erhitzt, der Bruch sollte etwa erbsengro\u00df sein und der Geschmack kommt mit der Lagerung des K\u00e4ses.\u201c<\/p>\n\n\n<div class=\"mag-gallery\"><div class=\"row\"><div class=\"col-6 col-sm-4\"><figure><a class=\"thumb-container\" href=\"https:\/\/www.salzburgerland.com\/de\/magazin\/wp-content\/uploads\/2021\/03\/kasn-sasch-oli-c-Edith-Danzer-3-1280x1024.jpg\">\t<picture><source media=\"(min-width: 576px)\" srcset=\"https:\/\/www.salzburgerland.com\/de\/magazin\/wp-content\/uploads\/2021\/03\/kasn-sasch-oli-c-Edith-Danzer-3-325x209.jpg 325w, https:\/\/www.salzburgerland.com\/de\/magazin\/wp-content\/uploads\/2021\/03\/kasn-sasch-oli-c-Edith-Danzer-3-249x160.jpg 249w\"><\/source><source media=\"(min-width: 0)\" srcset=\"https:\/\/www.salzburgerland.com\/de\/magazin\/wp-content\/uploads\/2021\/03\/kasn-sasch-oli-c-Edith-Danzer-3-249x160.jpg 249w, https:\/\/www.salzburgerland.com\/de\/magazin\/wp-content\/uploads\/2021\/03\/kasn-sasch-oli-c-Edith-Danzer-3-325x209.jpg 325w\"><\/source><img decoding=\"async\" alt=\"Eine Person im karierten Hemd gie&szlig;t Fl&uuml;ssigkeit aus einem Becher in einen L&ouml;ffel &uuml;ber einem wei&szlig;en Topf in einer rustikalen K&uuml;che.\" src=\"https:\/\/www.salzburgerland.com\/de\/magazin\/wp-content\/uploads\/2021\/03\/kasn-sasch-oli-c-Edith-Danzer-3.jpg\">\t<\/picture><figcaption>Einen Essl&ouml;ffel Buttermilch.  <\/figcaption><\/a><\/figure><\/div><div class=\"col-6 col-sm-4\"><figure><a class=\"thumb-container\" href=\"https:\/\/www.salzburgerland.com\/de\/magazin\/wp-content\/uploads\/2021\/03\/kasn-sasch-oli-c-Edith-Danzer-16-1280x1024.jpg\">\t<picture><source media=\"(min-width: 576px)\" srcset=\"https:\/\/www.salzburgerland.com\/de\/magazin\/wp-content\/uploads\/2021\/03\/kasn-sasch-oli-c-Edith-Danzer-16-325x209.jpg 325w, https:\/\/www.salzburgerland.com\/de\/magazin\/wp-content\/uploads\/2021\/03\/kasn-sasch-oli-c-Edith-Danzer-16-249x160.jpg 249w\"><\/source><source media=\"(min-width: 0)\" srcset=\"https:\/\/www.salzburgerland.com\/de\/magazin\/wp-content\/uploads\/2021\/03\/kasn-sasch-oli-c-Edith-Danzer-16-249x160.jpg 249w, https:\/\/www.salzburgerland.com\/de\/magazin\/wp-content\/uploads\/2021\/03\/kasn-sasch-oli-c-Edith-Danzer-16-325x209.jpg 325w\"><\/source><img decoding=\"async\" alt=\"B&auml;rtiger Mann in Flanell und M&uuml;tze h&auml;lt l&auml;chelnd ein Thermometer &uuml;ber einen Topf mit Fl&uuml;ssigkeit auf einem Holztisch.\" src=\"https:\/\/www.salzburgerland.com\/de\/magazin\/wp-content\/uploads\/2021\/03\/kasn-sasch-oli-c-Edith-Danzer-16.jpg\">\t<\/picture><figcaption>40 Grad erreicht.  <\/figcaption><\/a><\/figure><\/div><div class=\"col-6 col-sm-4\"><figure><a class=\"thumb-container\" href=\"https:\/\/www.salzburgerland.com\/de\/magazin\/wp-content\/uploads\/2021\/03\/kasn-sasch-oli-c-Edith-Danzer-5-1280x1024.jpg\">\t<picture><source media=\"(min-width: 576px)\" srcset=\"https:\/\/www.salzburgerland.com\/de\/magazin\/wp-content\/uploads\/2021\/03\/kasn-sasch-oli-c-Edith-Danzer-5-325x209.jpg 325w, https:\/\/www.salzburgerland.com\/de\/magazin\/wp-content\/uploads\/2021\/03\/kasn-sasch-oli-c-Edith-Danzer-5-249x160.jpg 249w\"><\/source><source media=\"(min-width: 0)\" srcset=\"https:\/\/www.salzburgerland.com\/de\/magazin\/wp-content\/uploads\/2021\/03\/kasn-sasch-oli-c-Edith-Danzer-5-249x160.jpg 249w, https:\/\/www.salzburgerland.com\/de\/magazin\/wp-content\/uploads\/2021\/03\/kasn-sasch-oli-c-Edith-Danzer-5-325x209.jpg 325w\"><\/source><img decoding=\"async\" alt=\"Ein L&ouml;ffel sch&ouml;pft frischen K&auml;sebruch aus einem Topf mit Molke, w&auml;hrend ein Schneebesen auf dem Rand des Topfes ruht.\" src=\"https:\/\/www.salzburgerland.com\/de\/magazin\/wp-content\/uploads\/2021\/03\/kasn-sasch-oli-c-Edith-Danzer-5.jpg\">\t<\/picture><figcaption>Der K&auml;sebruch.  <\/figcaption><\/a><\/figure><\/div><\/div><figcaption>&copy; Edith Danzer<\/figcaption><\/div>\n\n\n\n<figure class=\"wp-block-image size-large\"><img loading=\"lazy\" decoding=\"async\" width=\"1618\" height=\"1080\" src=\"https:\/\/www.salzburgerland.com\/de\/magazin\/wp-content\/uploads\/2021\/03\/kasn-sasch-oli-c-Edith-Danzer-6.jpg\" alt=\"Ein Mann und eine Frau l\u00e4cheln, w\u00e4hrend sie in einer rustikalen K\u00fcche gemeinsam K\u00e4se herstellen.\" class=\"wp-image-151725\" srcset=\"https:\/\/www.salzburgerland.com\/de\/magazin\/wp-content\/uploads\/2021\/03\/kasn-sasch-oli-c-Edith-Danzer-6.jpg 1618w, https:\/\/www.salzburgerland.com\/de\/magazin\/wp-content\/uploads\/2021\/03\/kasn-sasch-oli-c-Edith-Danzer-6-300x200.jpg 300w, https:\/\/www.salzburgerland.com\/de\/magazin\/wp-content\/uploads\/2021\/03\/kasn-sasch-oli-c-Edith-Danzer-6-1536x1025.jpg 1536w, https:\/\/www.salzburgerland.com\/de\/magazin\/wp-content\/uploads\/2021\/03\/kasn-sasch-oli-c-Edith-Danzer-6-824x550.jpg 824w, https:\/\/www.salzburgerland.com\/de\/magazin\/wp-content\/uploads\/2021\/03\/kasn-sasch-oli-c-Edith-Danzer-6-599x400.jpg 599w, https:\/\/www.salzburgerland.com\/de\/magazin\/wp-content\/uploads\/2021\/03\/kasn-sasch-oli-c-Edith-Danzer-6-1320x881.jpg 1320w, https:\/\/www.salzburgerland.com\/de\/magazin\/wp-content\/uploads\/2021\/03\/kasn-sasch-oli-c-Edith-Danzer-6-150x100.jpg 150w\" sizes=\"auto, (max-width: 1618px) 100vw, 1618px\" \/><figcaption>\u00a9 Edith Danzer &#8211; Der K\u00e4sebruch wird in die Form gef\u00fcllt. <\/figcaption><\/figure>\n\n\n\n<h2 class=\"wp-block-heading\" id=\"h-frischk-sew-rfel-leicht-gemacht\"><strong>Frischk\u00e4sew\u00fcrfel leicht gemacht<\/strong><\/h2>\n\n\n\n<p>Sasch und Oli krempeln die \u00c4rmle hoch und legen los. Sie sch\u00f6pfen etwa ein bis zwei Liter Milch aus der Millibitschn in einen Topf und f\u00fcgen einen Essl\u00f6ffel Buttermilch hinzu. Der Topf wandert auf den Herd und langsam klettert die Temperatur am Thermometer nach oben. Bei 40\u00b0 C nehmen sie den Topf vom Herd und r\u00fchren nur ein paar Tropfen Lab in die Mischung. Jetzt hei\u00dft es warten. Und die beiden nutzen die Zeit f\u00fcr einen Besuch im K\u00e4sekeller des <a href=\"https:\/\/www.augut.at\/\" target=\"_blank\" rel=\"noreferrer noopener\">Auguts. <\/a>Ein w\u00fcrziger Duft empf\u00e4ngt sie \u2013 kein Wunder, hier im k\u00fchlen K\u00e4sekeller lagern viele gro\u00dfe K\u00e4selaibe unterschiedlichsten Alters. Anfangs werden die Laibe zur Rindenbildung mit Salz eingerieben und sp\u00e4ter mehrmals in der Woche gewaschen und gewendet. \u201eZeit zum Bruch-Schneiden!\u201c, mahnt Melanie und es geht zur\u00fcck zur Frischk\u00e4seherstellung. \u201eIm gro\u00dfen Milchkessel wird zum Schneiden des Bruchs eine K\u00e4seharfe verwendet, die mit d\u00fcnnen Seilen vorsichtig die gestockte Masse gleichm\u00e4\u00dfig zerkleinert. F\u00fcr unsere Menge behelfen wir uns mit einem Schneebesen.\u201c Deutlich ist im Topf nun zu sehen, dass die Milch gestockt ist und sich Fl\u00fcssigkeit gebildet hat, w\u00e4hrend Sasch beherzt mit dem Schneebesen dem Bruch zu Leibe r\u00fcckt. \u201eVorsichtig! Dem K\u00e4se soll ja nicht schwindlig werden. Nur ganz behutsam wird der Bruch zerkleinert! Die milchige Fl\u00fcssigkeit ist \u00fcbrigens Molke, die sich vom K\u00e4sebruch absetzt. Wir sch\u00f6pfen sie ab und ihr k\u00f6nnt sie mit Fr\u00fcchten mischen und trinken.\u201c Den zerkleinerten Bruch heben Sasch und Oli in kleine runde K\u00e4seformen. \u201eAlternativ dazu kann man auch einen leeren Yoghurtbecher verwenden, in den man reichlich L\u00f6cher bohrt\u201c, meint die Landwirtin und f\u00e4hrt fort: \u201eWichtig ist, dass die restliche Molke im Bruch ablaufen kann. Dazu muss man den Frischk\u00e4se auch alle paar Stunden aus der Form nehmen und wenden. Ihr werdet sehen, dass er bis zum Abend einiges an H\u00f6he verlieren und sich verdichten wird. Zum Abendessen ist der Frischk\u00e4se dann perfekt!\u201c<\/p>\n\n\n<div class=\"mag-gallery\"><div class=\"row\"><div class=\"col-6 col-sm-4\"><figure><a class=\"thumb-container\" href=\"https:\/\/www.salzburgerland.com\/de\/magazin\/wp-content\/uploads\/2021\/03\/kasn-sasch-oli-c-Edith-Danzer-10-1280x1024.jpg\">\t<picture><source media=\"(min-width: 576px)\" srcset=\"https:\/\/www.salzburgerland.com\/de\/magazin\/wp-content\/uploads\/2021\/03\/kasn-sasch-oli-c-Edith-Danzer-10-325x209.jpg 325w, https:\/\/www.salzburgerland.com\/de\/magazin\/wp-content\/uploads\/2021\/03\/kasn-sasch-oli-c-Edith-Danzer-10-249x160.jpg 249w\"><\/source><source media=\"(min-width: 0)\" srcset=\"https:\/\/www.salzburgerland.com\/de\/magazin\/wp-content\/uploads\/2021\/03\/kasn-sasch-oli-c-Edith-Danzer-10-249x160.jpg 249w, https:\/\/www.salzburgerland.com\/de\/magazin\/wp-content\/uploads\/2021\/03\/kasn-sasch-oli-c-Edith-Danzer-10-325x209.jpg 325w\"><\/source><img decoding=\"async\" alt=\"Eine Person schneidet Wei&szlig;k&auml;se auf einem Holzbrett mit Gl&auml;sern von Gew&uuml;rzen in der N&auml;he auf einem rustikalen Tisch.\" src=\"https:\/\/www.salzburgerland.com\/de\/magazin\/wp-content\/uploads\/2021\/03\/kasn-sasch-oli-c-Edith-Danzer-10.jpg\">\t<\/picture><figcaption>Der K&auml;se ist schnittfest. <\/figcaption><\/a><\/figure><\/div><div class=\"col-6 col-sm-4\"><figure><a class=\"thumb-container\" href=\"https:\/\/www.salzburgerland.com\/de\/magazin\/wp-content\/uploads\/2021\/03\/kasn-sasch-oli-c-Edith-Danzer-11-1280x1024.jpg\">\t<picture><source media=\"(min-width: 576px)\" srcset=\"https:\/\/www.salzburgerland.com\/de\/magazin\/wp-content\/uploads\/2021\/03\/kasn-sasch-oli-c-Edith-Danzer-11-325x209.jpg 325w, https:\/\/www.salzburgerland.com\/de\/magazin\/wp-content\/uploads\/2021\/03\/kasn-sasch-oli-c-Edith-Danzer-11-249x160.jpg 249w\"><\/source><source media=\"(min-width: 0)\" srcset=\"https:\/\/www.salzburgerland.com\/de\/magazin\/wp-content\/uploads\/2021\/03\/kasn-sasch-oli-c-Edith-Danzer-11-249x160.jpg 249w, https:\/\/www.salzburgerland.com\/de\/magazin\/wp-content\/uploads\/2021\/03\/kasn-sasch-oli-c-Edith-Danzer-11-325x209.jpg 325w\"><\/source><img decoding=\"async\" alt=\"Ein Mann streut Gew&uuml;rze &uuml;ber eine Sch&uuml;ssel mit K&auml;sew&uuml;rfeln, w&auml;hrend eine Frau neben ihm an einem rustikalen Tisch steht.\" src=\"https:\/\/www.salzburgerland.com\/de\/magazin\/wp-content\/uploads\/2021\/03\/kasn-sasch-oli-c-Edith-Danzer-11.jpg\">\t<\/picture><figcaption>Mit Salz, Pfeffer und Kr&auml;utern w&uuml;rzen.  <\/figcaption><\/a><\/figure><\/div><div class=\"col-6 col-sm-4\"><figure><a class=\"thumb-container\" href=\"https:\/\/www.salzburgerland.com\/de\/magazin\/wp-content\/uploads\/2021\/03\/kasn-sasch-oli-c-Edith-Danzer-12-1280x1024.jpg\">\t<picture><source media=\"(min-width: 576px)\" srcset=\"https:\/\/www.salzburgerland.com\/de\/magazin\/wp-content\/uploads\/2021\/03\/kasn-sasch-oli-c-Edith-Danzer-12-325x209.jpg 325w, https:\/\/www.salzburgerland.com\/de\/magazin\/wp-content\/uploads\/2021\/03\/kasn-sasch-oli-c-Edith-Danzer-12-249x160.jpg 249w\"><\/source><source media=\"(min-width: 0)\" srcset=\"https:\/\/www.salzburgerland.com\/de\/magazin\/wp-content\/uploads\/2021\/03\/kasn-sasch-oli-c-Edith-Danzer-12-249x160.jpg 249w, https:\/\/www.salzburgerland.com\/de\/magazin\/wp-content\/uploads\/2021\/03\/kasn-sasch-oli-c-Edith-Danzer-12-325x209.jpg 325w\"><\/source><img decoding=\"async\" alt=\"Eine Sch&uuml;ssel mit gew&uuml;rfeltem K&auml;se und Kr&auml;utern auf einem Holztisch, mit Gl&auml;sern und einer Person, die Essen zubereitet, im Hintergrund.\" src=\"https:\/\/www.salzburgerland.com\/de\/magazin\/wp-content\/uploads\/2021\/03\/kasn-sasch-oli-c-Edith-Danzer-12.jpg\">\t<\/picture><figcaption>Frischk&auml;se in W&uuml;rfeln. <\/figcaption><\/a><\/figure><\/div><\/div><figcaption>&copy; Edith Danzer<\/figcaption><\/div>\n\n\n\n<h2 class=\"wp-block-heading\" id=\"h-geschnitten-gew-rzt-verzehrt\"><strong>Geschnitten, gew\u00fcrzt\u2026 verzehrt!<\/strong><\/h2>\n\n\n\n<p>Damit Oli und Sasch sich nicht so lang gedulden m\u00fcssen, hat Melanie einen Frischk\u00e4se bereits am Vortag vorbereitet. Er ist nun schnittfest und Oli zerteilt ihn in kleine W\u00fcrfel. Mit getrockneten Kr\u00e4utern, \u00d6l, Salz und Pfeffer bestreut ist der Frischk\u00e4se bereits jetzt ein Augenschmaus. \u201eDiese W\u00fcrfel k\u00f6nnt ihr auch in \u00d6l einlegen und im K\u00fchlschrank bis zu drei Wochen lagern\u201c, wei\u00df Melanie. Doch das wird im Falle unseres Frischk\u00e4ses nicht m\u00f6glich sein\u2026 Denn schon jetzt sind nur noch ein paar Kr\u00fcmel \u00fcbrig und gen\u00fcsslich schieben sich Sasch und Oli die letzten W\u00fcrfel in den Mund. \u201eSo einfach und doch einfach so gut\u201c, schw\u00e4rmen sie und \u00fcberlegen schon, welche Almkr\u00e4uter in ihrem zuk\u00fcnftigen H\u00fctten-Dasein perfekt zu diesen Frischk\u00e4sew\u00fcrfel passen k\u00f6nnten.<\/p>\n\n\n<div class=\"mag-gallery\"><div class=\"row\"><div class=\"col-6 col-sm-4\"><figure><a class=\"thumb-container\" href=\"https:\/\/www.salzburgerland.com\/de\/magazin\/wp-content\/uploads\/2021\/03\/kasn-sasch-oli-c-Edith-Danzer-9-1280x1024.jpg\">\t<picture><source media=\"(min-width: 576px)\" srcset=\"https:\/\/www.salzburgerland.com\/de\/magazin\/wp-content\/uploads\/2021\/03\/kasn-sasch-oli-c-Edith-Danzer-9-325x209.jpg 325w, https:\/\/www.salzburgerland.com\/de\/magazin\/wp-content\/uploads\/2021\/03\/kasn-sasch-oli-c-Edith-Danzer-9-249x160.jpg 249w\"><\/source><source media=\"(min-width: 0)\" srcset=\"https:\/\/www.salzburgerland.com\/de\/magazin\/wp-content\/uploads\/2021\/03\/kasn-sasch-oli-c-Edith-Danzer-9-249x160.jpg 249w, https:\/\/www.salzburgerland.com\/de\/magazin\/wp-content\/uploads\/2021\/03\/kasn-sasch-oli-c-Edith-Danzer-9-325x209.jpg 325w\"><\/source><img decoding=\"async\" alt=\"Zwei l&auml;chelnde Menschen sitzen an einem rustikalen Tisch mit K&auml;se, Gl&auml;sern und K&uuml;chenutensilien, einer h&auml;lt spielerisch ein Messer.\" src=\"https:\/\/www.salzburgerland.com\/de\/magazin\/wp-content\/uploads\/2021\/03\/kasn-sasch-oli-c-Edith-Danzer-9.jpg\">\t<\/picture><figcaption>Der Spa&szlig; kommt nicht zu kurz. <\/figcaption><\/a><\/figure><\/div><div class=\"col-6 col-sm-4\"><figure><a class=\"thumb-container\" href=\"https:\/\/www.salzburgerland.com\/de\/magazin\/wp-content\/uploads\/2021\/03\/kasn-sasch-oli-c-Edith-Danzer-7-1280x1024.jpg\">\t<picture><source media=\"(min-width: 576px)\" srcset=\"https:\/\/www.salzburgerland.com\/de\/magazin\/wp-content\/uploads\/2021\/03\/kasn-sasch-oli-c-Edith-Danzer-7-325x209.jpg 325w, https:\/\/www.salzburgerland.com\/de\/magazin\/wp-content\/uploads\/2021\/03\/kasn-sasch-oli-c-Edith-Danzer-7-249x160.jpg 249w\"><\/source><source media=\"(min-width: 0)\" srcset=\"https:\/\/www.salzburgerland.com\/de\/magazin\/wp-content\/uploads\/2021\/03\/kasn-sasch-oli-c-Edith-Danzer-7-249x160.jpg 249w, https:\/\/www.salzburgerland.com\/de\/magazin\/wp-content\/uploads\/2021\/03\/kasn-sasch-oli-c-Edith-Danzer-7-325x209.jpg 325w\"><\/source><img decoding=\"async\" alt=\"Ein Mann und eine Frau sitzen an einem rustikalen Tisch mit K&auml;se und schauen spielerisch frustriert in eine gem&uuml;tliche Holzk&uuml;che.\" src=\"https:\/\/www.salzburgerland.com\/de\/magazin\/wp-content\/uploads\/2021\/03\/kasn-sasch-oli-c-Edith-Danzer-7.jpg\">\t<\/picture><figcaption>Warten, bis der K&auml;se fest ist.  <\/figcaption><\/a><\/figure><\/div><div class=\"col-6 col-sm-4\"><figure><a class=\"thumb-container\" href=\"https:\/\/www.salzburgerland.com\/de\/magazin\/wp-content\/uploads\/2021\/03\/kasn-sasch-oli-c-Edith-Danzer-8-1280x1024.jpg\">\t<picture><source media=\"(min-width: 576px)\" srcset=\"https:\/\/www.salzburgerland.com\/de\/magazin\/wp-content\/uploads\/2021\/03\/kasn-sasch-oli-c-Edith-Danzer-8-325x209.jpg 325w, https:\/\/www.salzburgerland.com\/de\/magazin\/wp-content\/uploads\/2021\/03\/kasn-sasch-oli-c-Edith-Danzer-8-249x160.jpg 249w\"><\/source><source media=\"(min-width: 0)\" srcset=\"https:\/\/www.salzburgerland.com\/de\/magazin\/wp-content\/uploads\/2021\/03\/kasn-sasch-oli-c-Edith-Danzer-8-249x160.jpg 249w, https:\/\/www.salzburgerland.com\/de\/magazin\/wp-content\/uploads\/2021\/03\/kasn-sasch-oli-c-Edith-Danzer-8-325x209.jpg 325w\"><\/source><img decoding=\"async\" alt=\"Eine verspielte Frau h&auml;lt ein Messer und lacht mit einem Mann an einem rustikalen Tisch mit K&auml;se und K&uuml;chenutensilien.\" src=\"https:\/\/www.salzburgerland.com\/de\/magazin\/wp-content\/uploads\/2021\/03\/kasn-sasch-oli-c-Edith-Danzer-8.jpg\">\t<\/picture><\/a><\/figure><\/div><\/div><figcaption>&copy; Edith Danzer<\/figcaption><\/div>\n\n\n\n<figure class=\"wp-block-image size-large\"><img loading=\"lazy\" decoding=\"async\" width=\"1618\" height=\"1080\" src=\"https:\/\/www.salzburgerland.com\/de\/magazin\/wp-content\/uploads\/2021\/03\/kasn-sasch-oli-c-Edith-Danzer-15.jpg\" alt=\"L\u00e4chelnde Frau und Mann essen an einem rustikalen Holztisch mit verschiedenen Gerichten und Kr\u00e4utern in einer gem\u00fctlichen H\u00fctte.\" class=\"wp-image-151734\" srcset=\"https:\/\/www.salzburgerland.com\/de\/magazin\/wp-content\/uploads\/2021\/03\/kasn-sasch-oli-c-Edith-Danzer-15.jpg 1618w, https:\/\/www.salzburgerland.com\/de\/magazin\/wp-content\/uploads\/2021\/03\/kasn-sasch-oli-c-Edith-Danzer-15-300x200.jpg 300w, https:\/\/www.salzburgerland.com\/de\/magazin\/wp-content\/uploads\/2021\/03\/kasn-sasch-oli-c-Edith-Danzer-15-1536x1025.jpg 1536w, https:\/\/www.salzburgerland.com\/de\/magazin\/wp-content\/uploads\/2021\/03\/kasn-sasch-oli-c-Edith-Danzer-15-824x550.jpg 824w, https:\/\/www.salzburgerland.com\/de\/magazin\/wp-content\/uploads\/2021\/03\/kasn-sasch-oli-c-Edith-Danzer-15-599x400.jpg 599w, https:\/\/www.salzburgerland.com\/de\/magazin\/wp-content\/uploads\/2021\/03\/kasn-sasch-oli-c-Edith-Danzer-15-1320x881.jpg 1320w, https:\/\/www.salzburgerland.com\/de\/magazin\/wp-content\/uploads\/2021\/03\/kasn-sasch-oli-c-Edith-Danzer-15-150x100.jpg 150w\" sizes=\"auto, (max-width: 1618px) 100vw, 1618px\" \/><figcaption>\u00a9 Edith Danzer &#8211; Viel bleibt nicht \u00fcbrig&#8230;  <\/figcaption><\/figure>\n\n\n\n<h2 class=\"wp-block-heading\" id=\"h-es-fehlt-nur-noch-die-alm\">Es fehlt nur noch die Alm<\/h2>\n\n\n\n<p>Sasch und Oli sind nun gut vorbereitet f\u00fcr ihren Traum von der Almsommer-Alm im SalzburgerLand. Noch sind die beiden auf der Suche nach einer H\u00fctte, auf der sie ihre neu erworbenen Kenntnisse unter Beweis stellen d\u00fcrfen. Gerne leiten wir Angebote f\u00fcr Almarbeit an Sasch und Oli weiter. Und wer wei\u00df, vielleicht besuchen wir die beiden noch auf weiteren Stationen ihrer Mission Almsommer.<\/p>\n\n\n\n<p><em>Hinweis: Vor dem Entstehen dieser Geschichte waren alle beteiligten Personen &#8211; einschlie\u00dflich der Autorin und Fotografin &#8211; beim Covid-Test.<\/em><\/p>\n","protected":false},"excerpt":{"rendered":"<p>Buttern und Melken \u2013 abgehakt. Mit etwas \u00dcbung klappt das auf jeden Fall\u201c, bescheinigt B\u00e4uerin Melanie Pichler Oli und Sasch nach dem Stallbesuch die ersten Alm-Kompetenzen. Doch noch ist viel zu lernen, um sich einen Almsommer lang als Senner um die K\u00fche auf einer Almh\u00fctte im Salzburgerland zu k\u00fcmmern. Und darum wird heute aus der [&hellip;]<\/p>\n","protected":false},"author":11,"featured_media":151732,"comment_status":"open","ping_status":"closed","sticky":false,"template":"","format":"standard","meta":{"_acf_changed":false,"wl_entities_gutenberg":"","_wl_entity_redirect_enabled":"","footnotes":""},"categories":[7],"tags":[],"wl_entity_type":[306],"monatsauswahl":[],"class_list":["post-151719","post","type-post","status-publish","format-standard","has-post-thumbnail","hentry","category-lifestyle","wl_entity_type-article"],"acf":[],"yoast_head":"<!-- This site is optimized with the Yoast SEO Premium plugin v27.4 (Yoast SEO v27.4) - https:\/\/yoast.com\/product\/yoast-seo-premium-wordpress\/ -->\n<title>So ein K\u00e4se - SalzburgerLand Magazin<\/title>\n<meta name=\"robots\" content=\"index, follow, max-snippet:-1, max-image-preview:large, max-video-preview:-1\" \/>\n<link rel=\"canonical\" href=\"https:\/\/www.salzburgerland.com\/de\/magazin\/so-ein-kaese\/\" \/>\n<meta property=\"og:locale\" content=\"de_DE\" \/>\n<meta property=\"og:type\" content=\"article\" \/>\n<meta property=\"og:title\" content=\"So ein K\u00e4se\" \/>\n<meta property=\"og:description\" content=\"Buttern und Melken \u2013 abgehakt. Mit etwas \u00dcbung klappt das auf jeden Fall\u201c, bescheinigt B\u00e4uerin Melanie Pichler Oli und Sasch nach dem Stallbesuch die ersten Alm-Kompetenzen. Doch noch ist viel zu lernen, um sich einen Almsommer lang als Senner um die K\u00fche auf einer Almh\u00fctte im Salzburgerland zu k\u00fcmmern. Und darum wird heute aus der [&hellip;]\" \/>\n<meta property=\"og:url\" content=\"https:\/\/www.salzburgerland.com\/de\/magazin\/so-ein-kaese\/\" \/>\n<meta property=\"og:site_name\" content=\"SalzburgerLand Magazin\" \/>\n<meta property=\"article:publisher\" content=\"https:\/\/www.facebook.com\/salzburgerland\/\" \/>\n<meta property=\"article:published_time\" content=\"2021-04-02T04:31:31+00:00\" \/>\n<meta property=\"article:modified_time\" content=\"2021-04-02T04:31:35+00:00\" \/>\n<meta property=\"og:image\" content=\"https:\/\/www.salzburgerland.com\/de\/magazin\/wp-content\/uploads\/2021\/03\/kasn-sasch-oli-c-Edith-Danzer-13.jpg\" \/>\n\t<meta property=\"og:image:width\" content=\"1618\" \/>\n\t<meta property=\"og:image:height\" content=\"1080\" \/>\n\t<meta property=\"og:image:type\" content=\"image\/jpeg\" \/>\n<meta name=\"author\" content=\"Edith Danzer\" \/>\n<meta name=\"twitter:card\" content=\"summary_large_image\" \/>\n<meta name=\"twitter:creator\" content=\"@Salzburgerland\" \/>\n<meta name=\"twitter:site\" content=\"@Salzburgerland\" \/>\n<meta name=\"twitter:label1\" content=\"Verfasst von\" \/>\n\t<meta name=\"twitter:data1\" content=\"Edith Danzer\" \/>\n\t<meta name=\"twitter:label2\" content=\"Gesch\u00e4tzte Lesezeit\" \/>\n\t<meta name=\"twitter:data2\" content=\"7\u00a0Minuten\" \/>\n<script type=\"application\/ld+json\" class=\"yoast-schema-graph\">{\"@context\":\"https:\\\/\\\/schema.org\",\"@graph\":[{\"@type\":\"Article\",\"@id\":\"https:\\\/\\\/www.salzburgerland.com\\\/de\\\/magazin\\\/so-ein-kaese\\\/#article\",\"isPartOf\":{\"@id\":\"https:\\\/\\\/www.salzburgerland.com\\\/de\\\/magazin\\\/so-ein-kaese\\\/\"},\"author\":{\"name\":\"Edith Danzer\",\"@id\":\"https:\\\/\\\/www.salzburgerland.com\\\/de\\\/magazin\\\/#\\\/schema\\\/person\\\/79452c699c410aa31a119426313748de\"},\"headline\":\"So ein K\u00e4se\",\"datePublished\":\"2021-04-02T04:31:31+00:00\",\"dateModified\":\"2021-04-02T04:31:35+00:00\",\"mainEntityOfPage\":{\"@id\":\"https:\\\/\\\/www.salzburgerland.com\\\/de\\\/magazin\\\/so-ein-kaese\\\/\"},\"wordCount\":997,\"commentCount\":0,\"publisher\":{\"@id\":\"https:\\\/\\\/www.salzburgerland.com\\\/de\\\/magazin\\\/#organization\"},\"image\":{\"@id\":\"https:\\\/\\\/www.salzburgerland.com\\\/de\\\/magazin\\\/so-ein-kaese\\\/#primaryimage\"},\"thumbnailUrl\":\"https:\\\/\\\/www.salzburgerland.com\\\/de\\\/magazin\\\/wp-content\\\/uploads\\\/2021\\\/03\\\/kasn-sasch-oli-c-Edith-Danzer-13.jpg\",\"articleSection\":[\"Lifestyle\"],\"inLanguage\":\"de\",\"potentialAction\":[{\"@type\":\"CommentAction\",\"name\":\"Comment\",\"target\":[\"https:\\\/\\\/www.salzburgerland.com\\\/de\\\/magazin\\\/so-ein-kaese\\\/#respond\"]}]},{\"@type\":\"WebPage\",\"@id\":\"https:\\\/\\\/www.salzburgerland.com\\\/de\\\/magazin\\\/so-ein-kaese\\\/\",\"url\":\"https:\\\/\\\/www.salzburgerland.com\\\/de\\\/magazin\\\/so-ein-kaese\\\/\",\"name\":\"So ein K\u00e4se - SalzburgerLand Magazin\",\"isPartOf\":{\"@id\":\"https:\\\/\\\/www.salzburgerland.com\\\/de\\\/magazin\\\/#website\"},\"primaryImageOfPage\":{\"@id\":\"https:\\\/\\\/www.salzburgerland.com\\\/de\\\/magazin\\\/so-ein-kaese\\\/#primaryimage\"},\"image\":{\"@id\":\"https:\\\/\\\/www.salzburgerland.com\\\/de\\\/magazin\\\/so-ein-kaese\\\/#primaryimage\"},\"thumbnailUrl\":\"https:\\\/\\\/www.salzburgerland.com\\\/de\\\/magazin\\\/wp-content\\\/uploads\\\/2021\\\/03\\\/kasn-sasch-oli-c-Edith-Danzer-13.jpg\",\"datePublished\":\"2021-04-02T04:31:31+00:00\",\"dateModified\":\"2021-04-02T04:31:35+00:00\",\"breadcrumb\":{\"@id\":\"https:\\\/\\\/www.salzburgerland.com\\\/de\\\/magazin\\\/so-ein-kaese\\\/#breadcrumb\"},\"inLanguage\":\"de\",\"potentialAction\":[{\"@type\":\"ReadAction\",\"target\":[\"https:\\\/\\\/www.salzburgerland.com\\\/de\\\/magazin\\\/so-ein-kaese\\\/\"]}]},{\"@type\":\"ImageObject\",\"inLanguage\":\"de\",\"@id\":\"https:\\\/\\\/www.salzburgerland.com\\\/de\\\/magazin\\\/so-ein-kaese\\\/#primaryimage\",\"url\":\"https:\\\/\\\/www.salzburgerland.com\\\/de\\\/magazin\\\/wp-content\\\/uploads\\\/2021\\\/03\\\/kasn-sasch-oli-c-Edith-Danzer-13.jpg\",\"contentUrl\":\"https:\\\/\\\/www.salzburgerland.com\\\/de\\\/magazin\\\/wp-content\\\/uploads\\\/2021\\\/03\\\/kasn-sasch-oli-c-Edith-Danzer-13.jpg\",\"width\":1618,\"height\":1080,\"caption\":\"Frischk\u00e4se selbst gemacht. c Edith Danzer\"},{\"@type\":\"BreadcrumbList\",\"@id\":\"https:\\\/\\\/www.salzburgerland.com\\\/de\\\/magazin\\\/so-ein-kaese\\\/#breadcrumb\",\"itemListElement\":[{\"@type\":\"ListItem\",\"position\":1,\"name\":\"Startseite\",\"item\":\"https:\\\/\\\/www.salzburgerland.com\\\/de\\\/magazin\\\/\"},{\"@type\":\"ListItem\",\"position\":2,\"name\":\"Lifestyle\",\"item\":\"https:\\\/\\\/www.salzburgerland.com\\\/de\\\/magazin\\\/thema\\\/lifestyle\\\/\"},{\"@type\":\"ListItem\",\"position\":3,\"name\":\"So ein K\u00e4se\"}]},{\"@type\":\"WebSite\",\"@id\":\"https:\\\/\\\/www.salzburgerland.com\\\/de\\\/magazin\\\/#website\",\"url\":\"https:\\\/\\\/www.salzburgerland.com\\\/de\\\/magazin\\\/\",\"name\":\"SalzburgerLand Magazin\",\"description\":\"Geschichten und Interessantes aus dem SalzburgerLand\",\"publisher\":{\"@id\":\"https:\\\/\\\/www.salzburgerland.com\\\/de\\\/magazin\\\/#organization\"},\"potentialAction\":[{\"@type\":\"SearchAction\",\"target\":{\"@type\":\"EntryPoint\",\"urlTemplate\":\"https:\\\/\\\/www.salzburgerland.com\\\/de\\\/magazin\\\/?s={search_term_string}\"},\"query-input\":{\"@type\":\"PropertyValueSpecification\",\"valueRequired\":true,\"valueName\":\"search_term_string\"}}],\"inLanguage\":\"de\"},{\"@type\":\"Organization\",\"@id\":\"https:\\\/\\\/www.salzburgerland.com\\\/de\\\/magazin\\\/#organization\",\"name\":\"SalzburgerLand Tourismus\",\"url\":\"https:\\\/\\\/www.salzburgerland.com\\\/de\\\/magazin\\\/\",\"logo\":{\"@type\":\"ImageObject\",\"inLanguage\":\"de\",\"@id\":\"https:\\\/\\\/www.salzburgerland.com\\\/de\\\/magazin\\\/#\\\/schema\\\/logo\\\/image\\\/\",\"url\":\"https:\\\/\\\/www.salzburgerland.com\\\/de\\\/magazin\\\/wp-content\\\/uploads\\\/2019\\\/06\\\/salzburgerland-logo1.jpg\",\"contentUrl\":\"https:\\\/\\\/www.salzburgerland.com\\\/de\\\/magazin\\\/wp-content\\\/uploads\\\/2019\\\/06\\\/salzburgerland-logo1.jpg\",\"width\":2011,\"height\":866,\"caption\":\"SalzburgerLand Tourismus\"},\"image\":{\"@id\":\"https:\\\/\\\/www.salzburgerland.com\\\/de\\\/magazin\\\/#\\\/schema\\\/logo\\\/image\\\/\"},\"sameAs\":[\"https:\\\/\\\/www.facebook.com\\\/salzburgerland\\\/\",\"https:\\\/\\\/x.com\\\/Salzburgerland\",\"https:\\\/\\\/www.instagram.com\\\/salzburgerland\\\/\",\"https:\\\/\\\/at.linkedin.com\\\/company\\\/salzburgerland-tourismus-gmbh\",\"https:\\\/\\\/www.pinterest.at\\\/salzburgerland\\\/\",\"https:\\\/\\\/www.youtube.com\\\/user\\\/salzburgerland\",\"https:\\\/\\\/de.wikipedia.org\\\/wiki\\\/SalzburgerLand_Tourismus_GmbH\"]},{\"@type\":\"Person\",\"@id\":\"https:\\\/\\\/www.salzburgerland.com\\\/de\\\/magazin\\\/#\\\/schema\\\/person\\\/79452c699c410aa31a119426313748de\",\"name\":\"Edith Danzer\",\"description\":\"Seit Jahren arbeite ich als freie Redakteurin und Fotografin im SalzburgerLand. Schreiben ist f\u00fcr mich nicht blo\u00df das Erstellen eines Textes. Es ist ein Komponieren einer wundervollen Melodie, ein Malen mit Buchstaben und Worten. Ich liebe die Begegnungen mit Menschen, die mir ihre Geschichte anvertrauen. Wenn man mich sucht, bin ich entweder am Schreibtisch (der auch mal am sonnigen H\u00fcttenbankerl stehen kann) oder mit meinem Husky-M\u00e4dl Ylvi am Berg, am See oder im Wald. Ich \u2026 \u2026 in ein paar Worten. \u2022 Lieber drau\u00dfen, als drinnen. \u2022 Lieber Norden, als S\u00fcden. \u2022 Lieber Buchstaben, als Zahlen. \u2022 Lieber Schnee, als Strand. \u2022 Lieber Berg, als Tal. \u2022 Lieber Nordlichter, als S\u00fcdseezauber. \u2022 Lieber H\u00fctte, als F\u00fcnfsternschuppen. \u2022 Lieber Hund, als Katze. \u2022 Lieber grader Michl, als falscher Fufzga. \u2022 Lieber mittendurch, als drumherum \u2022 Lieber Almleben, als Couchpotato\",\"url\":\"https:\\\/\\\/www.salzburgerland.com\\\/de\\\/magazin\\\/author\\\/edith-danzer\\\/\"}]}<\/script>\n<!-- \/ Yoast SEO Premium plugin. -->","yoast_head_json":{"title":"So ein K\u00e4se - SalzburgerLand Magazin","robots":{"index":"index","follow":"follow","max-snippet":"max-snippet:-1","max-image-preview":"max-image-preview:large","max-video-preview":"max-video-preview:-1"},"canonical":"https:\/\/www.salzburgerland.com\/de\/magazin\/so-ein-kaese\/","og_locale":"de_DE","og_type":"article","og_title":"So ein K\u00e4se","og_description":"Buttern und Melken \u2013 abgehakt. Mit etwas \u00dcbung klappt das auf jeden Fall\u201c, bescheinigt B\u00e4uerin Melanie Pichler Oli und Sasch nach dem Stallbesuch die ersten Alm-Kompetenzen. Doch noch ist viel zu lernen, um sich einen Almsommer lang als Senner um die K\u00fche auf einer Almh\u00fctte im Salzburgerland zu k\u00fcmmern. Und darum wird heute aus der [&hellip;]","og_url":"https:\/\/www.salzburgerland.com\/de\/magazin\/so-ein-kaese\/","og_site_name":"SalzburgerLand Magazin","article_publisher":"https:\/\/www.facebook.com\/salzburgerland\/","article_published_time":"2021-04-02T04:31:31+00:00","article_modified_time":"2021-04-02T04:31:35+00:00","og_image":[{"width":1618,"height":1080,"url":"https:\/\/www.salzburgerland.com\/de\/magazin\/wp-content\/uploads\/2021\/03\/kasn-sasch-oli-c-Edith-Danzer-13.jpg","type":"image\/jpeg"}],"author":"Edith Danzer","twitter_card":"summary_large_image","twitter_creator":"@Salzburgerland","twitter_site":"@Salzburgerland","twitter_misc":{"Verfasst von":"Edith Danzer","Gesch\u00e4tzte Lesezeit":"7\u00a0Minuten"},"schema":{"@context":"https:\/\/schema.org","@graph":[{"@type":"Article","@id":"https:\/\/www.salzburgerland.com\/de\/magazin\/so-ein-kaese\/#article","isPartOf":{"@id":"https:\/\/www.salzburgerland.com\/de\/magazin\/so-ein-kaese\/"},"author":{"name":"Edith Danzer","@id":"https:\/\/www.salzburgerland.com\/de\/magazin\/#\/schema\/person\/79452c699c410aa31a119426313748de"},"headline":"So ein K\u00e4se","datePublished":"2021-04-02T04:31:31+00:00","dateModified":"2021-04-02T04:31:35+00:00","mainEntityOfPage":{"@id":"https:\/\/www.salzburgerland.com\/de\/magazin\/so-ein-kaese\/"},"wordCount":997,"commentCount":0,"publisher":{"@id":"https:\/\/www.salzburgerland.com\/de\/magazin\/#organization"},"image":{"@id":"https:\/\/www.salzburgerland.com\/de\/magazin\/so-ein-kaese\/#primaryimage"},"thumbnailUrl":"https:\/\/www.salzburgerland.com\/de\/magazin\/wp-content\/uploads\/2021\/03\/kasn-sasch-oli-c-Edith-Danzer-13.jpg","articleSection":["Lifestyle"],"inLanguage":"de","potentialAction":[{"@type":"CommentAction","name":"Comment","target":["https:\/\/www.salzburgerland.com\/de\/magazin\/so-ein-kaese\/#respond"]}]},{"@type":"WebPage","@id":"https:\/\/www.salzburgerland.com\/de\/magazin\/so-ein-kaese\/","url":"https:\/\/www.salzburgerland.com\/de\/magazin\/so-ein-kaese\/","name":"So ein K\u00e4se - SalzburgerLand Magazin","isPartOf":{"@id":"https:\/\/www.salzburgerland.com\/de\/magazin\/#website"},"primaryImageOfPage":{"@id":"https:\/\/www.salzburgerland.com\/de\/magazin\/so-ein-kaese\/#primaryimage"},"image":{"@id":"https:\/\/www.salzburgerland.com\/de\/magazin\/so-ein-kaese\/#primaryimage"},"thumbnailUrl":"https:\/\/www.salzburgerland.com\/de\/magazin\/wp-content\/uploads\/2021\/03\/kasn-sasch-oli-c-Edith-Danzer-13.jpg","datePublished":"2021-04-02T04:31:31+00:00","dateModified":"2021-04-02T04:31:35+00:00","breadcrumb":{"@id":"https:\/\/www.salzburgerland.com\/de\/magazin\/so-ein-kaese\/#breadcrumb"},"inLanguage":"de","potentialAction":[{"@type":"ReadAction","target":["https:\/\/www.salzburgerland.com\/de\/magazin\/so-ein-kaese\/"]}]},{"@type":"ImageObject","inLanguage":"de","@id":"https:\/\/www.salzburgerland.com\/de\/magazin\/so-ein-kaese\/#primaryimage","url":"https:\/\/www.salzburgerland.com\/de\/magazin\/wp-content\/uploads\/2021\/03\/kasn-sasch-oli-c-Edith-Danzer-13.jpg","contentUrl":"https:\/\/www.salzburgerland.com\/de\/magazin\/wp-content\/uploads\/2021\/03\/kasn-sasch-oli-c-Edith-Danzer-13.jpg","width":1618,"height":1080,"caption":"Frischk\u00e4se selbst gemacht. c Edith Danzer"},{"@type":"BreadcrumbList","@id":"https:\/\/www.salzburgerland.com\/de\/magazin\/so-ein-kaese\/#breadcrumb","itemListElement":[{"@type":"ListItem","position":1,"name":"Startseite","item":"https:\/\/www.salzburgerland.com\/de\/magazin\/"},{"@type":"ListItem","position":2,"name":"Lifestyle","item":"https:\/\/www.salzburgerland.com\/de\/magazin\/thema\/lifestyle\/"},{"@type":"ListItem","position":3,"name":"So ein K\u00e4se"}]},{"@type":"WebSite","@id":"https:\/\/www.salzburgerland.com\/de\/magazin\/#website","url":"https:\/\/www.salzburgerland.com\/de\/magazin\/","name":"SalzburgerLand Magazin","description":"Geschichten und Interessantes aus dem SalzburgerLand","publisher":{"@id":"https:\/\/www.salzburgerland.com\/de\/magazin\/#organization"},"potentialAction":[{"@type":"SearchAction","target":{"@type":"EntryPoint","urlTemplate":"https:\/\/www.salzburgerland.com\/de\/magazin\/?s={search_term_string}"},"query-input":{"@type":"PropertyValueSpecification","valueRequired":true,"valueName":"search_term_string"}}],"inLanguage":"de"},{"@type":"Organization","@id":"https:\/\/www.salzburgerland.com\/de\/magazin\/#organization","name":"SalzburgerLand Tourismus","url":"https:\/\/www.salzburgerland.com\/de\/magazin\/","logo":{"@type":"ImageObject","inLanguage":"de","@id":"https:\/\/www.salzburgerland.com\/de\/magazin\/#\/schema\/logo\/image\/","url":"https:\/\/www.salzburgerland.com\/de\/magazin\/wp-content\/uploads\/2019\/06\/salzburgerland-logo1.jpg","contentUrl":"https:\/\/www.salzburgerland.com\/de\/magazin\/wp-content\/uploads\/2019\/06\/salzburgerland-logo1.jpg","width":2011,"height":866,"caption":"SalzburgerLand Tourismus"},"image":{"@id":"https:\/\/www.salzburgerland.com\/de\/magazin\/#\/schema\/logo\/image\/"},"sameAs":["https:\/\/www.facebook.com\/salzburgerland\/","https:\/\/x.com\/Salzburgerland","https:\/\/www.instagram.com\/salzburgerland\/","https:\/\/at.linkedin.com\/company\/salzburgerland-tourismus-gmbh","https:\/\/www.pinterest.at\/salzburgerland\/","https:\/\/www.youtube.com\/user\/salzburgerland","https:\/\/de.wikipedia.org\/wiki\/SalzburgerLand_Tourismus_GmbH"]},{"@type":"Person","@id":"https:\/\/www.salzburgerland.com\/de\/magazin\/#\/schema\/person\/79452c699c410aa31a119426313748de","name":"Edith Danzer","description":"Seit Jahren arbeite ich als freie Redakteurin und Fotografin im SalzburgerLand. Schreiben ist f\u00fcr mich nicht blo\u00df das Erstellen eines Textes. Es ist ein Komponieren einer wundervollen Melodie, ein Malen mit Buchstaben und Worten. Ich liebe die Begegnungen mit Menschen, die mir ihre Geschichte anvertrauen. Wenn man mich sucht, bin ich entweder am Schreibtisch (der auch mal am sonnigen H\u00fcttenbankerl stehen kann) oder mit meinem Husky-M\u00e4dl Ylvi am Berg, am See oder im Wald. Ich \u2026 \u2026 in ein paar Worten. \u2022 Lieber drau\u00dfen, als drinnen. \u2022 Lieber Norden, als S\u00fcden. \u2022 Lieber Buchstaben, als Zahlen. \u2022 Lieber Schnee, als Strand. \u2022 Lieber Berg, als Tal. \u2022 Lieber Nordlichter, als S\u00fcdseezauber. \u2022 Lieber H\u00fctte, als F\u00fcnfsternschuppen. \u2022 Lieber Hund, als Katze. \u2022 Lieber grader Michl, als falscher Fufzga. \u2022 Lieber mittendurch, als drumherum \u2022 Lieber Almleben, als Couchpotato","url":"https:\/\/www.salzburgerland.com\/de\/magazin\/author\/edith-danzer\/"}]}},"_wl_alt_label":[],"wl:entity_url":"http:\/\/open.salzburgerland.com\/magazin\/post\/so_ein_kaese_3","_links":{"self":[{"href":"https:\/\/www.salzburgerland.com\/de\/magazin\/wp-json\/wp\/v2\/posts\/151719","targetHints":{"allow":["GET"]}}],"collection":[{"href":"https:\/\/www.salzburgerland.com\/de\/magazin\/wp-json\/wp\/v2\/posts"}],"about":[{"href":"https:\/\/www.salzburgerland.com\/de\/magazin\/wp-json\/wp\/v2\/types\/post"}],"author":[{"embeddable":true,"href":"https:\/\/www.salzburgerland.com\/de\/magazin\/wp-json\/wp\/v2\/users\/11"}],"replies":[{"embeddable":true,"href":"https:\/\/www.salzburgerland.com\/de\/magazin\/wp-json\/wp\/v2\/comments?post=151719"}],"version-history":[{"count":5,"href":"https:\/\/www.salzburgerland.com\/de\/magazin\/wp-json\/wp\/v2\/posts\/151719\/revisions"}],"predecessor-version":[{"id":151780,"href":"https:\/\/www.salzburgerland.com\/de\/magazin\/wp-json\/wp\/v2\/posts\/151719\/revisions\/151780"}],"wp:featuredmedia":[{"embeddable":true,"href":"https:\/\/www.salzburgerland.com\/de\/magazin\/wp-json\/wp\/v2\/media\/151732"}],"wp:attachment":[{"href":"https:\/\/www.salzburgerland.com\/de\/magazin\/wp-json\/wp\/v2\/media?parent=151719"}],"wp:term":[{"taxonomy":"category","embeddable":true,"href":"https:\/\/www.salzburgerland.com\/de\/magazin\/wp-json\/wp\/v2\/categories?post=151719"},{"taxonomy":"post_tag","embeddable":true,"href":"https:\/\/www.salzburgerland.com\/de\/magazin\/wp-json\/wp\/v2\/tags?post=151719"},{"taxonomy":"wl_entity_type","embeddable":true,"href":"https:\/\/www.salzburgerland.com\/de\/magazin\/wp-json\/wp\/v2\/wl_entity_type?post=151719"},{"taxonomy":"monatsauswahl","embeddable":true,"href":"https:\/\/www.salzburgerland.com\/de\/magazin\/wp-json\/wp\/v2\/monatsauswahl?post=151719"}],"curies":[{"name":"wp","href":"https:\/\/api.w.org\/{rel}","templated":true}]}}