{"id":149402,"date":"2021-10-29T10:41:36","date_gmt":"2021-10-29T08:41:36","guid":{"rendered":"https:\/\/www.salzburgerland.com\/de\/magazin\/?p=149402"},"modified":"2021-11-29T14:04:52","modified_gmt":"2021-11-29T13:04:52","slug":"apartment-tipps-fuer-winterurlaub-im-salzburger-flachgau","status":"publish","type":"post","link":"https:\/\/www.salzburgerland.com\/de\/magazin\/apartment-tipps-fuer-winterurlaub-im-salzburger-flachgau\/","title":{"rendered":"Apartment-Tipps f\u00fcr Winterurlaub im Salzburger Flachgau"},"content":{"rendered":"\n<div class=\"wp-block-slt-top topBlocks\">\n<h2 class=\"wp-block-slt-subtitle\"> Naturverliebt &amp; Individuell <\/h2>\n\n\n\n<p class=\"wp-block-slt-intro\">Flexibler Winterurlaub in einem Apartment, das ist der Trend f\u00fcr Liebhaber des privaten Urlaubsgenusses. Ich zeige euch ein paar sch\u00f6ne Apartments f\u00fcr einen unvergesslichen Winterurlaub im SalzburgerLand.<\/p>\n<\/div>\n\n\n\n<p>Unabh\u00e4ngiger Urlaubsgenuss steht an erster Stelle, wenn man sich in den Winterferien f\u00fcr einen Urlaub im Apartment entscheidet. Man ist an keine \u00d6ffnungszeiten gebunden, kann sich mit den besten regionalen Produkten selbst versorgen und das private Urlaubserlebnis in vollen Z\u00fcgen genie\u00dfen. Auch f\u00fcr gr\u00f6\u00dfere Gruppen oder Familienreisen bieten Apartments, Chalets und Ferienwohnungen die besten Bedingungen f\u00fcr ein flexibles Urlaubserlebnis \u2013 auch im Winter.<\/p>\n\n\n\n<p>Der Salzburger Flachgau bietet viel Abwechslung f\u00fcr Winterurlauber, die einfach mal die Ruhe suchen. Klirrend kalte und doch vertr\u00e4umte Seenlandschaften treffen auf sanfte Berge mit verschneiten Gipfeln und die N\u00e4he zur Stadt Salzburg stillt gleichsam den Durst nach Kultur. Ich habe mich auf die Suche gemacht und drei echte Schmuckst\u00fccke f\u00fcr einen winterlichen Apartment-Urlaub im Flachgau gefunden, die ich hier vorstellen m\u00f6chte.<\/p>\n\n\n\n<p>Von <strong>Seeham<\/strong> \u00fcber den <strong>Fuschlsee<\/strong> bis an den <strong>Wolfgangsee<\/strong> geht unsere Apartment-Tour durch den Flachgau. Und jedes der H\u00e4user besticht mit einem ganz besonderen Schmankerl.<\/p>\n\n\n\n<h2 class=\"wp-block-heading\" id=\"h-die-sch-nsten-apartments-im-salzburger-flachgau\">Die sch\u00f6nsten Apartments im Salzburger Flachgau<\/h2>\n\n\n\n<h2 class=\"wp-block-heading\" id=\"h-1-urlaub-am-baby-kinderbauernhof-aicherbauer-in-seeham\">1. Urlaub am Baby- &amp; Kinderbauernhof Aicherbauer in Seeham<\/h2>\n\n\n\n<p>Wer auch im Winter den Urlaub am Bauernhof zu sch\u00e4tzen wei\u00df, der wird am Baby- und Kinderbauernhof Aicherbauer in Seeham seine Freude haben. Die zwei Ferienwohnungen sind mit viel Holz eingerichtet und bieten auf je 60 m\u00b2 Platz f\u00fcr die ganze Familie. Die Gastgeberfamilie ist hier nicht nur auf einen angenehmen Familienurlaub eingerichtet, sondern zeigt auch im Winter, wie sch\u00f6n das Salzburger Seenland ist.<\/p>\n\n\n<div class=\"mag-gallery\"><div class=\"row\"><div class=\"col-6 col-sm-4\"><figure><a class=\"thumb-container\" href=\"https:\/\/www.salzburgerland.com\/de\/magazin\/wp-content\/uploads\/2021\/01\/aicherbauer-mattsee-04-1280x1024.jpg\">\t<picture><source media=\"(min-width: 576px)\" srcset=\"https:\/\/www.salzburgerland.com\/de\/magazin\/wp-content\/uploads\/2021\/01\/aicherbauer-mattsee-04-325x209.jpg 325w, https:\/\/www.salzburgerland.com\/de\/magazin\/wp-content\/uploads\/2021\/01\/aicherbauer-mattsee-04-249x160.jpg 249w\"><\/source><source media=\"(min-width: 0)\" srcset=\"https:\/\/www.salzburgerland.com\/de\/magazin\/wp-content\/uploads\/2021\/01\/aicherbauer-mattsee-04-249x160.jpg 249w, https:\/\/www.salzburgerland.com\/de\/magazin\/wp-content\/uploads\/2021\/01\/aicherbauer-mattsee-04-325x209.jpg 325w\"><\/source><img decoding=\"async\" alt=\"Apartment Flachgau Aicherbauer Seeham\" src=\"https:\/\/www.salzburgerland.com\/de\/magazin\/wp-content\/uploads\/2021\/01\/aicherbauer-mattsee-04.jpg\">\t<\/picture><\/a><\/figure><\/div><div class=\"col-6 col-sm-4\"><figure><a class=\"thumb-container\" href=\"https:\/\/www.salzburgerland.com\/de\/magazin\/wp-content\/uploads\/2021\/01\/aicherbauer-mattsee-05-1280x1024.jpg\">\t<picture><source media=\"(min-width: 576px)\" srcset=\"https:\/\/www.salzburgerland.com\/de\/magazin\/wp-content\/uploads\/2021\/01\/aicherbauer-mattsee-05-325x209.jpg 325w, https:\/\/www.salzburgerland.com\/de\/magazin\/wp-content\/uploads\/2021\/01\/aicherbauer-mattsee-05-249x160.jpg 249w\"><\/source><source media=\"(min-width: 0)\" srcset=\"https:\/\/www.salzburgerland.com\/de\/magazin\/wp-content\/uploads\/2021\/01\/aicherbauer-mattsee-05-249x160.jpg 249w, https:\/\/www.salzburgerland.com\/de\/magazin\/wp-content\/uploads\/2021\/01\/aicherbauer-mattsee-05-325x209.jpg 325w\"><\/source><img decoding=\"async\" alt=\"Ein gefrorener Wasserfall in einem verschneiten Wald, wie die Wohnungen der Natur aus Eiszapfen, die Felsen und Boden bedecken.\" src=\"https:\/\/www.salzburgerland.com\/de\/magazin\/wp-content\/uploads\/2021\/01\/aicherbauer-mattsee-05.jpg\">\t<\/picture><\/a><\/figure><\/div><div class=\"col-6 col-sm-4\"><figure><a class=\"thumb-container\" href=\"https:\/\/www.salzburgerland.com\/de\/magazin\/wp-content\/uploads\/2021\/01\/aicherbauer-mattsee-08-1280x1024.jpg\">\t<picture><source media=\"(min-width: 576px)\" srcset=\"https:\/\/www.salzburgerland.com\/de\/magazin\/wp-content\/uploads\/2021\/01\/aicherbauer-mattsee-08-325x209.jpg 325w, https:\/\/www.salzburgerland.com\/de\/magazin\/wp-content\/uploads\/2021\/01\/aicherbauer-mattsee-08-249x160.jpg 249w\"><\/source><source media=\"(min-width: 0)\" srcset=\"https:\/\/www.salzburgerland.com\/de\/magazin\/wp-content\/uploads\/2021\/01\/aicherbauer-mattsee-08-249x160.jpg 249w, https:\/\/www.salzburgerland.com\/de\/magazin\/wp-content\/uploads\/2021\/01\/aicherbauer-mattsee-08-325x209.jpg 325w\"><\/source><img decoding=\"async\" alt=\"Ein Mann und eine Person mit wei&szlig;em Hut halten brennende Kerzen vor Wohnungen, die nachts von Kerzenlicht beleuchtet werden.\" src=\"https:\/\/www.salzburgerland.com\/de\/magazin\/wp-content\/uploads\/2021\/01\/aicherbauer-mattsee-08.jpg\">\t<\/picture><\/a><\/figure><\/div><div class=\"col-6 col-sm-4\"><figure><a class=\"thumb-container\" href=\"https:\/\/www.salzburgerland.com\/de\/magazin\/wp-content\/uploads\/2021\/01\/aicherbauer-mattsee-01-1280x1024.jpg\">\t<picture><source media=\"(min-width: 576px)\" srcset=\"https:\/\/www.salzburgerland.com\/de\/magazin\/wp-content\/uploads\/2021\/01\/aicherbauer-mattsee-01-325x209.jpg 325w, https:\/\/www.salzburgerland.com\/de\/magazin\/wp-content\/uploads\/2021\/01\/aicherbauer-mattsee-01-249x160.jpg 249w\"><\/source><source media=\"(min-width: 0)\" srcset=\"https:\/\/www.salzburgerland.com\/de\/magazin\/wp-content\/uploads\/2021\/01\/aicherbauer-mattsee-01-249x160.jpg 249w, https:\/\/www.salzburgerland.com\/de\/magazin\/wp-content\/uploads\/2021\/01\/aicherbauer-mattsee-01-325x209.jpg 325w\"><\/source><img decoding=\"async\" alt=\"Gem&uuml;tliches Holzzimmer in Wohnungen mit Schlafcouch, Tisch, St&uuml;hlen, Teppichen und T&uuml;r zu einem Schlafzimmer mit Bett.\" src=\"https:\/\/www.salzburgerland.com\/de\/magazin\/wp-content\/uploads\/2021\/01\/aicherbauer-mattsee-01.jpg\">\t<\/picture><\/a><\/figure><\/div><div class=\"col-6 col-sm-4\"><figure><a class=\"thumb-container\" href=\"https:\/\/www.salzburgerland.com\/de\/magazin\/wp-content\/uploads\/2021\/01\/aicherbauer-mattsee-02-1280x1024.jpg\">\t<picture><source media=\"(min-width: 576px)\" srcset=\"https:\/\/www.salzburgerland.com\/de\/magazin\/wp-content\/uploads\/2021\/01\/aicherbauer-mattsee-02-325x209.jpg 325w, https:\/\/www.salzburgerland.com\/de\/magazin\/wp-content\/uploads\/2021\/01\/aicherbauer-mattsee-02-249x160.jpg 249w\"><\/source><source media=\"(min-width: 0)\" srcset=\"https:\/\/www.salzburgerland.com\/de\/magazin\/wp-content\/uploads\/2021\/01\/aicherbauer-mattsee-02-249x160.jpg 249w, https:\/\/www.salzburgerland.com\/de\/magazin\/wp-content\/uploads\/2021\/01\/aicherbauer-mattsee-02-325x209.jpg 325w\"><\/source><img decoding=\"async\" alt=\"Gem&uuml;tliche Holzk&uuml;che in Wohnungen mit Esstisch, Sitzbank, gro&szlig;en Fenstern und nat&uuml;rlichem Licht.\" src=\"https:\/\/www.salzburgerland.com\/de\/magazin\/wp-content\/uploads\/2021\/01\/aicherbauer-mattsee-02.jpg\">\t<\/picture><\/a><\/figure><\/div><div class=\"col-6 col-sm-4\"><figure><a class=\"thumb-container\" href=\"https:\/\/www.salzburgerland.com\/de\/magazin\/wp-content\/uploads\/2021\/01\/aicherbauer-mattsee-03-1280x1024.jpg\">\t<picture><source media=\"(min-width: 576px)\" srcset=\"https:\/\/www.salzburgerland.com\/de\/magazin\/wp-content\/uploads\/2021\/01\/aicherbauer-mattsee-03-325x209.jpg 325w, https:\/\/www.salzburgerland.com\/de\/magazin\/wp-content\/uploads\/2021\/01\/aicherbauer-mattsee-03-249x160.jpg 249w\"><\/source><source media=\"(min-width: 0)\" srcset=\"https:\/\/www.salzburgerland.com\/de\/magazin\/wp-content\/uploads\/2021\/01\/aicherbauer-mattsee-03-249x160.jpg 249w, https:\/\/www.salzburgerland.com\/de\/magazin\/wp-content\/uploads\/2021\/01\/aicherbauer-mattsee-03-325x209.jpg 325w\"><\/source><img decoding=\"async\" alt=\"Gem&uuml;tliches Schlafzimmer in Appartements mit zwei Einzelbetten aus Holz, gestreiften Teppichen, Lampen und Oberlicht an der Decke.\" src=\"https:\/\/www.salzburgerland.com\/de\/magazin\/wp-content\/uploads\/2021\/01\/aicherbauer-mattsee-03.jpg\">\t<\/picture><\/a><\/figure><\/div><\/div><figcaption><\/figcaption><\/div>\n\n\n\n<p>Der Aicherbauer liegt inmitten von Wiesen und W\u00e4ldern im sch\u00f6nen Salzburger Seenland. Mattsee, Obertrumer See und Grabensee liegen vor der Haust\u00fcr. Wie sch\u00f6n ist es doch, an einem klirrend kalten Wintertag am See die Schneekristalle zu betrachten, um sich dann wieder in der Ferienwohnung bei einer z\u00fcnftigen Jause mit hei\u00dfem Tee zu w\u00e4rmen.<\/p>\n\n\n\n<p>Wer sich gerne drau\u00dfen im Schnee aufh\u00e4lt, der w\u00e4hlt zwischen Langlaufen, Schneewandern oder Rodeln. Wer lieber in der warmen Stube bleibt, dem wird hier auch nicht langweilig, denn hier wird eine ganz besonderes Spieltradition hochgehalten.<\/p>\n\n\n\n<h3 class=\"wp-block-heading\" id=\"h-das-spiel-mit-den-holzst-ckerl\">Das Spiel mit den Holzst\u00f6ckerl<\/h3>\n\n\n\n<p>Wer m\u00f6chte seinen Kindern ein Spiel bieten, das Fantasie und Kreativit\u00e4t f\u00f6rdert und gut f\u00fcr das r\u00e4umliche Denken, die Konzentration und die Ausdauer ist? Dann sollte man das H\u00f6lzst\u00f6ckerlbauen direkt w\u00e4hrend dem Urlaub auf dem Bauernhof beim Aicherbauer ausprobieren.<\/p>\n\n\n\n<p>Die Gastgeberfamilie produziert das p\u00e4dagogisch wertvolle Spiel zur G\u00e4nze selbst. Das Fichtenholz kommt aus dem eigenen Wald, der wie die ganze Landwirtschaft, organisch-biologischen Ma\u00dfst\u00e4ben entspricht. Per Hand werden die zugeschnittenen St\u00f6ckchen glattgeschliffen. So beh\u00e4lt jedes St\u00fcck seinen ureigenen Charakter \u2013 echte Handarbeit eben.<\/p>\n\n\n\n<figure class=\"wp-block-image size-large\"><img loading=\"lazy\" decoding=\"async\" width=\"1024\" height=\"768\" src=\"https:\/\/www.salzburgerland.com\/de\/magazin\/wp-content\/uploads\/2021\/01\/aicherbauer-mattsee-06.jpg\" alt=\"Auf dem Holzboden sind Holzkisten und Baukl\u00f6tze verstreut, ideal zum Spielen in gem\u00fctlichen Wohnungen.\" class=\"wp-image-149424\" srcset=\"https:\/\/www.salzburgerland.com\/de\/magazin\/wp-content\/uploads\/2021\/01\/aicherbauer-mattsee-06.jpg 1024w, https:\/\/www.salzburgerland.com\/de\/magazin\/wp-content\/uploads\/2021\/01\/aicherbauer-mattsee-06-300x225.jpg 300w, https:\/\/www.salzburgerland.com\/de\/magazin\/wp-content\/uploads\/2021\/01\/aicherbauer-mattsee-06-733x550.jpg 733w, https:\/\/www.salzburgerland.com\/de\/magazin\/wp-content\/uploads\/2021\/01\/aicherbauer-mattsee-06-140x105.jpg 140w, https:\/\/www.salzburgerland.com\/de\/magazin\/wp-content\/uploads\/2021\/01\/aicherbauer-mattsee-06-533x400.jpg 533w, https:\/\/www.salzburgerland.com\/de\/magazin\/wp-content\/uploads\/2021\/01\/aicherbauer-mattsee-06-960x720.jpg 960w, https:\/\/www.salzburgerland.com\/de\/magazin\/wp-content\/uploads\/2021\/01\/aicherbauer-mattsee-06-853x640.jpg 853w, https:\/\/www.salzburgerland.com\/de\/magazin\/wp-content\/uploads\/2021\/01\/aicherbauer-mattsee-06-150x113.jpg 150w, https:\/\/www.salzburgerland.com\/de\/magazin\/wp-content\/uploads\/2021\/01\/aicherbauer-mattsee-06-1200x900.jpg 1200w\" sizes=\"auto, (max-width: 1024px) 100vw, 1024px\" \/><\/figure>\n\n\n\n<p>Das Spielzeug wird <strong><a href=\"https:\/\/www.aicherbauer.com\/holzstockerl.htm\" target=\"_blank\" rel=\"noreferrer noopener\">auch zum Kauf angeboten<\/a><\/strong>. Eine tolle Geschenkidee!<\/p>\n\n\n\n<h3 class=\"wp-block-heading\" id=\"h-regionale-einkaufsm-glichkeiten\">Regionale Einkaufsm\u00f6glichkeiten<\/h3>\n\n\n\n<p>In Seeham gibt es echte Pioniere. Familie Wallner hat 2004 hier mit dem <a href=\"https:\/\/www.bioladen-seeham.at\/de\/onlineshop\/\" target=\"_blank\" rel=\"noreferrer noopener\">BIOLADEN SEEHAM<\/a> den ersten Bio- und Fair-Laden \u00d6sterreichs er\u00f6ffnet. Hier bekommt man eine gro\u00dfe Auswahl an biologisch angebauten Lebensmitteln f\u00fcr den Winterurlaub im SalzburgerLand, die man auch \u00fcber den Online-Shop bestellen kann.<\/p>\n\n\n\n<h3 class=\"wp-block-heading\" id=\"h-freizeitaktivit-ten-im-winter\">Freizeitaktivit\u00e4ten im Winter<\/h3>\n\n\n\n<p>F\u00fcr sportliche Winterg\u00e4ste gibt es Langlaufloipen in <a href=\"https:\/\/www.salzburger-seenland.at\/post-detailansicht\/loipe-in-seekirchen.html\" target=\"_blank\" rel=\"noreferrer noopener\">Seekirchen <\/a>oder <a href=\"https:\/\/www.salzburger-seenland.at\/post-detailansicht\/langlaufloipe-mattsee-und-schleedorf.html\" target=\"_blank\" rel=\"noreferrer noopener\">Mattsee und Schleedorf<\/a>. Wer es etwas ruhiger angehen m\u00f6chte findet beim Schneeschuhwandern oder beim Schlittenfahren seine Freude.<\/p>\n\n\n\n<p>Und nicht vergessen: Wie es sich f\u00fcr einen Bauernhof geh\u00f6rt, warten beim Aicherbauern viele Tiere auf die G\u00e4ste samt Kindern. Und die Tiere lieben es von den Kindern umsorgt zu werden.<\/p>\n\n\n\n<p><strong>Baby &amp; Kinderbauernhof Aicherbauer<\/strong><\/p>\n\n\n\n<p>Familie Greischberger<br>Talacker 3<br>5164 Seeham<br><strong><a href=\"http:\/\/www.aicherbauer.com\" target=\"_blank\" rel=\"noreferrer noopener\">www.aicherbauer.com<\/a><\/strong><\/p>\n\n\n\n<hr class=\"wp-block-separator\"\/>\n\n\n\n<h2 class=\"wp-block-heading\" id=\"h-2-die-h-tte-am-wald-am-fuschlsee\">2. Die H\u00fctte am Wald am Fuschlsee<\/h2>\n\n\n\n<p>Ein besonderes Kleinod ist die \u201eH\u00fctte am Wald\u201c in Hof bei Salzburg. Dieser liebevoll gestaltete R\u00fcckzugsort liegt am sonnigen Waldrand in direkter N\u00e4he zum Fuschlsee. Die abgeschiedene und doch zentrale Lage ist perfekt f\u00fcr Urlauber, die Entschleunigung und Entspannung im Winter suchen. Von hier aus hat man nicht weit in die Stadt Salzburg und auch die Berge des Salzkammerguts sind in greifbarer N\u00e4he.<\/p>\n\n\n\n<p>Die \u201eH\u00fctte am Wald&#8220; ist mit viel Liebe zum Detail und gutem Gesp\u00fcr f\u00fcr Design gestaltet. Die hochwertige Ausstattung wird nur noch getoppt von der eigenen Sauna, einem kuscheligen Kamin und dem direkten Blick in den Wald. Mit etwas Gl\u00fcck lassen sich hier auch mal Rehe blicken \u2013 was f\u00fcr ein Wintertraum!<\/p>\n\n\n<div class=\"mag-gallery\"><div class=\"row\"><div class=\"col-6 col-sm-4\"><figure><a class=\"thumb-container\" href=\"https:\/\/www.salzburgerland.com\/de\/magazin\/wp-content\/uploads\/2021\/01\/IMG_3953-1280x1024.jpg\">\t<picture><source media=\"(min-width: 576px)\" srcset=\"https:\/\/www.salzburgerland.com\/de\/magazin\/wp-content\/uploads\/2021\/01\/IMG_3953-325x209.jpg 325w, https:\/\/www.salzburgerland.com\/de\/magazin\/wp-content\/uploads\/2021\/01\/IMG_3953-249x160.jpg 249w\"><\/source><source media=\"(min-width: 0)\" srcset=\"https:\/\/www.salzburgerland.com\/de\/magazin\/wp-content\/uploads\/2021\/01\/IMG_3953-249x160.jpg 249w, https:\/\/www.salzburgerland.com\/de\/magazin\/wp-content\/uploads\/2021\/01\/IMG_3953-325x209.jpg 325w\"><\/source><img decoding=\"async\" alt=\"Eine gem&uuml;tliche, lichtdurchflutete Blockh&uuml;tte, eingebettet zwischen verschneiten B&auml;umen - weit weg von der Stadt.\" src=\"https:\/\/www.salzburgerland.com\/de\/magazin\/wp-content\/uploads\/2021\/01\/IMG_3953-scaled.jpg\">\t<\/picture><\/a><\/figure><\/div><div class=\"col-6 col-sm-4\"><figure><a class=\"thumb-container\" href=\"https:\/\/www.salzburgerland.com\/de\/magazin\/wp-content\/uploads\/2021\/01\/IMG_6404-1280x1024.jpg\">\t<picture><source media=\"(min-width: 576px)\" srcset=\"https:\/\/www.salzburgerland.com\/de\/magazin\/wp-content\/uploads\/2021\/01\/IMG_6404-325x209.jpg 325w, https:\/\/www.salzburgerland.com\/de\/magazin\/wp-content\/uploads\/2021\/01\/IMG_6404-249x160.jpg 249w\"><\/source><source media=\"(min-width: 0)\" srcset=\"https:\/\/www.salzburgerland.com\/de\/magazin\/wp-content\/uploads\/2021\/01\/IMG_6404-249x160.jpg 249w, https:\/\/www.salzburgerland.com\/de\/magazin\/wp-content\/uploads\/2021\/01\/IMG_6404-325x209.jpg 325w\"><\/source><img decoding=\"async\" alt=\"Apartment Flachgau\" src=\"https:\/\/www.salzburgerland.com\/de\/magazin\/wp-content\/uploads\/2021\/01\/IMG_6404-scaled.jpg\">\t<\/picture><\/a><\/figure><\/div><div class=\"col-6 col-sm-4\"><figure><a class=\"thumb-container\" href=\"https:\/\/www.salzburgerland.com\/de\/magazin\/wp-content\/uploads\/2021\/01\/IMG_0395-1280x1024.jpg\">\t<picture><source media=\"(min-width: 576px)\" srcset=\"https:\/\/www.salzburgerland.com\/de\/magazin\/wp-content\/uploads\/2021\/01\/IMG_0395-325x209.jpg 325w, https:\/\/www.salzburgerland.com\/de\/magazin\/wp-content\/uploads\/2021\/01\/IMG_0395-249x160.jpg 249w\"><\/source><source media=\"(min-width: 0)\" srcset=\"https:\/\/www.salzburgerland.com\/de\/magazin\/wp-content\/uploads\/2021\/01\/IMG_0395-249x160.jpg 249w, https:\/\/www.salzburgerland.com\/de\/magazin\/wp-content\/uploads\/2021\/01\/IMG_0395-325x209.jpg 325w\"><\/source><img decoding=\"async\" alt=\"Gem&uuml;tliches Blockhausinterieur mit Kamin, Kerzenlicht, Wein und Holzm&ouml;beln - perfekt f&uuml;r Wohnungen.\" src=\"https:\/\/www.salzburgerland.com\/de\/magazin\/wp-content\/uploads\/2021\/01\/IMG_0395.jpg\">\t<\/picture><\/a><\/figure><\/div><div class=\"col-6 col-sm-4\"><figure><a class=\"thumb-container\" href=\"https:\/\/www.salzburgerland.com\/de\/magazin\/wp-content\/uploads\/2021\/01\/Huette-am-Wald-Wohnraum-von-oben-1280x1024.jpg\">\t<picture><source media=\"(min-width: 576px)\" srcset=\"https:\/\/www.salzburgerland.com\/de\/magazin\/wp-content\/uploads\/2021\/01\/Huette-am-Wald-Wohnraum-von-oben-325x209.jpg 325w, https:\/\/www.salzburgerland.com\/de\/magazin\/wp-content\/uploads\/2021\/01\/Huette-am-Wald-Wohnraum-von-oben-249x160.jpg 249w\"><\/source><source media=\"(min-width: 0)\" srcset=\"https:\/\/www.salzburgerland.com\/de\/magazin\/wp-content\/uploads\/2021\/01\/Huette-am-Wald-Wohnraum-von-oben-249x160.jpg 249w, https:\/\/www.salzburgerland.com\/de\/magazin\/wp-content\/uploads\/2021\/01\/Huette-am-Wald-Wohnraum-von-oben-325x209.jpg 325w\"><\/source><img decoding=\"async\" alt=\"Apartment Flachgau H&uuml;tte am Wald Fuschlsee\" src=\"https:\/\/www.salzburgerland.com\/de\/magazin\/wp-content\/uploads\/2021\/01\/Huette-am-Wald-Wohnraum-von-oben.jpg\">\t<\/picture><\/a><\/figure><\/div><div class=\"col-6 col-sm-4\"><figure><a class=\"thumb-container\" href=\"https:\/\/www.salzburgerland.com\/de\/magazin\/wp-content\/uploads\/2021\/01\/Huette-am-Wald-Kamin-und-Couchbereich-1280x1024.jpg\">\t<picture><source media=\"(min-width: 576px)\" srcset=\"https:\/\/www.salzburgerland.com\/de\/magazin\/wp-content\/uploads\/2021\/01\/Huette-am-Wald-Kamin-und-Couchbereich-325x209.jpg 325w, https:\/\/www.salzburgerland.com\/de\/magazin\/wp-content\/uploads\/2021\/01\/Huette-am-Wald-Kamin-und-Couchbereich-249x160.jpg 249w\"><\/source><source media=\"(min-width: 0)\" srcset=\"https:\/\/www.salzburgerland.com\/de\/magazin\/wp-content\/uploads\/2021\/01\/Huette-am-Wald-Kamin-und-Couchbereich-249x160.jpg 249w, https:\/\/www.salzburgerland.com\/de\/magazin\/wp-content\/uploads\/2021\/01\/Huette-am-Wald-Kamin-und-Couchbereich-325x209.jpg 325w\"><\/source><img decoding=\"async\" alt=\"Gem&uuml;tliches Blockhaus-Wohnzimmer mit schwarzem Sofa, gelben Kissen und Kamin - perfekt f&uuml;r einzigartige Wohnungen.\" src=\"https:\/\/www.salzburgerland.com\/de\/magazin\/wp-content\/uploads\/2021\/01\/Huette-am-Wald-Kamin-und-Couchbereich.jpg\">\t<\/picture><\/a><\/figure><\/div><div class=\"col-6 col-sm-4\"><figure><a class=\"thumb-container\" href=\"https:\/\/www.salzburgerland.com\/de\/magazin\/wp-content\/uploads\/2021\/01\/Huette-am-Wald-offene-Kueche-1280x1024.jpg\">\t<picture><source media=\"(min-width: 576px)\" srcset=\"https:\/\/www.salzburgerland.com\/de\/magazin\/wp-content\/uploads\/2021\/01\/Huette-am-Wald-offene-Kueche-325x209.jpg 325w, https:\/\/www.salzburgerland.com\/de\/magazin\/wp-content\/uploads\/2021\/01\/Huette-am-Wald-offene-Kueche-249x160.jpg 249w\"><\/source><source media=\"(min-width: 0)\" srcset=\"https:\/\/www.salzburgerland.com\/de\/magazin\/wp-content\/uploads\/2021\/01\/Huette-am-Wald-offene-Kueche-249x160.jpg 249w, https:\/\/www.salzburgerland.com\/de\/magazin\/wp-content\/uploads\/2021\/01\/Huette-am-Wald-offene-Kueche-325x209.jpg 325w\"><\/source><img decoding=\"async\" alt=\"Moderne K&uuml;che in einer Blockhauswohnung mit wei&szlig;en Schr&auml;nken, gemusterten Kacheln und einem WE LOVE SKI-Schild.\" src=\"https:\/\/www.salzburgerland.com\/de\/magazin\/wp-content\/uploads\/2021\/01\/Huette-am-Wald-offene-Kueche.jpg\">\t<\/picture><\/a><\/figure><\/div><\/div><figcaption><\/figcaption><\/div>\n\n\n\n<h3 class=\"wp-block-heading\" id=\"h-regionale-einkaufsm-glichkeiten-1\">Regionale Einkaufsm\u00f6glichkeiten<\/h3>\n\n\n\n<p>Wenn man sich in der \u201eH\u00fctte am Wald&#8220;  selbst versorgen m\u00f6chten, so erh\u00e4lt man bei den lokalen Gesch\u00e4ften regionale Produkte. Ein Tipp ist der <a href=\"https:\/\/www.hof.at\/Wochenmarkt_2\" target=\"_blank\" rel=\"noreferrer noopener\">Wochenmarkt<\/a> im Ortszentrum von Hof, der jeden Samstag von 7.30 \u2013 12.00 Uhr vor der Sportmittelschule stattfindet.<\/p>\n\n\n\n<h3 class=\"wp-block-heading\" id=\"h-freizeitaktivit-ten-im-winter-1\">Freizeitaktivit\u00e4ten im Winter<\/h3>\n\n\n\n<p>In der Fuschlseeregion ist man auf Winterg\u00e4ste eingestellt. Die G\u00e4ste k\u00f6nne im nahen <a href=\"https:\/\/www.salzburgerland.com\/de\/magazin\/skigebiet-gaissau-hintersee\/\">Skigebiet in Gaissau-Hintersee<\/a> dem alpinen Skilauf und dem Snowboarden fr\u00f6nen. Im <a href=\"https:\/\/www.salzburgerland.com\/de\/magazin\/langlauferlebnis-pur-in-faistenau-und-hintersee\/\">Langlaufdorf Faistenau<\/a> findet man beste Loipen mit viel Abwechslung vor und am <a href=\"https:\/\/fuschlsee.salzkammergut.at\/oesterreich-tour\/detail\/430004468\/skitourenlehrpfad-auf-die-loibersbacher-hoehe-1456m.html\" target=\"_blank\" rel=\"noreferrer noopener\">Skitouren-Lehrpfad in Faistenau<\/a> erf\u00e4hrt man Wissenswertes \u00fcber das richtige Verhalten im Gel\u00e4nde. Au\u00dferdem gibt es in der Fuschlseeregion mehrere <a href=\"https:\/\/fuschlsee.salzkammergut.at\/sanfter-winter\/artikel\/detail\/4349\/hier-findest-du-alle-infos-zum-thema-schneeschuhwandern-touren-winterwanderungen.html\" target=\"_blank\" rel=\"noreferrer noopener\">Schneeschuhwanderungen und Winterwanderwege<\/a>.  <\/p>\n\n\n\n<p><strong>H\u00fctte am Wald<\/strong><\/p>\n\n\n\n<p>Ellen Schwick<br>Ventalweg 17<br>5322 Hof bei Salzburg<br><a href=\"http:\/\/www.huetteamwald.com\" target=\"_blank\" rel=\"noreferrer noopener\"><strong>www.huetteamwald.com<\/strong><\/a><\/p>\n\n\n\n<hr class=\"wp-block-separator\"\/>\n\n\n\n<h2 class=\"wp-block-heading\" id=\"h-3-naturchalet-primush-usl-am-wolfgangsee\">3. Naturchalet Primush\u00e4usl am Wolfgangsee<\/h2>\n\n\n\n<p>Das kuschelige Naturchalet am Wolfgangsee ist ein echter Blickfang. Das Interieur besticht mit der richtigen Mischung aus Tradition und Moderne und zeugt von gutem Geschmack und Gesp\u00fcr f\u00fcr regionales Wohnen. Das Blockhaus passt sich perfekt in die malerische Salzkammergut-Landschaft am Wolfgangsee ein und sorgt mit Schaffelbad und Sauna auch f\u00fcr die richtige Portion Wellness im Winter.<\/p>\n\n\n<div class=\"mag-gallery\"><div class=\"row\"><div class=\"col-6 col-sm-4\"><figure><a class=\"thumb-container\" href=\"https:\/\/www.salzburgerland.com\/de\/magazin\/wp-content\/uploads\/2021\/01\/Primushaeusl_07-1280x1024.jpg\">\t<picture><source media=\"(min-width: 576px)\" srcset=\"https:\/\/www.salzburgerland.com\/de\/magazin\/wp-content\/uploads\/2021\/01\/Primushaeusl_07-325x209.jpg 325w, https:\/\/www.salzburgerland.com\/de\/magazin\/wp-content\/uploads\/2021\/01\/Primushaeusl_07-249x160.jpg 249w\"><\/source><source media=\"(min-width: 0)\" srcset=\"https:\/\/www.salzburgerland.com\/de\/magazin\/wp-content\/uploads\/2021\/01\/Primushaeusl_07-249x160.jpg 249w, https:\/\/www.salzburgerland.com\/de\/magazin\/wp-content\/uploads\/2021\/01\/Primushaeusl_07-325x209.jpg 325w\"><\/source><img decoding=\"async\" alt=\"Apartment Flachgau Primush&auml;usl Wolfgangsee\" src=\"https:\/\/www.salzburgerland.com\/de\/magazin\/wp-content\/uploads\/2021\/01\/Primushaeusl_07.jpg\">\t<\/picture><\/a><\/figure><\/div><div class=\"col-6 col-sm-4\"><figure><a class=\"thumb-container\" href=\"https:\/\/www.salzburgerland.com\/de\/magazin\/wp-content\/uploads\/2021\/01\/Primushaeusl_05-1280x1024.jpg\">\t<picture><source media=\"(min-width: 576px)\" srcset=\"https:\/\/www.salzburgerland.com\/de\/magazin\/wp-content\/uploads\/2021\/01\/Primushaeusl_05-325x209.jpg 325w, https:\/\/www.salzburgerland.com\/de\/magazin\/wp-content\/uploads\/2021\/01\/Primushaeusl_05-249x160.jpg 249w\"><\/source><source media=\"(min-width: 0)\" srcset=\"https:\/\/www.salzburgerland.com\/de\/magazin\/wp-content\/uploads\/2021\/01\/Primushaeusl_05-249x160.jpg 249w, https:\/\/www.salzburgerland.com\/de\/magazin\/wp-content\/uploads\/2021\/01\/Primushaeusl_05-325x209.jpg 325w\"><\/source><img decoding=\"async\" alt=\"Eine runde Holzsaunakabine und ein holzbefeuerter Whirlpool stehen im Freien auf Kies in der N&auml;he des grasbewachsenen Hofs der Wohnungen.\" src=\"https:\/\/www.salzburgerland.com\/de\/magazin\/wp-content\/uploads\/2021\/01\/Primushaeusl_05.jpg\">\t<\/picture><\/a><\/figure><\/div><div class=\"col-6 col-sm-4\"><figure><a class=\"thumb-container\" href=\"https:\/\/www.salzburgerland.com\/de\/magazin\/wp-content\/uploads\/2021\/01\/Primushaeusl_06-1280x1024.jpg\">\t<picture><source media=\"(min-width: 576px)\" srcset=\"https:\/\/www.salzburgerland.com\/de\/magazin\/wp-content\/uploads\/2021\/01\/Primushaeusl_06-325x209.jpg 325w, https:\/\/www.salzburgerland.com\/de\/magazin\/wp-content\/uploads\/2021\/01\/Primushaeusl_06-249x160.jpg 249w\"><\/source><source media=\"(min-width: 0)\" srcset=\"https:\/\/www.salzburgerland.com\/de\/magazin\/wp-content\/uploads\/2021\/01\/Primushaeusl_06-249x160.jpg 249w, https:\/\/www.salzburgerland.com\/de\/magazin\/wp-content\/uploads\/2021\/01\/Primushaeusl_06-325x209.jpg 325w\"><\/source><img decoding=\"async\" alt=\"Eine Holzh&uuml;tte und eine fassf&ouml;rmige Au&szlig;ensauna liegen an einem Kiesweg in der N&auml;he von h&uuml;bschen Wohnungen und kleinen Str&auml;uchern.\" src=\"https:\/\/www.salzburgerland.com\/de\/magazin\/wp-content\/uploads\/2021\/01\/Primushaeusl_06.jpg\">\t<\/picture><\/a><\/figure><\/div><div class=\"col-6 col-sm-4\"><figure><a class=\"thumb-container\" href=\"https:\/\/www.salzburgerland.com\/de\/magazin\/wp-content\/uploads\/2021\/01\/Primushaeusl_01-1280x1024.jpg\">\t<picture><source media=\"(min-width: 576px)\" srcset=\"https:\/\/www.salzburgerland.com\/de\/magazin\/wp-content\/uploads\/2021\/01\/Primushaeusl_01-325x209.jpg 325w, https:\/\/www.salzburgerland.com\/de\/magazin\/wp-content\/uploads\/2021\/01\/Primushaeusl_01-249x160.jpg 249w\"><\/source><source media=\"(min-width: 0)\" srcset=\"https:\/\/www.salzburgerland.com\/de\/magazin\/wp-content\/uploads\/2021\/01\/Primushaeusl_01-249x160.jpg 249w, https:\/\/www.salzburgerland.com\/de\/magazin\/wp-content\/uploads\/2021\/01\/Primushaeusl_01-325x209.jpg 325w\"><\/source><img decoding=\"async\" alt=\"Die gem&uuml;tliche, holzget&auml;felte K&uuml;che in der Wohnung verf&uuml;gt &uuml;ber eine gebl&uuml;mte Aufkantung, rote Tischl&auml;ufer und sonnige Fenster mit Vorh&auml;ngen.\" src=\"https:\/\/www.salzburgerland.com\/de\/magazin\/wp-content\/uploads\/2021\/01\/Primushaeusl_01.jpg\">\t<\/picture><\/a><\/figure><\/div><div class=\"col-6 col-sm-4\"><figure><a class=\"thumb-container\" href=\"https:\/\/www.salzburgerland.com\/de\/magazin\/wp-content\/uploads\/2021\/01\/Primushaeusl_02-1280x1024.jpg\">\t<picture><source media=\"(min-width: 576px)\" srcset=\"https:\/\/www.salzburgerland.com\/de\/magazin\/wp-content\/uploads\/2021\/01\/Primushaeusl_02-325x209.jpg 325w, https:\/\/www.salzburgerland.com\/de\/magazin\/wp-content\/uploads\/2021\/01\/Primushaeusl_02-249x160.jpg 249w\"><\/source><source media=\"(min-width: 0)\" srcset=\"https:\/\/www.salzburgerland.com\/de\/magazin\/wp-content\/uploads\/2021\/01\/Primushaeusl_02-249x160.jpg 249w, https:\/\/www.salzburgerland.com\/de\/magazin\/wp-content\/uploads\/2021\/01\/Primushaeusl_02-325x209.jpg 325w\"><\/source><img decoding=\"async\" alt=\"Gem&uuml;tliches h&ouml;lzernes Dachzimmer in Wohnungen mit einem Esstisch, bunten St&uuml;hlen und einem Bett in der N&auml;he der Fenster.\" src=\"https:\/\/www.salzburgerland.com\/de\/magazin\/wp-content\/uploads\/2021\/01\/Primushaeusl_02.jpg\">\t<\/picture><\/a><\/figure><\/div><div class=\"col-6 col-sm-4\"><figure><a class=\"thumb-container\" href=\"https:\/\/www.salzburgerland.com\/de\/magazin\/wp-content\/uploads\/2021\/01\/Primushaeusl_03-1280x1024.jpg\">\t<picture><source media=\"(min-width: 576px)\" srcset=\"https:\/\/www.salzburgerland.com\/de\/magazin\/wp-content\/uploads\/2021\/01\/Primushaeusl_03-325x209.jpg 325w, https:\/\/www.salzburgerland.com\/de\/magazin\/wp-content\/uploads\/2021\/01\/Primushaeusl_03-249x160.jpg 249w\"><\/source><source media=\"(min-width: 0)\" srcset=\"https:\/\/www.salzburgerland.com\/de\/magazin\/wp-content\/uploads\/2021\/01\/Primushaeusl_03-249x160.jpg 249w, https:\/\/www.salzburgerland.com\/de\/magazin\/wp-content\/uploads\/2021\/01\/Primushaeusl_03-325x209.jpg 325w\"><\/source><img decoding=\"async\" alt=\"Gem&uuml;tliches Holz-Wohnzimmer in Appartements mit Wendeltreppe, TV, Schrank und rundem Tisch mit einem Glas.\" src=\"https:\/\/www.salzburgerland.com\/de\/magazin\/wp-content\/uploads\/2021\/01\/Primushaeusl_03.jpg\">\t<\/picture><\/a><\/figure><\/div><div class=\"col-6 col-sm-4\"><figure><a class=\"thumb-container\" href=\"https:\/\/www.salzburgerland.com\/de\/magazin\/wp-content\/uploads\/2021\/01\/Primushaeusl_04-1280x1024.jpg\">\t<picture><source media=\"(min-width: 576px)\" srcset=\"https:\/\/www.salzburgerland.com\/de\/magazin\/wp-content\/uploads\/2021\/01\/Primushaeusl_04-325x209.jpg 325w, https:\/\/www.salzburgerland.com\/de\/magazin\/wp-content\/uploads\/2021\/01\/Primushaeusl_04-249x160.jpg 249w\"><\/source><source media=\"(min-width: 0)\" srcset=\"https:\/\/www.salzburgerland.com\/de\/magazin\/wp-content\/uploads\/2021\/01\/Primushaeusl_04-249x160.jpg 249w, https:\/\/www.salzburgerland.com\/de\/magazin\/wp-content\/uploads\/2021\/01\/Primushaeusl_04-325x209.jpg 325w\"><\/source><img decoding=\"async\" alt=\"Keramikgeschirr mit Rotwildmotiven auf der Fensterbank, perfekt f&uuml;r gem&uuml;tliche Wohnungen mit Blick auf einen grasbewachsenen Garten.\" src=\"https:\/\/www.salzburgerland.com\/de\/magazin\/wp-content\/uploads\/2021\/01\/Primushaeusl_04.jpg\">\t<\/picture><\/a><\/figure><\/div><div class=\"col-6 col-sm-4\"><figure><a class=\"thumb-container\" href=\"https:\/\/www.salzburgerland.com\/de\/magazin\/wp-content\/uploads\/2021\/01\/Primushaeusl_08-1280x1024.jpg\">\t<picture><source media=\"(min-width: 576px)\" srcset=\"https:\/\/www.salzburgerland.com\/de\/magazin\/wp-content\/uploads\/2021\/01\/Primushaeusl_08-325x209.jpg 325w, https:\/\/www.salzburgerland.com\/de\/magazin\/wp-content\/uploads\/2021\/01\/Primushaeusl_08-249x160.jpg 249w\"><\/source><source media=\"(min-width: 0)\" srcset=\"https:\/\/www.salzburgerland.com\/de\/magazin\/wp-content\/uploads\/2021\/01\/Primushaeusl_08-249x160.jpg 249w, https:\/\/www.salzburgerland.com\/de\/magazin\/wp-content\/uploads\/2021\/01\/Primushaeusl_08-325x209.jpg 325w\"><\/source><img decoding=\"async\" alt=\"Gem&uuml;tliche Holzh&uuml;ttenecke mit rotem Sofa, gemusterten Kissen und Fenstern mit Blumenvorh&auml;ngen im Wohnungsstil.\" src=\"https:\/\/www.salzburgerland.com\/de\/magazin\/wp-content\/uploads\/2021\/01\/Primushaeusl_08.jpg\">\t<\/picture><\/a><\/figure><\/div><div class=\"col-6 col-sm-4\"><figure><a class=\"thumb-container\" href=\"https:\/\/www.salzburgerland.com\/de\/magazin\/wp-content\/uploads\/2021\/01\/Primushaeusl_09-1280x1024.jpg\">\t<picture><source media=\"(min-width: 576px)\" srcset=\"https:\/\/www.salzburgerland.com\/de\/magazin\/wp-content\/uploads\/2021\/01\/Primushaeusl_09-325x209.jpg 325w, https:\/\/www.salzburgerland.com\/de\/magazin\/wp-content\/uploads\/2021\/01\/Primushaeusl_09-249x160.jpg 249w\"><\/source><source media=\"(min-width: 0)\" srcset=\"https:\/\/www.salzburgerland.com\/de\/magazin\/wp-content\/uploads\/2021\/01\/Primushaeusl_09-249x160.jpg 249w, https:\/\/www.salzburgerland.com\/de\/magazin\/wp-content\/uploads\/2021\/01\/Primushaeusl_09-325x209.jpg 325w\"><\/source><img decoding=\"async\" alt=\"Innenraum einer Holzsauna in Wohnungen mit B&auml;nken, Fenstern, einem Ofen und darunter gestapeltem Brennholz.\" src=\"https:\/\/www.salzburgerland.com\/de\/magazin\/wp-content\/uploads\/2021\/01\/Primushaeusl_09.jpg\">\t<\/picture><\/a><\/figure><\/div><\/div><figcaption><\/figcaption><\/div>\n\n\n\n<p>Von hier aus kann man perfekt das Salzkammergut erkunden. Ob es einen dabei auf das <a href=\"https:\/\/www.salzburgerland.com\/de\/magazin\/zwoelferhorn-seilbahn-erstrahlt-in-neuem-glanz\/\">Zw\u00f6lferhorn<\/a>, nach Bad Ischl oder Hallstatt zieht, oder ob man zum Skifahren auf die Postalm oder nach <a href=\"https:\/\/www.salzburgerland.com\/de\/magazin\/skigebiet-gaissau-hintersee-es-geht-wieder-los\/\">Gaissau-Hintersee<\/a> m\u00f6chte &#8211; von dieser \u201ehomebase\u201c ist es nicht weit zu den beliebten Salzkammergut-Highlights.<\/p>\n\n\n\n<h3 class=\"wp-block-heading\" id=\"h-destillerie-primush-usl-am-wolfgangsee\">Destillerie Primush\u00e4usl am Wolfgangsee<\/h3>\n\n\n\n<p>Aber das Naturchalet Primush\u00e4usl hat noch mehr zu bieten: eine eigene Brennerei! Inmitten des Salzkammerguts k\u00f6nnen passionierte Edelbrand-Liebhaber ganz besondere Tropfen entdecken. Und Hand aufs Herz: Ein erstklassiger Edelbrand geh\u00f6rt seit jeher zu den beliebtesten Souvenirs eines \u00d6sterreich-Urlaubs. Neben Klassikern wie Apfel, Birne und Vogelbeere gibt es insgesamt 40 Edelbrand Sorten zu verkosten.<\/p>\n\n\n\n<p>Warum also nicht die ausgezeichneten Destillate aus dem Salzkammergut direkt beim Gastgeber verkosten und den Daheimgebliebenen einen \u201eW\u00fcdara Whiskey\u201c oder \u201eGipfelgin\u201c mitbringen?<\/p>\n\n\n\n<h3 class=\"wp-block-heading\" id=\"h-regionale-einkaufsm-glichkeiten-2\">Regionale Einkaufsm\u00f6glichkeiten<\/h3>\n\n\n\n<p>Wenn man Wert auf frische und regionale K\u00f6stlichkeiten legt, dann wird man auf den regionalen Wochenm\u00e4rkten rund um den Wolfgangsee f\u00fcndig. Jeden Freitag findet in Strobl am Theo-Lingen Platz von 8 &#8211; 11 Uhr der Bauernmarkt statt. In St. Gilgen lockt der Wochenmarkt am Samstag von 8 \u2013 12 Uhr G\u00e4ste auf den Brunettiplatz zum regionalen Einkaufen.<\/p>\n\n\n\n<h3 class=\"wp-block-heading\" id=\"h-freizeitaktivit-ten-im-winter-2\">Freizeitaktivit\u00e4ten im Winter<\/h3>\n\n\n\n<p>Wer am Wolfgangsee Urlaub macht, kann a<span style=\"font-size: revert;color: initial\">uf die <a href=\"https:\/\/www.salzburgerland.com\/de\/magazin\/postalm-winterwege-skitourenparadies-langlauf-eldorado\/\" target=\"_blank\" rel=\"noreferrer noopener\">Postalm<\/a> oder nach <a href=\"https:\/\/www.salzburgerland.com\/de\/magazin\/skigebiet-gaissau-hintersee\/\" target=\"_blank\" rel=\"noreferrer noopener\">Gaissau-Hintersee<\/a> <\/span>zum Skifahren oder mit der Seilbahn aufs <a href=\"https:\/\/www.salzburgerland.com\/de\/magazin\/zwoelferhorn-seilbahn-erstrahlt-in-neuem-glanz\/\" target=\"_blank\" rel=\"noreferrer noopener\">Zw\u00f6lferhorn<\/a> fahren. Auch hier kann man Skifahren, jedoch auf nicht pr\u00e4parierten Pisten &#8211; darum sollte man im Tiefschneefahren versiert sein. Langlauf-M\u00f6glichkeiten gibt es auf der Postalm aber auch im Tal <a href=\"https:\/\/wolfgangsee.salzkammergut.at\/winter\/langlaufen\/loipen.html\" target=\"_blank\" rel=\"noreferrer noopener\">rund um den Wolfgangsee<\/a>. F\u00fcr Skitouren, Schneeschuhwanderungen und Winterwandern bietet die Region ebenso ein abwechslungsreiches <a href=\"https:\/\/wolfgangsee.salzkammergut.at\/winter\/skitouren.html\" target=\"_blank\" rel=\"noreferrer noopener\">Programm<\/a>. <\/p>\n\n\n\n<p><strong>Ferienhaus Naturchalet Primush\u00e4usl<\/strong><\/p>\n\n\n\n<p>Familie Rieger<br>Gschwendt 40<br>5342 Abersee\/Strobl<br><strong><a href=\"https:\/\/www.primushaeusl.at\/wohnen.html\" target=\"_blank\" rel=\"noreferrer noopener\">www.primushaeusl.at<\/a><\/strong><\/p>\n\n\n\n<hr class=\"wp-block-separator\"\/>\n\n\n\n<p>Der Salzburger Flachgau meint es im Winter gut mit seinen G\u00e4sten. Urbane Hektik wird hier gegen authentische Naturlandschaften getauscht. Individuelle Apartments stechen gro\u00dfe Hotels aus. Kleine Wintersportoasen bieten unbeschwerte Winterfreuden abseits der gro\u00dfen Massen. <\/p>\n\n\n\n<h3 class=\"wp-block-heading\">Naturverliebt &amp; Individuell &#8211; so erlebt man seine pers\u00f6nlichen Winterfreuden im SalzburgerLand. <\/h3>\n\n\n\n<p><em>Fotocredits H\u00fctte am Wald: \u00a9 Frau Schwick, H\u00fctte am Wald<br>Fotocredits Aicherbauer: \u00a9 Familie Greischberger, Baby- &amp; Kinderbauernhof Aicherbauer<br>Fotocredits Primush\u00e4usl: \u00a9 Familie Rieger, Naturchalet Primush\u00e4usl<\/em><\/p>\n\n\n","protected":false},"excerpt":{"rendered":"<p>Unabh\u00e4ngiger Urlaubsgenuss steht an erster Stelle, wenn man sich in den Winterferien f\u00fcr einen Urlaub im Apartment entscheidet. Man ist an keine \u00d6ffnungszeiten gebunden, kann sich mit den besten regionalen Produkten selbst versorgen und das private Urlaubserlebnis in vollen Z\u00fcgen genie\u00dfen. Auch f\u00fcr gr\u00f6\u00dfere Gruppen oder Familienreisen bieten Apartments, Chalets und Ferienwohnungen die besten Bedingungen [&hellip;]<\/p>\n","protected":false},"author":565,"featured_media":149443,"comment_status":"open","ping_status":"closed","sticky":false,"template":"","format":"standard","meta":{"_acf_changed":false,"wl_entities_gutenberg":"","_wl_entity_redirect_enabled":"","footnotes":""},"categories":[5],"tags":[6213,5887,5888,2100,236,1902,5892,6214,1755,6212,2818,6211,4324,4176,4177,5890,2533],"wl_entity_type":[306],"monatsauswahl":[82,83,84,92,93],"class_list":["post-149402","post","type-post","status-publish","format-standard","has-post-thumbnail","hentry","category-hotel-reise","tag-abersee","tag-apartment","tag-ferienwohnung","tag-flachau","tag-fuschlseeregion","tag-hof-bei-salzburg","tag-individueller-urlaub","tag-primushaeusl","tag-salzburger-seenland","tag-seeham","tag-skiurlaub","tag-strobl","tag-urlaub-am-bauernhof","tag-urlaub-am-wolfgangsee","tag-urlaub-im-salzkammergut","tag-winterurlaub","tag-wolfgangsee","wl_entity_type-article","monatsauswahl-monat_1","monatsauswahl-monat_2","monatsauswahl-monat_3","monatsauswahl-monat_11","monatsauswahl-monat_12"],"acf":[],"yoast_head":"<!-- This site is optimized with the Yoast SEO Premium plugin v27.4 (Yoast SEO v27.4) - https:\/\/yoast.com\/product\/yoast-seo-premium-wordpress\/ -->\n<title>Apartment-Tipps f\u00fcr Winterurlaub im Salzburger Flachgau<\/title>\n<meta name=\"description\" content=\"Wir pr\u00e4sentieren besonders sch\u00f6ne Apartments im Salzburger Flachgau: alle mit einem ganz besonderem Schmankerl ...\" \/>\n<meta name=\"robots\" content=\"index, follow, max-snippet:-1, max-image-preview:large, max-video-preview:-1\" \/>\n<link rel=\"canonical\" href=\"https:\/\/www.salzburgerland.com\/de\/magazin\/apartment-tipps-fuer-winterurlaub-im-salzburger-flachgau\/\" \/>\n<meta property=\"og:locale\" content=\"de_DE\" \/>\n<meta property=\"og:type\" content=\"article\" \/>\n<meta property=\"og:title\" content=\"Apartment-Tipps f\u00fcr Winterurlaub im Salzburger Flachgau\" \/>\n<meta property=\"og:description\" content=\"Wir pr\u00e4sentieren besonders sch\u00f6ne Apartments im Salzburger Flachgau: alle mit einem ganz besonderem Schmankerl ...\" \/>\n<meta property=\"og:url\" content=\"https:\/\/www.salzburgerland.com\/de\/magazin\/apartment-tipps-fuer-winterurlaub-im-salzburger-flachgau\/\" \/>\n<meta property=\"og:site_name\" content=\"SalzburgerLand Magazin\" \/>\n<meta property=\"article:publisher\" content=\"https:\/\/www.facebook.com\/salzburgerland\/\" \/>\n<meta property=\"article:author\" content=\"https:\/\/www.facebook.com\/urlaubsgeschichten\/\" \/>\n<meta property=\"article:published_time\" content=\"2021-10-29T08:41:36+00:00\" \/>\n<meta property=\"article:modified_time\" content=\"2021-11-29T13:04:52+00:00\" \/>\n<meta property=\"og:image\" content=\"https:\/\/www.salzburgerland.com\/de\/magazin\/wp-content\/uploads\/2021\/01\/huette-am-wald-fuschlsee.jpg\" \/>\n\t<meta property=\"og:image:width\" content=\"1200\" \/>\n\t<meta property=\"og:image:height\" content=\"675\" \/>\n\t<meta property=\"og:image:type\" content=\"image\/jpeg\" \/>\n<meta name=\"author\" content=\"Melanie Deisl\" \/>\n<meta name=\"twitter:card\" content=\"summary_large_image\" \/>\n<meta name=\"twitter:creator\" content=\"@Salzburgerland\" \/>\n<meta name=\"twitter:site\" content=\"@Salzburgerland\" \/>\n<meta name=\"twitter:label1\" content=\"Verfasst von\" \/>\n\t<meta name=\"twitter:data1\" content=\"Melanie Deisl\" \/>\n\t<meta name=\"twitter:label2\" content=\"Gesch\u00e4tzte Lesezeit\" \/>\n\t<meta name=\"twitter:data2\" content=\"10\u00a0Minuten\" \/>\n<script type=\"application\/ld+json\" class=\"yoast-schema-graph\">{\"@context\":\"https:\\\/\\\/schema.org\",\"@graph\":[{\"@type\":\"Article\",\"@id\":\"https:\\\/\\\/www.salzburgerland.com\\\/de\\\/magazin\\\/apartment-tipps-fuer-winterurlaub-im-salzburger-flachgau\\\/#article\",\"isPartOf\":{\"@id\":\"https:\\\/\\\/www.salzburgerland.com\\\/de\\\/magazin\\\/apartment-tipps-fuer-winterurlaub-im-salzburger-flachgau\\\/\"},\"author\":{\"name\":\"Melanie Deisl\",\"@id\":\"https:\\\/\\\/www.salzburgerland.com\\\/de\\\/magazin\\\/#\\\/schema\\\/person\\\/3d66364225257aad8b700259f8d80a69\"},\"headline\":\"Apartment-Tipps f\u00fcr Winterurlaub im Salzburger Flachgau\",\"datePublished\":\"2021-10-29T08:41:36+00:00\",\"dateModified\":\"2021-11-29T13:04:52+00:00\",\"mainEntityOfPage\":{\"@id\":\"https:\\\/\\\/www.salzburgerland.com\\\/de\\\/magazin\\\/apartment-tipps-fuer-winterurlaub-im-salzburger-flachgau\\\/\"},\"wordCount\":1292,\"commentCount\":0,\"publisher\":{\"@id\":\"https:\\\/\\\/www.salzburgerland.com\\\/de\\\/magazin\\\/#organization\"},\"image\":{\"@id\":\"https:\\\/\\\/www.salzburgerland.com\\\/de\\\/magazin\\\/apartment-tipps-fuer-winterurlaub-im-salzburger-flachgau\\\/#primaryimage\"},\"thumbnailUrl\":\"https:\\\/\\\/www.salzburgerland.com\\\/de\\\/magazin\\\/wp-content\\\/uploads\\\/2021\\\/01\\\/huette-am-wald-fuschlsee.jpg\",\"keywords\":[\"Abersee\",\"Apartment\",\"Ferienwohnung\",\"Flachau\",\"fuschlseeregion\",\"Hof bei Salzburg\",\"Individueller Urlaub\",\"Primush\u00e4usl\",\"Salzburger Seenland\",\"Seeham\",\"Skiurlaub\",\"Strobl\",\"Urlaub am Bauernhof\",\"Urlaub am Wolfgangsee\",\"Urlaub im Salzkammergut\",\"Winterurlaub\",\"Wolfgangsee\"],\"articleSection\":[\"Hotel &amp; Reise\"],\"inLanguage\":\"de\",\"potentialAction\":[{\"@type\":\"CommentAction\",\"name\":\"Comment\",\"target\":[\"https:\\\/\\\/www.salzburgerland.com\\\/de\\\/magazin\\\/apartment-tipps-fuer-winterurlaub-im-salzburger-flachgau\\\/#respond\"]}]},{\"@type\":\"WebPage\",\"@id\":\"https:\\\/\\\/www.salzburgerland.com\\\/de\\\/magazin\\\/apartment-tipps-fuer-winterurlaub-im-salzburger-flachgau\\\/\",\"url\":\"https:\\\/\\\/www.salzburgerland.com\\\/de\\\/magazin\\\/apartment-tipps-fuer-winterurlaub-im-salzburger-flachgau\\\/\",\"name\":\"Apartment-Tipps f\u00fcr Winterurlaub im Salzburger Flachgau\",\"isPartOf\":{\"@id\":\"https:\\\/\\\/www.salzburgerland.com\\\/de\\\/magazin\\\/#website\"},\"primaryImageOfPage\":{\"@id\":\"https:\\\/\\\/www.salzburgerland.com\\\/de\\\/magazin\\\/apartment-tipps-fuer-winterurlaub-im-salzburger-flachgau\\\/#primaryimage\"},\"image\":{\"@id\":\"https:\\\/\\\/www.salzburgerland.com\\\/de\\\/magazin\\\/apartment-tipps-fuer-winterurlaub-im-salzburger-flachgau\\\/#primaryimage\"},\"thumbnailUrl\":\"https:\\\/\\\/www.salzburgerland.com\\\/de\\\/magazin\\\/wp-content\\\/uploads\\\/2021\\\/01\\\/huette-am-wald-fuschlsee.jpg\",\"datePublished\":\"2021-10-29T08:41:36+00:00\",\"dateModified\":\"2021-11-29T13:04:52+00:00\",\"description\":\"Wir pr\u00e4sentieren besonders sch\u00f6ne Apartments im Salzburger Flachgau: alle mit einem ganz besonderem Schmankerl ...\",\"breadcrumb\":{\"@id\":\"https:\\\/\\\/www.salzburgerland.com\\\/de\\\/magazin\\\/apartment-tipps-fuer-winterurlaub-im-salzburger-flachgau\\\/#breadcrumb\"},\"inLanguage\":\"de\",\"potentialAction\":[{\"@type\":\"ReadAction\",\"target\":[\"https:\\\/\\\/www.salzburgerland.com\\\/de\\\/magazin\\\/apartment-tipps-fuer-winterurlaub-im-salzburger-flachgau\\\/\"]}]},{\"@type\":\"ImageObject\",\"inLanguage\":\"de\",\"@id\":\"https:\\\/\\\/www.salzburgerland.com\\\/de\\\/magazin\\\/apartment-tipps-fuer-winterurlaub-im-salzburger-flachgau\\\/#primaryimage\",\"url\":\"https:\\\/\\\/www.salzburgerland.com\\\/de\\\/magazin\\\/wp-content\\\/uploads\\\/2021\\\/01\\\/huette-am-wald-fuschlsee.jpg\",\"contentUrl\":\"https:\\\/\\\/www.salzburgerland.com\\\/de\\\/magazin\\\/wp-content\\\/uploads\\\/2021\\\/01\\\/huette-am-wald-fuschlsee.jpg\",\"width\":1200,\"height\":675,\"caption\":\"Apartment Flachgau\"},{\"@type\":\"BreadcrumbList\",\"@id\":\"https:\\\/\\\/www.salzburgerland.com\\\/de\\\/magazin\\\/apartment-tipps-fuer-winterurlaub-im-salzburger-flachgau\\\/#breadcrumb\",\"itemListElement\":[{\"@type\":\"ListItem\",\"position\":1,\"name\":\"Startseite\",\"item\":\"https:\\\/\\\/www.salzburgerland.com\\\/de\\\/magazin\\\/\"},{\"@type\":\"ListItem\",\"position\":2,\"name\":\"Hotel &amp; Reise\",\"item\":\"https:\\\/\\\/www.salzburgerland.com\\\/de\\\/magazin\\\/thema\\\/hotel-reise\\\/\"},{\"@type\":\"ListItem\",\"position\":3,\"name\":\"Apartment-Tipps f\u00fcr Winterurlaub im Salzburger Flachgau\"}]},{\"@type\":\"WebSite\",\"@id\":\"https:\\\/\\\/www.salzburgerland.com\\\/de\\\/magazin\\\/#website\",\"url\":\"https:\\\/\\\/www.salzburgerland.com\\\/de\\\/magazin\\\/\",\"name\":\"SalzburgerLand Magazin\",\"description\":\"Geschichten und Interessantes aus dem SalzburgerLand\",\"publisher\":{\"@id\":\"https:\\\/\\\/www.salzburgerland.com\\\/de\\\/magazin\\\/#organization\"},\"potentialAction\":[{\"@type\":\"SearchAction\",\"target\":{\"@type\":\"EntryPoint\",\"urlTemplate\":\"https:\\\/\\\/www.salzburgerland.com\\\/de\\\/magazin\\\/?s={search_term_string}\"},\"query-input\":{\"@type\":\"PropertyValueSpecification\",\"valueRequired\":true,\"valueName\":\"search_term_string\"}}],\"inLanguage\":\"de\"},{\"@type\":\"Organization\",\"@id\":\"https:\\\/\\\/www.salzburgerland.com\\\/de\\\/magazin\\\/#organization\",\"name\":\"SalzburgerLand Tourismus\",\"url\":\"https:\\\/\\\/www.salzburgerland.com\\\/de\\\/magazin\\\/\",\"logo\":{\"@type\":\"ImageObject\",\"inLanguage\":\"de\",\"@id\":\"https:\\\/\\\/www.salzburgerland.com\\\/de\\\/magazin\\\/#\\\/schema\\\/logo\\\/image\\\/\",\"url\":\"https:\\\/\\\/www.salzburgerland.com\\\/de\\\/magazin\\\/wp-content\\\/uploads\\\/2019\\\/06\\\/salzburgerland-logo1.jpg\",\"contentUrl\":\"https:\\\/\\\/www.salzburgerland.com\\\/de\\\/magazin\\\/wp-content\\\/uploads\\\/2019\\\/06\\\/salzburgerland-logo1.jpg\",\"width\":2011,\"height\":866,\"caption\":\"SalzburgerLand Tourismus\"},\"image\":{\"@id\":\"https:\\\/\\\/www.salzburgerland.com\\\/de\\\/magazin\\\/#\\\/schema\\\/logo\\\/image\\\/\"},\"sameAs\":[\"https:\\\/\\\/www.facebook.com\\\/salzburgerland\\\/\",\"https:\\\/\\\/x.com\\\/Salzburgerland\",\"https:\\\/\\\/www.instagram.com\\\/salzburgerland\\\/\",\"https:\\\/\\\/at.linkedin.com\\\/company\\\/salzburgerland-tourismus-gmbh\",\"https:\\\/\\\/www.pinterest.at\\\/salzburgerland\\\/\",\"https:\\\/\\\/www.youtube.com\\\/user\\\/salzburgerland\",\"https:\\\/\\\/de.wikipedia.org\\\/wiki\\\/SalzburgerLand_Tourismus_GmbH\"]},{\"@type\":\"Person\",\"@id\":\"https:\\\/\\\/www.salzburgerland.com\\\/de\\\/magazin\\\/#\\\/schema\\\/person\\\/3d66364225257aad8b700259f8d80a69\",\"name\":\"Melanie Deisl\",\"description\":\"Ihre Liebe zum Reisen teilt Melanie genauso gerne, wie ihre Liebe zum SalzburgerLand. Die geb\u00fcrtige Faistenauerin ist in Koppl aufgewachsen und in der Fuschlseeregion zuhause. Und die kennt sie auch wie ihre Westentasche. Ihre erste, noch sehr analoge, Tourismuserfahrung konnte sie bereits w\u00e4hrend der Schulzeit beim SalzburgerLand Tourismus (SLTG) und sp\u00e4ter beim TVB Fuschl am See sammeln. Beruflich ist sie seit ihrem Studium der Kommunikationswissenschaften im Bereich SEO, Text &amp; Content Marketing zuhause. Was dazu f\u00fchrte, dass sie sich ans Reisebloggen wagte. Schnell wurde aus reinem Interesse, pure Passion. Dem Ausflug in ferne L\u00e4nder folgte eine Revision der Qualit\u00e4ten der eigenen Heimat als Urlaubsziel. Und diese fiel mehr als positiv aus. Die Liebe zu Ihrer Heimat ist ihr in die Wiege gelegt, und wie sie sagt, wird diese auch immer st\u00e4rker. Na, sie muss es ja wissen. Immerhin bietet sie auf \\\"urlaubsgeschichten.at\\\" Inspiration f\u00fcr Reisen in ferne L\u00e4nder und gibt Insidertipps f\u00fcr \u00d6sterreich-Liebhaber. Ihr ist es ein pers\u00f6nliches Anliegen zu zeigen, dass man auch auf kurzen Reisen einzigartige Erfahrungen sammeln kann. Da z\u00e4hlt das SalzburgerLand nat\u00fcrlich zu ihren TOP-Favoriten. Ihre Reisen verbindet Sie selbst am liebsten mit Wandern, Skifahren und Genuss. Vor allem regionale Produkte aus der Heimat haben es der bodenst\u00e4ndigen Salzburgerin angetan.\u00a0In der Freizeit zieht es Melanie, wie soll es anders sein, hinaus. Mal auf den Berg, mal an den See, mal in die Stadt Salzburg. Aber nie ohne Kamera und Notizbuch. Es k\u00f6nnte ja eine gute Urlaubsgeschichte dabei sein ... Mein pers\u00f6nlicher Logenplatz im SalzburgerLand Eine Runde um den Hintersee. Das geht immer und macht den Kopf frei. Bei einer Runde um den See kann ich mich gut entspannen. Aber ich drehe auch gerne mal eine gem\u00fctliche \\\"Tratschrunde\\\" mit einer Freundin um den sch\u00f6nen See. Salzburger Nockerl oder Schwarzbeernocken? Die Wahl f\u00e4llt mir sehr leicht. Ich liebe \\\"Zeckbeerdatscherln\\\", wie man bei uns zu den Schwarzbeernocken sagt. Nat\u00fcrlich mit selbstgepfl\u00fcckten Schwarzbeeren zubereitet und sch\u00f6n dunkelblau. Mozart oder Hubert von Goisern? Beides. Ich mag Musik in fast jeder Form. Ich spiele selbst Gitarre und singe sehr gerne - das f\u00e4llt mir bei Hubert von Goisern, Austropop und Rockmusik leichter ;-) aber ich hab auch f\u00fcr Mozart und klassische Musik was \u00fcbrig. Ich bin musikalisch \u00fcberhaupt sehr aufgeschlossen und vor allem immer interessiert Neues zu entdecken. Musik, die mir gef\u00e4llt eben. Luxushotel oder Almh\u00fctte? Mal dies mal das. Zu einem Wellness-Wochenende im Luxushotel braucht man mich nicht lange \u00fcberreden, das versteht sich von selbst. Zu einem Urlaub auf der Alm aber auch nicht. Ich wei\u00df jedoch, dass man das hervorragend miteinander verbinden kann. Die Antwort lautet also: beides! Ausstellung oder Bergpanorama? Ich muss gestehen, ich bin eher erlebnisorientiert, deshalb entscheide ich mich immer f\u00fcr das Bergpanorama. Morgen- oder Abendmensch? Ich war schon immer ein Fr\u00fchaufsteher und bin schon vor dem ersten Kaffee hellwach, diskussionsfreudig und sehr produktiv. Ich erlebe aber in meiner Tageskurve das typische Nachmittagstief, daher w\u00e4re ich voll f\u00fcr die Einf\u00fchrung der \\\"Siesta\\\". Daf\u00fcr bin ich in aber in den Abendstunden auch wieder hellwach und voller Energie.\",\"sameAs\":[\"https:\\\/\\\/urlaubsgeschichten.at\",\"https:\\\/\\\/www.facebook.com\\\/urlaubsgeschichten\\\/\",\"https:\\\/\\\/www.instagram.com\\\/urlaubsgeschichten\\\/\",\"https:\\\/\\\/www.linkedin.com\\\/in\\\/urlaubsgeschichten\\\/\",\"https:\\\/\\\/www.pinterest.at\\\/mytravelstories\\\/\"],\"url\":\"https:\\\/\\\/www.salzburgerland.com\\\/de\\\/magazin\\\/author\\\/melanie_deisl\\\/\"}]}<\/script>\n<!-- \/ Yoast SEO Premium plugin. -->","yoast_head_json":{"title":"Apartment-Tipps f\u00fcr Winterurlaub im Salzburger Flachgau","description":"Wir pr\u00e4sentieren besonders sch\u00f6ne Apartments im Salzburger Flachgau: alle mit einem ganz besonderem Schmankerl ...","robots":{"index":"index","follow":"follow","max-snippet":"max-snippet:-1","max-image-preview":"max-image-preview:large","max-video-preview":"max-video-preview:-1"},"canonical":"https:\/\/www.salzburgerland.com\/de\/magazin\/apartment-tipps-fuer-winterurlaub-im-salzburger-flachgau\/","og_locale":"de_DE","og_type":"article","og_title":"Apartment-Tipps f\u00fcr Winterurlaub im Salzburger Flachgau","og_description":"Wir pr\u00e4sentieren besonders sch\u00f6ne Apartments im Salzburger Flachgau: alle mit einem ganz besonderem Schmankerl ...","og_url":"https:\/\/www.salzburgerland.com\/de\/magazin\/apartment-tipps-fuer-winterurlaub-im-salzburger-flachgau\/","og_site_name":"SalzburgerLand Magazin","article_publisher":"https:\/\/www.facebook.com\/salzburgerland\/","article_author":"https:\/\/www.facebook.com\/urlaubsgeschichten\/","article_published_time":"2021-10-29T08:41:36+00:00","article_modified_time":"2021-11-29T13:04:52+00:00","og_image":[{"width":1200,"height":675,"url":"https:\/\/www.salzburgerland.com\/de\/magazin\/wp-content\/uploads\/2021\/01\/huette-am-wald-fuschlsee.jpg","type":"image\/jpeg"}],"author":"Melanie Deisl","twitter_card":"summary_large_image","twitter_creator":"@Salzburgerland","twitter_site":"@Salzburgerland","twitter_misc":{"Verfasst von":"Melanie Deisl","Gesch\u00e4tzte Lesezeit":"10\u00a0Minuten"},"schema":{"@context":"https:\/\/schema.org","@graph":[{"@type":"Article","@id":"https:\/\/www.salzburgerland.com\/de\/magazin\/apartment-tipps-fuer-winterurlaub-im-salzburger-flachgau\/#article","isPartOf":{"@id":"https:\/\/www.salzburgerland.com\/de\/magazin\/apartment-tipps-fuer-winterurlaub-im-salzburger-flachgau\/"},"author":{"name":"Melanie Deisl","@id":"https:\/\/www.salzburgerland.com\/de\/magazin\/#\/schema\/person\/3d66364225257aad8b700259f8d80a69"},"headline":"Apartment-Tipps f\u00fcr Winterurlaub im Salzburger Flachgau","datePublished":"2021-10-29T08:41:36+00:00","dateModified":"2021-11-29T13:04:52+00:00","mainEntityOfPage":{"@id":"https:\/\/www.salzburgerland.com\/de\/magazin\/apartment-tipps-fuer-winterurlaub-im-salzburger-flachgau\/"},"wordCount":1292,"commentCount":0,"publisher":{"@id":"https:\/\/www.salzburgerland.com\/de\/magazin\/#organization"},"image":{"@id":"https:\/\/www.salzburgerland.com\/de\/magazin\/apartment-tipps-fuer-winterurlaub-im-salzburger-flachgau\/#primaryimage"},"thumbnailUrl":"https:\/\/www.salzburgerland.com\/de\/magazin\/wp-content\/uploads\/2021\/01\/huette-am-wald-fuschlsee.jpg","keywords":["Abersee","Apartment","Ferienwohnung","Flachau","fuschlseeregion","Hof bei Salzburg","Individueller Urlaub","Primush\u00e4usl","Salzburger Seenland","Seeham","Skiurlaub","Strobl","Urlaub am Bauernhof","Urlaub am Wolfgangsee","Urlaub im Salzkammergut","Winterurlaub","Wolfgangsee"],"articleSection":["Hotel &amp; Reise"],"inLanguage":"de","potentialAction":[{"@type":"CommentAction","name":"Comment","target":["https:\/\/www.salzburgerland.com\/de\/magazin\/apartment-tipps-fuer-winterurlaub-im-salzburger-flachgau\/#respond"]}]},{"@type":"WebPage","@id":"https:\/\/www.salzburgerland.com\/de\/magazin\/apartment-tipps-fuer-winterurlaub-im-salzburger-flachgau\/","url":"https:\/\/www.salzburgerland.com\/de\/magazin\/apartment-tipps-fuer-winterurlaub-im-salzburger-flachgau\/","name":"Apartment-Tipps f\u00fcr Winterurlaub im Salzburger Flachgau","isPartOf":{"@id":"https:\/\/www.salzburgerland.com\/de\/magazin\/#website"},"primaryImageOfPage":{"@id":"https:\/\/www.salzburgerland.com\/de\/magazin\/apartment-tipps-fuer-winterurlaub-im-salzburger-flachgau\/#primaryimage"},"image":{"@id":"https:\/\/www.salzburgerland.com\/de\/magazin\/apartment-tipps-fuer-winterurlaub-im-salzburger-flachgau\/#primaryimage"},"thumbnailUrl":"https:\/\/www.salzburgerland.com\/de\/magazin\/wp-content\/uploads\/2021\/01\/huette-am-wald-fuschlsee.jpg","datePublished":"2021-10-29T08:41:36+00:00","dateModified":"2021-11-29T13:04:52+00:00","description":"Wir pr\u00e4sentieren besonders sch\u00f6ne Apartments im Salzburger Flachgau: alle mit einem ganz besonderem Schmankerl ...","breadcrumb":{"@id":"https:\/\/www.salzburgerland.com\/de\/magazin\/apartment-tipps-fuer-winterurlaub-im-salzburger-flachgau\/#breadcrumb"},"inLanguage":"de","potentialAction":[{"@type":"ReadAction","target":["https:\/\/www.salzburgerland.com\/de\/magazin\/apartment-tipps-fuer-winterurlaub-im-salzburger-flachgau\/"]}]},{"@type":"ImageObject","inLanguage":"de","@id":"https:\/\/www.salzburgerland.com\/de\/magazin\/apartment-tipps-fuer-winterurlaub-im-salzburger-flachgau\/#primaryimage","url":"https:\/\/www.salzburgerland.com\/de\/magazin\/wp-content\/uploads\/2021\/01\/huette-am-wald-fuschlsee.jpg","contentUrl":"https:\/\/www.salzburgerland.com\/de\/magazin\/wp-content\/uploads\/2021\/01\/huette-am-wald-fuschlsee.jpg","width":1200,"height":675,"caption":"Apartment Flachgau"},{"@type":"BreadcrumbList","@id":"https:\/\/www.salzburgerland.com\/de\/magazin\/apartment-tipps-fuer-winterurlaub-im-salzburger-flachgau\/#breadcrumb","itemListElement":[{"@type":"ListItem","position":1,"name":"Startseite","item":"https:\/\/www.salzburgerland.com\/de\/magazin\/"},{"@type":"ListItem","position":2,"name":"Hotel &amp; Reise","item":"https:\/\/www.salzburgerland.com\/de\/magazin\/thema\/hotel-reise\/"},{"@type":"ListItem","position":3,"name":"Apartment-Tipps f\u00fcr Winterurlaub im Salzburger Flachgau"}]},{"@type":"WebSite","@id":"https:\/\/www.salzburgerland.com\/de\/magazin\/#website","url":"https:\/\/www.salzburgerland.com\/de\/magazin\/","name":"SalzburgerLand Magazin","description":"Geschichten und Interessantes aus dem SalzburgerLand","publisher":{"@id":"https:\/\/www.salzburgerland.com\/de\/magazin\/#organization"},"potentialAction":[{"@type":"SearchAction","target":{"@type":"EntryPoint","urlTemplate":"https:\/\/www.salzburgerland.com\/de\/magazin\/?s={search_term_string}"},"query-input":{"@type":"PropertyValueSpecification","valueRequired":true,"valueName":"search_term_string"}}],"inLanguage":"de"},{"@type":"Organization","@id":"https:\/\/www.salzburgerland.com\/de\/magazin\/#organization","name":"SalzburgerLand Tourismus","url":"https:\/\/www.salzburgerland.com\/de\/magazin\/","logo":{"@type":"ImageObject","inLanguage":"de","@id":"https:\/\/www.salzburgerland.com\/de\/magazin\/#\/schema\/logo\/image\/","url":"https:\/\/www.salzburgerland.com\/de\/magazin\/wp-content\/uploads\/2019\/06\/salzburgerland-logo1.jpg","contentUrl":"https:\/\/www.salzburgerland.com\/de\/magazin\/wp-content\/uploads\/2019\/06\/salzburgerland-logo1.jpg","width":2011,"height":866,"caption":"SalzburgerLand Tourismus"},"image":{"@id":"https:\/\/www.salzburgerland.com\/de\/magazin\/#\/schema\/logo\/image\/"},"sameAs":["https:\/\/www.facebook.com\/salzburgerland\/","https:\/\/x.com\/Salzburgerland","https:\/\/www.instagram.com\/salzburgerland\/","https:\/\/at.linkedin.com\/company\/salzburgerland-tourismus-gmbh","https:\/\/www.pinterest.at\/salzburgerland\/","https:\/\/www.youtube.com\/user\/salzburgerland","https:\/\/de.wikipedia.org\/wiki\/SalzburgerLand_Tourismus_GmbH"]},{"@type":"Person","@id":"https:\/\/www.salzburgerland.com\/de\/magazin\/#\/schema\/person\/3d66364225257aad8b700259f8d80a69","name":"Melanie Deisl","description":"Ihre Liebe zum Reisen teilt Melanie genauso gerne, wie ihre Liebe zum SalzburgerLand. Die geb\u00fcrtige Faistenauerin ist in Koppl aufgewachsen und in der Fuschlseeregion zuhause. Und die kennt sie auch wie ihre Westentasche. Ihre erste, noch sehr analoge, Tourismuserfahrung konnte sie bereits w\u00e4hrend der Schulzeit beim SalzburgerLand Tourismus (SLTG) und sp\u00e4ter beim TVB Fuschl am See sammeln. Beruflich ist sie seit ihrem Studium der Kommunikationswissenschaften im Bereich SEO, Text &amp; Content Marketing zuhause. Was dazu f\u00fchrte, dass sie sich ans Reisebloggen wagte. Schnell wurde aus reinem Interesse, pure Passion. Dem Ausflug in ferne L\u00e4nder folgte eine Revision der Qualit\u00e4ten der eigenen Heimat als Urlaubsziel. Und diese fiel mehr als positiv aus. Die Liebe zu Ihrer Heimat ist ihr in die Wiege gelegt, und wie sie sagt, wird diese auch immer st\u00e4rker. Na, sie muss es ja wissen. Immerhin bietet sie auf \"urlaubsgeschichten.at\" Inspiration f\u00fcr Reisen in ferne L\u00e4nder und gibt Insidertipps f\u00fcr \u00d6sterreich-Liebhaber. Ihr ist es ein pers\u00f6nliches Anliegen zu zeigen, dass man auch auf kurzen Reisen einzigartige Erfahrungen sammeln kann. Da z\u00e4hlt das SalzburgerLand nat\u00fcrlich zu ihren TOP-Favoriten. Ihre Reisen verbindet Sie selbst am liebsten mit Wandern, Skifahren und Genuss. Vor allem regionale Produkte aus der Heimat haben es der bodenst\u00e4ndigen Salzburgerin angetan.\u00a0In der Freizeit zieht es Melanie, wie soll es anders sein, hinaus. Mal auf den Berg, mal an den See, mal in die Stadt Salzburg. Aber nie ohne Kamera und Notizbuch. Es k\u00f6nnte ja eine gute Urlaubsgeschichte dabei sein ... Mein pers\u00f6nlicher Logenplatz im SalzburgerLand Eine Runde um den Hintersee. Das geht immer und macht den Kopf frei. Bei einer Runde um den See kann ich mich gut entspannen. Aber ich drehe auch gerne mal eine gem\u00fctliche \"Tratschrunde\" mit einer Freundin um den sch\u00f6nen See. Salzburger Nockerl oder Schwarzbeernocken? Die Wahl f\u00e4llt mir sehr leicht. Ich liebe \"Zeckbeerdatscherln\", wie man bei uns zu den Schwarzbeernocken sagt. Nat\u00fcrlich mit selbstgepfl\u00fcckten Schwarzbeeren zubereitet und sch\u00f6n dunkelblau. Mozart oder Hubert von Goisern? Beides. Ich mag Musik in fast jeder Form. Ich spiele selbst Gitarre und singe sehr gerne - das f\u00e4llt mir bei Hubert von Goisern, Austropop und Rockmusik leichter ;-) aber ich hab auch f\u00fcr Mozart und klassische Musik was \u00fcbrig. Ich bin musikalisch \u00fcberhaupt sehr aufgeschlossen und vor allem immer interessiert Neues zu entdecken. Musik, die mir gef\u00e4llt eben. Luxushotel oder Almh\u00fctte? Mal dies mal das. Zu einem Wellness-Wochenende im Luxushotel braucht man mich nicht lange \u00fcberreden, das versteht sich von selbst. Zu einem Urlaub auf der Alm aber auch nicht. Ich wei\u00df jedoch, dass man das hervorragend miteinander verbinden kann. Die Antwort lautet also: beides! Ausstellung oder Bergpanorama? Ich muss gestehen, ich bin eher erlebnisorientiert, deshalb entscheide ich mich immer f\u00fcr das Bergpanorama. Morgen- oder Abendmensch? Ich war schon immer ein Fr\u00fchaufsteher und bin schon vor dem ersten Kaffee hellwach, diskussionsfreudig und sehr produktiv. Ich erlebe aber in meiner Tageskurve das typische Nachmittagstief, daher w\u00e4re ich voll f\u00fcr die Einf\u00fchrung der \"Siesta\". Daf\u00fcr bin ich in aber in den Abendstunden auch wieder hellwach und voller Energie.","sameAs":["https:\/\/urlaubsgeschichten.at","https:\/\/www.facebook.com\/urlaubsgeschichten\/","https:\/\/www.instagram.com\/urlaubsgeschichten\/","https:\/\/www.linkedin.com\/in\/urlaubsgeschichten\/","https:\/\/www.pinterest.at\/mytravelstories\/"],"url":"https:\/\/www.salzburgerland.com\/de\/magazin\/author\/melanie_deisl\/"}]}},"_wl_alt_label":[],"wl:entity_url":"http:\/\/open.salzburgerland.com\/magazin\/post\/id\/149402","_links":{"self":[{"href":"https:\/\/www.salzburgerland.com\/de\/magazin\/wp-json\/wp\/v2\/posts\/149402","targetHints":{"allow":["GET"]}}],"collection":[{"href":"https:\/\/www.salzburgerland.com\/de\/magazin\/wp-json\/wp\/v2\/posts"}],"about":[{"href":"https:\/\/www.salzburgerland.com\/de\/magazin\/wp-json\/wp\/v2\/types\/post"}],"author":[{"embeddable":true,"href":"https:\/\/www.salzburgerland.com\/de\/magazin\/wp-json\/wp\/v2\/users\/565"}],"replies":[{"embeddable":true,"href":"https:\/\/www.salzburgerland.com\/de\/magazin\/wp-json\/wp\/v2\/comments?post=149402"}],"version-history":[{"count":5,"href":"https:\/\/www.salzburgerland.com\/de\/magazin\/wp-json\/wp\/v2\/posts\/149402\/revisions"}],"predecessor-version":[{"id":159177,"href":"https:\/\/www.salzburgerland.com\/de\/magazin\/wp-json\/wp\/v2\/posts\/149402\/revisions\/159177"}],"wp:featuredmedia":[{"embeddable":true,"href":"https:\/\/www.salzburgerland.com\/de\/magazin\/wp-json\/wp\/v2\/media\/149443"}],"wp:attachment":[{"href":"https:\/\/www.salzburgerland.com\/de\/magazin\/wp-json\/wp\/v2\/media?parent=149402"}],"wp:term":[{"taxonomy":"category","embeddable":true,"href":"https:\/\/www.salzburgerland.com\/de\/magazin\/wp-json\/wp\/v2\/categories?post=149402"},{"taxonomy":"post_tag","embeddable":true,"href":"https:\/\/www.salzburgerland.com\/de\/magazin\/wp-json\/wp\/v2\/tags?post=149402"},{"taxonomy":"wl_entity_type","embeddable":true,"href":"https:\/\/www.salzburgerland.com\/de\/magazin\/wp-json\/wp\/v2\/wl_entity_type?post=149402"},{"taxonomy":"monatsauswahl","embeddable":true,"href":"https:\/\/www.salzburgerland.com\/de\/magazin\/wp-json\/wp\/v2\/monatsauswahl?post=149402"}],"curies":[{"name":"wp","href":"https:\/\/api.w.org\/{rel}","templated":true}]}}