{"id":149043,"date":"2020-12-22T12:43:58","date_gmt":"2020-12-22T11:43:58","guid":{"rendered":"https:\/\/www.salzburgerland.com\/de\/magazin\/?p=149043"},"modified":"2025-12-17T14:28:18","modified_gmt":"2025-12-17T13:28:18","slug":"skitourengehen-mit-hausverstand","status":"publish","type":"post","link":"https:\/\/www.salzburgerland.com\/de\/magazin\/skitourengehen-mit-hausverstand\/","title":{"rendered":"Skitourengehen mit Hausverstand!"},"content":{"rendered":"\n<div class=\"wp-block-slt-top topBlocks\">\n<h2 class=\"wp-block-slt-subtitle\">Balthasar Laireiter, Landesleiter der Salzburger Bergrettung im Interview<\/h2>\n\n\n\n<p class=\"wp-block-slt-intro\">Skitouren geh\u00f6ren zu den sch\u00f6nsten Dingen, die man im Salzburger Winter erleben kann. Man entledigt sich der Zw\u00e4nge des Alltags, verbindet sich Schritt f\u00fcr Schritt mit der Natur und findet zu sich selbst. Sagt zumindest Balthasar Laireiter. Der Landesleiter der <a href=\"https:\/\/www.bergrettung-salzburg.at\" target=\"_blank\" rel=\"noreferrer noopener\">Salzburger Bergrettung<\/a> ist seit fast einem halben Jahrhundert Bergretter und selbst leidenschaftlicher Tourengeher. Er erz\u00e4hlt im Gespr\u00e4ch mit dem SalzburgerLand Magazin von der Sch\u00f6nheit der Berge, warum eine <a href=\"https:\/\/www.salzburgerland.com\/de\/unsere-10-to-dos-vor-jeder-skitour\/\" target=\"_blank\" rel=\"noreferrer noopener\">ordentliche Tourenplanung<\/a> viel \u00c4rger erspart und wie man sich \u2013 nicht nur in Corona-Zeiten \u2013 am Berg zu verhalten hat.&nbsp;<\/p>\n<\/div>\n\n\n\n<h4 class=\"wp-block-heading\" id=\"h-herr-laireiter-was-macht-denn-eigentlich-den-reiz-des-skitourengehens-im-alpinen-raum-aus\">Herr Laireiter, was macht denn eigentlich den Reiz des Skitourengehens im alpinen Raum aus?<\/h4>\n\n\n\n<p>Es ist die pure Freiheit der Bergwelt, die so beeindruckt. Die Enge des Alltags f\u00e4llt ab und auch die Zw\u00e4nge werden Schritt f\u00fcr Schritt weniger. Erhaben am Gipfel zu stehen und von oben auf die Welt zu blicken ist etwas ganz Wunderbares. Der Mensch versp\u00fcrt wieder mehr das Verlangen, an die Natur anzukn\u00fcpfen. Verst\u00e4ndlicherweise. Im Sommer schwingen sich die Leute auf\u00b4s E-Bike und im Winter eben auf die Tourenski. Wir in der Bergrettung verstehen das voll und ganz, weil wir ja selbst diese Leidenschaft f\u00fcr die Berge und die Natur in ihrer urspr\u00fcnglichsten Form teilen und leben.\u00a0<\/p>\n\n\n\n<figure class=\"wp-block-image size-large\"><img loading=\"lazy\" decoding=\"async\" width=\"1200\" height=\"902\" src=\"https:\/\/www.salzburgerland.com\/de\/magazin\/wp-content\/uploads\/2020\/12\/csm_Laireiter_Ortler_2016_029b8de9a0.jpg\" alt=\"Person in Wanderausr\u00fcstung auf einem verschneiten Berggipfel neben einem gro\u00dfen Kreuz, die einen perfekten Skitourentag genie\u00dft.\" class=\"wp-image-149104\" srcset=\"https:\/\/www.salzburgerland.com\/de\/magazin\/wp-content\/uploads\/2020\/12\/csm_Laireiter_Ortler_2016_029b8de9a0.jpg 1200w, https:\/\/www.salzburgerland.com\/de\/magazin\/wp-content\/uploads\/2020\/12\/csm_Laireiter_Ortler_2016_029b8de9a0-300x226.jpg 300w, https:\/\/www.salzburgerland.com\/de\/magazin\/wp-content\/uploads\/2020\/12\/csm_Laireiter_Ortler_2016_029b8de9a0-732x550.jpg 732w, https:\/\/www.salzburgerland.com\/de\/magazin\/wp-content\/uploads\/2020\/12\/csm_Laireiter_Ortler_2016_029b8de9a0-140x105.jpg 140w, https:\/\/www.salzburgerland.com\/de\/magazin\/wp-content\/uploads\/2020\/12\/csm_Laireiter_Ortler_2016_029b8de9a0-532x400.jpg 532w, https:\/\/www.salzburgerland.com\/de\/magazin\/wp-content\/uploads\/2020\/12\/csm_Laireiter_Ortler_2016_029b8de9a0-853x640.jpg 853w, https:\/\/www.salzburgerland.com\/de\/magazin\/wp-content\/uploads\/2020\/12\/csm_Laireiter_Ortler_2016_029b8de9a0-150x113.jpg 150w\" sizes=\"auto, (max-width: 1200px) 100vw, 1200px\" \/><figcaption class=\"wp-element-caption\">\u00a9 Balthasar Laireiter<\/figcaption><\/figure>\n\n\n\n<p>Interessant ist, dass das Einsatzwesen trotz steigender Popularit\u00e4t und Anzahl der Bergsportler nicht \u00fcberm\u00e4\u00dfig explodiert ist. Die Leute bewegen sich zu einem gro\u00dfen Teil vorsichtig und umsichtig im alpinen Raum. Das finden wir \u00e4u\u00dferst positiv und k\u00f6nnen am derzeit herrschenden Trend deshalb nur Gutes finden.&nbsp;Uns freut ebenfalls, dass die Skigebiete den Entwicklungen Rechnung tragen und mehr und mehr M\u00f6glichkeiten geschaffen werden, um auch im gesicherten Raum Touren in Angriff zu nehmen. <a href=\"https:\/\/www.salzburgerland.com\/de\/pistenskitouren-im-salzburgerland\/\">Pistenskitouren<\/a> sind ein sehr positiver Trend, da f\u00fcr viele Tourengeher das Abfahren im Gel\u00e4nde der schwerste Part dieses Sports ist und so Aufstieg und Abfahrt in den Bereich der Piste verlegt wird.<\/p>\n\n\n\n<h4 class=\"wp-block-heading\" id=\"h-was-sind-denn-fur-sie-die-wichtigsten-verhaltensregeln-am-berg\">Was sind denn f\u00fcr Sie die wichtigsten Verhaltensregeln am Berg?<\/h4>\n\n\n\n<p>Die ganz gro\u00dfe Bitte unsererseits an alle Leute, die Bergabenteuer planen, ist, dass sie sich eine <a href=\"https:\/\/www.salzburgerland.com\/de\/unsere-10-to-dos-vor-jeder-skitour\/\" target=\"_blank\" rel=\"noreferrer noopener\">entsprechende&nbsp;Tourenplanung<\/a>&nbsp;zurecht legen. Nur so kann man schon vorab planen wie man reagiert, wenn im Gel\u00e4nde gewisse Szenarien eintreten. Welche Tour gehe ich, ist diese im Rahmen meines K\u00f6nnens, meiner Erfahrung, meiner Ausr\u00fcstung und meiner konditionellen M\u00f6glichkeiten? Wer kommt mit und passt die Tour auch zu jedem einzelnen Teilnehmer? Habe ich M\u00f6glichkeiten, die Tour abzubrechen? Wie wird das Wetter? Und gibt es unterwegs H\u00fctten und andere Schutzeinrichtungen, in die ich mich zur\u00fcckziehen kann? Ganz wichtig ist nat\u00fcrlich auch die Schneesituation und die damit einhergehende Lawinengefahr.&nbsp;<\/p>\n\n\n\n<p>Werden all diese Fragen vorab gewissenhaft gestellt und beantwortet, kann man das Risiko um ein Vielfaches minimieren. Im Falle des Falles entstehen so sicherlich viel weniger Schwierigkeiten, als wenn man unvorbereitet getroffen wird.&nbsp;<\/p>\n\n\n\n<figure class=\"wp-block-embed is-type-video is-provider-youtube wp-block-embed-youtube wp-embed-aspect-16-9 wp-has-aspect-ratio\"><div class=\"wp-block-embed__wrapper\">\n<iframe loading=\"lazy\" title=\"Skitour im alpinen Gel\u00e4nde planen \u2013 Alpine Sicherheit\" width=\"640\" height=\"360\" src=\"https:\/\/www.youtube-nocookie.com\/embed\/wJxbQMdKPKg?feature=oembed&#038;rel=0&#038;modestbranding=1\" frameborder=\"0\" allow=\"accelerometer; autoplay; clipboard-write; encrypted-media; gyroscope; picture-in-picture; web-share\" referrerpolicy=\"strict-origin-when-cross-origin\" allowfullscreen><\/iframe>\n<\/div><\/figure>\n\n\n\n<p>Ich kann nur jeden alpinen Sportler, egal ob im Sommer oder Winter dazu aufrufen, den Hausverstand immer und \u00fcberall dabeizuhaben und auch einzuschalten. <\/p>\n\n\n\n<p><strong>Wichtige Informationen<\/strong><\/p>\n\n\n\n<p>Gemeinsam mit der Bergrettung Salzburg haben wir eine To-Do-Liste f\u00fcr die richtige Skitourenvorbereitung erstellt. <a href=\"https:\/\/www.salzburgerland.com\/de\/unsere-10-to-dos-vor-jeder-skitour\/\">Hier geht&#8217;s zu dieser Liste<\/a>.  <\/p>\n\n\n\n<figure class=\"wp-block-image size-large\"><img loading=\"lazy\" decoding=\"async\" width=\"1200\" height=\"900\" src=\"https:\/\/www.salzburgerland.com\/de\/magazin\/wp-content\/uploads\/2020\/12\/csm_LL_balthasar_laireiter_a3264529d3.jpg\" alt=\"Ein l\u00e4chelnder Mann in traditioneller Kleidung steht vor einer Holzh\u00fctte, nachdem er im tiefen Schnee von Skitouren zur\u00fcckgekehrt ist.\" class=\"wp-image-149102\" srcset=\"https:\/\/www.salzburgerland.com\/de\/magazin\/wp-content\/uploads\/2020\/12\/csm_LL_balthasar_laireiter_a3264529d3.jpg 1200w, https:\/\/www.salzburgerland.com\/de\/magazin\/wp-content\/uploads\/2020\/12\/csm_LL_balthasar_laireiter_a3264529d3-300x225.jpg 300w, https:\/\/www.salzburgerland.com\/de\/magazin\/wp-content\/uploads\/2020\/12\/csm_LL_balthasar_laireiter_a3264529d3-733x550.jpg 733w, https:\/\/www.salzburgerland.com\/de\/magazin\/wp-content\/uploads\/2020\/12\/csm_LL_balthasar_laireiter_a3264529d3-140x105.jpg 140w, https:\/\/www.salzburgerland.com\/de\/magazin\/wp-content\/uploads\/2020\/12\/csm_LL_balthasar_laireiter_a3264529d3-533x400.jpg 533w, https:\/\/www.salzburgerland.com\/de\/magazin\/wp-content\/uploads\/2020\/12\/csm_LL_balthasar_laireiter_a3264529d3-960x720.jpg 960w, https:\/\/www.salzburgerland.com\/de\/magazin\/wp-content\/uploads\/2020\/12\/csm_LL_balthasar_laireiter_a3264529d3-853x640.jpg 853w, https:\/\/www.salzburgerland.com\/de\/magazin\/wp-content\/uploads\/2020\/12\/csm_LL_balthasar_laireiter_a3264529d3-150x113.jpg 150w\" sizes=\"auto, (max-width: 1200px) 100vw, 1200px\" \/><figcaption class=\"wp-element-caption\"> \u00a9 Balthasar Laireiter <\/figcaption><\/figure>\n\n\n\n<h2 class=\"wp-block-heading\">Dem Genuss auf der Spur &#8211; 50 Skitouren in den \u00f6sterreichischen Alpen<\/h2>\n\n\n\n<p>F\u00fcr alle Skitouren-Fans und solche, die es noch werden wollen, haben wir einen passenden Buchtipp. <strong>\u201eDem Genuss auf der Spur \u2013 50 Skitouren in den \u00f6sterreichischen Alpen\u201c<\/strong>&nbsp;von Flo Scheimpflug, erschienen im Bergwelten Verlag ist ein Inspirationsband f\u00fcr Skitouren-Einsteiger und H\u00fcttengenie\u00dfer. Erg\u00e4nzt werden die detaillierten Tourenbeschreibungen, viele davon im SalzburgerLand, mit wissenswerten Infos rund um die Vorbereitung, die Ausr\u00fcstung und die Dos und Don\u00b4ts des Skitourengehens.<\/p>\n","protected":false},"excerpt":{"rendered":"<p>Herr Laireiter, was macht denn eigentlich den Reiz des Skitourengehens im alpinen Raum aus? Es ist die pure Freiheit der Bergwelt, die so beeindruckt. Die Enge des Alltags f\u00e4llt ab und auch die Zw\u00e4nge werden Schritt f\u00fcr Schritt weniger. Erhaben am Gipfel zu stehen und von oben auf die Welt zu blicken ist etwas ganz [&hellip;]<\/p>\n","protected":false},"author":505,"featured_media":77728,"comment_status":"open","ping_status":"closed","sticky":false,"template":"","format":"standard","meta":{"_acf_changed":false,"wl_entities_gutenberg":"","_wl_entity_redirect_enabled":"","footnotes":""},"categories":[8],"tags":[],"wl_entity_type":[306],"monatsauswahl":[82,83,84,85,86,93],"class_list":["post-149043","post","type-post","status-publish","format-standard","has-post-thumbnail","hentry","category-outdoor-sport","wl_entity_type-article","monatsauswahl-monat_1","monatsauswahl-monat_2","monatsauswahl-monat_3","monatsauswahl-monat_4","monatsauswahl-monat_5","monatsauswahl-monat_12"],"acf":[],"yoast_head":"<!-- This site is optimized with the Yoast SEO Premium plugin v27.4 (Yoast SEO v27.4) - https:\/\/yoast.com\/product\/yoast-seo-premium-wordpress\/ -->\n<title>Skitourengehen mit Hausverstand! - SalzburgerLand Magazin<\/title>\n<meta name=\"description\" content=\"Balthasar Laireiter, Ladesleiter der Bergrettung Salzburg erz\u00e4hlt im Interview warum eine ordentliche Tourenplanung viel \u00c4rger erspart\" \/>\n<meta name=\"robots\" content=\"index, follow, max-snippet:-1, max-image-preview:large, max-video-preview:-1\" \/>\n<link rel=\"canonical\" href=\"https:\/\/www.salzburgerland.com\/de\/magazin\/skitourengehen-mit-hausverstand\/\" \/>\n<meta property=\"og:locale\" content=\"de_DE\" \/>\n<meta property=\"og:type\" content=\"article\" \/>\n<meta property=\"og:title\" content=\"Skitourengehen mit Hausverstand!\" \/>\n<meta property=\"og:description\" content=\"Balthasar Laireiter, Ladesleiter der Bergrettung Salzburg erz\u00e4hlt im Interview warum eine ordentliche Tourenplanung viel \u00c4rger erspart\" \/>\n<meta property=\"og:url\" content=\"https:\/\/www.salzburgerland.com\/de\/magazin\/skitourengehen-mit-hausverstand\/\" \/>\n<meta property=\"og:site_name\" content=\"SalzburgerLand Magazin\" \/>\n<meta property=\"article:publisher\" content=\"https:\/\/www.facebook.com\/salzburgerland\/\" \/>\n<meta property=\"article:published_time\" content=\"2020-12-22T11:43:58+00:00\" \/>\n<meta property=\"article:modified_time\" content=\"2025-12-17T13:28:18+00:00\" \/>\n<meta property=\"og:image\" content=\"https:\/\/www.salzburgerland.com\/de\/magazin\/wp-content\/uploads\/2013\/12\/skitour_2012_hpkreidl_176.jpg\" \/>\n\t<meta property=\"og:image:width\" content=\"2362\" \/>\n\t<meta property=\"og:image:height\" content=\"1565\" \/>\n\t<meta property=\"og:image:type\" content=\"image\/jpeg\" \/>\n<meta name=\"author\" content=\"Peter Zeitlhofer\" \/>\n<meta name=\"twitter:card\" content=\"summary_large_image\" \/>\n<meta name=\"twitter:creator\" content=\"@Salzburgerland\" \/>\n<meta name=\"twitter:site\" content=\"@Salzburgerland\" \/>\n<meta name=\"twitter:label1\" content=\"Verfasst von\" \/>\n\t<meta name=\"twitter:data1\" content=\"Peter Zeitlhofer\" \/>\n\t<meta name=\"twitter:label2\" content=\"Gesch\u00e4tzte Lesezeit\" \/>\n\t<meta name=\"twitter:data2\" content=\"4\u00a0Minuten\" \/>\n<script type=\"application\/ld+json\" class=\"yoast-schema-graph\">{\"@context\":\"https:\\\/\\\/schema.org\",\"@graph\":[{\"@type\":\"Article\",\"@id\":\"https:\\\/\\\/www.salzburgerland.com\\\/de\\\/magazin\\\/skitourengehen-mit-hausverstand\\\/#article\",\"isPartOf\":{\"@id\":\"https:\\\/\\\/www.salzburgerland.com\\\/de\\\/magazin\\\/skitourengehen-mit-hausverstand\\\/\"},\"author\":{\"name\":\"Peter Zeitlhofer\",\"@id\":\"https:\\\/\\\/www.salzburgerland.com\\\/de\\\/magazin\\\/#\\\/schema\\\/person\\\/ebd2c9f244aeea71e30f3b5d5e309de4\"},\"headline\":\"Skitourengehen mit Hausverstand!\",\"datePublished\":\"2020-12-22T11:43:58+00:00\",\"dateModified\":\"2025-12-17T13:28:18+00:00\",\"mainEntityOfPage\":{\"@id\":\"https:\\\/\\\/www.salzburgerland.com\\\/de\\\/magazin\\\/skitourengehen-mit-hausverstand\\\/\"},\"wordCount\":637,\"commentCount\":0,\"publisher\":{\"@id\":\"https:\\\/\\\/www.salzburgerland.com\\\/de\\\/magazin\\\/#organization\"},\"image\":{\"@id\":\"https:\\\/\\\/www.salzburgerland.com\\\/de\\\/magazin\\\/skitourengehen-mit-hausverstand\\\/#primaryimage\"},\"thumbnailUrl\":\"https:\\\/\\\/www.salzburgerland.com\\\/de\\\/magazin\\\/wp-content\\\/uploads\\\/2013\\\/12\\\/skitour_2012_hpkreidl_176.jpg\",\"articleSection\":[\"Outdoor &amp; Sport\"],\"inLanguage\":\"de\",\"potentialAction\":[{\"@type\":\"CommentAction\",\"name\":\"Comment\",\"target\":[\"https:\\\/\\\/www.salzburgerland.com\\\/de\\\/magazin\\\/skitourengehen-mit-hausverstand\\\/#respond\"]}]},{\"@type\":\"WebPage\",\"@id\":\"https:\\\/\\\/www.salzburgerland.com\\\/de\\\/magazin\\\/skitourengehen-mit-hausverstand\\\/\",\"url\":\"https:\\\/\\\/www.salzburgerland.com\\\/de\\\/magazin\\\/skitourengehen-mit-hausverstand\\\/\",\"name\":\"Skitourengehen mit Hausverstand! - SalzburgerLand Magazin\",\"isPartOf\":{\"@id\":\"https:\\\/\\\/www.salzburgerland.com\\\/de\\\/magazin\\\/#website\"},\"primaryImageOfPage\":{\"@id\":\"https:\\\/\\\/www.salzburgerland.com\\\/de\\\/magazin\\\/skitourengehen-mit-hausverstand\\\/#primaryimage\"},\"image\":{\"@id\":\"https:\\\/\\\/www.salzburgerland.com\\\/de\\\/magazin\\\/skitourengehen-mit-hausverstand\\\/#primaryimage\"},\"thumbnailUrl\":\"https:\\\/\\\/www.salzburgerland.com\\\/de\\\/magazin\\\/wp-content\\\/uploads\\\/2013\\\/12\\\/skitour_2012_hpkreidl_176.jpg\",\"datePublished\":\"2020-12-22T11:43:58+00:00\",\"dateModified\":\"2025-12-17T13:28:18+00:00\",\"description\":\"Balthasar Laireiter, Ladesleiter der Bergrettung Salzburg erz\u00e4hlt im Interview warum eine ordentliche Tourenplanung viel \u00c4rger erspart\",\"breadcrumb\":{\"@id\":\"https:\\\/\\\/www.salzburgerland.com\\\/de\\\/magazin\\\/skitourengehen-mit-hausverstand\\\/#breadcrumb\"},\"inLanguage\":\"de\",\"potentialAction\":[{\"@type\":\"ReadAction\",\"target\":[\"https:\\\/\\\/www.salzburgerland.com\\\/de\\\/magazin\\\/skitourengehen-mit-hausverstand\\\/\"]}]},{\"@type\":\"ImageObject\",\"inLanguage\":\"de\",\"@id\":\"https:\\\/\\\/www.salzburgerland.com\\\/de\\\/magazin\\\/skitourengehen-mit-hausverstand\\\/#primaryimage\",\"url\":\"https:\\\/\\\/www.salzburgerland.com\\\/de\\\/magazin\\\/wp-content\\\/uploads\\\/2013\\\/12\\\/skitour_2012_hpkreidl_176.jpg\",\"contentUrl\":\"https:\\\/\\\/www.salzburgerland.com\\\/de\\\/magazin\\\/wp-content\\\/uploads\\\/2013\\\/12\\\/skitour_2012_hpkreidl_176.jpg\",\"width\":2362,\"height\":1565,\"caption\":\"Drei Personen in heller Skiausr\u00fcstung wandern mit St\u00f6cken bergauf auf einem verschneiten Berg, im Hintergrund schneebedeckte Gipfel.\"},{\"@type\":\"BreadcrumbList\",\"@id\":\"https:\\\/\\\/www.salzburgerland.com\\\/de\\\/magazin\\\/skitourengehen-mit-hausverstand\\\/#breadcrumb\",\"itemListElement\":[{\"@type\":\"ListItem\",\"position\":1,\"name\":\"Startseite\",\"item\":\"https:\\\/\\\/www.salzburgerland.com\\\/de\\\/magazin\\\/\"},{\"@type\":\"ListItem\",\"position\":2,\"name\":\"Outdoor &amp; Sport\",\"item\":\"https:\\\/\\\/www.salzburgerland.com\\\/de\\\/magazin\\\/thema\\\/outdoor-sport\\\/\"},{\"@type\":\"ListItem\",\"position\":3,\"name\":\"Skitourengehen mit Hausverstand!\"}]},{\"@type\":\"WebSite\",\"@id\":\"https:\\\/\\\/www.salzburgerland.com\\\/de\\\/magazin\\\/#website\",\"url\":\"https:\\\/\\\/www.salzburgerland.com\\\/de\\\/magazin\\\/\",\"name\":\"SalzburgerLand Magazin\",\"description\":\"Geschichten und Interessantes aus dem SalzburgerLand\",\"publisher\":{\"@id\":\"https:\\\/\\\/www.salzburgerland.com\\\/de\\\/magazin\\\/#organization\"},\"potentialAction\":[{\"@type\":\"SearchAction\",\"target\":{\"@type\":\"EntryPoint\",\"urlTemplate\":\"https:\\\/\\\/www.salzburgerland.com\\\/de\\\/magazin\\\/?s={search_term_string}\"},\"query-input\":{\"@type\":\"PropertyValueSpecification\",\"valueRequired\":true,\"valueName\":\"search_term_string\"}}],\"inLanguage\":\"de\"},{\"@type\":\"Organization\",\"@id\":\"https:\\\/\\\/www.salzburgerland.com\\\/de\\\/magazin\\\/#organization\",\"name\":\"SalzburgerLand Tourismus\",\"url\":\"https:\\\/\\\/www.salzburgerland.com\\\/de\\\/magazin\\\/\",\"logo\":{\"@type\":\"ImageObject\",\"inLanguage\":\"de\",\"@id\":\"https:\\\/\\\/www.salzburgerland.com\\\/de\\\/magazin\\\/#\\\/schema\\\/logo\\\/image\\\/\",\"url\":\"https:\\\/\\\/www.salzburgerland.com\\\/de\\\/magazin\\\/wp-content\\\/uploads\\\/2019\\\/06\\\/salzburgerland-logo1.jpg\",\"contentUrl\":\"https:\\\/\\\/www.salzburgerland.com\\\/de\\\/magazin\\\/wp-content\\\/uploads\\\/2019\\\/06\\\/salzburgerland-logo1.jpg\",\"width\":2011,\"height\":866,\"caption\":\"SalzburgerLand Tourismus\"},\"image\":{\"@id\":\"https:\\\/\\\/www.salzburgerland.com\\\/de\\\/magazin\\\/#\\\/schema\\\/logo\\\/image\\\/\"},\"sameAs\":[\"https:\\\/\\\/www.facebook.com\\\/salzburgerland\\\/\",\"https:\\\/\\\/x.com\\\/Salzburgerland\",\"https:\\\/\\\/www.instagram.com\\\/salzburgerland\\\/\",\"https:\\\/\\\/at.linkedin.com\\\/company\\\/salzburgerland-tourismus-gmbh\",\"https:\\\/\\\/www.pinterest.at\\\/salzburgerland\\\/\",\"https:\\\/\\\/www.youtube.com\\\/user\\\/salzburgerland\",\"https:\\\/\\\/de.wikipedia.org\\\/wiki\\\/SalzburgerLand_Tourismus_GmbH\"]},{\"@type\":\"Person\",\"@id\":\"https:\\\/\\\/www.salzburgerland.com\\\/de\\\/magazin\\\/#\\\/schema\\\/person\\\/ebd2c9f244aeea71e30f3b5d5e309de4\",\"name\":\"Peter Zeitlhofer\",\"description\":\"'Von Neugier getrieben' - diese Worte kommen Peter Zeitlhofer wohl schon ziemlich nahe. Egal ob am Segelboot, im Tiefschnee, unterwegs in Stadt und Land, oder auf einer seinen vielen Reisen - er ist immer auf der Suche nach Neuem, nach dem Besonderen, probiert so ziemlich alles aus und liebt es, dar\u00fcber zu reden und zu berichten. Womit man auch schon fast bei seiner zweiten Leidenschaft w\u00e4re - dem Schreiben. Immer und \u00fcberall ausgestattet\u00a0mit seinem Notebook, hat der Salzburger, mit Wurzeln am Attersee, sein Office\u00a0im wahrsten Sinne des Wortes unterm Arm und k\u00f6nnte sich nichts besseres vorstellen, als die Geschichten dort zu erz\u00e4hlen, wo sie passieren. Fr\u00fchling, Sommer, Herbst oder Winter? Als Mensch der Extreme, mag ich auch bei den Jahreszeiten den Sommer und den Winter am liebsten. Obwohl nat\u00fcrlich auch der Fr\u00fchling seine Reize hat. Aber der Herbst? Rindsroulade vom Pinzgauer Biorind oder Saibling fangfrisch aus dem Fuschlsee? Immer diese Entscheidungen! Kann ich auch beides haben? Mundharmonika oder Stradivari? Weder noch - als Gitarrist k\u00f6nnte ich mit beiden Instrumenten nichts anfangen. Lederhose oder Smoking? Eindeutig Lederhose, die bei mir mittlerweile sogar den Einzug in den sommerlichen Alltag gefunden hat. Und der LederhosnDonnerstag ist \u00a0ohnehin Pflicht. Alpinski, Offpist oder Skitour? Hauptsache rauf auf den Berg! Was dann tats\u00e4chlich auf dem Programm steht ist zweitrangig. Nur so viel: wenn der Schnee passt, dann h\u00e4lt mich nichts oder niemand auf der Piste. Bergtour oder Seentour? F\u00fcr mich gibt es im Sommer nichts Sch\u00f6neres, als mit dem Segelboot auf unseren herrlichen Seen unterwegs zu sein. Also wenn ich die Wahl habe, dann nehme ich im Sommer die Berge h\u00f6chstens als Kulisse. Haubenlokal oder Ab-Hof-Laden? Auch hier nehme ich von beidem ein bisschen. Aber bei der Oma schmeckt's dann doch am besten.\",\"url\":\"https:\\\/\\\/www.salzburgerland.com\\\/de\\\/magazin\\\/author\\\/peter-zeitlhofer\\\/\"}]}<\/script>\n<meta property=\"og:video\" content=\"https:\/\/www.youtube.com\/embed\/wJxbQMdKPKg\" \/>\n<meta property=\"og:video:type\" content=\"text\/html\" \/>\n<meta property=\"og:video:duration\" content=\"106\" \/>\n<meta property=\"og:video:width\" content=\"480\" \/>\n<meta property=\"og:video:height\" content=\"270\" \/>\n<meta property=\"ya:ovs:adult\" content=\"false\" \/>\n<meta property=\"ya:ovs:upload_date\" content=\"2020-12-22T11:43:58+00:00\" \/>\n<meta property=\"ya:ovs:allow_embed\" content=\"true\" \/>\n<!-- \/ Yoast SEO Premium plugin. -->","yoast_head_json":{"title":"Skitourengehen mit Hausverstand! - SalzburgerLand Magazin","description":"Balthasar Laireiter, Ladesleiter der Bergrettung Salzburg erz\u00e4hlt im Interview warum eine ordentliche Tourenplanung viel \u00c4rger erspart","robots":{"index":"index","follow":"follow","max-snippet":"max-snippet:-1","max-image-preview":"max-image-preview:large","max-video-preview":"max-video-preview:-1"},"canonical":"https:\/\/www.salzburgerland.com\/de\/magazin\/skitourengehen-mit-hausverstand\/","og_locale":"de_DE","og_type":"article","og_title":"Skitourengehen mit Hausverstand!","og_description":"Balthasar Laireiter, Ladesleiter der Bergrettung Salzburg erz\u00e4hlt im Interview warum eine ordentliche Tourenplanung viel \u00c4rger erspart","og_url":"https:\/\/www.salzburgerland.com\/de\/magazin\/skitourengehen-mit-hausverstand\/","og_site_name":"SalzburgerLand Magazin","article_publisher":"https:\/\/www.facebook.com\/salzburgerland\/","article_published_time":"2020-12-22T11:43:58+00:00","article_modified_time":"2025-12-17T13:28:18+00:00","og_image":[{"width":2362,"height":1565,"url":"https:\/\/www.salzburgerland.com\/de\/magazin\/wp-content\/uploads\/2013\/12\/skitour_2012_hpkreidl_176.jpg","type":"image\/jpeg"}],"author":"Peter Zeitlhofer","twitter_card":"summary_large_image","twitter_creator":"@Salzburgerland","twitter_site":"@Salzburgerland","twitter_misc":{"Verfasst von":"Peter Zeitlhofer","Gesch\u00e4tzte Lesezeit":"4\u00a0Minuten"},"schema":{"@context":"https:\/\/schema.org","@graph":[{"@type":"Article","@id":"https:\/\/www.salzburgerland.com\/de\/magazin\/skitourengehen-mit-hausverstand\/#article","isPartOf":{"@id":"https:\/\/www.salzburgerland.com\/de\/magazin\/skitourengehen-mit-hausverstand\/"},"author":{"name":"Peter Zeitlhofer","@id":"https:\/\/www.salzburgerland.com\/de\/magazin\/#\/schema\/person\/ebd2c9f244aeea71e30f3b5d5e309de4"},"headline":"Skitourengehen mit Hausverstand!","datePublished":"2020-12-22T11:43:58+00:00","dateModified":"2025-12-17T13:28:18+00:00","mainEntityOfPage":{"@id":"https:\/\/www.salzburgerland.com\/de\/magazin\/skitourengehen-mit-hausverstand\/"},"wordCount":637,"commentCount":0,"publisher":{"@id":"https:\/\/www.salzburgerland.com\/de\/magazin\/#organization"},"image":{"@id":"https:\/\/www.salzburgerland.com\/de\/magazin\/skitourengehen-mit-hausverstand\/#primaryimage"},"thumbnailUrl":"https:\/\/www.salzburgerland.com\/de\/magazin\/wp-content\/uploads\/2013\/12\/skitour_2012_hpkreidl_176.jpg","articleSection":["Outdoor &amp; Sport"],"inLanguage":"de","potentialAction":[{"@type":"CommentAction","name":"Comment","target":["https:\/\/www.salzburgerland.com\/de\/magazin\/skitourengehen-mit-hausverstand\/#respond"]}]},{"@type":"WebPage","@id":"https:\/\/www.salzburgerland.com\/de\/magazin\/skitourengehen-mit-hausverstand\/","url":"https:\/\/www.salzburgerland.com\/de\/magazin\/skitourengehen-mit-hausverstand\/","name":"Skitourengehen mit Hausverstand! - SalzburgerLand Magazin","isPartOf":{"@id":"https:\/\/www.salzburgerland.com\/de\/magazin\/#website"},"primaryImageOfPage":{"@id":"https:\/\/www.salzburgerland.com\/de\/magazin\/skitourengehen-mit-hausverstand\/#primaryimage"},"image":{"@id":"https:\/\/www.salzburgerland.com\/de\/magazin\/skitourengehen-mit-hausverstand\/#primaryimage"},"thumbnailUrl":"https:\/\/www.salzburgerland.com\/de\/magazin\/wp-content\/uploads\/2013\/12\/skitour_2012_hpkreidl_176.jpg","datePublished":"2020-12-22T11:43:58+00:00","dateModified":"2025-12-17T13:28:18+00:00","description":"Balthasar Laireiter, Ladesleiter der Bergrettung Salzburg erz\u00e4hlt im Interview warum eine ordentliche Tourenplanung viel \u00c4rger erspart","breadcrumb":{"@id":"https:\/\/www.salzburgerland.com\/de\/magazin\/skitourengehen-mit-hausverstand\/#breadcrumb"},"inLanguage":"de","potentialAction":[{"@type":"ReadAction","target":["https:\/\/www.salzburgerland.com\/de\/magazin\/skitourengehen-mit-hausverstand\/"]}]},{"@type":"ImageObject","inLanguage":"de","@id":"https:\/\/www.salzburgerland.com\/de\/magazin\/skitourengehen-mit-hausverstand\/#primaryimage","url":"https:\/\/www.salzburgerland.com\/de\/magazin\/wp-content\/uploads\/2013\/12\/skitour_2012_hpkreidl_176.jpg","contentUrl":"https:\/\/www.salzburgerland.com\/de\/magazin\/wp-content\/uploads\/2013\/12\/skitour_2012_hpkreidl_176.jpg","width":2362,"height":1565,"caption":"Drei Personen in heller Skiausr\u00fcstung wandern mit St\u00f6cken bergauf auf einem verschneiten Berg, im Hintergrund schneebedeckte Gipfel."},{"@type":"BreadcrumbList","@id":"https:\/\/www.salzburgerland.com\/de\/magazin\/skitourengehen-mit-hausverstand\/#breadcrumb","itemListElement":[{"@type":"ListItem","position":1,"name":"Startseite","item":"https:\/\/www.salzburgerland.com\/de\/magazin\/"},{"@type":"ListItem","position":2,"name":"Outdoor &amp; Sport","item":"https:\/\/www.salzburgerland.com\/de\/magazin\/thema\/outdoor-sport\/"},{"@type":"ListItem","position":3,"name":"Skitourengehen mit Hausverstand!"}]},{"@type":"WebSite","@id":"https:\/\/www.salzburgerland.com\/de\/magazin\/#website","url":"https:\/\/www.salzburgerland.com\/de\/magazin\/","name":"SalzburgerLand Magazin","description":"Geschichten und Interessantes aus dem SalzburgerLand","publisher":{"@id":"https:\/\/www.salzburgerland.com\/de\/magazin\/#organization"},"potentialAction":[{"@type":"SearchAction","target":{"@type":"EntryPoint","urlTemplate":"https:\/\/www.salzburgerland.com\/de\/magazin\/?s={search_term_string}"},"query-input":{"@type":"PropertyValueSpecification","valueRequired":true,"valueName":"search_term_string"}}],"inLanguage":"de"},{"@type":"Organization","@id":"https:\/\/www.salzburgerland.com\/de\/magazin\/#organization","name":"SalzburgerLand Tourismus","url":"https:\/\/www.salzburgerland.com\/de\/magazin\/","logo":{"@type":"ImageObject","inLanguage":"de","@id":"https:\/\/www.salzburgerland.com\/de\/magazin\/#\/schema\/logo\/image\/","url":"https:\/\/www.salzburgerland.com\/de\/magazin\/wp-content\/uploads\/2019\/06\/salzburgerland-logo1.jpg","contentUrl":"https:\/\/www.salzburgerland.com\/de\/magazin\/wp-content\/uploads\/2019\/06\/salzburgerland-logo1.jpg","width":2011,"height":866,"caption":"SalzburgerLand Tourismus"},"image":{"@id":"https:\/\/www.salzburgerland.com\/de\/magazin\/#\/schema\/logo\/image\/"},"sameAs":["https:\/\/www.facebook.com\/salzburgerland\/","https:\/\/x.com\/Salzburgerland","https:\/\/www.instagram.com\/salzburgerland\/","https:\/\/at.linkedin.com\/company\/salzburgerland-tourismus-gmbh","https:\/\/www.pinterest.at\/salzburgerland\/","https:\/\/www.youtube.com\/user\/salzburgerland","https:\/\/de.wikipedia.org\/wiki\/SalzburgerLand_Tourismus_GmbH"]},{"@type":"Person","@id":"https:\/\/www.salzburgerland.com\/de\/magazin\/#\/schema\/person\/ebd2c9f244aeea71e30f3b5d5e309de4","name":"Peter Zeitlhofer","description":"'Von Neugier getrieben' - diese Worte kommen Peter Zeitlhofer wohl schon ziemlich nahe. Egal ob am Segelboot, im Tiefschnee, unterwegs in Stadt und Land, oder auf einer seinen vielen Reisen - er ist immer auf der Suche nach Neuem, nach dem Besonderen, probiert so ziemlich alles aus und liebt es, dar\u00fcber zu reden und zu berichten. Womit man auch schon fast bei seiner zweiten Leidenschaft w\u00e4re - dem Schreiben. Immer und \u00fcberall ausgestattet\u00a0mit seinem Notebook, hat der Salzburger, mit Wurzeln am Attersee, sein Office\u00a0im wahrsten Sinne des Wortes unterm Arm und k\u00f6nnte sich nichts besseres vorstellen, als die Geschichten dort zu erz\u00e4hlen, wo sie passieren. Fr\u00fchling, Sommer, Herbst oder Winter? Als Mensch der Extreme, mag ich auch bei den Jahreszeiten den Sommer und den Winter am liebsten. Obwohl nat\u00fcrlich auch der Fr\u00fchling seine Reize hat. Aber der Herbst? Rindsroulade vom Pinzgauer Biorind oder Saibling fangfrisch aus dem Fuschlsee? Immer diese Entscheidungen! Kann ich auch beides haben? Mundharmonika oder Stradivari? Weder noch - als Gitarrist k\u00f6nnte ich mit beiden Instrumenten nichts anfangen. Lederhose oder Smoking? Eindeutig Lederhose, die bei mir mittlerweile sogar den Einzug in den sommerlichen Alltag gefunden hat. Und der LederhosnDonnerstag ist \u00a0ohnehin Pflicht. Alpinski, Offpist oder Skitour? Hauptsache rauf auf den Berg! Was dann tats\u00e4chlich auf dem Programm steht ist zweitrangig. Nur so viel: wenn der Schnee passt, dann h\u00e4lt mich nichts oder niemand auf der Piste. Bergtour oder Seentour? F\u00fcr mich gibt es im Sommer nichts Sch\u00f6neres, als mit dem Segelboot auf unseren herrlichen Seen unterwegs zu sein. Also wenn ich die Wahl habe, dann nehme ich im Sommer die Berge h\u00f6chstens als Kulisse. Haubenlokal oder Ab-Hof-Laden? Auch hier nehme ich von beidem ein bisschen. Aber bei der Oma schmeckt's dann doch am besten.","url":"https:\/\/www.salzburgerland.com\/de\/magazin\/author\/peter-zeitlhofer\/"}]},"og_video":"https:\/\/www.youtube.com\/embed\/wJxbQMdKPKg","og_video_type":"text\/html","og_video_duration":"106","og_video_width":"480","og_video_height":"270","ya_ovs_adult":"false","ya_ovs_upload_date":"2020-12-22T11:43:58+00:00","ya_ovs_allow_embed":"true"},"_wl_alt_label":[],"wl:entity_url":"http:\/\/open.salzburgerland.com\/magazin\/post\/skitouren__ja__aber_richtig","_links":{"self":[{"href":"https:\/\/www.salzburgerland.com\/de\/magazin\/wp-json\/wp\/v2\/posts\/149043","targetHints":{"allow":["GET"]}}],"collection":[{"href":"https:\/\/www.salzburgerland.com\/de\/magazin\/wp-json\/wp\/v2\/posts"}],"about":[{"href":"https:\/\/www.salzburgerland.com\/de\/magazin\/wp-json\/wp\/v2\/types\/post"}],"author":[{"embeddable":true,"href":"https:\/\/www.salzburgerland.com\/de\/magazin\/wp-json\/wp\/v2\/users\/505"}],"replies":[{"embeddable":true,"href":"https:\/\/www.salzburgerland.com\/de\/magazin\/wp-json\/wp\/v2\/comments?post=149043"}],"version-history":[{"count":6,"href":"https:\/\/www.salzburgerland.com\/de\/magazin\/wp-json\/wp\/v2\/posts\/149043\/revisions"}],"predecessor-version":[{"id":185563,"href":"https:\/\/www.salzburgerland.com\/de\/magazin\/wp-json\/wp\/v2\/posts\/149043\/revisions\/185563"}],"wp:featuredmedia":[{"embeddable":true,"href":"https:\/\/www.salzburgerland.com\/de\/magazin\/wp-json\/wp\/v2\/media\/77728"}],"wp:attachment":[{"href":"https:\/\/www.salzburgerland.com\/de\/magazin\/wp-json\/wp\/v2\/media?parent=149043"}],"wp:term":[{"taxonomy":"category","embeddable":true,"href":"https:\/\/www.salzburgerland.com\/de\/magazin\/wp-json\/wp\/v2\/categories?post=149043"},{"taxonomy":"post_tag","embeddable":true,"href":"https:\/\/www.salzburgerland.com\/de\/magazin\/wp-json\/wp\/v2\/tags?post=149043"},{"taxonomy":"wl_entity_type","embeddable":true,"href":"https:\/\/www.salzburgerland.com\/de\/magazin\/wp-json\/wp\/v2\/wl_entity_type?post=149043"},{"taxonomy":"monatsauswahl","embeddable":true,"href":"https:\/\/www.salzburgerland.com\/de\/magazin\/wp-json\/wp\/v2\/monatsauswahl?post=149043"}],"curies":[{"name":"wp","href":"https:\/\/api.w.org\/{rel}","templated":true}]}}