{"id":148697,"date":"2020-12-16T08:00:01","date_gmt":"2020-12-16T07:00:01","guid":{"rendered":"https:\/\/www.salzburgerland.com\/de\/magazin\/?p=148697"},"modified":"2020-12-16T10:13:57","modified_gmt":"2020-12-16T09:13:57","slug":"gemma-grundner-kripperl-schauen","status":"publish","type":"post","link":"https:\/\/www.salzburgerland.com\/de\/magazin\/gemma-grundner-kripperl-schauen\/","title":{"rendered":"&#8222;Gemma Grundner Kripperl schauen&#8220;"},"content":{"rendered":"\n<div class=\"wp-block-slt-top topBlocks\">\n<h2 class=\"wp-block-slt-subtitle\">Magische Weihnachtsgeschichte f\u00fcr Gro\u00df und Klein.<\/h2>\n\n\n\n<p class=\"wp-block-slt-intro\">\u201eGrundner Kripperl schauen gehen\u201c geh\u00f6rt in Altenmarkt einfach zum Advent dazu, so wie Weihnachtskekserl, der Nikolaus und andere vorweihnachtliche Traditionen. <\/p>\n<\/div>\n\n\n\n<h2 class=\"wp-block-heading\" id=\"h-zur-geschichte-vom-kripperl\">Zur Geschichte vom Kripperl<\/h2>\n\n\n\n<p>Die Grundner Krippe ist bereits seit vielen, vielen Jahren ein fester Bestandteil im vorweihnachtlichen Altenmarkt. Kein Wunder, denn das \u201ekleine Kripperl\u201c mit den beweglichen Figuren ist eine Besonderheit und schon mehr als 250 Jahre alt. Nur klein ist es nicht wirklich!<\/p>\n\n\n\n<p>Als nach der Protestantenvertreibung um 1731\/32 die H\u00e4lfte der Altenmarkter H\u00e4user und H\u00f6fe verlassen waren, zog ein Tiroler Weber namens Plattner nach Altenmarkt und kaufte das damalige Grundner H\u00e4usl. Eine Zeit, in der die H\u00e4user noch Namen anstatt Nummern hatten. Um 1740 entschied sich der inzwischen ortsans\u00e4ssigen Weber dann &#8211; er hatte im Winter kaum Arbeit &#8211; diese ganz besondere Weihnachtskrippe zu bauen. Er verr\u00e4umte seinen Webstuhl, gestaltete seine Krippe in ebendieser Gr\u00f6\u00dfe und stellte sie in der &#8211; f\u00fcr viele arbeitsarmen &#8211; Weihnachtszeit anstelle seines Arbeitsger\u00e4tes auf.<\/p>\n\n\n\n<figure class=\"wp-block-image size-large\"><img loading=\"lazy\" decoding=\"async\" width=\"2560\" height=\"1920\" src=\"https:\/\/www.salzburgerland.com\/de\/magazin\/wp-content\/uploads\/2020\/12\/Grundner-Kripperl-Altenmarkt-6-scaled.jpeg\" alt=\"Grundner Kripperl\" class=\"wp-image-148706\" srcset=\"https:\/\/www.salzburgerland.com\/de\/magazin\/wp-content\/uploads\/2020\/12\/Grundner-Kripperl-Altenmarkt-6-scaled.jpeg 2560w, https:\/\/www.salzburgerland.com\/de\/magazin\/wp-content\/uploads\/2020\/12\/Grundner-Kripperl-Altenmarkt-6-300x225.jpeg 300w, https:\/\/www.salzburgerland.com\/de\/magazin\/wp-content\/uploads\/2020\/12\/Grundner-Kripperl-Altenmarkt-6-1536x1152.jpeg 1536w, https:\/\/www.salzburgerland.com\/de\/magazin\/wp-content\/uploads\/2020\/12\/Grundner-Kripperl-Altenmarkt-6-2048x1536.jpeg 2048w, https:\/\/www.salzburgerland.com\/de\/magazin\/wp-content\/uploads\/2020\/12\/Grundner-Kripperl-Altenmarkt-6-733x550.jpeg 733w, https:\/\/www.salzburgerland.com\/de\/magazin\/wp-content\/uploads\/2020\/12\/Grundner-Kripperl-Altenmarkt-6-140x105.jpeg 140w, https:\/\/www.salzburgerland.com\/de\/magazin\/wp-content\/uploads\/2020\/12\/Grundner-Kripperl-Altenmarkt-6-533x400.jpeg 533w, https:\/\/www.salzburgerland.com\/de\/magazin\/wp-content\/uploads\/2020\/12\/Grundner-Kripperl-Altenmarkt-6-960x720.jpeg 960w, https:\/\/www.salzburgerland.com\/de\/magazin\/wp-content\/uploads\/2020\/12\/Grundner-Kripperl-Altenmarkt-6-1320x990.jpeg 1320w, https:\/\/www.salzburgerland.com\/de\/magazin\/wp-content\/uploads\/2020\/12\/Grundner-Kripperl-Altenmarkt-6-853x640.jpeg 853w, https:\/\/www.salzburgerland.com\/de\/magazin\/wp-content\/uploads\/2020\/12\/Grundner-Kripperl-Altenmarkt-6-150x113.jpeg 150w, https:\/\/www.salzburgerland.com\/de\/magazin\/wp-content\/uploads\/2020\/12\/Grundner-Kripperl-Altenmarkt-6-1200x900.jpeg 1200w\" sizes=\"auto, (max-width: 2560px) 100vw, 2560px\" \/><figcaption>Das Leben in Nazareth im Hause der Heiligen Familie \u00a9 Anja Fischer<\/figcaption><\/figure>\n\n\n\n<p>Die Krippe wuchs und wuchs und wurde in den folgenden Jahren immer gr\u00f6\u00dfer. Die Leute waren begeistert und kamen in das Privathaus des Webers, um die Krippe mit den beweglichen Figuren zu sehen. In den 1950er Jahren sollte die Krippe dann nach Norddeutschland verkauft werden. Ein engagierter Ortsbewohner wusste dies aber zu verhindern. Denn der damalige Volksschuldirektor Oberschulrat Schober \u00fcberredete die Gemeinde, das kleine, f\u00fcr den Ort Altenmarkt aber so wertvolle, Kunstwerk zu behalten. Da es jedoch, so kurz nach dem Krieg, kaum Geld f\u00fcr solch kostbare und besonderen Anschaffungen gab, hatte er eine Idee. Herr Oberschulrat Schober ging mit seinen Sch\u00fclern im Advent &#8222;Angl\u00f6ckeln&#8220;, um Spenden zu sammeln. Mit der f\u00fcr damalige Zeiten enormen Summe von 1.000 \u00f6sterreichischen Schillingen konnten sie die Krippe anzahlen und schlussendlich im Ort behalten. <\/p>\n\n\n\n<figure class=\"wp-block-image size-large\"><img loading=\"lazy\" decoding=\"async\" width=\"2560\" height=\"1920\" src=\"https:\/\/www.salzburgerland.com\/de\/magazin\/wp-content\/uploads\/2020\/12\/Grundner-Kripperl-Altenmarkt-5-scaled.jpeg\" alt=\"Grundner Kripperl\" class=\"wp-image-148712\" srcset=\"https:\/\/www.salzburgerland.com\/de\/magazin\/wp-content\/uploads\/2020\/12\/Grundner-Kripperl-Altenmarkt-5-scaled.jpeg 2560w, https:\/\/www.salzburgerland.com\/de\/magazin\/wp-content\/uploads\/2020\/12\/Grundner-Kripperl-Altenmarkt-5-300x225.jpeg 300w, https:\/\/www.salzburgerland.com\/de\/magazin\/wp-content\/uploads\/2020\/12\/Grundner-Kripperl-Altenmarkt-5-1536x1152.jpeg 1536w, https:\/\/www.salzburgerland.com\/de\/magazin\/wp-content\/uploads\/2020\/12\/Grundner-Kripperl-Altenmarkt-5-2048x1536.jpeg 2048w, https:\/\/www.salzburgerland.com\/de\/magazin\/wp-content\/uploads\/2020\/12\/Grundner-Kripperl-Altenmarkt-5-733x550.jpeg 733w, https:\/\/www.salzburgerland.com\/de\/magazin\/wp-content\/uploads\/2020\/12\/Grundner-Kripperl-Altenmarkt-5-140x105.jpeg 140w, https:\/\/www.salzburgerland.com\/de\/magazin\/wp-content\/uploads\/2020\/12\/Grundner-Kripperl-Altenmarkt-5-533x400.jpeg 533w, https:\/\/www.salzburgerland.com\/de\/magazin\/wp-content\/uploads\/2020\/12\/Grundner-Kripperl-Altenmarkt-5-960x720.jpeg 960w, https:\/\/www.salzburgerland.com\/de\/magazin\/wp-content\/uploads\/2020\/12\/Grundner-Kripperl-Altenmarkt-5-1320x990.jpeg 1320w, https:\/\/www.salzburgerland.com\/de\/magazin\/wp-content\/uploads\/2020\/12\/Grundner-Kripperl-Altenmarkt-5-853x640.jpeg 853w, https:\/\/www.salzburgerland.com\/de\/magazin\/wp-content\/uploads\/2020\/12\/Grundner-Kripperl-Altenmarkt-5-150x113.jpeg 150w, https:\/\/www.salzburgerland.com\/de\/magazin\/wp-content\/uploads\/2020\/12\/Grundner-Kripperl-Altenmarkt-5-1200x900.jpeg 1200w\" sizes=\"auto, (max-width: 2560px) 100vw, 2560px\" \/><figcaption>Grundner Krippe im Hoamathaus, Altenmarkt  \u00a9 Anja Fischer<\/figcaption><\/figure>\n\n\n\n<h2 class=\"wp-block-heading\" id=\"h-die-weihnachtsgeschichte\">Die Weihnachtsgeschichte<\/h2>\n\n\n\n<p>Heute befindet sich die Grundner Krippe im ersten Stock des Hoamathaus, dem <a rel=\"noreferrer noopener\" href=\"https:\/\/www.heimatmuseum.at\/\" target=\"_blank\">Heimatmuseum in Altenmarkt im Pongau<\/a>. Ein Besuch ist das ganze Jahr \u00fcber m\u00f6glich, doch die Krippenvorf\u00fchrungen finden immer im Advent statt. Beim Betreten des alten Heimathauses wird man von Franz Walchhofer und seiner &#8222;Zugan&#8220; empfangen. Die Musik begleitet einen hinauf in den ersten Stock, wo die Grundner Krippe ihr Platzerl hat. <\/p>\n\n\n\n<figure class=\"wp-block-image size-large\"><img loading=\"lazy\" decoding=\"async\" width=\"2560\" height=\"1920\" src=\"https:\/\/www.salzburgerland.com\/de\/magazin\/wp-content\/uploads\/2020\/12\/IMG_6280-2-scaled.jpeg\" alt=\"Grundner Kripperl\" class=\"wp-image-148709\" srcset=\"https:\/\/www.salzburgerland.com\/de\/magazin\/wp-content\/uploads\/2020\/12\/IMG_6280-2-scaled.jpeg 2560w, https:\/\/www.salzburgerland.com\/de\/magazin\/wp-content\/uploads\/2020\/12\/IMG_6280-2-300x225.jpeg 300w, https:\/\/www.salzburgerland.com\/de\/magazin\/wp-content\/uploads\/2020\/12\/IMG_6280-2-1536x1152.jpeg 1536w, https:\/\/www.salzburgerland.com\/de\/magazin\/wp-content\/uploads\/2020\/12\/IMG_6280-2-2048x1536.jpeg 2048w, https:\/\/www.salzburgerland.com\/de\/magazin\/wp-content\/uploads\/2020\/12\/IMG_6280-2-733x550.jpeg 733w, https:\/\/www.salzburgerland.com\/de\/magazin\/wp-content\/uploads\/2020\/12\/IMG_6280-2-140x105.jpeg 140w, https:\/\/www.salzburgerland.com\/de\/magazin\/wp-content\/uploads\/2020\/12\/IMG_6280-2-533x400.jpeg 533w, https:\/\/www.salzburgerland.com\/de\/magazin\/wp-content\/uploads\/2020\/12\/IMG_6280-2-960x720.jpeg 960w, https:\/\/www.salzburgerland.com\/de\/magazin\/wp-content\/uploads\/2020\/12\/IMG_6280-2-1320x990.jpeg 1320w, https:\/\/www.salzburgerland.com\/de\/magazin\/wp-content\/uploads\/2020\/12\/IMG_6280-2-853x640.jpeg 853w, https:\/\/www.salzburgerland.com\/de\/magazin\/wp-content\/uploads\/2020\/12\/IMG_6280-2-150x113.jpeg 150w, https:\/\/www.salzburgerland.com\/de\/magazin\/wp-content\/uploads\/2020\/12\/IMG_6280-2-1200x900.jpeg 1200w\" sizes=\"auto, (max-width: 2560px) 100vw, 2560px\" \/><figcaption>Stefanie Oberreiter vor dem Grundner Kripperl \u00a9 Anja Fischer<\/figcaption><\/figure>\n\n\n\n<p>Erz\u00e4hlt und gespielt wird hier mit den beweglichen Figuren allj\u00e4hrlich im Advent die Geschichte von Maria und Josef, die \u00fcbers Gebirge gehen. Auf dieser Reise begegnen sie allerhand Menschen. Ob sich das alles tats\u00e4chlich so zwischen Nazareth und Bethlehem abgespielt hat? Wohl kaum, denn die Krippe ist auch zeitgeschichtlich st\u00e4ndig mitgewachsen. So findet man H\u00e4user mit Rauchfang, eine Alm, Perchten und etliche Handwerksberufe, die zur Geburt Jesu noch nicht existierten. <\/p>\n\n\n\n<p>&#8222;Es ist sehr wichtig, dass Erwachsene wieder ihre kindliche Fantasie entdecken&#8220; sagt Stefanie Oberreiter, die sich um die Vorf\u00fchrungen k\u00fcmmert. Besonders sch\u00f6n ist es, wenn Kinder im Publikum sitzen, dann wird die Geschichte f\u00fcr die kleinen Zuschauer noch ein bisschen vereinfacht. &#8222;Unsere Kindergartenkinder werden uns in diesem Jahr besonders fehlen&#8220; sagt sie. Aber man freut sich \u00fcber jeden Besucher, der den Weg ins Heimatmuseum findet und sich von Stefanie Oberreiter und ihrem Team kurz in eine andere Welt entf\u00fchren l\u00e4sst. Vorbei an Z\u00f6llnern, Wilderern und vielen Handwerkern, auf Herbergssuche bis zum alten Stall. Dort, wo bei Ochs und Esel das kleine Jesuskind im Stroh liegt. Der Heiland ward geboren und alle sind gekommen, um ihn willkommen zu hei\u00dfen.<\/p>\n\n\n\n<figure class=\"wp-block-image size-large\"><img loading=\"lazy\" decoding=\"async\" width=\"2560\" height=\"1920\" src=\"https:\/\/www.salzburgerland.com\/de\/magazin\/wp-content\/uploads\/2020\/12\/Grundner-Kripperl-Altenmarkt-7-scaled.jpeg\" alt=\"Hinter den Kulissen des Grundner Kripperls\" class=\"wp-image-148707\" srcset=\"https:\/\/www.salzburgerland.com\/de\/magazin\/wp-content\/uploads\/2020\/12\/Grundner-Kripperl-Altenmarkt-7-scaled.jpeg 2560w, https:\/\/www.salzburgerland.com\/de\/magazin\/wp-content\/uploads\/2020\/12\/Grundner-Kripperl-Altenmarkt-7-300x225.jpeg 300w, https:\/\/www.salzburgerland.com\/de\/magazin\/wp-content\/uploads\/2020\/12\/Grundner-Kripperl-Altenmarkt-7-1536x1152.jpeg 1536w, https:\/\/www.salzburgerland.com\/de\/magazin\/wp-content\/uploads\/2020\/12\/Grundner-Kripperl-Altenmarkt-7-2048x1536.jpeg 2048w, https:\/\/www.salzburgerland.com\/de\/magazin\/wp-content\/uploads\/2020\/12\/Grundner-Kripperl-Altenmarkt-7-733x550.jpeg 733w, https:\/\/www.salzburgerland.com\/de\/magazin\/wp-content\/uploads\/2020\/12\/Grundner-Kripperl-Altenmarkt-7-140x105.jpeg 140w, https:\/\/www.salzburgerland.com\/de\/magazin\/wp-content\/uploads\/2020\/12\/Grundner-Kripperl-Altenmarkt-7-533x400.jpeg 533w, https:\/\/www.salzburgerland.com\/de\/magazin\/wp-content\/uploads\/2020\/12\/Grundner-Kripperl-Altenmarkt-7-960x720.jpeg 960w, https:\/\/www.salzburgerland.com\/de\/magazin\/wp-content\/uploads\/2020\/12\/Grundner-Kripperl-Altenmarkt-7-1320x990.jpeg 1320w, https:\/\/www.salzburgerland.com\/de\/magazin\/wp-content\/uploads\/2020\/12\/Grundner-Kripperl-Altenmarkt-7-853x640.jpeg 853w, https:\/\/www.salzburgerland.com\/de\/magazin\/wp-content\/uploads\/2020\/12\/Grundner-Kripperl-Altenmarkt-7-150x113.jpeg 150w, https:\/\/www.salzburgerland.com\/de\/magazin\/wp-content\/uploads\/2020\/12\/Grundner-Kripperl-Altenmarkt-7-1200x900.jpeg 1200w\" sizes=\"auto, (max-width: 2560px) 100vw, 2560px\" \/><figcaption>Hinter der Krippe werden von Stefanie Oberreiter die F\u00e4den gezogen \u00a9 Anja Fischer<\/figcaption><\/figure>\n\n\n\n<h2 class=\"wp-block-heading\" id=\"h-ffnungszeiten-im-winter-2020-2021\">\u00d6ffnungszeiten im Winter 2020\/2021<\/h2>\n\n\n\n<p>Ein Besuch im Hoamathaus ist auch in diesem etwas anderen Winter unter allen COVID-19-Ma\u00dfnahmen m\u00f6glich. Die Krippe wird bis Maria Lichtmess (2. Februar) &#8222;bespielt&#8220;.<\/p>\n\n\n\n<figure class=\"wp-block-image size-large\"><img loading=\"lazy\" decoding=\"async\" width=\"2560\" height=\"1920\" src=\"https:\/\/www.salzburgerland.com\/de\/magazin\/wp-content\/uploads\/2020\/12\/Grundner-Kripperl-Altenmarkt-11-scaled.jpeg\" alt=\"Hoamathaus Altenmarkt\" class=\"wp-image-148708\" srcset=\"https:\/\/www.salzburgerland.com\/de\/magazin\/wp-content\/uploads\/2020\/12\/Grundner-Kripperl-Altenmarkt-11-scaled.jpeg 2560w, https:\/\/www.salzburgerland.com\/de\/magazin\/wp-content\/uploads\/2020\/12\/Grundner-Kripperl-Altenmarkt-11-300x225.jpeg 300w, https:\/\/www.salzburgerland.com\/de\/magazin\/wp-content\/uploads\/2020\/12\/Grundner-Kripperl-Altenmarkt-11-1536x1152.jpeg 1536w, https:\/\/www.salzburgerland.com\/de\/magazin\/wp-content\/uploads\/2020\/12\/Grundner-Kripperl-Altenmarkt-11-2048x1536.jpeg 2048w, https:\/\/www.salzburgerland.com\/de\/magazin\/wp-content\/uploads\/2020\/12\/Grundner-Kripperl-Altenmarkt-11-733x550.jpeg 733w, https:\/\/www.salzburgerland.com\/de\/magazin\/wp-content\/uploads\/2020\/12\/Grundner-Kripperl-Altenmarkt-11-140x105.jpeg 140w, https:\/\/www.salzburgerland.com\/de\/magazin\/wp-content\/uploads\/2020\/12\/Grundner-Kripperl-Altenmarkt-11-533x400.jpeg 533w, https:\/\/www.salzburgerland.com\/de\/magazin\/wp-content\/uploads\/2020\/12\/Grundner-Kripperl-Altenmarkt-11-960x720.jpeg 960w, https:\/\/www.salzburgerland.com\/de\/magazin\/wp-content\/uploads\/2020\/12\/Grundner-Kripperl-Altenmarkt-11-1320x990.jpeg 1320w, https:\/\/www.salzburgerland.com\/de\/magazin\/wp-content\/uploads\/2020\/12\/Grundner-Kripperl-Altenmarkt-11-853x640.jpeg 853w, https:\/\/www.salzburgerland.com\/de\/magazin\/wp-content\/uploads\/2020\/12\/Grundner-Kripperl-Altenmarkt-11-150x113.jpeg 150w, https:\/\/www.salzburgerland.com\/de\/magazin\/wp-content\/uploads\/2020\/12\/Grundner-Kripperl-Altenmarkt-11-1200x900.jpeg 1200w\" sizes=\"auto, (max-width: 2560px) 100vw, 2560px\" \/><figcaption>Hereinspaziert \u00a9 Anja Fischer<\/figcaption><\/figure>\n\n\n\n<h3 class=\"wp-block-heading\" id=\"h-die-ffnungszeiten-im-detail\">Die \u00d6ffnungszeiten im Detail<\/h3>\n\n\n\n<p><strong>An den Adventswochenenden:<br><\/strong>Freitag &#8211; Sonntag: 15:00 &#8211; 18:00 Uhr<\/p>\n\n\n\n<p><strong>In den Weihnachtsferien:<\/strong><br>Heiliger Abend, Silvester: 14 &#8211; 16:00 Uhr<br>25.12.: geschlossen<br>26.12. &#8211; 6.1. t\u00e4glich 15 &#8211; 18:00 Uhr<\/p>\n\n\n\n<p>Sonderf\u00fchrungen nach telefonischer Vereinbarung m\u00f6glich:<br>+43 664 91 52 060.<\/p>\n\n\n\n<p>Brunnbauerngasse 1<br>5541 Altenmarkt im Pongau<\/p>\n\n\n\n\n\n<figure class=\"wp-block-image size-large\"><img loading=\"lazy\" decoding=\"async\" width=\"2560\" height=\"1920\" src=\"https:\/\/www.salzburgerland.com\/de\/magazin\/wp-content\/uploads\/2020\/12\/Grundner-Kripperl-Altenmarkt-1-scaled.jpeg\" alt=\"Das Hoamathaus bei Nacht\" class=\"wp-image-148704\" srcset=\"https:\/\/www.salzburgerland.com\/de\/magazin\/wp-content\/uploads\/2020\/12\/Grundner-Kripperl-Altenmarkt-1-scaled.jpeg 2560w, https:\/\/www.salzburgerland.com\/de\/magazin\/wp-content\/uploads\/2020\/12\/Grundner-Kripperl-Altenmarkt-1-300x225.jpeg 300w, https:\/\/www.salzburgerland.com\/de\/magazin\/wp-content\/uploads\/2020\/12\/Grundner-Kripperl-Altenmarkt-1-1536x1152.jpeg 1536w, https:\/\/www.salzburgerland.com\/de\/magazin\/wp-content\/uploads\/2020\/12\/Grundner-Kripperl-Altenmarkt-1-2048x1536.jpeg 2048w, https:\/\/www.salzburgerland.com\/de\/magazin\/wp-content\/uploads\/2020\/12\/Grundner-Kripperl-Altenmarkt-1-733x550.jpeg 733w, https:\/\/www.salzburgerland.com\/de\/magazin\/wp-content\/uploads\/2020\/12\/Grundner-Kripperl-Altenmarkt-1-140x105.jpeg 140w, https:\/\/www.salzburgerland.com\/de\/magazin\/wp-content\/uploads\/2020\/12\/Grundner-Kripperl-Altenmarkt-1-533x400.jpeg 533w, https:\/\/www.salzburgerland.com\/de\/magazin\/wp-content\/uploads\/2020\/12\/Grundner-Kripperl-Altenmarkt-1-960x720.jpeg 960w, https:\/\/www.salzburgerland.com\/de\/magazin\/wp-content\/uploads\/2020\/12\/Grundner-Kripperl-Altenmarkt-1-1320x990.jpeg 1320w, https:\/\/www.salzburgerland.com\/de\/magazin\/wp-content\/uploads\/2020\/12\/Grundner-Kripperl-Altenmarkt-1-853x640.jpeg 853w, https:\/\/www.salzburgerland.com\/de\/magazin\/wp-content\/uploads\/2020\/12\/Grundner-Kripperl-Altenmarkt-1-150x113.jpeg 150w, https:\/\/www.salzburgerland.com\/de\/magazin\/wp-content\/uploads\/2020\/12\/Grundner-Kripperl-Altenmarkt-1-1200x900.jpeg 1200w\" sizes=\"auto, (max-width: 2560px) 100vw, 2560px\" \/><figcaption>Das Hoamthaus in Altenmarkt in Pongau \u00a9 Anja Fischer<\/figcaption><\/figure>\n","protected":false},"excerpt":{"rendered":"<p>Zur Geschichte vom Kripperl Die Grundner Krippe ist bereits seit vielen, vielen Jahren ein fester Bestandteil im vorweihnachtlichen Altenmarkt. Kein Wunder, denn das \u201ekleine Kripperl\u201c mit den beweglichen Figuren ist eine Besonderheit und schon mehr als 250 Jahre alt. Nur klein ist es nicht wirklich! Als nach der Protestantenvertreibung um 1731\/32 die H\u00e4lfte der Altenmarkter [&hellip;]<\/p>\n","protected":false},"author":569,"featured_media":148714,"comment_status":"open","ping_status":"closed","sticky":false,"template":"","format":"standard","meta":{"_acf_changed":false,"wl_entities_gutenberg":"","_wl_entity_redirect_enabled":"","footnotes":""},"categories":[9],"tags":[2417,6069,4384,5980,5993],"wl_entity_type":[306],"monatsauswahl":[82,83,92,93],"class_list":["post-148697","post","type-post","status-publish","format-standard","has-post-thumbnail","hentry","category-sehenswurdig","tag-advent","tag-alten","tag-pongau","tag-weihnachten","tag-weihnachtsgeschichte","wl_entity_type-article","monatsauswahl-monat_1","monatsauswahl-monat_2","monatsauswahl-monat_11","monatsauswahl-monat_12"],"acf":[],"yoast_head":"<!-- This site is optimized with the Yoast SEO Premium plugin v27.4 (Yoast SEO v27.4) - https:\/\/yoast.com\/product\/yoast-seo-premium-wordpress\/ -->\n<title>&quot;Gemma Grundner Kripperl schauen&quot; - SalzburgerLand Magazin<\/title>\n<meta name=\"description\" content=\"\u201eGrundner Kripperl schauen gehen\u201c ist in Altenmarkt f\u00fcr Einheimische und Urlaubsg\u00e4ste gleicherma\u00dfen ein adventliches Highlight.\" \/>\n<meta name=\"robots\" content=\"index, follow, max-snippet:-1, max-image-preview:large, max-video-preview:-1\" \/>\n<link rel=\"canonical\" href=\"https:\/\/www.salzburgerland.com\/de\/magazin\/gemma-grundner-kripperl-schauen\/\" \/>\n<meta property=\"og:locale\" content=\"de_DE\" \/>\n<meta property=\"og:type\" content=\"article\" \/>\n<meta property=\"og:title\" content=\"&quot;Gemma Grundner Kripperl schauen&quot;\" \/>\n<meta property=\"og:description\" content=\"\u201eGrundner Kripperl schauen gehen\u201c ist in Altenmarkt f\u00fcr Einheimische und Urlaubsg\u00e4ste gleicherma\u00dfen ein adventliches Highlight.\" \/>\n<meta property=\"og:url\" content=\"https:\/\/www.salzburgerland.com\/de\/magazin\/gemma-grundner-kripperl-schauen\/\" \/>\n<meta property=\"og:site_name\" content=\"SalzburgerLand Magazin\" \/>\n<meta property=\"article:publisher\" content=\"https:\/\/www.facebook.com\/salzburgerland\/\" \/>\n<meta property=\"article:published_time\" content=\"2020-12-16T07:00:01+00:00\" \/>\n<meta property=\"article:modified_time\" content=\"2020-12-16T09:13:57+00:00\" \/>\n<meta property=\"og:image\" content=\"https:\/\/www.salzburgerland.com\/de\/magazin\/wp-content\/uploads\/2020\/12\/Grundner-Kripperl-Altenmarkt-2-1.jpeg\" \/>\n\t<meta property=\"og:image:width\" content=\"1200\" \/>\n\t<meta property=\"og:image:height\" content=\"687\" \/>\n\t<meta property=\"og:image:type\" content=\"image\/jpeg\" \/>\n<meta name=\"author\" content=\"Anja Fischer\" \/>\n<meta name=\"twitter:card\" content=\"summary_large_image\" \/>\n<meta name=\"twitter:creator\" content=\"@Salzburgerland\" \/>\n<meta name=\"twitter:site\" content=\"@Salzburgerland\" \/>\n<meta name=\"twitter:label1\" content=\"Verfasst von\" \/>\n\t<meta name=\"twitter:data1\" content=\"Anja Fischer\" \/>\n\t<meta name=\"twitter:label2\" content=\"Gesch\u00e4tzte Lesezeit\" \/>\n\t<meta name=\"twitter:data2\" content=\"3\u00a0Minuten\" \/>\n<script type=\"application\/ld+json\" class=\"yoast-schema-graph\">{\"@context\":\"https:\\\/\\\/schema.org\",\"@graph\":[{\"@type\":\"Article\",\"@id\":\"https:\\\/\\\/www.salzburgerland.com\\\/de\\\/magazin\\\/gemma-grundner-kripperl-schauen\\\/#article\",\"isPartOf\":{\"@id\":\"https:\\\/\\\/www.salzburgerland.com\\\/de\\\/magazin\\\/gemma-grundner-kripperl-schauen\\\/\"},\"author\":{\"name\":\"Anja Fischer\",\"@id\":\"https:\\\/\\\/www.salzburgerland.com\\\/de\\\/magazin\\\/#\\\/schema\\\/person\\\/435d3e01362aceda1796158bddb5aaed\"},\"headline\":\"&#8222;Gemma Grundner Kripperl schauen&#8220;\",\"datePublished\":\"2020-12-16T07:00:01+00:00\",\"dateModified\":\"2020-12-16T09:13:57+00:00\",\"mainEntityOfPage\":{\"@id\":\"https:\\\/\\\/www.salzburgerland.com\\\/de\\\/magazin\\\/gemma-grundner-kripperl-schauen\\\/\"},\"wordCount\":691,\"commentCount\":0,\"publisher\":{\"@id\":\"https:\\\/\\\/www.salzburgerland.com\\\/de\\\/magazin\\\/#organization\"},\"image\":{\"@id\":\"https:\\\/\\\/www.salzburgerland.com\\\/de\\\/magazin\\\/gemma-grundner-kripperl-schauen\\\/#primaryimage\"},\"thumbnailUrl\":\"https:\\\/\\\/www.salzburgerland.com\\\/de\\\/magazin\\\/wp-content\\\/uploads\\\/2020\\\/12\\\/Grundner-Kripperl-Altenmarkt-2-1.jpeg\",\"keywords\":[\"Advent\",\"Alten\",\"Pongau\",\"weihnachten\",\"weihnachtsgeschichte\"],\"articleSection\":[\"Sehensw\u00fcrdig\"],\"inLanguage\":\"de\",\"potentialAction\":[{\"@type\":\"CommentAction\",\"name\":\"Comment\",\"target\":[\"https:\\\/\\\/www.salzburgerland.com\\\/de\\\/magazin\\\/gemma-grundner-kripperl-schauen\\\/#respond\"]}]},{\"@type\":\"WebPage\",\"@id\":\"https:\\\/\\\/www.salzburgerland.com\\\/de\\\/magazin\\\/gemma-grundner-kripperl-schauen\\\/\",\"url\":\"https:\\\/\\\/www.salzburgerland.com\\\/de\\\/magazin\\\/gemma-grundner-kripperl-schauen\\\/\",\"name\":\"\\\"Gemma Grundner Kripperl schauen\\\" - SalzburgerLand Magazin\",\"isPartOf\":{\"@id\":\"https:\\\/\\\/www.salzburgerland.com\\\/de\\\/magazin\\\/#website\"},\"primaryImageOfPage\":{\"@id\":\"https:\\\/\\\/www.salzburgerland.com\\\/de\\\/magazin\\\/gemma-grundner-kripperl-schauen\\\/#primaryimage\"},\"image\":{\"@id\":\"https:\\\/\\\/www.salzburgerland.com\\\/de\\\/magazin\\\/gemma-grundner-kripperl-schauen\\\/#primaryimage\"},\"thumbnailUrl\":\"https:\\\/\\\/www.salzburgerland.com\\\/de\\\/magazin\\\/wp-content\\\/uploads\\\/2020\\\/12\\\/Grundner-Kripperl-Altenmarkt-2-1.jpeg\",\"datePublished\":\"2020-12-16T07:00:01+00:00\",\"dateModified\":\"2020-12-16T09:13:57+00:00\",\"description\":\"\u201eGrundner Kripperl schauen gehen\u201c ist in Altenmarkt f\u00fcr Einheimische und Urlaubsg\u00e4ste gleicherma\u00dfen ein adventliches Highlight.\",\"breadcrumb\":{\"@id\":\"https:\\\/\\\/www.salzburgerland.com\\\/de\\\/magazin\\\/gemma-grundner-kripperl-schauen\\\/#breadcrumb\"},\"inLanguage\":\"de\",\"potentialAction\":[{\"@type\":\"ReadAction\",\"target\":[\"https:\\\/\\\/www.salzburgerland.com\\\/de\\\/magazin\\\/gemma-grundner-kripperl-schauen\\\/\"]}]},{\"@type\":\"ImageObject\",\"inLanguage\":\"de\",\"@id\":\"https:\\\/\\\/www.salzburgerland.com\\\/de\\\/magazin\\\/gemma-grundner-kripperl-schauen\\\/#primaryimage\",\"url\":\"https:\\\/\\\/www.salzburgerland.com\\\/de\\\/magazin\\\/wp-content\\\/uploads\\\/2020\\\/12\\\/Grundner-Kripperl-Altenmarkt-2-1.jpeg\",\"contentUrl\":\"https:\\\/\\\/www.salzburgerland.com\\\/de\\\/magazin\\\/wp-content\\\/uploads\\\/2020\\\/12\\\/Grundner-Kripperl-Altenmarkt-2-1.jpeg\",\"width\":1200,\"height\":687,\"caption\":\"Kinder betrachten eine detaillierte Grundner Krippe mit Miniaturgeb\u00e4uden und -figuren.\"},{\"@type\":\"BreadcrumbList\",\"@id\":\"https:\\\/\\\/www.salzburgerland.com\\\/de\\\/magazin\\\/gemma-grundner-kripperl-schauen\\\/#breadcrumb\",\"itemListElement\":[{\"@type\":\"ListItem\",\"position\":1,\"name\":\"Startseite\",\"item\":\"https:\\\/\\\/www.salzburgerland.com\\\/de\\\/magazin\\\/\"},{\"@type\":\"ListItem\",\"position\":2,\"name\":\"Sehensw\u00fcrdig\",\"item\":\"https:\\\/\\\/www.salzburgerland.com\\\/de\\\/magazin\\\/thema\\\/sehenswurdig\\\/\"},{\"@type\":\"ListItem\",\"position\":3,\"name\":\"&#8222;Gemma Grundner Kripperl schauen&#8220;\"}]},{\"@type\":\"WebSite\",\"@id\":\"https:\\\/\\\/www.salzburgerland.com\\\/de\\\/magazin\\\/#website\",\"url\":\"https:\\\/\\\/www.salzburgerland.com\\\/de\\\/magazin\\\/\",\"name\":\"SalzburgerLand Magazin\",\"description\":\"Geschichten und Interessantes aus dem SalzburgerLand\",\"publisher\":{\"@id\":\"https:\\\/\\\/www.salzburgerland.com\\\/de\\\/magazin\\\/#organization\"},\"potentialAction\":[{\"@type\":\"SearchAction\",\"target\":{\"@type\":\"EntryPoint\",\"urlTemplate\":\"https:\\\/\\\/www.salzburgerland.com\\\/de\\\/magazin\\\/?s={search_term_string}\"},\"query-input\":{\"@type\":\"PropertyValueSpecification\",\"valueRequired\":true,\"valueName\":\"search_term_string\"}}],\"inLanguage\":\"de\"},{\"@type\":\"Organization\",\"@id\":\"https:\\\/\\\/www.salzburgerland.com\\\/de\\\/magazin\\\/#organization\",\"name\":\"SalzburgerLand Tourismus\",\"url\":\"https:\\\/\\\/www.salzburgerland.com\\\/de\\\/magazin\\\/\",\"logo\":{\"@type\":\"ImageObject\",\"inLanguage\":\"de\",\"@id\":\"https:\\\/\\\/www.salzburgerland.com\\\/de\\\/magazin\\\/#\\\/schema\\\/logo\\\/image\\\/\",\"url\":\"https:\\\/\\\/www.salzburgerland.com\\\/de\\\/magazin\\\/wp-content\\\/uploads\\\/2019\\\/06\\\/salzburgerland-logo1.jpg\",\"contentUrl\":\"https:\\\/\\\/www.salzburgerland.com\\\/de\\\/magazin\\\/wp-content\\\/uploads\\\/2019\\\/06\\\/salzburgerland-logo1.jpg\",\"width\":2011,\"height\":866,\"caption\":\"SalzburgerLand Tourismus\"},\"image\":{\"@id\":\"https:\\\/\\\/www.salzburgerland.com\\\/de\\\/magazin\\\/#\\\/schema\\\/logo\\\/image\\\/\"},\"sameAs\":[\"https:\\\/\\\/www.facebook.com\\\/salzburgerland\\\/\",\"https:\\\/\\\/x.com\\\/Salzburgerland\",\"https:\\\/\\\/www.instagram.com\\\/salzburgerland\\\/\",\"https:\\\/\\\/at.linkedin.com\\\/company\\\/salzburgerland-tourismus-gmbh\",\"https:\\\/\\\/www.pinterest.at\\\/salzburgerland\\\/\",\"https:\\\/\\\/www.youtube.com\\\/user\\\/salzburgerland\",\"https:\\\/\\\/de.wikipedia.org\\\/wiki\\\/SalzburgerLand_Tourismus_GmbH\"]},{\"@type\":\"Person\",\"@id\":\"https:\\\/\\\/www.salzburgerland.com\\\/de\\\/magazin\\\/#\\\/schema\\\/person\\\/435d3e01362aceda1796158bddb5aaed\",\"name\":\"Anja Fischer\",\"description\":\"Anja Fischer lebt mit ihrer Familie in den Salzburger Bergen, in Altenmarkt im Pongau. Dort arbeitet die geb\u00fcrtige Grazerin, die es der Liebe wegen nach Salzburg verschlagen hat, als selbstst\u00e4ndige Kr\u00e4uterpraktikerin und freie Geschichtenschreiberin. Am Liebsten ist sie\u00a0 drau\u00dfen mit ihren beiden Kindern in der Natur unterwegs. In den Kr\u00e4utern und Heilpflanzen vor unserer Haust\u00fcre liegt sehr viel Kraft f\u00fcr die ganze Familie. Dieses alte, \u00fcberlieferte Wissen ger\u00e4t in der heutigen Zeit immer mehr in Vergessenheit. Darum hat sie es sich zur Liebe und Leidenschaft gemacht ihr Wissen weiterzugeben und andere Menschen in ihrem Umfeld daf\u00fcr zu begeistern. Mit den Kleinen \u00fcber die Wiesen zu ziehen und gemeinsam die Kr\u00e4uter zu entdecken, geh\u00f6rt zu ihren Lieblingsbesch\u00e4ftigungen.\u00a0Die Faszination der Kr\u00e4uter und alles das man damit machen kann, hat sie im Blut, genau wie das Geschichten erz\u00e4hlen. \u00a0 Auf ihrem Blog \u201eG\u00e4nsebl\u00fcmchen &amp; Sonnenschein\u201c\u00a0schreibt die junge Mutter \u00fcber Natur- und Familienthemen mit dem Schwerpunkt Kr\u00e4uter f\u00fcr die ganze Familie. Aber auch in \u201eecht\u201c teilt die Wahl-Salzburgerin ihre Kr\u00e4uterliebe und ihr Kr\u00e4uterwissen mit Gross und Klein: Die Kr\u00e4uterwunderzeit f\u00fcr die ganze Familie findet in Altenmarkt im Pongau statt. Bei den Kr\u00e4uterworkshops in gem\u00fctlicher Atmosphere gibt es verschieden Themen passend zur Saison.\",\"sameAs\":[\"https:\\\/\\\/gaensebluemchensonnenschein.com\\\/das-bin-ich\\\/\"],\"url\":\"https:\\\/\\\/www.salzburgerland.com\\\/de\\\/magazin\\\/author\\\/anjafischer\\\/\"}]}<\/script>\n<!-- \/ Yoast SEO Premium plugin. -->","yoast_head_json":{"title":"\"Gemma Grundner Kripperl schauen\" - SalzburgerLand Magazin","description":"\u201eGrundner Kripperl schauen gehen\u201c ist in Altenmarkt f\u00fcr Einheimische und Urlaubsg\u00e4ste gleicherma\u00dfen ein adventliches Highlight.","robots":{"index":"index","follow":"follow","max-snippet":"max-snippet:-1","max-image-preview":"max-image-preview:large","max-video-preview":"max-video-preview:-1"},"canonical":"https:\/\/www.salzburgerland.com\/de\/magazin\/gemma-grundner-kripperl-schauen\/","og_locale":"de_DE","og_type":"article","og_title":"\"Gemma Grundner Kripperl schauen\"","og_description":"\u201eGrundner Kripperl schauen gehen\u201c ist in Altenmarkt f\u00fcr Einheimische und Urlaubsg\u00e4ste gleicherma\u00dfen ein adventliches Highlight.","og_url":"https:\/\/www.salzburgerland.com\/de\/magazin\/gemma-grundner-kripperl-schauen\/","og_site_name":"SalzburgerLand Magazin","article_publisher":"https:\/\/www.facebook.com\/salzburgerland\/","article_published_time":"2020-12-16T07:00:01+00:00","article_modified_time":"2020-12-16T09:13:57+00:00","og_image":[{"width":1200,"height":687,"url":"https:\/\/www.salzburgerland.com\/de\/magazin\/wp-content\/uploads\/2020\/12\/Grundner-Kripperl-Altenmarkt-2-1.jpeg","type":"image\/jpeg"}],"author":"Anja Fischer","twitter_card":"summary_large_image","twitter_creator":"@Salzburgerland","twitter_site":"@Salzburgerland","twitter_misc":{"Verfasst von":"Anja Fischer","Gesch\u00e4tzte Lesezeit":"3\u00a0Minuten"},"schema":{"@context":"https:\/\/schema.org","@graph":[{"@type":"Article","@id":"https:\/\/www.salzburgerland.com\/de\/magazin\/gemma-grundner-kripperl-schauen\/#article","isPartOf":{"@id":"https:\/\/www.salzburgerland.com\/de\/magazin\/gemma-grundner-kripperl-schauen\/"},"author":{"name":"Anja Fischer","@id":"https:\/\/www.salzburgerland.com\/de\/magazin\/#\/schema\/person\/435d3e01362aceda1796158bddb5aaed"},"headline":"&#8222;Gemma Grundner Kripperl schauen&#8220;","datePublished":"2020-12-16T07:00:01+00:00","dateModified":"2020-12-16T09:13:57+00:00","mainEntityOfPage":{"@id":"https:\/\/www.salzburgerland.com\/de\/magazin\/gemma-grundner-kripperl-schauen\/"},"wordCount":691,"commentCount":0,"publisher":{"@id":"https:\/\/www.salzburgerland.com\/de\/magazin\/#organization"},"image":{"@id":"https:\/\/www.salzburgerland.com\/de\/magazin\/gemma-grundner-kripperl-schauen\/#primaryimage"},"thumbnailUrl":"https:\/\/www.salzburgerland.com\/de\/magazin\/wp-content\/uploads\/2020\/12\/Grundner-Kripperl-Altenmarkt-2-1.jpeg","keywords":["Advent","Alten","Pongau","weihnachten","weihnachtsgeschichte"],"articleSection":["Sehensw\u00fcrdig"],"inLanguage":"de","potentialAction":[{"@type":"CommentAction","name":"Comment","target":["https:\/\/www.salzburgerland.com\/de\/magazin\/gemma-grundner-kripperl-schauen\/#respond"]}]},{"@type":"WebPage","@id":"https:\/\/www.salzburgerland.com\/de\/magazin\/gemma-grundner-kripperl-schauen\/","url":"https:\/\/www.salzburgerland.com\/de\/magazin\/gemma-grundner-kripperl-schauen\/","name":"\"Gemma Grundner Kripperl schauen\" - SalzburgerLand Magazin","isPartOf":{"@id":"https:\/\/www.salzburgerland.com\/de\/magazin\/#website"},"primaryImageOfPage":{"@id":"https:\/\/www.salzburgerland.com\/de\/magazin\/gemma-grundner-kripperl-schauen\/#primaryimage"},"image":{"@id":"https:\/\/www.salzburgerland.com\/de\/magazin\/gemma-grundner-kripperl-schauen\/#primaryimage"},"thumbnailUrl":"https:\/\/www.salzburgerland.com\/de\/magazin\/wp-content\/uploads\/2020\/12\/Grundner-Kripperl-Altenmarkt-2-1.jpeg","datePublished":"2020-12-16T07:00:01+00:00","dateModified":"2020-12-16T09:13:57+00:00","description":"\u201eGrundner Kripperl schauen gehen\u201c ist in Altenmarkt f\u00fcr Einheimische und Urlaubsg\u00e4ste gleicherma\u00dfen ein adventliches Highlight.","breadcrumb":{"@id":"https:\/\/www.salzburgerland.com\/de\/magazin\/gemma-grundner-kripperl-schauen\/#breadcrumb"},"inLanguage":"de","potentialAction":[{"@type":"ReadAction","target":["https:\/\/www.salzburgerland.com\/de\/magazin\/gemma-grundner-kripperl-schauen\/"]}]},{"@type":"ImageObject","inLanguage":"de","@id":"https:\/\/www.salzburgerland.com\/de\/magazin\/gemma-grundner-kripperl-schauen\/#primaryimage","url":"https:\/\/www.salzburgerland.com\/de\/magazin\/wp-content\/uploads\/2020\/12\/Grundner-Kripperl-Altenmarkt-2-1.jpeg","contentUrl":"https:\/\/www.salzburgerland.com\/de\/magazin\/wp-content\/uploads\/2020\/12\/Grundner-Kripperl-Altenmarkt-2-1.jpeg","width":1200,"height":687,"caption":"Kinder betrachten eine detaillierte Grundner Krippe mit Miniaturgeb\u00e4uden und -figuren."},{"@type":"BreadcrumbList","@id":"https:\/\/www.salzburgerland.com\/de\/magazin\/gemma-grundner-kripperl-schauen\/#breadcrumb","itemListElement":[{"@type":"ListItem","position":1,"name":"Startseite","item":"https:\/\/www.salzburgerland.com\/de\/magazin\/"},{"@type":"ListItem","position":2,"name":"Sehensw\u00fcrdig","item":"https:\/\/www.salzburgerland.com\/de\/magazin\/thema\/sehenswurdig\/"},{"@type":"ListItem","position":3,"name":"&#8222;Gemma Grundner Kripperl schauen&#8220;"}]},{"@type":"WebSite","@id":"https:\/\/www.salzburgerland.com\/de\/magazin\/#website","url":"https:\/\/www.salzburgerland.com\/de\/magazin\/","name":"SalzburgerLand Magazin","description":"Geschichten und Interessantes aus dem SalzburgerLand","publisher":{"@id":"https:\/\/www.salzburgerland.com\/de\/magazin\/#organization"},"potentialAction":[{"@type":"SearchAction","target":{"@type":"EntryPoint","urlTemplate":"https:\/\/www.salzburgerland.com\/de\/magazin\/?s={search_term_string}"},"query-input":{"@type":"PropertyValueSpecification","valueRequired":true,"valueName":"search_term_string"}}],"inLanguage":"de"},{"@type":"Organization","@id":"https:\/\/www.salzburgerland.com\/de\/magazin\/#organization","name":"SalzburgerLand Tourismus","url":"https:\/\/www.salzburgerland.com\/de\/magazin\/","logo":{"@type":"ImageObject","inLanguage":"de","@id":"https:\/\/www.salzburgerland.com\/de\/magazin\/#\/schema\/logo\/image\/","url":"https:\/\/www.salzburgerland.com\/de\/magazin\/wp-content\/uploads\/2019\/06\/salzburgerland-logo1.jpg","contentUrl":"https:\/\/www.salzburgerland.com\/de\/magazin\/wp-content\/uploads\/2019\/06\/salzburgerland-logo1.jpg","width":2011,"height":866,"caption":"SalzburgerLand Tourismus"},"image":{"@id":"https:\/\/www.salzburgerland.com\/de\/magazin\/#\/schema\/logo\/image\/"},"sameAs":["https:\/\/www.facebook.com\/salzburgerland\/","https:\/\/x.com\/Salzburgerland","https:\/\/www.instagram.com\/salzburgerland\/","https:\/\/at.linkedin.com\/company\/salzburgerland-tourismus-gmbh","https:\/\/www.pinterest.at\/salzburgerland\/","https:\/\/www.youtube.com\/user\/salzburgerland","https:\/\/de.wikipedia.org\/wiki\/SalzburgerLand_Tourismus_GmbH"]},{"@type":"Person","@id":"https:\/\/www.salzburgerland.com\/de\/magazin\/#\/schema\/person\/435d3e01362aceda1796158bddb5aaed","name":"Anja Fischer","description":"Anja Fischer lebt mit ihrer Familie in den Salzburger Bergen, in Altenmarkt im Pongau. Dort arbeitet die geb\u00fcrtige Grazerin, die es der Liebe wegen nach Salzburg verschlagen hat, als selbstst\u00e4ndige Kr\u00e4uterpraktikerin und freie Geschichtenschreiberin. Am Liebsten ist sie\u00a0 drau\u00dfen mit ihren beiden Kindern in der Natur unterwegs. In den Kr\u00e4utern und Heilpflanzen vor unserer Haust\u00fcre liegt sehr viel Kraft f\u00fcr die ganze Familie. Dieses alte, \u00fcberlieferte Wissen ger\u00e4t in der heutigen Zeit immer mehr in Vergessenheit. Darum hat sie es sich zur Liebe und Leidenschaft gemacht ihr Wissen weiterzugeben und andere Menschen in ihrem Umfeld daf\u00fcr zu begeistern. Mit den Kleinen \u00fcber die Wiesen zu ziehen und gemeinsam die Kr\u00e4uter zu entdecken, geh\u00f6rt zu ihren Lieblingsbesch\u00e4ftigungen.\u00a0Die Faszination der Kr\u00e4uter und alles das man damit machen kann, hat sie im Blut, genau wie das Geschichten erz\u00e4hlen. \u00a0 Auf ihrem Blog \u201eG\u00e4nsebl\u00fcmchen &amp; Sonnenschein\u201c\u00a0schreibt die junge Mutter \u00fcber Natur- und Familienthemen mit dem Schwerpunkt Kr\u00e4uter f\u00fcr die ganze Familie. Aber auch in \u201eecht\u201c teilt die Wahl-Salzburgerin ihre Kr\u00e4uterliebe und ihr Kr\u00e4uterwissen mit Gross und Klein: Die Kr\u00e4uterwunderzeit f\u00fcr die ganze Familie findet in Altenmarkt im Pongau statt. Bei den Kr\u00e4uterworkshops in gem\u00fctlicher Atmosphere gibt es verschieden Themen passend zur Saison.","sameAs":["https:\/\/gaensebluemchensonnenschein.com\/das-bin-ich\/"],"url":"https:\/\/www.salzburgerland.com\/de\/magazin\/author\/anjafischer\/"}]}},"_wl_alt_label":[],"wl:entity_url":"http:\/\/open.salzburgerland.com\/magazin\/post\/gemma_grundner_kripperl_schauen","_links":{"self":[{"href":"https:\/\/www.salzburgerland.com\/de\/magazin\/wp-json\/wp\/v2\/posts\/148697","targetHints":{"allow":["GET"]}}],"collection":[{"href":"https:\/\/www.salzburgerland.com\/de\/magazin\/wp-json\/wp\/v2\/posts"}],"about":[{"href":"https:\/\/www.salzburgerland.com\/de\/magazin\/wp-json\/wp\/v2\/types\/post"}],"author":[{"embeddable":true,"href":"https:\/\/www.salzburgerland.com\/de\/magazin\/wp-json\/wp\/v2\/users\/569"}],"replies":[{"embeddable":true,"href":"https:\/\/www.salzburgerland.com\/de\/magazin\/wp-json\/wp\/v2\/comments?post=148697"}],"version-history":[{"count":5,"href":"https:\/\/www.salzburgerland.com\/de\/magazin\/wp-json\/wp\/v2\/posts\/148697\/revisions"}],"predecessor-version":[{"id":148849,"href":"https:\/\/www.salzburgerland.com\/de\/magazin\/wp-json\/wp\/v2\/posts\/148697\/revisions\/148849"}],"wp:featuredmedia":[{"embeddable":true,"href":"https:\/\/www.salzburgerland.com\/de\/magazin\/wp-json\/wp\/v2\/media\/148714"}],"wp:attachment":[{"href":"https:\/\/www.salzburgerland.com\/de\/magazin\/wp-json\/wp\/v2\/media?parent=148697"}],"wp:term":[{"taxonomy":"category","embeddable":true,"href":"https:\/\/www.salzburgerland.com\/de\/magazin\/wp-json\/wp\/v2\/categories?post=148697"},{"taxonomy":"post_tag","embeddable":true,"href":"https:\/\/www.salzburgerland.com\/de\/magazin\/wp-json\/wp\/v2\/tags?post=148697"},{"taxonomy":"wl_entity_type","embeddable":true,"href":"https:\/\/www.salzburgerland.com\/de\/magazin\/wp-json\/wp\/v2\/wl_entity_type?post=148697"},{"taxonomy":"monatsauswahl","embeddable":true,"href":"https:\/\/www.salzburgerland.com\/de\/magazin\/wp-json\/wp\/v2\/monatsauswahl?post=148697"}],"curies":[{"name":"wp","href":"https:\/\/api.w.org\/{rel}","templated":true}]}}