{"id":148613,"date":"2020-12-07T07:04:07","date_gmt":"2020-12-07T06:04:07","guid":{"rendered":"https:\/\/www.salzburgerland.com\/de\/magazin\/?p=148613"},"modified":"2023-06-21T15:57:47","modified_gmt":"2023-06-21T13:57:47","slug":"lars-eidinger-ist-neuer-jedermann-2021","status":"publish","type":"post","link":"https:\/\/www.salzburgerland.com\/de\/magazin\/lars-eidinger-ist-neuer-jedermann-2021\/","title":{"rendered":"Lars Eidinger ist Jedermann"},"content":{"rendered":"\n<div class=\"wp-block-slt-top topBlocks\">\n<h2 class=\"wp-block-slt-subtitle\">Salzburger Festspiele: Ein Blick auf das aktuelle Jedermann Ensemble<\/h2>\n\n\n\n<p class=\"wp-block-slt-intro\">Es gibt so Momente im Jahr, auf die fiebert man richtig hin. F\u00fcr Fans der Salzburger Festspiele ist so ein Moment definitiv die Verk\u00fcndung des Jedermann-Ensembles. Seit 2021 bilden der deutsche Schauspiel-Star Lars Eidinger und die Salzburgerin Verena Altenberger den Jedermann und seine Buhlschaft.<\/p>\n<\/div>\n\n\n\n<p>\u201eHaben Sie sofort ja gesagt?\u201c, wird Verena Altenberger zu ihrer Rollen-Anfrage f\u00fcr die Buhlschaft 2021 im Jedermann der <a href=\"https:\/\/www.salzburgerfestspiele.at\/\" target=\"_blank\" rel=\"noreferrer noopener\">Salzburger Festspiele<\/a> gefragt. Ihre kurze und knappe Antwort: \u201eJa.\u201c Und das l\u00e4sst das Herz eines jeden Jedermann-Liebhabers einen kleinen Freudensprung machen. Denn die brillante Salzburger Schauspielerin feiert in dieser Rolle auch ihr Deb\u00fct bei den Salzburger Festspielen. Sie spielt an der Seite des charismatischen deutschen Schauspielers Lars Eidinger, der wie seine <a href=\"https:\/\/www.salzburgerland.com\/de\/die-jedermaenner-der-salzburger-festspiele\/\">Vorg\u00e4nger<\/a> in dieser legend\u00e4ren Hauptrolle dem Jedermann bei den Salzburger Festspielen seit 2021 seinen ganz eigenen Flair verleiht. Regie f\u00fchrt Michael Sturminger.<\/p>\n\n\n\n<h2 class=\"wp-block-heading\" id=\"h-verena-altenberger-lars-eidinger\">Verena Altenberger &amp; Lars Eidinger<\/h2>\n\n\n\n<p>Die mehrfach ausgezeichnete Schauspielerin Verena Altenberger wird vielen f\u00fcr ihre Hauptrolle im Film \u201eDie beste aller Welten\u201c von 2017 ein Begriff sein, im gleichen Jahr stand sie mit Tobias Moretti in \u201eDie H\u00f6lle \u2013 Inferno\u201c vor der Kamera. Seither sieht man die Charakterdarstellerin h\u00e4ufig am TV-Bildschirm, etwa f\u00fcr SOKO K\u00f6ln, Hubert und Staller, Die Toten vom Bodensee, Polizeiruf 110 oder im legend\u00e4ren Tatort. Bald wird sie auch als <a href=\"https:\/\/www.salzburgerland.com\/de\/magazin\/wer-war-virginia-hill\/\" target=\"_blank\" rel=\"noreferrer noopener\">Virginia Hill <\/a>im Fernsehen erscheinen. Ein Highlight f\u00fcr alle, die sich mit der Geschichte um die \u201eSalzburger Mafiabraut\u201c bereits auseinandergesetzt haben. Auch f\u00fcr das SalzburgerLand war Verena Altenberger schon &#8222;im Einsatz&#8220;. Sie zierte als Cover-Model die <a href=\"https:\/\/www.salzburgerland.com\/de\/magazin\/gala-lifestyle-salzburgerland\/\" target=\"_blank\" rel=\"noreferrer noopener\">GALA-Sonderausgabe zum SalzburgerLand.&nbsp;<\/a><\/p>\n\n\n\n<figure class=\"wp-block-image size-full\"><img loading=\"lazy\" decoding=\"async\" width=\"1920\" height=\"1318\" src=\"https:\/\/www.salzburgerland.com\/de\/magazin\/wp-content\/uploads\/2020\/12\/jedermann-2021-c-sf-matthias-horn-01.jpg\" alt=\"Eine Person in flie\u00dfendem rotem Stoff steht, w\u00e4hrend eine andere dahinter hockt, was an eine dramatische Jedermann-Szene erinnert.\" class=\"wp-image-163890\" srcset=\"https:\/\/www.salzburgerland.com\/de\/magazin\/wp-content\/uploads\/2020\/12\/jedermann-2021-c-sf-matthias-horn-01.jpg 1920w, https:\/\/www.salzburgerland.com\/de\/magazin\/wp-content\/uploads\/2020\/12\/jedermann-2021-c-sf-matthias-horn-01-300x206.jpg 300w, https:\/\/www.salzburgerland.com\/de\/magazin\/wp-content\/uploads\/2020\/12\/jedermann-2021-c-sf-matthias-horn-01-1536x1054.jpg 1536w, https:\/\/www.salzburgerland.com\/de\/magazin\/wp-content\/uploads\/2020\/12\/jedermann-2021-c-sf-matthias-horn-01-801x550.jpg 801w, https:\/\/www.salzburgerland.com\/de\/magazin\/wp-content\/uploads\/2020\/12\/jedermann-2021-c-sf-matthias-horn-01-583x400.jpg 583w, https:\/\/www.salzburgerland.com\/de\/magazin\/wp-content\/uploads\/2020\/12\/jedermann-2021-c-sf-matthias-horn-01-1320x906.jpg 1320w, https:\/\/www.salzburgerland.com\/de\/magazin\/wp-content\/uploads\/2020\/12\/jedermann-2021-c-sf-matthias-horn-01-150x103.jpg 150w\" sizes=\"auto, (max-width: 1920px) 100vw, 1920px\" \/><figcaption class=\"wp-element-caption\">\u00a9 Salzburger Festspiele, Matthias Horn &#8211; Jedermann und Buhlschaft im neuen Gewand<\/figcaption><\/figure>\n\n\n\n<p>2019 trafen sich die Buhlschaft und ihr Jedermann Lars Eidinger bereits einmal vor der Kamera \u2013 f\u00fcr David Schalkos Remake des Fritz-Lang-Klassikers \u201eM \u2013 Eine Stadt sucht einen M\u00f6rder\u201c. Ob durch seine zahlreichen B\u00fchnenauftritte, den Film \u201eAbgeschnitten\u201c, den Serien-Hit \u201eBabylon Berlin\u201c, durch seine \u201eAutistic Disco\u201c DJ-Happenings oder die Protagonisten-Rolle in dem ein oder anderen Musikvideo der Hip-Hop- und Electropunk-Formation Deichkind: Wer Lars Eidinger schon einmal in seinem Element gesehen hat, der wei\u00df eines mit Sicherheit: Der Berliner Schauspieler ist ein Grenzg\u00e4nger \u2013 und das im positivsten Sinn. Bei seinen Darstellungen zieht es einem oft die so genannte \u201eG\u00e4nsehaut\u201c auf. Und wir freuen uns schon auf den Jedermann, denn da wird das am Domplatz garantiert auch bei 30 Grad im Schatten passieren.<\/p>\n\n\n\n<h2 class=\"wp-block-heading\" id=\"h-tod-und-teufel-werden-weiblich\">Tod und Teufel werden weiblich<\/h2>\n\n\n\n<p>Und sonst? Freuen wir uns dar\u00fcber, dass zwei weitere zentrale Rollen des Jedermanns ebenfalls au\u00dfergew\u00f6hnlich besetzt sind: Edith Clever, die vergangenen Jahre stand sie als Jedermanns Mutter auf dem Salzburger Domplatz, wechselte 2021 in die Rolle des Todes und folgt damit Peter Lohmeyer nach. Mavie H\u00f6rbiger, die ebenfalls in den letzten Jahren auf eindrucksvolle Art und Weise die Werke mimte, wechselte sozusagen die Seiten \u2013 und wird zum Teufel. Das Frauenquartett um Lars Eidinger als Jedermann wird von Angela Winkler als Jedermanns Mutter komplettiert.<\/p>\n\n\n\n<figure class=\"wp-block-image size-full\"><img loading=\"lazy\" decoding=\"async\" width=\"1920\" height=\"1173\" src=\"https:\/\/www.salzburgerland.com\/de\/magazin\/wp-content\/uploads\/2020\/12\/jedermann-2021-c-sf-matthias-horn-36.jpg\" alt=\"Zwei Schauspieler spielen den Jedermann auf der B\u00fchne, der eine in einem flie\u00dfenden blauen Gewand, der andere in einem goldenen Kost\u00fcm und Stiefeln.\" class=\"wp-image-163889\" srcset=\"https:\/\/www.salzburgerland.com\/de\/magazin\/wp-content\/uploads\/2020\/12\/jedermann-2021-c-sf-matthias-horn-36.jpg 1920w, https:\/\/www.salzburgerland.com\/de\/magazin\/wp-content\/uploads\/2020\/12\/jedermann-2021-c-sf-matthias-horn-36-300x183.jpg 300w, https:\/\/www.salzburgerland.com\/de\/magazin\/wp-content\/uploads\/2020\/12\/jedermann-2021-c-sf-matthias-horn-36-1536x938.jpg 1536w, https:\/\/www.salzburgerland.com\/de\/magazin\/wp-content\/uploads\/2020\/12\/jedermann-2021-c-sf-matthias-horn-36-900x550.jpg 900w, https:\/\/www.salzburgerland.com\/de\/magazin\/wp-content\/uploads\/2020\/12\/jedermann-2021-c-sf-matthias-horn-36-655x400.jpg 655w, https:\/\/www.salzburgerland.com\/de\/magazin\/wp-content\/uploads\/2020\/12\/jedermann-2021-c-sf-matthias-horn-36-1320x806.jpg 1320w, https:\/\/www.salzburgerland.com\/de\/magazin\/wp-content\/uploads\/2020\/12\/jedermann-2021-c-sf-matthias-horn-36-150x92.jpg 150w\" sizes=\"auto, (max-width: 1920px) 100vw, 1920px\" \/><figcaption class=\"wp-element-caption\">\u00a9 Salzburger Festspiele, Matthias Horn &#8211; Kathleen Morgeneyer (Glaube), Mavie H\u00f6rbiger (Teufel)<\/figcaption><\/figure>\n\n\n\n<p>In weiteren Rollen sind Anton Spieker als Guter Gesell, Mirco Kreibich als Schuldknecht und Mammon, J\u00f6rg Ratjen als Armer Nachbar, Anna Rieser als des Schuldknechts Weib und Kathleen Morgeneyer als Glaube zu sehen. Das Vetternpaar wird erneut von Gustav Peter W\u00f6hler und Tino Hillebrand gegeben, die Werke werden vom gesamten Ensemble verk\u00f6rpert. <\/p>\n\n\n\n<p>Nach dem gelungenen Auftakt im Vorjahr freuen wir uns heuer auf die Weiterf\u00fchrung dieser zeitgem\u00e4\u00dfen Jedermann-Inszenierung.<\/p>\n\n\n\n<p>Weitere Informationen zum Jedermann gibt es unter <a href=\"https:\/\/www.salzburgerfestspiele.at\/\" target=\"_blank\" rel=\"noreferrer noopener\">www.salzburgerfestspiele.at<\/a><\/p>\n\n\n\n<figure class=\"wp-block-image size-full\"><img loading=\"lazy\" decoding=\"async\" width=\"1600\" height=\"1152\" src=\"https:\/\/www.salzburgerland.com\/de\/magazin\/wp-content\/uploads\/2020\/12\/jedermann-2021-c-sf-matthias-horn-33.jpg\" alt=\"Zwei ernst dreinblickende Menschen in dramatischen Jedermann-Kost\u00fcmen halten sich vor einem dunklen Hintergrund an den H\u00e4nden.\" class=\"wp-image-163888\" srcset=\"https:\/\/www.salzburgerland.com\/de\/magazin\/wp-content\/uploads\/2020\/12\/jedermann-2021-c-sf-matthias-horn-33.jpg 1600w, https:\/\/www.salzburgerland.com\/de\/magazin\/wp-content\/uploads\/2020\/12\/jedermann-2021-c-sf-matthias-horn-33-300x216.jpg 300w, https:\/\/www.salzburgerland.com\/de\/magazin\/wp-content\/uploads\/2020\/12\/jedermann-2021-c-sf-matthias-horn-33-1536x1106.jpg 1536w, https:\/\/www.salzburgerland.com\/de\/magazin\/wp-content\/uploads\/2020\/12\/jedermann-2021-c-sf-matthias-horn-33-764x550.jpg 764w, https:\/\/www.salzburgerland.com\/de\/magazin\/wp-content\/uploads\/2020\/12\/jedermann-2021-c-sf-matthias-horn-33-556x400.jpg 556w, https:\/\/www.salzburgerland.com\/de\/magazin\/wp-content\/uploads\/2020\/12\/jedermann-2021-c-sf-matthias-horn-33-1320x950.jpg 1320w, https:\/\/www.salzburgerland.com\/de\/magazin\/wp-content\/uploads\/2020\/12\/jedermann-2021-c-sf-matthias-horn-33-150x108.jpg 150w\" sizes=\"auto, (max-width: 1600px) 100vw, 1600px\" \/><figcaption class=\"wp-element-caption\">\u00a9 Salzburger Festspiele, Matthias Horn &#8211; Jedermann Lars Eidinger und seine Buhlschaft Verena Altenberger<\/figcaption><\/figure>\n\n\n","protected":false},"excerpt":{"rendered":"<p>\u201eHaben Sie sofort ja gesagt?\u201c, wird Verena Altenberger zu ihrer Rollen-Anfrage f\u00fcr die Buhlschaft 2021 im Jedermann der Salzburger Festspiele gefragt. Ihre kurze und knappe Antwort: \u201eJa.\u201c Und das l\u00e4sst das Herz eines jeden Jedermann-Liebhabers einen kleinen Freudensprung machen. Denn die brillante Salzburger Schauspielerin feiert in dieser Rolle auch ihr Deb\u00fct bei den Salzburger Festspielen. [&hellip;]<\/p>\n","protected":false},"author":544,"featured_media":163887,"comment_status":"open","ping_status":"closed","sticky":false,"template":"","format":"standard","meta":{"_acf_changed":false,"wl_entities_gutenberg":"","_wl_entity_redirect_enabled":"","footnotes":""},"categories":[7551],"tags":[6039,2753],"wl_entity_type":[306],"monatsauswahl":[82,83,84,85,86,87,88,89,90,91,92,93],"class_list":["post-148613","post","type-post","status-publish","format-standard","has-post-thumbnail","hentry","category-archiv","tag-jedermann","tag-salzburger-festspiele","wl_entity_type-article","monatsauswahl-monat_1","monatsauswahl-monat_2","monatsauswahl-monat_3","monatsauswahl-monat_4","monatsauswahl-monat_5","monatsauswahl-monat_6","monatsauswahl-monat_7","monatsauswahl-monat_8","monatsauswahl-monat_9","monatsauswahl-monat_10","monatsauswahl-monat_11","monatsauswahl-monat_12"],"acf":[],"yoast_head":"<!-- This site is optimized with the Yoast SEO Premium plugin v27.4 (Yoast SEO v27.4) - https:\/\/yoast.com\/product\/yoast-seo-premium-wordpress\/ -->\n<title>Lars Eidinger ist Jedermann - SalzburgerLand Magazin<\/title>\n<meta name=\"description\" content=\"Der neue Jedermann: Lars Eidinger als Jedermann und Verena Altenberger als Buhlschaft bei den Salzburger Festspielen 2021.\" \/>\n<meta name=\"robots\" content=\"noindex, nofollow\" \/>\n<meta property=\"og:locale\" content=\"de_DE\" \/>\n<meta property=\"og:type\" content=\"article\" \/>\n<meta property=\"og:title\" content=\"Lars Eidinger ist Jedermann\" \/>\n<meta property=\"og:description\" content=\"Der neue Jedermann: Lars Eidinger als Jedermann und Verena Altenberger als Buhlschaft bei den Salzburger Festspielen 2021.\" \/>\n<meta property=\"og:url\" content=\"https:\/\/www.salzburgerland.com\/de\/magazin\/lars-eidinger-ist-neuer-jedermann-2021\/\" \/>\n<meta property=\"og:site_name\" content=\"SalzburgerLand Magazin\" \/>\n<meta property=\"article:publisher\" content=\"https:\/\/www.facebook.com\/salzburgerland\/\" \/>\n<meta property=\"article:published_time\" content=\"2020-12-07T06:04:07+00:00\" \/>\n<meta property=\"article:modified_time\" content=\"2023-06-21T13:57:47+00:00\" \/>\n<meta property=\"og:image\" content=\"https:\/\/www.salzburgerland.com\/de\/magazin\/wp-content\/uploads\/2020\/12\/jedermann-2021-c-sf-matthias-horn-04.jpg\" \/>\n\t<meta property=\"og:image:width\" content=\"1920\" \/>\n\t<meta property=\"og:image:height\" content=\"1360\" \/>\n\t<meta property=\"og:image:type\" content=\"image\/jpeg\" \/>\n<meta name=\"author\" content=\"G\u00fcnter Baumgartner\" \/>\n<meta name=\"twitter:card\" content=\"summary_large_image\" \/>\n<meta name=\"twitter:creator\" content=\"@Salzburgerland\" \/>\n<meta name=\"twitter:site\" content=\"@Salzburgerland\" \/>\n<meta name=\"twitter:label1\" content=\"Verfasst von\" \/>\n\t<meta name=\"twitter:data1\" content=\"G\u00fcnter Baumgartner\" \/>\n\t<meta name=\"twitter:label2\" content=\"Gesch\u00e4tzte Lesezeit\" \/>\n\t<meta name=\"twitter:data2\" content=\"4\u00a0Minuten\" \/>\n<script type=\"application\/ld+json\" class=\"yoast-schema-graph\">{\"@context\":\"https:\\\/\\\/schema.org\",\"@graph\":[{\"@type\":\"Article\",\"@id\":\"https:\\\/\\\/www.salzburgerland.com\\\/de\\\/magazin\\\/lars-eidinger-ist-neuer-jedermann-2021\\\/#article\",\"isPartOf\":{\"@id\":\"https:\\\/\\\/www.salzburgerland.com\\\/de\\\/magazin\\\/lars-eidinger-ist-neuer-jedermann-2021\\\/\"},\"author\":{\"name\":\"G\u00fcnter Baumgartner\",\"@id\":\"https:\\\/\\\/www.salzburgerland.com\\\/de\\\/magazin\\\/#\\\/schema\\\/person\\\/2e0abbe9392136e19ff0d5c5721aea87\"},\"headline\":\"Lars Eidinger ist Jedermann\",\"datePublished\":\"2020-12-07T06:04:07+00:00\",\"dateModified\":\"2023-06-21T13:57:47+00:00\",\"mainEntityOfPage\":{\"@id\":\"https:\\\/\\\/www.salzburgerland.com\\\/de\\\/magazin\\\/lars-eidinger-ist-neuer-jedermann-2021\\\/\"},\"wordCount\":602,\"commentCount\":0,\"publisher\":{\"@id\":\"https:\\\/\\\/www.salzburgerland.com\\\/de\\\/magazin\\\/#organization\"},\"image\":{\"@id\":\"https:\\\/\\\/www.salzburgerland.com\\\/de\\\/magazin\\\/lars-eidinger-ist-neuer-jedermann-2021\\\/#primaryimage\"},\"thumbnailUrl\":\"https:\\\/\\\/www.salzburgerland.com\\\/de\\\/magazin\\\/wp-content\\\/uploads\\\/2020\\\/12\\\/jedermann-2021-c-sf-matthias-horn-04.jpg\",\"keywords\":[\"Jedermann\",\"Salzburger Festspiele\"],\"articleSection\":[\"Archiv\"],\"inLanguage\":\"de\",\"potentialAction\":[{\"@type\":\"CommentAction\",\"name\":\"Comment\",\"target\":[\"https:\\\/\\\/www.salzburgerland.com\\\/de\\\/magazin\\\/lars-eidinger-ist-neuer-jedermann-2021\\\/#respond\"]}]},{\"@type\":\"WebPage\",\"@id\":\"https:\\\/\\\/www.salzburgerland.com\\\/de\\\/magazin\\\/lars-eidinger-ist-neuer-jedermann-2021\\\/\",\"url\":\"https:\\\/\\\/www.salzburgerland.com\\\/de\\\/magazin\\\/lars-eidinger-ist-neuer-jedermann-2021\\\/\",\"name\":\"Lars Eidinger ist Jedermann - SalzburgerLand Magazin\",\"isPartOf\":{\"@id\":\"https:\\\/\\\/www.salzburgerland.com\\\/de\\\/magazin\\\/#website\"},\"primaryImageOfPage\":{\"@id\":\"https:\\\/\\\/www.salzburgerland.com\\\/de\\\/magazin\\\/lars-eidinger-ist-neuer-jedermann-2021\\\/#primaryimage\"},\"image\":{\"@id\":\"https:\\\/\\\/www.salzburgerland.com\\\/de\\\/magazin\\\/lars-eidinger-ist-neuer-jedermann-2021\\\/#primaryimage\"},\"thumbnailUrl\":\"https:\\\/\\\/www.salzburgerland.com\\\/de\\\/magazin\\\/wp-content\\\/uploads\\\/2020\\\/12\\\/jedermann-2021-c-sf-matthias-horn-04.jpg\",\"datePublished\":\"2020-12-07T06:04:07+00:00\",\"dateModified\":\"2023-06-21T13:57:47+00:00\",\"description\":\"Der neue Jedermann: Lars Eidinger als Jedermann und Verena Altenberger als Buhlschaft bei den Salzburger Festspielen 2021.\",\"breadcrumb\":{\"@id\":\"https:\\\/\\\/www.salzburgerland.com\\\/de\\\/magazin\\\/lars-eidinger-ist-neuer-jedermann-2021\\\/#breadcrumb\"},\"inLanguage\":\"de\",\"potentialAction\":[{\"@type\":\"ReadAction\",\"target\":[\"https:\\\/\\\/www.salzburgerland.com\\\/de\\\/magazin\\\/lars-eidinger-ist-neuer-jedermann-2021\\\/\"]}]},{\"@type\":\"ImageObject\",\"inLanguage\":\"de\",\"@id\":\"https:\\\/\\\/www.salzburgerland.com\\\/de\\\/magazin\\\/lars-eidinger-ist-neuer-jedermann-2021\\\/#primaryimage\",\"url\":\"https:\\\/\\\/www.salzburgerland.com\\\/de\\\/magazin\\\/wp-content\\\/uploads\\\/2020\\\/12\\\/jedermann-2021-c-sf-matthias-horn-04.jpg\",\"contentUrl\":\"https:\\\/\\\/www.salzburgerland.com\\\/de\\\/magazin\\\/wp-content\\\/uploads\\\/2020\\\/12\\\/jedermann-2021-c-sf-matthias-horn-04.jpg\",\"width\":1920,\"height\":1360,\"caption\":\"\u00a9 Salzburger Festspiele, Matthias Horn - Jedermann 2021\"},{\"@type\":\"BreadcrumbList\",\"@id\":\"https:\\\/\\\/www.salzburgerland.com\\\/de\\\/magazin\\\/lars-eidinger-ist-neuer-jedermann-2021\\\/#breadcrumb\",\"itemListElement\":[{\"@type\":\"ListItem\",\"position\":1,\"name\":\"Startseite\",\"item\":\"https:\\\/\\\/www.salzburgerland.com\\\/de\\\/magazin\\\/\"},{\"@type\":\"ListItem\",\"position\":2,\"name\":\"Archiv\",\"item\":\"https:\\\/\\\/www.salzburgerland.com\\\/de\\\/magazin\\\/thema\\\/archiv\\\/\"},{\"@type\":\"ListItem\",\"position\":3,\"name\":\"Lars Eidinger ist Jedermann\"}]},{\"@type\":\"WebSite\",\"@id\":\"https:\\\/\\\/www.salzburgerland.com\\\/de\\\/magazin\\\/#website\",\"url\":\"https:\\\/\\\/www.salzburgerland.com\\\/de\\\/magazin\\\/\",\"name\":\"SalzburgerLand Magazin\",\"description\":\"Geschichten und Interessantes aus dem SalzburgerLand\",\"publisher\":{\"@id\":\"https:\\\/\\\/www.salzburgerland.com\\\/de\\\/magazin\\\/#organization\"},\"potentialAction\":[{\"@type\":\"SearchAction\",\"target\":{\"@type\":\"EntryPoint\",\"urlTemplate\":\"https:\\\/\\\/www.salzburgerland.com\\\/de\\\/magazin\\\/?s={search_term_string}\"},\"query-input\":{\"@type\":\"PropertyValueSpecification\",\"valueRequired\":true,\"valueName\":\"search_term_string\"}}],\"inLanguage\":\"de\"},{\"@type\":\"Organization\",\"@id\":\"https:\\\/\\\/www.salzburgerland.com\\\/de\\\/magazin\\\/#organization\",\"name\":\"SalzburgerLand Tourismus\",\"url\":\"https:\\\/\\\/www.salzburgerland.com\\\/de\\\/magazin\\\/\",\"logo\":{\"@type\":\"ImageObject\",\"inLanguage\":\"de\",\"@id\":\"https:\\\/\\\/www.salzburgerland.com\\\/de\\\/magazin\\\/#\\\/schema\\\/logo\\\/image\\\/\",\"url\":\"https:\\\/\\\/www.salzburgerland.com\\\/de\\\/magazin\\\/wp-content\\\/uploads\\\/2019\\\/06\\\/salzburgerland-logo1.jpg\",\"contentUrl\":\"https:\\\/\\\/www.salzburgerland.com\\\/de\\\/magazin\\\/wp-content\\\/uploads\\\/2019\\\/06\\\/salzburgerland-logo1.jpg\",\"width\":2011,\"height\":866,\"caption\":\"SalzburgerLand Tourismus\"},\"image\":{\"@id\":\"https:\\\/\\\/www.salzburgerland.com\\\/de\\\/magazin\\\/#\\\/schema\\\/logo\\\/image\\\/\"},\"sameAs\":[\"https:\\\/\\\/www.facebook.com\\\/salzburgerland\\\/\",\"https:\\\/\\\/x.com\\\/Salzburgerland\",\"https:\\\/\\\/www.instagram.com\\\/salzburgerland\\\/\",\"https:\\\/\\\/at.linkedin.com\\\/company\\\/salzburgerland-tourismus-gmbh\",\"https:\\\/\\\/www.pinterest.at\\\/salzburgerland\\\/\",\"https:\\\/\\\/www.youtube.com\\\/user\\\/salzburgerland\",\"https:\\\/\\\/de.wikipedia.org\\\/wiki\\\/SalzburgerLand_Tourismus_GmbH\"]},{\"@type\":\"Person\",\"@id\":\"https:\\\/\\\/www.salzburgerland.com\\\/de\\\/magazin\\\/#\\\/schema\\\/person\\\/2e0abbe9392136e19ff0d5c5721aea87\",\"name\":\"G\u00fcnter Baumgartner\",\"url\":\"https:\\\/\\\/www.salzburgerland.com\\\/de\\\/magazin\\\/author\\\/guenter-baumgartner\\\/\"}]}<\/script>\n<!-- \/ Yoast SEO Premium plugin. -->","yoast_head_json":{"title":"Lars Eidinger ist Jedermann - SalzburgerLand Magazin","description":"Der neue Jedermann: Lars Eidinger als Jedermann und Verena Altenberger als Buhlschaft bei den Salzburger Festspielen 2021.","robots":{"index":"noindex","follow":"nofollow"},"og_locale":"de_DE","og_type":"article","og_title":"Lars Eidinger ist Jedermann","og_description":"Der neue Jedermann: Lars Eidinger als Jedermann und Verena Altenberger als Buhlschaft bei den Salzburger Festspielen 2021.","og_url":"https:\/\/www.salzburgerland.com\/de\/magazin\/lars-eidinger-ist-neuer-jedermann-2021\/","og_site_name":"SalzburgerLand Magazin","article_publisher":"https:\/\/www.facebook.com\/salzburgerland\/","article_published_time":"2020-12-07T06:04:07+00:00","article_modified_time":"2023-06-21T13:57:47+00:00","og_image":[{"url":"https:\/\/www.salzburgerland.com\/de\/magazin\/wp-content\/uploads\/2020\/12\/jedermann-2021-c-sf-matthias-horn-04.jpg","width":1920,"height":1360,"type":"image\/jpeg"}],"author":"G\u00fcnter Baumgartner","twitter_card":"summary_large_image","twitter_creator":"@Salzburgerland","twitter_site":"@Salzburgerland","twitter_misc":{"Verfasst von":"G\u00fcnter Baumgartner","Gesch\u00e4tzte Lesezeit":"4\u00a0Minuten"},"schema":{"@context":"https:\/\/schema.org","@graph":[{"@type":"Article","@id":"https:\/\/www.salzburgerland.com\/de\/magazin\/lars-eidinger-ist-neuer-jedermann-2021\/#article","isPartOf":{"@id":"https:\/\/www.salzburgerland.com\/de\/magazin\/lars-eidinger-ist-neuer-jedermann-2021\/"},"author":{"name":"G\u00fcnter Baumgartner","@id":"https:\/\/www.salzburgerland.com\/de\/magazin\/#\/schema\/person\/2e0abbe9392136e19ff0d5c5721aea87"},"headline":"Lars Eidinger ist Jedermann","datePublished":"2020-12-07T06:04:07+00:00","dateModified":"2023-06-21T13:57:47+00:00","mainEntityOfPage":{"@id":"https:\/\/www.salzburgerland.com\/de\/magazin\/lars-eidinger-ist-neuer-jedermann-2021\/"},"wordCount":602,"commentCount":0,"publisher":{"@id":"https:\/\/www.salzburgerland.com\/de\/magazin\/#organization"},"image":{"@id":"https:\/\/www.salzburgerland.com\/de\/magazin\/lars-eidinger-ist-neuer-jedermann-2021\/#primaryimage"},"thumbnailUrl":"https:\/\/www.salzburgerland.com\/de\/magazin\/wp-content\/uploads\/2020\/12\/jedermann-2021-c-sf-matthias-horn-04.jpg","keywords":["Jedermann","Salzburger Festspiele"],"articleSection":["Archiv"],"inLanguage":"de","potentialAction":[{"@type":"CommentAction","name":"Comment","target":["https:\/\/www.salzburgerland.com\/de\/magazin\/lars-eidinger-ist-neuer-jedermann-2021\/#respond"]}]},{"@type":"WebPage","@id":"https:\/\/www.salzburgerland.com\/de\/magazin\/lars-eidinger-ist-neuer-jedermann-2021\/","url":"https:\/\/www.salzburgerland.com\/de\/magazin\/lars-eidinger-ist-neuer-jedermann-2021\/","name":"Lars Eidinger ist Jedermann - SalzburgerLand Magazin","isPartOf":{"@id":"https:\/\/www.salzburgerland.com\/de\/magazin\/#website"},"primaryImageOfPage":{"@id":"https:\/\/www.salzburgerland.com\/de\/magazin\/lars-eidinger-ist-neuer-jedermann-2021\/#primaryimage"},"image":{"@id":"https:\/\/www.salzburgerland.com\/de\/magazin\/lars-eidinger-ist-neuer-jedermann-2021\/#primaryimage"},"thumbnailUrl":"https:\/\/www.salzburgerland.com\/de\/magazin\/wp-content\/uploads\/2020\/12\/jedermann-2021-c-sf-matthias-horn-04.jpg","datePublished":"2020-12-07T06:04:07+00:00","dateModified":"2023-06-21T13:57:47+00:00","description":"Der neue Jedermann: Lars Eidinger als Jedermann und Verena Altenberger als Buhlschaft bei den Salzburger Festspielen 2021.","breadcrumb":{"@id":"https:\/\/www.salzburgerland.com\/de\/magazin\/lars-eidinger-ist-neuer-jedermann-2021\/#breadcrumb"},"inLanguage":"de","potentialAction":[{"@type":"ReadAction","target":["https:\/\/www.salzburgerland.com\/de\/magazin\/lars-eidinger-ist-neuer-jedermann-2021\/"]}]},{"@type":"ImageObject","inLanguage":"de","@id":"https:\/\/www.salzburgerland.com\/de\/magazin\/lars-eidinger-ist-neuer-jedermann-2021\/#primaryimage","url":"https:\/\/www.salzburgerland.com\/de\/magazin\/wp-content\/uploads\/2020\/12\/jedermann-2021-c-sf-matthias-horn-04.jpg","contentUrl":"https:\/\/www.salzburgerland.com\/de\/magazin\/wp-content\/uploads\/2020\/12\/jedermann-2021-c-sf-matthias-horn-04.jpg","width":1920,"height":1360,"caption":"\u00a9 Salzburger Festspiele, Matthias Horn - Jedermann 2021"},{"@type":"BreadcrumbList","@id":"https:\/\/www.salzburgerland.com\/de\/magazin\/lars-eidinger-ist-neuer-jedermann-2021\/#breadcrumb","itemListElement":[{"@type":"ListItem","position":1,"name":"Startseite","item":"https:\/\/www.salzburgerland.com\/de\/magazin\/"},{"@type":"ListItem","position":2,"name":"Archiv","item":"https:\/\/www.salzburgerland.com\/de\/magazin\/thema\/archiv\/"},{"@type":"ListItem","position":3,"name":"Lars Eidinger ist Jedermann"}]},{"@type":"WebSite","@id":"https:\/\/www.salzburgerland.com\/de\/magazin\/#website","url":"https:\/\/www.salzburgerland.com\/de\/magazin\/","name":"SalzburgerLand Magazin","description":"Geschichten und Interessantes aus dem SalzburgerLand","publisher":{"@id":"https:\/\/www.salzburgerland.com\/de\/magazin\/#organization"},"potentialAction":[{"@type":"SearchAction","target":{"@type":"EntryPoint","urlTemplate":"https:\/\/www.salzburgerland.com\/de\/magazin\/?s={search_term_string}"},"query-input":{"@type":"PropertyValueSpecification","valueRequired":true,"valueName":"search_term_string"}}],"inLanguage":"de"},{"@type":"Organization","@id":"https:\/\/www.salzburgerland.com\/de\/magazin\/#organization","name":"SalzburgerLand Tourismus","url":"https:\/\/www.salzburgerland.com\/de\/magazin\/","logo":{"@type":"ImageObject","inLanguage":"de","@id":"https:\/\/www.salzburgerland.com\/de\/magazin\/#\/schema\/logo\/image\/","url":"https:\/\/www.salzburgerland.com\/de\/magazin\/wp-content\/uploads\/2019\/06\/salzburgerland-logo1.jpg","contentUrl":"https:\/\/www.salzburgerland.com\/de\/magazin\/wp-content\/uploads\/2019\/06\/salzburgerland-logo1.jpg","width":2011,"height":866,"caption":"SalzburgerLand Tourismus"},"image":{"@id":"https:\/\/www.salzburgerland.com\/de\/magazin\/#\/schema\/logo\/image\/"},"sameAs":["https:\/\/www.facebook.com\/salzburgerland\/","https:\/\/x.com\/Salzburgerland","https:\/\/www.instagram.com\/salzburgerland\/","https:\/\/at.linkedin.com\/company\/salzburgerland-tourismus-gmbh","https:\/\/www.pinterest.at\/salzburgerland\/","https:\/\/www.youtube.com\/user\/salzburgerland","https:\/\/de.wikipedia.org\/wiki\/SalzburgerLand_Tourismus_GmbH"]},{"@type":"Person","@id":"https:\/\/www.salzburgerland.com\/de\/magazin\/#\/schema\/person\/2e0abbe9392136e19ff0d5c5721aea87","name":"G\u00fcnter Baumgartner","url":"https:\/\/www.salzburgerland.com\/de\/magazin\/author\/guenter-baumgartner\/"}]}},"_wl_alt_label":[],"wl:entity_url":"http:\/\/open.salzburgerland.com\/magazin\/post\/lars_eidinger_ist_neuer_jedermann","_links":{"self":[{"href":"https:\/\/www.salzburgerland.com\/de\/magazin\/wp-json\/wp\/v2\/posts\/148613","targetHints":{"allow":["GET"]}}],"collection":[{"href":"https:\/\/www.salzburgerland.com\/de\/magazin\/wp-json\/wp\/v2\/posts"}],"about":[{"href":"https:\/\/www.salzburgerland.com\/de\/magazin\/wp-json\/wp\/v2\/types\/post"}],"author":[{"embeddable":true,"href":"https:\/\/www.salzburgerland.com\/de\/magazin\/wp-json\/wp\/v2\/users\/544"}],"replies":[{"embeddable":true,"href":"https:\/\/www.salzburgerland.com\/de\/magazin\/wp-json\/wp\/v2\/comments?post=148613"}],"version-history":[{"count":5,"href":"https:\/\/www.salzburgerland.com\/de\/magazin\/wp-json\/wp\/v2\/posts\/148613\/revisions"}],"predecessor-version":[{"id":171739,"href":"https:\/\/www.salzburgerland.com\/de\/magazin\/wp-json\/wp\/v2\/posts\/148613\/revisions\/171739"}],"wp:featuredmedia":[{"embeddable":true,"href":"https:\/\/www.salzburgerland.com\/de\/magazin\/wp-json\/wp\/v2\/media\/163887"}],"wp:attachment":[{"href":"https:\/\/www.salzburgerland.com\/de\/magazin\/wp-json\/wp\/v2\/media?parent=148613"}],"wp:term":[{"taxonomy":"category","embeddable":true,"href":"https:\/\/www.salzburgerland.com\/de\/magazin\/wp-json\/wp\/v2\/categories?post=148613"},{"taxonomy":"post_tag","embeddable":true,"href":"https:\/\/www.salzburgerland.com\/de\/magazin\/wp-json\/wp\/v2\/tags?post=148613"},{"taxonomy":"wl_entity_type","embeddable":true,"href":"https:\/\/www.salzburgerland.com\/de\/magazin\/wp-json\/wp\/v2\/wl_entity_type?post=148613"},{"taxonomy":"monatsauswahl","embeddable":true,"href":"https:\/\/www.salzburgerland.com\/de\/magazin\/wp-json\/wp\/v2\/monatsauswahl?post=148613"}],"curies":[{"name":"wp","href":"https:\/\/api.w.org\/{rel}","templated":true}]}}