{"id":148354,"date":"2020-12-09T10:50:07","date_gmt":"2020-12-09T09:50:07","guid":{"rendered":"https:\/\/www.salzburgerland.com\/de\/magazin\/?p=148354"},"modified":"2020-12-15T10:12:38","modified_gmt":"2020-12-15T09:12:38","slug":"oh-tannenbaum-oh-tannenbaum","status":"publish","type":"post","link":"https:\/\/www.salzburgerland.com\/de\/magazin\/oh-tannenbaum-oh-tannenbaum\/","title":{"rendered":"Oh Tannenbaum, oh Tannenbaum"},"content":{"rendered":"\n<div class=\"wp-block-slt-top topBlocks\">\n<h2 class=\"wp-block-slt-subtitle\">Wir holen unseren Christbaum direkt beim Bauern.<\/h2>\n\n\n\n<p class=\"wp-block-slt-intro\">Weihnachten kommt auch in diesem Jahr. Und was gibt es Sch\u00f6neres als das Fest mit der Familie zu verbringen? Gemeinsam <a rel=\"noreferrer noopener\" href=\"https:\/\/www.salzburgerland.com\/de\/magazin\/vanillekipferl-vom-backermeister-thurnhofer\/?noredir\" target=\"_blank\">Vanillekipferl<\/a> und Spitzbuben backen (und naschen), selbst einen leckeren Orangenpunsch machen, mit Strohsternen und glitzernden Weihnachtskugeln die Wohnung dekorieren und den Christbaum schm\u00fccken. Apropos Christbaum: Der kommt wie jedes Jahr direkt vom Bauern aus der Region.<\/p>\n<\/div>\n\n\n\n<p><strong>Sepp Ammerer<\/strong> aus Gro\u00dfarl ist passionierte <strong>Bio-Bergbauer<\/strong> am <a rel=\"noreferrer noopener\" href=\"http:\/\/pfandlinghof.at\/\" target=\"_blank\">Pfandlinghof<\/a>. Irgendwann hat er sich gedacht, dass im Winter in der Landwirtschaft noch Platz f\u00fcr ein neues Hobby w\u00e4re\u2026 So kam ihm beim j\u00e4hrlichen Christbaum-Kauf eine Idee: <strong>Christb\u00e4ume sind die perfekte L\u00f6sung f\u00fcr einen Bauern im Winter.<\/strong>  Im bestehenden kleinen Wald oberhalb seines Hofes wurde kurzerhand Platz geschaffen f\u00fcr viele kleine Christbaum-Pfl\u00e4nzchen. Mittlerweile sind es ca. 3.000 B\u00e4ume auf einer Fl\u00e4che von rund einem halben Hektar &#8211; und das in steilem Gel\u00e4nde.<\/p>\n\n\n\n<figure class=\"wp-block-image size-large\"><img loading=\"lazy\" decoding=\"async\" width=\"972\" height=\"1296\" src=\"https:\/\/www.salzburgerland.com\/de\/magazin\/wp-content\/uploads\/2020\/11\/IMG-20171126-WA0024.jpg\" alt=\"Bauer Sepp bei seinen Christb\u00e4umen \u00a9 Pfandlinghof\" class=\"wp-image-148364\" srcset=\"https:\/\/www.salzburgerland.com\/de\/magazin\/wp-content\/uploads\/2020\/11\/IMG-20171126-WA0024.jpg 972w, https:\/\/www.salzburgerland.com\/de\/magazin\/wp-content\/uploads\/2020\/11\/IMG-20171126-WA0024-225x300.jpg 225w, https:\/\/www.salzburgerland.com\/de\/magazin\/wp-content\/uploads\/2020\/11\/IMG-20171126-WA0024-413x550.jpg 413w, https:\/\/www.salzburgerland.com\/de\/magazin\/wp-content\/uploads\/2020\/11\/IMG-20171126-WA0024-300x400.jpg 300w, https:\/\/www.salzburgerland.com\/de\/magazin\/wp-content\/uploads\/2020\/11\/IMG-20171126-WA0024-640x853.jpg 640w, https:\/\/www.salzburgerland.com\/de\/magazin\/wp-content\/uploads\/2020\/11\/IMG-20171126-WA0024-150x200.jpg 150w\" sizes=\"auto, (max-width: 972px) 100vw, 972px\" \/><figcaption>Bauer Sepp bei seinen Christb\u00e4umen \u00a9 Pfandlinghof<\/figcaption><\/figure>\n\n\n\n<h2 class=\"wp-block-heading\" id=\"h-christbaum-bauer-das-ganze-jahr\"><strong>Christbaum-Bauer das ganze Jahr<\/strong><\/h2>\n\n\n\n<p>So richtig auf Winter beschr\u00e4nkt sich die Arbeit nun aber doch nicht. Die kleinen Pfl\u00e4nzchen werden im Fr\u00fchling gesetzt. Im Sommer m\u00e4ht Bauer Sepp einmal die Wiese am ganzen Gel\u00e4nde &#8211; damit die kleinen B\u00e4umchen nicht unter dem hohen Gras verschwinden.<\/p>\n\n\n\n<p>Zur Unterst\u00fctzung holte er sich einmal auch <strong>Shropshire Schafe<\/strong>. Dies funktioniert aber im Gebirge auf kargen B\u00f6den nicht, da die Tieren im Lauf des Sommers begannen, die leckeren Tannen\u00e4ste anzuknabbern. Im Flachland seien die Schafe aber durchaus eine willkommene Hilfe. <\/p>\n\n\n\n<h2 class=\"wp-block-heading\" id=\"h-die-steilheit-bringt-h-rden-mit\">Die Steilheit bringt H\u00fcrden mit<\/h2>\n\n\n\n<p>Durch die Hanglage brauchen die B\u00e4ume auf dem steilen Untergrund ca. 1 Jahr l\u00e4nger zum Wachsen, da die unterste Reihe Tannen\u00e4ste nicht gleichm\u00e4\u00dfig ist. Da der Christbaum doch f\u00fcr die meisten perfekt sein soll, wird diese Reihe abgeschnitten und diese \u00c4ste einfach als Tannenreisig verwendet.<\/p>\n\n\n\n<figure class=\"wp-block-image size-large\"><img loading=\"lazy\" decoding=\"async\" width=\"1920\" height=\"2560\" src=\"https:\/\/www.salzburgerland.com\/de\/magazin\/wp-content\/uploads\/2020\/11\/IMG_20191221_135832-scaled.jpg\" alt=\"Christbaum ist schon ausgesucht \u00a9 Pfandlinghof\" class=\"wp-image-148360\" srcset=\"https:\/\/www.salzburgerland.com\/de\/magazin\/wp-content\/uploads\/2020\/11\/IMG_20191221_135832-scaled.jpg 1920w, https:\/\/www.salzburgerland.com\/de\/magazin\/wp-content\/uploads\/2020\/11\/IMG_20191221_135832-225x300.jpg 225w, https:\/\/www.salzburgerland.com\/de\/magazin\/wp-content\/uploads\/2020\/11\/IMG_20191221_135832-1152x1536.jpg 1152w, https:\/\/www.salzburgerland.com\/de\/magazin\/wp-content\/uploads\/2020\/11\/IMG_20191221_135832-1536x2048.jpg 1536w, https:\/\/www.salzburgerland.com\/de\/magazin\/wp-content\/uploads\/2020\/11\/IMG_20191221_135832-413x550.jpg 413w, https:\/\/www.salzburgerland.com\/de\/magazin\/wp-content\/uploads\/2020\/11\/IMG_20191221_135832-300x400.jpg 300w, https:\/\/www.salzburgerland.com\/de\/magazin\/wp-content\/uploads\/2020\/11\/IMG_20191221_135832-1320x1760.jpg 1320w, https:\/\/www.salzburgerland.com\/de\/magazin\/wp-content\/uploads\/2020\/11\/IMG_20191221_135832-640x853.jpg 640w, https:\/\/www.salzburgerland.com\/de\/magazin\/wp-content\/uploads\/2020\/11\/IMG_20191221_135832-150x200.jpg 150w\" sizes=\"auto, (max-width: 1920px) 100vw, 1920px\" \/><figcaption>Christbaum ist schon ausgesucht \u00a9 Pfandlinghof<\/figcaption><\/figure>\n\n\n\n<p>Am Anfang des Winters hei\u00dft es dann, B\u00e4ume schneiden und zum Hof bringen, das <strong>Tannenreisig<\/strong> herstellen und verkaufen. Jeder verkaufte Christbaum bekommt als Qualit\u00e4tsmerkmal eine Schlaufe der Salzburger Christbaumproduzenten umgeh\u00e4ngt. Diese garantiert, dass der Baum frisch geschnitten ist und dass er ausschlie\u00dflich aus heimischer Produktion stammt. Daher ist Sepp auch seit 3 Jahren Mitglied bei den <strong>Salzburger Christbaumproduzenten<\/strong>. Christbaumk\u00e4ufer, die das echte Erlebnis suchen, k\u00f6nnen sich ihren Baum auch direkt in der Plantage aussuchen und selber umschneiden.<\/p>\n\n\n\n<h2 class=\"wp-block-heading\" id=\"h-das-leben-eines-christbaumes\"><strong>Das Leben eines Christbaumes<\/strong><\/h2>\n\n\n\n<p>Nach liebevollem Anbau erh\u00e4lt Christbaum-Bauer Sepp die bereits 4-j\u00e4hrigen Tannenpfl\u00e4nzchen von anderen Christbaum-Z\u00fcchtern. Danach verbringen sie <strong>7 bis 10 Jahre<\/strong> am Pfandlinghof. <strong>Ein ca. 2 m hoher Tannenbaum ist somit 11 bis 15 Jahre alt.<\/strong> Jetzt hofft er auf ein sch\u00f6nes Finale als festlich geschm\u00fcckter Weihnachtsbaum. Seine gr\u00f6\u00dften Ziele sind es,  Kinderherzen schneller schlagen zu lassen und strahlende Kinderaugen in die Wohnzimmer zu zaubern.<\/p>\n\n\n\n<figure class=\"wp-block-image size-large\"><img loading=\"lazy\" decoding=\"async\" width=\"1920\" height=\"2560\" src=\"https:\/\/www.salzburgerland.com\/de\/magazin\/wp-content\/uploads\/2020\/11\/IMG_20191221_135916-scaled.jpg\" alt=\"Jetzt wird ges\u00e4gt \u00a9 Pfandlinghof\" class=\"wp-image-148361\" srcset=\"https:\/\/www.salzburgerland.com\/de\/magazin\/wp-content\/uploads\/2020\/11\/IMG_20191221_135916-scaled.jpg 1920w, https:\/\/www.salzburgerland.com\/de\/magazin\/wp-content\/uploads\/2020\/11\/IMG_20191221_135916-225x300.jpg 225w, https:\/\/www.salzburgerland.com\/de\/magazin\/wp-content\/uploads\/2020\/11\/IMG_20191221_135916-1152x1536.jpg 1152w, https:\/\/www.salzburgerland.com\/de\/magazin\/wp-content\/uploads\/2020\/11\/IMG_20191221_135916-1536x2048.jpg 1536w, https:\/\/www.salzburgerland.com\/de\/magazin\/wp-content\/uploads\/2020\/11\/IMG_20191221_135916-413x550.jpg 413w, https:\/\/www.salzburgerland.com\/de\/magazin\/wp-content\/uploads\/2020\/11\/IMG_20191221_135916-300x400.jpg 300w, https:\/\/www.salzburgerland.com\/de\/magazin\/wp-content\/uploads\/2020\/11\/IMG_20191221_135916-1320x1760.jpg 1320w, https:\/\/www.salzburgerland.com\/de\/magazin\/wp-content\/uploads\/2020\/11\/IMG_20191221_135916-640x853.jpg 640w, https:\/\/www.salzburgerland.com\/de\/magazin\/wp-content\/uploads\/2020\/11\/IMG_20191221_135916-150x200.jpg 150w\" sizes=\"auto, (max-width: 1920px) 100vw, 1920px\" \/><figcaption>Jetzt wird ges\u00e4gt \u00a9 Pfandlinghof<\/figcaption><\/figure>\n\n\n\n<h2 class=\"wp-block-heading\" id=\"h-nordmanntanne-wei-tanne-coloradotanne-alles-aus-der-region\"><strong>Nordmanntanne, Wei\u00dftanne, Coloradotanne \u2013 alles aus der Region<\/strong><\/h2>\n\n\n\n<p>Bei Christbaum-Bauer Sepp kann man zwischen <strong>Nordmanntanne, Wei\u00dftanne <\/strong>oder<strong> Coloradotanne<\/strong> w\u00e4hlen. Zu kaufen gibt es die regionalen B\u00e4ume im Advent immer Freitag bis Sonntag ab Hof. (Ellmau 1, 5611 Gro\u00dfarl).<\/p>\n\n\n\n<figure class=\"wp-block-image size-large\"><img loading=\"lazy\" decoding=\"async\" width=\"1920\" height=\"2560\" src=\"https:\/\/www.salzburgerland.com\/de\/magazin\/wp-content\/uploads\/2020\/11\/IMG_20191221_135943-scaled.jpg\" alt=\"Eine Person in Winterkleidung steht bei starkem Schneefall in einem Wald zwischen schneebedeckten Christbaumkiefern.\" class=\"wp-image-148362\" srcset=\"https:\/\/www.salzburgerland.com\/de\/magazin\/wp-content\/uploads\/2020\/11\/IMG_20191221_135943-scaled.jpg 1920w, https:\/\/www.salzburgerland.com\/de\/magazin\/wp-content\/uploads\/2020\/11\/IMG_20191221_135943-225x300.jpg 225w, https:\/\/www.salzburgerland.com\/de\/magazin\/wp-content\/uploads\/2020\/11\/IMG_20191221_135943-1152x1536.jpg 1152w, https:\/\/www.salzburgerland.com\/de\/magazin\/wp-content\/uploads\/2020\/11\/IMG_20191221_135943-1536x2048.jpg 1536w, https:\/\/www.salzburgerland.com\/de\/magazin\/wp-content\/uploads\/2020\/11\/IMG_20191221_135943-413x550.jpg 413w, https:\/\/www.salzburgerland.com\/de\/magazin\/wp-content\/uploads\/2020\/11\/IMG_20191221_135943-300x400.jpg 300w, https:\/\/www.salzburgerland.com\/de\/magazin\/wp-content\/uploads\/2020\/11\/IMG_20191221_135943-1320x1760.jpg 1320w, https:\/\/www.salzburgerland.com\/de\/magazin\/wp-content\/uploads\/2020\/11\/IMG_20191221_135943-640x853.jpg 640w, https:\/\/www.salzburgerland.com\/de\/magazin\/wp-content\/uploads\/2020\/11\/IMG_20191221_135943-150x200.jpg 150w\" sizes=\"auto, (max-width: 1920px) 100vw, 1920px\" \/><figcaption>Christbaum holen im Schneegest\u00f6ber \u00a9 Pfandlinghof<\/figcaption><\/figure>\n\n\n\n<p>Hier haben wir noch eine <a href=\"https:\/\/www.salzburgschmeckt.at\/geschichte\/unser-christbaum-kommt-aus-salzburg-115\" target=\"_blank\" rel=\"noreferrer noopener\">Liste <\/a>zusammengestellt, wo man in Salzburg regionale Christb\u00e4ume kaufen kann. <\/p>\n\n\n","protected":false},"excerpt":{"rendered":"<p>Sepp Ammerer aus Gro\u00dfarl ist passionierte Bio-Bergbauer am Pfandlinghof. Irgendwann hat er sich gedacht, dass im Winter in der Landwirtschaft noch Platz f\u00fcr ein neues Hobby w\u00e4re\u2026 So kam ihm beim j\u00e4hrlichen Christbaum-Kauf eine Idee: Christb\u00e4ume sind die perfekte L\u00f6sung f\u00fcr einen Bauern im Winter. Im bestehenden kleinen Wald oberhalb seines Hofes wurde kurzerhand Platz [&hellip;]<\/p>\n","protected":false},"author":564,"featured_media":148359,"comment_status":"open","ping_status":"closed","sticky":false,"template":"","format":"standard","meta":{"_acf_changed":false,"wl_entities_gutenberg":"","_wl_entity_redirect_enabled":"","footnotes":""},"categories":[6],"tags":[5979,5977,221,5978,5980],"wl_entity_type":[306],"monatsauswahl":[93],"class_list":["post-148354","post","type-post","status-publish","format-standard","has-post-thumbnail","hentry","category-kunst-kultur","tag-bio-bauer","tag-christbaum","tag-grossarl","tag-pfandlinghof","tag-weihnachten","wl_entity_type-article","monatsauswahl-monat_12"],"acf":[],"yoast_head":"<!-- This site is optimized with the Yoast SEO Premium plugin v27.4 (Yoast SEO v27.4) - https:\/\/yoast.com\/product\/yoast-seo-premium-wordpress\/ -->\n<title>Oh Tannenbaum, oh Tannenbaum - Christbaum regional kaufen<\/title>\n<meta name=\"description\" content=\"Den Christbaum ? regional kaufen k\u00f6nnt ihr bei den Salzburger Christbaumproduzenten ? . Wir durften mit Bauer Sepp begleiten ?\" \/>\n<meta name=\"robots\" content=\"index, follow, max-snippet:-1, max-image-preview:large, max-video-preview:-1\" \/>\n<link rel=\"canonical\" href=\"https:\/\/www.salzburgerland.com\/de\/magazin\/oh-tannenbaum-oh-tannenbaum\/\" \/>\n<meta property=\"og:locale\" content=\"de_DE\" \/>\n<meta property=\"og:type\" content=\"article\" \/>\n<meta property=\"og:title\" content=\"Oh Tannenbaum, oh Tannenbaum\" \/>\n<meta property=\"og:description\" content=\"Den Christbaum ? regional kaufen k\u00f6nnt ihr bei den Salzburger Christbaumproduzenten ? . Wir durften mit Bauer Sepp begleiten ?\" \/>\n<meta property=\"og:url\" content=\"https:\/\/www.salzburgerland.com\/de\/magazin\/oh-tannenbaum-oh-tannenbaum\/\" \/>\n<meta property=\"og:site_name\" content=\"SalzburgerLand Magazin\" \/>\n<meta property=\"article:publisher\" content=\"https:\/\/www.facebook.com\/salzburgerland\/\" \/>\n<meta property=\"article:published_time\" content=\"2020-12-09T09:50:07+00:00\" \/>\n<meta property=\"article:modified_time\" content=\"2020-12-15T09:12:38+00:00\" \/>\n<meta property=\"og:image\" content=\"https:\/\/www.salzburgerland.com\/de\/magazin\/wp-content\/uploads\/2020\/11\/DSC_0013-scaled.jpg\" \/>\n\t<meta property=\"og:image:width\" content=\"2560\" \/>\n\t<meta property=\"og:image:height\" content=\"1718\" \/>\n\t<meta property=\"og:image:type\" content=\"image\/jpeg\" \/>\n<meta name=\"author\" content=\"Barbara Pirchner\" \/>\n<meta name=\"twitter:card\" content=\"summary_large_image\" \/>\n<meta name=\"twitter:creator\" content=\"@Salzburgerland\" \/>\n<meta name=\"twitter:site\" content=\"@Salzburgerland\" \/>\n<meta name=\"twitter:label1\" content=\"Verfasst von\" \/>\n\t<meta name=\"twitter:data1\" content=\"Barbara Pirchner\" \/>\n\t<meta name=\"twitter:label2\" content=\"Gesch\u00e4tzte Lesezeit\" \/>\n\t<meta name=\"twitter:data2\" content=\"3\u00a0Minuten\" \/>\n<script type=\"application\/ld+json\" class=\"yoast-schema-graph\">{\"@context\":\"https:\\\/\\\/schema.org\",\"@graph\":[{\"@type\":\"Article\",\"@id\":\"https:\\\/\\\/www.salzburgerland.com\\\/de\\\/magazin\\\/oh-tannenbaum-oh-tannenbaum\\\/#article\",\"isPartOf\":{\"@id\":\"https:\\\/\\\/www.salzburgerland.com\\\/de\\\/magazin\\\/oh-tannenbaum-oh-tannenbaum\\\/\"},\"author\":{\"name\":\"Barbara Pirchner\",\"@id\":\"https:\\\/\\\/www.salzburgerland.com\\\/de\\\/magazin\\\/#\\\/schema\\\/person\\\/1e4d0c967a02c339e6c85f8c3f38b89a\"},\"headline\":\"Oh Tannenbaum, oh Tannenbaum\",\"datePublished\":\"2020-12-09T09:50:07+00:00\",\"dateModified\":\"2020-12-15T09:12:38+00:00\",\"mainEntityOfPage\":{\"@id\":\"https:\\\/\\\/www.salzburgerland.com\\\/de\\\/magazin\\\/oh-tannenbaum-oh-tannenbaum\\\/\"},\"wordCount\":541,\"commentCount\":0,\"publisher\":{\"@id\":\"https:\\\/\\\/www.salzburgerland.com\\\/de\\\/magazin\\\/#organization\"},\"image\":{\"@id\":\"https:\\\/\\\/www.salzburgerland.com\\\/de\\\/magazin\\\/oh-tannenbaum-oh-tannenbaum\\\/#primaryimage\"},\"thumbnailUrl\":\"https:\\\/\\\/www.salzburgerland.com\\\/de\\\/magazin\\\/wp-content\\\/uploads\\\/2020\\\/11\\\/DSC_0013-scaled.jpg\",\"keywords\":[\"bio-bauer\",\"christbaum\",\"Gro\u00dfarl\",\"pfandlinghof\",\"weihnachten\"],\"articleSection\":[\"Kunst &amp; Kultur\"],\"inLanguage\":\"de\",\"potentialAction\":[{\"@type\":\"CommentAction\",\"name\":\"Comment\",\"target\":[\"https:\\\/\\\/www.salzburgerland.com\\\/de\\\/magazin\\\/oh-tannenbaum-oh-tannenbaum\\\/#respond\"]}]},{\"@type\":\"WebPage\",\"@id\":\"https:\\\/\\\/www.salzburgerland.com\\\/de\\\/magazin\\\/oh-tannenbaum-oh-tannenbaum\\\/\",\"url\":\"https:\\\/\\\/www.salzburgerland.com\\\/de\\\/magazin\\\/oh-tannenbaum-oh-tannenbaum\\\/\",\"name\":\"Oh Tannenbaum, oh Tannenbaum - Christbaum regional kaufen\",\"isPartOf\":{\"@id\":\"https:\\\/\\\/www.salzburgerland.com\\\/de\\\/magazin\\\/#website\"},\"primaryImageOfPage\":{\"@id\":\"https:\\\/\\\/www.salzburgerland.com\\\/de\\\/magazin\\\/oh-tannenbaum-oh-tannenbaum\\\/#primaryimage\"},\"image\":{\"@id\":\"https:\\\/\\\/www.salzburgerland.com\\\/de\\\/magazin\\\/oh-tannenbaum-oh-tannenbaum\\\/#primaryimage\"},\"thumbnailUrl\":\"https:\\\/\\\/www.salzburgerland.com\\\/de\\\/magazin\\\/wp-content\\\/uploads\\\/2020\\\/11\\\/DSC_0013-scaled.jpg\",\"datePublished\":\"2020-12-09T09:50:07+00:00\",\"dateModified\":\"2020-12-15T09:12:38+00:00\",\"description\":\"Den Christbaum ? regional kaufen k\u00f6nnt ihr bei den Salzburger Christbaumproduzenten ? . Wir durften mit Bauer Sepp begleiten ?\",\"breadcrumb\":{\"@id\":\"https:\\\/\\\/www.salzburgerland.com\\\/de\\\/magazin\\\/oh-tannenbaum-oh-tannenbaum\\\/#breadcrumb\"},\"inLanguage\":\"de\",\"potentialAction\":[{\"@type\":\"ReadAction\",\"target\":[\"https:\\\/\\\/www.salzburgerland.com\\\/de\\\/magazin\\\/oh-tannenbaum-oh-tannenbaum\\\/\"]}]},{\"@type\":\"ImageObject\",\"inLanguage\":\"de\",\"@id\":\"https:\\\/\\\/www.salzburgerland.com\\\/de\\\/magazin\\\/oh-tannenbaum-oh-tannenbaum\\\/#primaryimage\",\"url\":\"https:\\\/\\\/www.salzburgerland.com\\\/de\\\/magazin\\\/wp-content\\\/uploads\\\/2020\\\/11\\\/DSC_0013-scaled.jpg\",\"contentUrl\":\"https:\\\/\\\/www.salzburgerland.com\\\/de\\\/magazin\\\/wp-content\\\/uploads\\\/2020\\\/11\\\/DSC_0013-scaled.jpg\",\"width\":2560,\"height\":1718,\"caption\":\"Christbaum holen im Schneegest\u00f6ber \u00a9 Pfandlinghof\"},{\"@type\":\"BreadcrumbList\",\"@id\":\"https:\\\/\\\/www.salzburgerland.com\\\/de\\\/magazin\\\/oh-tannenbaum-oh-tannenbaum\\\/#breadcrumb\",\"itemListElement\":[{\"@type\":\"ListItem\",\"position\":1,\"name\":\"Startseite\",\"item\":\"https:\\\/\\\/www.salzburgerland.com\\\/de\\\/magazin\\\/\"},{\"@type\":\"ListItem\",\"position\":2,\"name\":\"Kunst &amp; Kultur\",\"item\":\"https:\\\/\\\/www.salzburgerland.com\\\/de\\\/magazin\\\/thema\\\/kunst-kultur\\\/\"},{\"@type\":\"ListItem\",\"position\":3,\"name\":\"Oh Tannenbaum, oh Tannenbaum\"}]},{\"@type\":\"WebSite\",\"@id\":\"https:\\\/\\\/www.salzburgerland.com\\\/de\\\/magazin\\\/#website\",\"url\":\"https:\\\/\\\/www.salzburgerland.com\\\/de\\\/magazin\\\/\",\"name\":\"SalzburgerLand Magazin\",\"description\":\"Geschichten und Interessantes aus dem SalzburgerLand\",\"publisher\":{\"@id\":\"https:\\\/\\\/www.salzburgerland.com\\\/de\\\/magazin\\\/#organization\"},\"potentialAction\":[{\"@type\":\"SearchAction\",\"target\":{\"@type\":\"EntryPoint\",\"urlTemplate\":\"https:\\\/\\\/www.salzburgerland.com\\\/de\\\/magazin\\\/?s={search_term_string}\"},\"query-input\":{\"@type\":\"PropertyValueSpecification\",\"valueRequired\":true,\"valueName\":\"search_term_string\"}}],\"inLanguage\":\"de\"},{\"@type\":\"Organization\",\"@id\":\"https:\\\/\\\/www.salzburgerland.com\\\/de\\\/magazin\\\/#organization\",\"name\":\"SalzburgerLand Tourismus\",\"url\":\"https:\\\/\\\/www.salzburgerland.com\\\/de\\\/magazin\\\/\",\"logo\":{\"@type\":\"ImageObject\",\"inLanguage\":\"de\",\"@id\":\"https:\\\/\\\/www.salzburgerland.com\\\/de\\\/magazin\\\/#\\\/schema\\\/logo\\\/image\\\/\",\"url\":\"https:\\\/\\\/www.salzburgerland.com\\\/de\\\/magazin\\\/wp-content\\\/uploads\\\/2019\\\/06\\\/salzburgerland-logo1.jpg\",\"contentUrl\":\"https:\\\/\\\/www.salzburgerland.com\\\/de\\\/magazin\\\/wp-content\\\/uploads\\\/2019\\\/06\\\/salzburgerland-logo1.jpg\",\"width\":2011,\"height\":866,\"caption\":\"SalzburgerLand Tourismus\"},\"image\":{\"@id\":\"https:\\\/\\\/www.salzburgerland.com\\\/de\\\/magazin\\\/#\\\/schema\\\/logo\\\/image\\\/\"},\"sameAs\":[\"https:\\\/\\\/www.facebook.com\\\/salzburgerland\\\/\",\"https:\\\/\\\/x.com\\\/Salzburgerland\",\"https:\\\/\\\/www.instagram.com\\\/salzburgerland\\\/\",\"https:\\\/\\\/at.linkedin.com\\\/company\\\/salzburgerland-tourismus-gmbh\",\"https:\\\/\\\/www.pinterest.at\\\/salzburgerland\\\/\",\"https:\\\/\\\/www.youtube.com\\\/user\\\/salzburgerland\",\"https:\\\/\\\/de.wikipedia.org\\\/wiki\\\/SalzburgerLand_Tourismus_GmbH\"]},{\"@type\":\"Person\",\"@id\":\"https:\\\/\\\/www.salzburgerland.com\\\/de\\\/magazin\\\/#\\\/schema\\\/person\\\/1e4d0c967a02c339e6c85f8c3f38b89a\",\"name\":\"Barbara Pirchner\",\"description\":\"Reisen sieht Barbara Pirchner als ein gro\u00dfes Geschenk. Es gibt so viele tolle M\u00f6glichkeiten, wie sie die Welt entdeckt. Und wenn sie nicht unterwegs ist, erkundet sie ihre Heimat. F\u00fcr sie ist es ihr zuhause, f\u00fcr euch der Urlaubsort. Gerne nimmt sie euch hier im Magazin mit und berichtet \u00fcber die sch\u00f6nsten Orte, die lustigsten Aktivit\u00e4ten oder die entspannendsten Momente im SalzburgerLand. Nach dem Studium und jahrelanger Erfahrung im Tourismusmarketing schreibt Barbara Pirchner jetzt f\u00fcr Tourismusbetriebe. Dosige oder Zuagroast? Eindeutig a Dosige. Geboren, aufgewachsen und wohnhaft in der Salzburger Bergwelt. Jedoch jederzeit offen, was anderes von der Welt zu sehen sowie andere Kulturen und L\u00e4nder kennenzulernen \u2013 und danach die sch\u00f6nen Kleinigkeiten in der Heimat wieder mehr wertsch\u00e4tzen zu k\u00f6nnen. Salzburger Nockerl oder Schwarzbeernocken? Bei Schwarzbeernocken kribbeln meine Geschmacksknospen. Haubenlokal oder Ab-Hof-Laden? Hm. Schwere Entscheidung. Am besten alles zu seiner Zeit. K\u00f6stliche Produkte im Ab-Hof-Laden kaufen zum selber Kochen oder sich verw\u00f6hnen lassen im Haubenlokal. Kochen, schlemmen und schnabulieren - damit kann ich mich identifizieren :) Wellness oder Mountainbike? Zuerst eine sch\u00f6ne Mountainbiketour, danach zum Entspannen in den Wellnessbereich. Alpinski, Offpist oder Skitour? Alles. Am besten auf einmal und das ganze Jahr. Als Winterm\u00e4dchen sehne ich mich nach den ersten Schnee. Und dann das ganze Programm. Dirndl oder Bustierkleid? Dirndl. Liebend gern.\",\"sameAs\":[\"https:\\\/\\\/www.barbara-pirchner.com\\\/\",\"https:\\\/\\\/www.linkedin.com\\\/in\\\/barbara-pirchner-573031120\\\/\"],\"url\":\"https:\\\/\\\/www.salzburgerland.com\\\/de\\\/magazin\\\/author\\\/barbara-pirchner\\\/\"}]}<\/script>\n<!-- \/ Yoast SEO Premium plugin. -->","yoast_head_json":{"title":"Oh Tannenbaum, oh Tannenbaum - Christbaum regional kaufen","description":"Den Christbaum ? regional kaufen k\u00f6nnt ihr bei den Salzburger Christbaumproduzenten ? . Wir durften mit Bauer Sepp begleiten ?","robots":{"index":"index","follow":"follow","max-snippet":"max-snippet:-1","max-image-preview":"max-image-preview:large","max-video-preview":"max-video-preview:-1"},"canonical":"https:\/\/www.salzburgerland.com\/de\/magazin\/oh-tannenbaum-oh-tannenbaum\/","og_locale":"de_DE","og_type":"article","og_title":"Oh Tannenbaum, oh Tannenbaum","og_description":"Den Christbaum ? regional kaufen k\u00f6nnt ihr bei den Salzburger Christbaumproduzenten ? . Wir durften mit Bauer Sepp begleiten ?","og_url":"https:\/\/www.salzburgerland.com\/de\/magazin\/oh-tannenbaum-oh-tannenbaum\/","og_site_name":"SalzburgerLand Magazin","article_publisher":"https:\/\/www.facebook.com\/salzburgerland\/","article_published_time":"2020-12-09T09:50:07+00:00","article_modified_time":"2020-12-15T09:12:38+00:00","og_image":[{"width":2560,"height":1718,"url":"https:\/\/www.salzburgerland.com\/de\/magazin\/wp-content\/uploads\/2020\/11\/DSC_0013-scaled.jpg","type":"image\/jpeg"}],"author":"Barbara Pirchner","twitter_card":"summary_large_image","twitter_creator":"@Salzburgerland","twitter_site":"@Salzburgerland","twitter_misc":{"Verfasst von":"Barbara Pirchner","Gesch\u00e4tzte Lesezeit":"3\u00a0Minuten"},"schema":{"@context":"https:\/\/schema.org","@graph":[{"@type":"Article","@id":"https:\/\/www.salzburgerland.com\/de\/magazin\/oh-tannenbaum-oh-tannenbaum\/#article","isPartOf":{"@id":"https:\/\/www.salzburgerland.com\/de\/magazin\/oh-tannenbaum-oh-tannenbaum\/"},"author":{"name":"Barbara Pirchner","@id":"https:\/\/www.salzburgerland.com\/de\/magazin\/#\/schema\/person\/1e4d0c967a02c339e6c85f8c3f38b89a"},"headline":"Oh Tannenbaum, oh Tannenbaum","datePublished":"2020-12-09T09:50:07+00:00","dateModified":"2020-12-15T09:12:38+00:00","mainEntityOfPage":{"@id":"https:\/\/www.salzburgerland.com\/de\/magazin\/oh-tannenbaum-oh-tannenbaum\/"},"wordCount":541,"commentCount":0,"publisher":{"@id":"https:\/\/www.salzburgerland.com\/de\/magazin\/#organization"},"image":{"@id":"https:\/\/www.salzburgerland.com\/de\/magazin\/oh-tannenbaum-oh-tannenbaum\/#primaryimage"},"thumbnailUrl":"https:\/\/www.salzburgerland.com\/de\/magazin\/wp-content\/uploads\/2020\/11\/DSC_0013-scaled.jpg","keywords":["bio-bauer","christbaum","Gro\u00dfarl","pfandlinghof","weihnachten"],"articleSection":["Kunst &amp; Kultur"],"inLanguage":"de","potentialAction":[{"@type":"CommentAction","name":"Comment","target":["https:\/\/www.salzburgerland.com\/de\/magazin\/oh-tannenbaum-oh-tannenbaum\/#respond"]}]},{"@type":"WebPage","@id":"https:\/\/www.salzburgerland.com\/de\/magazin\/oh-tannenbaum-oh-tannenbaum\/","url":"https:\/\/www.salzburgerland.com\/de\/magazin\/oh-tannenbaum-oh-tannenbaum\/","name":"Oh Tannenbaum, oh Tannenbaum - Christbaum regional kaufen","isPartOf":{"@id":"https:\/\/www.salzburgerland.com\/de\/magazin\/#website"},"primaryImageOfPage":{"@id":"https:\/\/www.salzburgerland.com\/de\/magazin\/oh-tannenbaum-oh-tannenbaum\/#primaryimage"},"image":{"@id":"https:\/\/www.salzburgerland.com\/de\/magazin\/oh-tannenbaum-oh-tannenbaum\/#primaryimage"},"thumbnailUrl":"https:\/\/www.salzburgerland.com\/de\/magazin\/wp-content\/uploads\/2020\/11\/DSC_0013-scaled.jpg","datePublished":"2020-12-09T09:50:07+00:00","dateModified":"2020-12-15T09:12:38+00:00","description":"Den Christbaum ? regional kaufen k\u00f6nnt ihr bei den Salzburger Christbaumproduzenten ? . Wir durften mit Bauer Sepp begleiten ?","breadcrumb":{"@id":"https:\/\/www.salzburgerland.com\/de\/magazin\/oh-tannenbaum-oh-tannenbaum\/#breadcrumb"},"inLanguage":"de","potentialAction":[{"@type":"ReadAction","target":["https:\/\/www.salzburgerland.com\/de\/magazin\/oh-tannenbaum-oh-tannenbaum\/"]}]},{"@type":"ImageObject","inLanguage":"de","@id":"https:\/\/www.salzburgerland.com\/de\/magazin\/oh-tannenbaum-oh-tannenbaum\/#primaryimage","url":"https:\/\/www.salzburgerland.com\/de\/magazin\/wp-content\/uploads\/2020\/11\/DSC_0013-scaled.jpg","contentUrl":"https:\/\/www.salzburgerland.com\/de\/magazin\/wp-content\/uploads\/2020\/11\/DSC_0013-scaled.jpg","width":2560,"height":1718,"caption":"Christbaum holen im Schneegest\u00f6ber \u00a9 Pfandlinghof"},{"@type":"BreadcrumbList","@id":"https:\/\/www.salzburgerland.com\/de\/magazin\/oh-tannenbaum-oh-tannenbaum\/#breadcrumb","itemListElement":[{"@type":"ListItem","position":1,"name":"Startseite","item":"https:\/\/www.salzburgerland.com\/de\/magazin\/"},{"@type":"ListItem","position":2,"name":"Kunst &amp; Kultur","item":"https:\/\/www.salzburgerland.com\/de\/magazin\/thema\/kunst-kultur\/"},{"@type":"ListItem","position":3,"name":"Oh Tannenbaum, oh Tannenbaum"}]},{"@type":"WebSite","@id":"https:\/\/www.salzburgerland.com\/de\/magazin\/#website","url":"https:\/\/www.salzburgerland.com\/de\/magazin\/","name":"SalzburgerLand Magazin","description":"Geschichten und Interessantes aus dem SalzburgerLand","publisher":{"@id":"https:\/\/www.salzburgerland.com\/de\/magazin\/#organization"},"potentialAction":[{"@type":"SearchAction","target":{"@type":"EntryPoint","urlTemplate":"https:\/\/www.salzburgerland.com\/de\/magazin\/?s={search_term_string}"},"query-input":{"@type":"PropertyValueSpecification","valueRequired":true,"valueName":"search_term_string"}}],"inLanguage":"de"},{"@type":"Organization","@id":"https:\/\/www.salzburgerland.com\/de\/magazin\/#organization","name":"SalzburgerLand Tourismus","url":"https:\/\/www.salzburgerland.com\/de\/magazin\/","logo":{"@type":"ImageObject","inLanguage":"de","@id":"https:\/\/www.salzburgerland.com\/de\/magazin\/#\/schema\/logo\/image\/","url":"https:\/\/www.salzburgerland.com\/de\/magazin\/wp-content\/uploads\/2019\/06\/salzburgerland-logo1.jpg","contentUrl":"https:\/\/www.salzburgerland.com\/de\/magazin\/wp-content\/uploads\/2019\/06\/salzburgerland-logo1.jpg","width":2011,"height":866,"caption":"SalzburgerLand Tourismus"},"image":{"@id":"https:\/\/www.salzburgerland.com\/de\/magazin\/#\/schema\/logo\/image\/"},"sameAs":["https:\/\/www.facebook.com\/salzburgerland\/","https:\/\/x.com\/Salzburgerland","https:\/\/www.instagram.com\/salzburgerland\/","https:\/\/at.linkedin.com\/company\/salzburgerland-tourismus-gmbh","https:\/\/www.pinterest.at\/salzburgerland\/","https:\/\/www.youtube.com\/user\/salzburgerland","https:\/\/de.wikipedia.org\/wiki\/SalzburgerLand_Tourismus_GmbH"]},{"@type":"Person","@id":"https:\/\/www.salzburgerland.com\/de\/magazin\/#\/schema\/person\/1e4d0c967a02c339e6c85f8c3f38b89a","name":"Barbara Pirchner","description":"Reisen sieht Barbara Pirchner als ein gro\u00dfes Geschenk. Es gibt so viele tolle M\u00f6glichkeiten, wie sie die Welt entdeckt. Und wenn sie nicht unterwegs ist, erkundet sie ihre Heimat. F\u00fcr sie ist es ihr zuhause, f\u00fcr euch der Urlaubsort. Gerne nimmt sie euch hier im Magazin mit und berichtet \u00fcber die sch\u00f6nsten Orte, die lustigsten Aktivit\u00e4ten oder die entspannendsten Momente im SalzburgerLand. Nach dem Studium und jahrelanger Erfahrung im Tourismusmarketing schreibt Barbara Pirchner jetzt f\u00fcr Tourismusbetriebe. Dosige oder Zuagroast? Eindeutig a Dosige. Geboren, aufgewachsen und wohnhaft in der Salzburger Bergwelt. Jedoch jederzeit offen, was anderes von der Welt zu sehen sowie andere Kulturen und L\u00e4nder kennenzulernen \u2013 und danach die sch\u00f6nen Kleinigkeiten in der Heimat wieder mehr wertsch\u00e4tzen zu k\u00f6nnen. Salzburger Nockerl oder Schwarzbeernocken? Bei Schwarzbeernocken kribbeln meine Geschmacksknospen. Haubenlokal oder Ab-Hof-Laden? Hm. Schwere Entscheidung. Am besten alles zu seiner Zeit. K\u00f6stliche Produkte im Ab-Hof-Laden kaufen zum selber Kochen oder sich verw\u00f6hnen lassen im Haubenlokal. Kochen, schlemmen und schnabulieren - damit kann ich mich identifizieren :) Wellness oder Mountainbike? Zuerst eine sch\u00f6ne Mountainbiketour, danach zum Entspannen in den Wellnessbereich. Alpinski, Offpist oder Skitour? Alles. Am besten auf einmal und das ganze Jahr. Als Winterm\u00e4dchen sehne ich mich nach den ersten Schnee. Und dann das ganze Programm. Dirndl oder Bustierkleid? Dirndl. Liebend gern.","sameAs":["https:\/\/www.barbara-pirchner.com\/","https:\/\/www.linkedin.com\/in\/barbara-pirchner-573031120\/"],"url":"https:\/\/www.salzburgerland.com\/de\/magazin\/author\/barbara-pirchner\/"}]}},"_wl_alt_label":[],"wl:entity_url":"http:\/\/open.salzburgerland.com\/magazin\/post\/oh_tannenbaum__oh_tannenbaum","_links":{"self":[{"href":"https:\/\/www.salzburgerland.com\/de\/magazin\/wp-json\/wp\/v2\/posts\/148354","targetHints":{"allow":["GET"]}}],"collection":[{"href":"https:\/\/www.salzburgerland.com\/de\/magazin\/wp-json\/wp\/v2\/posts"}],"about":[{"href":"https:\/\/www.salzburgerland.com\/de\/magazin\/wp-json\/wp\/v2\/types\/post"}],"author":[{"embeddable":true,"href":"https:\/\/www.salzburgerland.com\/de\/magazin\/wp-json\/wp\/v2\/users\/564"}],"replies":[{"embeddable":true,"href":"https:\/\/www.salzburgerland.com\/de\/magazin\/wp-json\/wp\/v2\/comments?post=148354"}],"version-history":[{"count":5,"href":"https:\/\/www.salzburgerland.com\/de\/magazin\/wp-json\/wp\/v2\/posts\/148354\/revisions"}],"predecessor-version":[{"id":148743,"href":"https:\/\/www.salzburgerland.com\/de\/magazin\/wp-json\/wp\/v2\/posts\/148354\/revisions\/148743"}],"wp:featuredmedia":[{"embeddable":true,"href":"https:\/\/www.salzburgerland.com\/de\/magazin\/wp-json\/wp\/v2\/media\/148359"}],"wp:attachment":[{"href":"https:\/\/www.salzburgerland.com\/de\/magazin\/wp-json\/wp\/v2\/media?parent=148354"}],"wp:term":[{"taxonomy":"category","embeddable":true,"href":"https:\/\/www.salzburgerland.com\/de\/magazin\/wp-json\/wp\/v2\/categories?post=148354"},{"taxonomy":"post_tag","embeddable":true,"href":"https:\/\/www.salzburgerland.com\/de\/magazin\/wp-json\/wp\/v2\/tags?post=148354"},{"taxonomy":"wl_entity_type","embeddable":true,"href":"https:\/\/www.salzburgerland.com\/de\/magazin\/wp-json\/wp\/v2\/wl_entity_type?post=148354"},{"taxonomy":"monatsauswahl","embeddable":true,"href":"https:\/\/www.salzburgerland.com\/de\/magazin\/wp-json\/wp\/v2\/monatsauswahl?post=148354"}],"curies":[{"name":"wp","href":"https:\/\/api.w.org\/{rel}","templated":true}]}}