{"id":147608,"date":"2025-10-20T08:00:00","date_gmt":"2025-10-20T06:00:00","guid":{"rendered":"https:\/\/www.salzburgerland.com\/de\/magazin\/?p=147608"},"modified":"2025-11-24T10:43:01","modified_gmt":"2025-11-24T09:43:01","slug":"sprudelnde-badepralinen-fuer-kalte-wintertage","status":"publish","type":"post","link":"https:\/\/www.salzburgerland.com\/de\/magazin\/sprudelnde-badepralinen-fuer-kalte-wintertage\/","title":{"rendered":"Sprudelnde Badepralinen f\u00fcr kalte Wintertage"},"content":{"rendered":"\n<div class=\"wp-block-slt-top topBlocks\">\n<h2 class=\"wp-block-slt-subtitle\">Nat\u00fcrlicher Badezusatz mit Lavendel- und Rosenbl\u00fcten, selbst gemacht<\/h2>\n\n\n\n<p class=\"wp-block-slt-intro\">Kalt ist es drau\u00dfen. Die Sonne zeigt sich kaum. Der Wunsch nach wohltuender W\u00e4rme und Entspannung schlummert in uns. Eine Auszeit in der Badewanne ist in dieser kalten Zeit genau das Richtige zum Energie auftanken. Den Badezusatz f\u00fcr das Wohlf\u00fchlbad machen wir mit nat\u00fcrlichen Zutaten und aromatisch duftenden Lavendelbl\u00fcten selber! <\/p>\n<\/div>\n\n\n\n<figure class=\"wp-block-image size-large\"><img loading=\"lazy\" decoding=\"async\" width=\"921\" height=\"700\" src=\"https:\/\/www.salzburgerland.com\/de\/magazin\/wp-content\/uploads\/2020\/11\/Selbst-gemachte-Badepralinen.jpg\" alt=\"Zwei Glasgef\u00e4\u00dfe mit Lavendel-Badebomben und getrockneten Lavendelzweigen auf einer Holzunterlage.\" class=\"wp-image-147645\" srcset=\"https:\/\/www.salzburgerland.com\/de\/magazin\/wp-content\/uploads\/2020\/11\/Selbst-gemachte-Badepralinen.jpg 921w, https:\/\/www.salzburgerland.com\/de\/magazin\/wp-content\/uploads\/2020\/11\/Selbst-gemachte-Badepralinen-300x228.jpg 300w, https:\/\/www.salzburgerland.com\/de\/magazin\/wp-content\/uploads\/2020\/11\/Selbst-gemachte-Badepralinen-724x550.jpg 724w, https:\/\/www.salzburgerland.com\/de\/magazin\/wp-content\/uploads\/2020\/11\/Selbst-gemachte-Badepralinen-140x105.jpg 140w, https:\/\/www.salzburgerland.com\/de\/magazin\/wp-content\/uploads\/2020\/11\/Selbst-gemachte-Badepralinen-526x400.jpg 526w, https:\/\/www.salzburgerland.com\/de\/magazin\/wp-content\/uploads\/2020\/11\/Selbst-gemachte-Badepralinen-130x100.jpg 130w, https:\/\/www.salzburgerland.com\/de\/magazin\/wp-content\/uploads\/2020\/11\/Selbst-gemachte-Badepralinen-150x114.jpg 150w\" sizes=\"auto, (max-width: 921px) 100vw, 921px\" \/><figcaption class=\"wp-element-caption\">Getrocknete Lavendel- und Rosenbl\u00fcten sorgen f\u00fcr ein wunderbares Aroma in den selbst gemachten Badepralinen.  \u00a9 Anke Eder<\/figcaption><\/figure>\n\n\n\n<h2 class=\"wp-block-heading\" id=\"h-so-einfach-selbst-gemacht\">So einfach selbst gemacht! <\/h2>\n\n\n\n<p>Wir verwenden f\u00fcr unsere Badepralinen Kakaobutter, Sheabutter und Natron. Kakaobutter pflegt trockene und beanspruchte Haut \u2013 perfekt f\u00fcr die kalte Winterzeit. R\u00fcckfettend wirkt die Sheabutter und basisch das Natron. Die Zitronens\u00e4ure ben\u00f6tigen wir in den Badepralinen, damit diese im Wasser sprudeln. Die Lavendel- und Rosenbl\u00fcten sind getrocknet und lassen sich einfach mit den \u00fcbrigen Zutaten vermengen. <\/p>\n\n\n\n<figure class=\"wp-block-image size-large\"><img loading=\"lazy\" decoding=\"async\" width=\"916\" height=\"697\" src=\"https:\/\/www.salzburgerland.com\/de\/magazin\/wp-content\/uploads\/2020\/11\/Hilfsmittel-fuer-selbst-gemacht-Badepralinen.jpg\" alt=\"Ein K\u00fcchentisch mit Sch\u00fcsseln, einer rosa Silikonform, einer Waage und Zutaten f\u00fcr ein Rezept.\" class=\"wp-image-147646\" srcset=\"https:\/\/www.salzburgerland.com\/de\/magazin\/wp-content\/uploads\/2020\/11\/Hilfsmittel-fuer-selbst-gemacht-Badepralinen.jpg 916w, https:\/\/www.salzburgerland.com\/de\/magazin\/wp-content\/uploads\/2020\/11\/Hilfsmittel-fuer-selbst-gemacht-Badepralinen-300x228.jpg 300w, https:\/\/www.salzburgerland.com\/de\/magazin\/wp-content\/uploads\/2020\/11\/Hilfsmittel-fuer-selbst-gemacht-Badepralinen-723x550.jpg 723w, https:\/\/www.salzburgerland.com\/de\/magazin\/wp-content\/uploads\/2020\/11\/Hilfsmittel-fuer-selbst-gemacht-Badepralinen-526x400.jpg 526w, https:\/\/www.salzburgerland.com\/de\/magazin\/wp-content\/uploads\/2020\/11\/Hilfsmittel-fuer-selbst-gemacht-Badepralinen-130x100.jpg 130w, https:\/\/www.salzburgerland.com\/de\/magazin\/wp-content\/uploads\/2020\/11\/Hilfsmittel-fuer-selbst-gemacht-Badepralinen-150x114.jpg 150w\" sizes=\"auto, (max-width: 916px) 100vw, 916px\" \/><figcaption class=\"wp-element-caption\">Mit wenigen Zutaten kann man einen angenehmenen und nat\u00fcrlichen Badezusatz mit einfachen K\u00fcchenutensilien selber machen.  \u00a9 Anke Eder.<\/figcaption><\/figure>\n\n\n\n<h3 class=\"wp-block-heading\" id=\"h-zutaten-fur-die-badepralinen\">Zutaten f\u00fcr die Badepralinen<\/h3>\n\n\n\n<ul class=\"wp-block-list\">\n<li>100 g Natron<\/li>\n\n\n\n<li>40 g Zitronens\u00e4ure<\/li>\n\n\n\n<li>40 g Maisst\u00e4rke<\/li>\n\n\n\n<li>50 g Kakaobutter<\/li>\n\n\n\n<li>30 g Sheabutter<\/li>\n\n\n\n<li>getrocknete Bl\u00fcten &#8211;&nbsp;Rosen, Lavendel<\/li>\n\n\n\n<li>\u00e4therische \u00d6le zur Entspannung: zum Beispiel 5 Tropfen \u00e4therisches Rosengeranie-\u00d6l und 5 Tropfen Lavendel <\/li>\n<\/ul>\n\n\n\n<h3 class=\"wp-block-heading\" id=\"h-hilfreiche-nbsp-utensilien\">Hilfreiche&nbsp;Utensilien<\/h3>\n\n\n\n<ul class=\"wp-block-list\">\n<li>Eisw\u00fcrfel-Formen<\/li>\n\n\n\n<li>K\u00fcchenwaage auf 1g genau<\/li>\n\n\n\n<li>Topf aus Emaille mit Schnabel<\/li>\n\n\n\n<li>Mixer bzw. Stabmixer<\/li>\n<\/ul>\n\n\n\n<h2 class=\"wp-block-heading\" id=\"h-so-wird-s-gemacht\">So wird&#8217;s gemacht!<\/h2>\n\n\n\n<ul class=\"wp-block-list\">\n<li>Die getrockneten Bl\u00fcten in einem kleinen Mixer fein zerreiben.<\/li>\n\n\n\n<li>Natron, Zitronens\u00e4ure, St\u00e4rke zugeben und vermischen.&nbsp;<\/li>\n\n\n\n<li>Die Kakaobutter in einem Topf schmelzen. Zur&nbsp;geschmolzenen Kakaobutter kurz die Sheabutter zugeben und erw\u00e4rmen, sodass sie fl\u00fcssig wird.  <\/li>\n\n\n\n<li>Alle Zutaten miteinander verr\u00fchren. <\/li>\n<\/ul>\n\n\n<div class=\"mag-gallery\"><div class=\"row\"><div class=\"col-6 col-sm-4\"><figure><a class=\"thumb-container\" href=\"https:\/\/www.salzburgerland.com\/de\/magazin\/wp-content\/uploads\/2020\/11\/Rosen-und-Lavendelblueten-1280x1024.jpg\">\t<picture><source media=\"(min-width: 576px)\" srcset=\"https:\/\/www.salzburgerland.com\/de\/magazin\/wp-content\/uploads\/2020\/11\/Rosen-und-Lavendelblueten-325x209.jpg 325w, https:\/\/www.salzburgerland.com\/de\/magazin\/wp-content\/uploads\/2020\/11\/Rosen-und-Lavendelblueten-249x160.jpg 249w\"><\/source><source media=\"(min-width: 0)\" srcset=\"https:\/\/www.salzburgerland.com\/de\/magazin\/wp-content\/uploads\/2020\/11\/Rosen-und-Lavendelblueten-249x160.jpg 249w, https:\/\/www.salzburgerland.com\/de\/magazin\/wp-content\/uploads\/2020\/11\/Rosen-und-Lavendelblueten-325x209.jpg 325w\"><\/source><img decoding=\"async\" alt=\"Getrocknete Bl&uuml;tenbl&auml;tter und Kr&auml;uter in einer K&uuml;chenmaschinensch&uuml;ssel auf einer Holzunterlage.\" src=\"https:\/\/www.salzburgerland.com\/de\/magazin\/wp-content\/uploads\/2020\/11\/Rosen-und-Lavendelblueten.jpg\">\t<\/picture><\/a><\/figure><\/div><div class=\"col-6 col-sm-4\"><figure><a class=\"thumb-container\" href=\"https:\/\/www.salzburgerland.com\/de\/magazin\/wp-content\/uploads\/2020\/11\/Natuerliches-Bienenwachs-1280x1024.jpg\">\t<picture><source media=\"(min-width: 576px)\" srcset=\"https:\/\/www.salzburgerland.com\/de\/magazin\/wp-content\/uploads\/2020\/11\/Natuerliches-Bienenwachs-325x209.jpg 325w, https:\/\/www.salzburgerland.com\/de\/magazin\/wp-content\/uploads\/2020\/11\/Natuerliches-Bienenwachs-249x160.jpg 249w\"><\/source><source media=\"(min-width: 0)\" srcset=\"https:\/\/www.salzburgerland.com\/de\/magazin\/wp-content\/uploads\/2020\/11\/Natuerliches-Bienenwachs-249x160.jpg 249w, https:\/\/www.salzburgerland.com\/de\/magazin\/wp-content\/uploads\/2020\/11\/Natuerliches-Bienenwachs-325x209.jpg 325w\"><\/source><img decoding=\"async\" alt=\"Gelbe Bienenwachsk&uuml;gelchen in einem wei&szlig;en Beh&auml;lter, von oben gesehen.\" src=\"https:\/\/www.salzburgerland.com\/de\/magazin\/wp-content\/uploads\/2020\/11\/Natuerliches-Bienenwachs.jpg\">\t<\/picture><\/a><\/figure><\/div><div class=\"col-6 col-sm-4\"><figure><a class=\"thumb-container\" href=\"https:\/\/www.salzburgerland.com\/de\/magazin\/wp-content\/uploads\/2020\/11\/Sheabutter-fuer-Badepralinen-1280x1024.jpg\">\t<picture><source media=\"(min-width: 576px)\" srcset=\"https:\/\/www.salzburgerland.com\/de\/magazin\/wp-content\/uploads\/2020\/11\/Sheabutter-fuer-Badepralinen-325x209.jpg 325w, https:\/\/www.salzburgerland.com\/de\/magazin\/wp-content\/uploads\/2020\/11\/Sheabutter-fuer-Badepralinen-249x160.jpg 249w\"><\/source><source media=\"(min-width: 0)\" srcset=\"https:\/\/www.salzburgerland.com\/de\/magazin\/wp-content\/uploads\/2020\/11\/Sheabutter-fuer-Badepralinen-249x160.jpg 249w, https:\/\/www.salzburgerland.com\/de\/magazin\/wp-content\/uploads\/2020\/11\/Sheabutter-fuer-Badepralinen-325x209.jpg 325w\"><\/source><img decoding=\"async\" alt=\"Ein Becher mit wei&szlig;em Feststoff, ein violetter Topf und eine klare Schale auf einer Holzfl&auml;che.\" src=\"https:\/\/www.salzburgerland.com\/de\/magazin\/wp-content\/uploads\/2020\/11\/Sheabutter-fuer-Badepralinen.jpg\">\t<\/picture><\/a><\/figure><\/div><div class=\"col-6 col-sm-4\"><figure><a class=\"thumb-container\" href=\"https:\/\/www.salzburgerland.com\/de\/magazin\/wp-content\/uploads\/2020\/11\/Zutaten-vermischen-1280x1024.jpg\">\t<picture><source media=\"(min-width: 576px)\" srcset=\"https:\/\/www.salzburgerland.com\/de\/magazin\/wp-content\/uploads\/2020\/11\/Zutaten-vermischen-325x209.jpg 325w, https:\/\/www.salzburgerland.com\/de\/magazin\/wp-content\/uploads\/2020\/11\/Zutaten-vermischen-249x160.jpg 249w\"><\/source><source media=\"(min-width: 0)\" srcset=\"https:\/\/www.salzburgerland.com\/de\/magazin\/wp-content\/uploads\/2020\/11\/Zutaten-vermischen-249x160.jpg 249w, https:\/\/www.salzburgerland.com\/de\/magazin\/wp-content\/uploads\/2020\/11\/Zutaten-vermischen-325x209.jpg 325w\"><\/source><img decoding=\"async\" alt=\"Eine Person sch&uuml;ttet wei&szlig;es Pulver aus einer Sch&uuml;ssel in eine rosafarbene und cremefarbene R&uuml;hrsch&uuml;ssel auf einer Holzfl&auml;che.\" src=\"https:\/\/www.salzburgerland.com\/de\/magazin\/wp-content\/uploads\/2020\/11\/Zutaten-vermischen.jpg\">\t<\/picture><\/a><\/figure><\/div><div class=\"col-6 col-sm-4\"><figure><a class=\"thumb-container\" href=\"https:\/\/www.salzburgerland.com\/de\/magazin\/wp-content\/uploads\/2020\/11\/Alle-Zutaten-vermischt-1280x1024.jpg\">\t<picture><source media=\"(min-width: 576px)\" srcset=\"https:\/\/www.salzburgerland.com\/de\/magazin\/wp-content\/uploads\/2020\/11\/Alle-Zutaten-vermischt-325x209.jpg 325w, https:\/\/www.salzburgerland.com\/de\/magazin\/wp-content\/uploads\/2020\/11\/Alle-Zutaten-vermischt-249x160.jpg 249w\"><\/source><source media=\"(min-width: 0)\" srcset=\"https:\/\/www.salzburgerland.com\/de\/magazin\/wp-content\/uploads\/2020\/11\/Alle-Zutaten-vermischt-249x160.jpg 249w, https:\/\/www.salzburgerland.com\/de\/magazin\/wp-content\/uploads\/2020\/11\/Alle-Zutaten-vermischt-325x209.jpg 325w\"><\/source><img decoding=\"async\" alt=\"Ein Kind mischt einen kr&uuml;meligen Teig in einer wei&szlig;en Sch&uuml;ssel mit einem Spatel auf einer Holzfl&auml;che.\" src=\"https:\/\/www.salzburgerland.com\/de\/magazin\/wp-content\/uploads\/2020\/11\/Alle-Zutaten-vermischt.jpg\">\t<\/picture><\/a><\/figure><\/div><div class=\"col-6 col-sm-4\"><figure><a class=\"thumb-container\" href=\"https:\/\/www.salzburgerland.com\/de\/magazin\/wp-content\/uploads\/2020\/11\/Badepralinen-in-die-Formen-einfuellen-1280x1024.jpg\">\t<picture><source media=\"(min-width: 576px)\" srcset=\"https:\/\/www.salzburgerland.com\/de\/magazin\/wp-content\/uploads\/2020\/11\/Badepralinen-in-die-Formen-einfuellen-325x209.jpg 325w, https:\/\/www.salzburgerland.com\/de\/magazin\/wp-content\/uploads\/2020\/11\/Badepralinen-in-die-Formen-einfuellen-249x160.jpg 249w\"><\/source><source media=\"(min-width: 0)\" srcset=\"https:\/\/www.salzburgerland.com\/de\/magazin\/wp-content\/uploads\/2020\/11\/Badepralinen-in-die-Formen-einfuellen-249x160.jpg 249w, https:\/\/www.salzburgerland.com\/de\/magazin\/wp-content\/uploads\/2020\/11\/Badepralinen-in-die-Formen-einfuellen-325x209.jpg 325w\"><\/source><img decoding=\"async\" alt=\"Eine Hand benutzt einen Spatel, um eine rosafarbene Silikonform mit einer Mischung auf einer Holzfl&auml;che zu f&uuml;llen.\" src=\"https:\/\/www.salzburgerland.com\/de\/magazin\/wp-content\/uploads\/2020\/11\/Badepralinen-in-die-Formen-einfuellen.jpg\">\t<\/picture><\/a><\/figure><\/div><\/div><figcaption>Schritt f&uuml;r Schritt zur fertigen Badepraline &copy; Anke Eder<\/figcaption><\/div>\n\n\n\n<ul class=\"wp-block-list\">\n<li>\u00c4therische \u00d6le zugeben und nochmal verr\u00fchren.&nbsp;<\/li>\n\n\n\n<li>Die Masse in vorbereitete Silikonformen (z.B. Eisw\u00fcrfel-Formen) einf\u00fcllen.&nbsp;<\/li>\n\n\n\n<li>Die Formen in den K\u00fchlschrank stellen, bis diese ausgeh\u00e4rtet sind (ca. 1 Stunde).&nbsp;<\/li>\n\n\n\n<li>Die fertigen Badepralinen aus den Formen l\u00f6sen und in Gl\u00e4sern aufbewahren. <\/li>\n\n\n\n<li>Bei Bedarf die Badepralinen ins Badewasser geben und aufl\u00f6sen lassen. <\/li>\n<\/ul>\n\n\n\n<p>Jede Menge Tipps und Adressen rund um Kr\u00e4uter und deren Wirkungen gibt es auch entlang des <a rel=\"noreferrer noopener\" href=\"https:\/\/www.salzburgerland.com\/de\/genussweg-fuer-kraeuterliebhaber\/\" target=\"_blank\">Via Culinaria Genussweges f\u00fcr Kr\u00e4uterliebhaber<\/a>.<\/p>\n\n\n\n<p><\/p>\n","protected":false},"excerpt":{"rendered":"<p>So einfach selbst gemacht! Wir verwenden f\u00fcr unsere Badepralinen Kakaobutter, Sheabutter und Natron. Kakaobutter pflegt trockene und beanspruchte Haut \u2013 perfekt f\u00fcr die kalte Winterzeit. R\u00fcckfettend wirkt die Sheabutter und basisch das Natron. Die Zitronens\u00e4ure ben\u00f6tigen wir in den Badepralinen, damit diese im Wasser sprudeln. Die Lavendel- und Rosenbl\u00fcten sind getrocknet und lassen sich einfach [&hellip;]<\/p>\n","protected":false},"author":533,"featured_media":147939,"comment_status":"open","ping_status":"closed","sticky":false,"template":"","format":"standard","meta":{"_acf_changed":false,"wl_entities_gutenberg":"","_wl_entity_redirect_enabled":"","footnotes":""},"categories":[4],"tags":[],"wl_entity_type":[306],"monatsauswahl":[],"class_list":["post-147608","post","type-post","status-publish","format-standard","has-post-thumbnail","hentry","category-gesundheit","wl_entity_type-article"],"acf":[],"yoast_head":"<!-- This site is optimized with the Yoast SEO Premium plugin v27.4 (Yoast SEO v27.4) - https:\/\/yoast.com\/product\/yoast-seo-premium-wordpress\/ -->\n<title>Sprudelnde Badepralinen f\u00fcr kalte Wintertage - SalzburgerLand Magazin<\/title>\n<meta name=\"robots\" content=\"index, follow, max-snippet:-1, max-image-preview:large, max-video-preview:-1\" \/>\n<link rel=\"canonical\" href=\"https:\/\/www.salzburgerland.com\/de\/magazin\/sprudelnde-badepralinen-fuer-kalte-wintertage\/\" \/>\n<meta property=\"og:locale\" content=\"de_DE\" \/>\n<meta property=\"og:type\" content=\"article\" \/>\n<meta property=\"og:title\" content=\"Sprudelnde Badepralinen f\u00fcr kalte Wintertage\" \/>\n<meta property=\"og:description\" content=\"So einfach selbst gemacht! Wir verwenden f\u00fcr unsere Badepralinen Kakaobutter, Sheabutter und Natron. Kakaobutter pflegt trockene und beanspruchte Haut \u2013 perfekt f\u00fcr die kalte Winterzeit. R\u00fcckfettend wirkt die Sheabutter und basisch das Natron. Die Zitronens\u00e4ure ben\u00f6tigen wir in den Badepralinen, damit diese im Wasser sprudeln. Die Lavendel- und Rosenbl\u00fcten sind getrocknet und lassen sich einfach [&hellip;]\" \/>\n<meta property=\"og:url\" content=\"https:\/\/www.salzburgerland.com\/de\/magazin\/sprudelnde-badepralinen-fuer-kalte-wintertage\/\" \/>\n<meta property=\"og:site_name\" content=\"SalzburgerLand Magazin\" \/>\n<meta property=\"article:publisher\" content=\"https:\/\/www.facebook.com\/salzburgerland\/\" \/>\n<meta property=\"article:published_time\" content=\"2025-10-20T06:00:00+00:00\" \/>\n<meta property=\"article:modified_time\" content=\"2025-11-24T09:43:01+00:00\" \/>\n<meta property=\"og:image\" content=\"https:\/\/www.salzburgerland.com\/de\/magazin\/wp-content\/uploads\/2020\/11\/Badepralinen-fuer-kalte-Win.jpg\" \/>\n\t<meta property=\"og:image:width\" content=\"1200\" \/>\n\t<meta property=\"og:image:height\" content=\"919\" \/>\n\t<meta property=\"og:image:type\" content=\"image\/jpeg\" \/>\n<meta name=\"author\" content=\"Anke Eder\" \/>\n<meta name=\"twitter:card\" content=\"summary_large_image\" \/>\n<meta name=\"twitter:creator\" content=\"@Salzburgerland\" \/>\n<meta name=\"twitter:site\" content=\"@Salzburgerland\" \/>\n<meta name=\"twitter:label1\" content=\"Verfasst von\" \/>\n\t<meta name=\"twitter:data1\" content=\"Anke Eder\" \/>\n\t<meta name=\"twitter:label2\" content=\"Gesch\u00e4tzte Lesezeit\" \/>\n\t<meta name=\"twitter:data2\" content=\"4\u00a0Minuten\" \/>\n<script type=\"application\/ld+json\" class=\"yoast-schema-graph\">{\"@context\":\"https:\\\/\\\/schema.org\",\"@graph\":[{\"@type\":\"Article\",\"@id\":\"https:\\\/\\\/www.salzburgerland.com\\\/de\\\/magazin\\\/sprudelnde-badepralinen-fuer-kalte-wintertage\\\/#article\",\"isPartOf\":{\"@id\":\"https:\\\/\\\/www.salzburgerland.com\\\/de\\\/magazin\\\/sprudelnde-badepralinen-fuer-kalte-wintertage\\\/\"},\"author\":{\"name\":\"Anke Eder\",\"@id\":\"https:\\\/\\\/www.salzburgerland.com\\\/de\\\/magazin\\\/#\\\/schema\\\/person\\\/b4c7972a94a135bc63fe8c2dd626a26e\"},\"headline\":\"Sprudelnde Badepralinen f\u00fcr kalte Wintertage\",\"datePublished\":\"2025-10-20T06:00:00+00:00\",\"dateModified\":\"2025-11-24T09:43:01+00:00\",\"mainEntityOfPage\":{\"@id\":\"https:\\\/\\\/www.salzburgerland.com\\\/de\\\/magazin\\\/sprudelnde-badepralinen-fuer-kalte-wintertage\\\/\"},\"wordCount\":371,\"commentCount\":0,\"publisher\":{\"@id\":\"https:\\\/\\\/www.salzburgerland.com\\\/de\\\/magazin\\\/#organization\"},\"image\":{\"@id\":\"https:\\\/\\\/www.salzburgerland.com\\\/de\\\/magazin\\\/sprudelnde-badepralinen-fuer-kalte-wintertage\\\/#primaryimage\"},\"thumbnailUrl\":\"https:\\\/\\\/www.salzburgerland.com\\\/de\\\/magazin\\\/wp-content\\\/uploads\\\/2020\\\/11\\\/Badepralinen-fuer-kalte-Win.jpg\",\"articleSection\":[\"Gesundheit\"],\"inLanguage\":\"de\",\"potentialAction\":[{\"@type\":\"CommentAction\",\"name\":\"Comment\",\"target\":[\"https:\\\/\\\/www.salzburgerland.com\\\/de\\\/magazin\\\/sprudelnde-badepralinen-fuer-kalte-wintertage\\\/#respond\"]}]},{\"@type\":\"WebPage\",\"@id\":\"https:\\\/\\\/www.salzburgerland.com\\\/de\\\/magazin\\\/sprudelnde-badepralinen-fuer-kalte-wintertage\\\/\",\"url\":\"https:\\\/\\\/www.salzburgerland.com\\\/de\\\/magazin\\\/sprudelnde-badepralinen-fuer-kalte-wintertage\\\/\",\"name\":\"Sprudelnde Badepralinen f\u00fcr kalte Wintertage - SalzburgerLand Magazin\",\"isPartOf\":{\"@id\":\"https:\\\/\\\/www.salzburgerland.com\\\/de\\\/magazin\\\/#website\"},\"primaryImageOfPage\":{\"@id\":\"https:\\\/\\\/www.salzburgerland.com\\\/de\\\/magazin\\\/sprudelnde-badepralinen-fuer-kalte-wintertage\\\/#primaryimage\"},\"image\":{\"@id\":\"https:\\\/\\\/www.salzburgerland.com\\\/de\\\/magazin\\\/sprudelnde-badepralinen-fuer-kalte-wintertage\\\/#primaryimage\"},\"thumbnailUrl\":\"https:\\\/\\\/www.salzburgerland.com\\\/de\\\/magazin\\\/wp-content\\\/uploads\\\/2020\\\/11\\\/Badepralinen-fuer-kalte-Win.jpg\",\"datePublished\":\"2025-10-20T06:00:00+00:00\",\"dateModified\":\"2025-11-24T09:43:01+00:00\",\"breadcrumb\":{\"@id\":\"https:\\\/\\\/www.salzburgerland.com\\\/de\\\/magazin\\\/sprudelnde-badepralinen-fuer-kalte-wintertage\\\/#breadcrumb\"},\"inLanguage\":\"de\",\"potentialAction\":[{\"@type\":\"ReadAction\",\"target\":[\"https:\\\/\\\/www.salzburgerland.com\\\/de\\\/magazin\\\/sprudelnde-badepralinen-fuer-kalte-wintertage\\\/\"]}]},{\"@type\":\"ImageObject\",\"inLanguage\":\"de\",\"@id\":\"https:\\\/\\\/www.salzburgerland.com\\\/de\\\/magazin\\\/sprudelnde-badepralinen-fuer-kalte-wintertage\\\/#primaryimage\",\"url\":\"https:\\\/\\\/www.salzburgerland.com\\\/de\\\/magazin\\\/wp-content\\\/uploads\\\/2020\\\/11\\\/Badepralinen-fuer-kalte-Win.jpg\",\"contentUrl\":\"https:\\\/\\\/www.salzburgerland.com\\\/de\\\/magazin\\\/wp-content\\\/uploads\\\/2020\\\/11\\\/Badepralinen-fuer-kalte-Win.jpg\",\"width\":1200,\"height\":919,\"caption\":\"Badepralinen f\u00fcr kalte Wintertage \u00a9 Anke Eder\"},{\"@type\":\"BreadcrumbList\",\"@id\":\"https:\\\/\\\/www.salzburgerland.com\\\/de\\\/magazin\\\/sprudelnde-badepralinen-fuer-kalte-wintertage\\\/#breadcrumb\",\"itemListElement\":[{\"@type\":\"ListItem\",\"position\":1,\"name\":\"Startseite\",\"item\":\"https:\\\/\\\/www.salzburgerland.com\\\/de\\\/magazin\\\/\"},{\"@type\":\"ListItem\",\"position\":2,\"name\":\"Gesundheit\",\"item\":\"https:\\\/\\\/www.salzburgerland.com\\\/de\\\/magazin\\\/thema\\\/gesundheit\\\/\"},{\"@type\":\"ListItem\",\"position\":3,\"name\":\"Sprudelnde Badepralinen f\u00fcr kalte Wintertage\"}]},{\"@type\":\"WebSite\",\"@id\":\"https:\\\/\\\/www.salzburgerland.com\\\/de\\\/magazin\\\/#website\",\"url\":\"https:\\\/\\\/www.salzburgerland.com\\\/de\\\/magazin\\\/\",\"name\":\"SalzburgerLand Magazin\",\"description\":\"Geschichten und Interessantes aus dem SalzburgerLand\",\"publisher\":{\"@id\":\"https:\\\/\\\/www.salzburgerland.com\\\/de\\\/magazin\\\/#organization\"},\"potentialAction\":[{\"@type\":\"SearchAction\",\"target\":{\"@type\":\"EntryPoint\",\"urlTemplate\":\"https:\\\/\\\/www.salzburgerland.com\\\/de\\\/magazin\\\/?s={search_term_string}\"},\"query-input\":{\"@type\":\"PropertyValueSpecification\",\"valueRequired\":true,\"valueName\":\"search_term_string\"}}],\"inLanguage\":\"de\"},{\"@type\":\"Organization\",\"@id\":\"https:\\\/\\\/www.salzburgerland.com\\\/de\\\/magazin\\\/#organization\",\"name\":\"SalzburgerLand Tourismus\",\"url\":\"https:\\\/\\\/www.salzburgerland.com\\\/de\\\/magazin\\\/\",\"logo\":{\"@type\":\"ImageObject\",\"inLanguage\":\"de\",\"@id\":\"https:\\\/\\\/www.salzburgerland.com\\\/de\\\/magazin\\\/#\\\/schema\\\/logo\\\/image\\\/\",\"url\":\"https:\\\/\\\/www.salzburgerland.com\\\/de\\\/magazin\\\/wp-content\\\/uploads\\\/2019\\\/06\\\/salzburgerland-logo1.jpg\",\"contentUrl\":\"https:\\\/\\\/www.salzburgerland.com\\\/de\\\/magazin\\\/wp-content\\\/uploads\\\/2019\\\/06\\\/salzburgerland-logo1.jpg\",\"width\":2011,\"height\":866,\"caption\":\"SalzburgerLand Tourismus\"},\"image\":{\"@id\":\"https:\\\/\\\/www.salzburgerland.com\\\/de\\\/magazin\\\/#\\\/schema\\\/logo\\\/image\\\/\"},\"sameAs\":[\"https:\\\/\\\/www.facebook.com\\\/salzburgerland\\\/\",\"https:\\\/\\\/x.com\\\/Salzburgerland\",\"https:\\\/\\\/www.instagram.com\\\/salzburgerland\\\/\",\"https:\\\/\\\/at.linkedin.com\\\/company\\\/salzburgerland-tourismus-gmbh\",\"https:\\\/\\\/www.pinterest.at\\\/salzburgerland\\\/\",\"https:\\\/\\\/www.youtube.com\\\/user\\\/salzburgerland\",\"https:\\\/\\\/de.wikipedia.org\\\/wiki\\\/SalzburgerLand_Tourismus_GmbH\"]},{\"@type\":\"Person\",\"@id\":\"https:\\\/\\\/www.salzburgerland.com\\\/de\\\/magazin\\\/#\\\/schema\\\/person\\\/b4c7972a94a135bc63fe8c2dd626a26e\",\"name\":\"Anke Eder\",\"description\":\"Anke Eder hat in Salzburg Kommunikationswissenschaft studiert, lebt mit ihrer Familie im wundersch\u00f6nen Salzburger Flachgau und arbeitet als freiberufliche Autorin f\u00fcr das SalzburgerLand Magazin. Ihre Leidenschaft sind selbst gemachte Gerichte mit besten Zutaten aus der Region oder dem eigenen Garten. Als diplomierte Ern\u00e4hrungstrainerin, diplomierte Kr\u00e4uterp\u00e4dagogin und TEH-Praktikerin wei\u00df sie um die Vorz\u00fcge von selbst gemachten Gerichten, schreibt dar\u00fcber und fotografiert was sie f\u00fcr ihre Familie kocht. In ihrer Freizeit ist Anke am liebsten in den Bergen unterwegs - mit dem Rennrad oder den Wanderschuhen. F\u00fcr das SalzburgerLand Magazin entdeckt sie die sch\u00f6nsten Spots in Salzburgs.\u00a0\",\"url\":\"https:\\\/\\\/www.salzburgerland.com\\\/de\\\/magazin\\\/author\\\/anke-eder\\\/\"}]}<\/script>\n<!-- \/ Yoast SEO Premium plugin. -->","yoast_head_json":{"title":"Sprudelnde Badepralinen f\u00fcr kalte Wintertage - SalzburgerLand Magazin","robots":{"index":"index","follow":"follow","max-snippet":"max-snippet:-1","max-image-preview":"max-image-preview:large","max-video-preview":"max-video-preview:-1"},"canonical":"https:\/\/www.salzburgerland.com\/de\/magazin\/sprudelnde-badepralinen-fuer-kalte-wintertage\/","og_locale":"de_DE","og_type":"article","og_title":"Sprudelnde Badepralinen f\u00fcr kalte Wintertage","og_description":"So einfach selbst gemacht! Wir verwenden f\u00fcr unsere Badepralinen Kakaobutter, Sheabutter und Natron. Kakaobutter pflegt trockene und beanspruchte Haut \u2013 perfekt f\u00fcr die kalte Winterzeit. R\u00fcckfettend wirkt die Sheabutter und basisch das Natron. Die Zitronens\u00e4ure ben\u00f6tigen wir in den Badepralinen, damit diese im Wasser sprudeln. Die Lavendel- und Rosenbl\u00fcten sind getrocknet und lassen sich einfach [&hellip;]","og_url":"https:\/\/www.salzburgerland.com\/de\/magazin\/sprudelnde-badepralinen-fuer-kalte-wintertage\/","og_site_name":"SalzburgerLand Magazin","article_publisher":"https:\/\/www.facebook.com\/salzburgerland\/","article_published_time":"2025-10-20T06:00:00+00:00","article_modified_time":"2025-11-24T09:43:01+00:00","og_image":[{"width":1200,"height":919,"url":"https:\/\/www.salzburgerland.com\/de\/magazin\/wp-content\/uploads\/2020\/11\/Badepralinen-fuer-kalte-Win.jpg","type":"image\/jpeg"}],"author":"Anke Eder","twitter_card":"summary_large_image","twitter_creator":"@Salzburgerland","twitter_site":"@Salzburgerland","twitter_misc":{"Verfasst von":"Anke Eder","Gesch\u00e4tzte Lesezeit":"4\u00a0Minuten"},"schema":{"@context":"https:\/\/schema.org","@graph":[{"@type":"Article","@id":"https:\/\/www.salzburgerland.com\/de\/magazin\/sprudelnde-badepralinen-fuer-kalte-wintertage\/#article","isPartOf":{"@id":"https:\/\/www.salzburgerland.com\/de\/magazin\/sprudelnde-badepralinen-fuer-kalte-wintertage\/"},"author":{"name":"Anke Eder","@id":"https:\/\/www.salzburgerland.com\/de\/magazin\/#\/schema\/person\/b4c7972a94a135bc63fe8c2dd626a26e"},"headline":"Sprudelnde Badepralinen f\u00fcr kalte Wintertage","datePublished":"2025-10-20T06:00:00+00:00","dateModified":"2025-11-24T09:43:01+00:00","mainEntityOfPage":{"@id":"https:\/\/www.salzburgerland.com\/de\/magazin\/sprudelnde-badepralinen-fuer-kalte-wintertage\/"},"wordCount":371,"commentCount":0,"publisher":{"@id":"https:\/\/www.salzburgerland.com\/de\/magazin\/#organization"},"image":{"@id":"https:\/\/www.salzburgerland.com\/de\/magazin\/sprudelnde-badepralinen-fuer-kalte-wintertage\/#primaryimage"},"thumbnailUrl":"https:\/\/www.salzburgerland.com\/de\/magazin\/wp-content\/uploads\/2020\/11\/Badepralinen-fuer-kalte-Win.jpg","articleSection":["Gesundheit"],"inLanguage":"de","potentialAction":[{"@type":"CommentAction","name":"Comment","target":["https:\/\/www.salzburgerland.com\/de\/magazin\/sprudelnde-badepralinen-fuer-kalte-wintertage\/#respond"]}]},{"@type":"WebPage","@id":"https:\/\/www.salzburgerland.com\/de\/magazin\/sprudelnde-badepralinen-fuer-kalte-wintertage\/","url":"https:\/\/www.salzburgerland.com\/de\/magazin\/sprudelnde-badepralinen-fuer-kalte-wintertage\/","name":"Sprudelnde Badepralinen f\u00fcr kalte Wintertage - SalzburgerLand Magazin","isPartOf":{"@id":"https:\/\/www.salzburgerland.com\/de\/magazin\/#website"},"primaryImageOfPage":{"@id":"https:\/\/www.salzburgerland.com\/de\/magazin\/sprudelnde-badepralinen-fuer-kalte-wintertage\/#primaryimage"},"image":{"@id":"https:\/\/www.salzburgerland.com\/de\/magazin\/sprudelnde-badepralinen-fuer-kalte-wintertage\/#primaryimage"},"thumbnailUrl":"https:\/\/www.salzburgerland.com\/de\/magazin\/wp-content\/uploads\/2020\/11\/Badepralinen-fuer-kalte-Win.jpg","datePublished":"2025-10-20T06:00:00+00:00","dateModified":"2025-11-24T09:43:01+00:00","breadcrumb":{"@id":"https:\/\/www.salzburgerland.com\/de\/magazin\/sprudelnde-badepralinen-fuer-kalte-wintertage\/#breadcrumb"},"inLanguage":"de","potentialAction":[{"@type":"ReadAction","target":["https:\/\/www.salzburgerland.com\/de\/magazin\/sprudelnde-badepralinen-fuer-kalte-wintertage\/"]}]},{"@type":"ImageObject","inLanguage":"de","@id":"https:\/\/www.salzburgerland.com\/de\/magazin\/sprudelnde-badepralinen-fuer-kalte-wintertage\/#primaryimage","url":"https:\/\/www.salzburgerland.com\/de\/magazin\/wp-content\/uploads\/2020\/11\/Badepralinen-fuer-kalte-Win.jpg","contentUrl":"https:\/\/www.salzburgerland.com\/de\/magazin\/wp-content\/uploads\/2020\/11\/Badepralinen-fuer-kalte-Win.jpg","width":1200,"height":919,"caption":"Badepralinen f\u00fcr kalte Wintertage \u00a9 Anke Eder"},{"@type":"BreadcrumbList","@id":"https:\/\/www.salzburgerland.com\/de\/magazin\/sprudelnde-badepralinen-fuer-kalte-wintertage\/#breadcrumb","itemListElement":[{"@type":"ListItem","position":1,"name":"Startseite","item":"https:\/\/www.salzburgerland.com\/de\/magazin\/"},{"@type":"ListItem","position":2,"name":"Gesundheit","item":"https:\/\/www.salzburgerland.com\/de\/magazin\/thema\/gesundheit\/"},{"@type":"ListItem","position":3,"name":"Sprudelnde Badepralinen f\u00fcr kalte Wintertage"}]},{"@type":"WebSite","@id":"https:\/\/www.salzburgerland.com\/de\/magazin\/#website","url":"https:\/\/www.salzburgerland.com\/de\/magazin\/","name":"SalzburgerLand Magazin","description":"Geschichten und Interessantes aus dem SalzburgerLand","publisher":{"@id":"https:\/\/www.salzburgerland.com\/de\/magazin\/#organization"},"potentialAction":[{"@type":"SearchAction","target":{"@type":"EntryPoint","urlTemplate":"https:\/\/www.salzburgerland.com\/de\/magazin\/?s={search_term_string}"},"query-input":{"@type":"PropertyValueSpecification","valueRequired":true,"valueName":"search_term_string"}}],"inLanguage":"de"},{"@type":"Organization","@id":"https:\/\/www.salzburgerland.com\/de\/magazin\/#organization","name":"SalzburgerLand Tourismus","url":"https:\/\/www.salzburgerland.com\/de\/magazin\/","logo":{"@type":"ImageObject","inLanguage":"de","@id":"https:\/\/www.salzburgerland.com\/de\/magazin\/#\/schema\/logo\/image\/","url":"https:\/\/www.salzburgerland.com\/de\/magazin\/wp-content\/uploads\/2019\/06\/salzburgerland-logo1.jpg","contentUrl":"https:\/\/www.salzburgerland.com\/de\/magazin\/wp-content\/uploads\/2019\/06\/salzburgerland-logo1.jpg","width":2011,"height":866,"caption":"SalzburgerLand Tourismus"},"image":{"@id":"https:\/\/www.salzburgerland.com\/de\/magazin\/#\/schema\/logo\/image\/"},"sameAs":["https:\/\/www.facebook.com\/salzburgerland\/","https:\/\/x.com\/Salzburgerland","https:\/\/www.instagram.com\/salzburgerland\/","https:\/\/at.linkedin.com\/company\/salzburgerland-tourismus-gmbh","https:\/\/www.pinterest.at\/salzburgerland\/","https:\/\/www.youtube.com\/user\/salzburgerland","https:\/\/de.wikipedia.org\/wiki\/SalzburgerLand_Tourismus_GmbH"]},{"@type":"Person","@id":"https:\/\/www.salzburgerland.com\/de\/magazin\/#\/schema\/person\/b4c7972a94a135bc63fe8c2dd626a26e","name":"Anke Eder","description":"Anke Eder hat in Salzburg Kommunikationswissenschaft studiert, lebt mit ihrer Familie im wundersch\u00f6nen Salzburger Flachgau und arbeitet als freiberufliche Autorin f\u00fcr das SalzburgerLand Magazin. Ihre Leidenschaft sind selbst gemachte Gerichte mit besten Zutaten aus der Region oder dem eigenen Garten. Als diplomierte Ern\u00e4hrungstrainerin, diplomierte Kr\u00e4uterp\u00e4dagogin und TEH-Praktikerin wei\u00df sie um die Vorz\u00fcge von selbst gemachten Gerichten, schreibt dar\u00fcber und fotografiert was sie f\u00fcr ihre Familie kocht. In ihrer Freizeit ist Anke am liebsten in den Bergen unterwegs - mit dem Rennrad oder den Wanderschuhen. F\u00fcr das SalzburgerLand Magazin entdeckt sie die sch\u00f6nsten Spots in Salzburgs.\u00a0","url":"https:\/\/www.salzburgerland.com\/de\/magazin\/author\/anke-eder\/"}]}},"_wl_alt_label":[],"wl:entity_url":"http:\/\/open.salzburgerland.com\/magazin\/post\/sprudelnde_badepralinen","_links":{"self":[{"href":"https:\/\/www.salzburgerland.com\/de\/magazin\/wp-json\/wp\/v2\/posts\/147608","targetHints":{"allow":["GET"]}}],"collection":[{"href":"https:\/\/www.salzburgerland.com\/de\/magazin\/wp-json\/wp\/v2\/posts"}],"about":[{"href":"https:\/\/www.salzburgerland.com\/de\/magazin\/wp-json\/wp\/v2\/types\/post"}],"author":[{"embeddable":true,"href":"https:\/\/www.salzburgerland.com\/de\/magazin\/wp-json\/wp\/v2\/users\/533"}],"replies":[{"embeddable":true,"href":"https:\/\/www.salzburgerland.com\/de\/magazin\/wp-json\/wp\/v2\/comments?post=147608"}],"version-history":[{"count":9,"href":"https:\/\/www.salzburgerland.com\/de\/magazin\/wp-json\/wp\/v2\/posts\/147608\/revisions"}],"predecessor-version":[{"id":185324,"href":"https:\/\/www.salzburgerland.com\/de\/magazin\/wp-json\/wp\/v2\/posts\/147608\/revisions\/185324"}],"wp:featuredmedia":[{"embeddable":true,"href":"https:\/\/www.salzburgerland.com\/de\/magazin\/wp-json\/wp\/v2\/media\/147939"}],"wp:attachment":[{"href":"https:\/\/www.salzburgerland.com\/de\/magazin\/wp-json\/wp\/v2\/media?parent=147608"}],"wp:term":[{"taxonomy":"category","embeddable":true,"href":"https:\/\/www.salzburgerland.com\/de\/magazin\/wp-json\/wp\/v2\/categories?post=147608"},{"taxonomy":"post_tag","embeddable":true,"href":"https:\/\/www.salzburgerland.com\/de\/magazin\/wp-json\/wp\/v2\/tags?post=147608"},{"taxonomy":"wl_entity_type","embeddable":true,"href":"https:\/\/www.salzburgerland.com\/de\/magazin\/wp-json\/wp\/v2\/wl_entity_type?post=147608"},{"taxonomy":"monatsauswahl","embeddable":true,"href":"https:\/\/www.salzburgerland.com\/de\/magazin\/wp-json\/wp\/v2\/monatsauswahl?post=147608"}],"curies":[{"name":"wp","href":"https:\/\/api.w.org\/{rel}","templated":true}]}}