{"id":147130,"date":"2021-04-28T08:00:00","date_gmt":"2021-04-28T06:00:00","guid":{"rendered":"https:\/\/www.salzburgerland.com\/de\/magazin\/?p=147130"},"modified":"2025-02-10T06:24:23","modified_gmt":"2025-02-10T05:24:23","slug":"zwoelferhorn-seilbahn-erstrahlt-in-neuem-glanz","status":"publish","type":"post","link":"https:\/\/www.salzburgerland.com\/de\/magazin\/zwoelferhorn-seilbahn-erstrahlt-in-neuem-glanz\/","title":{"rendered":"Zw\u00f6lferhorn Seilbahn erstrahlt in neuem Glanz"},"content":{"rendered":"\n<div class=\"wp-block-slt-top topBlocks\">\n<h2 class=\"wp-block-slt-subtitle\">Panoramaberg. Von Natur aus sch\u00f6n.<\/h2>\n\n\n\n<p class=\"wp-block-slt-intro\">Ende 2019 wurden sie ausgeh\u00e4ngt, die nostalgischen Kabinen in Gelb und Rot. Sie schwebten seit dem Jahr 1957 von St. Gilgen am Wolfgangsee hinauf auf das Zw\u00f6lferhorn. Seit Oktober 2020 erstrahlt die Zw\u00f6lferhorn Seilbahn nun in neuem Glanz.<\/p>\n<\/div>\n\n\n\n<p>Das Zw\u00f6lferhorn in St. Gilgen war immer schon ein Besuchermagnet \u2013 und von Natur aus sch\u00f6n. Doch jetzt lohnt es sich doppelt, den bekannten Aussichtsberg zu besuchen. Sommer wie Winter kann man mit der brandneuen und top-modernen Zw\u00f6lferhorn Seilbahn auf den Berg am Wolfgangsee gondeln und von oben das fantastische Salzkammergut-Panorama genie\u00dfen.<\/p>\n\n\n\n<p>In nur elf Minuten bringt euch eine der 28 Gondeln hinauf aufs &#8222;H\u00f6rndl&#8220;. Bis zu acht Personen finden in einer Kabine Platz. Die Bahn ist barrierfrei zug\u00e4nglich: In der Talstation befindet sich ein Lift, um zur Bahn zu gelangen und auch das Bergrestaurant \u201eDas Zw\u00f6lfer\u201c kann man barrierefrei erreichen.<\/p>\n\n\n\n<figure class=\"wp-block-image size-large\"><img loading=\"lazy\" decoding=\"async\" width=\"2000\" height=\"857\" src=\"https:\/\/www.salzburgerland.com\/de\/magazin\/wp-content\/uploads\/2020\/11\/zwoelferhorn-seilbahn-08.jpg\" alt=\"Seilbahnen f\u00fchren auf das Zw\u00f6lferhorn \u00fcber einen Wald und einen blauen See mit einer Stadt und Booten entlang des Ufers.\" class=\"wp-image-147191\" srcset=\"https:\/\/www.salzburgerland.com\/de\/magazin\/wp-content\/uploads\/2020\/11\/zwoelferhorn-seilbahn-08.jpg 2000w, https:\/\/www.salzburgerland.com\/de\/magazin\/wp-content\/uploads\/2020\/11\/zwoelferhorn-seilbahn-08-300x129.jpg 300w, https:\/\/www.salzburgerland.com\/de\/magazin\/wp-content\/uploads\/2020\/11\/zwoelferhorn-seilbahn-08-1536x658.jpg 1536w, https:\/\/www.salzburgerland.com\/de\/magazin\/wp-content\/uploads\/2020\/11\/zwoelferhorn-seilbahn-08-1284x550.jpg 1284w, https:\/\/www.salzburgerland.com\/de\/magazin\/wp-content\/uploads\/2020\/11\/zwoelferhorn-seilbahn-08-933x400.jpg 933w, https:\/\/www.salzburgerland.com\/de\/magazin\/wp-content\/uploads\/2020\/11\/zwoelferhorn-seilbahn-08-1320x566.jpg 1320w, https:\/\/www.salzburgerland.com\/de\/magazin\/wp-content\/uploads\/2020\/11\/zwoelferhorn-seilbahn-08-150x64.jpg 150w\" sizes=\"auto, (max-width: 2000px) 100vw, 2000px\" \/><figcaption class=\"wp-element-caption\">Blick vom Berg ins Tal &#8211; die neue Zw\u00f6lferhorn Seilbahn<\/figcaption><\/figure>\n\n\n<div class=\"mag-gallery\"><div class=\"row\"><div class=\"col-6 col-sm-4\"><figure><a class=\"thumb-container\" href=\"https:\/\/www.salzburgerland.com\/de\/magazin\/wp-content\/uploads\/2020\/11\/zwoelferhorn-seilbahn-06-1280x1024.jpg\">\t<picture><source media=\"(min-width: 576px)\" srcset=\"https:\/\/www.salzburgerland.com\/de\/magazin\/wp-content\/uploads\/2020\/11\/zwoelferhorn-seilbahn-06-325x209.jpg 325w, https:\/\/www.salzburgerland.com\/de\/magazin\/wp-content\/uploads\/2020\/11\/zwoelferhorn-seilbahn-06-249x160.jpg 249w\"><\/source><source media=\"(min-width: 0)\" srcset=\"https:\/\/www.salzburgerland.com\/de\/magazin\/wp-content\/uploads\/2020\/11\/zwoelferhorn-seilbahn-06-249x160.jpg 249w, https:\/\/www.salzburgerland.com\/de\/magazin\/wp-content\/uploads\/2020\/11\/zwoelferhorn-seilbahn-06-325x209.jpg 325w\"><\/source><img decoding=\"async\" alt=\"Eine gelbe Seilbahn f&auml;hrt &uuml;ber herbstliche B&auml;ume und tief h&auml;ngende Wolken auf das Zw&ouml;lferhorn, in der Ferne sind Berge zu sehen.\" src=\"https:\/\/www.salzburgerland.com\/de\/magazin\/wp-content\/uploads\/2020\/11\/zwoelferhorn-seilbahn-06.jpg\">\t<\/picture><\/a><\/figure><\/div><div class=\"col-6 col-sm-4\"><figure><a class=\"thumb-container\" href=\"https:\/\/www.salzburgerland.com\/de\/magazin\/wp-content\/uploads\/2020\/11\/zwoelferhorn-seilbahn-02-1280x1024.jpg\">\t<picture><source media=\"(min-width: 576px)\" srcset=\"https:\/\/www.salzburgerland.com\/de\/magazin\/wp-content\/uploads\/2020\/11\/zwoelferhorn-seilbahn-02-325x209.jpg 325w, https:\/\/www.salzburgerland.com\/de\/magazin\/wp-content\/uploads\/2020\/11\/zwoelferhorn-seilbahn-02-249x160.jpg 249w\"><\/source><source media=\"(min-width: 0)\" srcset=\"https:\/\/www.salzburgerland.com\/de\/magazin\/wp-content\/uploads\/2020\/11\/zwoelferhorn-seilbahn-02-249x160.jpg 249w, https:\/\/www.salzburgerland.com\/de\/magazin\/wp-content\/uploads\/2020\/11\/zwoelferhorn-seilbahn-02-325x209.jpg 325w\"><\/source><img decoding=\"async\" alt=\"Die Seilbahnen an der Station Zw&ouml;lferhorn gleiten mit Blick auf die Berge in die klare Luft.\" src=\"https:\/\/www.salzburgerland.com\/de\/magazin\/wp-content\/uploads\/2020\/11\/zwoelferhorn-seilbahn-02.jpg\">\t<\/picture><\/a><\/figure><\/div><div class=\"col-6 col-sm-4\"><figure><a class=\"thumb-container\" href=\"https:\/\/www.salzburgerland.com\/de\/magazin\/wp-content\/uploads\/2020\/11\/zwoelferhorn-seilbahn-01-1280x1024.jpg\">\t<picture><source media=\"(min-width: 576px)\" srcset=\"https:\/\/www.salzburgerland.com\/de\/magazin\/wp-content\/uploads\/2020\/11\/zwoelferhorn-seilbahn-01-325x209.jpg 325w, https:\/\/www.salzburgerland.com\/de\/magazin\/wp-content\/uploads\/2020\/11\/zwoelferhorn-seilbahn-01-249x160.jpg 249w\"><\/source><source media=\"(min-width: 0)\" srcset=\"https:\/\/www.salzburgerland.com\/de\/magazin\/wp-content\/uploads\/2020\/11\/zwoelferhorn-seilbahn-01-249x160.jpg 249w, https:\/\/www.salzburgerland.com\/de\/magazin\/wp-content\/uploads\/2020\/11\/zwoelferhorn-seilbahn-01-325x209.jpg 325w\"><\/source><img decoding=\"async\" alt=\"Gelbe Zw&ouml;lferhornbahn an der Bergstation mit herrlichem Panoramablick auf die Berge.\" src=\"https:\/\/www.salzburgerland.com\/de\/magazin\/wp-content\/uploads\/2020\/11\/zwoelferhorn-seilbahn-01.jpg\">\t<\/picture><\/a><\/figure><\/div><\/div><figcaption><\/figcaption><\/div>\n\n\n\n<h2 class=\"wp-block-heading\" id=\"h-wanderungen-rund-um-das-zwolferhorn\">Wanderungen rund um das Zw\u00f6lferhorn<\/h2>\n\n\n\n<p>Das Zw\u00f6lferhorn verbindet die Orte St. Gilgen, Abersee und Faistenau miteinander. Somit gibt es viele unterschiedliche Wanderwege und auch M\u00f6glichkeiten auf und um das Zw\u00f6lferhorn zu gelangen. Hier findet ihr ein paar ausgew\u00e4hlte Wanderungen.<\/p>\n\n\n\n<h3 class=\"wp-block-heading\" id=\"h-zwolferhorngipfel-amp-seeblick\">Zw\u00f6lferhorngipfel &amp; Seeblick<\/h3>\n\n\n\n<p>Einen gem\u00fctlicheren Gipfelsieg bekommt ihr wohl nicht so schnell wieder. Denn von der Bergstation sind es nur etwa zehn Minuten hinauf zum Gipfelkreuz des Zw\u00f6lferhorns.<\/p>\n\n\n<div class=\"mag-gallery\"><div class=\"row\"><div class=\"col-6 col-sm-4\"><figure><a class=\"thumb-container\" href=\"https:\/\/www.salzburgerland.com\/de\/magazin\/wp-content\/uploads\/2020\/11\/zwoelferhorn-gipfel-01-1280x1024.jpg\">\t<picture><source media=\"(min-width: 576px)\" srcset=\"https:\/\/www.salzburgerland.com\/de\/magazin\/wp-content\/uploads\/2020\/11\/zwoelferhorn-gipfel-01-325x209.jpg 325w, https:\/\/www.salzburgerland.com\/de\/magazin\/wp-content\/uploads\/2020\/11\/zwoelferhorn-gipfel-01-249x160.jpg 249w\"><\/source><source media=\"(min-width: 0)\" srcset=\"https:\/\/www.salzburgerland.com\/de\/magazin\/wp-content\/uploads\/2020\/11\/zwoelferhorn-gipfel-01-249x160.jpg 249w, https:\/\/www.salzburgerland.com\/de\/magazin\/wp-content\/uploads\/2020\/11\/zwoelferhorn-gipfel-01-325x209.jpg 325w\"><\/source><img decoding=\"async\" alt=\"Bergkammweg am Zw&ouml;lferhorn mit Blick auf ein Tal, Seen und ferne Berge unter blauem Himmel.\" src=\"https:\/\/www.salzburgerland.com\/de\/magazin\/wp-content\/uploads\/2020\/11\/zwoelferhorn-gipfel-01.jpg\">\t<\/picture><\/a><\/figure><\/div><div class=\"col-6 col-sm-4\"><figure><a class=\"thumb-container\" href=\"https:\/\/www.salzburgerland.com\/de\/magazin\/wp-content\/uploads\/2020\/11\/zwoelferhorn-gipfel-02-1280x1024.jpg\">\t<picture><source media=\"(min-width: 576px)\" srcset=\"https:\/\/www.salzburgerland.com\/de\/magazin\/wp-content\/uploads\/2020\/11\/zwoelferhorn-gipfel-02-325x209.jpg 325w, https:\/\/www.salzburgerland.com\/de\/magazin\/wp-content\/uploads\/2020\/11\/zwoelferhorn-gipfel-02-249x160.jpg 249w\"><\/source><source media=\"(min-width: 0)\" srcset=\"https:\/\/www.salzburgerland.com\/de\/magazin\/wp-content\/uploads\/2020\/11\/zwoelferhorn-gipfel-02-249x160.jpg 249w, https:\/\/www.salzburgerland.com\/de\/magazin\/wp-content\/uploads\/2020\/11\/zwoelferhorn-gipfel-02-325x209.jpg 325w\"><\/source><img decoding=\"async\" alt=\"Wanderer rasten bei einem gro&szlig;en Holzkreuz auf dem felsigen Gipfel des Zw&ouml;lferhorns unter einem strahlend blauen Himmel.\" src=\"https:\/\/www.salzburgerland.com\/de\/magazin\/wp-content\/uploads\/2020\/11\/zwoelferhorn-gipfel-02.jpg\">\t<\/picture><\/a><\/figure><\/div><div class=\"col-6 col-sm-4\"><figure><a class=\"thumb-container\" href=\"https:\/\/www.salzburgerland.com\/de\/magazin\/wp-content\/uploads\/2020\/11\/zwoelferhorn-gipfel-03-1280x1024.jpg\">\t<picture><source media=\"(min-width: 576px)\" srcset=\"https:\/\/www.salzburgerland.com\/de\/magazin\/wp-content\/uploads\/2020\/11\/zwoelferhorn-gipfel-03-325x209.jpg 325w, https:\/\/www.salzburgerland.com\/de\/magazin\/wp-content\/uploads\/2020\/11\/zwoelferhorn-gipfel-03-249x160.jpg 249w\"><\/source><source media=\"(min-width: 0)\" srcset=\"https:\/\/www.salzburgerland.com\/de\/magazin\/wp-content\/uploads\/2020\/11\/zwoelferhorn-gipfel-03-249x160.jpg 249w, https:\/\/www.salzburgerland.com\/de\/magazin\/wp-content\/uploads\/2020\/11\/zwoelferhorn-gipfel-03-325x209.jpg 325w\"><\/source><img decoding=\"async\" alt=\"Eine l&auml;chelnde Frau mit Hut posiert am malerischen Aussichtspunkt Zw&ouml;lferhorn mit Blick auf Seen, T&auml;ler und ferne Gipfel.\" src=\"https:\/\/www.salzburgerland.com\/de\/magazin\/wp-content\/uploads\/2020\/11\/zwoelferhorn-gipfel-03.jpg\">\t<\/picture><\/a><\/figure><\/div><\/div><figcaption><\/figcaption><\/div>\n\n\n\n<p>Schon w\u00e4hrend der Fahrt in der Gondel habt ihr einen atemberaubenden Blick auf den sch\u00f6nen Wolfgangsee. Doch auf dem Weg zum Gipfel des Zw\u00f6lferhorns empfehle ich den kleinen Abstecher zum \u201eSeeblick\u201c. Genie\u00dft hier das wunderbare Panorama \u00fcber den Wolfgangsee, den Schafberg bis hin\u00fcber zum Dachstein und der Bischofsm\u00fctze.<\/p>\n\n\n<div class=\"mag-gallery\"><div class=\"row\"><div class=\"col-6 col-sm-4\"><figure><a class=\"thumb-container\" href=\"https:\/\/www.salzburgerland.com\/de\/magazin\/wp-content\/uploads\/2020\/11\/seeblick-zwoelferhorn-01-1280x1024.jpg\">\t<picture><source media=\"(min-width: 576px)\" srcset=\"https:\/\/www.salzburgerland.com\/de\/magazin\/wp-content\/uploads\/2020\/11\/seeblick-zwoelferhorn-01-325x209.jpg 325w, https:\/\/www.salzburgerland.com\/de\/magazin\/wp-content\/uploads\/2020\/11\/seeblick-zwoelferhorn-01-249x160.jpg 249w\"><\/source><source media=\"(min-width: 0)\" srcset=\"https:\/\/www.salzburgerland.com\/de\/magazin\/wp-content\/uploads\/2020\/11\/seeblick-zwoelferhorn-01-249x160.jpg 249w, https:\/\/www.salzburgerland.com\/de\/magazin\/wp-content\/uploads\/2020\/11\/seeblick-zwoelferhorn-01-325x209.jpg 325w\"><\/source><img decoding=\"async\" alt=\"Von einer Holzbank aus &uuml;berblickt man das malerische Zw&ouml;lferhorn mit seinen Wolken und bewaldeten H&uuml;geln unter blauem Himmel.\" src=\"https:\/\/www.salzburgerland.com\/de\/magazin\/wp-content\/uploads\/2020\/11\/seeblick-zwoelferhorn-01.jpg\">\t<\/picture><\/a><\/figure><\/div><div class=\"col-6 col-sm-4\"><figure><a class=\"thumb-container\" href=\"https:\/\/www.salzburgerland.com\/de\/magazin\/wp-content\/uploads\/2020\/11\/seeblick-zwoelferhorn-04-1280x1024.jpg\">\t<picture><source media=\"(min-width: 576px)\" srcset=\"https:\/\/www.salzburgerland.com\/de\/magazin\/wp-content\/uploads\/2020\/11\/seeblick-zwoelferhorn-04-325x209.jpg 325w, https:\/\/www.salzburgerland.com\/de\/magazin\/wp-content\/uploads\/2020\/11\/seeblick-zwoelferhorn-04-249x160.jpg 249w\"><\/source><source media=\"(min-width: 0)\" srcset=\"https:\/\/www.salzburgerland.com\/de\/magazin\/wp-content\/uploads\/2020\/11\/seeblick-zwoelferhorn-04-249x160.jpg 249w, https:\/\/www.salzburgerland.com\/de\/magazin\/wp-content\/uploads\/2020\/11\/seeblick-zwoelferhorn-04-325x209.jpg 325w\"><\/source><img decoding=\"async\" alt=\"H&ouml;lzerner Wegweiser mit der Aufschrift Seeblick Seeh&ouml;he 1149 m auf dem Zw&ouml;lferhorn, mit Blick auf einen See und Berge.\" src=\"https:\/\/www.salzburgerland.com\/de\/magazin\/wp-content\/uploads\/2020\/11\/seeblick-zwoelferhorn-04.jpg\">\t<\/picture><\/a><\/figure><\/div><div class=\"col-6 col-sm-4\"><figure><a class=\"thumb-container\" href=\"https:\/\/www.salzburgerland.com\/de\/magazin\/wp-content\/uploads\/2020\/11\/seeblick-zwoelferhorn-02-1280x1024.jpg\">\t<picture><source media=\"(min-width: 576px)\" srcset=\"https:\/\/www.salzburgerland.com\/de\/magazin\/wp-content\/uploads\/2020\/11\/seeblick-zwoelferhorn-02-325x209.jpg 325w, https:\/\/www.salzburgerland.com\/de\/magazin\/wp-content\/uploads\/2020\/11\/seeblick-zwoelferhorn-02-249x160.jpg 249w\"><\/source><source media=\"(min-width: 0)\" srcset=\"https:\/\/www.salzburgerland.com\/de\/magazin\/wp-content\/uploads\/2020\/11\/seeblick-zwoelferhorn-02-249x160.jpg 249w, https:\/\/www.salzburgerland.com\/de\/magazin\/wp-content\/uploads\/2020\/11\/seeblick-zwoelferhorn-02-325x209.jpg 325w\"><\/source><img decoding=\"async\" alt=\"Berglandschaft mit einem gewundenen Pfad, Tannen und dem Zw&ouml;lferhorn, das sich unter blauem Himmel &uuml;ber einem entfernten See erhebt.\" src=\"https:\/\/www.salzburgerland.com\/de\/magazin\/wp-content\/uploads\/2020\/11\/seeblick-zwoelferhorn-02.jpg\">\t<\/picture><\/a><\/figure><\/div><\/div><figcaption><\/figcaption><\/div>\n\n\n\n<h3 class=\"wp-block-heading\" id=\"h-pillstein-rundweg-barrierefreier-themenwanderweg\">Pillstein-Rundweg &#8211; barrierefreier Themenwanderweg<\/h3>\n\n\n\n<p>Auf dem Zw\u00f6lferhorn ist man nicht nur von herrlicher Natur umgeben, man kann auch mehr \u00fcber die Natur erfahren. Auf dem neuen barrierefreien Erlebnisweg erf\u00e4hrt man an zw\u00f6lf Stationen viel Wissenswertes \u00fcber s\u00e4mtliche Naturph\u00e4nomene. Um das Ganze auch spannend f\u00fcr Kinder zu machen, startet die R\u00e4tselrallye bereits an der Talstation, wo man in den Gondeln \u00fcber QR-Codes schon ersten Fakten sammeln kann. Richtig los geht&#8217;s dann bei der Voit&#8217;l H\u00fctte &#8211; sind am Ende alle Stationen im Stempelpass eingetragen, erhalten die flei\u00dfigen Wanderer in der Talstation einen Schl\u00fcsselanh\u00e4nger aus Zirbenholz als Geschenk. F\u00fcr den Themenweg ben\u00f6tigt man etwa 2 &#8211; 2,5 Stunden.<\/p>\n\n\n\n<h3 class=\"wp-block-heading\" id=\"h-illinger-alm-runde\">Illinger Alm Runde<\/h3>\n\n\n\n<p>Von der Bergstation der Zw\u00f6lferhorn Seilbahn wandert man \u00fcber die Arnikah\u00fctte hin\u00fcber zur Pillsteinh\u00f6he und dort hinab zu den Illingerberg Almen. Der Themenwanderweg ist mit interessanten Schautafeln versehen, auf denen Wissenswertes \u00fcber die Almwirtschaft und die Natur rund um das Zw\u00f6lferhorn zu erfahren ist. Zur\u00fcck geht es \u00fcber denselben Weg. <a href=\"https:\/\/wolfgangsee.salzkammergut.at\/oesterreich-tour\/detail\/100072\/illingeralmrunde.html\" target=\"_blank\" rel=\"noreferrer noopener\">Hier findet Ihr detaillierte Infos zu dieser Wanderung<\/a><\/p>\n\n\n\n<figure class=\"wp-block-image size-large\"><img loading=\"lazy\" decoding=\"async\" width=\"2000\" height=\"857\" src=\"https:\/\/www.salzburgerland.com\/de\/magazin\/wp-content\/uploads\/2020\/11\/zwoelferhorn-panorama-berge-01.jpg\" alt=\"Sanfte H\u00fcgel und ferne Zw\u00f6lferhorngipfel unter blauem Himmel, mit B\u00e4umen im Vordergrund.\" class=\"wp-image-147178\" srcset=\"https:\/\/www.salzburgerland.com\/de\/magazin\/wp-content\/uploads\/2020\/11\/zwoelferhorn-panorama-berge-01.jpg 2000w, https:\/\/www.salzburgerland.com\/de\/magazin\/wp-content\/uploads\/2020\/11\/zwoelferhorn-panorama-berge-01-300x129.jpg 300w, https:\/\/www.salzburgerland.com\/de\/magazin\/wp-content\/uploads\/2020\/11\/zwoelferhorn-panorama-berge-01-1536x658.jpg 1536w, https:\/\/www.salzburgerland.com\/de\/magazin\/wp-content\/uploads\/2020\/11\/zwoelferhorn-panorama-berge-01-1284x550.jpg 1284w, https:\/\/www.salzburgerland.com\/de\/magazin\/wp-content\/uploads\/2020\/11\/zwoelferhorn-panorama-berge-01-933x400.jpg 933w, https:\/\/www.salzburgerland.com\/de\/magazin\/wp-content\/uploads\/2020\/11\/zwoelferhorn-panorama-berge-01-1320x566.jpg 1320w, https:\/\/www.salzburgerland.com\/de\/magazin\/wp-content\/uploads\/2020\/11\/zwoelferhorn-panorama-berge-01-150x64.jpg 150w\" sizes=\"auto, (max-width: 2000px) 100vw, 2000px\" \/><figcaption class=\"wp-element-caption\">Traumhaftes Bergpanorama am Zw\u00f6lferhorn<\/figcaption><\/figure>\n\n\n\n<h3 class=\"wp-block-heading\" id=\"h-von-faistenau-auf-das-zwolferhorn\">Von Faistenau auf das Zw\u00f6lferhorn<\/h3>\n\n\n\n<p>Vom Ortsteil Tiefbrunnau in Faistenau k\u00f6nnt ihr \u00fcber die Forststra\u00dfe hinauf auf die Sausteigalm wandern. Dort befinden sich mehrere Almen: die Bartlh\u00fctte, die L\u00e4rchenh\u00fctte und die<a href=\"https:\/\/wolfgangsee.salzkammergut.at\/oesterreich-gastronomie\/detail\/102377\/sausteigalm.html\" target=\"_blank\" rel=\"noreferrer noopener\"> Sausteigalm<\/a>. Besonders ans Herz legen m\u00f6chte ich f\u00fcr die Einkehr die L\u00e4rchenh\u00fctte. Dort habt ihr nicht nur einen fantastischen Blick auf den Wolfgangsee, sondern werdet auch kulinarisch bestens versorgt. Von hier geht es dann entweder \u00fcber die Sausteigalm und die alte Lifttrasse bzw. den Elferstein direkt hinauf auf das Zw\u00f6lferhorn. Alternativ gibt es beim gro\u00dfen Parkplatz vor der Sausteigalm &#8211; bis hierhin kann man von der Tiefbrunnau auch \u00fcber die geb\u00fchrenpflichtige Forststra\u00dfe fahren &#8211; rechterhand einen Wanderweg, der \u00fcber eine breite Forststra\u00dfe und \u00fcber die Stubneralm auf das Zw\u00f6lferhorn f\u00fchrt.<br><a href=\"https:\/\/www.salzkammergut.at\/oesterreich-tour\/detail\/100076\/zwoelferhorn.html\" target=\"_blank\" rel=\"noreferrer noopener\">Hier findet ihr detaillierte Infos zu dieser Wanderung<\/a><\/p>\n\n\n\n<h3 class=\"wp-block-heading\" id=\"h-abstieg-vom-zwolferhorn-ins-tal-nach-st-gilgen\">Abstieg vom Zw\u00f6lferhorn ins Tal nach St. Gilgen<\/h3>\n\n\n\n<p>Eine sch\u00f6ne Kombination aus Gem\u00fctlichkeit und sportlicher Bet\u00e4tigung ist es, nur eine Teilstrecke mit der Seilbahn zu nehmen und den R\u00fcckweg ins Tal zu wandern. Wenn ihr das Auto in St. Gilgen abgestellt habt, empfehle ich folgende Varianten:<\/p>\n\n\n\n<p>\u2022 \u00dcber den <a href=\"https:\/\/www.bergfex.at\/sommer\/salzburg\/touren\/wanderung\/7484,zwoelferhorn--st-gilgen-ueber-elferstein\/\" target=\"_blank\" rel=\"noreferrer noopener\">Elferstein<\/a>: circa 1 \u2013 1,5 Stunden<br>\u2022 \u00dcber die Stubneralm: circa 2 &#8211; 2,5 Stunden<\/p>\n\n\n<div class=\"mag-gallery\"><div class=\"row\"><div class=\"col-6 col-sm-4\"><figure><a class=\"thumb-container\" href=\"https:\/\/www.salzburgerland.com\/de\/magazin\/wp-content\/uploads\/2020\/11\/zwoelferhorn-panorama-berge-02-1280x1024.jpg\">\t<picture><source media=\"(min-width: 576px)\" srcset=\"https:\/\/www.salzburgerland.com\/de\/magazin\/wp-content\/uploads\/2020\/11\/zwoelferhorn-panorama-berge-02-325x209.jpg 325w, https:\/\/www.salzburgerland.com\/de\/magazin\/wp-content\/uploads\/2020\/11\/zwoelferhorn-panorama-berge-02-249x160.jpg 249w\"><\/source><source media=\"(min-width: 0)\" srcset=\"https:\/\/www.salzburgerland.com\/de\/magazin\/wp-content\/uploads\/2020\/11\/zwoelferhorn-panorama-berge-02-249x160.jpg 249w, https:\/\/www.salzburgerland.com\/de\/magazin\/wp-content\/uploads\/2020\/11\/zwoelferhorn-panorama-berge-02-325x209.jpg 325w\"><\/source><img decoding=\"async\" alt=\"Neblige Berge und Kiefern unter einem klaren Himmel mit dem Zw&ouml;lferhorn in der Ferne.\" src=\"https:\/\/www.salzburgerland.com\/de\/magazin\/wp-content\/uploads\/2020\/11\/zwoelferhorn-panorama-berge-02.jpg\">\t<\/picture><\/a><\/figure><\/div><div class=\"col-6 col-sm-4\"><figure><a class=\"thumb-container\" href=\"https:\/\/www.salzburgerland.com\/de\/magazin\/wp-content\/uploads\/2020\/11\/zwoelferhorn-panorama-berge-04-1280x1024.jpg\">\t<picture><source media=\"(min-width: 576px)\" srcset=\"https:\/\/www.salzburgerland.com\/de\/magazin\/wp-content\/uploads\/2020\/11\/zwoelferhorn-panorama-berge-04-325x209.jpg 325w, https:\/\/www.salzburgerland.com\/de\/magazin\/wp-content\/uploads\/2020\/11\/zwoelferhorn-panorama-berge-04-249x160.jpg 249w\"><\/source><source media=\"(min-width: 0)\" srcset=\"https:\/\/www.salzburgerland.com\/de\/magazin\/wp-content\/uploads\/2020\/11\/zwoelferhorn-panorama-berge-04-249x160.jpg 249w, https:\/\/www.salzburgerland.com\/de\/magazin\/wp-content\/uploads\/2020\/11\/zwoelferhorn-panorama-berge-04-325x209.jpg 325w\"><\/source><img decoding=\"async\" alt=\"Die schneebedeckten Gipfel des Zw&ouml;lferhorns erheben sich hinter bewaldeten H&uuml;geln unter einem blauen, wolkenverhangenen Himmel.\" src=\"https:\/\/www.salzburgerland.com\/de\/magazin\/wp-content\/uploads\/2020\/11\/zwoelferhorn-panorama-berge-04.jpg\">\t<\/picture><\/a><\/figure><\/div><div class=\"col-6 col-sm-4\"><figure><a class=\"thumb-container\" href=\"https:\/\/www.salzburgerland.com\/de\/magazin\/wp-content\/uploads\/2020\/11\/zwoelferhorn-panorama-berge-05-1280x1024.jpg\">\t<picture><source media=\"(min-width: 576px)\" srcset=\"https:\/\/www.salzburgerland.com\/de\/magazin\/wp-content\/uploads\/2020\/11\/zwoelferhorn-panorama-berge-05-325x209.jpg 325w, https:\/\/www.salzburgerland.com\/de\/magazin\/wp-content\/uploads\/2020\/11\/zwoelferhorn-panorama-berge-05-249x160.jpg 249w\"><\/source><source media=\"(min-width: 0)\" srcset=\"https:\/\/www.salzburgerland.com\/de\/magazin\/wp-content\/uploads\/2020\/11\/zwoelferhorn-panorama-berge-05-249x160.jpg 249w, https:\/\/www.salzburgerland.com\/de\/magazin\/wp-content\/uploads\/2020\/11\/zwoelferhorn-panorama-berge-05-325x209.jpg 325w\"><\/source><img decoding=\"async\" alt=\"Gebirgslandschaft mit gr&uuml;nen H&uuml;geln, W&auml;ldern und schneebedeckten Zw&ouml;lferhorngipfeln unter einem klaren blauen Himmel.\" src=\"https:\/\/www.salzburgerland.com\/de\/magazin\/wp-content\/uploads\/2020\/11\/zwoelferhorn-panorama-berge-05.jpg\">\t<\/picture><\/a><\/figure><\/div><\/div><figcaption><\/figcaption><\/div>\n\n\n\n<h2 class=\"wp-block-heading\" id=\"h-restaurant-mit-weitblick-das-zwolfer\">Restaurant mit Weitblick \u201eDas Zw\u00f6lfer\u201c<\/h2>\n\n\n\n<p>Wer nur die herrliche Aussicht genie\u00dfen will, der l\u00e4sst sich im &#8222;Das Z\u00f6lfer&#8220; nieder. Das moderne Restaurant mit Glasfront und mobiler Bedachung macht seinem Namen als Panoramarestaurant alle Ehre. Hier genie\u00dft ihr herrliche Speisen und k\u00f6stliche Kaffee- und Kuchenkreationen gepaart mit einem fantastischen Berge- und Seenblick. Der Blick schweift \u00fcber den Wolfgangsee, den Krottensee bis hin zum Mondsee und Irrsee.<\/p>\n\n\n\n<figure class=\"wp-block-image size-large\"><img loading=\"lazy\" decoding=\"async\" width=\"2000\" height=\"857\" src=\"https:\/\/www.salzburgerland.com\/de\/magazin\/wp-content\/uploads\/2020\/11\/das-zwoelfer-restaurant-03.jpg\" alt=\"Voit&#039;l H\u00fctte am Zw\u00f6lferhorn\" class=\"wp-image-147159\" srcset=\"https:\/\/www.salzburgerland.com\/de\/magazin\/wp-content\/uploads\/2020\/11\/das-zwoelfer-restaurant-03.jpg 2000w, https:\/\/www.salzburgerland.com\/de\/magazin\/wp-content\/uploads\/2020\/11\/das-zwoelfer-restaurant-03-300x129.jpg 300w, https:\/\/www.salzburgerland.com\/de\/magazin\/wp-content\/uploads\/2020\/11\/das-zwoelfer-restaurant-03-1536x658.jpg 1536w, https:\/\/www.salzburgerland.com\/de\/magazin\/wp-content\/uploads\/2020\/11\/das-zwoelfer-restaurant-03-1284x550.jpg 1284w, https:\/\/www.salzburgerland.com\/de\/magazin\/wp-content\/uploads\/2020\/11\/das-zwoelfer-restaurant-03-933x400.jpg 933w, https:\/\/www.salzburgerland.com\/de\/magazin\/wp-content\/uploads\/2020\/11\/das-zwoelfer-restaurant-03-1320x566.jpg 1320w, https:\/\/www.salzburgerland.com\/de\/magazin\/wp-content\/uploads\/2020\/11\/das-zwoelfer-restaurant-03-150x64.jpg 150w\" sizes=\"auto, (max-width: 2000px) 100vw, 2000px\" \/><figcaption class=\"wp-element-caption\">Panoramarestaurant &#8222;Das Zw\u00f6lfer&#8220;<\/figcaption><\/figure>\n\n\n<div class=\"mag-gallery\"><div class=\"row\"><div class=\"col-6 col-sm-4\"><figure><a class=\"thumb-container\" href=\"https:\/\/www.salzburgerland.com\/de\/magazin\/wp-content\/uploads\/2020\/11\/blick-auf-schafberg-1280x1024.jpg\">\t<picture><source media=\"(min-width: 576px)\" srcset=\"https:\/\/www.salzburgerland.com\/de\/magazin\/wp-content\/uploads\/2020\/11\/blick-auf-schafberg-325x209.jpg 325w, https:\/\/www.salzburgerland.com\/de\/magazin\/wp-content\/uploads\/2020\/11\/blick-auf-schafberg-249x160.jpg 249w\"><\/source><source media=\"(min-width: 0)\" srcset=\"https:\/\/www.salzburgerland.com\/de\/magazin\/wp-content\/uploads\/2020\/11\/blick-auf-schafberg-249x160.jpg 249w, https:\/\/www.salzburgerland.com\/de\/magazin\/wp-content\/uploads\/2020\/11\/blick-auf-schafberg-325x209.jpg 325w\"><\/source><img decoding=\"async\" alt=\"Schafbergblick\" src=\"https:\/\/www.salzburgerland.com\/de\/magazin\/wp-content\/uploads\/2020\/11\/blick-auf-schafberg.jpg\">\t<\/picture><\/a><\/figure><\/div><div class=\"col-6 col-sm-4\"><figure><a class=\"thumb-container\" href=\"https:\/\/www.salzburgerland.com\/de\/magazin\/wp-content\/uploads\/2020\/11\/das-zwoelfer-restaurant-01-1280x1024.jpg\">\t<picture><source media=\"(min-width: 576px)\" srcset=\"https:\/\/www.salzburgerland.com\/de\/magazin\/wp-content\/uploads\/2020\/11\/das-zwoelfer-restaurant-01-325x209.jpg 325w, https:\/\/www.salzburgerland.com\/de\/magazin\/wp-content\/uploads\/2020\/11\/das-zwoelfer-restaurant-01-249x160.jpg 249w\"><\/source><source media=\"(min-width: 0)\" srcset=\"https:\/\/www.salzburgerland.com\/de\/magazin\/wp-content\/uploads\/2020\/11\/das-zwoelfer-restaurant-01-249x160.jpg 249w, https:\/\/www.salzburgerland.com\/de\/magazin\/wp-content\/uploads\/2020\/11\/das-zwoelfer-restaurant-01-325x209.jpg 325w\"><\/source><img decoding=\"async\" alt=\"Das Zw&ouml;lfer am Zw&ouml;lferhorn\" src=\"https:\/\/www.salzburgerland.com\/de\/magazin\/wp-content\/uploads\/2020\/11\/das-zwoelfer-restaurant-01.jpg\">\t<\/picture><\/a><\/figure><\/div><div class=\"col-6 col-sm-4\"><figure><a class=\"thumb-container\" href=\"https:\/\/www.salzburgerland.com\/de\/magazin\/wp-content\/uploads\/2020\/11\/das-zwoelfer-restaurant-04-1280x1024.jpg\">\t<picture><source media=\"(min-width: 576px)\" srcset=\"https:\/\/www.salzburgerland.com\/de\/magazin\/wp-content\/uploads\/2020\/11\/das-zwoelfer-restaurant-04-325x209.jpg 325w, https:\/\/www.salzburgerland.com\/de\/magazin\/wp-content\/uploads\/2020\/11\/das-zwoelfer-restaurant-04-249x160.jpg 249w\"><\/source><source media=\"(min-width: 0)\" srcset=\"https:\/\/www.salzburgerland.com\/de\/magazin\/wp-content\/uploads\/2020\/11\/das-zwoelfer-restaurant-04-249x160.jpg 249w, https:\/\/www.salzburgerland.com\/de\/magazin\/wp-content\/uploads\/2020\/11\/das-zwoelfer-restaurant-04-325x209.jpg 325w\"><\/source><img decoding=\"async\" alt=\"Das Zw&ouml;lfer am Zw&ouml;lferhorn\" src=\"https:\/\/www.salzburgerland.com\/de\/magazin\/wp-content\/uploads\/2020\/11\/das-zwoelfer-restaurant-04.jpg\">\t<\/picture><\/a><\/figure><\/div><\/div><figcaption><\/figcaption><\/div>\n\n\n\n<h2 class=\"wp-block-heading\" id=\"h-voit-l-hutte\">Voit\u2019l H\u00fctte<\/h2>\n\n\n\n<p>Wer es lieber etwas uriger mag, der wird an der Voit\u2019l H\u00fctte seine Freude haben. Nur wenige Schritte entfernt liegt die gem\u00fctliche H\u00fctte, die ihre G\u00e4ste mit frischen Almgerichten, netten Gespr\u00e4chen und kleinen Kuscheleinheiten von s\u00fc\u00dfen Almk\u00e4tzchen versorgt. <\/p>\n\n\n<div class=\"mag-gallery\"><div class=\"row\"><div class=\"col-6 col-sm-4\"><figure><a class=\"thumb-container\" href=\"https:\/\/www.salzburgerland.com\/de\/magazin\/wp-content\/uploads\/2020\/11\/voitl-huette-zwoelferhorn-01-1280x1024.jpg\">\t<picture><source media=\"(min-width: 576px)\" srcset=\"https:\/\/www.salzburgerland.com\/de\/magazin\/wp-content\/uploads\/2020\/11\/voitl-huette-zwoelferhorn-01-325x209.jpg 325w, https:\/\/www.salzburgerland.com\/de\/magazin\/wp-content\/uploads\/2020\/11\/voitl-huette-zwoelferhorn-01-249x160.jpg 249w\"><\/source><source media=\"(min-width: 0)\" srcset=\"https:\/\/www.salzburgerland.com\/de\/magazin\/wp-content\/uploads\/2020\/11\/voitl-huette-zwoelferhorn-01-249x160.jpg 249w, https:\/\/www.salzburgerland.com\/de\/magazin\/wp-content\/uploads\/2020\/11\/voitl-huette-zwoelferhorn-01-325x209.jpg 325w\"><\/source><img decoding=\"async\" alt=\"Voit'l H&uuml;tte am Zw&ouml;lferhorn\" src=\"https:\/\/www.salzburgerland.com\/de\/magazin\/wp-content\/uploads\/2020\/11\/voitl-huette-zwoelferhorn-01.jpg\">\t<\/picture><\/a><\/figure><\/div><div class=\"col-6 col-sm-4\"><figure><a class=\"thumb-container\" href=\"https:\/\/www.salzburgerland.com\/de\/magazin\/wp-content\/uploads\/2020\/11\/voitl-huette-zwoelferhorn-05-1280x1024.jpg\">\t<picture><source media=\"(min-width: 576px)\" srcset=\"https:\/\/www.salzburgerland.com\/de\/magazin\/wp-content\/uploads\/2020\/11\/voitl-huette-zwoelferhorn-05-325x209.jpg 325w, https:\/\/www.salzburgerland.com\/de\/magazin\/wp-content\/uploads\/2020\/11\/voitl-huette-zwoelferhorn-05-249x160.jpg 249w\"><\/source><source media=\"(min-width: 0)\" srcset=\"https:\/\/www.salzburgerland.com\/de\/magazin\/wp-content\/uploads\/2020\/11\/voitl-huette-zwoelferhorn-05-249x160.jpg 249w, https:\/\/www.salzburgerland.com\/de\/magazin\/wp-content\/uploads\/2020\/11\/voitl-huette-zwoelferhorn-05-325x209.jpg 325w\"><\/source><img decoding=\"async\" alt=\"Voit'l H&uuml;tte am Zw&ouml;lferhorn\" src=\"https:\/\/www.salzburgerland.com\/de\/magazin\/wp-content\/uploads\/2020\/11\/voitl-huette-zwoelferhorn-05.jpg\">\t<\/picture><\/a><\/figure><\/div><div class=\"col-6 col-sm-4\"><figure><a class=\"thumb-container\" href=\"https:\/\/www.salzburgerland.com\/de\/magazin\/wp-content\/uploads\/2020\/11\/voitl-huette-zwoelferhorn-06-1280x1024.jpg\">\t<picture><source media=\"(min-width: 576px)\" srcset=\"https:\/\/www.salzburgerland.com\/de\/magazin\/wp-content\/uploads\/2020\/11\/voitl-huette-zwoelferhorn-06-325x209.jpg 325w, https:\/\/www.salzburgerland.com\/de\/magazin\/wp-content\/uploads\/2020\/11\/voitl-huette-zwoelferhorn-06-249x160.jpg 249w\"><\/source><source media=\"(min-width: 0)\" srcset=\"https:\/\/www.salzburgerland.com\/de\/magazin\/wp-content\/uploads\/2020\/11\/voitl-huette-zwoelferhorn-06-249x160.jpg 249w, https:\/\/www.salzburgerland.com\/de\/magazin\/wp-content\/uploads\/2020\/11\/voitl-huette-zwoelferhorn-06-325x209.jpg 325w\"><\/source><img decoding=\"async\" alt=\"Voit'l H&uuml;tte am Zw&ouml;lferhorn\" src=\"https:\/\/www.salzburgerland.com\/de\/magazin\/wp-content\/uploads\/2020\/11\/voitl-huette-zwoelferhorn-06.jpg\">\t<\/picture><\/a><\/figure><\/div><div class=\"col-6 col-sm-4\"><figure><a class=\"thumb-container\" href=\"https:\/\/www.salzburgerland.com\/de\/magazin\/wp-content\/uploads\/2020\/11\/voitl-huette-zwoelferhorn-03-1280x1024.jpg\">\t<picture><source media=\"(min-width: 576px)\" srcset=\"https:\/\/www.salzburgerland.com\/de\/magazin\/wp-content\/uploads\/2020\/11\/voitl-huette-zwoelferhorn-03-325x209.jpg 325w, https:\/\/www.salzburgerland.com\/de\/magazin\/wp-content\/uploads\/2020\/11\/voitl-huette-zwoelferhorn-03-249x160.jpg 249w\"><\/source><source media=\"(min-width: 0)\" srcset=\"https:\/\/www.salzburgerland.com\/de\/magazin\/wp-content\/uploads\/2020\/11\/voitl-huette-zwoelferhorn-03-249x160.jpg 249w, https:\/\/www.salzburgerland.com\/de\/magazin\/wp-content\/uploads\/2020\/11\/voitl-huette-zwoelferhorn-03-325x209.jpg 325w\"><\/source><img decoding=\"async\" alt=\"Voit'l H&uuml;tte am Zw&ouml;lferhorn\" src=\"https:\/\/www.salzburgerland.com\/de\/magazin\/wp-content\/uploads\/2020\/11\/voitl-huette-zwoelferhorn-03.jpg\">\t<\/picture><\/a><\/figure><\/div><div class=\"col-6 col-sm-4\"><figure><a class=\"thumb-container\" href=\"https:\/\/www.salzburgerland.com\/de\/magazin\/wp-content\/uploads\/2020\/11\/voitl-huette-zwoelferhorn-04-1280x1024.jpg\">\t<picture><source media=\"(min-width: 576px)\" srcset=\"https:\/\/www.salzburgerland.com\/de\/magazin\/wp-content\/uploads\/2020\/11\/voitl-huette-zwoelferhorn-04-325x209.jpg 325w, https:\/\/www.salzburgerland.com\/de\/magazin\/wp-content\/uploads\/2020\/11\/voitl-huette-zwoelferhorn-04-249x160.jpg 249w\"><\/source><source media=\"(min-width: 0)\" srcset=\"https:\/\/www.salzburgerland.com\/de\/magazin\/wp-content\/uploads\/2020\/11\/voitl-huette-zwoelferhorn-04-249x160.jpg 249w, https:\/\/www.salzburgerland.com\/de\/magazin\/wp-content\/uploads\/2020\/11\/voitl-huette-zwoelferhorn-04-325x209.jpg 325w\"><\/source><img decoding=\"async\" alt=\"Voit'l H&uuml;tte am Zw&ouml;lferhorn\" src=\"https:\/\/www.salzburgerland.com\/de\/magazin\/wp-content\/uploads\/2020\/11\/voitl-huette-zwoelferhorn-04.jpg\">\t<\/picture><\/a><\/figure><\/div><div class=\"col-6 col-sm-4\"><figure><a class=\"thumb-container\" href=\"https:\/\/www.salzburgerland.com\/de\/magazin\/wp-content\/uploads\/2020\/11\/voitl-huette-zwoelferhorn-02-1280x1024.jpg\">\t<picture><source media=\"(min-width: 576px)\" srcset=\"https:\/\/www.salzburgerland.com\/de\/magazin\/wp-content\/uploads\/2020\/11\/voitl-huette-zwoelferhorn-02-325x209.jpg 325w, https:\/\/www.salzburgerland.com\/de\/magazin\/wp-content\/uploads\/2020\/11\/voitl-huette-zwoelferhorn-02-249x160.jpg 249w\"><\/source><source media=\"(min-width: 0)\" srcset=\"https:\/\/www.salzburgerland.com\/de\/magazin\/wp-content\/uploads\/2020\/11\/voitl-huette-zwoelferhorn-02-249x160.jpg 249w, https:\/\/www.salzburgerland.com\/de\/magazin\/wp-content\/uploads\/2020\/11\/voitl-huette-zwoelferhorn-02-325x209.jpg 325w\"><\/source><img decoding=\"async\" alt=\"Voit'l H&uuml;tte am Zw&ouml;lferhorn\" src=\"https:\/\/www.salzburgerland.com\/de\/magazin\/wp-content\/uploads\/2020\/11\/voitl-huette-zwoelferhorn-02.jpg\">\t<\/picture><\/a><\/figure><\/div><\/div><figcaption><\/figcaption><\/div>\n\n\n\n<h2 class=\"wp-block-heading\" id=\"h-zwolferhorn-seilbahn-erste-energieautarke-seilbahn-weltweit\">Zw\u00f6lferhorn Seilbahn: erste energieautarke Seilbahn weltweit<\/h2>\n\n\n\n<p>Die Zw\u00f6lferhorn Seilbahn in St. Gilgen f\u00e4hrt seit Juni 2024 vollst\u00e4ndig mit Sonnenenergie. Die gelben und roten Gondeln nutzen \u00fcbersch\u00fcssigen Strom der Gemeinde, ein Meilenstein f\u00fcr nachhaltigen Tourismus. Mit der Photovoltaikanlage an der Bergstation setzt die Zw\u00f6lferhorn Seilbahn ein Zeichen f\u00fcr Nachhaltigkeit und Umweltschutz!<\/p>\n\n\n\n<figure class=\"wp-block-embed is-type-video is-provider-youtube wp-block-embed-youtube wp-embed-aspect-16-9 wp-has-aspect-ratio\"><div class=\"wp-block-embed__wrapper\">\n<iframe loading=\"lazy\" title=\"Die erste Seilbahn der Welt \u2013 energieautonom mit Sonnenstrom betrieben \u2600\ufe0f\ud83d\udd0b\" width=\"640\" height=\"360\" src=\"https:\/\/www.youtube-nocookie.com\/embed\/i-jJQ_-zZMs?feature=oembed&#038;rel=0&#038;modestbranding=1\" frameborder=\"0\" allow=\"accelerometer; autoplay; clipboard-write; encrypted-media; gyroscope; picture-in-picture; web-share\" referrerpolicy=\"strict-origin-when-cross-origin\" allowfullscreen><\/iframe>\n<\/div><\/figure>\n\n\n\n<p>Wer Urlaub im SalzburgerLand macht, dem sollte eine Fahrt mit der neuen Zw\u00f6lferhorn Seilbahn unbedingt einen Ausflug wert sein. Neben sonnenhungrigen Bergg\u00e4sten, Wanderfreunden und Skitourengehern haben am Zw\u00f6lferhorn auch Paraglider und Yoga-Fans das ganze Jahr \u00fcber ihre Freude. <\/p>\n\n\n\n<p>ZW\u00d6LFERHORN SEILBAHN<br>Konrad-Lesiak-Platz 3<br>A-5340 St. Gilgen<br><a href=\"https:\/\/www.zwoelferhorn.at\/\" target=\"_blank\" rel=\"noreferrer noopener\">www.zwoelferhorn.at<\/a><\/p>\n\n\n\n<figure class=\"wp-block-image size-large\"><img loading=\"lazy\" decoding=\"async\" width=\"2000\" height=\"1125\" src=\"https:\/\/www.salzburgerland.com\/de\/magazin\/wp-content\/uploads\/2020\/11\/zwoelferhorn-seilbahn-07.jpg\" alt=\"Eine Seilbahnstation auf dem Zw\u00f6lferhorn mit einer herrlichen Aussicht auf T\u00e4ler und Gipfel unter einem klaren blauen Himmel.\" class=\"wp-image-147204\" srcset=\"https:\/\/www.salzburgerland.com\/de\/magazin\/wp-content\/uploads\/2020\/11\/zwoelferhorn-seilbahn-07.jpg 2000w, https:\/\/www.salzburgerland.com\/de\/magazin\/wp-content\/uploads\/2020\/11\/zwoelferhorn-seilbahn-07-300x169.jpg 300w, https:\/\/www.salzburgerland.com\/de\/magazin\/wp-content\/uploads\/2020\/11\/zwoelferhorn-seilbahn-07-1536x864.jpg 1536w, https:\/\/www.salzburgerland.com\/de\/magazin\/wp-content\/uploads\/2020\/11\/zwoelferhorn-seilbahn-07-978x550.jpg 978w, https:\/\/www.salzburgerland.com\/de\/magazin\/wp-content\/uploads\/2020\/11\/zwoelferhorn-seilbahn-07-711x400.jpg 711w, https:\/\/www.salzburgerland.com\/de\/magazin\/wp-content\/uploads\/2020\/11\/zwoelferhorn-seilbahn-07-560x316.jpg 560w, https:\/\/www.salzburgerland.com\/de\/magazin\/wp-content\/uploads\/2020\/11\/zwoelferhorn-seilbahn-07-250x140.jpg 250w, https:\/\/www.salzburgerland.com\/de\/magazin\/wp-content\/uploads\/2020\/11\/zwoelferhorn-seilbahn-07-1320x743.jpg 1320w, https:\/\/www.salzburgerland.com\/de\/magazin\/wp-content\/uploads\/2020\/11\/zwoelferhorn-seilbahn-07-150x84.jpg 150w, https:\/\/www.salzburgerland.com\/de\/magazin\/wp-content\/uploads\/2020\/11\/zwoelferhorn-seilbahn-07-1200x675.jpg 1200w\" sizes=\"auto, (max-width: 2000px) 100vw, 2000px\" \/><\/figure>\n\n\n<div class=\"mag-gallery\"><div class=\"row\"><div class=\"col-6 col-sm-4\"><figure><a class=\"thumb-container\" href=\"https:\/\/www.salzburgerland.com\/de\/magazin\/wp-content\/uploads\/2020\/11\/blick-auf-wolfgangsee-01-1280x1024.jpg\">\t<picture><source media=\"(min-width: 576px)\" srcset=\"https:\/\/www.salzburgerland.com\/de\/magazin\/wp-content\/uploads\/2020\/11\/blick-auf-wolfgangsee-01-325x209.jpg 325w, https:\/\/www.salzburgerland.com\/de\/magazin\/wp-content\/uploads\/2020\/11\/blick-auf-wolfgangsee-01-249x160.jpg 249w\"><\/source><source media=\"(min-width: 0)\" srcset=\"https:\/\/www.salzburgerland.com\/de\/magazin\/wp-content\/uploads\/2020\/11\/blick-auf-wolfgangsee-01-249x160.jpg 249w, https:\/\/www.salzburgerland.com\/de\/magazin\/wp-content\/uploads\/2020\/11\/blick-auf-wolfgangsee-01-325x209.jpg 325w\"><\/source><img decoding=\"async\" alt=\"Ein malerischer See in der N&auml;he des Zw&ouml;lferhorns, umgeben von herbstlichen B&auml;umen, D&ouml;rfern und fernen Bergen unter einem blauen Himmel.\" src=\"https:\/\/www.salzburgerland.com\/de\/magazin\/wp-content\/uploads\/2020\/11\/blick-auf-wolfgangsee-01.jpg\">\t<\/picture><\/a><\/figure><\/div><div class=\"col-6 col-sm-4\"><figure><a class=\"thumb-container\" href=\"https:\/\/www.salzburgerland.com\/de\/magazin\/wp-content\/uploads\/2020\/11\/zwoelferhorn-seilbahn-03-1280x1024.jpg\">\t<picture><source media=\"(min-width: 576px)\" srcset=\"https:\/\/www.salzburgerland.com\/de\/magazin\/wp-content\/uploads\/2020\/11\/zwoelferhorn-seilbahn-03-325x209.jpg 325w, https:\/\/www.salzburgerland.com\/de\/magazin\/wp-content\/uploads\/2020\/11\/zwoelferhorn-seilbahn-03-249x160.jpg 249w\"><\/source><source media=\"(min-width: 0)\" srcset=\"https:\/\/www.salzburgerland.com\/de\/magazin\/wp-content\/uploads\/2020\/11\/zwoelferhorn-seilbahn-03-249x160.jpg 249w, https:\/\/www.salzburgerland.com\/de\/magazin\/wp-content\/uploads\/2020\/11\/zwoelferhorn-seilbahn-03-325x209.jpg 325w\"><\/source><img decoding=\"async\" alt=\"Zw&ouml;lferhorn Blick auf St. Gilgen &copy; Melanie Deisl\" src=\"https:\/\/www.salzburgerland.com\/de\/magazin\/wp-content\/uploads\/2020\/11\/zwoelferhorn-seilbahn-03.jpg\">\t<\/picture><\/a><\/figure><\/div><div class=\"col-6 col-sm-4\"><figure><a class=\"thumb-container\" href=\"https:\/\/www.salzburgerland.com\/de\/magazin\/wp-content\/uploads\/2020\/11\/blick-auf-wolfgangsee-1280x1024.jpg\">\t<picture><source media=\"(min-width: 576px)\" srcset=\"https:\/\/www.salzburgerland.com\/de\/magazin\/wp-content\/uploads\/2020\/11\/blick-auf-wolfgangsee-325x209.jpg 325w, https:\/\/www.salzburgerland.com\/de\/magazin\/wp-content\/uploads\/2020\/11\/blick-auf-wolfgangsee-249x160.jpg 249w\"><\/source><source media=\"(min-width: 0)\" srcset=\"https:\/\/www.salzburgerland.com\/de\/magazin\/wp-content\/uploads\/2020\/11\/blick-auf-wolfgangsee-249x160.jpg 249w, https:\/\/www.salzburgerland.com\/de\/magazin\/wp-content\/uploads\/2020\/11\/blick-auf-wolfgangsee-325x209.jpg 325w\"><\/source><img decoding=\"async\" alt=\"Bergsee am Zw&ouml;lferhorn, umgeben von herbstlichen B&auml;umen, nebligen H&uuml;geln und einem klaren blauen Himmel.\" src=\"https:\/\/www.salzburgerland.com\/de\/magazin\/wp-content\/uploads\/2020\/11\/blick-auf-wolfgangsee.jpg\">\t<\/picture><\/a><\/figure><\/div><\/div><figcaption><\/figcaption><\/div>\n\n\n\n\n\n<p><em>Fotos: \u00a9&nbsp;<a href=\"https:\/\/www.lintner-media.at\/\">Christian Lintner<\/a> und <a href=\"https:\/\/www.salzburgerland.com\/de\/magazin\/author\/melanie_deisl\/\">Melanie Deisl<\/a><\/em><\/p>\n","protected":false},"excerpt":{"rendered":"<p>Das Zw\u00f6lferhorn in St. Gilgen war immer schon ein Besuchermagnet \u2013 und von Natur aus sch\u00f6n. Doch jetzt lohnt es sich doppelt, den bekannten Aussichtsberg zu besuchen. Sommer wie Winter kann man mit der brandneuen und top-modernen Zw\u00f6lferhorn Seilbahn auf den Berg am Wolfgangsee gondeln und von oben das fantastische Salzkammergut-Panorama genie\u00dfen. In nur elf [&hellip;]<\/p>\n","protected":false},"author":565,"featured_media":147166,"comment_status":"open","ping_status":"closed","sticky":false,"template":"","format":"standard","meta":{"_acf_changed":false,"wl_entities_gutenberg":"","_wl_entity_redirect_enabled":"","footnotes":""},"categories":[8],"tags":[4178,196,2532,4176,139,2533,5685],"wl_entity_type":[306],"monatsauswahl":[82,83,84,85,86,87,88,89,90,91,92,93],"class_list":["post-147130","post","type-post","status-publish","format-standard","has-post-thumbnail","hentry","category-outdoor-sport","tag-berg-und-see","tag-berge","tag-st-gilgen","tag-urlaub-am-wolfgangsee","tag-wandern","tag-wolfgangsee","tag-zwoelferhorn","wl_entity_type-article","monatsauswahl-monat_1","monatsauswahl-monat_2","monatsauswahl-monat_3","monatsauswahl-monat_4","monatsauswahl-monat_5","monatsauswahl-monat_6","monatsauswahl-monat_7","monatsauswahl-monat_8","monatsauswahl-monat_9","monatsauswahl-monat_10","monatsauswahl-monat_11","monatsauswahl-monat_12"],"acf":[],"yoast_head":"<!-- This site is optimized with the Yoast SEO Premium plugin v27.4 (Yoast SEO v27.4) - https:\/\/yoast.com\/product\/yoast-seo-premium-wordpress\/ -->\n<title>Zw\u00f6lferhorn Seilbahn erstrahlt in neuem Glanz - SalzburgerLand Magazin<\/title>\n<meta name=\"description\" content=\"Die Zw\u00f6lferhorn Seilbahn bringt Sie auf einen der sch\u00f6nsten Panoramaberge im SalzburgerLand. TOP-modern und barrierefrei die Berge genie\u00dfen.\" \/>\n<meta name=\"robots\" content=\"index, follow, max-snippet:-1, max-image-preview:large, max-video-preview:-1\" \/>\n<link rel=\"canonical\" href=\"https:\/\/www.salzburgerland.com\/de\/magazin\/zwoelferhorn-seilbahn-erstrahlt-in-neuem-glanz\/\" \/>\n<meta property=\"og:locale\" content=\"de_DE\" \/>\n<meta property=\"og:type\" content=\"article\" \/>\n<meta property=\"og:title\" content=\"Zw\u00f6lferhorn Seilbahn erstrahlt in neuem Glanz\" \/>\n<meta property=\"og:description\" content=\"Die Zw\u00f6lferhorn Seilbahn bringt Sie auf einen der sch\u00f6nsten Panoramaberge im SalzburgerLand. TOP-modern und barrierefrei die Berge genie\u00dfen.\" \/>\n<meta property=\"og:url\" content=\"https:\/\/www.salzburgerland.com\/de\/magazin\/zwoelferhorn-seilbahn-erstrahlt-in-neuem-glanz\/\" \/>\n<meta property=\"og:site_name\" content=\"SalzburgerLand Magazin\" \/>\n<meta property=\"article:publisher\" content=\"https:\/\/www.facebook.com\/salzburgerland\/\" \/>\n<meta property=\"article:author\" content=\"https:\/\/www.facebook.com\/urlaubsgeschichten\/\" \/>\n<meta property=\"article:published_time\" content=\"2021-04-28T06:00:00+00:00\" \/>\n<meta property=\"article:modified_time\" content=\"2025-02-10T05:24:23+00:00\" \/>\n<meta property=\"og:image\" content=\"https:\/\/www.salzburgerland.com\/de\/magazin\/wp-content\/uploads\/2020\/11\/zwoelferhorn-seilbahn-titel.jpg\" \/>\n\t<meta property=\"og:image:width\" content=\"2000\" \/>\n\t<meta property=\"og:image:height\" content=\"1333\" \/>\n\t<meta property=\"og:image:type\" content=\"image\/jpeg\" \/>\n<meta name=\"author\" content=\"Melanie Deisl\" \/>\n<meta name=\"twitter:card\" content=\"summary_large_image\" \/>\n<meta name=\"twitter:creator\" content=\"@Salzburgerland\" \/>\n<meta name=\"twitter:site\" content=\"@Salzburgerland\" \/>\n<meta name=\"twitter:label1\" content=\"Verfasst von\" \/>\n\t<meta name=\"twitter:data1\" content=\"Melanie Deisl\" \/>\n\t<meta name=\"twitter:label2\" content=\"Gesch\u00e4tzte Lesezeit\" \/>\n\t<meta name=\"twitter:data2\" content=\"11\u00a0Minuten\" \/>\n<script type=\"application\/ld+json\" class=\"yoast-schema-graph\">{\"@context\":\"https:\\\/\\\/schema.org\",\"@graph\":[{\"@type\":\"Article\",\"@id\":\"https:\\\/\\\/www.salzburgerland.com\\\/de\\\/magazin\\\/zwoelferhorn-seilbahn-erstrahlt-in-neuem-glanz\\\/#article\",\"isPartOf\":{\"@id\":\"https:\\\/\\\/www.salzburgerland.com\\\/de\\\/magazin\\\/zwoelferhorn-seilbahn-erstrahlt-in-neuem-glanz\\\/\"},\"author\":{\"name\":\"Melanie Deisl\",\"@id\":\"https:\\\/\\\/www.salzburgerland.com\\\/de\\\/magazin\\\/#\\\/schema\\\/person\\\/3d66364225257aad8b700259f8d80a69\"},\"headline\":\"Zw\u00f6lferhorn Seilbahn erstrahlt in neuem Glanz\",\"datePublished\":\"2021-04-28T06:00:00+00:00\",\"dateModified\":\"2025-02-10T05:24:23+00:00\",\"mainEntityOfPage\":{\"@id\":\"https:\\\/\\\/www.salzburgerland.com\\\/de\\\/magazin\\\/zwoelferhorn-seilbahn-erstrahlt-in-neuem-glanz\\\/\"},\"wordCount\":943,\"commentCount\":0,\"publisher\":{\"@id\":\"https:\\\/\\\/www.salzburgerland.com\\\/de\\\/magazin\\\/#organization\"},\"image\":{\"@id\":\"https:\\\/\\\/www.salzburgerland.com\\\/de\\\/magazin\\\/zwoelferhorn-seilbahn-erstrahlt-in-neuem-glanz\\\/#primaryimage\"},\"thumbnailUrl\":\"https:\\\/\\\/www.salzburgerland.com\\\/de\\\/magazin\\\/wp-content\\\/uploads\\\/2020\\\/11\\\/zwoelferhorn-seilbahn-titel.jpg\",\"keywords\":[\"Berg und See\",\"Berge\",\"St. Gilgen\",\"Urlaub am Wolfgangsee\",\"Wandern\",\"Wolfgangsee\",\"Zw\u00f6lferhorn\"],\"articleSection\":[\"Outdoor &amp; Sport\"],\"inLanguage\":\"de\",\"potentialAction\":[{\"@type\":\"CommentAction\",\"name\":\"Comment\",\"target\":[\"https:\\\/\\\/www.salzburgerland.com\\\/de\\\/magazin\\\/zwoelferhorn-seilbahn-erstrahlt-in-neuem-glanz\\\/#respond\"]}]},{\"@type\":\"WebPage\",\"@id\":\"https:\\\/\\\/www.salzburgerland.com\\\/de\\\/magazin\\\/zwoelferhorn-seilbahn-erstrahlt-in-neuem-glanz\\\/\",\"url\":\"https:\\\/\\\/www.salzburgerland.com\\\/de\\\/magazin\\\/zwoelferhorn-seilbahn-erstrahlt-in-neuem-glanz\\\/\",\"name\":\"Zw\u00f6lferhorn Seilbahn erstrahlt in neuem Glanz - SalzburgerLand Magazin\",\"isPartOf\":{\"@id\":\"https:\\\/\\\/www.salzburgerland.com\\\/de\\\/magazin\\\/#website\"},\"primaryImageOfPage\":{\"@id\":\"https:\\\/\\\/www.salzburgerland.com\\\/de\\\/magazin\\\/zwoelferhorn-seilbahn-erstrahlt-in-neuem-glanz\\\/#primaryimage\"},\"image\":{\"@id\":\"https:\\\/\\\/www.salzburgerland.com\\\/de\\\/magazin\\\/zwoelferhorn-seilbahn-erstrahlt-in-neuem-glanz\\\/#primaryimage\"},\"thumbnailUrl\":\"https:\\\/\\\/www.salzburgerland.com\\\/de\\\/magazin\\\/wp-content\\\/uploads\\\/2020\\\/11\\\/zwoelferhorn-seilbahn-titel.jpg\",\"datePublished\":\"2021-04-28T06:00:00+00:00\",\"dateModified\":\"2025-02-10T05:24:23+00:00\",\"description\":\"Die Zw\u00f6lferhorn Seilbahn bringt Sie auf einen der sch\u00f6nsten Panoramaberge im SalzburgerLand. TOP-modern und barrierefrei die Berge genie\u00dfen.\",\"breadcrumb\":{\"@id\":\"https:\\\/\\\/www.salzburgerland.com\\\/de\\\/magazin\\\/zwoelferhorn-seilbahn-erstrahlt-in-neuem-glanz\\\/#breadcrumb\"},\"inLanguage\":\"de\",\"potentialAction\":[{\"@type\":\"ReadAction\",\"target\":[\"https:\\\/\\\/www.salzburgerland.com\\\/de\\\/magazin\\\/zwoelferhorn-seilbahn-erstrahlt-in-neuem-glanz\\\/\"]}]},{\"@type\":\"ImageObject\",\"inLanguage\":\"de\",\"@id\":\"https:\\\/\\\/www.salzburgerland.com\\\/de\\\/magazin\\\/zwoelferhorn-seilbahn-erstrahlt-in-neuem-glanz\\\/#primaryimage\",\"url\":\"https:\\\/\\\/www.salzburgerland.com\\\/de\\\/magazin\\\/wp-content\\\/uploads\\\/2020\\\/11\\\/zwoelferhorn-seilbahn-titel.jpg\",\"contentUrl\":\"https:\\\/\\\/www.salzburgerland.com\\\/de\\\/magazin\\\/wp-content\\\/uploads\\\/2020\\\/11\\\/zwoelferhorn-seilbahn-titel.jpg\",\"width\":2000,\"height\":1333,\"caption\":\"Zw\u00f6lferhorn Seilbahn\"},{\"@type\":\"BreadcrumbList\",\"@id\":\"https:\\\/\\\/www.salzburgerland.com\\\/de\\\/magazin\\\/zwoelferhorn-seilbahn-erstrahlt-in-neuem-glanz\\\/#breadcrumb\",\"itemListElement\":[{\"@type\":\"ListItem\",\"position\":1,\"name\":\"Startseite\",\"item\":\"https:\\\/\\\/www.salzburgerland.com\\\/de\\\/magazin\\\/\"},{\"@type\":\"ListItem\",\"position\":2,\"name\":\"Outdoor &amp; Sport\",\"item\":\"https:\\\/\\\/www.salzburgerland.com\\\/de\\\/magazin\\\/thema\\\/outdoor-sport\\\/\"},{\"@type\":\"ListItem\",\"position\":3,\"name\":\"Zw\u00f6lferhorn Seilbahn erstrahlt in neuem Glanz\"}]},{\"@type\":\"WebSite\",\"@id\":\"https:\\\/\\\/www.salzburgerland.com\\\/de\\\/magazin\\\/#website\",\"url\":\"https:\\\/\\\/www.salzburgerland.com\\\/de\\\/magazin\\\/\",\"name\":\"SalzburgerLand Magazin\",\"description\":\"Geschichten und Interessantes aus dem SalzburgerLand\",\"publisher\":{\"@id\":\"https:\\\/\\\/www.salzburgerland.com\\\/de\\\/magazin\\\/#organization\"},\"potentialAction\":[{\"@type\":\"SearchAction\",\"target\":{\"@type\":\"EntryPoint\",\"urlTemplate\":\"https:\\\/\\\/www.salzburgerland.com\\\/de\\\/magazin\\\/?s={search_term_string}\"},\"query-input\":{\"@type\":\"PropertyValueSpecification\",\"valueRequired\":true,\"valueName\":\"search_term_string\"}}],\"inLanguage\":\"de\"},{\"@type\":\"Organization\",\"@id\":\"https:\\\/\\\/www.salzburgerland.com\\\/de\\\/magazin\\\/#organization\",\"name\":\"SalzburgerLand Tourismus\",\"url\":\"https:\\\/\\\/www.salzburgerland.com\\\/de\\\/magazin\\\/\",\"logo\":{\"@type\":\"ImageObject\",\"inLanguage\":\"de\",\"@id\":\"https:\\\/\\\/www.salzburgerland.com\\\/de\\\/magazin\\\/#\\\/schema\\\/logo\\\/image\\\/\",\"url\":\"https:\\\/\\\/www.salzburgerland.com\\\/de\\\/magazin\\\/wp-content\\\/uploads\\\/2019\\\/06\\\/salzburgerland-logo1.jpg\",\"contentUrl\":\"https:\\\/\\\/www.salzburgerland.com\\\/de\\\/magazin\\\/wp-content\\\/uploads\\\/2019\\\/06\\\/salzburgerland-logo1.jpg\",\"width\":2011,\"height\":866,\"caption\":\"SalzburgerLand Tourismus\"},\"image\":{\"@id\":\"https:\\\/\\\/www.salzburgerland.com\\\/de\\\/magazin\\\/#\\\/schema\\\/logo\\\/image\\\/\"},\"sameAs\":[\"https:\\\/\\\/www.facebook.com\\\/salzburgerland\\\/\",\"https:\\\/\\\/x.com\\\/Salzburgerland\",\"https:\\\/\\\/www.instagram.com\\\/salzburgerland\\\/\",\"https:\\\/\\\/at.linkedin.com\\\/company\\\/salzburgerland-tourismus-gmbh\",\"https:\\\/\\\/www.pinterest.at\\\/salzburgerland\\\/\",\"https:\\\/\\\/www.youtube.com\\\/user\\\/salzburgerland\",\"https:\\\/\\\/de.wikipedia.org\\\/wiki\\\/SalzburgerLand_Tourismus_GmbH\"]},{\"@type\":\"Person\",\"@id\":\"https:\\\/\\\/www.salzburgerland.com\\\/de\\\/magazin\\\/#\\\/schema\\\/person\\\/3d66364225257aad8b700259f8d80a69\",\"name\":\"Melanie Deisl\",\"description\":\"Ihre Liebe zum Reisen teilt Melanie genauso gerne, wie ihre Liebe zum SalzburgerLand. Die geb\u00fcrtige Faistenauerin ist in Koppl aufgewachsen und in der Fuschlseeregion zuhause. Und die kennt sie auch wie ihre Westentasche. Ihre erste, noch sehr analoge, Tourismuserfahrung konnte sie bereits w\u00e4hrend der Schulzeit beim SalzburgerLand Tourismus (SLTG) und sp\u00e4ter beim TVB Fuschl am See sammeln. Beruflich ist sie seit ihrem Studium der Kommunikationswissenschaften im Bereich SEO, Text &amp; Content Marketing zuhause. Was dazu f\u00fchrte, dass sie sich ans Reisebloggen wagte. Schnell wurde aus reinem Interesse, pure Passion. Dem Ausflug in ferne L\u00e4nder folgte eine Revision der Qualit\u00e4ten der eigenen Heimat als Urlaubsziel. Und diese fiel mehr als positiv aus. Die Liebe zu Ihrer Heimat ist ihr in die Wiege gelegt, und wie sie sagt, wird diese auch immer st\u00e4rker. Na, sie muss es ja wissen. Immerhin bietet sie auf \\\"urlaubsgeschichten.at\\\" Inspiration f\u00fcr Reisen in ferne L\u00e4nder und gibt Insidertipps f\u00fcr \u00d6sterreich-Liebhaber. Ihr ist es ein pers\u00f6nliches Anliegen zu zeigen, dass man auch auf kurzen Reisen einzigartige Erfahrungen sammeln kann. Da z\u00e4hlt das SalzburgerLand nat\u00fcrlich zu ihren TOP-Favoriten. Ihre Reisen verbindet Sie selbst am liebsten mit Wandern, Skifahren und Genuss. Vor allem regionale Produkte aus der Heimat haben es der bodenst\u00e4ndigen Salzburgerin angetan.\u00a0In der Freizeit zieht es Melanie, wie soll es anders sein, hinaus. Mal auf den Berg, mal an den See, mal in die Stadt Salzburg. Aber nie ohne Kamera und Notizbuch. Es k\u00f6nnte ja eine gute Urlaubsgeschichte dabei sein ... Mein pers\u00f6nlicher Logenplatz im SalzburgerLand Eine Runde um den Hintersee. Das geht immer und macht den Kopf frei. Bei einer Runde um den See kann ich mich gut entspannen. Aber ich drehe auch gerne mal eine gem\u00fctliche \\\"Tratschrunde\\\" mit einer Freundin um den sch\u00f6nen See. Salzburger Nockerl oder Schwarzbeernocken? Die Wahl f\u00e4llt mir sehr leicht. Ich liebe \\\"Zeckbeerdatscherln\\\", wie man bei uns zu den Schwarzbeernocken sagt. Nat\u00fcrlich mit selbstgepfl\u00fcckten Schwarzbeeren zubereitet und sch\u00f6n dunkelblau. Mozart oder Hubert von Goisern? Beides. Ich mag Musik in fast jeder Form. Ich spiele selbst Gitarre und singe sehr gerne - das f\u00e4llt mir bei Hubert von Goisern, Austropop und Rockmusik leichter ;-) aber ich hab auch f\u00fcr Mozart und klassische Musik was \u00fcbrig. Ich bin musikalisch \u00fcberhaupt sehr aufgeschlossen und vor allem immer interessiert Neues zu entdecken. Musik, die mir gef\u00e4llt eben. Luxushotel oder Almh\u00fctte? Mal dies mal das. Zu einem Wellness-Wochenende im Luxushotel braucht man mich nicht lange \u00fcberreden, das versteht sich von selbst. Zu einem Urlaub auf der Alm aber auch nicht. Ich wei\u00df jedoch, dass man das hervorragend miteinander verbinden kann. Die Antwort lautet also: beides! Ausstellung oder Bergpanorama? Ich muss gestehen, ich bin eher erlebnisorientiert, deshalb entscheide ich mich immer f\u00fcr das Bergpanorama. Morgen- oder Abendmensch? Ich war schon immer ein Fr\u00fchaufsteher und bin schon vor dem ersten Kaffee hellwach, diskussionsfreudig und sehr produktiv. Ich erlebe aber in meiner Tageskurve das typische Nachmittagstief, daher w\u00e4re ich voll f\u00fcr die Einf\u00fchrung der \\\"Siesta\\\". Daf\u00fcr bin ich in aber in den Abendstunden auch wieder hellwach und voller Energie.\",\"sameAs\":[\"https:\\\/\\\/urlaubsgeschichten.at\",\"https:\\\/\\\/www.facebook.com\\\/urlaubsgeschichten\\\/\",\"https:\\\/\\\/www.instagram.com\\\/urlaubsgeschichten\\\/\",\"https:\\\/\\\/www.linkedin.com\\\/in\\\/urlaubsgeschichten\\\/\",\"https:\\\/\\\/www.pinterest.at\\\/mytravelstories\\\/\"],\"url\":\"https:\\\/\\\/www.salzburgerland.com\\\/de\\\/magazin\\\/author\\\/melanie_deisl\\\/\"}]}<\/script>\n<meta property=\"og:video\" content=\"https:\/\/www.youtube.com\/embed\/i-jJQ_-zZMs\" \/>\n<meta property=\"og:video:type\" content=\"text\/html\" \/>\n<meta property=\"og:video:duration\" content=\"233\" \/>\n<meta property=\"og:video:width\" content=\"480\" \/>\n<meta property=\"og:video:height\" content=\"270\" \/>\n<meta property=\"ya:ovs:adult\" content=\"false\" \/>\n<meta property=\"ya:ovs:upload_date\" content=\"2021-04-28T06:00:00+00:00\" \/>\n<meta property=\"ya:ovs:allow_embed\" content=\"true\" \/>\n<!-- \/ Yoast SEO Premium plugin. -->","yoast_head_json":{"title":"Zw\u00f6lferhorn Seilbahn erstrahlt in neuem Glanz - SalzburgerLand Magazin","description":"Die Zw\u00f6lferhorn Seilbahn bringt Sie auf einen der sch\u00f6nsten Panoramaberge im SalzburgerLand. TOP-modern und barrierefrei die Berge genie\u00dfen.","robots":{"index":"index","follow":"follow","max-snippet":"max-snippet:-1","max-image-preview":"max-image-preview:large","max-video-preview":"max-video-preview:-1"},"canonical":"https:\/\/www.salzburgerland.com\/de\/magazin\/zwoelferhorn-seilbahn-erstrahlt-in-neuem-glanz\/","og_locale":"de_DE","og_type":"article","og_title":"Zw\u00f6lferhorn Seilbahn erstrahlt in neuem Glanz","og_description":"Die Zw\u00f6lferhorn Seilbahn bringt Sie auf einen der sch\u00f6nsten Panoramaberge im SalzburgerLand. TOP-modern und barrierefrei die Berge genie\u00dfen.","og_url":"https:\/\/www.salzburgerland.com\/de\/magazin\/zwoelferhorn-seilbahn-erstrahlt-in-neuem-glanz\/","og_site_name":"SalzburgerLand Magazin","article_publisher":"https:\/\/www.facebook.com\/salzburgerland\/","article_author":"https:\/\/www.facebook.com\/urlaubsgeschichten\/","article_published_time":"2021-04-28T06:00:00+00:00","article_modified_time":"2025-02-10T05:24:23+00:00","og_image":[{"width":2000,"height":1333,"url":"https:\/\/www.salzburgerland.com\/de\/magazin\/wp-content\/uploads\/2020\/11\/zwoelferhorn-seilbahn-titel.jpg","type":"image\/jpeg"}],"author":"Melanie Deisl","twitter_card":"summary_large_image","twitter_creator":"@Salzburgerland","twitter_site":"@Salzburgerland","twitter_misc":{"Verfasst von":"Melanie Deisl","Gesch\u00e4tzte Lesezeit":"11\u00a0Minuten"},"schema":{"@context":"https:\/\/schema.org","@graph":[{"@type":"Article","@id":"https:\/\/www.salzburgerland.com\/de\/magazin\/zwoelferhorn-seilbahn-erstrahlt-in-neuem-glanz\/#article","isPartOf":{"@id":"https:\/\/www.salzburgerland.com\/de\/magazin\/zwoelferhorn-seilbahn-erstrahlt-in-neuem-glanz\/"},"author":{"name":"Melanie Deisl","@id":"https:\/\/www.salzburgerland.com\/de\/magazin\/#\/schema\/person\/3d66364225257aad8b700259f8d80a69"},"headline":"Zw\u00f6lferhorn Seilbahn erstrahlt in neuem Glanz","datePublished":"2021-04-28T06:00:00+00:00","dateModified":"2025-02-10T05:24:23+00:00","mainEntityOfPage":{"@id":"https:\/\/www.salzburgerland.com\/de\/magazin\/zwoelferhorn-seilbahn-erstrahlt-in-neuem-glanz\/"},"wordCount":943,"commentCount":0,"publisher":{"@id":"https:\/\/www.salzburgerland.com\/de\/magazin\/#organization"},"image":{"@id":"https:\/\/www.salzburgerland.com\/de\/magazin\/zwoelferhorn-seilbahn-erstrahlt-in-neuem-glanz\/#primaryimage"},"thumbnailUrl":"https:\/\/www.salzburgerland.com\/de\/magazin\/wp-content\/uploads\/2020\/11\/zwoelferhorn-seilbahn-titel.jpg","keywords":["Berg und See","Berge","St. Gilgen","Urlaub am Wolfgangsee","Wandern","Wolfgangsee","Zw\u00f6lferhorn"],"articleSection":["Outdoor &amp; Sport"],"inLanguage":"de","potentialAction":[{"@type":"CommentAction","name":"Comment","target":["https:\/\/www.salzburgerland.com\/de\/magazin\/zwoelferhorn-seilbahn-erstrahlt-in-neuem-glanz\/#respond"]}]},{"@type":"WebPage","@id":"https:\/\/www.salzburgerland.com\/de\/magazin\/zwoelferhorn-seilbahn-erstrahlt-in-neuem-glanz\/","url":"https:\/\/www.salzburgerland.com\/de\/magazin\/zwoelferhorn-seilbahn-erstrahlt-in-neuem-glanz\/","name":"Zw\u00f6lferhorn Seilbahn erstrahlt in neuem Glanz - SalzburgerLand Magazin","isPartOf":{"@id":"https:\/\/www.salzburgerland.com\/de\/magazin\/#website"},"primaryImageOfPage":{"@id":"https:\/\/www.salzburgerland.com\/de\/magazin\/zwoelferhorn-seilbahn-erstrahlt-in-neuem-glanz\/#primaryimage"},"image":{"@id":"https:\/\/www.salzburgerland.com\/de\/magazin\/zwoelferhorn-seilbahn-erstrahlt-in-neuem-glanz\/#primaryimage"},"thumbnailUrl":"https:\/\/www.salzburgerland.com\/de\/magazin\/wp-content\/uploads\/2020\/11\/zwoelferhorn-seilbahn-titel.jpg","datePublished":"2021-04-28T06:00:00+00:00","dateModified":"2025-02-10T05:24:23+00:00","description":"Die Zw\u00f6lferhorn Seilbahn bringt Sie auf einen der sch\u00f6nsten Panoramaberge im SalzburgerLand. TOP-modern und barrierefrei die Berge genie\u00dfen.","breadcrumb":{"@id":"https:\/\/www.salzburgerland.com\/de\/magazin\/zwoelferhorn-seilbahn-erstrahlt-in-neuem-glanz\/#breadcrumb"},"inLanguage":"de","potentialAction":[{"@type":"ReadAction","target":["https:\/\/www.salzburgerland.com\/de\/magazin\/zwoelferhorn-seilbahn-erstrahlt-in-neuem-glanz\/"]}]},{"@type":"ImageObject","inLanguage":"de","@id":"https:\/\/www.salzburgerland.com\/de\/magazin\/zwoelferhorn-seilbahn-erstrahlt-in-neuem-glanz\/#primaryimage","url":"https:\/\/www.salzburgerland.com\/de\/magazin\/wp-content\/uploads\/2020\/11\/zwoelferhorn-seilbahn-titel.jpg","contentUrl":"https:\/\/www.salzburgerland.com\/de\/magazin\/wp-content\/uploads\/2020\/11\/zwoelferhorn-seilbahn-titel.jpg","width":2000,"height":1333,"caption":"Zw\u00f6lferhorn Seilbahn"},{"@type":"BreadcrumbList","@id":"https:\/\/www.salzburgerland.com\/de\/magazin\/zwoelferhorn-seilbahn-erstrahlt-in-neuem-glanz\/#breadcrumb","itemListElement":[{"@type":"ListItem","position":1,"name":"Startseite","item":"https:\/\/www.salzburgerland.com\/de\/magazin\/"},{"@type":"ListItem","position":2,"name":"Outdoor &amp; Sport","item":"https:\/\/www.salzburgerland.com\/de\/magazin\/thema\/outdoor-sport\/"},{"@type":"ListItem","position":3,"name":"Zw\u00f6lferhorn Seilbahn erstrahlt in neuem Glanz"}]},{"@type":"WebSite","@id":"https:\/\/www.salzburgerland.com\/de\/magazin\/#website","url":"https:\/\/www.salzburgerland.com\/de\/magazin\/","name":"SalzburgerLand Magazin","description":"Geschichten und Interessantes aus dem SalzburgerLand","publisher":{"@id":"https:\/\/www.salzburgerland.com\/de\/magazin\/#organization"},"potentialAction":[{"@type":"SearchAction","target":{"@type":"EntryPoint","urlTemplate":"https:\/\/www.salzburgerland.com\/de\/magazin\/?s={search_term_string}"},"query-input":{"@type":"PropertyValueSpecification","valueRequired":true,"valueName":"search_term_string"}}],"inLanguage":"de"},{"@type":"Organization","@id":"https:\/\/www.salzburgerland.com\/de\/magazin\/#organization","name":"SalzburgerLand Tourismus","url":"https:\/\/www.salzburgerland.com\/de\/magazin\/","logo":{"@type":"ImageObject","inLanguage":"de","@id":"https:\/\/www.salzburgerland.com\/de\/magazin\/#\/schema\/logo\/image\/","url":"https:\/\/www.salzburgerland.com\/de\/magazin\/wp-content\/uploads\/2019\/06\/salzburgerland-logo1.jpg","contentUrl":"https:\/\/www.salzburgerland.com\/de\/magazin\/wp-content\/uploads\/2019\/06\/salzburgerland-logo1.jpg","width":2011,"height":866,"caption":"SalzburgerLand Tourismus"},"image":{"@id":"https:\/\/www.salzburgerland.com\/de\/magazin\/#\/schema\/logo\/image\/"},"sameAs":["https:\/\/www.facebook.com\/salzburgerland\/","https:\/\/x.com\/Salzburgerland","https:\/\/www.instagram.com\/salzburgerland\/","https:\/\/at.linkedin.com\/company\/salzburgerland-tourismus-gmbh","https:\/\/www.pinterest.at\/salzburgerland\/","https:\/\/www.youtube.com\/user\/salzburgerland","https:\/\/de.wikipedia.org\/wiki\/SalzburgerLand_Tourismus_GmbH"]},{"@type":"Person","@id":"https:\/\/www.salzburgerland.com\/de\/magazin\/#\/schema\/person\/3d66364225257aad8b700259f8d80a69","name":"Melanie Deisl","description":"Ihre Liebe zum Reisen teilt Melanie genauso gerne, wie ihre Liebe zum SalzburgerLand. Die geb\u00fcrtige Faistenauerin ist in Koppl aufgewachsen und in der Fuschlseeregion zuhause. Und die kennt sie auch wie ihre Westentasche. Ihre erste, noch sehr analoge, Tourismuserfahrung konnte sie bereits w\u00e4hrend der Schulzeit beim SalzburgerLand Tourismus (SLTG) und sp\u00e4ter beim TVB Fuschl am See sammeln. Beruflich ist sie seit ihrem Studium der Kommunikationswissenschaften im Bereich SEO, Text &amp; Content Marketing zuhause. Was dazu f\u00fchrte, dass sie sich ans Reisebloggen wagte. Schnell wurde aus reinem Interesse, pure Passion. Dem Ausflug in ferne L\u00e4nder folgte eine Revision der Qualit\u00e4ten der eigenen Heimat als Urlaubsziel. Und diese fiel mehr als positiv aus. Die Liebe zu Ihrer Heimat ist ihr in die Wiege gelegt, und wie sie sagt, wird diese auch immer st\u00e4rker. Na, sie muss es ja wissen. Immerhin bietet sie auf \"urlaubsgeschichten.at\" Inspiration f\u00fcr Reisen in ferne L\u00e4nder und gibt Insidertipps f\u00fcr \u00d6sterreich-Liebhaber. Ihr ist es ein pers\u00f6nliches Anliegen zu zeigen, dass man auch auf kurzen Reisen einzigartige Erfahrungen sammeln kann. Da z\u00e4hlt das SalzburgerLand nat\u00fcrlich zu ihren TOP-Favoriten. Ihre Reisen verbindet Sie selbst am liebsten mit Wandern, Skifahren und Genuss. Vor allem regionale Produkte aus der Heimat haben es der bodenst\u00e4ndigen Salzburgerin angetan.\u00a0In der Freizeit zieht es Melanie, wie soll es anders sein, hinaus. Mal auf den Berg, mal an den See, mal in die Stadt Salzburg. Aber nie ohne Kamera und Notizbuch. Es k\u00f6nnte ja eine gute Urlaubsgeschichte dabei sein ... Mein pers\u00f6nlicher Logenplatz im SalzburgerLand Eine Runde um den Hintersee. Das geht immer und macht den Kopf frei. Bei einer Runde um den See kann ich mich gut entspannen. Aber ich drehe auch gerne mal eine gem\u00fctliche \"Tratschrunde\" mit einer Freundin um den sch\u00f6nen See. Salzburger Nockerl oder Schwarzbeernocken? Die Wahl f\u00e4llt mir sehr leicht. Ich liebe \"Zeckbeerdatscherln\", wie man bei uns zu den Schwarzbeernocken sagt. Nat\u00fcrlich mit selbstgepfl\u00fcckten Schwarzbeeren zubereitet und sch\u00f6n dunkelblau. Mozart oder Hubert von Goisern? Beides. Ich mag Musik in fast jeder Form. Ich spiele selbst Gitarre und singe sehr gerne - das f\u00e4llt mir bei Hubert von Goisern, Austropop und Rockmusik leichter ;-) aber ich hab auch f\u00fcr Mozart und klassische Musik was \u00fcbrig. Ich bin musikalisch \u00fcberhaupt sehr aufgeschlossen und vor allem immer interessiert Neues zu entdecken. Musik, die mir gef\u00e4llt eben. Luxushotel oder Almh\u00fctte? Mal dies mal das. Zu einem Wellness-Wochenende im Luxushotel braucht man mich nicht lange \u00fcberreden, das versteht sich von selbst. Zu einem Urlaub auf der Alm aber auch nicht. Ich wei\u00df jedoch, dass man das hervorragend miteinander verbinden kann. Die Antwort lautet also: beides! Ausstellung oder Bergpanorama? Ich muss gestehen, ich bin eher erlebnisorientiert, deshalb entscheide ich mich immer f\u00fcr das Bergpanorama. Morgen- oder Abendmensch? Ich war schon immer ein Fr\u00fchaufsteher und bin schon vor dem ersten Kaffee hellwach, diskussionsfreudig und sehr produktiv. Ich erlebe aber in meiner Tageskurve das typische Nachmittagstief, daher w\u00e4re ich voll f\u00fcr die Einf\u00fchrung der \"Siesta\". Daf\u00fcr bin ich in aber in den Abendstunden auch wieder hellwach und voller Energie.","sameAs":["https:\/\/urlaubsgeschichten.at","https:\/\/www.facebook.com\/urlaubsgeschichten\/","https:\/\/www.instagram.com\/urlaubsgeschichten\/","https:\/\/www.linkedin.com\/in\/urlaubsgeschichten\/","https:\/\/www.pinterest.at\/mytravelstories\/"],"url":"https:\/\/www.salzburgerland.com\/de\/magazin\/author\/melanie_deisl\/"}]},"og_video":"https:\/\/www.youtube.com\/embed\/i-jJQ_-zZMs","og_video_type":"text\/html","og_video_duration":"233","og_video_width":"480","og_video_height":"270","ya_ovs_adult":"false","ya_ovs_upload_date":"2021-04-28T06:00:00+00:00","ya_ovs_allow_embed":"true"},"_wl_alt_label":[],"wl:entity_url":"http:\/\/open.salzburgerland.com\/magazin\/post\/zwoelferhorn_seilbahn__panoramabahn_erstrahlt_in_neuem_glanz","_links":{"self":[{"href":"https:\/\/www.salzburgerland.com\/de\/magazin\/wp-json\/wp\/v2\/posts\/147130","targetHints":{"allow":["GET"]}}],"collection":[{"href":"https:\/\/www.salzburgerland.com\/de\/magazin\/wp-json\/wp\/v2\/posts"}],"about":[{"href":"https:\/\/www.salzburgerland.com\/de\/magazin\/wp-json\/wp\/v2\/types\/post"}],"author":[{"embeddable":true,"href":"https:\/\/www.salzburgerland.com\/de\/magazin\/wp-json\/wp\/v2\/users\/565"}],"replies":[{"embeddable":true,"href":"https:\/\/www.salzburgerland.com\/de\/magazin\/wp-json\/wp\/v2\/comments?post=147130"}],"version-history":[{"count":8,"href":"https:\/\/www.salzburgerland.com\/de\/magazin\/wp-json\/wp\/v2\/posts\/147130\/revisions"}],"predecessor-version":[{"id":184913,"href":"https:\/\/www.salzburgerland.com\/de\/magazin\/wp-json\/wp\/v2\/posts\/147130\/revisions\/184913"}],"wp:featuredmedia":[{"embeddable":true,"href":"https:\/\/www.salzburgerland.com\/de\/magazin\/wp-json\/wp\/v2\/media\/147166"}],"wp:attachment":[{"href":"https:\/\/www.salzburgerland.com\/de\/magazin\/wp-json\/wp\/v2\/media?parent=147130"}],"wp:term":[{"taxonomy":"category","embeddable":true,"href":"https:\/\/www.salzburgerland.com\/de\/magazin\/wp-json\/wp\/v2\/categories?post=147130"},{"taxonomy":"post_tag","embeddable":true,"href":"https:\/\/www.salzburgerland.com\/de\/magazin\/wp-json\/wp\/v2\/tags?post=147130"},{"taxonomy":"wl_entity_type","embeddable":true,"href":"https:\/\/www.salzburgerland.com\/de\/magazin\/wp-json\/wp\/v2\/wl_entity_type?post=147130"},{"taxonomy":"monatsauswahl","embeddable":true,"href":"https:\/\/www.salzburgerland.com\/de\/magazin\/wp-json\/wp\/v2\/monatsauswahl?post=147130"}],"curies":[{"name":"wp","href":"https:\/\/api.w.org\/{rel}","templated":true}]}}