{"id":146724,"date":"2020-10-16T08:00:43","date_gmt":"2020-10-16T06:00:43","guid":{"rendered":"https:\/\/www.salzburgerland.com\/de\/magazin\/?p=146724"},"modified":"2020-11-11T14:21:06","modified_gmt":"2020-11-11T13:21:06","slug":"mit-einem-kleinen-buechlein-zur-reichen-obsternte","status":"publish","type":"post","link":"https:\/\/www.salzburgerland.com\/de\/magazin\/mit-einem-kleinen-buechlein-zur-reichen-obsternte\/","title":{"rendered":"Mit einem kleinen B\u00fcchlein zur reichen Obsternte"},"content":{"rendered":"\n<div class=\"wp-block-slt-top topBlocks\">\n<h2 class=\"wp-block-slt-subtitle\">Obstbaumfl\u00fcsterer Jakob Schranz.<\/h2>\n\n\n\n<p class=\"wp-block-slt-intro\">Es gibt Pferdefl\u00fcsterer und Hundefl\u00fcsterer. Aber haben Sie schon einmal von einem Obstbaumfl\u00fcsterer geh\u00f6rt? Jacob Schranz war einer. Vor mehr als 200 Jahren pflanzte und pflegte er Obstb\u00e4ume in seinem Garten in Niedernsill und packte sein wertvolles Wissen in ein Buch. Nun wurde \u201eDer Obstgarten im Gebirge\u201c von Susanne Rasser \u00fcberarbeitet und neu herausgegeben. Das B\u00fcchlein steckt voller Empfehlungen f\u00fcr einen erfolgversprechenden Obstanbau. Nachahmen w\u00e4rmstens empfohlen!<\/p>\n<\/div>\n\n\n\n<h2 class=\"wp-block-heading\" id=\"h-ein-schweres-schicksal-konnte-jacob-schranz-nicht-bremsen\"><strong>Ein schweres Schicksal konnte Jacob Schranz nicht bremsen<\/strong><\/h2>\n\n\n\n<p>Maria Theresia regierte das Land, als Jacob Schranz im Jahr 1759 in <a rel=\"noreferrer noopener\" href=\"https:\/\/www.salzburgerland.com\/de\/niedernsill\/\" target=\"_blank\">Niedernsill <\/a>geboren wurde. Sein Leben war arbeitsreich. Er betrieb den Schlosserbauernhof, eine S\u00e4ge und eine Lodenwalchstampfe, er war M\u00fcller, Obstbaulehrer und sp\u00e4ter auch Buchautor. Und er war kinderreich. Insgesamt zw\u00f6lf Kinder brachte die Ehe von Jacob Schranz und Monica Schettin hervor. Seine Leidenschaft galt schon fr\u00fch dem Obstanbau und \u2013 wie damals selbstverst\u00e4ndlich \u2013 dem schonenden Umgang mit der Natur.<\/p>\n\n\n\n<p>1798 traf die Familie ein schweres Ungl\u00fcck: Eine gro\u00dfe Schlammflut zerst\u00f6rte den gesamten Hof und die Obstkultur heimischer Obstarten. Doch nichts schmerzte Jacob so sehr wie der Verlust seiner Tochter Susanne. Sie wurde von einer Flutwelle mitgerissen und nie mehr gefunden. Mit Trauer im Herzen und ohne Dach \u00fcber dem Kopf musste die Familie Schranz ganz von vorne beginnen. Entschlossen errichteten sie den Hof Stein f\u00fcr Stein neu und auch im Garten bl\u00fchten wenige Jahre sp\u00e4ter wieder prachtvolle Obstb\u00e4ume. Seinen mittlerweile gro\u00dfen Wissensschatz wollte Jacob Schranz nun an andere weitergeben und es gelang ihm tats\u00e4chlich, einen Verlag zu finden, der seine Erfahrungen als Buch ver\u00f6ffentlichte. Das war zu dieser Zeit alles andere als selbstverst\u00e4ndlich.<\/p>\n\n\n<div class=\"mag-gallery\"><div class=\"row\"><div class=\"col-6 col-sm-4\"><figure><a class=\"thumb-container\" href=\"https:\/\/www.salzburgerland.com\/de\/magazin\/wp-content\/uploads\/2020\/10\/4-Ales-Buechlein--1280x1024.jpg\">\t<picture><source media=\"(min-width: 576px)\" srcset=\"https:\/\/www.salzburgerland.com\/de\/magazin\/wp-content\/uploads\/2020\/10\/4-Ales-Buechlein--418x650.jpg 418w, https:\/\/www.salzburgerland.com\/de\/magazin\/wp-content\/uploads\/2020\/10\/4-Ales-Buechlein--193x300.jpg 193w, https:\/\/www.salzburgerland.com\/de\/magazin\/wp-content\/uploads\/2020\/10\/4-Ales-Buechlein--988x1536.jpg 988w, https:\/\/www.salzburgerland.com\/de\/magazin\/wp-content\/uploads\/2020\/10\/4-Ales-Buechlein--1317x2048.jpg 1317w, https:\/\/www.salzburgerland.com\/de\/magazin\/wp-content\/uploads\/2020\/10\/4-Ales-Buechlein--354x550.jpg 354w, https:\/\/www.salzburgerland.com\/de\/magazin\/wp-content\/uploads\/2020\/10\/4-Ales-Buechlein--257x400.jpg 257w, https:\/\/www.salzburgerland.com\/de\/magazin\/wp-content\/uploads\/2020\/10\/4-Ales-Buechlein--1320x2053.jpg 1320w, https:\/\/www.salzburgerland.com\/de\/magazin\/wp-content\/uploads\/2020\/10\/4-Ales-Buechlein--150x233.jpg 150w, https:\/\/www.salzburgerland.com\/de\/magazin\/wp-content\/uploads\/2020\/10\/4-Ales-Buechlein--scaled.jpg 1646w\"><\/source><source media=\"(min-width: 0)\" srcset=\"https:\/\/www.salzburgerland.com\/de\/magazin\/wp-content\/uploads\/2020\/10\/4-Ales-Buechlein--scaled.jpg 1646w, https:\/\/www.salzburgerland.com\/de\/magazin\/wp-content\/uploads\/2020\/10\/4-Ales-Buechlein--193x300.jpg 193w, https:\/\/www.salzburgerland.com\/de\/magazin\/wp-content\/uploads\/2020\/10\/4-Ales-Buechlein--988x1536.jpg 988w, https:\/\/www.salzburgerland.com\/de\/magazin\/wp-content\/uploads\/2020\/10\/4-Ales-Buechlein--1317x2048.jpg 1317w, https:\/\/www.salzburgerland.com\/de\/magazin\/wp-content\/uploads\/2020\/10\/4-Ales-Buechlein--354x550.jpg 354w, https:\/\/www.salzburgerland.com\/de\/magazin\/wp-content\/uploads\/2020\/10\/4-Ales-Buechlein--257x400.jpg 257w, https:\/\/www.salzburgerland.com\/de\/magazin\/wp-content\/uploads\/2020\/10\/4-Ales-Buechlein--1320x2053.jpg 1320w, https:\/\/www.salzburgerland.com\/de\/magazin\/wp-content\/uploads\/2020\/10\/4-Ales-Buechlein--150x233.jpg 150w, https:\/\/www.salzburgerland.com\/de\/magazin\/wp-content\/uploads\/2020\/10\/4-Ales-Buechlein--418x650.jpg 418w\"><\/source><img decoding=\"async\" alt=\"Obstgarten im Gebirge Original\" src=\"https:\/\/www.salzburgerland.com\/de\/magazin\/wp-content\/uploads\/2020\/10\/4-Ales-Buechlein--scaled.jpg\">\t<\/picture><figcaption>Das Original von &#8222;Der Obstgarten im Gebirge&#8220;<\/figcaption><\/a><\/figure><\/div><div class=\"col-6 col-sm-4\"><figure><a class=\"thumb-container\" href=\"https:\/\/www.salzburgerland.com\/de\/magazin\/wp-content\/uploads\/2020\/10\/12-Schlosserbauer-1926-1280x1024.jpg\">\t<picture><source media=\"(min-width: 576px)\" srcset=\"https:\/\/www.salzburgerland.com\/de\/magazin\/wp-content\/uploads\/2020\/10\/12-Schlosserbauer-1926-325x209.jpg 325w, https:\/\/www.salzburgerland.com\/de\/magazin\/wp-content\/uploads\/2020\/10\/12-Schlosserbauer-1926-249x160.jpg 249w\"><\/source><source media=\"(min-width: 0)\" srcset=\"https:\/\/www.salzburgerland.com\/de\/magazin\/wp-content\/uploads\/2020\/10\/12-Schlosserbauer-1926-249x160.jpg 249w, https:\/\/www.salzburgerland.com\/de\/magazin\/wp-content\/uploads\/2020\/10\/12-Schlosserbauer-1926-325x209.jpg 325w\"><\/source><img decoding=\"async\" alt=\"Schlosserbauer Niedernsill 1926\" src=\"https:\/\/www.salzburgerland.com\/de\/magazin\/wp-content\/uploads\/2020\/10\/12-Schlosserbauer-1926-scaled.jpg\">\t<\/picture><figcaption>Nachfahren von Jacob Schranz 1926<\/figcaption><\/a><\/figure><\/div><div class=\"col-6 col-sm-4\"><figure><a class=\"thumb-container\" href=\"https:\/\/www.salzburgerland.com\/de\/magazin\/wp-content\/uploads\/2020\/10\/10-Schlosserbauer-1280x1024.jpg\">\t<picture><source media=\"(min-width: 576px)\" srcset=\"https:\/\/www.salzburgerland.com\/de\/magazin\/wp-content\/uploads\/2020\/10\/10-Schlosserbauer-325x209.jpg 325w, https:\/\/www.salzburgerland.com\/de\/magazin\/wp-content\/uploads\/2020\/10\/10-Schlosserbauer-249x160.jpg 249w\"><\/source><source media=\"(min-width: 0)\" srcset=\"https:\/\/www.salzburgerland.com\/de\/magazin\/wp-content\/uploads\/2020\/10\/10-Schlosserbauer-249x160.jpg 249w, https:\/\/www.salzburgerland.com\/de\/magazin\/wp-content\/uploads\/2020\/10\/10-Schlosserbauer-325x209.jpg 325w\"><\/source><img decoding=\"async\" alt=\"Schlosserbauer Niedernsill\" src=\"https:\/\/www.salzburgerland.com\/de\/magazin\/wp-content\/uploads\/2020\/10\/10-Schlosserbauer.jpg\">\t<\/picture><figcaption>Geh&ouml;ft des Schlosserbauern im Jahr 1926<\/figcaption><\/a><\/figure><\/div><\/div><figcaption><\/figcaption><\/div>\n\n\n\n<h2 class=\"wp-block-heading\" id=\"h-die-zweite-auflage-des-b-chleins-folgt-200-jahre-sp-ter\"><strong>Die zweite Auflage des B\u00fcchleins folgt 200 Jahre sp\u00e4ter<\/strong><\/h2>\n\n\n\n<p>Bedeutend einfacher war es im Jahr 2020 f\u00fcr <a href=\"https:\/\/www.susannerasser.at\/\" target=\"_blank\" rel=\"noreferrer noopener\">Susanne Rasser<\/a>, einen Verlag f\u00fcr die Neuver\u00f6ffentlichung des Buches zu finden. Die Autorin f\u00fcr Lyrik, Erz\u00e4hlungen, Theaterst\u00fccke und Drehb\u00fccher wurde sofort hellh\u00f6rig, als eine Kollegin sie auf das alte Buch von Jacob Schranz aufmerksam machte. Nur noch wenige Exemplare waren im Umlauf, teils jedoch in einem sehr maroden, unlesbaren Zustand. Susanne Rasser versuchte ihr Gl\u00fcck schlie\u00dflich beim Schlosserbauern Sepp Buchner, einem direkten Nachfahren von Jacob Schranz. Mit Erfolg. Sie durfte sich das B\u00fcchlein ausleihen und entdeckte darin einen wahren Wissensschatz, der \u00f6kologisch vertr\u00e4gliches G\u00e4rtnern erm\u00f6glicht. Susanne Rasser war \u00fcberzeugt, dass das Buch ein zweites Leben verdiente: \u201eMich hat der Umweltschutzgedanke angetrieben. Eine Anbauweise, die ohne den Einsatz von Chemikalien, ohne Pestizide und sonstigen Unverantwortlichkeiten auskommt. Umlegen kann man diesen natur- und verantwortungsbewussten Umgang ja auch auf den Gartenbau und andere landwirtschaftliche Bereiche.\u201c<\/p>\n\n\n\n<p>Mit ihrer Idee konnte Susanne Rasser den <a href=\"https:\/\/www.tauriska.at\/verlag\/\">Tauriska Verlag<\/a> sofort begeistern. Der im Pinzgau ans\u00e4ssige Verlag engagiert sich f\u00fcr die F\u00f6rderung des Bewusstseins in der Region und f\u00fcr den Erhalt und die Wiederbelebung von Br\u00e4uchen und Alltagskultur. Und da traf \u201eDer Obstgarten im Gebirge\u201c genau ins Schwarze.<\/p>\n\n\n<div class=\"mag-gallery\"><div class=\"row\"><div class=\"col-6 col-sm-4\"><figure><a class=\"thumb-container\" href=\"https:\/\/www.salzburgerland.com\/de\/magazin\/wp-content\/uploads\/2020\/10\/14-Selfie-SR-1280x1024.jpg\">\t<picture><source media=\"(min-width: 576px)\" srcset=\"https:\/\/www.salzburgerland.com\/de\/magazin\/wp-content\/uploads\/2020\/10\/14-Selfie-SR-325x209.jpg 325w, https:\/\/www.salzburgerland.com\/de\/magazin\/wp-content\/uploads\/2020\/10\/14-Selfie-SR-249x160.jpg 249w\"><\/source><source media=\"(min-width: 0)\" srcset=\"https:\/\/www.salzburgerland.com\/de\/magazin\/wp-content\/uploads\/2020\/10\/14-Selfie-SR-249x160.jpg 249w, https:\/\/www.salzburgerland.com\/de\/magazin\/wp-content\/uploads\/2020\/10\/14-Selfie-SR-325x209.jpg 325w\"><\/source><img decoding=\"async\" alt=\"Susanne Rasser Autorin\" src=\"https:\/\/www.salzburgerland.com\/de\/magazin\/wp-content\/uploads\/2020\/10\/14-Selfie-SR.jpg\">\t<\/picture><figcaption>Susanne Rasser m&ouml;chte den wertvollen Wissensschatz mit allen teilen<\/figcaption><\/a><\/figure><\/div><div class=\"col-6 col-sm-4\"><figure><a class=\"thumb-container\" href=\"https:\/\/www.salzburgerland.com\/de\/magazin\/wp-content\/uploads\/2020\/10\/5-Neues-Buch--1280x1024.jpg\">\t<picture><source media=\"(min-width: 576px)\" srcset=\"https:\/\/www.salzburgerland.com\/de\/magazin\/wp-content\/uploads\/2020\/10\/5-Neues-Buch--325x209.jpg 325w, https:\/\/www.salzburgerland.com\/de\/magazin\/wp-content\/uploads\/2020\/10\/5-Neues-Buch--300x194.jpg 300w, https:\/\/www.salzburgerland.com\/de\/magazin\/wp-content\/uploads\/2020\/10\/5-Neues-Buch--1536x992.jpg 1536w, https:\/\/www.salzburgerland.com\/de\/magazin\/wp-content\/uploads\/2020\/10\/5-Neues-Buch--2048x1323.jpg 2048w, https:\/\/www.salzburgerland.com\/de\/magazin\/wp-content\/uploads\/2020\/10\/5-Neues-Buch--852x550.jpg 852w, https:\/\/www.salzburgerland.com\/de\/magazin\/wp-content\/uploads\/2020\/10\/5-Neues-Buch--619x400.jpg 619w, https:\/\/www.salzburgerland.com\/de\/magazin\/wp-content\/uploads\/2020\/10\/5-Neues-Buch--249x160.jpg 249w, https:\/\/www.salzburgerland.com\/de\/magazin\/wp-content\/uploads\/2020\/10\/5-Neues-Buch--1320x853.jpg 1320w, https:\/\/www.salzburgerland.com\/de\/magazin\/wp-content\/uploads\/2020\/10\/5-Neues-Buch--150x97.jpg 150w\"><\/source><source media=\"(min-width: 0)\" srcset=\"https:\/\/www.salzburgerland.com\/de\/magazin\/wp-content\/uploads\/2020\/10\/5-Neues-Buch--249x160.jpg 249w, https:\/\/www.salzburgerland.com\/de\/magazin\/wp-content\/uploads\/2020\/10\/5-Neues-Buch--300x194.jpg 300w, https:\/\/www.salzburgerland.com\/de\/magazin\/wp-content\/uploads\/2020\/10\/5-Neues-Buch--1536x992.jpg 1536w, https:\/\/www.salzburgerland.com\/de\/magazin\/wp-content\/uploads\/2020\/10\/5-Neues-Buch--2048x1323.jpg 2048w, https:\/\/www.salzburgerland.com\/de\/magazin\/wp-content\/uploads\/2020\/10\/5-Neues-Buch--852x550.jpg 852w, https:\/\/www.salzburgerland.com\/de\/magazin\/wp-content\/uploads\/2020\/10\/5-Neues-Buch--619x400.jpg 619w, https:\/\/www.salzburgerland.com\/de\/magazin\/wp-content\/uploads\/2020\/10\/5-Neues-Buch--325x209.jpg 325w, https:\/\/www.salzburgerland.com\/de\/magazin\/wp-content\/uploads\/2020\/10\/5-Neues-Buch--1320x853.jpg 1320w, https:\/\/www.salzburgerland.com\/de\/magazin\/wp-content\/uploads\/2020\/10\/5-Neues-Buch--150x97.jpg 150w\"><\/source><img decoding=\"async\" alt=\"Der Obstgarten im Gebirge\" src=\"https:\/\/www.salzburgerland.com\/de\/magazin\/wp-content\/uploads\/2020\/10\/5-Neues-Buch--scaled.jpg\">\t<\/picture><figcaption>Das B&uuml;chlein in der Neuauflage<\/figcaption><\/a><\/figure><\/div><div class=\"col-6 col-sm-4\"><figure><a class=\"thumb-container\" href=\"https:\/\/www.salzburgerland.com\/de\/magazin\/wp-content\/uploads\/2020\/10\/25-Nachfahren-von-Jacob-Schranz-Sepp-und-Helga-Buchner-1280x1024.jpg\">\t<picture><source media=\"(min-width: 576px)\" srcset=\"\"><\/source><source media=\"(min-width: 0)\" srcset=\"https:\/\/www.salzburgerland.com\/de\/magazin\/wp-content\/uploads\/2020\/10\/25-Nachfahren-von-Jacob-Schranz-Sepp-und-Helga-Buchner.jpg 486w, https:\/\/www.salzburgerland.com\/de\/magazin\/wp-content\/uploads\/2020\/10\/25-Nachfahren-von-Jacob-Schranz-Sepp-und-Helga-Buchner-225x300.jpg 225w, https:\/\/www.salzburgerland.com\/de\/magazin\/wp-content\/uploads\/2020\/10\/25-Nachfahren-von-Jacob-Schranz-Sepp-und-Helga-Buchner-412x550.jpg 412w, https:\/\/www.salzburgerland.com\/de\/magazin\/wp-content\/uploads\/2020\/10\/25-Nachfahren-von-Jacob-Schranz-Sepp-und-Helga-Buchner-300x400.jpg 300w, https:\/\/www.salzburgerland.com\/de\/magazin\/wp-content\/uploads\/2020\/10\/25-Nachfahren-von-Jacob-Schranz-Sepp-und-Helga-Buchner-640x853.jpg 640w, https:\/\/www.salzburgerland.com\/de\/magazin\/wp-content\/uploads\/2020\/10\/25-Nachfahren-von-Jacob-Schranz-Sepp-und-Helga-Buchner-150x200.jpg 150w\"><\/source><img decoding=\"async\" alt=\"Nachfahren Jacob Schranz\" src=\"https:\/\/www.salzburgerland.com\/de\/magazin\/wp-content\/uploads\/2020\/10\/25-Nachfahren-von-Jacob-Schranz-Sepp-und-Helga-Buchner.jpg\">\t<\/picture><figcaption>Nachfahren von Jacob Schranz: Sepp und Helga Buchner<\/figcaption><\/a><\/figure><\/div><\/div><figcaption><\/figcaption><\/div>\n\n\n\n<h2 class=\"wp-block-heading\" id=\"h-obstanbauen-leicht-gemacht-ein-blick-ins-buch\">Obstanbauen leicht gemacht: <strong>Ein Blick ins Buch<\/strong><\/h2>\n\n\n\n<p>Jacob Schranz appelliert in seinem B\u00fcchlein an die Jugend, sie m\u00f6ge die Obstbaumzucht erlernen. Doch ganz unabh\u00e4ngig vom Alter bekommt jeder direkt Lust dazu, der sich auf das Buch einl\u00e4sst. Denn mehr als ein paar Kerne oder Steine von dem Obst, in das man gerade genussvoll bei\u00dft, braucht man gar nicht. Legt man diese in die Erde oder gibt ihnen zuvor in einer Aschenlauge noch etwas Zeit zum Keimen, kann man einige Jahre sp\u00e4ter eventuell schon prachtvolle Fr\u00fcchte ernten. Zugegeben, ganz so einfach ist es dann doch nicht, denn dazwischen liegt liebevolle Handarbeit.<\/p>\n\n\n\n<p>Diese Sorgfalt bekommen die Leser des B\u00fcchleins gut zu sp\u00fcren, etwa wenn Jacob Schranz einen Essl\u00f6ffel als Werkzeug benutzt oder vor einem zu starken Wasserschwall warnt. Die anschauliche Beschreibung mag sogar Laien dazu verf\u00fchren, sich an einem eigenen Obstb\u00e4umchen zu versuchen. Die Wurzeln m\u00fcssen aufgef\u00e4chert werden wie ein Wagenrad, die Pfropfzweige sollten so dick sein wie ein Federkiel und die Grube soll vier Schuh weit und einen Schuh tief sein. Alles sonnenklar \u2013 auch ohne Zollstock und Fachwissen.<\/p>\n\n\n<div class=\"mag-gallery\"><div class=\"row\"><div class=\"col-6 col-sm-4\"><figure><a class=\"thumb-container\" href=\"https:\/\/www.salzburgerland.com\/de\/magazin\/wp-content\/uploads\/2020\/10\/1-Apfelbluete--1280x1024.jpg\">\t<picture><source media=\"(min-width: 576px)\" srcset=\"https:\/\/www.salzburgerland.com\/de\/magazin\/wp-content\/uploads\/2020\/10\/1-Apfelbluete--325x209.jpg 325w, https:\/\/www.salzburgerland.com\/de\/magazin\/wp-content\/uploads\/2020\/10\/1-Apfelbluete--249x160.jpg 249w\"><\/source><source media=\"(min-width: 0)\" srcset=\"https:\/\/www.salzburgerland.com\/de\/magazin\/wp-content\/uploads\/2020\/10\/1-Apfelbluete--249x160.jpg 249w, https:\/\/www.salzburgerland.com\/de\/magazin\/wp-content\/uploads\/2020\/10\/1-Apfelbluete--325x209.jpg 325w\"><\/source><img decoding=\"async\" alt=\"Apfelbaum Bl&uuml;te\" src=\"https:\/\/www.salzburgerland.com\/de\/magazin\/wp-content\/uploads\/2020\/10\/1-Apfelbluete-.jpg\">\t<\/picture><figcaption>Von der Bl&uuml;te &#8230;<\/figcaption><\/a><\/figure><\/div><div class=\"col-6 col-sm-4\"><figure><a class=\"thumb-container\" href=\"https:\/\/www.salzburgerland.com\/de\/magazin\/wp-content\/uploads\/2020\/10\/6-Aepfel--1280x1024.jpg\">\t<picture><source media=\"(min-width: 576px)\" srcset=\"\"><\/source><source media=\"(min-width: 0)\" srcset=\"https:\/\/www.salzburgerland.com\/de\/magazin\/wp-content\/uploads\/2020\/10\/6-Aepfel--scaled.jpg 1920w, https:\/\/www.salzburgerland.com\/de\/magazin\/wp-content\/uploads\/2020\/10\/6-Aepfel--225x300.jpg 225w, https:\/\/www.salzburgerland.com\/de\/magazin\/wp-content\/uploads\/2020\/10\/6-Aepfel--1152x1536.jpg 1152w, https:\/\/www.salzburgerland.com\/de\/magazin\/wp-content\/uploads\/2020\/10\/6-Aepfel--1536x2048.jpg 1536w, https:\/\/www.salzburgerland.com\/de\/magazin\/wp-content\/uploads\/2020\/10\/6-Aepfel--413x550.jpg 413w, https:\/\/www.salzburgerland.com\/de\/magazin\/wp-content\/uploads\/2020\/10\/6-Aepfel--300x400.jpg 300w, https:\/\/www.salzburgerland.com\/de\/magazin\/wp-content\/uploads\/2020\/10\/6-Aepfel--1320x1760.jpg 1320w, https:\/\/www.salzburgerland.com\/de\/magazin\/wp-content\/uploads\/2020\/10\/6-Aepfel--640x853.jpg 640w, https:\/\/www.salzburgerland.com\/de\/magazin\/wp-content\/uploads\/2020\/10\/6-Aepfel--150x200.jpg 150w\"><\/source><img decoding=\"async\" alt=\"Apfelbaum\" src=\"https:\/\/www.salzburgerland.com\/de\/magazin\/wp-content\/uploads\/2020\/10\/6-Aepfel--scaled.jpg\">\t<\/picture><figcaption>&#8230; bis hin zum knackigen Apfel<\/figcaption><\/a><\/figure><\/div><div class=\"col-6 col-sm-4\"><figure><a class=\"thumb-container\" href=\"https:\/\/www.salzburgerland.com\/de\/magazin\/wp-content\/uploads\/2020\/10\/18-Mariellen-1280x1024.jpg\">\t<picture><source media=\"(min-width: 576px)\" srcset=\"https:\/\/www.salzburgerland.com\/de\/magazin\/wp-content\/uploads\/2020\/10\/18-Mariellen-325x209.jpg 325w, https:\/\/www.salzburgerland.com\/de\/magazin\/wp-content\/uploads\/2020\/10\/18-Mariellen-249x160.jpg 249w\"><\/source><source media=\"(min-width: 0)\" srcset=\"https:\/\/www.salzburgerland.com\/de\/magazin\/wp-content\/uploads\/2020\/10\/18-Mariellen-249x160.jpg 249w, https:\/\/www.salzburgerland.com\/de\/magazin\/wp-content\/uploads\/2020\/10\/18-Mariellen-325x209.jpg 325w\"><\/source><img decoding=\"async\" alt=\"Marillenbaum\" src=\"https:\/\/www.salzburgerland.com\/de\/magazin\/wp-content\/uploads\/2020\/10\/18-Mariellen-scaled.jpg\">\t<\/picture><figcaption>Oder doch lieber s&uuml;&szlig;e Marillen ernten?<\/figcaption><\/a><\/figure><\/div><\/div><figcaption><\/figcaption><\/div>\n\n\n\n<h2 class=\"wp-block-heading\" id=\"h-d-ngen-mit-fleischwasser-und-blut-oder-doch-lieber-mit-asche\"><strong>D\u00fcngen mit Fleischwasser und Blut \u2013 oder doch lieber mit Asche?<\/strong><\/h2>\n\n\n\n<p>Jacob Schranz beschreibt oft mehrere Varianten, die dem wachsenden B\u00e4umchen allesamt wohlgesonnen sind. Beim Begie\u00dfen schw\u00f6rt er auf d\u00fcngendes Wasser. Dabei kann es sich um Wasser handeln, worin Schafe gewaschen wurden oder Menschen sich gewaschen haben. Als D\u00fcngemittel eignet sich aber auch Wasser, in das Fleisch eingelegt wurde oder mit Blut oder Urin versetztes Regenwasser. Lieber nicht? Dann k\u00f6nnen Hobbyg\u00e4rtner alternativ Asche oder Mist f\u00fcr ihr d\u00fcngendes Wasser verwenden. Und gute Nachrichten f\u00fcr diejenigen, die sich beim l\u00e4stigen Unkrautj\u00e4ten immer \u00e4rgern: Das ausgezupfte Unkraut ist ein wunderbares D\u00fcngemittel f\u00fcr die B\u00e4ume.<\/p>\n\n\n\n<p>Nat\u00fcrlich l\u00e4sst Jacob Schranz die Leser auch wissen, was zu tun ist, wenn der Baum mal kr\u00e4nkelt. Vom Aderlass bis hin zum konsequenten Auslichten gibt es wertvolle Baumkur-Tipps vom Obstbaumfl\u00fcsterer. Und auch gegen hungrige Nager, Ameisen und Raupen hat das B\u00fcchlein nette Ratschl\u00e4ge parat \u2013 selbstverst\u00e4ndlich zu 100 % umweltvertr\u00e4glich.<\/p>\n\n\n\n<p>Ein Baum ist f\u00fcr den Beginn doch eine Nummer zu gro\u00df? Dann k\u00f6nnen Gartenliebhaber auch mit einer Holunderstaude starten \u2013 denn diese sollte laut Jacob Schranz auf beinahe jedem Grund und Boden gedeihen. Dem sehr vielseitig einsetzbaren Holunder widmet er ein eigenes Kapitel.<\/p>\n\n\n<div class=\"mag-gallery\"><div class=\"row\"><div class=\"col-6 col-sm-4\"><figure><a class=\"thumb-container\" href=\"https:\/\/www.salzburgerland.com\/de\/magazin\/wp-content\/uploads\/2020\/10\/9-Holunderbluete--1280x1024.jpg\">\t<picture><source media=\"(min-width: 576px)\" srcset=\"\"><\/source><source media=\"(min-width: 0)\" srcset=\"https:\/\/www.salzburgerland.com\/de\/magazin\/wp-content\/uploads\/2020\/10\/9-Holunderbluete-.jpg 720w, https:\/\/www.salzburgerland.com\/de\/magazin\/wp-content\/uploads\/2020\/10\/9-Holunderbluete--225x300.jpg 225w, https:\/\/www.salzburgerland.com\/de\/magazin\/wp-content\/uploads\/2020\/10\/9-Holunderbluete--412x550.jpg 412w, https:\/\/www.salzburgerland.com\/de\/magazin\/wp-content\/uploads\/2020\/10\/9-Holunderbluete--300x400.jpg 300w, https:\/\/www.salzburgerland.com\/de\/magazin\/wp-content\/uploads\/2020\/10\/9-Holunderbluete--640x853.jpg 640w, https:\/\/www.salzburgerland.com\/de\/magazin\/wp-content\/uploads\/2020\/10\/9-Holunderbluete--150x200.jpg 150w\"><\/source><img decoding=\"async\" alt=\"Holunderbl&uuml;ten\" src=\"https:\/\/www.salzburgerland.com\/de\/magazin\/wp-content\/uploads\/2020\/10\/9-Holunderbluete-.jpg\">\t<\/picture><figcaption>W&auml;chst auf jedem Grund und Boden: die Holunderstaude<\/figcaption><\/a><\/figure><\/div><div class=\"col-6 col-sm-4\"><figure><a class=\"thumb-container\" href=\"https:\/\/www.salzburgerland.com\/de\/magazin\/wp-content\/uploads\/2020\/10\/28-auf-dem-holler--1280x1024.jpg\">\t<picture><source media=\"(min-width: 576px)\" srcset=\"\"><\/source><source media=\"(min-width: 0)\" srcset=\"https:\/\/www.salzburgerland.com\/de\/magazin\/wp-content\/uploads\/2020\/10\/28-auf-dem-holler--scaled.jpg 2295w, https:\/\/www.salzburgerland.com\/de\/magazin\/wp-content\/uploads\/2020\/10\/28-auf-dem-holler--269x300.jpg 269w, https:\/\/www.salzburgerland.com\/de\/magazin\/wp-content\/uploads\/2020\/10\/28-auf-dem-holler--1377x1536.jpg 1377w, https:\/\/www.salzburgerland.com\/de\/magazin\/wp-content\/uploads\/2020\/10\/28-auf-dem-holler--1836x2048.jpg 1836w, https:\/\/www.salzburgerland.com\/de\/magazin\/wp-content\/uploads\/2020\/10\/28-auf-dem-holler--493x550.jpg 493w, https:\/\/www.salzburgerland.com\/de\/magazin\/wp-content\/uploads\/2020\/10\/28-auf-dem-holler--359x400.jpg 359w, https:\/\/www.salzburgerland.com\/de\/magazin\/wp-content\/uploads\/2020\/10\/28-auf-dem-holler--1320x1472.jpg 1320w, https:\/\/www.salzburgerland.com\/de\/magazin\/wp-content\/uploads\/2020\/10\/28-auf-dem-holler--150x167.jpg 150w\"><\/source><img decoding=\"async\" alt=\"Holunderbl&uuml;ten\" src=\"https:\/\/www.salzburgerland.com\/de\/magazin\/wp-content\/uploads\/2020\/10\/28-auf-dem-holler--scaled.jpg\">\t<\/picture><figcaption>Erfreut nicht nur die Menschen<\/figcaption><\/a><\/figure><\/div><div class=\"col-6 col-sm-4\"><figure><a class=\"thumb-container\" href=\"https:\/\/www.salzburgerland.com\/de\/magazin\/wp-content\/uploads\/2020\/10\/apf-1280x1024.jpg\">\t<picture><source media=\"(min-width: 576px)\" srcset=\"https:\/\/www.salzburgerland.com\/de\/magazin\/wp-content\/uploads\/2020\/10\/apf-325x209.jpg 325w, https:\/\/www.salzburgerland.com\/de\/magazin\/wp-content\/uploads\/2020\/10\/apf-249x160.jpg 249w\"><\/source><source media=\"(min-width: 0)\" srcset=\"https:\/\/www.salzburgerland.com\/de\/magazin\/wp-content\/uploads\/2020\/10\/apf-249x160.jpg 249w, https:\/\/www.salzburgerland.com\/de\/magazin\/wp-content\/uploads\/2020\/10\/apf-325x209.jpg 325w\"><\/source><img decoding=\"async\" alt=\"Obstkorb Apfel\" src=\"https:\/\/www.salzburgerland.com\/de\/magazin\/wp-content\/uploads\/2020\/10\/apf-scaled.jpg\">\t<\/picture><figcaption>Herrlich: Frische &Auml;pfel f&uuml;r den gesunden Obstkorb<\/figcaption><\/a><\/figure><\/div><\/div><figcaption><\/figcaption><\/div>\n\n\n\n<h2 class=\"wp-block-heading\" id=\"h-eigenes-obst-susanne-rasser-macht-den-praxistest\"><strong>Eigenes Obst: Susanne Rasser macht den Praxistest<\/strong><\/h2>\n\n\n\n<p>Ich wollte von Susanne Rasser wissen, ob sie einige der Empfehlungen schon in die Praxis umgesetzt hat. Und tats\u00e4chlich ist sie schon eifrig beim Werkeln: \u201eJa! Unseren kr\u00e4nkelnden Birnbaum habe ich nach der Schranz-Methode verw\u00f6hnt (Asche, Gej\u00e4t, abgebrannter Mist), dem Zwetschkenbaum habe ich einen Ring aus L\u00e4rchenpech um den Stamm gestrichen, das h\u00e4lt tats\u00e4chlich die Ameisen ab und gegen den Raupenbefall habe ich auch einen Feldversuch gestartet.\u201c Auch beim d\u00fcngenden Wasser war sie bereits kreativ: Damit das Wasser basisch wird, hat sie Schafwolle in die Gie\u00dfkanne eingelegt und es sogar mit Fleischwasser probiert (auch wenn sie zwecks mangelnder Alternative auf \u00fcbriggebliebenes Katzenfutter ausweichen musste). Und im Gartenh\u00e4uschen liegen schon Marillen- und Apfelkerne bereit. Die wird sie im Fr\u00fchjahr in die Erde pflanzen. Wir w\u00fcnschen ihr einen guten Wuchs!<\/p>\n\n\n\n<figure class=\"wp-block-image size-large\"><img loading=\"lazy\" decoding=\"async\" width=\"2560\" height=\"1847\" src=\"https:\/\/www.salzburgerland.com\/de\/magazin\/wp-content\/uploads\/2020\/10\/2-Ingre--scaled.jpg\" alt=\"Baumsalbe und Co \" class=\"wp-image-146745\" srcset=\"https:\/\/www.salzburgerland.com\/de\/magazin\/wp-content\/uploads\/2020\/10\/2-Ingre--scaled.jpg 2560w, https:\/\/www.salzburgerland.com\/de\/magazin\/wp-content\/uploads\/2020\/10\/2-Ingre--300x216.jpg 300w, https:\/\/www.salzburgerland.com\/de\/magazin\/wp-content\/uploads\/2020\/10\/2-Ingre--1536x1108.jpg 1536w, https:\/\/www.salzburgerland.com\/de\/magazin\/wp-content\/uploads\/2020\/10\/2-Ingre--2048x1477.jpg 2048w, https:\/\/www.salzburgerland.com\/de\/magazin\/wp-content\/uploads\/2020\/10\/2-Ingre--762x550.jpg 762w, https:\/\/www.salzburgerland.com\/de\/magazin\/wp-content\/uploads\/2020\/10\/2-Ingre--554x400.jpg 554w, https:\/\/www.salzburgerland.com\/de\/magazin\/wp-content\/uploads\/2020\/10\/2-Ingre--1320x952.jpg 1320w, https:\/\/www.salzburgerland.com\/de\/magazin\/wp-content\/uploads\/2020\/10\/2-Ingre--150x108.jpg 150w\" sizes=\"auto, (max-width: 2560px) 100vw, 2560px\" \/><figcaption>Susannes Helferlein f\u00fcr eine reiche Obsternte<\/figcaption><\/figure>\n\n\n\n<p>Wer sich ein Obstreich im eigenen Garten w\u00fcnscht und regionale, k\u00f6stliche \u00c4pfel, Birnen, Zwetschken, Kirschen oder Marillen vom Baum pfl\u00fccken m\u00f6chte, dem sei dieses B\u00fcchlein w\u00e4rmstens empfohlen.  Das Buch &#8222;Der Obstgarten im Gebirge&#8220; k\u00f6nnen Sie direkt im <a href=\"https:\/\/www.tauriska.at\/shop\/produkt\/der-obstgarten-im-gebirge\/\">Online-Shop <\/a>des Tauriska Verlages bestellen.<\/p>\n\n\n\n\n\n<p>Fotos: \u00a9 Susanne Rasser, <br>Buchcover: \u00a9 TAURISKA Verlag, Buchlayout: Stephy Brennsteiner, 2020<br>alte Fotos: Fotoarchiv: Josef Buchner, Niedernsill<\/p>\n","protected":false},"excerpt":{"rendered":"<p>Ein schweres Schicksal konnte Jacob Schranz nicht bremsen Maria Theresia regierte das Land, als Jacob Schranz im Jahr 1759 in Niedernsill geboren wurde. Sein Leben war arbeitsreich. Er betrieb den Schlosserbauernhof, eine S\u00e4ge und eine Lodenwalchstampfe, er war M\u00fcller, Obstbaulehrer und sp\u00e4ter auch Buchautor. Und er war kinderreich. Insgesamt zw\u00f6lf Kinder brachte die Ehe von [&hellip;]<\/p>\n","protected":false},"author":555,"featured_media":146782,"comment_status":"open","ping_status":"closed","sticky":false,"template":"","format":"standard","meta":{"_acf_changed":false,"wl_entities_gutenberg":"","_wl_entity_redirect_enabled":"","footnotes":""},"categories":[7],"tags":[4451,2675],"wl_entity_type":[306],"monatsauswahl":[82,83,84,85,86,87,88,89,90,91,92,93],"class_list":["post-146724","post","type-post","status-publish","format-standard","has-post-thumbnail","hentry","category-lifestyle","tag-regional","tag-selbstversorger","wl_entity_type-article","monatsauswahl-monat_1","monatsauswahl-monat_2","monatsauswahl-monat_3","monatsauswahl-monat_4","monatsauswahl-monat_5","monatsauswahl-monat_6","monatsauswahl-monat_7","monatsauswahl-monat_8","monatsauswahl-monat_9","monatsauswahl-monat_10","monatsauswahl-monat_11","monatsauswahl-monat_12"],"acf":[],"yoast_head":"<!-- This site is optimized with the Yoast SEO Premium plugin v27.4 (Yoast SEO v27.4) - https:\/\/yoast.com\/product\/yoast-seo-premium-wordpress\/ -->\n<title>Mit einem kleinen B\u00fcchlein zur reichen Obsternte - SalzburgerLand Magazin<\/title>\n<meta name=\"description\" content=\"Altes B\u00fcchlein neu entdeckt: &quot;Der Obstgarten im Gebirge&quot; steckt voller Empfehlungen f\u00fcr einen erfolgreichen Obstanbau im eigenen Garten.\" \/>\n<meta name=\"robots\" content=\"index, follow, max-snippet:-1, max-image-preview:large, max-video-preview:-1\" \/>\n<link rel=\"canonical\" href=\"https:\/\/www.salzburgerland.com\/de\/magazin\/mit-einem-kleinen-buechlein-zur-reichen-obsternte\/\" \/>\n<meta property=\"og:locale\" content=\"de_DE\" \/>\n<meta property=\"og:type\" content=\"article\" \/>\n<meta property=\"og:title\" content=\"Mit einem kleinen B\u00fcchlein zur reichen Obsternte\" \/>\n<meta property=\"og:description\" content=\"Altes B\u00fcchlein neu entdeckt: &quot;Der Obstgarten im Gebirge&quot; steckt voller Empfehlungen f\u00fcr einen erfolgreichen Obstanbau im eigenen Garten.\" \/>\n<meta property=\"og:url\" content=\"https:\/\/www.salzburgerland.com\/de\/magazin\/mit-einem-kleinen-buechlein-zur-reichen-obsternte\/\" \/>\n<meta property=\"og:site_name\" content=\"SalzburgerLand Magazin\" \/>\n<meta property=\"article:publisher\" content=\"https:\/\/www.facebook.com\/salzburgerland\/\" \/>\n<meta property=\"article:published_time\" content=\"2020-10-16T06:00:43+00:00\" \/>\n<meta property=\"article:modified_time\" content=\"2020-11-11T13:21:06+00:00\" \/>\n<meta property=\"og:image\" content=\"https:\/\/www.salzburgerland.com\/de\/magazin\/wp-content\/uploads\/2020\/10\/Foto-Susanne-Rasser-15.-Juni-3-scaled.jpg\" \/>\n\t<meta property=\"og:image:width\" content=\"2560\" \/>\n\t<meta property=\"og:image:height\" content=\"1920\" \/>\n\t<meta property=\"og:image:type\" content=\"image\/jpeg\" \/>\n<meta name=\"author\" content=\"Regina Langreiter\" \/>\n<meta name=\"twitter:card\" content=\"summary_large_image\" \/>\n<meta name=\"twitter:creator\" content=\"@Salzburgerland\" \/>\n<meta name=\"twitter:site\" content=\"@Salzburgerland\" \/>\n<meta name=\"twitter:label1\" content=\"Verfasst von\" \/>\n\t<meta name=\"twitter:data1\" content=\"Regina Langreiter\" \/>\n\t<meta name=\"twitter:label2\" content=\"Gesch\u00e4tzte Lesezeit\" \/>\n\t<meta name=\"twitter:data2\" content=\"6\u00a0Minuten\" \/>\n<script type=\"application\/ld+json\" class=\"yoast-schema-graph\">{\"@context\":\"https:\\\/\\\/schema.org\",\"@graph\":[{\"@type\":\"Article\",\"@id\":\"https:\\\/\\\/www.salzburgerland.com\\\/de\\\/magazin\\\/mit-einem-kleinen-buechlein-zur-reichen-obsternte\\\/#article\",\"isPartOf\":{\"@id\":\"https:\\\/\\\/www.salzburgerland.com\\\/de\\\/magazin\\\/mit-einem-kleinen-buechlein-zur-reichen-obsternte\\\/\"},\"author\":{\"name\":\"Regina Langreiter\",\"@id\":\"https:\\\/\\\/www.salzburgerland.com\\\/de\\\/magazin\\\/#\\\/schema\\\/person\\\/400a3c5899426155958bfead834fa13e\"},\"headline\":\"Mit einem kleinen B\u00fcchlein zur reichen Obsternte\",\"datePublished\":\"2020-10-16T06:00:43+00:00\",\"dateModified\":\"2020-11-11T13:21:06+00:00\",\"mainEntityOfPage\":{\"@id\":\"https:\\\/\\\/www.salzburgerland.com\\\/de\\\/magazin\\\/mit-einem-kleinen-buechlein-zur-reichen-obsternte\\\/\"},\"wordCount\":1211,\"commentCount\":0,\"publisher\":{\"@id\":\"https:\\\/\\\/www.salzburgerland.com\\\/de\\\/magazin\\\/#organization\"},\"image\":{\"@id\":\"https:\\\/\\\/www.salzburgerland.com\\\/de\\\/magazin\\\/mit-einem-kleinen-buechlein-zur-reichen-obsternte\\\/#primaryimage\"},\"thumbnailUrl\":\"https:\\\/\\\/www.salzburgerland.com\\\/de\\\/magazin\\\/wp-content\\\/uploads\\\/2020\\\/10\\\/Foto-Susanne-Rasser-15.-Juni-3-scaled.jpg\",\"keywords\":[\"Regional\",\"Selbstversorger\"],\"articleSection\":[\"Lifestyle\"],\"inLanguage\":\"de\",\"potentialAction\":[{\"@type\":\"CommentAction\",\"name\":\"Comment\",\"target\":[\"https:\\\/\\\/www.salzburgerland.com\\\/de\\\/magazin\\\/mit-einem-kleinen-buechlein-zur-reichen-obsternte\\\/#respond\"]}]},{\"@type\":\"WebPage\",\"@id\":\"https:\\\/\\\/www.salzburgerland.com\\\/de\\\/magazin\\\/mit-einem-kleinen-buechlein-zur-reichen-obsternte\\\/\",\"url\":\"https:\\\/\\\/www.salzburgerland.com\\\/de\\\/magazin\\\/mit-einem-kleinen-buechlein-zur-reichen-obsternte\\\/\",\"name\":\"Mit einem kleinen B\u00fcchlein zur reichen Obsternte - SalzburgerLand Magazin\",\"isPartOf\":{\"@id\":\"https:\\\/\\\/www.salzburgerland.com\\\/de\\\/magazin\\\/#website\"},\"primaryImageOfPage\":{\"@id\":\"https:\\\/\\\/www.salzburgerland.com\\\/de\\\/magazin\\\/mit-einem-kleinen-buechlein-zur-reichen-obsternte\\\/#primaryimage\"},\"image\":{\"@id\":\"https:\\\/\\\/www.salzburgerland.com\\\/de\\\/magazin\\\/mit-einem-kleinen-buechlein-zur-reichen-obsternte\\\/#primaryimage\"},\"thumbnailUrl\":\"https:\\\/\\\/www.salzburgerland.com\\\/de\\\/magazin\\\/wp-content\\\/uploads\\\/2020\\\/10\\\/Foto-Susanne-Rasser-15.-Juni-3-scaled.jpg\",\"datePublished\":\"2020-10-16T06:00:43+00:00\",\"dateModified\":\"2020-11-11T13:21:06+00:00\",\"description\":\"Altes B\u00fcchlein neu entdeckt: \\\"Der Obstgarten im Gebirge\\\" steckt voller Empfehlungen f\u00fcr einen erfolgreichen Obstanbau im eigenen Garten.\",\"breadcrumb\":{\"@id\":\"https:\\\/\\\/www.salzburgerland.com\\\/de\\\/magazin\\\/mit-einem-kleinen-buechlein-zur-reichen-obsternte\\\/#breadcrumb\"},\"inLanguage\":\"de\",\"potentialAction\":[{\"@type\":\"ReadAction\",\"target\":[\"https:\\\/\\\/www.salzburgerland.com\\\/de\\\/magazin\\\/mit-einem-kleinen-buechlein-zur-reichen-obsternte\\\/\"]}]},{\"@type\":\"ImageObject\",\"inLanguage\":\"de\",\"@id\":\"https:\\\/\\\/www.salzburgerland.com\\\/de\\\/magazin\\\/mit-einem-kleinen-buechlein-zur-reichen-obsternte\\\/#primaryimage\",\"url\":\"https:\\\/\\\/www.salzburgerland.com\\\/de\\\/magazin\\\/wp-content\\\/uploads\\\/2020\\\/10\\\/Foto-Susanne-Rasser-15.-Juni-3-scaled.jpg\",\"contentUrl\":\"https:\\\/\\\/www.salzburgerland.com\\\/de\\\/magazin\\\/wp-content\\\/uploads\\\/2020\\\/10\\\/Foto-Susanne-Rasser-15.-Juni-3-scaled.jpg\",\"width\":2560,\"height\":1920,\"caption\":\"Susanne Rasser\"},{\"@type\":\"BreadcrumbList\",\"@id\":\"https:\\\/\\\/www.salzburgerland.com\\\/de\\\/magazin\\\/mit-einem-kleinen-buechlein-zur-reichen-obsternte\\\/#breadcrumb\",\"itemListElement\":[{\"@type\":\"ListItem\",\"position\":1,\"name\":\"Startseite\",\"item\":\"https:\\\/\\\/www.salzburgerland.com\\\/de\\\/magazin\\\/\"},{\"@type\":\"ListItem\",\"position\":2,\"name\":\"Lifestyle\",\"item\":\"https:\\\/\\\/www.salzburgerland.com\\\/de\\\/magazin\\\/thema\\\/lifestyle\\\/\"},{\"@type\":\"ListItem\",\"position\":3,\"name\":\"Mit einem kleinen B\u00fcchlein zur reichen Obsternte\"}]},{\"@type\":\"WebSite\",\"@id\":\"https:\\\/\\\/www.salzburgerland.com\\\/de\\\/magazin\\\/#website\",\"url\":\"https:\\\/\\\/www.salzburgerland.com\\\/de\\\/magazin\\\/\",\"name\":\"SalzburgerLand Magazin\",\"description\":\"Geschichten und Interessantes aus dem SalzburgerLand\",\"publisher\":{\"@id\":\"https:\\\/\\\/www.salzburgerland.com\\\/de\\\/magazin\\\/#organization\"},\"potentialAction\":[{\"@type\":\"SearchAction\",\"target\":{\"@type\":\"EntryPoint\",\"urlTemplate\":\"https:\\\/\\\/www.salzburgerland.com\\\/de\\\/magazin\\\/?s={search_term_string}\"},\"query-input\":{\"@type\":\"PropertyValueSpecification\",\"valueRequired\":true,\"valueName\":\"search_term_string\"}}],\"inLanguage\":\"de\"},{\"@type\":\"Organization\",\"@id\":\"https:\\\/\\\/www.salzburgerland.com\\\/de\\\/magazin\\\/#organization\",\"name\":\"SalzburgerLand Tourismus\",\"url\":\"https:\\\/\\\/www.salzburgerland.com\\\/de\\\/magazin\\\/\",\"logo\":{\"@type\":\"ImageObject\",\"inLanguage\":\"de\",\"@id\":\"https:\\\/\\\/www.salzburgerland.com\\\/de\\\/magazin\\\/#\\\/schema\\\/logo\\\/image\\\/\",\"url\":\"https:\\\/\\\/www.salzburgerland.com\\\/de\\\/magazin\\\/wp-content\\\/uploads\\\/2019\\\/06\\\/salzburgerland-logo1.jpg\",\"contentUrl\":\"https:\\\/\\\/www.salzburgerland.com\\\/de\\\/magazin\\\/wp-content\\\/uploads\\\/2019\\\/06\\\/salzburgerland-logo1.jpg\",\"width\":2011,\"height\":866,\"caption\":\"SalzburgerLand Tourismus\"},\"image\":{\"@id\":\"https:\\\/\\\/www.salzburgerland.com\\\/de\\\/magazin\\\/#\\\/schema\\\/logo\\\/image\\\/\"},\"sameAs\":[\"https:\\\/\\\/www.facebook.com\\\/salzburgerland\\\/\",\"https:\\\/\\\/x.com\\\/Salzburgerland\",\"https:\\\/\\\/www.instagram.com\\\/salzburgerland\\\/\",\"https:\\\/\\\/at.linkedin.com\\\/company\\\/salzburgerland-tourismus-gmbh\",\"https:\\\/\\\/www.pinterest.at\\\/salzburgerland\\\/\",\"https:\\\/\\\/www.youtube.com\\\/user\\\/salzburgerland\",\"https:\\\/\\\/de.wikipedia.org\\\/wiki\\\/SalzburgerLand_Tourismus_GmbH\"]},{\"@type\":\"Person\",\"@id\":\"https:\\\/\\\/www.salzburgerland.com\\\/de\\\/magazin\\\/#\\\/schema\\\/person\\\/400a3c5899426155958bfead834fa13e\",\"name\":\"Regina Langreiter\",\"description\":\"Regina Langreiter ist freie Texterin aus dem Salzburger Land \u2013 aufgewachsen im Raurisertal, verwurzelt in der alpinen Lebenswelt und mit einem Faible f\u00fcr die echten Momente. \u00dcbertriebene Inszenierung ist nicht ihre B\u00fchne, sie interessiert sich f\u00fcr das Einfache, Bodenst\u00e4ndige und Menschliche, also f\u00fcr jene Geschichten, die nicht laut auftreten m\u00fcssen, um in Erinnerung zu bleiben. Dosige oder Zuagroaste? Dosige. Auf- und festgewachsen in Rauris. Fr\u00fchling, Sommer, Herbst oder Winter? Auch wenn mir bereits ab zehn Grad abw\u00e4rts die H\u00e4nde beinahe abfrieren, sch\u00e4tze ich die Vielseitigkeit der Jahreszeiten. Ich juble \u00fcber die ersten Schneeflocken des Jahres genauso wie \u00fcber jenen Morgen, an dem ich wieder fr\u00f6hlichem Vogelgezwitscher lauschen kann. Bergtour oder Seentour? Die k\u00fchlen Bergseen bewundere ich sehr gern \u2013 aber am liebsten von oben. Im Wasser findet man mich nur, wenn meine Kinder mich \u00fcberreden. Rindsroulade vom Pinzgauer Biorind oder Saibling fangfrisch aus dem Fuschlsee? Das Biorind bekommt den Vorzug, aber beim Saibling bin ich auch nicht abgeneigt. Am leichtesten verf\u00fchren kann man mich aber definitiv mit Schokolade. Buch oder Film? Es gibt wenige Filme, die mich wirklich fesseln. Daf\u00fcr k\u00f6nnte ich \u00fcber Stunden in einem Buch versinken. Gummistiefel oder High Heels? Wer mich in High Heels sieht, darf sich diesen Tag als skurrile Begebenheit im Kalender eintragen. Gummistiefel gibt es allerdings auch nur, wenn ich unsere H\u00fchner im Garten besuche. Meinen Alltag bestreite ich in Sneakers oder Trekkingschuhen.\",\"sameAs\":[\"https:\\\/\\\/www.aufgetextet.at\"],\"url\":\"https:\\\/\\\/www.salzburgerland.com\\\/de\\\/magazin\\\/author\\\/regina-langreiter\\\/\"}]}<\/script>\n<!-- \/ Yoast SEO Premium plugin. -->","yoast_head_json":{"title":"Mit einem kleinen B\u00fcchlein zur reichen Obsternte - SalzburgerLand Magazin","description":"Altes B\u00fcchlein neu entdeckt: \"Der Obstgarten im Gebirge\" steckt voller Empfehlungen f\u00fcr einen erfolgreichen Obstanbau im eigenen Garten.","robots":{"index":"index","follow":"follow","max-snippet":"max-snippet:-1","max-image-preview":"max-image-preview:large","max-video-preview":"max-video-preview:-1"},"canonical":"https:\/\/www.salzburgerland.com\/de\/magazin\/mit-einem-kleinen-buechlein-zur-reichen-obsternte\/","og_locale":"de_DE","og_type":"article","og_title":"Mit einem kleinen B\u00fcchlein zur reichen Obsternte","og_description":"Altes B\u00fcchlein neu entdeckt: \"Der Obstgarten im Gebirge\" steckt voller Empfehlungen f\u00fcr einen erfolgreichen Obstanbau im eigenen Garten.","og_url":"https:\/\/www.salzburgerland.com\/de\/magazin\/mit-einem-kleinen-buechlein-zur-reichen-obsternte\/","og_site_name":"SalzburgerLand Magazin","article_publisher":"https:\/\/www.facebook.com\/salzburgerland\/","article_published_time":"2020-10-16T06:00:43+00:00","article_modified_time":"2020-11-11T13:21:06+00:00","og_image":[{"width":2560,"height":1920,"url":"https:\/\/www.salzburgerland.com\/de\/magazin\/wp-content\/uploads\/2020\/10\/Foto-Susanne-Rasser-15.-Juni-3-scaled.jpg","type":"image\/jpeg"}],"author":"Regina Langreiter","twitter_card":"summary_large_image","twitter_creator":"@Salzburgerland","twitter_site":"@Salzburgerland","twitter_misc":{"Verfasst von":"Regina Langreiter","Gesch\u00e4tzte Lesezeit":"6\u00a0Minuten"},"schema":{"@context":"https:\/\/schema.org","@graph":[{"@type":"Article","@id":"https:\/\/www.salzburgerland.com\/de\/magazin\/mit-einem-kleinen-buechlein-zur-reichen-obsternte\/#article","isPartOf":{"@id":"https:\/\/www.salzburgerland.com\/de\/magazin\/mit-einem-kleinen-buechlein-zur-reichen-obsternte\/"},"author":{"name":"Regina Langreiter","@id":"https:\/\/www.salzburgerland.com\/de\/magazin\/#\/schema\/person\/400a3c5899426155958bfead834fa13e"},"headline":"Mit einem kleinen B\u00fcchlein zur reichen Obsternte","datePublished":"2020-10-16T06:00:43+00:00","dateModified":"2020-11-11T13:21:06+00:00","mainEntityOfPage":{"@id":"https:\/\/www.salzburgerland.com\/de\/magazin\/mit-einem-kleinen-buechlein-zur-reichen-obsternte\/"},"wordCount":1211,"commentCount":0,"publisher":{"@id":"https:\/\/www.salzburgerland.com\/de\/magazin\/#organization"},"image":{"@id":"https:\/\/www.salzburgerland.com\/de\/magazin\/mit-einem-kleinen-buechlein-zur-reichen-obsternte\/#primaryimage"},"thumbnailUrl":"https:\/\/www.salzburgerland.com\/de\/magazin\/wp-content\/uploads\/2020\/10\/Foto-Susanne-Rasser-15.-Juni-3-scaled.jpg","keywords":["Regional","Selbstversorger"],"articleSection":["Lifestyle"],"inLanguage":"de","potentialAction":[{"@type":"CommentAction","name":"Comment","target":["https:\/\/www.salzburgerland.com\/de\/magazin\/mit-einem-kleinen-buechlein-zur-reichen-obsternte\/#respond"]}]},{"@type":"WebPage","@id":"https:\/\/www.salzburgerland.com\/de\/magazin\/mit-einem-kleinen-buechlein-zur-reichen-obsternte\/","url":"https:\/\/www.salzburgerland.com\/de\/magazin\/mit-einem-kleinen-buechlein-zur-reichen-obsternte\/","name":"Mit einem kleinen B\u00fcchlein zur reichen Obsternte - SalzburgerLand Magazin","isPartOf":{"@id":"https:\/\/www.salzburgerland.com\/de\/magazin\/#website"},"primaryImageOfPage":{"@id":"https:\/\/www.salzburgerland.com\/de\/magazin\/mit-einem-kleinen-buechlein-zur-reichen-obsternte\/#primaryimage"},"image":{"@id":"https:\/\/www.salzburgerland.com\/de\/magazin\/mit-einem-kleinen-buechlein-zur-reichen-obsternte\/#primaryimage"},"thumbnailUrl":"https:\/\/www.salzburgerland.com\/de\/magazin\/wp-content\/uploads\/2020\/10\/Foto-Susanne-Rasser-15.-Juni-3-scaled.jpg","datePublished":"2020-10-16T06:00:43+00:00","dateModified":"2020-11-11T13:21:06+00:00","description":"Altes B\u00fcchlein neu entdeckt: \"Der Obstgarten im Gebirge\" steckt voller Empfehlungen f\u00fcr einen erfolgreichen Obstanbau im eigenen Garten.","breadcrumb":{"@id":"https:\/\/www.salzburgerland.com\/de\/magazin\/mit-einem-kleinen-buechlein-zur-reichen-obsternte\/#breadcrumb"},"inLanguage":"de","potentialAction":[{"@type":"ReadAction","target":["https:\/\/www.salzburgerland.com\/de\/magazin\/mit-einem-kleinen-buechlein-zur-reichen-obsternte\/"]}]},{"@type":"ImageObject","inLanguage":"de","@id":"https:\/\/www.salzburgerland.com\/de\/magazin\/mit-einem-kleinen-buechlein-zur-reichen-obsternte\/#primaryimage","url":"https:\/\/www.salzburgerland.com\/de\/magazin\/wp-content\/uploads\/2020\/10\/Foto-Susanne-Rasser-15.-Juni-3-scaled.jpg","contentUrl":"https:\/\/www.salzburgerland.com\/de\/magazin\/wp-content\/uploads\/2020\/10\/Foto-Susanne-Rasser-15.-Juni-3-scaled.jpg","width":2560,"height":1920,"caption":"Susanne Rasser"},{"@type":"BreadcrumbList","@id":"https:\/\/www.salzburgerland.com\/de\/magazin\/mit-einem-kleinen-buechlein-zur-reichen-obsternte\/#breadcrumb","itemListElement":[{"@type":"ListItem","position":1,"name":"Startseite","item":"https:\/\/www.salzburgerland.com\/de\/magazin\/"},{"@type":"ListItem","position":2,"name":"Lifestyle","item":"https:\/\/www.salzburgerland.com\/de\/magazin\/thema\/lifestyle\/"},{"@type":"ListItem","position":3,"name":"Mit einem kleinen B\u00fcchlein zur reichen Obsternte"}]},{"@type":"WebSite","@id":"https:\/\/www.salzburgerland.com\/de\/magazin\/#website","url":"https:\/\/www.salzburgerland.com\/de\/magazin\/","name":"SalzburgerLand Magazin","description":"Geschichten und Interessantes aus dem SalzburgerLand","publisher":{"@id":"https:\/\/www.salzburgerland.com\/de\/magazin\/#organization"},"potentialAction":[{"@type":"SearchAction","target":{"@type":"EntryPoint","urlTemplate":"https:\/\/www.salzburgerland.com\/de\/magazin\/?s={search_term_string}"},"query-input":{"@type":"PropertyValueSpecification","valueRequired":true,"valueName":"search_term_string"}}],"inLanguage":"de"},{"@type":"Organization","@id":"https:\/\/www.salzburgerland.com\/de\/magazin\/#organization","name":"SalzburgerLand Tourismus","url":"https:\/\/www.salzburgerland.com\/de\/magazin\/","logo":{"@type":"ImageObject","inLanguage":"de","@id":"https:\/\/www.salzburgerland.com\/de\/magazin\/#\/schema\/logo\/image\/","url":"https:\/\/www.salzburgerland.com\/de\/magazin\/wp-content\/uploads\/2019\/06\/salzburgerland-logo1.jpg","contentUrl":"https:\/\/www.salzburgerland.com\/de\/magazin\/wp-content\/uploads\/2019\/06\/salzburgerland-logo1.jpg","width":2011,"height":866,"caption":"SalzburgerLand Tourismus"},"image":{"@id":"https:\/\/www.salzburgerland.com\/de\/magazin\/#\/schema\/logo\/image\/"},"sameAs":["https:\/\/www.facebook.com\/salzburgerland\/","https:\/\/x.com\/Salzburgerland","https:\/\/www.instagram.com\/salzburgerland\/","https:\/\/at.linkedin.com\/company\/salzburgerland-tourismus-gmbh","https:\/\/www.pinterest.at\/salzburgerland\/","https:\/\/www.youtube.com\/user\/salzburgerland","https:\/\/de.wikipedia.org\/wiki\/SalzburgerLand_Tourismus_GmbH"]},{"@type":"Person","@id":"https:\/\/www.salzburgerland.com\/de\/magazin\/#\/schema\/person\/400a3c5899426155958bfead834fa13e","name":"Regina Langreiter","description":"Regina Langreiter ist freie Texterin aus dem Salzburger Land \u2013 aufgewachsen im Raurisertal, verwurzelt in der alpinen Lebenswelt und mit einem Faible f\u00fcr die echten Momente. \u00dcbertriebene Inszenierung ist nicht ihre B\u00fchne, sie interessiert sich f\u00fcr das Einfache, Bodenst\u00e4ndige und Menschliche, also f\u00fcr jene Geschichten, die nicht laut auftreten m\u00fcssen, um in Erinnerung zu bleiben. Dosige oder Zuagroaste? Dosige. Auf- und festgewachsen in Rauris. Fr\u00fchling, Sommer, Herbst oder Winter? Auch wenn mir bereits ab zehn Grad abw\u00e4rts die H\u00e4nde beinahe abfrieren, sch\u00e4tze ich die Vielseitigkeit der Jahreszeiten. Ich juble \u00fcber die ersten Schneeflocken des Jahres genauso wie \u00fcber jenen Morgen, an dem ich wieder fr\u00f6hlichem Vogelgezwitscher lauschen kann. Bergtour oder Seentour? Die k\u00fchlen Bergseen bewundere ich sehr gern \u2013 aber am liebsten von oben. Im Wasser findet man mich nur, wenn meine Kinder mich \u00fcberreden. Rindsroulade vom Pinzgauer Biorind oder Saibling fangfrisch aus dem Fuschlsee? Das Biorind bekommt den Vorzug, aber beim Saibling bin ich auch nicht abgeneigt. Am leichtesten verf\u00fchren kann man mich aber definitiv mit Schokolade. Buch oder Film? Es gibt wenige Filme, die mich wirklich fesseln. Daf\u00fcr k\u00f6nnte ich \u00fcber Stunden in einem Buch versinken. Gummistiefel oder High Heels? Wer mich in High Heels sieht, darf sich diesen Tag als skurrile Begebenheit im Kalender eintragen. Gummistiefel gibt es allerdings auch nur, wenn ich unsere H\u00fchner im Garten besuche. Meinen Alltag bestreite ich in Sneakers oder Trekkingschuhen.","sameAs":["https:\/\/www.aufgetextet.at"],"url":"https:\/\/www.salzburgerland.com\/de\/magazin\/author\/regina-langreiter\/"}]}},"_wl_alt_label":[],"wl:entity_url":"http:\/\/open.salzburgerland.com\/magazin\/post\/mit_einem_kleinen_buechlein_zur_reichen_obsternte","_links":{"self":[{"href":"https:\/\/www.salzburgerland.com\/de\/magazin\/wp-json\/wp\/v2\/posts\/146724","targetHints":{"allow":["GET"]}}],"collection":[{"href":"https:\/\/www.salzburgerland.com\/de\/magazin\/wp-json\/wp\/v2\/posts"}],"about":[{"href":"https:\/\/www.salzburgerland.com\/de\/magazin\/wp-json\/wp\/v2\/types\/post"}],"author":[{"embeddable":true,"href":"https:\/\/www.salzburgerland.com\/de\/magazin\/wp-json\/wp\/v2\/users\/555"}],"replies":[{"embeddable":true,"href":"https:\/\/www.salzburgerland.com\/de\/magazin\/wp-json\/wp\/v2\/comments?post=146724"}],"version-history":[{"count":5,"href":"https:\/\/www.salzburgerland.com\/de\/magazin\/wp-json\/wp\/v2\/posts\/146724\/revisions"}],"predecessor-version":[{"id":147635,"href":"https:\/\/www.salzburgerland.com\/de\/magazin\/wp-json\/wp\/v2\/posts\/146724\/revisions\/147635"}],"wp:featuredmedia":[{"embeddable":true,"href":"https:\/\/www.salzburgerland.com\/de\/magazin\/wp-json\/wp\/v2\/media\/146782"}],"wp:attachment":[{"href":"https:\/\/www.salzburgerland.com\/de\/magazin\/wp-json\/wp\/v2\/media?parent=146724"}],"wp:term":[{"taxonomy":"category","embeddable":true,"href":"https:\/\/www.salzburgerland.com\/de\/magazin\/wp-json\/wp\/v2\/categories?post=146724"},{"taxonomy":"post_tag","embeddable":true,"href":"https:\/\/www.salzburgerland.com\/de\/magazin\/wp-json\/wp\/v2\/tags?post=146724"},{"taxonomy":"wl_entity_type","embeddable":true,"href":"https:\/\/www.salzburgerland.com\/de\/magazin\/wp-json\/wp\/v2\/wl_entity_type?post=146724"},{"taxonomy":"monatsauswahl","embeddable":true,"href":"https:\/\/www.salzburgerland.com\/de\/magazin\/wp-json\/wp\/v2\/monatsauswahl?post=146724"}],"curies":[{"name":"wp","href":"https:\/\/api.w.org\/{rel}","templated":true}]}}