{"id":146406,"date":"2020-09-22T10:33:44","date_gmt":"2020-09-22T08:33:44","guid":{"rendered":"https:\/\/www.salzburgerland.com\/de\/magazin\/?p=146406"},"modified":"2021-03-23T11:37:12","modified_gmt":"2021-03-23T10:37:12","slug":"die-liechtensteinklamm-in-st-johann","status":"publish","type":"post","link":"https:\/\/www.salzburgerland.com\/de\/magazin\/die-liechtensteinklamm-in-st-johann\/","title":{"rendered":"Die Liechtensteinklamm in St. Johann"},"content":{"rendered":"\n<div class=\"wp-block-slt-top topBlocks\">\n<h2 class=\"wp-block-slt-subtitle\">Das beeindruckende Naturschauspiel im SalzburgerLand wurde neu er\u00f6ffnet<\/h2>\n\n\n\n<p class=\"wp-block-slt-intro\">\u00dcber die Jahrtausende hat sich das Wasser einen Weg durch die Berge gebahnt. Entstanden ist eine der l\u00e4ngsten, tiefsten und beeindruckendsten Schluchten in den Alpen &#8211; die Liechtensteinklamm in St. Johann bei Salzburg. <\/p>\n<\/div>\n\n\n\n<p>Es ist wahrlich ein magischer Ort. Durchschreitet man den Eingang zur Liechtensteinklamm ist man sofort gefesselt. Man h\u00f6rt das Rauschen des Wassers, das Tosen der B\u00e4che. Imposant und beeindruckend ist das Licht-und Schattenspiel in den Tiefen und Engen der Klamm. <\/p>\n\n\n\n<figure class=\"wp-block-image size-large\"><img loading=\"lazy\" decoding=\"async\" width=\"2560\" height=\"1920\" src=\"https:\/\/www.salzburgerland.com\/de\/magazin\/wp-content\/uploads\/2020\/09\/IMG_9257-scaled.jpg\" alt=\"Ein Regenbogen w\u00f6lbt sich \u00fcber einem felsigen Wasserfall, umgeben von \u00fcppigem Gr\u00fcn und Sonnenlicht.\" class=\"wp-image-146410\" srcset=\"https:\/\/www.salzburgerland.com\/de\/magazin\/wp-content\/uploads\/2020\/09\/IMG_9257-scaled.jpg 2560w, https:\/\/www.salzburgerland.com\/de\/magazin\/wp-content\/uploads\/2020\/09\/IMG_9257-300x225.jpg 300w, https:\/\/www.salzburgerland.com\/de\/magazin\/wp-content\/uploads\/2020\/09\/IMG_9257-1536x1152.jpg 1536w, https:\/\/www.salzburgerland.com\/de\/magazin\/wp-content\/uploads\/2020\/09\/IMG_9257-2048x1536.jpg 2048w, https:\/\/www.salzburgerland.com\/de\/magazin\/wp-content\/uploads\/2020\/09\/IMG_9257-733x550.jpg 733w, https:\/\/www.salzburgerland.com\/de\/magazin\/wp-content\/uploads\/2020\/09\/IMG_9257-140x105.jpg 140w, https:\/\/www.salzburgerland.com\/de\/magazin\/wp-content\/uploads\/2020\/09\/IMG_9257-533x400.jpg 533w, https:\/\/www.salzburgerland.com\/de\/magazin\/wp-content\/uploads\/2020\/09\/IMG_9257-960x720.jpg 960w, https:\/\/www.salzburgerland.com\/de\/magazin\/wp-content\/uploads\/2020\/09\/IMG_9257-1320x990.jpg 1320w, https:\/\/www.salzburgerland.com\/de\/magazin\/wp-content\/uploads\/2020\/09\/IMG_9257-853x640.jpg 853w, https:\/\/www.salzburgerland.com\/de\/magazin\/wp-content\/uploads\/2020\/09\/IMG_9257-150x113.jpg 150w, https:\/\/www.salzburgerland.com\/de\/magazin\/wp-content\/uploads\/2020\/09\/IMG_9257-1200x900.jpg 1200w\" sizes=\"auto, (max-width: 2560px) 100vw, 2560px\" \/><\/figure>\n\n\n\n<p>Dieses faszinierende Naturschauspiel begeistert seit vielen Jahren. Bereits \u00fcber 10 Millionen Menschen aus der ganzen Welt haben die Liechtensteinklamm im Salzburger Pongau besucht. Im 19. Jahrhundert wurde die sagenumwobene Schlucht erschlossen und Besuchern zug\u00e4nglich gemacht. Erm\u00f6glicht hat dies F\u00fcrst Johann II von und zu Liechtenstein. Ihm zu Ehren wurde die Klamm &#8222;Liechtenstein-Klamm&#8220; genannt. <\/p>\n\n\n\n<figure class=\"wp-block-image size-large\"><img loading=\"lazy\" decoding=\"async\" width=\"2560\" height=\"1920\" src=\"https:\/\/www.salzburgerland.com\/de\/magazin\/wp-content\/uploads\/2020\/09\/IMG_8476-scaled.jpg\" alt=\"Eine Metalltafel auf einem Felsen in deutscher Sprache, umgeben von gr\u00fcnen Pflanzen im Sonnenlicht.\" class=\"wp-image-146436\" srcset=\"https:\/\/www.salzburgerland.com\/de\/magazin\/wp-content\/uploads\/2020\/09\/IMG_8476-scaled.jpg 2560w, https:\/\/www.salzburgerland.com\/de\/magazin\/wp-content\/uploads\/2020\/09\/IMG_8476-300x225.jpg 300w, https:\/\/www.salzburgerland.com\/de\/magazin\/wp-content\/uploads\/2020\/09\/IMG_8476-1536x1152.jpg 1536w, https:\/\/www.salzburgerland.com\/de\/magazin\/wp-content\/uploads\/2020\/09\/IMG_8476-2048x1536.jpg 2048w, https:\/\/www.salzburgerland.com\/de\/magazin\/wp-content\/uploads\/2020\/09\/IMG_8476-733x550.jpg 733w, https:\/\/www.salzburgerland.com\/de\/magazin\/wp-content\/uploads\/2020\/09\/IMG_8476-140x105.jpg 140w, https:\/\/www.salzburgerland.com\/de\/magazin\/wp-content\/uploads\/2020\/09\/IMG_8476-533x400.jpg 533w, https:\/\/www.salzburgerland.com\/de\/magazin\/wp-content\/uploads\/2020\/09\/IMG_8476-960x720.jpg 960w, https:\/\/www.salzburgerland.com\/de\/magazin\/wp-content\/uploads\/2020\/09\/IMG_8476-1320x990.jpg 1320w, https:\/\/www.salzburgerland.com\/de\/magazin\/wp-content\/uploads\/2020\/09\/IMG_8476-853x640.jpg 853w, https:\/\/www.salzburgerland.com\/de\/magazin\/wp-content\/uploads\/2020\/09\/IMG_8476-150x113.jpg 150w, https:\/\/www.salzburgerland.com\/de\/magazin\/wp-content\/uploads\/2020\/09\/IMG_8476-1200x900.jpg 1200w\" sizes=\"auto, (max-width: 2560px) 100vw, 2560px\" \/><figcaption>Schon seit 1876 fasziniert die Liechtensteinklamm die Besucher. <\/figcaption><\/figure>\n\n\n<div class=\"mag-gallery\"><div class=\"row\"><div class=\"col-6 col-sm-4\"><figure><a class=\"thumb-container\" href=\"https:\/\/www.salzburgerland.com\/de\/magazin\/wp-content\/uploads\/2020\/09\/IMG_0343-1280x1024.jpg\">\t<picture><source media=\"(min-width: 576px)\" srcset=\"https:\/\/www.salzburgerland.com\/de\/magazin\/wp-content\/uploads\/2020\/09\/IMG_0343-325x209.jpg 325w, https:\/\/www.salzburgerland.com\/de\/magazin\/wp-content\/uploads\/2020\/09\/IMG_0343-249x160.jpg 249w\"><\/source><source media=\"(min-width: 0)\" srcset=\"https:\/\/www.salzburgerland.com\/de\/magazin\/wp-content\/uploads\/2020\/09\/IMG_0343-249x160.jpg 249w, https:\/\/www.salzburgerland.com\/de\/magazin\/wp-content\/uploads\/2020\/09\/IMG_0343-325x209.jpg 325w\"><\/source><img decoding=\"async\" alt=\"Die Menschen wandern auf einem Holzpfad entlang einer engen Felsenschlucht, &uuml;ber der das Sonnenlicht und &uuml;ppiges Gr&uuml;n liegt.\" src=\"https:\/\/www.salzburgerland.com\/de\/magazin\/wp-content\/uploads\/2020\/09\/IMG_0343-scaled.jpg\">\t<\/picture><\/a><\/figure><\/div><div class=\"col-6 col-sm-4\"><figure><a class=\"thumb-container\" href=\"https:\/\/www.salzburgerland.com\/de\/magazin\/wp-content\/uploads\/2020\/09\/IMG_0421-1280x1024.jpg\">\t<picture><source media=\"(min-width: 576px)\" srcset=\"https:\/\/www.salzburgerland.com\/de\/magazin\/wp-content\/uploads\/2020\/09\/IMG_0421-325x209.jpg 325w, https:\/\/www.salzburgerland.com\/de\/magazin\/wp-content\/uploads\/2020\/09\/IMG_0421-249x160.jpg 249w\"><\/source><source media=\"(min-width: 0)\" srcset=\"https:\/\/www.salzburgerland.com\/de\/magazin\/wp-content\/uploads\/2020\/09\/IMG_0421-249x160.jpg 249w, https:\/\/www.salzburgerland.com\/de\/magazin\/wp-content\/uploads\/2020\/09\/IMG_0421-325x209.jpg 325w\"><\/source><img decoding=\"async\" alt=\"Ein Fluss flie&szlig;t durch einen Wald, in dem das Sonnenlicht durch die gr&uuml;nen B&auml;ume f&auml;llt.\" src=\"https:\/\/www.salzburgerland.com\/de\/magazin\/wp-content\/uploads\/2020\/09\/IMG_0421-scaled.jpg\">\t<\/picture><\/a><\/figure><\/div><div class=\"col-6 col-sm-4\"><figure><a class=\"thumb-container\" href=\"https:\/\/www.salzburgerland.com\/de\/magazin\/wp-content\/uploads\/2020\/09\/IMG_0864-1280x1024.jpg\">\t<picture><source media=\"(min-width: 576px)\" srcset=\"https:\/\/www.salzburgerland.com\/de\/magazin\/wp-content\/uploads\/2020\/09\/IMG_0864-325x209.jpg 325w, https:\/\/www.salzburgerland.com\/de\/magazin\/wp-content\/uploads\/2020\/09\/IMG_0864-249x160.jpg 249w\"><\/source><source media=\"(min-width: 0)\" srcset=\"https:\/\/www.salzburgerland.com\/de\/magazin\/wp-content\/uploads\/2020\/09\/IMG_0864-249x160.jpg 249w, https:\/\/www.salzburgerland.com\/de\/magazin\/wp-content\/uploads\/2020\/09\/IMG_0864-325x209.jpg 325w\"><\/source><img decoding=\"async\" alt=\"Ein Holzsteg f&uuml;hrt durch eine felsige Schlucht mit &uuml;ppiger Vegetation und einem darunter flie&szlig;enden Fluss.\" src=\"https:\/\/www.salzburgerland.com\/de\/magazin\/wp-content\/uploads\/2020\/09\/IMG_0864-scaled.jpg\">\t<\/picture><\/a><\/figure><\/div><\/div><figcaption><\/figcaption><\/div>\n\n\n\n<h2 class=\"wp-block-heading\" id=\"h-neue-attraktion-die-helix-wendeltreppe\">Neue Attraktion: Die Helix-Wendeltreppe<\/h2>\n\n\n\n<p>Nach einer umfangreichen Sanierung der Anlage wurde die Liechtensteinklamm im Juni 2020 wieder neu er\u00f6ffnete. Ein besonderes Highlight ist eine spiralf\u00f6rmige Treppe aus Corten-Stahl. Rund 30 Meter ragt die Helix in die Tiefe und \u00fcber 367 Treppen gelangt man bis ins Innere der Schlucht. <\/p>\n\n\n\n<figure class=\"wp-block-image size-large\"><img decoding=\"async\" src=\"https:\/\/www.salzburgerland.com\/de\/magazin\/wp-content\/uploads\/2020\/09\/IMG_2604-scaled.jpg\" alt=\"Die Menschen gehen auf einer Wendeltreppe, die in eine felsige Schlucht oberhalb eines flie\u00dfenden Flusses gebaut wurde.\" class=\"wp-image-146437\"\/><\/figure>\n\n\n\n<h2 class=\"wp-block-heading\" id=\"h-tipp-salzburgerland-card\">Tipp: SalzburgerLand Card<\/h2>\n\n\n\n<p>Mit der SalzburgerLand Card sparen Sie sich die Wartezeit an der Kasse und k\u00f6nnen direkt durch das Drehkreuz am Eingang gehen. Alle Leistungen und Preise der SalzburgerLand Card k\u00f6nnen Sie hier entdecken: <a href=\"https:\/\/www.salzburgerland.com\/de\/salzburgerland-card\/\">SalzburgerLand Card<\/a><\/p>\n\n\n<div class=\"mag-gallery\"><div class=\"row\"><div class=\"col-6 col-sm-4\"><figure><a class=\"thumb-container\" href=\"https:\/\/www.salzburgerland.com\/de\/magazin\/wp-content\/uploads\/2020\/09\/IMG_4655-1280x1024.jpg\">\t<picture><source media=\"(min-width: 576px)\" srcset=\"https:\/\/www.salzburgerland.com\/de\/magazin\/wp-content\/uploads\/2020\/09\/IMG_4655-325x209.jpg 325w, https:\/\/www.salzburgerland.com\/de\/magazin\/wp-content\/uploads\/2020\/09\/IMG_4655-249x160.jpg 249w\"><\/source><source media=\"(min-width: 0)\" srcset=\"https:\/\/www.salzburgerland.com\/de\/magazin\/wp-content\/uploads\/2020\/09\/IMG_4655-249x160.jpg 249w, https:\/\/www.salzburgerland.com\/de\/magazin\/wp-content\/uploads\/2020\/09\/IMG_4655-325x209.jpg 325w\"><\/source><img decoding=\"async\" alt=\"Eine Person &uuml;berquert einen geschwungenen Steg &uuml;ber eine felsige Schlucht, mit B&auml;umen und Klippen im Hintergrund.\" src=\"https:\/\/www.salzburgerland.com\/de\/magazin\/wp-content\/uploads\/2020\/09\/IMG_4655-scaled.jpg\">\t<\/picture><\/a><\/figure><\/div><div class=\"col-6 col-sm-4\"><figure><a class=\"thumb-container\" href=\"https:\/\/www.salzburgerland.com\/de\/magazin\/wp-content\/uploads\/2020\/09\/IMG_5947-1280x1024.jpg\">\t<picture><source media=\"(min-width: 576px)\" srcset=\"https:\/\/www.salzburgerland.com\/de\/magazin\/wp-content\/uploads\/2020\/09\/IMG_5947-325x209.jpg 325w, https:\/\/www.salzburgerland.com\/de\/magazin\/wp-content\/uploads\/2020\/09\/IMG_5947-249x160.jpg 249w\"><\/source><source media=\"(min-width: 0)\" srcset=\"https:\/\/www.salzburgerland.com\/de\/magazin\/wp-content\/uploads\/2020\/09\/IMG_5947-249x160.jpg 249w, https:\/\/www.salzburgerland.com\/de\/magazin\/wp-content\/uploads\/2020\/09\/IMG_5947-325x209.jpg 325w\"><\/source><img decoding=\"async\" alt=\"Blick von oben auf eine enge Felsenschlucht mit strudelndem Wasser, Treppen und einem Holzsteg, der daneben hinabf&uuml;hrt.\" src=\"https:\/\/www.salzburgerland.com\/de\/magazin\/wp-content\/uploads\/2020\/09\/IMG_5947-scaled.jpg\">\t<\/picture><\/a><\/figure><\/div><div class=\"col-6 col-sm-4\"><figure><a class=\"thumb-container\" href=\"https:\/\/www.salzburgerland.com\/de\/magazin\/wp-content\/uploads\/2020\/09\/IMG_0072-1280x1024.jpg\">\t<picture><source media=\"(min-width: 576px)\" srcset=\"https:\/\/www.salzburgerland.com\/de\/magazin\/wp-content\/uploads\/2020\/09\/IMG_0072-325x209.jpg 325w, https:\/\/www.salzburgerland.com\/de\/magazin\/wp-content\/uploads\/2020\/09\/IMG_0072-249x160.jpg 249w\"><\/source><source media=\"(min-width: 0)\" srcset=\"https:\/\/www.salzburgerland.com\/de\/magazin\/wp-content\/uploads\/2020\/09\/IMG_0072-249x160.jpg 249w, https:\/\/www.salzburgerland.com\/de\/magazin\/wp-content\/uploads\/2020\/09\/IMG_0072-325x209.jpg 325w\"><\/source><img decoding=\"async\" alt=\"Eine Wendeltreppe windet sich durch felsige Klippen, w&auml;hrend die Menschen die Stufen hinauf- und hinuntergehen.\" src=\"https:\/\/www.salzburgerland.com\/de\/magazin\/wp-content\/uploads\/2020\/09\/IMG_0072-scaled.jpg\">\t<\/picture><\/a><\/figure><\/div><\/div><figcaption><\/figcaption><\/div>\n\n\n\n<p>Fotos: Anke Eder<\/p>\n","protected":false},"excerpt":{"rendered":"<p>Es ist wahrlich ein magischer Ort. Durchschreitet man den Eingang zur Liechtensteinklamm ist man sofort gefesselt. Man h\u00f6rt das Rauschen des Wassers, das Tosen der B\u00e4che. Imposant und beeindruckend ist das Licht-und Schattenspiel in den Tiefen und Engen der Klamm. Dieses faszinierende Naturschauspiel begeistert seit vielen Jahren. Bereits \u00fcber 10 Millionen Menschen aus der ganzen [&hellip;]<\/p>\n","protected":false},"author":533,"featured_media":146437,"comment_status":"open","ping_status":"closed","sticky":false,"template":"","format":"standard","meta":{"_acf_changed":false,"wl_entities_gutenberg":"","_wl_entity_redirect_enabled":"","footnotes":""},"categories":[9],"tags":[6709],"wl_entity_type":[306],"monatsauswahl":[],"class_list":["post-146406","post","type-post","status-publish","format-standard","has-post-thumbnail","hentry","category-sehenswurdig","tag-salzburgerland-card","wl_entity_type-article"],"acf":[],"yoast_head":"<!-- This site is optimized with the Yoast SEO Premium plugin v27.4 (Yoast SEO v27.4) - https:\/\/yoast.com\/product\/yoast-seo-premium-wordpress\/ -->\n<title>Die Liechtensteinklamm in St. Johann - SalzburgerLand Magazin<\/title>\n<meta name=\"robots\" content=\"index, follow, max-snippet:-1, max-image-preview:large, max-video-preview:-1\" \/>\n<link rel=\"canonical\" href=\"https:\/\/www.salzburgerland.com\/de\/magazin\/die-liechtensteinklamm-in-st-johann\/\" \/>\n<meta property=\"og:locale\" content=\"de_DE\" \/>\n<meta property=\"og:type\" content=\"article\" \/>\n<meta property=\"og:title\" content=\"Die Liechtensteinklamm in St. Johann\" \/>\n<meta property=\"og:description\" content=\"Es ist wahrlich ein magischer Ort. Durchschreitet man den Eingang zur Liechtensteinklamm ist man sofort gefesselt. Man h\u00f6rt das Rauschen des Wassers, das Tosen der B\u00e4che. Imposant und beeindruckend ist das Licht-und Schattenspiel in den Tiefen und Engen der Klamm. Dieses faszinierende Naturschauspiel begeistert seit vielen Jahren. Bereits \u00fcber 10 Millionen Menschen aus der ganzen [&hellip;]\" \/>\n<meta property=\"og:url\" content=\"https:\/\/www.salzburgerland.com\/de\/magazin\/die-liechtensteinklamm-in-st-johann\/\" \/>\n<meta property=\"og:site_name\" content=\"SalzburgerLand Magazin\" \/>\n<meta property=\"article:publisher\" content=\"https:\/\/www.facebook.com\/salzburgerland\/\" \/>\n<meta property=\"article:published_time\" content=\"2020-09-22T08:33:44+00:00\" \/>\n<meta property=\"article:modified_time\" content=\"2021-03-23T10:37:12+00:00\" \/>\n<meta property=\"og:image\" content=\"https:\/\/www.salzburgerland.com\/de\/magazin\/wp-content\/uploads\/2020\/09\/IMG_2604-scaled-e1600758723509.jpg\" \/>\n\t<meta property=\"og:image:width\" content=\"2534\" \/>\n\t<meta property=\"og:image:height\" content=\"1024\" \/>\n\t<meta property=\"og:image:type\" content=\"image\/jpeg\" \/>\n<meta name=\"author\" content=\"Anke Eder\" \/>\n<meta name=\"twitter:card\" content=\"summary_large_image\" \/>\n<meta name=\"twitter:creator\" content=\"@Salzburgerland\" \/>\n<meta name=\"twitter:site\" content=\"@Salzburgerland\" \/>\n<meta name=\"twitter:label1\" content=\"Verfasst von\" \/>\n\t<meta name=\"twitter:data1\" content=\"Anke Eder\" \/>\n\t<meta name=\"twitter:label2\" content=\"Gesch\u00e4tzte Lesezeit\" \/>\n\t<meta name=\"twitter:data2\" content=\"3\u00a0Minuten\" \/>\n<script type=\"application\/ld+json\" class=\"yoast-schema-graph\">{\"@context\":\"https:\\\/\\\/schema.org\",\"@graph\":[{\"@type\":\"Article\",\"@id\":\"https:\\\/\\\/www.salzburgerland.com\\\/de\\\/magazin\\\/die-liechtensteinklamm-in-st-johann\\\/#article\",\"isPartOf\":{\"@id\":\"https:\\\/\\\/www.salzburgerland.com\\\/de\\\/magazin\\\/die-liechtensteinklamm-in-st-johann\\\/\"},\"author\":{\"name\":\"Anke Eder\",\"@id\":\"https:\\\/\\\/www.salzburgerland.com\\\/de\\\/magazin\\\/#\\\/schema\\\/person\\\/b4c7972a94a135bc63fe8c2dd626a26e\"},\"headline\":\"Die Liechtensteinklamm in St. Johann\",\"datePublished\":\"2020-09-22T08:33:44+00:00\",\"dateModified\":\"2021-03-23T10:37:12+00:00\",\"mainEntityOfPage\":{\"@id\":\"https:\\\/\\\/www.salzburgerland.com\\\/de\\\/magazin\\\/die-liechtensteinklamm-in-st-johann\\\/\"},\"wordCount\":240,\"commentCount\":0,\"publisher\":{\"@id\":\"https:\\\/\\\/www.salzburgerland.com\\\/de\\\/magazin\\\/#organization\"},\"image\":{\"@id\":\"https:\\\/\\\/www.salzburgerland.com\\\/de\\\/magazin\\\/die-liechtensteinklamm-in-st-johann\\\/#primaryimage\"},\"thumbnailUrl\":\"https:\\\/\\\/www.salzburgerland.com\\\/de\\\/magazin\\\/wp-content\\\/uploads\\\/2020\\\/09\\\/IMG_2604-scaled.jpg\",\"keywords\":[\"SalzburgerLand Card\"],\"articleSection\":[\"Sehensw\u00fcrdig\"],\"inLanguage\":\"de\",\"potentialAction\":[{\"@type\":\"CommentAction\",\"name\":\"Comment\",\"target\":[\"https:\\\/\\\/www.salzburgerland.com\\\/de\\\/magazin\\\/die-liechtensteinklamm-in-st-johann\\\/#respond\"]}]},{\"@type\":\"WebPage\",\"@id\":\"https:\\\/\\\/www.salzburgerland.com\\\/de\\\/magazin\\\/die-liechtensteinklamm-in-st-johann\\\/\",\"url\":\"https:\\\/\\\/www.salzburgerland.com\\\/de\\\/magazin\\\/die-liechtensteinklamm-in-st-johann\\\/\",\"name\":\"Die Liechtensteinklamm in St. Johann - SalzburgerLand Magazin\",\"isPartOf\":{\"@id\":\"https:\\\/\\\/www.salzburgerland.com\\\/de\\\/magazin\\\/#website\"},\"primaryImageOfPage\":{\"@id\":\"https:\\\/\\\/www.salzburgerland.com\\\/de\\\/magazin\\\/die-liechtensteinklamm-in-st-johann\\\/#primaryimage\"},\"image\":{\"@id\":\"https:\\\/\\\/www.salzburgerland.com\\\/de\\\/magazin\\\/die-liechtensteinklamm-in-st-johann\\\/#primaryimage\"},\"thumbnailUrl\":\"https:\\\/\\\/www.salzburgerland.com\\\/de\\\/magazin\\\/wp-content\\\/uploads\\\/2020\\\/09\\\/IMG_2604-scaled.jpg\",\"datePublished\":\"2020-09-22T08:33:44+00:00\",\"dateModified\":\"2021-03-23T10:37:12+00:00\",\"breadcrumb\":{\"@id\":\"https:\\\/\\\/www.salzburgerland.com\\\/de\\\/magazin\\\/die-liechtensteinklamm-in-st-johann\\\/#breadcrumb\"},\"inLanguage\":\"de\",\"potentialAction\":[{\"@type\":\"ReadAction\",\"target\":[\"https:\\\/\\\/www.salzburgerland.com\\\/de\\\/magazin\\\/die-liechtensteinklamm-in-st-johann\\\/\"]}]},{\"@type\":\"ImageObject\",\"inLanguage\":\"de\",\"@id\":\"https:\\\/\\\/www.salzburgerland.com\\\/de\\\/magazin\\\/die-liechtensteinklamm-in-st-johann\\\/#primaryimage\",\"url\":\"https:\\\/\\\/www.salzburgerland.com\\\/de\\\/magazin\\\/wp-content\\\/uploads\\\/2020\\\/09\\\/IMG_2604-scaled.jpg\",\"contentUrl\":\"https:\\\/\\\/www.salzburgerland.com\\\/de\\\/magazin\\\/wp-content\\\/uploads\\\/2020\\\/09\\\/IMG_2604-scaled.jpg\",\"width\":2534,\"height\":1024,\"caption\":\"Die Menschen gehen auf einer Wendeltreppe, die in eine felsige Schlucht oberhalb eines flie\u00dfenden Flusses gebaut wurde.\"},{\"@type\":\"BreadcrumbList\",\"@id\":\"https:\\\/\\\/www.salzburgerland.com\\\/de\\\/magazin\\\/die-liechtensteinklamm-in-st-johann\\\/#breadcrumb\",\"itemListElement\":[{\"@type\":\"ListItem\",\"position\":1,\"name\":\"Startseite\",\"item\":\"https:\\\/\\\/www.salzburgerland.com\\\/de\\\/magazin\\\/\"},{\"@type\":\"ListItem\",\"position\":2,\"name\":\"Sehensw\u00fcrdig\",\"item\":\"https:\\\/\\\/www.salzburgerland.com\\\/de\\\/magazin\\\/thema\\\/sehenswurdig\\\/\"},{\"@type\":\"ListItem\",\"position\":3,\"name\":\"Die Liechtensteinklamm in St. Johann\"}]},{\"@type\":\"WebSite\",\"@id\":\"https:\\\/\\\/www.salzburgerland.com\\\/de\\\/magazin\\\/#website\",\"url\":\"https:\\\/\\\/www.salzburgerland.com\\\/de\\\/magazin\\\/\",\"name\":\"SalzburgerLand Magazin\",\"description\":\"Geschichten und Interessantes aus dem SalzburgerLand\",\"publisher\":{\"@id\":\"https:\\\/\\\/www.salzburgerland.com\\\/de\\\/magazin\\\/#organization\"},\"potentialAction\":[{\"@type\":\"SearchAction\",\"target\":{\"@type\":\"EntryPoint\",\"urlTemplate\":\"https:\\\/\\\/www.salzburgerland.com\\\/de\\\/magazin\\\/?s={search_term_string}\"},\"query-input\":{\"@type\":\"PropertyValueSpecification\",\"valueRequired\":true,\"valueName\":\"search_term_string\"}}],\"inLanguage\":\"de\"},{\"@type\":\"Organization\",\"@id\":\"https:\\\/\\\/www.salzburgerland.com\\\/de\\\/magazin\\\/#organization\",\"name\":\"SalzburgerLand Tourismus\",\"url\":\"https:\\\/\\\/www.salzburgerland.com\\\/de\\\/magazin\\\/\",\"logo\":{\"@type\":\"ImageObject\",\"inLanguage\":\"de\",\"@id\":\"https:\\\/\\\/www.salzburgerland.com\\\/de\\\/magazin\\\/#\\\/schema\\\/logo\\\/image\\\/\",\"url\":\"https:\\\/\\\/www.salzburgerland.com\\\/de\\\/magazin\\\/wp-content\\\/uploads\\\/2019\\\/06\\\/salzburgerland-logo1.jpg\",\"contentUrl\":\"https:\\\/\\\/www.salzburgerland.com\\\/de\\\/magazin\\\/wp-content\\\/uploads\\\/2019\\\/06\\\/salzburgerland-logo1.jpg\",\"width\":2011,\"height\":866,\"caption\":\"SalzburgerLand Tourismus\"},\"image\":{\"@id\":\"https:\\\/\\\/www.salzburgerland.com\\\/de\\\/magazin\\\/#\\\/schema\\\/logo\\\/image\\\/\"},\"sameAs\":[\"https:\\\/\\\/www.facebook.com\\\/salzburgerland\\\/\",\"https:\\\/\\\/x.com\\\/Salzburgerland\",\"https:\\\/\\\/www.instagram.com\\\/salzburgerland\\\/\",\"https:\\\/\\\/at.linkedin.com\\\/company\\\/salzburgerland-tourismus-gmbh\",\"https:\\\/\\\/www.pinterest.at\\\/salzburgerland\\\/\",\"https:\\\/\\\/www.youtube.com\\\/user\\\/salzburgerland\",\"https:\\\/\\\/de.wikipedia.org\\\/wiki\\\/SalzburgerLand_Tourismus_GmbH\"]},{\"@type\":\"Person\",\"@id\":\"https:\\\/\\\/www.salzburgerland.com\\\/de\\\/magazin\\\/#\\\/schema\\\/person\\\/b4c7972a94a135bc63fe8c2dd626a26e\",\"name\":\"Anke Eder\",\"description\":\"Anke Eder hat in Salzburg Kommunikationswissenschaft studiert, lebt mit ihrer Familie im wundersch\u00f6nen Salzburger Flachgau und arbeitet als freiberufliche Autorin f\u00fcr das SalzburgerLand Magazin. Ihre Leidenschaft sind selbst gemachte Gerichte mit besten Zutaten aus der Region oder dem eigenen Garten. Als diplomierte Ern\u00e4hrungstrainerin, diplomierte Kr\u00e4uterp\u00e4dagogin und TEH-Praktikerin wei\u00df sie um die Vorz\u00fcge von selbst gemachten Gerichten, schreibt dar\u00fcber und fotografiert was sie f\u00fcr ihre Familie kocht. In ihrer Freizeit ist Anke am liebsten in den Bergen unterwegs - mit dem Rennrad oder den Wanderschuhen. F\u00fcr das SalzburgerLand Magazin entdeckt sie die sch\u00f6nsten Spots in Salzburgs.\u00a0\",\"url\":\"https:\\\/\\\/www.salzburgerland.com\\\/de\\\/magazin\\\/author\\\/anke-eder\\\/\"}]}<\/script>\n<!-- \/ Yoast SEO Premium plugin. -->","yoast_head_json":{"title":"Die Liechtensteinklamm in St. Johann - SalzburgerLand Magazin","robots":{"index":"index","follow":"follow","max-snippet":"max-snippet:-1","max-image-preview":"max-image-preview:large","max-video-preview":"max-video-preview:-1"},"canonical":"https:\/\/www.salzburgerland.com\/de\/magazin\/die-liechtensteinklamm-in-st-johann\/","og_locale":"de_DE","og_type":"article","og_title":"Die Liechtensteinklamm in St. Johann","og_description":"Es ist wahrlich ein magischer Ort. Durchschreitet man den Eingang zur Liechtensteinklamm ist man sofort gefesselt. Man h\u00f6rt das Rauschen des Wassers, das Tosen der B\u00e4che. Imposant und beeindruckend ist das Licht-und Schattenspiel in den Tiefen und Engen der Klamm. Dieses faszinierende Naturschauspiel begeistert seit vielen Jahren. Bereits \u00fcber 10 Millionen Menschen aus der ganzen [&hellip;]","og_url":"https:\/\/www.salzburgerland.com\/de\/magazin\/die-liechtensteinklamm-in-st-johann\/","og_site_name":"SalzburgerLand Magazin","article_publisher":"https:\/\/www.facebook.com\/salzburgerland\/","article_published_time":"2020-09-22T08:33:44+00:00","article_modified_time":"2021-03-23T10:37:12+00:00","og_image":[{"width":2534,"height":1024,"url":"https:\/\/www.salzburgerland.com\/de\/magazin\/wp-content\/uploads\/2020\/09\/IMG_2604-scaled-e1600758723509.jpg","type":"image\/jpeg"}],"author":"Anke Eder","twitter_card":"summary_large_image","twitter_creator":"@Salzburgerland","twitter_site":"@Salzburgerland","twitter_misc":{"Verfasst von":"Anke Eder","Gesch\u00e4tzte Lesezeit":"3\u00a0Minuten"},"schema":{"@context":"https:\/\/schema.org","@graph":[{"@type":"Article","@id":"https:\/\/www.salzburgerland.com\/de\/magazin\/die-liechtensteinklamm-in-st-johann\/#article","isPartOf":{"@id":"https:\/\/www.salzburgerland.com\/de\/magazin\/die-liechtensteinklamm-in-st-johann\/"},"author":{"name":"Anke Eder","@id":"https:\/\/www.salzburgerland.com\/de\/magazin\/#\/schema\/person\/b4c7972a94a135bc63fe8c2dd626a26e"},"headline":"Die Liechtensteinklamm in St. Johann","datePublished":"2020-09-22T08:33:44+00:00","dateModified":"2021-03-23T10:37:12+00:00","mainEntityOfPage":{"@id":"https:\/\/www.salzburgerland.com\/de\/magazin\/die-liechtensteinklamm-in-st-johann\/"},"wordCount":240,"commentCount":0,"publisher":{"@id":"https:\/\/www.salzburgerland.com\/de\/magazin\/#organization"},"image":{"@id":"https:\/\/www.salzburgerland.com\/de\/magazin\/die-liechtensteinklamm-in-st-johann\/#primaryimage"},"thumbnailUrl":"https:\/\/www.salzburgerland.com\/de\/magazin\/wp-content\/uploads\/2020\/09\/IMG_2604-scaled.jpg","keywords":["SalzburgerLand Card"],"articleSection":["Sehensw\u00fcrdig"],"inLanguage":"de","potentialAction":[{"@type":"CommentAction","name":"Comment","target":["https:\/\/www.salzburgerland.com\/de\/magazin\/die-liechtensteinklamm-in-st-johann\/#respond"]}]},{"@type":"WebPage","@id":"https:\/\/www.salzburgerland.com\/de\/magazin\/die-liechtensteinklamm-in-st-johann\/","url":"https:\/\/www.salzburgerland.com\/de\/magazin\/die-liechtensteinklamm-in-st-johann\/","name":"Die Liechtensteinklamm in St. Johann - SalzburgerLand Magazin","isPartOf":{"@id":"https:\/\/www.salzburgerland.com\/de\/magazin\/#website"},"primaryImageOfPage":{"@id":"https:\/\/www.salzburgerland.com\/de\/magazin\/die-liechtensteinklamm-in-st-johann\/#primaryimage"},"image":{"@id":"https:\/\/www.salzburgerland.com\/de\/magazin\/die-liechtensteinklamm-in-st-johann\/#primaryimage"},"thumbnailUrl":"https:\/\/www.salzburgerland.com\/de\/magazin\/wp-content\/uploads\/2020\/09\/IMG_2604-scaled.jpg","datePublished":"2020-09-22T08:33:44+00:00","dateModified":"2021-03-23T10:37:12+00:00","breadcrumb":{"@id":"https:\/\/www.salzburgerland.com\/de\/magazin\/die-liechtensteinklamm-in-st-johann\/#breadcrumb"},"inLanguage":"de","potentialAction":[{"@type":"ReadAction","target":["https:\/\/www.salzburgerland.com\/de\/magazin\/die-liechtensteinklamm-in-st-johann\/"]}]},{"@type":"ImageObject","inLanguage":"de","@id":"https:\/\/www.salzburgerland.com\/de\/magazin\/die-liechtensteinklamm-in-st-johann\/#primaryimage","url":"https:\/\/www.salzburgerland.com\/de\/magazin\/wp-content\/uploads\/2020\/09\/IMG_2604-scaled.jpg","contentUrl":"https:\/\/www.salzburgerland.com\/de\/magazin\/wp-content\/uploads\/2020\/09\/IMG_2604-scaled.jpg","width":2534,"height":1024,"caption":"Die Menschen gehen auf einer Wendeltreppe, die in eine felsige Schlucht oberhalb eines flie\u00dfenden Flusses gebaut wurde."},{"@type":"BreadcrumbList","@id":"https:\/\/www.salzburgerland.com\/de\/magazin\/die-liechtensteinklamm-in-st-johann\/#breadcrumb","itemListElement":[{"@type":"ListItem","position":1,"name":"Startseite","item":"https:\/\/www.salzburgerland.com\/de\/magazin\/"},{"@type":"ListItem","position":2,"name":"Sehensw\u00fcrdig","item":"https:\/\/www.salzburgerland.com\/de\/magazin\/thema\/sehenswurdig\/"},{"@type":"ListItem","position":3,"name":"Die Liechtensteinklamm in St. Johann"}]},{"@type":"WebSite","@id":"https:\/\/www.salzburgerland.com\/de\/magazin\/#website","url":"https:\/\/www.salzburgerland.com\/de\/magazin\/","name":"SalzburgerLand Magazin","description":"Geschichten und Interessantes aus dem SalzburgerLand","publisher":{"@id":"https:\/\/www.salzburgerland.com\/de\/magazin\/#organization"},"potentialAction":[{"@type":"SearchAction","target":{"@type":"EntryPoint","urlTemplate":"https:\/\/www.salzburgerland.com\/de\/magazin\/?s={search_term_string}"},"query-input":{"@type":"PropertyValueSpecification","valueRequired":true,"valueName":"search_term_string"}}],"inLanguage":"de"},{"@type":"Organization","@id":"https:\/\/www.salzburgerland.com\/de\/magazin\/#organization","name":"SalzburgerLand Tourismus","url":"https:\/\/www.salzburgerland.com\/de\/magazin\/","logo":{"@type":"ImageObject","inLanguage":"de","@id":"https:\/\/www.salzburgerland.com\/de\/magazin\/#\/schema\/logo\/image\/","url":"https:\/\/www.salzburgerland.com\/de\/magazin\/wp-content\/uploads\/2019\/06\/salzburgerland-logo1.jpg","contentUrl":"https:\/\/www.salzburgerland.com\/de\/magazin\/wp-content\/uploads\/2019\/06\/salzburgerland-logo1.jpg","width":2011,"height":866,"caption":"SalzburgerLand Tourismus"},"image":{"@id":"https:\/\/www.salzburgerland.com\/de\/magazin\/#\/schema\/logo\/image\/"},"sameAs":["https:\/\/www.facebook.com\/salzburgerland\/","https:\/\/x.com\/Salzburgerland","https:\/\/www.instagram.com\/salzburgerland\/","https:\/\/at.linkedin.com\/company\/salzburgerland-tourismus-gmbh","https:\/\/www.pinterest.at\/salzburgerland\/","https:\/\/www.youtube.com\/user\/salzburgerland","https:\/\/de.wikipedia.org\/wiki\/SalzburgerLand_Tourismus_GmbH"]},{"@type":"Person","@id":"https:\/\/www.salzburgerland.com\/de\/magazin\/#\/schema\/person\/b4c7972a94a135bc63fe8c2dd626a26e","name":"Anke Eder","description":"Anke Eder hat in Salzburg Kommunikationswissenschaft studiert, lebt mit ihrer Familie im wundersch\u00f6nen Salzburger Flachgau und arbeitet als freiberufliche Autorin f\u00fcr das SalzburgerLand Magazin. Ihre Leidenschaft sind selbst gemachte Gerichte mit besten Zutaten aus der Region oder dem eigenen Garten. Als diplomierte Ern\u00e4hrungstrainerin, diplomierte Kr\u00e4uterp\u00e4dagogin und TEH-Praktikerin wei\u00df sie um die Vorz\u00fcge von selbst gemachten Gerichten, schreibt dar\u00fcber und fotografiert was sie f\u00fcr ihre Familie kocht. In ihrer Freizeit ist Anke am liebsten in den Bergen unterwegs - mit dem Rennrad oder den Wanderschuhen. F\u00fcr das SalzburgerLand Magazin entdeckt sie die sch\u00f6nsten Spots in Salzburgs.\u00a0","url":"https:\/\/www.salzburgerland.com\/de\/magazin\/author\/anke-eder\/"}]}},"_wl_alt_label":[],"wl:entity_url":"http:\/\/open.salzburgerland.com\/magazin\/post\/id\/146406","_links":{"self":[{"href":"https:\/\/www.salzburgerland.com\/de\/magazin\/wp-json\/wp\/v2\/posts\/146406","targetHints":{"allow":["GET"]}}],"collection":[{"href":"https:\/\/www.salzburgerland.com\/de\/magazin\/wp-json\/wp\/v2\/posts"}],"about":[{"href":"https:\/\/www.salzburgerland.com\/de\/magazin\/wp-json\/wp\/v2\/types\/post"}],"author":[{"embeddable":true,"href":"https:\/\/www.salzburgerland.com\/de\/magazin\/wp-json\/wp\/v2\/users\/533"}],"replies":[{"embeddable":true,"href":"https:\/\/www.salzburgerland.com\/de\/magazin\/wp-json\/wp\/v2\/comments?post=146406"}],"version-history":[{"count":5,"href":"https:\/\/www.salzburgerland.com\/de\/magazin\/wp-json\/wp\/v2\/posts\/146406\/revisions"}],"predecessor-version":[{"id":151349,"href":"https:\/\/www.salzburgerland.com\/de\/magazin\/wp-json\/wp\/v2\/posts\/146406\/revisions\/151349"}],"wp:featuredmedia":[{"embeddable":true,"href":"https:\/\/www.salzburgerland.com\/de\/magazin\/wp-json\/wp\/v2\/media\/146437"}],"wp:attachment":[{"href":"https:\/\/www.salzburgerland.com\/de\/magazin\/wp-json\/wp\/v2\/media?parent=146406"}],"wp:term":[{"taxonomy":"category","embeddable":true,"href":"https:\/\/www.salzburgerland.com\/de\/magazin\/wp-json\/wp\/v2\/categories?post=146406"},{"taxonomy":"post_tag","embeddable":true,"href":"https:\/\/www.salzburgerland.com\/de\/magazin\/wp-json\/wp\/v2\/tags?post=146406"},{"taxonomy":"wl_entity_type","embeddable":true,"href":"https:\/\/www.salzburgerland.com\/de\/magazin\/wp-json\/wp\/v2\/wl_entity_type?post=146406"},{"taxonomy":"monatsauswahl","embeddable":true,"href":"https:\/\/www.salzburgerland.com\/de\/magazin\/wp-json\/wp\/v2\/monatsauswahl?post=146406"}],"curies":[{"name":"wp","href":"https:\/\/api.w.org\/{rel}","templated":true}]}}