{"id":146319,"date":"2020-09-16T08:20:25","date_gmt":"2020-09-16T06:20:25","guid":{"rendered":"https:\/\/www.salzburgerland.com\/de\/magazin\/?p=146319"},"modified":"2023-06-21T16:00:02","modified_gmt":"2023-06-21T14:00:02","slug":"pflanz-dir-einen-apfelbaum","status":"publish","type":"post","link":"https:\/\/www.salzburgerland.com\/de\/magazin\/pflanz-dir-einen-apfelbaum\/","title":{"rendered":"Pflanz dir einen Apfelbaum"},"content":{"rendered":"\n<div class=\"wp-block-slt-top topBlocks\">\n<h2 class=\"wp-block-slt-subtitle\">25 Jahre Salzburger Bauernherbst.<\/h2>\n\n\n\n<p class=\"wp-block-slt-intro\">In diesem ohnehin schon besonderen Jahr 2020 feiert der Bauernherbst ein besonderes Jubil\u00e4um. 25 Jahre ist es her, dass zum ersten Mal im SalzburgerLand die f\u00fcnfte Jahreszeit eingel\u00e4utet wurde. Und das sollte mit einer ganz besonderen Aktion gefeiert werden.<\/p>\n<\/div>\n\n\n\n<p>Jedes Jahr kommen im Herbst zahlreiche Menschen ins SalzburgerLand, um gemeinsam die reiche Ernte und den Abschluss des Sommers zu feiern. Da wird aufgetischt, was die Regionen zu bieten haben, da wird gemeinsam gefeiert, gesungen und musiziert. Doch heuer ist irgendwie alles anders. Statt gro\u00dfer Feste wird im kleineren Kreis gefeiert, was durchaus auch seine Reize hat. Gem\u00e4\u00df dem heurigen Schwerpunkt &#8222;Traditionelles Handwerk&#8220;, kann man im Rahmen von Workshops, Kursen und gef\u00fchrten Wanderungen den Bauernherbst erleben.  Doch so ganz wollte man auf die traditionelle Er\u00f6ffnung des Bauernherbstes in den einzelnen Orten dann doch nicht verzichten und so entstand eine ganz besondere Idee.<\/p>\n\n\n\n<h2 class=\"wp-block-heading\" id=\"h-ein-bauernherbst-baumchen-pflanzen\"><strong>Ein Bauernherbst-B\u00e4umchen pflanzen<\/strong><\/h2>\n\n\n\n<p>Seit nunmehr 25 Jahren ist der Bauernherbst eine fixer Bestandteil im SalzburgerLand und mittlerweile in nahezu allen Gemeinden&nbsp;fest verwurzelt. Es ist dieses Gef\u00fchl der Zusammengeh\u00f6rigkeit, die diese Zeit zu etwas Besonderem werden l\u00e4sst. Und genau das wollte man mit der Aktion \u201eEin Bauernherbst-B\u00e4umchen pflanzen\u201c verdeutlichen. So schl\u00e4gt nun in jedem Bauernherbst-Ort ein Bauernherbst-B\u00e4umchen seine Wurzeln und darf wachsen und gedeihen. Mit viel Liebe wurden die B\u00e4ume gepflanzt, auf Dorfpl\u00e4tzen, vor Schulen und Kinderg\u00e4rten, vor Kirchen und in Parks. Das lie\u00dfen sich mancherorts auch B\u00fcrgermeister, Amtsleiter und Obfrauen und Obm\u00e4nner von Tourismusverb\u00e4nden nicht entgehen. Und so wurde hi und da aus der Baum-Pflanzaktion ein richtiges, kleines Ereignis.<\/p>\n\n\n<div class=\"mag-gallery\"><div class=\"row\"><div class=\"col-6 col-sm-4\"><figure><a class=\"thumb-container\" href=\"https:\/\/www.salzburgerland.com\/de\/magazin\/wp-content\/uploads\/2020\/09\/%C2%A9-Wagrain-Kleinarl-Tourismus.-Im-Bild-Rupert-Schartner.-Standord-Kleinarl.-1280x1024.jpeg\">\t<picture><source media=\"(min-width: 576px)\" srcset=\"\"><\/source><source media=\"(min-width: 0)\" srcset=\"https:\/\/www.salzburgerland.com\/de\/magazin\/wp-content\/uploads\/2020\/09\/&copy;-Wagrain-Kleinarl-Tourismus.-Im-Bild-Rupert-Schartner.-Standord-Kleinarl..jpeg 972w, https:\/\/www.salzburgerland.com\/de\/magazin\/wp-content\/uploads\/2020\/09\/&copy;-Wagrain-Kleinarl-Tourismus.-Im-Bild-Rupert-Schartner.-Standord-Kleinarl.-225x300.jpeg 225w, https:\/\/www.salzburgerland.com\/de\/magazin\/wp-content\/uploads\/2020\/09\/&copy;-Wagrain-Kleinarl-Tourismus.-Im-Bild-Rupert-Schartner.-Standord-Kleinarl.-413x550.jpeg 413w, https:\/\/www.salzburgerland.com\/de\/magazin\/wp-content\/uploads\/2020\/09\/&copy;-Wagrain-Kleinarl-Tourismus.-Im-Bild-Rupert-Schartner.-Standord-Kleinarl.-300x400.jpeg 300w, https:\/\/www.salzburgerland.com\/de\/magazin\/wp-content\/uploads\/2020\/09\/&copy;-Wagrain-Kleinarl-Tourismus.-Im-Bild-Rupert-Schartner.-Standord-Kleinarl.-640x853.jpeg 640w, https:\/\/www.salzburgerland.com\/de\/magazin\/wp-content\/uploads\/2020\/09\/&copy;-Wagrain-Kleinarl-Tourismus.-Im-Bild-Rupert-Schartner.-Standord-Kleinarl.-150x200.jpeg 150w\"><\/source><img decoding=\"async\" alt=\"Ein Mann pflanzt an einem sonnigen Tag einen jungen Baum an einem Flussufer, umgeben von gr&uuml;nem Gras und B&auml;umen.\" src=\"https:\/\/www.salzburgerland.com\/de\/magazin\/wp-content\/uploads\/2020\/09\/%C2%A9-Wagrain-Kleinarl-Tourismus.-Im-Bild-Rupert-Schartner.-Standord-Kleinarl..jpeg\">\t<\/picture><figcaption> &copy; Wagrain-Kleinarl Tourismus<\/figcaption><\/a><\/figure><\/div><div class=\"col-6 col-sm-4\"><figure><a class=\"thumb-container\" href=\"https:\/\/www.salzburgerland.com\/de\/magazin\/wp-content\/uploads\/2020\/09\/Copyright_Tourismus-Lungau-Tamsweger-Brgermeister-Georg-Gappmayer-und-die-Amtsleiterin-Gunda-Steinwender-Standort-Tamsweg-1280x1024.jpg\">\t<picture><source media=\"(min-width: 576px)\" srcset=\"\"><\/source><source media=\"(min-width: 0)\" srcset=\"https:\/\/www.salzburgerland.com\/de\/magazin\/wp-content\/uploads\/2020\/09\/Copyright_Tourismus-Lungau-Tamsweger-Brgermeister-Georg-Gappmayer-und-die-Amtsleiterin-Gunda-Steinwender-Standort-Tamsweg.jpg 1200w, https:\/\/www.salzburgerland.com\/de\/magazin\/wp-content\/uploads\/2020\/09\/Copyright_Tourismus-Lungau-Tamsweger-Brgermeister-Georg-Gappmayer-und-die-Amtsleiterin-Gunda-Steinwender-Standort-Tamsweg-225x300.jpg 225w, https:\/\/www.salzburgerland.com\/de\/magazin\/wp-content\/uploads\/2020\/09\/Copyright_Tourismus-Lungau-Tamsweger-Brgermeister-Georg-Gappmayer-und-die-Amtsleiterin-Gunda-Steinwender-Standort-Tamsweg-1153x1536.jpg 1153w, https:\/\/www.salzburgerland.com\/de\/magazin\/wp-content\/uploads\/2020\/09\/Copyright_Tourismus-Lungau-Tamsweger-Brgermeister-Georg-Gappmayer-und-die-Amtsleiterin-Gunda-Steinwender-Standort-Tamsweg-413x550.jpg 413w, https:\/\/www.salzburgerland.com\/de\/magazin\/wp-content\/uploads\/2020\/09\/Copyright_Tourismus-Lungau-Tamsweger-Brgermeister-Georg-Gappmayer-und-die-Amtsleiterin-Gunda-Steinwender-Standort-Tamsweg-300x400.jpg 300w, https:\/\/www.salzburgerland.com\/de\/magazin\/wp-content\/uploads\/2020\/09\/Copyright_Tourismus-Lungau-Tamsweger-Brgermeister-Georg-Gappmayer-und-die-Amtsleiterin-Gunda-Steinwender-Standort-Tamsweg-640x853.jpg 640w, https:\/\/www.salzburgerland.com\/de\/magazin\/wp-content\/uploads\/2020\/09\/Copyright_Tourismus-Lungau-Tamsweger-Brgermeister-Georg-Gappmayer-und-die-Amtsleiterin-Gunda-Steinwender-Standort-Tamsweg-150x200.jpg 150w\"><\/source><img decoding=\"async\" alt=\"Ein Mann und eine Frau stehen neben einem gemalten Schild und einem Topfbaum im Gras vor einem gr&uuml;nen Geb&auml;ude.\" src=\"https:\/\/www.salzburgerland.com\/de\/magazin\/wp-content\/uploads\/2020\/09\/Copyright_Tourismus-Lungau-Tamsweger-Brgermeister-Georg-Gappmayer-und-die-Amtsleiterin-Gunda-Steinwender-Standort-Tamsweg.jpg\">\t<\/picture><figcaption>&copy; Tourismus Lungau, Tamsweg<\/figcaption><\/a><\/figure><\/div><div class=\"col-6 col-sm-4\"><figure><a class=\"thumb-container\" href=\"https:\/\/www.salzburgerland.com\/de\/magazin\/wp-content\/uploads\/2020\/09\/Thalgau-1280x1024.jpg\">\t<picture><source media=\"(min-width: 576px)\" srcset=\"\"><\/source><source media=\"(min-width: 0)\" srcset=\"https:\/\/www.salzburgerland.com\/de\/magazin\/wp-content\/uploads\/2020\/09\/Thalgau.jpg 1386w, https:\/\/www.salzburgerland.com\/de\/magazin\/wp-content\/uploads\/2020\/09\/Thalgau-288x300.jpg 288w, https:\/\/www.salzburgerland.com\/de\/magazin\/wp-content\/uploads\/2020\/09\/Thalgau-529x550.jpg 529w, https:\/\/www.salzburgerland.com\/de\/magazin\/wp-content\/uploads\/2020\/09\/Thalgau-384x400.jpg 384w, https:\/\/www.salzburgerland.com\/de\/magazin\/wp-content\/uploads\/2020\/09\/Thalgau-1320x1373.jpg 1320w, https:\/\/www.salzburgerland.com\/de\/magazin\/wp-content\/uploads\/2020\/09\/Thalgau-150x156.jpg 150w\"><\/source><img decoding=\"async\" alt=\"Zwei Personen in traditioneller Kleidung stehen an einem jungen Baum mit einem Bauernherbst-Schild in einem sonnigen Garten.\" src=\"https:\/\/www.salzburgerland.com\/de\/magazin\/wp-content\/uploads\/2020\/09\/Thalgau.jpg\">\t<\/picture><figcaption>&copy; Thalgau<\/figcaption><\/a><\/figure><\/div><div class=\"col-6 col-sm-4\"><figure><a class=\"thumb-container\" href=\"https:\/\/www.salzburgerland.com\/de\/magazin\/wp-content\/uploads\/2020\/09\/Copyright_LAckerwirt-St-1280x1024.jpg\">\t<picture><source media=\"(min-width: 576px)\" srcset=\"https:\/\/www.salzburgerland.com\/de\/magazin\/wp-content\/uploads\/2020\/09\/Copyright_LAckerwirt-St-325x209.jpg 325w, https:\/\/www.salzburgerland.com\/de\/magazin\/wp-content\/uploads\/2020\/09\/Copyright_LAckerwirt-St-249x160.jpg 249w\"><\/source><source media=\"(min-width: 0)\" srcset=\"https:\/\/www.salzburgerland.com\/de\/magazin\/wp-content\/uploads\/2020\/09\/Copyright_LAckerwirt-St-249x160.jpg 249w, https:\/\/www.salzburgerland.com\/de\/magazin\/wp-content\/uploads\/2020\/09\/Copyright_LAckerwirt-St-325x209.jpg 325w\"><\/source><img decoding=\"async\" alt='Eine l&auml;chelnde Familie in traditioneller Kleidung posiert neben einem \"Bauern Herbst\"-Schild in einer malerischen, l&auml;ndlichen Landschaft.' src=\"https:\/\/www.salzburgerland.com\/de\/magazin\/wp-content\/uploads\/2020\/09\/Copyright_LAckerwirt-St.jpg\">\t<\/picture><figcaption>&copy; L&ouml;ckerwirt, St. Margareten<\/figcaption><\/a><\/figure><\/div><div class=\"col-6 col-sm-4\"><figure><a class=\"thumb-container\" href=\"https:\/\/www.salzburgerland.com\/de\/magazin\/wp-content\/uploads\/2020\/09\/Hof-1280x1024.jpg\">\t<picture><source media=\"(min-width: 576px)\" srcset=\"https:\/\/www.salzburgerland.com\/de\/magazin\/wp-content\/uploads\/2020\/09\/Hof-325x209.jpg 325w, https:\/\/www.salzburgerland.com\/de\/magazin\/wp-content\/uploads\/2020\/09\/Hof-249x160.jpg 249w\"><\/source><source media=\"(min-width: 0)\" srcset=\"https:\/\/www.salzburgerland.com\/de\/magazin\/wp-content\/uploads\/2020\/09\/Hof-249x160.jpg 249w, https:\/\/www.salzburgerland.com\/de\/magazin\/wp-content\/uploads\/2020\/09\/Hof-325x209.jpg 325w\"><\/source><img decoding=\"async\" alt=\"Zwei l&auml;chelnde Frauen pflanzen einen Baum in einem Park neben einem Schild mit der Aufschrift Bauern Herbst in Form eines Baumes.\" src=\"https:\/\/www.salzburgerland.com\/de\/magazin\/wp-content\/uploads\/2020\/09\/Hof.jpg\">\t<\/picture><figcaption>&copy; Bad Hofgastein<\/figcaption><\/a><\/figure><\/div><div class=\"col-6 col-sm-4\"><figure><a class=\"thumb-container\" href=\"https:\/\/www.salzburgerland.com\/de\/magazin\/wp-content\/uploads\/2020\/09\/Annaberg-Lungoetz-1280x1024.jpg\">\t<picture><source media=\"(min-width: 576px)\" srcset=\"https:\/\/www.salzburgerland.com\/de\/magazin\/wp-content\/uploads\/2020\/09\/Annaberg-Lungoetz-325x209.jpg 325w, https:\/\/www.salzburgerland.com\/de\/magazin\/wp-content\/uploads\/2020\/09\/Annaberg-Lungoetz-249x160.jpg 249w\"><\/source><source media=\"(min-width: 0)\" srcset=\"https:\/\/www.salzburgerland.com\/de\/magazin\/wp-content\/uploads\/2020\/09\/Annaberg-Lungoetz-249x160.jpg 249w, https:\/\/www.salzburgerland.com\/de\/magazin\/wp-content\/uploads\/2020\/09\/Annaberg-Lungoetz-325x209.jpg 325w\"><\/source><img decoding=\"async\" alt=\"Drei Erwachsene in traditioneller Kleidung stehen neben einer Strohb&auml;renskulptur in einem Dorf mit Bergen im Hintergrund.\" src=\"https:\/\/www.salzburgerland.com\/de\/magazin\/wp-content\/uploads\/2020\/09\/Annaberg-Lungoetz.jpg\">\t<\/picture><figcaption>&copy; Annaberg-Lung&ouml;tz<\/figcaption><\/a><\/figure><\/div><div class=\"col-6 col-sm-4\"><figure><a class=\"thumb-container\" href=\"https:\/\/www.salzburgerland.com\/de\/magazin\/wp-content\/uploads\/2020\/09\/Bauernherbstbaeumchen-Bad-Vigaun--1280x1024.jpg\">\t<picture><source media=\"(min-width: 576px)\" srcset=\"https:\/\/www.salzburgerland.com\/de\/magazin\/wp-content\/uploads\/2020\/09\/Bauernherbstbaeumchen-Bad-Vigaun--325x209.jpg 325w, https:\/\/www.salzburgerland.com\/de\/magazin\/wp-content\/uploads\/2020\/09\/Bauernherbstbaeumchen-Bad-Vigaun--249x160.jpg 249w\"><\/source><source media=\"(min-width: 0)\" srcset=\"https:\/\/www.salzburgerland.com\/de\/magazin\/wp-content\/uploads\/2020\/09\/Bauernherbstbaeumchen-Bad-Vigaun--249x160.jpg 249w, https:\/\/www.salzburgerland.com\/de\/magazin\/wp-content\/uploads\/2020\/09\/Bauernherbstbaeumchen-Bad-Vigaun--325x209.jpg 325w\"><\/source><img decoding=\"async\" alt=\"Eine Gruppe von Erwachsenen und Kindern posiert gemeinsam im Freien um einen neu gepflanzten Baum in einem Park.\" src=\"https:\/\/www.salzburgerland.com\/de\/magazin\/wp-content\/uploads\/2020\/09\/Bauernherbstbaeumchen-Bad-Vigaun-.jpg\">\t<\/picture><figcaption>&copy; Bad Vigaun<\/figcaption><\/a><\/figure><\/div><div class=\"col-6 col-sm-4\"><figure><a class=\"thumb-container\" href=\"https:\/\/www.salzburgerland.com\/de\/magazin\/wp-content\/uploads\/2020\/09\/Grossarl-1280x1024.jpg\">\t<picture><source media=\"(min-width: 576px)\" srcset=\"https:\/\/www.salzburgerland.com\/de\/magazin\/wp-content\/uploads\/2020\/09\/Grossarl-325x209.jpg 325w, https:\/\/www.salzburgerland.com\/de\/magazin\/wp-content\/uploads\/2020\/09\/Grossarl-249x160.jpg 249w\"><\/source><source media=\"(min-width: 0)\" srcset=\"https:\/\/www.salzburgerland.com\/de\/magazin\/wp-content\/uploads\/2020\/09\/Grossarl-249x160.jpg 249w, https:\/\/www.salzburgerland.com\/de\/magazin\/wp-content\/uploads\/2020\/09\/Grossarl-325x209.jpg 325w\"><\/source><img decoding=\"async\" alt=\"Sechs M&auml;nner posieren mit Schildern um einen neu gepflanzten Baum vor einem modernen Geb&auml;ude und einem Treppenhaus.\" src=\"https:\/\/www.salzburgerland.com\/de\/magazin\/wp-content\/uploads\/2020\/09\/Grossarl.jpg\">\t<\/picture><figcaption>&copy; Gro&szlig;arl<\/figcaption><\/a><\/figure><\/div><div class=\"col-6 col-sm-4\"><figure><a class=\"thumb-container\" href=\"https:\/\/www.salzburgerland.com\/de\/magazin\/wp-content\/uploads\/2020\/09\/Hochkoenig-1280x1024.jpg\">\t<picture><source media=\"(min-width: 576px)\" srcset=\"\"><\/source><source media=\"(min-width: 0)\" srcset=\"https:\/\/www.salzburgerland.com\/de\/magazin\/wp-content\/uploads\/2020\/09\/Hochkoenig.jpg 756w, https:\/\/www.salzburgerland.com\/de\/magazin\/wp-content\/uploads\/2020\/09\/Hochkoenig-225x300.jpg 225w, https:\/\/www.salzburgerland.com\/de\/magazin\/wp-content\/uploads\/2020\/09\/Hochkoenig-413x550.jpg 413w, https:\/\/www.salzburgerland.com\/de\/magazin\/wp-content\/uploads\/2020\/09\/Hochkoenig-300x400.jpg 300w, https:\/\/www.salzburgerland.com\/de\/magazin\/wp-content\/uploads\/2020\/09\/Hochkoenig-640x853.jpg 640w, https:\/\/www.salzburgerland.com\/de\/magazin\/wp-content\/uploads\/2020\/09\/Hochkoenig-150x200.jpg 150w\"><\/source><img decoding=\"async\" alt='Drei Frauen sitzen zwischen Blumen und Gr&uuml;nzeug und halten Schilder mit der Aufschrift \"Bauernherbst\" bei einer Veranstaltung im Freien.' src=\"https:\/\/www.salzburgerland.com\/de\/magazin\/wp-content\/uploads\/2020\/09\/Hochkoenig.jpg\">\t<\/picture><figcaption>&copy; Hochk&ouml;nig<\/figcaption><\/a><\/figure><\/div><div class=\"col-6 col-sm-4\"><figure><a class=\"thumb-container\" href=\"https:\/\/www.salzburgerland.com\/de\/magazin\/wp-content\/uploads\/2020\/09\/Lend-Embach-1280x1024.jpg\">\t<picture><source media=\"(min-width: 576px)\" srcset=\"https:\/\/www.salzburgerland.com\/de\/magazin\/wp-content\/uploads\/2020\/09\/Lend-Embach-325x209.jpg 325w, https:\/\/www.salzburgerland.com\/de\/magazin\/wp-content\/uploads\/2020\/09\/Lend-Embach-249x160.jpg 249w\"><\/source><source media=\"(min-width: 0)\" srcset=\"https:\/\/www.salzburgerland.com\/de\/magazin\/wp-content\/uploads\/2020\/09\/Lend-Embach-249x160.jpg 249w, https:\/\/www.salzburgerland.com\/de\/magazin\/wp-content\/uploads\/2020\/09\/Lend-Embach-325x209.jpg 325w\"><\/source><img decoding=\"async\" alt=\"F&uuml;nf Personen posieren vor einem Willkommensschild des Bauernherbstes Lend-Embach in einem Dorf und halten landwirtschaftliche Ger&auml;te.\" src=\"https:\/\/www.salzburgerland.com\/de\/magazin\/wp-content\/uploads\/2020\/09\/Lend-Embach.jpg\">\t<\/picture><figcaption>&copy; Lend-Embach<\/figcaption><\/a><\/figure><\/div><div class=\"col-6 col-sm-4\"><figure><a class=\"thumb-container\" href=\"https:\/\/www.salzburgerland.com\/de\/magazin\/wp-content\/uploads\/2020\/09\/Thomatal-1280x1024.jpg\">\t<picture><source media=\"(min-width: 576px)\" srcset=\"https:\/\/www.salzburgerland.com\/de\/magazin\/wp-content\/uploads\/2020\/09\/Thomatal-325x209.jpg 325w, https:\/\/www.salzburgerland.com\/de\/magazin\/wp-content\/uploads\/2020\/09\/Thomatal-249x160.jpg 249w\"><\/source><source media=\"(min-width: 0)\" srcset=\"https:\/\/www.salzburgerland.com\/de\/magazin\/wp-content\/uploads\/2020\/09\/Thomatal-249x160.jpg 249w, https:\/\/www.salzburgerland.com\/de\/magazin\/wp-content\/uploads\/2020\/09\/Thomatal-325x209.jpg 325w\"><\/source><img decoding=\"async\" alt='Zwei kleine Kinder stehen neben einem gemalten Apfelbaumschild mit der Aufschrift \"Bauernherbst im Thomatal\" im Freien.' src=\"https:\/\/www.salzburgerland.com\/de\/magazin\/wp-content\/uploads\/2020\/09\/Thomatal.jpg\">\t<\/picture><figcaption>&copy; Thomatal<\/figcaption><\/a><\/figure><\/div><div class=\"col-6 col-sm-4\"><figure><a class=\"thumb-container\" href=\"https:\/\/www.salzburgerland.com\/de\/magazin\/wp-content\/uploads\/2020\/09\/Unternberg-1280x1024.jpg\">\t<picture><source media=\"(min-width: 576px)\" srcset=\"https:\/\/www.salzburgerland.com\/de\/magazin\/wp-content\/uploads\/2020\/09\/Unternberg-325x209.jpg 325w, https:\/\/www.salzburgerland.com\/de\/magazin\/wp-content\/uploads\/2020\/09\/Unternberg-249x160.jpg 249w\"><\/source><source media=\"(min-width: 0)\" srcset=\"https:\/\/www.salzburgerland.com\/de\/magazin\/wp-content\/uploads\/2020\/09\/Unternberg-249x160.jpg 249w, https:\/\/www.salzburgerland.com\/de\/magazin\/wp-content\/uploads\/2020\/09\/Unternberg-325x209.jpg 325w\"><\/source><img decoding=\"async\" alt=\"Zwei Menschen stehen an einem Fluss und zeigen den Daumen nach oben in der N&auml;he eines gemalten Schildes und eines kleinen gepflanzten Baumes.\" src=\"https:\/\/www.salzburgerland.com\/de\/magazin\/wp-content\/uploads\/2020\/09\/Unternberg.jpg\">\t<\/picture><figcaption>&copy; Unternberg<\/figcaption><\/a><\/figure><\/div><\/div><figcaption><\/figcaption><\/div>\n\n\n\n<h2 class=\"wp-block-heading\" id=\"h-gewinnspiel-pflanzen-auch-sie-ein-bauernherbst-baumchen\">Gewinnspiel &#8211; &nbsp;Pflanzen auch Sie ein Bauernherbst-B\u00e4umchen!<\/h2>\n\n\n\n<p>In Zusammenarbeit mit unserem Partner, den Salzburger Lagerh\u00e4usern, &nbsp;verlosen wir<strong> 25 Apfelb\u00e4ume aus \u00d6sterreich<\/strong>. Mit einer H\u00f6he von je rund 1,60 m haben sie schon eine annehmbare Gr\u00f6\u00dfe erreicht. Schicken Sie uns daf\u00fcr einfach eine E-Mail mit dem <strong>Betreff \u201eGewinnspiel Bauernherbst Apfelbaum\u201c<\/strong> an <a rel=\"noreferrer noopener\" href=\"mailto:info@salzburgerland.com\" target=\"_blank\">info@salzburgerland.com<\/a> und erz\u00e4hlen Sie uns, wo Sie Ihr Bauernherbst Apfelb\u00e4umchen pflanzen werden. Das Los entscheidet! <br>Teilnahmeschluss ist der 04. Oktober 2020. Viel Gl\u00fcck!<br>(Hier finden Sie Details zu unseren <a href=\"https:\/\/www.salzburgerland.com\/de\/impressum-und-datenschutz\/\">Datenschutzbestimmungen.<\/a>)<\/p>\n\n\n\n<p>Abzuholen ist der Baum dann in einer der SalzburgerLagerh\u00e4usern.<\/p>\n\n\n\n<h2 class=\"wp-block-heading\" id=\"h-apfelstrudel-aus-selbst-gezogenem-strudelteig\"><strong>Apfelstrudel aus selbst gezogenem Strudelteig<\/strong><\/h2>\n\n\n\n<figure class=\"wp-block-image size-large\"><img loading=\"lazy\" decoding=\"async\" width=\"1577\" height=\"1051\" src=\"https:\/\/www.salzburgerland.com\/de\/magazin\/wp-content\/uploads\/2020\/09\/Apfelstrudel.jpg\" alt=\"Ein St\u00fcck Apfelstrudel mit Puderzucker bestreut auf einem blauen Teller, daneben eine Gabel und eine Serviette.\" class=\"wp-image-146328\" srcset=\"https:\/\/www.salzburgerland.com\/de\/magazin\/wp-content\/uploads\/2020\/09\/Apfelstrudel.jpg 1577w, https:\/\/www.salzburgerland.com\/de\/magazin\/wp-content\/uploads\/2020\/09\/Apfelstrudel-300x200.jpg 300w, https:\/\/www.salzburgerland.com\/de\/magazin\/wp-content\/uploads\/2020\/09\/Apfelstrudel-1536x1024.jpg 1536w, https:\/\/www.salzburgerland.com\/de\/magazin\/wp-content\/uploads\/2020\/09\/Apfelstrudel-825x550.jpg 825w, https:\/\/www.salzburgerland.com\/de\/magazin\/wp-content\/uploads\/2020\/09\/Apfelstrudel-600x400.jpg 600w, https:\/\/www.salzburgerland.com\/de\/magazin\/wp-content\/uploads\/2020\/09\/Apfelstrudel-1320x880.jpg 1320w, https:\/\/www.salzburgerland.com\/de\/magazin\/wp-content\/uploads\/2020\/09\/Apfelstrudel-150x100.jpg 150w\" sizes=\"auto, (max-width: 1577px) 100vw, 1577px\" \/><figcaption class=\"wp-element-caption\">\u00a9 Wirt am Griess, St. Gilgen, K\u00f6stlicher Apfelstrudel<\/figcaption><\/figure>\n\n\n\n<h3 class=\"wp-block-heading\" id=\"h-zutaten\">Zutaten <\/h3>\n\n\n\n<h4 class=\"wp-block-heading\" id=\"h-fur-den-teig\">F\u00fcr den Teig:<\/h4>\n\n\n\n<ul class=\"wp-block-list\">\n<li>1 Eidotter<\/li>\n\n\n\n<li>1\/8 l lauwarmes Wasser<\/li>\n\n\n\n<li>eine Prise Salz<\/li>\n\n\n\n<li>1 EL \u00d6l<\/li>\n\n\n\n<li>250 Gramm Mehl<\/li>\n<\/ul>\n\n\n\n<h4 class=\"wp-block-heading\" id=\"h-fur-die-fulle\">F\u00fcr die F\u00fclle:<\/h4>\n\n\n\n<ul class=\"wp-block-list\">\n<li>500 Gramm \u00c4pfel<\/li>\n\n\n\n<li>100 Gramm Zucker<\/li>\n\n\n\n<li>einer halben Zitrone Saft Zitronensaft<\/li>\n\n\n\n<li>30 g Semmelbr\u00f6sel<\/li>\n\n\n\n<li>50 Gramm zerlassene Butter<\/li>\n<\/ul>\n\n\n\n<h3 class=\"wp-block-heading\" id=\"h-zubereitung\">Zubereitung<\/h3>\n\n\n\n<p>Wasser, Salz, \u00d6l und Eidotter vermischen, Mehl zugeben und zu einem glatten Teig kneten. Zu einer Kugel formen, mit \u00d6l bestreichen und 30 min rasten lassen.<br>\u00c4pfel sch\u00e4len, vom Kerngeh\u00e4use befreien und in kleine St\u00fccke schneiden, mit Zucker und Zitronensaft vermengen. Semmelbr\u00f6sel in Butter goldbraun r\u00f6sten und dazugeben.<\/p>\n\n\n\n<p>Strudelteig auf einem bemehlten K\u00fcchentuch ausrollen, mit \u00d6l bestreichen und vorsichtig d\u00fcnn ausziehen (daf\u00fcr greift man mit beiden H\u00e4nden unter den Teig und zieht ihn auf allen Seiten von der Mitte nach au\u00dfen, bis er hauchd\u00fcnn ist. Teig nochmals mit \u00d6l bestreichen, \u00c4pfel darauf verteilen.<br>Teigfl\u00e4che links und rechts einschlagen, Strudel mithilfe des Tuches einrollen und mit der Naht nach unten auf ein mit Backpapier belegtes Backblech legen. Mit zerlassener Butter bestreichen<\/p>\n\n\n\n<p>Im vorgeheizten Backrohr bei 170\u00b0C ca. 40 min backen. Mit Staubzucker bestreut servieren.<\/p>\n","protected":false},"excerpt":{"rendered":"<p>Jedes Jahr kommen im Herbst zahlreiche Menschen ins SalzburgerLand, um gemeinsam die reiche Ernte und den Abschluss des Sommers zu feiern. Da wird aufgetischt, was die Regionen zu bieten haben, da wird gemeinsam gefeiert, gesungen und musiziert. Doch heuer ist irgendwie alles anders. Statt gro\u00dfer Feste wird im kleineren Kreis gefeiert, was durchaus auch seine [&hellip;]<\/p>\n","protected":false},"author":90,"featured_media":146324,"comment_status":"open","ping_status":"closed","sticky":false,"template":"","format":"standard","meta":{"_acf_changed":false,"wl_entities_gutenberg":"","_wl_entity_redirect_enabled":"","footnotes":""},"categories":[7551],"tags":[],"wl_entity_type":[306],"monatsauswahl":[],"class_list":["post-146319","post","type-post","status-publish","format-standard","has-post-thumbnail","hentry","category-archiv","wl_entity_type-article"],"acf":[],"yoast_head":"<!-- This site is optimized with the Yoast SEO Premium plugin v27.4 (Yoast SEO v27.4) - https:\/\/yoast.com\/product\/yoast-seo-premium-wordpress\/ -->\n<title>Pflanz dir einen Apfelbaum - SalzburgerLand Magazin<\/title>\n<meta name=\"robots\" content=\"noindex, nofollow\" \/>\n<meta property=\"og:locale\" content=\"de_DE\" \/>\n<meta property=\"og:type\" content=\"article\" \/>\n<meta property=\"og:title\" content=\"Pflanz dir einen Apfelbaum\" \/>\n<meta property=\"og:description\" content=\"Jedes Jahr kommen im Herbst zahlreiche Menschen ins SalzburgerLand, um gemeinsam die reiche Ernte und den Abschluss des Sommers zu feiern. Da wird aufgetischt, was die Regionen zu bieten haben, da wird gemeinsam gefeiert, gesungen und musiziert. Doch heuer ist irgendwie alles anders. Statt gro\u00dfer Feste wird im kleineren Kreis gefeiert, was durchaus auch seine [&hellip;]\" \/>\n<meta property=\"og:url\" content=\"https:\/\/www.salzburgerland.com\/de\/magazin\/pflanz-dir-einen-apfelbaum\/\" \/>\n<meta property=\"og:site_name\" content=\"SalzburgerLand Magazin\" \/>\n<meta property=\"article:publisher\" content=\"https:\/\/www.facebook.com\/salzburgerland\/\" \/>\n<meta property=\"article:published_time\" content=\"2020-09-16T06:20:25+00:00\" \/>\n<meta property=\"article:modified_time\" content=\"2023-06-21T14:00:02+00:00\" \/>\n<meta property=\"og:image\" content=\"https:\/\/www.salzburgerland.com\/de\/magazin\/wp-content\/uploads\/2020\/09\/Hof.jpg\" \/>\n\t<meta property=\"og:image:width\" content=\"1920\" \/>\n\t<meta property=\"og:image:height\" content=\"1440\" \/>\n\t<meta property=\"og:image:type\" content=\"image\/jpeg\" \/>\n<meta name=\"author\" content=\"Ulli Hammerl\" \/>\n<meta name=\"twitter:card\" content=\"summary_large_image\" \/>\n<meta name=\"twitter:creator\" content=\"@Salzburgerland\" \/>\n<meta name=\"twitter:site\" content=\"@Salzburgerland\" \/>\n<meta name=\"twitter:label1\" content=\"Verfasst von\" \/>\n\t<meta name=\"twitter:data1\" content=\"Ulli Hammerl\" \/>\n\t<meta name=\"twitter:label2\" content=\"Gesch\u00e4tzte Lesezeit\" \/>\n\t<meta name=\"twitter:data2\" content=\"6\u00a0Minuten\" \/>\n<script type=\"application\/ld+json\" class=\"yoast-schema-graph\">{\"@context\":\"https:\\\/\\\/schema.org\",\"@graph\":[{\"@type\":\"Article\",\"@id\":\"https:\\\/\\\/www.salzburgerland.com\\\/de\\\/magazin\\\/pflanz-dir-einen-apfelbaum\\\/#article\",\"isPartOf\":{\"@id\":\"https:\\\/\\\/www.salzburgerland.com\\\/de\\\/magazin\\\/pflanz-dir-einen-apfelbaum\\\/\"},\"author\":{\"name\":\"Ulli Hammerl\",\"@id\":\"https:\\\/\\\/www.salzburgerland.com\\\/de\\\/magazin\\\/#\\\/schema\\\/person\\\/a55a4fee1009b9e458d298480a18a9f7\"},\"headline\":\"Pflanz dir einen Apfelbaum\",\"datePublished\":\"2020-09-16T06:20:25+00:00\",\"dateModified\":\"2023-06-21T14:00:02+00:00\",\"mainEntityOfPage\":{\"@id\":\"https:\\\/\\\/www.salzburgerland.com\\\/de\\\/magazin\\\/pflanz-dir-einen-apfelbaum\\\/\"},\"wordCount\":591,\"commentCount\":0,\"publisher\":{\"@id\":\"https:\\\/\\\/www.salzburgerland.com\\\/de\\\/magazin\\\/#organization\"},\"image\":{\"@id\":\"https:\\\/\\\/www.salzburgerland.com\\\/de\\\/magazin\\\/pflanz-dir-einen-apfelbaum\\\/#primaryimage\"},\"thumbnailUrl\":\"https:\\\/\\\/www.salzburgerland.com\\\/de\\\/magazin\\\/wp-content\\\/uploads\\\/2020\\\/09\\\/Hof.jpg\",\"articleSection\":[\"Archiv\"],\"inLanguage\":\"de\",\"potentialAction\":[{\"@type\":\"CommentAction\",\"name\":\"Comment\",\"target\":[\"https:\\\/\\\/www.salzburgerland.com\\\/de\\\/magazin\\\/pflanz-dir-einen-apfelbaum\\\/#respond\"]}]},{\"@type\":\"WebPage\",\"@id\":\"https:\\\/\\\/www.salzburgerland.com\\\/de\\\/magazin\\\/pflanz-dir-einen-apfelbaum\\\/\",\"url\":\"https:\\\/\\\/www.salzburgerland.com\\\/de\\\/magazin\\\/pflanz-dir-einen-apfelbaum\\\/\",\"name\":\"Pflanz dir einen Apfelbaum - SalzburgerLand Magazin\",\"isPartOf\":{\"@id\":\"https:\\\/\\\/www.salzburgerland.com\\\/de\\\/magazin\\\/#website\"},\"primaryImageOfPage\":{\"@id\":\"https:\\\/\\\/www.salzburgerland.com\\\/de\\\/magazin\\\/pflanz-dir-einen-apfelbaum\\\/#primaryimage\"},\"image\":{\"@id\":\"https:\\\/\\\/www.salzburgerland.com\\\/de\\\/magazin\\\/pflanz-dir-einen-apfelbaum\\\/#primaryimage\"},\"thumbnailUrl\":\"https:\\\/\\\/www.salzburgerland.com\\\/de\\\/magazin\\\/wp-content\\\/uploads\\\/2020\\\/09\\\/Hof.jpg\",\"datePublished\":\"2020-09-16T06:20:25+00:00\",\"dateModified\":\"2023-06-21T14:00:02+00:00\",\"breadcrumb\":{\"@id\":\"https:\\\/\\\/www.salzburgerland.com\\\/de\\\/magazin\\\/pflanz-dir-einen-apfelbaum\\\/#breadcrumb\"},\"inLanguage\":\"de\",\"potentialAction\":[{\"@type\":\"ReadAction\",\"target\":[\"https:\\\/\\\/www.salzburgerland.com\\\/de\\\/magazin\\\/pflanz-dir-einen-apfelbaum\\\/\"]}]},{\"@type\":\"ImageObject\",\"inLanguage\":\"de\",\"@id\":\"https:\\\/\\\/www.salzburgerland.com\\\/de\\\/magazin\\\/pflanz-dir-einen-apfelbaum\\\/#primaryimage\",\"url\":\"https:\\\/\\\/www.salzburgerland.com\\\/de\\\/magazin\\\/wp-content\\\/uploads\\\/2020\\\/09\\\/Hof.jpg\",\"contentUrl\":\"https:\\\/\\\/www.salzburgerland.com\\\/de\\\/magazin\\\/wp-content\\\/uploads\\\/2020\\\/09\\\/Hof.jpg\",\"width\":1920,\"height\":1440,\"caption\":\"\u00a9 Bad Hofgastein\"},{\"@type\":\"BreadcrumbList\",\"@id\":\"https:\\\/\\\/www.salzburgerland.com\\\/de\\\/magazin\\\/pflanz-dir-einen-apfelbaum\\\/#breadcrumb\",\"itemListElement\":[{\"@type\":\"ListItem\",\"position\":1,\"name\":\"Startseite\",\"item\":\"https:\\\/\\\/www.salzburgerland.com\\\/de\\\/magazin\\\/\"},{\"@type\":\"ListItem\",\"position\":2,\"name\":\"Archiv\",\"item\":\"https:\\\/\\\/www.salzburgerland.com\\\/de\\\/magazin\\\/thema\\\/archiv\\\/\"},{\"@type\":\"ListItem\",\"position\":3,\"name\":\"Pflanz dir einen Apfelbaum\"}]},{\"@type\":\"WebSite\",\"@id\":\"https:\\\/\\\/www.salzburgerland.com\\\/de\\\/magazin\\\/#website\",\"url\":\"https:\\\/\\\/www.salzburgerland.com\\\/de\\\/magazin\\\/\",\"name\":\"SalzburgerLand Magazin\",\"description\":\"Geschichten und Interessantes aus dem SalzburgerLand\",\"publisher\":{\"@id\":\"https:\\\/\\\/www.salzburgerland.com\\\/de\\\/magazin\\\/#organization\"},\"potentialAction\":[{\"@type\":\"SearchAction\",\"target\":{\"@type\":\"EntryPoint\",\"urlTemplate\":\"https:\\\/\\\/www.salzburgerland.com\\\/de\\\/magazin\\\/?s={search_term_string}\"},\"query-input\":{\"@type\":\"PropertyValueSpecification\",\"valueRequired\":true,\"valueName\":\"search_term_string\"}}],\"inLanguage\":\"de\"},{\"@type\":\"Organization\",\"@id\":\"https:\\\/\\\/www.salzburgerland.com\\\/de\\\/magazin\\\/#organization\",\"name\":\"SalzburgerLand Tourismus\",\"url\":\"https:\\\/\\\/www.salzburgerland.com\\\/de\\\/magazin\\\/\",\"logo\":{\"@type\":\"ImageObject\",\"inLanguage\":\"de\",\"@id\":\"https:\\\/\\\/www.salzburgerland.com\\\/de\\\/magazin\\\/#\\\/schema\\\/logo\\\/image\\\/\",\"url\":\"https:\\\/\\\/www.salzburgerland.com\\\/de\\\/magazin\\\/wp-content\\\/uploads\\\/2019\\\/06\\\/salzburgerland-logo1.jpg\",\"contentUrl\":\"https:\\\/\\\/www.salzburgerland.com\\\/de\\\/magazin\\\/wp-content\\\/uploads\\\/2019\\\/06\\\/salzburgerland-logo1.jpg\",\"width\":2011,\"height\":866,\"caption\":\"SalzburgerLand Tourismus\"},\"image\":{\"@id\":\"https:\\\/\\\/www.salzburgerland.com\\\/de\\\/magazin\\\/#\\\/schema\\\/logo\\\/image\\\/\"},\"sameAs\":[\"https:\\\/\\\/www.facebook.com\\\/salzburgerland\\\/\",\"https:\\\/\\\/x.com\\\/Salzburgerland\",\"https:\\\/\\\/www.instagram.com\\\/salzburgerland\\\/\",\"https:\\\/\\\/at.linkedin.com\\\/company\\\/salzburgerland-tourismus-gmbh\",\"https:\\\/\\\/www.pinterest.at\\\/salzburgerland\\\/\",\"https:\\\/\\\/www.youtube.com\\\/user\\\/salzburgerland\",\"https:\\\/\\\/de.wikipedia.org\\\/wiki\\\/SalzburgerLand_Tourismus_GmbH\"]},{\"@type\":\"Person\",\"@id\":\"https:\\\/\\\/www.salzburgerland.com\\\/de\\\/magazin\\\/#\\\/schema\\\/person\\\/a55a4fee1009b9e458d298480a18a9f7\",\"name\":\"Ulli Hammerl\",\"description\":\"Geboren und aufgewachsen in der Stadt Salzburg war Ulli Hammerl fr\u00fch bewusst, in einer der sch\u00f6nsten St\u00e4dte der Welt zu leben. So ist sie auch w\u00e4hrend ihres Studiums der Kommunikationswissenschaft und \u00d6kologie ihrer Heimatstadt treu geblieben. Gleich nach dem Studium ist sie zu SalzburgerLand Tourismus (SLTG) gegangen und hat hier von 1998 - 2004 u.a. die SalzburgerLand Card betreut. Dabei ist sie viel herumgekommen, wodurch auch die Liebe zum SalzburgerLand enstanden und gewachsen ist. Nach der Geburt ihrer Tochter im September 2004 hat sich Ulli Hammerl 2007 mit einer Agentur selbst\u00e4ndig gemacht. Mein pers\u00f6nlicher Logenplatz: Hoch \u00fcber Salzburg, abseits der stark begangenen Wege mit Blick auf die D\u00e4cher und Kircht\u00fcrme der Stadt \u2013 hier geht mir das Herz auf! Morgen- oder Abendmensch: Ganz klar: Morgenmensch. Wenn um 5.00 Uhr fr\u00fch die V\u00f6gel zwitschern und rund herum noch alles in tiefer Ruhe versinkt, dann ist meine Zeit. Ausgeschlafen, Energie geladen und voller Tatendrang starte ich am liebsten in den fr\u00fchen Morgenstunden in den Tag. Daf\u00fcr kann man nach 21.00 Uhr nicht mehr mit mir rechnen. Buch oder Film: Es gibt nichts Sch\u00f6neres, als es sich am Ende des Tages auf der Couch gem\u00fctlich zu machen und in die Gedankenwelt eines guten Buches einzutauchen \u2013 Lesen ist Abenteuer im Kopf. Wandern, Spazierengehen oder Laufen: alles drei und zwar am besten jeden Tag. Mit ein bisschen Zeiteinteilung geht es sich tats\u00e4chlich fast gehen Tag aus, drau\u00dfen unterwegs zu sein. Fr\u00fchling, Sommer, Herbst oder Winter: Ich kann es im Fr\u00fchling kaum erwarten, die ersten Gr\u00fcnschattierungen in der Natur zu entdecken. Ich liebe hei\u00dfe Sommertage am See und laue Sommerabende am Balkon. Ich mag es, wenn im Herbst die W\u00e4lder in einem Meer aus Farben erstrahlen, Laubrascheln und Kastanien sammeln. Und ich freue mich wie ein Kind, wenn im Dezember die ersten Schneeflocken vom Himmel schweben. Die vier Jahreszeiten sind etwas Wunderbares.\",\"url\":\"https:\\\/\\\/www.salzburgerland.com\\\/de\\\/magazin\\\/author\\\/ulli-hammerl\\\/\"}]}<\/script>\n<!-- \/ Yoast SEO Premium plugin. -->","yoast_head_json":{"title":"Pflanz dir einen Apfelbaum - SalzburgerLand Magazin","robots":{"index":"noindex","follow":"nofollow"},"og_locale":"de_DE","og_type":"article","og_title":"Pflanz dir einen Apfelbaum","og_description":"Jedes Jahr kommen im Herbst zahlreiche Menschen ins SalzburgerLand, um gemeinsam die reiche Ernte und den Abschluss des Sommers zu feiern. Da wird aufgetischt, was die Regionen zu bieten haben, da wird gemeinsam gefeiert, gesungen und musiziert. Doch heuer ist irgendwie alles anders. Statt gro\u00dfer Feste wird im kleineren Kreis gefeiert, was durchaus auch seine [&hellip;]","og_url":"https:\/\/www.salzburgerland.com\/de\/magazin\/pflanz-dir-einen-apfelbaum\/","og_site_name":"SalzburgerLand Magazin","article_publisher":"https:\/\/www.facebook.com\/salzburgerland\/","article_published_time":"2020-09-16T06:20:25+00:00","article_modified_time":"2023-06-21T14:00:02+00:00","og_image":[{"url":"https:\/\/www.salzburgerland.com\/de\/magazin\/wp-content\/uploads\/2020\/09\/Hof.jpg","width":1920,"height":1440,"type":"image\/jpeg"}],"author":"Ulli Hammerl","twitter_card":"summary_large_image","twitter_creator":"@Salzburgerland","twitter_site":"@Salzburgerland","twitter_misc":{"Verfasst von":"Ulli Hammerl","Gesch\u00e4tzte Lesezeit":"6\u00a0Minuten"},"schema":{"@context":"https:\/\/schema.org","@graph":[{"@type":"Article","@id":"https:\/\/www.salzburgerland.com\/de\/magazin\/pflanz-dir-einen-apfelbaum\/#article","isPartOf":{"@id":"https:\/\/www.salzburgerland.com\/de\/magazin\/pflanz-dir-einen-apfelbaum\/"},"author":{"name":"Ulli Hammerl","@id":"https:\/\/www.salzburgerland.com\/de\/magazin\/#\/schema\/person\/a55a4fee1009b9e458d298480a18a9f7"},"headline":"Pflanz dir einen Apfelbaum","datePublished":"2020-09-16T06:20:25+00:00","dateModified":"2023-06-21T14:00:02+00:00","mainEntityOfPage":{"@id":"https:\/\/www.salzburgerland.com\/de\/magazin\/pflanz-dir-einen-apfelbaum\/"},"wordCount":591,"commentCount":0,"publisher":{"@id":"https:\/\/www.salzburgerland.com\/de\/magazin\/#organization"},"image":{"@id":"https:\/\/www.salzburgerland.com\/de\/magazin\/pflanz-dir-einen-apfelbaum\/#primaryimage"},"thumbnailUrl":"https:\/\/www.salzburgerland.com\/de\/magazin\/wp-content\/uploads\/2020\/09\/Hof.jpg","articleSection":["Archiv"],"inLanguage":"de","potentialAction":[{"@type":"CommentAction","name":"Comment","target":["https:\/\/www.salzburgerland.com\/de\/magazin\/pflanz-dir-einen-apfelbaum\/#respond"]}]},{"@type":"WebPage","@id":"https:\/\/www.salzburgerland.com\/de\/magazin\/pflanz-dir-einen-apfelbaum\/","url":"https:\/\/www.salzburgerland.com\/de\/magazin\/pflanz-dir-einen-apfelbaum\/","name":"Pflanz dir einen Apfelbaum - SalzburgerLand Magazin","isPartOf":{"@id":"https:\/\/www.salzburgerland.com\/de\/magazin\/#website"},"primaryImageOfPage":{"@id":"https:\/\/www.salzburgerland.com\/de\/magazin\/pflanz-dir-einen-apfelbaum\/#primaryimage"},"image":{"@id":"https:\/\/www.salzburgerland.com\/de\/magazin\/pflanz-dir-einen-apfelbaum\/#primaryimage"},"thumbnailUrl":"https:\/\/www.salzburgerland.com\/de\/magazin\/wp-content\/uploads\/2020\/09\/Hof.jpg","datePublished":"2020-09-16T06:20:25+00:00","dateModified":"2023-06-21T14:00:02+00:00","breadcrumb":{"@id":"https:\/\/www.salzburgerland.com\/de\/magazin\/pflanz-dir-einen-apfelbaum\/#breadcrumb"},"inLanguage":"de","potentialAction":[{"@type":"ReadAction","target":["https:\/\/www.salzburgerland.com\/de\/magazin\/pflanz-dir-einen-apfelbaum\/"]}]},{"@type":"ImageObject","inLanguage":"de","@id":"https:\/\/www.salzburgerland.com\/de\/magazin\/pflanz-dir-einen-apfelbaum\/#primaryimage","url":"https:\/\/www.salzburgerland.com\/de\/magazin\/wp-content\/uploads\/2020\/09\/Hof.jpg","contentUrl":"https:\/\/www.salzburgerland.com\/de\/magazin\/wp-content\/uploads\/2020\/09\/Hof.jpg","width":1920,"height":1440,"caption":"\u00a9 Bad Hofgastein"},{"@type":"BreadcrumbList","@id":"https:\/\/www.salzburgerland.com\/de\/magazin\/pflanz-dir-einen-apfelbaum\/#breadcrumb","itemListElement":[{"@type":"ListItem","position":1,"name":"Startseite","item":"https:\/\/www.salzburgerland.com\/de\/magazin\/"},{"@type":"ListItem","position":2,"name":"Archiv","item":"https:\/\/www.salzburgerland.com\/de\/magazin\/thema\/archiv\/"},{"@type":"ListItem","position":3,"name":"Pflanz dir einen Apfelbaum"}]},{"@type":"WebSite","@id":"https:\/\/www.salzburgerland.com\/de\/magazin\/#website","url":"https:\/\/www.salzburgerland.com\/de\/magazin\/","name":"SalzburgerLand Magazin","description":"Geschichten und Interessantes aus dem SalzburgerLand","publisher":{"@id":"https:\/\/www.salzburgerland.com\/de\/magazin\/#organization"},"potentialAction":[{"@type":"SearchAction","target":{"@type":"EntryPoint","urlTemplate":"https:\/\/www.salzburgerland.com\/de\/magazin\/?s={search_term_string}"},"query-input":{"@type":"PropertyValueSpecification","valueRequired":true,"valueName":"search_term_string"}}],"inLanguage":"de"},{"@type":"Organization","@id":"https:\/\/www.salzburgerland.com\/de\/magazin\/#organization","name":"SalzburgerLand Tourismus","url":"https:\/\/www.salzburgerland.com\/de\/magazin\/","logo":{"@type":"ImageObject","inLanguage":"de","@id":"https:\/\/www.salzburgerland.com\/de\/magazin\/#\/schema\/logo\/image\/","url":"https:\/\/www.salzburgerland.com\/de\/magazin\/wp-content\/uploads\/2019\/06\/salzburgerland-logo1.jpg","contentUrl":"https:\/\/www.salzburgerland.com\/de\/magazin\/wp-content\/uploads\/2019\/06\/salzburgerland-logo1.jpg","width":2011,"height":866,"caption":"SalzburgerLand Tourismus"},"image":{"@id":"https:\/\/www.salzburgerland.com\/de\/magazin\/#\/schema\/logo\/image\/"},"sameAs":["https:\/\/www.facebook.com\/salzburgerland\/","https:\/\/x.com\/Salzburgerland","https:\/\/www.instagram.com\/salzburgerland\/","https:\/\/at.linkedin.com\/company\/salzburgerland-tourismus-gmbh","https:\/\/www.pinterest.at\/salzburgerland\/","https:\/\/www.youtube.com\/user\/salzburgerland","https:\/\/de.wikipedia.org\/wiki\/SalzburgerLand_Tourismus_GmbH"]},{"@type":"Person","@id":"https:\/\/www.salzburgerland.com\/de\/magazin\/#\/schema\/person\/a55a4fee1009b9e458d298480a18a9f7","name":"Ulli Hammerl","description":"Geboren und aufgewachsen in der Stadt Salzburg war Ulli Hammerl fr\u00fch bewusst, in einer der sch\u00f6nsten St\u00e4dte der Welt zu leben. So ist sie auch w\u00e4hrend ihres Studiums der Kommunikationswissenschaft und \u00d6kologie ihrer Heimatstadt treu geblieben. Gleich nach dem Studium ist sie zu SalzburgerLand Tourismus (SLTG) gegangen und hat hier von 1998 - 2004 u.a. die SalzburgerLand Card betreut. Dabei ist sie viel herumgekommen, wodurch auch die Liebe zum SalzburgerLand enstanden und gewachsen ist. Nach der Geburt ihrer Tochter im September 2004 hat sich Ulli Hammerl 2007 mit einer Agentur selbst\u00e4ndig gemacht. Mein pers\u00f6nlicher Logenplatz: Hoch \u00fcber Salzburg, abseits der stark begangenen Wege mit Blick auf die D\u00e4cher und Kircht\u00fcrme der Stadt \u2013 hier geht mir das Herz auf! Morgen- oder Abendmensch: Ganz klar: Morgenmensch. Wenn um 5.00 Uhr fr\u00fch die V\u00f6gel zwitschern und rund herum noch alles in tiefer Ruhe versinkt, dann ist meine Zeit. Ausgeschlafen, Energie geladen und voller Tatendrang starte ich am liebsten in den fr\u00fchen Morgenstunden in den Tag. Daf\u00fcr kann man nach 21.00 Uhr nicht mehr mit mir rechnen. Buch oder Film: Es gibt nichts Sch\u00f6neres, als es sich am Ende des Tages auf der Couch gem\u00fctlich zu machen und in die Gedankenwelt eines guten Buches einzutauchen \u2013 Lesen ist Abenteuer im Kopf. Wandern, Spazierengehen oder Laufen: alles drei und zwar am besten jeden Tag. Mit ein bisschen Zeiteinteilung geht es sich tats\u00e4chlich fast gehen Tag aus, drau\u00dfen unterwegs zu sein. Fr\u00fchling, Sommer, Herbst oder Winter: Ich kann es im Fr\u00fchling kaum erwarten, die ersten Gr\u00fcnschattierungen in der Natur zu entdecken. Ich liebe hei\u00dfe Sommertage am See und laue Sommerabende am Balkon. Ich mag es, wenn im Herbst die W\u00e4lder in einem Meer aus Farben erstrahlen, Laubrascheln und Kastanien sammeln. Und ich freue mich wie ein Kind, wenn im Dezember die ersten Schneeflocken vom Himmel schweben. Die vier Jahreszeiten sind etwas Wunderbares.","url":"https:\/\/www.salzburgerland.com\/de\/magazin\/author\/ulli-hammerl\/"}]}},"_wl_alt_label":[],"wl:entity_url":"http:\/\/open.salzburgerland.com\/magazin\/post\/pflanz_dir_einen_apfelbaum","_links":{"self":[{"href":"https:\/\/www.salzburgerland.com\/de\/magazin\/wp-json\/wp\/v2\/posts\/146319","targetHints":{"allow":["GET"]}}],"collection":[{"href":"https:\/\/www.salzburgerland.com\/de\/magazin\/wp-json\/wp\/v2\/posts"}],"about":[{"href":"https:\/\/www.salzburgerland.com\/de\/magazin\/wp-json\/wp\/v2\/types\/post"}],"author":[{"embeddable":true,"href":"https:\/\/www.salzburgerland.com\/de\/magazin\/wp-json\/wp\/v2\/users\/90"}],"replies":[{"embeddable":true,"href":"https:\/\/www.salzburgerland.com\/de\/magazin\/wp-json\/wp\/v2\/comments?post=146319"}],"version-history":[{"count":5,"href":"https:\/\/www.salzburgerland.com\/de\/magazin\/wp-json\/wp\/v2\/posts\/146319\/revisions"}],"predecessor-version":[{"id":171743,"href":"https:\/\/www.salzburgerland.com\/de\/magazin\/wp-json\/wp\/v2\/posts\/146319\/revisions\/171743"}],"wp:featuredmedia":[{"embeddable":true,"href":"https:\/\/www.salzburgerland.com\/de\/magazin\/wp-json\/wp\/v2\/media\/146324"}],"wp:attachment":[{"href":"https:\/\/www.salzburgerland.com\/de\/magazin\/wp-json\/wp\/v2\/media?parent=146319"}],"wp:term":[{"taxonomy":"category","embeddable":true,"href":"https:\/\/www.salzburgerland.com\/de\/magazin\/wp-json\/wp\/v2\/categories?post=146319"},{"taxonomy":"post_tag","embeddable":true,"href":"https:\/\/www.salzburgerland.com\/de\/magazin\/wp-json\/wp\/v2\/tags?post=146319"},{"taxonomy":"wl_entity_type","embeddable":true,"href":"https:\/\/www.salzburgerland.com\/de\/magazin\/wp-json\/wp\/v2\/wl_entity_type?post=146319"},{"taxonomy":"monatsauswahl","embeddable":true,"href":"https:\/\/www.salzburgerland.com\/de\/magazin\/wp-json\/wp\/v2\/monatsauswahl?post=146319"}],"curies":[{"name":"wp","href":"https:\/\/api.w.org\/{rel}","templated":true}]}}