{"id":145754,"date":"2020-08-13T08:00:00","date_gmt":"2020-08-13T06:00:00","guid":{"rendered":"https:\/\/www.salzburgerland.com\/de\/magazin\/?p=145754"},"modified":"2020-08-18T11:49:09","modified_gmt":"2020-08-18T09:49:09","slug":"das-bikehotel-nesslerhof","status":"publish","type":"post","link":"https:\/\/www.salzburgerland.com\/de\/magazin\/das-bikehotel-nesslerhof\/","title":{"rendered":"Das Bikehotel Nesslerhof"},"content":{"rendered":"\n<div class=\"wp-block-slt-top topBlocks\">\n<h2 class=\"wp-block-slt-subtitle\">Biken im Tal der Almen<\/h2>\n\n\n\n<p class=\"wp-block-slt-intro\">Das Bikehotel Nesslerhof liegt mitten im Gro\u00dfarltal und wartet mit jeder Menge Service rund um das Mountainbiken auf. In Sachen Tourenangebot finden Biker im Gro\u00dfarltal eine gro\u00dfe Auswahl an Trails und knackige Anstiege.<\/p>\n<\/div>\n\n\n\n<p>Das Gro\u00dfarltal ist f\u00fcr Mountainbiker ein wahres Paradies. Auf 920 Metern gelegen ist das langgezogene Tal die ideal Basis f\u00fcr Touren jeden Schwierigkeitsgrades. Der <a href=\"https:\/\/www.nesslerhof.at\/\" target=\"_blank\" rel=\"noreferrer noopener\">Nesslerhof<\/a> liegt direkt neben dem Flow-Mountainbike-Singletrail, der sich \u00fcber 3,3 Kilometer von der Bergstation Hochbrandbahn ins Tal zieht.<br>Neben dem Singletrail finden sich in Gro\u00dfarl 120 Kilometer Mountainbike-Touren, von Genussrunden bis hin zu knackigen Anstiegen, die alle direkt vom Hotel aus leicht zu erreichen sind. Auf den 15 Touren befinden sich viele Almen, die zur Einkehr einladen. Viele Mountainbiker haben das Tal im Pongau kennen und lieben gelernt und sch\u00e4tzen es, genussvoll auf gut ausgebauten Forststra\u00dfen von Alm zu Alm durch die Berglandschaft rund um Gro\u00dfarl zu radeln. Je nach Tour k\u00f6nnen die Biker zwischen 300 und 900 H\u00f6henmeter absolvieren.<\/p>\n\n\n\n<figure class=\"wp-block-image size-large\"><img loading=\"lazy\" decoding=\"async\" width=\"2000\" height=\"1308\" src=\"https:\/\/www.salzburgerland.com\/de\/magazin\/wp-content\/uploads\/2020\/08\/RS927_HV9A7361-lpr.jpg\" alt=\"Person auf einem Mountainbike bergab durch einen Wald, mit Helm und blauer Kleidung, umgeben von B\u00e4umen und Gr\u00fcn.\" class=\"wp-image-145853\" srcset=\"https:\/\/www.salzburgerland.com\/de\/magazin\/wp-content\/uploads\/2020\/08\/RS927_HV9A7361-lpr.jpg 2000w, https:\/\/www.salzburgerland.com\/de\/magazin\/wp-content\/uploads\/2020\/08\/RS927_HV9A7361-lpr-300x196.jpg 300w, https:\/\/www.salzburgerland.com\/de\/magazin\/wp-content\/uploads\/2020\/08\/RS927_HV9A7361-lpr-1536x1005.jpg 1536w, https:\/\/www.salzburgerland.com\/de\/magazin\/wp-content\/uploads\/2020\/08\/RS927_HV9A7361-lpr-841x550.jpg 841w, https:\/\/www.salzburgerland.com\/de\/magazin\/wp-content\/uploads\/2020\/08\/RS927_HV9A7361-lpr-612x400.jpg 612w, https:\/\/www.salzburgerland.com\/de\/magazin\/wp-content\/uploads\/2020\/08\/RS927_HV9A7361-lpr-150x98.jpg 150w, https:\/\/www.salzburgerland.com\/de\/magazin\/wp-content\/uploads\/2020\/08\/RS927_HV9A7361-lpr-1320x863.jpg 1320w\" sizes=\"auto, (max-width: 2000px) 100vw, 2000px\" \/><figcaption>Biken im Tal der Almen.<\/figcaption><\/figure>\n\n\n\n<p><br>Von Montag bis Samstag bietet der Nesslerhof f\u00fcr seine G\u00e4ste gef\u00fchrte Touren, entweder mit dem Mountainbiker oder mit dem E-Bike, durch die alpine Landschaft des Gro\u00dfarltales an. Am Donnerstag sogar mit dem Chef des Hauses, der die sch\u00f6nsten Pl\u00e4tze in der Region kennt. Dabei ist es nicht schwer, jeden Tag sein pers\u00f6nliches Highlight zu erleben. Sei es eine wundersch\u00f6ne Alm, die Aussicht \u00fcber die Berge der Tauernregion oder der klare Gebirgssee, der zu einer Abk\u00fchlung einl\u00e4dt.<\/p>\n\n\n\n<figure class=\"wp-block-image size-large\"><img loading=\"lazy\" decoding=\"async\" width=\"900\" height=\"600\" src=\"https:\/\/www.salzburgerland.com\/de\/magazin\/wp-content\/uploads\/2020\/08\/kulinarik.jpg\" alt=\"Ein Mann und eine Frau sto\u00dfen mit Weingl\u00e4sern an, w\u00e4hrend sie an einem Restauranttisch elegante Tellergerichte essen.\" class=\"wp-image-145854\" srcset=\"https:\/\/www.salzburgerland.com\/de\/magazin\/wp-content\/uploads\/2020\/08\/kulinarik.jpg 900w, https:\/\/www.salzburgerland.com\/de\/magazin\/wp-content\/uploads\/2020\/08\/kulinarik-300x200.jpg 300w, https:\/\/www.salzburgerland.com\/de\/magazin\/wp-content\/uploads\/2020\/08\/kulinarik-825x550.jpg 825w, https:\/\/www.salzburgerland.com\/de\/magazin\/wp-content\/uploads\/2020\/08\/kulinarik-600x400.jpg 600w, https:\/\/www.salzburgerland.com\/de\/magazin\/wp-content\/uploads\/2020\/08\/kulinarik-150x100.jpg 150w\" sizes=\"auto, (max-width: 900px) 100vw, 900px\" \/><figcaption>Die Kulinarik kommt im Nesslerhof nicht zu kurz.<\/figcaption><\/figure>\n\n\n\n<p><br>Der Nesslerhof ist ganz auf seine Bikeg\u00e4ste eingestellt. Wer m\u00f6chte, kann sich kostenfrei ein Bike direkt im Haus ausleihen, E-Bikes bietet zudem das Sportgesch\u00e4ft gleich um die Ecke zum Verleih an. Ihr eigenes Bike k\u00f6nnen die G\u00e4ste des Nesslerhofes sicher und einfach im Hotel unterstellen.<br>F\u00fcr Genussbiker bietet sich der Talradweg an. Er streckt sich \u00fcber 20 Kilometer durch das Tal. Von Gro\u00dfarl geht es flach und sanft bis zum Talschluss, ideal also auch f\u00fcr Familien und G\u00e4ste, die zum ersten mal auf einem Mountainbike sitzen.<br><\/p>\n\n\n\n<p><strong>Kontakt:<\/strong><br>Hotel Nesslerhof GmbH<br>Familie Neudegger<br>Unterbergstra\u00dfe 50<br>5611&nbsp; Gro\u00dfarl<br><a href=\"https:\/\/www.nesslerhof.at\/\" target=\"_blank\" rel=\"noreferrer noopener\">www.nesslerhof.at<\/a><br>\u00d6sterreich<\/p>\n","protected":false},"excerpt":{"rendered":"<p>Das Gro\u00dfarltal ist f\u00fcr Mountainbiker ein wahres Paradies. Auf 920 Metern gelegen ist das langgezogene Tal die ideal Basis f\u00fcr Touren jeden Schwierigkeitsgrades. Der Nesslerhof liegt direkt neben dem Flow-Mountainbike-Singletrail, der sich \u00fcber 3,3 Kilometer von der Bergstation Hochbrandbahn ins Tal zieht.Neben dem Singletrail finden sich in Gro\u00dfarl 120 Kilometer Mountainbike-Touren, von Genussrunden bis hin [&hellip;]<\/p>\n","protected":false},"author":10,"featured_media":145914,"comment_status":"open","ping_status":"closed","sticky":false,"template":"","format":"standard","meta":{"_acf_changed":false,"wl_entities_gutenberg":"","_wl_entity_redirect_enabled":"","footnotes":""},"categories":[5],"tags":[],"wl_entity_type":[306],"monatsauswahl":[86,87,88,89,90],"class_list":["post-145754","post","type-post","status-publish","format-standard","has-post-thumbnail","hentry","category-hotel-reise","wl_entity_type-article","monatsauswahl-monat_5","monatsauswahl-monat_6","monatsauswahl-monat_7","monatsauswahl-monat_8","monatsauswahl-monat_9"],"acf":[],"yoast_head":"<!-- This site is optimized with the Yoast SEO Premium plugin v27.4 (Yoast SEO v27.4) - https:\/\/yoast.com\/product\/yoast-seo-premium-wordpress\/ -->\n<title>Das Bikehotel Nesslerhof - SalzburgerLand Magazin<\/title>\n<meta name=\"robots\" content=\"index, follow, max-snippet:-1, max-image-preview:large, max-video-preview:-1\" \/>\n<link rel=\"canonical\" href=\"https:\/\/www.salzburgerland.com\/de\/magazin\/das-bikehotel-nesslerhof\/\" \/>\n<meta property=\"og:locale\" content=\"de_DE\" \/>\n<meta property=\"og:type\" content=\"article\" \/>\n<meta property=\"og:title\" content=\"Das Bikehotel Nesslerhof\" \/>\n<meta property=\"og:description\" content=\"Das Gro\u00dfarltal ist f\u00fcr Mountainbiker ein wahres Paradies. Auf 920 Metern gelegen ist das langgezogene Tal die ideal Basis f\u00fcr Touren jeden Schwierigkeitsgrades. Der Nesslerhof liegt direkt neben dem Flow-Mountainbike-Singletrail, der sich \u00fcber 3,3 Kilometer von der Bergstation Hochbrandbahn ins Tal zieht.Neben dem Singletrail finden sich in Gro\u00dfarl 120 Kilometer Mountainbike-Touren, von Genussrunden bis hin [&hellip;]\" \/>\n<meta property=\"og:url\" content=\"https:\/\/www.salzburgerland.com\/de\/magazin\/das-bikehotel-nesslerhof\/\" \/>\n<meta property=\"og:site_name\" content=\"SalzburgerLand Magazin\" \/>\n<meta property=\"article:publisher\" content=\"https:\/\/www.facebook.com\/salzburgerland\/\" \/>\n<meta property=\"article:published_time\" content=\"2020-08-13T06:00:00+00:00\" \/>\n<meta property=\"article:modified_time\" content=\"2020-08-18T09:49:09+00:00\" \/>\n<meta property=\"og:image\" content=\"https:\/\/www.salzburgerland.com\/de\/magazin\/wp-content\/uploads\/2020\/08\/Nesslerhof-1-22-1.jpg\" \/>\n\t<meta property=\"og:image:width\" content=\"2000\" \/>\n\t<meta property=\"og:image:height\" content=\"1335\" \/>\n\t<meta property=\"og:image:type\" content=\"image\/jpeg\" \/>\n<meta name=\"author\" content=\"Heiko Mandl\" \/>\n<meta name=\"twitter:card\" content=\"summary_large_image\" \/>\n<meta name=\"twitter:creator\" content=\"@Salzburgerland\" \/>\n<meta name=\"twitter:site\" content=\"@Salzburgerland\" \/>\n<meta name=\"twitter:label1\" content=\"Verfasst von\" \/>\n\t<meta name=\"twitter:data1\" content=\"Heiko Mandl\" \/>\n\t<meta name=\"twitter:label2\" content=\"Gesch\u00e4tzte Lesezeit\" \/>\n\t<meta name=\"twitter:data2\" content=\"2\u00a0Minuten\" \/>\n<script type=\"application\/ld+json\" class=\"yoast-schema-graph\">{\"@context\":\"https:\\\/\\\/schema.org\",\"@graph\":[{\"@type\":\"Article\",\"@id\":\"https:\\\/\\\/www.salzburgerland.com\\\/de\\\/magazin\\\/das-bikehotel-nesslerhof\\\/#article\",\"isPartOf\":{\"@id\":\"https:\\\/\\\/www.salzburgerland.com\\\/de\\\/magazin\\\/das-bikehotel-nesslerhof\\\/\"},\"author\":{\"name\":\"Heiko Mandl\",\"@id\":\"https:\\\/\\\/www.salzburgerland.com\\\/de\\\/magazin\\\/#\\\/schema\\\/person\\\/8871c7c764fce6ea66752310e7fe9e98\"},\"headline\":\"Das Bikehotel Nesslerhof\",\"datePublished\":\"2020-08-13T06:00:00+00:00\",\"dateModified\":\"2020-08-18T09:49:09+00:00\",\"mainEntityOfPage\":{\"@id\":\"https:\\\/\\\/www.salzburgerland.com\\\/de\\\/magazin\\\/das-bikehotel-nesslerhof\\\/\"},\"wordCount\":377,\"commentCount\":0,\"publisher\":{\"@id\":\"https:\\\/\\\/www.salzburgerland.com\\\/de\\\/magazin\\\/#organization\"},\"image\":{\"@id\":\"https:\\\/\\\/www.salzburgerland.com\\\/de\\\/magazin\\\/das-bikehotel-nesslerhof\\\/#primaryimage\"},\"thumbnailUrl\":\"https:\\\/\\\/www.salzburgerland.com\\\/de\\\/magazin\\\/wp-content\\\/uploads\\\/2020\\\/08\\\/Nesslerhof-1-22-1.jpg\",\"articleSection\":[\"Hotel &amp; Reise\"],\"inLanguage\":\"de\",\"potentialAction\":[{\"@type\":\"CommentAction\",\"name\":\"Comment\",\"target\":[\"https:\\\/\\\/www.salzburgerland.com\\\/de\\\/magazin\\\/das-bikehotel-nesslerhof\\\/#respond\"]}]},{\"@type\":\"WebPage\",\"@id\":\"https:\\\/\\\/www.salzburgerland.com\\\/de\\\/magazin\\\/das-bikehotel-nesslerhof\\\/\",\"url\":\"https:\\\/\\\/www.salzburgerland.com\\\/de\\\/magazin\\\/das-bikehotel-nesslerhof\\\/\",\"name\":\"Das Bikehotel Nesslerhof - SalzburgerLand Magazin\",\"isPartOf\":{\"@id\":\"https:\\\/\\\/www.salzburgerland.com\\\/de\\\/magazin\\\/#website\"},\"primaryImageOfPage\":{\"@id\":\"https:\\\/\\\/www.salzburgerland.com\\\/de\\\/magazin\\\/das-bikehotel-nesslerhof\\\/#primaryimage\"},\"image\":{\"@id\":\"https:\\\/\\\/www.salzburgerland.com\\\/de\\\/magazin\\\/das-bikehotel-nesslerhof\\\/#primaryimage\"},\"thumbnailUrl\":\"https:\\\/\\\/www.salzburgerland.com\\\/de\\\/magazin\\\/wp-content\\\/uploads\\\/2020\\\/08\\\/Nesslerhof-1-22-1.jpg\",\"datePublished\":\"2020-08-13T06:00:00+00:00\",\"dateModified\":\"2020-08-18T09:49:09+00:00\",\"breadcrumb\":{\"@id\":\"https:\\\/\\\/www.salzburgerland.com\\\/de\\\/magazin\\\/das-bikehotel-nesslerhof\\\/#breadcrumb\"},\"inLanguage\":\"de\",\"potentialAction\":[{\"@type\":\"ReadAction\",\"target\":[\"https:\\\/\\\/www.salzburgerland.com\\\/de\\\/magazin\\\/das-bikehotel-nesslerhof\\\/\"]}]},{\"@type\":\"ImageObject\",\"inLanguage\":\"de\",\"@id\":\"https:\\\/\\\/www.salzburgerland.com\\\/de\\\/magazin\\\/das-bikehotel-nesslerhof\\\/#primaryimage\",\"url\":\"https:\\\/\\\/www.salzburgerland.com\\\/de\\\/magazin\\\/wp-content\\\/uploads\\\/2020\\\/08\\\/Nesslerhof-1-22-1.jpg\",\"contentUrl\":\"https:\\\/\\\/www.salzburgerland.com\\\/de\\\/magazin\\\/wp-content\\\/uploads\\\/2020\\\/08\\\/Nesslerhof-1-22-1.jpg\",\"width\":2000,\"height\":1335,\"caption\":\"Infinity-Pool mit Blick auf die Berge, umgeben von H\u00e4usern und Gr\u00fcnanlagen unter einem klaren blauen Himmel.\"},{\"@type\":\"BreadcrumbList\",\"@id\":\"https:\\\/\\\/www.salzburgerland.com\\\/de\\\/magazin\\\/das-bikehotel-nesslerhof\\\/#breadcrumb\",\"itemListElement\":[{\"@type\":\"ListItem\",\"position\":1,\"name\":\"Startseite\",\"item\":\"https:\\\/\\\/www.salzburgerland.com\\\/de\\\/magazin\\\/\"},{\"@type\":\"ListItem\",\"position\":2,\"name\":\"Hotel &amp; Reise\",\"item\":\"https:\\\/\\\/www.salzburgerland.com\\\/de\\\/magazin\\\/thema\\\/hotel-reise\\\/\"},{\"@type\":\"ListItem\",\"position\":3,\"name\":\"Das Bikehotel Nesslerhof\"}]},{\"@type\":\"WebSite\",\"@id\":\"https:\\\/\\\/www.salzburgerland.com\\\/de\\\/magazin\\\/#website\",\"url\":\"https:\\\/\\\/www.salzburgerland.com\\\/de\\\/magazin\\\/\",\"name\":\"SalzburgerLand Magazin\",\"description\":\"Geschichten und Interessantes aus dem SalzburgerLand\",\"publisher\":{\"@id\":\"https:\\\/\\\/www.salzburgerland.com\\\/de\\\/magazin\\\/#organization\"},\"potentialAction\":[{\"@type\":\"SearchAction\",\"target\":{\"@type\":\"EntryPoint\",\"urlTemplate\":\"https:\\\/\\\/www.salzburgerland.com\\\/de\\\/magazin\\\/?s={search_term_string}\"},\"query-input\":{\"@type\":\"PropertyValueSpecification\",\"valueRequired\":true,\"valueName\":\"search_term_string\"}}],\"inLanguage\":\"de\"},{\"@type\":\"Organization\",\"@id\":\"https:\\\/\\\/www.salzburgerland.com\\\/de\\\/magazin\\\/#organization\",\"name\":\"SalzburgerLand Tourismus\",\"url\":\"https:\\\/\\\/www.salzburgerland.com\\\/de\\\/magazin\\\/\",\"logo\":{\"@type\":\"ImageObject\",\"inLanguage\":\"de\",\"@id\":\"https:\\\/\\\/www.salzburgerland.com\\\/de\\\/magazin\\\/#\\\/schema\\\/logo\\\/image\\\/\",\"url\":\"https:\\\/\\\/www.salzburgerland.com\\\/de\\\/magazin\\\/wp-content\\\/uploads\\\/2019\\\/06\\\/salzburgerland-logo1.jpg\",\"contentUrl\":\"https:\\\/\\\/www.salzburgerland.com\\\/de\\\/magazin\\\/wp-content\\\/uploads\\\/2019\\\/06\\\/salzburgerland-logo1.jpg\",\"width\":2011,\"height\":866,\"caption\":\"SalzburgerLand Tourismus\"},\"image\":{\"@id\":\"https:\\\/\\\/www.salzburgerland.com\\\/de\\\/magazin\\\/#\\\/schema\\\/logo\\\/image\\\/\"},\"sameAs\":[\"https:\\\/\\\/www.facebook.com\\\/salzburgerland\\\/\",\"https:\\\/\\\/x.com\\\/Salzburgerland\",\"https:\\\/\\\/www.instagram.com\\\/salzburgerland\\\/\",\"https:\\\/\\\/at.linkedin.com\\\/company\\\/salzburgerland-tourismus-gmbh\",\"https:\\\/\\\/www.pinterest.at\\\/salzburgerland\\\/\",\"https:\\\/\\\/www.youtube.com\\\/user\\\/salzburgerland\",\"https:\\\/\\\/de.wikipedia.org\\\/wiki\\\/SalzburgerLand_Tourismus_GmbH\"]},{\"@type\":\"Person\",\"@id\":\"https:\\\/\\\/www.salzburgerland.com\\\/de\\\/magazin\\\/#\\\/schema\\\/person\\\/8871c7c764fce6ea66752310e7fe9e98\",\"name\":\"Heiko Mandl\",\"description\":\"Heiko Mandl, geboren 1976 in Salzburg, ist durch den Journalismus zur Fotografie gekommen und ist seit zehn Jahren als selbstst\u00e4ndiger Fotograf und Autor in Salzburg t\u00e4tig. Schon von Kindheit an haben ihn die Berge vor seiner Haust\u00fcr fasziniert. Heute z\u00e4hlen sie unter anderem zu seinem Arbeitsplatz. Er arbeitet f\u00fcr internationale Outdoor- und Reisemagazine sowie zahlreiche Firmen und Agenturen. Luxushotel oder Almh\u00fctte: Ich kann beides genie\u00dfen und ich gehe das nach dem Motto: Alles zur richtigen Zeit und zur passenden Gelegenheit an. Wandern oder Laufen: Auf jeden Fall wandern, ist gem\u00fctlicher und man kann sich mehr auf die Umgebung konzentrieren. Golfplatz oder Klettergarten: Klettergarten, zumindest noch die n\u00e4chsten 20 Jahre. Fr\u00fchling, sommer, herbst oder Winter? Fr\u00fchling und Sommer und Herbst und Winter! Im SalzburgerLand ist es das ganze Jahr traumhaft sch\u00f6n. Wellness oder Mountainbike? Zuerst eine Runde mit dem Mountainbike und dann ab in den Wellnesstempel. Das eine schlie\u00dft das andere nicht aus!\",\"url\":\"https:\\\/\\\/www.salzburgerland.com\\\/de\\\/magazin\\\/author\\\/heiko-mandl\\\/\"}]}<\/script>\n<!-- \/ Yoast SEO Premium plugin. -->","yoast_head_json":{"title":"Das Bikehotel Nesslerhof - SalzburgerLand Magazin","robots":{"index":"index","follow":"follow","max-snippet":"max-snippet:-1","max-image-preview":"max-image-preview:large","max-video-preview":"max-video-preview:-1"},"canonical":"https:\/\/www.salzburgerland.com\/de\/magazin\/das-bikehotel-nesslerhof\/","og_locale":"de_DE","og_type":"article","og_title":"Das Bikehotel Nesslerhof","og_description":"Das Gro\u00dfarltal ist f\u00fcr Mountainbiker ein wahres Paradies. Auf 920 Metern gelegen ist das langgezogene Tal die ideal Basis f\u00fcr Touren jeden Schwierigkeitsgrades. Der Nesslerhof liegt direkt neben dem Flow-Mountainbike-Singletrail, der sich \u00fcber 3,3 Kilometer von der Bergstation Hochbrandbahn ins Tal zieht.Neben dem Singletrail finden sich in Gro\u00dfarl 120 Kilometer Mountainbike-Touren, von Genussrunden bis hin [&hellip;]","og_url":"https:\/\/www.salzburgerland.com\/de\/magazin\/das-bikehotel-nesslerhof\/","og_site_name":"SalzburgerLand Magazin","article_publisher":"https:\/\/www.facebook.com\/salzburgerland\/","article_published_time":"2020-08-13T06:00:00+00:00","article_modified_time":"2020-08-18T09:49:09+00:00","og_image":[{"width":2000,"height":1335,"url":"https:\/\/www.salzburgerland.com\/de\/magazin\/wp-content\/uploads\/2020\/08\/Nesslerhof-1-22-1.jpg","type":"image\/jpeg"}],"author":"Heiko Mandl","twitter_card":"summary_large_image","twitter_creator":"@Salzburgerland","twitter_site":"@Salzburgerland","twitter_misc":{"Verfasst von":"Heiko Mandl","Gesch\u00e4tzte Lesezeit":"2\u00a0Minuten"},"schema":{"@context":"https:\/\/schema.org","@graph":[{"@type":"Article","@id":"https:\/\/www.salzburgerland.com\/de\/magazin\/das-bikehotel-nesslerhof\/#article","isPartOf":{"@id":"https:\/\/www.salzburgerland.com\/de\/magazin\/das-bikehotel-nesslerhof\/"},"author":{"name":"Heiko Mandl","@id":"https:\/\/www.salzburgerland.com\/de\/magazin\/#\/schema\/person\/8871c7c764fce6ea66752310e7fe9e98"},"headline":"Das Bikehotel Nesslerhof","datePublished":"2020-08-13T06:00:00+00:00","dateModified":"2020-08-18T09:49:09+00:00","mainEntityOfPage":{"@id":"https:\/\/www.salzburgerland.com\/de\/magazin\/das-bikehotel-nesslerhof\/"},"wordCount":377,"commentCount":0,"publisher":{"@id":"https:\/\/www.salzburgerland.com\/de\/magazin\/#organization"},"image":{"@id":"https:\/\/www.salzburgerland.com\/de\/magazin\/das-bikehotel-nesslerhof\/#primaryimage"},"thumbnailUrl":"https:\/\/www.salzburgerland.com\/de\/magazin\/wp-content\/uploads\/2020\/08\/Nesslerhof-1-22-1.jpg","articleSection":["Hotel &amp; Reise"],"inLanguage":"de","potentialAction":[{"@type":"CommentAction","name":"Comment","target":["https:\/\/www.salzburgerland.com\/de\/magazin\/das-bikehotel-nesslerhof\/#respond"]}]},{"@type":"WebPage","@id":"https:\/\/www.salzburgerland.com\/de\/magazin\/das-bikehotel-nesslerhof\/","url":"https:\/\/www.salzburgerland.com\/de\/magazin\/das-bikehotel-nesslerhof\/","name":"Das Bikehotel Nesslerhof - SalzburgerLand Magazin","isPartOf":{"@id":"https:\/\/www.salzburgerland.com\/de\/magazin\/#website"},"primaryImageOfPage":{"@id":"https:\/\/www.salzburgerland.com\/de\/magazin\/das-bikehotel-nesslerhof\/#primaryimage"},"image":{"@id":"https:\/\/www.salzburgerland.com\/de\/magazin\/das-bikehotel-nesslerhof\/#primaryimage"},"thumbnailUrl":"https:\/\/www.salzburgerland.com\/de\/magazin\/wp-content\/uploads\/2020\/08\/Nesslerhof-1-22-1.jpg","datePublished":"2020-08-13T06:00:00+00:00","dateModified":"2020-08-18T09:49:09+00:00","breadcrumb":{"@id":"https:\/\/www.salzburgerland.com\/de\/magazin\/das-bikehotel-nesslerhof\/#breadcrumb"},"inLanguage":"de","potentialAction":[{"@type":"ReadAction","target":["https:\/\/www.salzburgerland.com\/de\/magazin\/das-bikehotel-nesslerhof\/"]}]},{"@type":"ImageObject","inLanguage":"de","@id":"https:\/\/www.salzburgerland.com\/de\/magazin\/das-bikehotel-nesslerhof\/#primaryimage","url":"https:\/\/www.salzburgerland.com\/de\/magazin\/wp-content\/uploads\/2020\/08\/Nesslerhof-1-22-1.jpg","contentUrl":"https:\/\/www.salzburgerland.com\/de\/magazin\/wp-content\/uploads\/2020\/08\/Nesslerhof-1-22-1.jpg","width":2000,"height":1335,"caption":"Infinity-Pool mit Blick auf die Berge, umgeben von H\u00e4usern und Gr\u00fcnanlagen unter einem klaren blauen Himmel."},{"@type":"BreadcrumbList","@id":"https:\/\/www.salzburgerland.com\/de\/magazin\/das-bikehotel-nesslerhof\/#breadcrumb","itemListElement":[{"@type":"ListItem","position":1,"name":"Startseite","item":"https:\/\/www.salzburgerland.com\/de\/magazin\/"},{"@type":"ListItem","position":2,"name":"Hotel &amp; Reise","item":"https:\/\/www.salzburgerland.com\/de\/magazin\/thema\/hotel-reise\/"},{"@type":"ListItem","position":3,"name":"Das Bikehotel Nesslerhof"}]},{"@type":"WebSite","@id":"https:\/\/www.salzburgerland.com\/de\/magazin\/#website","url":"https:\/\/www.salzburgerland.com\/de\/magazin\/","name":"SalzburgerLand Magazin","description":"Geschichten und Interessantes aus dem SalzburgerLand","publisher":{"@id":"https:\/\/www.salzburgerland.com\/de\/magazin\/#organization"},"potentialAction":[{"@type":"SearchAction","target":{"@type":"EntryPoint","urlTemplate":"https:\/\/www.salzburgerland.com\/de\/magazin\/?s={search_term_string}"},"query-input":{"@type":"PropertyValueSpecification","valueRequired":true,"valueName":"search_term_string"}}],"inLanguage":"de"},{"@type":"Organization","@id":"https:\/\/www.salzburgerland.com\/de\/magazin\/#organization","name":"SalzburgerLand Tourismus","url":"https:\/\/www.salzburgerland.com\/de\/magazin\/","logo":{"@type":"ImageObject","inLanguage":"de","@id":"https:\/\/www.salzburgerland.com\/de\/magazin\/#\/schema\/logo\/image\/","url":"https:\/\/www.salzburgerland.com\/de\/magazin\/wp-content\/uploads\/2019\/06\/salzburgerland-logo1.jpg","contentUrl":"https:\/\/www.salzburgerland.com\/de\/magazin\/wp-content\/uploads\/2019\/06\/salzburgerland-logo1.jpg","width":2011,"height":866,"caption":"SalzburgerLand Tourismus"},"image":{"@id":"https:\/\/www.salzburgerland.com\/de\/magazin\/#\/schema\/logo\/image\/"},"sameAs":["https:\/\/www.facebook.com\/salzburgerland\/","https:\/\/x.com\/Salzburgerland","https:\/\/www.instagram.com\/salzburgerland\/","https:\/\/at.linkedin.com\/company\/salzburgerland-tourismus-gmbh","https:\/\/www.pinterest.at\/salzburgerland\/","https:\/\/www.youtube.com\/user\/salzburgerland","https:\/\/de.wikipedia.org\/wiki\/SalzburgerLand_Tourismus_GmbH"]},{"@type":"Person","@id":"https:\/\/www.salzburgerland.com\/de\/magazin\/#\/schema\/person\/8871c7c764fce6ea66752310e7fe9e98","name":"Heiko Mandl","description":"Heiko Mandl, geboren 1976 in Salzburg, ist durch den Journalismus zur Fotografie gekommen und ist seit zehn Jahren als selbstst\u00e4ndiger Fotograf und Autor in Salzburg t\u00e4tig. Schon von Kindheit an haben ihn die Berge vor seiner Haust\u00fcr fasziniert. Heute z\u00e4hlen sie unter anderem zu seinem Arbeitsplatz. Er arbeitet f\u00fcr internationale Outdoor- und Reisemagazine sowie zahlreiche Firmen und Agenturen. Luxushotel oder Almh\u00fctte: Ich kann beides genie\u00dfen und ich gehe das nach dem Motto: Alles zur richtigen Zeit und zur passenden Gelegenheit an. Wandern oder Laufen: Auf jeden Fall wandern, ist gem\u00fctlicher und man kann sich mehr auf die Umgebung konzentrieren. Golfplatz oder Klettergarten: Klettergarten, zumindest noch die n\u00e4chsten 20 Jahre. Fr\u00fchling, sommer, herbst oder Winter? Fr\u00fchling und Sommer und Herbst und Winter! Im SalzburgerLand ist es das ganze Jahr traumhaft sch\u00f6n. Wellness oder Mountainbike? Zuerst eine Runde mit dem Mountainbike und dann ab in den Wellnesstempel. Das eine schlie\u00dft das andere nicht aus!","url":"https:\/\/www.salzburgerland.com\/de\/magazin\/author\/heiko-mandl\/"}]}},"_wl_alt_label":[],"wl:entity_url":"http:\/\/open.salzburgerland.com\/magazin\/post\/das_bikehotel_nesslerhof","_links":{"self":[{"href":"https:\/\/www.salzburgerland.com\/de\/magazin\/wp-json\/wp\/v2\/posts\/145754","targetHints":{"allow":["GET"]}}],"collection":[{"href":"https:\/\/www.salzburgerland.com\/de\/magazin\/wp-json\/wp\/v2\/posts"}],"about":[{"href":"https:\/\/www.salzburgerland.com\/de\/magazin\/wp-json\/wp\/v2\/types\/post"}],"author":[{"embeddable":true,"href":"https:\/\/www.salzburgerland.com\/de\/magazin\/wp-json\/wp\/v2\/users\/10"}],"replies":[{"embeddable":true,"href":"https:\/\/www.salzburgerland.com\/de\/magazin\/wp-json\/wp\/v2\/comments?post=145754"}],"version-history":[{"count":5,"href":"https:\/\/www.salzburgerland.com\/de\/magazin\/wp-json\/wp\/v2\/posts\/145754\/revisions"}],"predecessor-version":[{"id":145917,"href":"https:\/\/www.salzburgerland.com\/de\/magazin\/wp-json\/wp\/v2\/posts\/145754\/revisions\/145917"}],"wp:featuredmedia":[{"embeddable":true,"href":"https:\/\/www.salzburgerland.com\/de\/magazin\/wp-json\/wp\/v2\/media\/145914"}],"wp:attachment":[{"href":"https:\/\/www.salzburgerland.com\/de\/magazin\/wp-json\/wp\/v2\/media?parent=145754"}],"wp:term":[{"taxonomy":"category","embeddable":true,"href":"https:\/\/www.salzburgerland.com\/de\/magazin\/wp-json\/wp\/v2\/categories?post=145754"},{"taxonomy":"post_tag","embeddable":true,"href":"https:\/\/www.salzburgerland.com\/de\/magazin\/wp-json\/wp\/v2\/tags?post=145754"},{"taxonomy":"wl_entity_type","embeddable":true,"href":"https:\/\/www.salzburgerland.com\/de\/magazin\/wp-json\/wp\/v2\/wl_entity_type?post=145754"},{"taxonomy":"monatsauswahl","embeddable":true,"href":"https:\/\/www.salzburgerland.com\/de\/magazin\/wp-json\/wp\/v2\/monatsauswahl?post=145754"}],"curies":[{"name":"wp","href":"https:\/\/api.w.org\/{rel}","templated":true}]}}