{"id":145471,"date":"2020-07-16T08:00:00","date_gmt":"2020-07-16T06:00:00","guid":{"rendered":"https:\/\/www.salzburgerland.com\/de\/magazin\/?p=145471"},"modified":"2021-03-23T06:44:59","modified_gmt":"2021-03-23T05:44:59","slug":"luchs-baer-und-wolf","status":"publish","type":"post","link":"https:\/\/www.salzburgerland.com\/de\/magazin\/luchs-baer-und-wolf\/","title":{"rendered":"Luchs, B\u00e4r und Wolf"},"content":{"rendered":"\n<div class=\"wp-block-slt-top topBlocks\">\n<h2 class=\"wp-block-slt-subtitle\">Besuch im Wild- &amp; Erlebnispark Ferleiten<\/h2>\n\n\n\n<p class=\"wp-block-slt-intro\">Ein Luchs-Baby begeistert derzeit die Besucher im Wildpark Ferleiten bei Fusch an der Glocknerstra\u00dfe. Aber auch das neue Kombi-Gehege, in dem sich B\u00e4ren und W\u00f6lfe gemeinschaftlich ein Revier teilen, ist ein Besuchermagnet in dem privat gef\u00fchrten Wildpark.<\/p>\n<\/div>\n\n\n\n<p>Ich bin sozusagen Stammgast im Wildpark Ferleiten und durfte auch im <a href=\"https:\/\/www.salzburgerland.com\/de\/magazin\/winter-im-wildpark-ferleiten\/\" target=\"_blank\" aria-label=\"undefined (opens in a new tab)\" rel=\"noreferrer noopener\">Winter einen Blick hinter die Kulissen<\/a> werfen. Aber jedes Mal aufs Neue lasse ich mich bei einem Spaziergang durch die alpenl\u00e4ndische Tierwelt begeistern. Nat\u00fcrlich bin auch ich (wie die meisten Kinder um mich herum) entz\u00fcckt von den kleinen Hasen, Meerschweinchen und Mini-Ziegen. Und auch die m\u00e4chtigen Bisons und die Wildschweine wollen begutachtet werden. Doch diesmal zieht es mich weiter\u2026<\/p>\n\n\n\n<h2 class=\"wp-block-heading\"><strong>Wanderung durchs Hirschgehege<\/strong><\/h2>\n\n\n\n<p>Nach dem verheerenden Murenabgang im November 2019, bei dem einige Tiere ums Leben kamen und 15 St\u00fcck Steinwild aus dem besch\u00e4digten Gehege entkommen sind, ist das Hirsch- und Steinwild-Gehege nun mit hohen Investitionskosten wiederhergestellt. Versehen mit vier neuen Futterstellen kann man das Wild hier jetzt noch besser beobachten. Doch daf\u00fcr fehlt mir heute die Mu\u00dfe, denn ungeduldig zieht es mich ein paar Gehege weiter\u2026 Nat\u00fcrlich sage ich entlang des Weges den faulen Waschb\u00e4ren hallo, zwinkere den stillen Eulen zu und lache \u00fcber die frechen Murmeltiere. Doch endlich bin ich angekommen\u2026 beim neuen Kombi-Gehege von B\u00e4ren und W\u00f6lfen.<\/p>\n\n\n<div class=\"mag-gallery\"><div class=\"row\"><div class=\"col-6 col-sm-4\"><figure><a class=\"thumb-container\" href=\"https:\/\/www.salzburgerland.com\/de\/magazin\/wp-content\/uploads\/2020\/07\/ferleiten-0558-1280x1024.jpg\">\t<picture><source media=\"(min-width: 576px)\" srcset=\"https:\/\/www.salzburgerland.com\/de\/magazin\/wp-content\/uploads\/2020\/07\/ferleiten-0558-325x209.jpg 325w, https:\/\/www.salzburgerland.com\/de\/magazin\/wp-content\/uploads\/2020\/07\/ferleiten-0558-249x160.jpg 249w\"><\/source><source media=\"(min-width: 0)\" srcset=\"https:\/\/www.salzburgerland.com\/de\/magazin\/wp-content\/uploads\/2020\/07\/ferleiten-0558-249x160.jpg 249w, https:\/\/www.salzburgerland.com\/de\/magazin\/wp-content\/uploads\/2020\/07\/ferleiten-0558-325x209.jpg 325w\"><\/source><img decoding=\"async\" alt=\"Ein Hirsch und ein Reh stehen auf einer grasbewachsenen Anh&ouml;he mit einem Wald im Hintergrund.\" src=\"https:\/\/www.salzburgerland.com\/de\/magazin\/wp-content\/uploads\/2020\/07\/ferleiten-0558-scaled.jpg\">\t<\/picture><figcaption> c Daniel Schwab &#8211; Naturfotografie Im Hirschgehege<\/figcaption><\/a><\/figure><\/div><div class=\"col-6 col-sm-4\"><figure><a class=\"thumb-container\" href=\"https:\/\/www.salzburgerland.com\/de\/magazin\/wp-content\/uploads\/2020\/07\/ferleiten-5306-1280x1024.jpg\">\t<picture><source media=\"(min-width: 576px)\" srcset=\"https:\/\/www.salzburgerland.com\/de\/magazin\/wp-content\/uploads\/2020\/07\/ferleiten-5306-325x209.jpg 325w, https:\/\/www.salzburgerland.com\/de\/magazin\/wp-content\/uploads\/2020\/07\/ferleiten-5306-249x160.jpg 249w\"><\/source><source media=\"(min-width: 0)\" srcset=\"https:\/\/www.salzburgerland.com\/de\/magazin\/wp-content\/uploads\/2020\/07\/ferleiten-5306-249x160.jpg 249w, https:\/\/www.salzburgerland.com\/de\/magazin\/wp-content\/uploads\/2020\/07\/ferleiten-5306-325x209.jpg 325w\"><\/source><img decoding=\"async\" alt=\"Ein Hirsch streichelt ein junges Rehkitz und ber&uuml;hrt dabei sanft seine Nase am Kopf des Kitzes.\" src=\"https:\/\/www.salzburgerland.com\/de\/magazin\/wp-content\/uploads\/2020\/07\/ferleiten-5306-scaled.jpg\">\t<\/picture><figcaption> c Daniel Schwab &#8211; Naturfotografie Auch hier gibt es Nachwuchs. <\/figcaption><\/a><\/figure><\/div><div class=\"col-6 col-sm-4\"><figure><a class=\"thumb-container\" href=\"https:\/\/www.salzburgerland.com\/de\/magazin\/wp-content\/uploads\/2020\/07\/ferleiten-5339-1280x1024.jpg\">\t<picture><source media=\"(min-width: 576px)\" srcset=\"https:\/\/www.salzburgerland.com\/de\/magazin\/wp-content\/uploads\/2020\/07\/ferleiten-5339-325x209.jpg 325w, https:\/\/www.salzburgerland.com\/de\/magazin\/wp-content\/uploads\/2020\/07\/ferleiten-5339-249x160.jpg 249w\"><\/source><source media=\"(min-width: 0)\" srcset=\"https:\/\/www.salzburgerland.com\/de\/magazin\/wp-content\/uploads\/2020\/07\/ferleiten-5339-249x160.jpg 249w, https:\/\/www.salzburgerland.com\/de\/magazin\/wp-content\/uploads\/2020\/07\/ferleiten-5339-325x209.jpg 325w\"><\/source><img decoding=\"async\" alt=\"Eine junge Bergziege steht auf gr&uuml;nem Gras in der N&auml;he von Baumst&auml;mmen und schaut nach links.\" src=\"https:\/\/www.salzburgerland.com\/de\/magazin\/wp-content\/uploads\/2020\/07\/ferleiten-5339-scaled.jpg\">\t<\/picture><figcaption> c Daniel Schwab &#8211; Naturfotografie Nachwuchs im Wildpark<\/figcaption><\/a><\/figure><\/div><\/div><figcaption><\/figcaption><\/div>\n\n\n\n<h2 class=\"wp-block-heading\">Neues Kombi-Gehege<\/h2>\n\n\n\n<p>Hier treffe ich mich mit Simon Mayr-Reisch, der gemeinsam mit seinen Eltern und seinem Bruder Andreas den Wildpark betreibt. Gern gibt er mir Auskunft \u00fcber dieses neue Gehege, in dem zwei m\u00e4chtige Tierarten friedlich nebeneinander leben: \u201eSchon l\u00e4nger planten wir eine Neugestaltung unseres alten B\u00e4rengeheges, das nicht mehr dem Standard entsprach. Der Wildpark wurde 1979 von meinem Vater gegr\u00fcndet und das B\u00e4renpaar begeisterte seit den 1980-er Jahren die Besucher. Gemeinsam mit der Landschaftsarchitektin Dr. Monika Fiby entwickelten wir \u00fcber die letzten Jahre den Plan f\u00fcr ein Gemeinschaftsgehege mit den W\u00f6lfen. Wenn der Platz gro\u00df genug ist, die Population klein ist und R\u00fcckzugsm\u00f6glichkeiten bestehen, funktioniert ein friedliches Nebeneinander auch in der freien Natur. Trotzdem war die Er\u00f6ffnung unseres neuen Geheges auch f\u00fcr uns ein spannender Moment. Doch nach kurzem Beschnuppern am Zaun und vorsichtigem Herantasten sitzen und essen sie mittlerweile sogar nebeneinander wie Geschwister.\u201c <\/p>\n\n\n<div class=\"mag-gallery\"><div class=\"row\"><div class=\"col-6 col-sm-4\"><figure><a class=\"thumb-container\" href=\"https:\/\/www.salzburgerland.com\/de\/magazin\/wp-content\/uploads\/2020\/07\/ferleitn-8300-1280x1024.jpg\">\t<picture><source media=\"(min-width: 576px)\" srcset=\"https:\/\/www.salzburgerland.com\/de\/magazin\/wp-content\/uploads\/2020\/07\/ferleitn-8300-325x209.jpg 325w, https:\/\/www.salzburgerland.com\/de\/magazin\/wp-content\/uploads\/2020\/07\/ferleitn-8300-249x160.jpg 249w\"><\/source><source media=\"(min-width: 0)\" srcset=\"https:\/\/www.salzburgerland.com\/de\/magazin\/wp-content\/uploads\/2020\/07\/ferleitn-8300-249x160.jpg 249w, https:\/\/www.salzburgerland.com\/de\/magazin\/wp-content\/uploads\/2020\/07\/ferleitn-8300-325x209.jpg 325w\"><\/source><img decoding=\"async\" alt=\"Zweist&ouml;ckiges Holzgeb&auml;ude mit Treppen und einer B&auml;renstatue im Vordergrund, umgeben von B&auml;umen.\" src=\"https:\/\/www.salzburgerland.com\/de\/magazin\/wp-content\/uploads\/2020\/07\/ferleitn-8300-scaled.jpg\">\t<\/picture><figcaption> c Daniel Schwab &#8211; Naturfotografie Die Zuschauertrib&uuml;ne des Kombi-Geheges.<\/figcaption><\/a><\/figure><\/div><div class=\"col-6 col-sm-4\"><figure><a class=\"thumb-container\" href=\"https:\/\/www.salzburgerland.com\/de\/magazin\/wp-content\/uploads\/2020\/07\/ferleitn-8290-1280x1024.jpg\">\t<picture><source media=\"(min-width: 576px)\" srcset=\"https:\/\/www.salzburgerland.com\/de\/magazin\/wp-content\/uploads\/2020\/07\/ferleitn-8290-325x209.jpg 325w, https:\/\/www.salzburgerland.com\/de\/magazin\/wp-content\/uploads\/2020\/07\/ferleitn-8290-249x160.jpg 249w\"><\/source><source media=\"(min-width: 0)\" srcset=\"https:\/\/www.salzburgerland.com\/de\/magazin\/wp-content\/uploads\/2020\/07\/ferleitn-8290-249x160.jpg 249w, https:\/\/www.salzburgerland.com\/de\/magazin\/wp-content\/uploads\/2020\/07\/ferleitn-8290-325x209.jpg 325w\"><\/source><img decoding=\"async\" alt=\"Ein felsiges Gel&auml;nde mit einem kleinen Teich, umgeben von Z&auml;unen und B&auml;umen in einer bergigen Gegend.\" src=\"https:\/\/www.salzburgerland.com\/de\/magazin\/wp-content\/uploads\/2020\/07\/ferleitn-8290-scaled.jpg\">\t<\/picture><figcaption> c Daniel Schwab &#8211; Naturfotografie Das neue B&auml;ren\/Wolf-Gehege<\/figcaption><\/a><\/figure><\/div><div class=\"col-6 col-sm-4\"><figure><a class=\"thumb-container\" href=\"https:\/\/www.salzburgerland.com\/de\/magazin\/wp-content\/uploads\/2020\/07\/ferleiten-0749-1280x1024.jpg\">\t<picture><source media=\"(min-width: 576px)\" srcset=\"https:\/\/www.salzburgerland.com\/de\/magazin\/wp-content\/uploads\/2020\/07\/ferleiten-0749-325x209.jpg 325w, https:\/\/www.salzburgerland.com\/de\/magazin\/wp-content\/uploads\/2020\/07\/ferleiten-0749-249x160.jpg 249w\"><\/source><source media=\"(min-width: 0)\" srcset=\"https:\/\/www.salzburgerland.com\/de\/magazin\/wp-content\/uploads\/2020\/07\/ferleiten-0749-249x160.jpg 249w, https:\/\/www.salzburgerland.com\/de\/magazin\/wp-content\/uploads\/2020\/07\/ferleiten-0749-325x209.jpg 325w\"><\/source><img decoding=\"async\" alt=\"Zwei B&auml;ren im Wasser, der eine mit offenem Maul dem anderen zugewandt, m&ouml;glicherweise im Spielkampf oder knurrend.\" src=\"https:\/\/www.salzburgerland.com\/de\/magazin\/wp-content\/uploads\/2020\/07\/ferleiten-0749-scaled.jpg\">\t<\/picture><figcaption> c Daniel Schwab &#8211; Naturfotografie<\/figcaption><\/a><\/figure><\/div><div class=\"col-6 col-sm-4\"><figure><a class=\"thumb-container\" href=\"https:\/\/www.salzburgerland.com\/de\/magazin\/wp-content\/uploads\/2020\/07\/%C2%A9Wild-Erlebnispark-Ferleiten_Daniel-Schwab-Nuturfotografie_Wolf-1280x1024.jpg\">\t<picture><source media=\"(min-width: 576px)\" srcset=\"\"><\/source><source media=\"(min-width: 0)\" srcset=\"https:\/\/www.salzburgerland.com\/de\/magazin\/wp-content\/uploads\/2020\/07\/&copy;Wild-Erlebnispark-Ferleiten_Daniel-Schwab-Nuturfotografie_Wolf-scaled.jpg 1707w, https:\/\/www.salzburgerland.com\/de\/magazin\/wp-content\/uploads\/2020\/07\/&copy;Wild-Erlebnispark-Ferleiten_Daniel-Schwab-Nuturfotografie_Wolf-200x300.jpg 200w, https:\/\/www.salzburgerland.com\/de\/magazin\/wp-content\/uploads\/2020\/07\/&copy;Wild-Erlebnispark-Ferleiten_Daniel-Schwab-Nuturfotografie_Wolf-1024x1536.jpg 1024w, https:\/\/www.salzburgerland.com\/de\/magazin\/wp-content\/uploads\/2020\/07\/&copy;Wild-Erlebnispark-Ferleiten_Daniel-Schwab-Nuturfotografie_Wolf-1365x2048.jpg 1365w, https:\/\/www.salzburgerland.com\/de\/magazin\/wp-content\/uploads\/2020\/07\/&copy;Wild-Erlebnispark-Ferleiten_Daniel-Schwab-Nuturfotografie_Wolf-367x550.jpg 367w, https:\/\/www.salzburgerland.com\/de\/magazin\/wp-content\/uploads\/2020\/07\/&copy;Wild-Erlebnispark-Ferleiten_Daniel-Schwab-Nuturfotografie_Wolf-267x400.jpg 267w, https:\/\/www.salzburgerland.com\/de\/magazin\/wp-content\/uploads\/2020\/07\/&copy;Wild-Erlebnispark-Ferleiten_Daniel-Schwab-Nuturfotografie_Wolf-1320x1980.jpg 1320w\"><\/source><img decoding=\"async\" alt=\"Ein Wolf l&auml;uft auf einem unbefestigten Weg auf die Kamera zu, umgeben von Gr&uuml;nzeug im Hintergrund.\" src=\"https:\/\/www.salzburgerland.com\/de\/magazin\/wp-content\/uploads\/2020\/07\/%C2%A9Wild-Erlebnispark-Ferleiten_Daniel-Schwab-Nuturfotografie_Wolf-scaled.jpg\">\t<\/picture><figcaption> c Daniel Schwab &#8211; Naturfotografie<\/figcaption><\/a><\/figure><\/div><div class=\"col-6 col-sm-4\"><figure><a class=\"thumb-container\" href=\"https:\/\/www.salzburgerland.com\/de\/magazin\/wp-content\/uploads\/2020\/07\/ferleitn-8312-1280x1024.jpg\">\t<picture><source media=\"(min-width: 576px)\" srcset=\"https:\/\/www.salzburgerland.com\/de\/magazin\/wp-content\/uploads\/2020\/07\/ferleitn-8312-325x209.jpg 325w, https:\/\/www.salzburgerland.com\/de\/magazin\/wp-content\/uploads\/2020\/07\/ferleitn-8312-249x160.jpg 249w\"><\/source><source media=\"(min-width: 0)\" srcset=\"https:\/\/www.salzburgerland.com\/de\/magazin\/wp-content\/uploads\/2020\/07\/ferleitn-8312-249x160.jpg 249w, https:\/\/www.salzburgerland.com\/de\/magazin\/wp-content\/uploads\/2020\/07\/ferleitn-8312-325x209.jpg 325w\"><\/source><img decoding=\"async\" alt=\"Ein Wolf, der mit offenem Maul im hohen, gr&uuml;nen Gras steht und wachsam und aufmerksam schaut.\" src=\"https:\/\/www.salzburgerland.com\/de\/magazin\/wp-content\/uploads\/2020\/07\/ferleitn-8312-scaled.jpg\">\t<\/picture><figcaption> c Daniel Schwab &#8211; Naturfotografie Der Wolf im neuen Gehege. <\/figcaption><\/a><\/figure><\/div><div class=\"col-6 col-sm-4\"><figure><a class=\"thumb-container\" href=\"https:\/\/www.salzburgerland.com\/de\/magazin\/wp-content\/uploads\/2020\/07\/ferleitn-8313-1280x1024.jpg\">\t<picture><source media=\"(min-width: 576px)\" srcset=\"https:\/\/www.salzburgerland.com\/de\/magazin\/wp-content\/uploads\/2020\/07\/ferleitn-8313-325x209.jpg 325w, https:\/\/www.salzburgerland.com\/de\/magazin\/wp-content\/uploads\/2020\/07\/ferleitn-8313-249x160.jpg 249w\"><\/source><source media=\"(min-width: 0)\" srcset=\"https:\/\/www.salzburgerland.com\/de\/magazin\/wp-content\/uploads\/2020\/07\/ferleitn-8313-249x160.jpg 249w, https:\/\/www.salzburgerland.com\/de\/magazin\/wp-content\/uploads\/2020\/07\/ferleitn-8313-325x209.jpg 325w\"><\/source><img decoding=\"async\" alt=\"Zwei W&ouml;lfe gehen auf einem von gr&uuml;nem Gras umgebenen Feldweg, beide sehen aufmerksam und entspannt aus.\" src=\"https:\/\/www.salzburgerland.com\/de\/magazin\/wp-content\/uploads\/2020\/07\/ferleitn-8313-scaled.jpg\">\t<\/picture><figcaption> c Daniel Schwab &#8211; Naturfotografie Die W&ouml;lfe im Wildpark. <\/figcaption><\/a><\/figure><\/div><\/div><figcaption><\/figcaption><\/div>\n\n\n\n<h2 class=\"wp-block-heading\">Freie Sicht auf B\u00e4r und Wolf<\/h2>\n\n\n\n<p>Wir sitzen auf der gro\u00dfen Besuchertrib\u00fcne und haben freie Sicht auf einen gro\u00dfen Teil des Geheges und entspannt r\u00e4kelt sich ein Braunb\u00e4r unter uns im Sonnenschein. Keine f\u00fcnf Meter weiter hat sich ein Wolf zusammengekringelt und schl\u00e4ft friedlich. Ich habe mein Fernglas mitgebracht und kann nun in aller Ruhe die beiden beobachten, w\u00e4hrend Simon weitererz\u00e4hlt: \u201eWir haben die alten B\u00e4ren in den verdienten Ruhestand in den Wildpark Gr\u00fcnau geschickt. Hier ist das vierj\u00e4hrige B\u00e4renpaar Ralu und Luserl eingezogen \u2013 so ist die Gew\u00f6hnung an ein neues Gehege einfach unproblematischer. Die W\u00f6lfe Traudi und Antonia sind f\u00fcnf Jahre und k\u00f6nnten sich in dem dreiteiligen Gehege \u00fcbrigens jederzeit in ihren Teil zur\u00fcckziehen, zu dem B\u00e4ren keinen Zutritt haben.\u201c Stundenlang k\u00f6nnte ich hier sitzen und Wolf und B\u00e4r beobachten, doch noch ein Highlight des Wildparks zieht mich magisch an \u2013 der Nachwuchs im Luchsgehege!<\/p>\n\n\n<div class=\"mag-gallery\"><div class=\"row\"><div class=\"col-6 col-sm-4\"><figure><a class=\"thumb-container\" href=\"https:\/\/www.salzburgerland.com\/de\/magazin\/wp-content\/uploads\/2020\/07\/Luchs-8309-1280x1024.jpg\">\t<picture><source media=\"(min-width: 576px)\" srcset=\"https:\/\/www.salzburgerland.com\/de\/magazin\/wp-content\/uploads\/2020\/07\/Luchs-8309-325x209.jpg 325w, https:\/\/www.salzburgerland.com\/de\/magazin\/wp-content\/uploads\/2020\/07\/Luchs-8309-249x160.jpg 249w\"><\/source><source media=\"(min-width: 0)\" srcset=\"https:\/\/www.salzburgerland.com\/de\/magazin\/wp-content\/uploads\/2020\/07\/Luchs-8309-249x160.jpg 249w, https:\/\/www.salzburgerland.com\/de\/magazin\/wp-content\/uploads\/2020\/07\/Luchs-8309-325x209.jpg 325w\"><\/source><img decoding=\"async\" alt=\"Ein erwachsener Luchs und ein Luchsk&auml;tzchen sitzen eng beieinander und schauen beide in Richtung Kamera.\" src=\"https:\/\/www.salzburgerland.com\/de\/magazin\/wp-content\/uploads\/2020\/07\/Luchs-8309-scaled.jpg\">\t<\/picture><figcaption> c Daniel Schwab &#8211; Naturfotografie Besuchermagneten im Wildpark. <\/figcaption><\/a><\/figure><\/div><div class=\"col-6 col-sm-4\"><figure><a class=\"thumb-container\" href=\"https:\/\/www.salzburgerland.com\/de\/magazin\/wp-content\/uploads\/2020\/07\/luchs-4545-1280x1024.jpg\">\t<picture><source media=\"(min-width: 576px)\" srcset=\"https:\/\/www.salzburgerland.com\/de\/magazin\/wp-content\/uploads\/2020\/07\/luchs-4545-325x209.jpg 325w, https:\/\/www.salzburgerland.com\/de\/magazin\/wp-content\/uploads\/2020\/07\/luchs-4545-249x160.jpg 249w\"><\/source><source media=\"(min-width: 0)\" srcset=\"https:\/\/www.salzburgerland.com\/de\/magazin\/wp-content\/uploads\/2020\/07\/luchs-4545-249x160.jpg 249w, https:\/\/www.salzburgerland.com\/de\/magazin\/wp-content\/uploads\/2020\/07\/luchs-4545-325x209.jpg 325w\"><\/source><img decoding=\"async\" alt=\"Ein Luchsk&auml;tzchen streift durch gr&uuml;nes Gras und schaut mit erhobener Pfote nach vorne.\" src=\"https:\/\/www.salzburgerland.com\/de\/magazin\/wp-content\/uploads\/2020\/07\/luchs-4545-scaled.jpg\">\t<\/picture><figcaption> c Daniel Schwab &#8211; Naturfotografie Auf Entdeckungsreise.<\/figcaption><\/a><\/figure><\/div><div class=\"col-6 col-sm-4\"><figure><a class=\"thumb-container\" href=\"https:\/\/www.salzburgerland.com\/de\/magazin\/wp-content\/uploads\/2020\/07\/Luchs-8303-1280x1024.jpg\">\t<picture><source media=\"(min-width: 576px)\" srcset=\"https:\/\/www.salzburgerland.com\/de\/magazin\/wp-content\/uploads\/2020\/07\/Luchs-8303-325x209.jpg 325w, https:\/\/www.salzburgerland.com\/de\/magazin\/wp-content\/uploads\/2020\/07\/Luchs-8303-249x160.jpg 249w\"><\/source><source media=\"(min-width: 0)\" srcset=\"https:\/\/www.salzburgerland.com\/de\/magazin\/wp-content\/uploads\/2020\/07\/Luchs-8303-249x160.jpg 249w, https:\/\/www.salzburgerland.com\/de\/magazin\/wp-content\/uploads\/2020\/07\/Luchs-8303-325x209.jpg 325w\"><\/source><img decoding=\"async\" alt=\"Ein junger Luchs mit Pinselohren sitzt vor einem dunklen Hintergrund und schaut aufmerksam und neugierig.\" src=\"https:\/\/www.salzburgerland.com\/de\/magazin\/wp-content\/uploads\/2020\/07\/Luchs-8303-scaled.jpg\">\t<\/picture><figcaption> c Daniel Schwab &#8211; Naturfotografie Katzluchs.<\/figcaption><\/a><\/figure><\/div><div class=\"col-6 col-sm-4\"><figure><a class=\"thumb-container\" href=\"https:\/\/www.salzburgerland.com\/de\/magazin\/wp-content\/uploads\/2020\/07\/bslyi6d8uhk-1280x1024.jpg\">\t<picture><source media=\"(min-width: 576px)\" srcset=\"https:\/\/www.salzburgerland.com\/de\/magazin\/wp-content\/uploads\/2020\/07\/bslyi6d8uhk-325x209.jpg 325w, https:\/\/www.salzburgerland.com\/de\/magazin\/wp-content\/uploads\/2020\/07\/bslyi6d8uhk-249x160.jpg 249w\"><\/source><source media=\"(min-width: 0)\" srcset=\"https:\/\/www.salzburgerland.com\/de\/magazin\/wp-content\/uploads\/2020\/07\/bslyi6d8uhk-249x160.jpg 249w, https:\/\/www.salzburgerland.com\/de\/magazin\/wp-content\/uploads\/2020\/07\/bslyi6d8uhk-325x209.jpg 325w\"><\/source><img decoding=\"async\" alt=\"Ein erwachsener Luchs und sein Jungtier sitzen dicht beieinander und schauen nach vorne, vor einem unscharfen gr&uuml;nen Hintergrund.\" src=\"https:\/\/www.salzburgerland.com\/de\/magazin\/wp-content\/uploads\/2020\/07\/bslyi6d8uhk.jpg\">\t<\/picture><figcaption> c Daniel Schwab &#8211; Naturfotografie Mama und Katzluchs<\/figcaption><\/a><\/figure><\/div><div class=\"col-6 col-sm-4\"><figure><a class=\"thumb-container\" href=\"https:\/\/www.salzburgerland.com\/de\/magazin\/wp-content\/uploads\/2020\/07\/ferleiten-3692-2-1280x1024.jpg\">\t<picture><source media=\"(min-width: 576px)\" srcset=\"https:\/\/www.salzburgerland.com\/de\/magazin\/wp-content\/uploads\/2020\/07\/ferleiten-3692-2-325x209.jpg 325w, https:\/\/www.salzburgerland.com\/de\/magazin\/wp-content\/uploads\/2020\/07\/ferleiten-3692-2-249x160.jpg 249w\"><\/source><source media=\"(min-width: 0)\" srcset=\"https:\/\/www.salzburgerland.com\/de\/magazin\/wp-content\/uploads\/2020\/07\/ferleiten-3692-2-249x160.jpg 249w, https:\/\/www.salzburgerland.com\/de\/magazin\/wp-content\/uploads\/2020\/07\/ferleiten-3692-2-325x209.jpg 325w\"><\/source><img decoding=\"async\" alt=\"Luchsk&auml;tzchen, das auf den Hinterbeinen neben einem Erwachsenen steht, umgeben von gr&uuml;nen Bl&auml;ttern und Pflanzen.\" src=\"https:\/\/www.salzburgerland.com\/de\/magazin\/wp-content\/uploads\/2020\/07\/ferleiten-3692-2-scaled.jpg\">\t<\/picture><figcaption> c Daniel Schwab &#8211; Naturfotografie Mama Poldi hat das Luchsbaby fest im Griff. <\/figcaption><\/a><\/figure><\/div><div class=\"col-6 col-sm-4\"><figure><a class=\"thumb-container\" href=\"https:\/\/www.salzburgerland.com\/de\/magazin\/wp-content\/uploads\/2020\/07\/ferleiten-3662-1280x1024.jpg\">\t<picture><source media=\"(min-width: 576px)\" srcset=\"https:\/\/www.salzburgerland.com\/de\/magazin\/wp-content\/uploads\/2020\/07\/ferleiten-3662-325x209.jpg 325w, https:\/\/www.salzburgerland.com\/de\/magazin\/wp-content\/uploads\/2020\/07\/ferleiten-3662-249x160.jpg 249w\"><\/source><source media=\"(min-width: 0)\" srcset=\"https:\/\/www.salzburgerland.com\/de\/magazin\/wp-content\/uploads\/2020\/07\/ferleiten-3662-249x160.jpg 249w, https:\/\/www.salzburgerland.com\/de\/magazin\/wp-content\/uploads\/2020\/07\/ferleiten-3662-325x209.jpg 325w\"><\/source><img decoding=\"async\" alt=\"Ein erwachsener Luchs und ein Luchsjunges sitzen eng beieinander, beide schauen nach vorne, vor einem dunklen Hintergrund.\" src=\"https:\/\/www.salzburgerland.com\/de\/magazin\/wp-content\/uploads\/2020\/07\/ferleiten-3662-scaled.jpg\">\t<\/picture><figcaption> c Daniel Schwab &#8211; Naturfotografie Das namenlose Luchsbaby mit Mama Poldi. <\/figcaption><\/a><\/figure><\/div><\/div><figcaption><\/figcaption><\/div>\n\n\n\n<h2 class=\"wp-block-heading\"><strong>Namenloses Luchs-Baby<\/strong><\/h2>\n\n\n\n<p>Tapsig erkundet das kleine Fellb\u00fcndel neugierig das Gehege. Schon im Vorjahr begeisterte der Luchsnachwuchs \u201eSana\u201c die Besucher. Und auch in diesem Jahr sind Luchsmama Poldi und Arthur stolz auf ihren am 5. Mai zur Welt gekommenen flauschigen Nachwuchs. \u201eLuchsnachwuchs im Wildpark ist absolut nichts Allt\u00e4gliches. Und auch wir waren \u00fcberrascht, dass Poldi erneut Nachwuchs erwartet. Noch k\u00f6nnen wir nicht sagen, ob das Luchsbaby ein Weibchen oder M\u00e4nnchen ist \u2013 wir suchen daher derzeit noch gemeinsam mit den Sehern von ORF-Salzburg einen Namen f\u00fcr sie oder ihn. Die einj\u00e4hrige Sana hat in der Zwischenzeit ein eigenes Gehege bezogen und wird in einiger Zeit an den Wildpark in Feldkirch weitergegeben.\u201c Verspielt tollt der Katzluchs gerade mit seiner Mama im Gehege und gibt den zahlreichen Besuchern ausreichend M\u00f6glichkeit f\u00fcr entz\u00fccktes Beobachten. Mit der sommerlichen Mittagshitze ziehen sich die Wildtiere nun in den Schatten f\u00fcr eine entspannte Siesta zur\u00fcck. Auch ich entscheide mich f\u00fcr ein schattiges Pl\u00e4tzchen im angrenzenden Restaurant und einen kurzen Ausflug ins K\u00e4fertal. Doch wahrscheinlich werde ich am sp\u00e4ten Nachmittag nochmals vorbeischauen bei Wolf, B\u00e4r und Luchs, denn t\u00e4glich bis 20 Uhr kann man den Wild- &amp; Erlebnispark Ferleiten besuchen.<\/p>\n\n\n\n<p><\/p>\n\n\n\n<p>Alle Fotos: c Daniel Schwab &#8211; Narurfotografie <\/p>\n\n\n\n<figure class=\"wp-block-embed is-type-video is-provider-youtube wp-block-embed-youtube wp-embed-aspect-16-9 wp-has-aspect-ratio\"><div class=\"wp-block-embed__wrapper\">\n<iframe loading=\"lazy\" title=\"Luchs Baby - Wild- &amp; Erlebnispark Ferleiten\" width=\"640\" height=\"360\" src=\"https:\/\/www.youtube-nocookie.com\/embed\/bsLYi6d8UHk?feature=oembed&#038;rel=0&#038;modestbranding=1\" frameborder=\"0\" allow=\"accelerometer; autoplay; clipboard-write; encrypted-media; gyroscope; picture-in-picture; web-share\" referrerpolicy=\"strict-origin-when-cross-origin\" allowfullscreen><\/iframe>\n<\/div><\/figure>\n\n\n\n<p><strong>Wild- &amp; Erlebnispark Ferleiten<\/strong><br><strong>Familie Mayr-Reisch<\/strong><br><a aria-label=\"undefined (opens in a new tab)\" href=\"http:\/\/www.Wildpark-ferleiten.at\" target=\"_blank\" rel=\"noreferrer noopener\">www.Wildpark-ferleiten.at<\/a><br><a aria-label=\"undefined (opens in a new tab)\" href=\"mailto:info@wildpark-ferleiten.at\" target=\"_blank\" rel=\"noreferrer noopener\">info@wildpark-ferleiten.at<\/a><br><a href=\"http:\/\/facebook.com\/ferleiten\">facebook.com\/ferleiten<\/a><\/p>\n\n\n","protected":false},"excerpt":{"rendered":"<p>Ich bin sozusagen Stammgast im Wildpark Ferleiten und durfte auch im Winter einen Blick hinter die Kulissen werfen. Aber jedes Mal aufs Neue lasse ich mich bei einem Spaziergang durch die alpenl\u00e4ndische Tierwelt begeistern. Nat\u00fcrlich bin auch ich (wie die meisten Kinder um mich herum) entz\u00fcckt von den kleinen Hasen, Meerschweinchen und Mini-Ziegen. Und auch [&hellip;]<\/p>\n","protected":false},"author":11,"featured_media":145487,"comment_status":"open","ping_status":"closed","sticky":false,"template":"","format":"standard","meta":{"_acf_changed":false,"wl_entities_gutenberg":"","_wl_entity_redirect_enabled":"","footnotes":""},"categories":[9],"tags":[231,6709],"wl_entity_type":[306],"monatsauswahl":[86,87,88,89,90,91],"class_list":["post-145471","post","type-post","status-publish","format-standard","has-post-thumbnail","hentry","category-sehenswurdig","tag-family","tag-salzburgerland-card","wl_entity_type-article","monatsauswahl-monat_5","monatsauswahl-monat_6","monatsauswahl-monat_7","monatsauswahl-monat_8","monatsauswahl-monat_9","monatsauswahl-monat_10"],"acf":[],"yoast_head":"<!-- This site is optimized with the Yoast SEO Premium plugin v27.4 (Yoast SEO v27.4) - https:\/\/yoast.com\/product\/yoast-seo-premium-wordpress\/ -->\n<title>Luchs, B\u00e4r und Wolf in Ferleiten - SalzburgerLand Magazin<\/title>\n<meta name=\"description\" content=\"Nicht nur ein Luchs-Baby begeistert derzeit die Besucher im beliebten Wildpark Ferleiten bei Fusch an der Glocknerstra\u00dfe.\" \/>\n<meta name=\"robots\" content=\"index, follow, max-snippet:-1, max-image-preview:large, max-video-preview:-1\" \/>\n<link rel=\"canonical\" href=\"https:\/\/www.salzburgerland.com\/de\/magazin\/luchs-baer-und-wolf\/\" \/>\n<meta property=\"og:locale\" content=\"de_DE\" \/>\n<meta property=\"og:type\" content=\"article\" \/>\n<meta property=\"og:title\" content=\"Luchs, B\u00e4r und Wolf\" \/>\n<meta property=\"og:description\" content=\"Nicht nur ein Luchs-Baby begeistert derzeit die Besucher im beliebten Wildpark Ferleiten bei Fusch an der Glocknerstra\u00dfe.\" \/>\n<meta property=\"og:url\" content=\"https:\/\/www.salzburgerland.com\/de\/magazin\/luchs-baer-und-wolf\/\" \/>\n<meta property=\"og:site_name\" content=\"SalzburgerLand Magazin\" \/>\n<meta property=\"article:publisher\" content=\"https:\/\/www.facebook.com\/salzburgerland\/\" \/>\n<meta property=\"article:published_time\" content=\"2020-07-16T06:00:00+00:00\" \/>\n<meta property=\"article:modified_time\" content=\"2021-03-23T05:44:59+00:00\" \/>\n<meta property=\"og:image\" content=\"https:\/\/www.salzburgerland.com\/de\/magazin\/wp-content\/uploads\/2020\/07\/Luchs-8312-scaled.jpg\" \/>\n\t<meta property=\"og:image:width\" content=\"2560\" \/>\n\t<meta property=\"og:image:height\" content=\"1017\" \/>\n\t<meta property=\"og:image:type\" content=\"image\/jpeg\" \/>\n<meta name=\"author\" content=\"Edith Danzer\" \/>\n<meta name=\"twitter:card\" content=\"summary_large_image\" \/>\n<meta name=\"twitter:creator\" content=\"@Salzburgerland\" \/>\n<meta name=\"twitter:site\" content=\"@Salzburgerland\" \/>\n<meta name=\"twitter:label1\" content=\"Verfasst von\" \/>\n\t<meta name=\"twitter:data1\" content=\"Edith Danzer\" \/>\n\t<meta name=\"twitter:label2\" content=\"Gesch\u00e4tzte Lesezeit\" \/>\n\t<meta name=\"twitter:data2\" content=\"7\u00a0Minuten\" \/>\n<script type=\"application\/ld+json\" class=\"yoast-schema-graph\">{\"@context\":\"https:\\\/\\\/schema.org\",\"@graph\":[{\"@type\":\"Article\",\"@id\":\"https:\\\/\\\/www.salzburgerland.com\\\/de\\\/magazin\\\/luchs-baer-und-wolf\\\/#article\",\"isPartOf\":{\"@id\":\"https:\\\/\\\/www.salzburgerland.com\\\/de\\\/magazin\\\/luchs-baer-und-wolf\\\/\"},\"author\":{\"name\":\"Edith Danzer\",\"@id\":\"https:\\\/\\\/www.salzburgerland.com\\\/de\\\/magazin\\\/#\\\/schema\\\/person\\\/79452c699c410aa31a119426313748de\"},\"headline\":\"Luchs, B\u00e4r und Wolf\",\"datePublished\":\"2020-07-16T06:00:00+00:00\",\"dateModified\":\"2021-03-23T05:44:59+00:00\",\"mainEntityOfPage\":{\"@id\":\"https:\\\/\\\/www.salzburgerland.com\\\/de\\\/magazin\\\/luchs-baer-und-wolf\\\/\"},\"wordCount\":915,\"commentCount\":0,\"publisher\":{\"@id\":\"https:\\\/\\\/www.salzburgerland.com\\\/de\\\/magazin\\\/#organization\"},\"image\":{\"@id\":\"https:\\\/\\\/www.salzburgerland.com\\\/de\\\/magazin\\\/luchs-baer-und-wolf\\\/#primaryimage\"},\"thumbnailUrl\":\"https:\\\/\\\/www.salzburgerland.com\\\/de\\\/magazin\\\/wp-content\\\/uploads\\\/2020\\\/07\\\/Luchs-8312-scaled.jpg\",\"keywords\":[\"Family-Time im SalzburgerLand\",\"SalzburgerLand Card\"],\"articleSection\":[\"Sehensw\u00fcrdig\"],\"inLanguage\":\"de\",\"potentialAction\":[{\"@type\":\"CommentAction\",\"name\":\"Comment\",\"target\":[\"https:\\\/\\\/www.salzburgerland.com\\\/de\\\/magazin\\\/luchs-baer-und-wolf\\\/#respond\"]}]},{\"@type\":\"WebPage\",\"@id\":\"https:\\\/\\\/www.salzburgerland.com\\\/de\\\/magazin\\\/luchs-baer-und-wolf\\\/\",\"url\":\"https:\\\/\\\/www.salzburgerland.com\\\/de\\\/magazin\\\/luchs-baer-und-wolf\\\/\",\"name\":\"Luchs, B\u00e4r und Wolf in Ferleiten - SalzburgerLand Magazin\",\"isPartOf\":{\"@id\":\"https:\\\/\\\/www.salzburgerland.com\\\/de\\\/magazin\\\/#website\"},\"primaryImageOfPage\":{\"@id\":\"https:\\\/\\\/www.salzburgerland.com\\\/de\\\/magazin\\\/luchs-baer-und-wolf\\\/#primaryimage\"},\"image\":{\"@id\":\"https:\\\/\\\/www.salzburgerland.com\\\/de\\\/magazin\\\/luchs-baer-und-wolf\\\/#primaryimage\"},\"thumbnailUrl\":\"https:\\\/\\\/www.salzburgerland.com\\\/de\\\/magazin\\\/wp-content\\\/uploads\\\/2020\\\/07\\\/Luchs-8312-scaled.jpg\",\"datePublished\":\"2020-07-16T06:00:00+00:00\",\"dateModified\":\"2021-03-23T05:44:59+00:00\",\"description\":\"Nicht nur ein Luchs-Baby begeistert derzeit die Besucher im beliebten Wildpark Ferleiten bei Fusch an der Glocknerstra\u00dfe.\",\"breadcrumb\":{\"@id\":\"https:\\\/\\\/www.salzburgerland.com\\\/de\\\/magazin\\\/luchs-baer-und-wolf\\\/#breadcrumb\"},\"inLanguage\":\"de\",\"potentialAction\":[{\"@type\":\"ReadAction\",\"target\":[\"https:\\\/\\\/www.salzburgerland.com\\\/de\\\/magazin\\\/luchs-baer-und-wolf\\\/\"]}]},{\"@type\":\"ImageObject\",\"inLanguage\":\"de\",\"@id\":\"https:\\\/\\\/www.salzburgerland.com\\\/de\\\/magazin\\\/luchs-baer-und-wolf\\\/#primaryimage\",\"url\":\"https:\\\/\\\/www.salzburgerland.com\\\/de\\\/magazin\\\/wp-content\\\/uploads\\\/2020\\\/07\\\/Luchs-8312-scaled.jpg\",\"contentUrl\":\"https:\\\/\\\/www.salzburgerland.com\\\/de\\\/magazin\\\/wp-content\\\/uploads\\\/2020\\\/07\\\/Luchs-8312-scaled.jpg\",\"width\":2560,\"height\":1017,\"caption\":\"c Daniel Schwab - Naturfotografie\"},{\"@type\":\"BreadcrumbList\",\"@id\":\"https:\\\/\\\/www.salzburgerland.com\\\/de\\\/magazin\\\/luchs-baer-und-wolf\\\/#breadcrumb\",\"itemListElement\":[{\"@type\":\"ListItem\",\"position\":1,\"name\":\"Startseite\",\"item\":\"https:\\\/\\\/www.salzburgerland.com\\\/de\\\/magazin\\\/\"},{\"@type\":\"ListItem\",\"position\":2,\"name\":\"Sehensw\u00fcrdig\",\"item\":\"https:\\\/\\\/www.salzburgerland.com\\\/de\\\/magazin\\\/thema\\\/sehenswurdig\\\/\"},{\"@type\":\"ListItem\",\"position\":3,\"name\":\"Luchs, B\u00e4r und Wolf\"}]},{\"@type\":\"WebSite\",\"@id\":\"https:\\\/\\\/www.salzburgerland.com\\\/de\\\/magazin\\\/#website\",\"url\":\"https:\\\/\\\/www.salzburgerland.com\\\/de\\\/magazin\\\/\",\"name\":\"SalzburgerLand Magazin\",\"description\":\"Geschichten und Interessantes aus dem SalzburgerLand\",\"publisher\":{\"@id\":\"https:\\\/\\\/www.salzburgerland.com\\\/de\\\/magazin\\\/#organization\"},\"potentialAction\":[{\"@type\":\"SearchAction\",\"target\":{\"@type\":\"EntryPoint\",\"urlTemplate\":\"https:\\\/\\\/www.salzburgerland.com\\\/de\\\/magazin\\\/?s={search_term_string}\"},\"query-input\":{\"@type\":\"PropertyValueSpecification\",\"valueRequired\":true,\"valueName\":\"search_term_string\"}}],\"inLanguage\":\"de\"},{\"@type\":\"Organization\",\"@id\":\"https:\\\/\\\/www.salzburgerland.com\\\/de\\\/magazin\\\/#organization\",\"name\":\"SalzburgerLand Tourismus\",\"url\":\"https:\\\/\\\/www.salzburgerland.com\\\/de\\\/magazin\\\/\",\"logo\":{\"@type\":\"ImageObject\",\"inLanguage\":\"de\",\"@id\":\"https:\\\/\\\/www.salzburgerland.com\\\/de\\\/magazin\\\/#\\\/schema\\\/logo\\\/image\\\/\",\"url\":\"https:\\\/\\\/www.salzburgerland.com\\\/de\\\/magazin\\\/wp-content\\\/uploads\\\/2019\\\/06\\\/salzburgerland-logo1.jpg\",\"contentUrl\":\"https:\\\/\\\/www.salzburgerland.com\\\/de\\\/magazin\\\/wp-content\\\/uploads\\\/2019\\\/06\\\/salzburgerland-logo1.jpg\",\"width\":2011,\"height\":866,\"caption\":\"SalzburgerLand Tourismus\"},\"image\":{\"@id\":\"https:\\\/\\\/www.salzburgerland.com\\\/de\\\/magazin\\\/#\\\/schema\\\/logo\\\/image\\\/\"},\"sameAs\":[\"https:\\\/\\\/www.facebook.com\\\/salzburgerland\\\/\",\"https:\\\/\\\/x.com\\\/Salzburgerland\",\"https:\\\/\\\/www.instagram.com\\\/salzburgerland\\\/\",\"https:\\\/\\\/at.linkedin.com\\\/company\\\/salzburgerland-tourismus-gmbh\",\"https:\\\/\\\/www.pinterest.at\\\/salzburgerland\\\/\",\"https:\\\/\\\/www.youtube.com\\\/user\\\/salzburgerland\",\"https:\\\/\\\/de.wikipedia.org\\\/wiki\\\/SalzburgerLand_Tourismus_GmbH\"]},{\"@type\":\"Person\",\"@id\":\"https:\\\/\\\/www.salzburgerland.com\\\/de\\\/magazin\\\/#\\\/schema\\\/person\\\/79452c699c410aa31a119426313748de\",\"name\":\"Edith Danzer\",\"description\":\"Seit Jahren arbeite ich als freie Redakteurin und Fotografin im SalzburgerLand. Schreiben ist f\u00fcr mich nicht blo\u00df das Erstellen eines Textes. Es ist ein Komponieren einer wundervollen Melodie, ein Malen mit Buchstaben und Worten. Ich liebe die Begegnungen mit Menschen, die mir ihre Geschichte anvertrauen. Wenn man mich sucht, bin ich entweder am Schreibtisch (der auch mal am sonnigen H\u00fcttenbankerl stehen kann) oder mit meinem Husky-M\u00e4dl Ylvi am Berg, am See oder im Wald. Ich \u2026 \u2026 in ein paar Worten. \u2022 Lieber drau\u00dfen, als drinnen. \u2022 Lieber Norden, als S\u00fcden. \u2022 Lieber Buchstaben, als Zahlen. \u2022 Lieber Schnee, als Strand. \u2022 Lieber Berg, als Tal. \u2022 Lieber Nordlichter, als S\u00fcdseezauber. \u2022 Lieber H\u00fctte, als F\u00fcnfsternschuppen. \u2022 Lieber Hund, als Katze. \u2022 Lieber grader Michl, als falscher Fufzga. \u2022 Lieber mittendurch, als drumherum \u2022 Lieber Almleben, als Couchpotato\",\"url\":\"https:\\\/\\\/www.salzburgerland.com\\\/de\\\/magazin\\\/author\\\/edith-danzer\\\/\"}]}<\/script>\n<meta property=\"og:video\" content=\"https:\/\/www.youtube.com\/embed\/bsLYi6d8UHk\" \/>\n<meta property=\"og:video:type\" content=\"text\/html\" \/>\n<meta property=\"og:video:duration\" content=\"60\" \/>\n<meta property=\"og:video:width\" content=\"480\" \/>\n<meta property=\"og:video:height\" content=\"270\" \/>\n<meta property=\"ya:ovs:adult\" content=\"false\" \/>\n<meta property=\"ya:ovs:upload_date\" content=\"2020-07-16T06:00:00+00:00\" \/>\n<meta property=\"ya:ovs:allow_embed\" content=\"true\" \/>\n<!-- \/ Yoast SEO Premium plugin. -->","yoast_head_json":{"title":"Luchs, B\u00e4r und Wolf in Ferleiten - SalzburgerLand Magazin","description":"Nicht nur ein Luchs-Baby begeistert derzeit die Besucher im beliebten Wildpark Ferleiten bei Fusch an der Glocknerstra\u00dfe.","robots":{"index":"index","follow":"follow","max-snippet":"max-snippet:-1","max-image-preview":"max-image-preview:large","max-video-preview":"max-video-preview:-1"},"canonical":"https:\/\/www.salzburgerland.com\/de\/magazin\/luchs-baer-und-wolf\/","og_locale":"de_DE","og_type":"article","og_title":"Luchs, B\u00e4r und Wolf","og_description":"Nicht nur ein Luchs-Baby begeistert derzeit die Besucher im beliebten Wildpark Ferleiten bei Fusch an der Glocknerstra\u00dfe.","og_url":"https:\/\/www.salzburgerland.com\/de\/magazin\/luchs-baer-und-wolf\/","og_site_name":"SalzburgerLand Magazin","article_publisher":"https:\/\/www.facebook.com\/salzburgerland\/","article_published_time":"2020-07-16T06:00:00+00:00","article_modified_time":"2021-03-23T05:44:59+00:00","og_image":[{"width":2560,"height":1017,"url":"https:\/\/www.salzburgerland.com\/de\/magazin\/wp-content\/uploads\/2020\/07\/Luchs-8312-scaled.jpg","type":"image\/jpeg"}],"author":"Edith Danzer","twitter_card":"summary_large_image","twitter_creator":"@Salzburgerland","twitter_site":"@Salzburgerland","twitter_misc":{"Verfasst von":"Edith Danzer","Gesch\u00e4tzte Lesezeit":"7\u00a0Minuten"},"schema":{"@context":"https:\/\/schema.org","@graph":[{"@type":"Article","@id":"https:\/\/www.salzburgerland.com\/de\/magazin\/luchs-baer-und-wolf\/#article","isPartOf":{"@id":"https:\/\/www.salzburgerland.com\/de\/magazin\/luchs-baer-und-wolf\/"},"author":{"name":"Edith Danzer","@id":"https:\/\/www.salzburgerland.com\/de\/magazin\/#\/schema\/person\/79452c699c410aa31a119426313748de"},"headline":"Luchs, B\u00e4r und Wolf","datePublished":"2020-07-16T06:00:00+00:00","dateModified":"2021-03-23T05:44:59+00:00","mainEntityOfPage":{"@id":"https:\/\/www.salzburgerland.com\/de\/magazin\/luchs-baer-und-wolf\/"},"wordCount":915,"commentCount":0,"publisher":{"@id":"https:\/\/www.salzburgerland.com\/de\/magazin\/#organization"},"image":{"@id":"https:\/\/www.salzburgerland.com\/de\/magazin\/luchs-baer-und-wolf\/#primaryimage"},"thumbnailUrl":"https:\/\/www.salzburgerland.com\/de\/magazin\/wp-content\/uploads\/2020\/07\/Luchs-8312-scaled.jpg","keywords":["Family-Time im SalzburgerLand","SalzburgerLand Card"],"articleSection":["Sehensw\u00fcrdig"],"inLanguage":"de","potentialAction":[{"@type":"CommentAction","name":"Comment","target":["https:\/\/www.salzburgerland.com\/de\/magazin\/luchs-baer-und-wolf\/#respond"]}]},{"@type":"WebPage","@id":"https:\/\/www.salzburgerland.com\/de\/magazin\/luchs-baer-und-wolf\/","url":"https:\/\/www.salzburgerland.com\/de\/magazin\/luchs-baer-und-wolf\/","name":"Luchs, B\u00e4r und Wolf in Ferleiten - SalzburgerLand Magazin","isPartOf":{"@id":"https:\/\/www.salzburgerland.com\/de\/magazin\/#website"},"primaryImageOfPage":{"@id":"https:\/\/www.salzburgerland.com\/de\/magazin\/luchs-baer-und-wolf\/#primaryimage"},"image":{"@id":"https:\/\/www.salzburgerland.com\/de\/magazin\/luchs-baer-und-wolf\/#primaryimage"},"thumbnailUrl":"https:\/\/www.salzburgerland.com\/de\/magazin\/wp-content\/uploads\/2020\/07\/Luchs-8312-scaled.jpg","datePublished":"2020-07-16T06:00:00+00:00","dateModified":"2021-03-23T05:44:59+00:00","description":"Nicht nur ein Luchs-Baby begeistert derzeit die Besucher im beliebten Wildpark Ferleiten bei Fusch an der Glocknerstra\u00dfe.","breadcrumb":{"@id":"https:\/\/www.salzburgerland.com\/de\/magazin\/luchs-baer-und-wolf\/#breadcrumb"},"inLanguage":"de","potentialAction":[{"@type":"ReadAction","target":["https:\/\/www.salzburgerland.com\/de\/magazin\/luchs-baer-und-wolf\/"]}]},{"@type":"ImageObject","inLanguage":"de","@id":"https:\/\/www.salzburgerland.com\/de\/magazin\/luchs-baer-und-wolf\/#primaryimage","url":"https:\/\/www.salzburgerland.com\/de\/magazin\/wp-content\/uploads\/2020\/07\/Luchs-8312-scaled.jpg","contentUrl":"https:\/\/www.salzburgerland.com\/de\/magazin\/wp-content\/uploads\/2020\/07\/Luchs-8312-scaled.jpg","width":2560,"height":1017,"caption":"c Daniel Schwab - Naturfotografie"},{"@type":"BreadcrumbList","@id":"https:\/\/www.salzburgerland.com\/de\/magazin\/luchs-baer-und-wolf\/#breadcrumb","itemListElement":[{"@type":"ListItem","position":1,"name":"Startseite","item":"https:\/\/www.salzburgerland.com\/de\/magazin\/"},{"@type":"ListItem","position":2,"name":"Sehensw\u00fcrdig","item":"https:\/\/www.salzburgerland.com\/de\/magazin\/thema\/sehenswurdig\/"},{"@type":"ListItem","position":3,"name":"Luchs, B\u00e4r und Wolf"}]},{"@type":"WebSite","@id":"https:\/\/www.salzburgerland.com\/de\/magazin\/#website","url":"https:\/\/www.salzburgerland.com\/de\/magazin\/","name":"SalzburgerLand Magazin","description":"Geschichten und Interessantes aus dem SalzburgerLand","publisher":{"@id":"https:\/\/www.salzburgerland.com\/de\/magazin\/#organization"},"potentialAction":[{"@type":"SearchAction","target":{"@type":"EntryPoint","urlTemplate":"https:\/\/www.salzburgerland.com\/de\/magazin\/?s={search_term_string}"},"query-input":{"@type":"PropertyValueSpecification","valueRequired":true,"valueName":"search_term_string"}}],"inLanguage":"de"},{"@type":"Organization","@id":"https:\/\/www.salzburgerland.com\/de\/magazin\/#organization","name":"SalzburgerLand Tourismus","url":"https:\/\/www.salzburgerland.com\/de\/magazin\/","logo":{"@type":"ImageObject","inLanguage":"de","@id":"https:\/\/www.salzburgerland.com\/de\/magazin\/#\/schema\/logo\/image\/","url":"https:\/\/www.salzburgerland.com\/de\/magazin\/wp-content\/uploads\/2019\/06\/salzburgerland-logo1.jpg","contentUrl":"https:\/\/www.salzburgerland.com\/de\/magazin\/wp-content\/uploads\/2019\/06\/salzburgerland-logo1.jpg","width":2011,"height":866,"caption":"SalzburgerLand Tourismus"},"image":{"@id":"https:\/\/www.salzburgerland.com\/de\/magazin\/#\/schema\/logo\/image\/"},"sameAs":["https:\/\/www.facebook.com\/salzburgerland\/","https:\/\/x.com\/Salzburgerland","https:\/\/www.instagram.com\/salzburgerland\/","https:\/\/at.linkedin.com\/company\/salzburgerland-tourismus-gmbh","https:\/\/www.pinterest.at\/salzburgerland\/","https:\/\/www.youtube.com\/user\/salzburgerland","https:\/\/de.wikipedia.org\/wiki\/SalzburgerLand_Tourismus_GmbH"]},{"@type":"Person","@id":"https:\/\/www.salzburgerland.com\/de\/magazin\/#\/schema\/person\/79452c699c410aa31a119426313748de","name":"Edith Danzer","description":"Seit Jahren arbeite ich als freie Redakteurin und Fotografin im SalzburgerLand. Schreiben ist f\u00fcr mich nicht blo\u00df das Erstellen eines Textes. Es ist ein Komponieren einer wundervollen Melodie, ein Malen mit Buchstaben und Worten. Ich liebe die Begegnungen mit Menschen, die mir ihre Geschichte anvertrauen. Wenn man mich sucht, bin ich entweder am Schreibtisch (der auch mal am sonnigen H\u00fcttenbankerl stehen kann) oder mit meinem Husky-M\u00e4dl Ylvi am Berg, am See oder im Wald. Ich \u2026 \u2026 in ein paar Worten. \u2022 Lieber drau\u00dfen, als drinnen. \u2022 Lieber Norden, als S\u00fcden. \u2022 Lieber Buchstaben, als Zahlen. \u2022 Lieber Schnee, als Strand. \u2022 Lieber Berg, als Tal. \u2022 Lieber Nordlichter, als S\u00fcdseezauber. \u2022 Lieber H\u00fctte, als F\u00fcnfsternschuppen. \u2022 Lieber Hund, als Katze. \u2022 Lieber grader Michl, als falscher Fufzga. \u2022 Lieber mittendurch, als drumherum \u2022 Lieber Almleben, als Couchpotato","url":"https:\/\/www.salzburgerland.com\/de\/magazin\/author\/edith-danzer\/"}]},"og_video":"https:\/\/www.youtube.com\/embed\/bsLYi6d8UHk","og_video_type":"text\/html","og_video_duration":"60","og_video_width":"480","og_video_height":"270","ya_ovs_adult":"false","ya_ovs_upload_date":"2020-07-16T06:00:00+00:00","ya_ovs_allow_embed":"true"},"_wl_alt_label":[],"wl:entity_url":"http:\/\/open.salzburgerland.com\/magazin\/post\/luchs__baer_und_wolf","_links":{"self":[{"href":"https:\/\/www.salzburgerland.com\/de\/magazin\/wp-json\/wp\/v2\/posts\/145471","targetHints":{"allow":["GET"]}}],"collection":[{"href":"https:\/\/www.salzburgerland.com\/de\/magazin\/wp-json\/wp\/v2\/posts"}],"about":[{"href":"https:\/\/www.salzburgerland.com\/de\/magazin\/wp-json\/wp\/v2\/types\/post"}],"author":[{"embeddable":true,"href":"https:\/\/www.salzburgerland.com\/de\/magazin\/wp-json\/wp\/v2\/users\/11"}],"replies":[{"embeddable":true,"href":"https:\/\/www.salzburgerland.com\/de\/magazin\/wp-json\/wp\/v2\/comments?post=145471"}],"version-history":[{"count":5,"href":"https:\/\/www.salzburgerland.com\/de\/magazin\/wp-json\/wp\/v2\/posts\/145471\/revisions"}],"predecessor-version":[{"id":151768,"href":"https:\/\/www.salzburgerland.com\/de\/magazin\/wp-json\/wp\/v2\/posts\/145471\/revisions\/151768"}],"wp:featuredmedia":[{"embeddable":true,"href":"https:\/\/www.salzburgerland.com\/de\/magazin\/wp-json\/wp\/v2\/media\/145487"}],"wp:attachment":[{"href":"https:\/\/www.salzburgerland.com\/de\/magazin\/wp-json\/wp\/v2\/media?parent=145471"}],"wp:term":[{"taxonomy":"category","embeddable":true,"href":"https:\/\/www.salzburgerland.com\/de\/magazin\/wp-json\/wp\/v2\/categories?post=145471"},{"taxonomy":"post_tag","embeddable":true,"href":"https:\/\/www.salzburgerland.com\/de\/magazin\/wp-json\/wp\/v2\/tags?post=145471"},{"taxonomy":"wl_entity_type","embeddable":true,"href":"https:\/\/www.salzburgerland.com\/de\/magazin\/wp-json\/wp\/v2\/wl_entity_type?post=145471"},{"taxonomy":"monatsauswahl","embeddable":true,"href":"https:\/\/www.salzburgerland.com\/de\/magazin\/wp-json\/wp\/v2\/monatsauswahl?post=145471"}],"curies":[{"name":"wp","href":"https:\/\/api.w.org\/{rel}","templated":true}]}}