{"id":145322,"date":"2020-07-02T09:25:41","date_gmt":"2020-07-02T07:25:41","guid":{"rendered":"https:\/\/www.salzburgerland.com\/de\/magazin\/?p=145322"},"modified":"2026-03-26T19:15:41","modified_gmt":"2026-03-26T18:15:41","slug":"ein-triathlon-ueber-sieben-seen","status":"publish","type":"post","link":"https:\/\/www.salzburgerland.com\/de\/magazin\/ein-triathlon-ueber-sieben-seen\/","title":{"rendered":"Ein Triathlon \u00fcber sieben Seen"},"content":{"rendered":"\n<div class=\"wp-block-slt-top topBlocks\">\n<h2 class=\"wp-block-slt-subtitle\">In zwei Tagen durch das Salzburger Flachland<\/h2>\n\n\n\n<p class=\"wp-block-slt-intro\">Der Salzburger Triathlet <a href=\"https:\/\/www.norbert-lueftenegger.at\/\">Norbert L\u00fcftenegger<\/a> hat innerhalb von zwei Tagen sieben Seen im Flachgau durchschwommen, umlaufen und erradelt \u2013 f\u00fcr einen guten Zweck und auch aus Freude an seine sch\u00f6ne Heimat.<\/p>\n<\/div>\n\n\n\n<p>S\u00e4mtliche Triathlon-Events abgesagt, da ist guter Rat teuer. Nicht f\u00fcr den Extremtriathleten Norbert L\u00fcftenegger aus Obertrum. Er hat sich in k\u00fcrzester Zeit ein Projekt ausgedacht, das seinesgleichen im <span id=\"urn:enhancement-6293a2e\" class=\"textannotation disambiguated wl-place\" itemid=\"http:\/\/open.salzburgerland.com\/magazin\/entity\/land_salzburg\"><a href=\"http:\/\/www.salzburgerland.com\" target=\"_blank\" aria-label=\"undefined (opens in a new tab)\" rel=\"noreferrer noopener\">SalzburgerLand<\/a><\/span> sucht. In zwei Tagen sieben Seen durchschwimmen \u2013 so lautete sein Plan. Gesagt, getan. Aber nicht genug, die Distanzen zwischen den Seen und rundherum m\u00f6chte der Spitzensportler laufend oder am Rad bew\u00e4ltigen.<\/p>\n\n\n\n<figure class=\"wp-block-image size-large\"><img loading=\"lazy\" decoding=\"async\" width=\"1600\" height=\"1200\" src=\"https:\/\/www.salzburgerland.com\/de\/magazin\/wp-content\/uploads\/2020\/06\/IMG-20200613-WA0075.jpg\" alt=\"Drei Personen laufen einen Triathlon \u00fcber sieben Seen im Salzburgerland auf einem Waldweg neben einem blauen See und gr\u00fcnen Bergen.\" class=\"wp-image-145327\" srcset=\"https:\/\/www.salzburgerland.com\/de\/magazin\/wp-content\/uploads\/2020\/06\/IMG-20200613-WA0075.jpg 1600w, https:\/\/www.salzburgerland.com\/de\/magazin\/wp-content\/uploads\/2020\/06\/IMG-20200613-WA0075-300x225.jpg 300w, https:\/\/www.salzburgerland.com\/de\/magazin\/wp-content\/uploads\/2020\/06\/IMG-20200613-WA0075-1536x1152.jpg 1536w, https:\/\/www.salzburgerland.com\/de\/magazin\/wp-content\/uploads\/2020\/06\/IMG-20200613-WA0075-733x550.jpg 733w, https:\/\/www.salzburgerland.com\/de\/magazin\/wp-content\/uploads\/2020\/06\/IMG-20200613-WA0075-140x105.jpg 140w, https:\/\/www.salzburgerland.com\/de\/magazin\/wp-content\/uploads\/2020\/06\/IMG-20200613-WA0075-533x400.jpg 533w, https:\/\/www.salzburgerland.com\/de\/magazin\/wp-content\/uploads\/2020\/06\/IMG-20200613-WA0075-960x720.jpg 960w, https:\/\/www.salzburgerland.com\/de\/magazin\/wp-content\/uploads\/2020\/06\/IMG-20200613-WA0075-1320x990.jpg 1320w, https:\/\/www.salzburgerland.com\/de\/magazin\/wp-content\/uploads\/2020\/06\/IMG-20200613-WA0075-1200x900.jpg 1200w\" sizes=\"auto, (max-width: 1600px) 100vw, 1600px\" \/><figcaption class=\"wp-element-caption\">Im Laufschritt um den Fuschlsee.<\/figcaption><\/figure>\n\n\n\n<h2 class=\"wp-block-heading\" id=\"h-tag-1-wolfgangsee-fuschlsee-hintersee\">Tag 1: Wolfgangsee &#8211; Fuschlsee &#8211; Hintersee<\/h2>\n\n\n\n<p>Samstag fr\u00fchmorgens startete der Obertrumer in seinem Heimatort und fuhr mit dem Rad zum ersten See seines Projekts \u2013 dem Wolfgangsee. Das Wetter war wie gemacht f\u00fcr den Extremtriathlon. Sonne und blauer Himmel. Nachdem er den See umlaufen hatte, ging es weiter zum Fuschlsee. Sein Lieblingssee in seiner Heimat zeigte sich von seiner sch\u00f6nsten Seite. \u201eDer Fuschlsee war super, ein Wasser wie in der Karibik\u201c, erinnert er sich an eines der vielen Highlights. Nach einer kurzen St\u00e4rkung beim Hotel Mohrenwirt ging es weiter zum Hintersee, der am Rande der Osterhorngruppe idyllisch in der Berglandschaft eingebettet ist. Einmal quer durch und mit den Laufschuhen rundherum, schon war Tag eins zu Ende.<\/p>\n\n\n\n<figure class=\"wp-block-image size-large\"><img loading=\"lazy\" decoding=\"async\" width=\"1600\" height=\"1200\" src=\"https:\/\/www.salzburgerland.com\/de\/magazin\/wp-content\/uploads\/2020\/06\/IMG-20200627-WA0003.jpg\" alt=\"Ein leuchtend orange-rosa Sonnenuntergang \u00fcber einem ruhigen See, dem Austragungsort des Triathlons \u00fcber sieben Seen im Salzburgerland.\" class=\"wp-image-145328\" srcset=\"https:\/\/www.salzburgerland.com\/de\/magazin\/wp-content\/uploads\/2020\/06\/IMG-20200627-WA0003.jpg 1600w, https:\/\/www.salzburgerland.com\/de\/magazin\/wp-content\/uploads\/2020\/06\/IMG-20200627-WA0003-300x225.jpg 300w, https:\/\/www.salzburgerland.com\/de\/magazin\/wp-content\/uploads\/2020\/06\/IMG-20200627-WA0003-1536x1152.jpg 1536w, https:\/\/www.salzburgerland.com\/de\/magazin\/wp-content\/uploads\/2020\/06\/IMG-20200627-WA0003-733x550.jpg 733w, https:\/\/www.salzburgerland.com\/de\/magazin\/wp-content\/uploads\/2020\/06\/IMG-20200627-WA0003-140x105.jpg 140w, https:\/\/www.salzburgerland.com\/de\/magazin\/wp-content\/uploads\/2020\/06\/IMG-20200627-WA0003-533x400.jpg 533w, https:\/\/www.salzburgerland.com\/de\/magazin\/wp-content\/uploads\/2020\/06\/IMG-20200627-WA0003-960x720.jpg 960w, https:\/\/www.salzburgerland.com\/de\/magazin\/wp-content\/uploads\/2020\/06\/IMG-20200627-WA0003-1320x990.jpg 1320w, https:\/\/www.salzburgerland.com\/de\/magazin\/wp-content\/uploads\/2020\/06\/IMG-20200627-WA0003-1200x900.jpg 1200w\" sizes=\"auto, (max-width: 1600px) 100vw, 1600px\" \/><figcaption class=\"wp-element-caption\">Start war bei Sonnenaufgang.<\/figcaption><\/figure>\n\n\n\n<h2 class=\"wp-block-heading\" id=\"h-tag-2-wallersee-obertrumersee-grabensee-mattsee\">Tag 2: Wallersee, Obertrumersee, Grabensee, Mattsee<\/h2>\n\n\n\n<p>Am zweiten Tag standen der Wallersee, Obertrumersee, Grabensee und der Mattsee am Programm. Leider spielte das Wetter nicht mit und so musste L\u00fcftenegger das Finale seiner Sieben-Seen-Festspiele um zwei Wochen verschieben. Daf\u00fcr begr\u00fc\u00dfte ihn dann der Morgen mit blauem Himmel und Sonne pur. \u201eEs war an beiden Tagen sehr hei\u00df\u201c, erinnert er sich heute zur\u00fcck. Die vier Seen rund um seinen Heimatort kennt er wie seine eigene Westentasche. Und auch der Support seiner Freunde und von Leuten aus der Region war unglaublich \u201eAm meisten freut mich der Zusammenhalt und die Hilfsbereitschaft vor Ort. Es hat mich immer jemand begleitet und viele Leute haben mich angefeuert\u201c, so L\u00fcftenegger.<\/p>\n\n\n\n<h2 class=\"wp-block-heading\" id=\"h-25-km-schwimmen-105-km-radeln-94-km-laufen\">25 km schwimmen, 105 km radeln, 94 km laufen<\/h2>\n\n\n\n<p>So beendete er nach 25 km Schwimmen, 105 km am Rad und 94 km laufend seinen sieben Seen Triathlon m\u00fcde, aber mit einem zufriedenen Lachen im Gesicht. Mit tobendem Applaus wurde der zweifache Ultra-Triathlon-Gesamtweltcupsieger vom Publikum in Obertrum empfangen. Sein Fazit: \u201eEs ist nirgends so sch\u00f6n wie bei uns. Die Berge, Seen und die Vielfalt in der Natur ist umwerfend\u201c.<\/p>\n\n\n\n<p>F\u00fcr Emilia aus Eugendorf, die mit einem Gendefekt geboren wurde, war es \u00fcbrigens auch ein sch\u00f6ner Tag. Im Zuge des Triathlons wurde Geld f\u00fcr ihre dringend ben\u00f6tigte Delphintherapie gesammelt. Ein kleiner Betrag fehlt zwar noch, aber durch die gro\u00dfz\u00fcgigen Spenden ist sie ihrem Traum ein sch\u00f6nes St\u00fcck n\u00e4her gekommen.<\/p>\n\n\n\n<figure class=\"wp-block-image size-large\"><img loading=\"lazy\" decoding=\"async\" width=\"1200\" height=\"1600\" src=\"https:\/\/www.salzburgerland.com\/de\/magazin\/wp-content\/uploads\/2020\/06\/IMG-20200613-WA0097.jpg\" alt=\"Ein Radfahrer und ein Mann l\u00e4cheln vor einem Hotel mit einer Spendendose anl\u00e4sslich des Triathlons \u00fcber sieben Seen im Salzburgerland.\" class=\"wp-image-145329\" srcset=\"https:\/\/www.salzburgerland.com\/de\/magazin\/wp-content\/uploads\/2020\/06\/IMG-20200613-WA0097.jpg 1200w, https:\/\/www.salzburgerland.com\/de\/magazin\/wp-content\/uploads\/2020\/06\/IMG-20200613-WA0097-225x300.jpg 225w, https:\/\/www.salzburgerland.com\/de\/magazin\/wp-content\/uploads\/2020\/06\/IMG-20200613-WA0097-1152x1536.jpg 1152w, https:\/\/www.salzburgerland.com\/de\/magazin\/wp-content\/uploads\/2020\/06\/IMG-20200613-WA0097-413x550.jpg 413w, https:\/\/www.salzburgerland.com\/de\/magazin\/wp-content\/uploads\/2020\/06\/IMG-20200613-WA0097-300x400.jpg 300w\" sizes=\"auto, (max-width: 1200px) 100vw, 1200px\" \/><figcaption class=\"wp-element-caption\">F\u00fcr Emilia wurde flei\u00dfig \u2013 wie hier Jakob Schmiedlechner vom <a href=\"http:\/\/www.mohrewnwirt.at\">Mohrenwirt<\/a> \u2013 gesammelt.<\/figcaption><\/figure>\n\n\n\n<p>F\u00fcr Norbert L\u00fcftenegger steht bereits das n\u00e4chste Projekt am Programm. Eine Marathon-Challenge f\u00fcr Ultral\u00e4ufer. Mehr will er aber noch nicht verraten.<\/p>\n\n\n\n<p>Wer \u00fcbrigens den sieben Seen Triathlon machen m\u00f6chte, der kann dies gerne in Etappen und \u00fcber mehrere Tage verteilt versuchen oder sich auch nur einen der Seen  herauspicken. Auf der <a href=\"https:\/\/www.facebook.com\/Ultratriathlon\">Facebookseite<\/a> von Norbert L\u00fcftenegger kann man seine Route nachverfolgen.<\/p>\n\n\n\n<h2 class=\"wp-block-heading\">Backyard Ultra Weltmeisterschaft<\/h2>\n\n\n\n<p>Habt auch ihr Lust auf ein au\u00dfergew\u00f6hnliches sportliches Abenteuer im SalzburgerLand? Dann seid am 17. Oktober 2026 in Seekirchen am Wallersee Teil der Backyard Ultra Weltmeisterschaft.<\/p>\n\n\n\n<p>Backyard Ultra ist eine Laufveranstaltung, wo zu jeder vollen Stunde eine Runde von 6,706\u00a0km (=4,167 Meilen) gelaufen werden muss. Die Schnelligkeit des L\u00e4ufers ist nicht entscheidend. Einzige Regel ist, dass die L\u00e4ufer innerhalb dieser Stunde die Strecke ohne fremde Hilfe zur\u00fcck legen und\u00a0wieder in eine neue Runde starten m\u00fcssen. Dieses Event l\u00e4uft so lange, bis nur noch ein Teilnehmer unterwegs ist (Last Man\/Woman Standing). Dieser Laufmodus ist weltweit einzigartig und f\u00fcr Profi-Ultral\u00e4ufer und Laufanf\u00e4nger gleicherma\u00dfen attraktiv.<br>Alle Infos inkl. Anmeldung findet ihr unter <a href=\"https:\/\/www.austriabackyardultra.com\/seekirchen\" target=\"_blank\" rel=\"noreferrer noopener\">www.austriabackyardultra.com.<\/a><\/p>\n\n\n\n\n\n<p><\/p>\n","protected":false},"excerpt":{"rendered":"<p>S\u00e4mtliche Triathlon-Events abgesagt, da ist guter Rat teuer. Nicht f\u00fcr den Extremtriathleten Norbert L\u00fcftenegger aus Obertrum. Er hat sich in k\u00fcrzester Zeit ein Projekt ausgedacht, das seinesgleichen im SalzburgerLand sucht. In zwei Tagen sieben Seen durchschwimmen \u2013 so lautete sein Plan. Gesagt, getan. Aber nicht genug, die Distanzen zwischen den Seen und rundherum m\u00f6chte der [&hellip;]<\/p>\n","protected":false},"author":10,"featured_media":145326,"comment_status":"open","ping_status":"closed","sticky":false,"template":"","format":"standard","meta":{"_acf_changed":false,"wl_entities_gutenberg":"","_wl_entity_redirect_enabled":"","footnotes":""},"categories":[8],"tags":[],"wl_entity_type":[306],"monatsauswahl":[87],"class_list":["post-145322","post","type-post","status-publish","format-standard","has-post-thumbnail","hentry","category-outdoor-sport","wl_entity_type-article","monatsauswahl-monat_6"],"acf":[],"yoast_head":"<!-- This site is optimized with the Yoast SEO Premium plugin v27.4 (Yoast SEO v27.4) - https:\/\/yoast.com\/product\/yoast-seo-premium-wordpress\/ -->\n<title>Ein Triathlon \u00fcber sieben Seen - SalzburgerLand Magazin<\/title>\n<meta name=\"robots\" content=\"index, follow, max-snippet:-1, max-image-preview:large, max-video-preview:-1\" \/>\n<link rel=\"canonical\" href=\"https:\/\/www.salzburgerland.com\/de\/magazin\/ein-triathlon-ueber-sieben-seen\/\" \/>\n<meta property=\"og:locale\" content=\"de_DE\" \/>\n<meta property=\"og:type\" content=\"article\" \/>\n<meta property=\"og:title\" content=\"Ein Triathlon \u00fcber sieben Seen\" \/>\n<meta property=\"og:description\" content=\"S\u00e4mtliche Triathlon-Events abgesagt, da ist guter Rat teuer. Nicht f\u00fcr den Extremtriathleten Norbert L\u00fcftenegger aus Obertrum. Er hat sich in k\u00fcrzester Zeit ein Projekt ausgedacht, das seinesgleichen im SalzburgerLand sucht. In zwei Tagen sieben Seen durchschwimmen \u2013 so lautete sein Plan. Gesagt, getan. Aber nicht genug, die Distanzen zwischen den Seen und rundherum m\u00f6chte der [&hellip;]\" \/>\n<meta property=\"og:url\" content=\"https:\/\/www.salzburgerland.com\/de\/magazin\/ein-triathlon-ueber-sieben-seen\/\" \/>\n<meta property=\"og:site_name\" content=\"SalzburgerLand Magazin\" \/>\n<meta property=\"article:publisher\" content=\"https:\/\/www.facebook.com\/salzburgerland\/\" \/>\n<meta property=\"article:published_time\" content=\"2020-07-02T07:25:41+00:00\" \/>\n<meta property=\"article:modified_time\" content=\"2026-03-26T18:15:41+00:00\" \/>\n<meta property=\"og:image\" content=\"https:\/\/www.salzburgerland.com\/de\/magazin\/wp-content\/uploads\/2020\/06\/IMG_5461-scaled.jpg\" \/>\n\t<meta property=\"og:image:width\" content=\"2560\" \/>\n\t<meta property=\"og:image:height\" content=\"1707\" \/>\n\t<meta property=\"og:image:type\" content=\"image\/jpeg\" \/>\n<meta name=\"author\" content=\"Heiko Mandl\" \/>\n<meta name=\"twitter:card\" content=\"summary_large_image\" \/>\n<meta name=\"twitter:creator\" content=\"@Salzburgerland\" \/>\n<meta name=\"twitter:site\" content=\"@Salzburgerland\" \/>\n<meta name=\"twitter:label1\" content=\"Verfasst von\" \/>\n\t<meta name=\"twitter:data1\" content=\"Heiko Mandl\" \/>\n\t<meta name=\"twitter:label2\" content=\"Gesch\u00e4tzte Lesezeit\" \/>\n\t<meta name=\"twitter:data2\" content=\"5\u00a0Minuten\" \/>\n<script type=\"application\/ld+json\" class=\"yoast-schema-graph\">{\"@context\":\"https:\\\/\\\/schema.org\",\"@graph\":[{\"@type\":\"Article\",\"@id\":\"https:\\\/\\\/www.salzburgerland.com\\\/de\\\/magazin\\\/ein-triathlon-ueber-sieben-seen\\\/#article\",\"isPartOf\":{\"@id\":\"https:\\\/\\\/www.salzburgerland.com\\\/de\\\/magazin\\\/ein-triathlon-ueber-sieben-seen\\\/\"},\"author\":{\"name\":\"Heiko Mandl\",\"@id\":\"https:\\\/\\\/www.salzburgerland.com\\\/de\\\/magazin\\\/#\\\/schema\\\/person\\\/8871c7c764fce6ea66752310e7fe9e98\"},\"headline\":\"Ein Triathlon \u00fcber sieben Seen\",\"datePublished\":\"2020-07-02T07:25:41+00:00\",\"dateModified\":\"2026-03-26T18:15:41+00:00\",\"mainEntityOfPage\":{\"@id\":\"https:\\\/\\\/www.salzburgerland.com\\\/de\\\/magazin\\\/ein-triathlon-ueber-sieben-seen\\\/\"},\"wordCount\":684,\"commentCount\":0,\"publisher\":{\"@id\":\"https:\\\/\\\/www.salzburgerland.com\\\/de\\\/magazin\\\/#organization\"},\"image\":{\"@id\":\"https:\\\/\\\/www.salzburgerland.com\\\/de\\\/magazin\\\/ein-triathlon-ueber-sieben-seen\\\/#primaryimage\"},\"thumbnailUrl\":\"https:\\\/\\\/www.salzburgerland.com\\\/de\\\/magazin\\\/wp-content\\\/uploads\\\/2020\\\/06\\\/IMG_5461-scaled.jpg\",\"articleSection\":[\"Outdoor &amp; Sport\"],\"inLanguage\":\"de\",\"potentialAction\":[{\"@type\":\"CommentAction\",\"name\":\"Comment\",\"target\":[\"https:\\\/\\\/www.salzburgerland.com\\\/de\\\/magazin\\\/ein-triathlon-ueber-sieben-seen\\\/#respond\"]}]},{\"@type\":\"WebPage\",\"@id\":\"https:\\\/\\\/www.salzburgerland.com\\\/de\\\/magazin\\\/ein-triathlon-ueber-sieben-seen\\\/\",\"url\":\"https:\\\/\\\/www.salzburgerland.com\\\/de\\\/magazin\\\/ein-triathlon-ueber-sieben-seen\\\/\",\"name\":\"Ein Triathlon \u00fcber sieben Seen - SalzburgerLand Magazin\",\"isPartOf\":{\"@id\":\"https:\\\/\\\/www.salzburgerland.com\\\/de\\\/magazin\\\/#website\"},\"primaryImageOfPage\":{\"@id\":\"https:\\\/\\\/www.salzburgerland.com\\\/de\\\/magazin\\\/ein-triathlon-ueber-sieben-seen\\\/#primaryimage\"},\"image\":{\"@id\":\"https:\\\/\\\/www.salzburgerland.com\\\/de\\\/magazin\\\/ein-triathlon-ueber-sieben-seen\\\/#primaryimage\"},\"thumbnailUrl\":\"https:\\\/\\\/www.salzburgerland.com\\\/de\\\/magazin\\\/wp-content\\\/uploads\\\/2020\\\/06\\\/IMG_5461-scaled.jpg\",\"datePublished\":\"2020-07-02T07:25:41+00:00\",\"dateModified\":\"2026-03-26T18:15:41+00:00\",\"breadcrumb\":{\"@id\":\"https:\\\/\\\/www.salzburgerland.com\\\/de\\\/magazin\\\/ein-triathlon-ueber-sieben-seen\\\/#breadcrumb\"},\"inLanguage\":\"de\",\"potentialAction\":[{\"@type\":\"ReadAction\",\"target\":[\"https:\\\/\\\/www.salzburgerland.com\\\/de\\\/magazin\\\/ein-triathlon-ueber-sieben-seen\\\/\"]}]},{\"@type\":\"ImageObject\",\"inLanguage\":\"de\",\"@id\":\"https:\\\/\\\/www.salzburgerland.com\\\/de\\\/magazin\\\/ein-triathlon-ueber-sieben-seen\\\/#primaryimage\",\"url\":\"https:\\\/\\\/www.salzburgerland.com\\\/de\\\/magazin\\\/wp-content\\\/uploads\\\/2020\\\/06\\\/IMG_5461-scaled.jpg\",\"contentUrl\":\"https:\\\/\\\/www.salzburgerland.com\\\/de\\\/magazin\\\/wp-content\\\/uploads\\\/2020\\\/06\\\/IMG_5461-scaled.jpg\",\"width\":2560,\"height\":1707,\"caption\":\"Ein Radfahrer mit einem Rennrad an einem Seeufer, vor der Kulisse von Bergen und Booten - Triathlon \u00fcber sieben Seen im Salzburgerland.\"},{\"@type\":\"BreadcrumbList\",\"@id\":\"https:\\\/\\\/www.salzburgerland.com\\\/de\\\/magazin\\\/ein-triathlon-ueber-sieben-seen\\\/#breadcrumb\",\"itemListElement\":[{\"@type\":\"ListItem\",\"position\":1,\"name\":\"Startseite\",\"item\":\"https:\\\/\\\/www.salzburgerland.com\\\/de\\\/magazin\\\/\"},{\"@type\":\"ListItem\",\"position\":2,\"name\":\"Outdoor &amp; Sport\",\"item\":\"https:\\\/\\\/www.salzburgerland.com\\\/de\\\/magazin\\\/thema\\\/outdoor-sport\\\/\"},{\"@type\":\"ListItem\",\"position\":3,\"name\":\"Ein Triathlon \u00fcber sieben Seen\"}]},{\"@type\":\"WebSite\",\"@id\":\"https:\\\/\\\/www.salzburgerland.com\\\/de\\\/magazin\\\/#website\",\"url\":\"https:\\\/\\\/www.salzburgerland.com\\\/de\\\/magazin\\\/\",\"name\":\"SalzburgerLand Magazin\",\"description\":\"Geschichten und Interessantes aus dem SalzburgerLand\",\"publisher\":{\"@id\":\"https:\\\/\\\/www.salzburgerland.com\\\/de\\\/magazin\\\/#organization\"},\"potentialAction\":[{\"@type\":\"SearchAction\",\"target\":{\"@type\":\"EntryPoint\",\"urlTemplate\":\"https:\\\/\\\/www.salzburgerland.com\\\/de\\\/magazin\\\/?s={search_term_string}\"},\"query-input\":{\"@type\":\"PropertyValueSpecification\",\"valueRequired\":true,\"valueName\":\"search_term_string\"}}],\"inLanguage\":\"de\"},{\"@type\":\"Organization\",\"@id\":\"https:\\\/\\\/www.salzburgerland.com\\\/de\\\/magazin\\\/#organization\",\"name\":\"SalzburgerLand Tourismus\",\"url\":\"https:\\\/\\\/www.salzburgerland.com\\\/de\\\/magazin\\\/\",\"logo\":{\"@type\":\"ImageObject\",\"inLanguage\":\"de\",\"@id\":\"https:\\\/\\\/www.salzburgerland.com\\\/de\\\/magazin\\\/#\\\/schema\\\/logo\\\/image\\\/\",\"url\":\"https:\\\/\\\/www.salzburgerland.com\\\/de\\\/magazin\\\/wp-content\\\/uploads\\\/2019\\\/06\\\/salzburgerland-logo1.jpg\",\"contentUrl\":\"https:\\\/\\\/www.salzburgerland.com\\\/de\\\/magazin\\\/wp-content\\\/uploads\\\/2019\\\/06\\\/salzburgerland-logo1.jpg\",\"width\":2011,\"height\":866,\"caption\":\"SalzburgerLand Tourismus\"},\"image\":{\"@id\":\"https:\\\/\\\/www.salzburgerland.com\\\/de\\\/magazin\\\/#\\\/schema\\\/logo\\\/image\\\/\"},\"sameAs\":[\"https:\\\/\\\/www.facebook.com\\\/salzburgerland\\\/\",\"https:\\\/\\\/x.com\\\/Salzburgerland\",\"https:\\\/\\\/www.instagram.com\\\/salzburgerland\\\/\",\"https:\\\/\\\/at.linkedin.com\\\/company\\\/salzburgerland-tourismus-gmbh\",\"https:\\\/\\\/www.pinterest.at\\\/salzburgerland\\\/\",\"https:\\\/\\\/www.youtube.com\\\/user\\\/salzburgerland\",\"https:\\\/\\\/de.wikipedia.org\\\/wiki\\\/SalzburgerLand_Tourismus_GmbH\"]},{\"@type\":\"Person\",\"@id\":\"https:\\\/\\\/www.salzburgerland.com\\\/de\\\/magazin\\\/#\\\/schema\\\/person\\\/8871c7c764fce6ea66752310e7fe9e98\",\"name\":\"Heiko Mandl\",\"description\":\"Heiko Mandl, geboren 1976 in Salzburg, ist durch den Journalismus zur Fotografie gekommen und ist seit zehn Jahren als selbstst\u00e4ndiger Fotograf und Autor in Salzburg t\u00e4tig. Schon von Kindheit an haben ihn die Berge vor seiner Haust\u00fcr fasziniert. Heute z\u00e4hlen sie unter anderem zu seinem Arbeitsplatz. Er arbeitet f\u00fcr internationale Outdoor- und Reisemagazine sowie zahlreiche Firmen und Agenturen. Luxushotel oder Almh\u00fctte: Ich kann beides genie\u00dfen und ich gehe das nach dem Motto: Alles zur richtigen Zeit und zur passenden Gelegenheit an. Wandern oder Laufen: Auf jeden Fall wandern, ist gem\u00fctlicher und man kann sich mehr auf die Umgebung konzentrieren. Golfplatz oder Klettergarten: Klettergarten, zumindest noch die n\u00e4chsten 20 Jahre. Fr\u00fchling, sommer, herbst oder Winter? Fr\u00fchling und Sommer und Herbst und Winter! Im SalzburgerLand ist es das ganze Jahr traumhaft sch\u00f6n. Wellness oder Mountainbike? Zuerst eine Runde mit dem Mountainbike und dann ab in den Wellnesstempel. Das eine schlie\u00dft das andere nicht aus!\",\"url\":\"https:\\\/\\\/www.salzburgerland.com\\\/de\\\/magazin\\\/author\\\/heiko-mandl\\\/\"}]}<\/script>\n<!-- \/ Yoast SEO Premium plugin. -->","yoast_head_json":{"title":"Ein Triathlon \u00fcber sieben Seen - SalzburgerLand Magazin","robots":{"index":"index","follow":"follow","max-snippet":"max-snippet:-1","max-image-preview":"max-image-preview:large","max-video-preview":"max-video-preview:-1"},"canonical":"https:\/\/www.salzburgerland.com\/de\/magazin\/ein-triathlon-ueber-sieben-seen\/","og_locale":"de_DE","og_type":"article","og_title":"Ein Triathlon \u00fcber sieben Seen","og_description":"S\u00e4mtliche Triathlon-Events abgesagt, da ist guter Rat teuer. Nicht f\u00fcr den Extremtriathleten Norbert L\u00fcftenegger aus Obertrum. Er hat sich in k\u00fcrzester Zeit ein Projekt ausgedacht, das seinesgleichen im SalzburgerLand sucht. In zwei Tagen sieben Seen durchschwimmen \u2013 so lautete sein Plan. Gesagt, getan. Aber nicht genug, die Distanzen zwischen den Seen und rundherum m\u00f6chte der [&hellip;]","og_url":"https:\/\/www.salzburgerland.com\/de\/magazin\/ein-triathlon-ueber-sieben-seen\/","og_site_name":"SalzburgerLand Magazin","article_publisher":"https:\/\/www.facebook.com\/salzburgerland\/","article_published_time":"2020-07-02T07:25:41+00:00","article_modified_time":"2026-03-26T18:15:41+00:00","og_image":[{"width":2560,"height":1707,"url":"https:\/\/www.salzburgerland.com\/de\/magazin\/wp-content\/uploads\/2020\/06\/IMG_5461-scaled.jpg","type":"image\/jpeg"}],"author":"Heiko Mandl","twitter_card":"summary_large_image","twitter_creator":"@Salzburgerland","twitter_site":"@Salzburgerland","twitter_misc":{"Verfasst von":"Heiko Mandl","Gesch\u00e4tzte Lesezeit":"5\u00a0Minuten"},"schema":{"@context":"https:\/\/schema.org","@graph":[{"@type":"Article","@id":"https:\/\/www.salzburgerland.com\/de\/magazin\/ein-triathlon-ueber-sieben-seen\/#article","isPartOf":{"@id":"https:\/\/www.salzburgerland.com\/de\/magazin\/ein-triathlon-ueber-sieben-seen\/"},"author":{"name":"Heiko Mandl","@id":"https:\/\/www.salzburgerland.com\/de\/magazin\/#\/schema\/person\/8871c7c764fce6ea66752310e7fe9e98"},"headline":"Ein Triathlon \u00fcber sieben Seen","datePublished":"2020-07-02T07:25:41+00:00","dateModified":"2026-03-26T18:15:41+00:00","mainEntityOfPage":{"@id":"https:\/\/www.salzburgerland.com\/de\/magazin\/ein-triathlon-ueber-sieben-seen\/"},"wordCount":684,"commentCount":0,"publisher":{"@id":"https:\/\/www.salzburgerland.com\/de\/magazin\/#organization"},"image":{"@id":"https:\/\/www.salzburgerland.com\/de\/magazin\/ein-triathlon-ueber-sieben-seen\/#primaryimage"},"thumbnailUrl":"https:\/\/www.salzburgerland.com\/de\/magazin\/wp-content\/uploads\/2020\/06\/IMG_5461-scaled.jpg","articleSection":["Outdoor &amp; Sport"],"inLanguage":"de","potentialAction":[{"@type":"CommentAction","name":"Comment","target":["https:\/\/www.salzburgerland.com\/de\/magazin\/ein-triathlon-ueber-sieben-seen\/#respond"]}]},{"@type":"WebPage","@id":"https:\/\/www.salzburgerland.com\/de\/magazin\/ein-triathlon-ueber-sieben-seen\/","url":"https:\/\/www.salzburgerland.com\/de\/magazin\/ein-triathlon-ueber-sieben-seen\/","name":"Ein Triathlon \u00fcber sieben Seen - SalzburgerLand Magazin","isPartOf":{"@id":"https:\/\/www.salzburgerland.com\/de\/magazin\/#website"},"primaryImageOfPage":{"@id":"https:\/\/www.salzburgerland.com\/de\/magazin\/ein-triathlon-ueber-sieben-seen\/#primaryimage"},"image":{"@id":"https:\/\/www.salzburgerland.com\/de\/magazin\/ein-triathlon-ueber-sieben-seen\/#primaryimage"},"thumbnailUrl":"https:\/\/www.salzburgerland.com\/de\/magazin\/wp-content\/uploads\/2020\/06\/IMG_5461-scaled.jpg","datePublished":"2020-07-02T07:25:41+00:00","dateModified":"2026-03-26T18:15:41+00:00","breadcrumb":{"@id":"https:\/\/www.salzburgerland.com\/de\/magazin\/ein-triathlon-ueber-sieben-seen\/#breadcrumb"},"inLanguage":"de","potentialAction":[{"@type":"ReadAction","target":["https:\/\/www.salzburgerland.com\/de\/magazin\/ein-triathlon-ueber-sieben-seen\/"]}]},{"@type":"ImageObject","inLanguage":"de","@id":"https:\/\/www.salzburgerland.com\/de\/magazin\/ein-triathlon-ueber-sieben-seen\/#primaryimage","url":"https:\/\/www.salzburgerland.com\/de\/magazin\/wp-content\/uploads\/2020\/06\/IMG_5461-scaled.jpg","contentUrl":"https:\/\/www.salzburgerland.com\/de\/magazin\/wp-content\/uploads\/2020\/06\/IMG_5461-scaled.jpg","width":2560,"height":1707,"caption":"Ein Radfahrer mit einem Rennrad an einem Seeufer, vor der Kulisse von Bergen und Booten - Triathlon \u00fcber sieben Seen im Salzburgerland."},{"@type":"BreadcrumbList","@id":"https:\/\/www.salzburgerland.com\/de\/magazin\/ein-triathlon-ueber-sieben-seen\/#breadcrumb","itemListElement":[{"@type":"ListItem","position":1,"name":"Startseite","item":"https:\/\/www.salzburgerland.com\/de\/magazin\/"},{"@type":"ListItem","position":2,"name":"Outdoor &amp; Sport","item":"https:\/\/www.salzburgerland.com\/de\/magazin\/thema\/outdoor-sport\/"},{"@type":"ListItem","position":3,"name":"Ein Triathlon \u00fcber sieben Seen"}]},{"@type":"WebSite","@id":"https:\/\/www.salzburgerland.com\/de\/magazin\/#website","url":"https:\/\/www.salzburgerland.com\/de\/magazin\/","name":"SalzburgerLand Magazin","description":"Geschichten und Interessantes aus dem SalzburgerLand","publisher":{"@id":"https:\/\/www.salzburgerland.com\/de\/magazin\/#organization"},"potentialAction":[{"@type":"SearchAction","target":{"@type":"EntryPoint","urlTemplate":"https:\/\/www.salzburgerland.com\/de\/magazin\/?s={search_term_string}"},"query-input":{"@type":"PropertyValueSpecification","valueRequired":true,"valueName":"search_term_string"}}],"inLanguage":"de"},{"@type":"Organization","@id":"https:\/\/www.salzburgerland.com\/de\/magazin\/#organization","name":"SalzburgerLand Tourismus","url":"https:\/\/www.salzburgerland.com\/de\/magazin\/","logo":{"@type":"ImageObject","inLanguage":"de","@id":"https:\/\/www.salzburgerland.com\/de\/magazin\/#\/schema\/logo\/image\/","url":"https:\/\/www.salzburgerland.com\/de\/magazin\/wp-content\/uploads\/2019\/06\/salzburgerland-logo1.jpg","contentUrl":"https:\/\/www.salzburgerland.com\/de\/magazin\/wp-content\/uploads\/2019\/06\/salzburgerland-logo1.jpg","width":2011,"height":866,"caption":"SalzburgerLand Tourismus"},"image":{"@id":"https:\/\/www.salzburgerland.com\/de\/magazin\/#\/schema\/logo\/image\/"},"sameAs":["https:\/\/www.facebook.com\/salzburgerland\/","https:\/\/x.com\/Salzburgerland","https:\/\/www.instagram.com\/salzburgerland\/","https:\/\/at.linkedin.com\/company\/salzburgerland-tourismus-gmbh","https:\/\/www.pinterest.at\/salzburgerland\/","https:\/\/www.youtube.com\/user\/salzburgerland","https:\/\/de.wikipedia.org\/wiki\/SalzburgerLand_Tourismus_GmbH"]},{"@type":"Person","@id":"https:\/\/www.salzburgerland.com\/de\/magazin\/#\/schema\/person\/8871c7c764fce6ea66752310e7fe9e98","name":"Heiko Mandl","description":"Heiko Mandl, geboren 1976 in Salzburg, ist durch den Journalismus zur Fotografie gekommen und ist seit zehn Jahren als selbstst\u00e4ndiger Fotograf und Autor in Salzburg t\u00e4tig. Schon von Kindheit an haben ihn die Berge vor seiner Haust\u00fcr fasziniert. Heute z\u00e4hlen sie unter anderem zu seinem Arbeitsplatz. Er arbeitet f\u00fcr internationale Outdoor- und Reisemagazine sowie zahlreiche Firmen und Agenturen. Luxushotel oder Almh\u00fctte: Ich kann beides genie\u00dfen und ich gehe das nach dem Motto: Alles zur richtigen Zeit und zur passenden Gelegenheit an. Wandern oder Laufen: Auf jeden Fall wandern, ist gem\u00fctlicher und man kann sich mehr auf die Umgebung konzentrieren. Golfplatz oder Klettergarten: Klettergarten, zumindest noch die n\u00e4chsten 20 Jahre. Fr\u00fchling, sommer, herbst oder Winter? Fr\u00fchling und Sommer und Herbst und Winter! Im SalzburgerLand ist es das ganze Jahr traumhaft sch\u00f6n. Wellness oder Mountainbike? Zuerst eine Runde mit dem Mountainbike und dann ab in den Wellnesstempel. Das eine schlie\u00dft das andere nicht aus!","url":"https:\/\/www.salzburgerland.com\/de\/magazin\/author\/heiko-mandl\/"}]}},"_wl_alt_label":[],"wl:entity_url":"http:\/\/open.salzburgerland.com\/magazin\/post\/ein_triathlon_ueber_sieben_seen","_links":{"self":[{"href":"https:\/\/www.salzburgerland.com\/de\/magazin\/wp-json\/wp\/v2\/posts\/145322","targetHints":{"allow":["GET"]}}],"collection":[{"href":"https:\/\/www.salzburgerland.com\/de\/magazin\/wp-json\/wp\/v2\/posts"}],"about":[{"href":"https:\/\/www.salzburgerland.com\/de\/magazin\/wp-json\/wp\/v2\/types\/post"}],"author":[{"embeddable":true,"href":"https:\/\/www.salzburgerland.com\/de\/magazin\/wp-json\/wp\/v2\/users\/10"}],"replies":[{"embeddable":true,"href":"https:\/\/www.salzburgerland.com\/de\/magazin\/wp-json\/wp\/v2\/comments?post=145322"}],"version-history":[{"count":6,"href":"https:\/\/www.salzburgerland.com\/de\/magazin\/wp-json\/wp\/v2\/posts\/145322\/revisions"}],"predecessor-version":[{"id":186621,"href":"https:\/\/www.salzburgerland.com\/de\/magazin\/wp-json\/wp\/v2\/posts\/145322\/revisions\/186621"}],"wp:featuredmedia":[{"embeddable":true,"href":"https:\/\/www.salzburgerland.com\/de\/magazin\/wp-json\/wp\/v2\/media\/145326"}],"wp:attachment":[{"href":"https:\/\/www.salzburgerland.com\/de\/magazin\/wp-json\/wp\/v2\/media?parent=145322"}],"wp:term":[{"taxonomy":"category","embeddable":true,"href":"https:\/\/www.salzburgerland.com\/de\/magazin\/wp-json\/wp\/v2\/categories?post=145322"},{"taxonomy":"post_tag","embeddable":true,"href":"https:\/\/www.salzburgerland.com\/de\/magazin\/wp-json\/wp\/v2\/tags?post=145322"},{"taxonomy":"wl_entity_type","embeddable":true,"href":"https:\/\/www.salzburgerland.com\/de\/magazin\/wp-json\/wp\/v2\/wl_entity_type?post=145322"},{"taxonomy":"monatsauswahl","embeddable":true,"href":"https:\/\/www.salzburgerland.com\/de\/magazin\/wp-json\/wp\/v2\/monatsauswahl?post=145322"}],"curies":[{"name":"wp","href":"https:\/\/api.w.org\/{rel}","templated":true}]}}