{"id":145240,"date":"2021-06-28T08:00:00","date_gmt":"2021-06-28T06:00:00","guid":{"rendered":"https:\/\/www.salzburgerland.com\/de\/magazin\/?p=145240"},"modified":"2021-06-28T12:18:21","modified_gmt":"2021-06-28T10:18:21","slug":"kulinarischer-almspaziergang-sportgastein","status":"publish","type":"post","link":"https:\/\/www.salzburgerland.com\/de\/magazin\/kulinarischer-almspaziergang-sportgastein\/","title":{"rendered":"Kulinarischer Almspaziergang Sportgastein"},"content":{"rendered":"\n<div class=\"wp-block-slt-top topBlocks\">\n<h2 class=\"wp-block-slt-subtitle\">Ein Almsommer-Erlebnis f\u00fcr Feinspitze und Naturliebhaber<\/h2>\n\n\n\n<p class=\"wp-block-slt-intro\">Essen und Wandern \u2013 zwei an sich schon wundersch\u00f6ne Dinge. Verbindet man jedoch das eine mit dem anderen, f\u00fcgt noch die wundersch\u00f6ne Landschaft des Nassfelds in Sportgastein dazu und garniert das Ganze mit interessanten Geschichten aus dem SalzburgerLand, dann ist man mittendrin in der kulinarischen Almwanderung!<\/p>\n<\/div>\n\n\n\n<p>7 H\u00fctten, 7 G\u00e4nge, 7 Wanderkilometer \u2013 dieser Hattrick verspricht einen Tag ganz nach meinem Geschmack. Hans Naglmayr ist unser Guide und wir treffen ihn am Parkplatz in <a href=\"https:\/\/www.gastein.com\/gastein\/gasteinertal\/sportgastein\/\" target=\"_blank\" rel=\"noreferrer noopener\">Sportgastein.<\/a> Als ehemaliger Nationalpark Ranger und Wanderf\u00fchrer wei\u00df der Gasteiner jede Menge zu erz\u00e4hlen und schon am Weg zur ersten H\u00fctte erf\u00e4hrt unsere kleine, feine Gruppe \u00fcber den Goldabbau hier oben am Nassfeld, Skitourenm\u00f6glichkeiten, Landwirtschaft und Tourismus. Freudig begr\u00fc\u00dft uns die Wirtin der urigen H\u00fctte am Fu\u00dfe des Scharecks am Eingang des Siglitztals mit dampfenden Sch\u00fcsseln \u2013 der erste Gang entpuppt sich als echter regionaler H\u00fcttenklassiker: eine Kaspresskn\u00f6delsuppe! \u00a0Ein wahrer Gaumenschmaus, der das erste Magenknurren bestens zum Schweigen bringt. \u201eWeiter geht\u00b4s\u201c, mahnt Hans nach dem Essen mit einem Augenzwinkern, denn wir stehen erst am Beginn unserer kulinarischen Reise durchs Sportgasteiner Nassfeld.<\/p>\n\n\n<div class=\"mag-gallery\"><div class=\"row\"><div class=\"col-6 col-sm-4\"><figure><a class=\"thumb-container\" href=\"https:\/\/www.salzburgerland.com\/de\/magazin\/wp-content\/uploads\/2020\/06\/sporti-c-Edith-Danzer-14-1280x1024.jpg\">\t<picture><source media=\"(min-width: 576px)\" srcset=\"https:\/\/www.salzburgerland.com\/de\/magazin\/wp-content\/uploads\/2020\/06\/sporti-c-Edith-Danzer-14-325x209.jpg 325w, https:\/\/www.salzburgerland.com\/de\/magazin\/wp-content\/uploads\/2020\/06\/sporti-c-Edith-Danzer-14-249x160.jpg 249w\"><\/source><source media=\"(min-width: 0)\" srcset=\"https:\/\/www.salzburgerland.com\/de\/magazin\/wp-content\/uploads\/2020\/06\/sporti-c-Edith-Danzer-14-249x160.jpg 249w, https:\/\/www.salzburgerland.com\/de\/magazin\/wp-content\/uploads\/2020\/06\/sporti-c-Edith-Danzer-14-325x209.jpg 325w\"><\/source><img decoding=\"async\" alt=\"\" src=\"https:\/\/www.salzburgerland.com\/de\/magazin\/wp-content\/uploads\/2020\/06\/sporti-c-Edith-Danzer-14.jpg\">\t<\/picture><figcaption>Kaspresskn&ouml;delsuppe c Edith Danzer<\/figcaption><\/a><\/figure><\/div><div class=\"col-6 col-sm-4\"><figure><a class=\"thumb-container\" href=\"https:\/\/www.salzburgerland.com\/de\/magazin\/wp-content\/uploads\/2020\/06\/sporti-c-Edith-Danzer-9-1280x1024.jpg\">\t<picture><source media=\"(min-width: 576px)\" srcset=\"https:\/\/www.salzburgerland.com\/de\/magazin\/wp-content\/uploads\/2020\/06\/sporti-c-Edith-Danzer-9-325x209.jpg 325w, https:\/\/www.salzburgerland.com\/de\/magazin\/wp-content\/uploads\/2020\/06\/sporti-c-Edith-Danzer-9-249x160.jpg 249w\"><\/source><source media=\"(min-width: 0)\" srcset=\"https:\/\/www.salzburgerland.com\/de\/magazin\/wp-content\/uploads\/2020\/06\/sporti-c-Edith-Danzer-9-249x160.jpg 249w, https:\/\/www.salzburgerland.com\/de\/magazin\/wp-content\/uploads\/2020\/06\/sporti-c-Edith-Danzer-9-325x209.jpg 325w\"><\/source><img decoding=\"async\" alt=\"\" src=\"https:\/\/www.salzburgerland.com\/de\/magazin\/wp-content\/uploads\/2020\/06\/sporti-c-Edith-Danzer-9.jpg\">\t<\/picture><figcaption>Auf der Moisesh&uuml;tte gabs Pofesn. c Edith Danzer<\/figcaption><\/a><\/figure><\/div><div class=\"col-6 col-sm-4\"><figure><a class=\"thumb-container\" href=\"https:\/\/www.salzburgerland.com\/de\/magazin\/wp-content\/uploads\/2020\/06\/sporti-c-Edith-Danzer-3-1280x1024.jpg\">\t<picture><source media=\"(min-width: 576px)\" srcset=\"https:\/\/www.salzburgerland.com\/de\/magazin\/wp-content\/uploads\/2020\/06\/sporti-c-Edith-Danzer-3-325x209.jpg 325w, https:\/\/www.salzburgerland.com\/de\/magazin\/wp-content\/uploads\/2020\/06\/sporti-c-Edith-Danzer-3-249x160.jpg 249w\"><\/source><source media=\"(min-width: 0)\" srcset=\"https:\/\/www.salzburgerland.com\/de\/magazin\/wp-content\/uploads\/2020\/06\/sporti-c-Edith-Danzer-3-249x160.jpg 249w, https:\/\/www.salzburgerland.com\/de\/magazin\/wp-content\/uploads\/2020\/06\/sporti-c-Edith-Danzer-3-325x209.jpg 325w\"><\/source><img decoding=\"async\" alt=\"\" src=\"https:\/\/www.salzburgerland.com\/de\/magazin\/wp-content\/uploads\/2020\/06\/sporti-c-Edith-Danzer-3.jpg\">\t<\/picture><figcaption>Fleischkrapfen mit Sauerkraut und Bier. c Edith Danzer<\/figcaption><\/a><\/figure><\/div><\/div><figcaption><\/figcaption><\/div>\n\n\n\n<figure class=\"wp-block-image size-large\"><img decoding=\"async\" src=\"https:\/\/www.salzburgerland.com\/de\/magazin\/wp-content\/uploads\/2020\/06\/sporti-c-Edith-Danzer-13.jpg\" alt=\"sporti c Edith Danzer-13\" class=\"wp-image-145256\"\/><figcaption>Kulinarischer Almspaziergang c Edith Danzer<\/figcaption><\/figure>\n\n\n\n<h2 class=\"wp-block-heading\" id=\"h-schritt-f-r-schritt-von-gang-zu-gang\">Schritt f\u00fcr Schritt von Gang zu Gang<\/h2>\n\n\n\n<p>Quer \u00fcber die gr\u00f6\u00dfte Genossenschaftsalm des SalzburgerLandes, mit unz\u00e4hligen K\u00fchen, K\u00e4lbern, Ziegen, Schafen und Pferden, geht es zur\u00fcck zum Valeriehaus. \u201eEinen gebeizten Gasteiner Saibling mit Brotchip und Topfen-Dip darf ich euch servieren. Und dazu kredenzen wir einen Almblumen-Spritzz\u201c, hei\u00dft uns Otto, der Wirt, willkommen. Gen\u00fcsslich lassen wir uns auf der Sonnenterrasse des 1889, als Ausgangspunkt f\u00fcr die Alpen\u00fcberquerung nach K\u00e4rnten, erbauten Hauses nieder. Eine Alpen\u00fcberquerung steht uns zum Gl\u00fcck noch nicht bevor, denn die Wanderung umfasst nur gem\u00fctliche sieben Kilometer \u00fcber das wundersch\u00f6ne Hochplateau des Nassfelds. Dort, wo noch vor wenigen Monaten Skifahrer, Freerider, Winterwanderer und Langl\u00e4ufer ihr tiefverschneites Winterwunderland fanden, tummeln sich jetzt Wanderer, Bergsteiger und Spazierg\u00e4nger.<\/p>\n\n\n<div class=\"mag-gallery\"><div class=\"row\"><div class=\"col-6 col-sm-4\"><figure><a class=\"thumb-container\" href=\"https:\/\/www.salzburgerland.com\/de\/magazin\/wp-content\/uploads\/2020\/06\/sporti-c-Edith-Danzer-17-1280x1024.jpg\">\t<picture><source media=\"(min-width: 576px)\" srcset=\"https:\/\/www.salzburgerland.com\/de\/magazin\/wp-content\/uploads\/2020\/06\/sporti-c-Edith-Danzer-17-325x209.jpg 325w, https:\/\/www.salzburgerland.com\/de\/magazin\/wp-content\/uploads\/2020\/06\/sporti-c-Edith-Danzer-17-249x160.jpg 249w\"><\/source><source media=\"(min-width: 0)\" srcset=\"https:\/\/www.salzburgerland.com\/de\/magazin\/wp-content\/uploads\/2020\/06\/sporti-c-Edith-Danzer-17-249x160.jpg 249w, https:\/\/www.salzburgerland.com\/de\/magazin\/wp-content\/uploads\/2020\/06\/sporti-c-Edith-Danzer-17-325x209.jpg 325w\"><\/source><img decoding=\"async\" alt=\"Zwei belegte Br&ouml;tchen mit Tomate, Schinken, Gurke und Zwiebel auf einem Holzbrett auf einem gelben Tisch.\" src=\"https:\/\/www.salzburgerland.com\/de\/magazin\/wp-content\/uploads\/2020\/06\/sporti-c-Edith-Danzer-17.jpg\">\t<\/picture><\/a><\/figure><\/div><div class=\"col-6 col-sm-4\"><figure><a class=\"thumb-container\" href=\"https:\/\/www.salzburgerland.com\/de\/magazin\/wp-content\/uploads\/2020\/06\/sporti-c-Edith-Danzer-19-1280x1024.jpg\">\t<picture><source media=\"(min-width: 576px)\" srcset=\"https:\/\/www.salzburgerland.com\/de\/magazin\/wp-content\/uploads\/2020\/06\/sporti-c-Edith-Danzer-19-325x209.jpg 325w, https:\/\/www.salzburgerland.com\/de\/magazin\/wp-content\/uploads\/2020\/06\/sporti-c-Edith-Danzer-19-249x160.jpg 249w\"><\/source><source media=\"(min-width: 0)\" srcset=\"https:\/\/www.salzburgerland.com\/de\/magazin\/wp-content\/uploads\/2020\/06\/sporti-c-Edith-Danzer-19-249x160.jpg 249w, https:\/\/www.salzburgerland.com\/de\/magazin\/wp-content\/uploads\/2020\/06\/sporti-c-Edith-Danzer-19-325x209.jpg 325w\"><\/source><img decoding=\"async\" alt=\"Eine junge Frau und ein &auml;lterer Mann untersuchen an einem sonnigen Tag Pflanzen auf einer gr&uuml;nen Bergwiese.\" src=\"https:\/\/www.salzburgerland.com\/de\/magazin\/wp-content\/uploads\/2020\/06\/sporti-c-Edith-Danzer-19.jpg\">\t<\/picture><\/a><\/figure><\/div><div class=\"col-6 col-sm-4\"><figure><a class=\"thumb-container\" href=\"https:\/\/www.salzburgerland.com\/de\/magazin\/wp-content\/uploads\/2020\/06\/sporti-c-Edith-Danzer-18-1280x1024.jpg\">\t<picture><source media=\"(min-width: 576px)\" srcset=\"https:\/\/www.salzburgerland.com\/de\/magazin\/wp-content\/uploads\/2020\/06\/sporti-c-Edith-Danzer-18-325x209.jpg 325w, https:\/\/www.salzburgerland.com\/de\/magazin\/wp-content\/uploads\/2020\/06\/sporti-c-Edith-Danzer-18-249x160.jpg 249w\"><\/source><source media=\"(min-width: 0)\" srcset=\"https:\/\/www.salzburgerland.com\/de\/magazin\/wp-content\/uploads\/2020\/06\/sporti-c-Edith-Danzer-18-249x160.jpg 249w, https:\/\/www.salzburgerland.com\/de\/magazin\/wp-content\/uploads\/2020\/06\/sporti-c-Edith-Danzer-18-325x209.jpg 325w\"><\/source><img decoding=\"async\" alt=\"Dessert mit Puderzucker und Beerenso&szlig;e, Schokoladenstreusel, Schlagsahne und Besteck auf einer rot karierten Serviette.\" src=\"https:\/\/www.salzburgerland.com\/de\/magazin\/wp-content\/uploads\/2020\/06\/sporti-c-Edith-Danzer-18.jpg\">\t<\/picture><\/a><\/figure><\/div><\/div><figcaption><\/figcaption><\/div>\n\n\n<div class=\"mag-gallery\"><div class=\"row\"><div class=\"col-6 col-sm-4\"><figure><a class=\"thumb-container\" href=\"https:\/\/www.salzburgerland.com\/de\/magazin\/wp-content\/uploads\/2020\/06\/sporti-c-Edith-Danzer-8-1280x1024.jpg\">\t<picture><source media=\"(min-width: 576px)\" srcset=\"https:\/\/www.salzburgerland.com\/de\/magazin\/wp-content\/uploads\/2020\/06\/sporti-c-Edith-Danzer-8-325x209.jpg 325w, https:\/\/www.salzburgerland.com\/de\/magazin\/wp-content\/uploads\/2020\/06\/sporti-c-Edith-Danzer-8-249x160.jpg 249w\"><\/source><source media=\"(min-width: 0)\" srcset=\"https:\/\/www.salzburgerland.com\/de\/magazin\/wp-content\/uploads\/2020\/06\/sporti-c-Edith-Danzer-8-249x160.jpg 249w, https:\/\/www.salzburgerland.com\/de\/magazin\/wp-content\/uploads\/2020\/06\/sporti-c-Edith-Danzer-8-325x209.jpg 325w\"><\/source><img decoding=\"async\" alt=\"\" src=\"https:\/\/www.salzburgerland.com\/de\/magazin\/wp-content\/uploads\/2020\/06\/sporti-c-Edith-Danzer-8.jpg\">\t<\/picture><figcaption>Spaziergang im Dirndl. c Edith Danzer<\/figcaption><\/a><\/figure><\/div><div class=\"col-6 col-sm-4\"><figure><a class=\"thumb-container\" href=\"https:\/\/www.salzburgerland.com\/de\/magazin\/wp-content\/uploads\/2020\/06\/sporti-c-Edith-Danzer-1280x1024.jpg\">\t<picture><source media=\"(min-width: 576px)\" srcset=\"https:\/\/www.salzburgerland.com\/de\/magazin\/wp-content\/uploads\/2020\/06\/sporti-c-Edith-Danzer-325x209.jpg 325w, https:\/\/www.salzburgerland.com\/de\/magazin\/wp-content\/uploads\/2020\/06\/sporti-c-Edith-Danzer-249x160.jpg 249w\"><\/source><source media=\"(min-width: 0)\" srcset=\"https:\/\/www.salzburgerland.com\/de\/magazin\/wp-content\/uploads\/2020\/06\/sporti-c-Edith-Danzer-249x160.jpg 249w, https:\/\/www.salzburgerland.com\/de\/magazin\/wp-content\/uploads\/2020\/06\/sporti-c-Edith-Danzer-325x209.jpg 325w\"><\/source><img decoding=\"async\" alt=\"\" src=\"https:\/\/www.salzburgerland.com\/de\/magazin\/wp-content\/uploads\/2020\/06\/sporti-c-Edith-Danzer.jpg\">\t<\/picture><figcaption>Hier wird tierisch gemodelt. c Edith Danzer<\/figcaption><\/a><\/figure><\/div><div class=\"col-6 col-sm-4\"><figure><a class=\"thumb-container\" href=\"https:\/\/www.salzburgerland.com\/de\/magazin\/wp-content\/uploads\/2020\/06\/sporti-c-Edith-Danzer-7-1280x1024.jpg\">\t<picture><source media=\"(min-width: 576px)\" srcset=\"https:\/\/www.salzburgerland.com\/de\/magazin\/wp-content\/uploads\/2020\/06\/sporti-c-Edith-Danzer-7-325x209.jpg 325w, https:\/\/www.salzburgerland.com\/de\/magazin\/wp-content\/uploads\/2020\/06\/sporti-c-Edith-Danzer-7-249x160.jpg 249w\"><\/source><source media=\"(min-width: 0)\" srcset=\"https:\/\/www.salzburgerland.com\/de\/magazin\/wp-content\/uploads\/2020\/06\/sporti-c-Edith-Danzer-7-249x160.jpg 249w, https:\/\/www.salzburgerland.com\/de\/magazin\/wp-content\/uploads\/2020\/06\/sporti-c-Edith-Danzer-7-325x209.jpg 325w\"><\/source><img decoding=\"async\" alt=\"\" src=\"https:\/\/www.salzburgerland.com\/de\/magazin\/wp-content\/uploads\/2020\/06\/sporti-c-Edith-Danzer-7.jpg\">\t<\/picture><figcaption>Auf gehts zur n&auml;chsten H&uuml;tte. c Edith Danzer<\/figcaption><\/a><\/figure><\/div><\/div><figcaption><\/figcaption><\/div>\n\n\n\n<h2 class=\"wp-block-heading\" id=\"h-regionale-spezialit-ten-selbst-gemacht\">Regionale Spezialit\u00e4ten \u2013 selbst gemacht<\/h2>\n\n\n\n<p>Schon wartet die n\u00e4chste Alm mit dem n\u00e4chsten Schmankerl auf uns, und es wird deftig \u2013 Pongauer Fleischkrapfen mit Sauerkraut stehen auf dem Tisch. Unter begeistertem \u201eMmmmmhs\u201c machen wir uns \u00fcber diese lokale Spezialit\u00e4t her und, ganz ehrlich, das Magenknurren ist l\u00e4ngst schon Geschichte. Aber wir wandern ohnehin wieder weiter und starten unseren Verdauungs-Spaziergang zur n\u00e4chsten H\u00fctte. Hans wird nicht m\u00fcde, uns \u00fcber die Alpenkr\u00e4uter und Berggipfel zu erz\u00e4hlen. Er weist uns auf hoch oben vor\u00fcberziehende G\u00e4nsegeier hin, zeigt uns dort am Bergkamm eine Gams und auch ein Murmeltier l\u00e4sst sich zwischen den Steinen erblicken. <\/p>\n\n\n\n<figure class=\"wp-block-image size-large\"><img loading=\"lazy\" decoding=\"async\" width=\"1618\" height=\"1080\" src=\"https:\/\/www.salzburgerland.com\/de\/magazin\/wp-content\/uploads\/2020\/06\/sporti-c-Edith-Danzer-5.jpg\" alt=\"sporti c Edith Danzer-5\" class=\"wp-image-145248\" srcset=\"https:\/\/www.salzburgerland.com\/de\/magazin\/wp-content\/uploads\/2020\/06\/sporti-c-Edith-Danzer-5.jpg 1618w, https:\/\/www.salzburgerland.com\/de\/magazin\/wp-content\/uploads\/2020\/06\/sporti-c-Edith-Danzer-5-300x200.jpg 300w, https:\/\/www.salzburgerland.com\/de\/magazin\/wp-content\/uploads\/2020\/06\/sporti-c-Edith-Danzer-5-1536x1025.jpg 1536w, https:\/\/www.salzburgerland.com\/de\/magazin\/wp-content\/uploads\/2020\/06\/sporti-c-Edith-Danzer-5-824x550.jpg 824w, https:\/\/www.salzburgerland.com\/de\/magazin\/wp-content\/uploads\/2020\/06\/sporti-c-Edith-Danzer-5-599x400.jpg 599w, https:\/\/www.salzburgerland.com\/de\/magazin\/wp-content\/uploads\/2020\/06\/sporti-c-Edith-Danzer-5-1320x881.jpg 1320w\" sizes=\"auto, (max-width: 1618px) 100vw, 1618px\" \/><figcaption>Die Almrosen bl\u00fchen. c Edith Danzer<\/figcaption><\/figure>\n\n\n\n<h2 class=\"wp-block-heading\" id=\"h-von-pofesn-zur-brettljausn\">Von Pofesn zur Brettljausn<\/h2>\n\n\n\n<p>So wandern wir von Gang zu Gang \u2013 mal s\u00fc\u00df als Milchrahmstrudel oder Schwarzbeer-Pofesn, mal deftig als K\u00e4seplatte oder Brettljause. Viele Zutaten sind von den H\u00fcttenwirten selbst erzeugt oder stammen zumindest aus der Region. Und das schmeckt man! Auf einigen H\u00fctten wird noch gekast und dort und da d\u00fcrfen wir einen Blick in die Kaskammer werfen, k\u00f6nnen im Hofladen selbstgemachte Almprodukte einkaufen, erfahren H\u00fcttenanekdoten oder bekommen eine kleine \u201eSchnalzer\u201c-Einlage vorgef\u00fchrt. Zu jedem Gang wird \u00fcbrigens auch das passende Getr\u00e4nk &#8211; vom Kaffee, dem k\u00fchlen Bier, frischer Milch bis zum selbst angesetzten Hollersaft und Schnapserl &#8211; serviert. Ans morgendliche Magenknurren kann sich mittlerweile keiner mehr erinnern und Hans gibt uns reichlich verlockende Wandertipps, um die sieben G\u00e4nge schon in den n\u00e4chsten Tagen bei Touren rund ums Gasteinertal wieder abzutrainieren. Fast zu kurz ist der Aufenthalt auf den H\u00fctten, denn jede urige Alm verspricht unz\u00e4hlige Geschichten, f\u00fcr die zu erz\u00e4hlen heute die Zeit fehlt. Dort ist vor einigen Jahren knapp eine Lawine am Haus vorbei gedonnert, hier k\u00f6nnte die H\u00fcttenwirtin vom Kasen erz\u00e4hlen und da wird schon seit Jahrzehnten der Almsommer am Nassfeld verbracht. Schweren Herzens, reichlich ges\u00e4ttigt und mit dem festen Vorsatz, nach Sportgastein zur\u00fcck zu kehren, um all diese Geschichten zu erfahren, beenden wir nach dem siebten und letzten Gang unsere <a href=\"https:\/\/www.gastein.com\/events\/detail\/event\/kulinarischer-almspaziergang\/\" target=\"_blank\" aria-label=\"undefined (opens in a new tab)\" rel=\"noreferrer noopener\">kulinarische Almwanderung<\/a>.<\/p>\n\n\n<div class=\"mag-gallery\"><div class=\"row\"><div class=\"col-6 col-sm-4\"><figure><a class=\"thumb-container\" href=\"https:\/\/www.salzburgerland.com\/de\/magazin\/wp-content\/uploads\/2020\/06\/sporti-c-Edith-Danzer-11-1280x1024.jpg\">\t<picture><source media=\"(min-width: 576px)\" srcset=\"https:\/\/www.salzburgerland.com\/de\/magazin\/wp-content\/uploads\/2020\/06\/sporti-c-Edith-Danzer-11-325x209.jpg 325w, https:\/\/www.salzburgerland.com\/de\/magazin\/wp-content\/uploads\/2020\/06\/sporti-c-Edith-Danzer-11-249x160.jpg 249w\"><\/source><source media=\"(min-width: 0)\" srcset=\"https:\/\/www.salzburgerland.com\/de\/magazin\/wp-content\/uploads\/2020\/06\/sporti-c-Edith-Danzer-11-249x160.jpg 249w, https:\/\/www.salzburgerland.com\/de\/magazin\/wp-content\/uploads\/2020\/06\/sporti-c-Edith-Danzer-11-325x209.jpg 325w\"><\/source><img decoding=\"async\" alt=\"\" src=\"https:\/\/www.salzburgerland.com\/de\/magazin\/wp-content\/uploads\/2020\/06\/sporti-c-Edith-Danzer-11.jpg\">\t<\/picture><figcaption>Urige H&uuml;tten in Sportgastein c Edith Danzer<\/figcaption><\/a><\/figure><\/div><div class=\"col-6 col-sm-4\"><figure><a class=\"thumb-container\" href=\"https:\/\/www.salzburgerland.com\/de\/magazin\/wp-content\/uploads\/2020\/06\/sporti-c-Edith-Danzer-10-1280x1024.jpg\">\t<picture><source media=\"(min-width: 576px)\" srcset=\"https:\/\/www.salzburgerland.com\/de\/magazin\/wp-content\/uploads\/2020\/06\/sporti-c-Edith-Danzer-10-325x209.jpg 325w, https:\/\/www.salzburgerland.com\/de\/magazin\/wp-content\/uploads\/2020\/06\/sporti-c-Edith-Danzer-10-249x160.jpg 249w\"><\/source><source media=\"(min-width: 0)\" srcset=\"https:\/\/www.salzburgerland.com\/de\/magazin\/wp-content\/uploads\/2020\/06\/sporti-c-Edith-Danzer-10-249x160.jpg 249w, https:\/\/www.salzburgerland.com\/de\/magazin\/wp-content\/uploads\/2020\/06\/sporti-c-Edith-Danzer-10-325x209.jpg 325w\"><\/source><img decoding=\"async\" alt=\"\" src=\"https:\/\/www.salzburgerland.com\/de\/magazin\/wp-content\/uploads\/2020\/06\/sporti-c-Edith-Danzer-10.jpg\">\t<\/picture><figcaption>DIe Schareckalm am Mor&auml;nenkegel. c Edith Danzer<\/figcaption><\/a><\/figure><\/div><div class=\"col-6 col-sm-4\"><figure><a class=\"thumb-container\" href=\"https:\/\/www.salzburgerland.com\/de\/magazin\/wp-content\/uploads\/2020\/06\/sporti-c-Edith-Danzer-4-1280x1024.jpg\">\t<picture><source media=\"(min-width: 576px)\" srcset=\"https:\/\/www.salzburgerland.com\/de\/magazin\/wp-content\/uploads\/2020\/06\/sporti-c-Edith-Danzer-4-325x209.jpg 325w, https:\/\/www.salzburgerland.com\/de\/magazin\/wp-content\/uploads\/2020\/06\/sporti-c-Edith-Danzer-4-249x160.jpg 249w\"><\/source><source media=\"(min-width: 0)\" srcset=\"https:\/\/www.salzburgerland.com\/de\/magazin\/wp-content\/uploads\/2020\/06\/sporti-c-Edith-Danzer-4-249x160.jpg 249w, https:\/\/www.salzburgerland.com\/de\/magazin\/wp-content\/uploads\/2020\/06\/sporti-c-Edith-Danzer-4-325x209.jpg 325w\"><\/source><img decoding=\"async\" alt=\"\" src=\"https:\/\/www.salzburgerland.com\/de\/magazin\/wp-content\/uploads\/2020\/06\/sporti-c-Edith-Danzer-4.jpg\">\t<\/picture><figcaption>Das Hochtal des Nassfelds. c Edith Danzer<\/figcaption><\/a><\/figure><\/div><\/div><figcaption><\/figcaption><\/div>\n\n\n\n<p><strong>Anmeldung beim Kur- und Tourismusverband Bad Gastein<\/strong><br>Kaiser-Franz-Josef-Stra\u00dfe 27<br>5640 Bad Gastein<br>T: +43 6432 3393 560<br><a href=\"mailto:badgastein@gastein.com\" target=\"_blank\" rel=\"noreferrer noopener\">badgastein@gastein.com<\/a><br><a href=\"https:\/\/www.gastein.com\/gastein\/kulinarik\/kulinarischer-almspaziergang\/\" target=\"_blank\" rel=\"noreferrer noopener\">www.gastein.com<\/a><\/p>\n","protected":false},"excerpt":{"rendered":"<p>7 H\u00fctten, 7 G\u00e4nge, 7 Wanderkilometer \u2013 dieser Hattrick verspricht einen Tag ganz nach meinem Geschmack. Hans Naglmayr ist unser Guide und wir treffen ihn am Parkplatz in Sportgastein. Als ehemaliger Nationalpark Ranger und Wanderf\u00fchrer wei\u00df der Gasteiner jede Menge zu erz\u00e4hlen und schon am Weg zur ersten H\u00fctte erf\u00e4hrt unsere kleine, feine Gruppe \u00fcber [&hellip;]<\/p>\n","protected":false},"author":11,"featured_media":145255,"comment_status":"open","ping_status":"closed","sticky":false,"template":"","format":"standard","meta":{"_acf_changed":false,"wl_entities_gutenberg":"","_wl_entity_redirect_enabled":"","footnotes":""},"categories":[3],"tags":[1503],"wl_entity_type":[306],"monatsauswahl":[88,89,90],"class_list":["post-145240","post","type-post","status-publish","format-standard","has-post-thumbnail","hentry","category-essen-trinken","tag-almsommer","wl_entity_type-article","monatsauswahl-monat_7","monatsauswahl-monat_8","monatsauswahl-monat_9"],"acf":[],"yoast_head":"<!-- This site is optimized with the Yoast SEO Premium plugin v27.4 (Yoast SEO v27.4) - https:\/\/yoast.com\/product\/yoast-seo-premium-wordpress\/ -->\n<title>Kulinarischer Almspaziergang Sportgastein - SalzburgerLand Magazin<\/title>\n<meta name=\"robots\" content=\"index, follow, max-snippet:-1, max-image-preview:large, max-video-preview:-1\" \/>\n<link rel=\"canonical\" href=\"https:\/\/www.salzburgerland.com\/de\/magazin\/kulinarischer-almspaziergang-sportgastein\/\" \/>\n<meta property=\"og:locale\" content=\"de_DE\" \/>\n<meta property=\"og:type\" content=\"article\" \/>\n<meta property=\"og:title\" content=\"Kulinarischer Almspaziergang Sportgastein\" \/>\n<meta property=\"og:description\" content=\"7 H\u00fctten, 7 G\u00e4nge, 7 Wanderkilometer \u2013 dieser Hattrick verspricht einen Tag ganz nach meinem Geschmack. Hans Naglmayr ist unser Guide und wir treffen ihn am Parkplatz in Sportgastein. Als ehemaliger Nationalpark Ranger und Wanderf\u00fchrer wei\u00df der Gasteiner jede Menge zu erz\u00e4hlen und schon am Weg zur ersten H\u00fctte erf\u00e4hrt unsere kleine, feine Gruppe \u00fcber [&hellip;]\" \/>\n<meta property=\"og:url\" content=\"https:\/\/www.salzburgerland.com\/de\/magazin\/kulinarischer-almspaziergang-sportgastein\/\" \/>\n<meta property=\"og:site_name\" content=\"SalzburgerLand Magazin\" \/>\n<meta property=\"article:publisher\" content=\"https:\/\/www.facebook.com\/salzburgerland\/\" \/>\n<meta property=\"article:published_time\" content=\"2021-06-28T06:00:00+00:00\" \/>\n<meta property=\"article:modified_time\" content=\"2021-06-28T10:18:21+00:00\" \/>\n<meta property=\"og:image\" content=\"https:\/\/www.salzburgerland.com\/de\/magazin\/wp-content\/uploads\/2020\/06\/sporti-c-Edith-Danzer-12-e1593101039152.jpg\" \/>\n\t<meta property=\"og:image:width\" content=\"1618\" \/>\n\t<meta property=\"og:image:height\" content=\"550\" \/>\n\t<meta property=\"og:image:type\" content=\"image\/jpeg\" \/>\n<meta name=\"author\" content=\"Edith Danzer\" \/>\n<meta name=\"twitter:card\" content=\"summary_large_image\" \/>\n<meta name=\"twitter:creator\" content=\"@Salzburgerland\" \/>\n<meta name=\"twitter:site\" content=\"@Salzburgerland\" \/>\n<meta name=\"twitter:label1\" content=\"Verfasst von\" \/>\n\t<meta name=\"twitter:data1\" content=\"Edith Danzer\" \/>\n\t<meta name=\"twitter:label2\" content=\"Gesch\u00e4tzte Lesezeit\" \/>\n\t<meta name=\"twitter:data2\" content=\"6\u00a0Minuten\" \/>\n<script type=\"application\/ld+json\" class=\"yoast-schema-graph\">{\"@context\":\"https:\\\/\\\/schema.org\",\"@graph\":[{\"@type\":\"Article\",\"@id\":\"https:\\\/\\\/www.salzburgerland.com\\\/de\\\/magazin\\\/kulinarischer-almspaziergang-sportgastein\\\/#article\",\"isPartOf\":{\"@id\":\"https:\\\/\\\/www.salzburgerland.com\\\/de\\\/magazin\\\/kulinarischer-almspaziergang-sportgastein\\\/\"},\"author\":{\"name\":\"Edith Danzer\",\"@id\":\"https:\\\/\\\/www.salzburgerland.com\\\/de\\\/magazin\\\/#\\\/schema\\\/person\\\/79452c699c410aa31a119426313748de\"},\"headline\":\"Kulinarischer Almspaziergang Sportgastein\",\"datePublished\":\"2021-06-28T06:00:00+00:00\",\"dateModified\":\"2021-06-28T10:18:21+00:00\",\"mainEntityOfPage\":{\"@id\":\"https:\\\/\\\/www.salzburgerland.com\\\/de\\\/magazin\\\/kulinarischer-almspaziergang-sportgastein\\\/\"},\"wordCount\":772,\"commentCount\":0,\"publisher\":{\"@id\":\"https:\\\/\\\/www.salzburgerland.com\\\/de\\\/magazin\\\/#organization\"},\"image\":{\"@id\":\"https:\\\/\\\/www.salzburgerland.com\\\/de\\\/magazin\\\/kulinarischer-almspaziergang-sportgastein\\\/#primaryimage\"},\"thumbnailUrl\":\"https:\\\/\\\/www.salzburgerland.com\\\/de\\\/magazin\\\/wp-content\\\/uploads\\\/2020\\\/06\\\/sporti-c-Edith-Danzer-12-e1593101039152.jpg\",\"keywords\":[\"Almsommer\"],\"articleSection\":[\"Essen &amp; Trinken\"],\"inLanguage\":\"de\",\"potentialAction\":[{\"@type\":\"CommentAction\",\"name\":\"Comment\",\"target\":[\"https:\\\/\\\/www.salzburgerland.com\\\/de\\\/magazin\\\/kulinarischer-almspaziergang-sportgastein\\\/#respond\"]}]},{\"@type\":\"WebPage\",\"@id\":\"https:\\\/\\\/www.salzburgerland.com\\\/de\\\/magazin\\\/kulinarischer-almspaziergang-sportgastein\\\/\",\"url\":\"https:\\\/\\\/www.salzburgerland.com\\\/de\\\/magazin\\\/kulinarischer-almspaziergang-sportgastein\\\/\",\"name\":\"Kulinarischer Almspaziergang Sportgastein - SalzburgerLand Magazin\",\"isPartOf\":{\"@id\":\"https:\\\/\\\/www.salzburgerland.com\\\/de\\\/magazin\\\/#website\"},\"primaryImageOfPage\":{\"@id\":\"https:\\\/\\\/www.salzburgerland.com\\\/de\\\/magazin\\\/kulinarischer-almspaziergang-sportgastein\\\/#primaryimage\"},\"image\":{\"@id\":\"https:\\\/\\\/www.salzburgerland.com\\\/de\\\/magazin\\\/kulinarischer-almspaziergang-sportgastein\\\/#primaryimage\"},\"thumbnailUrl\":\"https:\\\/\\\/www.salzburgerland.com\\\/de\\\/magazin\\\/wp-content\\\/uploads\\\/2020\\\/06\\\/sporti-c-Edith-Danzer-12-e1593101039152.jpg\",\"datePublished\":\"2021-06-28T06:00:00+00:00\",\"dateModified\":\"2021-06-28T10:18:21+00:00\",\"breadcrumb\":{\"@id\":\"https:\\\/\\\/www.salzburgerland.com\\\/de\\\/magazin\\\/kulinarischer-almspaziergang-sportgastein\\\/#breadcrumb\"},\"inLanguage\":\"de\",\"potentialAction\":[{\"@type\":\"ReadAction\",\"target\":[\"https:\\\/\\\/www.salzburgerland.com\\\/de\\\/magazin\\\/kulinarischer-almspaziergang-sportgastein\\\/\"]}]},{\"@type\":\"ImageObject\",\"inLanguage\":\"de\",\"@id\":\"https:\\\/\\\/www.salzburgerland.com\\\/de\\\/magazin\\\/kulinarischer-almspaziergang-sportgastein\\\/#primaryimage\",\"url\":\"https:\\\/\\\/www.salzburgerland.com\\\/de\\\/magazin\\\/wp-content\\\/uploads\\\/2020\\\/06\\\/sporti-c-Edith-Danzer-12-e1593101039152.jpg\",\"contentUrl\":\"https:\\\/\\\/www.salzburgerland.com\\\/de\\\/magazin\\\/wp-content\\\/uploads\\\/2020\\\/06\\\/sporti-c-Edith-Danzer-12-e1593101039152.jpg\",\"width\":1618,\"height\":550},{\"@type\":\"BreadcrumbList\",\"@id\":\"https:\\\/\\\/www.salzburgerland.com\\\/de\\\/magazin\\\/kulinarischer-almspaziergang-sportgastein\\\/#breadcrumb\",\"itemListElement\":[{\"@type\":\"ListItem\",\"position\":1,\"name\":\"Startseite\",\"item\":\"https:\\\/\\\/www.salzburgerland.com\\\/de\\\/magazin\\\/\"},{\"@type\":\"ListItem\",\"position\":2,\"name\":\"Essen &amp; Trinken\",\"item\":\"https:\\\/\\\/www.salzburgerland.com\\\/de\\\/magazin\\\/thema\\\/essen-trinken\\\/\"},{\"@type\":\"ListItem\",\"position\":3,\"name\":\"Kulinarischer Almspaziergang Sportgastein\"}]},{\"@type\":\"WebSite\",\"@id\":\"https:\\\/\\\/www.salzburgerland.com\\\/de\\\/magazin\\\/#website\",\"url\":\"https:\\\/\\\/www.salzburgerland.com\\\/de\\\/magazin\\\/\",\"name\":\"SalzburgerLand Magazin\",\"description\":\"Geschichten und Interessantes aus dem SalzburgerLand\",\"publisher\":{\"@id\":\"https:\\\/\\\/www.salzburgerland.com\\\/de\\\/magazin\\\/#organization\"},\"potentialAction\":[{\"@type\":\"SearchAction\",\"target\":{\"@type\":\"EntryPoint\",\"urlTemplate\":\"https:\\\/\\\/www.salzburgerland.com\\\/de\\\/magazin\\\/?s={search_term_string}\"},\"query-input\":{\"@type\":\"PropertyValueSpecification\",\"valueRequired\":true,\"valueName\":\"search_term_string\"}}],\"inLanguage\":\"de\"},{\"@type\":\"Organization\",\"@id\":\"https:\\\/\\\/www.salzburgerland.com\\\/de\\\/magazin\\\/#organization\",\"name\":\"SalzburgerLand Tourismus\",\"url\":\"https:\\\/\\\/www.salzburgerland.com\\\/de\\\/magazin\\\/\",\"logo\":{\"@type\":\"ImageObject\",\"inLanguage\":\"de\",\"@id\":\"https:\\\/\\\/www.salzburgerland.com\\\/de\\\/magazin\\\/#\\\/schema\\\/logo\\\/image\\\/\",\"url\":\"https:\\\/\\\/www.salzburgerland.com\\\/de\\\/magazin\\\/wp-content\\\/uploads\\\/2019\\\/06\\\/salzburgerland-logo1.jpg\",\"contentUrl\":\"https:\\\/\\\/www.salzburgerland.com\\\/de\\\/magazin\\\/wp-content\\\/uploads\\\/2019\\\/06\\\/salzburgerland-logo1.jpg\",\"width\":2011,\"height\":866,\"caption\":\"SalzburgerLand Tourismus\"},\"image\":{\"@id\":\"https:\\\/\\\/www.salzburgerland.com\\\/de\\\/magazin\\\/#\\\/schema\\\/logo\\\/image\\\/\"},\"sameAs\":[\"https:\\\/\\\/www.facebook.com\\\/salzburgerland\\\/\",\"https:\\\/\\\/x.com\\\/Salzburgerland\",\"https:\\\/\\\/www.instagram.com\\\/salzburgerland\\\/\",\"https:\\\/\\\/at.linkedin.com\\\/company\\\/salzburgerland-tourismus-gmbh\",\"https:\\\/\\\/www.pinterest.at\\\/salzburgerland\\\/\",\"https:\\\/\\\/www.youtube.com\\\/user\\\/salzburgerland\",\"https:\\\/\\\/de.wikipedia.org\\\/wiki\\\/SalzburgerLand_Tourismus_GmbH\"]},{\"@type\":\"Person\",\"@id\":\"https:\\\/\\\/www.salzburgerland.com\\\/de\\\/magazin\\\/#\\\/schema\\\/person\\\/79452c699c410aa31a119426313748de\",\"name\":\"Edith Danzer\",\"description\":\"Seit Jahren arbeite ich als freie Redakteurin und Fotografin im SalzburgerLand. Schreiben ist f\u00fcr mich nicht blo\u00df das Erstellen eines Textes. Es ist ein Komponieren einer wundervollen Melodie, ein Malen mit Buchstaben und Worten. Ich liebe die Begegnungen mit Menschen, die mir ihre Geschichte anvertrauen. Wenn man mich sucht, bin ich entweder am Schreibtisch (der auch mal am sonnigen H\u00fcttenbankerl stehen kann) oder mit meinem Husky-M\u00e4dl Ylvi am Berg, am See oder im Wald. Ich \u2026 \u2026 in ein paar Worten. \u2022 Lieber drau\u00dfen, als drinnen. \u2022 Lieber Norden, als S\u00fcden. \u2022 Lieber Buchstaben, als Zahlen. \u2022 Lieber Schnee, als Strand. \u2022 Lieber Berg, als Tal. \u2022 Lieber Nordlichter, als S\u00fcdseezauber. \u2022 Lieber H\u00fctte, als F\u00fcnfsternschuppen. \u2022 Lieber Hund, als Katze. \u2022 Lieber grader Michl, als falscher Fufzga. \u2022 Lieber mittendurch, als drumherum \u2022 Lieber Almleben, als Couchpotato\",\"url\":\"https:\\\/\\\/www.salzburgerland.com\\\/de\\\/magazin\\\/author\\\/edith-danzer\\\/\"}]}<\/script>\n<!-- \/ Yoast SEO Premium plugin. -->","yoast_head_json":{"title":"Kulinarischer Almspaziergang Sportgastein - SalzburgerLand Magazin","robots":{"index":"index","follow":"follow","max-snippet":"max-snippet:-1","max-image-preview":"max-image-preview:large","max-video-preview":"max-video-preview:-1"},"canonical":"https:\/\/www.salzburgerland.com\/de\/magazin\/kulinarischer-almspaziergang-sportgastein\/","og_locale":"de_DE","og_type":"article","og_title":"Kulinarischer Almspaziergang Sportgastein","og_description":"7 H\u00fctten, 7 G\u00e4nge, 7 Wanderkilometer \u2013 dieser Hattrick verspricht einen Tag ganz nach meinem Geschmack. Hans Naglmayr ist unser Guide und wir treffen ihn am Parkplatz in Sportgastein. Als ehemaliger Nationalpark Ranger und Wanderf\u00fchrer wei\u00df der Gasteiner jede Menge zu erz\u00e4hlen und schon am Weg zur ersten H\u00fctte erf\u00e4hrt unsere kleine, feine Gruppe \u00fcber [&hellip;]","og_url":"https:\/\/www.salzburgerland.com\/de\/magazin\/kulinarischer-almspaziergang-sportgastein\/","og_site_name":"SalzburgerLand Magazin","article_publisher":"https:\/\/www.facebook.com\/salzburgerland\/","article_published_time":"2021-06-28T06:00:00+00:00","article_modified_time":"2021-06-28T10:18:21+00:00","og_image":[{"width":1618,"height":550,"url":"https:\/\/www.salzburgerland.com\/de\/magazin\/wp-content\/uploads\/2020\/06\/sporti-c-Edith-Danzer-12-e1593101039152.jpg","type":"image\/jpeg"}],"author":"Edith Danzer","twitter_card":"summary_large_image","twitter_creator":"@Salzburgerland","twitter_site":"@Salzburgerland","twitter_misc":{"Verfasst von":"Edith Danzer","Gesch\u00e4tzte Lesezeit":"6\u00a0Minuten"},"schema":{"@context":"https:\/\/schema.org","@graph":[{"@type":"Article","@id":"https:\/\/www.salzburgerland.com\/de\/magazin\/kulinarischer-almspaziergang-sportgastein\/#article","isPartOf":{"@id":"https:\/\/www.salzburgerland.com\/de\/magazin\/kulinarischer-almspaziergang-sportgastein\/"},"author":{"name":"Edith Danzer","@id":"https:\/\/www.salzburgerland.com\/de\/magazin\/#\/schema\/person\/79452c699c410aa31a119426313748de"},"headline":"Kulinarischer Almspaziergang Sportgastein","datePublished":"2021-06-28T06:00:00+00:00","dateModified":"2021-06-28T10:18:21+00:00","mainEntityOfPage":{"@id":"https:\/\/www.salzburgerland.com\/de\/magazin\/kulinarischer-almspaziergang-sportgastein\/"},"wordCount":772,"commentCount":0,"publisher":{"@id":"https:\/\/www.salzburgerland.com\/de\/magazin\/#organization"},"image":{"@id":"https:\/\/www.salzburgerland.com\/de\/magazin\/kulinarischer-almspaziergang-sportgastein\/#primaryimage"},"thumbnailUrl":"https:\/\/www.salzburgerland.com\/de\/magazin\/wp-content\/uploads\/2020\/06\/sporti-c-Edith-Danzer-12-e1593101039152.jpg","keywords":["Almsommer"],"articleSection":["Essen &amp; Trinken"],"inLanguage":"de","potentialAction":[{"@type":"CommentAction","name":"Comment","target":["https:\/\/www.salzburgerland.com\/de\/magazin\/kulinarischer-almspaziergang-sportgastein\/#respond"]}]},{"@type":"WebPage","@id":"https:\/\/www.salzburgerland.com\/de\/magazin\/kulinarischer-almspaziergang-sportgastein\/","url":"https:\/\/www.salzburgerland.com\/de\/magazin\/kulinarischer-almspaziergang-sportgastein\/","name":"Kulinarischer Almspaziergang Sportgastein - SalzburgerLand Magazin","isPartOf":{"@id":"https:\/\/www.salzburgerland.com\/de\/magazin\/#website"},"primaryImageOfPage":{"@id":"https:\/\/www.salzburgerland.com\/de\/magazin\/kulinarischer-almspaziergang-sportgastein\/#primaryimage"},"image":{"@id":"https:\/\/www.salzburgerland.com\/de\/magazin\/kulinarischer-almspaziergang-sportgastein\/#primaryimage"},"thumbnailUrl":"https:\/\/www.salzburgerland.com\/de\/magazin\/wp-content\/uploads\/2020\/06\/sporti-c-Edith-Danzer-12-e1593101039152.jpg","datePublished":"2021-06-28T06:00:00+00:00","dateModified":"2021-06-28T10:18:21+00:00","breadcrumb":{"@id":"https:\/\/www.salzburgerland.com\/de\/magazin\/kulinarischer-almspaziergang-sportgastein\/#breadcrumb"},"inLanguage":"de","potentialAction":[{"@type":"ReadAction","target":["https:\/\/www.salzburgerland.com\/de\/magazin\/kulinarischer-almspaziergang-sportgastein\/"]}]},{"@type":"ImageObject","inLanguage":"de","@id":"https:\/\/www.salzburgerland.com\/de\/magazin\/kulinarischer-almspaziergang-sportgastein\/#primaryimage","url":"https:\/\/www.salzburgerland.com\/de\/magazin\/wp-content\/uploads\/2020\/06\/sporti-c-Edith-Danzer-12-e1593101039152.jpg","contentUrl":"https:\/\/www.salzburgerland.com\/de\/magazin\/wp-content\/uploads\/2020\/06\/sporti-c-Edith-Danzer-12-e1593101039152.jpg","width":1618,"height":550},{"@type":"BreadcrumbList","@id":"https:\/\/www.salzburgerland.com\/de\/magazin\/kulinarischer-almspaziergang-sportgastein\/#breadcrumb","itemListElement":[{"@type":"ListItem","position":1,"name":"Startseite","item":"https:\/\/www.salzburgerland.com\/de\/magazin\/"},{"@type":"ListItem","position":2,"name":"Essen &amp; Trinken","item":"https:\/\/www.salzburgerland.com\/de\/magazin\/thema\/essen-trinken\/"},{"@type":"ListItem","position":3,"name":"Kulinarischer Almspaziergang Sportgastein"}]},{"@type":"WebSite","@id":"https:\/\/www.salzburgerland.com\/de\/magazin\/#website","url":"https:\/\/www.salzburgerland.com\/de\/magazin\/","name":"SalzburgerLand Magazin","description":"Geschichten und Interessantes aus dem SalzburgerLand","publisher":{"@id":"https:\/\/www.salzburgerland.com\/de\/magazin\/#organization"},"potentialAction":[{"@type":"SearchAction","target":{"@type":"EntryPoint","urlTemplate":"https:\/\/www.salzburgerland.com\/de\/magazin\/?s={search_term_string}"},"query-input":{"@type":"PropertyValueSpecification","valueRequired":true,"valueName":"search_term_string"}}],"inLanguage":"de"},{"@type":"Organization","@id":"https:\/\/www.salzburgerland.com\/de\/magazin\/#organization","name":"SalzburgerLand Tourismus","url":"https:\/\/www.salzburgerland.com\/de\/magazin\/","logo":{"@type":"ImageObject","inLanguage":"de","@id":"https:\/\/www.salzburgerland.com\/de\/magazin\/#\/schema\/logo\/image\/","url":"https:\/\/www.salzburgerland.com\/de\/magazin\/wp-content\/uploads\/2019\/06\/salzburgerland-logo1.jpg","contentUrl":"https:\/\/www.salzburgerland.com\/de\/magazin\/wp-content\/uploads\/2019\/06\/salzburgerland-logo1.jpg","width":2011,"height":866,"caption":"SalzburgerLand Tourismus"},"image":{"@id":"https:\/\/www.salzburgerland.com\/de\/magazin\/#\/schema\/logo\/image\/"},"sameAs":["https:\/\/www.facebook.com\/salzburgerland\/","https:\/\/x.com\/Salzburgerland","https:\/\/www.instagram.com\/salzburgerland\/","https:\/\/at.linkedin.com\/company\/salzburgerland-tourismus-gmbh","https:\/\/www.pinterest.at\/salzburgerland\/","https:\/\/www.youtube.com\/user\/salzburgerland","https:\/\/de.wikipedia.org\/wiki\/SalzburgerLand_Tourismus_GmbH"]},{"@type":"Person","@id":"https:\/\/www.salzburgerland.com\/de\/magazin\/#\/schema\/person\/79452c699c410aa31a119426313748de","name":"Edith Danzer","description":"Seit Jahren arbeite ich als freie Redakteurin und Fotografin im SalzburgerLand. Schreiben ist f\u00fcr mich nicht blo\u00df das Erstellen eines Textes. Es ist ein Komponieren einer wundervollen Melodie, ein Malen mit Buchstaben und Worten. Ich liebe die Begegnungen mit Menschen, die mir ihre Geschichte anvertrauen. Wenn man mich sucht, bin ich entweder am Schreibtisch (der auch mal am sonnigen H\u00fcttenbankerl stehen kann) oder mit meinem Husky-M\u00e4dl Ylvi am Berg, am See oder im Wald. Ich \u2026 \u2026 in ein paar Worten. \u2022 Lieber drau\u00dfen, als drinnen. \u2022 Lieber Norden, als S\u00fcden. \u2022 Lieber Buchstaben, als Zahlen. \u2022 Lieber Schnee, als Strand. \u2022 Lieber Berg, als Tal. \u2022 Lieber Nordlichter, als S\u00fcdseezauber. \u2022 Lieber H\u00fctte, als F\u00fcnfsternschuppen. \u2022 Lieber Hund, als Katze. \u2022 Lieber grader Michl, als falscher Fufzga. \u2022 Lieber mittendurch, als drumherum \u2022 Lieber Almleben, als Couchpotato","url":"https:\/\/www.salzburgerland.com\/de\/magazin\/author\/edith-danzer\/"}]}},"_wl_alt_label":[],"wl:entity_url":"http:\/\/open.salzburgerland.com\/magazin\/post\/kulinarischer_almspaziergang_sportgastein","_links":{"self":[{"href":"https:\/\/www.salzburgerland.com\/de\/magazin\/wp-json\/wp\/v2\/posts\/145240","targetHints":{"allow":["GET"]}}],"collection":[{"href":"https:\/\/www.salzburgerland.com\/de\/magazin\/wp-json\/wp\/v2\/posts"}],"about":[{"href":"https:\/\/www.salzburgerland.com\/de\/magazin\/wp-json\/wp\/v2\/types\/post"}],"author":[{"embeddable":true,"href":"https:\/\/www.salzburgerland.com\/de\/magazin\/wp-json\/wp\/v2\/users\/11"}],"replies":[{"embeddable":true,"href":"https:\/\/www.salzburgerland.com\/de\/magazin\/wp-json\/wp\/v2\/comments?post=145240"}],"version-history":[{"count":6,"href":"https:\/\/www.salzburgerland.com\/de\/magazin\/wp-json\/wp\/v2\/posts\/145240\/revisions"}],"predecessor-version":[{"id":181393,"href":"https:\/\/www.salzburgerland.com\/de\/magazin\/wp-json\/wp\/v2\/posts\/145240\/revisions\/181393"}],"wp:featuredmedia":[{"embeddable":true,"href":"https:\/\/www.salzburgerland.com\/de\/magazin\/wp-json\/wp\/v2\/media\/145255"}],"wp:attachment":[{"href":"https:\/\/www.salzburgerland.com\/de\/magazin\/wp-json\/wp\/v2\/media?parent=145240"}],"wp:term":[{"taxonomy":"category","embeddable":true,"href":"https:\/\/www.salzburgerland.com\/de\/magazin\/wp-json\/wp\/v2\/categories?post=145240"},{"taxonomy":"post_tag","embeddable":true,"href":"https:\/\/www.salzburgerland.com\/de\/magazin\/wp-json\/wp\/v2\/tags?post=145240"},{"taxonomy":"wl_entity_type","embeddable":true,"href":"https:\/\/www.salzburgerland.com\/de\/magazin\/wp-json\/wp\/v2\/wl_entity_type?post=145240"},{"taxonomy":"monatsauswahl","embeddable":true,"href":"https:\/\/www.salzburgerland.com\/de\/magazin\/wp-json\/wp\/v2\/monatsauswahl?post=145240"}],"curies":[{"name":"wp","href":"https:\/\/api.w.org\/{rel}","templated":true}]}}