{"id":143472,"date":"2020-11-23T08:00:08","date_gmt":"2020-11-23T07:00:08","guid":{"rendered":"https:\/\/www.salzburgerland.com\/de\/magazin\/?p=143472"},"modified":"2024-02-07T08:35:18","modified_gmt":"2024-02-07T07:35:18","slug":"wirbleibenzuhause-einkaufen-im-online-shop","status":"publish","type":"post","link":"https:\/\/www.salzburgerland.com\/de\/magazin\/wirbleibenzuhause-einkaufen-im-online-shop\/","title":{"rendered":"#wirbleibenzuhause &#8211; einkaufen im Online-Shop"},"content":{"rendered":"\n<div class=\"wp-block-slt-top topBlocks\">\n<h2 class=\"wp-block-slt-subtitle\">Regionale L\u00e4den liefern, was wir t\u00e4glich brauchen<\/h2>\n\n\n\n<p class=\"wp-block-slt-intro\">Spezielle Situationen erfordern spezielle Ma\u00dfnahmen. Rausgehen, Shoppen, Freunde treffen sind derzeit Fehlanzeige. Schuld daran ist ein kleiner Virus, der dennoch die ganze Welt still stehen l\u00e4sst. Aber unterkriegen lassen wir uns deshalb noch lange nicht. Und schlecht gehen muss es uns deshalb auch noch lange nicht. Im Gegenteil, jetzt wo wir fast alle ans Homeoffice gefesselt sind, haben wir Zeit, uns durch die vielen regionalen Anbieter zu klicken, uns inspirieren zu lassen und Neues zu entdecken. Und glauben Sie mir \u2013 es gibt jede Menge.<\/p>\n<\/div>\n\n\n\n<p>Wie auch sonst beginnt der Tag mit dem L\u00e4uten des Weckers um 5:45 Uhr. Ein paar Minuten l\u00e4nger schlafen ist Fehlanzeige, denn den Katzen ist es herzlich gleichg\u00fcltig, ob man Dank Corona ein wenig l\u00e4nger liegen bleiben k\u00f6nnte. F\u00fctterungszeit ist F\u00fctterungszeit. Au\u00dferdem ist es drau\u00dfen eh schon hell und irgendwie liegt \u00fcberhaupt so eine herrlich entschleunigte Stimmung in der Luft. Da steht es sich gleich leichter auf.<\/p>\n\n\n\n<h2 class=\"wp-block-heading\" id=\"h-kulinarisch-bestens-versorgt\">Kulinarisch bestens versorgt<\/h2>\n\n\n\n<p>Dann wollen wir mal schauen, was die K\u00fcche so zum Fr\u00fchst\u00fccken hergibt. An Brot und Geb\u00e4ck mangelt es schon einmal nicht. Zum Gl\u00fcck hat der B\u00e4cker des Vertrauens auch jetzt tagt\u00e4glich ge\u00f6ffnet. Und wenn wir uns den Weg dorthin sparen wollen, dann n\u00fctzen wir die Freizeit doch, um uns selber als B\u00e4cker zu versuchen. Zum Beispiel die<a rel=\"noreferrer noopener\" aria-label=\" leckeren Semmeln von Christina Bauer (opens in a new tab)\" href=\"https:\/\/www.salzburgerland.com\/de\/magazin\/brot-gebaeck-selbst-gemacht-tipps-von-backprofi-christina-bauer\/?noredir\" target=\"_blank\"> leckeren Semmeln von Christina Bauer<\/a> oder ein saftiges <a rel=\"noreferrer noopener\" aria-label=\"Bauernbrot aus Sauerteig (opens in a new tab)\" href=\"https:\/\/www.salzburgerland.com\/de\/magazin\/salzburger-bauernbrot-selbst-gemacht-mit-sauerteig\/?noredir\" target=\"_blank\">Bauernbrot aus Sauerteig<\/a>. <\/p>\n\n\n\n<figure class=\"wp-block-image size-large\"><img loading=\"lazy\" decoding=\"async\" width=\"1050\" height=\"700\" src=\"https:\/\/www.salzburgerland.com\/de\/magazin\/wp-content\/uploads\/2018\/10\/SalzburgerLand_Brot-backen-mit-Sauerteig_Bauernbrot-mit-Sauerteig.jpg\" alt=\"Drei Scheiben rustikales Brot und ein halber Laib auf einem Holzbrett mit einem Brotmesser in der N\u00e4he.\" class=\"wp-image-126885\" srcset=\"https:\/\/www.salzburgerland.com\/de\/magazin\/wp-content\/uploads\/2018\/10\/SalzburgerLand_Brot-backen-mit-Sauerteig_Bauernbrot-mit-Sauerteig.jpg 1050w, https:\/\/www.salzburgerland.com\/de\/magazin\/wp-content\/uploads\/2018\/10\/SalzburgerLand_Brot-backen-mit-Sauerteig_Bauernbrot-mit-Sauerteig-300x200.jpg 300w, https:\/\/www.salzburgerland.com\/de\/magazin\/wp-content\/uploads\/2018\/10\/SalzburgerLand_Brot-backen-mit-Sauerteig_Bauernbrot-mit-Sauerteig-825x550.jpg 825w, https:\/\/www.salzburgerland.com\/de\/magazin\/wp-content\/uploads\/2018\/10\/SalzburgerLand_Brot-backen-mit-Sauerteig_Bauernbrot-mit-Sauerteig-600x400.jpg 600w\" sizes=\"auto, (max-width: 1050px) 100vw, 1050px\" \/><\/figure>\n\n\n\n<p>Und alles, was man sonst noch so zum fr\u00fchst\u00fccken braucht, k\u00f6nnen wir uns auch bequem liefern lassen. Zum Beispiel bei <a rel=\"noreferrer noopener\" aria-label=\"genussprogramm.at (opens in a new tab)\" href=\"https:\/\/genussprogramm.at\" target=\"_blank\">genussprogramm.at<\/a>. Auch die Produkte von <a href=\"https:\/\/www.bienenlieb.at\" target=\"_blank\" rel=\"noreferrer noopener\" aria-label=\"bienenlieb.at (opens in a new tab)\">bienenlieb.at<\/a> bereichern jetzt immer \u00f6fter unseren Fr\u00fchst\u00fcckstisch. <\/p>\n\n\n\n<p>Selbst auf meinen Lieblingskaffee am Vormittag muss ich noch lange nicht verzichten. Denn die Salzburger <a rel=\"noreferrer noopener\" aria-label=\"Premium-R\u00f6sterei 220\u00b0 (opens in a new tab)\" href=\"https:\/\/www.facebook.com\/220GRAD\/posts\/2903388636406742:0\" target=\"_blank\">Premium-R\u00f6sterei 220\u00b0<\/a> liefert ebenfalls bis vor die Haust\u00fcr. <\/p>\n\n\n\n<h2 class=\"wp-block-heading\" id=\"h-mittagessen-vom-lieferservice\">Mittagessen vom Lieferservice<\/h2>\n\n\n\n<p>Den Vormittag verbringen wir alle am Schreibtisch \u2013 ja, auch den Sch\u00fclern wird in den \u201eCoronaferien\u201c nicht langweilig. Wenn uns dann Mittag der Hunger alle wieder zusammentreibt, ist manchmal guter Rat teuer, f\u00fcr welchen der zahlreichen Lieferservices wir uns heute entscheiden. <\/p>\n\n\n\n<p>Wie w\u00e4re es etwa mit den feinen und variantenreichen Angeboten im Glas von <a aria-label=\"Paulina B (opens in a new tab)\" rel=\"noreferrer noopener\" href=\"https:\/\/paulinab.com\/\" target=\"_blank\">Paulina B<\/a>? Da gibt es von der Rindsroulade \u00fcber Suppen bis zum Curry f\u00fcr jeden Geschmack das Richtige. &nbsp;Nicht minder vielf\u00e4ltig sind die Angebote von <a aria-label=\"hansimglas.at (opens in a new tab)\" rel=\"noreferrer noopener\" href=\"https:\/\/www.hansimglas.at\/\" target=\"_blank\">hansimglas.at<\/a>.  Und auch <a href=\"https:\/\/www.hermann-liefert.at\/\" target=\"_blank\" rel=\"noreferrer noopener\">hermann liefert <\/a>bringt Abwechslung auf den Mittagstisch.<\/p>\n\n\n\n<p>Auch viele Gastronomen haben umgesattelt. Wenn sie die G\u00e4ste nicht in der Gaststube bewirten k\u00f6nnen, muss die K\u00fcche noch lange nicht kalt bleiben. So manche <a href=\"https:\/\/www.fraeuleinflora.at\/salzburg\/coronavirus-in-salzburg-diese-lokale-und-geschaefte-bieten-lieferservice\/\" target=\"_blank\" rel=\"noreferrer noopener\" aria-label=\"liefern gegen Vorbestellung direkt vor die Haust\u00fcre (opens in a new tab)\">liefern gegen Vorbestellung direkt vor die Haust\u00fcre<\/a>.  Schauen und h\u00f6ren Sie sich um \u2013 sicher gibt es auch in Ihrer N\u00e4he entsprechende Angebote. <\/p>\n\n\n\n<h2 class=\"wp-block-heading\" id=\"h-zeit-zum-kochen\">Zeit zum Kochen<\/h2>\n\n\n\n<p>Am Abend ist dann Zeit zum gemeinsamen Kochen. &nbsp;Schlie\u00dflich muss auch im Homeoffice irgendwann einmal der Feierabend&nbsp; eingel\u00e4utet werden. <a rel=\"noreferrer noopener\" aria-label=\"Rezeptideen und Tipps aus der Restlk\u00fcche (opens in a new tab)\" href=\"https:\/\/www.salzburgerlandwirtschaft.at\/essen-trinken\/rezepte\" target=\"_blank\">Rezeptideen und Tipps aus der Restlk\u00fcche<\/a> liegen gerade hoch im Kurs.<\/p>\n\n\n\n<figure class=\"wp-block-image size-large\"><img loading=\"lazy\" decoding=\"async\" width=\"1920\" height=\"1440\" src=\"https:\/\/www.salzburgerland.com\/de\/magazin\/wp-content\/uploads\/2020\/03\/Karottensuppe.jpg\" alt=\"Eine Sch\u00fcssel violette Suppe mit Sahne, ein L\u00f6ffel und eine Salzbrezel als Beilage.\" class=\"wp-image-143483\" srcset=\"https:\/\/www.salzburgerland.com\/de\/magazin\/wp-content\/uploads\/2020\/03\/Karottensuppe.jpg 1920w, https:\/\/www.salzburgerland.com\/de\/magazin\/wp-content\/uploads\/2020\/03\/Karottensuppe-300x225.jpg 300w, https:\/\/www.salzburgerland.com\/de\/magazin\/wp-content\/uploads\/2020\/03\/Karottensuppe-1536x1152.jpg 1536w, https:\/\/www.salzburgerland.com\/de\/magazin\/wp-content\/uploads\/2020\/03\/Karottensuppe-733x550.jpg 733w, https:\/\/www.salzburgerland.com\/de\/magazin\/wp-content\/uploads\/2020\/03\/Karottensuppe-140x105.jpg 140w, https:\/\/www.salzburgerland.com\/de\/magazin\/wp-content\/uploads\/2020\/03\/Karottensuppe-533x400.jpg 533w, https:\/\/www.salzburgerland.com\/de\/magazin\/wp-content\/uploads\/2020\/03\/Karottensuppe-960x720.jpg 960w, https:\/\/www.salzburgerland.com\/de\/magazin\/wp-content\/uploads\/2020\/03\/Karottensuppe-1320x990.jpg 1320w, https:\/\/www.salzburgerland.com\/de\/magazin\/wp-content\/uploads\/2020\/03\/Karottensuppe-1200x900.jpg 1200w\" sizes=\"auto, (max-width: 1920px) 100vw, 1920px\" \/><\/figure>\n\n\n\n<p> <br>Darf es passend dazu vielleicht ein Gl\u00e4schen Wein sein? Noch ist unser Weinkeller gut gef\u00fcllt, aber sollte die eine oder andere Flasche des Lieblingsweines in den n\u00e4chsten Woche doch irgendwann nicht mehr vorr\u00e4tig sein, dann werden wir etwa bei<a rel=\"noreferrer noopener\" aria-label=\" D\u00f6llerers Weinhandelshaus &nbsp;  (opens in a new tab)\" href=\"https:\/\/weinhandelshaus.at\/\" target=\"_blank\"> D\u00f6llerers Weinhandelshaus &nbsp; <\/a>f\u00fcndig. Erlesene Naturweine gibt es etwa bei <a rel=\"noreferrer noopener\" aria-label=\"naturalwinedealers.com (opens in a new tab)\" href=\"https:\/\/www.naturalwinedealers.com\/\" target=\"_blank\">naturalwinedealers.com<\/a>.<\/p>\n\n\n\n<p>Sie sind Bierliebhaber? Wir h\u00e4tten da einen Tipp f\u00fcr ein ganz besonderes Bier \u2013 mit Geschichte. <a aria-label=\"Das \u201eBack from Space\u201d Pale Ale von Braunton.  (opens in a new tab)\" rel=\"noreferrer noopener\" href=\"https:\/\/brauton.at\/products\/back-from-space-pale-ale\" target=\"_blank\">Das \u201eBack from Space\u201d Pale Ale von Braunton. <\/a><\/p>\n\n\n\n<h2 class=\"wp-block-heading\" id=\"h-zeit-zum-backen\">Zeit zum Backen<\/h2>\n\n\n\n<p>Was w\u00e4re die Winterzeit und vor allem die Vorweihnachtszeit ohne kulinarische K\u00f6stlichkeiten? Lecker Kekse, w\u00e4rmender Punsch oder kr\u00e4ftiger Eierlik\u00f6r &#8211; als Geschenkideen oder zum selber naschen. <a href=\"https:\/\/www.salzburgerland.com\/de\/so-schmeckt-der-winter\/\" target=\"_blank\" rel=\"noreferrer noopener\">So schmeckt der Winter im SalzburgerLand.<\/a><\/p>\n\n\n\n<h3 class=\"wp-block-heading\" id=\"h-einkaufstipp\">Einkaufstipp<\/h3>\n\n\n\n<p>Um zu frischen, regionalen Lebensmitteln zu kommen, lohnt sich ein Besuch im <a rel=\"noreferrer noopener\" aria-label=\"Hofladen (opens in a new tab)\" href=\"https:\/\/www.salzburgerlandwirtschaft.at\/geschichte\/einkaufen-von-regionalen-lebensmitteln-im-land-salzburg---informationen-fuer-konsumenten-372\" target=\"_blank\">Hofladen<\/a>. Auch wenn die Bauern ihre Waren derzeit nicht am Wochenmarkt verkaufen k\u00f6nnen, ab Hof bekommen Sie  nach wir vor alles in gewohnter Qualit\u00e4t. Ist doch auch einmal spannend zu sehen, wo Ihr Gem\u00fcse, die Milchprodukte oder das Fleisch herkommen. <\/p>\n\n\n\n<figure class=\"wp-block-image size-large\"><img loading=\"lazy\" decoding=\"async\" width=\"1920\" height=\"1297\" src=\"https:\/\/www.salzburgerland.com\/de\/magazin\/wp-content\/uploads\/2019\/09\/Hofladen-c-Bio-aus-dem-Tal-.jpg\" alt=\"Holzregale mit Beuteln mit losem Tee, Flaschen und getrockneten Hortensienbl\u00fcten in einem Gesch\u00e4ft.\" class=\"wp-image-137445\" srcset=\"https:\/\/www.salzburgerland.com\/de\/magazin\/wp-content\/uploads\/2019\/09\/Hofladen-c-Bio-aus-dem-Tal-.jpg 1920w, https:\/\/www.salzburgerland.com\/de\/magazin\/wp-content\/uploads\/2019\/09\/Hofladen-c-Bio-aus-dem-Tal--300x203.jpg 300w, https:\/\/www.salzburgerland.com\/de\/magazin\/wp-content\/uploads\/2019\/09\/Hofladen-c-Bio-aus-dem-Tal--814x550.jpg 814w, https:\/\/www.salzburgerland.com\/de\/magazin\/wp-content\/uploads\/2019\/09\/Hofladen-c-Bio-aus-dem-Tal--592x400.jpg 592w, https:\/\/www.salzburgerland.com\/de\/magazin\/wp-content\/uploads\/2019\/09\/Hofladen-c-Bio-aus-dem-Tal--1320x892.jpg 1320w\" sizes=\"auto, (max-width: 1920px) 100vw, 1920px\" \/><\/figure>\n\n\n\n<h3 class=\"wp-block-heading\" id=\"h-tipp-fur-naschkatzen\">Tipp f\u00fcr Naschkatzen  <\/h3>\n\n\n\n<p>Die <a aria-label=\"Original Salzburger Mozartkugeln (opens in a new tab)\" rel=\"noreferrer noopener\" href=\"https:\/\/www.fuerst.cc\/\" target=\"_blank\">Original Salzburger Mozartkugeln<\/a> aus dem Hause F\u00fcrst kann man sich ebenfalls bequem nach Hause schicken lassen. Und nicht nur Kinder freuen sich \u00fcber die s\u00fc\u00dfen, liebevoll handgemachten Gl\u00fccksmomente aus der <a aria-label=\"Zuckerlwerkstatt (opens in a new tab)\" rel=\"noreferrer noopener\" href=\"https:\/\/shop.zuckerlwerkstatt.at\/\" target=\"_blank\">Zuckerlwerkstatt<\/a>. Auch die schokoladigen K\u00f6stlichkeiten der <a href=\"https:\/\/www.confiserie-berger.at\/de\/online-shop\/pralinen\" target=\"_blank\" rel=\"noreferrer noopener\">Confiserie Berger<\/a> kann man im Onlineshop erstehen. <br>\u00dcbrigens \u2013<a aria-label=\"Marzipanpralinen (opens in a new tab)\" rel=\"noreferrer noopener\" href=\"https:\/\/www.salzburgerlandwirtschaft.at\/rezept\/marzipanpralinen-870\" target=\"_blank\">Marzipanpralinen<\/a> sind auch selber gemacht ein Genuss. <\/p>\n\n\n\n<h2 class=\"wp-block-heading\" id=\"h-freizeitvergnugen\">Freizeitvergn\u00fcgen<\/h2>\n\n\n\n<p>Die Coronakrise hat auch ihre guten Seiten. Jetzt, wo man nicht mehr von einem Termin zum anderen hetzen muss, bleibt mehr Zeit f\u00fcr die sch\u00f6nen Dinge im Leben.<br>Zum Lesen zum Beispiel. Ob ein guter <a rel=\"noreferrer noopener\" aria-label=\"Krimi (opens in a new tab)\" href=\"https:\/\/www.lovelybooks.de\/stoebern\/empfehlung\/salzburg-krimi\/\" target=\"_blank\">Krimi<\/a>  oder ein romantischer Liebesroman \u2013 Salzburger Autoren bringen das Feeling von Stadt und Land Salzburg direkt zu Ihnen nach Hause. Wenn es im Moment nicht m\u00f6glich ist, im Buchladen selber zu schm\u00f6kern, der Buchh\u00e4ndler Ihres Vertrauens ber\u00e4t Sie auch auch online gerne. Und nat\u00fcrlich wird die gew\u00fcnschte Lekt\u00fcre &nbsp;prompt geliefert. Ich habe mich etwa gerade auf <a rel=\"noreferrer noopener\" aria-label=\"rupertus.at (opens in a new tab)\" href=\"https:\/\/rupertusbuch.at\/\" target=\"_blank\">rupertus.at<\/a>, <a rel=\"noreferrer noopener\" aria-label=\"pustet.at (opens in a new tab)\" href=\"https:\/\/pustet.at\/de\/home.html\" target=\"_blank\">pustet.at<\/a> und auf <a href=\"https:\/\/motzko.buchkatalog.at\" target=\"_blank\" rel=\"noreferrer noopener\" aria-label=\"motzko.at (opens in a new tab)\">motzko.at<\/a> umgeschaut und mich mit Lesestoff eingedeckt.<\/p>\n\n\n\n<p>Wir haben auch endlich wieder Zeit f\u00fcr Spieleabende, zum Basteln, Backen und kreativ sein. Ideen und Anregungen gibt es genug.<\/p>\n\n\n\n<figure class=\"wp-block-image size-large\"><img loading=\"lazy\" decoding=\"async\" width=\"1920\" height=\"1906\" src=\"https:\/\/www.salzburgerland.com\/de\/magazin\/wp-content\/uploads\/2020\/03\/IMG_6968.jpg\" alt=\"Schwarz-Wei\u00df-Foto eines Mensch \u00e4rgere Dich nicht-Brettspiels, das auf einem Holztisch gespielt wird.\" class=\"wp-image-143484\" srcset=\"https:\/\/www.salzburgerland.com\/de\/magazin\/wp-content\/uploads\/2020\/03\/IMG_6968.jpg 1920w, https:\/\/www.salzburgerland.com\/de\/magazin\/wp-content\/uploads\/2020\/03\/IMG_6968-300x298.jpg 300w, https:\/\/www.salzburgerland.com\/de\/magazin\/wp-content\/uploads\/2020\/03\/IMG_6968-150x150.jpg 150w, https:\/\/www.salzburgerland.com\/de\/magazin\/wp-content\/uploads\/2020\/03\/IMG_6968-1536x1525.jpg 1536w, https:\/\/www.salzburgerland.com\/de\/magazin\/wp-content\/uploads\/2020\/03\/IMG_6968-554x550.jpg 554w, https:\/\/www.salzburgerland.com\/de\/magazin\/wp-content\/uploads\/2020\/03\/IMG_6968-403x400.jpg 403w, https:\/\/www.salzburgerland.com\/de\/magazin\/wp-content\/uploads\/2020\/03\/IMG_6968-1320x1310.jpg 1320w\" sizes=\"auto, (max-width: 1920px) 100vw, 1920px\" \/><\/figure>\n\n\n\n<p>Nehmen wir doch die Krise als Chance, einen Gang zur\u00fcckzuschalten und&nbsp; uns wieder auf andere Werte zu besinnen. Jetzt hei\u00dft es aber erst einmal #ichbleibdaheim.<br>Und das ist gar nicht so schlimm, wie es klingt. <\/p>\n\n\n\n<h3 class=\"wp-block-heading\" id=\"h-linktipps\">Linktipps<\/h3>\n\n\n\n<p>Hier noch ein paar Linktipps, wo Sie was regional und online kaufen k\u00f6nnen und &nbsp;wer was liefert:<\/p>\n\n\n\n<ul class=\"wp-block-list\">\n<li><a rel=\"noreferrer noopener\" href=\"https:\/\/www.salzburgerlandwirtschaft.at\/geschichte\/einkaufen-von-regionalen-lebensmitteln-im-land-salzburg---informationen-fuer-konsumenten-372\" target=\"_blank\">Ab Hof Verkauf im SalzburgerLand<\/a> <\/li>\n\n\n\n<li><a aria-label=\"www.fraeuleinflora.at\/ (opens in a new tab)\" rel=\"noreferrer noopener\" href=\"https:\/\/www.fraeuleinflora.at\/salzburg\/coronavirus-in-salzburg-diese-lokale-und-geschaefte-bieten-lieferservice\/\" target=\"_blank\">www.fraeuleinflora.at<\/a><\/li>\n\n\n\n<li><a aria-label=\"www.falter.at (opens in a new tab)\" rel=\"noreferrer noopener\" href=\"https:\/\/www.falter.at\/onlineshop-fibel?term=salzburg\" target=\"_blank\">www.falter.at<\/a><\/li>\n\n\n\n<li><a aria-label=\"www.nunukaller.com (opens in a new tab)\" rel=\"noreferrer noopener\" href=\"https:\/\/www.nunukaller.com\/\" target=\"_blank\">www.nunukaller.com<\/a><\/li>\n\n\n\n<li><a href=\"https:\/\/www.salzburg.gv.at\/themen\/wirtschaft\/onlineshops\" target=\"_blank\" rel=\"noreferrer noopener\">www.salzburg.gv.at\/onlineshops<\/a><\/li>\n\n\n\n<li><a href=\"https:\/\/kauftregional.at\/lieferservice\/salzburg\" target=\"_blank\" rel=\"noreferrer noopener\">kaufregional.at<\/a><\/li>\n<\/ul>\n\n\n\n<p>Die Listen werden t\u00e4glich aktualisiert und erweitert.<\/p>\n","protected":false},"excerpt":{"rendered":"<p>Wie auch sonst beginnt der Tag mit dem L\u00e4uten des Weckers um 5:45 Uhr. Ein paar Minuten l\u00e4nger schlafen ist Fehlanzeige, denn den Katzen ist es herzlich gleichg\u00fcltig, ob man Dank Corona ein wenig l\u00e4nger liegen bleiben k\u00f6nnte. F\u00fctterungszeit ist F\u00fctterungszeit. Au\u00dferdem ist es drau\u00dfen eh schon hell und irgendwie liegt \u00fcberhaupt so eine herrlich [&hellip;]<\/p>\n","protected":false},"author":90,"featured_media":143477,"comment_status":"closed","ping_status":"closed","sticky":false,"template":"","format":"standard","meta":{"_acf_changed":false,"wl_entities_gutenberg":"","_wl_entity_redirect_enabled":"","footnotes":""},"categories":[7551],"tags":[2002],"wl_entity_type":[306],"monatsauswahl":[82,83,84,85,86,87,88,89,90,91,92,93],"class_list":["post-143472","post","type-post","status-publish","format-standard","has-post-thumbnail","hentry","category-archiv","tag-kulinarik","wl_entity_type-article","monatsauswahl-monat_1","monatsauswahl-monat_2","monatsauswahl-monat_3","monatsauswahl-monat_4","monatsauswahl-monat_5","monatsauswahl-monat_6","monatsauswahl-monat_7","monatsauswahl-monat_8","monatsauswahl-monat_9","monatsauswahl-monat_10","monatsauswahl-monat_11","monatsauswahl-monat_12"],"acf":[],"yoast_head":"<!-- This site is optimized with the Yoast SEO Premium plugin v27.4 (Yoast SEO v27.4) - https:\/\/yoast.com\/product\/yoast-seo-premium-wordpress\/ -->\n<title>#wirbleibenzuhause - einkaufen im Online-Shop - SalzburgerLand Magazin<\/title>\n<meta name=\"robots\" content=\"noindex, nofollow\" \/>\n<meta property=\"og:locale\" content=\"de_DE\" \/>\n<meta property=\"og:type\" content=\"article\" \/>\n<meta property=\"og:title\" content=\"#wirbleibenzuhause - einkaufen im Online-Shop\" \/>\n<meta property=\"og:description\" content=\"Wie auch sonst beginnt der Tag mit dem L\u00e4uten des Weckers um 5:45 Uhr. Ein paar Minuten l\u00e4nger schlafen ist Fehlanzeige, denn den Katzen ist es herzlich gleichg\u00fcltig, ob man Dank Corona ein wenig l\u00e4nger liegen bleiben k\u00f6nnte. F\u00fctterungszeit ist F\u00fctterungszeit. Au\u00dferdem ist es drau\u00dfen eh schon hell und irgendwie liegt \u00fcberhaupt so eine herrlich [&hellip;]\" \/>\n<meta property=\"og:url\" content=\"https:\/\/www.salzburgerland.com\/de\/magazin\/wirbleibenzuhause-einkaufen-im-online-shop\/\" \/>\n<meta property=\"og:site_name\" content=\"SalzburgerLand Magazin\" \/>\n<meta property=\"article:publisher\" content=\"https:\/\/www.facebook.com\/salzburgerland\/\" \/>\n<meta property=\"article:published_time\" content=\"2020-11-23T07:00:08+00:00\" \/>\n<meta property=\"article:modified_time\" content=\"2024-02-07T07:35:18+00:00\" \/>\n<meta property=\"og:image\" content=\"https:\/\/www.salzburgerland.com\/de\/magazin\/wp-content\/uploads\/2020\/03\/Hofladen.jpg\" \/>\n\t<meta property=\"og:image:width\" content=\"1920\" \/>\n\t<meta property=\"og:image:height\" content=\"1282\" \/>\n\t<meta property=\"og:image:type\" content=\"image\/jpeg\" \/>\n<meta name=\"author\" content=\"Ulli Hammerl\" \/>\n<meta name=\"twitter:card\" content=\"summary_large_image\" \/>\n<meta name=\"twitter:creator\" content=\"@Salzburgerland\" \/>\n<meta name=\"twitter:site\" content=\"@Salzburgerland\" \/>\n<meta name=\"twitter:label1\" content=\"Verfasst von\" \/>\n\t<meta name=\"twitter:data1\" content=\"Ulli Hammerl\" \/>\n\t<meta name=\"twitter:label2\" content=\"Gesch\u00e4tzte Lesezeit\" \/>\n\t<meta name=\"twitter:data2\" content=\"6\u00a0Minuten\" \/>\n<script type=\"application\/ld+json\" class=\"yoast-schema-graph\">{\"@context\":\"https:\\\/\\\/schema.org\",\"@graph\":[{\"@type\":\"Article\",\"@id\":\"https:\\\/\\\/www.salzburgerland.com\\\/de\\\/magazin\\\/wirbleibenzuhause-einkaufen-im-online-shop\\\/#article\",\"isPartOf\":{\"@id\":\"https:\\\/\\\/www.salzburgerland.com\\\/de\\\/magazin\\\/wirbleibenzuhause-einkaufen-im-online-shop\\\/\"},\"author\":{\"name\":\"Ulli Hammerl\",\"@id\":\"https:\\\/\\\/www.salzburgerland.com\\\/de\\\/magazin\\\/#\\\/schema\\\/person\\\/a55a4fee1009b9e458d298480a18a9f7\"},\"headline\":\"#wirbleibenzuhause &#8211; einkaufen im Online-Shop\",\"datePublished\":\"2020-11-23T07:00:08+00:00\",\"dateModified\":\"2024-02-07T07:35:18+00:00\",\"mainEntityOfPage\":{\"@id\":\"https:\\\/\\\/www.salzburgerland.com\\\/de\\\/magazin\\\/wirbleibenzuhause-einkaufen-im-online-shop\\\/\"},\"wordCount\":971,\"publisher\":{\"@id\":\"https:\\\/\\\/www.salzburgerland.com\\\/de\\\/magazin\\\/#organization\"},\"image\":{\"@id\":\"https:\\\/\\\/www.salzburgerland.com\\\/de\\\/magazin\\\/wirbleibenzuhause-einkaufen-im-online-shop\\\/#primaryimage\"},\"thumbnailUrl\":\"https:\\\/\\\/www.salzburgerland.com\\\/de\\\/magazin\\\/wp-content\\\/uploads\\\/2020\\\/03\\\/Hofladen.jpg\",\"keywords\":[\"Kulinarik\"],\"articleSection\":[\"Archiv\"],\"inLanguage\":\"de\"},{\"@type\":\"WebPage\",\"@id\":\"https:\\\/\\\/www.salzburgerland.com\\\/de\\\/magazin\\\/wirbleibenzuhause-einkaufen-im-online-shop\\\/\",\"url\":\"https:\\\/\\\/www.salzburgerland.com\\\/de\\\/magazin\\\/wirbleibenzuhause-einkaufen-im-online-shop\\\/\",\"name\":\"#wirbleibenzuhause - einkaufen im Online-Shop - SalzburgerLand Magazin\",\"isPartOf\":{\"@id\":\"https:\\\/\\\/www.salzburgerland.com\\\/de\\\/magazin\\\/#website\"},\"primaryImageOfPage\":{\"@id\":\"https:\\\/\\\/www.salzburgerland.com\\\/de\\\/magazin\\\/wirbleibenzuhause-einkaufen-im-online-shop\\\/#primaryimage\"},\"image\":{\"@id\":\"https:\\\/\\\/www.salzburgerland.com\\\/de\\\/magazin\\\/wirbleibenzuhause-einkaufen-im-online-shop\\\/#primaryimage\"},\"thumbnailUrl\":\"https:\\\/\\\/www.salzburgerland.com\\\/de\\\/magazin\\\/wp-content\\\/uploads\\\/2020\\\/03\\\/Hofladen.jpg\",\"datePublished\":\"2020-11-23T07:00:08+00:00\",\"dateModified\":\"2024-02-07T07:35:18+00:00\",\"breadcrumb\":{\"@id\":\"https:\\\/\\\/www.salzburgerland.com\\\/de\\\/magazin\\\/wirbleibenzuhause-einkaufen-im-online-shop\\\/#breadcrumb\"},\"inLanguage\":\"de\",\"potentialAction\":[{\"@type\":\"ReadAction\",\"target\":[\"https:\\\/\\\/www.salzburgerland.com\\\/de\\\/magazin\\\/wirbleibenzuhause-einkaufen-im-online-shop\\\/\"]}]},{\"@type\":\"ImageObject\",\"inLanguage\":\"de\",\"@id\":\"https:\\\/\\\/www.salzburgerland.com\\\/de\\\/magazin\\\/wirbleibenzuhause-einkaufen-im-online-shop\\\/#primaryimage\",\"url\":\"https:\\\/\\\/www.salzburgerland.com\\\/de\\\/magazin\\\/wp-content\\\/uploads\\\/2020\\\/03\\\/Hofladen.jpg\",\"contentUrl\":\"https:\\\/\\\/www.salzburgerland.com\\\/de\\\/magazin\\\/wp-content\\\/uploads\\\/2020\\\/03\\\/Hofladen.jpg\",\"width\":1920,\"height\":1282,\"caption\":\"Zwei h\u00f6lzerne Wegweiser auf einer Wiese weisen auf schneebedeckte Berge im Hintergrund hin.\"},{\"@type\":\"BreadcrumbList\",\"@id\":\"https:\\\/\\\/www.salzburgerland.com\\\/de\\\/magazin\\\/wirbleibenzuhause-einkaufen-im-online-shop\\\/#breadcrumb\",\"itemListElement\":[{\"@type\":\"ListItem\",\"position\":1,\"name\":\"Startseite\",\"item\":\"https:\\\/\\\/www.salzburgerland.com\\\/de\\\/magazin\\\/\"},{\"@type\":\"ListItem\",\"position\":2,\"name\":\"Archiv\",\"item\":\"https:\\\/\\\/www.salzburgerland.com\\\/de\\\/magazin\\\/thema\\\/archiv\\\/\"},{\"@type\":\"ListItem\",\"position\":3,\"name\":\"#wirbleibenzuhause &#8211; einkaufen im Online-Shop\"}]},{\"@type\":\"WebSite\",\"@id\":\"https:\\\/\\\/www.salzburgerland.com\\\/de\\\/magazin\\\/#website\",\"url\":\"https:\\\/\\\/www.salzburgerland.com\\\/de\\\/magazin\\\/\",\"name\":\"SalzburgerLand Magazin\",\"description\":\"Geschichten und Interessantes aus dem SalzburgerLand\",\"publisher\":{\"@id\":\"https:\\\/\\\/www.salzburgerland.com\\\/de\\\/magazin\\\/#organization\"},\"potentialAction\":[{\"@type\":\"SearchAction\",\"target\":{\"@type\":\"EntryPoint\",\"urlTemplate\":\"https:\\\/\\\/www.salzburgerland.com\\\/de\\\/magazin\\\/?s={search_term_string}\"},\"query-input\":{\"@type\":\"PropertyValueSpecification\",\"valueRequired\":true,\"valueName\":\"search_term_string\"}}],\"inLanguage\":\"de\"},{\"@type\":\"Organization\",\"@id\":\"https:\\\/\\\/www.salzburgerland.com\\\/de\\\/magazin\\\/#organization\",\"name\":\"SalzburgerLand Tourismus\",\"url\":\"https:\\\/\\\/www.salzburgerland.com\\\/de\\\/magazin\\\/\",\"logo\":{\"@type\":\"ImageObject\",\"inLanguage\":\"de\",\"@id\":\"https:\\\/\\\/www.salzburgerland.com\\\/de\\\/magazin\\\/#\\\/schema\\\/logo\\\/image\\\/\",\"url\":\"https:\\\/\\\/www.salzburgerland.com\\\/de\\\/magazin\\\/wp-content\\\/uploads\\\/2019\\\/06\\\/salzburgerland-logo1.jpg\",\"contentUrl\":\"https:\\\/\\\/www.salzburgerland.com\\\/de\\\/magazin\\\/wp-content\\\/uploads\\\/2019\\\/06\\\/salzburgerland-logo1.jpg\",\"width\":2011,\"height\":866,\"caption\":\"SalzburgerLand Tourismus\"},\"image\":{\"@id\":\"https:\\\/\\\/www.salzburgerland.com\\\/de\\\/magazin\\\/#\\\/schema\\\/logo\\\/image\\\/\"},\"sameAs\":[\"https:\\\/\\\/www.facebook.com\\\/salzburgerland\\\/\",\"https:\\\/\\\/x.com\\\/Salzburgerland\",\"https:\\\/\\\/www.instagram.com\\\/salzburgerland\\\/\",\"https:\\\/\\\/at.linkedin.com\\\/company\\\/salzburgerland-tourismus-gmbh\",\"https:\\\/\\\/www.pinterest.at\\\/salzburgerland\\\/\",\"https:\\\/\\\/www.youtube.com\\\/user\\\/salzburgerland\",\"https:\\\/\\\/de.wikipedia.org\\\/wiki\\\/SalzburgerLand_Tourismus_GmbH\"]},{\"@type\":\"Person\",\"@id\":\"https:\\\/\\\/www.salzburgerland.com\\\/de\\\/magazin\\\/#\\\/schema\\\/person\\\/a55a4fee1009b9e458d298480a18a9f7\",\"name\":\"Ulli Hammerl\",\"description\":\"Geboren und aufgewachsen in der Stadt Salzburg war Ulli Hammerl fr\u00fch bewusst, in einer der sch\u00f6nsten St\u00e4dte der Welt zu leben. So ist sie auch w\u00e4hrend ihres Studiums der Kommunikationswissenschaft und \u00d6kologie ihrer Heimatstadt treu geblieben. Gleich nach dem Studium ist sie zu SalzburgerLand Tourismus (SLTG) gegangen und hat hier von 1998 - 2004 u.a. die SalzburgerLand Card betreut. Dabei ist sie viel herumgekommen, wodurch auch die Liebe zum SalzburgerLand enstanden und gewachsen ist. Nach der Geburt ihrer Tochter im September 2004 hat sich Ulli Hammerl 2007 mit einer Agentur selbst\u00e4ndig gemacht. Mein pers\u00f6nlicher Logenplatz: Hoch \u00fcber Salzburg, abseits der stark begangenen Wege mit Blick auf die D\u00e4cher und Kircht\u00fcrme der Stadt \u2013 hier geht mir das Herz auf! Morgen- oder Abendmensch: Ganz klar: Morgenmensch. Wenn um 5.00 Uhr fr\u00fch die V\u00f6gel zwitschern und rund herum noch alles in tiefer Ruhe versinkt, dann ist meine Zeit. Ausgeschlafen, Energie geladen und voller Tatendrang starte ich am liebsten in den fr\u00fchen Morgenstunden in den Tag. Daf\u00fcr kann man nach 21.00 Uhr nicht mehr mit mir rechnen. Buch oder Film: Es gibt nichts Sch\u00f6neres, als es sich am Ende des Tages auf der Couch gem\u00fctlich zu machen und in die Gedankenwelt eines guten Buches einzutauchen \u2013 Lesen ist Abenteuer im Kopf. Wandern, Spazierengehen oder Laufen: alles drei und zwar am besten jeden Tag. Mit ein bisschen Zeiteinteilung geht es sich tats\u00e4chlich fast gehen Tag aus, drau\u00dfen unterwegs zu sein. Fr\u00fchling, Sommer, Herbst oder Winter: Ich kann es im Fr\u00fchling kaum erwarten, die ersten Gr\u00fcnschattierungen in der Natur zu entdecken. Ich liebe hei\u00dfe Sommertage am See und laue Sommerabende am Balkon. Ich mag es, wenn im Herbst die W\u00e4lder in einem Meer aus Farben erstrahlen, Laubrascheln und Kastanien sammeln. Und ich freue mich wie ein Kind, wenn im Dezember die ersten Schneeflocken vom Himmel schweben. Die vier Jahreszeiten sind etwas Wunderbares.\",\"url\":\"https:\\\/\\\/www.salzburgerland.com\\\/de\\\/magazin\\\/author\\\/ulli-hammerl\\\/\"}]}<\/script>\n<!-- \/ Yoast SEO Premium plugin. -->","yoast_head_json":{"title":"#wirbleibenzuhause - einkaufen im Online-Shop - SalzburgerLand Magazin","robots":{"index":"noindex","follow":"nofollow"},"og_locale":"de_DE","og_type":"article","og_title":"#wirbleibenzuhause - einkaufen im Online-Shop","og_description":"Wie auch sonst beginnt der Tag mit dem L\u00e4uten des Weckers um 5:45 Uhr. Ein paar Minuten l\u00e4nger schlafen ist Fehlanzeige, denn den Katzen ist es herzlich gleichg\u00fcltig, ob man Dank Corona ein wenig l\u00e4nger liegen bleiben k\u00f6nnte. F\u00fctterungszeit ist F\u00fctterungszeit. Au\u00dferdem ist es drau\u00dfen eh schon hell und irgendwie liegt \u00fcberhaupt so eine herrlich [&hellip;]","og_url":"https:\/\/www.salzburgerland.com\/de\/magazin\/wirbleibenzuhause-einkaufen-im-online-shop\/","og_site_name":"SalzburgerLand Magazin","article_publisher":"https:\/\/www.facebook.com\/salzburgerland\/","article_published_time":"2020-11-23T07:00:08+00:00","article_modified_time":"2024-02-07T07:35:18+00:00","og_image":[{"width":1920,"height":1282,"url":"https:\/\/www.salzburgerland.com\/de\/magazin\/wp-content\/uploads\/2020\/03\/Hofladen.jpg","type":"image\/jpeg"}],"author":"Ulli Hammerl","twitter_card":"summary_large_image","twitter_creator":"@Salzburgerland","twitter_site":"@Salzburgerland","twitter_misc":{"Verfasst von":"Ulli Hammerl","Gesch\u00e4tzte Lesezeit":"6\u00a0Minuten"},"schema":{"@context":"https:\/\/schema.org","@graph":[{"@type":"Article","@id":"https:\/\/www.salzburgerland.com\/de\/magazin\/wirbleibenzuhause-einkaufen-im-online-shop\/#article","isPartOf":{"@id":"https:\/\/www.salzburgerland.com\/de\/magazin\/wirbleibenzuhause-einkaufen-im-online-shop\/"},"author":{"name":"Ulli Hammerl","@id":"https:\/\/www.salzburgerland.com\/de\/magazin\/#\/schema\/person\/a55a4fee1009b9e458d298480a18a9f7"},"headline":"#wirbleibenzuhause &#8211; einkaufen im Online-Shop","datePublished":"2020-11-23T07:00:08+00:00","dateModified":"2024-02-07T07:35:18+00:00","mainEntityOfPage":{"@id":"https:\/\/www.salzburgerland.com\/de\/magazin\/wirbleibenzuhause-einkaufen-im-online-shop\/"},"wordCount":971,"publisher":{"@id":"https:\/\/www.salzburgerland.com\/de\/magazin\/#organization"},"image":{"@id":"https:\/\/www.salzburgerland.com\/de\/magazin\/wirbleibenzuhause-einkaufen-im-online-shop\/#primaryimage"},"thumbnailUrl":"https:\/\/www.salzburgerland.com\/de\/magazin\/wp-content\/uploads\/2020\/03\/Hofladen.jpg","keywords":["Kulinarik"],"articleSection":["Archiv"],"inLanguage":"de"},{"@type":"WebPage","@id":"https:\/\/www.salzburgerland.com\/de\/magazin\/wirbleibenzuhause-einkaufen-im-online-shop\/","url":"https:\/\/www.salzburgerland.com\/de\/magazin\/wirbleibenzuhause-einkaufen-im-online-shop\/","name":"#wirbleibenzuhause - einkaufen im Online-Shop - SalzburgerLand Magazin","isPartOf":{"@id":"https:\/\/www.salzburgerland.com\/de\/magazin\/#website"},"primaryImageOfPage":{"@id":"https:\/\/www.salzburgerland.com\/de\/magazin\/wirbleibenzuhause-einkaufen-im-online-shop\/#primaryimage"},"image":{"@id":"https:\/\/www.salzburgerland.com\/de\/magazin\/wirbleibenzuhause-einkaufen-im-online-shop\/#primaryimage"},"thumbnailUrl":"https:\/\/www.salzburgerland.com\/de\/magazin\/wp-content\/uploads\/2020\/03\/Hofladen.jpg","datePublished":"2020-11-23T07:00:08+00:00","dateModified":"2024-02-07T07:35:18+00:00","breadcrumb":{"@id":"https:\/\/www.salzburgerland.com\/de\/magazin\/wirbleibenzuhause-einkaufen-im-online-shop\/#breadcrumb"},"inLanguage":"de","potentialAction":[{"@type":"ReadAction","target":["https:\/\/www.salzburgerland.com\/de\/magazin\/wirbleibenzuhause-einkaufen-im-online-shop\/"]}]},{"@type":"ImageObject","inLanguage":"de","@id":"https:\/\/www.salzburgerland.com\/de\/magazin\/wirbleibenzuhause-einkaufen-im-online-shop\/#primaryimage","url":"https:\/\/www.salzburgerland.com\/de\/magazin\/wp-content\/uploads\/2020\/03\/Hofladen.jpg","contentUrl":"https:\/\/www.salzburgerland.com\/de\/magazin\/wp-content\/uploads\/2020\/03\/Hofladen.jpg","width":1920,"height":1282,"caption":"Zwei h\u00f6lzerne Wegweiser auf einer Wiese weisen auf schneebedeckte Berge im Hintergrund hin."},{"@type":"BreadcrumbList","@id":"https:\/\/www.salzburgerland.com\/de\/magazin\/wirbleibenzuhause-einkaufen-im-online-shop\/#breadcrumb","itemListElement":[{"@type":"ListItem","position":1,"name":"Startseite","item":"https:\/\/www.salzburgerland.com\/de\/magazin\/"},{"@type":"ListItem","position":2,"name":"Archiv","item":"https:\/\/www.salzburgerland.com\/de\/magazin\/thema\/archiv\/"},{"@type":"ListItem","position":3,"name":"#wirbleibenzuhause &#8211; einkaufen im Online-Shop"}]},{"@type":"WebSite","@id":"https:\/\/www.salzburgerland.com\/de\/magazin\/#website","url":"https:\/\/www.salzburgerland.com\/de\/magazin\/","name":"SalzburgerLand Magazin","description":"Geschichten und Interessantes aus dem SalzburgerLand","publisher":{"@id":"https:\/\/www.salzburgerland.com\/de\/magazin\/#organization"},"potentialAction":[{"@type":"SearchAction","target":{"@type":"EntryPoint","urlTemplate":"https:\/\/www.salzburgerland.com\/de\/magazin\/?s={search_term_string}"},"query-input":{"@type":"PropertyValueSpecification","valueRequired":true,"valueName":"search_term_string"}}],"inLanguage":"de"},{"@type":"Organization","@id":"https:\/\/www.salzburgerland.com\/de\/magazin\/#organization","name":"SalzburgerLand Tourismus","url":"https:\/\/www.salzburgerland.com\/de\/magazin\/","logo":{"@type":"ImageObject","inLanguage":"de","@id":"https:\/\/www.salzburgerland.com\/de\/magazin\/#\/schema\/logo\/image\/","url":"https:\/\/www.salzburgerland.com\/de\/magazin\/wp-content\/uploads\/2019\/06\/salzburgerland-logo1.jpg","contentUrl":"https:\/\/www.salzburgerland.com\/de\/magazin\/wp-content\/uploads\/2019\/06\/salzburgerland-logo1.jpg","width":2011,"height":866,"caption":"SalzburgerLand Tourismus"},"image":{"@id":"https:\/\/www.salzburgerland.com\/de\/magazin\/#\/schema\/logo\/image\/"},"sameAs":["https:\/\/www.facebook.com\/salzburgerland\/","https:\/\/x.com\/Salzburgerland","https:\/\/www.instagram.com\/salzburgerland\/","https:\/\/at.linkedin.com\/company\/salzburgerland-tourismus-gmbh","https:\/\/www.pinterest.at\/salzburgerland\/","https:\/\/www.youtube.com\/user\/salzburgerland","https:\/\/de.wikipedia.org\/wiki\/SalzburgerLand_Tourismus_GmbH"]},{"@type":"Person","@id":"https:\/\/www.salzburgerland.com\/de\/magazin\/#\/schema\/person\/a55a4fee1009b9e458d298480a18a9f7","name":"Ulli Hammerl","description":"Geboren und aufgewachsen in der Stadt Salzburg war Ulli Hammerl fr\u00fch bewusst, in einer der sch\u00f6nsten St\u00e4dte der Welt zu leben. So ist sie auch w\u00e4hrend ihres Studiums der Kommunikationswissenschaft und \u00d6kologie ihrer Heimatstadt treu geblieben. Gleich nach dem Studium ist sie zu SalzburgerLand Tourismus (SLTG) gegangen und hat hier von 1998 - 2004 u.a. die SalzburgerLand Card betreut. Dabei ist sie viel herumgekommen, wodurch auch die Liebe zum SalzburgerLand enstanden und gewachsen ist. Nach der Geburt ihrer Tochter im September 2004 hat sich Ulli Hammerl 2007 mit einer Agentur selbst\u00e4ndig gemacht. Mein pers\u00f6nlicher Logenplatz: Hoch \u00fcber Salzburg, abseits der stark begangenen Wege mit Blick auf die D\u00e4cher und Kircht\u00fcrme der Stadt \u2013 hier geht mir das Herz auf! Morgen- oder Abendmensch: Ganz klar: Morgenmensch. Wenn um 5.00 Uhr fr\u00fch die V\u00f6gel zwitschern und rund herum noch alles in tiefer Ruhe versinkt, dann ist meine Zeit. Ausgeschlafen, Energie geladen und voller Tatendrang starte ich am liebsten in den fr\u00fchen Morgenstunden in den Tag. Daf\u00fcr kann man nach 21.00 Uhr nicht mehr mit mir rechnen. Buch oder Film: Es gibt nichts Sch\u00f6neres, als es sich am Ende des Tages auf der Couch gem\u00fctlich zu machen und in die Gedankenwelt eines guten Buches einzutauchen \u2013 Lesen ist Abenteuer im Kopf. Wandern, Spazierengehen oder Laufen: alles drei und zwar am besten jeden Tag. Mit ein bisschen Zeiteinteilung geht es sich tats\u00e4chlich fast gehen Tag aus, drau\u00dfen unterwegs zu sein. Fr\u00fchling, Sommer, Herbst oder Winter: Ich kann es im Fr\u00fchling kaum erwarten, die ersten Gr\u00fcnschattierungen in der Natur zu entdecken. Ich liebe hei\u00dfe Sommertage am See und laue Sommerabende am Balkon. Ich mag es, wenn im Herbst die W\u00e4lder in einem Meer aus Farben erstrahlen, Laubrascheln und Kastanien sammeln. Und ich freue mich wie ein Kind, wenn im Dezember die ersten Schneeflocken vom Himmel schweben. Die vier Jahreszeiten sind etwas Wunderbares.","url":"https:\/\/www.salzburgerland.com\/de\/magazin\/author\/ulli-hammerl\/"}]}},"_wl_alt_label":[],"wl:entity_url":"http:\/\/open.salzburgerland.com\/magazin\/post\/wirbleibenzuhause_-_einkaufen_im_online-shop_2","_links":{"self":[{"href":"https:\/\/www.salzburgerland.com\/de\/magazin\/wp-json\/wp\/v2\/posts\/143472","targetHints":{"allow":["GET"]}}],"collection":[{"href":"https:\/\/www.salzburgerland.com\/de\/magazin\/wp-json\/wp\/v2\/posts"}],"about":[{"href":"https:\/\/www.salzburgerland.com\/de\/magazin\/wp-json\/wp\/v2\/types\/post"}],"author":[{"embeddable":true,"href":"https:\/\/www.salzburgerland.com\/de\/magazin\/wp-json\/wp\/v2\/users\/90"}],"replies":[{"embeddable":true,"href":"https:\/\/www.salzburgerland.com\/de\/magazin\/wp-json\/wp\/v2\/comments?post=143472"}],"version-history":[{"count":4,"href":"https:\/\/www.salzburgerland.com\/de\/magazin\/wp-json\/wp\/v2\/posts\/143472\/revisions"}],"predecessor-version":[{"id":175375,"href":"https:\/\/www.salzburgerland.com\/de\/magazin\/wp-json\/wp\/v2\/posts\/143472\/revisions\/175375"}],"wp:featuredmedia":[{"embeddable":true,"href":"https:\/\/www.salzburgerland.com\/de\/magazin\/wp-json\/wp\/v2\/media\/143477"}],"wp:attachment":[{"href":"https:\/\/www.salzburgerland.com\/de\/magazin\/wp-json\/wp\/v2\/media?parent=143472"}],"wp:term":[{"taxonomy":"category","embeddable":true,"href":"https:\/\/www.salzburgerland.com\/de\/magazin\/wp-json\/wp\/v2\/categories?post=143472"},{"taxonomy":"post_tag","embeddable":true,"href":"https:\/\/www.salzburgerland.com\/de\/magazin\/wp-json\/wp\/v2\/tags?post=143472"},{"taxonomy":"wl_entity_type","embeddable":true,"href":"https:\/\/www.salzburgerland.com\/de\/magazin\/wp-json\/wp\/v2\/wl_entity_type?post=143472"},{"taxonomy":"monatsauswahl","embeddable":true,"href":"https:\/\/www.salzburgerland.com\/de\/magazin\/wp-json\/wp\/v2\/monatsauswahl?post=143472"}],"curies":[{"name":"wp","href":"https:\/\/api.w.org\/{rel}","templated":true}]}}