{"id":143345,"date":"2020-06-30T08:00:00","date_gmt":"2020-06-30T06:00:00","guid":{"rendered":"https:\/\/www.salzburgerland.com\/de\/magazin\/?p=143345"},"modified":"2020-06-25T07:10:24","modified_gmt":"2020-06-25T05:10:24","slug":"der-laden-im-dorf","status":"publish","type":"post","link":"https:\/\/www.salzburgerland.com\/de\/magazin\/der-laden-im-dorf\/","title":{"rendered":"Dorfladen Gmachl &#8211; Der Laden im Dorf"},"content":{"rendered":"\n<div class=\"wp-block-slt-top topBlocks\">\n<h2 class=\"wp-block-slt-subtitle\">Einkaufen mit Stil <\/h2>\n\n\n\n<p class=\"wp-block-slt-intro\">In Bergheim ist das Hotel Gmachl fast jedem ein Begriff. Den \u201eDorfladen\u201c im Hotel kennen bisher nur Insider und G\u00e4ste des Hauses. Dabei bietet der stylische Verkaufsladen weit mehr als ein gew\u00f6hnlicher Dorfladen.  <\/p>\n<\/div>\n\n\n\n<p>Darf es ein Mitbringsel f\u00fcr die n\u00e4chste Einladung sein oder ein St\u00fcck Edelschokolade zum Naschen? Der <a href=\"https:\/\/www.gmachl.at\/de\/essen-trinken\/dorfladen\/\" target=\"_blank\" aria-label=\"undefined (opens in a new tab)\" rel=\"noreferrer noopener\">Dorfladen<\/a> in Bergheim bietet viele kleine Schmuckst\u00fccke zum Verkauf an. Sei es etwas Besonderes zum Essen oder ein Dekorationsartikel f\u00fcr das Wohnzimmer, in den Verkaufsr\u00e4umen neben dem Hoteleingang k\u00f6nnen nicht nur Hotelg\u00e4ste schm\u00f6kern, sondern jeder der darauf Lust hat.<\/p>\n\n\n\n<figure class=\"wp-block-image size-large\"><img loading=\"lazy\" decoding=\"async\" width=\"1024\" height=\"683\" src=\"https:\/\/www.salzburgerland.com\/de\/magazin\/wp-content\/uploads\/2020\/03\/181119_gmachl_dorfladen_HQ-101.jpg\" alt=\"Holzschale mit getrockneten Kr\u00e4utern, umgeben von Tannenzapfen, Kerzen, einem B\u00fcndel von St\u00f6cken und einem Teesieb auf einem Holztisch.\" class=\"wp-image-143349\" srcset=\"https:\/\/www.salzburgerland.com\/de\/magazin\/wp-content\/uploads\/2020\/03\/181119_gmachl_dorfladen_HQ-101.jpg 1024w, https:\/\/www.salzburgerland.com\/de\/magazin\/wp-content\/uploads\/2020\/03\/181119_gmachl_dorfladen_HQ-101-300x200.jpg 300w, https:\/\/www.salzburgerland.com\/de\/magazin\/wp-content\/uploads\/2020\/03\/181119_gmachl_dorfladen_HQ-101-825x550.jpg 825w, https:\/\/www.salzburgerland.com\/de\/magazin\/wp-content\/uploads\/2020\/03\/181119_gmachl_dorfladen_HQ-101-600x400.jpg 600w\" sizes=\"auto, (max-width: 1024px) 100vw, 1024px\" \/><figcaption>Klein und Fein \u2013 das Motto des Dorfladens.<\/figcaption><\/figure>\n\n\n\n<p>Die Familie Gmachl feiert eine langj\u00e4hrige Tradition. Franz der F\u00fcnfte ist mittlerweile in der Geschaftsleitung t\u00e4tig und f\u00fchrt den Betrieb mit Erfolg. Neben dem Hotel geh\u00f6ren die Metzgerei und das Wirtshaus zu dem Dorf im Dorf. Der Dorfladen und die eigene Brauerei erg\u00e4nzen das Angebot, das eben nicht nur f\u00fcr Touristen und Hotelg\u00e4ste interessant ist.<\/p>\n\n\n\n<figure class=\"wp-block-image size-large\"><img loading=\"lazy\" decoding=\"async\" width=\"1708\" height=\"2560\" src=\"https:\/\/www.salzburgerland.com\/de\/magazin\/wp-content\/uploads\/2020\/03\/gmachl_0217-5673-scaled.jpg\" alt=\"Ein h\u00f6lzerner Bierk\u00fcbel enth\u00e4lt sechs Bierflaschen in einer Brauerei mit Kupfertanks im Hintergrund.\" class=\"wp-image-143352\" srcset=\"https:\/\/www.salzburgerland.com\/de\/magazin\/wp-content\/uploads\/2020\/03\/gmachl_0217-5673-scaled.jpg 1708w, https:\/\/www.salzburgerland.com\/de\/magazin\/wp-content\/uploads\/2020\/03\/gmachl_0217-5673-200x300.jpg 200w, https:\/\/www.salzburgerland.com\/de\/magazin\/wp-content\/uploads\/2020\/03\/gmachl_0217-5673-1025x1536.jpg 1025w, https:\/\/www.salzburgerland.com\/de\/magazin\/wp-content\/uploads\/2020\/03\/gmachl_0217-5673-1367x2048.jpg 1367w, https:\/\/www.salzburgerland.com\/de\/magazin\/wp-content\/uploads\/2020\/03\/gmachl_0217-5673-367x550.jpg 367w, https:\/\/www.salzburgerland.com\/de\/magazin\/wp-content\/uploads\/2020\/03\/gmachl_0217-5673-267x400.jpg 267w, https:\/\/www.salzburgerland.com\/de\/magazin\/wp-content\/uploads\/2020\/03\/gmachl_0217-5673-1320x1978.jpg 1320w\" sizes=\"auto, (max-width: 1708px) 100vw, 1708px\" \/><figcaption>Das eigene Bier.<\/figcaption><\/figure>\n\n\n\n<p>Dabei ist der Name Franz omnipr\u00e4sent. Franz der Erste ist mit seinem Schnauzer und dem Hut auf dem Logo zum unverkennbaren Markenzeichen geworden. \u201eDie Marke Franz hat bei uns eher mit dem Handwerk zu tun, der Begriff Gmachl verbinden wir mit dem Hotel\u201c, erkl\u00e4rt Franz junior. So braut der hauseigene Braumeister auch das Bier unter der Marke Franz.<\/p>\n\n\n\n<figure class=\"wp-block-image size-large\"><img loading=\"lazy\" decoding=\"async\" width=\"1709\" height=\"2560\" src=\"https:\/\/www.salzburgerland.com\/de\/magazin\/wp-content\/uploads\/2020\/03\/gmachl_0217-5685-scaled.jpg\" alt=\"Stapel von Rinden aus wei\u00dfer und Vollmilchschokolade mit N\u00fcssen und Beeren, im Hintergrund eine T\u00fcte mit Schokoladenst\u00fcckchen.\" class=\"wp-image-143354\" srcset=\"https:\/\/www.salzburgerland.com\/de\/magazin\/wp-content\/uploads\/2020\/03\/gmachl_0217-5685-scaled.jpg 1709w, https:\/\/www.salzburgerland.com\/de\/magazin\/wp-content\/uploads\/2020\/03\/gmachl_0217-5685-200x300.jpg 200w, https:\/\/www.salzburgerland.com\/de\/magazin\/wp-content\/uploads\/2020\/03\/gmachl_0217-5685-1025x1536.jpg 1025w, https:\/\/www.salzburgerland.com\/de\/magazin\/wp-content\/uploads\/2020\/03\/gmachl_0217-5685-1367x2048.jpg 1367w, https:\/\/www.salzburgerland.com\/de\/magazin\/wp-content\/uploads\/2020\/03\/gmachl_0217-5685-367x550.jpg 367w, https:\/\/www.salzburgerland.com\/de\/magazin\/wp-content\/uploads\/2020\/03\/gmachl_0217-5685-267x400.jpg 267w, https:\/\/www.salzburgerland.com\/de\/magazin\/wp-content\/uploads\/2020\/03\/gmachl_0217-5685-1320x1978.jpg 1320w\" sizes=\"auto, (max-width: 1709px) 100vw, 1709px\" \/><figcaption>Schokoladen in H\u00fclle und F\u00fclle.<\/figcaption><\/figure>\n\n\n\n<p>Zu kaufen gibt es den Gerstensaft im Dorfladen und in der Metzgerei. Im Ort kommt das Bier &#8211; wenig \u00fcberraschend &#8211; sehr gut an. Daneben sind die Schokoladen im Dorfladen nicht zu \u00fcbersehen. S\u00fc\u00dfigkeiten-Junkies befinden sich hier fast im Paradies. Dabei werden immer wieder neue Schokoladen entworfen und von dem eigenen Produzenten erzeugt. Die meisten Produkte im Dorfladen kommen aus der Umgebung, wie zum Beispiel die Kindermodemarke <a href=\"http:\/\/strizi.at\" target=\"_blank\" aria-label=\"undefined (opens in a new tab)\" rel=\"noreferrer noopener\">Strizi<\/a> aus dem benachbarten Oberndorf. \u201eDen Rest der Produkte kaufen wir gewissenhaft ein und fahren regelm\u00e4\u00dfig zu Messen und Ausstellungen\u201c, erz\u00e4hlt Franz junior weiter. So tut sich immer wieder etwas im Dorfladen. Ganz gleich ob Bier, Schokolade, Wurst, Schnaps oder das eine oder andere Kleinod \u2013 im Dorfladen wird man immer f\u00fcndig. <\/p>\n\n\n\n<p><em>Fotos: \u00a9 gmachl<\/em><\/p>\n\n\n","protected":false},"excerpt":{"rendered":"<p>Darf es ein Mitbringsel f\u00fcr die n\u00e4chste Einladung sein oder ein St\u00fcck Edelschokolade zum Naschen? Der Dorfladen in Bergheim bietet viele kleine Schmuckst\u00fccke zum Verkauf an. Sei es etwas Besonderes zum Essen oder ein Dekorationsartikel f\u00fcr das Wohnzimmer, in den Verkaufsr\u00e4umen neben dem Hoteleingang k\u00f6nnen nicht nur Hotelg\u00e4ste schm\u00f6kern, sondern jeder der darauf Lust hat. [&hellip;]<\/p>\n","protected":false},"author":10,"featured_media":143355,"comment_status":"open","ping_status":"closed","sticky":false,"template":"","format":"standard","meta":{"_acf_changed":false,"wl_entities_gutenberg":"","_wl_entity_redirect_enabled":"","footnotes":""},"categories":[7],"tags":[],"wl_entity_type":[306],"monatsauswahl":[82,83,84,85,86,87,88,89,90,91,92,93],"class_list":["post-143345","post","type-post","status-publish","format-standard","has-post-thumbnail","hentry","category-lifestyle","wl_entity_type-article","monatsauswahl-monat_1","monatsauswahl-monat_2","monatsauswahl-monat_3","monatsauswahl-monat_4","monatsauswahl-monat_5","monatsauswahl-monat_6","monatsauswahl-monat_7","monatsauswahl-monat_8","monatsauswahl-monat_9","monatsauswahl-monat_10","monatsauswahl-monat_11","monatsauswahl-monat_12"],"acf":[],"yoast_head":"<!-- This site is optimized with the Yoast SEO Premium plugin v27.4 (Yoast SEO v27.4) - https:\/\/yoast.com\/product\/yoast-seo-premium-wordpress\/ -->\n<title>Dorfladen Gmachl - Der Laden im Dorf - SalzburgerLand Magazin<\/title>\n<meta name=\"robots\" content=\"index, follow, max-snippet:-1, max-image-preview:large, max-video-preview:-1\" \/>\n<link rel=\"canonical\" href=\"https:\/\/www.salzburgerland.com\/de\/magazin\/der-laden-im-dorf\/\" \/>\n<meta property=\"og:locale\" content=\"de_DE\" \/>\n<meta property=\"og:type\" content=\"article\" \/>\n<meta property=\"og:title\" content=\"Dorfladen Gmachl - Der Laden im Dorf\" \/>\n<meta property=\"og:description\" content=\"Darf es ein Mitbringsel f\u00fcr die n\u00e4chste Einladung sein oder ein St\u00fcck Edelschokolade zum Naschen? Der Dorfladen in Bergheim bietet viele kleine Schmuckst\u00fccke zum Verkauf an. Sei es etwas Besonderes zum Essen oder ein Dekorationsartikel f\u00fcr das Wohnzimmer, in den Verkaufsr\u00e4umen neben dem Hoteleingang k\u00f6nnen nicht nur Hotelg\u00e4ste schm\u00f6kern, sondern jeder der darauf Lust hat. [&hellip;]\" \/>\n<meta property=\"og:url\" content=\"https:\/\/www.salzburgerland.com\/de\/magazin\/der-laden-im-dorf\/\" \/>\n<meta property=\"og:site_name\" content=\"SalzburgerLand Magazin\" \/>\n<meta property=\"article:publisher\" content=\"https:\/\/www.facebook.com\/salzburgerland\/\" \/>\n<meta property=\"article:published_time\" content=\"2020-06-30T06:00:00+00:00\" \/>\n<meta property=\"og:image\" content=\"https:\/\/www.salzburgerland.com\/de\/magazin\/wp-content\/uploads\/2020\/03\/gmachl_1016-0257-scaled.jpg\" \/>\n\t<meta property=\"og:image:width\" content=\"2560\" \/>\n\t<meta property=\"og:image:height\" content=\"1628\" \/>\n\t<meta property=\"og:image:type\" content=\"image\/jpeg\" \/>\n<meta name=\"author\" content=\"Heiko Mandl\" \/>\n<meta name=\"twitter:card\" content=\"summary_large_image\" \/>\n<meta name=\"twitter:creator\" content=\"@Salzburgerland\" \/>\n<meta name=\"twitter:site\" content=\"@Salzburgerland\" \/>\n<meta name=\"twitter:label1\" content=\"Verfasst von\" \/>\n\t<meta name=\"twitter:data1\" content=\"Heiko Mandl\" \/>\n\t<meta name=\"twitter:label2\" content=\"Gesch\u00e4tzte Lesezeit\" \/>\n\t<meta name=\"twitter:data2\" content=\"2\u00a0Minuten\" \/>\n<script type=\"application\/ld+json\" class=\"yoast-schema-graph\">{\"@context\":\"https:\\\/\\\/schema.org\",\"@graph\":[{\"@type\":\"Article\",\"@id\":\"https:\\\/\\\/www.salzburgerland.com\\\/de\\\/magazin\\\/der-laden-im-dorf\\\/#article\",\"isPartOf\":{\"@id\":\"https:\\\/\\\/www.salzburgerland.com\\\/de\\\/magazin\\\/der-laden-im-dorf\\\/\"},\"author\":{\"name\":\"Heiko Mandl\",\"@id\":\"https:\\\/\\\/www.salzburgerland.com\\\/de\\\/magazin\\\/#\\\/schema\\\/person\\\/8871c7c764fce6ea66752310e7fe9e98\"},\"headline\":\"Dorfladen Gmachl &#8211; Der Laden im Dorf\",\"datePublished\":\"2020-06-30T06:00:00+00:00\",\"mainEntityOfPage\":{\"@id\":\"https:\\\/\\\/www.salzburgerland.com\\\/de\\\/magazin\\\/der-laden-im-dorf\\\/\"},\"wordCount\":373,\"commentCount\":1,\"publisher\":{\"@id\":\"https:\\\/\\\/www.salzburgerland.com\\\/de\\\/magazin\\\/#organization\"},\"image\":{\"@id\":\"https:\\\/\\\/www.salzburgerland.com\\\/de\\\/magazin\\\/der-laden-im-dorf\\\/#primaryimage\"},\"thumbnailUrl\":\"https:\\\/\\\/www.salzburgerland.com\\\/de\\\/magazin\\\/wp-content\\\/uploads\\\/2020\\\/03\\\/gmachl_1016-0257-scaled.jpg\",\"articleSection\":[\"Lifestyle\"],\"inLanguage\":\"de\",\"potentialAction\":[{\"@type\":\"CommentAction\",\"name\":\"Comment\",\"target\":[\"https:\\\/\\\/www.salzburgerland.com\\\/de\\\/magazin\\\/der-laden-im-dorf\\\/#respond\"]}]},{\"@type\":\"WebPage\",\"@id\":\"https:\\\/\\\/www.salzburgerland.com\\\/de\\\/magazin\\\/der-laden-im-dorf\\\/\",\"url\":\"https:\\\/\\\/www.salzburgerland.com\\\/de\\\/magazin\\\/der-laden-im-dorf\\\/\",\"name\":\"Dorfladen Gmachl - Der Laden im Dorf - SalzburgerLand Magazin\",\"isPartOf\":{\"@id\":\"https:\\\/\\\/www.salzburgerland.com\\\/de\\\/magazin\\\/#website\"},\"primaryImageOfPage\":{\"@id\":\"https:\\\/\\\/www.salzburgerland.com\\\/de\\\/magazin\\\/der-laden-im-dorf\\\/#primaryimage\"},\"image\":{\"@id\":\"https:\\\/\\\/www.salzburgerland.com\\\/de\\\/magazin\\\/der-laden-im-dorf\\\/#primaryimage\"},\"thumbnailUrl\":\"https:\\\/\\\/www.salzburgerland.com\\\/de\\\/magazin\\\/wp-content\\\/uploads\\\/2020\\\/03\\\/gmachl_1016-0257-scaled.jpg\",\"datePublished\":\"2020-06-30T06:00:00+00:00\",\"breadcrumb\":{\"@id\":\"https:\\\/\\\/www.salzburgerland.com\\\/de\\\/magazin\\\/der-laden-im-dorf\\\/#breadcrumb\"},\"inLanguage\":\"de\",\"potentialAction\":[{\"@type\":\"ReadAction\",\"target\":[\"https:\\\/\\\/www.salzburgerland.com\\\/de\\\/magazin\\\/der-laden-im-dorf\\\/\"]}]},{\"@type\":\"ImageObject\",\"inLanguage\":\"de\",\"@id\":\"https:\\\/\\\/www.salzburgerland.com\\\/de\\\/magazin\\\/der-laden-im-dorf\\\/#primaryimage\",\"url\":\"https:\\\/\\\/www.salzburgerland.com\\\/de\\\/magazin\\\/wp-content\\\/uploads\\\/2020\\\/03\\\/gmachl_1016-0257-scaled.jpg\",\"contentUrl\":\"https:\\\/\\\/www.salzburgerland.com\\\/de\\\/magazin\\\/wp-content\\\/uploads\\\/2020\\\/03\\\/gmachl_1016-0257-scaled.jpg\",\"width\":2560,\"height\":1628,\"caption\":\"Das Foto ist ausschlie\u00dflich f\u00fcr PR- und Marketingma\u00dfnahmen des Hotel GMACHL - BERGHEIM\\\/SALZBURG - \u00d6STERREICH zu verwenden. Jegliche Nutzung Dritter muss mit dem Bildautor G\u00fcnter Standl (www.guenterstandl.de) - (Tel.: 00491714327116) gesondert vereinbart werden.\"},{\"@type\":\"BreadcrumbList\",\"@id\":\"https:\\\/\\\/www.salzburgerland.com\\\/de\\\/magazin\\\/der-laden-im-dorf\\\/#breadcrumb\",\"itemListElement\":[{\"@type\":\"ListItem\",\"position\":1,\"name\":\"Startseite\",\"item\":\"https:\\\/\\\/www.salzburgerland.com\\\/de\\\/magazin\\\/\"},{\"@type\":\"ListItem\",\"position\":2,\"name\":\"Lifestyle\",\"item\":\"https:\\\/\\\/www.salzburgerland.com\\\/de\\\/magazin\\\/thema\\\/lifestyle\\\/\"},{\"@type\":\"ListItem\",\"position\":3,\"name\":\"Dorfladen Gmachl &#8211; Der Laden im Dorf\"}]},{\"@type\":\"WebSite\",\"@id\":\"https:\\\/\\\/www.salzburgerland.com\\\/de\\\/magazin\\\/#website\",\"url\":\"https:\\\/\\\/www.salzburgerland.com\\\/de\\\/magazin\\\/\",\"name\":\"SalzburgerLand Magazin\",\"description\":\"Geschichten und Interessantes aus dem SalzburgerLand\",\"publisher\":{\"@id\":\"https:\\\/\\\/www.salzburgerland.com\\\/de\\\/magazin\\\/#organization\"},\"potentialAction\":[{\"@type\":\"SearchAction\",\"target\":{\"@type\":\"EntryPoint\",\"urlTemplate\":\"https:\\\/\\\/www.salzburgerland.com\\\/de\\\/magazin\\\/?s={search_term_string}\"},\"query-input\":{\"@type\":\"PropertyValueSpecification\",\"valueRequired\":true,\"valueName\":\"search_term_string\"}}],\"inLanguage\":\"de\"},{\"@type\":\"Organization\",\"@id\":\"https:\\\/\\\/www.salzburgerland.com\\\/de\\\/magazin\\\/#organization\",\"name\":\"SalzburgerLand Tourismus\",\"url\":\"https:\\\/\\\/www.salzburgerland.com\\\/de\\\/magazin\\\/\",\"logo\":{\"@type\":\"ImageObject\",\"inLanguage\":\"de\",\"@id\":\"https:\\\/\\\/www.salzburgerland.com\\\/de\\\/magazin\\\/#\\\/schema\\\/logo\\\/image\\\/\",\"url\":\"https:\\\/\\\/www.salzburgerland.com\\\/de\\\/magazin\\\/wp-content\\\/uploads\\\/2019\\\/06\\\/salzburgerland-logo1.jpg\",\"contentUrl\":\"https:\\\/\\\/www.salzburgerland.com\\\/de\\\/magazin\\\/wp-content\\\/uploads\\\/2019\\\/06\\\/salzburgerland-logo1.jpg\",\"width\":2011,\"height\":866,\"caption\":\"SalzburgerLand Tourismus\"},\"image\":{\"@id\":\"https:\\\/\\\/www.salzburgerland.com\\\/de\\\/magazin\\\/#\\\/schema\\\/logo\\\/image\\\/\"},\"sameAs\":[\"https:\\\/\\\/www.facebook.com\\\/salzburgerland\\\/\",\"https:\\\/\\\/x.com\\\/Salzburgerland\",\"https:\\\/\\\/www.instagram.com\\\/salzburgerland\\\/\",\"https:\\\/\\\/at.linkedin.com\\\/company\\\/salzburgerland-tourismus-gmbh\",\"https:\\\/\\\/www.pinterest.at\\\/salzburgerland\\\/\",\"https:\\\/\\\/www.youtube.com\\\/user\\\/salzburgerland\",\"https:\\\/\\\/de.wikipedia.org\\\/wiki\\\/SalzburgerLand_Tourismus_GmbH\"]},{\"@type\":\"Person\",\"@id\":\"https:\\\/\\\/www.salzburgerland.com\\\/de\\\/magazin\\\/#\\\/schema\\\/person\\\/8871c7c764fce6ea66752310e7fe9e98\",\"name\":\"Heiko Mandl\",\"description\":\"Heiko Mandl, geboren 1976 in Salzburg, ist durch den Journalismus zur Fotografie gekommen und ist seit zehn Jahren als selbstst\u00e4ndiger Fotograf und Autor in Salzburg t\u00e4tig. Schon von Kindheit an haben ihn die Berge vor seiner Haust\u00fcr fasziniert. Heute z\u00e4hlen sie unter anderem zu seinem Arbeitsplatz. Er arbeitet f\u00fcr internationale Outdoor- und Reisemagazine sowie zahlreiche Firmen und Agenturen. Luxushotel oder Almh\u00fctte: Ich kann beides genie\u00dfen und ich gehe das nach dem Motto: Alles zur richtigen Zeit und zur passenden Gelegenheit an. Wandern oder Laufen: Auf jeden Fall wandern, ist gem\u00fctlicher und man kann sich mehr auf die Umgebung konzentrieren. Golfplatz oder Klettergarten: Klettergarten, zumindest noch die n\u00e4chsten 20 Jahre. Fr\u00fchling, sommer, herbst oder Winter? Fr\u00fchling und Sommer und Herbst und Winter! Im SalzburgerLand ist es das ganze Jahr traumhaft sch\u00f6n. Wellness oder Mountainbike? Zuerst eine Runde mit dem Mountainbike und dann ab in den Wellnesstempel. Das eine schlie\u00dft das andere nicht aus!\",\"url\":\"https:\\\/\\\/www.salzburgerland.com\\\/de\\\/magazin\\\/author\\\/heiko-mandl\\\/\"}]}<\/script>\n<!-- \/ Yoast SEO Premium plugin. -->","yoast_head_json":{"title":"Dorfladen Gmachl - Der Laden im Dorf - SalzburgerLand Magazin","robots":{"index":"index","follow":"follow","max-snippet":"max-snippet:-1","max-image-preview":"max-image-preview:large","max-video-preview":"max-video-preview:-1"},"canonical":"https:\/\/www.salzburgerland.com\/de\/magazin\/der-laden-im-dorf\/","og_locale":"de_DE","og_type":"article","og_title":"Dorfladen Gmachl - Der Laden im Dorf","og_description":"Darf es ein Mitbringsel f\u00fcr die n\u00e4chste Einladung sein oder ein St\u00fcck Edelschokolade zum Naschen? Der Dorfladen in Bergheim bietet viele kleine Schmuckst\u00fccke zum Verkauf an. Sei es etwas Besonderes zum Essen oder ein Dekorationsartikel f\u00fcr das Wohnzimmer, in den Verkaufsr\u00e4umen neben dem Hoteleingang k\u00f6nnen nicht nur Hotelg\u00e4ste schm\u00f6kern, sondern jeder der darauf Lust hat. [&hellip;]","og_url":"https:\/\/www.salzburgerland.com\/de\/magazin\/der-laden-im-dorf\/","og_site_name":"SalzburgerLand Magazin","article_publisher":"https:\/\/www.facebook.com\/salzburgerland\/","article_published_time":"2020-06-30T06:00:00+00:00","og_image":[{"width":2560,"height":1628,"url":"https:\/\/www.salzburgerland.com\/de\/magazin\/wp-content\/uploads\/2020\/03\/gmachl_1016-0257-scaled.jpg","type":"image\/jpeg"}],"author":"Heiko Mandl","twitter_card":"summary_large_image","twitter_creator":"@Salzburgerland","twitter_site":"@Salzburgerland","twitter_misc":{"Verfasst von":"Heiko Mandl","Gesch\u00e4tzte Lesezeit":"2\u00a0Minuten"},"schema":{"@context":"https:\/\/schema.org","@graph":[{"@type":"Article","@id":"https:\/\/www.salzburgerland.com\/de\/magazin\/der-laden-im-dorf\/#article","isPartOf":{"@id":"https:\/\/www.salzburgerland.com\/de\/magazin\/der-laden-im-dorf\/"},"author":{"name":"Heiko Mandl","@id":"https:\/\/www.salzburgerland.com\/de\/magazin\/#\/schema\/person\/8871c7c764fce6ea66752310e7fe9e98"},"headline":"Dorfladen Gmachl &#8211; Der Laden im Dorf","datePublished":"2020-06-30T06:00:00+00:00","mainEntityOfPage":{"@id":"https:\/\/www.salzburgerland.com\/de\/magazin\/der-laden-im-dorf\/"},"wordCount":373,"commentCount":1,"publisher":{"@id":"https:\/\/www.salzburgerland.com\/de\/magazin\/#organization"},"image":{"@id":"https:\/\/www.salzburgerland.com\/de\/magazin\/der-laden-im-dorf\/#primaryimage"},"thumbnailUrl":"https:\/\/www.salzburgerland.com\/de\/magazin\/wp-content\/uploads\/2020\/03\/gmachl_1016-0257-scaled.jpg","articleSection":["Lifestyle"],"inLanguage":"de","potentialAction":[{"@type":"CommentAction","name":"Comment","target":["https:\/\/www.salzburgerland.com\/de\/magazin\/der-laden-im-dorf\/#respond"]}]},{"@type":"WebPage","@id":"https:\/\/www.salzburgerland.com\/de\/magazin\/der-laden-im-dorf\/","url":"https:\/\/www.salzburgerland.com\/de\/magazin\/der-laden-im-dorf\/","name":"Dorfladen Gmachl - Der Laden im Dorf - SalzburgerLand Magazin","isPartOf":{"@id":"https:\/\/www.salzburgerland.com\/de\/magazin\/#website"},"primaryImageOfPage":{"@id":"https:\/\/www.salzburgerland.com\/de\/magazin\/der-laden-im-dorf\/#primaryimage"},"image":{"@id":"https:\/\/www.salzburgerland.com\/de\/magazin\/der-laden-im-dorf\/#primaryimage"},"thumbnailUrl":"https:\/\/www.salzburgerland.com\/de\/magazin\/wp-content\/uploads\/2020\/03\/gmachl_1016-0257-scaled.jpg","datePublished":"2020-06-30T06:00:00+00:00","breadcrumb":{"@id":"https:\/\/www.salzburgerland.com\/de\/magazin\/der-laden-im-dorf\/#breadcrumb"},"inLanguage":"de","potentialAction":[{"@type":"ReadAction","target":["https:\/\/www.salzburgerland.com\/de\/magazin\/der-laden-im-dorf\/"]}]},{"@type":"ImageObject","inLanguage":"de","@id":"https:\/\/www.salzburgerland.com\/de\/magazin\/der-laden-im-dorf\/#primaryimage","url":"https:\/\/www.salzburgerland.com\/de\/magazin\/wp-content\/uploads\/2020\/03\/gmachl_1016-0257-scaled.jpg","contentUrl":"https:\/\/www.salzburgerland.com\/de\/magazin\/wp-content\/uploads\/2020\/03\/gmachl_1016-0257-scaled.jpg","width":2560,"height":1628,"caption":"Das Foto ist ausschlie\u00dflich f\u00fcr PR- und Marketingma\u00dfnahmen des Hotel GMACHL - BERGHEIM\/SALZBURG - \u00d6STERREICH zu verwenden. Jegliche Nutzung Dritter muss mit dem Bildautor G\u00fcnter Standl (www.guenterstandl.de) - (Tel.: 00491714327116) gesondert vereinbart werden."},{"@type":"BreadcrumbList","@id":"https:\/\/www.salzburgerland.com\/de\/magazin\/der-laden-im-dorf\/#breadcrumb","itemListElement":[{"@type":"ListItem","position":1,"name":"Startseite","item":"https:\/\/www.salzburgerland.com\/de\/magazin\/"},{"@type":"ListItem","position":2,"name":"Lifestyle","item":"https:\/\/www.salzburgerland.com\/de\/magazin\/thema\/lifestyle\/"},{"@type":"ListItem","position":3,"name":"Dorfladen Gmachl &#8211; Der Laden im Dorf"}]},{"@type":"WebSite","@id":"https:\/\/www.salzburgerland.com\/de\/magazin\/#website","url":"https:\/\/www.salzburgerland.com\/de\/magazin\/","name":"SalzburgerLand Magazin","description":"Geschichten und Interessantes aus dem SalzburgerLand","publisher":{"@id":"https:\/\/www.salzburgerland.com\/de\/magazin\/#organization"},"potentialAction":[{"@type":"SearchAction","target":{"@type":"EntryPoint","urlTemplate":"https:\/\/www.salzburgerland.com\/de\/magazin\/?s={search_term_string}"},"query-input":{"@type":"PropertyValueSpecification","valueRequired":true,"valueName":"search_term_string"}}],"inLanguage":"de"},{"@type":"Organization","@id":"https:\/\/www.salzburgerland.com\/de\/magazin\/#organization","name":"SalzburgerLand Tourismus","url":"https:\/\/www.salzburgerland.com\/de\/magazin\/","logo":{"@type":"ImageObject","inLanguage":"de","@id":"https:\/\/www.salzburgerland.com\/de\/magazin\/#\/schema\/logo\/image\/","url":"https:\/\/www.salzburgerland.com\/de\/magazin\/wp-content\/uploads\/2019\/06\/salzburgerland-logo1.jpg","contentUrl":"https:\/\/www.salzburgerland.com\/de\/magazin\/wp-content\/uploads\/2019\/06\/salzburgerland-logo1.jpg","width":2011,"height":866,"caption":"SalzburgerLand Tourismus"},"image":{"@id":"https:\/\/www.salzburgerland.com\/de\/magazin\/#\/schema\/logo\/image\/"},"sameAs":["https:\/\/www.facebook.com\/salzburgerland\/","https:\/\/x.com\/Salzburgerland","https:\/\/www.instagram.com\/salzburgerland\/","https:\/\/at.linkedin.com\/company\/salzburgerland-tourismus-gmbh","https:\/\/www.pinterest.at\/salzburgerland\/","https:\/\/www.youtube.com\/user\/salzburgerland","https:\/\/de.wikipedia.org\/wiki\/SalzburgerLand_Tourismus_GmbH"]},{"@type":"Person","@id":"https:\/\/www.salzburgerland.com\/de\/magazin\/#\/schema\/person\/8871c7c764fce6ea66752310e7fe9e98","name":"Heiko Mandl","description":"Heiko Mandl, geboren 1976 in Salzburg, ist durch den Journalismus zur Fotografie gekommen und ist seit zehn Jahren als selbstst\u00e4ndiger Fotograf und Autor in Salzburg t\u00e4tig. Schon von Kindheit an haben ihn die Berge vor seiner Haust\u00fcr fasziniert. Heute z\u00e4hlen sie unter anderem zu seinem Arbeitsplatz. Er arbeitet f\u00fcr internationale Outdoor- und Reisemagazine sowie zahlreiche Firmen und Agenturen. Luxushotel oder Almh\u00fctte: Ich kann beides genie\u00dfen und ich gehe das nach dem Motto: Alles zur richtigen Zeit und zur passenden Gelegenheit an. Wandern oder Laufen: Auf jeden Fall wandern, ist gem\u00fctlicher und man kann sich mehr auf die Umgebung konzentrieren. Golfplatz oder Klettergarten: Klettergarten, zumindest noch die n\u00e4chsten 20 Jahre. Fr\u00fchling, sommer, herbst oder Winter? Fr\u00fchling und Sommer und Herbst und Winter! Im SalzburgerLand ist es das ganze Jahr traumhaft sch\u00f6n. Wellness oder Mountainbike? Zuerst eine Runde mit dem Mountainbike und dann ab in den Wellnesstempel. Das eine schlie\u00dft das andere nicht aus!","url":"https:\/\/www.salzburgerland.com\/de\/magazin\/author\/heiko-mandl\/"}]}},"_wl_alt_label":[],"wl:entity_url":"http:\/\/open.salzburgerland.com\/magazin\/post\/der_laden_im_dorf","_links":{"self":[{"href":"https:\/\/www.salzburgerland.com\/de\/magazin\/wp-json\/wp\/v2\/posts\/143345","targetHints":{"allow":["GET"]}}],"collection":[{"href":"https:\/\/www.salzburgerland.com\/de\/magazin\/wp-json\/wp\/v2\/posts"}],"about":[{"href":"https:\/\/www.salzburgerland.com\/de\/magazin\/wp-json\/wp\/v2\/types\/post"}],"author":[{"embeddable":true,"href":"https:\/\/www.salzburgerland.com\/de\/magazin\/wp-json\/wp\/v2\/users\/10"}],"replies":[{"embeddable":true,"href":"https:\/\/www.salzburgerland.com\/de\/magazin\/wp-json\/wp\/v2\/comments?post=143345"}],"version-history":[{"count":3,"href":"https:\/\/www.salzburgerland.com\/de\/magazin\/wp-json\/wp\/v2\/posts\/143345\/revisions"}],"predecessor-version":[{"id":145218,"href":"https:\/\/www.salzburgerland.com\/de\/magazin\/wp-json\/wp\/v2\/posts\/143345\/revisions\/145218"}],"wp:featuredmedia":[{"embeddable":true,"href":"https:\/\/www.salzburgerland.com\/de\/magazin\/wp-json\/wp\/v2\/media\/143355"}],"wp:attachment":[{"href":"https:\/\/www.salzburgerland.com\/de\/magazin\/wp-json\/wp\/v2\/media?parent=143345"}],"wp:term":[{"taxonomy":"category","embeddable":true,"href":"https:\/\/www.salzburgerland.com\/de\/magazin\/wp-json\/wp\/v2\/categories?post=143345"},{"taxonomy":"post_tag","embeddable":true,"href":"https:\/\/www.salzburgerland.com\/de\/magazin\/wp-json\/wp\/v2\/tags?post=143345"},{"taxonomy":"wl_entity_type","embeddable":true,"href":"https:\/\/www.salzburgerland.com\/de\/magazin\/wp-json\/wp\/v2\/wl_entity_type?post=143345"},{"taxonomy":"monatsauswahl","embeddable":true,"href":"https:\/\/www.salzburgerland.com\/de\/magazin\/wp-json\/wp\/v2\/monatsauswahl?post=143345"}],"curies":[{"name":"wp","href":"https:\/\/api.w.org\/{rel}","templated":true}]}}