{"id":141284,"date":"2025-06-04T08:00:00","date_gmt":"2025-06-04T06:00:00","guid":{"rendered":"https:\/\/www.salzburgerland.com\/de\/magazin\/?p=141284"},"modified":"2025-07-03T12:06:09","modified_gmt":"2025-07-03T10:06:09","slug":"die-jedermaenner-der-salzburger-festspiele","status":"publish","type":"post","link":"https:\/\/www.salzburgerland.com\/de\/magazin\/die-jedermaenner-der-salzburger-festspiele\/","title":{"rendered":"Die Jederm\u00e4nner der Salzburger Festspiele"},"content":{"rendered":"\n<div class=\"wp-block-slt-top topBlocks\">\n<h2 class=\"wp-block-slt-subtitle\">\u00dcber 100 Jahre Salzburger Festspiele \u2013 20 Jederm\u00e4nner<\/h2>\n\n\n\n<p class=\"wp-block-slt-intro\">\u201eJeeeeedeeeeermaaaaaaan!\u201c: Auch 2025 wird bei den Salzburger Festspielen der Jedermann im ber\u00fchmten Spiel vom Sterben des reichen Mannes am Salzburger Domplatz wieder vom Gevatter Tod gerufen. Philipp Hochmair schl\u00fcpft in die Rolle des zun\u00e4chst draufg\u00e4ngerischen, sp\u00e4ter reum\u00fctigen Jedermanns \u2013 wie in den vergangenen Jahren \u00fcber 20 Schauspiel-Kollegen vor ihm. Unser Jedermann-\u00dcberblick der Salzburger Festspiele.<\/p>\n<\/div>\n\n\n\n<h2 class=\"wp-block-heading\" id=\"h-alexander-moissi-1920-1921-1926-1931\">Alexander Moissi: 1920, 1921, 1926 &#8211; 1931<\/h2>\n\n\n\n<p>Der \u00f6sterreichische Schauspieler Alexander Moissi z\u00e4hlte zu den ber\u00fchmtesten Schauspielern seiner Zeit \u2013&nbsp;sogar \u00fcber den deutschsprachigen Raum hinaus. Das machte ihn 1920 zum idealen ersten Jedermann im \u201eGeburtsjahr\u201c der Salzburger Festspiele. Insgesamt acht mal spielte er die Hauptfigur in Hugo von Hofmannsthals St\u00fcck. <\/p>\n\n\n\n<h2 class=\"wp-block-heading\" id=\"h-paul-hartmann-1932-1934\">Paul Hartmann: 1932 &#8211; 1934<\/h2>\n\n\n\n<p>Vom Gesell zum Jedermann: 1927 stand Paul Hartmann noch als \u201eJedermanns guter Gesell\u201c auf dem Domplatz, sp\u00e4ter als \u201eStimme des Herrn\u201c \u2013 und in Folge von 1932 bis 1934 als Jedermann h\u00f6chst selbst. <\/p>\n\n\n\n<h2 class=\"wp-block-heading\" id=\"h-attila-horbiger-1935-1937-1947-1951\">Attila H\u00f6rbiger: 1935 &#8211; 1937, 1947 &#8211; 1951<\/h2>\n\n\n\n<figure class=\"wp-block-image size-large\"><img loading=\"lazy\" decoding=\"async\" width=\"1920\" height=\"1080\" src=\"https:\/\/www.salzburgerland.com\/de\/magazin\/wp-content\/uploads\/2020\/05\/quer_1947_Jedermann_Attila-Ho\u0308rbiger_ASF-Foto-Anny-Madner.jpg\" alt=\"Eine \u00e4ltere Person mit Blumenkranz und gemustertem Kleid steht drau\u00dfen vor dem Jedermann und l\u00e4chelt leicht.\" class=\"wp-image-144661\" srcset=\"https:\/\/www.salzburgerland.com\/de\/magazin\/wp-content\/uploads\/2020\/05\/quer_1947_Jedermann_Attila-Ho\u0308rbiger_ASF-Foto-Anny-Madner.jpg 1920w, https:\/\/www.salzburgerland.com\/de\/magazin\/wp-content\/uploads\/2020\/05\/quer_1947_Jedermann_Attila-Ho\u0308rbiger_ASF-Foto-Anny-Madner-300x169.jpg 300w, https:\/\/www.salzburgerland.com\/de\/magazin\/wp-content\/uploads\/2020\/05\/quer_1947_Jedermann_Attila-Ho\u0308rbiger_ASF-Foto-Anny-Madner-1536x864.jpg 1536w, https:\/\/www.salzburgerland.com\/de\/magazin\/wp-content\/uploads\/2020\/05\/quer_1947_Jedermann_Attila-Ho\u0308rbiger_ASF-Foto-Anny-Madner-978x550.jpg 978w, https:\/\/www.salzburgerland.com\/de\/magazin\/wp-content\/uploads\/2020\/05\/quer_1947_Jedermann_Attila-Ho\u0308rbiger_ASF-Foto-Anny-Madner-711x400.jpg 711w, https:\/\/www.salzburgerland.com\/de\/magazin\/wp-content\/uploads\/2020\/05\/quer_1947_Jedermann_Attila-Ho\u0308rbiger_ASF-Foto-Anny-Madner-560x316.jpg 560w, https:\/\/www.salzburgerland.com\/de\/magazin\/wp-content\/uploads\/2020\/05\/quer_1947_Jedermann_Attila-Ho\u0308rbiger_ASF-Foto-Anny-Madner-250x140.jpg 250w, https:\/\/www.salzburgerland.com\/de\/magazin\/wp-content\/uploads\/2020\/05\/quer_1947_Jedermann_Attila-Ho\u0308rbiger_ASF-Foto-Anny-Madner-1320x743.jpg 1320w, https:\/\/www.salzburgerland.com\/de\/magazin\/wp-content\/uploads\/2020\/05\/quer_1947_Jedermann_Attila-Ho\u0308rbiger_ASF-Foto-Anny-Madner-1200x675.jpg 1200w\" sizes=\"auto, (max-width: 1920px) 100vw, 1920px\" \/><figcaption class=\"wp-element-caption\">Attila H\u00f6rbiger<\/figcaption><\/figure>\n\n\n\n<p>Der Vater der beliebten \u00f6sterreichischen Schauspielerin Christiane H\u00f6rbiger verk\u00f6rperte den reichen Mann am Salzburger Domplatz acht mal und absolvierte in dieser Rolle w\u00e4hrend dieser Jahre insgesamt 50 Auftritte. Wie Paul Hartmann probierte auch er sich vorher in einer anderen Jedermann-Rolle: Er spielte 1931 bereits den \u201eguten Gesell\u201c. Und sein Enkel sollte nach \u00fcber f\u00fcnf Jahrzehnten in seine Fu\u00dfstapfen treten.<\/p>\n\n\n\n<h2 class=\"wp-block-heading\" id=\"h-ewald-balser-1946\">Ewald Balser: 1946<\/h2>\n\n\n\n<p>Ewald Balser durfte sein Festspieldebut bereits 1931 geben \u2013 unter der Regie des legend\u00e4ren Max Reinhardt stand er f\u00fcr Goethes \u201eStella\u201c auf der B\u00fchne. 15 Jahre sp\u00e4ter durfte er dann einen Salzburger Festspiel-Sommer lang den Jedermann mimen.<\/p>\n\n\n\n<h2 class=\"wp-block-heading\" id=\"h-will-quadflieg-1952-1959\">Will Quadflieg: 1952 &#8211; 1959<\/h2>\n\n\n\n<p>Sieben Jahre spielte der deutsche Film- und Theaterschauspieler bei den Salzburger Festspielen die Titelrolle in von Hofmannsthals Parabelspiel. Und auch danach stand er noch bis 1998 in anderen Rollen, unter anderem als \u201eGott\u201c, im Jedermann auf der beeindruckenden B\u00fchne am Salzburger Domplatz.<\/p>\n\n\n\n<h2 class=\"wp-block-heading\" id=\"h-walther-reyer-1960-1968\">Walther Reyer: 1960 &#8211; 1968<\/h2>\n\n\n\n<p>Auch der \u00f6sterreichische Kammerschauspieler Walther Reyer lernte den Jedermann zun\u00e4chst in der Rolle von \u201eJedermanns gutem Gesell\u201c kennen \u2013 1956 und 1957 an der Seite von Will Quadflieg. Ab 1960 durfte er dann selbst die Buhlschaft w\u00e4hrend der Salzburger Festspiele umwerben \u2013 von 1973 bis 1977 kehrte er dann wieder zur Rolle des Gesells zur\u00fcck. <\/p>\n\n\n\n<h2 class=\"wp-block-heading\" id=\"h-ernst-schroder-1969-1972\">Ernst Schr\u00f6der: 1969 &#8211; 1972<\/h2>\n\n\n\n<p>25 Mal stand der Schauspieler und Regisseur Ernst Schr\u00f6der als reicher Mann in Hugo von Hofmannsthals Festspiel-Klassiker \u201eon Stage\u201c, bevor er sich einer anderen Rolle im St\u00fcck widmete: Er gab den lieben \u201eMammon\u201c ab 1978 f\u00fcr insgesamt vier Jahre. <\/p>\n\n\n\n<h2 class=\"wp-block-heading\" id=\"h-curd-jurgens-1973-1977\">Curd J\u00fcrgens: 1973 &#8211; 1977<\/h2>\n\n\n\n<p>Er z\u00e4hlte zu seiner Wirkungszeit zu den absoluten Schauspiel-Ikonen im deutschsprachigen Raum \u2013 was ihn f\u00fcr vier aufeinanderfolgende Jahre zum legend\u00e4ren Jedermann-Hauptdarsteller machte. Man munkelt, dass auch die von ihm ausgerichteten Partys im Rahmen der Salzburger Festspiele w\u00e4hrend seiner Jedermann-Jahre legend\u00e4r waren. <br> <\/p>\n\n\n\n<h2 class=\"wp-block-heading\" id=\"h-maximilian-schell-1978-1982\">Maximilian Schell: 1978 &#8211; 1982<\/h2>\n\n\n\n<p>Auf die eine Jedermann-Legende folgte die n\u00e4chste: In von vier Festspiel-Sommern spielte Maximilian Schell das Sterben des reichen Mannes vor dem Salzburger Dom in 32 Auff\u00fchrungen. 1979 und 1980 spielte der Oscarpreistr\u00e4ger zus\u00e4tzlich noch in \u201eDas weite Land\u201c bei den Salzburger Festspielen. <\/p>\n\n\n\n<h2 class=\"wp-block-heading\" id=\"h-klaus-maria-brandauer-1983-1989\">Klaus Maria Brandauer: 1983 &#8211; 1989<\/h2>\n\n\n\n<figure class=\"wp-block-image size-large\"><img loading=\"lazy\" decoding=\"async\" width=\"2532\" height=\"1928\" src=\"https:\/\/www.salzburgerland.com\/de\/magazin\/wp-content\/uploads\/2020\/05\/1983_Jedermann_Klaus-Maria-Brandauer_ASF_Foto-Harry-Weber.jpg\" alt=\"Ein Mann im Kost\u00fcm gestikuliert leidenschaftlich wie Jedermann, erhebt den Finger und spricht mit gro\u00dfer Intensit\u00e4t.\" class=\"wp-image-144660\" srcset=\"https:\/\/www.salzburgerland.com\/de\/magazin\/wp-content\/uploads\/2020\/05\/1983_Jedermann_Klaus-Maria-Brandauer_ASF_Foto-Harry-Weber.jpg 2532w, https:\/\/www.salzburgerland.com\/de\/magazin\/wp-content\/uploads\/2020\/05\/1983_Jedermann_Klaus-Maria-Brandauer_ASF_Foto-Harry-Weber-300x228.jpg 300w, https:\/\/www.salzburgerland.com\/de\/magazin\/wp-content\/uploads\/2020\/05\/1983_Jedermann_Klaus-Maria-Brandauer_ASF_Foto-Harry-Weber-1536x1170.jpg 1536w, https:\/\/www.salzburgerland.com\/de\/magazin\/wp-content\/uploads\/2020\/05\/1983_Jedermann_Klaus-Maria-Brandauer_ASF_Foto-Harry-Weber-2048x1559.jpg 2048w, https:\/\/www.salzburgerland.com\/de\/magazin\/wp-content\/uploads\/2020\/05\/1983_Jedermann_Klaus-Maria-Brandauer_ASF_Foto-Harry-Weber-722x550.jpg 722w, https:\/\/www.salzburgerland.com\/de\/magazin\/wp-content\/uploads\/2020\/05\/1983_Jedermann_Klaus-Maria-Brandauer_ASF_Foto-Harry-Weber-525x400.jpg 525w, https:\/\/www.salzburgerland.com\/de\/magazin\/wp-content\/uploads\/2020\/05\/1983_Jedermann_Klaus-Maria-Brandauer_ASF_Foto-Harry-Weber-130x100.jpg 130w, https:\/\/www.salzburgerland.com\/de\/magazin\/wp-content\/uploads\/2020\/05\/1983_Jedermann_Klaus-Maria-Brandauer_ASF_Foto-Harry-Weber-1320x1005.jpg 1320w\" sizes=\"auto, (max-width: 2532px) 100vw, 2532px\" \/><figcaption class=\"wp-element-caption\">Klaus Maria Brandauer<\/figcaption><\/figure>\n\n\n\n<p>Klaus Maria Brandauer gab den Jedermann ab 1983 nicht nur f\u00fcr sieben aufeinanderfolgende Jahre bei den Salzburger Festspielen \u2013 2002 spielte er auch \u201eJan Jedermann\u201c im Filmdrama \u201eJedermanns Fest\u201c, einer Paraphrase von Hugo von Hofmannsthals Theaterst\u00fcck.<\/p>\n\n\n\n<h2 class=\"wp-block-heading\" id=\"h-helmuth-lohner-1990-1994\">Helmuth Lohner: 1990 &#8211; 1994<\/h2>\n\n\n\n<p>Bevor er f\u00fcr vier Jahre den Protagonisten beim Jedermann der Salzburger Festspiele mimte, war Helmuth Lohner zun\u00e4chst in den Rollen als Teufel und Tod zu sehen. Sp\u00e4ter wurde der Kammerschauspieler und Theaterregisseur Direktor des Theaters in der Josefstadt.<\/p>\n\n\n\n<h2 class=\"wp-block-heading\" id=\"h-gert-voss-1995-1998\">Gert Voss: 1995 &#8211; 1998<\/h2>\n\n\n\n<p>Vier Sommer lang war der Kammerschauspieler und Nestroy-Preistr\u00e4ger Gert Voss unter der Regie von Gernot Friedel als Jedermann bei den Salzburger Festspielen am Salzburger Domplatz zu sehen.<\/p>\n\n\n\n<h2 class=\"wp-block-heading\" id=\"h-ulrich-tukur-1999-2001\">Ulrich Tukur: 1999 &#8211; 2001<\/h2>\n\n\n\n<p>Von 1999 bis 2001 stand mit Ulrich Tukur nicht nur als Schauspieler, sondern auch Musiker als Titelrolle in von Hofmannsthals St\u00fcck auf der Salzburger Festspielb\u00fchne. Als Filmschauspieler spielte Ulrich Tukur in unz\u00e4hligen deutschsprachigen Produktionen mit und ist unter andrem als Tatort-Ermittler bekannt. <\/p>\n\n\n\n<h2 class=\"wp-block-heading\" id=\"h-peter-simonischek-2002-2009\">Peter Simonischek: 2002 &#8211; 2009<\/h2>\n\n\n\n<p>Rekord! Mit seinen 91 Auftritten als Jedermann, die er in der Zeit von 2002 bis 2009 bei den Salzburger Festspielen gab, ist Peter Simonischek absoluter Spitzenreiter unter den Jedermann-Darstellern. Platz zwei belegt nach wie vor der erste Salzburger Jedermann Alexander Moissi mit 69 Auftritten.<\/p>\n\n\n\n<figure class=\"wp-block-image size-full\"><img loading=\"lazy\" decoding=\"async\" width=\"1600\" height=\"1067\" src=\"https:\/\/www.salzburgerland.com\/de\/magazin\/wp-content\/uploads\/2016\/11\/Peter-Simonischek1_c_Harry_Stuhlhofer.jpg\" alt=\"Ein \u00e4lterer Mann mit grauen Haaren und Bart l\u00e4chelt im Freien und verspr\u00fcht in der N\u00e4he von Gr\u00fcn und Holz einen Mozart-\u00e4hnlichen Charme.\" class=\"wp-image-111105\" srcset=\"https:\/\/www.salzburgerland.com\/de\/magazin\/wp-content\/uploads\/2016\/11\/Peter-Simonischek1_c_Harry_Stuhlhofer.jpg 1600w, https:\/\/www.salzburgerland.com\/de\/magazin\/wp-content\/uploads\/2016\/11\/Peter-Simonischek1_c_Harry_Stuhlhofer-300x200.jpg 300w, https:\/\/www.salzburgerland.com\/de\/magazin\/wp-content\/uploads\/2016\/11\/Peter-Simonischek1_c_Harry_Stuhlhofer-825x550.jpg 825w, https:\/\/www.salzburgerland.com\/de\/magazin\/wp-content\/uploads\/2016\/11\/Peter-Simonischek1_c_Harry_Stuhlhofer-600x400.jpg 600w, https:\/\/www.salzburgerland.com\/de\/magazin\/wp-content\/uploads\/2016\/11\/Peter-Simonischek1_c_Harry_Stuhlhofer-1320x880.jpg 1320w\" sizes=\"auto, (max-width: 1600px) 100vw, 1600px\" \/><figcaption class=\"wp-element-caption\">Peter Simonischek<\/figcaption><\/figure>\n\n\n\n<h2 class=\"wp-block-heading\" id=\"h-nicholas-ofczarek-2010-2012\">Nicholas Ofczarek: 2010 &#8211; 2012<\/h2>\n\n\n\n<p>Bei seinem Jedermann-Debut zum 90-j\u00e4hrigen Festspiel-Jubil\u00e4um 2010 war Ofczarek 39 Jahre alt \u2013 und damit der j\u00fcngste Jedermann, der jemals bei den Salzburger Festspielen am Domplatz die Titelrolle spielte. Gemeinsam mit Birgit Minichmayr als Buhlschaft und Ben Becker als Tod bildete er ein legend\u00e4res Jedermann-Trio unter der Regie von Christian St\u00fcckl.<\/p>\n\n\n\n<h2 class=\"wp-block-heading\" id=\"h-cornelius-obonya-2013-2016\">Cornelius Obonya: 2013 &#8211; 2016<\/h2>\n\n\n\n<p> 62 Jahre nachdem sein Gro\u00dfvater das letzte Mal als Salzburger Jedermann auf der B\u00fchne stand, trat sein Enkel 2013 f\u00fcr insgesamt 54 Auff\u00fchrungen in die gro\u00dfen Fu\u00dfstapfen: Die Rede ist von Cornelius Obonya, dem Sohn von Attila H\u00f6rbigers \u00e4ltesten Tochter Elisabeth. Seine Gro\u00dfmutter Paula Wessely war \u00fcbrigens mehrfach als \u201eGlaube\u201c im Jedermann zu sehen, seine Tante Christiane H\u00f6rbiger als Buhlschaft. <\/p>\n\n\n\n<h2 class=\"wp-block-heading\" id=\"h-tobias-moretti-2017-2020\">Tobias Moretti: 2017 &#8211; 2020 <\/h2>\n\n\n\n<figure class=\"wp-block-image size-large\"><img loading=\"lazy\" decoding=\"async\" width=\"1770\" height=\"1122\" src=\"https:\/\/www.salzburgerland.com\/de\/magazin\/wp-content\/uploads\/2020\/05\/hires-03_jedermann_2018_peterlohmeyer_tobiasmoretti_c_matthiashorn-e1544090041997.jpg\" alt=\"Ein Jedermann mit Ganzk\u00f6rpert\u00e4towierungen zeigt mit \u00fcberraschter Miene neben einem Mann im Anzug nach vorne.\" class=\"wp-image-144662\" srcset=\"https:\/\/www.salzburgerland.com\/de\/magazin\/wp-content\/uploads\/2020\/05\/hires-03_jedermann_2018_peterlohmeyer_tobiasmoretti_c_matthiashorn-e1544090041997.jpg 1770w, https:\/\/www.salzburgerland.com\/de\/magazin\/wp-content\/uploads\/2020\/05\/hires-03_jedermann_2018_peterlohmeyer_tobiasmoretti_c_matthiashorn-e1544090041997-300x190.jpg 300w, https:\/\/www.salzburgerland.com\/de\/magazin\/wp-content\/uploads\/2020\/05\/hires-03_jedermann_2018_peterlohmeyer_tobiasmoretti_c_matthiashorn-e1544090041997-1536x974.jpg 1536w, https:\/\/www.salzburgerland.com\/de\/magazin\/wp-content\/uploads\/2020\/05\/hires-03_jedermann_2018_peterlohmeyer_tobiasmoretti_c_matthiashorn-e1544090041997-868x550.jpg 868w, https:\/\/www.salzburgerland.com\/de\/magazin\/wp-content\/uploads\/2020\/05\/hires-03_jedermann_2018_peterlohmeyer_tobiasmoretti_c_matthiashorn-e1544090041997-631x400.jpg 631w, https:\/\/www.salzburgerland.com\/de\/magazin\/wp-content\/uploads\/2020\/05\/hires-03_jedermann_2018_peterlohmeyer_tobiasmoretti_c_matthiashorn-e1544090041997-1320x837.jpg 1320w\" sizes=\"auto, (max-width: 1770px) 100vw, 1770px\" \/><figcaption class=\"wp-element-caption\">Tobias Moretti<\/figcaption><\/figure>\n\n\n\n<p>Nachdem Tobias Moretti von 2002 bis 2005 in den Rollen des \u201eGuten Gesell\u201c und \u201eTeufel\u201c bei den Salzburger Festspielen im Jedermann auftrat, war 2017 die Zeit gekommen, um den Jedermann h\u00f6chstpers\u00f6nlich zu mimen. Unter anderem an seiner Seite: Sein Bruder Gregor Blo\u00e9b in den Rollen  als \u201eGuter Gesell\u201c und \u201eTeufel\u201c. <\/p>\n\n\n\n<h2 class=\"wp-block-heading\" id=\"h-special-guest-philipp-hochmair\">Special Guest \u2013 Philipp Hochmair: <\/h2>\n\n\n\n<p>2018 Ersatz-Jedermann f\u00fcr Tobias Moretti Moment, da war noch was! Wenngleich kein Vorg\u00e4nger Morettis, ist er doch zumindest als \u201eIntermezzo\u201c anzuf\u00fchren: Der \u00f6sterreichische Schauspieler Philipp Hochmair sprang 2018 kurzfristig f\u00fcr den erkrankten Tobias Moretti als Jedermann ein und spielte ihn f\u00fcr f\u00fcnf Vorstellungen. Chapeau!  <\/p>\n\n\n\n<h2 class=\"wp-block-heading\" id=\"h-lars-eidinger-2021-2022\">Lars Eidinger: 2021 &#8211; 2022<\/h2>\n\n\n\n<p>Die Fu\u00dfstapfen von Publikumsliebling Tobias Moretti waren gro\u00df, in die <a href=\"https:\/\/www.salzburgerland.com\/de\/magazin\/lars-eidinger-ist-neuer-jedermann-2021\/\" target=\"_blank\" rel=\"noreferrer noopener\">Lars Eidinger<\/a> als Jedermann ab 2021 trat. Der charismatische deutsche Schauspieler hatte die Rolle des Jedermann in Abstimmung mit Regisseur Michael Sturminger mit seinem ganz eigenen Flair erf\u00fcllt und zeigte so ein neues Bild der legend\u00e4ren Hauptrolle. <\/p>\n\n\n\n<figure class=\"wp-block-image size-full\"><img loading=\"lazy\" decoding=\"async\" width=\"1600\" height=\"1152\" src=\"https:\/\/www.salzburgerland.com\/de\/magazin\/wp-content\/uploads\/2020\/12\/jedermann-2021-c-sf-matthias-horn-33.jpg\" alt=\"Zwei ernst dreinblickende Menschen in dramatischen Jedermann-Kost\u00fcmen halten sich vor einem dunklen Hintergrund an den H\u00e4nden.\" class=\"wp-image-163888\" srcset=\"https:\/\/www.salzburgerland.com\/de\/magazin\/wp-content\/uploads\/2020\/12\/jedermann-2021-c-sf-matthias-horn-33.jpg 1600w, https:\/\/www.salzburgerland.com\/de\/magazin\/wp-content\/uploads\/2020\/12\/jedermann-2021-c-sf-matthias-horn-33-300x216.jpg 300w, https:\/\/www.salzburgerland.com\/de\/magazin\/wp-content\/uploads\/2020\/12\/jedermann-2021-c-sf-matthias-horn-33-1536x1106.jpg 1536w, https:\/\/www.salzburgerland.com\/de\/magazin\/wp-content\/uploads\/2020\/12\/jedermann-2021-c-sf-matthias-horn-33-764x550.jpg 764w, https:\/\/www.salzburgerland.com\/de\/magazin\/wp-content\/uploads\/2020\/12\/jedermann-2021-c-sf-matthias-horn-33-556x400.jpg 556w, https:\/\/www.salzburgerland.com\/de\/magazin\/wp-content\/uploads\/2020\/12\/jedermann-2021-c-sf-matthias-horn-33-1320x950.jpg 1320w, https:\/\/www.salzburgerland.com\/de\/magazin\/wp-content\/uploads\/2020\/12\/jedermann-2021-c-sf-matthias-horn-33-150x108.jpg 150w\" sizes=\"auto, (max-width: 1600px) 100vw, 1600px\" \/><figcaption class=\"wp-element-caption\">\u00a9 Salzburger Festspiele, Matthias Horn &#8211; Jedermann Lars Eidinger und seine Buhlschaft Verena Altenberger<\/figcaption><\/figure>\n\n\n\n<h2 class=\"wp-block-heading\" id=\"h-michael-maertens-2023\">Michael Maertens: 2023<\/h2>\n\n\n\n<p>Der in Hamburg geborene Burgschauspieler und Nestroy-Preistr\u00e4ger Michael Maertens folgt Lars Eidinger nach und wird ab 2023 die Rolle des Jedermanns mit seiner unverwechselbaren Art wieder neu interpretieren.<\/p>\n\n\n\n<h2 class=\"wp-block-heading\" id=\"h-philipp-hochmair-ab-2024\">Philipp Hochmair: ab 2024<\/h2>\n\n\n\n<p>Nach seinem Kurzzeit-Deb\u00fct 2018 ist Philipp Hochmair seit 2024 nun tats\u00e4chlich der Jedermann. F\u00fcr den beliebten \u00f6sterreichischen Schauspieler geht mit dieser Rolle \u201eein Traum in Erf\u00fcllung\u201c. Mit dem Jedermann-Stoff ist er sp\u00e4testens seit 2013 vertraut. Seine Rockversion \u201eJedermann (reloaded)\u201c entstand damals f\u00fcr das Young Directors Project in Salzburg. Mit der Band \u201eDie Elektrohand Gottes\u201c trat er in dieser Version, in der er fast alle Rollen selbst verk\u00f6rpert, bereits an vielen Orten auf \u2013 sogar im Wiener Stephansdom.<\/p>\n\n\n\n<figure class=\"wp-block-image size-full\"><img loading=\"lazy\" decoding=\"async\" width=\"1920\" height=\"1280\" src=\"https:\/\/www.salzburgerland.com\/de\/magazin\/wp-content\/uploads\/2020\/06\/jedermann-2024-c-sf-monika-rittershaus-002.jpg\" alt=\"Ein Mann dippt eine Frau dramatisch auf einem Tisch im Jedermann, w\u00e4hrend die Partyg\u00e4ste zusehen und eine Discokugel \u00fcber ihnen schwebt.\" class=\"wp-image-183292\" srcset=\"https:\/\/www.salzburgerland.com\/de\/magazin\/wp-content\/uploads\/2020\/06\/jedermann-2024-c-sf-monika-rittershaus-002.jpg 1920w, https:\/\/www.salzburgerland.com\/de\/magazin\/wp-content\/uploads\/2020\/06\/jedermann-2024-c-sf-monika-rittershaus-002-300x200.jpg 300w, https:\/\/www.salzburgerland.com\/de\/magazin\/wp-content\/uploads\/2020\/06\/jedermann-2024-c-sf-monika-rittershaus-002-1536x1024.jpg 1536w, https:\/\/www.salzburgerland.com\/de\/magazin\/wp-content\/uploads\/2020\/06\/jedermann-2024-c-sf-monika-rittershaus-002-825x550.jpg 825w, https:\/\/www.salzburgerland.com\/de\/magazin\/wp-content\/uploads\/2020\/06\/jedermann-2024-c-sf-monika-rittershaus-002-600x400.jpg 600w, https:\/\/www.salzburgerland.com\/de\/magazin\/wp-content\/uploads\/2020\/06\/jedermann-2024-c-sf-monika-rittershaus-002-1320x880.jpg 1320w, https:\/\/www.salzburgerland.com\/de\/magazin\/wp-content\/uploads\/2020\/06\/jedermann-2024-c-sf-monika-rittershaus-002-150x100.jpg 150w\" sizes=\"auto, (max-width: 1920px) 100vw, 1920px\" \/><figcaption class=\"wp-element-caption\">\u00a9 Monika Rittershaus<\/figcaption><\/figure>\n\n\n","protected":false},"excerpt":{"rendered":"<p>Alexander Moissi: 1920, 1921, 1926 &#8211; 1931 Der \u00f6sterreichische Schauspieler Alexander Moissi z\u00e4hlte zu den ber\u00fchmtesten Schauspielern seiner Zeit \u2013&nbsp;sogar \u00fcber den deutschsprachigen Raum hinaus. Das machte ihn 1920 zum idealen ersten Jedermann im \u201eGeburtsjahr\u201c der Salzburger Festspiele. Insgesamt acht mal spielte er die Hauptfigur in Hugo von Hofmannsthals St\u00fcck. Paul Hartmann: 1932 &#8211; 1934 [&hellip;]<\/p>\n","protected":false},"author":544,"featured_media":144660,"comment_status":"open","ping_status":"closed","sticky":false,"template":"","format":"standard","meta":{"_acf_changed":false,"wl_entities_gutenberg":"","_wl_entity_redirect_enabled":"","footnotes":""},"categories":[6],"tags":[],"wl_entity_type":[306],"monatsauswahl":[82,83,84,85,86,87,88,89,90,91,92,93],"class_list":["post-141284","post","type-post","status-publish","format-standard","has-post-thumbnail","hentry","category-kunst-kultur","wl_entity_type-article","monatsauswahl-monat_1","monatsauswahl-monat_2","monatsauswahl-monat_3","monatsauswahl-monat_4","monatsauswahl-monat_5","monatsauswahl-monat_6","monatsauswahl-monat_7","monatsauswahl-monat_8","monatsauswahl-monat_9","monatsauswahl-monat_10","monatsauswahl-monat_11","monatsauswahl-monat_12"],"acf":[],"yoast_head":"<!-- This site is optimized with the Yoast SEO Premium plugin v27.4 (Yoast SEO v27.4) - https:\/\/yoast.com\/product\/yoast-seo-premium-wordpress\/ -->\n<title>Die Jederm\u00e4nner der Salzburger Festspiele - SalzburgerLand Magazin<\/title>\n<meta name=\"robots\" content=\"index, follow, max-snippet:-1, max-image-preview:large, max-video-preview:-1\" \/>\n<link rel=\"canonical\" href=\"https:\/\/www.salzburgerland.com\/de\/magazin\/die-jedermaenner-der-salzburger-festspiele\/\" \/>\n<meta property=\"og:locale\" content=\"de_DE\" \/>\n<meta property=\"og:type\" content=\"article\" \/>\n<meta property=\"og:title\" content=\"Die Jederm\u00e4nner der Salzburger Festspiele\" \/>\n<meta property=\"og:description\" content=\"Alexander Moissi: 1920, 1921, 1926 &#8211; 1931 Der \u00f6sterreichische Schauspieler Alexander Moissi z\u00e4hlte zu den ber\u00fchmtesten Schauspielern seiner Zeit \u2013&nbsp;sogar \u00fcber den deutschsprachigen Raum hinaus. Das machte ihn 1920 zum idealen ersten Jedermann im \u201eGeburtsjahr\u201c der Salzburger Festspiele. Insgesamt acht mal spielte er die Hauptfigur in Hugo von Hofmannsthals St\u00fcck. Paul Hartmann: 1932 &#8211; 1934 [&hellip;]\" \/>\n<meta property=\"og:url\" content=\"https:\/\/www.salzburgerland.com\/de\/magazin\/die-jedermaenner-der-salzburger-festspiele\/\" \/>\n<meta property=\"og:site_name\" content=\"SalzburgerLand Magazin\" \/>\n<meta property=\"article:publisher\" content=\"https:\/\/www.facebook.com\/salzburgerland\/\" \/>\n<meta property=\"article:published_time\" content=\"2025-06-04T06:00:00+00:00\" \/>\n<meta property=\"article:modified_time\" content=\"2025-07-03T10:06:09+00:00\" \/>\n<meta property=\"og:image\" content=\"https:\/\/www.salzburgerland.com\/de\/magazin\/wp-content\/uploads\/2020\/05\/1983_Jedermann_Klaus-Maria-Brandauer_ASF_Foto-Harry-Weber.jpg\" \/>\n\t<meta property=\"og:image:width\" content=\"2532\" \/>\n\t<meta property=\"og:image:height\" content=\"1928\" \/>\n\t<meta property=\"og:image:type\" content=\"image\/jpeg\" \/>\n<meta name=\"author\" content=\"G\u00fcnter Baumgartner\" \/>\n<meta name=\"twitter:card\" content=\"summary_large_image\" \/>\n<meta name=\"twitter:creator\" content=\"@Salzburgerland\" \/>\n<meta name=\"twitter:site\" content=\"@Salzburgerland\" \/>\n<meta name=\"twitter:label1\" content=\"Verfasst von\" \/>\n\t<meta name=\"twitter:data1\" content=\"G\u00fcnter Baumgartner\" \/>\n\t<meta name=\"twitter:label2\" content=\"Gesch\u00e4tzte Lesezeit\" \/>\n\t<meta name=\"twitter:data2\" content=\"8\u00a0Minuten\" \/>\n<script type=\"application\/ld+json\" class=\"yoast-schema-graph\">{\"@context\":\"https:\\\/\\\/schema.org\",\"@graph\":[{\"@type\":\"Article\",\"@id\":\"https:\\\/\\\/www.salzburgerland.com\\\/de\\\/magazin\\\/die-jedermaenner-der-salzburger-festspiele\\\/#article\",\"isPartOf\":{\"@id\":\"https:\\\/\\\/www.salzburgerland.com\\\/de\\\/magazin\\\/die-jedermaenner-der-salzburger-festspiele\\\/\"},\"author\":{\"name\":\"G\u00fcnter Baumgartner\",\"@id\":\"https:\\\/\\\/www.salzburgerland.com\\\/de\\\/magazin\\\/#\\\/schema\\\/person\\\/2e0abbe9392136e19ff0d5c5721aea87\"},\"headline\":\"Die Jederm\u00e4nner der Salzburger Festspiele\",\"datePublished\":\"2025-06-04T06:00:00+00:00\",\"dateModified\":\"2025-07-03T10:06:09+00:00\",\"mainEntityOfPage\":{\"@id\":\"https:\\\/\\\/www.salzburgerland.com\\\/de\\\/magazin\\\/die-jedermaenner-der-salzburger-festspiele\\\/\"},\"wordCount\":1122,\"commentCount\":0,\"publisher\":{\"@id\":\"https:\\\/\\\/www.salzburgerland.com\\\/de\\\/magazin\\\/#organization\"},\"image\":{\"@id\":\"https:\\\/\\\/www.salzburgerland.com\\\/de\\\/magazin\\\/die-jedermaenner-der-salzburger-festspiele\\\/#primaryimage\"},\"thumbnailUrl\":\"https:\\\/\\\/www.salzburgerland.com\\\/de\\\/magazin\\\/wp-content\\\/uploads\\\/2020\\\/05\\\/1983_Jedermann_Klaus-Maria-Brandauer_ASF_Foto-Harry-Weber.jpg\",\"articleSection\":[\"Kunst &amp; Kultur\"],\"inLanguage\":\"de\",\"potentialAction\":[{\"@type\":\"CommentAction\",\"name\":\"Comment\",\"target\":[\"https:\\\/\\\/www.salzburgerland.com\\\/de\\\/magazin\\\/die-jedermaenner-der-salzburger-festspiele\\\/#respond\"]}]},{\"@type\":\"WebPage\",\"@id\":\"https:\\\/\\\/www.salzburgerland.com\\\/de\\\/magazin\\\/die-jedermaenner-der-salzburger-festspiele\\\/\",\"url\":\"https:\\\/\\\/www.salzburgerland.com\\\/de\\\/magazin\\\/die-jedermaenner-der-salzburger-festspiele\\\/\",\"name\":\"Die Jederm\u00e4nner der Salzburger Festspiele - SalzburgerLand Magazin\",\"isPartOf\":{\"@id\":\"https:\\\/\\\/www.salzburgerland.com\\\/de\\\/magazin\\\/#website\"},\"primaryImageOfPage\":{\"@id\":\"https:\\\/\\\/www.salzburgerland.com\\\/de\\\/magazin\\\/die-jedermaenner-der-salzburger-festspiele\\\/#primaryimage\"},\"image\":{\"@id\":\"https:\\\/\\\/www.salzburgerland.com\\\/de\\\/magazin\\\/die-jedermaenner-der-salzburger-festspiele\\\/#primaryimage\"},\"thumbnailUrl\":\"https:\\\/\\\/www.salzburgerland.com\\\/de\\\/magazin\\\/wp-content\\\/uploads\\\/2020\\\/05\\\/1983_Jedermann_Klaus-Maria-Brandauer_ASF_Foto-Harry-Weber.jpg\",\"datePublished\":\"2025-06-04T06:00:00+00:00\",\"dateModified\":\"2025-07-03T10:06:09+00:00\",\"breadcrumb\":{\"@id\":\"https:\\\/\\\/www.salzburgerland.com\\\/de\\\/magazin\\\/die-jedermaenner-der-salzburger-festspiele\\\/#breadcrumb\"},\"inLanguage\":\"de\",\"potentialAction\":[{\"@type\":\"ReadAction\",\"target\":[\"https:\\\/\\\/www.salzburgerland.com\\\/de\\\/magazin\\\/die-jedermaenner-der-salzburger-festspiele\\\/\"]}]},{\"@type\":\"ImageObject\",\"inLanguage\":\"de\",\"@id\":\"https:\\\/\\\/www.salzburgerland.com\\\/de\\\/magazin\\\/die-jedermaenner-der-salzburger-festspiele\\\/#primaryimage\",\"url\":\"https:\\\/\\\/www.salzburgerland.com\\\/de\\\/magazin\\\/wp-content\\\/uploads\\\/2020\\\/05\\\/1983_Jedermann_Klaus-Maria-Brandauer_ASF_Foto-Harry-Weber.jpg\",\"contentUrl\":\"https:\\\/\\\/www.salzburgerland.com\\\/de\\\/magazin\\\/wp-content\\\/uploads\\\/2020\\\/05\\\/1983_Jedermann_Klaus-Maria-Brandauer_ASF_Foto-Harry-Weber.jpg\",\"width\":2532,\"height\":1928,\"caption\":\"Klaus Maria Brandauer\"},{\"@type\":\"BreadcrumbList\",\"@id\":\"https:\\\/\\\/www.salzburgerland.com\\\/de\\\/magazin\\\/die-jedermaenner-der-salzburger-festspiele\\\/#breadcrumb\",\"itemListElement\":[{\"@type\":\"ListItem\",\"position\":1,\"name\":\"Startseite\",\"item\":\"https:\\\/\\\/www.salzburgerland.com\\\/de\\\/magazin\\\/\"},{\"@type\":\"ListItem\",\"position\":2,\"name\":\"Kunst &amp; Kultur\",\"item\":\"https:\\\/\\\/www.salzburgerland.com\\\/de\\\/magazin\\\/thema\\\/kunst-kultur\\\/\"},{\"@type\":\"ListItem\",\"position\":3,\"name\":\"Die Jederm\u00e4nner der Salzburger Festspiele\"}]},{\"@type\":\"WebSite\",\"@id\":\"https:\\\/\\\/www.salzburgerland.com\\\/de\\\/magazin\\\/#website\",\"url\":\"https:\\\/\\\/www.salzburgerland.com\\\/de\\\/magazin\\\/\",\"name\":\"SalzburgerLand Magazin\",\"description\":\"Geschichten und Interessantes aus dem SalzburgerLand\",\"publisher\":{\"@id\":\"https:\\\/\\\/www.salzburgerland.com\\\/de\\\/magazin\\\/#organization\"},\"potentialAction\":[{\"@type\":\"SearchAction\",\"target\":{\"@type\":\"EntryPoint\",\"urlTemplate\":\"https:\\\/\\\/www.salzburgerland.com\\\/de\\\/magazin\\\/?s={search_term_string}\"},\"query-input\":{\"@type\":\"PropertyValueSpecification\",\"valueRequired\":true,\"valueName\":\"search_term_string\"}}],\"inLanguage\":\"de\"},{\"@type\":\"Organization\",\"@id\":\"https:\\\/\\\/www.salzburgerland.com\\\/de\\\/magazin\\\/#organization\",\"name\":\"SalzburgerLand Tourismus\",\"url\":\"https:\\\/\\\/www.salzburgerland.com\\\/de\\\/magazin\\\/\",\"logo\":{\"@type\":\"ImageObject\",\"inLanguage\":\"de\",\"@id\":\"https:\\\/\\\/www.salzburgerland.com\\\/de\\\/magazin\\\/#\\\/schema\\\/logo\\\/image\\\/\",\"url\":\"https:\\\/\\\/www.salzburgerland.com\\\/de\\\/magazin\\\/wp-content\\\/uploads\\\/2019\\\/06\\\/salzburgerland-logo1.jpg\",\"contentUrl\":\"https:\\\/\\\/www.salzburgerland.com\\\/de\\\/magazin\\\/wp-content\\\/uploads\\\/2019\\\/06\\\/salzburgerland-logo1.jpg\",\"width\":2011,\"height\":866,\"caption\":\"SalzburgerLand Tourismus\"},\"image\":{\"@id\":\"https:\\\/\\\/www.salzburgerland.com\\\/de\\\/magazin\\\/#\\\/schema\\\/logo\\\/image\\\/\"},\"sameAs\":[\"https:\\\/\\\/www.facebook.com\\\/salzburgerland\\\/\",\"https:\\\/\\\/x.com\\\/Salzburgerland\",\"https:\\\/\\\/www.instagram.com\\\/salzburgerland\\\/\",\"https:\\\/\\\/at.linkedin.com\\\/company\\\/salzburgerland-tourismus-gmbh\",\"https:\\\/\\\/www.pinterest.at\\\/salzburgerland\\\/\",\"https:\\\/\\\/www.youtube.com\\\/user\\\/salzburgerland\",\"https:\\\/\\\/de.wikipedia.org\\\/wiki\\\/SalzburgerLand_Tourismus_GmbH\"]},{\"@type\":\"Person\",\"@id\":\"https:\\\/\\\/www.salzburgerland.com\\\/de\\\/magazin\\\/#\\\/schema\\\/person\\\/2e0abbe9392136e19ff0d5c5721aea87\",\"name\":\"G\u00fcnter Baumgartner\",\"url\":\"https:\\\/\\\/www.salzburgerland.com\\\/de\\\/magazin\\\/author\\\/guenter-baumgartner\\\/\"}]}<\/script>\n<!-- \/ Yoast SEO Premium plugin. -->","yoast_head_json":{"title":"Die Jederm\u00e4nner der Salzburger Festspiele - SalzburgerLand Magazin","robots":{"index":"index","follow":"follow","max-snippet":"max-snippet:-1","max-image-preview":"max-image-preview:large","max-video-preview":"max-video-preview:-1"},"canonical":"https:\/\/www.salzburgerland.com\/de\/magazin\/die-jedermaenner-der-salzburger-festspiele\/","og_locale":"de_DE","og_type":"article","og_title":"Die Jederm\u00e4nner der Salzburger Festspiele","og_description":"Alexander Moissi: 1920, 1921, 1926 &#8211; 1931 Der \u00f6sterreichische Schauspieler Alexander Moissi z\u00e4hlte zu den ber\u00fchmtesten Schauspielern seiner Zeit \u2013&nbsp;sogar \u00fcber den deutschsprachigen Raum hinaus. Das machte ihn 1920 zum idealen ersten Jedermann im \u201eGeburtsjahr\u201c der Salzburger Festspiele. Insgesamt acht mal spielte er die Hauptfigur in Hugo von Hofmannsthals St\u00fcck. Paul Hartmann: 1932 &#8211; 1934 [&hellip;]","og_url":"https:\/\/www.salzburgerland.com\/de\/magazin\/die-jedermaenner-der-salzburger-festspiele\/","og_site_name":"SalzburgerLand Magazin","article_publisher":"https:\/\/www.facebook.com\/salzburgerland\/","article_published_time":"2025-06-04T06:00:00+00:00","article_modified_time":"2025-07-03T10:06:09+00:00","og_image":[{"url":"https:\/\/www.salzburgerland.com\/de\/magazin\/wp-content\/uploads\/2020\/05\/1983_Jedermann_Klaus-Maria-Brandauer_ASF_Foto-Harry-Weber.jpg","width":2532,"height":1928,"type":"image\/jpeg"}],"author":"G\u00fcnter Baumgartner","twitter_card":"summary_large_image","twitter_creator":"@Salzburgerland","twitter_site":"@Salzburgerland","twitter_misc":{"Verfasst von":"G\u00fcnter Baumgartner","Gesch\u00e4tzte Lesezeit":"8\u00a0Minuten"},"schema":{"@context":"https:\/\/schema.org","@graph":[{"@type":"Article","@id":"https:\/\/www.salzburgerland.com\/de\/magazin\/die-jedermaenner-der-salzburger-festspiele\/#article","isPartOf":{"@id":"https:\/\/www.salzburgerland.com\/de\/magazin\/die-jedermaenner-der-salzburger-festspiele\/"},"author":{"name":"G\u00fcnter Baumgartner","@id":"https:\/\/www.salzburgerland.com\/de\/magazin\/#\/schema\/person\/2e0abbe9392136e19ff0d5c5721aea87"},"headline":"Die Jederm\u00e4nner der Salzburger Festspiele","datePublished":"2025-06-04T06:00:00+00:00","dateModified":"2025-07-03T10:06:09+00:00","mainEntityOfPage":{"@id":"https:\/\/www.salzburgerland.com\/de\/magazin\/die-jedermaenner-der-salzburger-festspiele\/"},"wordCount":1122,"commentCount":0,"publisher":{"@id":"https:\/\/www.salzburgerland.com\/de\/magazin\/#organization"},"image":{"@id":"https:\/\/www.salzburgerland.com\/de\/magazin\/die-jedermaenner-der-salzburger-festspiele\/#primaryimage"},"thumbnailUrl":"https:\/\/www.salzburgerland.com\/de\/magazin\/wp-content\/uploads\/2020\/05\/1983_Jedermann_Klaus-Maria-Brandauer_ASF_Foto-Harry-Weber.jpg","articleSection":["Kunst &amp; Kultur"],"inLanguage":"de","potentialAction":[{"@type":"CommentAction","name":"Comment","target":["https:\/\/www.salzburgerland.com\/de\/magazin\/die-jedermaenner-der-salzburger-festspiele\/#respond"]}]},{"@type":"WebPage","@id":"https:\/\/www.salzburgerland.com\/de\/magazin\/die-jedermaenner-der-salzburger-festspiele\/","url":"https:\/\/www.salzburgerland.com\/de\/magazin\/die-jedermaenner-der-salzburger-festspiele\/","name":"Die Jederm\u00e4nner der Salzburger Festspiele - SalzburgerLand Magazin","isPartOf":{"@id":"https:\/\/www.salzburgerland.com\/de\/magazin\/#website"},"primaryImageOfPage":{"@id":"https:\/\/www.salzburgerland.com\/de\/magazin\/die-jedermaenner-der-salzburger-festspiele\/#primaryimage"},"image":{"@id":"https:\/\/www.salzburgerland.com\/de\/magazin\/die-jedermaenner-der-salzburger-festspiele\/#primaryimage"},"thumbnailUrl":"https:\/\/www.salzburgerland.com\/de\/magazin\/wp-content\/uploads\/2020\/05\/1983_Jedermann_Klaus-Maria-Brandauer_ASF_Foto-Harry-Weber.jpg","datePublished":"2025-06-04T06:00:00+00:00","dateModified":"2025-07-03T10:06:09+00:00","breadcrumb":{"@id":"https:\/\/www.salzburgerland.com\/de\/magazin\/die-jedermaenner-der-salzburger-festspiele\/#breadcrumb"},"inLanguage":"de","potentialAction":[{"@type":"ReadAction","target":["https:\/\/www.salzburgerland.com\/de\/magazin\/die-jedermaenner-der-salzburger-festspiele\/"]}]},{"@type":"ImageObject","inLanguage":"de","@id":"https:\/\/www.salzburgerland.com\/de\/magazin\/die-jedermaenner-der-salzburger-festspiele\/#primaryimage","url":"https:\/\/www.salzburgerland.com\/de\/magazin\/wp-content\/uploads\/2020\/05\/1983_Jedermann_Klaus-Maria-Brandauer_ASF_Foto-Harry-Weber.jpg","contentUrl":"https:\/\/www.salzburgerland.com\/de\/magazin\/wp-content\/uploads\/2020\/05\/1983_Jedermann_Klaus-Maria-Brandauer_ASF_Foto-Harry-Weber.jpg","width":2532,"height":1928,"caption":"Klaus Maria Brandauer"},{"@type":"BreadcrumbList","@id":"https:\/\/www.salzburgerland.com\/de\/magazin\/die-jedermaenner-der-salzburger-festspiele\/#breadcrumb","itemListElement":[{"@type":"ListItem","position":1,"name":"Startseite","item":"https:\/\/www.salzburgerland.com\/de\/magazin\/"},{"@type":"ListItem","position":2,"name":"Kunst &amp; Kultur","item":"https:\/\/www.salzburgerland.com\/de\/magazin\/thema\/kunst-kultur\/"},{"@type":"ListItem","position":3,"name":"Die Jederm\u00e4nner der Salzburger Festspiele"}]},{"@type":"WebSite","@id":"https:\/\/www.salzburgerland.com\/de\/magazin\/#website","url":"https:\/\/www.salzburgerland.com\/de\/magazin\/","name":"SalzburgerLand Magazin","description":"Geschichten und Interessantes aus dem SalzburgerLand","publisher":{"@id":"https:\/\/www.salzburgerland.com\/de\/magazin\/#organization"},"potentialAction":[{"@type":"SearchAction","target":{"@type":"EntryPoint","urlTemplate":"https:\/\/www.salzburgerland.com\/de\/magazin\/?s={search_term_string}"},"query-input":{"@type":"PropertyValueSpecification","valueRequired":true,"valueName":"search_term_string"}}],"inLanguage":"de"},{"@type":"Organization","@id":"https:\/\/www.salzburgerland.com\/de\/magazin\/#organization","name":"SalzburgerLand Tourismus","url":"https:\/\/www.salzburgerland.com\/de\/magazin\/","logo":{"@type":"ImageObject","inLanguage":"de","@id":"https:\/\/www.salzburgerland.com\/de\/magazin\/#\/schema\/logo\/image\/","url":"https:\/\/www.salzburgerland.com\/de\/magazin\/wp-content\/uploads\/2019\/06\/salzburgerland-logo1.jpg","contentUrl":"https:\/\/www.salzburgerland.com\/de\/magazin\/wp-content\/uploads\/2019\/06\/salzburgerland-logo1.jpg","width":2011,"height":866,"caption":"SalzburgerLand Tourismus"},"image":{"@id":"https:\/\/www.salzburgerland.com\/de\/magazin\/#\/schema\/logo\/image\/"},"sameAs":["https:\/\/www.facebook.com\/salzburgerland\/","https:\/\/x.com\/Salzburgerland","https:\/\/www.instagram.com\/salzburgerland\/","https:\/\/at.linkedin.com\/company\/salzburgerland-tourismus-gmbh","https:\/\/www.pinterest.at\/salzburgerland\/","https:\/\/www.youtube.com\/user\/salzburgerland","https:\/\/de.wikipedia.org\/wiki\/SalzburgerLand_Tourismus_GmbH"]},{"@type":"Person","@id":"https:\/\/www.salzburgerland.com\/de\/magazin\/#\/schema\/person\/2e0abbe9392136e19ff0d5c5721aea87","name":"G\u00fcnter Baumgartner","url":"https:\/\/www.salzburgerland.com\/de\/magazin\/author\/guenter-baumgartner\/"}]}},"_wl_alt_label":[],"wl:entity_url":"http:\/\/open.salzburgerland.com\/magazin\/post\/die_jedermaenner_der_salzburger_festspiele","_links":{"self":[{"href":"https:\/\/www.salzburgerland.com\/de\/magazin\/wp-json\/wp\/v2\/posts\/141284","targetHints":{"allow":["GET"]}}],"collection":[{"href":"https:\/\/www.salzburgerland.com\/de\/magazin\/wp-json\/wp\/v2\/posts"}],"about":[{"href":"https:\/\/www.salzburgerland.com\/de\/magazin\/wp-json\/wp\/v2\/types\/post"}],"author":[{"embeddable":true,"href":"https:\/\/www.salzburgerland.com\/de\/magazin\/wp-json\/wp\/v2\/users\/544"}],"replies":[{"embeddable":true,"href":"https:\/\/www.salzburgerland.com\/de\/magazin\/wp-json\/wp\/v2\/comments?post=141284"}],"version-history":[{"count":6,"href":"https:\/\/www.salzburgerland.com\/de\/magazin\/wp-json\/wp\/v2\/posts\/141284\/revisions"}],"predecessor-version":[{"id":183293,"href":"https:\/\/www.salzburgerland.com\/de\/magazin\/wp-json\/wp\/v2\/posts\/141284\/revisions\/183293"}],"wp:featuredmedia":[{"embeddable":true,"href":"https:\/\/www.salzburgerland.com\/de\/magazin\/wp-json\/wp\/v2\/media\/144660"}],"wp:attachment":[{"href":"https:\/\/www.salzburgerland.com\/de\/magazin\/wp-json\/wp\/v2\/media?parent=141284"}],"wp:term":[{"taxonomy":"category","embeddable":true,"href":"https:\/\/www.salzburgerland.com\/de\/magazin\/wp-json\/wp\/v2\/categories?post=141284"},{"taxonomy":"post_tag","embeddable":true,"href":"https:\/\/www.salzburgerland.com\/de\/magazin\/wp-json\/wp\/v2\/tags?post=141284"},{"taxonomy":"wl_entity_type","embeddable":true,"href":"https:\/\/www.salzburgerland.com\/de\/magazin\/wp-json\/wp\/v2\/wl_entity_type?post=141284"},{"taxonomy":"monatsauswahl","embeddable":true,"href":"https:\/\/www.salzburgerland.com\/de\/magazin\/wp-json\/wp\/v2\/monatsauswahl?post=141284"}],"curies":[{"name":"wp","href":"https:\/\/api.w.org\/{rel}","templated":true}]}}