{"id":140837,"date":"2026-03-12T13:09:57","date_gmt":"2026-03-12T12:09:57","guid":{"rendered":"https:\/\/www.salzburgerland.com\/de\/magazin\/?p=140837"},"modified":"2026-03-17T11:32:50","modified_gmt":"2026-03-17T10:32:50","slug":"100-jahre-theatergruppe-koppl-ein-dorf-spielt-auf","status":"publish","type":"post","link":"https:\/\/www.salzburgerland.com\/de\/magazin\/100-jahre-theatergruppe-koppl-ein-dorf-spielt-auf\/","title":{"rendered":"100 Jahre Theatergruppe Koppl: Ein Dorf spielt auf!"},"content":{"rendered":"\n<div class=\"wp-block-slt-top topBlocks\">\n<h2 class=\"wp-block-slt-subtitle\">Amateurtheater im SalzburgerLand<\/h2>\n\n\n\n<p class=\"wp-block-slt-intro\">Ein ganzes Dorf auf der B\u00fchne \u2013 und das seit einem Jahrhundert. Die Theatergruppe Koppl feiert ihr 100-j\u00e4hriges Bestehen und blickt auf eine au\u00dfergew\u00f6hnliche Erfolgsgeschichte des Amateurtheaters zur\u00fcck. Was 1926 mit einer kleinen Gruppe begann, hat sich \u00fcber Generationen hinweg zu einer lebendigen Kulturtradition entwickelt.<\/p>\n<\/div>\n\n\n\n<h2 class=\"wp-block-heading\" id=\"h-amateurtheater-im-salzburgerland\">Amateurtheater im SalzburgerLand<\/h2>\n\n\n\n<p>Was tun, wenn es nicht f\u00fcr die Hollywood-Karriere reicht, man aber das Talent zum Schauspiel in die Wiege gelegt bekommen hat? Man schlie\u00dfe sich einem Theaterverein an und gebe als eingefleischter Laienschauspieler Jahr f\u00fcr Jahr sein Bestes. Die Tradition des Amateurtheaters wird im ganzen SalzburgerLand hochgehalten, so auch bei der Theatergruppe Koppl. Sch\u00f6n, denn so wird das ganze Jahr \u00fcber in unz\u00e4hligen Salzburger Gemeinden von Anthering bis Zederhaus Theatergenuss dargeboten.<\/p>\n\n\n\n<h2 class=\"wp-block-heading\" id=\"h-100-jahre-theatergruppe-koppl-tradition-die-verbindet\">100 Jahre Theatergruppe Koppl: Tradition, die verbindet<\/h2>\n\n\n\n<p>Seit 1926 wird in Koppl Theater gespielt \u2013 nun feiert die Theatergruppe Koppl ihr 100-j\u00e4hriges Jubil\u00e4um. Was einst als mutiges Experiment einiger theaterbegeisterter Dorfbewohner begann, ist heute eine feste Kulturinstitution der Gemeinde und ein lebendiges Beispiel f\u00fcr die Tradition des Amateurtheaters im SalzburgerLand.<\/p>\n\n\n\n<h2 class=\"wp-block-heading\" id=\"h-in-koppl-hat-theater-tradition-seit-1926\">In Koppl hat Theater Tradition, seit 1926<\/h2>\n\n\n\n<p>Bis heute steht in Koppl Jahr f\u00fcr Jahr das ganze Dorf hinter dem Theater: Schauspielerinnen und Schauspieler, B\u00fchnenbauer, Musiker und Helfer sorgen gemeinsam daf\u00fcr, dass rund um die Auff\u00fchrungen beim Kirchenwirt echtes Dorftheater entsteht. Mit klassischem Volkstheater, modernen Inszenierungen und viel Herzblut begeistert die Theatergruppe seit einem Jahrhundert ihr Publikum \u2013 und beweist, dass Theater im SalzburgerLand vor allem eines ist: gelebte Gemeinschaft.<\/p>\n\n\n\n<h2 class=\"wp-block-heading\" id=\"h-1926-2026-ein-dorf-eine-buhne-100-jahre-theater\">1926\u20132026: Ein Dorf, eine B\u00fchne, 100 Jahre Theater<\/h2>\n\n\n\n<p>In Koppl wird seit 100 Jahren mit viel Freude und Eifer Theater gespielt. Der \u201eSchulverein S\u00fcdmark\u201c war der Beginn des Laientheaters in Koppl. Als Musikgruppe gegr\u00fcndet, fr\u00f6nte man bald auch dem Theaterspiel. Damals galt das Laien-Schauspiel als \u201eneumodernes Zeugs\u201c und stie\u00df nicht gleich bei allen Dorfbewohnern auf Wohlwollen. <\/p>\n\n\n\n<blockquote class=\"wp-block-quote is-layout-flow wp-block-quote-is-layout-flow\">\n<p>Der Schusterbauer wollte etwa seine Kinder nicht als \u201eKom\u00f6dianten\u201c auf der B\u00fchne sehen, w\u00e4hrend der Huberbauer den Weg zum Probelokal als viel zu gef\u00e4hrlich f\u00fcr seine Tochter erachtete. <\/p>\n<\/blockquote>\n\n\n\n<p>Ein Geleitschutz des Bruders war Pflicht \u2013 und dies wiederum der Beginn der gro\u00dfen Theater-Karriere von Josef Deisl. Das war mein Opa, wie die Namensgleichheit verr\u00e4t. Theaterspielen hat seither nicht nur in unserer Familie Tradition, sondern in ganz Koppl. Vor 30 Jahren sagte man noch, dass jeder zweite Koppler einmal auf der B\u00fchne gestanden sei. Daran hat sich nicht viel ver\u00e4ndert.<\/p>\n\n\n<div class=\"mag-gallery\"><div class=\"row\"><div class=\"col-6 col-sm-4\"><figure><a class=\"thumb-container\" href=\"https:\/\/www.salzburgerland.com\/de\/magazin\/wp-content\/uploads\/2020\/01\/2004-die-3-eisbaeren-theatergruppe-koppl-01-1280x1024.jpg\">\t<picture><source media=\"(min-width: 576px)\" srcset=\"https:\/\/www.salzburgerland.com\/de\/magazin\/wp-content\/uploads\/2020\/01\/2004-die-3-eisbaeren-theatergruppe-koppl-01-325x209.jpg 325w, https:\/\/www.salzburgerland.com\/de\/magazin\/wp-content\/uploads\/2020\/01\/2004-die-3-eisbaeren-theatergruppe-koppl-01-249x160.jpg 249w\"><\/source><source media=\"(min-width: 0)\" srcset=\"https:\/\/www.salzburgerland.com\/de\/magazin\/wp-content\/uploads\/2020\/01\/2004-die-3-eisbaeren-theatergruppe-koppl-01-249x160.jpg 249w, https:\/\/www.salzburgerland.com\/de\/magazin\/wp-content\/uploads\/2020\/01\/2004-die-3-eisbaeren-theatergruppe-koppl-01-325x209.jpg 325w\"><\/source><img decoding=\"async\" alt=\"Drei M&auml;nner in rustikaler Kleidung sitzen um einen Holztisch, als ob sie mit der Theatergruppe Koppl proben w&uuml;rden.\" src=\"https:\/\/www.salzburgerland.com\/de\/magazin\/wp-content\/uploads\/2020\/01\/2004-die-3-eisbaeren-theatergruppe-koppl-01.jpg\">\t<\/picture><figcaption>&#8222;Die 3 Eisb&auml;ren&#8220;<\/figcaption><\/a><\/figure><\/div><div class=\"col-6 col-sm-4\"><figure><a class=\"thumb-container\" href=\"https:\/\/www.salzburgerland.com\/de\/magazin\/wp-content\/uploads\/2020\/01\/2004-die-3-eisbaeren-theatergruppe-koppl-02-1280x1024.jpg\">\t<picture><source media=\"(min-width: 576px)\" srcset=\"https:\/\/www.salzburgerland.com\/de\/magazin\/wp-content\/uploads\/2020\/01\/2004-die-3-eisbaeren-theatergruppe-koppl-02-325x209.jpg 325w, https:\/\/www.salzburgerland.com\/de\/magazin\/wp-content\/uploads\/2020\/01\/2004-die-3-eisbaeren-theatergruppe-koppl-02-249x160.jpg 249w\"><\/source><source media=\"(min-width: 0)\" srcset=\"https:\/\/www.salzburgerland.com\/de\/magazin\/wp-content\/uploads\/2020\/01\/2004-die-3-eisbaeren-theatergruppe-koppl-02-249x160.jpg 249w, https:\/\/www.salzburgerland.com\/de\/magazin\/wp-content\/uploads\/2020\/01\/2004-die-3-eisbaeren-theatergruppe-koppl-02-325x209.jpg 325w\"><\/source><img decoding=\"async\" alt=\"Drei Personen in rustikaler Kleidung von der Theatergruppe Koppl betrachten ein geb&uuml;ndeltes Baby in einer gem&uuml;tlichen, altmodischen K&uuml;che.\" src=\"https:\/\/www.salzburgerland.com\/de\/magazin\/wp-content\/uploads\/2020\/01\/2004-die-3-eisbaeren-theatergruppe-koppl-02.jpg\">\t<\/picture><figcaption>&#8222;Die 3 Eisb&auml;ren&#8220;<\/figcaption><\/a><\/figure><\/div><div class=\"col-6 col-sm-4\"><figure><a class=\"thumb-container\" href=\"https:\/\/www.salzburgerland.com\/de\/magazin\/wp-content\/uploads\/2020\/01\/2004-die-3-eisbaeren-theatergruppe-koppl-03-1280x1024.jpg\">\t<picture><source media=\"(min-width: 576px)\" srcset=\"https:\/\/www.salzburgerland.com\/de\/magazin\/wp-content\/uploads\/2020\/01\/2004-die-3-eisbaeren-theatergruppe-koppl-03-325x209.jpg 325w, https:\/\/www.salzburgerland.com\/de\/magazin\/wp-content\/uploads\/2020\/01\/2004-die-3-eisbaeren-theatergruppe-koppl-03-249x160.jpg 249w\"><\/source><source media=\"(min-width: 0)\" srcset=\"https:\/\/www.salzburgerland.com\/de\/magazin\/wp-content\/uploads\/2020\/01\/2004-die-3-eisbaeren-theatergruppe-koppl-03-249x160.jpg 249w, https:\/\/www.salzburgerland.com\/de\/magazin\/wp-content\/uploads\/2020\/01\/2004-die-3-eisbaeren-theatergruppe-koppl-03-325x209.jpg 325w\"><\/source><img decoding=\"async\" alt=\"Vier Leute von der Theatergruppe Koppl essen gemeinsam Suppe an einem Holztisch in einem rustikalen, gem&uuml;tlichen Raum mit h&auml;ngenden M&auml;nteln.\" src=\"https:\/\/www.salzburgerland.com\/de\/magazin\/wp-content\/uploads\/2020\/01\/2004-die-3-eisbaeren-theatergruppe-koppl-03.jpg\">\t<\/picture><figcaption>&#8222;Die 3 Eisb&auml;ren&#8220;<\/figcaption><\/a><\/figure><\/div><\/div><figcaption><\/figcaption><\/div>\n\n\n\n<p>Wenn es auch einige H\u00fcrden zu meistern gab, gelang es schon damals mit viel Begeisterung gen\u00fcgend Spielleute zu motivieren und mit Engagement und Sachspenden am Stefanitag des Jahres 1926 das erste Theaterst\u00fcck in Koppl aufzuf\u00fchren. Unter der Leitung von Auguste Hemetsberger gaben die Spielleute &#8222;Der Goldbauer&#8220; von Charlotte Birch-Pfeiffer beim Kirchenwirt in Koppl zum Besten.<\/p>\n\n\n\n<p>Seither sind \u00fcber 100 Jahre vergangen. Der Ort ist noch derselbe. Jedes Jahr vor Ostern stellt die Theatergruppe Koppl beim Kirchenwirt ihr K\u00f6nnen zur Schau und unterh\u00e4lt mit lustigen aber auch gesellschaftskritischen St\u00fccken treue Theaterfreunde aus Nah und Fern. Die Auff\u00fchrungen finden jedes Jahr zur gleichen Zeit statt. In der Woche vor der Karwoche starten die Theaterauff\u00fchrungen, die letzte Auff\u00fchrung ist immer am Palmsonntag.<\/p>\n\n\n\n<h2 class=\"wp-block-heading\" id=\"h-volkstheater-und-moderne-inszenierungen\">Volkstheater und moderne Inszenierungen<\/h2>\n\n\n\n<p>Ob Johann Nestroys \u201e<em>Lumpazivagabundus\u201c<\/em>, \u201e<em>Magdalena\u201c<\/em> von Ludwig Thoma oder \u201eDer <em>Bauer als Million\u00e4r\u201c<\/em> von Ferdinand Raimund \u2013 klassisches Volkstheater gibt es neben modernen Inszenierungen und lustigem, l\u00e4ndlichen Amateurtheater auf der Koppler Theaterb\u00fchne immer wieder zu sehen. Aus der einfachen B\u00fchne wurde mittlerweile eine Institution. Liebevoll gestaltete Kulissen, moderne B\u00fchnenbeleuchtung, ein Podium f\u00fcr die Zuschauer sowie die Drehb\u00fchne machen die Auff\u00fchrungen der Theatergruppe Koppl von Jahr zu Jahr attraktiver.  Ambitionierte Spielleiter, ein engagiertes Schauspieler-Ensemble und eine tolle musikalische Umrahmung sorgen immer wieder f\u00fcr ein rundum gelungenes Theatererlebnis.<\/p>\n\n\n\n<figure class=\"wp-block-image size-full\"><img loading=\"lazy\" decoding=\"async\" width=\"1920\" height=\"1280\" src=\"https:\/\/www.salzburgerland.com\/de\/magazin\/wp-content\/uploads\/2020\/01\/2010-ausser-kontrolle-theatergruppe-koppl-04.jpg\" alt=\"Ausser Kontrolle, Theatergruppe Koppl\" class=\"wp-image-140865\" srcset=\"https:\/\/www.salzburgerland.com\/de\/magazin\/wp-content\/uploads\/2020\/01\/2010-ausser-kontrolle-theatergruppe-koppl-04.jpg 1920w, https:\/\/www.salzburgerland.com\/de\/magazin\/wp-content\/uploads\/2020\/01\/2010-ausser-kontrolle-theatergruppe-koppl-04-300x200.jpg 300w, https:\/\/www.salzburgerland.com\/de\/magazin\/wp-content\/uploads\/2020\/01\/2010-ausser-kontrolle-theatergruppe-koppl-04-1536x1024.jpg 1536w, https:\/\/www.salzburgerland.com\/de\/magazin\/wp-content\/uploads\/2020\/01\/2010-ausser-kontrolle-theatergruppe-koppl-04-825x550.jpg 825w, https:\/\/www.salzburgerland.com\/de\/magazin\/wp-content\/uploads\/2020\/01\/2010-ausser-kontrolle-theatergruppe-koppl-04-600x400.jpg 600w, https:\/\/www.salzburgerland.com\/de\/magazin\/wp-content\/uploads\/2020\/01\/2010-ausser-kontrolle-theatergruppe-koppl-04-1320x880.jpg 1320w\" sizes=\"auto, (max-width: 1920px) 100vw, 1920px\" \/><\/figure>\n\n\n<div class=\"mag-gallery\"><div class=\"row\"><div class=\"col-6 col-sm-4\"><figure><a class=\"thumb-container\" href=\"https:\/\/www.salzburgerland.com\/de\/magazin\/wp-content\/uploads\/2020\/01\/2008-die-3-dorfheiligen-theatergruppe-koppl-01-1280x1024.jpg\">\t<picture><source media=\"(min-width: 576px)\" srcset=\"https:\/\/www.salzburgerland.com\/de\/magazin\/wp-content\/uploads\/2020\/01\/2008-die-3-dorfheiligen-theatergruppe-koppl-01-325x209.jpg 325w, https:\/\/www.salzburgerland.com\/de\/magazin\/wp-content\/uploads\/2020\/01\/2008-die-3-dorfheiligen-theatergruppe-koppl-01-249x160.jpg 249w\"><\/source><source media=\"(min-width: 0)\" srcset=\"https:\/\/www.salzburgerland.com\/de\/magazin\/wp-content\/uploads\/2020\/01\/2008-die-3-dorfheiligen-theatergruppe-koppl-01-249x160.jpg 249w, https:\/\/www.salzburgerland.com\/de\/magazin\/wp-content\/uploads\/2020\/01\/2008-die-3-dorfheiligen-theatergruppe-koppl-01-325x209.jpg 325w\"><\/source><img decoding=\"async\" alt=\"F&uuml;nf M&auml;nner in Kost&uuml;men der &ouml;sterreichischen Theatergruppe Koppl sitzen um einen Tisch und unterhalten sich; hinter ihnen eine Flasche und ein Kruzifix.\" src=\"https:\/\/www.salzburgerland.com\/de\/magazin\/wp-content\/uploads\/2020\/01\/2008-die-3-dorfheiligen-theatergruppe-koppl-01.jpg\">\t<\/picture><\/a><\/figure><\/div><div class=\"col-6 col-sm-4\"><figure><a class=\"thumb-container\" href=\"https:\/\/www.salzburgerland.com\/de\/magazin\/wp-content\/uploads\/2020\/01\/2008-die-3-dorfheiligen-theatergruppe-koppl-02-1280x1024.jpg\">\t<picture><source media=\"(min-width: 576px)\" srcset=\"https:\/\/www.salzburgerland.com\/de\/magazin\/wp-content\/uploads\/2020\/01\/2008-die-3-dorfheiligen-theatergruppe-koppl-02-325x209.jpg 325w, https:\/\/www.salzburgerland.com\/de\/magazin\/wp-content\/uploads\/2020\/01\/2008-die-3-dorfheiligen-theatergruppe-koppl-02-249x160.jpg 249w\"><\/source><source media=\"(min-width: 0)\" srcset=\"https:\/\/www.salzburgerland.com\/de\/magazin\/wp-content\/uploads\/2020\/01\/2008-die-3-dorfheiligen-theatergruppe-koppl-02-249x160.jpg 249w, https:\/\/www.salzburgerland.com\/de\/magazin\/wp-content\/uploads\/2020\/01\/2008-die-3-dorfheiligen-theatergruppe-koppl-02-325x209.jpg 325w\"><\/source><img decoding=\"async\" alt=\"Ein l&auml;chelnder Mann in einer roten Weste sitzt neben einer &auml;lteren Frau in einem gebl&uuml;mten Kleid bei der Theatergruppe Koppl.\" src=\"https:\/\/www.salzburgerland.com\/de\/magazin\/wp-content\/uploads\/2020\/01\/2008-die-3-dorfheiligen-theatergruppe-koppl-02.jpg\">\t<\/picture><\/a><\/figure><\/div><div class=\"col-6 col-sm-4\"><figure><a class=\"thumb-container\" href=\"https:\/\/www.salzburgerland.com\/de\/magazin\/wp-content\/uploads\/2020\/01\/2008-die-3-dorfheiligen-theatergruppe-koppl-03-1-1280x1024.jpg\">\t<picture><source media=\"(min-width: 576px)\" srcset=\"https:\/\/www.salzburgerland.com\/de\/magazin\/wp-content\/uploads\/2020\/01\/2008-die-3-dorfheiligen-theatergruppe-koppl-03-1-325x209.jpg 325w, https:\/\/www.salzburgerland.com\/de\/magazin\/wp-content\/uploads\/2020\/01\/2008-die-3-dorfheiligen-theatergruppe-koppl-03-1-249x160.jpg 249w\"><\/source><source media=\"(min-width: 0)\" srcset=\"https:\/\/www.salzburgerland.com\/de\/magazin\/wp-content\/uploads\/2020\/01\/2008-die-3-dorfheiligen-theatergruppe-koppl-03-1-249x160.jpg 249w, https:\/\/www.salzburgerland.com\/de\/magazin\/wp-content\/uploads\/2020\/01\/2008-die-3-dorfheiligen-theatergruppe-koppl-03-1-325x209.jpg 325w\"><\/source><img decoding=\"async\" alt=\"Drei M&auml;nner der Theatergruppe Koppl stehen auf der B&uuml;hne, einer gestikulierend, einer l&auml;chelnd und einer mit einer wei&szlig;en Kochm&uuml;tze.\" src=\"https:\/\/www.salzburgerland.com\/de\/magazin\/wp-content\/uploads\/2020\/01\/2008-die-3-dorfheiligen-theatergruppe-koppl-03-1.jpg\">\t<\/picture><\/a><\/figure><\/div><div class=\"col-6 col-sm-4\"><figure><a class=\"thumb-container\" href=\"https:\/\/www.salzburgerland.com\/de\/magazin\/wp-content\/uploads\/2020\/01\/2016-der-bauer-als-millionaer-theatergruppe-koppl-01-1280x1024.jpg\">\t<picture><source media=\"(min-width: 576px)\" srcset=\"https:\/\/www.salzburgerland.com\/de\/magazin\/wp-content\/uploads\/2020\/01\/2016-der-bauer-als-millionaer-theatergruppe-koppl-01-325x209.jpg 325w, https:\/\/www.salzburgerland.com\/de\/magazin\/wp-content\/uploads\/2020\/01\/2016-der-bauer-als-millionaer-theatergruppe-koppl-01-249x160.jpg 249w\"><\/source><source media=\"(min-width: 0)\" srcset=\"https:\/\/www.salzburgerland.com\/de\/magazin\/wp-content\/uploads\/2020\/01\/2016-der-bauer-als-millionaer-theatergruppe-koppl-01-249x160.jpg 249w, https:\/\/www.salzburgerland.com\/de\/magazin\/wp-content\/uploads\/2020\/01\/2016-der-bauer-als-millionaer-theatergruppe-koppl-01-325x209.jpg 325w\"><\/source><img decoding=\"async\" alt=\"Drei Schauspieler der Theatergruppe Koppl stehen in farbenfrohen Kost&uuml;men auf der B&uuml;hne inmitten von dramatischem Nebel und einer gemalten Kulisse.\" src=\"https:\/\/www.salzburgerland.com\/de\/magazin\/wp-content\/uploads\/2020\/01\/2016-der-bauer-als-millionaer-theatergruppe-koppl-01-scaled.jpg\">\t<\/picture><\/a><\/figure><\/div><div class=\"col-6 col-sm-4\"><figure><a class=\"thumb-container\" href=\"https:\/\/www.salzburgerland.com\/de\/magazin\/wp-content\/uploads\/2020\/01\/2016-der-bauer-als-millionaer-theatergruppe-koppl-05-5-1280x1024.jpg\">\t<picture><source media=\"(min-width: 576px)\" srcset=\"https:\/\/www.salzburgerland.com\/de\/magazin\/wp-content\/uploads\/2020\/01\/2016-der-bauer-als-millionaer-theatergruppe-koppl-05-5-325x209.jpg 325w, https:\/\/www.salzburgerland.com\/de\/magazin\/wp-content\/uploads\/2020\/01\/2016-der-bauer-als-millionaer-theatergruppe-koppl-05-5-249x160.jpg 249w\"><\/source><source media=\"(min-width: 0)\" srcset=\"https:\/\/www.salzburgerland.com\/de\/magazin\/wp-content\/uploads\/2020\/01\/2016-der-bauer-als-millionaer-theatergruppe-koppl-05-5-249x160.jpg 249w, https:\/\/www.salzburgerland.com\/de\/magazin\/wp-content\/uploads\/2020\/01\/2016-der-bauer-als-millionaer-theatergruppe-koppl-05-5-325x209.jpg 325w\"><\/source><img decoding=\"async\" alt=\"Mitglieder der Theatergruppe Koppl in verschiedenen Kost&uuml;men posieren gemeinsam auf der B&uuml;hne f&uuml;r ein Gruppenfoto.\" src=\"https:\/\/www.salzburgerland.com\/de\/magazin\/wp-content\/uploads\/2020\/01\/2016-der-bauer-als-millionaer-theatergruppe-koppl-05-5-scaled.jpg\">\t<\/picture><\/a><\/figure><\/div><div class=\"col-6 col-sm-4\"><figure><a class=\"thumb-container\" href=\"https:\/\/www.salzburgerland.com\/de\/magazin\/wp-content\/uploads\/2020\/01\/2016-der-bauer-als-millionaer-theatergruppe-koppl-04-4-1280x1024.jpg\">\t<picture><source media=\"(min-width: 576px)\" srcset=\"https:\/\/www.salzburgerland.com\/de\/magazin\/wp-content\/uploads\/2020\/01\/2016-der-bauer-als-millionaer-theatergruppe-koppl-04-4-325x209.jpg 325w, https:\/\/www.salzburgerland.com\/de\/magazin\/wp-content\/uploads\/2020\/01\/2016-der-bauer-als-millionaer-theatergruppe-koppl-04-4-249x160.jpg 249w\"><\/source><source media=\"(min-width: 0)\" srcset=\"https:\/\/www.salzburgerland.com\/de\/magazin\/wp-content\/uploads\/2020\/01\/2016-der-bauer-als-millionaer-theatergruppe-koppl-04-4-249x160.jpg 249w, https:\/\/www.salzburgerland.com\/de\/magazin\/wp-content\/uploads\/2020\/01\/2016-der-bauer-als-millionaer-theatergruppe-koppl-04-4-325x209.jpg 325w\"><\/source><img decoding=\"async\" alt=\"Ein Mann in einem langen Mantel h&auml;lt einen Gegenstand, w&auml;hrend hinter ihm der feurige Hintergrund der Theatergruppe Koppl projiziert wird.\" src=\"https:\/\/www.salzburgerland.com\/de\/magazin\/wp-content\/uploads\/2020\/01\/2016-der-bauer-als-millionaer-theatergruppe-koppl-04-4-scaled.jpg\">\t<\/picture><\/a><\/figure><\/div><\/div><figcaption>Theatergruppe Koppl @ Johann Fuchs <\/figcaption><\/div>\n\n\n\n<h2 class=\"wp-block-heading\" id=\"h-pension-scholler-als-jubilaumsstuck\">\u201ePension Sch\u00f6ller\u201c als Jubil\u00e4umsst\u00fcck<\/h2>\n\n\n\n<p>Im Jubil\u00e4umsjahr 2026 steht der Schwank <em>\u201ePension Sch\u00f6ller\u201c<\/em> von Carl Laufs und Wilhelm Jakoby (bearbeitet von Hugo Wiener) unter der Leitung von Helmut Deisl und Josef Krimplst\u00e4tter auf dem Programm. Hier ein kleiner Vorgeschmack auf den Inhalt:<\/p>\n\n\n\n<figure class=\"wp-block-image size-full\"><img loading=\"lazy\" decoding=\"async\" width=\"2000\" height=\"1333\" src=\"https:\/\/www.salzburgerland.com\/de\/magazin\/wp-content\/uploads\/2022\/02\/theatergruppe-koppl-2026-4.jpg\" alt=\"Pension Sch\u00f6ller, Theaterst\u00fcck Koppl\" class=\"wp-image-186447\" srcset=\"https:\/\/www.salzburgerland.com\/de\/magazin\/wp-content\/uploads\/2022\/02\/theatergruppe-koppl-2026-4.jpg 2000w, https:\/\/www.salzburgerland.com\/de\/magazin\/wp-content\/uploads\/2022\/02\/theatergruppe-koppl-2026-4-300x200.jpg 300w, https:\/\/www.salzburgerland.com\/de\/magazin\/wp-content\/uploads\/2022\/02\/theatergruppe-koppl-2026-4-1536x1024.jpg 1536w, https:\/\/www.salzburgerland.com\/de\/magazin\/wp-content\/uploads\/2022\/02\/theatergruppe-koppl-2026-4-825x550.jpg 825w, https:\/\/www.salzburgerland.com\/de\/magazin\/wp-content\/uploads\/2022\/02\/theatergruppe-koppl-2026-4-600x400.jpg 600w, https:\/\/www.salzburgerland.com\/de\/magazin\/wp-content\/uploads\/2022\/02\/theatergruppe-koppl-2026-4-1320x880.jpg 1320w, https:\/\/www.salzburgerland.com\/de\/magazin\/wp-content\/uploads\/2022\/02\/theatergruppe-koppl-2026-4-150x100.jpg 150w\" sizes=\"auto, (max-width: 2000px) 100vw, 2000px\" \/><\/figure>\n\n\n<div class=\"mag-gallery\"><div class=\"row\"><div class=\"col-6 col-sm-4\"><figure><a class=\"thumb-container\" href=\"https:\/\/www.salzburgerland.com\/de\/magazin\/wp-content\/uploads\/2022\/02\/theatergruppe-koppl-2026-1-1280x1024.jpg\">\t<picture><source media=\"(min-width: 576px)\" srcset=\"https:\/\/www.salzburgerland.com\/de\/magazin\/wp-content\/uploads\/2022\/02\/theatergruppe-koppl-2026-1-325x209.jpg 325w, https:\/\/www.salzburgerland.com\/de\/magazin\/wp-content\/uploads\/2022\/02\/theatergruppe-koppl-2026-1-249x160.jpg 249w\"><\/source><source media=\"(min-width: 0)\" srcset=\"https:\/\/www.salzburgerland.com\/de\/magazin\/wp-content\/uploads\/2022\/02\/theatergruppe-koppl-2026-1-249x160.jpg 249w, https:\/\/www.salzburgerland.com\/de\/magazin\/wp-content\/uploads\/2022\/02\/theatergruppe-koppl-2026-1-325x209.jpg 325w\"><\/source><img decoding=\"async\" alt=\"Ein &auml;lterer Mann und eine Frau sitzen im Gespr&auml;ch; die Frau liest aus einem kleinen Notizbuch in der Theatergruppe Koppl.\" src=\"https:\/\/www.salzburgerland.com\/de\/magazin\/wp-content\/uploads\/2022\/02\/theatergruppe-koppl-2026-1.jpg\">\t<\/picture><\/a><\/figure><\/div><div class=\"col-6 col-sm-4\"><figure><a class=\"thumb-container\" href=\"https:\/\/www.salzburgerland.com\/de\/magazin\/wp-content\/uploads\/2022\/02\/theatergruppe-koppl-2026-2-1280x1024.jpg\">\t<picture><source media=\"(min-width: 576px)\" srcset=\"https:\/\/www.salzburgerland.com\/de\/magazin\/wp-content\/uploads\/2022\/02\/theatergruppe-koppl-2026-2-325x209.jpg 325w, https:\/\/www.salzburgerland.com\/de\/magazin\/wp-content\/uploads\/2022\/02\/theatergruppe-koppl-2026-2-249x160.jpg 249w\"><\/source><source media=\"(min-width: 0)\" srcset=\"https:\/\/www.salzburgerland.com\/de\/magazin\/wp-content\/uploads\/2022\/02\/theatergruppe-koppl-2026-2-249x160.jpg 249w, https:\/\/www.salzburgerland.com\/de\/magazin\/wp-content\/uploads\/2022\/02\/theatergruppe-koppl-2026-2-325x209.jpg 325w\"><\/source><img decoding=\"async\" alt=\"Drei Mitglieder der Theatergruppe Koppl in historischen Kost&uuml;men treten in einem Innenraum auf, w&auml;hrend eine Frau zwei M&auml;nnern aus ihrem Notizbuch vorliest.\" src=\"https:\/\/www.salzburgerland.com\/de\/magazin\/wp-content\/uploads\/2022\/02\/theatergruppe-koppl-2026-2.jpg\">\t<\/picture><\/a><\/figure><\/div><div class=\"col-6 col-sm-4\"><figure><a class=\"thumb-container\" href=\"https:\/\/www.salzburgerland.com\/de\/magazin\/wp-content\/uploads\/2022\/02\/theatergruppe-koppl-2026-3-1280x1024.jpg\">\t<picture><source media=\"(min-width: 576px)\" srcset=\"https:\/\/www.salzburgerland.com\/de\/magazin\/wp-content\/uploads\/2022\/02\/theatergruppe-koppl-2026-3-325x209.jpg 325w, https:\/\/www.salzburgerland.com\/de\/magazin\/wp-content\/uploads\/2022\/02\/theatergruppe-koppl-2026-3-249x160.jpg 249w\"><\/source><source media=\"(min-width: 0)\" srcset=\"https:\/\/www.salzburgerland.com\/de\/magazin\/wp-content\/uploads\/2022\/02\/theatergruppe-koppl-2026-3-249x160.jpg 249w, https:\/\/www.salzburgerland.com\/de\/magazin\/wp-content\/uploads\/2022\/02\/theatergruppe-koppl-2026-3-325x209.jpg 325w\"><\/source><img decoding=\"async\" alt=\"Zwei M&auml;nner in Anz&uuml;gen spielen auf der B&uuml;hne der Theatergruppe Koppl, im Hintergrund sind Blumen und ein Klavier zu sehen.\" src=\"https:\/\/www.salzburgerland.com\/de\/magazin\/wp-content\/uploads\/2022\/02\/theatergruppe-koppl-2026-3.jpg\">\t<\/picture><\/a><\/figure><\/div><\/div><figcaption><\/figcaption><\/div>\n\n\n\n<h2 class=\"wp-block-heading\" id=\"h-inhalt-pension-scholler\">Inhalt: Pension Sch\u00f6ller<\/h2>\n\n\n\n<p>Privatier Philipp will eine Nervenheilanstalt sehen, um ein Abenteuer zu erleben. Sein Neffe Alfred, der Geld braucht, gibt ihm kurzerhand die Pension Sch\u00f6ller als solche aus, da die vielen skurrilen G\u00e4ste leicht als \u201eVerr\u00fcckte\u201c durchgehen. Die Situation eskaliert, als die vermeintlich \u201eVerr\u00fcckten\u201c Gutshofbesitzer Philipp zuhause besuchen. Ein chaotisches Verwechslungs- und Verwirrspiel.<\/p>\n\n\n\n<h2 class=\"wp-block-heading\" id=\"h-spieltermine-der-theatergruppe-koppl-2026\">Spieltermine der Theatergruppe Koppl 2026<\/h2>\n\n\n\n<p>Die j\u00e4hrlichen Darbietungen der Theatergruppe Koppl finden gro\u00dfen Anklang beim Publikum &#8211; eine Reservierung unter <a href=\"https:\/\/www.theatergruppe.com\/wie-w%C3%A4r-s-denn-mrs-markham\/\">www.theatergruppe.com<\/a> ist ratsam. <\/p>\n\n\n\n<figure class=\"wp-block-table\"><table><tbody><tr><td>Mittwoch<\/td><td>18.03.2026<\/td><td>19.30 Uhr<\/td><\/tr><tr><td>Freitag<\/td><td>20.03.2026<\/td><td>19.30 Uhr<\/td><\/tr><tr><td>Samstag<\/td><td>21.03.2026<\/td><td>19.30 Uhr<\/td><\/tr><tr><td>Sonntag<\/td><td>22.03.2026<\/td><td>15.00 Uhr<\/td><\/tr><tr><td>Dienstag<\/td><td>24.03.2026<\/td><td>19.30 Uhr<\/td><\/tr><tr><td>Mittwoch<\/td><td>25.03.2026<\/td><td>19.30 Uhr<\/td><\/tr><tr><td>Freitag<\/td><td>27.03.2026<\/td><td>19.30 Uhr<\/td><\/tr><tr><td>Samstag<\/td><td>28.03.2026<\/td><td>19.30 Uhr<\/td><\/tr><tr><td>Sonntag<\/td><td>29.03.2026<\/td><td>15.00 Uhr<\/td><\/tr><\/tbody><\/table><\/figure>\n\n\n\n<p>Das Engagement und die Begeisterungsf\u00e4higkeit der Schauspieler und Mitglieder brachten die Theatergruppe Koppl dahin, wo sie heute ist. Zu einem wichtigen Kulturtr\u00e4ger der Gemeinde Koppl. Und die Gemeinde Koppl ist nur ein Beispiel f\u00fcr die vielen, bunten Theatervereine im ganzen SalzburgerLand. F\u00fcr alle begeisterten Theaterfreunde und G\u00e4ste, die w\u00e4hrend ihrem Urlaub ein typisches Amateurtheater besuchen m\u00f6chten, gibt es <a href=\"http:\/\/www.sav-theater.at\/gruppen.htm\">hier<\/a> die laufenden Auff\u00fchrungen der Theatergruppen im ganzen SalzburgerLand.<\/p>\n\n\n\n<h2 class=\"wp-block-heading\" id=\"h-100-jahre-leidenschaft-fur-die-theaterbuhne\">100 Jahre Leidenschaft f\u00fcr die Theaterb\u00fchne<\/h2>\n\n\n\n<p>Zum 100-j\u00e4hrigen Jubil\u00e4um wird diese Tradition nun besonders gefeiert \u2013 als R\u00fcckblick auf ein Jahrhundert voller Theatermomente und als Ausblick auf viele weitere Jahre, in denen Koppl weiterhin beweist: Hier spielt nicht nur eine B\u00fchne, sondern ein ganzes Dorf auf.<\/p>\n\n\n\n<hr class=\"wp-block-separator has-css-opacity\"\/>\n\n\n\n<ul class=\"wp-block-list\">\n<li>Theatergruppe Koppl: <a href=\"https:\/\/www.theatergruppe.com\/\">www.theatergruppe.com<\/a><\/li>\n\n\n\n<li>Salzburger Amateurtheater Verband: <a href=\"http:\/\/www.sav-theater.at\/\">www.sav-theater.at<\/a><\/li>\n<\/ul>\n\n\n\n<p>Fotocredits: @ Johann Fuchs, Theatergruppe Koppl<\/p>\n\n\n\n<h2 class=\"wp-block-heading\" id=\"h-viel-vergnugen-beim-theatergenuss-im-salzburgerland\">Viel Vergn\u00fcgen beim Theatergenuss im SalzburgerLand<\/h2>\n\n\n","protected":false},"excerpt":{"rendered":"<p>Amateurtheater im SalzburgerLand Was tun, wenn es nicht f\u00fcr die Hollywood-Karriere reicht, man aber das Talent zum Schauspiel in die Wiege gelegt bekommen hat? Man schlie\u00dfe sich einem Theaterverein an und gebe als eingefleischter Laienschauspieler Jahr f\u00fcr Jahr sein Bestes. Die Tradition des Amateurtheaters wird im ganzen SalzburgerLand hochgehalten, so auch bei der Theatergruppe Koppl. [&hellip;]<\/p>\n","protected":false},"author":565,"featured_media":186448,"comment_status":"open","ping_status":"closed","sticky":false,"template":"","format":"standard","meta":{"_acf_changed":false,"wl_entities_gutenberg":"","_wl_entity_redirect_enabled":"","footnotes":""},"categories":[6],"tags":[2650,2648,2649,2647,2651],"wl_entity_type":[306],"monatsauswahl":[84,85],"class_list":["post-140837","post","type-post","status-publish","format-standard","has-post-thumbnail","hentry","category-kunst-kultur","tag-amateurtheater","tag-bauerntheater","tag-laientheater","tag-theater","tag-theater-koppl","wl_entity_type-article","monatsauswahl-monat_3","monatsauswahl-monat_4"],"acf":[],"yoast_head":"<!-- This site is optimized with the Yoast SEO Premium plugin v27.4 (Yoast SEO v27.4) - https:\/\/yoast.com\/product\/yoast-seo-premium-wordpress\/ -->\n<title>100 Jahre Theatergruppe Koppl: Ein Dorf spielt auf! - SalzburgerLand Magazin<\/title>\n<meta name=\"description\" content=\"100 Jahre Theatertradition in Koppl: Jedes Jahr begeistert die Theatergruppe Koppl mit echtem Laientheater das Publikum.\" \/>\n<meta name=\"robots\" content=\"index, follow, max-snippet:-1, max-image-preview:large, max-video-preview:-1\" \/>\n<link rel=\"canonical\" href=\"https:\/\/www.salzburgerland.com\/de\/magazin\/100-jahre-theatergruppe-koppl-ein-dorf-spielt-auf\/\" \/>\n<meta property=\"og:locale\" content=\"de_DE\" \/>\n<meta property=\"og:type\" content=\"article\" \/>\n<meta property=\"og:title\" content=\"100 Jahre Theatergruppe Koppl: Ein Dorf spielt auf!\" \/>\n<meta property=\"og:description\" content=\"100 Jahre Theatertradition in Koppl: Jedes Jahr begeistert die Theatergruppe Koppl mit echtem Laientheater das Publikum.\" \/>\n<meta property=\"og:url\" content=\"https:\/\/www.salzburgerland.com\/de\/magazin\/100-jahre-theatergruppe-koppl-ein-dorf-spielt-auf\/\" \/>\n<meta property=\"og:site_name\" content=\"SalzburgerLand Magazin\" \/>\n<meta property=\"article:publisher\" content=\"https:\/\/www.facebook.com\/salzburgerland\/\" \/>\n<meta property=\"article:author\" content=\"https:\/\/www.facebook.com\/urlaubsgeschichten\/\" \/>\n<meta property=\"article:published_time\" content=\"2026-03-12T12:09:57+00:00\" \/>\n<meta property=\"article:modified_time\" content=\"2026-03-17T10:32:50+00:00\" \/>\n<meta property=\"og:image\" content=\"https:\/\/www.salzburgerland.com\/de\/magazin\/wp-content\/uploads\/2022\/02\/theatergruppe-koppl-2026-1.jpg\" \/>\n\t<meta property=\"og:image:width\" content=\"2000\" \/>\n\t<meta property=\"og:image:height\" content=\"1510\" \/>\n\t<meta property=\"og:image:type\" content=\"image\/jpeg\" \/>\n<meta name=\"author\" content=\"Melanie Deisl\" \/>\n<meta name=\"twitter:card\" content=\"summary_large_image\" \/>\n<meta name=\"twitter:creator\" content=\"@Salzburgerland\" \/>\n<meta name=\"twitter:site\" content=\"@Salzburgerland\" \/>\n<meta name=\"twitter:label1\" content=\"Verfasst von\" \/>\n\t<meta name=\"twitter:data1\" content=\"Melanie Deisl\" \/>\n\t<meta name=\"twitter:label2\" content=\"Gesch\u00e4tzte Lesezeit\" \/>\n\t<meta name=\"twitter:data2\" content=\"8\u00a0Minuten\" \/>\n<script type=\"application\/ld+json\" class=\"yoast-schema-graph\">{\"@context\":\"https:\\\/\\\/schema.org\",\"@graph\":[{\"@type\":\"Article\",\"@id\":\"https:\\\/\\\/www.salzburgerland.com\\\/de\\\/magazin\\\/100-jahre-theatergruppe-koppl-ein-dorf-spielt-auf\\\/#article\",\"isPartOf\":{\"@id\":\"https:\\\/\\\/www.salzburgerland.com\\\/de\\\/magazin\\\/100-jahre-theatergruppe-koppl-ein-dorf-spielt-auf\\\/\"},\"author\":{\"name\":\"Melanie Deisl\",\"@id\":\"https:\\\/\\\/www.salzburgerland.com\\\/de\\\/magazin\\\/#\\\/schema\\\/person\\\/3d66364225257aad8b700259f8d80a69\"},\"headline\":\"100 Jahre Theatergruppe Koppl: Ein Dorf spielt auf!\",\"datePublished\":\"2026-03-12T12:09:57+00:00\",\"dateModified\":\"2026-03-17T10:32:50+00:00\",\"mainEntityOfPage\":{\"@id\":\"https:\\\/\\\/www.salzburgerland.com\\\/de\\\/magazin\\\/100-jahre-theatergruppe-koppl-ein-dorf-spielt-auf\\\/\"},\"wordCount\":946,\"commentCount\":0,\"publisher\":{\"@id\":\"https:\\\/\\\/www.salzburgerland.com\\\/de\\\/magazin\\\/#organization\"},\"image\":{\"@id\":\"https:\\\/\\\/www.salzburgerland.com\\\/de\\\/magazin\\\/100-jahre-theatergruppe-koppl-ein-dorf-spielt-auf\\\/#primaryimage\"},\"thumbnailUrl\":\"https:\\\/\\\/www.salzburgerland.com\\\/de\\\/magazin\\\/wp-content\\\/uploads\\\/2022\\\/02\\\/theatergruppe-koppl-2026-1.jpg\",\"keywords\":[\"Amateurtheater\",\"Bauerntheater\",\"Laientheater\",\"Theater\",\"Theater Koppl\"],\"articleSection\":[\"Kunst &amp; Kultur\"],\"inLanguage\":\"de\",\"potentialAction\":[{\"@type\":\"CommentAction\",\"name\":\"Comment\",\"target\":[\"https:\\\/\\\/www.salzburgerland.com\\\/de\\\/magazin\\\/100-jahre-theatergruppe-koppl-ein-dorf-spielt-auf\\\/#respond\"]}]},{\"@type\":\"WebPage\",\"@id\":\"https:\\\/\\\/www.salzburgerland.com\\\/de\\\/magazin\\\/100-jahre-theatergruppe-koppl-ein-dorf-spielt-auf\\\/\",\"url\":\"https:\\\/\\\/www.salzburgerland.com\\\/de\\\/magazin\\\/100-jahre-theatergruppe-koppl-ein-dorf-spielt-auf\\\/\",\"name\":\"100 Jahre Theatergruppe Koppl: Ein Dorf spielt auf! - SalzburgerLand Magazin\",\"isPartOf\":{\"@id\":\"https:\\\/\\\/www.salzburgerland.com\\\/de\\\/magazin\\\/#website\"},\"primaryImageOfPage\":{\"@id\":\"https:\\\/\\\/www.salzburgerland.com\\\/de\\\/magazin\\\/100-jahre-theatergruppe-koppl-ein-dorf-spielt-auf\\\/#primaryimage\"},\"image\":{\"@id\":\"https:\\\/\\\/www.salzburgerland.com\\\/de\\\/magazin\\\/100-jahre-theatergruppe-koppl-ein-dorf-spielt-auf\\\/#primaryimage\"},\"thumbnailUrl\":\"https:\\\/\\\/www.salzburgerland.com\\\/de\\\/magazin\\\/wp-content\\\/uploads\\\/2022\\\/02\\\/theatergruppe-koppl-2026-1.jpg\",\"datePublished\":\"2026-03-12T12:09:57+00:00\",\"dateModified\":\"2026-03-17T10:32:50+00:00\",\"description\":\"100 Jahre Theatertradition in Koppl: Jedes Jahr begeistert die Theatergruppe Koppl mit echtem Laientheater das Publikum.\",\"breadcrumb\":{\"@id\":\"https:\\\/\\\/www.salzburgerland.com\\\/de\\\/magazin\\\/100-jahre-theatergruppe-koppl-ein-dorf-spielt-auf\\\/#breadcrumb\"},\"inLanguage\":\"de\",\"potentialAction\":[{\"@type\":\"ReadAction\",\"target\":[\"https:\\\/\\\/www.salzburgerland.com\\\/de\\\/magazin\\\/100-jahre-theatergruppe-koppl-ein-dorf-spielt-auf\\\/\"]}]},{\"@type\":\"ImageObject\",\"inLanguage\":\"de\",\"@id\":\"https:\\\/\\\/www.salzburgerland.com\\\/de\\\/magazin\\\/100-jahre-theatergruppe-koppl-ein-dorf-spielt-auf\\\/#primaryimage\",\"url\":\"https:\\\/\\\/www.salzburgerland.com\\\/de\\\/magazin\\\/wp-content\\\/uploads\\\/2022\\\/02\\\/theatergruppe-koppl-2026-1.jpg\",\"contentUrl\":\"https:\\\/\\\/www.salzburgerland.com\\\/de\\\/magazin\\\/wp-content\\\/uploads\\\/2022\\\/02\\\/theatergruppe-koppl-2026-1.jpg\",\"width\":2000,\"height\":1510,\"caption\":\"Ein \u00e4lterer Mann und eine Frau sitzen im Gespr\u00e4ch; die Frau liest aus einem kleinen Notizbuch in der Theatergruppe Koppl.\"},{\"@type\":\"BreadcrumbList\",\"@id\":\"https:\\\/\\\/www.salzburgerland.com\\\/de\\\/magazin\\\/100-jahre-theatergruppe-koppl-ein-dorf-spielt-auf\\\/#breadcrumb\",\"itemListElement\":[{\"@type\":\"ListItem\",\"position\":1,\"name\":\"Startseite\",\"item\":\"https:\\\/\\\/www.salzburgerland.com\\\/de\\\/magazin\\\/\"},{\"@type\":\"ListItem\",\"position\":2,\"name\":\"Kunst &amp; Kultur\",\"item\":\"https:\\\/\\\/www.salzburgerland.com\\\/de\\\/magazin\\\/thema\\\/kunst-kultur\\\/\"},{\"@type\":\"ListItem\",\"position\":3,\"name\":\"100 Jahre Theatergruppe Koppl: Ein Dorf spielt auf!\"}]},{\"@type\":\"WebSite\",\"@id\":\"https:\\\/\\\/www.salzburgerland.com\\\/de\\\/magazin\\\/#website\",\"url\":\"https:\\\/\\\/www.salzburgerland.com\\\/de\\\/magazin\\\/\",\"name\":\"SalzburgerLand Magazin\",\"description\":\"Geschichten und Interessantes aus dem SalzburgerLand\",\"publisher\":{\"@id\":\"https:\\\/\\\/www.salzburgerland.com\\\/de\\\/magazin\\\/#organization\"},\"potentialAction\":[{\"@type\":\"SearchAction\",\"target\":{\"@type\":\"EntryPoint\",\"urlTemplate\":\"https:\\\/\\\/www.salzburgerland.com\\\/de\\\/magazin\\\/?s={search_term_string}\"},\"query-input\":{\"@type\":\"PropertyValueSpecification\",\"valueRequired\":true,\"valueName\":\"search_term_string\"}}],\"inLanguage\":\"de\"},{\"@type\":\"Organization\",\"@id\":\"https:\\\/\\\/www.salzburgerland.com\\\/de\\\/magazin\\\/#organization\",\"name\":\"SalzburgerLand Tourismus\",\"url\":\"https:\\\/\\\/www.salzburgerland.com\\\/de\\\/magazin\\\/\",\"logo\":{\"@type\":\"ImageObject\",\"inLanguage\":\"de\",\"@id\":\"https:\\\/\\\/www.salzburgerland.com\\\/de\\\/magazin\\\/#\\\/schema\\\/logo\\\/image\\\/\",\"url\":\"https:\\\/\\\/www.salzburgerland.com\\\/de\\\/magazin\\\/wp-content\\\/uploads\\\/2019\\\/06\\\/salzburgerland-logo1.jpg\",\"contentUrl\":\"https:\\\/\\\/www.salzburgerland.com\\\/de\\\/magazin\\\/wp-content\\\/uploads\\\/2019\\\/06\\\/salzburgerland-logo1.jpg\",\"width\":2011,\"height\":866,\"caption\":\"SalzburgerLand Tourismus\"},\"image\":{\"@id\":\"https:\\\/\\\/www.salzburgerland.com\\\/de\\\/magazin\\\/#\\\/schema\\\/logo\\\/image\\\/\"},\"sameAs\":[\"https:\\\/\\\/www.facebook.com\\\/salzburgerland\\\/\",\"https:\\\/\\\/x.com\\\/Salzburgerland\",\"https:\\\/\\\/www.instagram.com\\\/salzburgerland\\\/\",\"https:\\\/\\\/at.linkedin.com\\\/company\\\/salzburgerland-tourismus-gmbh\",\"https:\\\/\\\/www.pinterest.at\\\/salzburgerland\\\/\",\"https:\\\/\\\/www.youtube.com\\\/user\\\/salzburgerland\",\"https:\\\/\\\/de.wikipedia.org\\\/wiki\\\/SalzburgerLand_Tourismus_GmbH\"]},{\"@type\":\"Person\",\"@id\":\"https:\\\/\\\/www.salzburgerland.com\\\/de\\\/magazin\\\/#\\\/schema\\\/person\\\/3d66364225257aad8b700259f8d80a69\",\"name\":\"Melanie Deisl\",\"description\":\"Ihre Liebe zum Reisen teilt Melanie genauso gerne, wie ihre Liebe zum SalzburgerLand. Die geb\u00fcrtige Faistenauerin ist in Koppl aufgewachsen und in der Fuschlseeregion zuhause. Und die kennt sie auch wie ihre Westentasche. Ihre erste, noch sehr analoge, Tourismuserfahrung konnte sie bereits w\u00e4hrend der Schulzeit beim SalzburgerLand Tourismus (SLTG) und sp\u00e4ter beim TVB Fuschl am See sammeln. Beruflich ist sie seit ihrem Studium der Kommunikationswissenschaften im Bereich SEO, Text &amp; Content Marketing zuhause. Was dazu f\u00fchrte, dass sie sich ans Reisebloggen wagte. Schnell wurde aus reinem Interesse, pure Passion. Dem Ausflug in ferne L\u00e4nder folgte eine Revision der Qualit\u00e4ten der eigenen Heimat als Urlaubsziel. Und diese fiel mehr als positiv aus. Die Liebe zu Ihrer Heimat ist ihr in die Wiege gelegt, und wie sie sagt, wird diese auch immer st\u00e4rker. Na, sie muss es ja wissen. Immerhin bietet sie auf \\\"urlaubsgeschichten.at\\\" Inspiration f\u00fcr Reisen in ferne L\u00e4nder und gibt Insidertipps f\u00fcr \u00d6sterreich-Liebhaber. Ihr ist es ein pers\u00f6nliches Anliegen zu zeigen, dass man auch auf kurzen Reisen einzigartige Erfahrungen sammeln kann. Da z\u00e4hlt das SalzburgerLand nat\u00fcrlich zu ihren TOP-Favoriten. Ihre Reisen verbindet Sie selbst am liebsten mit Wandern, Skifahren und Genuss. Vor allem regionale Produkte aus der Heimat haben es der bodenst\u00e4ndigen Salzburgerin angetan.\u00a0In der Freizeit zieht es Melanie, wie soll es anders sein, hinaus. Mal auf den Berg, mal an den See, mal in die Stadt Salzburg. Aber nie ohne Kamera und Notizbuch. Es k\u00f6nnte ja eine gute Urlaubsgeschichte dabei sein ... Mein pers\u00f6nlicher Logenplatz im SalzburgerLand Eine Runde um den Hintersee. Das geht immer und macht den Kopf frei. Bei einer Runde um den See kann ich mich gut entspannen. Aber ich drehe auch gerne mal eine gem\u00fctliche \\\"Tratschrunde\\\" mit einer Freundin um den sch\u00f6nen See. Salzburger Nockerl oder Schwarzbeernocken? Die Wahl f\u00e4llt mir sehr leicht. Ich liebe \\\"Zeckbeerdatscherln\\\", wie man bei uns zu den Schwarzbeernocken sagt. Nat\u00fcrlich mit selbstgepfl\u00fcckten Schwarzbeeren zubereitet und sch\u00f6n dunkelblau. Mozart oder Hubert von Goisern? Beides. Ich mag Musik in fast jeder Form. Ich spiele selbst Gitarre und singe sehr gerne - das f\u00e4llt mir bei Hubert von Goisern, Austropop und Rockmusik leichter ;-) aber ich hab auch f\u00fcr Mozart und klassische Musik was \u00fcbrig. Ich bin musikalisch \u00fcberhaupt sehr aufgeschlossen und vor allem immer interessiert Neues zu entdecken. Musik, die mir gef\u00e4llt eben. Luxushotel oder Almh\u00fctte? Mal dies mal das. Zu einem Wellness-Wochenende im Luxushotel braucht man mich nicht lange \u00fcberreden, das versteht sich von selbst. Zu einem Urlaub auf der Alm aber auch nicht. Ich wei\u00df jedoch, dass man das hervorragend miteinander verbinden kann. Die Antwort lautet also: beides! Ausstellung oder Bergpanorama? Ich muss gestehen, ich bin eher erlebnisorientiert, deshalb entscheide ich mich immer f\u00fcr das Bergpanorama. Morgen- oder Abendmensch? Ich war schon immer ein Fr\u00fchaufsteher und bin schon vor dem ersten Kaffee hellwach, diskussionsfreudig und sehr produktiv. Ich erlebe aber in meiner Tageskurve das typische Nachmittagstief, daher w\u00e4re ich voll f\u00fcr die Einf\u00fchrung der \\\"Siesta\\\". Daf\u00fcr bin ich in aber in den Abendstunden auch wieder hellwach und voller Energie.\",\"sameAs\":[\"https:\\\/\\\/urlaubsgeschichten.at\",\"https:\\\/\\\/www.facebook.com\\\/urlaubsgeschichten\\\/\",\"https:\\\/\\\/www.instagram.com\\\/urlaubsgeschichten\\\/\",\"https:\\\/\\\/www.linkedin.com\\\/in\\\/urlaubsgeschichten\\\/\",\"https:\\\/\\\/www.pinterest.at\\\/mytravelstories\\\/\"],\"url\":\"https:\\\/\\\/www.salzburgerland.com\\\/de\\\/magazin\\\/author\\\/melanie_deisl\\\/\"}]}<\/script>\n<!-- \/ Yoast SEO Premium plugin. -->","yoast_head_json":{"title":"100 Jahre Theatergruppe Koppl: Ein Dorf spielt auf! - SalzburgerLand Magazin","description":"100 Jahre Theatertradition in Koppl: Jedes Jahr begeistert die Theatergruppe Koppl mit echtem Laientheater das Publikum.","robots":{"index":"index","follow":"follow","max-snippet":"max-snippet:-1","max-image-preview":"max-image-preview:large","max-video-preview":"max-video-preview:-1"},"canonical":"https:\/\/www.salzburgerland.com\/de\/magazin\/100-jahre-theatergruppe-koppl-ein-dorf-spielt-auf\/","og_locale":"de_DE","og_type":"article","og_title":"100 Jahre Theatergruppe Koppl: Ein Dorf spielt auf!","og_description":"100 Jahre Theatertradition in Koppl: Jedes Jahr begeistert die Theatergruppe Koppl mit echtem Laientheater das Publikum.","og_url":"https:\/\/www.salzburgerland.com\/de\/magazin\/100-jahre-theatergruppe-koppl-ein-dorf-spielt-auf\/","og_site_name":"SalzburgerLand Magazin","article_publisher":"https:\/\/www.facebook.com\/salzburgerland\/","article_author":"https:\/\/www.facebook.com\/urlaubsgeschichten\/","article_published_time":"2026-03-12T12:09:57+00:00","article_modified_time":"2026-03-17T10:32:50+00:00","og_image":[{"url":"https:\/\/www.salzburgerland.com\/de\/magazin\/wp-content\/uploads\/2022\/02\/theatergruppe-koppl-2026-1.jpg","width":2000,"height":1510,"type":"image\/jpeg"}],"author":"Melanie Deisl","twitter_card":"summary_large_image","twitter_creator":"@Salzburgerland","twitter_site":"@Salzburgerland","twitter_misc":{"Verfasst von":"Melanie Deisl","Gesch\u00e4tzte Lesezeit":"8\u00a0Minuten"},"schema":{"@context":"https:\/\/schema.org","@graph":[{"@type":"Article","@id":"https:\/\/www.salzburgerland.com\/de\/magazin\/100-jahre-theatergruppe-koppl-ein-dorf-spielt-auf\/#article","isPartOf":{"@id":"https:\/\/www.salzburgerland.com\/de\/magazin\/100-jahre-theatergruppe-koppl-ein-dorf-spielt-auf\/"},"author":{"name":"Melanie Deisl","@id":"https:\/\/www.salzburgerland.com\/de\/magazin\/#\/schema\/person\/3d66364225257aad8b700259f8d80a69"},"headline":"100 Jahre Theatergruppe Koppl: Ein Dorf spielt auf!","datePublished":"2026-03-12T12:09:57+00:00","dateModified":"2026-03-17T10:32:50+00:00","mainEntityOfPage":{"@id":"https:\/\/www.salzburgerland.com\/de\/magazin\/100-jahre-theatergruppe-koppl-ein-dorf-spielt-auf\/"},"wordCount":946,"commentCount":0,"publisher":{"@id":"https:\/\/www.salzburgerland.com\/de\/magazin\/#organization"},"image":{"@id":"https:\/\/www.salzburgerland.com\/de\/magazin\/100-jahre-theatergruppe-koppl-ein-dorf-spielt-auf\/#primaryimage"},"thumbnailUrl":"https:\/\/www.salzburgerland.com\/de\/magazin\/wp-content\/uploads\/2022\/02\/theatergruppe-koppl-2026-1.jpg","keywords":["Amateurtheater","Bauerntheater","Laientheater","Theater","Theater Koppl"],"articleSection":["Kunst &amp; Kultur"],"inLanguage":"de","potentialAction":[{"@type":"CommentAction","name":"Comment","target":["https:\/\/www.salzburgerland.com\/de\/magazin\/100-jahre-theatergruppe-koppl-ein-dorf-spielt-auf\/#respond"]}]},{"@type":"WebPage","@id":"https:\/\/www.salzburgerland.com\/de\/magazin\/100-jahre-theatergruppe-koppl-ein-dorf-spielt-auf\/","url":"https:\/\/www.salzburgerland.com\/de\/magazin\/100-jahre-theatergruppe-koppl-ein-dorf-spielt-auf\/","name":"100 Jahre Theatergruppe Koppl: Ein Dorf spielt auf! - SalzburgerLand Magazin","isPartOf":{"@id":"https:\/\/www.salzburgerland.com\/de\/magazin\/#website"},"primaryImageOfPage":{"@id":"https:\/\/www.salzburgerland.com\/de\/magazin\/100-jahre-theatergruppe-koppl-ein-dorf-spielt-auf\/#primaryimage"},"image":{"@id":"https:\/\/www.salzburgerland.com\/de\/magazin\/100-jahre-theatergruppe-koppl-ein-dorf-spielt-auf\/#primaryimage"},"thumbnailUrl":"https:\/\/www.salzburgerland.com\/de\/magazin\/wp-content\/uploads\/2022\/02\/theatergruppe-koppl-2026-1.jpg","datePublished":"2026-03-12T12:09:57+00:00","dateModified":"2026-03-17T10:32:50+00:00","description":"100 Jahre Theatertradition in Koppl: Jedes Jahr begeistert die Theatergruppe Koppl mit echtem Laientheater das Publikum.","breadcrumb":{"@id":"https:\/\/www.salzburgerland.com\/de\/magazin\/100-jahre-theatergruppe-koppl-ein-dorf-spielt-auf\/#breadcrumb"},"inLanguage":"de","potentialAction":[{"@type":"ReadAction","target":["https:\/\/www.salzburgerland.com\/de\/magazin\/100-jahre-theatergruppe-koppl-ein-dorf-spielt-auf\/"]}]},{"@type":"ImageObject","inLanguage":"de","@id":"https:\/\/www.salzburgerland.com\/de\/magazin\/100-jahre-theatergruppe-koppl-ein-dorf-spielt-auf\/#primaryimage","url":"https:\/\/www.salzburgerland.com\/de\/magazin\/wp-content\/uploads\/2022\/02\/theatergruppe-koppl-2026-1.jpg","contentUrl":"https:\/\/www.salzburgerland.com\/de\/magazin\/wp-content\/uploads\/2022\/02\/theatergruppe-koppl-2026-1.jpg","width":2000,"height":1510,"caption":"Ein \u00e4lterer Mann und eine Frau sitzen im Gespr\u00e4ch; die Frau liest aus einem kleinen Notizbuch in der Theatergruppe Koppl."},{"@type":"BreadcrumbList","@id":"https:\/\/www.salzburgerland.com\/de\/magazin\/100-jahre-theatergruppe-koppl-ein-dorf-spielt-auf\/#breadcrumb","itemListElement":[{"@type":"ListItem","position":1,"name":"Startseite","item":"https:\/\/www.salzburgerland.com\/de\/magazin\/"},{"@type":"ListItem","position":2,"name":"Kunst &amp; Kultur","item":"https:\/\/www.salzburgerland.com\/de\/magazin\/thema\/kunst-kultur\/"},{"@type":"ListItem","position":3,"name":"100 Jahre Theatergruppe Koppl: Ein Dorf spielt auf!"}]},{"@type":"WebSite","@id":"https:\/\/www.salzburgerland.com\/de\/magazin\/#website","url":"https:\/\/www.salzburgerland.com\/de\/magazin\/","name":"SalzburgerLand Magazin","description":"Geschichten und Interessantes aus dem SalzburgerLand","publisher":{"@id":"https:\/\/www.salzburgerland.com\/de\/magazin\/#organization"},"potentialAction":[{"@type":"SearchAction","target":{"@type":"EntryPoint","urlTemplate":"https:\/\/www.salzburgerland.com\/de\/magazin\/?s={search_term_string}"},"query-input":{"@type":"PropertyValueSpecification","valueRequired":true,"valueName":"search_term_string"}}],"inLanguage":"de"},{"@type":"Organization","@id":"https:\/\/www.salzburgerland.com\/de\/magazin\/#organization","name":"SalzburgerLand Tourismus","url":"https:\/\/www.salzburgerland.com\/de\/magazin\/","logo":{"@type":"ImageObject","inLanguage":"de","@id":"https:\/\/www.salzburgerland.com\/de\/magazin\/#\/schema\/logo\/image\/","url":"https:\/\/www.salzburgerland.com\/de\/magazin\/wp-content\/uploads\/2019\/06\/salzburgerland-logo1.jpg","contentUrl":"https:\/\/www.salzburgerland.com\/de\/magazin\/wp-content\/uploads\/2019\/06\/salzburgerland-logo1.jpg","width":2011,"height":866,"caption":"SalzburgerLand Tourismus"},"image":{"@id":"https:\/\/www.salzburgerland.com\/de\/magazin\/#\/schema\/logo\/image\/"},"sameAs":["https:\/\/www.facebook.com\/salzburgerland\/","https:\/\/x.com\/Salzburgerland","https:\/\/www.instagram.com\/salzburgerland\/","https:\/\/at.linkedin.com\/company\/salzburgerland-tourismus-gmbh","https:\/\/www.pinterest.at\/salzburgerland\/","https:\/\/www.youtube.com\/user\/salzburgerland","https:\/\/de.wikipedia.org\/wiki\/SalzburgerLand_Tourismus_GmbH"]},{"@type":"Person","@id":"https:\/\/www.salzburgerland.com\/de\/magazin\/#\/schema\/person\/3d66364225257aad8b700259f8d80a69","name":"Melanie Deisl","description":"Ihre Liebe zum Reisen teilt Melanie genauso gerne, wie ihre Liebe zum SalzburgerLand. Die geb\u00fcrtige Faistenauerin ist in Koppl aufgewachsen und in der Fuschlseeregion zuhause. Und die kennt sie auch wie ihre Westentasche. Ihre erste, noch sehr analoge, Tourismuserfahrung konnte sie bereits w\u00e4hrend der Schulzeit beim SalzburgerLand Tourismus (SLTG) und sp\u00e4ter beim TVB Fuschl am See sammeln. Beruflich ist sie seit ihrem Studium der Kommunikationswissenschaften im Bereich SEO, Text &amp; Content Marketing zuhause. Was dazu f\u00fchrte, dass sie sich ans Reisebloggen wagte. Schnell wurde aus reinem Interesse, pure Passion. Dem Ausflug in ferne L\u00e4nder folgte eine Revision der Qualit\u00e4ten der eigenen Heimat als Urlaubsziel. Und diese fiel mehr als positiv aus. Die Liebe zu Ihrer Heimat ist ihr in die Wiege gelegt, und wie sie sagt, wird diese auch immer st\u00e4rker. Na, sie muss es ja wissen. Immerhin bietet sie auf \"urlaubsgeschichten.at\" Inspiration f\u00fcr Reisen in ferne L\u00e4nder und gibt Insidertipps f\u00fcr \u00d6sterreich-Liebhaber. Ihr ist es ein pers\u00f6nliches Anliegen zu zeigen, dass man auch auf kurzen Reisen einzigartige Erfahrungen sammeln kann. Da z\u00e4hlt das SalzburgerLand nat\u00fcrlich zu ihren TOP-Favoriten. Ihre Reisen verbindet Sie selbst am liebsten mit Wandern, Skifahren und Genuss. Vor allem regionale Produkte aus der Heimat haben es der bodenst\u00e4ndigen Salzburgerin angetan.\u00a0In der Freizeit zieht es Melanie, wie soll es anders sein, hinaus. Mal auf den Berg, mal an den See, mal in die Stadt Salzburg. Aber nie ohne Kamera und Notizbuch. Es k\u00f6nnte ja eine gute Urlaubsgeschichte dabei sein ... Mein pers\u00f6nlicher Logenplatz im SalzburgerLand Eine Runde um den Hintersee. Das geht immer und macht den Kopf frei. Bei einer Runde um den See kann ich mich gut entspannen. Aber ich drehe auch gerne mal eine gem\u00fctliche \"Tratschrunde\" mit einer Freundin um den sch\u00f6nen See. Salzburger Nockerl oder Schwarzbeernocken? Die Wahl f\u00e4llt mir sehr leicht. Ich liebe \"Zeckbeerdatscherln\", wie man bei uns zu den Schwarzbeernocken sagt. Nat\u00fcrlich mit selbstgepfl\u00fcckten Schwarzbeeren zubereitet und sch\u00f6n dunkelblau. Mozart oder Hubert von Goisern? Beides. Ich mag Musik in fast jeder Form. Ich spiele selbst Gitarre und singe sehr gerne - das f\u00e4llt mir bei Hubert von Goisern, Austropop und Rockmusik leichter ;-) aber ich hab auch f\u00fcr Mozart und klassische Musik was \u00fcbrig. Ich bin musikalisch \u00fcberhaupt sehr aufgeschlossen und vor allem immer interessiert Neues zu entdecken. Musik, die mir gef\u00e4llt eben. Luxushotel oder Almh\u00fctte? Mal dies mal das. Zu einem Wellness-Wochenende im Luxushotel braucht man mich nicht lange \u00fcberreden, das versteht sich von selbst. Zu einem Urlaub auf der Alm aber auch nicht. Ich wei\u00df jedoch, dass man das hervorragend miteinander verbinden kann. Die Antwort lautet also: beides! Ausstellung oder Bergpanorama? Ich muss gestehen, ich bin eher erlebnisorientiert, deshalb entscheide ich mich immer f\u00fcr das Bergpanorama. Morgen- oder Abendmensch? Ich war schon immer ein Fr\u00fchaufsteher und bin schon vor dem ersten Kaffee hellwach, diskussionsfreudig und sehr produktiv. Ich erlebe aber in meiner Tageskurve das typische Nachmittagstief, daher w\u00e4re ich voll f\u00fcr die Einf\u00fchrung der \"Siesta\". Daf\u00fcr bin ich in aber in den Abendstunden auch wieder hellwach und voller Energie.","sameAs":["https:\/\/urlaubsgeschichten.at","https:\/\/www.facebook.com\/urlaubsgeschichten\/","https:\/\/www.instagram.com\/urlaubsgeschichten\/","https:\/\/www.linkedin.com\/in\/urlaubsgeschichten\/","https:\/\/www.pinterest.at\/mytravelstories\/"],"url":"https:\/\/www.salzburgerland.com\/de\/magazin\/author\/melanie_deisl\/"}]}},"_wl_alt_label":[],"wl:entity_url":"http:\/\/open.salzburgerland.com\/magazin\/post\/theatergruppe_koppl__ein_dorf_spielt_auf","_links":{"self":[{"href":"https:\/\/www.salzburgerland.com\/de\/magazin\/wp-json\/wp\/v2\/posts\/140837","targetHints":{"allow":["GET"]}}],"collection":[{"href":"https:\/\/www.salzburgerland.com\/de\/magazin\/wp-json\/wp\/v2\/posts"}],"about":[{"href":"https:\/\/www.salzburgerland.com\/de\/magazin\/wp-json\/wp\/v2\/types\/post"}],"author":[{"embeddable":true,"href":"https:\/\/www.salzburgerland.com\/de\/magazin\/wp-json\/wp\/v2\/users\/565"}],"replies":[{"embeddable":true,"href":"https:\/\/www.salzburgerland.com\/de\/magazin\/wp-json\/wp\/v2\/comments?post=140837"}],"version-history":[{"count":5,"href":"https:\/\/www.salzburgerland.com\/de\/magazin\/wp-json\/wp\/v2\/posts\/140837\/revisions"}],"predecessor-version":[{"id":186491,"href":"https:\/\/www.salzburgerland.com\/de\/magazin\/wp-json\/wp\/v2\/posts\/140837\/revisions\/186491"}],"wp:featuredmedia":[{"embeddable":true,"href":"https:\/\/www.salzburgerland.com\/de\/magazin\/wp-json\/wp\/v2\/media\/186448"}],"wp:attachment":[{"href":"https:\/\/www.salzburgerland.com\/de\/magazin\/wp-json\/wp\/v2\/media?parent=140837"}],"wp:term":[{"taxonomy":"category","embeddable":true,"href":"https:\/\/www.salzburgerland.com\/de\/magazin\/wp-json\/wp\/v2\/categories?post=140837"},{"taxonomy":"post_tag","embeddable":true,"href":"https:\/\/www.salzburgerland.com\/de\/magazin\/wp-json\/wp\/v2\/tags?post=140837"},{"taxonomy":"wl_entity_type","embeddable":true,"href":"https:\/\/www.salzburgerland.com\/de\/magazin\/wp-json\/wp\/v2\/wl_entity_type?post=140837"},{"taxonomy":"monatsauswahl","embeddable":true,"href":"https:\/\/www.salzburgerland.com\/de\/magazin\/wp-json\/wp\/v2\/monatsauswahl?post=140837"}],"curies":[{"name":"wp","href":"https:\/\/api.w.org\/{rel}","templated":true}]}}