{"id":139889,"date":"2019-12-02T08:00:00","date_gmt":"2019-12-02T07:00:00","guid":{"rendered":"https:\/\/www.salzburgerland.com\/de\/magazin\/?p=139889"},"modified":"2025-04-08T09:56:12","modified_gmt":"2025-04-08T07:56:12","slug":"meine-day-spa-auszeit-im-schloss-fuschl","status":"publish","type":"post","link":"https:\/\/www.salzburgerland.com\/de\/magazin\/meine-day-spa-auszeit-im-schloss-fuschl\/","title":{"rendered":"Meine Day-Spa Auszeit im Schloss Fuschl"},"content":{"rendered":"\n<div class=\"wp-block-slt-top topBlocks\">\n<h2 class=\"wp-block-slt-subtitle\">Man g\u00f6nnt sich ja sonst nichts<\/h2>\n\n\n\n<p class=\"wp-block-slt-intro\">Es l\u00e4sst sich nicht vermeiden \u2013 manchmal ist der Alltag einfach stressig. Was dagegen am besten hilft? Eine Kurzauszeit, wie etwa eine Day Spa im Schloss Fuschl Resort und Spa.<br><br>WICHTIG: DAS HOTEL HAT BIS AUF WEITERES (ENDE 2023\/ANFANG 2024) WEGEN UMBAU GESCHLOSSEN!<\/p>\n<\/div>\n\n\n\n<p>Und genau das habe ich mir k\u00fcrzlich geg\u00f6nnt. Eines gleich vorweg \u2013 ich habe es unglaublich genossen und werde sicher wieder kommen. Da man sch\u00f6ne Erlebnisse am besten teilt, haben wir uns unter dem Motto \u201eFreundinnentag\u201c zu zweit auf den Weg nach Fuschl gemacht.<\/p>\n\n\n\n<h2 class=\"wp-block-heading\" id=\"h-wir-starten-mit-einem-verwohnenden-fruhstuck\">Wir starten mit einem verw\u00f6hnenden Fr\u00fchst\u00fcck<\/h2>\n\n\n\n<p>Statt eines typisch nebeligen Novembertages erwartet uns ein wunderbares Herbstwetter. &nbsp;Voller Vorfreude auf einen Tag gef\u00fcllt mit Nichts-tun, melden wir uns um 9 Uhr an der Schlossrezeption. Bevor es mit dem \u201eWellnessen\u201c &nbsp;losgeht, starten wir zun\u00e4chst mit einem entspannten Fr\u00fchst\u00fcck im Schlossrestaurant. Wir bekommen einen Tisch direkt am Fenster, vor uns weitet sich der magisch glitzernde&nbsp;Fuschlsee. Stille liegt \u00fcber dem See \u2013 nur ein einsames Boot zieht seine Spur durch\u00b4s Wasser. Ich kann meinen Blick kaum abwenden. Doch dann lockt doch das herrliche Fr\u00fchst\u00fccksbuffet, das wahrlich keine W\u00fcnsche offen l\u00e4sst. Dazu ein guter Cappuccino und ein Glas Prosecco \u2013 ja, so kann der Tag beginnen. <\/p>\n\n\n\n<figure class=\"wp-block-image size-large\"><img loading=\"lazy\" decoding=\"async\" width=\"1920\" height=\"1200\" src=\"https:\/\/www.salzburgerland.com\/de\/magazin\/wp-content\/uploads\/2019\/11\/IMG_6485.jpg\" alt=\"Ein Glas Sekt mit Blick auf die Berge und den See im Day Spa Fuschl, gesehen durch ein Fenster.\" class=\"wp-image-139892\" srcset=\"https:\/\/www.salzburgerland.com\/de\/magazin\/wp-content\/uploads\/2019\/11\/IMG_6485.jpg 1920w, https:\/\/www.salzburgerland.com\/de\/magazin\/wp-content\/uploads\/2019\/11\/IMG_6485-300x188.jpg 300w, https:\/\/www.salzburgerland.com\/de\/magazin\/wp-content\/uploads\/2019\/11\/IMG_6485-1536x960.jpg 1536w, https:\/\/www.salzburgerland.com\/de\/magazin\/wp-content\/uploads\/2019\/11\/IMG_6485-880x550.jpg 880w, https:\/\/www.salzburgerland.com\/de\/magazin\/wp-content\/uploads\/2019\/11\/IMG_6485-640x400.jpg 640w, https:\/\/www.salzburgerland.com\/de\/magazin\/wp-content\/uploads\/2019\/11\/IMG_6485-1320x825.jpg 1320w\" sizes=\"auto, (max-width: 1920px) 100vw, 1920px\" \/><figcaption class=\"wp-element-caption\">\u00a9 Ulli Hammerl, Sektfr\u00fchst\u00fcck mit Seeblick<\/figcaption><\/figure>\n\n\n\n<h2 class=\"wp-block-heading\" id=\"h-1-000-m-2-spa-bereich\">1.000 m<sup>2 <\/sup>Spa Bereich <\/h2>\n\n\n\n<p>Fast vergessen wir, dass wir es uns doch eigentlich auch im Spa Bereich gut gehen lassen wollten. Einmal quer durch das Hotel, werden wir im Spa herzlich willkommen gehei\u00dfen. Die Badetaschen mit allen n\u00f6tigen Accessoires stehen fertig gepackt f\u00fcr uns bereit. Jetzt hei\u00dft es nur noch F\u00fc\u00dfe hochlegen und genie\u00dfen. Himmlische Ruhe empf\u00e4ngt uns. Die Hotelg\u00e4ste kommen erfahrungsgem\u00e4\u00df erst etwas sp\u00e4ter. Wir genie\u00dfen also alle Vorz\u00fcge eines Privatspas. Was machen wir zuerst? Eine Runde schwimmen oder doch in einer der Saunen ordentlich ins Schwitzen kommen? Das 30\u00b0 (!) warme Wasser im Pool erscheint uns irgendwie ein wenig k\u00fchl. Also entscheiden wir uns zun\u00e4chst f\u00fcr einmal Abtauchen im Outdoor-Whirpool \u2013 grandiosen Blick auf den See (diesmal in die Bucht auf der anderen Seite) inklusive. Meinen sommerlichen Badeplatz direkt vor den Augen, genie\u00dfen wir das warme Wasser und die k\u00fchle Luft. \u201eHerrlich muss es hier auch sein, wenn Schnee liegt\u201c, denke ich, bevor wir uns wieder ins Innere, in eine der drei Saunen zur\u00fcckziehen. Zur Abk\u00fchlung erscheint dann &nbsp;auch die Wassertemperatur im Pool genau richtig. Puh \u2013 ist ja fast ein Stress so ein Wellnesstag. <\/p>\n\n\n\n<figure class=\"wp-block-image size-large\"><img loading=\"lazy\" decoding=\"async\" width=\"2048\" height=\"1536\" src=\"https:\/\/www.salzburgerland.com\/de\/magazin\/wp-content\/uploads\/2019\/11\/IMG_6491.jpg\" alt=\"Eine Person entspannt sich im Pool des Day Spa Fuschl und blickt durch einen Zaun auf B\u00e4ume und einen teilweise bew\u00f6lkten Himmel.\" class=\"wp-image-139893\" srcset=\"https:\/\/www.salzburgerland.com\/de\/magazin\/wp-content\/uploads\/2019\/11\/IMG_6491.jpg 2048w, https:\/\/www.salzburgerland.com\/de\/magazin\/wp-content\/uploads\/2019\/11\/IMG_6491-300x225.jpg 300w, https:\/\/www.salzburgerland.com\/de\/magazin\/wp-content\/uploads\/2019\/11\/IMG_6491-1536x1152.jpg 1536w, https:\/\/www.salzburgerland.com\/de\/magazin\/wp-content\/uploads\/2019\/11\/IMG_6491-733x550.jpg 733w, https:\/\/www.salzburgerland.com\/de\/magazin\/wp-content\/uploads\/2019\/11\/IMG_6491-140x105.jpg 140w, https:\/\/www.salzburgerland.com\/de\/magazin\/wp-content\/uploads\/2019\/11\/IMG_6491-533x400.jpg 533w, https:\/\/www.salzburgerland.com\/de\/magazin\/wp-content\/uploads\/2019\/11\/IMG_6491-960x720.jpg 960w, https:\/\/www.salzburgerland.com\/de\/magazin\/wp-content\/uploads\/2019\/11\/IMG_6491-1320x990.jpg 1320w, https:\/\/www.salzburgerland.com\/de\/magazin\/wp-content\/uploads\/2019\/11\/IMG_6491-1200x900.jpg 1200w\" sizes=\"auto, (max-width: 2048px) 100vw, 2048px\" \/><figcaption class=\"wp-element-caption\">\u00a9 Ulli Hammerl, Entspannung im warmen Wasser des Whirlpools<\/figcaption><\/figure>\n\n\n\n<p>Wir machen es uns auf den Relaxliegen gem\u00fctlich und genie\u00dfen die entspannte Atmosph\u00e4re. Einmal mehr l\u00e4sst mich der Blick auf den See nicht los, \u00fcber den sich langsam herbstliche Nebelschleier ausbreiten. Mystisch ist das einzige Wort, das mir dazu einf\u00e4llt. Und meine Freundin und ich habe endlich einmal Zeit, zu quatschen. Typisch Frau, w\u00fcrde mein Mann sagen. Und da hat er wahrscheinlich auch recht, aber es gibt halt auch immer etwas zu bereden, diskutieren und philosophieren.<\/p>\n\n\n<div class=\"mag-gallery\"><div class=\"row\"><div class=\"col-6 col-sm-4\"><figure><a class=\"thumb-container\" href=\"https:\/\/www.salzburgerland.com\/de\/magazin\/wp-content\/uploads\/2019\/11\/Schloss-Fuschl-July-2019-Fo-1-1280x1024.jpg\">\t<picture><source media=\"(min-width: 576px)\" srcset=\"https:\/\/www.salzburgerland.com\/de\/magazin\/wp-content\/uploads\/2019\/11\/Schloss-Fuschl-July-2019-Fo-1-325x209.jpg 325w, https:\/\/www.salzburgerland.com\/de\/magazin\/wp-content\/uploads\/2019\/11\/Schloss-Fuschl-July-2019-Fo-1-249x160.jpg 249w\"><\/source><source media=\"(min-width: 0)\" srcset=\"https:\/\/www.salzburgerland.com\/de\/magazin\/wp-content\/uploads\/2019\/11\/Schloss-Fuschl-July-2019-Fo-1-249x160.jpg 249w, https:\/\/www.salzburgerland.com\/de\/magazin\/wp-content\/uploads\/2019\/11\/Schloss-Fuschl-July-2019-Fo-1-325x209.jpg 325w\"><\/source><img decoding=\"async\" alt=\"Hallenbad im Day Spa Fuschl mit Liegest&uuml;hlen und nat&uuml;rlichem Licht, mit Blick auf ruhige B&auml;ume.\" src=\"https:\/\/www.salzburgerland.com\/de\/magazin\/wp-content\/uploads\/2019\/11\/Schloss-Fuschl-July-2019-Fo-1.jpg\">\t<\/picture><\/a><\/figure><\/div><div class=\"col-6 col-sm-4\"><figure><a class=\"thumb-container\" href=\"https:\/\/www.salzburgerland.com\/de\/magazin\/wp-content\/uploads\/2019\/11\/luxSZGFLpo-90360-Wellness-a-1280x1024.jpg\">\t<picture><source media=\"(min-width: 576px)\" srcset=\"https:\/\/www.salzburgerland.com\/de\/magazin\/wp-content\/uploads\/2019\/11\/luxSZGFLpo-90360-Wellness-a-325x209.jpg 325w, https:\/\/www.salzburgerland.com\/de\/magazin\/wp-content\/uploads\/2019\/11\/luxSZGFLpo-90360-Wellness-a-249x160.jpg 249w\"><\/source><source media=\"(min-width: 0)\" srcset=\"https:\/\/www.salzburgerland.com\/de\/magazin\/wp-content\/uploads\/2019\/11\/luxSZGFLpo-90360-Wellness-a-249x160.jpg 249w, https:\/\/www.salzburgerland.com\/de\/magazin\/wp-content\/uploads\/2019\/11\/luxSZGFLpo-90360-Wellness-a-325x209.jpg 325w\"><\/source><img decoding=\"async\" alt=\"Luxuri&ouml;ses Day Spa Fuschl mit Liegest&uuml;hlen, gerollten Handt&uuml;chern, wei&szlig;en S&auml;ulen, sanfter Beleuchtung und einer Gr&uuml;npflanze.\" src=\"https:\/\/www.salzburgerland.com\/de\/magazin\/wp-content\/uploads\/2019\/11\/luxSZGFLpo-90360-Wellness-a.jpg\">\t<\/picture><\/a><\/figure><\/div><div class=\"col-6 col-sm-4\"><figure><a class=\"thumb-container\" href=\"https:\/\/www.salzburgerland.com\/de\/magazin\/wp-content\/uploads\/2019\/11\/W%C3%A4rmeliegen-1280x1024.jpg\">\t<picture><source media=\"(min-width: 576px)\" srcset=\"https:\/\/www.salzburgerland.com\/de\/magazin\/wp-content\/uploads\/2019\/11\/W&auml;rmeliegen-325x209.jpg 325w, https:\/\/www.salzburgerland.com\/de\/magazin\/wp-content\/uploads\/2019\/11\/W&auml;rmeliegen-249x160.jpg 249w\"><\/source><source media=\"(min-width: 0)\" srcset=\"https:\/\/www.salzburgerland.com\/de\/magazin\/wp-content\/uploads\/2019\/11\/W&auml;rmeliegen-249x160.jpg 249w, https:\/\/www.salzburgerland.com\/de\/magazin\/wp-content\/uploads\/2019\/11\/W&auml;rmeliegen-325x209.jpg 325w\"><\/source><img decoding=\"async\" alt=\"Eine Frau in einem wei&szlig;en Bademantel entspannt sich im Day Spa Fuschl auf einem mosaikgefliesten Liegestuhl in einer Wellnesslandschaft.\" src=\"https:\/\/www.salzburgerland.com\/de\/magazin\/wp-content\/uploads\/2019\/11\/W%C3%A4rmeliegen.jpg\">\t<\/picture><\/a><\/figure><\/div><\/div><figcaption><\/figcaption><\/div>\n\n\n\n<h2 class=\"wp-block-heading\" id=\"h-entspannende-behandlungen-im-wohlfuhlrefugium\">Entspannende Behandlungen im Wohlf\u00fchlrefugium<\/h2>\n\n\n\n<p>Um 13 Uhr d\u00fcrfen wir uns dann einen Stock tiefer begeben. Dort sind die Massagetherapeuten, Kosmetikspezialisten und Fitnesstrainer am Werk. Bereits im Vorfeld haben wir uns \u00fcber die Behandlungsangebote informiert und uns f\u00fcr eine Geschichtsbehandlung bzw. eine R\u00fcckenmassage entschieden. <\/p>\n\n\n\n<p>Mein Alltag ist mittlerweile in weite Ferne ger\u00fcckt und ich f\u00fchle mich entspannt, wie nach mindestens einer Woche Urlaub. Warum mache ich so etwas eigentlich nicht \u00f6fter, frage ich mich und beschlie\u00dfe im selben Moment, dass sich das ab sofort \u00e4ndern wird.<br>Der Tag vergeht wie im Flug und nachdem wir auch noch Dampfbad, Biosauna und W\u00e4rmeliegen genossen haben, meldet sich langsam ein leises Hungergef\u00fchl. Und auch eine angenehme M\u00fcdigkeit.<br>Wir beschlie\u00dfen, unser Day Spa im Barbereich bei einem Glas Wein und einem edlen Snack aus der Gourmet-K\u00fcche ausklingen zu lassen.<\/p>\n\n\n\n<figure class=\"wp-block-image size-large\"><img loading=\"lazy\" decoding=\"async\" width=\"1920\" height=\"1440\" src=\"https:\/\/www.salzburgerland.com\/de\/magazin\/wp-content\/uploads\/2019\/11\/IMG_6495.jpg\" alt=\"Drei schwarze Waffelh\u00e4ppchen mit bunten Toppings, die im Day Spa Fuschl elegant auf einem eleganten Metallst\u00e4nder serviert werden.\" class=\"wp-image-139894\" srcset=\"https:\/\/www.salzburgerland.com\/de\/magazin\/wp-content\/uploads\/2019\/11\/IMG_6495.jpg 1920w, https:\/\/www.salzburgerland.com\/de\/magazin\/wp-content\/uploads\/2019\/11\/IMG_6495-300x225.jpg 300w, https:\/\/www.salzburgerland.com\/de\/magazin\/wp-content\/uploads\/2019\/11\/IMG_6495-1536x1152.jpg 1536w, https:\/\/www.salzburgerland.com\/de\/magazin\/wp-content\/uploads\/2019\/11\/IMG_6495-733x550.jpg 733w, https:\/\/www.salzburgerland.com\/de\/magazin\/wp-content\/uploads\/2019\/11\/IMG_6495-140x105.jpg 140w, https:\/\/www.salzburgerland.com\/de\/magazin\/wp-content\/uploads\/2019\/11\/IMG_6495-533x400.jpg 533w, https:\/\/www.salzburgerland.com\/de\/magazin\/wp-content\/uploads\/2019\/11\/IMG_6495-960x720.jpg 960w, https:\/\/www.salzburgerland.com\/de\/magazin\/wp-content\/uploads\/2019\/11\/IMG_6495-1320x990.jpg 1320w, https:\/\/www.salzburgerland.com\/de\/magazin\/wp-content\/uploads\/2019\/11\/IMG_6495-1200x900.jpg 1200w\" sizes=\"auto, (max-width: 1920px) 100vw, 1920px\" \/><figcaption class=\"wp-element-caption\">\u00a9 Ulli Hammerl, Gegen den kleinen Hunger &#8211; Cones mit Feinem vom Fisch<\/figcaption><\/figure>\n\n\n\n<p>\u00dcbrigens \u2013 der Spa Bereich im Schloss Fuschl Resort und Spa hat Montag bis Sonntag von 7 Uhr bis 22 Uhr ge\u00f6ffnet. Neben der Buchung eines einzelnen Day Spas besteht auch die M\u00f6glichkeit, eine Jahres- oder Halbjahreskarte zu erwerben. Inkludiert sind dann neben 6 bzw. 3 Mal Day Spa auch 6 bzw. 3 Behandlungen nach Wahl, Preisvorteile auf Pflegeprodukte und Anwendungen sowie einiges mehr. Falls Sie auf der Suche nach einem ganz besonderen Geschenk sind, w\u00e4re das doch die perfekte Wahl. <br><br><a rel=\"noreferrer noopener\" aria-label=\"Hier noch ein paar Tipps und Ideen f\u00fcr weitere Day Spa Auszeiten im SalzburgerLand. (opens in a new tab)\" href=\"https:\/\/www.salzburgerland.com\/de\/top-10-day-spa-tipps\/\" target=\"_blank\">Hier noch ein paar Tipps und Ideen f\u00fcr weitere Day Spa Auszeiten im SalzburgerLand.<\/a><\/p>\n\n\n","protected":false},"excerpt":{"rendered":"<p>Und genau das habe ich mir k\u00fcrzlich geg\u00f6nnt. Eines gleich vorweg \u2013 ich habe es unglaublich genossen und werde sicher wieder kommen. Da man sch\u00f6ne Erlebnisse am besten teilt, haben wir uns unter dem Motto \u201eFreundinnentag\u201c zu zweit auf den Weg nach Fuschl gemacht. Wir starten mit einem verw\u00f6hnenden Fr\u00fchst\u00fcck Statt eines typisch nebeligen Novembertages [&hellip;]<\/p>\n","protected":false},"author":90,"featured_media":139900,"comment_status":"open","ping_status":"closed","sticky":false,"template":"","format":"standard","meta":{"_acf_changed":false,"wl_entities_gutenberg":"","_wl_entity_redirect_enabled":"","footnotes":""},"categories":[7551],"tags":[],"wl_entity_type":[306],"monatsauswahl":[82,83,84,85,86,87,88,89,90,91,92,93],"class_list":["post-139889","post","type-post","status-publish","format-standard","has-post-thumbnail","hentry","category-archiv","wl_entity_type-article","monatsauswahl-monat_1","monatsauswahl-monat_2","monatsauswahl-monat_3","monatsauswahl-monat_4","monatsauswahl-monat_5","monatsauswahl-monat_6","monatsauswahl-monat_7","monatsauswahl-monat_8","monatsauswahl-monat_9","monatsauswahl-monat_10","monatsauswahl-monat_11","monatsauswahl-monat_12"],"acf":[],"yoast_head":"<!-- This site is optimized with the Yoast SEO Premium plugin v27.4 (Yoast SEO v27.4) - https:\/\/yoast.com\/product\/yoast-seo-premium-wordpress\/ -->\n<title>Meine Day-Spa Auszeit im Schloss Fuschl - SalzburgerLand Magazin<\/title>\n<meta name=\"robots\" content=\"index, nofollow, max-snippet:-1, max-image-preview:large, max-video-preview:-1\" \/>\n<link rel=\"canonical\" href=\"https:\/\/www.salzburgerland.com\/de\/magazin\/meine-day-spa-auszeit-im-schloss-fuschl\/\" \/>\n<meta property=\"og:locale\" content=\"de_DE\" \/>\n<meta property=\"og:type\" content=\"article\" \/>\n<meta property=\"og:title\" content=\"Meine Day-Spa Auszeit im Schloss Fuschl\" \/>\n<meta property=\"og:description\" content=\"Und genau das habe ich mir k\u00fcrzlich geg\u00f6nnt. Eines gleich vorweg \u2013 ich habe es unglaublich genossen und werde sicher wieder kommen. Da man sch\u00f6ne Erlebnisse am besten teilt, haben wir uns unter dem Motto \u201eFreundinnentag\u201c zu zweit auf den Weg nach Fuschl gemacht. Wir starten mit einem verw\u00f6hnenden Fr\u00fchst\u00fcck Statt eines typisch nebeligen Novembertages [&hellip;]\" \/>\n<meta property=\"og:url\" content=\"https:\/\/www.salzburgerland.com\/de\/magazin\/meine-day-spa-auszeit-im-schloss-fuschl\/\" \/>\n<meta property=\"og:site_name\" content=\"SalzburgerLand Magazin\" \/>\n<meta property=\"article:publisher\" content=\"https:\/\/www.facebook.com\/salzburgerland\/\" \/>\n<meta property=\"article:published_time\" content=\"2019-12-02T07:00:00+00:00\" \/>\n<meta property=\"article:modified_time\" content=\"2025-04-08T07:56:12+00:00\" \/>\n<meta property=\"og:image\" content=\"https:\/\/www.salzburgerland.com\/de\/magazin\/wp-content\/uploads\/2019\/11\/Liegen.jpg\" \/>\n\t<meta property=\"og:image:width\" content=\"1920\" \/>\n\t<meta property=\"og:image:height\" content=\"1282\" \/>\n\t<meta property=\"og:image:type\" content=\"image\/jpeg\" \/>\n<meta name=\"author\" content=\"Ulli Hammerl\" \/>\n<meta name=\"twitter:card\" content=\"summary_large_image\" \/>\n<meta name=\"twitter:creator\" content=\"@Salzburgerland\" \/>\n<meta name=\"twitter:site\" content=\"@Salzburgerland\" \/>\n<meta name=\"twitter:label1\" content=\"Verfasst von\" \/>\n\t<meta name=\"twitter:data1\" content=\"Ulli Hammerl\" \/>\n\t<meta name=\"twitter:label2\" content=\"Gesch\u00e4tzte Lesezeit\" \/>\n\t<meta name=\"twitter:data2\" content=\"6\u00a0Minuten\" \/>\n<script type=\"application\/ld+json\" class=\"yoast-schema-graph\">{\"@context\":\"https:\\\/\\\/schema.org\",\"@graph\":[{\"@type\":\"Article\",\"@id\":\"https:\\\/\\\/www.salzburgerland.com\\\/de\\\/magazin\\\/meine-day-spa-auszeit-im-schloss-fuschl\\\/#article\",\"isPartOf\":{\"@id\":\"https:\\\/\\\/www.salzburgerland.com\\\/de\\\/magazin\\\/meine-day-spa-auszeit-im-schloss-fuschl\\\/\"},\"author\":{\"name\":\"Ulli Hammerl\",\"@id\":\"https:\\\/\\\/www.salzburgerland.com\\\/de\\\/magazin\\\/#\\\/schema\\\/person\\\/a55a4fee1009b9e458d298480a18a9f7\"},\"headline\":\"Meine Day-Spa Auszeit im Schloss Fuschl\",\"datePublished\":\"2019-12-02T07:00:00+00:00\",\"dateModified\":\"2025-04-08T07:56:12+00:00\",\"mainEntityOfPage\":{\"@id\":\"https:\\\/\\\/www.salzburgerland.com\\\/de\\\/magazin\\\/meine-day-spa-auszeit-im-schloss-fuschl\\\/\"},\"wordCount\":772,\"commentCount\":0,\"publisher\":{\"@id\":\"https:\\\/\\\/www.salzburgerland.com\\\/de\\\/magazin\\\/#organization\"},\"image\":{\"@id\":\"https:\\\/\\\/www.salzburgerland.com\\\/de\\\/magazin\\\/meine-day-spa-auszeit-im-schloss-fuschl\\\/#primaryimage\"},\"thumbnailUrl\":\"https:\\\/\\\/www.salzburgerland.com\\\/de\\\/magazin\\\/wp-content\\\/uploads\\\/2019\\\/11\\\/Liegen.jpg\",\"articleSection\":[\"Archiv\"],\"inLanguage\":\"de\",\"potentialAction\":[{\"@type\":\"CommentAction\",\"name\":\"Comment\",\"target\":[\"https:\\\/\\\/www.salzburgerland.com\\\/de\\\/magazin\\\/meine-day-spa-auszeit-im-schloss-fuschl\\\/#respond\"]}]},{\"@type\":\"WebPage\",\"@id\":\"https:\\\/\\\/www.salzburgerland.com\\\/de\\\/magazin\\\/meine-day-spa-auszeit-im-schloss-fuschl\\\/\",\"url\":\"https:\\\/\\\/www.salzburgerland.com\\\/de\\\/magazin\\\/meine-day-spa-auszeit-im-schloss-fuschl\\\/\",\"name\":\"Meine Day-Spa Auszeit im Schloss Fuschl - SalzburgerLand Magazin\",\"isPartOf\":{\"@id\":\"https:\\\/\\\/www.salzburgerland.com\\\/de\\\/magazin\\\/#website\"},\"primaryImageOfPage\":{\"@id\":\"https:\\\/\\\/www.salzburgerland.com\\\/de\\\/magazin\\\/meine-day-spa-auszeit-im-schloss-fuschl\\\/#primaryimage\"},\"image\":{\"@id\":\"https:\\\/\\\/www.salzburgerland.com\\\/de\\\/magazin\\\/meine-day-spa-auszeit-im-schloss-fuschl\\\/#primaryimage\"},\"thumbnailUrl\":\"https:\\\/\\\/www.salzburgerland.com\\\/de\\\/magazin\\\/wp-content\\\/uploads\\\/2019\\\/11\\\/Liegen.jpg\",\"datePublished\":\"2019-12-02T07:00:00+00:00\",\"dateModified\":\"2025-04-08T07:56:12+00:00\",\"breadcrumb\":{\"@id\":\"https:\\\/\\\/www.salzburgerland.com\\\/de\\\/magazin\\\/meine-day-spa-auszeit-im-schloss-fuschl\\\/#breadcrumb\"},\"inLanguage\":\"de\",\"potentialAction\":[{\"@type\":\"ReadAction\",\"target\":[\"https:\\\/\\\/www.salzburgerland.com\\\/de\\\/magazin\\\/meine-day-spa-auszeit-im-schloss-fuschl\\\/\"]}]},{\"@type\":\"ImageObject\",\"inLanguage\":\"de\",\"@id\":\"https:\\\/\\\/www.salzburgerland.com\\\/de\\\/magazin\\\/meine-day-spa-auszeit-im-schloss-fuschl\\\/#primaryimage\",\"url\":\"https:\\\/\\\/www.salzburgerland.com\\\/de\\\/magazin\\\/wp-content\\\/uploads\\\/2019\\\/11\\\/Liegen.jpg\",\"contentUrl\":\"https:\\\/\\\/www.salzburgerland.com\\\/de\\\/magazin\\\/wp-content\\\/uploads\\\/2019\\\/11\\\/Liegen.jpg\",\"width\":1920,\"height\":1282,\"caption\":\"\u00a9 Schloss Hotel Fuschl\"},{\"@type\":\"BreadcrumbList\",\"@id\":\"https:\\\/\\\/www.salzburgerland.com\\\/de\\\/magazin\\\/meine-day-spa-auszeit-im-schloss-fuschl\\\/#breadcrumb\",\"itemListElement\":[{\"@type\":\"ListItem\",\"position\":1,\"name\":\"Startseite\",\"item\":\"https:\\\/\\\/www.salzburgerland.com\\\/de\\\/magazin\\\/\"},{\"@type\":\"ListItem\",\"position\":2,\"name\":\"Archiv\",\"item\":\"https:\\\/\\\/www.salzburgerland.com\\\/de\\\/magazin\\\/thema\\\/archiv\\\/\"},{\"@type\":\"ListItem\",\"position\":3,\"name\":\"Meine Day-Spa Auszeit im Schloss Fuschl\"}]},{\"@type\":\"WebSite\",\"@id\":\"https:\\\/\\\/www.salzburgerland.com\\\/de\\\/magazin\\\/#website\",\"url\":\"https:\\\/\\\/www.salzburgerland.com\\\/de\\\/magazin\\\/\",\"name\":\"SalzburgerLand Magazin\",\"description\":\"Geschichten und Interessantes aus dem SalzburgerLand\",\"publisher\":{\"@id\":\"https:\\\/\\\/www.salzburgerland.com\\\/de\\\/magazin\\\/#organization\"},\"potentialAction\":[{\"@type\":\"SearchAction\",\"target\":{\"@type\":\"EntryPoint\",\"urlTemplate\":\"https:\\\/\\\/www.salzburgerland.com\\\/de\\\/magazin\\\/?s={search_term_string}\"},\"query-input\":{\"@type\":\"PropertyValueSpecification\",\"valueRequired\":true,\"valueName\":\"search_term_string\"}}],\"inLanguage\":\"de\"},{\"@type\":\"Organization\",\"@id\":\"https:\\\/\\\/www.salzburgerland.com\\\/de\\\/magazin\\\/#organization\",\"name\":\"SalzburgerLand Tourismus\",\"url\":\"https:\\\/\\\/www.salzburgerland.com\\\/de\\\/magazin\\\/\",\"logo\":{\"@type\":\"ImageObject\",\"inLanguage\":\"de\",\"@id\":\"https:\\\/\\\/www.salzburgerland.com\\\/de\\\/magazin\\\/#\\\/schema\\\/logo\\\/image\\\/\",\"url\":\"https:\\\/\\\/www.salzburgerland.com\\\/de\\\/magazin\\\/wp-content\\\/uploads\\\/2019\\\/06\\\/salzburgerland-logo1.jpg\",\"contentUrl\":\"https:\\\/\\\/www.salzburgerland.com\\\/de\\\/magazin\\\/wp-content\\\/uploads\\\/2019\\\/06\\\/salzburgerland-logo1.jpg\",\"width\":2011,\"height\":866,\"caption\":\"SalzburgerLand Tourismus\"},\"image\":{\"@id\":\"https:\\\/\\\/www.salzburgerland.com\\\/de\\\/magazin\\\/#\\\/schema\\\/logo\\\/image\\\/\"},\"sameAs\":[\"https:\\\/\\\/www.facebook.com\\\/salzburgerland\\\/\",\"https:\\\/\\\/x.com\\\/Salzburgerland\",\"https:\\\/\\\/www.instagram.com\\\/salzburgerland\\\/\",\"https:\\\/\\\/at.linkedin.com\\\/company\\\/salzburgerland-tourismus-gmbh\",\"https:\\\/\\\/www.pinterest.at\\\/salzburgerland\\\/\",\"https:\\\/\\\/www.youtube.com\\\/user\\\/salzburgerland\",\"https:\\\/\\\/de.wikipedia.org\\\/wiki\\\/SalzburgerLand_Tourismus_GmbH\"]},{\"@type\":\"Person\",\"@id\":\"https:\\\/\\\/www.salzburgerland.com\\\/de\\\/magazin\\\/#\\\/schema\\\/person\\\/a55a4fee1009b9e458d298480a18a9f7\",\"name\":\"Ulli Hammerl\",\"description\":\"Geboren und aufgewachsen in der Stadt Salzburg war Ulli Hammerl fr\u00fch bewusst, in einer der sch\u00f6nsten St\u00e4dte der Welt zu leben. So ist sie auch w\u00e4hrend ihres Studiums der Kommunikationswissenschaft und \u00d6kologie ihrer Heimatstadt treu geblieben. Gleich nach dem Studium ist sie zu SalzburgerLand Tourismus (SLTG) gegangen und hat hier von 1998 - 2004 u.a. die SalzburgerLand Card betreut. Dabei ist sie viel herumgekommen, wodurch auch die Liebe zum SalzburgerLand enstanden und gewachsen ist. Nach der Geburt ihrer Tochter im September 2004 hat sich Ulli Hammerl 2007 mit einer Agentur selbst\u00e4ndig gemacht. Mein pers\u00f6nlicher Logenplatz: Hoch \u00fcber Salzburg, abseits der stark begangenen Wege mit Blick auf die D\u00e4cher und Kircht\u00fcrme der Stadt \u2013 hier geht mir das Herz auf! Morgen- oder Abendmensch: Ganz klar: Morgenmensch. Wenn um 5.00 Uhr fr\u00fch die V\u00f6gel zwitschern und rund herum noch alles in tiefer Ruhe versinkt, dann ist meine Zeit. Ausgeschlafen, Energie geladen und voller Tatendrang starte ich am liebsten in den fr\u00fchen Morgenstunden in den Tag. Daf\u00fcr kann man nach 21.00 Uhr nicht mehr mit mir rechnen. Buch oder Film: Es gibt nichts Sch\u00f6neres, als es sich am Ende des Tages auf der Couch gem\u00fctlich zu machen und in die Gedankenwelt eines guten Buches einzutauchen \u2013 Lesen ist Abenteuer im Kopf. Wandern, Spazierengehen oder Laufen: alles drei und zwar am besten jeden Tag. Mit ein bisschen Zeiteinteilung geht es sich tats\u00e4chlich fast gehen Tag aus, drau\u00dfen unterwegs zu sein. Fr\u00fchling, Sommer, Herbst oder Winter: Ich kann es im Fr\u00fchling kaum erwarten, die ersten Gr\u00fcnschattierungen in der Natur zu entdecken. Ich liebe hei\u00dfe Sommertage am See und laue Sommerabende am Balkon. Ich mag es, wenn im Herbst die W\u00e4lder in einem Meer aus Farben erstrahlen, Laubrascheln und Kastanien sammeln. Und ich freue mich wie ein Kind, wenn im Dezember die ersten Schneeflocken vom Himmel schweben. Die vier Jahreszeiten sind etwas Wunderbares.\",\"url\":\"https:\\\/\\\/www.salzburgerland.com\\\/de\\\/magazin\\\/author\\\/ulli-hammerl\\\/\"}]}<\/script>\n<!-- \/ Yoast SEO Premium plugin. -->","yoast_head_json":{"title":"Meine Day-Spa Auszeit im Schloss Fuschl - SalzburgerLand Magazin","robots":{"index":"index","follow":"nofollow","max-snippet":"max-snippet:-1","max-image-preview":"max-image-preview:large","max-video-preview":"max-video-preview:-1"},"canonical":"https:\/\/www.salzburgerland.com\/de\/magazin\/meine-day-spa-auszeit-im-schloss-fuschl\/","og_locale":"de_DE","og_type":"article","og_title":"Meine Day-Spa Auszeit im Schloss Fuschl","og_description":"Und genau das habe ich mir k\u00fcrzlich geg\u00f6nnt. Eines gleich vorweg \u2013 ich habe es unglaublich genossen und werde sicher wieder kommen. Da man sch\u00f6ne Erlebnisse am besten teilt, haben wir uns unter dem Motto \u201eFreundinnentag\u201c zu zweit auf den Weg nach Fuschl gemacht. Wir starten mit einem verw\u00f6hnenden Fr\u00fchst\u00fcck Statt eines typisch nebeligen Novembertages [&hellip;]","og_url":"https:\/\/www.salzburgerland.com\/de\/magazin\/meine-day-spa-auszeit-im-schloss-fuschl\/","og_site_name":"SalzburgerLand Magazin","article_publisher":"https:\/\/www.facebook.com\/salzburgerland\/","article_published_time":"2019-12-02T07:00:00+00:00","article_modified_time":"2025-04-08T07:56:12+00:00","og_image":[{"width":1920,"height":1282,"url":"https:\/\/www.salzburgerland.com\/de\/magazin\/wp-content\/uploads\/2019\/11\/Liegen.jpg","type":"image\/jpeg"}],"author":"Ulli Hammerl","twitter_card":"summary_large_image","twitter_creator":"@Salzburgerland","twitter_site":"@Salzburgerland","twitter_misc":{"Verfasst von":"Ulli Hammerl","Gesch\u00e4tzte Lesezeit":"6\u00a0Minuten"},"schema":{"@context":"https:\/\/schema.org","@graph":[{"@type":"Article","@id":"https:\/\/www.salzburgerland.com\/de\/magazin\/meine-day-spa-auszeit-im-schloss-fuschl\/#article","isPartOf":{"@id":"https:\/\/www.salzburgerland.com\/de\/magazin\/meine-day-spa-auszeit-im-schloss-fuschl\/"},"author":{"name":"Ulli Hammerl","@id":"https:\/\/www.salzburgerland.com\/de\/magazin\/#\/schema\/person\/a55a4fee1009b9e458d298480a18a9f7"},"headline":"Meine Day-Spa Auszeit im Schloss Fuschl","datePublished":"2019-12-02T07:00:00+00:00","dateModified":"2025-04-08T07:56:12+00:00","mainEntityOfPage":{"@id":"https:\/\/www.salzburgerland.com\/de\/magazin\/meine-day-spa-auszeit-im-schloss-fuschl\/"},"wordCount":772,"commentCount":0,"publisher":{"@id":"https:\/\/www.salzburgerland.com\/de\/magazin\/#organization"},"image":{"@id":"https:\/\/www.salzburgerland.com\/de\/magazin\/meine-day-spa-auszeit-im-schloss-fuschl\/#primaryimage"},"thumbnailUrl":"https:\/\/www.salzburgerland.com\/de\/magazin\/wp-content\/uploads\/2019\/11\/Liegen.jpg","articleSection":["Archiv"],"inLanguage":"de","potentialAction":[{"@type":"CommentAction","name":"Comment","target":["https:\/\/www.salzburgerland.com\/de\/magazin\/meine-day-spa-auszeit-im-schloss-fuschl\/#respond"]}]},{"@type":"WebPage","@id":"https:\/\/www.salzburgerland.com\/de\/magazin\/meine-day-spa-auszeit-im-schloss-fuschl\/","url":"https:\/\/www.salzburgerland.com\/de\/magazin\/meine-day-spa-auszeit-im-schloss-fuschl\/","name":"Meine Day-Spa Auszeit im Schloss Fuschl - SalzburgerLand Magazin","isPartOf":{"@id":"https:\/\/www.salzburgerland.com\/de\/magazin\/#website"},"primaryImageOfPage":{"@id":"https:\/\/www.salzburgerland.com\/de\/magazin\/meine-day-spa-auszeit-im-schloss-fuschl\/#primaryimage"},"image":{"@id":"https:\/\/www.salzburgerland.com\/de\/magazin\/meine-day-spa-auszeit-im-schloss-fuschl\/#primaryimage"},"thumbnailUrl":"https:\/\/www.salzburgerland.com\/de\/magazin\/wp-content\/uploads\/2019\/11\/Liegen.jpg","datePublished":"2019-12-02T07:00:00+00:00","dateModified":"2025-04-08T07:56:12+00:00","breadcrumb":{"@id":"https:\/\/www.salzburgerland.com\/de\/magazin\/meine-day-spa-auszeit-im-schloss-fuschl\/#breadcrumb"},"inLanguage":"de","potentialAction":[{"@type":"ReadAction","target":["https:\/\/www.salzburgerland.com\/de\/magazin\/meine-day-spa-auszeit-im-schloss-fuschl\/"]}]},{"@type":"ImageObject","inLanguage":"de","@id":"https:\/\/www.salzburgerland.com\/de\/magazin\/meine-day-spa-auszeit-im-schloss-fuschl\/#primaryimage","url":"https:\/\/www.salzburgerland.com\/de\/magazin\/wp-content\/uploads\/2019\/11\/Liegen.jpg","contentUrl":"https:\/\/www.salzburgerland.com\/de\/magazin\/wp-content\/uploads\/2019\/11\/Liegen.jpg","width":1920,"height":1282,"caption":"\u00a9 Schloss Hotel Fuschl"},{"@type":"BreadcrumbList","@id":"https:\/\/www.salzburgerland.com\/de\/magazin\/meine-day-spa-auszeit-im-schloss-fuschl\/#breadcrumb","itemListElement":[{"@type":"ListItem","position":1,"name":"Startseite","item":"https:\/\/www.salzburgerland.com\/de\/magazin\/"},{"@type":"ListItem","position":2,"name":"Archiv","item":"https:\/\/www.salzburgerland.com\/de\/magazin\/thema\/archiv\/"},{"@type":"ListItem","position":3,"name":"Meine Day-Spa Auszeit im Schloss Fuschl"}]},{"@type":"WebSite","@id":"https:\/\/www.salzburgerland.com\/de\/magazin\/#website","url":"https:\/\/www.salzburgerland.com\/de\/magazin\/","name":"SalzburgerLand Magazin","description":"Geschichten und Interessantes aus dem SalzburgerLand","publisher":{"@id":"https:\/\/www.salzburgerland.com\/de\/magazin\/#organization"},"potentialAction":[{"@type":"SearchAction","target":{"@type":"EntryPoint","urlTemplate":"https:\/\/www.salzburgerland.com\/de\/magazin\/?s={search_term_string}"},"query-input":{"@type":"PropertyValueSpecification","valueRequired":true,"valueName":"search_term_string"}}],"inLanguage":"de"},{"@type":"Organization","@id":"https:\/\/www.salzburgerland.com\/de\/magazin\/#organization","name":"SalzburgerLand Tourismus","url":"https:\/\/www.salzburgerland.com\/de\/magazin\/","logo":{"@type":"ImageObject","inLanguage":"de","@id":"https:\/\/www.salzburgerland.com\/de\/magazin\/#\/schema\/logo\/image\/","url":"https:\/\/www.salzburgerland.com\/de\/magazin\/wp-content\/uploads\/2019\/06\/salzburgerland-logo1.jpg","contentUrl":"https:\/\/www.salzburgerland.com\/de\/magazin\/wp-content\/uploads\/2019\/06\/salzburgerland-logo1.jpg","width":2011,"height":866,"caption":"SalzburgerLand Tourismus"},"image":{"@id":"https:\/\/www.salzburgerland.com\/de\/magazin\/#\/schema\/logo\/image\/"},"sameAs":["https:\/\/www.facebook.com\/salzburgerland\/","https:\/\/x.com\/Salzburgerland","https:\/\/www.instagram.com\/salzburgerland\/","https:\/\/at.linkedin.com\/company\/salzburgerland-tourismus-gmbh","https:\/\/www.pinterest.at\/salzburgerland\/","https:\/\/www.youtube.com\/user\/salzburgerland","https:\/\/de.wikipedia.org\/wiki\/SalzburgerLand_Tourismus_GmbH"]},{"@type":"Person","@id":"https:\/\/www.salzburgerland.com\/de\/magazin\/#\/schema\/person\/a55a4fee1009b9e458d298480a18a9f7","name":"Ulli Hammerl","description":"Geboren und aufgewachsen in der Stadt Salzburg war Ulli Hammerl fr\u00fch bewusst, in einer der sch\u00f6nsten St\u00e4dte der Welt zu leben. So ist sie auch w\u00e4hrend ihres Studiums der Kommunikationswissenschaft und \u00d6kologie ihrer Heimatstadt treu geblieben. Gleich nach dem Studium ist sie zu SalzburgerLand Tourismus (SLTG) gegangen und hat hier von 1998 - 2004 u.a. die SalzburgerLand Card betreut. Dabei ist sie viel herumgekommen, wodurch auch die Liebe zum SalzburgerLand enstanden und gewachsen ist. Nach der Geburt ihrer Tochter im September 2004 hat sich Ulli Hammerl 2007 mit einer Agentur selbst\u00e4ndig gemacht. Mein pers\u00f6nlicher Logenplatz: Hoch \u00fcber Salzburg, abseits der stark begangenen Wege mit Blick auf die D\u00e4cher und Kircht\u00fcrme der Stadt \u2013 hier geht mir das Herz auf! Morgen- oder Abendmensch: Ganz klar: Morgenmensch. Wenn um 5.00 Uhr fr\u00fch die V\u00f6gel zwitschern und rund herum noch alles in tiefer Ruhe versinkt, dann ist meine Zeit. Ausgeschlafen, Energie geladen und voller Tatendrang starte ich am liebsten in den fr\u00fchen Morgenstunden in den Tag. Daf\u00fcr kann man nach 21.00 Uhr nicht mehr mit mir rechnen. Buch oder Film: Es gibt nichts Sch\u00f6neres, als es sich am Ende des Tages auf der Couch gem\u00fctlich zu machen und in die Gedankenwelt eines guten Buches einzutauchen \u2013 Lesen ist Abenteuer im Kopf. Wandern, Spazierengehen oder Laufen: alles drei und zwar am besten jeden Tag. Mit ein bisschen Zeiteinteilung geht es sich tats\u00e4chlich fast gehen Tag aus, drau\u00dfen unterwegs zu sein. Fr\u00fchling, Sommer, Herbst oder Winter: Ich kann es im Fr\u00fchling kaum erwarten, die ersten Gr\u00fcnschattierungen in der Natur zu entdecken. Ich liebe hei\u00dfe Sommertage am See und laue Sommerabende am Balkon. Ich mag es, wenn im Herbst die W\u00e4lder in einem Meer aus Farben erstrahlen, Laubrascheln und Kastanien sammeln. Und ich freue mich wie ein Kind, wenn im Dezember die ersten Schneeflocken vom Himmel schweben. Die vier Jahreszeiten sind etwas Wunderbares.","url":"https:\/\/www.salzburgerland.com\/de\/magazin\/author\/ulli-hammerl\/"}]}},"_wl_alt_label":[],"wl:entity_url":"http:\/\/open.salzburgerland.com\/magazin\/post\/meine_day-spa_auszeit_im_schloss_fuschl","_links":{"self":[{"href":"https:\/\/www.salzburgerland.com\/de\/magazin\/wp-json\/wp\/v2\/posts\/139889","targetHints":{"allow":["GET"]}}],"collection":[{"href":"https:\/\/www.salzburgerland.com\/de\/magazin\/wp-json\/wp\/v2\/posts"}],"about":[{"href":"https:\/\/www.salzburgerland.com\/de\/magazin\/wp-json\/wp\/v2\/types\/post"}],"author":[{"embeddable":true,"href":"https:\/\/www.salzburgerland.com\/de\/magazin\/wp-json\/wp\/v2\/users\/90"}],"replies":[{"embeddable":true,"href":"https:\/\/www.salzburgerland.com\/de\/magazin\/wp-json\/wp\/v2\/comments?post=139889"}],"version-history":[{"count":5,"href":"https:\/\/www.salzburgerland.com\/de\/magazin\/wp-json\/wp\/v2\/posts\/139889\/revisions"}],"predecessor-version":[{"id":182041,"href":"https:\/\/www.salzburgerland.com\/de\/magazin\/wp-json\/wp\/v2\/posts\/139889\/revisions\/182041"}],"wp:featuredmedia":[{"embeddable":true,"href":"https:\/\/www.salzburgerland.com\/de\/magazin\/wp-json\/wp\/v2\/media\/139900"}],"wp:attachment":[{"href":"https:\/\/www.salzburgerland.com\/de\/magazin\/wp-json\/wp\/v2\/media?parent=139889"}],"wp:term":[{"taxonomy":"category","embeddable":true,"href":"https:\/\/www.salzburgerland.com\/de\/magazin\/wp-json\/wp\/v2\/categories?post=139889"},{"taxonomy":"post_tag","embeddable":true,"href":"https:\/\/www.salzburgerland.com\/de\/magazin\/wp-json\/wp\/v2\/tags?post=139889"},{"taxonomy":"wl_entity_type","embeddable":true,"href":"https:\/\/www.salzburgerland.com\/de\/magazin\/wp-json\/wp\/v2\/wl_entity_type?post=139889"},{"taxonomy":"monatsauswahl","embeddable":true,"href":"https:\/\/www.salzburgerland.com\/de\/magazin\/wp-json\/wp\/v2\/monatsauswahl?post=139889"}],"curies":[{"name":"wp","href":"https:\/\/api.w.org\/{rel}","templated":true}]}}