{"id":138931,"date":"2020-01-06T08:00:43","date_gmt":"2020-01-06T07:00:43","guid":{"rendered":"https:\/\/www.salzburgerland.com\/de\/magazin\/?p=138931"},"modified":"2022-10-20T16:34:49","modified_gmt":"2022-10-20T14:34:49","slug":"ueber-die-geschichte-des-skifahrens","status":"publish","type":"post","link":"https:\/\/www.salzburgerland.com\/de\/magazin\/ueber-die-geschichte-des-skifahrens\/","title":{"rendered":"\u00dcber die Geschichte des Skifahrens"},"content":{"rendered":"\n<div class=\"wp-block-slt-top topBlocks\">\n<h2 class=\"wp-block-slt-subtitle\">Unsere liebsten Brettln<\/h2>\n\n\n\n<p class=\"wp-block-slt-intro\">Wie viel Holz steckt in einem modernen Ski? Wir haben nachgefragt und im FIS-Landesskimuseum erstaunliche Einblicke gewonnen.<\/p>\n<\/div>\n\n\n\n<p>Es war das Jahr 1972: Die Kleinarlerin Annemarie Moser-Pr\u00f6ll gewann zum zweiten Mal den Gesamtweltcup in Folge und \u00d6sterreich den Nationencup bei den Herren und bei den Damen. Skifahren war l\u00e4ngst ein Massensport geworden und eine ganze Nation bejubelte ihre Athleten. In Altenmarkt holte in diesem Winter der junge Hans M\u00fcller das letzte Paar Ski aus der Presse, das er selbst bauen sollte: Ein Ski mit 24-fach verleimtem Holzkern. Das war schon was! Seine Ausbildung zum Holzhandwerker (Wagner) hatte der Salzburger bereits abgeschlossen, die Liebe zum Skisport sollte ihn jedoch sein Leben lang begleiten. Ab und zu fuhr er in den 1970er-Jahren noch ein Rennen, doch bis an die Spitze hat es nicht gereicht. \u201eDie besten Rennl\u00e4ufer haben sich von mir die Ski wachseln lassen. Und dann haben sie mich auf der Piste gewachselt\u201c, lacht er herzhaft. Schon sein Gro\u00dfvater hat Ski gebaut: \u201eLetztendlich wollte ich Skibauer werden, um einmal selbst g\u2019scheite Ski zu besitzen. Daheim hatten wir immer nur altes Zeug.\u201c<\/p>\n\n\n\n<figure class=\"wp-block-image\"><img loading=\"lazy\" decoding=\"async\" width=\"1920\" height=\"1278\" src=\"https:\/\/www.salzburgerland.com\/de\/magazin\/wp-content\/uploads\/2019\/11\/DSC2793-c-Atomic.jpg\" alt=\"Stapel von gebogenen Holzteilen auf einem Metallgestell in der Werkstatt oder der Produktionsst\u00e4tte des Skimuseums Werfenweng.\" class=\"wp-image-138932\" srcset=\"https:\/\/www.salzburgerland.com\/de\/magazin\/wp-content\/uploads\/2019\/11\/DSC2793-c-Atomic.jpg 1920w, https:\/\/www.salzburgerland.com\/de\/magazin\/wp-content\/uploads\/2019\/11\/DSC2793-c-Atomic-300x200.jpg 300w, https:\/\/www.salzburgerland.com\/de\/magazin\/wp-content\/uploads\/2019\/11\/DSC2793-c-Atomic-826x550.jpg 826w, https:\/\/www.salzburgerland.com\/de\/magazin\/wp-content\/uploads\/2019\/11\/DSC2793-c-Atomic-601x400.jpg 601w, https:\/\/www.salzburgerland.com\/de\/magazin\/wp-content\/uploads\/2019\/11\/DSC2793-c-Atomic-1320x879.jpg 1320w\" sizes=\"auto, (max-width: 1920px) 100vw, 1920px\" \/><figcaption>\u00a9 Atomic<\/figcaption><\/figure>\n\n\n\n<h2 class=\"wp-block-heading\">FIS-Landesskimuseum in Werfenweng <\/h2>\n\n\n\n<p>Seitdem hat sich viel ge\u00e4ndert: In der Ski-Industrie ebenso wie bei Hans M\u00fcller. Vor \u00fcber 25 Jahren hat er das <a rel=\"noreferrer noopener\" aria-label=\"Salzburger FIS-Landesskimuseum in Werfenweng (opens in a new tab)\" href=\"https:\/\/www.skimuseum.at\/\" target=\"_blank\">Salzburger FIS-Landesskimuseum in Werfenweng<\/a> gegr\u00fcndet und ist bis heute dessen Obmann. Hier wird die Geschichte des alpinen Skisports anhand au\u00dfergew\u00f6hnlicher Exponate nacherz\u00e4hlt. Auch wenn die Skandinavier die Ski fr\u00fch als Fortbewegungs- mittel nutzten, war es ein \u00d6sterreicher, der die alpine Skilauftechnik erfand. <strong>Mathias Zdarsky<\/strong> (1856\u20131940) galt ebenso als Skipionier wie Oberst <strong>Georg Bilgeri<\/strong> (1873 \u2013 1934), der das Skifahren in der Stadt Salzburg wei- terentwickelte. Hier entstand 1910 mit der \u201eK.K. Heeresskifabrik\u201c \u00d6ster- reichs erste Skifabrik. Skifahren sollte vorrangig der Landesverteidigung dienen, bevor es zu einer sportlichen Ert\u00fcchtigung wurde. Die Berufsgrup- pe der Wagner \u2013 eigentlich f\u00fcr Kutschenr\u00e4der und Schlitten zust\u00e4ndig\u2013 spezialisierte sich auf die Herstellung der langen Holzlatten, bevor in den 1940er-Jahren die industrielle Skierzeugung ihren Anfang nahm. Schon in den 1920er-Jahren erfand der Halleiner <strong>Rudolf Lettner<\/strong> die Stahlkante und lie\u00df diese patentieren.<\/p>\n\n\n\n<h2 class=\"wp-block-heading\">Das Unternehmen Atomic<\/h2>\n\n\n\n<p>Auch in Gro\u00dfarl absolvierte ein Bergbauernbub seine Ausbildung zum Wagner. 1955 gr\u00fcndete der damals 23-j\u00e4hrige Alois Rohrmoser das Un- ternehmen Atomic, auf dessen Skiern bis heute die weltbesten Rennl\u00e4ufer aufs Stockerl rasen. Allen voran der Salzburger Doppelolympiasieger und achtfache Weltcupgesamtsieger Marcel Hirscher aus Annaberg.<\/p>\n\n\n\n<figure class=\"wp-block-image\"><img loading=\"lazy\" decoding=\"async\" width=\"1920\" height=\"1244\" src=\"https:\/\/www.salzburgerland.com\/de\/magazin\/wp-content\/uploads\/2019\/11\/Atomic_Produktion-0428-c-.jpg\" alt=\"Person beim Schleifen von Metall mit Funkenflug, gesehen von oben im Skimuseum Werfenweng; Metallteile in der N\u00e4he.\" class=\"wp-image-138933\" srcset=\"https:\/\/www.salzburgerland.com\/de\/magazin\/wp-content\/uploads\/2019\/11\/Atomic_Produktion-0428-c-.jpg 1920w, https:\/\/www.salzburgerland.com\/de\/magazin\/wp-content\/uploads\/2019\/11\/Atomic_Produktion-0428-c--300x194.jpg 300w, https:\/\/www.salzburgerland.com\/de\/magazin\/wp-content\/uploads\/2019\/11\/Atomic_Produktion-0428-c--849x550.jpg 849w, https:\/\/www.salzburgerland.com\/de\/magazin\/wp-content\/uploads\/2019\/11\/Atomic_Produktion-0428-c--617x400.jpg 617w, https:\/\/www.salzburgerland.com\/de\/magazin\/wp-content\/uploads\/2019\/11\/Atomic_Produktion-0428-c--249x160.jpg 249w, https:\/\/www.salzburgerland.com\/de\/magazin\/wp-content\/uploads\/2019\/11\/Atomic_Produktion-0428-c--1320x855.jpg 1320w\" sizes=\"auto, (max-width: 1920px) 100vw, 1920px\" \/><figcaption>\u00a9 Atomic &#8211; Jeder Handgriff sitzt<\/figcaption><\/figure>\n\n\n\n<h2 class=\"wp-block-heading\">Holz als Basis &#8211; damals und heute<\/h2>\n\n\n\n<p>Eine Konstante, die bis heute geblieben ist, ist das Holz, das auch in Marcel Hirschers Rennskiern steckt und als gewachsener Werkstoff \u00fcber unschlagbare Vorz\u00fcge verf\u00fcgt. \u201eVereinfacht kann man sagen, je hochwer- tiger und teurer ein Ski ist, umso eher steckt in ihm ein Holzkern\u201c, erkl\u00e4rt Herbert Buchsteiner, Director Business Unit Alpin Ski&amp;Binding bei Atomic. \u201eKaum zu glauben, aber man kann mit Holz leichtere Ski bauen als mit einem Schaumkern. Holz sorgt f\u00fcr Festigkeit und Stabilit\u00e4t.\u201c Bei Atomic wird viel get\u00fcftelt: Nicht eine Holzsorte, sondern mehrere \u2013 Buche, Esche, Pappel und Karuba \u2013 werden in unterschiedlicher Weise kombiniert. Hinzu kommen moderne Materialien wie Karbon, Glasfasermatten, Titanal, Polyamid f\u00fcr Belag und Oberfl\u00e4che sowie Stahl f\u00fcr die Kanten. \u201eIm mo- dernen Skibau will man Ski mit verschiedenen Charaktereigenschaften\u201c, so Herbert Buchsteiner. \u201eEin Ski kann leicht und dabei spritzig oder leicht und extrem sportlich mit viel Rebound sein. Oder er ist schwerer mit guten D\u00e4mpfungseigenschaften. Die M\u00f6glichkeiten sind vielf\u00e4ltig.\u201c<\/p>\n\n\n\n<figure class=\"wp-block-image\"><img loading=\"lazy\" decoding=\"async\" width=\"1920\" height=\"1282\" src=\"https:\/\/www.salzburgerland.com\/de\/magazin\/wp-content\/uploads\/2019\/11\/Atomic_RedsterG9_2016_0142-.jpg\" alt=\"Zwei Arbeiter in orangefarbenen Hemden bearbeiten Holzbretter in der Fabrikhalle des Skimuseums Werfenweng.\" class=\"wp-image-138934\" srcset=\"https:\/\/www.salzburgerland.com\/de\/magazin\/wp-content\/uploads\/2019\/11\/Atomic_RedsterG9_2016_0142-.jpg 1920w, https:\/\/www.salzburgerland.com\/de\/magazin\/wp-content\/uploads\/2019\/11\/Atomic_RedsterG9_2016_0142--300x200.jpg 300w, https:\/\/www.salzburgerland.com\/de\/magazin\/wp-content\/uploads\/2019\/11\/Atomic_RedsterG9_2016_0142--824x550.jpg 824w, https:\/\/www.salzburgerland.com\/de\/magazin\/wp-content\/uploads\/2019\/11\/Atomic_RedsterG9_2016_0142--599x400.jpg 599w, https:\/\/www.salzburgerland.com\/de\/magazin\/wp-content\/uploads\/2019\/11\/Atomic_RedsterG9_2016_0142--1320x881.jpg 1320w\" sizes=\"auto, (max-width: 1920px) 100vw, 1920px\" \/><figcaption>\u00a9 Atomic &#8211; Wie ein Ski entsteht<\/figcaption><\/figure>\n\n\n\n<p>Skirennl\u00e4ufer sind vor allem Gef\u00fchlsmenschen: Sie sp\u00fcren jede kleinste Nuance, die ihnen der Ski zur\u00fcckmeldet. Marcel Hirscher und sein Vater Ferdinand sind echte Meister darin. Skifahrer, die vor allem den Genuss suchen, setzen auf moderne Entwicklungen, die f\u00fcr einfache Schwungein- leitung und enorme Drehfreudigkeit stehen. Auch Hans M\u00fcller f\u00e4hrt so einen Ski, weil es ihm heute um nichts anderes mehr geht, als um den reinen Genuss. Der \u00e4lteste Ski aus Salzburg stammt aus dem Jahr 1870, und auch er hat seinen Platz im Skimuseum gefunden. Obwohl auf den ersten Blick wenig \u00c4hnlichkeit zwischen ihm und den modernen Latten besteht, haben sie dennoch Gemeinsamkeiten: Sie stehen f\u00fcr Spa\u00df im Schnee, f\u00fcr Freude an der Bewegung und f\u00fcr unvergessliche Momente in den Bergen. Und noch was: Sie haben beide ein Herz aus Holz!<\/p>\n\n\n\n<figure class=\"wp-block-image\"><img loading=\"lazy\" decoding=\"async\" width=\"1920\" height=\"1280\" src=\"https:\/\/www.salzburgerland.com\/de\/magazin\/wp-content\/uploads\/2019\/12\/Reiteralm_FJ_14-c-Atomic.jpg\" alt=\"L\u00e4chelnder Skifahrer mit Helm und Brille tr\u00e4gt rote Skier im Skimuseum Werfenweng, im Hintergrund neblige H\u00fcgel.\" class=\"wp-image-138942\" srcset=\"https:\/\/www.salzburgerland.com\/de\/magazin\/wp-content\/uploads\/2019\/12\/Reiteralm_FJ_14-c-Atomic.jpg 1920w, https:\/\/www.salzburgerland.com\/de\/magazin\/wp-content\/uploads\/2019\/12\/Reiteralm_FJ_14-c-Atomic-300x200.jpg 300w, https:\/\/www.salzburgerland.com\/de\/magazin\/wp-content\/uploads\/2019\/12\/Reiteralm_FJ_14-c-Atomic-825x550.jpg 825w, https:\/\/www.salzburgerland.com\/de\/magazin\/wp-content\/uploads\/2019\/12\/Reiteralm_FJ_14-c-Atomic-600x400.jpg 600w, https:\/\/www.salzburgerland.com\/de\/magazin\/wp-content\/uploads\/2019\/12\/Reiteralm_FJ_14-c-Atomic-1320x880.jpg 1320w\" sizes=\"auto, (max-width: 1920px) 100vw, 1920px\" \/><figcaption>\u00a9 Atomic &#8211; Reiteralm<\/figcaption><\/figure>\n\n\n","protected":false},"excerpt":{"rendered":"<p>Es war das Jahr 1972: Die Kleinarlerin Annemarie Moser-Pr\u00f6ll gewann zum zweiten Mal den Gesamtweltcup in Folge und \u00d6sterreich den Nationencup bei den Herren und bei den Damen. Skifahren war l\u00e4ngst ein Massensport geworden und eine ganze Nation bejubelte ihre Athleten. In Altenmarkt holte in diesem Winter der junge Hans M\u00fcller das letzte Paar Ski [&hellip;]<\/p>\n","protected":false},"author":226,"featured_media":138935,"comment_status":"open","ping_status":"closed","sticky":false,"template":"","format":"standard","meta":{"_acf_changed":false,"wl_entities_gutenberg":"","_wl_entity_redirect_enabled":"","footnotes":""},"categories":[8],"tags":[2217,7515],"wl_entity_type":[306],"monatsauswahl":[],"class_list":["post-138931","post","type-post","status-publish","format-standard","has-post-thumbnail","hentry","category-outdoor-sport","tag-atomic","tag-skimuseum-werfenweng","wl_entity_type-article"],"acf":[],"yoast_head":"<!-- This site is optimized with the Yoast SEO Premium plugin v27.4 (Yoast SEO v27.4) - https:\/\/yoast.com\/product\/yoast-seo-premium-wordpress\/ -->\n<title>\u00dcber die Geschichte des Skifahrens - SalzburgerLand Magazin<\/title>\n<meta name=\"robots\" content=\"index, follow, max-snippet:-1, max-image-preview:large, max-video-preview:-1\" \/>\n<link rel=\"canonical\" href=\"https:\/\/www.salzburgerland.com\/de\/magazin\/ueber-die-geschichte-des-skifahrens\/\" \/>\n<meta property=\"og:locale\" content=\"de_DE\" \/>\n<meta property=\"og:type\" content=\"article\" \/>\n<meta property=\"og:title\" content=\"\u00dcber die Geschichte des Skifahrens\" \/>\n<meta property=\"og:description\" content=\"Es war das Jahr 1972: Die Kleinarlerin Annemarie Moser-Pr\u00f6ll gewann zum zweiten Mal den Gesamtweltcup in Folge und \u00d6sterreich den Nationencup bei den Herren und bei den Damen. Skifahren war l\u00e4ngst ein Massensport geworden und eine ganze Nation bejubelte ihre Athleten. In Altenmarkt holte in diesem Winter der junge Hans M\u00fcller das letzte Paar Ski [&hellip;]\" \/>\n<meta property=\"og:url\" content=\"https:\/\/www.salzburgerland.com\/de\/magazin\/ueber-die-geschichte-des-skifahrens\/\" \/>\n<meta property=\"og:site_name\" content=\"SalzburgerLand Magazin\" \/>\n<meta property=\"article:publisher\" content=\"https:\/\/www.facebook.com\/salzburgerland\/\" \/>\n<meta property=\"article:published_time\" content=\"2020-01-06T07:00:43+00:00\" \/>\n<meta property=\"article:modified_time\" content=\"2022-10-20T14:34:49+00:00\" \/>\n<meta property=\"og:image\" content=\"https:\/\/www.salzburgerland.com\/de\/magazin\/wp-content\/uploads\/2019\/11\/Foto_Skimuseum2_c-Jakob-L-e1727082736563.jpg\" \/>\n\t<meta property=\"og:image:width\" content=\"1920\" \/>\n\t<meta property=\"og:image:height\" content=\"1501\" \/>\n\t<meta property=\"og:image:type\" content=\"image\/jpeg\" \/>\n<meta name=\"author\" content=\"Franziska Lipp\" \/>\n<meta name=\"twitter:card\" content=\"summary_large_image\" \/>\n<meta name=\"twitter:creator\" content=\"@Salzburgerland\" \/>\n<meta name=\"twitter:site\" content=\"@Salzburgerland\" \/>\n<meta name=\"twitter:label1\" content=\"Verfasst von\" \/>\n\t<meta name=\"twitter:data1\" content=\"Franziska Lipp\" \/>\n\t<meta name=\"twitter:label2\" content=\"Gesch\u00e4tzte Lesezeit\" \/>\n\t<meta name=\"twitter:data2\" content=\"5\u00a0Minuten\" \/>\n<script type=\"application\/ld+json\" class=\"yoast-schema-graph\">{\"@context\":\"https:\\\/\\\/schema.org\",\"@graph\":[{\"@type\":\"Article\",\"@id\":\"https:\\\/\\\/www.salzburgerland.com\\\/de\\\/magazin\\\/ueber-die-geschichte-des-skifahrens\\\/#article\",\"isPartOf\":{\"@id\":\"https:\\\/\\\/www.salzburgerland.com\\\/de\\\/magazin\\\/ueber-die-geschichte-des-skifahrens\\\/\"},\"author\":{\"name\":\"Franziska Lipp\",\"@id\":\"https:\\\/\\\/www.salzburgerland.com\\\/de\\\/magazin\\\/#\\\/schema\\\/person\\\/de63f37594c18fae834230774d6a2704\"},\"headline\":\"\u00dcber die Geschichte des Skifahrens\",\"datePublished\":\"2020-01-06T07:00:43+00:00\",\"dateModified\":\"2022-10-20T14:34:49+00:00\",\"mainEntityOfPage\":{\"@id\":\"https:\\\/\\\/www.salzburgerland.com\\\/de\\\/magazin\\\/ueber-die-geschichte-des-skifahrens\\\/\"},\"wordCount\":733,\"commentCount\":0,\"publisher\":{\"@id\":\"https:\\\/\\\/www.salzburgerland.com\\\/de\\\/magazin\\\/#organization\"},\"image\":{\"@id\":\"https:\\\/\\\/www.salzburgerland.com\\\/de\\\/magazin\\\/ueber-die-geschichte-des-skifahrens\\\/#primaryimage\"},\"thumbnailUrl\":\"https:\\\/\\\/www.salzburgerland.com\\\/de\\\/magazin\\\/wp-content\\\/uploads\\\/2019\\\/11\\\/Foto_Skimuseum2_c-Jakob-L-e1727082736563.jpg\",\"keywords\":[\"Atomic\",\"Skimuseum Werfenweng\"],\"articleSection\":[\"Outdoor &amp; Sport\"],\"inLanguage\":\"de\",\"potentialAction\":[{\"@type\":\"CommentAction\",\"name\":\"Comment\",\"target\":[\"https:\\\/\\\/www.salzburgerland.com\\\/de\\\/magazin\\\/ueber-die-geschichte-des-skifahrens\\\/#respond\"]}]},{\"@type\":\"WebPage\",\"@id\":\"https:\\\/\\\/www.salzburgerland.com\\\/de\\\/magazin\\\/ueber-die-geschichte-des-skifahrens\\\/\",\"url\":\"https:\\\/\\\/www.salzburgerland.com\\\/de\\\/magazin\\\/ueber-die-geschichte-des-skifahrens\\\/\",\"name\":\"\u00dcber die Geschichte des Skifahrens - SalzburgerLand Magazin\",\"isPartOf\":{\"@id\":\"https:\\\/\\\/www.salzburgerland.com\\\/de\\\/magazin\\\/#website\"},\"primaryImageOfPage\":{\"@id\":\"https:\\\/\\\/www.salzburgerland.com\\\/de\\\/magazin\\\/ueber-die-geschichte-des-skifahrens\\\/#primaryimage\"},\"image\":{\"@id\":\"https:\\\/\\\/www.salzburgerland.com\\\/de\\\/magazin\\\/ueber-die-geschichte-des-skifahrens\\\/#primaryimage\"},\"thumbnailUrl\":\"https:\\\/\\\/www.salzburgerland.com\\\/de\\\/magazin\\\/wp-content\\\/uploads\\\/2019\\\/11\\\/Foto_Skimuseum2_c-Jakob-L-e1727082736563.jpg\",\"datePublished\":\"2020-01-06T07:00:43+00:00\",\"dateModified\":\"2022-10-20T14:34:49+00:00\",\"breadcrumb\":{\"@id\":\"https:\\\/\\\/www.salzburgerland.com\\\/de\\\/magazin\\\/ueber-die-geschichte-des-skifahrens\\\/#breadcrumb\"},\"inLanguage\":\"de\",\"potentialAction\":[{\"@type\":\"ReadAction\",\"target\":[\"https:\\\/\\\/www.salzburgerland.com\\\/de\\\/magazin\\\/ueber-die-geschichte-des-skifahrens\\\/\"]}]},{\"@type\":\"ImageObject\",\"inLanguage\":\"de\",\"@id\":\"https:\\\/\\\/www.salzburgerland.com\\\/de\\\/magazin\\\/ueber-die-geschichte-des-skifahrens\\\/#primaryimage\",\"url\":\"https:\\\/\\\/www.salzburgerland.com\\\/de\\\/magazin\\\/wp-content\\\/uploads\\\/2019\\\/11\\\/Foto_Skimuseum2_c-Jakob-L-e1727082736563.jpg\",\"contentUrl\":\"https:\\\/\\\/www.salzburgerland.com\\\/de\\\/magazin\\\/wp-content\\\/uploads\\\/2019\\\/11\\\/Foto_Skimuseum2_c-Jakob-L-e1727082736563.jpg\",\"width\":1920,\"height\":1501,\"caption\":\"Nahaufnahme von farbenfrohen alten Holzskiern im Skimuseum Werfenweng, die aufrecht mit spitzen Spitzen ausgestellt sind.\"},{\"@type\":\"BreadcrumbList\",\"@id\":\"https:\\\/\\\/www.salzburgerland.com\\\/de\\\/magazin\\\/ueber-die-geschichte-des-skifahrens\\\/#breadcrumb\",\"itemListElement\":[{\"@type\":\"ListItem\",\"position\":1,\"name\":\"Startseite\",\"item\":\"https:\\\/\\\/www.salzburgerland.com\\\/de\\\/magazin\\\/\"},{\"@type\":\"ListItem\",\"position\":2,\"name\":\"Outdoor &amp; Sport\",\"item\":\"https:\\\/\\\/www.salzburgerland.com\\\/de\\\/magazin\\\/thema\\\/outdoor-sport\\\/\"},{\"@type\":\"ListItem\",\"position\":3,\"name\":\"\u00dcber die Geschichte des Skifahrens\"}]},{\"@type\":\"WebSite\",\"@id\":\"https:\\\/\\\/www.salzburgerland.com\\\/de\\\/magazin\\\/#website\",\"url\":\"https:\\\/\\\/www.salzburgerland.com\\\/de\\\/magazin\\\/\",\"name\":\"SalzburgerLand Magazin\",\"description\":\"Geschichten und Interessantes aus dem SalzburgerLand\",\"publisher\":{\"@id\":\"https:\\\/\\\/www.salzburgerland.com\\\/de\\\/magazin\\\/#organization\"},\"potentialAction\":[{\"@type\":\"SearchAction\",\"target\":{\"@type\":\"EntryPoint\",\"urlTemplate\":\"https:\\\/\\\/www.salzburgerland.com\\\/de\\\/magazin\\\/?s={search_term_string}\"},\"query-input\":{\"@type\":\"PropertyValueSpecification\",\"valueRequired\":true,\"valueName\":\"search_term_string\"}}],\"inLanguage\":\"de\"},{\"@type\":\"Organization\",\"@id\":\"https:\\\/\\\/www.salzburgerland.com\\\/de\\\/magazin\\\/#organization\",\"name\":\"SalzburgerLand Tourismus\",\"url\":\"https:\\\/\\\/www.salzburgerland.com\\\/de\\\/magazin\\\/\",\"logo\":{\"@type\":\"ImageObject\",\"inLanguage\":\"de\",\"@id\":\"https:\\\/\\\/www.salzburgerland.com\\\/de\\\/magazin\\\/#\\\/schema\\\/logo\\\/image\\\/\",\"url\":\"https:\\\/\\\/www.salzburgerland.com\\\/de\\\/magazin\\\/wp-content\\\/uploads\\\/2019\\\/06\\\/salzburgerland-logo1.jpg\",\"contentUrl\":\"https:\\\/\\\/www.salzburgerland.com\\\/de\\\/magazin\\\/wp-content\\\/uploads\\\/2019\\\/06\\\/salzburgerland-logo1.jpg\",\"width\":2011,\"height\":866,\"caption\":\"SalzburgerLand Tourismus\"},\"image\":{\"@id\":\"https:\\\/\\\/www.salzburgerland.com\\\/de\\\/magazin\\\/#\\\/schema\\\/logo\\\/image\\\/\"},\"sameAs\":[\"https:\\\/\\\/www.facebook.com\\\/salzburgerland\\\/\",\"https:\\\/\\\/x.com\\\/Salzburgerland\",\"https:\\\/\\\/www.instagram.com\\\/salzburgerland\\\/\",\"https:\\\/\\\/at.linkedin.com\\\/company\\\/salzburgerland-tourismus-gmbh\",\"https:\\\/\\\/www.pinterest.at\\\/salzburgerland\\\/\",\"https:\\\/\\\/www.youtube.com\\\/user\\\/salzburgerland\",\"https:\\\/\\\/de.wikipedia.org\\\/wiki\\\/SalzburgerLand_Tourismus_GmbH\"]},{\"@type\":\"Person\",\"@id\":\"https:\\\/\\\/www.salzburgerland.com\\\/de\\\/magazin\\\/#\\\/schema\\\/person\\\/de63f37594c18fae834230774d6a2704\",\"name\":\"Franziska Lipp\",\"description\":\"Franziska Lipp ist Texterin, Buchautorin und freie Journalistin. Privat ist sie am allerliebsten drau\u00dfen in der Natur unterwegs: Zu Fu\u00df, mit dem Mountainbiker oder mit Ski. Hauptsache der Rucksack ist mit dabei und viel Zeit. Gerne in Begleitung, aber ebenso gerne auch allein: Denn es gibt keinen besseren Gespr\u00e4chspartner als die Natur selbst. Was ihre beiden Lebensbereiche \u2013 das Berufliche und das Private \u2013 verbindet, ist ihre Vorliebe f\u00fcr Geschichten. Die Salzburgerin liebt es einerseits, Menschen zuzuh\u00f6ren, die eine Geschichte zu erz\u00e4hlen haben. Andererseits ist sie selbst eine passionierte Geschichtenerz\u00e4hlerin. Franziska Lipp betreute als Chefredakteurin \u00fcber zehn Jahre lang das G\u00e4stemagazin \u201eSommerzeit\u201c und \u201eWinterzeit\u201c der SalzburgerLand Tourismus und begleitet das Unternehmen bei zahlreichen Projekten wie etwa bei der Neu-Konzeption des \u201eSalzburger Almenwegs\u201c. Die studierte Tourismussoziologin h\u00e4lt Schreib- und Storytelling-Workshops f\u00fcr touristische Unternehmen und Verb\u00e4nde und begleitet als Konzepterin touristische Projekte wie das \u201eSalzburger Gipfelspiel\u201c in der Salzburger Sportwelt. Im Februar 2023 erschien ihr Buch \u201eLieblingspl\u00e4tze im Salzburger Land\u201c im Gmeiner Verlag mit 84 besonderen Orten in der Stadt Salzburg und in allen Ferienregionen. Bisher erschienene B\u00fccher von Franziska Lipp: \u2022 \u201eLieblingspl\u00e4tze im Salzburger Land\u201c \u2013 2023 (Gmeiner Verlag) \u2022 \u201eK\u00f6stliches von der M\u00fcllerin\u201c \u2013 2021 (Hg. Monika Drax, Drax-M\u00fchle) \u2022 \u201eGesundheit im Zentrum\u201c \u2013 Richtig gut leben mit der Modernen-Mayr-Medizin \u2013 2021 (Hg. Park Igls) \u2022 \u201eDas kleine Buch: Stille Nacht! Heilige Nacht!\u201c \u2013 2018 (Servus Benevento Verlag) \u2022 \u201eDas kleine Buch: Imker werden\u201c \u2013 2016, (Servus Benevento Verlag) \u2022 \u201eDas kleine Buch: Die Gro\u00dfglockner Hochalpenstra\u00dfe anders erleben\u201c \u2013 2016, (Servus Benevento Verlag) \u2022 \u201eBeste Aussichten im Salzburger Land\u201c \u2013 2014 (Gmeiner Verlag) Salzburger Nockerl oder Schwarzbeernocken? Definitiv die Schwarzbeernocken: Nichts schmeckt so sehr nach Wald und Sommer wie diese s\u00fc\u00dfen K\u00f6stlichkeiten! Stadt oder Land? Die Stadt Salzburg ist meine absolute Herzensstadt und ich wei\u00df es zu sch\u00e4tzen, in der Lieblingsstadt wohnen zu d\u00fcrfen. Zum Gl\u00fcck geht es in den einzelnen Stadtvierteln fast d\u00f6rflich zu: Jeder kennt jeden! Das erinnert ans Leben auf dem Land. Almsommer oder Skiwinter? Beides \u2013 nur im Wechsel der Jahreszeiten k\u00f6nnen wir ihre Besonderheiten erst so richtig sch\u00e4tzen. Lesen oder Schreiben? Das Schreiben ist Teil meiner Person. Ohne das Schreiben w\u00e4re ich nicht ich. Das Schreiben ist \u2013 obwohl Arbeit \u2013 meine t\u00e4gliche Dosis, um gl\u00fccklich zu sein. M\u00fcsste ich mich wirklich f\u00fcr etwa entscheiden, dann w\u00e4re es das Schreiben: Denn dann h\u00e4tte ich auch automatisch was zum Lesen. See oder Berg? Eigentlich immer der Berg: Weil ich \u2013 auf einem Gipfel stehend \u2013 stets ein Gef\u00fchl von purer Freiheit und tiefster Zufriedenheit empfinde\",\"sameAs\":[\"http:\\\/\\\/www.franziskalipp.com\"],\"url\":\"https:\\\/\\\/www.salzburgerland.com\\\/de\\\/magazin\\\/author\\\/franziska-lipp\\\/\"}]}<\/script>\n<!-- \/ Yoast SEO Premium plugin. -->","yoast_head_json":{"title":"\u00dcber die Geschichte des Skifahrens - SalzburgerLand Magazin","robots":{"index":"index","follow":"follow","max-snippet":"max-snippet:-1","max-image-preview":"max-image-preview:large","max-video-preview":"max-video-preview:-1"},"canonical":"https:\/\/www.salzburgerland.com\/de\/magazin\/ueber-die-geschichte-des-skifahrens\/","og_locale":"de_DE","og_type":"article","og_title":"\u00dcber die Geschichte des Skifahrens","og_description":"Es war das Jahr 1972: Die Kleinarlerin Annemarie Moser-Pr\u00f6ll gewann zum zweiten Mal den Gesamtweltcup in Folge und \u00d6sterreich den Nationencup bei den Herren und bei den Damen. Skifahren war l\u00e4ngst ein Massensport geworden und eine ganze Nation bejubelte ihre Athleten. In Altenmarkt holte in diesem Winter der junge Hans M\u00fcller das letzte Paar Ski [&hellip;]","og_url":"https:\/\/www.salzburgerland.com\/de\/magazin\/ueber-die-geschichte-des-skifahrens\/","og_site_name":"SalzburgerLand Magazin","article_publisher":"https:\/\/www.facebook.com\/salzburgerland\/","article_published_time":"2020-01-06T07:00:43+00:00","article_modified_time":"2022-10-20T14:34:49+00:00","og_image":[{"width":1920,"height":1501,"url":"https:\/\/www.salzburgerland.com\/de\/magazin\/wp-content\/uploads\/2019\/11\/Foto_Skimuseum2_c-Jakob-L-e1727082736563.jpg","type":"image\/jpeg"}],"author":"Franziska Lipp","twitter_card":"summary_large_image","twitter_creator":"@Salzburgerland","twitter_site":"@Salzburgerland","twitter_misc":{"Verfasst von":"Franziska Lipp","Gesch\u00e4tzte Lesezeit":"5\u00a0Minuten"},"schema":{"@context":"https:\/\/schema.org","@graph":[{"@type":"Article","@id":"https:\/\/www.salzburgerland.com\/de\/magazin\/ueber-die-geschichte-des-skifahrens\/#article","isPartOf":{"@id":"https:\/\/www.salzburgerland.com\/de\/magazin\/ueber-die-geschichte-des-skifahrens\/"},"author":{"name":"Franziska Lipp","@id":"https:\/\/www.salzburgerland.com\/de\/magazin\/#\/schema\/person\/de63f37594c18fae834230774d6a2704"},"headline":"\u00dcber die Geschichte des Skifahrens","datePublished":"2020-01-06T07:00:43+00:00","dateModified":"2022-10-20T14:34:49+00:00","mainEntityOfPage":{"@id":"https:\/\/www.salzburgerland.com\/de\/magazin\/ueber-die-geschichte-des-skifahrens\/"},"wordCount":733,"commentCount":0,"publisher":{"@id":"https:\/\/www.salzburgerland.com\/de\/magazin\/#organization"},"image":{"@id":"https:\/\/www.salzburgerland.com\/de\/magazin\/ueber-die-geschichte-des-skifahrens\/#primaryimage"},"thumbnailUrl":"https:\/\/www.salzburgerland.com\/de\/magazin\/wp-content\/uploads\/2019\/11\/Foto_Skimuseum2_c-Jakob-L-e1727082736563.jpg","keywords":["Atomic","Skimuseum Werfenweng"],"articleSection":["Outdoor &amp; Sport"],"inLanguage":"de","potentialAction":[{"@type":"CommentAction","name":"Comment","target":["https:\/\/www.salzburgerland.com\/de\/magazin\/ueber-die-geschichte-des-skifahrens\/#respond"]}]},{"@type":"WebPage","@id":"https:\/\/www.salzburgerland.com\/de\/magazin\/ueber-die-geschichte-des-skifahrens\/","url":"https:\/\/www.salzburgerland.com\/de\/magazin\/ueber-die-geschichte-des-skifahrens\/","name":"\u00dcber die Geschichte des Skifahrens - SalzburgerLand Magazin","isPartOf":{"@id":"https:\/\/www.salzburgerland.com\/de\/magazin\/#website"},"primaryImageOfPage":{"@id":"https:\/\/www.salzburgerland.com\/de\/magazin\/ueber-die-geschichte-des-skifahrens\/#primaryimage"},"image":{"@id":"https:\/\/www.salzburgerland.com\/de\/magazin\/ueber-die-geschichte-des-skifahrens\/#primaryimage"},"thumbnailUrl":"https:\/\/www.salzburgerland.com\/de\/magazin\/wp-content\/uploads\/2019\/11\/Foto_Skimuseum2_c-Jakob-L-e1727082736563.jpg","datePublished":"2020-01-06T07:00:43+00:00","dateModified":"2022-10-20T14:34:49+00:00","breadcrumb":{"@id":"https:\/\/www.salzburgerland.com\/de\/magazin\/ueber-die-geschichte-des-skifahrens\/#breadcrumb"},"inLanguage":"de","potentialAction":[{"@type":"ReadAction","target":["https:\/\/www.salzburgerland.com\/de\/magazin\/ueber-die-geschichte-des-skifahrens\/"]}]},{"@type":"ImageObject","inLanguage":"de","@id":"https:\/\/www.salzburgerland.com\/de\/magazin\/ueber-die-geschichte-des-skifahrens\/#primaryimage","url":"https:\/\/www.salzburgerland.com\/de\/magazin\/wp-content\/uploads\/2019\/11\/Foto_Skimuseum2_c-Jakob-L-e1727082736563.jpg","contentUrl":"https:\/\/www.salzburgerland.com\/de\/magazin\/wp-content\/uploads\/2019\/11\/Foto_Skimuseum2_c-Jakob-L-e1727082736563.jpg","width":1920,"height":1501,"caption":"Nahaufnahme von farbenfrohen alten Holzskiern im Skimuseum Werfenweng, die aufrecht mit spitzen Spitzen ausgestellt sind."},{"@type":"BreadcrumbList","@id":"https:\/\/www.salzburgerland.com\/de\/magazin\/ueber-die-geschichte-des-skifahrens\/#breadcrumb","itemListElement":[{"@type":"ListItem","position":1,"name":"Startseite","item":"https:\/\/www.salzburgerland.com\/de\/magazin\/"},{"@type":"ListItem","position":2,"name":"Outdoor &amp; Sport","item":"https:\/\/www.salzburgerland.com\/de\/magazin\/thema\/outdoor-sport\/"},{"@type":"ListItem","position":3,"name":"\u00dcber die Geschichte des Skifahrens"}]},{"@type":"WebSite","@id":"https:\/\/www.salzburgerland.com\/de\/magazin\/#website","url":"https:\/\/www.salzburgerland.com\/de\/magazin\/","name":"SalzburgerLand Magazin","description":"Geschichten und Interessantes aus dem SalzburgerLand","publisher":{"@id":"https:\/\/www.salzburgerland.com\/de\/magazin\/#organization"},"potentialAction":[{"@type":"SearchAction","target":{"@type":"EntryPoint","urlTemplate":"https:\/\/www.salzburgerland.com\/de\/magazin\/?s={search_term_string}"},"query-input":{"@type":"PropertyValueSpecification","valueRequired":true,"valueName":"search_term_string"}}],"inLanguage":"de"},{"@type":"Organization","@id":"https:\/\/www.salzburgerland.com\/de\/magazin\/#organization","name":"SalzburgerLand Tourismus","url":"https:\/\/www.salzburgerland.com\/de\/magazin\/","logo":{"@type":"ImageObject","inLanguage":"de","@id":"https:\/\/www.salzburgerland.com\/de\/magazin\/#\/schema\/logo\/image\/","url":"https:\/\/www.salzburgerland.com\/de\/magazin\/wp-content\/uploads\/2019\/06\/salzburgerland-logo1.jpg","contentUrl":"https:\/\/www.salzburgerland.com\/de\/magazin\/wp-content\/uploads\/2019\/06\/salzburgerland-logo1.jpg","width":2011,"height":866,"caption":"SalzburgerLand Tourismus"},"image":{"@id":"https:\/\/www.salzburgerland.com\/de\/magazin\/#\/schema\/logo\/image\/"},"sameAs":["https:\/\/www.facebook.com\/salzburgerland\/","https:\/\/x.com\/Salzburgerland","https:\/\/www.instagram.com\/salzburgerland\/","https:\/\/at.linkedin.com\/company\/salzburgerland-tourismus-gmbh","https:\/\/www.pinterest.at\/salzburgerland\/","https:\/\/www.youtube.com\/user\/salzburgerland","https:\/\/de.wikipedia.org\/wiki\/SalzburgerLand_Tourismus_GmbH"]},{"@type":"Person","@id":"https:\/\/www.salzburgerland.com\/de\/magazin\/#\/schema\/person\/de63f37594c18fae834230774d6a2704","name":"Franziska Lipp","description":"Franziska Lipp ist Texterin, Buchautorin und freie Journalistin. Privat ist sie am allerliebsten drau\u00dfen in der Natur unterwegs: Zu Fu\u00df, mit dem Mountainbiker oder mit Ski. Hauptsache der Rucksack ist mit dabei und viel Zeit. Gerne in Begleitung, aber ebenso gerne auch allein: Denn es gibt keinen besseren Gespr\u00e4chspartner als die Natur selbst. Was ihre beiden Lebensbereiche \u2013 das Berufliche und das Private \u2013 verbindet, ist ihre Vorliebe f\u00fcr Geschichten. Die Salzburgerin liebt es einerseits, Menschen zuzuh\u00f6ren, die eine Geschichte zu erz\u00e4hlen haben. Andererseits ist sie selbst eine passionierte Geschichtenerz\u00e4hlerin. Franziska Lipp betreute als Chefredakteurin \u00fcber zehn Jahre lang das G\u00e4stemagazin \u201eSommerzeit\u201c und \u201eWinterzeit\u201c der SalzburgerLand Tourismus und begleitet das Unternehmen bei zahlreichen Projekten wie etwa bei der Neu-Konzeption des \u201eSalzburger Almenwegs\u201c. Die studierte Tourismussoziologin h\u00e4lt Schreib- und Storytelling-Workshops f\u00fcr touristische Unternehmen und Verb\u00e4nde und begleitet als Konzepterin touristische Projekte wie das \u201eSalzburger Gipfelspiel\u201c in der Salzburger Sportwelt. Im Februar 2023 erschien ihr Buch \u201eLieblingspl\u00e4tze im Salzburger Land\u201c im Gmeiner Verlag mit 84 besonderen Orten in der Stadt Salzburg und in allen Ferienregionen. Bisher erschienene B\u00fccher von Franziska Lipp: \u2022 \u201eLieblingspl\u00e4tze im Salzburger Land\u201c \u2013 2023 (Gmeiner Verlag) \u2022 \u201eK\u00f6stliches von der M\u00fcllerin\u201c \u2013 2021 (Hg. Monika Drax, Drax-M\u00fchle) \u2022 \u201eGesundheit im Zentrum\u201c \u2013 Richtig gut leben mit der Modernen-Mayr-Medizin \u2013 2021 (Hg. Park Igls) \u2022 \u201eDas kleine Buch: Stille Nacht! Heilige Nacht!\u201c \u2013 2018 (Servus Benevento Verlag) \u2022 \u201eDas kleine Buch: Imker werden\u201c \u2013 2016, (Servus Benevento Verlag) \u2022 \u201eDas kleine Buch: Die Gro\u00dfglockner Hochalpenstra\u00dfe anders erleben\u201c \u2013 2016, (Servus Benevento Verlag) \u2022 \u201eBeste Aussichten im Salzburger Land\u201c \u2013 2014 (Gmeiner Verlag) Salzburger Nockerl oder Schwarzbeernocken? Definitiv die Schwarzbeernocken: Nichts schmeckt so sehr nach Wald und Sommer wie diese s\u00fc\u00dfen K\u00f6stlichkeiten! Stadt oder Land? Die Stadt Salzburg ist meine absolute Herzensstadt und ich wei\u00df es zu sch\u00e4tzen, in der Lieblingsstadt wohnen zu d\u00fcrfen. Zum Gl\u00fcck geht es in den einzelnen Stadtvierteln fast d\u00f6rflich zu: Jeder kennt jeden! Das erinnert ans Leben auf dem Land. Almsommer oder Skiwinter? Beides \u2013 nur im Wechsel der Jahreszeiten k\u00f6nnen wir ihre Besonderheiten erst so richtig sch\u00e4tzen. Lesen oder Schreiben? Das Schreiben ist Teil meiner Person. Ohne das Schreiben w\u00e4re ich nicht ich. Das Schreiben ist \u2013 obwohl Arbeit \u2013 meine t\u00e4gliche Dosis, um gl\u00fccklich zu sein. M\u00fcsste ich mich wirklich f\u00fcr etwa entscheiden, dann w\u00e4re es das Schreiben: Denn dann h\u00e4tte ich auch automatisch was zum Lesen. See oder Berg? Eigentlich immer der Berg: Weil ich \u2013 auf einem Gipfel stehend \u2013 stets ein Gef\u00fchl von purer Freiheit und tiefster Zufriedenheit empfinde","sameAs":["http:\/\/www.franziskalipp.com"],"url":"https:\/\/www.salzburgerland.com\/de\/magazin\/author\/franziska-lipp\/"}]}},"_wl_alt_label":[],"wl:entity_url":"http:\/\/open.salzburgerland.com\/magazin\/post\/ueber_die_geschichte_des_skifahrens","_links":{"self":[{"href":"https:\/\/www.salzburgerland.com\/de\/magazin\/wp-json\/wp\/v2\/posts\/138931","targetHints":{"allow":["GET"]}}],"collection":[{"href":"https:\/\/www.salzburgerland.com\/de\/magazin\/wp-json\/wp\/v2\/posts"}],"about":[{"href":"https:\/\/www.salzburgerland.com\/de\/magazin\/wp-json\/wp\/v2\/types\/post"}],"author":[{"embeddable":true,"href":"https:\/\/www.salzburgerland.com\/de\/magazin\/wp-json\/wp\/v2\/users\/226"}],"replies":[{"embeddable":true,"href":"https:\/\/www.salzburgerland.com\/de\/magazin\/wp-json\/wp\/v2\/comments?post=138931"}],"version-history":[{"count":1,"href":"https:\/\/www.salzburgerland.com\/de\/magazin\/wp-json\/wp\/v2\/posts\/138931\/revisions"}],"predecessor-version":[{"id":166050,"href":"https:\/\/www.salzburgerland.com\/de\/magazin\/wp-json\/wp\/v2\/posts\/138931\/revisions\/166050"}],"wp:featuredmedia":[{"embeddable":true,"href":"https:\/\/www.salzburgerland.com\/de\/magazin\/wp-json\/wp\/v2\/media\/138935"}],"wp:attachment":[{"href":"https:\/\/www.salzburgerland.com\/de\/magazin\/wp-json\/wp\/v2\/media?parent=138931"}],"wp:term":[{"taxonomy":"category","embeddable":true,"href":"https:\/\/www.salzburgerland.com\/de\/magazin\/wp-json\/wp\/v2\/categories?post=138931"},{"taxonomy":"post_tag","embeddable":true,"href":"https:\/\/www.salzburgerland.com\/de\/magazin\/wp-json\/wp\/v2\/tags?post=138931"},{"taxonomy":"wl_entity_type","embeddable":true,"href":"https:\/\/www.salzburgerland.com\/de\/magazin\/wp-json\/wp\/v2\/wl_entity_type?post=138931"},{"taxonomy":"monatsauswahl","embeddable":true,"href":"https:\/\/www.salzburgerland.com\/de\/magazin\/wp-json\/wp\/v2\/monatsauswahl?post=138931"}],"curies":[{"name":"wp","href":"https:\/\/api.w.org\/{rel}","templated":true}]}}