{"id":137836,"date":"2019-10-23T08:00:33","date_gmt":"2019-10-23T06:00:33","guid":{"rendered":"https:\/\/www.salzburgerland.com\/de\/magazin\/?p=137836"},"modified":"2020-03-06T09:59:31","modified_gmt":"2020-03-06T08:59:31","slug":"edelbraende-vom-bergbauernhof","status":"publish","type":"post","link":"https:\/\/www.salzburgerland.com\/de\/magazin\/edelbraende-vom-bergbauernhof\/","title":{"rendered":"Edelbr\u00e4nde vom Bergbauernhof"},"content":{"rendered":"\n<div class=\"wp-block-slt-top topBlocks\">\n<h2 class=\"wp-block-slt-subtitle\">Most, Saft, Schnaps und Essig vom Oberhaslachgut<\/h2>\n\n\n\n<p class=\"wp-block-slt-intro\">Brigitte und Matthias Buchegger sind Edelbrandsommeli\u00e8res. Die Obstbauern brennen auf dem Oberhaslachgut in Abtenau aus \u00c4pfeln, Birnen und Vogelbeeren wunderbare Edelbr\u00e4nde. F\u00fcr Saftliebhaber pressen sie unter anderem naturreine Apfel-, Hollunder und Johannesbeers\u00e4fte. Wer will, mietet das alte Bauernhaus oder das gem\u00fctliche Appartement und genie\u00dft die Ruhe in den Tennengauer Bergen.<\/p>\n<\/div>\n\n\n\n<p>Wenn im Herbst Nebelschwaden die Bergh\u00e4nge hinaufkriechen und feine Wassertr\u00f6pfchen wie Brillanten in filigranen Spinnennetzen funkeln, f\u00e4rbt die Natur die Landschaft bunt. Die Zeit der Ernte ist gekommen. Auf den sonnigen H\u00e4ngen des<a aria-label=\" (opens in a new tab)\" rel=\"noreferrer noopener\" href=\"https:\/\/www.buchegger-schnaps.at\/\" target=\"_blank\"> Oberhaslachgutes in Abtenau<\/a> duftet es bei meinem Besuch nach reifem Obst. \u00c4pfel, Birnen, Zwetschgen und Vogelbeeren t\u00fcrmen sich in gro\u00dfen Beh\u00e4ltern. Diese reifen und saftigen Fr\u00fcchte stammen nicht nur von den Obstb\u00e4umen des Bergbauernhofes, sondern aus ganz \u00d6sterreich. <\/p>\n\n\n\n<h2 class=\"wp-block-heading\">Hefebakterien verwandeln Zucker in Alkohol <\/h2>\n\n\n\n<p>Marillen gedeihen auf 860 Meter Seeh\u00f6he unter anderem an der Hauswand des alten Bauernhauses. Brigitte und Matthias haben diese im August geerntet und gemeinsam mit Marillen aus Nieder\u00f6sterreich eingemaischt. Der Schnapsbrenner \u00f6ffnet den Beh\u00e4lter mit diesen Fr\u00fcchten und r\u00fchrt um. Es duftet wunderbar nach s\u00fc\u00dfen Marillen.<\/p>\n\n\n\n<figure class=\"wp-block-image\"><img loading=\"lazy\" decoding=\"async\" width=\"2000\" height=\"1325\" src=\"https:\/\/www.salzburgerland.com\/de\/magazin\/wp-content\/uploads\/2019\/10\/Maische.jpg\" alt=\"Eine Hand h\u00e4lt einen Topf mit einer st\u00fcckigen orange-roten So\u00dfe oder einem Eintopf \u00fcber eine dunkle Fl\u00e4che.\" class=\"wp-image-137838\" srcset=\"https:\/\/www.salzburgerland.com\/de\/magazin\/wp-content\/uploads\/2019\/10\/Maische.jpg 2000w, https:\/\/www.salzburgerland.com\/de\/magazin\/wp-content\/uploads\/2019\/10\/Maische-300x199.jpg 300w, https:\/\/www.salzburgerland.com\/de\/magazin\/wp-content\/uploads\/2019\/10\/Maische-830x550.jpg 830w, https:\/\/www.salzburgerland.com\/de\/magazin\/wp-content\/uploads\/2019\/10\/Maische-604x400.jpg 604w, https:\/\/www.salzburgerland.com\/de\/magazin\/wp-content\/uploads\/2019\/10\/Maische-1320x875.jpg 1320w\" sizes=\"auto, (max-width: 2000px) 100vw, 2000px\" \/><figcaption>Eingemaischte Marillen<\/figcaption><\/figure>\n\n\n\n<p>Der Edelbrandsommeli\u00e8re l\u00e4sst die Maische einige Wochen im Beh\u00e4lter und r\u00fchrt immer wieder um. Damit bekommen die Hefebakterien gen\u00fcgend Sauerstoff und verwandeln den Zucker in Alkohol um. Wenn dieser Prozess abgeschlossen ist, beginnt die Destillation in der Kolonnenbrennerei. \u201eBei uns wird doppelt destilliert. Das zweite Destillat hat circa 60 Prozent Alkohol. Dieser Alkoholgehalt wird mit Quellwasser auf 41 Prozent reduziert&#8220;, sagt Matthias.<\/p>\n\n\n\n<h2 class=\"wp-block-heading\">K\u00f6nig der Edelbr\u00e4nde: Vogelbeerschnaps  <\/h2>\n\n\n\n<p>Vogelbeeren sind ebenfalls eingemaischt. Der Schnaps von diesen roten Beeren gilt als K\u00f6nig unter den Edelbr\u00e4nden und verf\u00fcgt \u00fcber eine charakteristische Marzipannote. Als Medizin soll er bei Verdauungs- und Wechselbeschwerden wahre Wunder bewirken. Er ist wegen des hohen Arbeitsaufwandes beim Sammeln, Verarbeiten der Fr\u00fcchte und der geringen Ausbeute beim Destillieren teuer. Denn f\u00fcr einen Liter Schnaps werden &#8211; je nach Reife und Gr\u00f6\u00dfe der Beeren &#8211; 30 bis 50 Kilogramm ben\u00f6tigt.<\/p>\n\n\n\n<h2 class=\"wp-block-heading\">Edle Br\u00e4nde und Lik\u00f6re kosten <\/h2>\n\n\n\n<p>Nach dem Rundgang durch die Destilliere kosten wir den Edelbrand aus Vogelbeeren im gem\u00fctlich eingerichteten St\u00fcberl und Verkaufsladen. \u201eEin Vogelbeerener renkt Magen und Seele\u201c, sagt Matthias augenzwinkernd. <\/p>\n\n\n\n<figure class=\"wp-block-image\"><img loading=\"lazy\" decoding=\"async\" width=\"2000\" height=\"1325\" src=\"https:\/\/www.salzburgerland.com\/de\/magazin\/wp-content\/uploads\/2019\/10\/Buchergger-2.jpg\" alt=\"Ein l\u00e4chelnder Mann im roten Hemd mit einem Glas in der Hand steht hinter Flaschen mit Obstbr\u00e4nden auf einem h\u00f6lzernen Bartresen.\" class=\"wp-image-137896\" srcset=\"https:\/\/www.salzburgerland.com\/de\/magazin\/wp-content\/uploads\/2019\/10\/Buchergger-2.jpg 2000w, https:\/\/www.salzburgerland.com\/de\/magazin\/wp-content\/uploads\/2019\/10\/Buchergger-2-300x199.jpg 300w, https:\/\/www.salzburgerland.com\/de\/magazin\/wp-content\/uploads\/2019\/10\/Buchergger-2-830x550.jpg 830w, https:\/\/www.salzburgerland.com\/de\/magazin\/wp-content\/uploads\/2019\/10\/Buchergger-2-604x400.jpg 604w, https:\/\/www.salzburgerland.com\/de\/magazin\/wp-content\/uploads\/2019\/10\/Buchergger-2-1320x875.jpg 1320w\" sizes=\"auto, (max-width: 2000px) 100vw, 2000px\" \/><figcaption>Matthias Buchegger mit Vogelbeerschnaps<\/figcaption><\/figure>\n\n\n\n<p>Und wirklich, dieser Brand w\u00e4rmt den Bauch und schmeckt wunderbar.&nbsp;<br>Die Edelbrandsommeli\u00e8res haben f\u00fcr Br\u00e4nde, Lik\u00f6re und S\u00e4fte zahlreiche Medaillen und Urkunden erhalten. \u201eIn jedem unserer hausgemachten Produkte steckt eine Menge Sorgfalt und Herzblut\u201c, sagen Brigitte und Matthias.<br>Durchschnittlich stellen die Obstbauern an die 60 verschiedene Br\u00e4nde, Lik\u00f6re und S\u00e4fte her. Ganze sechs Monate sind sie mit dem Schnapsbrennen besch\u00e4ftigt und bis Ende November wird noch Obst gepresst. <\/p>\n\n\n<div class=\"mag-gallery\"><div class=\"row\"><div class=\"col-6 col-sm-4\"><figure><a class=\"thumb-container\" href=\"https:\/\/www.salzburgerland.com\/de\/magazin\/wp-content\/uploads\/2019\/10\/DSC_7761-1-1280x1024.jpg\">\t<picture><source media=\"(min-width: 576px)\" srcset=\"https:\/\/www.salzburgerland.com\/de\/magazin\/wp-content\/uploads\/2019\/10\/DSC_7761-1-325x209.jpg 325w, https:\/\/www.salzburgerland.com\/de\/magazin\/wp-content\/uploads\/2019\/10\/DSC_7761-1-249x160.jpg 249w\"><\/source><source media=\"(min-width: 0)\" srcset=\"https:\/\/www.salzburgerland.com\/de\/magazin\/wp-content\/uploads\/2019\/10\/DSC_7761-1-249x160.jpg 249w, https:\/\/www.salzburgerland.com\/de\/magazin\/wp-content\/uploads\/2019\/10\/DSC_7761-1-325x209.jpg 325w\"><\/source><img decoding=\"async\" alt=\"Auf einem Holzregal stehen Schnapsflaschen mit einem Preisschild von 35 Euro.\" src=\"https:\/\/www.salzburgerland.com\/de\/magazin\/wp-content\/uploads\/2019\/10\/DSC_7761-1-scaled.jpg\">\t<\/picture><figcaption>Edelbr&auml;nde im Verkaufsraum<\/figcaption><\/a><\/figure><\/div><div class=\"col-6 col-sm-4\"><figure><a class=\"thumb-container\" href=\"https:\/\/www.salzburgerland.com\/de\/magazin\/wp-content\/uploads\/2019\/10\/DSC_7768-1280x1024.jpg\">\t<picture><source media=\"(min-width: 576px)\" srcset=\"https:\/\/www.salzburgerland.com\/de\/magazin\/wp-content\/uploads\/2019\/10\/DSC_7768-325x209.jpg 325w, https:\/\/www.salzburgerland.com\/de\/magazin\/wp-content\/uploads\/2019\/10\/DSC_7768-249x160.jpg 249w\"><\/source><source media=\"(min-width: 0)\" srcset=\"https:\/\/www.salzburgerland.com\/de\/magazin\/wp-content\/uploads\/2019\/10\/DSC_7768-249x160.jpg 249w, https:\/\/www.salzburgerland.com\/de\/magazin\/wp-content\/uploads\/2019\/10\/DSC_7768-325x209.jpg 325w\"><\/source><img decoding=\"async\" alt=\"Auf einem Regal stehen vier Flaschen Apfelsaft und eine gerahmte Urkunde, die ihnen eine Goldmedaille verleiht.\" src=\"https:\/\/www.salzburgerland.com\/de\/magazin\/wp-content\/uploads\/2019\/10\/DSC_7768-scaled.jpg\">\t<\/picture><figcaption>Pr&auml;mierte S&auml;fte&#8230;<\/figcaption><\/a><\/figure><\/div><div class=\"col-6 col-sm-4\"><figure><a class=\"thumb-container\" href=\"https:\/\/www.salzburgerland.com\/de\/magazin\/wp-content\/uploads\/2019\/10\/DSC_7760-1280x1024.jpg\">\t<picture><source media=\"(min-width: 576px)\" srcset=\"https:\/\/www.salzburgerland.com\/de\/magazin\/wp-content\/uploads\/2019\/10\/DSC_7760-325x209.jpg 325w, https:\/\/www.salzburgerland.com\/de\/magazin\/wp-content\/uploads\/2019\/10\/DSC_7760-249x160.jpg 249w\"><\/source><source media=\"(min-width: 0)\" srcset=\"https:\/\/www.salzburgerland.com\/de\/magazin\/wp-content\/uploads\/2019\/10\/DSC_7760-249x160.jpg 249w, https:\/\/www.salzburgerland.com\/de\/magazin\/wp-content\/uploads\/2019\/10\/DSC_7760-325x209.jpg 325w\"><\/source><img decoding=\"async\" alt=\"Flaschen mit Rum und Obstbranntwein auf einem Holzregal mit einem Schild und kleinen Jutes&auml;cken, die dar&uuml;ber h&auml;ngen.\" src=\"https:\/\/www.salzburgerland.com\/de\/magazin\/wp-content\/uploads\/2019\/10\/DSC_7760-scaled.jpg\">\t<\/picture><figcaption>&hellip; und Schn&auml;pse<\/figcaption><\/a><\/figure><\/div><\/div><figcaption><\/figcaption><\/div>\n\n\n\n<h2 class=\"wp-block-heading\">Urlaub abseits des Trubels <\/h2>\n\n\n\n<p>F\u00fcr Kenner und f\u00fcr Interessierte bieten Matthias und Brigitte die M\u00f6glichkeit der Verkostung von unterschiedlichen Schn\u00e4psen oder Lik\u00f6ren an. Zu dieser Verkostung servieren die Bauersleute eine herzhafte Jause.<br>Wer nach dem Schnaps kosten lieber auf dem Hof \u00fcbernachten oder gleich seinen Urlaub verbringen m\u00f6chte, mietet das alte Bauernhaus oder das Appartement. Die Ruhe der Natur l\u00e4dt zum Genie\u00dfen und Seele baumeln lassen ein. F\u00fcr Wanderer gibt es unz\u00e4hlige M\u00f6glichkeiten mit vielen gem\u00fctlichen Gastst\u00e4tten und Almh\u00fctten. <br>Zu kaufen gibt die Edelbr\u00e4nde, S\u00e4fte und Lik\u00f6re ab Hof oder aber man bestellt diese <a aria-label=\" (opens in a new tab)\" href=\"https:\/\/www.buchegger-schnaps.at\/\" target=\"_blank\" rel=\"noreferrer noopener\">online <\/a>und l\u00e4sst sich die Waren bis vor die Haust\u00fcr liefern. <\/p>\n\n\n<div class=\"mag-gallery\"><div class=\"row\"><div class=\"col-6 col-sm-4\"><figure><a class=\"thumb-container\" href=\"https:\/\/www.salzburgerland.com\/de\/magazin\/wp-content\/uploads\/2019\/10\/Buchergger_2-1280x1024.jpg\">\t<picture><source media=\"(min-width: 576px)\" srcset=\"https:\/\/www.salzburgerland.com\/de\/magazin\/wp-content\/uploads\/2019\/10\/Buchergger_2-325x209.jpg 325w, https:\/\/www.salzburgerland.com\/de\/magazin\/wp-content\/uploads\/2019\/10\/Buchergger_2-249x160.jpg 249w\"><\/source><source media=\"(min-width: 0)\" srcset=\"https:\/\/www.salzburgerland.com\/de\/magazin\/wp-content\/uploads\/2019\/10\/Buchergger_2-249x160.jpg 249w, https:\/\/www.salzburgerland.com\/de\/magazin\/wp-content\/uploads\/2019\/10\/Buchergger_2-325x209.jpg 325w\"><\/source><img decoding=\"async\" alt=\"Holzt&uuml;r mit kleinem Fenster, Pflanzen in der N&auml;he und Brennerei Buchegger an der wei&szlig;en Wand.\" src=\"https:\/\/www.salzburgerland.com\/de\/magazin\/wp-content\/uploads\/2019\/10\/Buchergger_2.jpg\">\t<\/picture><figcaption>Schnapsbrennerei Buchegger<\/figcaption><\/a><\/figure><\/div><div class=\"col-6 col-sm-4\"><figure><a class=\"thumb-container\" href=\"https:\/\/www.salzburgerland.com\/de\/magazin\/wp-content\/uploads\/2019\/10\/DSC_7719-1280x1024.jpg\">\t<picture><source media=\"(min-width: 576px)\" srcset=\"https:\/\/www.salzburgerland.com\/de\/magazin\/wp-content\/uploads\/2019\/10\/DSC_7719-325x209.jpg 325w, https:\/\/www.salzburgerland.com\/de\/magazin\/wp-content\/uploads\/2019\/10\/DSC_7719-249x160.jpg 249w\"><\/source><source media=\"(min-width: 0)\" srcset=\"https:\/\/www.salzburgerland.com\/de\/magazin\/wp-content\/uploads\/2019\/10\/DSC_7719-249x160.jpg 249w, https:\/\/www.salzburgerland.com\/de\/magazin\/wp-content\/uploads\/2019\/10\/DSC_7719-325x209.jpg 325w\"><\/source><img decoding=\"async\" alt=\"L&auml;chelnder Mann im roten Hemd, der einen Topf mit Lebensmitteln in der Hand h&auml;lt und in einem Lagerraum mit blauen F&auml;ssern steht.\" src=\"https:\/\/www.salzburgerland.com\/de\/magazin\/wp-content\/uploads\/2019\/10\/DSC_7719-scaled.jpg\">\t<\/picture><figcaption>Matthias sch&ouml;pft Maische<\/figcaption><\/a><\/figure><\/div><div class=\"col-6 col-sm-4\"><figure><a class=\"thumb-container\" href=\"https:\/\/www.salzburgerland.com\/de\/magazin\/wp-content\/uploads\/2019\/10\/Kolonnenbrennerei_1-1280x1024.jpg\">\t<picture><source media=\"(min-width: 576px)\" srcset=\"https:\/\/www.salzburgerland.com\/de\/magazin\/wp-content\/uploads\/2019\/10\/Kolonnenbrennerei_1-325x209.jpg 325w, https:\/\/www.salzburgerland.com\/de\/magazin\/wp-content\/uploads\/2019\/10\/Kolonnenbrennerei_1-249x160.jpg 249w\"><\/source><source media=\"(min-width: 0)\" srcset=\"https:\/\/www.salzburgerland.com\/de\/magazin\/wp-content\/uploads\/2019\/10\/Kolonnenbrennerei_1-249x160.jpg 249w, https:\/\/www.salzburgerland.com\/de\/magazin\/wp-content\/uploads\/2019\/10\/Kolonnenbrennerei_1-325x209.jpg 325w\"><\/source><img decoding=\"async\" alt=\"Ein Destillationsapparat aus Kupfer und Stahl in einem rustikalen, gut beleuchteten Raum mit Holzbalken.\" src=\"https:\/\/www.salzburgerland.com\/de\/magazin\/wp-content\/uploads\/2019\/10\/Kolonnenbrennerei_1.jpg\">\t<\/picture><figcaption>Kolonnenbrennerei<\/figcaption><\/a><\/figure><\/div><div class=\"col-6 col-sm-4\"><figure><a class=\"thumb-container\" href=\"https:\/\/www.salzburgerland.com\/de\/magazin\/wp-content\/uploads\/2019\/10\/Matthias-Buchegger_3-1280x1024.jpg\">\t<picture><source media=\"(min-width: 576px)\" srcset=\"https:\/\/www.salzburgerland.com\/de\/magazin\/wp-content\/uploads\/2019\/10\/Matthias-Buchegger_3-325x209.jpg 325w, https:\/\/www.salzburgerland.com\/de\/magazin\/wp-content\/uploads\/2019\/10\/Matthias-Buchegger_3-249x160.jpg 249w\"><\/source><source media=\"(min-width: 0)\" srcset=\"https:\/\/www.salzburgerland.com\/de\/magazin\/wp-content\/uploads\/2019\/10\/Matthias-Buchegger_3-249x160.jpg 249w, https:\/\/www.salzburgerland.com\/de\/magazin\/wp-content\/uploads\/2019\/10\/Matthias-Buchegger_3-325x209.jpg 325w\"><\/source><img decoding=\"async\" alt=\"Ein Mann in einem roten Hemd steht in einem gut beleuchteten Raum neben einer gro&szlig;en kupfernen Destillieranlage.\" src=\"https:\/\/www.salzburgerland.com\/de\/magazin\/wp-content\/uploads\/2019\/10\/Matthias-Buchegger_3.jpg\">\t<\/picture><figcaption>Sobald die Fr&uuml;chte reif genug sind, brennt Haslerbauer Matthias Buchegger in der Kolonnenbrennerei den Vogelbeerschnaps.<\/figcaption><\/a><\/figure><\/div><div class=\"col-6 col-sm-4\"><figure><a class=\"thumb-container\" href=\"https:\/\/www.salzburgerland.com\/de\/magazin\/wp-content\/uploads\/2019\/10\/Buchergger_3-1280x1024.jpg\">\t<picture><source media=\"(min-width: 576px)\" srcset=\"https:\/\/www.salzburgerland.com\/de\/magazin\/wp-content\/uploads\/2019\/10\/Buchergger_3-325x209.jpg 325w, https:\/\/www.salzburgerland.com\/de\/magazin\/wp-content\/uploads\/2019\/10\/Buchergger_3-249x160.jpg 249w\"><\/source><source media=\"(min-width: 0)\" srcset=\"https:\/\/www.salzburgerland.com\/de\/magazin\/wp-content\/uploads\/2019\/10\/Buchergger_3-249x160.jpg 249w, https:\/\/www.salzburgerland.com\/de\/magazin\/wp-content\/uploads\/2019\/10\/Buchergger_3-325x209.jpg 325w\"><\/source><img decoding=\"async\" alt=\"Auf einem Steinschild auf Holz ist zu lesen: Frucht ist die Kunst aus der Natur, Schnaps ist Lebensfreude pur!.\" src=\"https:\/\/www.salzburgerland.com\/de\/magazin\/wp-content\/uploads\/2019\/10\/Buchergger_3.jpg\">\t<\/picture><figcaption>Dekorationen zieren die Schnapsbrennerei Buchegger<\/figcaption><\/a><\/figure><\/div><div class=\"col-6 col-sm-4\"><figure><a class=\"thumb-container\" href=\"https:\/\/www.salzburgerland.com\/de\/magazin\/wp-content\/uploads\/2019\/10\/Buchergger_4-1280x1024.jpg\">\t<picture><source media=\"(min-width: 576px)\" srcset=\"https:\/\/www.salzburgerland.com\/de\/magazin\/wp-content\/uploads\/2019\/10\/Buchergger_4-325x209.jpg 325w, https:\/\/www.salzburgerland.com\/de\/magazin\/wp-content\/uploads\/2019\/10\/Buchergger_4-249x160.jpg 249w\"><\/source><source media=\"(min-width: 0)\" srcset=\"https:\/\/www.salzburgerland.com\/de\/magazin\/wp-content\/uploads\/2019\/10\/Buchergger_4-249x160.jpg 249w, https:\/\/www.salzburgerland.com\/de\/magazin\/wp-content\/uploads\/2019\/10\/Buchergger_4-325x209.jpg 325w\"><\/source><img decoding=\"async\" alt=\"Ein Pl&uuml;schzwerg und gl&auml;nzende Apfelornamente stehen auf einem Holzregal zwischen Glasflaschen und Dekoration.\" src=\"https:\/\/www.salzburgerland.com\/de\/magazin\/wp-content\/uploads\/2019\/10\/Buchergger_4.jpg\">\t<\/picture><figcaption>Verkostungs- und Verkaufladen<\/figcaption><\/a><\/figure><\/div><\/div><figcaption><\/figcaption><\/div>\n\n\n\n<p>Fotos \u00a9 Christine Fr\u00f6schl<\/p>\n","protected":false},"excerpt":{"rendered":"<p>Wenn im Herbst Nebelschwaden die Bergh\u00e4nge hinaufkriechen und feine Wassertr\u00f6pfchen wie Brillanten in filigranen Spinnennetzen funkeln, f\u00e4rbt die Natur die Landschaft bunt. Die Zeit der Ernte ist gekommen. Auf den sonnigen H\u00e4ngen des Oberhaslachgutes in Abtenau duftet es bei meinem Besuch nach reifem Obst. \u00c4pfel, Birnen, Zwetschgen und Vogelbeeren t\u00fcrmen sich in gro\u00dfen Beh\u00e4ltern. Diese [&hellip;]<\/p>\n","protected":false},"author":236,"featured_media":137894,"comment_status":"open","ping_status":"closed","sticky":false,"template":"","format":"standard","meta":{"_acf_changed":false,"wl_entities_gutenberg":"","_wl_entity_redirect_enabled":"","footnotes":""},"categories":[3],"tags":[2002],"wl_entity_type":[306],"monatsauswahl":[82,83,84,85,86,87,88,89,90,91,92,93],"class_list":["post-137836","post","type-post","status-publish","format-standard","has-post-thumbnail","hentry","category-essen-trinken","tag-kulinarik","wl_entity_type-article","monatsauswahl-monat_1","monatsauswahl-monat_2","monatsauswahl-monat_3","monatsauswahl-monat_4","monatsauswahl-monat_5","monatsauswahl-monat_6","monatsauswahl-monat_7","monatsauswahl-monat_8","monatsauswahl-monat_9","monatsauswahl-monat_10","monatsauswahl-monat_11","monatsauswahl-monat_12"],"acf":[],"yoast_head":"<!-- This site is optimized with the Yoast SEO Premium plugin v27.4 (Yoast SEO v27.4) - https:\/\/yoast.com\/product\/yoast-seo-premium-wordpress\/ -->\n<title>Edelbr\u00e4nde vom Bergbauernhof - SalzburgerLand Magazin<\/title>\n<meta name=\"robots\" content=\"index, follow, max-snippet:-1, max-image-preview:large, max-video-preview:-1\" \/>\n<link rel=\"canonical\" href=\"https:\/\/www.salzburgerland.com\/de\/magazin\/edelbraende-vom-bergbauernhof\/\" \/>\n<meta property=\"og:locale\" content=\"de_DE\" \/>\n<meta property=\"og:type\" content=\"article\" \/>\n<meta property=\"og:title\" content=\"Edelbr\u00e4nde vom Bergbauernhof\" \/>\n<meta property=\"og:description\" content=\"Wenn im Herbst Nebelschwaden die Bergh\u00e4nge hinaufkriechen und feine Wassertr\u00f6pfchen wie Brillanten in filigranen Spinnennetzen funkeln, f\u00e4rbt die Natur die Landschaft bunt. Die Zeit der Ernte ist gekommen. Auf den sonnigen H\u00e4ngen des Oberhaslachgutes in Abtenau duftet es bei meinem Besuch nach reifem Obst. \u00c4pfel, Birnen, Zwetschgen und Vogelbeeren t\u00fcrmen sich in gro\u00dfen Beh\u00e4ltern. Diese [&hellip;]\" \/>\n<meta property=\"og:url\" content=\"https:\/\/www.salzburgerland.com\/de\/magazin\/edelbraende-vom-bergbauernhof\/\" \/>\n<meta property=\"og:site_name\" content=\"SalzburgerLand Magazin\" \/>\n<meta property=\"article:publisher\" content=\"https:\/\/www.facebook.com\/salzburgerland\/\" \/>\n<meta property=\"article:published_time\" content=\"2019-10-23T06:00:33+00:00\" \/>\n<meta property=\"article:modified_time\" content=\"2020-03-06T08:59:31+00:00\" \/>\n<meta property=\"og:image\" content=\"https:\/\/www.salzburgerland.com\/de\/magazin\/wp-content\/uploads\/2019\/10\/Matthias-und-Brigitte-Buchegger.jpg\" \/>\n\t<meta property=\"og:image:width\" content=\"900\" \/>\n\t<meta property=\"og:image:height\" content=\"746\" \/>\n\t<meta property=\"og:image:type\" content=\"image\/jpeg\" \/>\n<meta name=\"author\" content=\"Christine Fr\u00f6schl\" \/>\n<meta name=\"twitter:card\" content=\"summary_large_image\" \/>\n<meta name=\"twitter:creator\" content=\"@Salzburgerland\" \/>\n<meta name=\"twitter:site\" content=\"@Salzburgerland\" \/>\n<meta name=\"twitter:label1\" content=\"Verfasst von\" \/>\n\t<meta name=\"twitter:data1\" content=\"Christine Fr\u00f6schl\" \/>\n\t<meta name=\"twitter:label2\" content=\"Gesch\u00e4tzte Lesezeit\" \/>\n\t<meta name=\"twitter:data2\" content=\"3\u00a0Minuten\" \/>\n<script type=\"application\/ld+json\" class=\"yoast-schema-graph\">{\"@context\":\"https:\\\/\\\/schema.org\",\"@graph\":[{\"@type\":\"Article\",\"@id\":\"https:\\\/\\\/www.salzburgerland.com\\\/de\\\/magazin\\\/edelbraende-vom-bergbauernhof\\\/#article\",\"isPartOf\":{\"@id\":\"https:\\\/\\\/www.salzburgerland.com\\\/de\\\/magazin\\\/edelbraende-vom-bergbauernhof\\\/\"},\"author\":{\"name\":\"Christine Fr\u00f6schl\",\"@id\":\"https:\\\/\\\/www.salzburgerland.com\\\/de\\\/magazin\\\/#\\\/schema\\\/person\\\/7932db74f19d9640620859cb2b794c4e\"},\"headline\":\"Edelbr\u00e4nde vom Bergbauernhof\",\"datePublished\":\"2019-10-23T06:00:33+00:00\",\"dateModified\":\"2020-03-06T08:59:31+00:00\",\"mainEntityOfPage\":{\"@id\":\"https:\\\/\\\/www.salzburgerland.com\\\/de\\\/magazin\\\/edelbraende-vom-bergbauernhof\\\/\"},\"wordCount\":640,\"commentCount\":0,\"publisher\":{\"@id\":\"https:\\\/\\\/www.salzburgerland.com\\\/de\\\/magazin\\\/#organization\"},\"image\":{\"@id\":\"https:\\\/\\\/www.salzburgerland.com\\\/de\\\/magazin\\\/edelbraende-vom-bergbauernhof\\\/#primaryimage\"},\"thumbnailUrl\":\"https:\\\/\\\/www.salzburgerland.com\\\/de\\\/magazin\\\/wp-content\\\/uploads\\\/2019\\\/10\\\/Matthias-und-Brigitte-Buchegger.jpg\",\"keywords\":[\"Kulinarik\"],\"articleSection\":[\"Essen &amp; Trinken\"],\"inLanguage\":\"de\",\"potentialAction\":[{\"@type\":\"CommentAction\",\"name\":\"Comment\",\"target\":[\"https:\\\/\\\/www.salzburgerland.com\\\/de\\\/magazin\\\/edelbraende-vom-bergbauernhof\\\/#respond\"]}]},{\"@type\":\"WebPage\",\"@id\":\"https:\\\/\\\/www.salzburgerland.com\\\/de\\\/magazin\\\/edelbraende-vom-bergbauernhof\\\/\",\"url\":\"https:\\\/\\\/www.salzburgerland.com\\\/de\\\/magazin\\\/edelbraende-vom-bergbauernhof\\\/\",\"name\":\"Edelbr\u00e4nde vom Bergbauernhof - SalzburgerLand Magazin\",\"isPartOf\":{\"@id\":\"https:\\\/\\\/www.salzburgerland.com\\\/de\\\/magazin\\\/#website\"},\"primaryImageOfPage\":{\"@id\":\"https:\\\/\\\/www.salzburgerland.com\\\/de\\\/magazin\\\/edelbraende-vom-bergbauernhof\\\/#primaryimage\"},\"image\":{\"@id\":\"https:\\\/\\\/www.salzburgerland.com\\\/de\\\/magazin\\\/edelbraende-vom-bergbauernhof\\\/#primaryimage\"},\"thumbnailUrl\":\"https:\\\/\\\/www.salzburgerland.com\\\/de\\\/magazin\\\/wp-content\\\/uploads\\\/2019\\\/10\\\/Matthias-und-Brigitte-Buchegger.jpg\",\"datePublished\":\"2019-10-23T06:00:33+00:00\",\"dateModified\":\"2020-03-06T08:59:31+00:00\",\"breadcrumb\":{\"@id\":\"https:\\\/\\\/www.salzburgerland.com\\\/de\\\/magazin\\\/edelbraende-vom-bergbauernhof\\\/#breadcrumb\"},\"inLanguage\":\"de\",\"potentialAction\":[{\"@type\":\"ReadAction\",\"target\":[\"https:\\\/\\\/www.salzburgerland.com\\\/de\\\/magazin\\\/edelbraende-vom-bergbauernhof\\\/\"]}]},{\"@type\":\"ImageObject\",\"inLanguage\":\"de\",\"@id\":\"https:\\\/\\\/www.salzburgerland.com\\\/de\\\/magazin\\\/edelbraende-vom-bergbauernhof\\\/#primaryimage\",\"url\":\"https:\\\/\\\/www.salzburgerland.com\\\/de\\\/magazin\\\/wp-content\\\/uploads\\\/2019\\\/10\\\/Matthias-und-Brigitte-Buchegger.jpg\",\"contentUrl\":\"https:\\\/\\\/www.salzburgerland.com\\\/de\\\/magazin\\\/wp-content\\\/uploads\\\/2019\\\/10\\\/Matthias-und-Brigitte-Buchegger.jpg\",\"width\":900,\"height\":746,\"caption\":\"Die Haslerbauern Brigitte und Matthias Buchegger verkosten in ihrem Hofladen den Vogelbeerschnaps.\"},{\"@type\":\"BreadcrumbList\",\"@id\":\"https:\\\/\\\/www.salzburgerland.com\\\/de\\\/magazin\\\/edelbraende-vom-bergbauernhof\\\/#breadcrumb\",\"itemListElement\":[{\"@type\":\"ListItem\",\"position\":1,\"name\":\"Startseite\",\"item\":\"https:\\\/\\\/www.salzburgerland.com\\\/de\\\/magazin\\\/\"},{\"@type\":\"ListItem\",\"position\":2,\"name\":\"Essen &amp; Trinken\",\"item\":\"https:\\\/\\\/www.salzburgerland.com\\\/de\\\/magazin\\\/thema\\\/essen-trinken\\\/\"},{\"@type\":\"ListItem\",\"position\":3,\"name\":\"Edelbr\u00e4nde vom Bergbauernhof\"}]},{\"@type\":\"WebSite\",\"@id\":\"https:\\\/\\\/www.salzburgerland.com\\\/de\\\/magazin\\\/#website\",\"url\":\"https:\\\/\\\/www.salzburgerland.com\\\/de\\\/magazin\\\/\",\"name\":\"SalzburgerLand Magazin\",\"description\":\"Geschichten und Interessantes aus dem SalzburgerLand\",\"publisher\":{\"@id\":\"https:\\\/\\\/www.salzburgerland.com\\\/de\\\/magazin\\\/#organization\"},\"potentialAction\":[{\"@type\":\"SearchAction\",\"target\":{\"@type\":\"EntryPoint\",\"urlTemplate\":\"https:\\\/\\\/www.salzburgerland.com\\\/de\\\/magazin\\\/?s={search_term_string}\"},\"query-input\":{\"@type\":\"PropertyValueSpecification\",\"valueRequired\":true,\"valueName\":\"search_term_string\"}}],\"inLanguage\":\"de\"},{\"@type\":\"Organization\",\"@id\":\"https:\\\/\\\/www.salzburgerland.com\\\/de\\\/magazin\\\/#organization\",\"name\":\"SalzburgerLand Tourismus\",\"url\":\"https:\\\/\\\/www.salzburgerland.com\\\/de\\\/magazin\\\/\",\"logo\":{\"@type\":\"ImageObject\",\"inLanguage\":\"de\",\"@id\":\"https:\\\/\\\/www.salzburgerland.com\\\/de\\\/magazin\\\/#\\\/schema\\\/logo\\\/image\\\/\",\"url\":\"https:\\\/\\\/www.salzburgerland.com\\\/de\\\/magazin\\\/wp-content\\\/uploads\\\/2019\\\/06\\\/salzburgerland-logo1.jpg\",\"contentUrl\":\"https:\\\/\\\/www.salzburgerland.com\\\/de\\\/magazin\\\/wp-content\\\/uploads\\\/2019\\\/06\\\/salzburgerland-logo1.jpg\",\"width\":2011,\"height\":866,\"caption\":\"SalzburgerLand Tourismus\"},\"image\":{\"@id\":\"https:\\\/\\\/www.salzburgerland.com\\\/de\\\/magazin\\\/#\\\/schema\\\/logo\\\/image\\\/\"},\"sameAs\":[\"https:\\\/\\\/www.facebook.com\\\/salzburgerland\\\/\",\"https:\\\/\\\/x.com\\\/Salzburgerland\",\"https:\\\/\\\/www.instagram.com\\\/salzburgerland\\\/\",\"https:\\\/\\\/at.linkedin.com\\\/company\\\/salzburgerland-tourismus-gmbh\",\"https:\\\/\\\/www.pinterest.at\\\/salzburgerland\\\/\",\"https:\\\/\\\/www.youtube.com\\\/user\\\/salzburgerland\",\"https:\\\/\\\/de.wikipedia.org\\\/wiki\\\/SalzburgerLand_Tourismus_GmbH\"]},{\"@type\":\"Person\",\"@id\":\"https:\\\/\\\/www.salzburgerland.com\\\/de\\\/magazin\\\/#\\\/schema\\\/person\\\/7932db74f19d9640620859cb2b794c4e\",\"name\":\"Christine Fr\u00f6schl\",\"description\":\"Dein pers\u00f6nlicher Logenplatz im SalzburgerLand? Am liebsten gehe ich auf den Einberg im Salzburger Tennengau. Der Berg in der Osterhorn-Gruppe gl\u00e4nzt das ganze Jahr im Sonnenschein, auf dem Gipfel heben Paragleiter ab und die Aussicht auf das Tennengebirge, den Dachstein und die Bischofsm\u00fctze ist traumhaft. Dosige(r) oder Zuagroast? Zuagroast aus dem sch\u00f6nen Nieder\u00f6sterreich. Fr\u00fchling, Sommer, Herbst oder Winter? Alle Jahreszeiten begeistern mich. Momentan freue ich mich auf den Fr\u00fchling, das Zwitschern der V\u00f6gel und auf die sattgr\u00fcnen Wiesen. Salzburger Nockerl oder Schwarzbeernocken? Eindeutig Schwarzbeernocken. Rindsroulade vom Pinzgauer Biorind oder Saibling fangfrisch aus dem Fuschlsee? Mhhhh. Da kann ich mich nicht entscheiden. Bergtour oder Seentour? Mich zieht es auf jeden Fall hinauf. Begeistert bin ich auch von tiefblauen Bergseen in denen sich die Umgebung spiegelt und von der Aussicht w\u00e4hrend des Weges auf einen der wundersch\u00f6nen Seen im Salzburger Land.\",\"url\":\"https:\\\/\\\/www.salzburgerland.com\\\/de\\\/magazin\\\/author\\\/christine-froeschl\\\/\"}]}<\/script>\n<!-- \/ Yoast SEO Premium plugin. -->","yoast_head_json":{"title":"Edelbr\u00e4nde vom Bergbauernhof - SalzburgerLand Magazin","robots":{"index":"index","follow":"follow","max-snippet":"max-snippet:-1","max-image-preview":"max-image-preview:large","max-video-preview":"max-video-preview:-1"},"canonical":"https:\/\/www.salzburgerland.com\/de\/magazin\/edelbraende-vom-bergbauernhof\/","og_locale":"de_DE","og_type":"article","og_title":"Edelbr\u00e4nde vom Bergbauernhof","og_description":"Wenn im Herbst Nebelschwaden die Bergh\u00e4nge hinaufkriechen und feine Wassertr\u00f6pfchen wie Brillanten in filigranen Spinnennetzen funkeln, f\u00e4rbt die Natur die Landschaft bunt. Die Zeit der Ernte ist gekommen. Auf den sonnigen H\u00e4ngen des Oberhaslachgutes in Abtenau duftet es bei meinem Besuch nach reifem Obst. \u00c4pfel, Birnen, Zwetschgen und Vogelbeeren t\u00fcrmen sich in gro\u00dfen Beh\u00e4ltern. Diese [&hellip;]","og_url":"https:\/\/www.salzburgerland.com\/de\/magazin\/edelbraende-vom-bergbauernhof\/","og_site_name":"SalzburgerLand Magazin","article_publisher":"https:\/\/www.facebook.com\/salzburgerland\/","article_published_time":"2019-10-23T06:00:33+00:00","article_modified_time":"2020-03-06T08:59:31+00:00","og_image":[{"width":900,"height":746,"url":"https:\/\/www.salzburgerland.com\/de\/magazin\/wp-content\/uploads\/2019\/10\/Matthias-und-Brigitte-Buchegger.jpg","type":"image\/jpeg"}],"author":"Christine Fr\u00f6schl","twitter_card":"summary_large_image","twitter_creator":"@Salzburgerland","twitter_site":"@Salzburgerland","twitter_misc":{"Verfasst von":"Christine Fr\u00f6schl","Gesch\u00e4tzte Lesezeit":"3\u00a0Minuten"},"schema":{"@context":"https:\/\/schema.org","@graph":[{"@type":"Article","@id":"https:\/\/www.salzburgerland.com\/de\/magazin\/edelbraende-vom-bergbauernhof\/#article","isPartOf":{"@id":"https:\/\/www.salzburgerland.com\/de\/magazin\/edelbraende-vom-bergbauernhof\/"},"author":{"name":"Christine Fr\u00f6schl","@id":"https:\/\/www.salzburgerland.com\/de\/magazin\/#\/schema\/person\/7932db74f19d9640620859cb2b794c4e"},"headline":"Edelbr\u00e4nde vom Bergbauernhof","datePublished":"2019-10-23T06:00:33+00:00","dateModified":"2020-03-06T08:59:31+00:00","mainEntityOfPage":{"@id":"https:\/\/www.salzburgerland.com\/de\/magazin\/edelbraende-vom-bergbauernhof\/"},"wordCount":640,"commentCount":0,"publisher":{"@id":"https:\/\/www.salzburgerland.com\/de\/magazin\/#organization"},"image":{"@id":"https:\/\/www.salzburgerland.com\/de\/magazin\/edelbraende-vom-bergbauernhof\/#primaryimage"},"thumbnailUrl":"https:\/\/www.salzburgerland.com\/de\/magazin\/wp-content\/uploads\/2019\/10\/Matthias-und-Brigitte-Buchegger.jpg","keywords":["Kulinarik"],"articleSection":["Essen &amp; Trinken"],"inLanguage":"de","potentialAction":[{"@type":"CommentAction","name":"Comment","target":["https:\/\/www.salzburgerland.com\/de\/magazin\/edelbraende-vom-bergbauernhof\/#respond"]}]},{"@type":"WebPage","@id":"https:\/\/www.salzburgerland.com\/de\/magazin\/edelbraende-vom-bergbauernhof\/","url":"https:\/\/www.salzburgerland.com\/de\/magazin\/edelbraende-vom-bergbauernhof\/","name":"Edelbr\u00e4nde vom Bergbauernhof - SalzburgerLand Magazin","isPartOf":{"@id":"https:\/\/www.salzburgerland.com\/de\/magazin\/#website"},"primaryImageOfPage":{"@id":"https:\/\/www.salzburgerland.com\/de\/magazin\/edelbraende-vom-bergbauernhof\/#primaryimage"},"image":{"@id":"https:\/\/www.salzburgerland.com\/de\/magazin\/edelbraende-vom-bergbauernhof\/#primaryimage"},"thumbnailUrl":"https:\/\/www.salzburgerland.com\/de\/magazin\/wp-content\/uploads\/2019\/10\/Matthias-und-Brigitte-Buchegger.jpg","datePublished":"2019-10-23T06:00:33+00:00","dateModified":"2020-03-06T08:59:31+00:00","breadcrumb":{"@id":"https:\/\/www.salzburgerland.com\/de\/magazin\/edelbraende-vom-bergbauernhof\/#breadcrumb"},"inLanguage":"de","potentialAction":[{"@type":"ReadAction","target":["https:\/\/www.salzburgerland.com\/de\/magazin\/edelbraende-vom-bergbauernhof\/"]}]},{"@type":"ImageObject","inLanguage":"de","@id":"https:\/\/www.salzburgerland.com\/de\/magazin\/edelbraende-vom-bergbauernhof\/#primaryimage","url":"https:\/\/www.salzburgerland.com\/de\/magazin\/wp-content\/uploads\/2019\/10\/Matthias-und-Brigitte-Buchegger.jpg","contentUrl":"https:\/\/www.salzburgerland.com\/de\/magazin\/wp-content\/uploads\/2019\/10\/Matthias-und-Brigitte-Buchegger.jpg","width":900,"height":746,"caption":"Die Haslerbauern Brigitte und Matthias Buchegger verkosten in ihrem Hofladen den Vogelbeerschnaps."},{"@type":"BreadcrumbList","@id":"https:\/\/www.salzburgerland.com\/de\/magazin\/edelbraende-vom-bergbauernhof\/#breadcrumb","itemListElement":[{"@type":"ListItem","position":1,"name":"Startseite","item":"https:\/\/www.salzburgerland.com\/de\/magazin\/"},{"@type":"ListItem","position":2,"name":"Essen &amp; Trinken","item":"https:\/\/www.salzburgerland.com\/de\/magazin\/thema\/essen-trinken\/"},{"@type":"ListItem","position":3,"name":"Edelbr\u00e4nde vom Bergbauernhof"}]},{"@type":"WebSite","@id":"https:\/\/www.salzburgerland.com\/de\/magazin\/#website","url":"https:\/\/www.salzburgerland.com\/de\/magazin\/","name":"SalzburgerLand Magazin","description":"Geschichten und Interessantes aus dem SalzburgerLand","publisher":{"@id":"https:\/\/www.salzburgerland.com\/de\/magazin\/#organization"},"potentialAction":[{"@type":"SearchAction","target":{"@type":"EntryPoint","urlTemplate":"https:\/\/www.salzburgerland.com\/de\/magazin\/?s={search_term_string}"},"query-input":{"@type":"PropertyValueSpecification","valueRequired":true,"valueName":"search_term_string"}}],"inLanguage":"de"},{"@type":"Organization","@id":"https:\/\/www.salzburgerland.com\/de\/magazin\/#organization","name":"SalzburgerLand Tourismus","url":"https:\/\/www.salzburgerland.com\/de\/magazin\/","logo":{"@type":"ImageObject","inLanguage":"de","@id":"https:\/\/www.salzburgerland.com\/de\/magazin\/#\/schema\/logo\/image\/","url":"https:\/\/www.salzburgerland.com\/de\/magazin\/wp-content\/uploads\/2019\/06\/salzburgerland-logo1.jpg","contentUrl":"https:\/\/www.salzburgerland.com\/de\/magazin\/wp-content\/uploads\/2019\/06\/salzburgerland-logo1.jpg","width":2011,"height":866,"caption":"SalzburgerLand Tourismus"},"image":{"@id":"https:\/\/www.salzburgerland.com\/de\/magazin\/#\/schema\/logo\/image\/"},"sameAs":["https:\/\/www.facebook.com\/salzburgerland\/","https:\/\/x.com\/Salzburgerland","https:\/\/www.instagram.com\/salzburgerland\/","https:\/\/at.linkedin.com\/company\/salzburgerland-tourismus-gmbh","https:\/\/www.pinterest.at\/salzburgerland\/","https:\/\/www.youtube.com\/user\/salzburgerland","https:\/\/de.wikipedia.org\/wiki\/SalzburgerLand_Tourismus_GmbH"]},{"@type":"Person","@id":"https:\/\/www.salzburgerland.com\/de\/magazin\/#\/schema\/person\/7932db74f19d9640620859cb2b794c4e","name":"Christine Fr\u00f6schl","description":"Dein pers\u00f6nlicher Logenplatz im SalzburgerLand? Am liebsten gehe ich auf den Einberg im Salzburger Tennengau. Der Berg in der Osterhorn-Gruppe gl\u00e4nzt das ganze Jahr im Sonnenschein, auf dem Gipfel heben Paragleiter ab und die Aussicht auf das Tennengebirge, den Dachstein und die Bischofsm\u00fctze ist traumhaft. Dosige(r) oder Zuagroast? Zuagroast aus dem sch\u00f6nen Nieder\u00f6sterreich. Fr\u00fchling, Sommer, Herbst oder Winter? Alle Jahreszeiten begeistern mich. Momentan freue ich mich auf den Fr\u00fchling, das Zwitschern der V\u00f6gel und auf die sattgr\u00fcnen Wiesen. Salzburger Nockerl oder Schwarzbeernocken? Eindeutig Schwarzbeernocken. Rindsroulade vom Pinzgauer Biorind oder Saibling fangfrisch aus dem Fuschlsee? Mhhhh. Da kann ich mich nicht entscheiden. Bergtour oder Seentour? Mich zieht es auf jeden Fall hinauf. Begeistert bin ich auch von tiefblauen Bergseen in denen sich die Umgebung spiegelt und von der Aussicht w\u00e4hrend des Weges auf einen der wundersch\u00f6nen Seen im Salzburger Land.","url":"https:\/\/www.salzburgerland.com\/de\/magazin\/author\/christine-froeschl\/"}]}},"_wl_alt_label":[],"wl:entity_url":"http:\/\/open.salzburgerland.com\/magazin\/post\/id\/137836","_links":{"self":[{"href":"https:\/\/www.salzburgerland.com\/de\/magazin\/wp-json\/wp\/v2\/posts\/137836","targetHints":{"allow":["GET"]}}],"collection":[{"href":"https:\/\/www.salzburgerland.com\/de\/magazin\/wp-json\/wp\/v2\/posts"}],"about":[{"href":"https:\/\/www.salzburgerland.com\/de\/magazin\/wp-json\/wp\/v2\/types\/post"}],"author":[{"embeddable":true,"href":"https:\/\/www.salzburgerland.com\/de\/magazin\/wp-json\/wp\/v2\/users\/236"}],"replies":[{"embeddable":true,"href":"https:\/\/www.salzburgerland.com\/de\/magazin\/wp-json\/wp\/v2\/comments?post=137836"}],"version-history":[{"count":0,"href":"https:\/\/www.salzburgerland.com\/de\/magazin\/wp-json\/wp\/v2\/posts\/137836\/revisions"}],"wp:featuredmedia":[{"embeddable":true,"href":"https:\/\/www.salzburgerland.com\/de\/magazin\/wp-json\/wp\/v2\/media\/137894"}],"wp:attachment":[{"href":"https:\/\/www.salzburgerland.com\/de\/magazin\/wp-json\/wp\/v2\/media?parent=137836"}],"wp:term":[{"taxonomy":"category","embeddable":true,"href":"https:\/\/www.salzburgerland.com\/de\/magazin\/wp-json\/wp\/v2\/categories?post=137836"},{"taxonomy":"post_tag","embeddable":true,"href":"https:\/\/www.salzburgerland.com\/de\/magazin\/wp-json\/wp\/v2\/tags?post=137836"},{"taxonomy":"wl_entity_type","embeddable":true,"href":"https:\/\/www.salzburgerland.com\/de\/magazin\/wp-json\/wp\/v2\/wl_entity_type?post=137836"},{"taxonomy":"monatsauswahl","embeddable":true,"href":"https:\/\/www.salzburgerland.com\/de\/magazin\/wp-json\/wp\/v2\/monatsauswahl?post=137836"}],"curies":[{"name":"wp","href":"https:\/\/api.w.org\/{rel}","templated":true}]}}