{"id":137709,"date":"2019-10-10T08:00:49","date_gmt":"2019-10-10T06:00:49","guid":{"rendered":"https:\/\/www.salzburgerland.com\/de\/magazin\/?p=137709"},"modified":"2019-10-10T11:56:08","modified_gmt":"2019-10-10T09:56:08","slug":"das-kultur-und-veranstaltungszentrum-k-u-l-t-in-hof","status":"publish","type":"post","link":"https:\/\/www.salzburgerland.com\/de\/magazin\/das-kultur-und-veranstaltungszentrum-k-u-l-t-in-hof\/","title":{"rendered":"Das Kultur- und Veranstaltungszentrum K.U.L.T. in Hof"},"content":{"rendered":"\n<div class=\"wp-block-slt-top topBlocks\">\n<h2 class=\"wp-block-slt-subtitle\">Kultur im Salzburger Flachgau VORgestellt!<\/h2>\n\n\n\n<p class=\"wp-block-slt-intro\">Wer auf der Suche nach einem abwechslungsreichen Kulturprogramm im SalzburgerLand ist, das sich au\u00dferhalb der Salzburger Stadtgrenzen abspielt, der muss ins K.U.L.T. in Hof bei Salzburg. Gef\u00fchrt vom Kulturverein K.U.L.T. bietet das Kultur- und Veranstaltungszentrum im Salzburger Flachgau eine Programmvielfalt, die auf allen Ebenen \u00fcberzeugt \u2013 und auch in allen Altersstufen. <\/p>\n<\/div>\n\n\n\n<p>Wenn man das weitl\u00e4ufige und helle Foyer des Kultur- und Veranstaltungszentrums in Hof \u2013 kurz: <a rel=\"noreferrer noopener\" aria-label=\"K.U.L.T. (opens in a new tab)\" href=\"http:\/\/www.hof.at\/kult\" target=\"_blank\">K.U.L.T.<\/a> \u2013 betritt, f\u00e4llt der Blick sofort auf die farbenfrohen Bilder einer Wanderausstellung der Kreativ-Plattform-Faistenau, die aktuell im Haus gastiert. Die Werke erg\u00e4nzen das abwechslungsreiche Programm des Kultur- und Veranstaltungszentrums mit Konzerten, Kabaretts, Musicals, Theater, Kino, Kasperltheater und Jugendprojekten um eine weitere k\u00fcnstlerische Facette \u2013 ein Programm, das man sich sowohl als kulturinteressierter Salzburger als auch als Urlauber im sch\u00f6nen SalzburgerLand auf keinen Fall entgehen lassen sollte. <\/p>\n\n\n\n<h2 class=\"wp-block-heading\"><strong>Von der Musikschule zu einem Hotspot der Salzburger Kulturszene<\/strong><\/h2>\n\n\n\n<p>Bereits 2001 wurde der Grundstein f\u00fcr das heutige K.U.L.T. gelegt: Damals noch mit dem Gedanken, eine R\u00e4umlichkeit f\u00fcr die Musikschule in Hof bei Salzburg zu bauen. Zehn Jahre sp\u00e4ter erfolgte der Spatenstich f\u00fcr das k\u00fcnftige regionale Erfolgsprojekt, das von den zehn Mitgliedsgemeinden Hof bei Salzburg, Koppl, Plainfeld, St. Gilgen, Strobl, Thalgau, Ebenau, Faistenau, Hintersee und Fuschl am See getragen wird. 2013 war das Geb\u00e4ude, das fortan als Heimat f\u00fcr Vereine wie die Trachtenmusikkapelle Hof, das Musikum, die \u00f6ffentliche Bibliothek des Ortes oder auch des Heimatvereins fungieren soll, fertiggestellt \u2013 und \u00fcbertrifft mit mittlerweile rund 13.000 Besuchern pro Jahr alle \u00dcberwartungen.<\/p>\n\n\n\n<figure class=\"wp-block-image\"><img loading=\"lazy\" decoding=\"async\" width=\"6920\" height=\"4912\" src=\"https:\/\/www.salzburgerland.com\/de\/magazin\/wp-content\/uploads\/2019\/09\/KULT_0132.jpg\" alt=\"Kulturverein K.U.L.T. Hof bei Salzburg\" class=\"wp-image-137722\" srcset=\"https:\/\/www.salzburgerland.com\/de\/magazin\/wp-content\/uploads\/2019\/09\/KULT_0132.jpg 6920w, https:\/\/www.salzburgerland.com\/de\/magazin\/wp-content\/uploads\/2019\/09\/KULT_0132-300x213.jpg 300w, https:\/\/www.salzburgerland.com\/de\/magazin\/wp-content\/uploads\/2019\/09\/KULT_0132-775x550.jpg 775w, https:\/\/www.salzburgerland.com\/de\/magazin\/wp-content\/uploads\/2019\/09\/KULT_0132-564x400.jpg 564w, https:\/\/www.salzburgerland.com\/de\/magazin\/wp-content\/uploads\/2019\/09\/KULT_0132-1320x937.jpg 1320w\" sizes=\"auto, (max-width: 6920px) 100vw, 6920px\" \/><figcaption>\u00a9 Kulturverein K.U.L.T.\/ Wolfgang Stadler<\/figcaption><\/figure>\n\n\n\n<p>Dass es heute mit einem Programm f\u00fcr alle Altersstufen und diversen Kunstrichtungen zu einem \u201ePlace to be\u201c in der Kulturszene des SalzburgerLands geworden ist, daf\u00fcr zeigen sich Nicole Kermec und Daniel Mayerhofer verantwortlich. Das Gesch\u00e4ftsf\u00fchrer-Team ist seit 2016 f\u00fcr die Leitung des Kulturvereins K.U.L.T. zust\u00e4ndig \u2013 und damit auch f\u00fcr die Programmgestaltung, die vor allem im T\u00e4tigkeitsbereich von Daniel Mayrhofer liegt. Neben hochkar\u00e4tigen Kabaretts, Konzerten, Theaterst\u00fccken, Musicals und Fotovortr\u00e4gen freuen sich die beiden auch, Jugendprojekte wie die &#8222;K.U.L.T.-Night&#8220; selbst produzieren zu d\u00fcrfen. <\/p>\n\n\n\n<h2 class=\"wp-block-heading\"><strong>\u201eWir haben eine Spielwiese bekommen\u201c<\/strong><\/h2>\n\n\n\n<p>Es ist dem Mut und dem Vertrauen der Hofer Gemeinde zu verdanken, dass Mayrhofer und Kermec von Anfang an freie Hand bei der Entwicklung und Gestaltung des Kulturprogramms hatten. Denn zun\u00e4chst stand eigentlich nur das Geb\u00e4ude da \u2013 das Konzept, die Zielgruppen-Findung, die Stammkunden-Findung und alles weitere folgte erst durch das Gesch\u00e4ftsf\u00fchrer-Duo. \u201eWir haben eine Spielwiese bekommen und wussten eigentlich nicht, was passieren wird\u201c, erinnert sich Nicole Kermec r\u00fcckblickend. \u201eUnser Auftrag war \u201amacht einfach einmal\u2018 \u2013 und dadurch haben wir es uns selbst zum Auftrag gemacht, ein Mehrwert f\u00fcr die Region zu sein. Das war unsere Chance und das Vertrauen ist immer mehr gewachsen.\u201c Auch f\u00fcr Daniel Mayrhofer ist die Entwicklung des Kultur- und Veranstaltungszentrums K.U.L.T. nach wie vor faszinierend. \u201eUns war klar, dass es nicht nur eine Zielgruppe gibt, sondern sehr viele verschiedene und f\u00fcr die das Programm werden sollte \u2013 wir mussten ein Gesamtbild liefern. Nach wie vor ist das Programm ein sehr komplexes Thema: Wir wollen nah am Publikum sein, sowohl die Stadtn\u00e4he als auch die Volkskultur nutzen, die praktisch der kulturelle Teppich, die Basis der Region ist. Das ist eine Herzensangelegenheit f\u00fcr uns. Die Akzeptanz des Publikums muss man sich erarbeiten. Und genau das haben wir gemacht.\u201c <\/p>\n\n\n\n<h2 class=\"wp-block-heading\"><strong>Ein Kulturprogramm f\u00fcr die gesamte Region <\/strong><\/h2>\n\n\n\n<p>Der Erfolg mit dem Programm des K.U.L.T. in Hof bei Salzburg gibt dem Gesch\u00e4ftsf\u00fchrer-Team recht. Mit dem Fokus, stets f\u00fcr die Region und die Umgebung zu planen, haben sie auf die richtige Strategie gesetzt. Der au\u00dfergew\u00f6hnliche Veranstaltungssaal, der technisch alle St\u00fccke spielt und unbestuhlt f\u00fcr bis zu 600 Besucher Platz bietet, ist bei Veranstaltungen regelm\u00e4\u00dfig ausverkauft. Etwa beim Konzert von Herbert Pixner, eines der vergangenen Highlights f\u00fcr Daniel Mayrhofer. Nicole Kermec wiederum liebt den regelm\u00e4\u00dfig stattfindenden Tanzabend \u201ePirnis Plattenkiste\u201c, die besonders bei der \u00e4lteren Zielgruppe ein Fixpunkt im Veranstaltungskalender geworden ist. Rund ein Mal im Monat macht die <a rel=\"noreferrer noopener\" aria-label=\"Friedburger Puppenb\u00fchne (opens in a new tab)\" href=\"https:\/\/kasperl.at\/\" target=\"_blank\">Friedburger Puppenb\u00fchne<\/a> mit ihrem Kasperltheater im K.U.L.T. Halt, mehrmals im Jahr k\u00f6nnen sich k\u00fcnftige Kabarett-Gr\u00f6\u00dfen im K.U.L.T. Kabarett Beisl unter Beweis stellen. <\/p>\n\n\n\n<figure class=\"wp-block-image\"><img loading=\"lazy\" decoding=\"async\" width=\"7360\" height=\"4912\" src=\"https:\/\/www.salzburgerland.com\/de\/magazin\/wp-content\/uploads\/2019\/09\/KULT_0203.jpg\" alt=\"Kulturverein K.U.L.T. Hof bei Salzburg\" class=\"wp-image-137723\" srcset=\"https:\/\/www.salzburgerland.com\/de\/magazin\/wp-content\/uploads\/2019\/09\/KULT_0203.jpg 7360w, https:\/\/www.salzburgerland.com\/de\/magazin\/wp-content\/uploads\/2019\/09\/KULT_0203-300x200.jpg 300w, https:\/\/www.salzburgerland.com\/de\/magazin\/wp-content\/uploads\/2019\/09\/KULT_0203-824x550.jpg 824w, https:\/\/www.salzburgerland.com\/de\/magazin\/wp-content\/uploads\/2019\/09\/KULT_0203-599x400.jpg 599w, https:\/\/www.salzburgerland.com\/de\/magazin\/wp-content\/uploads\/2019\/09\/KULT_0203-1320x881.jpg 1320w\" sizes=\"auto, (max-width: 7360px) 100vw, 7360px\" \/><figcaption>\u00a9 Kulturverein K.U.L.T.\/ Wolfgang Stadler<\/figcaption><\/figure>\n\n\n\n<p>Eine absolute Herzensangelegenheit f\u00fcr Daniel Mayrhofer ist die K.U.L.T.-Night, eine Veranstaltung des Kulturvereins zur Jugendf\u00f6rderung: Jugendliche zwischen 8 und 18 Jahren bekommen beim j\u00e4hrlich stattfindenden Event jeweils rund eine Viertelstunde B\u00fchnenprogramm zur freien Verf\u00fcgung. Ob Tanz, Gesang, bildende Kunst, Literatur, Artisik oder Theater: Bei dem offenen Event darf gemacht werden, was gef\u00e4llt. Daniel Mayrhofer bereitet den Auftritt mit den Teilnehmern vor und zeigt ihnen, wie so ein Veranstaltungs-Abend professionell abl\u00e4uft. Begleitet wird die K.U.L.T.-Night vom Salzburger Fernsehsender FS1 und der Radiofabrik. <\/p>\n\n\n\n<figure class=\"wp-block-embed-youtube wp-block-embed is-type-video is-provider-youtube wp-embed-aspect-16-9 wp-has-aspect-ratio\"><div class=\"wp-block-embed__wrapper\">\n<iframe loading=\"lazy\" title=\"K.U.L.T.-Night 30.09.2017 - R\u00fcckblick\" width=\"640\" height=\"360\" src=\"https:\/\/www.youtube-nocookie.com\/embed\/QUXTWZaOs3A?feature=oembed&#038;rel=0&#038;modestbranding=1\" frameborder=\"0\" allow=\"accelerometer; autoplay; clipboard-write; encrypted-media; gyroscope; picture-in-picture; web-share\" referrerpolicy=\"strict-origin-when-cross-origin\" allowfullscreen><\/iframe>\n<\/div><\/figure>\n\n\n\n<h2 class=\"wp-block-heading\"><strong>Die n\u00e4chsten K.U.L.T. Highlights<\/strong><\/h2>\n\n\n\n<p>In K\u00fcrze gastiert die ober\u00f6sterreichische Musikerin AVEC mit ihrer aktuellen Tour im K.U.L.T. in Hof bei Salzburg, f\u00fcr 2020 haben sich Konstantin Wecker und FOREVER AMY feat. Amy\u2019s Original Band angesagt. Und selbstverst\u00e4ndlich wird es kommendes Jahr auch wieder das Sommerkino in Hof bei Salzburg geben, das vom Kulturverein K.U.L.T. veranstaltet wird und im heurigen Jahr bei den Besuchern absolut durch die (Sternen-)Decke ging. Tipp: Die Jahresmitgliedschaft beim Kulturverein K.U.L.T. gibt es um 25 Euro \u2013 daf\u00fcr genie\u00dft man alle Veranstaltungen mit 25 Prozent Rabatt! <\/p>\n\n\n\n<p>Ob Besucher oder K\u00fcnstler: Wer das Kultur- und Veranstaltungszentrums in Hof bei Salzburg besucht, ist vom Programm und Ambiente des K.U.L.T. begeistert. Dieser Mehrwert f\u00fcr die Region ist dem Kulturverein zu verdanken, der mit Leidenschaft und gro\u00dfem Know-how einen Veranstaltungskalender erstellt, der beeindruckt und \u00fcberzeugt \u2013 das spricht sich herum und gibt dem eingeschlagenen Weg recht. Und wir freuen uns schon auf die k\u00fcnftigen Kulturveranstaltungen im K.U.L.T., die sowohl Einheimische als auch Urlauber begeistert. <\/p>\n\n\n\n<p><strong>Kontakt: <\/strong><\/p>\n\n\n\n<p>Kulturverein K.U.L.T.<br>Brunnfeldstra\u00dfe 2<br>5322 Hof bei Salzburg<br>T: +43  6229 2035 10 <br><a rel=\"noreferrer noopener\" aria-label=\" (opens in a new tab)\" href=\"http:\/\/www.hof.at\/kult\" target=\"_blank\">www.hof.at\/kult<\/a> <br><a rel=\"noreferrer noopener\" aria-label=\" (opens in a new tab)\" href=\"mailto:info@kult-hof.at\" target=\"_blank\">info@kult-hof.at<\/a> <\/p>\n","protected":false},"excerpt":{"rendered":"<p>Wenn man das weitl\u00e4ufige und helle Foyer des Kultur- und Veranstaltungszentrums in Hof \u2013 kurz: K.U.L.T. \u2013 betritt, f\u00e4llt der Blick sofort auf die farbenfrohen Bilder einer Wanderausstellung der Kreativ-Plattform-Faistenau, die aktuell im Haus gastiert. Die Werke erg\u00e4nzen das abwechslungsreiche Programm des Kultur- und Veranstaltungszentrums mit Konzerten, Kabaretts, Musicals, Theater, Kino, Kasperltheater und Jugendprojekten um [&hellip;]<\/p>\n","protected":false},"author":544,"featured_media":137720,"comment_status":"open","ping_status":"closed","sticky":false,"template":"","format":"standard","meta":{"_acf_changed":false,"wl_entities_gutenberg":"{\"http:\/\/open.salzburgerland.com\/magazin\/entity\/konzert_veranstaltung\":{\"uri\":\"http:\/\/open.salzburgerland.com\/magazin\/entity\/konzert_veranstaltung\",\"label\":\"Konzert (Veranstaltung)\",\"description\":\"Konzert (von ital. concerto = \u00dcbereinkunft, Vereinigung) im Sinne einer Musikveranstaltung nennt man den Vortrag von Musik vor einer eigens zu diesem Zweck versammelten H\u00f6rerschaft. Dies kann \u00f6ffentlich oder privat sein. Der Begriff grenzt sich ab von Veranstaltungen, bei denen die Musik nicht die Hauptsache ist.\",\"main_type\":\"wl-thing\",\"type\":[\"http:\/\/schema.org\/Thing\"],\"image\":[],\"sameas\":[\"http:\/\/rdf.freebase.com\/ns\/m.01jddz\",\"http:\/\/open.salzburgerland.com\/de\/entity\/konzert_veranstaltung\",\"http:\/\/dbpedia.org\/resource\/Concert\"]},\"http:\/\/open.salzburgerland.com\/magazin\/entity\/events\":{\"uri\":\"http:\/\/open.salzburgerland.com\/magazin\/entity\/events\",\"label\":\"Events\",\"description\":\"So vielf\u00e4ltig wie die Landschaft und die Angebote sind auch die Veranstaltungen im SalzburgerLand.\\r\\nNicht umsonst hei\u00dft es, dass das SalzburgerLand die gr\u00f6\u00dfte Erlebnisdichte aufweist. Das bezieht sich auch auf die vielen gro\u00dfe und kleinen Events, die das ganze Jahr \u00fcber in allen Regionen geboten werden.\\r\\n\\r\\nBrauchtumsveranstaltungen, sportliche Actionprogramme, spannende Wettbewerbe, musikalische Hochgen\u00fcsse, interessante Ausstellungen und vieles mehr machen den Urlaubsaufenthalt im SalzburgerLand noch attraktiver.\",\"main_type\":\"wl-thing\",\"type\":[\"http:\/\/schema.org\/Thing\"],\"image\":[\"https:\/\/www.salzburgerland.com\/de\/magazin\/wp-content\/uploads\/wl\/2019\/07\/festspiele_jedermann-salzburg-2015_tsg-e1497884978526.jpg\"],\"sameas\":[\"http:\/\/open.salzburgerland.com\/de\/entity\/events_und_veranstaltungen\"]},\"http:\/\/open.salzburgerland.com\/de\/entity\/salzburgerland\":{\"uri\":\"http:\/\/open.salzburgerland.com\/de\/entity\/salzburgerland\",\"label\":\"Land Salzburg\",\"description\":\"Die Vielfalt an Bergen, Seen und kulturellem Angebot machen das SalzburgerLand so abwechslungsreich und bezaubernd, dass es der Schriftsteller Carl Zuckmayer einst als \u201eSt\u00fcck vom Paradies\u201c bezeichnet hat. Ob Sommer oder Winter, zwischen Bergen und Seen ist einfach alles m\u00f6glich!\",\"main_type\":\"wl-place\",\"type\":[\"http:\/\/schema.org\/Place\"],\"image\":[\"https:\/\/www.salzburgerland.com\/de\/wp-content\/uploads\/2016\/08\/bildsymphonie-hirscher-010.jpg\",\"https:\/\/www.salzburgerland.com\/de\/wp-content\/uploads\/2016\/08\/qitpiasobaq-1.jpg\",\"https:\/\/www.salzburgerland.com\/de\/wp-content\/uploads\/2016\/08\/salzburgerland-winter.jpg\",\"https:\/\/www.salzburgerland.com\/de\/wp-content\/uploads\/2016\/08\/t2_069.jpg\",\"https:\/\/www.salzburgerland.com\/de\/wp-content\/uploads\/2016\/08\/wildkogel-kogelmogel.jpg\",\"https:\/\/www.salzburgerland.com\/de\/wp-content\/uploads\/2016\/08\/x-kfsi_tsyw.jpg\",\"https:\/\/www.salzburgerland.com\/de\/wp-content\/uploads\/2016\/12\/stadt-salzburg.jpg\"],\"sameas\":[\"http:\/\/open.salzburgerland.com\/en\/entity\/salzburgerland\",\"http:\/\/dbpedia.org\/resource\/Salzburg_(state)\",\"http:\/\/open.salzburgerland.com\/da\/entity\/salzburgerland\",\"http:\/\/rdf.freebase.com\/ns\/m.0fhnf\",\"http:\/\/sws.geonames.org\/2766823\/\",\"http:\/\/yago-knowledge.org\/resource\/Salzburg_(state)\",\"https:\/\/wikidata.dbpedia.org\/resource\/Q43325\",\"http:\/\/www.wikidata.org\/entity\/Q43325\"]}}","_wl_entity_redirect_enabled":"","footnotes":""},"categories":[6],"tags":[],"wl_entity_type":[306],"monatsauswahl":[82,83,84,85,86,87,88,89,90,91,92,93],"class_list":["post-137709","post","type-post","status-publish","format-standard","has-post-thumbnail","hentry","category-kunst-kultur","wl_entity_type-article","monatsauswahl-monat_1","monatsauswahl-monat_2","monatsauswahl-monat_3","monatsauswahl-monat_4","monatsauswahl-monat_5","monatsauswahl-monat_6","monatsauswahl-monat_7","monatsauswahl-monat_8","monatsauswahl-monat_9","monatsauswahl-monat_10","monatsauswahl-monat_11","monatsauswahl-monat_12"],"acf":[],"yoast_head":"<!-- This site is optimized with the Yoast SEO Premium plugin v27.4 (Yoast SEO v27.4) - https:\/\/yoast.com\/product\/yoast-seo-premium-wordpress\/ -->\n<title>Das Kultur- und Veranstaltungszentrum K.U.L.T. in Hof - SalzburgerLand Magazin<\/title>\n<meta name=\"description\" content=\"Gef\u00fchrt vom Kulturverein K.U.L.T. bietet das Kultur- und Veranstaltungszentrum im Salzburger Flachgau eine Programmvielfalt, die auf allen Ebenen \u00fcberzeugt.\" \/>\n<meta name=\"robots\" content=\"index, follow, max-snippet:-1, max-image-preview:large, max-video-preview:-1\" \/>\n<link rel=\"canonical\" href=\"https:\/\/www.salzburgerland.com\/de\/magazin\/das-kultur-und-veranstaltungszentrum-k-u-l-t-in-hof\/\" \/>\n<meta property=\"og:locale\" content=\"de_DE\" \/>\n<meta property=\"og:type\" content=\"article\" \/>\n<meta property=\"og:title\" content=\"Das Kultur- und Veranstaltungszentrum K.U.L.T. in Hof\" \/>\n<meta property=\"og:description\" content=\"Gef\u00fchrt vom Kulturverein K.U.L.T. bietet das Kultur- und Veranstaltungszentrum im Salzburger Flachgau eine Programmvielfalt, die auf allen Ebenen \u00fcberzeugt.\" \/>\n<meta property=\"og:url\" content=\"https:\/\/www.salzburgerland.com\/de\/magazin\/das-kultur-und-veranstaltungszentrum-k-u-l-t-in-hof\/\" \/>\n<meta property=\"og:site_name\" content=\"SalzburgerLand Magazin\" \/>\n<meta property=\"article:publisher\" content=\"https:\/\/www.facebook.com\/salzburgerland\/\" \/>\n<meta property=\"article:published_time\" content=\"2019-10-10T06:00:49+00:00\" \/>\n<meta property=\"article:modified_time\" content=\"2019-10-10T09:56:08+00:00\" \/>\n<meta property=\"og:image\" content=\"https:\/\/www.salzburgerland.com\/de\/magazin\/wp-content\/uploads\/2019\/09\/K.U.L.T.-Hof7396_web-e1570701106943.jpg\" \/>\n\t<meta property=\"og:image:width\" content=\"1995\" \/>\n\t<meta property=\"og:image:height\" content=\"793\" \/>\n\t<meta property=\"og:image:type\" content=\"image\/jpeg\" \/>\n<meta name=\"author\" content=\"G\u00fcnter Baumgartner\" \/>\n<meta name=\"twitter:card\" content=\"summary_large_image\" \/>\n<meta name=\"twitter:creator\" content=\"@Salzburgerland\" \/>\n<meta name=\"twitter:site\" content=\"@Salzburgerland\" \/>\n<meta name=\"twitter:label1\" content=\"Verfasst von\" \/>\n\t<meta name=\"twitter:data1\" content=\"G\u00fcnter Baumgartner\" \/>\n\t<meta name=\"twitter:label2\" content=\"Gesch\u00e4tzte Lesezeit\" \/>\n\t<meta name=\"twitter:data2\" content=\"5\u00a0Minuten\" \/>\n<script type=\"application\/ld+json\" class=\"yoast-schema-graph\">{\"@context\":\"https:\\\/\\\/schema.org\",\"@graph\":[{\"@type\":\"Article\",\"@id\":\"https:\\\/\\\/www.salzburgerland.com\\\/de\\\/magazin\\\/das-kultur-und-veranstaltungszentrum-k-u-l-t-in-hof\\\/#article\",\"isPartOf\":{\"@id\":\"https:\\\/\\\/www.salzburgerland.com\\\/de\\\/magazin\\\/das-kultur-und-veranstaltungszentrum-k-u-l-t-in-hof\\\/\"},\"author\":{\"name\":\"G\u00fcnter Baumgartner\",\"@id\":\"https:\\\/\\\/www.salzburgerland.com\\\/de\\\/magazin\\\/#\\\/schema\\\/person\\\/2e0abbe9392136e19ff0d5c5721aea87\"},\"headline\":\"Das Kultur- und Veranstaltungszentrum K.U.L.T. in Hof\",\"datePublished\":\"2019-10-10T06:00:49+00:00\",\"dateModified\":\"2019-10-10T09:56:08+00:00\",\"mainEntityOfPage\":{\"@id\":\"https:\\\/\\\/www.salzburgerland.com\\\/de\\\/magazin\\\/das-kultur-und-veranstaltungszentrum-k-u-l-t-in-hof\\\/\"},\"wordCount\":1063,\"commentCount\":0,\"publisher\":{\"@id\":\"https:\\\/\\\/www.salzburgerland.com\\\/de\\\/magazin\\\/#organization\"},\"image\":{\"@id\":\"https:\\\/\\\/www.salzburgerland.com\\\/de\\\/magazin\\\/das-kultur-und-veranstaltungszentrum-k-u-l-t-in-hof\\\/#primaryimage\"},\"thumbnailUrl\":\"https:\\\/\\\/www.salzburgerland.com\\\/de\\\/magazin\\\/wp-content\\\/uploads\\\/2019\\\/09\\\/K.U.L.T.-Hof7396_web-e1570701106943.jpg\",\"articleSection\":[\"Kunst &amp; Kultur\"],\"inLanguage\":\"de\",\"potentialAction\":[{\"@type\":\"CommentAction\",\"name\":\"Comment\",\"target\":[\"https:\\\/\\\/www.salzburgerland.com\\\/de\\\/magazin\\\/das-kultur-und-veranstaltungszentrum-k-u-l-t-in-hof\\\/#respond\"]}]},{\"@type\":\"WebPage\",\"@id\":\"https:\\\/\\\/www.salzburgerland.com\\\/de\\\/magazin\\\/das-kultur-und-veranstaltungszentrum-k-u-l-t-in-hof\\\/\",\"url\":\"https:\\\/\\\/www.salzburgerland.com\\\/de\\\/magazin\\\/das-kultur-und-veranstaltungszentrum-k-u-l-t-in-hof\\\/\",\"name\":\"Das Kultur- und Veranstaltungszentrum K.U.L.T. in Hof - SalzburgerLand Magazin\",\"isPartOf\":{\"@id\":\"https:\\\/\\\/www.salzburgerland.com\\\/de\\\/magazin\\\/#website\"},\"primaryImageOfPage\":{\"@id\":\"https:\\\/\\\/www.salzburgerland.com\\\/de\\\/magazin\\\/das-kultur-und-veranstaltungszentrum-k-u-l-t-in-hof\\\/#primaryimage\"},\"image\":{\"@id\":\"https:\\\/\\\/www.salzburgerland.com\\\/de\\\/magazin\\\/das-kultur-und-veranstaltungszentrum-k-u-l-t-in-hof\\\/#primaryimage\"},\"thumbnailUrl\":\"https:\\\/\\\/www.salzburgerland.com\\\/de\\\/magazin\\\/wp-content\\\/uploads\\\/2019\\\/09\\\/K.U.L.T.-Hof7396_web-e1570701106943.jpg\",\"datePublished\":\"2019-10-10T06:00:49+00:00\",\"dateModified\":\"2019-10-10T09:56:08+00:00\",\"description\":\"Gef\u00fchrt vom Kulturverein K.U.L.T. bietet das Kultur- und Veranstaltungszentrum im Salzburger Flachgau eine Programmvielfalt, die auf allen Ebenen \u00fcberzeugt.\",\"breadcrumb\":{\"@id\":\"https:\\\/\\\/www.salzburgerland.com\\\/de\\\/magazin\\\/das-kultur-und-veranstaltungszentrum-k-u-l-t-in-hof\\\/#breadcrumb\"},\"inLanguage\":\"de\",\"potentialAction\":[{\"@type\":\"ReadAction\",\"target\":[\"https:\\\/\\\/www.salzburgerland.com\\\/de\\\/magazin\\\/das-kultur-und-veranstaltungszentrum-k-u-l-t-in-hof\\\/\"]}]},{\"@type\":\"ImageObject\",\"inLanguage\":\"de\",\"@id\":\"https:\\\/\\\/www.salzburgerland.com\\\/de\\\/magazin\\\/das-kultur-und-veranstaltungszentrum-k-u-l-t-in-hof\\\/#primaryimage\",\"url\":\"https:\\\/\\\/www.salzburgerland.com\\\/de\\\/magazin\\\/wp-content\\\/uploads\\\/2019\\\/09\\\/K.U.L.T.-Hof7396_web-e1570701106943.jpg\",\"contentUrl\":\"https:\\\/\\\/www.salzburgerland.com\\\/de\\\/magazin\\\/wp-content\\\/uploads\\\/2019\\\/09\\\/K.U.L.T.-Hof7396_web-e1570701106943.jpg\",\"width\":1995,\"height\":793,\"caption\":\"\u00a9 Kulturverein K.U.L.T.\\\/Monika Loeff\"},{\"@type\":\"BreadcrumbList\",\"@id\":\"https:\\\/\\\/www.salzburgerland.com\\\/de\\\/magazin\\\/das-kultur-und-veranstaltungszentrum-k-u-l-t-in-hof\\\/#breadcrumb\",\"itemListElement\":[{\"@type\":\"ListItem\",\"position\":1,\"name\":\"Startseite\",\"item\":\"https:\\\/\\\/www.salzburgerland.com\\\/de\\\/magazin\\\/\"},{\"@type\":\"ListItem\",\"position\":2,\"name\":\"Kunst &amp; Kultur\",\"item\":\"https:\\\/\\\/www.salzburgerland.com\\\/de\\\/magazin\\\/thema\\\/kunst-kultur\\\/\"},{\"@type\":\"ListItem\",\"position\":3,\"name\":\"Das Kultur- und Veranstaltungszentrum K.U.L.T. in Hof\"}]},{\"@type\":\"WebSite\",\"@id\":\"https:\\\/\\\/www.salzburgerland.com\\\/de\\\/magazin\\\/#website\",\"url\":\"https:\\\/\\\/www.salzburgerland.com\\\/de\\\/magazin\\\/\",\"name\":\"SalzburgerLand Magazin\",\"description\":\"Geschichten und Interessantes aus dem SalzburgerLand\",\"publisher\":{\"@id\":\"https:\\\/\\\/www.salzburgerland.com\\\/de\\\/magazin\\\/#organization\"},\"potentialAction\":[{\"@type\":\"SearchAction\",\"target\":{\"@type\":\"EntryPoint\",\"urlTemplate\":\"https:\\\/\\\/www.salzburgerland.com\\\/de\\\/magazin\\\/?s={search_term_string}\"},\"query-input\":{\"@type\":\"PropertyValueSpecification\",\"valueRequired\":true,\"valueName\":\"search_term_string\"}}],\"inLanguage\":\"de\"},{\"@type\":\"Organization\",\"@id\":\"https:\\\/\\\/www.salzburgerland.com\\\/de\\\/magazin\\\/#organization\",\"name\":\"SalzburgerLand Tourismus\",\"url\":\"https:\\\/\\\/www.salzburgerland.com\\\/de\\\/magazin\\\/\",\"logo\":{\"@type\":\"ImageObject\",\"inLanguage\":\"de\",\"@id\":\"https:\\\/\\\/www.salzburgerland.com\\\/de\\\/magazin\\\/#\\\/schema\\\/logo\\\/image\\\/\",\"url\":\"https:\\\/\\\/www.salzburgerland.com\\\/de\\\/magazin\\\/wp-content\\\/uploads\\\/2019\\\/06\\\/salzburgerland-logo1.jpg\",\"contentUrl\":\"https:\\\/\\\/www.salzburgerland.com\\\/de\\\/magazin\\\/wp-content\\\/uploads\\\/2019\\\/06\\\/salzburgerland-logo1.jpg\",\"width\":2011,\"height\":866,\"caption\":\"SalzburgerLand Tourismus\"},\"image\":{\"@id\":\"https:\\\/\\\/www.salzburgerland.com\\\/de\\\/magazin\\\/#\\\/schema\\\/logo\\\/image\\\/\"},\"sameAs\":[\"https:\\\/\\\/www.facebook.com\\\/salzburgerland\\\/\",\"https:\\\/\\\/x.com\\\/Salzburgerland\",\"https:\\\/\\\/www.instagram.com\\\/salzburgerland\\\/\",\"https:\\\/\\\/at.linkedin.com\\\/company\\\/salzburgerland-tourismus-gmbh\",\"https:\\\/\\\/www.pinterest.at\\\/salzburgerland\\\/\",\"https:\\\/\\\/www.youtube.com\\\/user\\\/salzburgerland\",\"https:\\\/\\\/de.wikipedia.org\\\/wiki\\\/SalzburgerLand_Tourismus_GmbH\"]},{\"@type\":\"Person\",\"@id\":\"https:\\\/\\\/www.salzburgerland.com\\\/de\\\/magazin\\\/#\\\/schema\\\/person\\\/2e0abbe9392136e19ff0d5c5721aea87\",\"name\":\"G\u00fcnter Baumgartner\",\"url\":\"https:\\\/\\\/www.salzburgerland.com\\\/de\\\/magazin\\\/author\\\/guenter-baumgartner\\\/\"}]}<\/script>\n<meta property=\"og:video\" content=\"https:\/\/www.youtube.com\/embed\/QUXTWZaOs3A\" \/>\n<meta property=\"og:video:type\" content=\"text\/html\" \/>\n<meta property=\"og:video:duration\" content=\"53\" \/>\n<meta property=\"og:video:width\" content=\"480\" \/>\n<meta property=\"og:video:height\" content=\"270\" \/>\n<meta property=\"ya:ovs:adult\" content=\"false\" \/>\n<meta property=\"ya:ovs:upload_date\" content=\"2019-10-10T06:00:49+00:00\" \/>\n<meta property=\"ya:ovs:allow_embed\" content=\"true\" \/>\n<!-- \/ Yoast SEO Premium plugin. -->","yoast_head_json":{"title":"Das Kultur- und Veranstaltungszentrum K.U.L.T. in Hof - SalzburgerLand Magazin","description":"Gef\u00fchrt vom Kulturverein K.U.L.T. bietet das Kultur- und Veranstaltungszentrum im Salzburger Flachgau eine Programmvielfalt, die auf allen Ebenen \u00fcberzeugt.","robots":{"index":"index","follow":"follow","max-snippet":"max-snippet:-1","max-image-preview":"max-image-preview:large","max-video-preview":"max-video-preview:-1"},"canonical":"https:\/\/www.salzburgerland.com\/de\/magazin\/das-kultur-und-veranstaltungszentrum-k-u-l-t-in-hof\/","og_locale":"de_DE","og_type":"article","og_title":"Das Kultur- und Veranstaltungszentrum K.U.L.T. in Hof","og_description":"Gef\u00fchrt vom Kulturverein K.U.L.T. bietet das Kultur- und Veranstaltungszentrum im Salzburger Flachgau eine Programmvielfalt, die auf allen Ebenen \u00fcberzeugt.","og_url":"https:\/\/www.salzburgerland.com\/de\/magazin\/das-kultur-und-veranstaltungszentrum-k-u-l-t-in-hof\/","og_site_name":"SalzburgerLand Magazin","article_publisher":"https:\/\/www.facebook.com\/salzburgerland\/","article_published_time":"2019-10-10T06:00:49+00:00","article_modified_time":"2019-10-10T09:56:08+00:00","og_image":[{"width":1995,"height":793,"url":"https:\/\/www.salzburgerland.com\/de\/magazin\/wp-content\/uploads\/2019\/09\/K.U.L.T.-Hof7396_web-e1570701106943.jpg","type":"image\/jpeg"}],"author":"G\u00fcnter Baumgartner","twitter_card":"summary_large_image","twitter_creator":"@Salzburgerland","twitter_site":"@Salzburgerland","twitter_misc":{"Verfasst von":"G\u00fcnter Baumgartner","Gesch\u00e4tzte Lesezeit":"5\u00a0Minuten"},"schema":{"@context":"https:\/\/schema.org","@graph":[{"@type":"Article","@id":"https:\/\/www.salzburgerland.com\/de\/magazin\/das-kultur-und-veranstaltungszentrum-k-u-l-t-in-hof\/#article","isPartOf":{"@id":"https:\/\/www.salzburgerland.com\/de\/magazin\/das-kultur-und-veranstaltungszentrum-k-u-l-t-in-hof\/"},"author":{"name":"G\u00fcnter Baumgartner","@id":"https:\/\/www.salzburgerland.com\/de\/magazin\/#\/schema\/person\/2e0abbe9392136e19ff0d5c5721aea87"},"headline":"Das Kultur- und Veranstaltungszentrum K.U.L.T. in Hof","datePublished":"2019-10-10T06:00:49+00:00","dateModified":"2019-10-10T09:56:08+00:00","mainEntityOfPage":{"@id":"https:\/\/www.salzburgerland.com\/de\/magazin\/das-kultur-und-veranstaltungszentrum-k-u-l-t-in-hof\/"},"wordCount":1063,"commentCount":0,"publisher":{"@id":"https:\/\/www.salzburgerland.com\/de\/magazin\/#organization"},"image":{"@id":"https:\/\/www.salzburgerland.com\/de\/magazin\/das-kultur-und-veranstaltungszentrum-k-u-l-t-in-hof\/#primaryimage"},"thumbnailUrl":"https:\/\/www.salzburgerland.com\/de\/magazin\/wp-content\/uploads\/2019\/09\/K.U.L.T.-Hof7396_web-e1570701106943.jpg","articleSection":["Kunst &amp; Kultur"],"inLanguage":"de","potentialAction":[{"@type":"CommentAction","name":"Comment","target":["https:\/\/www.salzburgerland.com\/de\/magazin\/das-kultur-und-veranstaltungszentrum-k-u-l-t-in-hof\/#respond"]}]},{"@type":"WebPage","@id":"https:\/\/www.salzburgerland.com\/de\/magazin\/das-kultur-und-veranstaltungszentrum-k-u-l-t-in-hof\/","url":"https:\/\/www.salzburgerland.com\/de\/magazin\/das-kultur-und-veranstaltungszentrum-k-u-l-t-in-hof\/","name":"Das Kultur- und Veranstaltungszentrum K.U.L.T. in Hof - SalzburgerLand Magazin","isPartOf":{"@id":"https:\/\/www.salzburgerland.com\/de\/magazin\/#website"},"primaryImageOfPage":{"@id":"https:\/\/www.salzburgerland.com\/de\/magazin\/das-kultur-und-veranstaltungszentrum-k-u-l-t-in-hof\/#primaryimage"},"image":{"@id":"https:\/\/www.salzburgerland.com\/de\/magazin\/das-kultur-und-veranstaltungszentrum-k-u-l-t-in-hof\/#primaryimage"},"thumbnailUrl":"https:\/\/www.salzburgerland.com\/de\/magazin\/wp-content\/uploads\/2019\/09\/K.U.L.T.-Hof7396_web-e1570701106943.jpg","datePublished":"2019-10-10T06:00:49+00:00","dateModified":"2019-10-10T09:56:08+00:00","description":"Gef\u00fchrt vom Kulturverein K.U.L.T. bietet das Kultur- und Veranstaltungszentrum im Salzburger Flachgau eine Programmvielfalt, die auf allen Ebenen \u00fcberzeugt.","breadcrumb":{"@id":"https:\/\/www.salzburgerland.com\/de\/magazin\/das-kultur-und-veranstaltungszentrum-k-u-l-t-in-hof\/#breadcrumb"},"inLanguage":"de","potentialAction":[{"@type":"ReadAction","target":["https:\/\/www.salzburgerland.com\/de\/magazin\/das-kultur-und-veranstaltungszentrum-k-u-l-t-in-hof\/"]}]},{"@type":"ImageObject","inLanguage":"de","@id":"https:\/\/www.salzburgerland.com\/de\/magazin\/das-kultur-und-veranstaltungszentrum-k-u-l-t-in-hof\/#primaryimage","url":"https:\/\/www.salzburgerland.com\/de\/magazin\/wp-content\/uploads\/2019\/09\/K.U.L.T.-Hof7396_web-e1570701106943.jpg","contentUrl":"https:\/\/www.salzburgerland.com\/de\/magazin\/wp-content\/uploads\/2019\/09\/K.U.L.T.-Hof7396_web-e1570701106943.jpg","width":1995,"height":793,"caption":"\u00a9 Kulturverein K.U.L.T.\/Monika Loeff"},{"@type":"BreadcrumbList","@id":"https:\/\/www.salzburgerland.com\/de\/magazin\/das-kultur-und-veranstaltungszentrum-k-u-l-t-in-hof\/#breadcrumb","itemListElement":[{"@type":"ListItem","position":1,"name":"Startseite","item":"https:\/\/www.salzburgerland.com\/de\/magazin\/"},{"@type":"ListItem","position":2,"name":"Kunst &amp; Kultur","item":"https:\/\/www.salzburgerland.com\/de\/magazin\/thema\/kunst-kultur\/"},{"@type":"ListItem","position":3,"name":"Das Kultur- und Veranstaltungszentrum K.U.L.T. in Hof"}]},{"@type":"WebSite","@id":"https:\/\/www.salzburgerland.com\/de\/magazin\/#website","url":"https:\/\/www.salzburgerland.com\/de\/magazin\/","name":"SalzburgerLand Magazin","description":"Geschichten und Interessantes aus dem SalzburgerLand","publisher":{"@id":"https:\/\/www.salzburgerland.com\/de\/magazin\/#organization"},"potentialAction":[{"@type":"SearchAction","target":{"@type":"EntryPoint","urlTemplate":"https:\/\/www.salzburgerland.com\/de\/magazin\/?s={search_term_string}"},"query-input":{"@type":"PropertyValueSpecification","valueRequired":true,"valueName":"search_term_string"}}],"inLanguage":"de"},{"@type":"Organization","@id":"https:\/\/www.salzburgerland.com\/de\/magazin\/#organization","name":"SalzburgerLand Tourismus","url":"https:\/\/www.salzburgerland.com\/de\/magazin\/","logo":{"@type":"ImageObject","inLanguage":"de","@id":"https:\/\/www.salzburgerland.com\/de\/magazin\/#\/schema\/logo\/image\/","url":"https:\/\/www.salzburgerland.com\/de\/magazin\/wp-content\/uploads\/2019\/06\/salzburgerland-logo1.jpg","contentUrl":"https:\/\/www.salzburgerland.com\/de\/magazin\/wp-content\/uploads\/2019\/06\/salzburgerland-logo1.jpg","width":2011,"height":866,"caption":"SalzburgerLand Tourismus"},"image":{"@id":"https:\/\/www.salzburgerland.com\/de\/magazin\/#\/schema\/logo\/image\/"},"sameAs":["https:\/\/www.facebook.com\/salzburgerland\/","https:\/\/x.com\/Salzburgerland","https:\/\/www.instagram.com\/salzburgerland\/","https:\/\/at.linkedin.com\/company\/salzburgerland-tourismus-gmbh","https:\/\/www.pinterest.at\/salzburgerland\/","https:\/\/www.youtube.com\/user\/salzburgerland","https:\/\/de.wikipedia.org\/wiki\/SalzburgerLand_Tourismus_GmbH"]},{"@type":"Person","@id":"https:\/\/www.salzburgerland.com\/de\/magazin\/#\/schema\/person\/2e0abbe9392136e19ff0d5c5721aea87","name":"G\u00fcnter Baumgartner","url":"https:\/\/www.salzburgerland.com\/de\/magazin\/author\/guenter-baumgartner\/"}]},"og_video":"https:\/\/www.youtube.com\/embed\/QUXTWZaOs3A","og_video_type":"text\/html","og_video_duration":"53","og_video_width":"480","og_video_height":"270","ya_ovs_adult":"false","ya_ovs_upload_date":"2019-10-10T06:00:49+00:00","ya_ovs_allow_embed":"true"},"_wl_alt_label":[],"wl:entity_url":"http:\/\/open.salzburgerland.com\/magazin\/post\/das_kultur-__amp__veranstaltungszentrum_k-u-l-t-_in_hof","_links":{"self":[{"href":"https:\/\/www.salzburgerland.com\/de\/magazin\/wp-json\/wp\/v2\/posts\/137709","targetHints":{"allow":["GET"]}}],"collection":[{"href":"https:\/\/www.salzburgerland.com\/de\/magazin\/wp-json\/wp\/v2\/posts"}],"about":[{"href":"https:\/\/www.salzburgerland.com\/de\/magazin\/wp-json\/wp\/v2\/types\/post"}],"author":[{"embeddable":true,"href":"https:\/\/www.salzburgerland.com\/de\/magazin\/wp-json\/wp\/v2\/users\/544"}],"replies":[{"embeddable":true,"href":"https:\/\/www.salzburgerland.com\/de\/magazin\/wp-json\/wp\/v2\/comments?post=137709"}],"version-history":[{"count":0,"href":"https:\/\/www.salzburgerland.com\/de\/magazin\/wp-json\/wp\/v2\/posts\/137709\/revisions"}],"wp:featuredmedia":[{"embeddable":true,"href":"https:\/\/www.salzburgerland.com\/de\/magazin\/wp-json\/wp\/v2\/media\/137720"}],"wp:attachment":[{"href":"https:\/\/www.salzburgerland.com\/de\/magazin\/wp-json\/wp\/v2\/media?parent=137709"}],"wp:term":[{"taxonomy":"category","embeddable":true,"href":"https:\/\/www.salzburgerland.com\/de\/magazin\/wp-json\/wp\/v2\/categories?post=137709"},{"taxonomy":"post_tag","embeddable":true,"href":"https:\/\/www.salzburgerland.com\/de\/magazin\/wp-json\/wp\/v2\/tags?post=137709"},{"taxonomy":"wl_entity_type","embeddable":true,"href":"https:\/\/www.salzburgerland.com\/de\/magazin\/wp-json\/wp\/v2\/wl_entity_type?post=137709"},{"taxonomy":"monatsauswahl","embeddable":true,"href":"https:\/\/www.salzburgerland.com\/de\/magazin\/wp-json\/wp\/v2\/monatsauswahl?post=137709"}],"curies":[{"name":"wp","href":"https:\/\/api.w.org\/{rel}","templated":true}]}}