{"id":136460,"date":"2019-08-22T08:00:18","date_gmt":"2019-08-22T06:00:18","guid":{"rendered":"https:\/\/www.salzburgerland.com\/de\/magazin\/?p=136460"},"modified":"2020-02-20T11:07:17","modified_gmt":"2020-02-20T10:07:17","slug":"zachhofalm-kraeuterpalatschinken","status":"publish","type":"post","link":"https:\/\/www.salzburgerland.com\/de\/magazin\/zachhofalm-kraeuterpalatschinken\/","title":{"rendered":"Zachhofalm-Kr\u00e4uterpalatschinken"},"content":{"rendered":"\n<div class=\"wp-block-slt-top topBlocks\">\n<h2 class=\"wp-block-slt-subtitle\">Sommerlich-frisches Kr\u00e4uterrezept von der Zachhofalm in Dienten<\/h2>\n\n\n\n<p class=\"wp-block-slt-intro\">Die Mariedl und die Nani haben schon mit regionalen Zutaten hier oben auf der Zachhofalm auf 1.600 m in Dienten gekocht. Sie gelten als die guten Seelen dieser wundersch\u00f6nen Alm, und \u00fcber die beiden Sennerinnen, die fr\u00fcher hier ihre Almsommer verbracht hatten, erz\u00e4hlt man sich heut noch Geschichten. Vielleicht geht sogar das Rezept f\u00fcr die viel ger\u00fchmten Kr\u00e4uterpalatschinken der Zachhofalm auf das Konto der einstigen Sennerinnen, denn die Natur war hier heroben immer schon wichtigste Zutat beim Kochen. <\/p>\n<\/div>\n\n\n\n<p>Nicht allein wegen der Kr\u00e4uterpalatschinken kommen die Wanderer und Biker heute von Dienten hier herauf auf die <a rel=\"noreferrer noopener\" aria-label=\" (opens in a new tab)\" href=\"https:\/\/www.zachhofalm.at\/\" target=\"_blank\">Zachhofalm<\/a>. Vielleicht ist es auch der kleine Badeteich, die herzliche Bewirtung durch Heidi und Isabella, die liebevoll dekorierte H\u00fctte, der unglaublich artenreiche Kr\u00e4utergarten, das atemberaubende Panorama auf \u201eSeine Majest\u00e4t\u201c den Hochk\u00f6nig\u2026? Ich denke es ist alles zusammen, denn angekommen auf der Zachhofalm, f\u00fchlt man sich augenblicklich wohl! Und die Kr\u00e4uter, die sind ganz das Metier der Gastgeberinnen. Heidi und Isabella Lainer \u2013 Mutter und Tochter \u2013 sind beide ausgebildete TEH Praktikerinnen und die traditionelle europ\u00e4ische Volksheilkunde sp\u00fcrt man hier an allen Ecken und Enden. <\/p>\n\n\n<div class=\"mag-gallery\"><div class=\"row\"><div class=\"col-6 col-sm-4\"><figure><a class=\"thumb-container\" href=\"https:\/\/www.salzburgerland.com\/de\/magazin\/wp-content\/uploads\/2019\/08\/kra%CC%88uterpala-10-1280x1024.jpg\">\t<picture><source media=\"(min-width: 576px)\" srcset=\"https:\/\/www.salzburgerland.com\/de\/magazin\/wp-content\/uploads\/2019\/08\/kra&#776;uterpala-10-325x209.jpg 325w, https:\/\/www.salzburgerland.com\/de\/magazin\/wp-content\/uploads\/2019\/08\/kra&#776;uterpala-10-249x160.jpg 249w\"><\/source><source media=\"(min-width: 0)\" srcset=\"https:\/\/www.salzburgerland.com\/de\/magazin\/wp-content\/uploads\/2019\/08\/kra&#776;uterpala-10-249x160.jpg 249w, https:\/\/www.salzburgerland.com\/de\/magazin\/wp-content\/uploads\/2019\/08\/kra&#776;uterpala-10-325x209.jpg 325w\"><\/source><img decoding=\"async\" alt=\"Zwei Radfahrer fahren mit Elektrofahrr&auml;dern auf einem Bergpfad mit Alpenh&auml;usern und schroffen Gipfeln im Hintergrund.\" src=\"https:\/\/www.salzburgerland.com\/de\/magazin\/wp-content\/uploads\/2019\/08\/kra%CC%88uterpala-10.jpg\">\t<\/picture><figcaption>Mit dem E-Bike zur Zachhofalm c Edith Danzer<\/figcaption><\/a><\/figure><\/div><div class=\"col-6 col-sm-4\"><figure><a class=\"thumb-container\" href=\"https:\/\/www.salzburgerland.com\/de\/magazin\/wp-content\/uploads\/2019\/08\/kra%CC%88uterpala-11-1280x1024.jpg\">\t<picture><source media=\"(min-width: 576px)\" srcset=\"https:\/\/www.salzburgerland.com\/de\/magazin\/wp-content\/uploads\/2019\/08\/kra&#776;uterpala-11-325x209.jpg 325w, https:\/\/www.salzburgerland.com\/de\/magazin\/wp-content\/uploads\/2019\/08\/kra&#776;uterpala-11-249x160.jpg 249w\"><\/source><source media=\"(min-width: 0)\" srcset=\"https:\/\/www.salzburgerland.com\/de\/magazin\/wp-content\/uploads\/2019\/08\/kra&#776;uterpala-11-249x160.jpg 249w, https:\/\/www.salzburgerland.com\/de\/magazin\/wp-content\/uploads\/2019\/08\/kra&#776;uterpala-11-325x209.jpg 325w\"><\/source><img decoding=\"async\" alt=\"Zwei Radfahrer fahren auf einem Bergpfad in Richtung Bergh&uuml;tten, umgeben von Wildblumen und hohen, felsigen Gipfeln.\" src=\"https:\/\/www.salzburgerland.com\/de\/magazin\/wp-content\/uploads\/2019\/08\/kra%CC%88uterpala-11.jpg\">\t<\/picture><figcaption>Der Hochk&ouml;nig thront &uuml;ber der Alm. c Edith Danzer<\/figcaption><\/a><\/figure><\/div><div class=\"col-6 col-sm-4\"><figure><a class=\"thumb-container\" href=\"https:\/\/www.salzburgerland.com\/de\/magazin\/wp-content\/uploads\/2019\/08\/kra%CC%88uterpala-12-1-1280x1024.jpg\">\t<picture><source media=\"(min-width: 576px)\" srcset=\"https:\/\/www.salzburgerland.com\/de\/magazin\/wp-content\/uploads\/2019\/08\/kra&#776;uterpala-12-1-325x209.jpg 325w, https:\/\/www.salzburgerland.com\/de\/magazin\/wp-content\/uploads\/2019\/08\/kra&#776;uterpala-12-1-249x160.jpg 249w\"><\/source><source media=\"(min-width: 0)\" srcset=\"https:\/\/www.salzburgerland.com\/de\/magazin\/wp-content\/uploads\/2019\/08\/kra&#776;uterpala-12-1-249x160.jpg 249w, https:\/\/www.salzburgerland.com\/de\/magazin\/wp-content\/uploads\/2019\/08\/kra&#776;uterpala-12-1-325x209.jpg 325w\"><\/source><img decoding=\"async\" alt=\"Ein l&auml;chelndes Paar entspannt sich an einem Teich und taucht die F&uuml;&szlig;e ins Wasser, w&auml;hrend im Hintergrund Fahrr&auml;der und Berge zu sehen sind.\" src=\"https:\/\/www.salzburgerland.com\/de\/magazin\/wp-content\/uploads\/2019\/08\/kra%CC%88uterpala-12-1.jpg\">\t<\/picture><figcaption>Der Badeteich. c Edith Danzer<\/figcaption><\/a><\/figure><\/div><\/div><figcaption><\/figcaption><\/div>\n\n\n\n<p>Angefangen vom Kr\u00e4utergarten, der sich rund um die H\u00fctte erstreckt bis zum gut sortierten Kr\u00e4uterladen. Hier erh\u00e4lt man eine unglaubliche Vielzahl an Produkten, die die beiden Kr\u00e4uterkundigen mit ihren Mitarbeiterinnen selbst herstellen. Brennnessel-Sirup, Latschenkiefer-Saft, Minz-Fu\u00dfbad, Arnika-Einreibung, Salben, D\u00fcfte und vieles mehr&#8230; Alles wird in reiner Handarbeit hier oben produziert. Da trocknen Bl\u00fcten, dort k\u00f6chelt ein Sirup am Herd und am Tisch werden gerade kleine Fl\u00e4schchen sorgf\u00e4ltig mit Etiketten versehen. Beim Betreten der H\u00fctte sind die Nasenfl\u00fcgel auf Dauer-Schnupper-Kurs \u2013 immer neue Wohlger\u00fcche str\u00f6men auf mich ein. <\/p>\n\n\n<div class=\"mag-gallery\"><div class=\"row\"><div class=\"col-6 col-sm-4\"><figure><a class=\"thumb-container\" href=\"https:\/\/www.salzburgerland.com\/de\/magazin\/wp-content\/uploads\/2019\/08\/bella-sarah-kra%CC%88uter-1280x1024.jpg\">\t<picture><source media=\"(min-width: 576px)\" srcset=\"https:\/\/www.salzburgerland.com\/de\/magazin\/wp-content\/uploads\/2019\/08\/bella-sarah-kra&#776;uter-325x209.jpg 325w, https:\/\/www.salzburgerland.com\/de\/magazin\/wp-content\/uploads\/2019\/08\/bella-sarah-kra&#776;uter-249x160.jpg 249w\"><\/source><source media=\"(min-width: 0)\" srcset=\"https:\/\/www.salzburgerland.com\/de\/magazin\/wp-content\/uploads\/2019\/08\/bella-sarah-kra&#776;uter-249x160.jpg 249w, https:\/\/www.salzburgerland.com\/de\/magazin\/wp-content\/uploads\/2019\/08\/bella-sarah-kra&#776;uter-325x209.jpg 325w\"><\/source><img decoding=\"async\" alt=\"\" src=\"https:\/\/www.salzburgerland.com\/de\/magazin\/wp-content\/uploads\/2019\/08\/bella-sarah-kra%CC%88uter-scaled.jpg\">\t<\/picture><figcaption>Sarah und Isabella mit frischen Kr&auml;utern. c Edith Danzer<\/figcaption><\/a><\/figure><\/div><div class=\"col-6 col-sm-4\"><figure><a class=\"thumb-container\" href=\"https:\/\/www.salzburgerland.com\/de\/magazin\/wp-content\/uploads\/2019\/08\/kra%CC%88uterpala-13-1280x1024.jpg\">\t<picture><source media=\"(min-width: 576px)\" srcset=\"https:\/\/www.salzburgerland.com\/de\/magazin\/wp-content\/uploads\/2019\/08\/kra&#776;uterpala-13-325x209.jpg 325w, https:\/\/www.salzburgerland.com\/de\/magazin\/wp-content\/uploads\/2019\/08\/kra&#776;uterpala-13-249x160.jpg 249w\"><\/source><source media=\"(min-width: 0)\" srcset=\"https:\/\/www.salzburgerland.com\/de\/magazin\/wp-content\/uploads\/2019\/08\/kra&#776;uterpala-13-249x160.jpg 249w, https:\/\/www.salzburgerland.com\/de\/magazin\/wp-content\/uploads\/2019\/08\/kra&#776;uterpala-13-325x209.jpg 325w\"><\/source><img decoding=\"async\" alt=\"L&auml;chelnde Frau mit Sonnenbrille h&auml;lt eine blaue Tasse im Freien mit Bergen und B&auml;umen im Hintergrund.\" src=\"https:\/\/www.salzburgerland.com\/de\/magazin\/wp-content\/uploads\/2019\/08\/kra%CC%88uterpala-13.jpg\">\t<\/picture><figcaption>Highlight: Gew&uuml;rz Cappuchino! c Edith Danzer<\/figcaption><\/a><\/figure><\/div><div class=\"col-6 col-sm-4\"><figure><a class=\"thumb-container\" href=\"https:\/\/www.salzburgerland.com\/de\/magazin\/wp-content\/uploads\/2019\/08\/Bella-Zachhofalm-1280x1024.jpg\">\t<picture><source media=\"(min-width: 576px)\" srcset=\"https:\/\/www.salzburgerland.com\/de\/magazin\/wp-content\/uploads\/2019\/08\/Bella-Zachhofalm-325x209.jpg 325w, https:\/\/www.salzburgerland.com\/de\/magazin\/wp-content\/uploads\/2019\/08\/Bella-Zachhofalm-249x160.jpg 249w\"><\/source><source media=\"(min-width: 0)\" srcset=\"https:\/\/www.salzburgerland.com\/de\/magazin\/wp-content\/uploads\/2019\/08\/Bella-Zachhofalm-249x160.jpg 249w, https:\/\/www.salzburgerland.com\/de\/magazin\/wp-content\/uploads\/2019\/08\/Bella-Zachhofalm-325x209.jpg 325w\"><\/source><img decoding=\"async\" alt=\"\" src=\"https:\/\/www.salzburgerland.com\/de\/magazin\/wp-content\/uploads\/2019\/08\/Bella-Zachhofalm-scaled.jpg\">\t<\/picture><figcaption>Isabella Lainer vor ihrer Alm. c Edith Danzer<\/figcaption><\/a><\/figure><\/div><\/div><figcaption><\/figcaption><\/div>\n\n\n\n<blockquote class=\"wp-block-quote is-layout-flow wp-block-quote-is-layout-flow\"><p>\u201eWir kochen biologisch &#8211; einfach, weil es hier immer so gemacht wurde.\u201c<\/p><cite>Isabella Lainer<\/cite><\/blockquote>\n\n\n\n<h2 class=\"wp-block-heading\">Frisch aus dem Garten<\/h2>\n\n\n\n<p>Sennerin Sarah kommt eben mit frischen Kr\u00e4utern vom Garten \u2013 die Zutaten f\u00fcr meine Kr\u00e4uterpalatschinken. \u201eDas Essen auf der Zachhofalm ist bio\u201c, versichert Isabella Lainer und erkl\u00e4rt: \u201eGanz klar, weil das war immer schon so! Die Produkte kommen aus dem Wald, dem Kr\u00e4utergarten oder dem eigenen Bio-Bauernhof Dachegg unten im Tal. Und diese Qualit\u00e4t kann man schmecken!\u201c Dass es schmeckt, beweist die Stille, die nun am Tisch einkehrt. Die mit Zucchini-Gem\u00fcse, Kr\u00e4uterfrischk\u00e4se und Quendel \u2013 dem wilden Thymian \u2013 gef\u00fcllten Palatschinken zergehen einfach auf der Zunge! <\/p>\n\n\n<div class=\"mag-gallery\"><div class=\"row\"><div class=\"col-6 col-sm-4\"><figure><a class=\"thumb-container\" href=\"https:\/\/www.salzburgerland.com\/de\/magazin\/wp-content\/uploads\/2019\/08\/kra%CC%88uterpala-2-1280x1024.jpg\">\t<picture><source media=\"(min-width: 576px)\" srcset=\"https:\/\/www.salzburgerland.com\/de\/magazin\/wp-content\/uploads\/2019\/08\/kra&#776;uterpala-2-325x209.jpg 325w, https:\/\/www.salzburgerland.com\/de\/magazin\/wp-content\/uploads\/2019\/08\/kra&#776;uterpala-2-249x160.jpg 249w\"><\/source><source media=\"(min-width: 0)\" srcset=\"https:\/\/www.salzburgerland.com\/de\/magazin\/wp-content\/uploads\/2019\/08\/kra&#776;uterpala-2-249x160.jpg 249w, https:\/\/www.salzburgerland.com\/de\/magazin\/wp-content\/uploads\/2019\/08\/kra&#776;uterpala-2-325x209.jpg 325w\"><\/source><img decoding=\"async\" alt=\"Ein Teller mit herzhaften Cr&ecirc;pes mit Gem&uuml;se und So&szlig;e auf einem Tisch im Freien, Berge und Fahrr&auml;der im Hintergrund.\" src=\"https:\/\/www.salzburgerland.com\/de\/magazin\/wp-content\/uploads\/2019\/08\/kra%CC%88uterpala-2.jpg\">\t<\/picture><figcaption>Kr&auml;uterpalatschinken c Edith Danzer<\/figcaption><\/a><\/figure><\/div><div class=\"col-6 col-sm-4\"><figure><a class=\"thumb-container\" href=\"https:\/\/www.salzburgerland.com\/de\/magazin\/wp-content\/uploads\/2019\/08\/kra%CC%88uterpala-4-1280x1024.jpg\">\t<picture><source media=\"(min-width: 576px)\" srcset=\"https:\/\/www.salzburgerland.com\/de\/magazin\/wp-content\/uploads\/2019\/08\/kra&#776;uterpala-4-325x209.jpg 325w, https:\/\/www.salzburgerland.com\/de\/magazin\/wp-content\/uploads\/2019\/08\/kra&#776;uterpala-4-249x160.jpg 249w\"><\/source><source media=\"(min-width: 0)\" srcset=\"https:\/\/www.salzburgerland.com\/de\/magazin\/wp-content\/uploads\/2019\/08\/kra&#776;uterpala-4-249x160.jpg 249w, https:\/\/www.salzburgerland.com\/de\/magazin\/wp-content\/uploads\/2019\/08\/kra&#776;uterpala-4-325x209.jpg 325w\"><\/source><img decoding=\"async\" alt=\"Eine Kellnerin serviert einem l&auml;chelnden Paar, das an einem sonnigen Tag vor einer rustikalen Holzh&uuml;tte sitzt, Essen und Getr&auml;nke.\" src=\"https:\/\/www.salzburgerland.com\/de\/magazin\/wp-content\/uploads\/2019\/08\/kra%CC%88uterpala-4.jpg\">\t<\/picture><figcaption>Isabella serviert. c Edith Danzer<\/figcaption><\/a><\/figure><\/div><div class=\"col-6 col-sm-4\"><figure><a class=\"thumb-container\" href=\"https:\/\/www.salzburgerland.com\/de\/magazin\/wp-content\/uploads\/2019\/08\/kra%CC%88uterpala-5-1280x1024.jpg\">\t<picture><source media=\"(min-width: 576px)\" srcset=\"https:\/\/www.salzburgerland.com\/de\/magazin\/wp-content\/uploads\/2019\/08\/kra&#776;uterpala-5-325x209.jpg 325w, https:\/\/www.salzburgerland.com\/de\/magazin\/wp-content\/uploads\/2019\/08\/kra&#776;uterpala-5-249x160.jpg 249w\"><\/source><source media=\"(min-width: 0)\" srcset=\"https:\/\/www.salzburgerland.com\/de\/magazin\/wp-content\/uploads\/2019\/08\/kra&#776;uterpala-5-249x160.jpg 249w, https:\/\/www.salzburgerland.com\/de\/magazin\/wp-content\/uploads\/2019\/08\/kra&#776;uterpala-5-325x209.jpg 325w\"><\/source><img decoding=\"async\" alt=\"Regale mit Gl&auml;sern, Flaschen und Verpackungen mit regionalen Produkten in einem rustikalen Laden mit hellgr&uuml;nen Schr&auml;nken.\" src=\"https:\/\/www.salzburgerland.com\/de\/magazin\/wp-content\/uploads\/2019\/08\/kra%CC%88uterpala-5.jpg\">\t<\/picture><figcaption>Der Kr&auml;uterladen. c Edith Danzer<\/figcaption><\/a><\/figure><\/div><div class=\"col-6 col-sm-4\"><figure><a class=\"thumb-container\" href=\"https:\/\/www.salzburgerland.com\/de\/magazin\/wp-content\/uploads\/2019\/08\/kra%CC%88uterpala-6-1280x1024.jpg\">\t<picture><source media=\"(min-width: 576px)\" srcset=\"https:\/\/www.salzburgerland.com\/de\/magazin\/wp-content\/uploads\/2019\/08\/kra&#776;uterpala-6-325x209.jpg 325w, https:\/\/www.salzburgerland.com\/de\/magazin\/wp-content\/uploads\/2019\/08\/kra&#776;uterpala-6-249x160.jpg 249w\"><\/source><source media=\"(min-width: 0)\" srcset=\"https:\/\/www.salzburgerland.com\/de\/magazin\/wp-content\/uploads\/2019\/08\/kra&#776;uterpala-6-249x160.jpg 249w, https:\/\/www.salzburgerland.com\/de\/magazin\/wp-content\/uploads\/2019\/08\/kra&#776;uterpala-6-325x209.jpg 325w\"><\/source><img decoding=\"async\" alt=\"Frische Holunderbl&uuml;ten und eine Reisebrosch&uuml;re auf einem blau gemusterten Tuch in einer gem&uuml;tlichen K&uuml;chenumgebung.\" src=\"https:\/\/www.salzburgerland.com\/de\/magazin\/wp-content\/uploads\/2019\/08\/kra%CC%88uterpala-6.jpg\">\t<\/picture><figcaption>Die Kulinarische K&ouml;nigstour f&uuml;hrt auch zur Zachhofalm. c Edith Danzer<\/figcaption><\/a><\/figure><\/div><div class=\"col-6 col-sm-4\"><figure><a class=\"thumb-container\" href=\"https:\/\/www.salzburgerland.com\/de\/magazin\/wp-content\/uploads\/2019\/08\/kra%CC%88uterpala-14-1280x1024.jpg\">\t<picture><source media=\"(min-width: 576px)\" srcset=\"https:\/\/www.salzburgerland.com\/de\/magazin\/wp-content\/uploads\/2019\/08\/kra&#776;uterpala-14-325x209.jpg 325w, https:\/\/www.salzburgerland.com\/de\/magazin\/wp-content\/uploads\/2019\/08\/kra&#776;uterpala-14-249x160.jpg 249w\"><\/source><source media=\"(min-width: 0)\" srcset=\"https:\/\/www.salzburgerland.com\/de\/magazin\/wp-content\/uploads\/2019\/08\/kra&#776;uterpala-14-249x160.jpg 249w, https:\/\/www.salzburgerland.com\/de\/magazin\/wp-content\/uploads\/2019\/08\/kra&#776;uterpala-14-325x209.jpg 325w\"><\/source><img decoding=\"async\" alt=\"Eine Frau in traditioneller &ouml;sterreichischer Kleidung pfl&uuml;ckt Kr&auml;uter in einem &uuml;ppigen Garten mit Bergen im Hintergrund.\" src=\"https:\/\/www.salzburgerland.com\/de\/magazin\/wp-content\/uploads\/2019\/08\/kra%CC%88uterpala-14.jpg\">\t<\/picture><figcaption>Sarah im Kr&auml;utergarten. c Edith Danzer<\/figcaption><\/a><\/figure><\/div><div class=\"col-6 col-sm-4\"><figure><a class=\"thumb-container\" href=\"https:\/\/www.salzburgerland.com\/de\/magazin\/wp-content\/uploads\/2019\/08\/kra%CC%88uterpala-8-2-1280x1024.jpg\">\t<picture><source media=\"(min-width: 576px)\" srcset=\"https:\/\/www.salzburgerland.com\/de\/magazin\/wp-content\/uploads\/2019\/08\/kra&#776;uterpala-8-2-325x209.jpg 325w, https:\/\/www.salzburgerland.com\/de\/magazin\/wp-content\/uploads\/2019\/08\/kra&#776;uterpala-8-2-249x160.jpg 249w\"><\/source><source media=\"(min-width: 0)\" srcset=\"https:\/\/www.salzburgerland.com\/de\/magazin\/wp-content\/uploads\/2019\/08\/kra&#776;uterpala-8-2-249x160.jpg 249w, https:\/\/www.salzburgerland.com\/de\/magazin\/wp-content\/uploads\/2019\/08\/kra&#776;uterpala-8-2-325x209.jpg 325w\"><\/source><img decoding=\"async\" alt=\"Eine rustikale Holzh&uuml;tte mit einer kleinen Veranda, Fahrr&auml;der im Freien und ein grasbewachsener H&uuml;gel unter einem teilweise bew&ouml;lkten Himmel.\" src=\"https:\/\/www.salzburgerland.com\/de\/magazin\/wp-content\/uploads\/2019\/08\/kra%CC%88uterpala-8-2.jpg\">\t<\/picture><figcaption>Die Zachhofalm. c Edith Danzer<\/figcaption><\/a><\/figure><\/div><\/div><figcaption><\/figcaption><\/div>\n\n\n\n<h2 class=\"wp-block-heading\"><strong>Rezept Kr\u00e4uterpalatschinken<\/strong><\/h2>\n\n\n\n<p><strong>Zutaten Zucchini-Gem\u00fcse <\/strong>(auf Vorrat in Gl\u00e4sern eingekocht)<\/p>\n\n\n\n<ul class=\"wp-block-list\"><li>2 kg Zucchini<\/li><li>\u00bd kg Zwiebel<\/li><li>3 Paprika (rot, gr\u00fcn, gelb)<\/li><li>1 \u2013 2 EL Salz<\/li><li>\u00bd l Kr\u00e4uteressig<\/li><li>1 EL Senfk\u00f6rner<\/li><li>1 TL Curry<\/li><li>1 Msp. Muskat<\/li><li>250 g Zucker<\/li><\/ul>\n\n\n\n<p>Zucchini und Paprika in kleine St\u00fccke und die Zwiebel in Ringe schneiden. Alles mit Salz vermischen und 30 Minuten ziehen lassen. Essig und Gew\u00fcrze zum Kochen bringen und das Gem\u00fcse zugeben. Die Mischung noch hei\u00df in Schraubgl\u00e4ser f\u00fcllen und verschlie\u00dfen.<\/p>\n\n\n\n<h2 class=\"wp-block-heading\"><strong>Wildkr\u00e4uter-Pesto<\/strong><\/h2>\n\n\n\n<p>Die Wild- und Gartenkr\u00e4uter (z.B. Brennnessel, Quendel) mit Knoblauch, Pfeffer, Salz und Oliven\u00f6l vermischen und in ein Glas f\u00fcllen. <\/p>\n\n\n\n<p><strong>Zutaten Palatschinken<\/strong><\/p>\n\n\n\n<ul class=\"wp-block-list\"><li>Ca. 750 ml Milch<\/li><li>300 \u2013 350 g Dinkelmehl<\/li><li>4 Eier<\/li><li>Prise Salz<\/li><li>Kr\u00e4uter nach Wahl<\/li><li>Frischk\u00e4se gemischt mit Wildkr\u00e4uter-Pesto<\/li><li>Schott\u00b4n zum Dar\u00fcberreiben<\/li><li>Frischer Quendel f\u00fcr das Gem\u00fcse<\/li><\/ul>\n\n\n\n<p>Aus Milch, Mehl, Eiern, Salz und den frischen Kr\u00e4utern einen Palatschinkenteig anr\u00fchren. In der Pfanne etwas Butter erhitzen und die Palatschinken darin herausbacken. Die Palatschinken mit dem Pesto-Frischk\u00e4se bestreichen und zu einem Viertel zusammenfalten. Den Schott`n dar\u00fcber reiben und f\u00fcr 2- 3 Minuten im Rohr bei 220 \u00b0C \u00fcberbacken. W\u00e4hrenddessen das Zucchini-Gem\u00fcse aus dem Glas in einem Topf geben (pro Portion etwa 3 \u2013 4 EL), etwas Pesto-Frischk\u00e4se dazu geben und erw\u00e4rmen. Zum Schluss noch den frischen Quendel unterr\u00fchren und das Gem\u00fcse zu den Palatschinken servieren. <\/p>\n\n\n\n<p><strong>Tipp<\/strong>: Die <a href=\"https:\/\/www.hochkoenig.at\/de\/sommer-urlaub-salzburg\/essen\/kulinarische-koenigstouren-bike.html\" target=\"_blank\" rel=\"noreferrer noopener\" aria-label=\" (opens in a new tab)\">Kulinarische K\u00f6nigstour mit dem E-Bike<\/a> f\u00fchrt an der Zachhofalm vorbei und garantiert nicht nur sportliche H\u00f6hepunkte, sondern auch kulinarischen Hochgenuss. <\/p>\n","protected":false},"excerpt":{"rendered":"<p>Nicht allein wegen der Kr\u00e4uterpalatschinken kommen die Wanderer und Biker heute von Dienten hier herauf auf die Zachhofalm. Vielleicht ist es auch der kleine Badeteich, die herzliche Bewirtung durch Heidi und Isabella, die liebevoll dekorierte H\u00fctte, der unglaublich artenreiche Kr\u00e4utergarten, das atemberaubende Panorama auf \u201eSeine Majest\u00e4t\u201c den Hochk\u00f6nig\u2026? Ich denke es ist alles zusammen, denn [&hellip;]<\/p>\n","protected":false},"author":11,"featured_media":136487,"comment_status":"open","ping_status":"closed","sticky":false,"template":"","format":"standard","meta":{"_acf_changed":false,"wl_entities_gutenberg":"","_wl_entity_redirect_enabled":"","footnotes":""},"categories":[3],"tags":[],"wl_entity_type":[871],"monatsauswahl":[85,86,87,88,89,90,91],"class_list":["post-136460","post","type-post","status-publish","format-standard","has-post-thumbnail","hentry","category-essen-trinken","wl_entity_type-recipe","monatsauswahl-monat_4","monatsauswahl-monat_5","monatsauswahl-monat_6","monatsauswahl-monat_7","monatsauswahl-monat_8","monatsauswahl-monat_9","monatsauswahl-monat_10"],"acf":[],"yoast_head":"<!-- This site is optimized with the Yoast SEO Premium plugin v27.4 (Yoast SEO v27.4) - https:\/\/yoast.com\/product\/yoast-seo-premium-wordpress\/ -->\n<title>Zachhofalm-Kr\u00e4uterpalatschinken - SalzburgerLand Magazin<\/title>\n<meta name=\"description\" content=\"Frisch aus dem Kr\u00e4utergarten auf den Herd. Leichtes, sommerliches Kr\u00e4uterrezept von der Zachhofalm in Dienten im SalzburgerLand.\" \/>\n<meta name=\"robots\" content=\"index, follow, max-snippet:-1, max-image-preview:large, max-video-preview:-1\" \/>\n<link rel=\"canonical\" href=\"https:\/\/www.salzburgerland.com\/de\/magazin\/zachhofalm-kraeuterpalatschinken\/\" \/>\n<meta property=\"og:locale\" content=\"de_DE\" \/>\n<meta property=\"og:type\" content=\"article\" \/>\n<meta property=\"og:title\" content=\"Zachhofalm-Kr\u00e4uterpalatschinken\" \/>\n<meta property=\"og:description\" content=\"Frisch aus dem Kr\u00e4utergarten auf den Herd. Leichtes, sommerliches Kr\u00e4uterrezept von der Zachhofalm in Dienten im SalzburgerLand.\" \/>\n<meta property=\"og:url\" content=\"https:\/\/www.salzburgerland.com\/de\/magazin\/zachhofalm-kraeuterpalatschinken\/\" \/>\n<meta property=\"og:site_name\" content=\"SalzburgerLand Magazin\" \/>\n<meta property=\"article:publisher\" content=\"https:\/\/www.facebook.com\/salzburgerland\/\" \/>\n<meta property=\"article:published_time\" content=\"2019-08-22T06:00:18+00:00\" \/>\n<meta property=\"article:modified_time\" content=\"2020-02-20T10:07:17+00:00\" \/>\n<meta property=\"og:image\" content=\"https:\/\/www.salzburgerland.com\/de\/magazin\/wp-content\/uploads\/2019\/08\/cropped-kra\u0308uterpala-3-1.jpg\" \/>\n\t<meta property=\"og:image:width\" content=\"1618\" \/>\n\t<meta property=\"og:image:height\" content=\"910\" \/>\n\t<meta property=\"og:image:type\" content=\"image\/jpeg\" \/>\n<meta name=\"author\" content=\"Edith Danzer\" \/>\n<meta name=\"twitter:card\" content=\"summary_large_image\" \/>\n<meta name=\"twitter:creator\" content=\"@Salzburgerland\" \/>\n<meta name=\"twitter:site\" content=\"@Salzburgerland\" \/>\n<meta name=\"twitter:label1\" content=\"Verfasst von\" \/>\n\t<meta name=\"twitter:data1\" content=\"Edith Danzer\" \/>\n\t<meta name=\"twitter:label2\" content=\"Gesch\u00e4tzte Lesezeit\" \/>\n\t<meta name=\"twitter:data2\" content=\"4\u00a0Minuten\" \/>\n<script type=\"application\/ld+json\" class=\"yoast-schema-graph\">{\"@context\":\"https:\\\/\\\/schema.org\",\"@graph\":[{\"@type\":\"Article\",\"@id\":\"https:\\\/\\\/www.salzburgerland.com\\\/de\\\/magazin\\\/zachhofalm-kraeuterpalatschinken\\\/#article\",\"isPartOf\":{\"@id\":\"https:\\\/\\\/www.salzburgerland.com\\\/de\\\/magazin\\\/zachhofalm-kraeuterpalatschinken\\\/\"},\"author\":{\"name\":\"Edith Danzer\",\"@id\":\"https:\\\/\\\/www.salzburgerland.com\\\/de\\\/magazin\\\/#\\\/schema\\\/person\\\/79452c699c410aa31a119426313748de\"},\"headline\":\"Zachhofalm-Kr\u00e4uterpalatschinken\",\"datePublished\":\"2019-08-22T06:00:18+00:00\",\"dateModified\":\"2020-02-20T10:07:17+00:00\",\"mainEntityOfPage\":{\"@id\":\"https:\\\/\\\/www.salzburgerland.com\\\/de\\\/magazin\\\/zachhofalm-kraeuterpalatschinken\\\/\"},\"wordCount\":755,\"commentCount\":0,\"publisher\":{\"@id\":\"https:\\\/\\\/www.salzburgerland.com\\\/de\\\/magazin\\\/#organization\"},\"image\":{\"@id\":\"https:\\\/\\\/www.salzburgerland.com\\\/de\\\/magazin\\\/zachhofalm-kraeuterpalatschinken\\\/#primaryimage\"},\"thumbnailUrl\":\"https:\\\/\\\/www.salzburgerland.com\\\/de\\\/magazin\\\/wp-content\\\/uploads\\\/2019\\\/08\\\/cropped-kra\u0308uterpala-3-1.jpg\",\"articleSection\":[\"Essen &amp; Trinken\"],\"inLanguage\":\"de\",\"potentialAction\":[{\"@type\":\"CommentAction\",\"name\":\"Comment\",\"target\":[\"https:\\\/\\\/www.salzburgerland.com\\\/de\\\/magazin\\\/zachhofalm-kraeuterpalatschinken\\\/#respond\"]}]},{\"@type\":\"WebPage\",\"@id\":\"https:\\\/\\\/www.salzburgerland.com\\\/de\\\/magazin\\\/zachhofalm-kraeuterpalatschinken\\\/\",\"url\":\"https:\\\/\\\/www.salzburgerland.com\\\/de\\\/magazin\\\/zachhofalm-kraeuterpalatschinken\\\/\",\"name\":\"Zachhofalm-Kr\u00e4uterpalatschinken - SalzburgerLand Magazin\",\"isPartOf\":{\"@id\":\"https:\\\/\\\/www.salzburgerland.com\\\/de\\\/magazin\\\/#website\"},\"primaryImageOfPage\":{\"@id\":\"https:\\\/\\\/www.salzburgerland.com\\\/de\\\/magazin\\\/zachhofalm-kraeuterpalatschinken\\\/#primaryimage\"},\"image\":{\"@id\":\"https:\\\/\\\/www.salzburgerland.com\\\/de\\\/magazin\\\/zachhofalm-kraeuterpalatschinken\\\/#primaryimage\"},\"thumbnailUrl\":\"https:\\\/\\\/www.salzburgerland.com\\\/de\\\/magazin\\\/wp-content\\\/uploads\\\/2019\\\/08\\\/cropped-kra\u0308uterpala-3-1.jpg\",\"datePublished\":\"2019-08-22T06:00:18+00:00\",\"dateModified\":\"2020-02-20T10:07:17+00:00\",\"description\":\"Frisch aus dem Kr\u00e4utergarten auf den Herd. Leichtes, sommerliches Kr\u00e4uterrezept von der Zachhofalm in Dienten im SalzburgerLand.\",\"breadcrumb\":{\"@id\":\"https:\\\/\\\/www.salzburgerland.com\\\/de\\\/magazin\\\/zachhofalm-kraeuterpalatschinken\\\/#breadcrumb\"},\"inLanguage\":\"de\",\"potentialAction\":[{\"@type\":\"ReadAction\",\"target\":[\"https:\\\/\\\/www.salzburgerland.com\\\/de\\\/magazin\\\/zachhofalm-kraeuterpalatschinken\\\/\"]}]},{\"@type\":\"ImageObject\",\"inLanguage\":\"de\",\"@id\":\"https:\\\/\\\/www.salzburgerland.com\\\/de\\\/magazin\\\/zachhofalm-kraeuterpalatschinken\\\/#primaryimage\",\"url\":\"https:\\\/\\\/www.salzburgerland.com\\\/de\\\/magazin\\\/wp-content\\\/uploads\\\/2019\\\/08\\\/cropped-kra\u0308uterpala-3-1.jpg\",\"contentUrl\":\"https:\\\/\\\/www.salzburgerland.com\\\/de\\\/magazin\\\/wp-content\\\/uploads\\\/2019\\\/08\\\/cropped-kra\u0308uterpala-3-1.jpg\",\"width\":1618,\"height\":910},{\"@type\":\"BreadcrumbList\",\"@id\":\"https:\\\/\\\/www.salzburgerland.com\\\/de\\\/magazin\\\/zachhofalm-kraeuterpalatschinken\\\/#breadcrumb\",\"itemListElement\":[{\"@type\":\"ListItem\",\"position\":1,\"name\":\"Startseite\",\"item\":\"https:\\\/\\\/www.salzburgerland.com\\\/de\\\/magazin\\\/\"},{\"@type\":\"ListItem\",\"position\":2,\"name\":\"Essen &amp; Trinken\",\"item\":\"https:\\\/\\\/www.salzburgerland.com\\\/de\\\/magazin\\\/thema\\\/essen-trinken\\\/\"},{\"@type\":\"ListItem\",\"position\":3,\"name\":\"Zachhofalm-Kr\u00e4uterpalatschinken\"}]},{\"@type\":\"WebSite\",\"@id\":\"https:\\\/\\\/www.salzburgerland.com\\\/de\\\/magazin\\\/#website\",\"url\":\"https:\\\/\\\/www.salzburgerland.com\\\/de\\\/magazin\\\/\",\"name\":\"SalzburgerLand Magazin\",\"description\":\"Geschichten und Interessantes aus dem SalzburgerLand\",\"publisher\":{\"@id\":\"https:\\\/\\\/www.salzburgerland.com\\\/de\\\/magazin\\\/#organization\"},\"potentialAction\":[{\"@type\":\"SearchAction\",\"target\":{\"@type\":\"EntryPoint\",\"urlTemplate\":\"https:\\\/\\\/www.salzburgerland.com\\\/de\\\/magazin\\\/?s={search_term_string}\"},\"query-input\":{\"@type\":\"PropertyValueSpecification\",\"valueRequired\":true,\"valueName\":\"search_term_string\"}}],\"inLanguage\":\"de\"},{\"@type\":\"Organization\",\"@id\":\"https:\\\/\\\/www.salzburgerland.com\\\/de\\\/magazin\\\/#organization\",\"name\":\"SalzburgerLand Tourismus\",\"url\":\"https:\\\/\\\/www.salzburgerland.com\\\/de\\\/magazin\\\/\",\"logo\":{\"@type\":\"ImageObject\",\"inLanguage\":\"de\",\"@id\":\"https:\\\/\\\/www.salzburgerland.com\\\/de\\\/magazin\\\/#\\\/schema\\\/logo\\\/image\\\/\",\"url\":\"https:\\\/\\\/www.salzburgerland.com\\\/de\\\/magazin\\\/wp-content\\\/uploads\\\/2019\\\/06\\\/salzburgerland-logo1.jpg\",\"contentUrl\":\"https:\\\/\\\/www.salzburgerland.com\\\/de\\\/magazin\\\/wp-content\\\/uploads\\\/2019\\\/06\\\/salzburgerland-logo1.jpg\",\"width\":2011,\"height\":866,\"caption\":\"SalzburgerLand Tourismus\"},\"image\":{\"@id\":\"https:\\\/\\\/www.salzburgerland.com\\\/de\\\/magazin\\\/#\\\/schema\\\/logo\\\/image\\\/\"},\"sameAs\":[\"https:\\\/\\\/www.facebook.com\\\/salzburgerland\\\/\",\"https:\\\/\\\/x.com\\\/Salzburgerland\",\"https:\\\/\\\/www.instagram.com\\\/salzburgerland\\\/\",\"https:\\\/\\\/at.linkedin.com\\\/company\\\/salzburgerland-tourismus-gmbh\",\"https:\\\/\\\/www.pinterest.at\\\/salzburgerland\\\/\",\"https:\\\/\\\/www.youtube.com\\\/user\\\/salzburgerland\",\"https:\\\/\\\/de.wikipedia.org\\\/wiki\\\/SalzburgerLand_Tourismus_GmbH\"]},{\"@type\":\"Person\",\"@id\":\"https:\\\/\\\/www.salzburgerland.com\\\/de\\\/magazin\\\/#\\\/schema\\\/person\\\/79452c699c410aa31a119426313748de\",\"name\":\"Edith Danzer\",\"description\":\"Seit Jahren arbeite ich als freie Redakteurin und Fotografin im SalzburgerLand. Schreiben ist f\u00fcr mich nicht blo\u00df das Erstellen eines Textes. Es ist ein Komponieren einer wundervollen Melodie, ein Malen mit Buchstaben und Worten. Ich liebe die Begegnungen mit Menschen, die mir ihre Geschichte anvertrauen. Wenn man mich sucht, bin ich entweder am Schreibtisch (der auch mal am sonnigen H\u00fcttenbankerl stehen kann) oder mit meinem Husky-M\u00e4dl Ylvi am Berg, am See oder im Wald. Ich \u2026 \u2026 in ein paar Worten. \u2022 Lieber drau\u00dfen, als drinnen. \u2022 Lieber Norden, als S\u00fcden. \u2022 Lieber Buchstaben, als Zahlen. \u2022 Lieber Schnee, als Strand. \u2022 Lieber Berg, als Tal. \u2022 Lieber Nordlichter, als S\u00fcdseezauber. \u2022 Lieber H\u00fctte, als F\u00fcnfsternschuppen. \u2022 Lieber Hund, als Katze. \u2022 Lieber grader Michl, als falscher Fufzga. \u2022 Lieber mittendurch, als drumherum \u2022 Lieber Almleben, als Couchpotato\",\"url\":\"https:\\\/\\\/www.salzburgerland.com\\\/de\\\/magazin\\\/author\\\/edith-danzer\\\/\"}]}<\/script>\n<!-- \/ Yoast SEO Premium plugin. -->","yoast_head_json":{"title":"Zachhofalm-Kr\u00e4uterpalatschinken - SalzburgerLand Magazin","description":"Frisch aus dem Kr\u00e4utergarten auf den Herd. Leichtes, sommerliches Kr\u00e4uterrezept von der Zachhofalm in Dienten im SalzburgerLand.","robots":{"index":"index","follow":"follow","max-snippet":"max-snippet:-1","max-image-preview":"max-image-preview:large","max-video-preview":"max-video-preview:-1"},"canonical":"https:\/\/www.salzburgerland.com\/de\/magazin\/zachhofalm-kraeuterpalatschinken\/","og_locale":"de_DE","og_type":"article","og_title":"Zachhofalm-Kr\u00e4uterpalatschinken","og_description":"Frisch aus dem Kr\u00e4utergarten auf den Herd. Leichtes, sommerliches Kr\u00e4uterrezept von der Zachhofalm in Dienten im SalzburgerLand.","og_url":"https:\/\/www.salzburgerland.com\/de\/magazin\/zachhofalm-kraeuterpalatschinken\/","og_site_name":"SalzburgerLand Magazin","article_publisher":"https:\/\/www.facebook.com\/salzburgerland\/","article_published_time":"2019-08-22T06:00:18+00:00","article_modified_time":"2020-02-20T10:07:17+00:00","og_image":[{"width":1618,"height":910,"url":"https:\/\/www.salzburgerland.com\/de\/magazin\/wp-content\/uploads\/2019\/08\/cropped-kra\u0308uterpala-3-1.jpg","type":"image\/jpeg"}],"author":"Edith Danzer","twitter_card":"summary_large_image","twitter_creator":"@Salzburgerland","twitter_site":"@Salzburgerland","twitter_misc":{"Verfasst von":"Edith Danzer","Gesch\u00e4tzte Lesezeit":"4\u00a0Minuten"},"schema":{"@context":"https:\/\/schema.org","@graph":[{"@type":"Article","@id":"https:\/\/www.salzburgerland.com\/de\/magazin\/zachhofalm-kraeuterpalatschinken\/#article","isPartOf":{"@id":"https:\/\/www.salzburgerland.com\/de\/magazin\/zachhofalm-kraeuterpalatschinken\/"},"author":{"name":"Edith Danzer","@id":"https:\/\/www.salzburgerland.com\/de\/magazin\/#\/schema\/person\/79452c699c410aa31a119426313748de"},"headline":"Zachhofalm-Kr\u00e4uterpalatschinken","datePublished":"2019-08-22T06:00:18+00:00","dateModified":"2020-02-20T10:07:17+00:00","mainEntityOfPage":{"@id":"https:\/\/www.salzburgerland.com\/de\/magazin\/zachhofalm-kraeuterpalatschinken\/"},"wordCount":755,"commentCount":0,"publisher":{"@id":"https:\/\/www.salzburgerland.com\/de\/magazin\/#organization"},"image":{"@id":"https:\/\/www.salzburgerland.com\/de\/magazin\/zachhofalm-kraeuterpalatschinken\/#primaryimage"},"thumbnailUrl":"https:\/\/www.salzburgerland.com\/de\/magazin\/wp-content\/uploads\/2019\/08\/cropped-kra\u0308uterpala-3-1.jpg","articleSection":["Essen &amp; Trinken"],"inLanguage":"de","potentialAction":[{"@type":"CommentAction","name":"Comment","target":["https:\/\/www.salzburgerland.com\/de\/magazin\/zachhofalm-kraeuterpalatschinken\/#respond"]}]},{"@type":"WebPage","@id":"https:\/\/www.salzburgerland.com\/de\/magazin\/zachhofalm-kraeuterpalatschinken\/","url":"https:\/\/www.salzburgerland.com\/de\/magazin\/zachhofalm-kraeuterpalatschinken\/","name":"Zachhofalm-Kr\u00e4uterpalatschinken - SalzburgerLand Magazin","isPartOf":{"@id":"https:\/\/www.salzburgerland.com\/de\/magazin\/#website"},"primaryImageOfPage":{"@id":"https:\/\/www.salzburgerland.com\/de\/magazin\/zachhofalm-kraeuterpalatschinken\/#primaryimage"},"image":{"@id":"https:\/\/www.salzburgerland.com\/de\/magazin\/zachhofalm-kraeuterpalatschinken\/#primaryimage"},"thumbnailUrl":"https:\/\/www.salzburgerland.com\/de\/magazin\/wp-content\/uploads\/2019\/08\/cropped-kra\u0308uterpala-3-1.jpg","datePublished":"2019-08-22T06:00:18+00:00","dateModified":"2020-02-20T10:07:17+00:00","description":"Frisch aus dem Kr\u00e4utergarten auf den Herd. Leichtes, sommerliches Kr\u00e4uterrezept von der Zachhofalm in Dienten im SalzburgerLand.","breadcrumb":{"@id":"https:\/\/www.salzburgerland.com\/de\/magazin\/zachhofalm-kraeuterpalatschinken\/#breadcrumb"},"inLanguage":"de","potentialAction":[{"@type":"ReadAction","target":["https:\/\/www.salzburgerland.com\/de\/magazin\/zachhofalm-kraeuterpalatschinken\/"]}]},{"@type":"ImageObject","inLanguage":"de","@id":"https:\/\/www.salzburgerland.com\/de\/magazin\/zachhofalm-kraeuterpalatschinken\/#primaryimage","url":"https:\/\/www.salzburgerland.com\/de\/magazin\/wp-content\/uploads\/2019\/08\/cropped-kra\u0308uterpala-3-1.jpg","contentUrl":"https:\/\/www.salzburgerland.com\/de\/magazin\/wp-content\/uploads\/2019\/08\/cropped-kra\u0308uterpala-3-1.jpg","width":1618,"height":910},{"@type":"BreadcrumbList","@id":"https:\/\/www.salzburgerland.com\/de\/magazin\/zachhofalm-kraeuterpalatschinken\/#breadcrumb","itemListElement":[{"@type":"ListItem","position":1,"name":"Startseite","item":"https:\/\/www.salzburgerland.com\/de\/magazin\/"},{"@type":"ListItem","position":2,"name":"Essen &amp; Trinken","item":"https:\/\/www.salzburgerland.com\/de\/magazin\/thema\/essen-trinken\/"},{"@type":"ListItem","position":3,"name":"Zachhofalm-Kr\u00e4uterpalatschinken"}]},{"@type":"WebSite","@id":"https:\/\/www.salzburgerland.com\/de\/magazin\/#website","url":"https:\/\/www.salzburgerland.com\/de\/magazin\/","name":"SalzburgerLand Magazin","description":"Geschichten und Interessantes aus dem SalzburgerLand","publisher":{"@id":"https:\/\/www.salzburgerland.com\/de\/magazin\/#organization"},"potentialAction":[{"@type":"SearchAction","target":{"@type":"EntryPoint","urlTemplate":"https:\/\/www.salzburgerland.com\/de\/magazin\/?s={search_term_string}"},"query-input":{"@type":"PropertyValueSpecification","valueRequired":true,"valueName":"search_term_string"}}],"inLanguage":"de"},{"@type":"Organization","@id":"https:\/\/www.salzburgerland.com\/de\/magazin\/#organization","name":"SalzburgerLand Tourismus","url":"https:\/\/www.salzburgerland.com\/de\/magazin\/","logo":{"@type":"ImageObject","inLanguage":"de","@id":"https:\/\/www.salzburgerland.com\/de\/magazin\/#\/schema\/logo\/image\/","url":"https:\/\/www.salzburgerland.com\/de\/magazin\/wp-content\/uploads\/2019\/06\/salzburgerland-logo1.jpg","contentUrl":"https:\/\/www.salzburgerland.com\/de\/magazin\/wp-content\/uploads\/2019\/06\/salzburgerland-logo1.jpg","width":2011,"height":866,"caption":"SalzburgerLand Tourismus"},"image":{"@id":"https:\/\/www.salzburgerland.com\/de\/magazin\/#\/schema\/logo\/image\/"},"sameAs":["https:\/\/www.facebook.com\/salzburgerland\/","https:\/\/x.com\/Salzburgerland","https:\/\/www.instagram.com\/salzburgerland\/","https:\/\/at.linkedin.com\/company\/salzburgerland-tourismus-gmbh","https:\/\/www.pinterest.at\/salzburgerland\/","https:\/\/www.youtube.com\/user\/salzburgerland","https:\/\/de.wikipedia.org\/wiki\/SalzburgerLand_Tourismus_GmbH"]},{"@type":"Person","@id":"https:\/\/www.salzburgerland.com\/de\/magazin\/#\/schema\/person\/79452c699c410aa31a119426313748de","name":"Edith Danzer","description":"Seit Jahren arbeite ich als freie Redakteurin und Fotografin im SalzburgerLand. Schreiben ist f\u00fcr mich nicht blo\u00df das Erstellen eines Textes. Es ist ein Komponieren einer wundervollen Melodie, ein Malen mit Buchstaben und Worten. Ich liebe die Begegnungen mit Menschen, die mir ihre Geschichte anvertrauen. Wenn man mich sucht, bin ich entweder am Schreibtisch (der auch mal am sonnigen H\u00fcttenbankerl stehen kann) oder mit meinem Husky-M\u00e4dl Ylvi am Berg, am See oder im Wald. Ich \u2026 \u2026 in ein paar Worten. \u2022 Lieber drau\u00dfen, als drinnen. \u2022 Lieber Norden, als S\u00fcden. \u2022 Lieber Buchstaben, als Zahlen. \u2022 Lieber Schnee, als Strand. \u2022 Lieber Berg, als Tal. \u2022 Lieber Nordlichter, als S\u00fcdseezauber. \u2022 Lieber H\u00fctte, als F\u00fcnfsternschuppen. \u2022 Lieber Hund, als Katze. \u2022 Lieber grader Michl, als falscher Fufzga. \u2022 Lieber mittendurch, als drumherum \u2022 Lieber Almleben, als Couchpotato","url":"https:\/\/www.salzburgerland.com\/de\/magazin\/author\/edith-danzer\/"}]}},"_wl_alt_label":[],"wl:entity_url":"http:\/\/open.salzburgerland.com\/magazin\/post\/zachhhofalm-kraeuterpalatschinken","_links":{"self":[{"href":"https:\/\/www.salzburgerland.com\/de\/magazin\/wp-json\/wp\/v2\/posts\/136460","targetHints":{"allow":["GET"]}}],"collection":[{"href":"https:\/\/www.salzburgerland.com\/de\/magazin\/wp-json\/wp\/v2\/posts"}],"about":[{"href":"https:\/\/www.salzburgerland.com\/de\/magazin\/wp-json\/wp\/v2\/types\/post"}],"author":[{"embeddable":true,"href":"https:\/\/www.salzburgerland.com\/de\/magazin\/wp-json\/wp\/v2\/users\/11"}],"replies":[{"embeddable":true,"href":"https:\/\/www.salzburgerland.com\/de\/magazin\/wp-json\/wp\/v2\/comments?post=136460"}],"version-history":[{"count":1,"href":"https:\/\/www.salzburgerland.com\/de\/magazin\/wp-json\/wp\/v2\/posts\/136460\/revisions"}],"predecessor-version":[{"id":144345,"href":"https:\/\/www.salzburgerland.com\/de\/magazin\/wp-json\/wp\/v2\/posts\/136460\/revisions\/144345"}],"wp:featuredmedia":[{"embeddable":true,"href":"https:\/\/www.salzburgerland.com\/de\/magazin\/wp-json\/wp\/v2\/media\/136487"}],"wp:attachment":[{"href":"https:\/\/www.salzburgerland.com\/de\/magazin\/wp-json\/wp\/v2\/media?parent=136460"}],"wp:term":[{"taxonomy":"category","embeddable":true,"href":"https:\/\/www.salzburgerland.com\/de\/magazin\/wp-json\/wp\/v2\/categories?post=136460"},{"taxonomy":"post_tag","embeddable":true,"href":"https:\/\/www.salzburgerland.com\/de\/magazin\/wp-json\/wp\/v2\/tags?post=136460"},{"taxonomy":"wl_entity_type","embeddable":true,"href":"https:\/\/www.salzburgerland.com\/de\/magazin\/wp-json\/wp\/v2\/wl_entity_type?post=136460"},{"taxonomy":"monatsauswahl","embeddable":true,"href":"https:\/\/www.salzburgerland.com\/de\/magazin\/wp-json\/wp\/v2\/monatsauswahl?post=136460"}],"curies":[{"name":"wp","href":"https:\/\/api.w.org\/{rel}","templated":true}]}}