{"id":136147,"date":"2019-07-26T11:40:32","date_gmt":"2019-07-26T09:40:32","guid":{"rendered":"https:\/\/www.salzburgerland.com\/de\/magazin\/?p=136147"},"modified":"2019-07-26T11:41:05","modified_gmt":"2019-07-26T09:41:05","slug":"zeller-sommerkonzerte","status":"publish","type":"post","link":"https:\/\/www.salzburgerland.com\/de\/magazin\/zeller-sommerkonzerte\/","title":{"rendered":"Zeller Sommerkonzerte"},"content":{"rendered":"\n<div class=\"wp-block-slt-top topBlocks\">\n<h2 class=\"wp-block-slt-subtitle\">Kammerkonzerte auf h\u00f6chstem Niveau<\/h2>\n\n\n\n<p class=\"wp-block-slt-intro\">Kammerkonzert-Liebhaber aufgepasst: Die Zeller Sommerkonzerte im Pfarrsaal Zell am See locken jedes Jahr im Juli und August mit einem Programm voller musikalischer H\u00f6hepunkte und au\u00dfergew\u00f6hnlichen Musikern auf Festspielniveau. <\/p>\n<\/div>\n\n\n\n<p>Ludwig van Beethoven, W.A. Mozart, Antonin Dvorak, Franz Schubert, Johannes Brahms, Gottfried von Einem, Joseph Haydn: Sie alle geben sich diesen Sommer in Zell am See praktisch den Geigenbogen in die Hand. Nat\u00fcrlich nicht pers\u00f6nlich, daf\u00fcr aber in Form ihrer Kammermusik, die von au\u00dfergew\u00f6hnlichen Musikern im Rahmen der Zeller Sommerkonzerte vorgetragen werden. <\/p>\n\n\n\n<h2 class=\"wp-block-heading\">Eine Kammerkonzertreihe f\u00fcr Genie\u00dfer<\/h2>\n\n\n\n<p>Seit ihrer Gr\u00fcndung durch den damaligen Stadtpfarrer von Zell am See Josef St\u00f6ckl in den 1960er Jahren, erfreuen sich die Zeller Sommerkonzerte jedes Jahr gro\u00dfer Beliebtheit bei Einheimischen und G\u00e4sten. Er selbst war ein gro\u00dfer Liebhaber der klassischen Musik und erweckte die Kammerkonzertreihe, die damals wie heute im Pfarrsaal Zell am See stattfindet, zum Leben. 2019 finden die Zeller Sommerkonzerte unter der Leitung des Zeller Kulturvereins bereits zum 54. Mal statt \u2013 und das Programm begeistert auch heuer wieder jeden Montag mit musikalischen Highlights auf h\u00f6chstem Niveau.<\/p>\n\n\n\n<h2 class=\"wp-block-heading\">Die Kammermusiker 2019<\/h2>\n\n\n\n<figure class=\"wp-block-image\"><img loading=\"lazy\" decoding=\"async\" width=\"555\" height=\"370\" src=\"https:\/\/www.salzburgerland.com\/de\/magazin\/wp-content\/uploads\/2019\/07\/atalante-III-c-Reinhard-Winkler.jpg\" alt=\"Vier l\u00e4chelnde Musiker mit Streichinstrumenten stehen gemeinsam im Freien vor einer Holzt\u00fcr.\" class=\"wp-image-136210\" srcset=\"https:\/\/www.salzburgerland.com\/de\/magazin\/wp-content\/uploads\/2019\/07\/atalante-III-c-Reinhard-Winkler.jpg 555w, https:\/\/www.salzburgerland.com\/de\/magazin\/wp-content\/uploads\/2019\/07\/atalante-III-c-Reinhard-Winkler-300x200.jpg 300w\" sizes=\"auto, (max-width: 555px) 100vw, 555px\" \/><figcaption>Atalante Quartett  \u00a9 Reinhard Winkler<\/figcaption><\/figure>\n\n\n\n<p>Das 2014 gegr\u00fcndete Atalante Quartett setzte mit Violinen, Viola und Violoncello einen absolut gelungenen Auftakt f\u00fcr die sechsteilige Konzertreihe. Es geht Ende Juli weiter mit dem Minetti Quartett und St\u00fccken von Joseph Haydn, van Beethoven und Dvorak. Mit August folgen jeweils Musiker-Zusammensetzungen aus Mitgliedern der Philharmoniker. Den Beginn macht das Arista Trio, es folgen das Wiener Philharmonia Quartett (das Ausnahmsweise nicht im Pfarrsaal, sondern der Stadtpfarrkirche Zell am See auftritt) und das Pinchas Quartett. Der Abschluss der Zeller Sommerkonzerte wird am 26. August mit einer Premiere gekr\u00f6nt: Zum ersten Mal wird das Mozarteum Quartett einen Kammerkonzert-Abend im Rahmen der Zeller Sommerkonzerte geben. <\/p>\n\n\n\n<p>Die besondere Stimmung des sommerlichen Zell am Sees, der intime Rahmen im Pfarrsaal, das gro\u00dfartige Programm mit hochkar\u00e4tigen Kammermusik-Ensembles und Kammermusik-Genuss in seiner reinsten Form machen die Zeller Sommerkonzerte zu einem musikalischen Highlight der Extraklasse. Unser Tipp: Nicht verpassen!<\/p>\n\n\n\n<p><strong>Wo:<br><\/strong>Pfarrsaal Zell am See<br>Bahnhofstrasse 1 (neben der Stadtpfarrkirche)<br>5700 Zell am See<strong> <\/strong><\/p>\n\n\n\n<p><strong>Preis:<\/strong><\/p>\n\n\n\n<ul class=\"wp-block-list\"><li>20 Euro Erwachsene<\/li><li>8 Euro Jugendliche ab 15 Jahre &amp; Studenten<\/li><li>Kostenloser Eintritt f\u00fcr Kinder &amp; Sch\u00fcler bis 14 Jahre<\/li><li>Kartenvorverkauf in der Zell am See Information (Tel: +43 6542 770)<\/li><\/ul>\n\n\n\n<p><strong><a rel=\"noreferrer noopener\" aria-label=\"Programm 2019 (opens in a new tab)\" href=\"https:\/\/www.zellamsee-kaprun.com\/de\/events\/top-events\/zeller-sommerkonzerte-minetti-quartett_e-385279\" target=\"_blank\">Programm 2019<\/a>: <\/strong><\/p>\n\n\n\n<ul class=\"wp-block-list\"><li>Montag, 22.07.2019: Atalante Quartett (Premiere bei den Zeller Sommerkonzerten)<\/li><li>Montag, 29.07.2019: Minetti Quartett<\/li><li>Montag, 05.08.2019: Arista Trio (Mitglieder der Wiener Philharmoniker)<\/li><li>Montag, 12.08.2019: Wiener Philharmonia Quartett (in der Stadtpfarrkirche Zell am See)<\/li><li>Montag, 19.08.2019: Pinchas Quartett (Mitglieder der Wiener Philharmoniker) <\/li><li>Montag, 26.08.2019: Mozarteum Quartett (Premiere bei den Zeller Sommerkonzerten)<\/li><\/ul>\n","protected":false},"excerpt":{"rendered":"<p>Ludwig van Beethoven, W.A. Mozart, Antonin Dvorak, Franz Schubert, Johannes Brahms, Gottfried von Einem, Joseph Haydn: Sie alle geben sich diesen Sommer in Zell am See praktisch den Geigenbogen in die Hand. Nat\u00fcrlich nicht pers\u00f6nlich, daf\u00fcr aber in Form ihrer Kammermusik, die von au\u00dfergew\u00f6hnlichen Musikern im Rahmen der Zeller Sommerkonzerte vorgetragen werden. Eine Kammerkonzertreihe f\u00fcr [&hellip;]<\/p>\n","protected":false},"author":544,"featured_media":136166,"comment_status":"open","ping_status":"closed","sticky":false,"template":"","format":"standard","meta":{"_acf_changed":false,"wl_entities_gutenberg":"{\"http:\/\/open.salzburgerland.com\/magazin\/entity\/musik\":{\"uri\":\"http:\/\/open.salzburgerland.com\/magazin\/entity\/musik\",\"label\":\"Musik\",\"description\":\"Musik ist\u00a0die Kunst, akustisches Material, wie T\u00f6ne und Ger\u00e4usche zu einer Gruppe von Kl\u00e4ngen zu arrangieren\u00a0und zu einer eigenst\u00e4ndigen Komposition zu formieren.\\r\\n\\r\\nZu den bedeutendsten musikalischen Highlights im SalzburgerLand z\u00e4hlen Wolfgang Amadeus Mozart, die Salzburger Festspiele, Stille Nacht und The Sound of Music.\",\"main_type\":\"wl-thing\",\"type\":[\"http:\/\/schema.org\/Thing\"],\"image\":[],\"sameas\":[\"http:\/\/de.dbpedia.org\/resource\/Musik_(Begriffskl%C3%A4rung)\",\"http:\/\/www.wikidata.org\/entity\/Q6942649\",\"http:\/\/open.salzburgerland.com\/de\/entity\/musik\"]},\"http:\/\/open.salzburgerland.com\/de\/entity\/sommer\":{\"uri\":\"http:\/\/open.salzburgerland.com\/de\/entity\/sommer\",\"label\":\"Sommer\",\"description\":\"Der Sommer ist die w\u00e4rmste der vier Jahreszeiten in der gem\u00e4\u00dfigten und arktischen Klimazone. Je nachdem, ob er auf der Nord- oder S\u00fcdhalbkugel herrscht, unterscheidet man zwischen Nord- und S\u00fcdsommer. Der Nordsommer findet gleichzeitig mit dem S\u00fcdwinter statt. Aufgrund des wandernden Zenitstandes der Sonne zwischen s\u00fcdlichem und n\u00f6rdlichem Wendekreis wiederholt sich der Sommer in jeder Hemisph\u00e4re in einem j\u00e4hrlichen Turnus.\",\"main_type\":\"wl-thing\",\"type\":[\"http:\/\/schema.org\/Thing\"],\"image\":[],\"sameas\":[\"http:\/\/dbpedia.org\/resource\/Summer\",\"http:\/\/rdf.freebase.com\/ns\/m.078qz\"]},\"http:\/\/open.salzburgerland.com\/magazin\/entity\/musiker\":{\"uri\":\"http:\/\/open.salzburgerland.com\/magazin\/entity\/musiker\",\"label\":\"Musiker\",\"description\":\"Als Musiker werden Personen bezeichnet, die musizieren, also als produzierende oder reproduzierende K\u00fcnstler Musik erzeugen \u2013 im engeren Sinne professionell oder im Nebenberuf\u2013, im weiteren Sinne auch als Laie. Als Berufsmusiker gilt, wer seinen Lebensunterhalt ausschlie\u00dflich oder \u00fcberwiegend aus der Musik erwirtschaftet. Ein professioneller Musiker betreibt die Musik mit der sogenannten Gewinnerzielungsabsicht. Im Laufe der Musikgeschichte hat sich das Bild des Musikers erheblich gewandelt.\",\"main_type\":\"wl-thing\",\"type\":[\"http:\/\/schema.org\/Thing\"],\"image\":[],\"sameas\":[\"http:\/\/dbpedia.org\/resource\/Musician\",\"http:\/\/open.salzburgerland.com\/de\/entity\/musiker\",\"http:\/\/www.wikidata.org\/entity\/Q639669\",\"http:\/\/rdf.freebase.com\/ns\/m.09jwl\",\"http:\/\/wikidata.dbpedia.org\/resource\/Q639669\"]},\"http:\/\/open.salzburgerland.com\/magazin\/entity\/zell_am_see\":{\"uri\":\"http:\/\/open.salzburgerland.com\/magazin\/entity\/zell_am_see\",\"label\":\"Zell am See\",\"description\":\"Das malerische St\u00e4dtchen im Herzen des Pinzgaus lockt mit einem abwechslungsreichen Freizeitangebot zu jeder Jahreszeit. Der 4,5 Quadratkilometer gro\u00dfe Zeller See ist namensgebend f\u00fcr die Stadt. Je nach Jahreszeit eignet er sich perfekt zum Schwimmen, Segeln, Eislaufen oder einfach nur f\u00fcr einen gem\u00fctlichen Spaziergang am Ufer. \u00a0Seit J\u00e4nner 2016 ist Zell am See auch eine Casinostadt. Direkt am Ufer des Zeller Sees, im pittoresken Grandhotel gelegen, ist das Casino ein lohnenswertes Ziel f\u00fcr alle Gl\u00fccksritter.\u00a0\\r\\n\\r\\n\\r\\nWanderparadies Schmittenh\u00f6he\\r\\nDer Zeller Hausberg ist die 2000 m hohe Schmittenh\u00f6he. Direkt von Zell am See aus erreicht man per Gondel die sch\u00f6nsten Wanderwege und Pisten. Die Schmittenh\u00f6he ist mit ihren 77 Pistenkilometern und 5 Talabfahrten bei anspruchsvollen Skifahrern wie bei Anf\u00e4ngern gleicherma\u00dfen beliebt. Pisten aller Schwierigkeitsgrade und eine beleuchtete Nachtpiste in Zentrumsn\u00e4he erwarten die Wintersportler. Im Sommer ist die Schmitten ein echtes Wanderparadies f\u00fcr naturnahe Genie\u00dfer und Familien. Die Auswahl an Wanderungen ist vielf\u00e4ltig: Von der kurzen Wanderung \u00fcber den \u201eSisi Rundweg\u201c, der \u00d6sterreichs ehemaliger Kaiserin gewidmet ist, \u00fcber die erlebnisreiche H\u00f6henpromenade zum Sonnkogel mit Schautafeln, Holzfiguren und Spielestationen bis zur Weitwanderung \u201ePinzgauer Spaziergang\u201c.\\r\\nEin Wandertipp f\u00fcr Kids: \\r\\nAuf geht\u2019s zu Schmidolins Feuertaufe. Auf dem Wanderweg von Schmidolin, dem Maskottchen der Schmitten, haben die Kids einiges zu tun: es m\u00fcssen knifflige Fragen beantwortet, waghalsige Mutproben bestanden und gar nicht so leichte Aufgaben bew\u00e4ltigt werden. Denn Ziel ist es Schmidolin beim Erwachsenwerden zu begleiten und beim Erlernen des Feuerspeien zu helfen. Wer alle Stationen erfolgreich absolviert und dies in einem Abenteuerpass dokumentiert hat, wird am Ende belohnt.\u00a0\\r\\n\\r\\n\\r\\nEis- und Wassersport am Zeller See\\r\\nDer Zeller See eignet sich perfekt f\u00fcr Eis-und Wassersport. Im Winter kann man auf Kufen auf dem glitzernden Eis seine Runden drehen. Im Sommer l\u00e4dt der See ein, einen au\u00dfergew\u00f6hnlichen Badeurlaub mit Schwimmen, Segeln, Kajaken, Standuppaddeln oder einer gem\u00fctlichen Runde mit der Zeller Schiffahrt zu verbringen. Die Strandb\u00e4der rund um den Zeller See \u00f6ffnen im Mai ihre Pforten und Sonnenhungrige erfrischen sich im klaren Wasser des Bergsees.\u00a0\\r\\nEin Highlight f\u00fcr Golfer\\r\\nVon April bis November bieten die Championship-Anlagen \u203aSchmittenh\u00f6he\u2039 und \u203aKitzsteinhorn\u2039 mit 36 L\u00f6chern sowohl dem ambitionierten Golf-Anf\u00e4nger, als auch Profis gen\u00fcgend Raum f\u00fcr ihre Ballartistik.\\r\\n\\r\\n\\r\\n\\r\\n&nbsp;\",\"main_type\":\"wl-place\",\"type\":[\"http:\/\/schema.org\/Place\"],\"image\":[\"https:\/\/www.salzburgerland.com\/de\/magazin\/wp-content\/uploads\/wl\/2019\/07\/ales-fevzer-gc-zell-am-see.jpg\",\"https:\/\/www.salzburgerland.com\/de\/magazin\/wp-content\/uploads\/wl\/2019\/07\/zell-am-see-kaprun-sommer-winter-regionsbild-zell-am-see-kaprun.jpg\",\"https:\/\/www.salzburgerland.com\/de\/magazin\/wp-content\/uploads\/wl\/2019\/07\/zell-am-see_stadtkern_schmittengraben-eagle-eye-02.jpg\"],\"sameas\":[\"http:\/\/data.wordlift.io\/wl0164\/entity\/zell_am_see\",\"http:\/\/open.salzburgerland.com\/de\/entity\/zell_am_see\",\"http:\/\/open.salzburgerland.com\/en\/entity\/zell_am_see\",\"http:\/\/www.wikidata.org\/entity\/Q187572\",\"http:\/\/rdf.freebase.com\/ns\/m.06tbm5\",\"http:\/\/sws.geonames.org\/2760634\/\",\"http:\/\/wikidata.dbpedia.org\/resource\/Q187572\",\"https:\/\/www.whisky-circle.info\/entity\/zell-am-see\/\",\"http:\/\/dbpedia.org\/resource\/Zell_am_See\",\"http:\/\/yago-knowledge.org\/resource\/Zell_am_See\"]},\"http:\/\/open.salzburgerland.com\/de\/entity\/zeller_see\":{\"uri\":\"http:\/\/open.salzburgerland.com\/de\/entity\/zeller_see\",\"label\":\"Zeller See\",\"description\":\"Der Zeller See, nach der Stadt Zell am See benannt, liegt im Pinzgau im SalzburgerLand in \u00d6sterreich. Entstanden ist er durch eine Aussch\u00fcrfung der Glocknergruppe vor circa 15.000 Jahren. Heute ist er 3,8 Kilometer lang und an der breitesten Stelle misst er 1,5 Kilometer. Die Zufl\u00fcsse bilden der Schmittenbach und der Thumersbach. Der Zeller See entw\u00e4ssert sich in die Salzach.\\r\\n\\r\\nSeit 1973 ist dieser See auch als Natur- und Europaschutzgebiet eingetragen.\",\"main_type\":\"wl-place\",\"type\":[\"http:\/\/dbpedia.org\/class\/yago\/BodyOfWater109225146\",\"http:\/\/dbpedia.org\/class\/yago\/Lake109328904\",\"http:\/\/dbpedia.org\/class\/yago\/LakesOfAustria\",\"http:\/\/dbpedia.org\/class\/yago\/LakesOfSalzburg(state)\",\"http:\/\/dbpedia.org\/class\/yago\/PhysicalEntity100001930\",\"http:\/\/dbpedia.org\/class\/yago\/Thing100002452\",\"http:\/\/dbpedia.org\/class\/yago\/YagoGeoEntity\",\"http:\/\/dbpedia.org\/class\/yago\/YagoPermanentlyLocatedEntity\",\"http:\/\/dbpedia.org\/ontology\/BodyOfWater\",\"http:\/\/dbpedia.org\/ontology\/Lake\",\"http:\/\/dbpedia.org\/ontology\/NaturalPlace\",\"http:\/\/dbpedia.org\/ontology\/Place\",\"http:\/\/schema.org\/BodyOfWater\",\"http:\/\/schema.org\/LakeBodyOfWater\",\"http:\/\/schema.org\/Place\",\"http:\/\/www.opengis.net\/gml\/_Feature\",\"http:\/\/www.w3.org\/2002\/07\/owl#Thing\"],\"image\":[],\"sameas\":[\"http:\/\/yago-knowledge.org\/resource\/Lake_Zell\",\"http:\/\/dbpedia.org\/resource\/Lake_Zell\",\"http:\/\/sws.geonames.org\/2760620\/\",\"http:\/\/rdf.freebase.com\/ns\/m.07mftw\"]}}","_wl_entity_redirect_enabled":"","footnotes":""},"categories":[6],"tags":[1465,203,1460],"wl_entity_type":[306],"monatsauswahl":[85,86,87,88,89,90],"class_list":["post-136147","post","type-post","status-publish","format-standard","has-post-thumbnail","hentry","category-kunst-kultur","tag-kammerkonzert","tag-zell-am-see","tag-zeller-sommerkonzerte","wl_entity_type-article","monatsauswahl-monat_4","monatsauswahl-monat_5","monatsauswahl-monat_6","monatsauswahl-monat_7","monatsauswahl-monat_8","monatsauswahl-monat_9"],"acf":[],"yoast_head":"<!-- This site is optimized with the Yoast SEO Premium plugin v27.4 (Yoast SEO v27.4) - https:\/\/yoast.com\/product\/yoast-seo-premium-wordpress\/ -->\n<title>Zeller Sommerkonzerte - SalzburgerLand Magazin<\/title>\n<meta name=\"robots\" content=\"index, follow, max-snippet:-1, max-image-preview:large, max-video-preview:-1\" \/>\n<link rel=\"canonical\" href=\"https:\/\/www.salzburgerland.com\/de\/magazin\/zeller-sommerkonzerte\/\" \/>\n<meta property=\"og:locale\" content=\"de_DE\" \/>\n<meta property=\"og:type\" content=\"article\" \/>\n<meta property=\"og:title\" content=\"Zeller Sommerkonzerte\" \/>\n<meta property=\"og:description\" content=\"Ludwig van Beethoven, W.A. Mozart, Antonin Dvorak, Franz Schubert, Johannes Brahms, Gottfried von Einem, Joseph Haydn: Sie alle geben sich diesen Sommer in Zell am See praktisch den Geigenbogen in die Hand. Nat\u00fcrlich nicht pers\u00f6nlich, daf\u00fcr aber in Form ihrer Kammermusik, die von au\u00dfergew\u00f6hnlichen Musikern im Rahmen der Zeller Sommerkonzerte vorgetragen werden. Eine Kammerkonzertreihe f\u00fcr [&hellip;]\" \/>\n<meta property=\"og:url\" content=\"https:\/\/www.salzburgerland.com\/de\/magazin\/zeller-sommerkonzerte\/\" \/>\n<meta property=\"og:site_name\" content=\"SalzburgerLand Magazin\" \/>\n<meta property=\"article:publisher\" content=\"https:\/\/www.facebook.com\/salzburgerland\/\" \/>\n<meta property=\"article:published_time\" content=\"2019-07-26T09:40:32+00:00\" \/>\n<meta property=\"article:modified_time\" content=\"2019-07-26T09:41:05+00:00\" \/>\n<meta property=\"og:image\" content=\"https:\/\/www.salzburgerland.com\/de\/magazin\/wp-content\/uploads\/2019\/07\/cropped-Stadtpfarrkirche-Zell-am-See-Sommerkonzert-I-c-Faistauer-Zell-am-See.jpg\" \/>\n\t<meta property=\"og:image:width\" content=\"1732\" \/>\n\t<meta property=\"og:image:height\" content=\"972\" \/>\n\t<meta property=\"og:image:type\" content=\"image\/jpeg\" \/>\n<meta name=\"author\" content=\"G\u00fcnter Baumgartner\" \/>\n<meta name=\"twitter:card\" content=\"summary_large_image\" \/>\n<meta name=\"twitter:creator\" content=\"@Salzburgerland\" \/>\n<meta name=\"twitter:site\" content=\"@Salzburgerland\" \/>\n<meta name=\"twitter:label1\" content=\"Verfasst von\" \/>\n\t<meta name=\"twitter:data1\" content=\"G\u00fcnter Baumgartner\" \/>\n\t<meta name=\"twitter:label2\" content=\"Gesch\u00e4tzte Lesezeit\" \/>\n\t<meta name=\"twitter:data2\" content=\"2\u00a0Minuten\" \/>\n<script type=\"application\/ld+json\" class=\"yoast-schema-graph\">{\"@context\":\"https:\\\/\\\/schema.org\",\"@graph\":[{\"@type\":\"Article\",\"@id\":\"https:\\\/\\\/www.salzburgerland.com\\\/de\\\/magazin\\\/zeller-sommerkonzerte\\\/#article\",\"isPartOf\":{\"@id\":\"https:\\\/\\\/www.salzburgerland.com\\\/de\\\/magazin\\\/zeller-sommerkonzerte\\\/\"},\"author\":{\"name\":\"G\u00fcnter Baumgartner\",\"@id\":\"https:\\\/\\\/www.salzburgerland.com\\\/de\\\/magazin\\\/#\\\/schema\\\/person\\\/2e0abbe9392136e19ff0d5c5721aea87\"},\"headline\":\"Zeller Sommerkonzerte\",\"datePublished\":\"2019-07-26T09:40:32+00:00\",\"dateModified\":\"2019-07-26T09:41:05+00:00\",\"mainEntityOfPage\":{\"@id\":\"https:\\\/\\\/www.salzburgerland.com\\\/de\\\/magazin\\\/zeller-sommerkonzerte\\\/\"},\"wordCount\":425,\"commentCount\":0,\"publisher\":{\"@id\":\"https:\\\/\\\/www.salzburgerland.com\\\/de\\\/magazin\\\/#organization\"},\"image\":{\"@id\":\"https:\\\/\\\/www.salzburgerland.com\\\/de\\\/magazin\\\/zeller-sommerkonzerte\\\/#primaryimage\"},\"thumbnailUrl\":\"https:\\\/\\\/www.salzburgerland.com\\\/de\\\/magazin\\\/wp-content\\\/uploads\\\/2019\\\/07\\\/cropped-Stadtpfarrkirche-Zell-am-See-Sommerkonzert-I-c-Faistauer-Zell-am-See.jpg\",\"keywords\":[\"Kammerkonzert\",\"Zell am See\",\"Zeller Sommerkonzerte\"],\"articleSection\":[\"Kunst &amp; Kultur\"],\"inLanguage\":\"de\",\"potentialAction\":[{\"@type\":\"CommentAction\",\"name\":\"Comment\",\"target\":[\"https:\\\/\\\/www.salzburgerland.com\\\/de\\\/magazin\\\/zeller-sommerkonzerte\\\/#respond\"]}]},{\"@type\":\"WebPage\",\"@id\":\"https:\\\/\\\/www.salzburgerland.com\\\/de\\\/magazin\\\/zeller-sommerkonzerte\\\/\",\"url\":\"https:\\\/\\\/www.salzburgerland.com\\\/de\\\/magazin\\\/zeller-sommerkonzerte\\\/\",\"name\":\"Zeller Sommerkonzerte - SalzburgerLand Magazin\",\"isPartOf\":{\"@id\":\"https:\\\/\\\/www.salzburgerland.com\\\/de\\\/magazin\\\/#website\"},\"primaryImageOfPage\":{\"@id\":\"https:\\\/\\\/www.salzburgerland.com\\\/de\\\/magazin\\\/zeller-sommerkonzerte\\\/#primaryimage\"},\"image\":{\"@id\":\"https:\\\/\\\/www.salzburgerland.com\\\/de\\\/magazin\\\/zeller-sommerkonzerte\\\/#primaryimage\"},\"thumbnailUrl\":\"https:\\\/\\\/www.salzburgerland.com\\\/de\\\/magazin\\\/wp-content\\\/uploads\\\/2019\\\/07\\\/cropped-Stadtpfarrkirche-Zell-am-See-Sommerkonzert-I-c-Faistauer-Zell-am-See.jpg\",\"datePublished\":\"2019-07-26T09:40:32+00:00\",\"dateModified\":\"2019-07-26T09:41:05+00:00\",\"breadcrumb\":{\"@id\":\"https:\\\/\\\/www.salzburgerland.com\\\/de\\\/magazin\\\/zeller-sommerkonzerte\\\/#breadcrumb\"},\"inLanguage\":\"de\",\"potentialAction\":[{\"@type\":\"ReadAction\",\"target\":[\"https:\\\/\\\/www.salzburgerland.com\\\/de\\\/magazin\\\/zeller-sommerkonzerte\\\/\"]}]},{\"@type\":\"ImageObject\",\"inLanguage\":\"de\",\"@id\":\"https:\\\/\\\/www.salzburgerland.com\\\/de\\\/magazin\\\/zeller-sommerkonzerte\\\/#primaryimage\",\"url\":\"https:\\\/\\\/www.salzburgerland.com\\\/de\\\/magazin\\\/wp-content\\\/uploads\\\/2019\\\/07\\\/cropped-Stadtpfarrkirche-Zell-am-See-Sommerkonzert-I-c-Faistauer-Zell-am-See.jpg\",\"contentUrl\":\"https:\\\/\\\/www.salzburgerland.com\\\/de\\\/magazin\\\/wp-content\\\/uploads\\\/2019\\\/07\\\/cropped-Stadtpfarrkirche-Zell-am-See-Sommerkonzert-I-c-Faistauer-Zell-am-See.jpg\",\"width\":1732,\"height\":972},{\"@type\":\"BreadcrumbList\",\"@id\":\"https:\\\/\\\/www.salzburgerland.com\\\/de\\\/magazin\\\/zeller-sommerkonzerte\\\/#breadcrumb\",\"itemListElement\":[{\"@type\":\"ListItem\",\"position\":1,\"name\":\"Startseite\",\"item\":\"https:\\\/\\\/www.salzburgerland.com\\\/de\\\/magazin\\\/\"},{\"@type\":\"ListItem\",\"position\":2,\"name\":\"Kunst &amp; Kultur\",\"item\":\"https:\\\/\\\/www.salzburgerland.com\\\/de\\\/magazin\\\/thema\\\/kunst-kultur\\\/\"},{\"@type\":\"ListItem\",\"position\":3,\"name\":\"Zeller Sommerkonzerte\"}]},{\"@type\":\"WebSite\",\"@id\":\"https:\\\/\\\/www.salzburgerland.com\\\/de\\\/magazin\\\/#website\",\"url\":\"https:\\\/\\\/www.salzburgerland.com\\\/de\\\/magazin\\\/\",\"name\":\"SalzburgerLand Magazin\",\"description\":\"Geschichten und Interessantes aus dem SalzburgerLand\",\"publisher\":{\"@id\":\"https:\\\/\\\/www.salzburgerland.com\\\/de\\\/magazin\\\/#organization\"},\"potentialAction\":[{\"@type\":\"SearchAction\",\"target\":{\"@type\":\"EntryPoint\",\"urlTemplate\":\"https:\\\/\\\/www.salzburgerland.com\\\/de\\\/magazin\\\/?s={search_term_string}\"},\"query-input\":{\"@type\":\"PropertyValueSpecification\",\"valueRequired\":true,\"valueName\":\"search_term_string\"}}],\"inLanguage\":\"de\"},{\"@type\":\"Organization\",\"@id\":\"https:\\\/\\\/www.salzburgerland.com\\\/de\\\/magazin\\\/#organization\",\"name\":\"SalzburgerLand Tourismus\",\"url\":\"https:\\\/\\\/www.salzburgerland.com\\\/de\\\/magazin\\\/\",\"logo\":{\"@type\":\"ImageObject\",\"inLanguage\":\"de\",\"@id\":\"https:\\\/\\\/www.salzburgerland.com\\\/de\\\/magazin\\\/#\\\/schema\\\/logo\\\/image\\\/\",\"url\":\"https:\\\/\\\/www.salzburgerland.com\\\/de\\\/magazin\\\/wp-content\\\/uploads\\\/2019\\\/06\\\/salzburgerland-logo1.jpg\",\"contentUrl\":\"https:\\\/\\\/www.salzburgerland.com\\\/de\\\/magazin\\\/wp-content\\\/uploads\\\/2019\\\/06\\\/salzburgerland-logo1.jpg\",\"width\":2011,\"height\":866,\"caption\":\"SalzburgerLand Tourismus\"},\"image\":{\"@id\":\"https:\\\/\\\/www.salzburgerland.com\\\/de\\\/magazin\\\/#\\\/schema\\\/logo\\\/image\\\/\"},\"sameAs\":[\"https:\\\/\\\/www.facebook.com\\\/salzburgerland\\\/\",\"https:\\\/\\\/x.com\\\/Salzburgerland\",\"https:\\\/\\\/www.instagram.com\\\/salzburgerland\\\/\",\"https:\\\/\\\/at.linkedin.com\\\/company\\\/salzburgerland-tourismus-gmbh\",\"https:\\\/\\\/www.pinterest.at\\\/salzburgerland\\\/\",\"https:\\\/\\\/www.youtube.com\\\/user\\\/salzburgerland\",\"https:\\\/\\\/de.wikipedia.org\\\/wiki\\\/SalzburgerLand_Tourismus_GmbH\"]},{\"@type\":\"Person\",\"@id\":\"https:\\\/\\\/www.salzburgerland.com\\\/de\\\/magazin\\\/#\\\/schema\\\/person\\\/2e0abbe9392136e19ff0d5c5721aea87\",\"name\":\"G\u00fcnter Baumgartner\",\"url\":\"https:\\\/\\\/www.salzburgerland.com\\\/de\\\/magazin\\\/author\\\/guenter-baumgartner\\\/\"}]}<\/script>\n<!-- \/ Yoast SEO Premium plugin. -->","yoast_head_json":{"title":"Zeller Sommerkonzerte - SalzburgerLand Magazin","robots":{"index":"index","follow":"follow","max-snippet":"max-snippet:-1","max-image-preview":"max-image-preview:large","max-video-preview":"max-video-preview:-1"},"canonical":"https:\/\/www.salzburgerland.com\/de\/magazin\/zeller-sommerkonzerte\/","og_locale":"de_DE","og_type":"article","og_title":"Zeller Sommerkonzerte","og_description":"Ludwig van Beethoven, W.A. Mozart, Antonin Dvorak, Franz Schubert, Johannes Brahms, Gottfried von Einem, Joseph Haydn: Sie alle geben sich diesen Sommer in Zell am See praktisch den Geigenbogen in die Hand. Nat\u00fcrlich nicht pers\u00f6nlich, daf\u00fcr aber in Form ihrer Kammermusik, die von au\u00dfergew\u00f6hnlichen Musikern im Rahmen der Zeller Sommerkonzerte vorgetragen werden. Eine Kammerkonzertreihe f\u00fcr [&hellip;]","og_url":"https:\/\/www.salzburgerland.com\/de\/magazin\/zeller-sommerkonzerte\/","og_site_name":"SalzburgerLand Magazin","article_publisher":"https:\/\/www.facebook.com\/salzburgerland\/","article_published_time":"2019-07-26T09:40:32+00:00","article_modified_time":"2019-07-26T09:41:05+00:00","og_image":[{"width":1732,"height":972,"url":"https:\/\/www.salzburgerland.com\/de\/magazin\/wp-content\/uploads\/2019\/07\/cropped-Stadtpfarrkirche-Zell-am-See-Sommerkonzert-I-c-Faistauer-Zell-am-See.jpg","type":"image\/jpeg"}],"author":"G\u00fcnter Baumgartner","twitter_card":"summary_large_image","twitter_creator":"@Salzburgerland","twitter_site":"@Salzburgerland","twitter_misc":{"Verfasst von":"G\u00fcnter Baumgartner","Gesch\u00e4tzte Lesezeit":"2\u00a0Minuten"},"schema":{"@context":"https:\/\/schema.org","@graph":[{"@type":"Article","@id":"https:\/\/www.salzburgerland.com\/de\/magazin\/zeller-sommerkonzerte\/#article","isPartOf":{"@id":"https:\/\/www.salzburgerland.com\/de\/magazin\/zeller-sommerkonzerte\/"},"author":{"name":"G\u00fcnter Baumgartner","@id":"https:\/\/www.salzburgerland.com\/de\/magazin\/#\/schema\/person\/2e0abbe9392136e19ff0d5c5721aea87"},"headline":"Zeller Sommerkonzerte","datePublished":"2019-07-26T09:40:32+00:00","dateModified":"2019-07-26T09:41:05+00:00","mainEntityOfPage":{"@id":"https:\/\/www.salzburgerland.com\/de\/magazin\/zeller-sommerkonzerte\/"},"wordCount":425,"commentCount":0,"publisher":{"@id":"https:\/\/www.salzburgerland.com\/de\/magazin\/#organization"},"image":{"@id":"https:\/\/www.salzburgerland.com\/de\/magazin\/zeller-sommerkonzerte\/#primaryimage"},"thumbnailUrl":"https:\/\/www.salzburgerland.com\/de\/magazin\/wp-content\/uploads\/2019\/07\/cropped-Stadtpfarrkirche-Zell-am-See-Sommerkonzert-I-c-Faistauer-Zell-am-See.jpg","keywords":["Kammerkonzert","Zell am See","Zeller Sommerkonzerte"],"articleSection":["Kunst &amp; Kultur"],"inLanguage":"de","potentialAction":[{"@type":"CommentAction","name":"Comment","target":["https:\/\/www.salzburgerland.com\/de\/magazin\/zeller-sommerkonzerte\/#respond"]}]},{"@type":"WebPage","@id":"https:\/\/www.salzburgerland.com\/de\/magazin\/zeller-sommerkonzerte\/","url":"https:\/\/www.salzburgerland.com\/de\/magazin\/zeller-sommerkonzerte\/","name":"Zeller Sommerkonzerte - SalzburgerLand Magazin","isPartOf":{"@id":"https:\/\/www.salzburgerland.com\/de\/magazin\/#website"},"primaryImageOfPage":{"@id":"https:\/\/www.salzburgerland.com\/de\/magazin\/zeller-sommerkonzerte\/#primaryimage"},"image":{"@id":"https:\/\/www.salzburgerland.com\/de\/magazin\/zeller-sommerkonzerte\/#primaryimage"},"thumbnailUrl":"https:\/\/www.salzburgerland.com\/de\/magazin\/wp-content\/uploads\/2019\/07\/cropped-Stadtpfarrkirche-Zell-am-See-Sommerkonzert-I-c-Faistauer-Zell-am-See.jpg","datePublished":"2019-07-26T09:40:32+00:00","dateModified":"2019-07-26T09:41:05+00:00","breadcrumb":{"@id":"https:\/\/www.salzburgerland.com\/de\/magazin\/zeller-sommerkonzerte\/#breadcrumb"},"inLanguage":"de","potentialAction":[{"@type":"ReadAction","target":["https:\/\/www.salzburgerland.com\/de\/magazin\/zeller-sommerkonzerte\/"]}]},{"@type":"ImageObject","inLanguage":"de","@id":"https:\/\/www.salzburgerland.com\/de\/magazin\/zeller-sommerkonzerte\/#primaryimage","url":"https:\/\/www.salzburgerland.com\/de\/magazin\/wp-content\/uploads\/2019\/07\/cropped-Stadtpfarrkirche-Zell-am-See-Sommerkonzert-I-c-Faistauer-Zell-am-See.jpg","contentUrl":"https:\/\/www.salzburgerland.com\/de\/magazin\/wp-content\/uploads\/2019\/07\/cropped-Stadtpfarrkirche-Zell-am-See-Sommerkonzert-I-c-Faistauer-Zell-am-See.jpg","width":1732,"height":972},{"@type":"BreadcrumbList","@id":"https:\/\/www.salzburgerland.com\/de\/magazin\/zeller-sommerkonzerte\/#breadcrumb","itemListElement":[{"@type":"ListItem","position":1,"name":"Startseite","item":"https:\/\/www.salzburgerland.com\/de\/magazin\/"},{"@type":"ListItem","position":2,"name":"Kunst &amp; Kultur","item":"https:\/\/www.salzburgerland.com\/de\/magazin\/thema\/kunst-kultur\/"},{"@type":"ListItem","position":3,"name":"Zeller Sommerkonzerte"}]},{"@type":"WebSite","@id":"https:\/\/www.salzburgerland.com\/de\/magazin\/#website","url":"https:\/\/www.salzburgerland.com\/de\/magazin\/","name":"SalzburgerLand Magazin","description":"Geschichten und Interessantes aus dem SalzburgerLand","publisher":{"@id":"https:\/\/www.salzburgerland.com\/de\/magazin\/#organization"},"potentialAction":[{"@type":"SearchAction","target":{"@type":"EntryPoint","urlTemplate":"https:\/\/www.salzburgerland.com\/de\/magazin\/?s={search_term_string}"},"query-input":{"@type":"PropertyValueSpecification","valueRequired":true,"valueName":"search_term_string"}}],"inLanguage":"de"},{"@type":"Organization","@id":"https:\/\/www.salzburgerland.com\/de\/magazin\/#organization","name":"SalzburgerLand Tourismus","url":"https:\/\/www.salzburgerland.com\/de\/magazin\/","logo":{"@type":"ImageObject","inLanguage":"de","@id":"https:\/\/www.salzburgerland.com\/de\/magazin\/#\/schema\/logo\/image\/","url":"https:\/\/www.salzburgerland.com\/de\/magazin\/wp-content\/uploads\/2019\/06\/salzburgerland-logo1.jpg","contentUrl":"https:\/\/www.salzburgerland.com\/de\/magazin\/wp-content\/uploads\/2019\/06\/salzburgerland-logo1.jpg","width":2011,"height":866,"caption":"SalzburgerLand Tourismus"},"image":{"@id":"https:\/\/www.salzburgerland.com\/de\/magazin\/#\/schema\/logo\/image\/"},"sameAs":["https:\/\/www.facebook.com\/salzburgerland\/","https:\/\/x.com\/Salzburgerland","https:\/\/www.instagram.com\/salzburgerland\/","https:\/\/at.linkedin.com\/company\/salzburgerland-tourismus-gmbh","https:\/\/www.pinterest.at\/salzburgerland\/","https:\/\/www.youtube.com\/user\/salzburgerland","https:\/\/de.wikipedia.org\/wiki\/SalzburgerLand_Tourismus_GmbH"]},{"@type":"Person","@id":"https:\/\/www.salzburgerland.com\/de\/magazin\/#\/schema\/person\/2e0abbe9392136e19ff0d5c5721aea87","name":"G\u00fcnter Baumgartner","url":"https:\/\/www.salzburgerland.com\/de\/magazin\/author\/guenter-baumgartner\/"}]}},"_wl_alt_label":[],"wl:entity_url":"http:\/\/open.salzburgerland.com\/magazin\/post\/zeller_sommerkonzerte","_links":{"self":[{"href":"https:\/\/www.salzburgerland.com\/de\/magazin\/wp-json\/wp\/v2\/posts\/136147","targetHints":{"allow":["GET"]}}],"collection":[{"href":"https:\/\/www.salzburgerland.com\/de\/magazin\/wp-json\/wp\/v2\/posts"}],"about":[{"href":"https:\/\/www.salzburgerland.com\/de\/magazin\/wp-json\/wp\/v2\/types\/post"}],"author":[{"embeddable":true,"href":"https:\/\/www.salzburgerland.com\/de\/magazin\/wp-json\/wp\/v2\/users\/544"}],"replies":[{"embeddable":true,"href":"https:\/\/www.salzburgerland.com\/de\/magazin\/wp-json\/wp\/v2\/comments?post=136147"}],"version-history":[{"count":0,"href":"https:\/\/www.salzburgerland.com\/de\/magazin\/wp-json\/wp\/v2\/posts\/136147\/revisions"}],"wp:featuredmedia":[{"embeddable":true,"href":"https:\/\/www.salzburgerland.com\/de\/magazin\/wp-json\/wp\/v2\/media\/136166"}],"wp:attachment":[{"href":"https:\/\/www.salzburgerland.com\/de\/magazin\/wp-json\/wp\/v2\/media?parent=136147"}],"wp:term":[{"taxonomy":"category","embeddable":true,"href":"https:\/\/www.salzburgerland.com\/de\/magazin\/wp-json\/wp\/v2\/categories?post=136147"},{"taxonomy":"post_tag","embeddable":true,"href":"https:\/\/www.salzburgerland.com\/de\/magazin\/wp-json\/wp\/v2\/tags?post=136147"},{"taxonomy":"wl_entity_type","embeddable":true,"href":"https:\/\/www.salzburgerland.com\/de\/magazin\/wp-json\/wp\/v2\/wl_entity_type?post=136147"},{"taxonomy":"monatsauswahl","embeddable":true,"href":"https:\/\/www.salzburgerland.com\/de\/magazin\/wp-json\/wp\/v2\/monatsauswahl?post=136147"}],"curies":[{"name":"wp","href":"https:\/\/api.w.org\/{rel}","templated":true}]}}