{"id":135819,"date":"2023-05-23T08:00:00","date_gmt":"2023-05-23T06:00:00","guid":{"rendered":"https:\/\/www.salzburgerland.com\/de\/magazin\/?p=135819"},"modified":"2023-05-24T10:31:43","modified_gmt":"2023-05-24T08:31:43","slug":"das-salzburger-strassentheater-tourt-wieder","status":"publish","type":"post","link":"https:\/\/www.salzburgerland.com\/de\/magazin\/das-salzburger-strassentheater-tourt-wieder\/","title":{"rendered":"Das Salzburger Stra\u00dfentheater tourt wieder"},"content":{"rendered":"\n<div class=\"wp-block-slt-top topBlocks\">\n<h2 class=\"wp-block-slt-subtitle\">Sommerlicher Theatergenuss vom Feinsten<\/h2>\n\n\n\n<p class=\"wp-block-slt-intro\">Seit seiner Gr\u00fcndung im Jahr 1970 ist ein Besuch beim Salzburger Stra\u00dfentheater im Sommer f\u00fcr viele Salzburger ein Muss. Und auch Urlauber sollten sich die talentierten Schauspieler und die unterhaltsamen St\u00fccke nicht entgehen lassen! <\/p>\n<\/div>\n\n\n\n<p>Auch dieses Jahr sind ist das Ensemble des Salzburer Stra\u00dfentheaters im Juli und August im ganzen SalzburgerLand unterwegs, um uns mit dem St\u00fcck \u201eDie Niere\u201c die Lachtr\u00e4nen in die Augen zu treiben. Die virtuose Kom\u00f6die \u201eDie Niere\u201c ist ein polarisierendes St\u00fcck der Emotionen, das das Publikum gleicherma\u00dfen zum Lachen wie zum Nachdenken bringt. Woran misst sich eine Liebesbeziehung? Was passiert, wenn der oder die PartnerIn einer existentiellen Situation nicht gewachsen ist? Kann ein einziger Moment die Br\u00fcchigkeit einer Ehe ans Tageslicht bringen?<\/p>\n\n\n\n<figure class=\"wp-block-image size-large\"><img loading=\"lazy\" decoding=\"async\" width=\"1772\" height=\"1328\" src=\"https:\/\/www.salzburgerland.com\/de\/magazin\/wp-content\/uploads\/2019\/07\/Salzburger_Strassentheater_Wagen@SKV_MarcoRiebler.jpg\" alt=\"Ein gr\u00fcner Stra\u00dfentheater-Wagen, der von zwei gefleckten Pferden gezogen wird, steht mit einem Kutscher im Gras.\" class=\"wp-image-155665\" srcset=\"https:\/\/www.salzburgerland.com\/de\/magazin\/wp-content\/uploads\/2019\/07\/Salzburger_Strassentheater_Wagen@SKV_MarcoRiebler.jpg 1772w, https:\/\/www.salzburgerland.com\/de\/magazin\/wp-content\/uploads\/2019\/07\/Salzburger_Strassentheater_Wagen@SKV_MarcoRiebler-300x225.jpg 300w, https:\/\/www.salzburgerland.com\/de\/magazin\/wp-content\/uploads\/2019\/07\/Salzburger_Strassentheater_Wagen@SKV_MarcoRiebler-1536x1151.jpg 1536w, https:\/\/www.salzburgerland.com\/de\/magazin\/wp-content\/uploads\/2019\/07\/Salzburger_Strassentheater_Wagen@SKV_MarcoRiebler-734x550.jpg 734w, https:\/\/www.salzburgerland.com\/de\/magazin\/wp-content\/uploads\/2019\/07\/Salzburger_Strassentheater_Wagen@SKV_MarcoRiebler-140x105.jpg 140w, https:\/\/www.salzburgerland.com\/de\/magazin\/wp-content\/uploads\/2019\/07\/Salzburger_Strassentheater_Wagen@SKV_MarcoRiebler-534x400.jpg 534w, https:\/\/www.salzburgerland.com\/de\/magazin\/wp-content\/uploads\/2019\/07\/Salzburger_Strassentheater_Wagen@SKV_MarcoRiebler-960x720.jpg 960w, https:\/\/www.salzburgerland.com\/de\/magazin\/wp-content\/uploads\/2019\/07\/Salzburger_Strassentheater_Wagen@SKV_MarcoRiebler-1320x989.jpg 1320w, https:\/\/www.salzburgerland.com\/de\/magazin\/wp-content\/uploads\/2019\/07\/Salzburger_Strassentheater_Wagen@SKV_MarcoRiebler-853x640.jpg 853w, https:\/\/www.salzburgerland.com\/de\/magazin\/wp-content\/uploads\/2019\/07\/Salzburger_Strassentheater_Wagen@SKV_MarcoRiebler-150x112.jpg 150w, https:\/\/www.salzburgerland.com\/de\/magazin\/wp-content\/uploads\/2019\/07\/Salzburger_Strassentheater_Wagen@SKV_MarcoRiebler-1200x900.jpg 1200w\" sizes=\"auto, (max-width: 1772px) 100vw, 1772px\" \/><figcaption class=\"wp-element-caption\">\u00a9 MarcoRiebler- Salzburger_Stra\u00dfentheater_Wagen<\/figcaption><\/figure>\n\n\n\n<h2 class=\"wp-block-heading\" id=\"h-wanderndes-theater-in-stadt-und-land-salzburg\">Wanderndes Theater in Stadt und Land Salzburg <\/h2>\n\n\n\n<p>Dem Dramaturgen, Regisseur und Intendant Oscar Fritz Schuh und seiner Frau Ursula ist es zu verdanken, dass sie 1970 den Grundstein f\u00fcr das Salzburger Stra\u00dfentheater gelegt haben. Nach dem Vorbild der \u201eCommedia dell\u2019arte\u201c Theater, die von Jahrmarkt zu Jahrmarkt zogen, wollte er sein Salzburger Stra\u00dfentheater gr\u00fcnden. Immer mit dem Ziel, auch die Zuschauer bei freiem Eintritt und auf h\u00f6chstem Niveau zu unterhalten, die sich keine Festspielkarten leisten k\u00f6nnen. Auch heute noch zahlt das Publikum nichts f\u00fcr die Vorstellungen, die vom von der Salzburger Kulturvereinigung organisiert werden. Es wird lediglich um freiwillige Spenden gebeten, die dem Salzburger Stra\u00dfentheater zugutekommen. <\/p>\n\n\n\n<figure class=\"wp-block-image size-full\"><img loading=\"lazy\" decoding=\"async\" width=\"1386\" height=\"850\" src=\"https:\/\/www.salzburgerland.com\/de\/magazin\/wp-content\/uploads\/2021\/07\/Der-ST-Wagen-rollt-erstmals-durch-die-Altstadt-1970-1.webp\" alt=\"Zwei Pferde ziehen eine offene Kutsche, in der sich Menschen befinden, w\u00e4hrend einer Stra\u00dfentheater-Veranstaltung an historischen Geb\u00e4uden vorbei.\" class=\"wp-image-171152\" srcset=\"https:\/\/www.salzburgerland.com\/de\/magazin\/wp-content\/uploads\/2021\/07\/Der-ST-Wagen-rollt-erstmals-durch-die-Altstadt-1970-1.webp 1386w, https:\/\/www.salzburgerland.com\/de\/magazin\/wp-content\/uploads\/2021\/07\/Der-ST-Wagen-rollt-erstmals-durch-die-Altstadt-1970-1-300x184.webp 300w, https:\/\/www.salzburgerland.com\/de\/magazin\/wp-content\/uploads\/2021\/07\/Der-ST-Wagen-rollt-erstmals-durch-die-Altstadt-1970-1-897x550.webp 897w, https:\/\/www.salzburgerland.com\/de\/magazin\/wp-content\/uploads\/2021\/07\/Der-ST-Wagen-rollt-erstmals-durch-die-Altstadt-1970-1-652x400.webp 652w, https:\/\/www.salzburgerland.com\/de\/magazin\/wp-content\/uploads\/2021\/07\/Der-ST-Wagen-rollt-erstmals-durch-die-Altstadt-1970-1-1320x810.webp 1320w, https:\/\/www.salzburgerland.com\/de\/magazin\/wp-content\/uploads\/2021\/07\/Der-ST-Wagen-rollt-erstmals-durch-die-Altstadt-1970-1-150x92.webp 150w\" sizes=\"auto, (max-width: 1386px) 100vw, 1386px\" \/><figcaption class=\"wp-element-caption\">Salzburger Stra\u00dfentheater anno 1970<\/figcaption><\/figure>\n\n\n\n<p>Und das Beste daran: Das Salzburger Stra\u00dfentheater tritt sowohl in der <a href=\"https:\/\/www.kulturvereinigung.com\/Bilder%20Strassentheater\/2023\/Gemeinden_Package_Bilder\/ST_2023_Terminflyer_A5-online.pdf\" target=\"_blank\" rel=\"noreferrer noopener\">Stadt Salzburg als auch in den Bezirken des SalzburgerLandes<\/a> auf! Von Shakespeare \u00fcber Kleist und Lessing bis hin zu Goethe: Das Salzburger Stra\u00dfentheater hat in seiner fast 50-j\u00e4hrigen Geschichte bereits zahlreiche Must-sees des Theaters auf die B\u00fchne gebracht.  Irrungen und Wirrungen rund um eine weihnachtliche Casting-Show, Schlagerg\u00f6tter und ungel\u00f6ste Familiengeschichten sorgen Jahr f\u00fcr Jahr f\u00fcr feinste Theater-Unterhaltung.<\/p>\n\n\n\n<p>Weitere Infos &amp; Termine des Salzburger Stra\u00dfentheaters: <br><a href=\"https:\/\/www.kulturvereinigung.com\/de\/Strassentheater\/\" target=\"_blank\" rel=\"noreferrer noopener\">www.kulturvereinigung.com\/<\/a><\/p>\n","protected":false},"excerpt":{"rendered":"<p>Auch dieses Jahr sind ist das Ensemble des Salzburer Stra\u00dfentheaters im Juli und August im ganzen SalzburgerLand unterwegs, um uns mit dem St\u00fcck \u201eDie Niere\u201c die Lachtr\u00e4nen in die Augen zu treiben. Die virtuose Kom\u00f6die \u201eDie Niere\u201c ist ein polarisierendes St\u00fcck der Emotionen, das das Publikum gleicherma\u00dfen zum Lachen wie zum Nachdenken bringt. Woran misst [&hellip;]<\/p>\n","protected":false},"author":544,"featured_media":135902,"comment_status":"open","ping_status":"closed","sticky":false,"template":"","format":"standard","meta":{"_acf_changed":false,"wl_entities_gutenberg":"{}","_wl_entity_redirect_enabled":"","footnotes":""},"categories":[6],"tags":[1409],"wl_entity_type":[306],"monatsauswahl":[87,88,89,90,91],"class_list":["post-135819","post","type-post","status-publish","format-standard","has-post-thumbnail","hentry","category-kunst-kultur","tag-strassentheater","wl_entity_type-article","monatsauswahl-monat_6","monatsauswahl-monat_7","monatsauswahl-monat_8","monatsauswahl-monat_9","monatsauswahl-monat_10"],"acf":[],"yoast_head":"<!-- This site is optimized with the Yoast SEO Premium plugin v27.4 (Yoast SEO v27.4) - https:\/\/yoast.com\/product\/yoast-seo-premium-wordpress\/ -->\n<title>Das Salzburger Stra\u00dfentheater tourt wieder - SalzburgerLand Magazin<\/title>\n<meta name=\"description\" content=\"Jeden Juli und August ist das Ensemble des Salzburer Stra\u00dfentheaters im ganzen SalzburgerLand unterwegs und sorgt f\u00fcr einen unterhaltsamen Theaterabend.\" \/>\n<meta name=\"robots\" content=\"index, follow, max-snippet:-1, max-image-preview:large, max-video-preview:-1\" \/>\n<link rel=\"canonical\" href=\"https:\/\/www.salzburgerland.com\/de\/magazin\/das-salzburger-strassentheater-tourt-wieder\/\" \/>\n<meta property=\"og:locale\" content=\"de_DE\" \/>\n<meta property=\"og:type\" content=\"article\" \/>\n<meta property=\"og:title\" content=\"Das Salzburger Stra\u00dfentheater tourt wieder\" \/>\n<meta property=\"og:description\" content=\"Jeden Juli und August ist das Ensemble des Salzburer Stra\u00dfentheaters im ganzen SalzburgerLand unterwegs und sorgt f\u00fcr einen unterhaltsamen Theaterabend.\" \/>\n<meta property=\"og:url\" content=\"https:\/\/www.salzburgerland.com\/de\/magazin\/das-salzburger-strassentheater-tourt-wieder\/\" \/>\n<meta property=\"og:site_name\" content=\"SalzburgerLand Magazin\" \/>\n<meta property=\"article:publisher\" content=\"https:\/\/www.facebook.com\/salzburgerland\/\" \/>\n<meta property=\"article:published_time\" content=\"2023-05-23T06:00:00+00:00\" \/>\n<meta property=\"article:modified_time\" content=\"2023-05-24T08:31:43+00:00\" \/>\n<meta property=\"og:image\" content=\"https:\/\/www.salzburgerland.com\/de\/magazin\/wp-content\/uploads\/2019\/07\/cropped-Alles_Heilige_Salzburger_Stra\u00dfentheater_2019_02-1.jpg\" \/>\n\t<meta property=\"og:image:width\" content=\"1887\" \/>\n\t<meta property=\"og:image:height\" content=\"1060\" \/>\n\t<meta property=\"og:image:type\" content=\"image\/jpeg\" \/>\n<meta name=\"author\" content=\"G\u00fcnter Baumgartner\" \/>\n<meta name=\"twitter:card\" content=\"summary_large_image\" \/>\n<meta name=\"twitter:creator\" content=\"@Salzburgerland\" \/>\n<meta name=\"twitter:site\" content=\"@Salzburgerland\" \/>\n<meta name=\"twitter:label1\" content=\"Verfasst von\" \/>\n\t<meta name=\"twitter:data1\" content=\"G\u00fcnter Baumgartner\" \/>\n\t<meta name=\"twitter:label2\" content=\"Gesch\u00e4tzte Lesezeit\" \/>\n\t<meta name=\"twitter:data2\" content=\"3\u00a0Minuten\" \/>\n<script type=\"application\/ld+json\" class=\"yoast-schema-graph\">{\"@context\":\"https:\\\/\\\/schema.org\",\"@graph\":[{\"@type\":\"Article\",\"@id\":\"https:\\\/\\\/www.salzburgerland.com\\\/de\\\/magazin\\\/das-salzburger-strassentheater-tourt-wieder\\\/#article\",\"isPartOf\":{\"@id\":\"https:\\\/\\\/www.salzburgerland.com\\\/de\\\/magazin\\\/das-salzburger-strassentheater-tourt-wieder\\\/\"},\"author\":{\"name\":\"G\u00fcnter Baumgartner\",\"@id\":\"https:\\\/\\\/www.salzburgerland.com\\\/de\\\/magazin\\\/#\\\/schema\\\/person\\\/2e0abbe9392136e19ff0d5c5721aea87\"},\"headline\":\"Das Salzburger Stra\u00dfentheater tourt wieder\",\"datePublished\":\"2023-05-23T06:00:00+00:00\",\"dateModified\":\"2023-05-24T08:31:43+00:00\",\"mainEntityOfPage\":{\"@id\":\"https:\\\/\\\/www.salzburgerland.com\\\/de\\\/magazin\\\/das-salzburger-strassentheater-tourt-wieder\\\/\"},\"wordCount\":345,\"commentCount\":0,\"publisher\":{\"@id\":\"https:\\\/\\\/www.salzburgerland.com\\\/de\\\/magazin\\\/#organization\"},\"image\":{\"@id\":\"https:\\\/\\\/www.salzburgerland.com\\\/de\\\/magazin\\\/das-salzburger-strassentheater-tourt-wieder\\\/#primaryimage\"},\"thumbnailUrl\":\"https:\\\/\\\/www.salzburgerland.com\\\/de\\\/magazin\\\/wp-content\\\/uploads\\\/2019\\\/07\\\/cropped-Alles_Heilige_Salzburger_Stra\u00dfentheater_2019_02-1.jpg\",\"keywords\":[\"Stra\u00dfentheater\"],\"articleSection\":[\"Kunst &amp; Kultur\"],\"inLanguage\":\"de\",\"potentialAction\":[{\"@type\":\"CommentAction\",\"name\":\"Comment\",\"target\":[\"https:\\\/\\\/www.salzburgerland.com\\\/de\\\/magazin\\\/das-salzburger-strassentheater-tourt-wieder\\\/#respond\"]}]},{\"@type\":\"WebPage\",\"@id\":\"https:\\\/\\\/www.salzburgerland.com\\\/de\\\/magazin\\\/das-salzburger-strassentheater-tourt-wieder\\\/\",\"url\":\"https:\\\/\\\/www.salzburgerland.com\\\/de\\\/magazin\\\/das-salzburger-strassentheater-tourt-wieder\\\/\",\"name\":\"Das Salzburger Stra\u00dfentheater tourt wieder - SalzburgerLand Magazin\",\"isPartOf\":{\"@id\":\"https:\\\/\\\/www.salzburgerland.com\\\/de\\\/magazin\\\/#website\"},\"primaryImageOfPage\":{\"@id\":\"https:\\\/\\\/www.salzburgerland.com\\\/de\\\/magazin\\\/das-salzburger-strassentheater-tourt-wieder\\\/#primaryimage\"},\"image\":{\"@id\":\"https:\\\/\\\/www.salzburgerland.com\\\/de\\\/magazin\\\/das-salzburger-strassentheater-tourt-wieder\\\/#primaryimage\"},\"thumbnailUrl\":\"https:\\\/\\\/www.salzburgerland.com\\\/de\\\/magazin\\\/wp-content\\\/uploads\\\/2019\\\/07\\\/cropped-Alles_Heilige_Salzburger_Stra\u00dfentheater_2019_02-1.jpg\",\"datePublished\":\"2023-05-23T06:00:00+00:00\",\"dateModified\":\"2023-05-24T08:31:43+00:00\",\"description\":\"Jeden Juli und August ist das Ensemble des Salzburer Stra\u00dfentheaters im ganzen SalzburgerLand unterwegs und sorgt f\u00fcr einen unterhaltsamen Theaterabend.\",\"breadcrumb\":{\"@id\":\"https:\\\/\\\/www.salzburgerland.com\\\/de\\\/magazin\\\/das-salzburger-strassentheater-tourt-wieder\\\/#breadcrumb\"},\"inLanguage\":\"de\",\"potentialAction\":[{\"@type\":\"ReadAction\",\"target\":[\"https:\\\/\\\/www.salzburgerland.com\\\/de\\\/magazin\\\/das-salzburger-strassentheater-tourt-wieder\\\/\"]}]},{\"@type\":\"ImageObject\",\"inLanguage\":\"de\",\"@id\":\"https:\\\/\\\/www.salzburgerland.com\\\/de\\\/magazin\\\/das-salzburger-strassentheater-tourt-wieder\\\/#primaryimage\",\"url\":\"https:\\\/\\\/www.salzburgerland.com\\\/de\\\/magazin\\\/wp-content\\\/uploads\\\/2019\\\/07\\\/cropped-Alles_Heilige_Salzburger_Stra\u00dfentheater_2019_02-1.jpg\",\"contentUrl\":\"https:\\\/\\\/www.salzburgerland.com\\\/de\\\/magazin\\\/wp-content\\\/uploads\\\/2019\\\/07\\\/cropped-Alles_Heilige_Salzburger_Stra\u00dfentheater_2019_02-1.jpg\",\"width\":1887,\"height\":1060},{\"@type\":\"BreadcrumbList\",\"@id\":\"https:\\\/\\\/www.salzburgerland.com\\\/de\\\/magazin\\\/das-salzburger-strassentheater-tourt-wieder\\\/#breadcrumb\",\"itemListElement\":[{\"@type\":\"ListItem\",\"position\":1,\"name\":\"Startseite\",\"item\":\"https:\\\/\\\/www.salzburgerland.com\\\/de\\\/magazin\\\/\"},{\"@type\":\"ListItem\",\"position\":2,\"name\":\"Kunst &amp; Kultur\",\"item\":\"https:\\\/\\\/www.salzburgerland.com\\\/de\\\/magazin\\\/thema\\\/kunst-kultur\\\/\"},{\"@type\":\"ListItem\",\"position\":3,\"name\":\"Das Salzburger Stra\u00dfentheater tourt wieder\"}]},{\"@type\":\"WebSite\",\"@id\":\"https:\\\/\\\/www.salzburgerland.com\\\/de\\\/magazin\\\/#website\",\"url\":\"https:\\\/\\\/www.salzburgerland.com\\\/de\\\/magazin\\\/\",\"name\":\"SalzburgerLand Magazin\",\"description\":\"Geschichten und Interessantes aus dem SalzburgerLand\",\"publisher\":{\"@id\":\"https:\\\/\\\/www.salzburgerland.com\\\/de\\\/magazin\\\/#organization\"},\"potentialAction\":[{\"@type\":\"SearchAction\",\"target\":{\"@type\":\"EntryPoint\",\"urlTemplate\":\"https:\\\/\\\/www.salzburgerland.com\\\/de\\\/magazin\\\/?s={search_term_string}\"},\"query-input\":{\"@type\":\"PropertyValueSpecification\",\"valueRequired\":true,\"valueName\":\"search_term_string\"}}],\"inLanguage\":\"de\"},{\"@type\":\"Organization\",\"@id\":\"https:\\\/\\\/www.salzburgerland.com\\\/de\\\/magazin\\\/#organization\",\"name\":\"SalzburgerLand Tourismus\",\"url\":\"https:\\\/\\\/www.salzburgerland.com\\\/de\\\/magazin\\\/\",\"logo\":{\"@type\":\"ImageObject\",\"inLanguage\":\"de\",\"@id\":\"https:\\\/\\\/www.salzburgerland.com\\\/de\\\/magazin\\\/#\\\/schema\\\/logo\\\/image\\\/\",\"url\":\"https:\\\/\\\/www.salzburgerland.com\\\/de\\\/magazin\\\/wp-content\\\/uploads\\\/2019\\\/06\\\/salzburgerland-logo1.jpg\",\"contentUrl\":\"https:\\\/\\\/www.salzburgerland.com\\\/de\\\/magazin\\\/wp-content\\\/uploads\\\/2019\\\/06\\\/salzburgerland-logo1.jpg\",\"width\":2011,\"height\":866,\"caption\":\"SalzburgerLand Tourismus\"},\"image\":{\"@id\":\"https:\\\/\\\/www.salzburgerland.com\\\/de\\\/magazin\\\/#\\\/schema\\\/logo\\\/image\\\/\"},\"sameAs\":[\"https:\\\/\\\/www.facebook.com\\\/salzburgerland\\\/\",\"https:\\\/\\\/x.com\\\/Salzburgerland\",\"https:\\\/\\\/www.instagram.com\\\/salzburgerland\\\/\",\"https:\\\/\\\/at.linkedin.com\\\/company\\\/salzburgerland-tourismus-gmbh\",\"https:\\\/\\\/www.pinterest.at\\\/salzburgerland\\\/\",\"https:\\\/\\\/www.youtube.com\\\/user\\\/salzburgerland\",\"https:\\\/\\\/de.wikipedia.org\\\/wiki\\\/SalzburgerLand_Tourismus_GmbH\"]},{\"@type\":\"Person\",\"@id\":\"https:\\\/\\\/www.salzburgerland.com\\\/de\\\/magazin\\\/#\\\/schema\\\/person\\\/2e0abbe9392136e19ff0d5c5721aea87\",\"name\":\"G\u00fcnter Baumgartner\",\"url\":\"https:\\\/\\\/www.salzburgerland.com\\\/de\\\/magazin\\\/author\\\/guenter-baumgartner\\\/\"}]}<\/script>\n<!-- \/ Yoast SEO Premium plugin. -->","yoast_head_json":{"title":"Das Salzburger Stra\u00dfentheater tourt wieder - SalzburgerLand Magazin","description":"Jeden Juli und August ist das Ensemble des Salzburer Stra\u00dfentheaters im ganzen SalzburgerLand unterwegs und sorgt f\u00fcr einen unterhaltsamen Theaterabend.","robots":{"index":"index","follow":"follow","max-snippet":"max-snippet:-1","max-image-preview":"max-image-preview:large","max-video-preview":"max-video-preview:-1"},"canonical":"https:\/\/www.salzburgerland.com\/de\/magazin\/das-salzburger-strassentheater-tourt-wieder\/","og_locale":"de_DE","og_type":"article","og_title":"Das Salzburger Stra\u00dfentheater tourt wieder","og_description":"Jeden Juli und August ist das Ensemble des Salzburer Stra\u00dfentheaters im ganzen SalzburgerLand unterwegs und sorgt f\u00fcr einen unterhaltsamen Theaterabend.","og_url":"https:\/\/www.salzburgerland.com\/de\/magazin\/das-salzburger-strassentheater-tourt-wieder\/","og_site_name":"SalzburgerLand Magazin","article_publisher":"https:\/\/www.facebook.com\/salzburgerland\/","article_published_time":"2023-05-23T06:00:00+00:00","article_modified_time":"2023-05-24T08:31:43+00:00","og_image":[{"width":1887,"height":1060,"url":"https:\/\/www.salzburgerland.com\/de\/magazin\/wp-content\/uploads\/2019\/07\/cropped-Alles_Heilige_Salzburger_Stra\u00dfentheater_2019_02-1.jpg","type":"image\/jpeg"}],"author":"G\u00fcnter Baumgartner","twitter_card":"summary_large_image","twitter_creator":"@Salzburgerland","twitter_site":"@Salzburgerland","twitter_misc":{"Verfasst von":"G\u00fcnter Baumgartner","Gesch\u00e4tzte Lesezeit":"3\u00a0Minuten"},"schema":{"@context":"https:\/\/schema.org","@graph":[{"@type":"Article","@id":"https:\/\/www.salzburgerland.com\/de\/magazin\/das-salzburger-strassentheater-tourt-wieder\/#article","isPartOf":{"@id":"https:\/\/www.salzburgerland.com\/de\/magazin\/das-salzburger-strassentheater-tourt-wieder\/"},"author":{"name":"G\u00fcnter Baumgartner","@id":"https:\/\/www.salzburgerland.com\/de\/magazin\/#\/schema\/person\/2e0abbe9392136e19ff0d5c5721aea87"},"headline":"Das Salzburger Stra\u00dfentheater tourt wieder","datePublished":"2023-05-23T06:00:00+00:00","dateModified":"2023-05-24T08:31:43+00:00","mainEntityOfPage":{"@id":"https:\/\/www.salzburgerland.com\/de\/magazin\/das-salzburger-strassentheater-tourt-wieder\/"},"wordCount":345,"commentCount":0,"publisher":{"@id":"https:\/\/www.salzburgerland.com\/de\/magazin\/#organization"},"image":{"@id":"https:\/\/www.salzburgerland.com\/de\/magazin\/das-salzburger-strassentheater-tourt-wieder\/#primaryimage"},"thumbnailUrl":"https:\/\/www.salzburgerland.com\/de\/magazin\/wp-content\/uploads\/2019\/07\/cropped-Alles_Heilige_Salzburger_Stra\u00dfentheater_2019_02-1.jpg","keywords":["Stra\u00dfentheater"],"articleSection":["Kunst &amp; Kultur"],"inLanguage":"de","potentialAction":[{"@type":"CommentAction","name":"Comment","target":["https:\/\/www.salzburgerland.com\/de\/magazin\/das-salzburger-strassentheater-tourt-wieder\/#respond"]}]},{"@type":"WebPage","@id":"https:\/\/www.salzburgerland.com\/de\/magazin\/das-salzburger-strassentheater-tourt-wieder\/","url":"https:\/\/www.salzburgerland.com\/de\/magazin\/das-salzburger-strassentheater-tourt-wieder\/","name":"Das Salzburger Stra\u00dfentheater tourt wieder - SalzburgerLand Magazin","isPartOf":{"@id":"https:\/\/www.salzburgerland.com\/de\/magazin\/#website"},"primaryImageOfPage":{"@id":"https:\/\/www.salzburgerland.com\/de\/magazin\/das-salzburger-strassentheater-tourt-wieder\/#primaryimage"},"image":{"@id":"https:\/\/www.salzburgerland.com\/de\/magazin\/das-salzburger-strassentheater-tourt-wieder\/#primaryimage"},"thumbnailUrl":"https:\/\/www.salzburgerland.com\/de\/magazin\/wp-content\/uploads\/2019\/07\/cropped-Alles_Heilige_Salzburger_Stra\u00dfentheater_2019_02-1.jpg","datePublished":"2023-05-23T06:00:00+00:00","dateModified":"2023-05-24T08:31:43+00:00","description":"Jeden Juli und August ist das Ensemble des Salzburer Stra\u00dfentheaters im ganzen SalzburgerLand unterwegs und sorgt f\u00fcr einen unterhaltsamen Theaterabend.","breadcrumb":{"@id":"https:\/\/www.salzburgerland.com\/de\/magazin\/das-salzburger-strassentheater-tourt-wieder\/#breadcrumb"},"inLanguage":"de","potentialAction":[{"@type":"ReadAction","target":["https:\/\/www.salzburgerland.com\/de\/magazin\/das-salzburger-strassentheater-tourt-wieder\/"]}]},{"@type":"ImageObject","inLanguage":"de","@id":"https:\/\/www.salzburgerland.com\/de\/magazin\/das-salzburger-strassentheater-tourt-wieder\/#primaryimage","url":"https:\/\/www.salzburgerland.com\/de\/magazin\/wp-content\/uploads\/2019\/07\/cropped-Alles_Heilige_Salzburger_Stra\u00dfentheater_2019_02-1.jpg","contentUrl":"https:\/\/www.salzburgerland.com\/de\/magazin\/wp-content\/uploads\/2019\/07\/cropped-Alles_Heilige_Salzburger_Stra\u00dfentheater_2019_02-1.jpg","width":1887,"height":1060},{"@type":"BreadcrumbList","@id":"https:\/\/www.salzburgerland.com\/de\/magazin\/das-salzburger-strassentheater-tourt-wieder\/#breadcrumb","itemListElement":[{"@type":"ListItem","position":1,"name":"Startseite","item":"https:\/\/www.salzburgerland.com\/de\/magazin\/"},{"@type":"ListItem","position":2,"name":"Kunst &amp; Kultur","item":"https:\/\/www.salzburgerland.com\/de\/magazin\/thema\/kunst-kultur\/"},{"@type":"ListItem","position":3,"name":"Das Salzburger Stra\u00dfentheater tourt wieder"}]},{"@type":"WebSite","@id":"https:\/\/www.salzburgerland.com\/de\/magazin\/#website","url":"https:\/\/www.salzburgerland.com\/de\/magazin\/","name":"SalzburgerLand Magazin","description":"Geschichten und Interessantes aus dem SalzburgerLand","publisher":{"@id":"https:\/\/www.salzburgerland.com\/de\/magazin\/#organization"},"potentialAction":[{"@type":"SearchAction","target":{"@type":"EntryPoint","urlTemplate":"https:\/\/www.salzburgerland.com\/de\/magazin\/?s={search_term_string}"},"query-input":{"@type":"PropertyValueSpecification","valueRequired":true,"valueName":"search_term_string"}}],"inLanguage":"de"},{"@type":"Organization","@id":"https:\/\/www.salzburgerland.com\/de\/magazin\/#organization","name":"SalzburgerLand Tourismus","url":"https:\/\/www.salzburgerland.com\/de\/magazin\/","logo":{"@type":"ImageObject","inLanguage":"de","@id":"https:\/\/www.salzburgerland.com\/de\/magazin\/#\/schema\/logo\/image\/","url":"https:\/\/www.salzburgerland.com\/de\/magazin\/wp-content\/uploads\/2019\/06\/salzburgerland-logo1.jpg","contentUrl":"https:\/\/www.salzburgerland.com\/de\/magazin\/wp-content\/uploads\/2019\/06\/salzburgerland-logo1.jpg","width":2011,"height":866,"caption":"SalzburgerLand Tourismus"},"image":{"@id":"https:\/\/www.salzburgerland.com\/de\/magazin\/#\/schema\/logo\/image\/"},"sameAs":["https:\/\/www.facebook.com\/salzburgerland\/","https:\/\/x.com\/Salzburgerland","https:\/\/www.instagram.com\/salzburgerland\/","https:\/\/at.linkedin.com\/company\/salzburgerland-tourismus-gmbh","https:\/\/www.pinterest.at\/salzburgerland\/","https:\/\/www.youtube.com\/user\/salzburgerland","https:\/\/de.wikipedia.org\/wiki\/SalzburgerLand_Tourismus_GmbH"]},{"@type":"Person","@id":"https:\/\/www.salzburgerland.com\/de\/magazin\/#\/schema\/person\/2e0abbe9392136e19ff0d5c5721aea87","name":"G\u00fcnter Baumgartner","url":"https:\/\/www.salzburgerland.com\/de\/magazin\/author\/guenter-baumgartner\/"}]}},"_wl_alt_label":[],"wl:entity_url":"http:\/\/open.salzburgerland.com\/magazin\/post\/das_salzburger_strassentheater_tourt_wieder","_links":{"self":[{"href":"https:\/\/www.salzburgerland.com\/de\/magazin\/wp-json\/wp\/v2\/posts\/135819","targetHints":{"allow":["GET"]}}],"collection":[{"href":"https:\/\/www.salzburgerland.com\/de\/magazin\/wp-json\/wp\/v2\/posts"}],"about":[{"href":"https:\/\/www.salzburgerland.com\/de\/magazin\/wp-json\/wp\/v2\/types\/post"}],"author":[{"embeddable":true,"href":"https:\/\/www.salzburgerland.com\/de\/magazin\/wp-json\/wp\/v2\/users\/544"}],"replies":[{"embeddable":true,"href":"https:\/\/www.salzburgerland.com\/de\/magazin\/wp-json\/wp\/v2\/comments?post=135819"}],"version-history":[{"count":3,"href":"https:\/\/www.salzburgerland.com\/de\/magazin\/wp-json\/wp\/v2\/posts\/135819\/revisions"}],"predecessor-version":[{"id":171153,"href":"https:\/\/www.salzburgerland.com\/de\/magazin\/wp-json\/wp\/v2\/posts\/135819\/revisions\/171153"}],"wp:featuredmedia":[{"embeddable":true,"href":"https:\/\/www.salzburgerland.com\/de\/magazin\/wp-json\/wp\/v2\/media\/135902"}],"wp:attachment":[{"href":"https:\/\/www.salzburgerland.com\/de\/magazin\/wp-json\/wp\/v2\/media?parent=135819"}],"wp:term":[{"taxonomy":"category","embeddable":true,"href":"https:\/\/www.salzburgerland.com\/de\/magazin\/wp-json\/wp\/v2\/categories?post=135819"},{"taxonomy":"post_tag","embeddable":true,"href":"https:\/\/www.salzburgerland.com\/de\/magazin\/wp-json\/wp\/v2\/tags?post=135819"},{"taxonomy":"wl_entity_type","embeddable":true,"href":"https:\/\/www.salzburgerland.com\/de\/magazin\/wp-json\/wp\/v2\/wl_entity_type?post=135819"},{"taxonomy":"monatsauswahl","embeddable":true,"href":"https:\/\/www.salzburgerland.com\/de\/magazin\/wp-json\/wp\/v2\/monatsauswahl?post=135819"}],"curies":[{"name":"wp","href":"https:\/\/api.w.org\/{rel}","templated":true}]}}