{"id":134170,"date":"2019-07-06T08:00:31","date_gmt":"2019-07-06T06:00:31","guid":{"rendered":"https:\/\/www.salzburgerland.com\/de\/magazin\/?p=131368"},"modified":"2021-03-23T13:21:36","modified_gmt":"2021-03-23T12:21:36","slug":"marionettenmuseum-auf-der-festung","status":"publish","type":"post","link":"https:\/\/www.salzburgerland.com\/de\/magazin\/marionettenmuseum-auf-der-festung\/","title":{"rendered":"Marionettenmuseum auf der Festung"},"content":{"rendered":"\n<p class=\"wp-block-slt-intro\"><strong>Im kleinen Marionettenmuseum mitten in der m\u00e4chtigen Anlage der <span id=\"urn:enhancement-9fa8c9d0-e4cd-1c1a-1e4f-898d39dbe3a7\" class=\"textannotation wl-place disambiguated\" itemid=\"http:\/\/open.salzburgerland.com\/de\/magazin\/entity\/festung_hohensalzburg\">Festung Hohensalzburg<\/span> wird die Welt der Puppenspieler lebendig, und man bekommt eine Ahnung von der hohen Kunst des Marionettenbaus.<\/strong>  <\/p>\n\n\n\n<p>Wer <span id=\"urn:enhancement-42a0e798-c971-6b98-d516-5e513f65744e\" class=\"textannotation wl-place disambiguated\" itemid=\"http:\/\/open.salzburgerland.com\/de\/magazin\/entity\/salzburg\">Salzburg<\/span> besucht, kommt um einen Besuch auf der <a rel=\"noopener noreferrer\" href=\"https:\/\/www.salzburg-burgen.at\/de\/festung-hohensalzburg\/\" target=\"_blank\">Festung Hohensalzburg<\/a> fast nicht umhin. Aber auch, wenn Sie sich schon \u00f6fter von den mittelalterlichen Burgmauern verzaubern haben lassen, einen Geheimtipp haben wir noch f\u00fcr Sie.<\/p>\n\n\n\n<p>Fast ein wenig unscheinbar verbirgt sich in den ehemaligen F\u00fcrstenkellern ein einzigartiges Museum \u2013 das <a rel=\"noopener noreferrer\" href=\"https:\/\/www.salzburghighlights.at\/de\/Welt-der-Marionetten\" target=\"_blank\">Marionettenmuseum<\/a>. Weltber\u00fchmt ist das Marionettentheater in der nahen Schwarzstra\u00dfe. Vielleicht haben Sie ja schon einmal eine Auff\u00fchrung gesehen und fasziniert die fast menschlichen Bewegungen der Puppen bestaunt. Hier im Marionettenmuseum werden die Geheimnisse ein wenig gel\u00fcftet.<\/p>\n\n\n\n<p>Nicht nur einzelnen Marionetten sind hier &nbsp;zu sehen, man bekommt auch einen Einblick in die hohe Kunst des Marionettenbaus sowie in die Geschichte des erw\u00e4hnten Marionettentheaters. <br>Bestaunen Sie die wundersch\u00f6ne K\u00f6nigin der Nacht aus<span id=\"urn:enhancement-25ff489b-46f2-3dab-4dcd-5fb0d11c3833\" class=\"textannotation wl-thing disambiguated\" itemid=\"http:\/\/open.salzburgerland.com\/de\/entity\/requiem_mozart\"> Mozart<\/span>s Zauberfl\u00f6te, die singend anmutig in einer gl\u00e4sernen Vitrine tanzt. Erfahren Sie, wie der Vogelf\u00e4nger Papageno zum Leben erweckt wurde. Ein mit den Puppen animierter Film zeigt einen Bauernaufstand in<span id=\"urn:enhancement-efc40bae-e013-f6cd-844d-7c6a35246623\" class=\"textannotation wl-place disambiguated\" itemid=\"http:\/\/open.salzburgerland.com\/de\/magazin\/entity\/salzburg\"> Salzbur<\/span>g um 1600. Wer selbst gerne einmal eine Marionette tanzen lassen m\u00f6chte, kann dies mit einer elektronischen Version von Wolf Dietrich tun und den Erzbischof virtuell aus der Festung lenken \u2013 und das ist gar nicht so einfach, wie es ausschaut. Besonders Mutige wagen es, den Schrank in der dunklen Ecke zu \u00f6ffnen, in dem ein ehemaliger Bewohner ruhen soll\u2026.<\/p>\n\n\n\n<p>Wer jetzt selbst an einer echten Marionette seine Fertigkeiten versuchen m\u00f6chte, kann sich im Museumsshop eine eigene h\u00f6lzerne Puppe kaufen. Und dann sollten Sie sich unbedingt erkundigen, ob es noch Karten f\u00fcr eine der n\u00e4chsten Vorstellungen im <a href=\"https:\/\/www.marionetten.at\/\" target=\"_blank\" rel=\"noopener noreferrer\">Marionettentheater<\/a> gibt. Wer noch genauer Bescheid wissen will, der kann in einer <a href=\"https:\/\/www.marionetten.at\/home\/gruppenfuhrungen\" target=\"_blank\" rel=\"noopener noreferrer\">F\u00fchrung<\/a> auch hinter die Kulissen blicken.<\/p>\n\n\n<div class=\"mag-gallery\"><div class=\"row\"><div class=\"col-6 col-sm-4\"><figure><a class=\"thumb-container\" href=\"https:\/\/www.salzburgerland.com\/de\/magazin\/wp-content\/uploads\/2019\/06\/IMG_4424-1-1280x1024.jpg\">\t<picture><source media=\"(min-width: 576px)\" srcset=\"https:\/\/www.salzburgerland.com\/de\/magazin\/wp-content\/uploads\/2019\/06\/IMG_4424-1-325x209.jpg 325w, https:\/\/www.salzburgerland.com\/de\/magazin\/wp-content\/uploads\/2019\/06\/IMG_4424-1-249x160.jpg 249w\"><\/source><source media=\"(min-width: 0)\" srcset=\"https:\/\/www.salzburgerland.com\/de\/magazin\/wp-content\/uploads\/2019\/06\/IMG_4424-1-249x160.jpg 249w, https:\/\/www.salzburgerland.com\/de\/magazin\/wp-content\/uploads\/2019\/06\/IMG_4424-1-325x209.jpg 325w\"><\/source><img decoding=\"async\" alt=\"\" src=\"https:\/\/www.salzburgerland.com\/de\/magazin\/wp-content\/uploads\/2019\/06\/IMG_4424-1.jpg\">\t<\/picture><\/a><\/figure><\/div><div class=\"col-6 col-sm-4\"><figure><a class=\"thumb-container\" href=\"https:\/\/www.salzburgerland.com\/de\/magazin\/wp-content\/uploads\/2019\/06\/IMG_4427-1-1280x1024.jpg\">\t<picture><source media=\"(min-width: 576px)\" srcset=\"https:\/\/www.salzburgerland.com\/de\/magazin\/wp-content\/uploads\/2019\/06\/IMG_4427-1-325x209.jpg 325w, https:\/\/www.salzburgerland.com\/de\/magazin\/wp-content\/uploads\/2019\/06\/IMG_4427-1-249x160.jpg 249w\"><\/source><source media=\"(min-width: 0)\" srcset=\"https:\/\/www.salzburgerland.com\/de\/magazin\/wp-content\/uploads\/2019\/06\/IMG_4427-1-249x160.jpg 249w, https:\/\/www.salzburgerland.com\/de\/magazin\/wp-content\/uploads\/2019\/06\/IMG_4427-1-325x209.jpg 325w\"><\/source><img decoding=\"async\" alt=\"\" src=\"https:\/\/www.salzburgerland.com\/de\/magazin\/wp-content\/uploads\/2019\/06\/IMG_4427-1.jpg\">\t<\/picture><\/a><\/figure><\/div><div class=\"col-6 col-sm-4\"><figure><a class=\"thumb-container\" href=\"https:\/\/www.salzburgerland.com\/de\/magazin\/wp-content\/uploads\/2019\/06\/IMG_4656-1-1280x1024.jpg\">\t<picture><source media=\"(min-width: 576px)\" srcset=\"https:\/\/www.salzburgerland.com\/de\/magazin\/wp-content\/uploads\/2019\/06\/IMG_4656-1-325x209.jpg 325w, https:\/\/www.salzburgerland.com\/de\/magazin\/wp-content\/uploads\/2019\/06\/IMG_4656-1-249x160.jpg 249w\"><\/source><source media=\"(min-width: 0)\" srcset=\"https:\/\/www.salzburgerland.com\/de\/magazin\/wp-content\/uploads\/2019\/06\/IMG_4656-1-249x160.jpg 249w, https:\/\/www.salzburgerland.com\/de\/magazin\/wp-content\/uploads\/2019\/06\/IMG_4656-1-325x209.jpg 325w\"><\/source><img decoding=\"async\" alt=\"\" src=\"https:\/\/www.salzburgerland.com\/de\/magazin\/wp-content\/uploads\/2019\/06\/IMG_4656-1.jpg\">\t<\/picture><\/a><\/figure><\/div><div class=\"col-6 col-sm-4\"><figure><a class=\"thumb-container\" href=\"https:\/\/www.salzburgerland.com\/de\/magazin\/wp-content\/uploads\/2019\/06\/IMG_4657-1-1280x1024.jpg\">\t<picture><source media=\"(min-width: 576px)\" srcset=\"https:\/\/www.salzburgerland.com\/de\/magazin\/wp-content\/uploads\/2019\/06\/IMG_4657-1-325x209.jpg 325w, https:\/\/www.salzburgerland.com\/de\/magazin\/wp-content\/uploads\/2019\/06\/IMG_4657-1-249x160.jpg 249w\"><\/source><source media=\"(min-width: 0)\" srcset=\"https:\/\/www.salzburgerland.com\/de\/magazin\/wp-content\/uploads\/2019\/06\/IMG_4657-1-249x160.jpg 249w, https:\/\/www.salzburgerland.com\/de\/magazin\/wp-content\/uploads\/2019\/06\/IMG_4657-1-325x209.jpg 325w\"><\/source><img decoding=\"async\" alt=\"\" src=\"https:\/\/www.salzburgerland.com\/de\/magazin\/wp-content\/uploads\/2019\/06\/IMG_4657-1.jpg\">\t<\/picture><\/a><\/figure><\/div><div class=\"col-6 col-sm-4\"><figure><a class=\"thumb-container\" href=\"https:\/\/www.salzburgerland.com\/de\/magazin\/wp-content\/uploads\/2019\/06\/IMG_4658-1-1280x1024.jpg\">\t<picture><source media=\"(min-width: 576px)\" srcset=\"https:\/\/www.salzburgerland.com\/de\/magazin\/wp-content\/uploads\/2019\/06\/IMG_4658-1-325x209.jpg 325w, https:\/\/www.salzburgerland.com\/de\/magazin\/wp-content\/uploads\/2019\/06\/IMG_4658-1-249x160.jpg 249w\"><\/source><source media=\"(min-width: 0)\" srcset=\"https:\/\/www.salzburgerland.com\/de\/magazin\/wp-content\/uploads\/2019\/06\/IMG_4658-1-249x160.jpg 249w, https:\/\/www.salzburgerland.com\/de\/magazin\/wp-content\/uploads\/2019\/06\/IMG_4658-1-325x209.jpg 325w\"><\/source><img decoding=\"async\" alt=\"\" src=\"https:\/\/www.salzburgerland.com\/de\/magazin\/wp-content\/uploads\/2019\/06\/IMG_4658-1.jpg\">\t<\/picture><\/a><\/figure><\/div><div class=\"col-6 col-sm-4\"><figure><a class=\"thumb-container\" href=\"https:\/\/www.salzburgerland.com\/de\/magazin\/wp-content\/uploads\/2019\/06\/IMG_4659-1-1280x1024.jpg\">\t<picture><source media=\"(min-width: 576px)\" srcset=\"https:\/\/www.salzburgerland.com\/de\/magazin\/wp-content\/uploads\/2019\/06\/IMG_4659-1-325x209.jpg 325w, https:\/\/www.salzburgerland.com\/de\/magazin\/wp-content\/uploads\/2019\/06\/IMG_4659-1-249x160.jpg 249w\"><\/source><source media=\"(min-width: 0)\" srcset=\"https:\/\/www.salzburgerland.com\/de\/magazin\/wp-content\/uploads\/2019\/06\/IMG_4659-1-249x160.jpg 249w, https:\/\/www.salzburgerland.com\/de\/magazin\/wp-content\/uploads\/2019\/06\/IMG_4659-1-325x209.jpg 325w\"><\/source><img decoding=\"async\" alt=\"\" src=\"https:\/\/www.salzburgerland.com\/de\/magazin\/wp-content\/uploads\/2019\/06\/IMG_4659-1.jpg\">\t<\/picture><\/a><\/figure><\/div><div class=\"col-6 col-sm-4\"><figure><a class=\"thumb-container\" href=\"https:\/\/www.salzburgerland.com\/de\/magazin\/wp-content\/uploads\/2019\/06\/IMG_4660-1-1280x1024.jpg\">\t<picture><source media=\"(min-width: 576px)\" srcset=\"https:\/\/www.salzburgerland.com\/de\/magazin\/wp-content\/uploads\/2019\/06\/IMG_4660-1-325x209.jpg 325w, https:\/\/www.salzburgerland.com\/de\/magazin\/wp-content\/uploads\/2019\/06\/IMG_4660-1-249x160.jpg 249w\"><\/source><source media=\"(min-width: 0)\" srcset=\"https:\/\/www.salzburgerland.com\/de\/magazin\/wp-content\/uploads\/2019\/06\/IMG_4660-1-249x160.jpg 249w, https:\/\/www.salzburgerland.com\/de\/magazin\/wp-content\/uploads\/2019\/06\/IMG_4660-1-325x209.jpg 325w\"><\/source><img decoding=\"async\" alt=\"\" src=\"https:\/\/www.salzburgerland.com\/de\/magazin\/wp-content\/uploads\/2019\/06\/IMG_4660-1.jpg\">\t<\/picture><\/a><\/figure><\/div><div class=\"col-6 col-sm-4\"><figure><a class=\"thumb-container\" href=\"https:\/\/www.salzburgerland.com\/de\/magazin\/wp-content\/uploads\/2019\/06\/IMG_4661-1-1280x1024.jpg\">\t<picture><source media=\"(min-width: 576px)\" srcset=\"https:\/\/www.salzburgerland.com\/de\/magazin\/wp-content\/uploads\/2019\/06\/IMG_4661-1-325x209.jpg 325w, https:\/\/www.salzburgerland.com\/de\/magazin\/wp-content\/uploads\/2019\/06\/IMG_4661-1-249x160.jpg 249w\"><\/source><source media=\"(min-width: 0)\" srcset=\"https:\/\/www.salzburgerland.com\/de\/magazin\/wp-content\/uploads\/2019\/06\/IMG_4661-1-249x160.jpg 249w, https:\/\/www.salzburgerland.com\/de\/magazin\/wp-content\/uploads\/2019\/06\/IMG_4661-1-325x209.jpg 325w\"><\/source><img decoding=\"async\" alt=\"\" src=\"https:\/\/www.salzburgerland.com\/de\/magazin\/wp-content\/uploads\/2019\/06\/IMG_4661-1.jpg\">\t<\/picture><\/a><\/figure><\/div><div class=\"col-6 col-sm-4\"><figure><a class=\"thumb-container\" href=\"https:\/\/www.salzburgerland.com\/de\/magazin\/wp-content\/uploads\/2019\/06\/IMG_4663-1-1280x1024.jpg\">\t<picture><source media=\"(min-width: 576px)\" srcset=\"https:\/\/www.salzburgerland.com\/de\/magazin\/wp-content\/uploads\/2019\/06\/IMG_4663-1-325x209.jpg 325w, https:\/\/www.salzburgerland.com\/de\/magazin\/wp-content\/uploads\/2019\/06\/IMG_4663-1-249x160.jpg 249w\"><\/source><source media=\"(min-width: 0)\" srcset=\"https:\/\/www.salzburgerland.com\/de\/magazin\/wp-content\/uploads\/2019\/06\/IMG_4663-1-249x160.jpg 249w, https:\/\/www.salzburgerland.com\/de\/magazin\/wp-content\/uploads\/2019\/06\/IMG_4663-1-325x209.jpg 325w\"><\/source><img decoding=\"async\" alt=\"\" src=\"https:\/\/www.salzburgerland.com\/de\/magazin\/wp-content\/uploads\/2019\/06\/IMG_4663-1.jpg\">\t<\/picture><\/a><\/figure><\/div><div class=\"col-6 col-sm-4\"><figure><a class=\"thumb-container\" href=\"https:\/\/www.salzburgerland.com\/de\/magazin\/wp-content\/uploads\/2019\/06\/IMG_4664-1-1280x1024.jpg\">\t<picture><source media=\"(min-width: 576px)\" srcset=\"https:\/\/www.salzburgerland.com\/de\/magazin\/wp-content\/uploads\/2019\/06\/IMG_4664-1-325x209.jpg 325w, https:\/\/www.salzburgerland.com\/de\/magazin\/wp-content\/uploads\/2019\/06\/IMG_4664-1-249x160.jpg 249w\"><\/source><source media=\"(min-width: 0)\" srcset=\"https:\/\/www.salzburgerland.com\/de\/magazin\/wp-content\/uploads\/2019\/06\/IMG_4664-1-249x160.jpg 249w, https:\/\/www.salzburgerland.com\/de\/magazin\/wp-content\/uploads\/2019\/06\/IMG_4664-1-325x209.jpg 325w\"><\/source><img decoding=\"async\" alt=\"\" src=\"https:\/\/www.salzburgerland.com\/de\/magazin\/wp-content\/uploads\/2019\/06\/IMG_4664-1.jpg\">\t<\/picture><\/a><\/figure><\/div><div class=\"col-6 col-sm-4\"><figure><a class=\"thumb-container\" href=\"https:\/\/www.salzburgerland.com\/de\/magazin\/wp-content\/uploads\/2019\/06\/IMG_4667-1-1280x1024.jpg\">\t<picture><source media=\"(min-width: 576px)\" srcset=\"https:\/\/www.salzburgerland.com\/de\/magazin\/wp-content\/uploads\/2019\/06\/IMG_4667-1-325x209.jpg 325w, https:\/\/www.salzburgerland.com\/de\/magazin\/wp-content\/uploads\/2019\/06\/IMG_4667-1-249x160.jpg 249w\"><\/source><source media=\"(min-width: 0)\" srcset=\"https:\/\/www.salzburgerland.com\/de\/magazin\/wp-content\/uploads\/2019\/06\/IMG_4667-1-249x160.jpg 249w, https:\/\/www.salzburgerland.com\/de\/magazin\/wp-content\/uploads\/2019\/06\/IMG_4667-1-325x209.jpg 325w\"><\/source><img decoding=\"async\" alt=\"\" src=\"https:\/\/www.salzburgerland.com\/de\/magazin\/wp-content\/uploads\/2019\/06\/IMG_4667-1.jpg\">\t<\/picture><\/a><\/figure><\/div><div class=\"col-6 col-sm-4\"><figure><a class=\"thumb-container\" href=\"https:\/\/www.salzburgerland.com\/de\/magazin\/wp-content\/uploads\/2019\/06\/IMG_4671-1-1280x1024.jpg\">\t<picture><source media=\"(min-width: 576px)\" srcset=\"https:\/\/www.salzburgerland.com\/de\/magazin\/wp-content\/uploads\/2019\/06\/IMG_4671-1-325x209.jpg 325w, https:\/\/www.salzburgerland.com\/de\/magazin\/wp-content\/uploads\/2019\/06\/IMG_4671-1-249x160.jpg 249w\"><\/source><source media=\"(min-width: 0)\" srcset=\"https:\/\/www.salzburgerland.com\/de\/magazin\/wp-content\/uploads\/2019\/06\/IMG_4671-1-249x160.jpg 249w, https:\/\/www.salzburgerland.com\/de\/magazin\/wp-content\/uploads\/2019\/06\/IMG_4671-1-325x209.jpg 325w\"><\/source><img decoding=\"async\" alt=\"\" src=\"https:\/\/www.salzburgerland.com\/de\/magazin\/wp-content\/uploads\/2019\/06\/IMG_4671-1.jpg\">\t<\/picture><\/a><\/figure><\/div><\/div><figcaption><\/figcaption><\/div>\n\n\n\n<p>Fotos&nbsp;\u00a9 Ulli Hammerl<\/p>\n","protected":false},"excerpt":{"rendered":"<p>Das ist der Textauszug<\/p>\n","protected":false},"author":90,"featured_media":131381,"comment_status":"open","ping_status":"open","sticky":false,"template":"","format":"standard","meta":{"_acf_changed":false,"wl_entities_gutenberg":"{\"http:\/\/open.salzburgerland.com\/de\/entity\/festung_hohensalzburg\":{\"uri\":\"http:\/\/open.salzburgerland.com\/de\/entity\/festung_hohensalzburg\",\"label\":\"Festung Hohensalzburg\",\"description\":\"Direkt in der Mitte der Stadt Salzburg gelegen, ist die Festung Hohensalzburg das Wahrzeichen der Stadt. Sie liegt am Festungsberg, welcher im Nordwest zum M\u00f6nchsberg wird, und im Osten Nonnberg genannt wird. Die Festung Hohensalzburg ist einer der gr\u00f6\u00dften Burgen in Europa. In \u00d6sterreich ist sie die am dritth\u00e4ufigste besuchte Sehensw\u00fcrdigkeit, nach dem Schloss Sch\u00f6nbrunn und dem Tiergarten Sch\u00f6nbrunn in Wien.\\r\\n\\r\\n\u00a0\",\"main_type\":\"wl-place\",\"type\":[\"http:\/\/schema.org\/Place\"],\"image\":[],\"sameas\":[\"http:\/\/wikidata.org\/entity\/Q679292\",\"http:\/\/rdf.freebase.com\/ns\/m.025zzbn\",\"http:\/\/yago-knowledge.org\/resource\/Hohensalzburg_Castle\",\"http:\/\/sws.geonames.org\/6324597\/\",\"http:\/\/dbpedia.org\/resource\/Hohensalzburg_Castle\",\"http:\/\/de.dbpedia.org\/page\/Festung_Hohensalzburg\",\"http:\/\/wikidata.dbpedia.org\/resource\/Q679292\"]},\"http:\/\/open.salzburgerland.com\/de\/magazin\/entity\/salzburg\":{\"uri\":\"http:\/\/open.salzburgerland.com\/de\/magazin\/entity\/salzburg\",\"label\":\"Salzburg\",\"description\":\"Die Landeshauptstadt Salzburg ist zu jeder Jahreszeit einen Besuch wert. Im Fr\u00fchling, wenn die Kaffeeh\u00e4user die Tische vor die T\u00fcre stellen und \u00fcberall in den G\u00e4rten die Magnolien in voller Bl\u00fcte stehen.\u00a0 Im Sommer, wenn die Jedermann-B\u00fchne den Domplatz einnimmt und die sch\u00f6n gekleideten Festspielg\u00e4ste durch die Stadt flanieren. Im Herbst, wenn sich die Bl\u00e4tter auf dem M\u00f6nchsberg\u00a0 und dem Kapuzinerberg \u00a0bunt verf\u00e4rben und die ersten Maronibrater ihre \u00d6fen aufstellen. Im Winter, wenn die festlich beleuchteten gro\u00dfen und kleinen Adventm\u00e4rkte ihr Waren anbieten.\\r\\nSalzburg historisch\\r\\nSalzburg \u2013 zur R\u00f6merzeit bekannt als Juvavum \u2013 blickt auf eine lange, abwechslungsreiche Geschichte zur\u00fcck. Gegen Ende des 7. Jahrhunderts gegr\u00fcndet, stand Salzburg zu Beginn des 19. Jahrhundertsganz im Zeichen des \u201eWei\u00dfen Goldes\u201c. Das Salzburg vom D\u00fcrrnberg bei Hallein brachte der Stadt nicht nur ihren Namen sondern auch Reichtum und Wohlstand. So konnten die damaligen Landesherren, katholische F\u00fcrsterzbisch\u00f6fe, eine Metropole erbauen, die auch heute noch dank des italienischen Flair als das \u201eRom des Nordens\u201c bezeichnet wird.\\r\\nSalzburg als Touristenmagnet\\r\\nHeute zieht die Stadt allj\u00e4hrlich unz\u00e4hlige Touristen an, die sich von der Einzigartigkeit Salzburgers verzaubern lassen. Und man kann gut und gerne ein paar Tage hier verbringen ohne, dass es langweilig wird. Zahlreiche Sehensw\u00fcrdigkeiten, \u00fcber 4.000 kulturelle Veranstaltungen im Jahr zahlreiche Museen und Galerien, G\u00e4rten und Parks mit weitl\u00e4ufigen Gr\u00fcnfl\u00e4chen oder ein Einkaufsbummel durch die Altstadt sorgen f\u00fcr jede Menge Abwechslung.\\r\\nTop-Tipps f\u00fcr Sehensw\u00fcrdigkeiten und Museen\\r\\n\\r\\n \\tFestung Hohensalzburg\u00a0\\r\\n \\tMozarts Geburtshaus\u00a0\\r\\n \\tDomquartier\u00a0\\r\\n \\tKlosterbezirk St. Peter\u00a0\\r\\n \\tHaus der Natur\u00a0\\r\\n \\tMuseum der Moderne\u00a0\\r\\n \\tSchloss und Wasserspiele Hellbrunn\\r\\n\\r\\n\\r\\n\\r\\nTOP-Tipp: Die Salzburg Card erm\u00f6glicht unter anderem den kostenlosen Eintritt in Salzburgs Museen und Sehensw\u00fcrdigkeiten, die freie Fahrt mit dem Salzach-Schiff, der Festungsbahn und der Untersbergbahn sowie die kostenlose Ben\u00fctzung der \u00f6ffentlichen Verkehrsmittel. Besitzer einer Salzburg Card erhalten zudem zahlreiche Verg\u00fcnstigungen f\u00fcr Konzerte, Theaterbesuche oder Ausflugsziele in der Umgebung.\\r\\nSalzburg und die Musik\\r\\nSalzburg ist nat\u00fcrlich auch untrennbar mit Musik verbunden. Allen voran der am 27, J\u00e4nner 1756 in der Getreidegasse 9 geborene Wolfgang Amadeus Mozart. Hier \u00a0komponierte Mozart 350 seiner sch\u00f6nsten Werke. Mit seiner Musik pr\u00e4gte der bedeutendste und meist gespielte Komponist der Welt die Musikgeschichte auf unvergleichliche Weise. Zahleiche Musikveranstaltungen sind nach ihm benannt.\\r\\n\\r\\nMit \u00a0\u201eThe Sound of Music\u201c hat Salzburg auch Hollywood erobert. Der mit f\u00fcnf Oscars ausgezeichnete Film wurde in der Stadt Salzburg und in ihrer unmittelbaren Umgebung gedreht. Die Drehorte k\u00f6nnen bis heute besucht werden.\",\"main_type\":\"wl-place\",\"type\":[\"http:\/\/schema.org\/Place\"],\"image\":[\"https:\/\/www.salzburgerland.com\/de\/magazin\/wp-content\/uploads\/wl\/2019\/07\/RS1107_DSC_6873_72_71_70_69_HDR_20151225_184449-lpr.jpg\"],\"sameas\":[\"http:\/\/wikidata.dbpedia.org\/resource\/Q34713\",\"http:\/\/rdf.freebase.com\/ns\/m.0b1mf\",\"http:\/\/data.nytimes.com\/3995006370028977851\",\"http:\/\/www.wikidata.org\/entity\/Q34713\",\"http:\/\/yago-knowledge.org\/resource\/Salzburg\",\"http:\/\/dbpedia.org\/resource\/Salzburg\",\"http:\/\/sws.geonames.org\/2766824\/\",\"http:\/\/open.salzburgerland.com\/de\/entity\/stadt_salzburg\"]},\"http:\/\/open.salzburgerland.com\/de\/entity\/wolfgang_amadeus_mozart\":{\"uri\":\"http:\/\/open.salzburgerland.com\/de\/entity\/wolfgang_amadeus_mozart\",\"label\":\"Joannes Chrysostomus Wolfgangus Theophilus Mozart\",\"description\":\"Fr\u00fche Erfolge in ganz Europa\\r\\nFast ein Drittel seines Lebens ist Mozart quer durch Europa gereist und gab \u00fcberall Konzerte, die begeistert aufgenommen wurden. Angefangen bei Klavierst\u00fccken \u00fcber Kammermusik bis hin zu den gro\u00dfen Opern und nicht minder beeindruckenden Symphonien und Messen, wurden die Auftr\u00e4ge immer gr\u00f6\u00dfer.\\r\\nMozart und Salzburg \u2013 eine Hassliebe\\r\\nSowohl Mozarts Vater Leopold, als auch Wolfgang Amadeus selbst hatten so ihre liebe Not mit den Erzbisch\u00f6fen, in deren Dienst sie standen. Hei\u00dfe Auseinandersetzungen reichten teils sogar bis zum Fu\u00dftritt und sorgten daf\u00fcr, dass Mozart 1781 seine Anstellung verlie\u00df und in Wien weitermachte. Seinem Unmut machte er in Briefen und Tagebucheintr\u00e4gen Luft. Aus Gr\u00fcnden des Anstandes wird an dieser Stelle nichts davon zitiert.\\r\\nWechselhafte Wiener Jahre\\r\\n1781 zog Mozart nach Wien, wo er als Jugendlicher bereits ein Jahr verbracht hatte. Er nahm Auftragsarbeiten an, gab Klavierunterricht und verdiente gut. Sein Lebensstil brachte ihn trotzdem immer wieder ans Existenzminimum und mehrmals musste er sich Geld leihen. Tage voller Wein und Gl\u00fccksspiel wechselten sich mit ebenso intensiven Arbeitsphasen ab. 1782 heiratete Mozart\u00a0Constanze Weber und zeugte mit ihr 6 Kinder, von denen allerdings nur zwei erwachsen wurden.\\r\\nZu fr\u00fches Ende\\r\\nGegen Ende wechselten sich gro\u00dfartige Erfolge und bittere Zeiten ab. Mit der Zauberfl\u00f6te erreichte er seinen gr\u00f6\u00dften Erfolg \u2013 inzwischen nicht mehr bei Hof und Adel, sondern bei den einfachen B\u00fcrgern. Doch nur wenige Wochen sp\u00e4ter wurde er bettl\u00e4gerig und konnte sein wohl wichtigstes und beeindruckendstes Werk \u2013 das Requiem \u2013 nicht mehr vollenden. Sein Sch\u00fcler Franz S\u00fc\u00dfmayr sollte die Arbeit zu Ende bringen.\\r\\n\\r\\n\u00dcber Mozarts Tod wurde viel spekuliert: Von Gift \u00fcber Syphilis, zu genetischen Erkrankungen bis hin, zum im Totenschein vermerkten, Frieselfieber lassen\u00a0bis heute viel Raum f\u00fcr Spekulationen.\\r\\nEiner der gr\u00f6\u00dften Komponisten der Welt?\\r\\nDie Wirkung Mozarts ist bis zum heutigen Tag enorm. Seinen Stellenwert als wahrscheinlich ber\u00fchmtester Komponist der Welt hat der im Alter von 35 Jahren Verstorbene aber nicht nur seinem unglaublichen Talent zu verdanken. St\u00e4ndiges Ausprobieren, \u00dcben, Arbeiten und nicht zuletzt seine bemerkenswerte F\u00e4higkeit, Musik aufzusaugen und zu behalten, waren die Grundpfeiler seines Erfolges.\\r\\n\\r\\nBesonders aber in seinen letzten Jahren hat Mozart mit seiner Kirchenmusik und seinen Opern einige der sch\u00f6nsten St\u00fccke der Welt geschaffen und ganze Generationen an Musikern gepr\u00e4gt. Es bleibt die Frage, was Mozart noch alles erreicht h\u00e4tte, wenn er nicht schon so jung gestorben w\u00e4re.\",\"main_type\":\"wl-person\",\"type\":[\"http:\/\/dbpedia.org\/class\/yago\/Aristocrat109807754\",\"http:\/\/dbpedia.org\/class\/yago\/Artist109812338\",\"http:\/\/dbpedia.org\/class\/yago\/AustrianClassicalPianists\",\"http:\/\/dbpedia.org\/class\/yago\/AustrianComposers\",\"http:\/\/dbpedia.org\/class\/yago\/CausalAgent100007347\",\"http:\/\/dbpedia.org\/class\/yago\/ChildClassicalMusicians\",\"http:\/\/dbpedia.org\/class\/yago\/ClassicalEraComposers\",\"http:\/\/dbpedia.org\/class\/yago\/Composer109947232\",\"http:\/\/dbpedia.org\/class\/yago\/ComposersForPiano\",\"http:\/\/dbpedia.org\/class\/yago\/Creator109614315\",\"http:\/\/dbpedia.org\/class\/yago\/Entertainer109616922\",\"http:\/\/dbpedia.org\/class\/yago\/GermanComposers\",\"http:\/\/dbpedia.org\/class\/yago\/Knight110238375\",\"http:\/\/dbpedia.org\/class\/yago\/KnightsOfTheGoldenSpur\",\"http:\/\/dbpedia.org\/class\/yago\/Leader109623038\",\"http:\/\/dbpedia.org\/class\/yago\/LivingThing100004258\",\"http:\/\/dbpedia.org\/class\/yago\/MaleAristocrat110285135\",\"http:\/\/dbpedia.org\/class\/yago\/Musician110339966\",\"http:\/\/dbpedia.org\/class\/yago\/Musician110340312\",\"http:\/\/dbpedia.org\/class\/yago\/Object100002684\",\"http:\/\/dbpedia.org\/class\/yago\/OperaComposers\",\"http:\/\/dbpedia.org\/class\/yago\/Organism100004475\",\"http:\/\/dbpedia.org\/class\/yago\/PeopleFromSalzburg\",\"http:\/\/dbpedia.org\/class\/yago\/Performer110415638\",\"http:\/\/dbpedia.org\/class\/yago\/Person100007846\",\"http:\/\/dbpedia.org\/class\/yago\/PhysicalEntity100001930\",\"http:\/\/dbpedia.org\/class\/yago\/Pianist110430665\",\"http:\/\/dbpedia.org\/class\/yago\/VienneseComposers\",\"http:\/\/dbpedia.org\/class\/yago\/Whole100003553\",\"http:\/\/dbpedia.org\/class\/yago\/YagoLegalActor\",\"http:\/\/dbpedia.org\/class\/yago\/YagoLegalActorGeo\",\"http:\/\/schema.org\/Person\"],\"image\":[\"https:\/\/www.salzburgerland.com\/de\/wp-content\/uploads\/2016\/11\/mozart-statue_c_-tsg-salzburg.jpg\"],\"sameas\":[\"http:\/\/rdf.freebase.com\/ns\/m.082db\",\"https:\/\/www.discogs.com\/artist\/95546\",\"http:\/\/yago-knowledge.org\/resource\/Wolfgang_Amadeus_Mozart\",\"http:\/\/www.bbc.co.uk\/music\/artists\/b972f589-fb0e-474e-b64a-803b0364fa75\",\"http:\/\/www4.wiwiss.fu-berlin.de\/gutendata\/resource\/people\/Mozart_Wolfgang_Amadeus_1756-1791\",\"http:\/\/data.linkedmdb.org\/page\/music_contributor\/4109\",\"http:\/\/vgmdb.net\/artist\/174\",\"https:\/\/musicmoz.org\/Composition\/Composers\/M\/Mozart,_Wolfgang_Amadeus\/\",\"http:\/\/viaf.org\/viaf\/32197206\",\"http:\/\/wikidata.dbpedia.org\/resource\/Q254\",\"http:\/\/d-nb.info\/gnd\/118584596\",\"https:\/\/musicbrainz.org\/artist\/b972f589-fb0e-474e-b64a-803b0364fa75\",\"http:\/\/dbpedia.org\/resource\/Wolfgang_Amadeus_Mozart\",\"http:\/\/www.wikidata.org\/entity\/Q254\"]},\"http:\/\/open.salzburgerland.com\/de\/entity\/die_zauberfloete\":{\"uri\":\"http:\/\/open.salzburgerland.com\/de\/entity\/die_zauberfloete\",\"label\":\"Die Zauberfl\u00f6te\",\"description\":\"Die Zauberfl\u00f6te ist eine Oper in zwei Aufz\u00fcgen, die 1791 im Freihaustheater in Wien uraufgef\u00fchrt wurde. Das Libretto stammt von Emanuel Schikaneder, die Musik komponierte Wolfgang Amadeus Mozart.\",\"main_type\":\"wl-creative-work\",\"type\":[\"http:\/\/dbpedia.org\/class\/yago\/1791Operas\",\"http:\/\/dbpedia.org\/class\/yago\/Abstraction100002137\",\"http:\/\/dbpedia.org\/class\/yago\/AuditoryCommunication107109019\",\"http:\/\/dbpedia.org\/class\/yago\/ClassicalMusic107025900\",\"http:\/\/dbpedia.org\/class\/yago\/Communication100033020\",\"http:\/\/dbpedia.org\/class\/yago\/ExpressiveStyle107066659\",\"http:\/\/dbpedia.org\/class\/yago\/German-languageOperas\",\"http:\/\/dbpedia.org\/class\/yago\/Music107020895\",\"http:\/\/dbpedia.org\/class\/yago\/MusicGenre107071942\",\"http:\/\/dbpedia.org\/class\/yago\/Opera107026352\",\"http:\/\/dbpedia.org\/class\/yago\/Operas\",\"http:\/\/dbpedia.org\/class\/yago\/OperasByWolfgangAmadeusMozart\",\"http:\/\/schema.org\/CreativeWork\"],\"image\":[],\"sameas\":[\"http:\/\/rdf.freebase.com\/ns\/m.09g7g\",\"http:\/\/yago-knowledge.org\/resource\/The_Magic_Flute\",\"http:\/\/dbpedia.org\/resource\/The_Magic_Flute\"]},\"http:\/\/open.salzburgerland.com\/de\/entity\/stadt_salzburg\":{\"uri\":\"http:\/\/open.salzburgerland.com\/de\/entity\/stadt_salzburg\",\"label\":\"Salzburg\",\"description\":\"Die Landeshauptstadt Salzburg ist zu jeder Jahreszeit einen Besuch wert. Im Fr\u00fchling, wenn die Kaffeeh\u00e4user die Tische vor die T\u00fcre stellen und \u00fcberall in den G\u00e4rten die Magnolien in voller Bl\u00fcte stehen.\u00a0 Im Sommer, wenn die Jedermann-B\u00fchne den Domplatz einnimmt und die sch\u00f6n gekleideten Festspielg\u00e4ste durch die Stadt flanieren. Im Herbst, wenn sich die Bl\u00e4tter auf dem M\u00f6nchsberg\u00a0 und dem Kapuzinerberg \u00a0bunt verf\u00e4rben und die ersten Maronibrater ihre \u00d6fen aufstellen. Im Winter, wenn die festlich beleuchteten gro\u00dfen und kleinen Adventm\u00e4rkte ihr Waren anbieten.\\r\\nSalzburg historisch\\r\\nSalzburg \u2013 zur R\u00f6merzeit bekannt als Juvavum \u2013 blickt auf eine lange, abwechslungsreiche Geschichte zur\u00fcck. Gegen Ende des 7. Jahrhunderts gegr\u00fcndet, stand Salzburg zu Beginn des 19. Jahrhundertsganz im Zeichen des \u201eWei\u00dfen Goldes\u201c. Das Salzburg vom D\u00fcrrnberg bei Hallein brachte der Stadt nicht nur ihren Namen sondern auch Reichtum und Wohlstand. So konnten die damaligen Landesherren, katholische F\u00fcrsterzbisch\u00f6fe, eine Metropole erbauen, die auch heute noch dank des italienischen Flair als das \u201eRom des Nordens\u201c bezeichnet wird.\\r\\nSalzburg als Touristenmagnet\\r\\nHeute zieht die Stadt allj\u00e4hrlich unz\u00e4hlige Touristen an, die sich von der Einzigartigkeit Salzburgers verzaubern lassen. Und man kann gut und gerne ein paar Tage hier verbringen ohne, dass es langweilig wird. Zahlreiche Sehensw\u00fcrdigkeiten, \u00fcber 4.000 kulturelle Veranstaltungen im Jahr zahlreiche Museen und Galerien, G\u00e4rten und Parks mit weitl\u00e4ufigen Gr\u00fcnfl\u00e4chen oder ein Einkaufsbummel durch die Altstadt sorgen f\u00fcr jede Menge Abwechslung.\\r\\nTop-Tipps f\u00fcr Sehensw\u00fcrdigkeiten und Museen\\r\\n\\r\\n \\tFestung Hohensalzburg\u00a0\\r\\n \\tMozarts Geburtshaus\u00a0\\r\\n \\tDomquartier\u00a0\\r\\n \\tKlosterbezirk St. Peter\u00a0\\r\\n \\tHaus der Natur\u00a0\\r\\n \\tMuseum der Moderne\u00a0\\r\\n \\tSchloss und Wasserspiele Hellbrunn\\r\\n\\r\\n\\r\\n\\r\\nTOP-Tipp: Die Salzburg Card erm\u00f6glicht unter anderem den kostenlosen Eintritt in Salzburgs Museen und Sehensw\u00fcrdigkeiten, die freie Fahrt mit dem Salzach-Schiff, der Festungsbahn und der Untersbergbahn sowie die kostenlose Ben\u00fctzung der \u00f6ffentlichen Verkehrsmittel. Besitzer einer Salzburg Card erhalten zudem zahlreiche Verg\u00fcnstigungen f\u00fcr Konzerte, Theaterbesuche oder Ausflugsziele in der Umgebung.\\r\\nSalzburg und die Musik\\r\\nSalzburg ist nat\u00fcrlich auch untrennbar mit Musik verbunden. Allen voran der am 27, J\u00e4nner 1756 in der Getreidegasse 9 geborene Wolfgang Amadeus Mozart. Hier \u00a0komponierte Mozart 350 seiner sch\u00f6nsten Werke. Mit seiner Musik pr\u00e4gte der bedeutendste und meist gespielte Komponist der Welt die Musikgeschichte auf unvergleichliche Weise. Zahleiche Musikveranstaltungen sind nach ihm benannt.\\r\\n\\r\\nMit \u00a0\u201eThe Sound of Music\u201c hat Salzburg auch Hollywood erobert. Der mit f\u00fcnf Oscars ausgezeichnete Film wurde in der Stadt Salzburg und in ihrer unmittelbaren Umgebung gedreht. Die Drehorte k\u00f6nnen bis heute besucht werden.\",\"main_type\":\"wl-place\",\"type\":[\"http:\/\/schema.org\/Place\"],\"image\":[\"https:\/\/www.salzburgerland.com\/de\/wp-content\/uploads\/2016\/08\/RS1107_DSC_6873_72_71_70_69_HDR_20151225_184449-lpr.jpg\"],\"sameas\":[\"http:\/\/wikidata.dbpedia.org\/resource\/Q34713\",\"http:\/\/rdf.freebase.com\/ns\/m.0b1mf\",\"http:\/\/data.nytimes.com\/3995006370028977851\",\"http:\/\/www.wikidata.org\/entity\/Q34713\",\"http:\/\/yago-knowledge.org\/resource\/Salzburg\",\"http:\/\/dbpedia.org\/resource\/Salzburg\",\"http:\/\/sws.geonames.org\/2766824\/\"]},\"http:\/\/open.salzburgerland.com\/de\/entity\/museum\":{\"uri\":\"http:\/\/open.salzburgerland.com\/de\/entity\/museum\",\"label\":\"Museum\",\"description\":\"Das Museum \u2013 urspr\u00fcnglich das Heiligtum der Musen, welche Schutzg\u00f6ttinnen der K\u00fcnste, Kultur und Wissenschaften waren) ist eine Institution, die eine Sammlung bedeutsamer und lehrreicher oder exemplarischer Gegenst\u00e4nde f\u00fcr die \u00d6ffentlichkeit aufbewahrt, kategorisiert, erforscht, und Teile davon ausstellt. Das Wort \u201eMuseum\u201c taucht zum ersten Mal in der hellenistischen Antike auf im 4. Jahrhundert v. Chr.\",\"main_type\":\"wl-thing\",\"type\":[\"http:\/\/schema.org\/Thing\"],\"image\":[],\"sameas\":[\"http:\/\/rdf.freebase.com\/ns\/m.09cmq\",\"http:\/\/www.wikidata.org\/entity\/Q33506\",\"http:\/\/data.nytimes.com\/48640879028153935200\",\"http:\/\/dbpedia.org\/resource\/Museum\",\"http:\/\/wikidata.dbpedia.org\/resource\/Q33506\"]}}","_wl_entity_redirect_enabled":"","footnotes":""},"categories":[9],"tags":[6709],"wl_entity_type":[306],"monatsauswahl":[82,83,84,85,86,87,88,89,90,91,92,93],"class_list":["post-134170","post","type-post","status-publish","format-standard","has-post-thumbnail","hentry","category-sehenswurdig","tag-salzburgerland-card","wl_entity_type-article","monatsauswahl-monat_1","monatsauswahl-monat_2","monatsauswahl-monat_3","monatsauswahl-monat_4","monatsauswahl-monat_5","monatsauswahl-monat_6","monatsauswahl-monat_7","monatsauswahl-monat_8","monatsauswahl-monat_9","monatsauswahl-monat_10","monatsauswahl-monat_11","monatsauswahl-monat_12"],"acf":[],"yoast_head":"<!-- This site is optimized with the Yoast SEO Premium plugin v27.4 (Yoast SEO v27.4) - https:\/\/yoast.com\/product\/yoast-seo-premium-wordpress\/ -->\n<title>Marionettenmuseum auf der Festung - SalzburgerLand Magazin<\/title>\n<meta name=\"description\" content=\"%\" \/>\n<meta name=\"robots\" content=\"index, follow, max-snippet:-1, max-image-preview:large, max-video-preview:-1\" \/>\n<link rel=\"canonical\" href=\"https:\/\/www.salzburgerland.com\/de\/magazin\/marionettenmuseum-auf-der-festung\/\" \/>\n<meta property=\"og:locale\" content=\"de_DE\" \/>\n<meta property=\"og:type\" content=\"article\" \/>\n<meta property=\"og:title\" content=\"Marionettenmuseum auf der Festung\" \/>\n<meta property=\"og:description\" content=\"%\" \/>\n<meta property=\"og:url\" content=\"https:\/\/www.salzburgerland.com\/de\/magazin\/marionettenmuseum-auf-der-festung\/\" \/>\n<meta property=\"og:site_name\" content=\"SalzburgerLand Magazin\" \/>\n<meta property=\"article:publisher\" content=\"https:\/\/www.facebook.com\/salzburgerland\/\" \/>\n<meta property=\"article:published_time\" content=\"2019-07-06T06:00:31+00:00\" \/>\n<meta property=\"article:modified_time\" content=\"2021-03-23T12:21:36+00:00\" \/>\n<meta property=\"og:image\" content=\"https:\/\/www.salzburgerland.com\/de\/magazin\/wp-content\/uploads\/2019\/06\/IMG_4673-1.jpg\" \/>\n\t<meta property=\"og:image:width\" content=\"1600\" \/>\n\t<meta property=\"og:image:height\" content=\"1200\" \/>\n\t<meta property=\"og:image:type\" content=\"image\/jpeg\" \/>\n<meta name=\"author\" content=\"Ulli Hammerl\" \/>\n<meta name=\"twitter:card\" content=\"summary_large_image\" \/>\n<meta name=\"twitter:creator\" content=\"@Salzburgerland\" \/>\n<meta name=\"twitter:site\" content=\"@Salzburgerland\" \/>\n<meta name=\"twitter:label1\" content=\"Verfasst von\" \/>\n\t<meta name=\"twitter:data1\" content=\"Ulli Hammerl\" \/>\n\t<meta name=\"twitter:label2\" content=\"Gesch\u00e4tzte Lesezeit\" \/>\n\t<meta name=\"twitter:data2\" content=\"4\u00a0Minuten\" \/>\n<script type=\"application\/ld+json\" class=\"yoast-schema-graph\">{\"@context\":\"https:\\\/\\\/schema.org\",\"@graph\":[{\"@type\":\"Article\",\"@id\":\"https:\\\/\\\/www.salzburgerland.com\\\/de\\\/magazin\\\/marionettenmuseum-auf-der-festung\\\/#article\",\"isPartOf\":{\"@id\":\"https:\\\/\\\/www.salzburgerland.com\\\/de\\\/magazin\\\/marionettenmuseum-auf-der-festung\\\/\"},\"author\":{\"name\":\"Ulli Hammerl\",\"@id\":\"https:\\\/\\\/www.salzburgerland.com\\\/de\\\/magazin\\\/#\\\/schema\\\/person\\\/a55a4fee1009b9e458d298480a18a9f7\"},\"headline\":\"Marionettenmuseum auf der Festung\",\"datePublished\":\"2019-07-06T06:00:31+00:00\",\"dateModified\":\"2021-03-23T12:21:36+00:00\",\"mainEntityOfPage\":{\"@id\":\"https:\\\/\\\/www.salzburgerland.com\\\/de\\\/magazin\\\/marionettenmuseum-auf-der-festung\\\/\"},\"wordCount\":320,\"commentCount\":0,\"publisher\":{\"@id\":\"https:\\\/\\\/www.salzburgerland.com\\\/de\\\/magazin\\\/#organization\"},\"image\":{\"@id\":\"https:\\\/\\\/www.salzburgerland.com\\\/de\\\/magazin\\\/marionettenmuseum-auf-der-festung\\\/#primaryimage\"},\"thumbnailUrl\":\"https:\\\/\\\/www.salzburgerland.com\\\/de\\\/magazin\\\/wp-content\\\/uploads\\\/2019\\\/06\\\/IMG_4673-1.jpg\",\"keywords\":[\"SalzburgerLand Card\"],\"articleSection\":[\"Sehensw\u00fcrdig\"],\"inLanguage\":\"de\",\"potentialAction\":[{\"@type\":\"CommentAction\",\"name\":\"Comment\",\"target\":[\"https:\\\/\\\/www.salzburgerland.com\\\/de\\\/magazin\\\/marionettenmuseum-auf-der-festung\\\/#respond\"]}]},{\"@type\":\"WebPage\",\"@id\":\"https:\\\/\\\/www.salzburgerland.com\\\/de\\\/magazin\\\/marionettenmuseum-auf-der-festung\\\/\",\"url\":\"https:\\\/\\\/www.salzburgerland.com\\\/de\\\/magazin\\\/marionettenmuseum-auf-der-festung\\\/\",\"name\":\"Marionettenmuseum auf der Festung - SalzburgerLand Magazin\",\"isPartOf\":{\"@id\":\"https:\\\/\\\/www.salzburgerland.com\\\/de\\\/magazin\\\/#website\"},\"primaryImageOfPage\":{\"@id\":\"https:\\\/\\\/www.salzburgerland.com\\\/de\\\/magazin\\\/marionettenmuseum-auf-der-festung\\\/#primaryimage\"},\"image\":{\"@id\":\"https:\\\/\\\/www.salzburgerland.com\\\/de\\\/magazin\\\/marionettenmuseum-auf-der-festung\\\/#primaryimage\"},\"thumbnailUrl\":\"https:\\\/\\\/www.salzburgerland.com\\\/de\\\/magazin\\\/wp-content\\\/uploads\\\/2019\\\/06\\\/IMG_4673-1.jpg\",\"datePublished\":\"2019-07-06T06:00:31+00:00\",\"dateModified\":\"2021-03-23T12:21:36+00:00\",\"description\":\"%\",\"breadcrumb\":{\"@id\":\"https:\\\/\\\/www.salzburgerland.com\\\/de\\\/magazin\\\/marionettenmuseum-auf-der-festung\\\/#breadcrumb\"},\"inLanguage\":\"de\",\"potentialAction\":[{\"@type\":\"ReadAction\",\"target\":[\"https:\\\/\\\/www.salzburgerland.com\\\/de\\\/magazin\\\/marionettenmuseum-auf-der-festung\\\/\"]}]},{\"@type\":\"ImageObject\",\"inLanguage\":\"de\",\"@id\":\"https:\\\/\\\/www.salzburgerland.com\\\/de\\\/magazin\\\/marionettenmuseum-auf-der-festung\\\/#primaryimage\",\"url\":\"https:\\\/\\\/www.salzburgerland.com\\\/de\\\/magazin\\\/wp-content\\\/uploads\\\/2019\\\/06\\\/IMG_4673-1.jpg\",\"contentUrl\":\"https:\\\/\\\/www.salzburgerland.com\\\/de\\\/magazin\\\/wp-content\\\/uploads\\\/2019\\\/06\\\/IMG_4673-1.jpg\",\"width\":1600,\"height\":1200},{\"@type\":\"BreadcrumbList\",\"@id\":\"https:\\\/\\\/www.salzburgerland.com\\\/de\\\/magazin\\\/marionettenmuseum-auf-der-festung\\\/#breadcrumb\",\"itemListElement\":[{\"@type\":\"ListItem\",\"position\":1,\"name\":\"Startseite\",\"item\":\"https:\\\/\\\/www.salzburgerland.com\\\/de\\\/magazin\\\/\"},{\"@type\":\"ListItem\",\"position\":2,\"name\":\"Sehensw\u00fcrdig\",\"item\":\"https:\\\/\\\/www.salzburgerland.com\\\/de\\\/magazin\\\/thema\\\/sehenswurdig\\\/\"},{\"@type\":\"ListItem\",\"position\":3,\"name\":\"Marionettenmuseum auf der Festung\"}]},{\"@type\":\"WebSite\",\"@id\":\"https:\\\/\\\/www.salzburgerland.com\\\/de\\\/magazin\\\/#website\",\"url\":\"https:\\\/\\\/www.salzburgerland.com\\\/de\\\/magazin\\\/\",\"name\":\"SalzburgerLand Magazin\",\"description\":\"Geschichten und Interessantes aus dem SalzburgerLand\",\"publisher\":{\"@id\":\"https:\\\/\\\/www.salzburgerland.com\\\/de\\\/magazin\\\/#organization\"},\"potentialAction\":[{\"@type\":\"SearchAction\",\"target\":{\"@type\":\"EntryPoint\",\"urlTemplate\":\"https:\\\/\\\/www.salzburgerland.com\\\/de\\\/magazin\\\/?s={search_term_string}\"},\"query-input\":{\"@type\":\"PropertyValueSpecification\",\"valueRequired\":true,\"valueName\":\"search_term_string\"}}],\"inLanguage\":\"de\"},{\"@type\":\"Organization\",\"@id\":\"https:\\\/\\\/www.salzburgerland.com\\\/de\\\/magazin\\\/#organization\",\"name\":\"SalzburgerLand Tourismus\",\"url\":\"https:\\\/\\\/www.salzburgerland.com\\\/de\\\/magazin\\\/\",\"logo\":{\"@type\":\"ImageObject\",\"inLanguage\":\"de\",\"@id\":\"https:\\\/\\\/www.salzburgerland.com\\\/de\\\/magazin\\\/#\\\/schema\\\/logo\\\/image\\\/\",\"url\":\"https:\\\/\\\/www.salzburgerland.com\\\/de\\\/magazin\\\/wp-content\\\/uploads\\\/2019\\\/06\\\/salzburgerland-logo1.jpg\",\"contentUrl\":\"https:\\\/\\\/www.salzburgerland.com\\\/de\\\/magazin\\\/wp-content\\\/uploads\\\/2019\\\/06\\\/salzburgerland-logo1.jpg\",\"width\":2011,\"height\":866,\"caption\":\"SalzburgerLand Tourismus\"},\"image\":{\"@id\":\"https:\\\/\\\/www.salzburgerland.com\\\/de\\\/magazin\\\/#\\\/schema\\\/logo\\\/image\\\/\"},\"sameAs\":[\"https:\\\/\\\/www.facebook.com\\\/salzburgerland\\\/\",\"https:\\\/\\\/x.com\\\/Salzburgerland\",\"https:\\\/\\\/www.instagram.com\\\/salzburgerland\\\/\",\"https:\\\/\\\/at.linkedin.com\\\/company\\\/salzburgerland-tourismus-gmbh\",\"https:\\\/\\\/www.pinterest.at\\\/salzburgerland\\\/\",\"https:\\\/\\\/www.youtube.com\\\/user\\\/salzburgerland\",\"https:\\\/\\\/de.wikipedia.org\\\/wiki\\\/SalzburgerLand_Tourismus_GmbH\"]},{\"@type\":\"Person\",\"@id\":\"https:\\\/\\\/www.salzburgerland.com\\\/de\\\/magazin\\\/#\\\/schema\\\/person\\\/a55a4fee1009b9e458d298480a18a9f7\",\"name\":\"Ulli Hammerl\",\"description\":\"Geboren und aufgewachsen in der Stadt Salzburg war Ulli Hammerl fr\u00fch bewusst, in einer der sch\u00f6nsten St\u00e4dte der Welt zu leben. So ist sie auch w\u00e4hrend ihres Studiums der Kommunikationswissenschaft und \u00d6kologie ihrer Heimatstadt treu geblieben. Gleich nach dem Studium ist sie zu SalzburgerLand Tourismus (SLTG) gegangen und hat hier von 1998 - 2004 u.a. die SalzburgerLand Card betreut. Dabei ist sie viel herumgekommen, wodurch auch die Liebe zum SalzburgerLand enstanden und gewachsen ist. Nach der Geburt ihrer Tochter im September 2004 hat sich Ulli Hammerl 2007 mit einer Agentur selbst\u00e4ndig gemacht. Mein pers\u00f6nlicher Logenplatz: Hoch \u00fcber Salzburg, abseits der stark begangenen Wege mit Blick auf die D\u00e4cher und Kircht\u00fcrme der Stadt \u2013 hier geht mir das Herz auf! Morgen- oder Abendmensch: Ganz klar: Morgenmensch. Wenn um 5.00 Uhr fr\u00fch die V\u00f6gel zwitschern und rund herum noch alles in tiefer Ruhe versinkt, dann ist meine Zeit. Ausgeschlafen, Energie geladen und voller Tatendrang starte ich am liebsten in den fr\u00fchen Morgenstunden in den Tag. Daf\u00fcr kann man nach 21.00 Uhr nicht mehr mit mir rechnen. Buch oder Film: Es gibt nichts Sch\u00f6neres, als es sich am Ende des Tages auf der Couch gem\u00fctlich zu machen und in die Gedankenwelt eines guten Buches einzutauchen \u2013 Lesen ist Abenteuer im Kopf. Wandern, Spazierengehen oder Laufen: alles drei und zwar am besten jeden Tag. Mit ein bisschen Zeiteinteilung geht es sich tats\u00e4chlich fast gehen Tag aus, drau\u00dfen unterwegs zu sein. Fr\u00fchling, Sommer, Herbst oder Winter: Ich kann es im Fr\u00fchling kaum erwarten, die ersten Gr\u00fcnschattierungen in der Natur zu entdecken. Ich liebe hei\u00dfe Sommertage am See und laue Sommerabende am Balkon. Ich mag es, wenn im Herbst die W\u00e4lder in einem Meer aus Farben erstrahlen, Laubrascheln und Kastanien sammeln. Und ich freue mich wie ein Kind, wenn im Dezember die ersten Schneeflocken vom Himmel schweben. Die vier Jahreszeiten sind etwas Wunderbares.\",\"url\":\"https:\\\/\\\/www.salzburgerland.com\\\/de\\\/magazin\\\/author\\\/ulli-hammerl\\\/\"}]}<\/script>\n<!-- \/ Yoast SEO Premium plugin. -->","yoast_head_json":{"title":"Marionettenmuseum auf der Festung - SalzburgerLand Magazin","description":"%","robots":{"index":"index","follow":"follow","max-snippet":"max-snippet:-1","max-image-preview":"max-image-preview:large","max-video-preview":"max-video-preview:-1"},"canonical":"https:\/\/www.salzburgerland.com\/de\/magazin\/marionettenmuseum-auf-der-festung\/","og_locale":"de_DE","og_type":"article","og_title":"Marionettenmuseum auf der Festung","og_description":"%","og_url":"https:\/\/www.salzburgerland.com\/de\/magazin\/marionettenmuseum-auf-der-festung\/","og_site_name":"SalzburgerLand Magazin","article_publisher":"https:\/\/www.facebook.com\/salzburgerland\/","article_published_time":"2019-07-06T06:00:31+00:00","article_modified_time":"2021-03-23T12:21:36+00:00","og_image":[{"width":1600,"height":1200,"url":"https:\/\/www.salzburgerland.com\/de\/magazin\/wp-content\/uploads\/2019\/06\/IMG_4673-1.jpg","type":"image\/jpeg"}],"author":"Ulli Hammerl","twitter_card":"summary_large_image","twitter_creator":"@Salzburgerland","twitter_site":"@Salzburgerland","twitter_misc":{"Verfasst von":"Ulli Hammerl","Gesch\u00e4tzte Lesezeit":"4\u00a0Minuten"},"schema":{"@context":"https:\/\/schema.org","@graph":[{"@type":"Article","@id":"https:\/\/www.salzburgerland.com\/de\/magazin\/marionettenmuseum-auf-der-festung\/#article","isPartOf":{"@id":"https:\/\/www.salzburgerland.com\/de\/magazin\/marionettenmuseum-auf-der-festung\/"},"author":{"name":"Ulli Hammerl","@id":"https:\/\/www.salzburgerland.com\/de\/magazin\/#\/schema\/person\/a55a4fee1009b9e458d298480a18a9f7"},"headline":"Marionettenmuseum auf der Festung","datePublished":"2019-07-06T06:00:31+00:00","dateModified":"2021-03-23T12:21:36+00:00","mainEntityOfPage":{"@id":"https:\/\/www.salzburgerland.com\/de\/magazin\/marionettenmuseum-auf-der-festung\/"},"wordCount":320,"commentCount":0,"publisher":{"@id":"https:\/\/www.salzburgerland.com\/de\/magazin\/#organization"},"image":{"@id":"https:\/\/www.salzburgerland.com\/de\/magazin\/marionettenmuseum-auf-der-festung\/#primaryimage"},"thumbnailUrl":"https:\/\/www.salzburgerland.com\/de\/magazin\/wp-content\/uploads\/2019\/06\/IMG_4673-1.jpg","keywords":["SalzburgerLand Card"],"articleSection":["Sehensw\u00fcrdig"],"inLanguage":"de","potentialAction":[{"@type":"CommentAction","name":"Comment","target":["https:\/\/www.salzburgerland.com\/de\/magazin\/marionettenmuseum-auf-der-festung\/#respond"]}]},{"@type":"WebPage","@id":"https:\/\/www.salzburgerland.com\/de\/magazin\/marionettenmuseum-auf-der-festung\/","url":"https:\/\/www.salzburgerland.com\/de\/magazin\/marionettenmuseum-auf-der-festung\/","name":"Marionettenmuseum auf der Festung - SalzburgerLand Magazin","isPartOf":{"@id":"https:\/\/www.salzburgerland.com\/de\/magazin\/#website"},"primaryImageOfPage":{"@id":"https:\/\/www.salzburgerland.com\/de\/magazin\/marionettenmuseum-auf-der-festung\/#primaryimage"},"image":{"@id":"https:\/\/www.salzburgerland.com\/de\/magazin\/marionettenmuseum-auf-der-festung\/#primaryimage"},"thumbnailUrl":"https:\/\/www.salzburgerland.com\/de\/magazin\/wp-content\/uploads\/2019\/06\/IMG_4673-1.jpg","datePublished":"2019-07-06T06:00:31+00:00","dateModified":"2021-03-23T12:21:36+00:00","description":"%","breadcrumb":{"@id":"https:\/\/www.salzburgerland.com\/de\/magazin\/marionettenmuseum-auf-der-festung\/#breadcrumb"},"inLanguage":"de","potentialAction":[{"@type":"ReadAction","target":["https:\/\/www.salzburgerland.com\/de\/magazin\/marionettenmuseum-auf-der-festung\/"]}]},{"@type":"ImageObject","inLanguage":"de","@id":"https:\/\/www.salzburgerland.com\/de\/magazin\/marionettenmuseum-auf-der-festung\/#primaryimage","url":"https:\/\/www.salzburgerland.com\/de\/magazin\/wp-content\/uploads\/2019\/06\/IMG_4673-1.jpg","contentUrl":"https:\/\/www.salzburgerland.com\/de\/magazin\/wp-content\/uploads\/2019\/06\/IMG_4673-1.jpg","width":1600,"height":1200},{"@type":"BreadcrumbList","@id":"https:\/\/www.salzburgerland.com\/de\/magazin\/marionettenmuseum-auf-der-festung\/#breadcrumb","itemListElement":[{"@type":"ListItem","position":1,"name":"Startseite","item":"https:\/\/www.salzburgerland.com\/de\/magazin\/"},{"@type":"ListItem","position":2,"name":"Sehensw\u00fcrdig","item":"https:\/\/www.salzburgerland.com\/de\/magazin\/thema\/sehenswurdig\/"},{"@type":"ListItem","position":3,"name":"Marionettenmuseum auf der Festung"}]},{"@type":"WebSite","@id":"https:\/\/www.salzburgerland.com\/de\/magazin\/#website","url":"https:\/\/www.salzburgerland.com\/de\/magazin\/","name":"SalzburgerLand Magazin","description":"Geschichten und Interessantes aus dem SalzburgerLand","publisher":{"@id":"https:\/\/www.salzburgerland.com\/de\/magazin\/#organization"},"potentialAction":[{"@type":"SearchAction","target":{"@type":"EntryPoint","urlTemplate":"https:\/\/www.salzburgerland.com\/de\/magazin\/?s={search_term_string}"},"query-input":{"@type":"PropertyValueSpecification","valueRequired":true,"valueName":"search_term_string"}}],"inLanguage":"de"},{"@type":"Organization","@id":"https:\/\/www.salzburgerland.com\/de\/magazin\/#organization","name":"SalzburgerLand Tourismus","url":"https:\/\/www.salzburgerland.com\/de\/magazin\/","logo":{"@type":"ImageObject","inLanguage":"de","@id":"https:\/\/www.salzburgerland.com\/de\/magazin\/#\/schema\/logo\/image\/","url":"https:\/\/www.salzburgerland.com\/de\/magazin\/wp-content\/uploads\/2019\/06\/salzburgerland-logo1.jpg","contentUrl":"https:\/\/www.salzburgerland.com\/de\/magazin\/wp-content\/uploads\/2019\/06\/salzburgerland-logo1.jpg","width":2011,"height":866,"caption":"SalzburgerLand Tourismus"},"image":{"@id":"https:\/\/www.salzburgerland.com\/de\/magazin\/#\/schema\/logo\/image\/"},"sameAs":["https:\/\/www.facebook.com\/salzburgerland\/","https:\/\/x.com\/Salzburgerland","https:\/\/www.instagram.com\/salzburgerland\/","https:\/\/at.linkedin.com\/company\/salzburgerland-tourismus-gmbh","https:\/\/www.pinterest.at\/salzburgerland\/","https:\/\/www.youtube.com\/user\/salzburgerland","https:\/\/de.wikipedia.org\/wiki\/SalzburgerLand_Tourismus_GmbH"]},{"@type":"Person","@id":"https:\/\/www.salzburgerland.com\/de\/magazin\/#\/schema\/person\/a55a4fee1009b9e458d298480a18a9f7","name":"Ulli Hammerl","description":"Geboren und aufgewachsen in der Stadt Salzburg war Ulli Hammerl fr\u00fch bewusst, in einer der sch\u00f6nsten St\u00e4dte der Welt zu leben. So ist sie auch w\u00e4hrend ihres Studiums der Kommunikationswissenschaft und \u00d6kologie ihrer Heimatstadt treu geblieben. Gleich nach dem Studium ist sie zu SalzburgerLand Tourismus (SLTG) gegangen und hat hier von 1998 - 2004 u.a. die SalzburgerLand Card betreut. Dabei ist sie viel herumgekommen, wodurch auch die Liebe zum SalzburgerLand enstanden und gewachsen ist. Nach der Geburt ihrer Tochter im September 2004 hat sich Ulli Hammerl 2007 mit einer Agentur selbst\u00e4ndig gemacht. Mein pers\u00f6nlicher Logenplatz: Hoch \u00fcber Salzburg, abseits der stark begangenen Wege mit Blick auf die D\u00e4cher und Kircht\u00fcrme der Stadt \u2013 hier geht mir das Herz auf! Morgen- oder Abendmensch: Ganz klar: Morgenmensch. Wenn um 5.00 Uhr fr\u00fch die V\u00f6gel zwitschern und rund herum noch alles in tiefer Ruhe versinkt, dann ist meine Zeit. Ausgeschlafen, Energie geladen und voller Tatendrang starte ich am liebsten in den fr\u00fchen Morgenstunden in den Tag. Daf\u00fcr kann man nach 21.00 Uhr nicht mehr mit mir rechnen. Buch oder Film: Es gibt nichts Sch\u00f6neres, als es sich am Ende des Tages auf der Couch gem\u00fctlich zu machen und in die Gedankenwelt eines guten Buches einzutauchen \u2013 Lesen ist Abenteuer im Kopf. Wandern, Spazierengehen oder Laufen: alles drei und zwar am besten jeden Tag. Mit ein bisschen Zeiteinteilung geht es sich tats\u00e4chlich fast gehen Tag aus, drau\u00dfen unterwegs zu sein. Fr\u00fchling, Sommer, Herbst oder Winter: Ich kann es im Fr\u00fchling kaum erwarten, die ersten Gr\u00fcnschattierungen in der Natur zu entdecken. Ich liebe hei\u00dfe Sommertage am See und laue Sommerabende am Balkon. Ich mag es, wenn im Herbst die W\u00e4lder in einem Meer aus Farben erstrahlen, Laubrascheln und Kastanien sammeln. Und ich freue mich wie ein Kind, wenn im Dezember die ersten Schneeflocken vom Himmel schweben. Die vier Jahreszeiten sind etwas Wunderbares.","url":"https:\/\/www.salzburgerland.com\/de\/magazin\/author\/ulli-hammerl\/"}]}},"_wl_alt_label":[],"wl:entity_url":"http:\/\/open.salzburgerland.com\/magazin\/post\/marionettenmuseum_auf_der_festung","_links":{"self":[{"href":"https:\/\/www.salzburgerland.com\/de\/magazin\/wp-json\/wp\/v2\/posts\/134170","targetHints":{"allow":["GET"]}}],"collection":[{"href":"https:\/\/www.salzburgerland.com\/de\/magazin\/wp-json\/wp\/v2\/posts"}],"about":[{"href":"https:\/\/www.salzburgerland.com\/de\/magazin\/wp-json\/wp\/v2\/types\/post"}],"author":[{"embeddable":true,"href":"https:\/\/www.salzburgerland.com\/de\/magazin\/wp-json\/wp\/v2\/users\/90"}],"replies":[{"embeddable":true,"href":"https:\/\/www.salzburgerland.com\/de\/magazin\/wp-json\/wp\/v2\/comments?post=134170"}],"version-history":[{"count":1,"href":"https:\/\/www.salzburgerland.com\/de\/magazin\/wp-json\/wp\/v2\/posts\/134170\/revisions"}],"predecessor-version":[{"id":151387,"href":"https:\/\/www.salzburgerland.com\/de\/magazin\/wp-json\/wp\/v2\/posts\/134170\/revisions\/151387"}],"wp:featuredmedia":[{"embeddable":true,"href":"https:\/\/www.salzburgerland.com\/de\/magazin\/wp-json\/wp\/v2\/media\/131381"}],"wp:attachment":[{"href":"https:\/\/www.salzburgerland.com\/de\/magazin\/wp-json\/wp\/v2\/media?parent=134170"}],"wp:term":[{"taxonomy":"category","embeddable":true,"href":"https:\/\/www.salzburgerland.com\/de\/magazin\/wp-json\/wp\/v2\/categories?post=134170"},{"taxonomy":"post_tag","embeddable":true,"href":"https:\/\/www.salzburgerland.com\/de\/magazin\/wp-json\/wp\/v2\/tags?post=134170"},{"taxonomy":"wl_entity_type","embeddable":true,"href":"https:\/\/www.salzburgerland.com\/de\/magazin\/wp-json\/wp\/v2\/wl_entity_type?post=134170"},{"taxonomy":"monatsauswahl","embeddable":true,"href":"https:\/\/www.salzburgerland.com\/de\/magazin\/wp-json\/wp\/v2\/monatsauswahl?post=134170"}],"curies":[{"name":"wp","href":"https:\/\/api.w.org\/{rel}","templated":true}]}}