{"id":134045,"date":"2019-06-27T08:00:20","date_gmt":"2019-06-27T06:00:20","guid":{"rendered":"https:\/\/www.salzburgerland.com\/de\/magazin\/?p=130661"},"modified":"2025-07-08T13:23:46","modified_gmt":"2025-07-08T11:23:46","slug":"durch-die-sigmund-thun-klamm-zum-klammsee-in-kaprun","status":"publish","type":"post","link":"https:\/\/www.salzburgerland.com\/de\/magazin\/durch-die-sigmund-thun-klamm-zum-klammsee-in-kaprun\/","title":{"rendered":"Die Sigmund Thun Klamm in Kaprun"},"content":{"rendered":"\n<h2 class=\"wp-block-slt-subtitle\">Durch Klamm zum Klammsee in Kaprun<\/h2>\n\n\n\n<p class=\"wp-block-slt-intro\">Ein weitl\u00e4ufiges Panorama wie auf dem <a rel=\"noreferrer noopener\" href=\"https:\/\/www.salzburgerland.com\/de\/magazin\/gipfelwelt-3000-naturerlebnis-am-kitzsteinhorn\/\" target=\"_blank\">Kitzsteinhorn<\/a> hat sie nicht zu bieten, aber mindestens genauso beeindruckend sind die hoch aufragenden, schroffen und glatt geschliffenen Felsw\u00e4nde der Sigmund Thun Klamm. Wer nach Kaprun kommt, darf sich dieses Naturph\u00e4nomen auf keinen Fall entgehen lassen.<\/p>\n\n\n\n<p>Es tost, es sprudelt, es sch\u00e4umt. Von oben tropft das Wasser auf den Kopf, weiter vorne st\u00fcrzt es sich die Felsw\u00e4nde hinunter, unten bahnt es sich unbarmherzig den Weg durch die enge Schlucht. Wir befinden uns in der <a href=\"https:\/\/www.klamm-kaprun.at\/\" target=\"_blank\" rel=\"noreferrer noopener\">Sigmund Thun Klamm<\/a> in Kaprun. Teilweise kann man das eigene Wort kaum verstehen, aber das muss man auch nicht. Lieber Kapuze dr\u00fcberziehen, gut am Gel\u00e4nder festhalten und sich darauf einlassen, was einem die Felsen und das Wasser hier zu erz\u00e4hlen haben.<\/p>\n\n\n\n<figure class=\"wp-block-image size-full\"><img loading=\"lazy\" decoding=\"async\" width=\"1600\" height=\"1071\" src=\"https:\/\/www.salzburgerland.com\/de\/magazin\/wp-content\/uploads\/2019\/05\/DSC_7128.jpg\" alt=\"Klamm Kaprun\" class=\"wp-image-130741\" srcset=\"https:\/\/www.salzburgerland.com\/de\/magazin\/wp-content\/uploads\/2019\/05\/DSC_7128.jpg 1600w, https:\/\/www.salzburgerland.com\/de\/magazin\/wp-content\/uploads\/2019\/05\/DSC_7128-300x201.jpg 300w, https:\/\/www.salzburgerland.com\/de\/magazin\/wp-content\/uploads\/2019\/05\/DSC_7128-822x550.jpg 822w, https:\/\/www.salzburgerland.com\/de\/magazin\/wp-content\/uploads\/2019\/05\/DSC_7128-598x400.jpg 598w, https:\/\/www.salzburgerland.com\/de\/magazin\/wp-content\/uploads\/2019\/05\/DSC_7128-1320x884.jpg 1320w\" sizes=\"auto, (max-width: 1600px) 100vw, 1600px\" \/><figcaption class=\"wp-element-caption\">\u00a9 Regina Langreiter<\/figcaption><\/figure>\n\n\n\n<h2 class=\"wp-block-heading\" id=\"h-tosende-und-machtige-fluten\"><strong>Tosende und m\u00e4chtige Fluten<\/strong><\/h2>\n\n\n\n<p>Bis zum Mai laufen die Vorbereitungen in der Klamm jedes Jahr auf Hochtouren, denn die flei\u00dfigen Helfer m\u00fcssen den Holzsteg wieder errichten, den sie sieben Monate zuvor abgebaut haben. Vor 14.000 Jahren gab es da noch nicht so viel zu tun. Damals lag Kaprun unter einer Gletscherdecke. Als diese schlie\u00dflich abschmolz, blieb ein Taleinschnitt im Massiv des Mais- und B\u00fcrgkogels zur\u00fcck, durch den sich das tosende Wildwasser seinen Weg bahnte. Der Kapruner Tourismus-Pionier Nikolaus Gassner erkannte 1893 die Besonderheit dieses Naturschauspiels und erschloss die Klamm mit einer Steganlage.<\/p>\n\n\n\n<p>Ihren Namen erhielt die Klamm vom damaligen Stadthalter von Salzburg, Sigmund Graf von Thun. Bei seinem ersten Klammbesuch zeigte er sich sehr beeindruckt und schilderte das Erlebte mit den Worten: \u201eTosend und m\u00e4chtig str\u00f6men uns die Fluthen entgegen.\u201c Vier Jahrzehnte sp\u00e4ter wurde die Sigmund-Thun-Klamm zum Naturdenkmal erkl\u00e4rt, musste wenige Jahre danach jedoch aufgrund starker Bauf\u00e4lligkeit geschlossen werden.<\/p>\n\n\n\n<p>Erst 1992 sollte es wieder so weit sein: Der Kapruner VSF (Verein zur Schaffung spezieller Fremdenverkehrseinrichtungen) errichtete die Steganlage neu und \u00f6ffnete die Klamm wieder f\u00fcr Besucher aus aller Welt.<\/p>\n\n\n<div class=\"mag-gallery\"><div class=\"row\"><div class=\"col-6 col-sm-4\"><figure><a class=\"thumb-container\" href=\"https:\/\/www.salzburgerland.com\/de\/magazin\/wp-content\/uploads\/2019\/05\/DSC_7116-1280x1024.jpg\">\t<picture><source media=\"(min-width: 576px)\" srcset=\"https:\/\/www.salzburgerland.com\/de\/magazin\/wp-content\/uploads\/2019\/05\/DSC_7116-325x209.jpg 325w, https:\/\/www.salzburgerland.com\/de\/magazin\/wp-content\/uploads\/2019\/05\/DSC_7116-249x160.jpg 249w\"><\/source><source media=\"(min-width: 0)\" srcset=\"https:\/\/www.salzburgerland.com\/de\/magazin\/wp-content\/uploads\/2019\/05\/DSC_7116-249x160.jpg 249w, https:\/\/www.salzburgerland.com\/de\/magazin\/wp-content\/uploads\/2019\/05\/DSC_7116-325x209.jpg 325w\"><\/source><img decoding=\"async\" alt=\"Sigmund Thun Klamm\" src=\"https:\/\/www.salzburgerland.com\/de\/magazin\/wp-content\/uploads\/2019\/05\/DSC_7116.jpg\">\t<\/picture><\/a><\/figure><\/div><div class=\"col-6 col-sm-4\"><figure><a class=\"thumb-container\" href=\"https:\/\/www.salzburgerland.com\/de\/magazin\/wp-content\/uploads\/2019\/05\/DSC_7127-1280x1024.jpg\">\t<picture><source media=\"(min-width: 576px)\" srcset=\"https:\/\/www.salzburgerland.com\/de\/magazin\/wp-content\/uploads\/2019\/05\/DSC_7127-325x209.jpg 325w, https:\/\/www.salzburgerland.com\/de\/magazin\/wp-content\/uploads\/2019\/05\/DSC_7127-249x160.jpg 249w\"><\/source><source media=\"(min-width: 0)\" srcset=\"https:\/\/www.salzburgerland.com\/de\/magazin\/wp-content\/uploads\/2019\/05\/DSC_7127-249x160.jpg 249w, https:\/\/www.salzburgerland.com\/de\/magazin\/wp-content\/uploads\/2019\/05\/DSC_7127-325x209.jpg 325w\"><\/source><img decoding=\"async\" alt=\"\" src=\"https:\/\/www.salzburgerland.com\/de\/magazin\/wp-content\/uploads\/2019\/05\/DSC_7127.jpg\">\t<\/picture><\/a><\/figure><\/div><div class=\"col-6 col-sm-4\"><figure><a class=\"thumb-container\" href=\"https:\/\/www.salzburgerland.com\/de\/magazin\/wp-content\/uploads\/2019\/05\/DSC_7134-1280x1024.jpg\">\t<picture><source media=\"(min-width: 576px)\" srcset=\"\"><\/source><source media=\"(min-width: 0)\" srcset=\"https:\/\/www.salzburgerland.com\/de\/magazin\/wp-content\/uploads\/2019\/05\/DSC_7134.jpg 1071w, https:\/\/www.salzburgerland.com\/de\/magazin\/wp-content\/uploads\/2019\/05\/DSC_7134-201x300.jpg 201w, https:\/\/www.salzburgerland.com\/de\/magazin\/wp-content\/uploads\/2019\/05\/DSC_7134-368x550.jpg 368w, https:\/\/www.salzburgerland.com\/de\/magazin\/wp-content\/uploads\/2019\/05\/DSC_7134-268x400.jpg 268w\"><\/source><img decoding=\"async\" alt=\"\" src=\"https:\/\/www.salzburgerland.com\/de\/magazin\/wp-content\/uploads\/2019\/05\/DSC_7134.jpg\">\t<\/picture><\/a><\/figure><\/div><\/div><figcaption>&copy; Regina Langreiter<\/figcaption><\/div>\n\n\n\n<h2 class=\"wp-block-heading\" id=\"h-mitten-durch-die-sigmund-thun-klamm\"><strong>Mitten durch die Sigmund-Thun-Klamm<\/strong><\/h2>\n\n\n\n<p>Wir sind nun mittendrin in der Klamm. Die mystische Stimmung, ein Wechselspiel aus G\u00e4nsehaut-Feeling und schlichter Sch\u00f6nheit, begleitet uns die Holzstufen hinauf. Oben kitzelt die Sonne den Fels, darunter das Rauschen und die k\u00fchle, aber sehr lebendige Atmosph\u00e4re der Klamm. Bis zu 32 Meter tief hat sich das Wasser in den Fels hineingearbeitet und glatt geschliffene Felsw\u00e4nde hinterlassen, die jeden Steinmetz vor Neid erblassen lassen. Insgesamt 320 Meter geht es mit nur leichter Steigung durch die Schlucht, weshalb sich die Sigmund-Thun-Klamm als Ausflugsziel mit Kindern sehr gut eignet.<\/p>\n\n\n\n<p>Vorbei an den dunklen, gl\u00e4nzenden Felsw\u00e4nden, vorbei an Klammgeist und Klammhexe \u2013 markanten Steinformationen, die Gesichtern \u00e4hneln \u2013 f\u00fchrt uns der Holzsteg viel zu schnell Richtung Ausgang. Aber halt, jetzt noch nicht den R\u00fcckweg nehmen, sondern ein paar Schritte weitergehen und sich am wundersch\u00f6nen Klammsee erfreuen!<\/p>\n\n\n\n<figure class=\"wp-block-image size-full\"><img loading=\"lazy\" decoding=\"async\" width=\"1600\" height=\"1071\" src=\"https:\/\/www.salzburgerland.com\/de\/magazin\/wp-content\/uploads\/2019\/05\/DSC_7142.jpg\" alt=\"Klammsee Kaprun\" class=\"wp-image-130745\" srcset=\"https:\/\/www.salzburgerland.com\/de\/magazin\/wp-content\/uploads\/2019\/05\/DSC_7142.jpg 1600w, https:\/\/www.salzburgerland.com\/de\/magazin\/wp-content\/uploads\/2019\/05\/DSC_7142-300x201.jpg 300w, https:\/\/www.salzburgerland.com\/de\/magazin\/wp-content\/uploads\/2019\/05\/DSC_7142-822x550.jpg 822w, https:\/\/www.salzburgerland.com\/de\/magazin\/wp-content\/uploads\/2019\/05\/DSC_7142-598x400.jpg 598w, https:\/\/www.salzburgerland.com\/de\/magazin\/wp-content\/uploads\/2019\/05\/DSC_7142-1320x884.jpg 1320w\" sizes=\"auto, (max-width: 1600px) 100vw, 1600px\" \/><figcaption class=\"wp-element-caption\">\u00a9 Regina Langreiter &#8211; Der Klammsee<\/figcaption><\/figure>\n\n\n\n<h2 class=\"wp-block-heading\" id=\"h-kein-klammbesuch-ohne-abstecher-zum-klammsee\"><strong>Kein Klammbesuch ohne Abstecher zum Klammsee<\/strong><\/h2>\n\n\n\n<p>Die enge Schlucht \u00f6ffnet sich und gibt den Blick frei auf den Klammsee und die umliegenden Berge. Wir h\u00e4ngen noch eine Runde um den See dran und k\u00f6nnen uns an der ergr\u00fcnenden Natur und dem Wasser, das von glasklar \u00fcber t\u00fcrkisblau bis dunkelgrau in allen Facetten schillert, kaum satt sehen. Einige Jogger und Nordic Walker nutzen den warmen Fr\u00fchlingstag f\u00fcr ihr Training. Wir gehen es gem\u00fctlicher an und machen an einigen Infotafeln halt, die die Tier- und Pflanzenwelt der Region n\u00e4her erkl\u00e4ren.<\/p>\n\n\n\n<p>Auf der anderen Uferseite angekommen, schw\u00e4rmen die Kinder sofort zum Kinderspielplatz aus und versuchen sich am Fitnessparcours. Im Klammst\u00fcberl in herrlicher Sonnenlage kann man gem\u00fctlich Kaffee schl\u00fcrfen, Eis schlecken oder sich eine frisch ger\u00e4ucherte Forelle schmecken lassen. Wer seine Lebensgeister wecken will, begibt sich am besten in den seichten Zufluss zum Klammsee. Die nat\u00fcrliche Kneippanlage erfrischt mit klarem Gebirgswasser und belebt m\u00fcde Beine. Nach der abgeschlossenen Seerunde geht es \u00fcber den breiten Fu\u00dfweg oder wahlweise \u00fcber einen Pfad wieder zur\u00fcck zum Parkplatz.<\/p>\n\n\n<div class=\"mag-gallery\"><div class=\"row\"><div class=\"col-6 col-sm-4\"><figure><a class=\"thumb-container\" href=\"https:\/\/www.salzburgerland.com\/de\/magazin\/wp-content\/uploads\/2019\/05\/DSC_7155-1280x1024.jpg\">\t<picture><source media=\"(min-width: 576px)\" srcset=\"https:\/\/www.salzburgerland.com\/de\/magazin\/wp-content\/uploads\/2019\/05\/DSC_7155-325x209.jpg 325w, https:\/\/www.salzburgerland.com\/de\/magazin\/wp-content\/uploads\/2019\/05\/DSC_7155-249x160.jpg 249w\"><\/source><source media=\"(min-width: 0)\" srcset=\"https:\/\/www.salzburgerland.com\/de\/magazin\/wp-content\/uploads\/2019\/05\/DSC_7155-249x160.jpg 249w, https:\/\/www.salzburgerland.com\/de\/magazin\/wp-content\/uploads\/2019\/05\/DSC_7155-325x209.jpg 325w\"><\/source><img decoding=\"async\" alt=\"Klammsee Sigmund Thun Klamm Kaprun\" src=\"https:\/\/www.salzburgerland.com\/de\/magazin\/wp-content\/uploads\/2019\/05\/DSC_7155.jpg\">\t<\/picture><\/a><\/figure><\/div><div class=\"col-6 col-sm-4\"><figure><a class=\"thumb-container\" href=\"https:\/\/www.salzburgerland.com\/de\/magazin\/wp-content\/uploads\/2019\/05\/DSC_7162-1280x1024.jpg\">\t<picture><source media=\"(min-width: 576px)\" srcset=\"https:\/\/www.salzburgerland.com\/de\/magazin\/wp-content\/uploads\/2019\/05\/DSC_7162-325x209.jpg 325w, https:\/\/www.salzburgerland.com\/de\/magazin\/wp-content\/uploads\/2019\/05\/DSC_7162-249x160.jpg 249w\"><\/source><source media=\"(min-width: 0)\" srcset=\"https:\/\/www.salzburgerland.com\/de\/magazin\/wp-content\/uploads\/2019\/05\/DSC_7162-249x160.jpg 249w, https:\/\/www.salzburgerland.com\/de\/magazin\/wp-content\/uploads\/2019\/05\/DSC_7162-325x209.jpg 325w\"><\/source><img decoding=\"async\" alt=\"\" src=\"https:\/\/www.salzburgerland.com\/de\/magazin\/wp-content\/uploads\/2019\/05\/DSC_7162.jpg\">\t<\/picture><\/a><\/figure><\/div><div class=\"col-6 col-sm-4\"><figure><a class=\"thumb-container\" href=\"https:\/\/www.salzburgerland.com\/de\/magazin\/wp-content\/uploads\/2019\/05\/DSC_7183-1280x1024.jpg\">\t<picture><source media=\"(min-width: 576px)\" srcset=\"https:\/\/www.salzburgerland.com\/de\/magazin\/wp-content\/uploads\/2019\/05\/DSC_7183-325x209.jpg 325w, https:\/\/www.salzburgerland.com\/de\/magazin\/wp-content\/uploads\/2019\/05\/DSC_7183-249x160.jpg 249w\"><\/source><source media=\"(min-width: 0)\" srcset=\"https:\/\/www.salzburgerland.com\/de\/magazin\/wp-content\/uploads\/2019\/05\/DSC_7183-249x160.jpg 249w, https:\/\/www.salzburgerland.com\/de\/magazin\/wp-content\/uploads\/2019\/05\/DSC_7183-325x209.jpg 325w\"><\/source><img decoding=\"async\" alt=\"\" src=\"https:\/\/www.salzburgerland.com\/de\/magazin\/wp-content\/uploads\/2019\/05\/DSC_7183.jpg\">\t<\/picture><\/a><\/figure><\/div><div class=\"col-6 col-sm-4\"><figure><a class=\"thumb-container\" href=\"https:\/\/www.salzburgerland.com\/de\/magazin\/wp-content\/uploads\/2019\/05\/DSC_7216-1280x1024.jpg\">\t<picture><source media=\"(min-width: 576px)\" srcset=\"https:\/\/www.salzburgerland.com\/de\/magazin\/wp-content\/uploads\/2019\/05\/DSC_7216-325x209.jpg 325w, https:\/\/www.salzburgerland.com\/de\/magazin\/wp-content\/uploads\/2019\/05\/DSC_7216-249x160.jpg 249w\"><\/source><source media=\"(min-width: 0)\" srcset=\"https:\/\/www.salzburgerland.com\/de\/magazin\/wp-content\/uploads\/2019\/05\/DSC_7216-249x160.jpg 249w, https:\/\/www.salzburgerland.com\/de\/magazin\/wp-content\/uploads\/2019\/05\/DSC_7216-325x209.jpg 325w\"><\/source><img decoding=\"async\" alt=\"\" src=\"https:\/\/www.salzburgerland.com\/de\/magazin\/wp-content\/uploads\/2019\/05\/DSC_7216.jpg\">\t<\/picture><\/a><\/figure><\/div><div class=\"col-6 col-sm-4\"><figure><a class=\"thumb-container\" href=\"https:\/\/www.salzburgerland.com\/de\/magazin\/wp-content\/uploads\/2019\/05\/DSC_7113-1280x1024.jpg\">\t<picture><source media=\"(min-width: 576px)\" srcset=\"https:\/\/www.salzburgerland.com\/de\/magazin\/wp-content\/uploads\/2019\/05\/DSC_7113-325x209.jpg 325w, https:\/\/www.salzburgerland.com\/de\/magazin\/wp-content\/uploads\/2019\/05\/DSC_7113-249x160.jpg 249w\"><\/source><source media=\"(min-width: 0)\" srcset=\"https:\/\/www.salzburgerland.com\/de\/magazin\/wp-content\/uploads\/2019\/05\/DSC_7113-249x160.jpg 249w, https:\/\/www.salzburgerland.com\/de\/magazin\/wp-content\/uploads\/2019\/05\/DSC_7113-325x209.jpg 325w\"><\/source><img decoding=\"async\" alt=\"\" src=\"https:\/\/www.salzburgerland.com\/de\/magazin\/wp-content\/uploads\/2019\/05\/DSC_7113.jpg\">\t<\/picture><\/a><\/figure><\/div><div class=\"col-6 col-sm-4\"><figure><a class=\"thumb-container\" href=\"https:\/\/www.salzburgerland.com\/de\/magazin\/wp-content\/uploads\/2019\/05\/DSC_7110-1280x1024.jpg\">\t<picture><source media=\"(min-width: 576px)\" srcset=\"https:\/\/www.salzburgerland.com\/de\/magazin\/wp-content\/uploads\/2019\/05\/DSC_7110-325x209.jpg 325w, https:\/\/www.salzburgerland.com\/de\/magazin\/wp-content\/uploads\/2019\/05\/DSC_7110-249x160.jpg 249w\"><\/source><source media=\"(min-width: 0)\" srcset=\"https:\/\/www.salzburgerland.com\/de\/magazin\/wp-content\/uploads\/2019\/05\/DSC_7110-249x160.jpg 249w, https:\/\/www.salzburgerland.com\/de\/magazin\/wp-content\/uploads\/2019\/05\/DSC_7110-325x209.jpg 325w\"><\/source><img decoding=\"async\" alt=\"\" src=\"https:\/\/www.salzburgerland.com\/de\/magazin\/wp-content\/uploads\/2019\/05\/DSC_7110.jpg\">\t<\/picture><\/a><\/figure><\/div><\/div><figcaption>&copy; Regina Langreiter<\/figcaption><\/div>\n\n\n\n<h2 class=\"wp-block-heading\" id=\"h-klammlichter\">Klammlichter<\/h2>\n\n\n\n<p>Richtig mystisch wird es bei einem n\u00e4chtlichen Besuch in der Klamm. Von Anfang Juni bis Anfang September erstrahlen bei den Klammlichtern Wasser und Felsw\u00e4nde in einem magischen Farbenspiel. Diese bunten Lichtelemente und das tosende Wasser lassen die Sigmund-Thun-Klamm noch ein wenig magischer erscheinen. Voranmeldung unter <a href=\"https:\/\/www.klamm-kaprun.at\/news-events\/klammlichter\/\" target=\"_blank\" rel=\"noreferrer noopener\">www.klamm-kaprun.at.<\/a><\/p>\n\n\n<div class=\"mag-gallery\"><div class=\"row\"><div class=\"col-6 col-sm-4\"><figure><a class=\"thumb-container\" href=\"https:\/\/www.salzburgerland.com\/de\/magazin\/wp-content\/uploads\/2019\/06\/sigmund-thun-klammlichter-franz-reifmueller-2_optimized-1-1280x1024.jpg\">\t<picture><source media=\"(min-width: 576px)\" srcset=\"https:\/\/www.salzburgerland.com\/de\/magazin\/wp-content\/uploads\/2019\/06\/sigmund-thun-klammlichter-franz-reifmueller-2_optimized-1-325x209.jpg 325w, https:\/\/www.salzburgerland.com\/de\/magazin\/wp-content\/uploads\/2019\/06\/sigmund-thun-klammlichter-franz-reifmueller-2_optimized-1-249x160.jpg 249w\"><\/source><source media=\"(min-width: 0)\" srcset=\"https:\/\/www.salzburgerland.com\/de\/magazin\/wp-content\/uploads\/2019\/06\/sigmund-thun-klammlichter-franz-reifmueller-2_optimized-1-249x160.jpg 249w, https:\/\/www.salzburgerland.com\/de\/magazin\/wp-content\/uploads\/2019\/06\/sigmund-thun-klammlichter-franz-reifmueller-2_optimized-1-325x209.jpg 325w\"><\/source><img decoding=\"async\" alt=\"Ein schmaler Weg durch eine bewaldete Schlucht, auf dem bunte Lichter den Weg beleuchten.\" src=\"https:\/\/www.salzburgerland.com\/de\/magazin\/wp-content\/uploads\/2019\/06\/sigmund-thun-klammlichter-franz-reifmueller-2_optimized-1.jpg\">\t<\/picture><\/a><\/figure><\/div><div class=\"col-6 col-sm-4\"><figure><a class=\"thumb-container\" href=\"https:\/\/www.salzburgerland.com\/de\/magazin\/wp-content\/uploads\/2019\/06\/sigmund-thun-klammlichter-franz-reifmueller-6_optimized-1-1280x1024.jpg\">\t<picture><source media=\"(min-width: 576px)\" srcset=\"https:\/\/www.salzburgerland.com\/de\/magazin\/wp-content\/uploads\/2019\/06\/sigmund-thun-klammlichter-franz-reifmueller-6_optimized-1-325x209.jpg 325w, https:\/\/www.salzburgerland.com\/de\/magazin\/wp-content\/uploads\/2019\/06\/sigmund-thun-klammlichter-franz-reifmueller-6_optimized-1-249x160.jpg 249w\"><\/source><source media=\"(min-width: 0)\" srcset=\"https:\/\/www.salzburgerland.com\/de\/magazin\/wp-content\/uploads\/2019\/06\/sigmund-thun-klammlichter-franz-reifmueller-6_optimized-1-249x160.jpg 249w, https:\/\/www.salzburgerland.com\/de\/magazin\/wp-content\/uploads\/2019\/06\/sigmund-thun-klammlichter-franz-reifmueller-6_optimized-1-325x209.jpg 325w\"><\/source><img decoding=\"async\" alt=\"Ein Holzsteg schl&auml;ngelt sich durch eine felsige Schlucht, beleuchtet von bunten Lichtern &uuml;ber einem schnell flie&szlig;enden Bach.\" src=\"https:\/\/www.salzburgerland.com\/de\/magazin\/wp-content\/uploads\/2019\/06\/sigmund-thun-klammlichter-franz-reifmueller-6_optimized-1.jpg\">\t<\/picture><\/a><\/figure><\/div><div class=\"col-6 col-sm-4\"><figure><a class=\"thumb-container\" href=\"https:\/\/www.salzburgerland.com\/de\/magazin\/wp-content\/uploads\/2019\/06\/sigmund-thun-klammlichter-franz-reifmueller-15_optimized-1-1280x1024.jpg\">\t<picture><source media=\"(min-width: 576px)\" srcset=\"https:\/\/www.salzburgerland.com\/de\/magazin\/wp-content\/uploads\/2019\/06\/sigmund-thun-klammlichter-franz-reifmueller-15_optimized-1-325x209.jpg 325w, https:\/\/www.salzburgerland.com\/de\/magazin\/wp-content\/uploads\/2019\/06\/sigmund-thun-klammlichter-franz-reifmueller-15_optimized-1-249x160.jpg 249w\"><\/source><source media=\"(min-width: 0)\" srcset=\"https:\/\/www.salzburgerland.com\/de\/magazin\/wp-content\/uploads\/2019\/06\/sigmund-thun-klammlichter-franz-reifmueller-15_optimized-1-249x160.jpg 249w, https:\/\/www.salzburgerland.com\/de\/magazin\/wp-content\/uploads\/2019\/06\/sigmund-thun-klammlichter-franz-reifmueller-15_optimized-1-325x209.jpg 325w\"><\/source><img decoding=\"async\" alt=\"Ein Holzsteg schl&auml;ngelt sich durch eine felsige Schlucht oberhalb eines leuchtend blauen Wasserfalls, umgeben von &uuml;ppigem Gr&uuml;n.\" src=\"https:\/\/www.salzburgerland.com\/de\/magazin\/wp-content\/uploads\/2019\/06\/sigmund-thun-klammlichter-franz-reifmueller-15_optimized-1.jpg\">\t<\/picture><\/a><\/figure><\/div><\/div><figcaption>&copy; Franz Reifmueller &#8211; Klammlichter<\/figcaption><\/div>\n\n\n\n<h3 class=\"wp-block-heading\" id=\"h-tipp\">Tipp<\/h3>\n\n\n\n<p id=\"h-wer-in-besitz-der-salzburgerland-card-ist-kann-die-siegmund-thun-klamm-kostenlos-besichtigen\">Wer in Besitz der <a href=\"https:\/\/www.salzburgerland.com\/de\/salzburgerland-card\/\" target=\"_blank\" rel=\"noreferrer noopener\">SalzburgerLand Card<\/a> ist, kann die Sigmund Thun Klamm kostenlos besichtigen.<\/p>\n\n\n","protected":false},"excerpt":{"rendered":"<p>Es tost, es sprudelt, es sch\u00e4umt. Von oben tropft das Wasser auf den Kopf, weiter vorne st\u00fcrzt es sich die Felsw\u00e4nde hinunter, unten bahnt es sich unbarmherzig den Weg durch die enge Schlucht. Wir befinden uns in der Sigmund Thun Klamm in Kaprun. Teilweise kann man das eigene Wort kaum verstehen, aber das muss man [&hellip;]<\/p>\n","protected":false},"author":555,"featured_media":130738,"comment_status":"open","ping_status":"open","sticky":false,"template":"","format":"standard","meta":{"_acf_changed":false,"wl_entities_gutenberg":"{\"http:\/\/open.salzburgerland.com\/de\/magazin\/entity\/still_oder_prickelnd\":{\"uri\":\"http:\/\/open.salzburgerland.com\/de\/magazin\/entity\/still_oder_prickelnd\",\"label\":\"Still oder Prickelnd\",\"description\":\"Wer das nasse Element mag, wird das SalzburgerLand lieben: Wildwasserfl\u00fcsse laden zu coolen Raftingtouren, Thermen zum erholsamen Entspannen, frisch gefangene Fische zum kulinarischen Hochgenuss und Augenbr\u00fcndl mit heilsamem Wasser an Kirchen und Kapellen zum Innehalten ein.\\r\\nTraumhaft sch\u00f6ne Seen im Tal und in den Bergen\\r\\nIm SalzburgerLand ist das n\u00e4chste k\u00fchle Nass niemals weit: 180 nat\u00fcrliche Seen, 22 angelegte Badeseen und \u00fcber 60 Freib\u00e4der bieten ideale Voraussetzungen f\u00fcr Wasserratten. Die Seen verf\u00fcgen \u00fcber glasklares Wasser mit Trinkwasserqualit\u00e4t: Segeln, Surfen, Stand-up-Paddeling, Fischen oder Bootfahren sind ein erfrischendes Vergn\u00fcgen. Zu den ganz besonderen Gew\u00e4ssern im SalzburgerLand z\u00e4hlen die zahlreichen Alm- und Bergseen. Im UNESCO-Biosph\u00e4renpark Salzburger Lungau sind es sogar \u00fcber 60 Bergseen \u2013 mehr als irgendwo sonst in Europa. Wundersch\u00f6ne Wanderziele sind unter anderem der Reedsee in Bad Gastein, der Tappenkarsee in Kleinarl oder die Hochgebirgsstauseen Kaprun. \\r\\nB\u00e4che, Wasserf\u00e4lle, Fl\u00fcsse, Schluchten und Klammen\\r\\nWenn es tost, spritzt, staubt und gurgelt, dann bahnt sich das Wasser mit immenser Kraft seinen Weg durch Fels und Stein und \u00fcberwindet dabei nicht selten betr\u00e4chtliche H\u00f6henmeter. Das SalzburgerLand ist ein Eldorado f\u00fcr Rafter und Kajakfahrer: Vor allem die Lammer und die Saalach z\u00e4hlen zu den Hot-Spots. Zum Canyoning empfiehlt sich die Strubklamm, und durch die Salzach\u00f6fen geht\u2019s per Flying Fox. Wem das alles zu wild ist, der spaziert auf gesicherten Wegen durch die Klammen: So etwa durch die Liechtensteinklamm, die Lammer\u00f6fen im Tennengau, die Vorderkaserklamm im Salzburger Saalachtal oder die Sigmund- Thun-Klamm in Zell am See-Kaprun. Oder l\u00e4sst sich von der Gischt m\u00e4chtiger Wasserf\u00e4lle\u00a0nass spritzen, allen voran die 380 Meter hohen Krimmler Wasserf\u00e4lle im Nationalpark Hohe Tauern.\\r\\nNat\u00fcrliche Gesundheit im Salzburger Thermenland\u00a0\\r\\nDer Kur- und B\u00e4derurlaub hat im SalzburgerLand eine lange Tradition: Die Wirksamkeit des Heilwassers aus den Bergen blieb der Welt nicht lange verborgen und lockte schon vor \u00fcber hundert Jahren K\u00f6nige, Kaiser und Scheichs in Salzburgs Orte und T\u00e4ler. Vor allem das Gasteinertal, in dem noch heute Millionen von Litern radonhaltigen Heilwassers t\u00e4glich aus den Quellen sprudeln, erlangte fr\u00fch Weltruhm. Die Kraft der Natur mit ihrem gesunden Klima und den vielf\u00e4ltigen Heilwirkungen gepaart mit modernen Kliniken und Heilzentren sowie eine Top-Hotellerie machen das SalzburgerLand zu einer Alpinen Gesundheitsregion der Extraklasse. F\u00fcr perfektes Wohlbefinden umfasst das SalzburgerThermenLand sechs Thermen, die ganz unterschiedliche Bed\u00fcrfnisse abdecken.\\r\\nKulinarische Besonderheiten aus Salzburgs Seen und B\u00e4chen\\r\\nSchon Salzburgs F\u00fcrsterzbisch\u00f6fe lie\u00dfen sich einmal w\u00f6chentlich frisch gefangene Saiblinge aus dem Fuschlsee mit dem Pferdefuhrwerk in die Stadt liefern. Noch heute z\u00e4hlt Fisch zu den feinsten und beliebtesten Speisen im SalzburgerLand. Die Trinkwasserqualit\u00e4t der frischen Gebirgsb\u00e4che und der tiefen Seen sorgt f\u00fcr vorz\u00fcgliche Qualit\u00e4t. 15 Adressen empfiehlt der Via Culinaria-Guide \u201eGenussweg f\u00fcr Fischfans\u201c: Eine ganz besondere Adresse ist das Fischspezialit\u00e4tengesch\u00e4ft von Walter Gr\u00fcll. Er z\u00e4hlt zu einem der erfolgreichsten Kaviarproduzenten der Welt.\",\"main_type\":\"wl-thing\",\"type\":[\"http:\/\/schema.org\/Thing\"],\"image\":[\"https:\/\/www.salzburgerland.com\/de\/wp-content\/uploads\/2017\/01\/frau_therme_snippet_screenshot_flipped.jpg\",\"https:\/\/www.salzburgerland.com\/de\/wp-content\/uploads\/2017\/02\/bike.jpg\",\"https:\/\/www.salzburgerland.com\/de\/wp-content\/uploads\/2017\/02\/laerchenalm-e1488444976886.jpg\",\"https:\/\/www.salzburgerland.com\/de\/wp-content\/uploads\/2017\/02\/pegasus_brunnen.jpg\",\"https:\/\/www.salzburgerland.com\/de\/wp-content\/uploads\/2017\/02\/riedingtal-e1501658819878.jpg\",\"https:\/\/www.salzburgerland.com\/de\/wp-content\/uploads\/2017\/02\/rs1610_krimmler_wasserfaelle_stilloderprickelnd_hs-lpr.jpg\",\"https:\/\/www.salzburgerland.com\/de\/wp-content\/uploads\/2017\/02\/still-oder-prickelnd_krimml.jpg\",\"https:\/\/www.salzburgerland.com\/de\/wp-content\/uploads\/2017\/03\/rs1274_img_5747-lpr.jpg\",\"https:\/\/www.salzburgerland.com\/de\/wp-content\/uploads\/2017\/03\/rs668__mg_15_08_salzburgerland_8377-lpr-e1489745407297.jpg\",\"https:\/\/www.salzburgerland.com\/de\/wp-content\/uploads\/2017\/03\/rs847_hv9a3887-lpr.jpg\",\"https:\/\/www.salzburgerland.com\/de\/wp-content\/uploads\/2017\/03\/stilloderprickelnd_bike.jpg\"],\"sameas\":[\"http:\/\/open.salzburgerland.com\/de\/entity\/still_oder_prickelnd\"]},\"http:\/\/open.salzburgerland.com\/de\/entity\/kaprun\":{\"uri\":\"http:\/\/open.salzburgerland.com\/de\/entity\/kaprun\",\"label\":\"Kaprun\",\"description\":\"Die\u00a0Pinzgauer Gemeinde Kaprun liegt direkt unterhalb des Kitzsteinhorngletschers. Der von Schnee und Eis bedeckte Berg ist pr\u00e4gend f\u00fcr den Urlaubsort und zieht G\u00e4ste aus aller Welt in seinen Bann. Fast das ganze Jahr \u00fcber kann man hier Skifahren, denn am Kitzsteinhorn herrscht auch im Fr\u00fchling oder Herbst Schneesicherheit. Auf 2900m Seeh\u00f6he gelegen, ist das Gletscherskigebiet ein Garant f\u00fcr abwechslungsreichen Skispa\u00df.\\r\\n\\r\\n\\r\\nSommer am Gletscher: Gipfelwelt 3000\\r\\nDer einmalige Ausblick auf 30 Alpenriesen von der \u201eGipfelwelt 3000\u201c an der Bergstation der Kitzsteinhorn-Gondel zieht auch im Sommer unz\u00e4hlige G\u00e4ste an. Im Cinema 3000 lernen Besucher die Flora und Fauna des Bergs kennen, in der National Park Gallery erlebt man die ganze Vielfalt des Nationalparks Hohe Tauern. Nach einem Tag am Gletscher lohnt sich ein Besuch der TAUERN SPA, wo man in den Innen- und Au\u00dfenbecken so richtig entspannen, saunieren und Massagen sowie Behandlungen genie\u00dfen kann.\u00a0\\r\\nBikevergn\u00fcgen in Kaprun\\r\\nOb malerische Talradwege, atemberaubende Freeridetrails oder knackige Marathonstrecken - in Zell am See-Kaprun finden Mountainbike-Anf\u00e4nger, Fortgeschrittene und Profis unter 242 Kilometern immer ein geeignetes Terrain. Auf der extralangen hochalpinen Abfahrt vom Alpincenter bis ins Tal \u00fcberwinden Freerider 12 km Streckenl\u00e4nge und 1.500 H\u00f6henmeter. Die drei Kapruner Freeride Trails bieten Fahrspa\u00df pur! \\r\\n\\r\\n\\r\\nAusflugstipp\\r\\nDie Hochgebirgsstauseen Mooserboden lassen die Besucher \u00fcber die Leistungen der Ingenieurskunst staunen. Mit Bussen geht es vom Parkplatz Kesselfall im Kaprunertal hinauf zur imposanten, 107 Meter hohen und fast 500 Meter langen Talsperre. Nach einem Spaziergang \u00fcber die Staumauer oder einer sportlichen Tour durch den Klettersteig inmitten der schroffen Steilh\u00e4nge von 10 Dreitausendern lohnt eine Wanderung zur etwas tiefer liegenden F\u00fcrthermoaralm, wo der \u201eSchafe Toni\u201c sein vielen Jahren seinen Almsommer verbringt.\\r\\n\\r\\n&nbsp;\\r\\nSalzburgs h\u00f6chst gelegenes Skigebiet \\r\\nMit 41 Pistenkilometern ist das Kitzsteinhorn ein Paradies f\u00fcr leidenschaftliche Wintersportler und gilt als eines der beliebtesten Freeridegebiete in den Alpen. Durch die hohe Lage des Kitzsteinhorns auf 3.029m ist f\u00fcr Schneesicherheit bis in den Sommer gesorgt. Der Snowpark am Kitzsteinhorn ist einer der gr\u00f6\u00dften Snowparks der Alpen und wurde bereits mehrfach ausgezeichnet. Easy Park, Central Park und Superpipe bilden im Winter das Zentrum der Freestyle-Action am Kitzsteinhorn. Mit 160 \u00a0Metern L\u00e4nge und 6,6 Metern H\u00f6he ist die gr\u00f6\u00dfte Superpipe \u00d6sterreichs das absolute Highlight f\u00fcr Adrenalin-Junkies! Auf den 20 Pistenkilometern des Maiskogels finden Familien perfekte Ski-Bedingungen und f\u00fcr Kinder ist die Ganzjahresrodelbahn Maisiflitzer am Maiskogel ein wahrgewordener Traum.\u00a0\\r\\n\\r\\n\\r\\n\\r\\n&nbsp;\",\"main_type\":\"wl-place\",\"type\":[\"http:\/\/dbpedia.org\/class\/yago\/AdministrativeDistrict108491826\",\"http:\/\/dbpedia.org\/class\/yago\/CitiesAndTownsInSalzburg(state)\",\"http:\/\/dbpedia.org\/class\/yago\/City108524735\",\"http:\/\/dbpedia.org\/class\/yago\/District108552138\",\"http:\/\/dbpedia.org\/class\/yago\/GeographicalArea108574314\",\"http:\/\/dbpedia.org\/class\/yago\/Location100027167\",\"http:\/\/dbpedia.org\/class\/yago\/Municipality108626283\",\"http:\/\/dbpedia.org\/class\/yago\/Object100002684\",\"http:\/\/dbpedia.org\/class\/yago\/PhysicalEntity100001930\",\"http:\/\/dbpedia.org\/class\/yago\/Region108630985\",\"http:\/\/dbpedia.org\/class\/yago\/UrbanArea108675967\",\"http:\/\/dbpedia.org\/class\/yago\/YagoGeoEntity\",\"http:\/\/dbpedia.org\/class\/yago\/YagoLegalActorGeo\",\"http:\/\/dbpedia.org\/class\/yago\/YagoPermanentlyLocatedEntity\",\"http:\/\/dbpedia.org\/ontology\/Place\",\"http:\/\/dbpedia.org\/ontology\/PopulatedPlace\",\"http:\/\/dbpedia.org\/ontology\/Settlement\",\"http:\/\/schema.org\/Place\",\"http:\/\/www.w3.org\/2002\/07\/owl#Thing\"],\"image\":[\"https:\/\/www.salzburgerland.com\/de\/wp-content\/uploads\/2016\/10\/kaprun-winter-ortsansicht_c-mairitsch.jpg\"],\"sameas\":[\"https:\/\/www.wikidata.org\/wiki\/Q660671\",\"http:\/\/sws.geonames.org\/2774758\/\",\"http:\/\/wikidata.dbpedia.org\/resource\/Q660671\",\"http:\/\/data.wordlift.io\/wl0164\/entity\/kaprun\",\"http:\/\/dbpedia.org\/resource\/Kaprun\",\"http:\/\/yago-knowledge.org\/resource\/Kaprun\",\"http:\/\/rdf.freebase.com\/ns\/m.04xy1p\"]},\"http:\/\/open.salzburgerland.com\/de\/entity\/klamm\":{\"uri\":\"http:\/\/open.salzburgerland.com\/de\/entity\/klamm\",\"label\":\"Klamm\",\"description\":\"Eine Klamm\u00a0ist eine bairische Bezeichnung f\u00fcr eine besonders enge Schlucht im Gebirge\u00a0mit teilweise \u00fcberh\u00e4ngenden Felsw\u00e4nden. Durch die \u00dcberh\u00e4nge ist die Breite des Tals in der H\u00f6he teilweise geringer als am ganz vom Fluss oder Bach ausgef\u00fcllten Talgrund.\\r\\n\\r\\n&nbsp;\\r\\n\\r\\nDie Klammen und Schluchten im SalzburgerLand z\u00e4hlen zu den sch\u00f6nsten \u00d6sterreichs, sie sind durch Stege und Br\u00fccken begehbar und erm\u00f6glichen traumhafte Einblicke in die Natur der Wildwasserb\u00e4che, umgeben von \u00a0atemberaubenden zerkl\u00fcfteten\u00a0Felsw\u00e4nden.\\r\\n\\r\\n,\",\"main_type\":\"wl-thing\",\"type\":[\"http:\/\/schema.org\/Thing\"],\"image\":[],\"sameas\":[\"http:\/\/data.redlink.io\/de.dbpedia.org\/resource\/Klamm\"]}}","_wl_entity_redirect_enabled":"","footnotes":""},"categories":[9],"tags":[231,6709],"wl_entity_type":[306],"monatsauswahl":[86,87,88,89,90],"class_list":["post-134045","post","type-post","status-publish","format-standard","has-post-thumbnail","hentry","category-sehenswurdig","tag-family","tag-salzburgerland-card","wl_entity_type-article","monatsauswahl-monat_5","monatsauswahl-monat_6","monatsauswahl-monat_7","monatsauswahl-monat_8","monatsauswahl-monat_9"],"acf":[],"yoast_head":"<!-- This site is optimized with the Yoast SEO Premium plugin v27.4 (Yoast SEO v27.4) - https:\/\/yoast.com\/product\/yoast-seo-premium-wordpress\/ -->\n<title>Die Sigmund Thun Klamm in Kaprun - SalzburgerLand Magazin<\/title>\n<meta name=\"description\" content=\"Ein weitl\u00e4ufiges Panorama wie auf dem Kitzsteinhorn hat sie nicht zu bieten, aber mindestens genauso beeindruckend sind die hoch aufragenden, schroffen und glatt geschliffenen Felsw\u00e4nde der Sigmund Thun Klamm. Wer nach Kaprun kommt, darf sich dieses Naturph\u00e4nomen auf keinen Fall entgehen lassen.\" \/>\n<meta name=\"robots\" content=\"index, follow, max-snippet:-1, max-image-preview:large, max-video-preview:-1\" \/>\n<link rel=\"canonical\" href=\"https:\/\/www.salzburgerland.com\/de\/magazin\/durch-die-sigmund-thun-klamm-zum-klammsee-in-kaprun\/\" \/>\n<meta property=\"og:locale\" content=\"de_DE\" \/>\n<meta property=\"og:type\" content=\"article\" \/>\n<meta property=\"og:title\" content=\"Die Sigmund Thun Klamm in Kaprun\" \/>\n<meta property=\"og:description\" content=\"Es tost, es sprudelt, es sch\u00e4umt. Von oben tropft das Wasser auf den Kopf, weiter vorne st\u00fcrzt es sich die Felsw\u00e4nde hinunter, unten bahnt es sich unbarmherzig den Weg durch die enge Schlucht. Wir befinden uns in der Sigmund Thun Klamm in Kaprun. Teilweise kann man das eigene Wort kaum verstehen, aber das muss man [&hellip;]\" \/>\n<meta property=\"og:url\" content=\"https:\/\/www.salzburgerland.com\/de\/magazin\/durch-die-sigmund-thun-klamm-zum-klammsee-in-kaprun\/\" \/>\n<meta property=\"og:site_name\" content=\"SalzburgerLand Magazin\" \/>\n<meta property=\"article:publisher\" content=\"https:\/\/www.facebook.com\/salzburgerland\/\" \/>\n<meta property=\"article:published_time\" content=\"2019-06-27T06:00:20+00:00\" \/>\n<meta property=\"article:modified_time\" content=\"2025-07-08T11:23:46+00:00\" \/>\n<meta property=\"og:image\" content=\"https:\/\/www.salzburgerland.com\/de\/magazin\/wp-content\/uploads\/2019\/05\/DSC_7122.jpg\" \/>\n\t<meta property=\"og:image:width\" content=\"1600\" \/>\n\t<meta property=\"og:image:height\" content=\"1071\" \/>\n\t<meta property=\"og:image:type\" content=\"image\/jpeg\" \/>\n<meta name=\"author\" content=\"Regina Langreiter\" \/>\n<meta name=\"twitter:card\" content=\"summary_large_image\" \/>\n<meta name=\"twitter:creator\" content=\"@Salzburgerland\" \/>\n<meta name=\"twitter:site\" content=\"@Salzburgerland\" \/>\n<meta name=\"twitter:label1\" content=\"Verfasst von\" \/>\n\t<meta name=\"twitter:data1\" content=\"Regina Langreiter\" \/>\n\t<meta name=\"twitter:label2\" content=\"Gesch\u00e4tzte Lesezeit\" \/>\n\t<meta name=\"twitter:data2\" content=\"7\u00a0Minuten\" \/>\n<script type=\"application\/ld+json\" class=\"yoast-schema-graph\">{\"@context\":\"https:\\\/\\\/schema.org\",\"@graph\":[{\"@type\":\"Article\",\"@id\":\"https:\\\/\\\/www.salzburgerland.com\\\/de\\\/magazin\\\/durch-die-sigmund-thun-klamm-zum-klammsee-in-kaprun\\\/#article\",\"isPartOf\":{\"@id\":\"https:\\\/\\\/www.salzburgerland.com\\\/de\\\/magazin\\\/durch-die-sigmund-thun-klamm-zum-klammsee-in-kaprun\\\/\"},\"author\":{\"name\":\"Regina Langreiter\",\"@id\":\"https:\\\/\\\/www.salzburgerland.com\\\/de\\\/magazin\\\/#\\\/schema\\\/person\\\/400a3c5899426155958bfead834fa13e\"},\"headline\":\"Die Sigmund Thun Klamm in Kaprun\",\"datePublished\":\"2019-06-27T06:00:20+00:00\",\"dateModified\":\"2025-07-08T11:23:46+00:00\",\"mainEntityOfPage\":{\"@id\":\"https:\\\/\\\/www.salzburgerland.com\\\/de\\\/magazin\\\/durch-die-sigmund-thun-klamm-zum-klammsee-in-kaprun\\\/\"},\"wordCount\":743,\"commentCount\":1,\"publisher\":{\"@id\":\"https:\\\/\\\/www.salzburgerland.com\\\/de\\\/magazin\\\/#organization\"},\"image\":{\"@id\":\"https:\\\/\\\/www.salzburgerland.com\\\/de\\\/magazin\\\/durch-die-sigmund-thun-klamm-zum-klammsee-in-kaprun\\\/#primaryimage\"},\"thumbnailUrl\":\"https:\\\/\\\/www.salzburgerland.com\\\/de\\\/magazin\\\/wp-content\\\/uploads\\\/2019\\\/05\\\/DSC_7122.jpg\",\"keywords\":[\"Family-Time im SalzburgerLand\",\"SalzburgerLand Card\"],\"articleSection\":[\"Sehensw\u00fcrdig\"],\"inLanguage\":\"de\",\"potentialAction\":[{\"@type\":\"CommentAction\",\"name\":\"Comment\",\"target\":[\"https:\\\/\\\/www.salzburgerland.com\\\/de\\\/magazin\\\/durch-die-sigmund-thun-klamm-zum-klammsee-in-kaprun\\\/#respond\"]}]},{\"@type\":\"WebPage\",\"@id\":\"https:\\\/\\\/www.salzburgerland.com\\\/de\\\/magazin\\\/durch-die-sigmund-thun-klamm-zum-klammsee-in-kaprun\\\/\",\"url\":\"https:\\\/\\\/www.salzburgerland.com\\\/de\\\/magazin\\\/durch-die-sigmund-thun-klamm-zum-klammsee-in-kaprun\\\/\",\"name\":\"Die Sigmund Thun Klamm in Kaprun - SalzburgerLand Magazin\",\"isPartOf\":{\"@id\":\"https:\\\/\\\/www.salzburgerland.com\\\/de\\\/magazin\\\/#website\"},\"primaryImageOfPage\":{\"@id\":\"https:\\\/\\\/www.salzburgerland.com\\\/de\\\/magazin\\\/durch-die-sigmund-thun-klamm-zum-klammsee-in-kaprun\\\/#primaryimage\"},\"image\":{\"@id\":\"https:\\\/\\\/www.salzburgerland.com\\\/de\\\/magazin\\\/durch-die-sigmund-thun-klamm-zum-klammsee-in-kaprun\\\/#primaryimage\"},\"thumbnailUrl\":\"https:\\\/\\\/www.salzburgerland.com\\\/de\\\/magazin\\\/wp-content\\\/uploads\\\/2019\\\/05\\\/DSC_7122.jpg\",\"datePublished\":\"2019-06-27T06:00:20+00:00\",\"dateModified\":\"2025-07-08T11:23:46+00:00\",\"breadcrumb\":{\"@id\":\"https:\\\/\\\/www.salzburgerland.com\\\/de\\\/magazin\\\/durch-die-sigmund-thun-klamm-zum-klammsee-in-kaprun\\\/#breadcrumb\"},\"inLanguage\":\"de\",\"potentialAction\":[{\"@type\":\"ReadAction\",\"target\":[\"https:\\\/\\\/www.salzburgerland.com\\\/de\\\/magazin\\\/durch-die-sigmund-thun-klamm-zum-klammsee-in-kaprun\\\/\"]}]},{\"@type\":\"ImageObject\",\"inLanguage\":\"de\",\"@id\":\"https:\\\/\\\/www.salzburgerland.com\\\/de\\\/magazin\\\/durch-die-sigmund-thun-klamm-zum-klammsee-in-kaprun\\\/#primaryimage\",\"url\":\"https:\\\/\\\/www.salzburgerland.com\\\/de\\\/magazin\\\/wp-content\\\/uploads\\\/2019\\\/05\\\/DSC_7122.jpg\",\"contentUrl\":\"https:\\\/\\\/www.salzburgerland.com\\\/de\\\/magazin\\\/wp-content\\\/uploads\\\/2019\\\/05\\\/DSC_7122.jpg\",\"width\":1600,\"height\":1071,\"caption\":\"Sigmund-Thun-Klamm Kaprun\"},{\"@type\":\"BreadcrumbList\",\"@id\":\"https:\\\/\\\/www.salzburgerland.com\\\/de\\\/magazin\\\/durch-die-sigmund-thun-klamm-zum-klammsee-in-kaprun\\\/#breadcrumb\",\"itemListElement\":[{\"@type\":\"ListItem\",\"position\":1,\"name\":\"Startseite\",\"item\":\"https:\\\/\\\/www.salzburgerland.com\\\/de\\\/magazin\\\/\"},{\"@type\":\"ListItem\",\"position\":2,\"name\":\"Sehensw\u00fcrdig\",\"item\":\"https:\\\/\\\/www.salzburgerland.com\\\/de\\\/magazin\\\/thema\\\/sehenswurdig\\\/\"},{\"@type\":\"ListItem\",\"position\":3,\"name\":\"Die Sigmund Thun Klamm in Kaprun\"}]},{\"@type\":\"WebSite\",\"@id\":\"https:\\\/\\\/www.salzburgerland.com\\\/de\\\/magazin\\\/#website\",\"url\":\"https:\\\/\\\/www.salzburgerland.com\\\/de\\\/magazin\\\/\",\"name\":\"SalzburgerLand Magazin\",\"description\":\"Geschichten und Interessantes aus dem SalzburgerLand\",\"publisher\":{\"@id\":\"https:\\\/\\\/www.salzburgerland.com\\\/de\\\/magazin\\\/#organization\"},\"potentialAction\":[{\"@type\":\"SearchAction\",\"target\":{\"@type\":\"EntryPoint\",\"urlTemplate\":\"https:\\\/\\\/www.salzburgerland.com\\\/de\\\/magazin\\\/?s={search_term_string}\"},\"query-input\":{\"@type\":\"PropertyValueSpecification\",\"valueRequired\":true,\"valueName\":\"search_term_string\"}}],\"inLanguage\":\"de\"},{\"@type\":\"Organization\",\"@id\":\"https:\\\/\\\/www.salzburgerland.com\\\/de\\\/magazin\\\/#organization\",\"name\":\"SalzburgerLand Tourismus\",\"url\":\"https:\\\/\\\/www.salzburgerland.com\\\/de\\\/magazin\\\/\",\"logo\":{\"@type\":\"ImageObject\",\"inLanguage\":\"de\",\"@id\":\"https:\\\/\\\/www.salzburgerland.com\\\/de\\\/magazin\\\/#\\\/schema\\\/logo\\\/image\\\/\",\"url\":\"https:\\\/\\\/www.salzburgerland.com\\\/de\\\/magazin\\\/wp-content\\\/uploads\\\/2019\\\/06\\\/salzburgerland-logo1.jpg\",\"contentUrl\":\"https:\\\/\\\/www.salzburgerland.com\\\/de\\\/magazin\\\/wp-content\\\/uploads\\\/2019\\\/06\\\/salzburgerland-logo1.jpg\",\"width\":2011,\"height\":866,\"caption\":\"SalzburgerLand Tourismus\"},\"image\":{\"@id\":\"https:\\\/\\\/www.salzburgerland.com\\\/de\\\/magazin\\\/#\\\/schema\\\/logo\\\/image\\\/\"},\"sameAs\":[\"https:\\\/\\\/www.facebook.com\\\/salzburgerland\\\/\",\"https:\\\/\\\/x.com\\\/Salzburgerland\",\"https:\\\/\\\/www.instagram.com\\\/salzburgerland\\\/\",\"https:\\\/\\\/at.linkedin.com\\\/company\\\/salzburgerland-tourismus-gmbh\",\"https:\\\/\\\/www.pinterest.at\\\/salzburgerland\\\/\",\"https:\\\/\\\/www.youtube.com\\\/user\\\/salzburgerland\",\"https:\\\/\\\/de.wikipedia.org\\\/wiki\\\/SalzburgerLand_Tourismus_GmbH\"]},{\"@type\":\"Person\",\"@id\":\"https:\\\/\\\/www.salzburgerland.com\\\/de\\\/magazin\\\/#\\\/schema\\\/person\\\/400a3c5899426155958bfead834fa13e\",\"name\":\"Regina Langreiter\",\"description\":\"Regina Langreiter ist freie Texterin aus dem Salzburger Land \u2013 aufgewachsen im Raurisertal, verwurzelt in der alpinen Lebenswelt und mit einem Faible f\u00fcr die echten Momente. \u00dcbertriebene Inszenierung ist nicht ihre B\u00fchne, sie interessiert sich f\u00fcr das Einfache, Bodenst\u00e4ndige und Menschliche, also f\u00fcr jene Geschichten, die nicht laut auftreten m\u00fcssen, um in Erinnerung zu bleiben. Dosige oder Zuagroaste? Dosige. Auf- und festgewachsen in Rauris. Fr\u00fchling, Sommer, Herbst oder Winter? Auch wenn mir bereits ab zehn Grad abw\u00e4rts die H\u00e4nde beinahe abfrieren, sch\u00e4tze ich die Vielseitigkeit der Jahreszeiten. Ich juble \u00fcber die ersten Schneeflocken des Jahres genauso wie \u00fcber jenen Morgen, an dem ich wieder fr\u00f6hlichem Vogelgezwitscher lauschen kann. Bergtour oder Seentour? Die k\u00fchlen Bergseen bewundere ich sehr gern \u2013 aber am liebsten von oben. Im Wasser findet man mich nur, wenn meine Kinder mich \u00fcberreden. Rindsroulade vom Pinzgauer Biorind oder Saibling fangfrisch aus dem Fuschlsee? Das Biorind bekommt den Vorzug, aber beim Saibling bin ich auch nicht abgeneigt. Am leichtesten verf\u00fchren kann man mich aber definitiv mit Schokolade. Buch oder Film? Es gibt wenige Filme, die mich wirklich fesseln. Daf\u00fcr k\u00f6nnte ich \u00fcber Stunden in einem Buch versinken. Gummistiefel oder High Heels? Wer mich in High Heels sieht, darf sich diesen Tag als skurrile Begebenheit im Kalender eintragen. Gummistiefel gibt es allerdings auch nur, wenn ich unsere H\u00fchner im Garten besuche. Meinen Alltag bestreite ich in Sneakers oder Trekkingschuhen.\",\"sameAs\":[\"https:\\\/\\\/www.aufgetextet.at\"],\"url\":\"https:\\\/\\\/www.salzburgerland.com\\\/de\\\/magazin\\\/author\\\/regina-langreiter\\\/\"}]}<\/script>\n<!-- \/ Yoast SEO Premium plugin. -->","yoast_head_json":{"title":"Die Sigmund Thun Klamm in Kaprun - SalzburgerLand Magazin","description":"Ein weitl\u00e4ufiges Panorama wie auf dem Kitzsteinhorn hat sie nicht zu bieten, aber mindestens genauso beeindruckend sind die hoch aufragenden, schroffen und glatt geschliffenen Felsw\u00e4nde der Sigmund Thun Klamm. Wer nach Kaprun kommt, darf sich dieses Naturph\u00e4nomen auf keinen Fall entgehen lassen.","robots":{"index":"index","follow":"follow","max-snippet":"max-snippet:-1","max-image-preview":"max-image-preview:large","max-video-preview":"max-video-preview:-1"},"canonical":"https:\/\/www.salzburgerland.com\/de\/magazin\/durch-die-sigmund-thun-klamm-zum-klammsee-in-kaprun\/","og_locale":"de_DE","og_type":"article","og_title":"Die Sigmund Thun Klamm in Kaprun","og_description":"Es tost, es sprudelt, es sch\u00e4umt. Von oben tropft das Wasser auf den Kopf, weiter vorne st\u00fcrzt es sich die Felsw\u00e4nde hinunter, unten bahnt es sich unbarmherzig den Weg durch die enge Schlucht. Wir befinden uns in der Sigmund Thun Klamm in Kaprun. Teilweise kann man das eigene Wort kaum verstehen, aber das muss man [&hellip;]","og_url":"https:\/\/www.salzburgerland.com\/de\/magazin\/durch-die-sigmund-thun-klamm-zum-klammsee-in-kaprun\/","og_site_name":"SalzburgerLand Magazin","article_publisher":"https:\/\/www.facebook.com\/salzburgerland\/","article_published_time":"2019-06-27T06:00:20+00:00","article_modified_time":"2025-07-08T11:23:46+00:00","og_image":[{"width":1600,"height":1071,"url":"https:\/\/www.salzburgerland.com\/de\/magazin\/wp-content\/uploads\/2019\/05\/DSC_7122.jpg","type":"image\/jpeg"}],"author":"Regina Langreiter","twitter_card":"summary_large_image","twitter_creator":"@Salzburgerland","twitter_site":"@Salzburgerland","twitter_misc":{"Verfasst von":"Regina Langreiter","Gesch\u00e4tzte Lesezeit":"7\u00a0Minuten"},"schema":{"@context":"https:\/\/schema.org","@graph":[{"@type":"Article","@id":"https:\/\/www.salzburgerland.com\/de\/magazin\/durch-die-sigmund-thun-klamm-zum-klammsee-in-kaprun\/#article","isPartOf":{"@id":"https:\/\/www.salzburgerland.com\/de\/magazin\/durch-die-sigmund-thun-klamm-zum-klammsee-in-kaprun\/"},"author":{"name":"Regina Langreiter","@id":"https:\/\/www.salzburgerland.com\/de\/magazin\/#\/schema\/person\/400a3c5899426155958bfead834fa13e"},"headline":"Die Sigmund Thun Klamm in Kaprun","datePublished":"2019-06-27T06:00:20+00:00","dateModified":"2025-07-08T11:23:46+00:00","mainEntityOfPage":{"@id":"https:\/\/www.salzburgerland.com\/de\/magazin\/durch-die-sigmund-thun-klamm-zum-klammsee-in-kaprun\/"},"wordCount":743,"commentCount":1,"publisher":{"@id":"https:\/\/www.salzburgerland.com\/de\/magazin\/#organization"},"image":{"@id":"https:\/\/www.salzburgerland.com\/de\/magazin\/durch-die-sigmund-thun-klamm-zum-klammsee-in-kaprun\/#primaryimage"},"thumbnailUrl":"https:\/\/www.salzburgerland.com\/de\/magazin\/wp-content\/uploads\/2019\/05\/DSC_7122.jpg","keywords":["Family-Time im SalzburgerLand","SalzburgerLand Card"],"articleSection":["Sehensw\u00fcrdig"],"inLanguage":"de","potentialAction":[{"@type":"CommentAction","name":"Comment","target":["https:\/\/www.salzburgerland.com\/de\/magazin\/durch-die-sigmund-thun-klamm-zum-klammsee-in-kaprun\/#respond"]}]},{"@type":"WebPage","@id":"https:\/\/www.salzburgerland.com\/de\/magazin\/durch-die-sigmund-thun-klamm-zum-klammsee-in-kaprun\/","url":"https:\/\/www.salzburgerland.com\/de\/magazin\/durch-die-sigmund-thun-klamm-zum-klammsee-in-kaprun\/","name":"Die Sigmund Thun Klamm in Kaprun - SalzburgerLand Magazin","isPartOf":{"@id":"https:\/\/www.salzburgerland.com\/de\/magazin\/#website"},"primaryImageOfPage":{"@id":"https:\/\/www.salzburgerland.com\/de\/magazin\/durch-die-sigmund-thun-klamm-zum-klammsee-in-kaprun\/#primaryimage"},"image":{"@id":"https:\/\/www.salzburgerland.com\/de\/magazin\/durch-die-sigmund-thun-klamm-zum-klammsee-in-kaprun\/#primaryimage"},"thumbnailUrl":"https:\/\/www.salzburgerland.com\/de\/magazin\/wp-content\/uploads\/2019\/05\/DSC_7122.jpg","datePublished":"2019-06-27T06:00:20+00:00","dateModified":"2025-07-08T11:23:46+00:00","breadcrumb":{"@id":"https:\/\/www.salzburgerland.com\/de\/magazin\/durch-die-sigmund-thun-klamm-zum-klammsee-in-kaprun\/#breadcrumb"},"inLanguage":"de","potentialAction":[{"@type":"ReadAction","target":["https:\/\/www.salzburgerland.com\/de\/magazin\/durch-die-sigmund-thun-klamm-zum-klammsee-in-kaprun\/"]}]},{"@type":"ImageObject","inLanguage":"de","@id":"https:\/\/www.salzburgerland.com\/de\/magazin\/durch-die-sigmund-thun-klamm-zum-klammsee-in-kaprun\/#primaryimage","url":"https:\/\/www.salzburgerland.com\/de\/magazin\/wp-content\/uploads\/2019\/05\/DSC_7122.jpg","contentUrl":"https:\/\/www.salzburgerland.com\/de\/magazin\/wp-content\/uploads\/2019\/05\/DSC_7122.jpg","width":1600,"height":1071,"caption":"Sigmund-Thun-Klamm Kaprun"},{"@type":"BreadcrumbList","@id":"https:\/\/www.salzburgerland.com\/de\/magazin\/durch-die-sigmund-thun-klamm-zum-klammsee-in-kaprun\/#breadcrumb","itemListElement":[{"@type":"ListItem","position":1,"name":"Startseite","item":"https:\/\/www.salzburgerland.com\/de\/magazin\/"},{"@type":"ListItem","position":2,"name":"Sehensw\u00fcrdig","item":"https:\/\/www.salzburgerland.com\/de\/magazin\/thema\/sehenswurdig\/"},{"@type":"ListItem","position":3,"name":"Die Sigmund Thun Klamm in Kaprun"}]},{"@type":"WebSite","@id":"https:\/\/www.salzburgerland.com\/de\/magazin\/#website","url":"https:\/\/www.salzburgerland.com\/de\/magazin\/","name":"SalzburgerLand Magazin","description":"Geschichten und Interessantes aus dem SalzburgerLand","publisher":{"@id":"https:\/\/www.salzburgerland.com\/de\/magazin\/#organization"},"potentialAction":[{"@type":"SearchAction","target":{"@type":"EntryPoint","urlTemplate":"https:\/\/www.salzburgerland.com\/de\/magazin\/?s={search_term_string}"},"query-input":{"@type":"PropertyValueSpecification","valueRequired":true,"valueName":"search_term_string"}}],"inLanguage":"de"},{"@type":"Organization","@id":"https:\/\/www.salzburgerland.com\/de\/magazin\/#organization","name":"SalzburgerLand Tourismus","url":"https:\/\/www.salzburgerland.com\/de\/magazin\/","logo":{"@type":"ImageObject","inLanguage":"de","@id":"https:\/\/www.salzburgerland.com\/de\/magazin\/#\/schema\/logo\/image\/","url":"https:\/\/www.salzburgerland.com\/de\/magazin\/wp-content\/uploads\/2019\/06\/salzburgerland-logo1.jpg","contentUrl":"https:\/\/www.salzburgerland.com\/de\/magazin\/wp-content\/uploads\/2019\/06\/salzburgerland-logo1.jpg","width":2011,"height":866,"caption":"SalzburgerLand Tourismus"},"image":{"@id":"https:\/\/www.salzburgerland.com\/de\/magazin\/#\/schema\/logo\/image\/"},"sameAs":["https:\/\/www.facebook.com\/salzburgerland\/","https:\/\/x.com\/Salzburgerland","https:\/\/www.instagram.com\/salzburgerland\/","https:\/\/at.linkedin.com\/company\/salzburgerland-tourismus-gmbh","https:\/\/www.pinterest.at\/salzburgerland\/","https:\/\/www.youtube.com\/user\/salzburgerland","https:\/\/de.wikipedia.org\/wiki\/SalzburgerLand_Tourismus_GmbH"]},{"@type":"Person","@id":"https:\/\/www.salzburgerland.com\/de\/magazin\/#\/schema\/person\/400a3c5899426155958bfead834fa13e","name":"Regina Langreiter","description":"Regina Langreiter ist freie Texterin aus dem Salzburger Land \u2013 aufgewachsen im Raurisertal, verwurzelt in der alpinen Lebenswelt und mit einem Faible f\u00fcr die echten Momente. \u00dcbertriebene Inszenierung ist nicht ihre B\u00fchne, sie interessiert sich f\u00fcr das Einfache, Bodenst\u00e4ndige und Menschliche, also f\u00fcr jene Geschichten, die nicht laut auftreten m\u00fcssen, um in Erinnerung zu bleiben. Dosige oder Zuagroaste? Dosige. Auf- und festgewachsen in Rauris. Fr\u00fchling, Sommer, Herbst oder Winter? Auch wenn mir bereits ab zehn Grad abw\u00e4rts die H\u00e4nde beinahe abfrieren, sch\u00e4tze ich die Vielseitigkeit der Jahreszeiten. Ich juble \u00fcber die ersten Schneeflocken des Jahres genauso wie \u00fcber jenen Morgen, an dem ich wieder fr\u00f6hlichem Vogelgezwitscher lauschen kann. Bergtour oder Seentour? Die k\u00fchlen Bergseen bewundere ich sehr gern \u2013 aber am liebsten von oben. Im Wasser findet man mich nur, wenn meine Kinder mich \u00fcberreden. Rindsroulade vom Pinzgauer Biorind oder Saibling fangfrisch aus dem Fuschlsee? Das Biorind bekommt den Vorzug, aber beim Saibling bin ich auch nicht abgeneigt. Am leichtesten verf\u00fchren kann man mich aber definitiv mit Schokolade. Buch oder Film? Es gibt wenige Filme, die mich wirklich fesseln. Daf\u00fcr k\u00f6nnte ich \u00fcber Stunden in einem Buch versinken. Gummistiefel oder High Heels? Wer mich in High Heels sieht, darf sich diesen Tag als skurrile Begebenheit im Kalender eintragen. Gummistiefel gibt es allerdings auch nur, wenn ich unsere H\u00fchner im Garten besuche. Meinen Alltag bestreite ich in Sneakers oder Trekkingschuhen.","sameAs":["https:\/\/www.aufgetextet.at"],"url":"https:\/\/www.salzburgerland.com\/de\/magazin\/author\/regina-langreiter\/"}]}},"_wl_alt_label":[],"wl:entity_url":"http:\/\/open.salzburgerland.com\/magazin\/post\/durch_die_sigmund-thun-klamm_zum_klammsee_in_kaprun","_links":{"self":[{"href":"https:\/\/www.salzburgerland.com\/de\/magazin\/wp-json\/wp\/v2\/posts\/134045","targetHints":{"allow":["GET"]}}],"collection":[{"href":"https:\/\/www.salzburgerland.com\/de\/magazin\/wp-json\/wp\/v2\/posts"}],"about":[{"href":"https:\/\/www.salzburgerland.com\/de\/magazin\/wp-json\/wp\/v2\/types\/post"}],"author":[{"embeddable":true,"href":"https:\/\/www.salzburgerland.com\/de\/magazin\/wp-json\/wp\/v2\/users\/555"}],"replies":[{"embeddable":true,"href":"https:\/\/www.salzburgerland.com\/de\/magazin\/wp-json\/wp\/v2\/comments?post=134045"}],"version-history":[{"count":6,"href":"https:\/\/www.salzburgerland.com\/de\/magazin\/wp-json\/wp\/v2\/posts\/134045\/revisions"}],"predecessor-version":[{"id":183340,"href":"https:\/\/www.salzburgerland.com\/de\/magazin\/wp-json\/wp\/v2\/posts\/134045\/revisions\/183340"}],"wp:featuredmedia":[{"embeddable":true,"href":"https:\/\/www.salzburgerland.com\/de\/magazin\/wp-json\/wp\/v2\/media\/130738"}],"wp:attachment":[{"href":"https:\/\/www.salzburgerland.com\/de\/magazin\/wp-json\/wp\/v2\/media?parent=134045"}],"wp:term":[{"taxonomy":"category","embeddable":true,"href":"https:\/\/www.salzburgerland.com\/de\/magazin\/wp-json\/wp\/v2\/categories?post=134045"},{"taxonomy":"post_tag","embeddable":true,"href":"https:\/\/www.salzburgerland.com\/de\/magazin\/wp-json\/wp\/v2\/tags?post=134045"},{"taxonomy":"wl_entity_type","embeddable":true,"href":"https:\/\/www.salzburgerland.com\/de\/magazin\/wp-json\/wp\/v2\/wl_entity_type?post=134045"},{"taxonomy":"monatsauswahl","embeddable":true,"href":"https:\/\/www.salzburgerland.com\/de\/magazin\/wp-json\/wp\/v2\/monatsauswahl?post=134045"}],"curies":[{"name":"wp","href":"https:\/\/api.w.org\/{rel}","templated":true}]}}