{"id":130528,"date":"2019-05-20T07:10:24","date_gmt":"2019-05-20T05:10:24","guid":{"rendered":"https:\/\/www.salzburgerland.com\/de\/magazin\/?p=130528"},"modified":"2023-06-21T16:14:59","modified_gmt":"2023-06-21T14:14:59","slug":"gaisbergrennen-2019","status":"publish","type":"post","link":"https:\/\/www.salzburgerland.com\/de\/magazin\/gaisbergrennen-2019\/","title":{"rendered":"Gaisbergrennen 2019"},"content":{"rendered":"<p><strong>Im Salzburger Land findet&nbsp;jedes Jahr&nbsp;das international bekannte&nbsp;<a href=\"http:\/\/www.src.co.at\/gaisbergrennen-2019\/\" target=\"_blank\" rel=\"noopener noreferrer\">Gaisbergrennen<\/a>&nbsp;statt. Dabei fahren altehrw\u00fcrdige Oldtimer Wertungsrunden auf den Gaisberg, in der Stadt Salzburg und am Salzburgring. 2019 feiert die Veranstaltung sein 90-j\u00e4hriges Jubil\u00e4um.<\/strong><\/p>\n<h3>Faszination Oldtimer<\/h3>\n<p>Seit jeher begeistern Oldtimer durch ihren Charme, ihren Motorsound, ihren einzigartigen Flair,&#8230;man k\u00f6nnte diese Liste ewig fortf\u00fchren. Gerade in der heutigen Zeit, wo die Diversit\u00e4t der Personenkraftwagen immer mehr schwindet, sind es Oldtimer, die Charakter auf unseren Stra\u00dfen zeigen. Sie tanzen aus der Reihe, verz\u00fccken mit ihren charakteristischen Triebwerken, und man liebt sie nicht selten auch f\u00fcr ihr au\u00dfergew\u00f6hnliches Design. Wer sich mit diesen Zeilen identifizieren kann, sollte Ende Mai nach Salzburg pilgern. Ein Muss f\u00fcr jeden, der Benzin im Blut hat. Wahre Exoten, reinrassige Sportwagen aus vergangener Zeit und echte Unikate konzentrieren sich 3 Tage lang auf den Stra\u00dfen Salzburgs.<\/p>\n<div class=\"mag-gallery\"><div class=\"row\"><div class=\"col-6 col-sm-4\"><figure><a class=\"thumb-container\" href=\"https:\/\/www.salzburgerland.com\/de\/magazin\/wp-content\/uploads\/2019\/05\/gaisberg-23-1280x1024.jpg\">\t<picture><source media=\"(min-width: 576px)\" srcset=\"https:\/\/www.salzburgerland.com\/de\/magazin\/wp-content\/uploads\/2019\/05\/gaisberg-23-325x209.jpg 325w, https:\/\/www.salzburgerland.com\/de\/magazin\/wp-content\/uploads\/2019\/05\/gaisberg-23-249x160.jpg 249w\" \/><source media=\"(min-width: 0)\" srcset=\"https:\/\/www.salzburgerland.com\/de\/magazin\/wp-content\/uploads\/2019\/05\/gaisberg-23-249x160.jpg 249w, https:\/\/www.salzburgerland.com\/de\/magazin\/wp-content\/uploads\/2019\/05\/gaisberg-23-325x209.jpg 325w\" \/><img decoding=\"async\" alt=\"Ein roter Oldtimer-Rennwagen mit der Nummer 138 an der T\u00fcr f\u00e4hrt an einem sonnigen Tag an Geb\u00e4uden und Gr\u00fcnanlagen vorbei.\" src=\"https:\/\/www.salzburgerland.com\/de\/magazin\/wp-content\/uploads\/2019\/05\/gaisberg-23.jpg\" \/>\t<\/picture><\/a><\/figure><\/div><div class=\"col-6 col-sm-4\"><figure><a class=\"thumb-container\" href=\"https:\/\/www.salzburgerland.com\/de\/magazin\/wp-content\/uploads\/2019\/05\/Gaisbergrennen_2009_Bergfahrt_000-1280x1024.jpg\">\t<picture><source media=\"(min-width: 576px)\" srcset=\"https:\/\/www.salzburgerland.com\/de\/magazin\/wp-content\/uploads\/2019\/05\/Gaisbergrennen_2009_Bergfahrt_000-325x209.jpg 325w, https:\/\/www.salzburgerland.com\/de\/magazin\/wp-content\/uploads\/2019\/05\/Gaisbergrennen_2009_Bergfahrt_000-249x160.jpg 249w\" \/><source media=\"(min-width: 0)\" srcset=\"https:\/\/www.salzburgerland.com\/de\/magazin\/wp-content\/uploads\/2019\/05\/Gaisbergrennen_2009_Bergfahrt_000-249x160.jpg 249w, https:\/\/www.salzburgerland.com\/de\/magazin\/wp-content\/uploads\/2019\/05\/Gaisbergrennen_2009_Bergfahrt_000-325x209.jpg 325w\" \/><img decoding=\"async\" alt=\"Zwei Oldtimer fahren auf einer kurvenreichen Stra\u00dfe, umgeben von B\u00e4umen und Gr\u00fcnanlagen.\" src=\"https:\/\/www.salzburgerland.com\/de\/magazin\/wp-content\/uploads\/2019\/05\/Gaisbergrennen_2009_Bergfahrt_000.jpg\" \/>\t<\/picture><\/a><\/figure><\/div><div class=\"col-6 col-sm-4\"><figure><a class=\"thumb-container\" href=\"https:\/\/www.salzburgerland.com\/de\/magazin\/wp-content\/uploads\/2019\/05\/gaisbergrennen-stadt-grand-prix-in-salzburg_327406@2x-1280x1024.jpeg\">\t<picture><source media=\"(min-width: 576px)\" srcset=\"https:\/\/www.salzburgerland.com\/de\/magazin\/wp-content\/uploads\/2019\/05\/gaisbergrennen-stadt-grand-prix-in-salzburg_327406@2x-325x209.jpeg 325w, https:\/\/www.salzburgerland.com\/de\/magazin\/wp-content\/uploads\/2019\/05\/gaisbergrennen-stadt-grand-prix-in-salzburg_327406@2x-249x160.jpeg 249w\" \/><source media=\"(min-width: 0)\" srcset=\"https:\/\/www.salzburgerland.com\/de\/magazin\/wp-content\/uploads\/2019\/05\/gaisbergrennen-stadt-grand-prix-in-salzburg_327406@2x-249x160.jpeg 249w, https:\/\/www.salzburgerland.com\/de\/magazin\/wp-content\/uploads\/2019\/05\/gaisbergrennen-stadt-grand-prix-in-salzburg_327406@2x-325x209.jpeg 325w\" \/><img decoding=\"async\" alt=\"Roter Porsche-Rennwagen mit zwei Personen, die in einer Parade fahren, bejubelt von einer Menschenmenge hinter Absperrungen auf einer Stadtstra\u00dfe.\" src=\"https:\/\/www.salzburgerland.com\/de\/magazin\/wp-content\/uploads\/2019\/05\/gaisbergrennen-stadt-grand-prix-in-salzburg_327406@2x.jpeg\" \/>\t<\/picture><\/a><\/figure><\/div><div class=\"col-6 col-sm-4\"><figure><a class=\"thumb-container\" href=\"https:\/\/www.salzburgerland.com\/de\/magazin\/wp-content\/uploads\/2019\/05\/20160526fmt_stadtGP_fm_02-1280x1024.jpeg\">\t<picture><source media=\"(min-width: 576px)\" srcset=\"https:\/\/www.salzburgerland.com\/de\/magazin\/wp-content\/uploads\/2019\/05\/20160526fmt_stadtGP_fm_02-325x209.jpeg 325w, https:\/\/www.salzburgerland.com\/de\/magazin\/wp-content\/uploads\/2019\/05\/20160526fmt_stadtGP_fm_02-249x160.jpeg 249w\" \/><source media=\"(min-width: 0)\" srcset=\"https:\/\/www.salzburgerland.com\/de\/magazin\/wp-content\/uploads\/2019\/05\/20160526fmt_stadtGP_fm_02-249x160.jpeg 249w, https:\/\/www.salzburgerland.com\/de\/magazin\/wp-content\/uploads\/2019\/05\/20160526fmt_stadtGP_fm_02-325x209.jpeg 325w\" \/><img decoding=\"async\" alt=\"Ein klassisches Volkswagen K\u00e4fer-Rallyeauto mit Rennstreifen f\u00e4hrt auf einer Stadtveranstaltung, beobachtet von einer Menschenmenge.\" src=\"https:\/\/www.salzburgerland.com\/de\/magazin\/wp-content\/uploads\/2019\/05\/20160526fmt_stadtGP_fm_02.jpeg\" \/>\t<\/picture><\/a><\/figure><\/div><div class=\"col-6 col-sm-4\"><figure><a class=\"thumb-container\" href=\"https:\/\/www.salzburgerland.com\/de\/magazin\/wp-content\/uploads\/2019\/05\/11258879_XL-1280x1024.jpg\">\t<picture><source media=\"(min-width: 576px)\" srcset=\"https:\/\/www.salzburgerland.com\/de\/magazin\/wp-content\/uploads\/2019\/05\/11258879_XL-325x209.jpg 325w, https:\/\/www.salzburgerland.com\/de\/magazin\/wp-content\/uploads\/2019\/05\/11258879_XL-249x160.jpg 249w\" \/><source media=\"(min-width: 0)\" srcset=\"https:\/\/www.salzburgerland.com\/de\/magazin\/wp-content\/uploads\/2019\/05\/11258879_XL-249x160.jpg 249w, https:\/\/www.salzburgerland.com\/de\/magazin\/wp-content\/uploads\/2019\/05\/11258879_XL-325x209.jpg 325w\" \/><img decoding=\"async\" alt=\"Ein klassischer silberner Sportwagen mit der Nummer 81, geparkt auf einer Autoshow im Freien.\" src=\"https:\/\/www.salzburgerland.com\/de\/magazin\/wp-content\/uploads\/2019\/05\/11258879_XL.jpg\" \/>\t<\/picture><\/a><\/figure><\/div><div class=\"col-6 col-sm-4\"><figure><a class=\"thumb-container\" href=\"https:\/\/www.salzburgerland.com\/de\/magazin\/wp-content\/uploads\/2019\/05\/gaisbergrennenhellbrunn.adaptive-1280x1024.jpg\">\t<picture><source media=\"(min-width: 576px)\" srcset=\"https:\/\/www.salzburgerland.com\/de\/magazin\/wp-content\/uploads\/2019\/05\/gaisbergrennenhellbrunn.adaptive-325x209.jpg 325w, https:\/\/www.salzburgerland.com\/de\/magazin\/wp-content\/uploads\/2019\/05\/gaisbergrennenhellbrunn.adaptive-249x160.jpg 249w\" \/><source media=\"(min-width: 0)\" srcset=\"https:\/\/www.salzburgerland.com\/de\/magazin\/wp-content\/uploads\/2019\/05\/gaisbergrennenhellbrunn.adaptive-249x160.jpg 249w, https:\/\/www.salzburgerland.com\/de\/magazin\/wp-content\/uploads\/2019\/05\/gaisbergrennenhellbrunn.adaptive-325x209.jpg 325w\" \/><img decoding=\"async\" alt=\"An einem sonnigen Tag versammelt sich eine Menschenmenge um Oldtimer bei einer Autoausstellung im Freien in der N\u00e4he gelber Geb\u00e4ude.\" src=\"https:\/\/www.salzburgerland.com\/de\/magazin\/wp-content\/uploads\/2019\/05\/gaisbergrennenhellbrunn.adaptive.jpg\" \/>\t<\/picture><\/a><\/figure><\/div><\/div><\/div><figcaption><\/figcaption>\n<h3>Programm<\/h3>\n<p>Am Mittwoch, den 29.05 findet im Schloss Fuschl das Pre-Opening statt. Am Donnerstag von 8:00 bis 12:00 Uhr werden die Fahrzeuge abgenommen und die Rennunterlagen an die Teilnehmer verteilt. Am fr\u00fchen Nachmittag kann man die edlen Karossen in der Salzburger Altstadt bewundern. Am Nachmittag, um 15:00 Uhr findet bereits der Start des Stadt Grand Prix statt.&nbsp;<\/p>\n<figure id=\"attachment_130577\" aria-describedby=\"caption-attachment-130577\" style=\"width: 650px\" class=\"wp-caption alignnone\"><img loading=\"lazy\" decoding=\"async\" class=\"wp-image-130577 size-singlePost\" src=\"https:\/\/www.salzburgerland.com\/de\/magazin\/wp-content\/uploads\/2019\/05\/gaisbergrennen-pre-opening-schloss-fuschl_327407@2x-650x435.jpeg\" alt=\"\" width=\"650\" height=\"435\"><figcaption id=\"caption-attachment-130577\" class=\"wp-caption-text\">Oldtimer vor dem Schloss Fuschl<\/figcaption><\/figure>\n<p>Am Freitag steht dann das namensgebende Rennen der Veranstaltung am Programm: die Wertungsl\u00e4ufe auf den Gaisberg. Um 20:00 Uhr folgt ein Galaabend im Schloss Hellbrunn.<\/p>\n<figure id=\"attachment_130585\" aria-describedby=\"caption-attachment-130585\" style=\"width: 650px\" class=\"wp-caption alignnone\"><img loading=\"lazy\" decoding=\"async\" class=\"wp-image-130585 size-singlePost\" src=\"https:\/\/www.salzburgerland.com\/de\/magazin\/wp-content\/uploads\/2019\/05\/gaisbergrennen-ziel-gaisbergspitze_327402@2x-650x435.jpeg\" alt=\"\" width=\"650\" height=\"435\"><figcaption id=\"caption-attachment-130585\" class=\"wp-caption-text\">Zieldurchfahrt am Gaisberg<\/figcaption><\/figure>\n<p>Am Samstag gehen die Fahrzeuge sowie der Untergrund auf dem sie sich bewegen eine einzigartige Symbiose ein, zumal auf einer reinrassigen Rennstrecke die Wertungsl\u00e4ufe absolviert werden, dem Salzburg Ring. Der dritte und letzte Wertungslauf, wie k\u00f6nnte es anders sein, wird wieder auf dem Gaisberg bestritten. Die Siegerehrung im Hangar 7 setzt der Veranstaltung schlie\u00dflich die Krone auf.<\/p>\n<div class=\"mag-gallery\"><div class=\"row\"><div class=\"col-6 col-sm-4\"><figure><a class=\"thumb-container\" href=\"https:\/\/www.salzburgerland.com\/de\/magazin\/wp-content\/uploads\/2019\/05\/160528_gbr_salzburgring_uwe_004-1280x1024.jpeg\">\t<picture><source media=\"(min-width: 576px)\" srcset=\"https:\/\/www.salzburgerland.com\/de\/magazin\/wp-content\/uploads\/2019\/05\/160528_gbr_salzburgring_uwe_004-325x209.jpeg 325w, https:\/\/www.salzburgerland.com\/de\/magazin\/wp-content\/uploads\/2019\/05\/160528_gbr_salzburgring_uwe_004-249x160.jpeg 249w\" \/><source media=\"(min-width: 0)\" srcset=\"https:\/\/www.salzburgerland.com\/de\/magazin\/wp-content\/uploads\/2019\/05\/160528_gbr_salzburgring_uwe_004-249x160.jpeg 249w, https:\/\/www.salzburgerland.com\/de\/magazin\/wp-content\/uploads\/2019\/05\/160528_gbr_salzburgring_uwe_004-325x209.jpeg 325w\" \/><img decoding=\"async\" alt=\"Oldtimer und Menschen, die sich auf einer Autoschau im Freien versammelt haben, mit gr\u00fcnen H\u00fcgeln und H\u00e4usern im Hintergrund.\" src=\"https:\/\/www.salzburgerland.com\/de\/magazin\/wp-content\/uploads\/2019\/05\/160528_gbr_salzburgring_uwe_004.jpeg\" \/>\t<\/picture><\/a><\/figure><\/div><div class=\"col-6 col-sm-4\"><figure><a class=\"thumb-container\" href=\"https:\/\/www.salzburgerland.com\/de\/magazin\/wp-content\/uploads\/2019\/05\/maxresdefault-1280x1024.jpg\">\t<picture><source media=\"(min-width: 576px)\" srcset=\"https:\/\/www.salzburgerland.com\/de\/magazin\/wp-content\/uploads\/2019\/05\/maxresdefault-325x209.jpg 325w, https:\/\/www.salzburgerland.com\/de\/magazin\/wp-content\/uploads\/2019\/05\/maxresdefault-249x160.jpg 249w\" \/><source media=\"(min-width: 0)\" srcset=\"https:\/\/www.salzburgerland.com\/de\/magazin\/wp-content\/uploads\/2019\/05\/maxresdefault-249x160.jpg 249w, https:\/\/www.salzburgerland.com\/de\/magazin\/wp-content\/uploads\/2019\/05\/maxresdefault-325x209.jpg 325w\" \/><img decoding=\"async\" alt=\"Drei Oldtimer auf einer kurvenreichen Rennstrecke, mit Gras und Absperrungen entlang der Strecke.\" src=\"https:\/\/www.salzburgerland.com\/de\/magazin\/wp-content\/uploads\/2019\/05\/maxresdefault.jpg\" \/>\t<\/picture><\/a><\/figure><\/div><div class=\"col-6 col-sm-4\"><figure><a class=\"thumb-container\" href=\"https:\/\/www.salzburgerland.com\/de\/magazin\/wp-content\/uploads\/2019\/05\/csm_Hangar-7_13_c_ServusTV_Neumayr_Leo_046267c9bf-1280x1024.jpg\">\t<picture><source media=\"(min-width: 576px)\" srcset=\"https:\/\/www.salzburgerland.com\/de\/magazin\/wp-content\/uploads\/2019\/05\/csm_Hangar-7_13_c_ServusTV_Neumayr_Leo_046267c9bf-325x209.jpg 325w, https:\/\/www.salzburgerland.com\/de\/magazin\/wp-content\/uploads\/2019\/05\/csm_Hangar-7_13_c_ServusTV_Neumayr_Leo_046267c9bf-249x160.jpg 249w\" \/><source media=\"(min-width: 0)\" srcset=\"https:\/\/www.salzburgerland.com\/de\/magazin\/wp-content\/uploads\/2019\/05\/csm_Hangar-7_13_c_ServusTV_Neumayr_Leo_046267c9bf-249x160.jpg 249w, https:\/\/www.salzburgerland.com\/de\/magazin\/wp-content\/uploads\/2019\/05\/csm_Hangar-7_13_c_ServusTV_Neumayr_Leo_046267c9bf-325x209.jpg 325w\" \/><img decoding=\"async\" alt=\"Modernes Glaskuppelgeb\u00e4ude mit bunten Lichtern im Inneren, gesehen in der Abendd\u00e4mmerung von einem leeren Betonplatz aus.\" src=\"https:\/\/www.salzburgerland.com\/de\/magazin\/wp-content\/uploads\/2019\/05\/csm_Hangar-7_13_c_ServusTV_Neumayr_Leo_046267c9bf.jpg\" \/>\t<\/picture><\/a><\/figure><\/div><\/div><\/div><figcaption><\/figcaption>\n<h3>Geschichte<\/h3>\n<p>Zwischen 1929 uns 1969 wurde das Gaisbergrennen in Salzburg als Rennveranstaltung ausgetragen. Seit einem t\u00f6dlichen Unfall am 07. September 1969 wurde das Gaisbergrennen nicht mehr ausgetragen.&nbsp;Im Jahre 2003 wurde das Gaisbergrennen als Gleichm\u00e4\u00dfigkeitsveranstaltung wiederbelebt und wird nun j\u00e4hrlich ausgetragen. Die dreit\u00e4gige Veranstaltung beginnt mit dem Stadt-Grad-Prix in Salzburg. Danach gibt es eine Wertungsfahrt auf dem Salzburgring, sowie mehrere Wertungsfahrten auf den Gaisberg.&nbsp;Zugelassen sind alle historisch bedeutenden Fahrzeuge, offene und geschlossene, ein- und zweisitzige Touren-, Sport-und Rennwagen, die bis zum 31.12.1969 gebaut wurden. F\u00fcr Rennfahrzeuge ist keine Stra\u00dfenzulassung notwendig.&nbsp;<\/p>\n<h3>Strecken<\/h3>\n<p>Besonderes Augenmerk gilt auch den drei Strecken, auf denen die Oldies Gummi geben. Ein gelungener Mix aus Rennstrecke, Panoramastra\u00dfe und Stadtparcours versprechen ein einzigartiges Erlebnis f\u00fcr Fahrer und Besucher.<\/p>\n<p><strong>Der \u201eStadt Grand Prix von Salzburg\u201c<\/strong><\/p>\n<figure id=\"attachment_130574\" aria-describedby=\"caption-attachment-130574\" style=\"width: 650px\" class=\"wp-caption alignnone\"><img loading=\"lazy\" decoding=\"async\" class=\"wp-image-130574 size-singlePost\" src=\"https:\/\/www.salzburgerland.com\/de\/magazin\/wp-content\/uploads\/2019\/05\/stadt-650x435.jpg\" alt=\"\" width=\"650\" height=\"435\"><figcaption id=\"caption-attachment-130574\" class=\"wp-caption-text\">Es wird eine ca. 1,8 km lange Strecke in der Salzburger Altstadt gesperrt. Jeder Teilnehmer hat 5 Runden zu absolvieren.<\/figcaption><\/figure>\n<p><strong>Der &#8222;Salzburg Ring&#8220;: <\/strong><\/p>\n<figure id=\"attachment_130575\" aria-describedby=\"caption-attachment-130575\" style=\"width: 650px\" class=\"wp-caption alignnone\"><img loading=\"lazy\" decoding=\"async\" class=\"wp-image-130575 size-singlePost\" src=\"https:\/\/www.salzburgerland.com\/de\/magazin\/wp-content\/uploads\/2019\/05\/ring-650x435.jpg\" alt=\"\" width=\"650\" height=\"435\"><figcaption id=\"caption-attachment-130575\" class=\"wp-caption-text\">L\u00e4nge: 4255 m, Anzahl der Rechtskurven: 6, Anzahl der Linkskurven: 6, L\u00e4nge Start-\/Zielgerade: 750 m.<\/figcaption><\/figure>\n<p><strong>Die Bergstrecke &#8222;Gaisberg&#8220;<\/strong><\/p>\n<figure id=\"attachment_130576\" aria-describedby=\"caption-attachment-130576\" style=\"width: 650px\" class=\"wp-caption alignnone\"><img loading=\"lazy\" decoding=\"async\" class=\"wp-image-130576 size-singlePost\" src=\"https:\/\/www.salzburgerland.com\/de\/magazin\/wp-content\/uploads\/2019\/05\/gaisberg-1-650x435.jpg\" alt=\"\" width=\"650\" height=\"435\"><figcaption id=\"caption-attachment-130576\" class=\"wp-caption-text\">Drei Wertungsl\u00e4ufe. Streckenl\u00e4nge: 8652 Meter. H\u00f6henunterschied: 672 Meter<\/figcaption><\/figure>\n<p>Informationen: <a href=\"https:\/\/www.gaisbergrennen.at\/\">www.gaisbergrennen.at<\/a>, <a href=\"http:\/\/www.src.co.at\/gaisbergrennen-2019\/\">www.scr.co.at\/gaisbergrennen-2019\/<\/a><\/p>\n<p>\u00a9Fotos: Salzburgerland Magazin, Wolfgang Simlinger, www.hangar-7.com, www.gaisbergrennen.at, www.salzburg-cityguide.at, www.hotel-himmelreich.at, www.amadeohotel.at<\/p>\n","protected":false},"excerpt":{"rendered":"<p>Im Salzburger Land findet&nbsp;jedes Jahr&nbsp;das international bekannte&nbsp;Gaisbergrennen&nbsp;statt. Dabei fahren altehrw\u00fcrdige Oldtimer Wertungsrunden auf den Gaisberg, in der Stadt Salzburg und am Salzburgring. 2019 feiert die Veranstaltung sein 90-j\u00e4hriges Jubil\u00e4um. Faszination Oldtimer Seit jeher begeistern Oldtimer durch ihren Charme, ihren Motorsound, ihren einzigartigen Flair,&#8230;man k\u00f6nnte diese Liste ewig fortf\u00fchren. Gerade in der heutigen Zeit, wo die [&hellip;]<\/p>\n","protected":false},"author":542,"featured_media":130578,"comment_status":"open","ping_status":"open","sticky":false,"template":"","format":"standard","meta":{"_acf_changed":false,"wl_entities_gutenberg":"","_wl_entity_redirect_enabled":"","footnotes":""},"categories":[7551],"tags":[],"wl_entity_type":[306],"monatsauswahl":[86,87],"class_list":["post-130528","post","type-post","status-publish","format-standard","has-post-thumbnail","hentry","category-archiv","wl_entity_type-article","monatsauswahl-monat_5","monatsauswahl-monat_6"],"acf":[],"yoast_head":"<!-- This site is optimized with the Yoast SEO Premium plugin v27.4 (Yoast SEO v27.4) - https:\/\/yoast.com\/product\/yoast-seo-premium-wordpress\/ -->\n<title>Gaisbergrennen 2019 - SalzburgerLand Magazin<\/title>\n<meta name=\"description\" content=\"Im Salzburger Land findet&nbsp;jedes Jahr&nbsp;das international bekannte&nbsp;Gaisbergrennen&nbsp;statt. Dabei fahren altehrw\u00fcrdige Oldtimer Wertungsrunden auf den Gaisberg, in der Stadt Salzburg und am Salzburgring. 2019 feiert die Veranstaltung sein 90-j\u00e4hriges Jubil\u00e4um. Faszination Oldtimer Seit jeher begeistern Oldtimer durch ihren Charme, ihren Motorsound, ihren einzigartigen Flair,&#8230;man k\u00f6nnte diese Liste ewig fortf\u00fchren. Gerade in der heutigen Zeit, wo die [&hellip;]\" \/>\n<meta name=\"robots\" content=\"noindex, nofollow\" \/>\n<meta property=\"og:locale\" content=\"de_DE\" \/>\n<meta property=\"og:type\" content=\"article\" \/>\n<meta property=\"og:title\" content=\"Gaisbergrennen 2019\" \/>\n<meta property=\"og:description\" content=\"Im Salzburger Land findet&nbsp;jedes Jahr&nbsp;das international bekannte&nbsp;Gaisbergrennen&nbsp;statt. Dabei fahren altehrw\u00fcrdige Oldtimer Wertungsrunden auf den Gaisberg, in der Stadt Salzburg und am Salzburgring. 2019 feiert die Veranstaltung sein 90-j\u00e4hriges Jubil\u00e4um. Faszination Oldtimer Seit jeher begeistern Oldtimer durch ihren Charme, ihren Motorsound, ihren einzigartigen Flair,&#8230;man k\u00f6nnte diese Liste ewig fortf\u00fchren. Gerade in der heutigen Zeit, wo die [&hellip;]\" \/>\n<meta property=\"og:url\" content=\"https:\/\/www.salzburgerland.com\/de\/magazin\/gaisbergrennen-2019\/\" \/>\n<meta property=\"og:site_name\" content=\"SalzburgerLand Magazin\" \/>\n<meta property=\"article:publisher\" content=\"https:\/\/www.facebook.com\/salzburgerland\/\" \/>\n<meta property=\"article:author\" content=\"https:\/\/www.facebook.com\/oculus.filme\/\" \/>\n<meta property=\"article:published_time\" content=\"2019-05-20T05:10:24+00:00\" \/>\n<meta property=\"article:modified_time\" content=\"2023-06-21T14:14:59+00:00\" \/>\n<meta property=\"og:image\" content=\"https:\/\/www.salzburgerland.com\/de\/magazin\/wp-content\/uploads\/2019\/05\/files-Img5515Large.jpg\" \/>\n\t<meta property=\"og:image:width\" content=\"825\" \/>\n\t<meta property=\"og:image:height\" content=\"550\" \/>\n\t<meta property=\"og:image:type\" content=\"image\/jpeg\" \/>\n<meta name=\"author\" content=\"Thomas Lahnsteiner\" \/>\n<meta name=\"twitter:card\" content=\"summary_large_image\" \/>\n<meta name=\"twitter:creator\" content=\"@Salzburgerland\" \/>\n<meta name=\"twitter:site\" content=\"@Salzburgerland\" \/>\n<meta name=\"twitter:label1\" content=\"Verfasst von\" \/>\n\t<meta name=\"twitter:data1\" content=\"Thomas Lahnsteiner\" \/>\n\t<meta name=\"twitter:label2\" content=\"Gesch\u00e4tzte Lesezeit\" \/>\n\t<meta name=\"twitter:data2\" content=\"4\u00a0Minuten\" \/>\n<script type=\"application\/ld+json\" class=\"yoast-schema-graph\">{\"@context\":\"https:\\\/\\\/schema.org\",\"@graph\":[{\"@type\":\"Article\",\"@id\":\"https:\\\/\\\/www.salzburgerland.com\\\/de\\\/magazin\\\/gaisbergrennen-2019\\\/#article\",\"isPartOf\":{\"@id\":\"https:\\\/\\\/www.salzburgerland.com\\\/de\\\/magazin\\\/gaisbergrennen-2019\\\/\"},\"author\":{\"name\":\"Thomas Lahnsteiner\",\"@id\":\"https:\\\/\\\/www.salzburgerland.com\\\/de\\\/magazin\\\/#\\\/schema\\\/person\\\/e35af5192c5cd0f60c9a342b7a0175f2\"},\"headline\":\"Gaisbergrennen 2019\",\"datePublished\":\"2019-05-20T05:10:24+00:00\",\"dateModified\":\"2023-06-21T14:14:59+00:00\",\"mainEntityOfPage\":{\"@id\":\"https:\\\/\\\/www.salzburgerland.com\\\/de\\\/magazin\\\/gaisbergrennen-2019\\\/\"},\"wordCount\":551,\"commentCount\":0,\"publisher\":{\"@id\":\"https:\\\/\\\/www.salzburgerland.com\\\/de\\\/magazin\\\/#organization\"},\"image\":{\"@id\":\"https:\\\/\\\/www.salzburgerland.com\\\/de\\\/magazin\\\/gaisbergrennen-2019\\\/#primaryimage\"},\"thumbnailUrl\":\"https:\\\/\\\/www.salzburgerland.com\\\/de\\\/magazin\\\/wp-content\\\/uploads\\\/2019\\\/05\\\/files-Img5515Large.jpg\",\"articleSection\":[\"Archiv\"],\"inLanguage\":\"de\",\"potentialAction\":[{\"@type\":\"CommentAction\",\"name\":\"Comment\",\"target\":[\"https:\\\/\\\/www.salzburgerland.com\\\/de\\\/magazin\\\/gaisbergrennen-2019\\\/#respond\"]}]},{\"@type\":\"WebPage\",\"@id\":\"https:\\\/\\\/www.salzburgerland.com\\\/de\\\/magazin\\\/gaisbergrennen-2019\\\/\",\"url\":\"https:\\\/\\\/www.salzburgerland.com\\\/de\\\/magazin\\\/gaisbergrennen-2019\\\/\",\"name\":\"Gaisbergrennen 2019 - SalzburgerLand Magazin\",\"isPartOf\":{\"@id\":\"https:\\\/\\\/www.salzburgerland.com\\\/de\\\/magazin\\\/#website\"},\"primaryImageOfPage\":{\"@id\":\"https:\\\/\\\/www.salzburgerland.com\\\/de\\\/magazin\\\/gaisbergrennen-2019\\\/#primaryimage\"},\"image\":{\"@id\":\"https:\\\/\\\/www.salzburgerland.com\\\/de\\\/magazin\\\/gaisbergrennen-2019\\\/#primaryimage\"},\"thumbnailUrl\":\"https:\\\/\\\/www.salzburgerland.com\\\/de\\\/magazin\\\/wp-content\\\/uploads\\\/2019\\\/05\\\/files-Img5515Large.jpg\",\"datePublished\":\"2019-05-20T05:10:24+00:00\",\"dateModified\":\"2023-06-21T14:14:59+00:00\",\"breadcrumb\":{\"@id\":\"https:\\\/\\\/www.salzburgerland.com\\\/de\\\/magazin\\\/gaisbergrennen-2019\\\/#breadcrumb\"},\"inLanguage\":\"de\",\"potentialAction\":[{\"@type\":\"ReadAction\",\"target\":[\"https:\\\/\\\/www.salzburgerland.com\\\/de\\\/magazin\\\/gaisbergrennen-2019\\\/\"]}]},{\"@type\":\"ImageObject\",\"inLanguage\":\"de\",\"@id\":\"https:\\\/\\\/www.salzburgerland.com\\\/de\\\/magazin\\\/gaisbergrennen-2019\\\/#primaryimage\",\"url\":\"https:\\\/\\\/www.salzburgerland.com\\\/de\\\/magazin\\\/wp-content\\\/uploads\\\/2019\\\/05\\\/files-Img5515Large.jpg\",\"contentUrl\":\"https:\\\/\\\/www.salzburgerland.com\\\/de\\\/magazin\\\/wp-content\\\/uploads\\\/2019\\\/05\\\/files-Img5515Large.jpg\",\"width\":825,\"height\":550,\"caption\":\"Eine Person schwenkt die Zielflagge, w\u00e4hrend sich ein Oldtimer an einem sonnigen Tag der Ziellinie n\u00e4hert.\"},{\"@type\":\"BreadcrumbList\",\"@id\":\"https:\\\/\\\/www.salzburgerland.com\\\/de\\\/magazin\\\/gaisbergrennen-2019\\\/#breadcrumb\",\"itemListElement\":[{\"@type\":\"ListItem\",\"position\":1,\"name\":\"Startseite\",\"item\":\"https:\\\/\\\/www.salzburgerland.com\\\/de\\\/magazin\\\/\"},{\"@type\":\"ListItem\",\"position\":2,\"name\":\"Archiv\",\"item\":\"https:\\\/\\\/www.salzburgerland.com\\\/de\\\/magazin\\\/thema\\\/archiv\\\/\"},{\"@type\":\"ListItem\",\"position\":3,\"name\":\"Gaisbergrennen 2019\"}]},{\"@type\":\"WebSite\",\"@id\":\"https:\\\/\\\/www.salzburgerland.com\\\/de\\\/magazin\\\/#website\",\"url\":\"https:\\\/\\\/www.salzburgerland.com\\\/de\\\/magazin\\\/\",\"name\":\"SalzburgerLand Magazin\",\"description\":\"Geschichten und Interessantes aus dem SalzburgerLand\",\"publisher\":{\"@id\":\"https:\\\/\\\/www.salzburgerland.com\\\/de\\\/magazin\\\/#organization\"},\"potentialAction\":[{\"@type\":\"SearchAction\",\"target\":{\"@type\":\"EntryPoint\",\"urlTemplate\":\"https:\\\/\\\/www.salzburgerland.com\\\/de\\\/magazin\\\/?s={search_term_string}\"},\"query-input\":{\"@type\":\"PropertyValueSpecification\",\"valueRequired\":true,\"valueName\":\"search_term_string\"}}],\"inLanguage\":\"de\"},{\"@type\":\"Organization\",\"@id\":\"https:\\\/\\\/www.salzburgerland.com\\\/de\\\/magazin\\\/#organization\",\"name\":\"SalzburgerLand Tourismus\",\"url\":\"https:\\\/\\\/www.salzburgerland.com\\\/de\\\/magazin\\\/\",\"logo\":{\"@type\":\"ImageObject\",\"inLanguage\":\"de\",\"@id\":\"https:\\\/\\\/www.salzburgerland.com\\\/de\\\/magazin\\\/#\\\/schema\\\/logo\\\/image\\\/\",\"url\":\"https:\\\/\\\/www.salzburgerland.com\\\/de\\\/magazin\\\/wp-content\\\/uploads\\\/2019\\\/06\\\/salzburgerland-logo1.jpg\",\"contentUrl\":\"https:\\\/\\\/www.salzburgerland.com\\\/de\\\/magazin\\\/wp-content\\\/uploads\\\/2019\\\/06\\\/salzburgerland-logo1.jpg\",\"width\":2011,\"height\":866,\"caption\":\"SalzburgerLand Tourismus\"},\"image\":{\"@id\":\"https:\\\/\\\/www.salzburgerland.com\\\/de\\\/magazin\\\/#\\\/schema\\\/logo\\\/image\\\/\"},\"sameAs\":[\"https:\\\/\\\/www.facebook.com\\\/salzburgerland\\\/\",\"https:\\\/\\\/x.com\\\/Salzburgerland\",\"https:\\\/\\\/www.instagram.com\\\/salzburgerland\\\/\",\"https:\\\/\\\/at.linkedin.com\\\/company\\\/salzburgerland-tourismus-gmbh\",\"https:\\\/\\\/www.pinterest.at\\\/salzburgerland\\\/\",\"https:\\\/\\\/www.youtube.com\\\/user\\\/salzburgerland\",\"https:\\\/\\\/de.wikipedia.org\\\/wiki\\\/SalzburgerLand_Tourismus_GmbH\"]},{\"@type\":\"Person\",\"@id\":\"https:\\\/\\\/www.salzburgerland.com\\\/de\\\/magazin\\\/#\\\/schema\\\/person\\\/e35af5192c5cd0f60c9a342b7a0175f2\",\"name\":\"Thomas Lahnsteiner\",\"description\":\"Neben der T\u00e4tigkeit als Autor beim Salzburger Land Magazin liegt meine Leidenschaft vor allem im Bereich der Videoproduktion. Eine perfekte Symbiose wie ich meine. Denn wie hei\u00dft es so sch\u00f6n: Ein Bild sagt mehr als tausend Worte. Umso aussagekr\u00e4ftiger sind also Bewegtbilder. Diese Bilder verschmelzt mit einem wohl\u00fcberlegten, kreativen Text sorgen f\u00fcr eine perfekte Kombination und sollen dem Leser ein bestm\u00f6gliches audiovisuelles Leseerlebnis erm\u00f6glichen. Neben dem Bachelorstudium der Kommunikationswissenschaften ist diese T\u00e4tigkeit gleich doppelt von Vorteil, da die im Studium erlernte Theorie durch die Mitarbeit am besagten Medium sofort in die Praxis umgesetzt werden kann. Doch die gr\u00f6\u00dfte Motivation ist und bleibt das Offensichtliche: \u00dcber das wundersch\u00f6ne Salzburger Land zu schreiben, samt all seinen landschaftlichen, kulinarischen und kulturellen Gegebenheiten. &nbsp; &nbsp; Dein pers\u00f6nlicher Logenplatz in Salzburg? Im Prinzip das ganze Salzburger Land, da jede Region ihre eigenen Reize und Vorz\u00fcge hat. Wohnbedingt und durch die traumhafte Kombination von Bergen, Wasser und wundersch\u00f6nen Panoramastra\u00dfen (Motorrad) steht bei mir die Wolfgangseeregion an erster Stelle. &nbsp; Fr\u00fchling, Sommer, Herbst oder Winter? Sommer. Schon aufgrund der Tatsache, dass sich eine meiner Lieblingsaktivit\u00e4ten, das Motorradfahren, in dieser Jahreszeit am besten praktizieren l\u00e4sst. &nbsp; Bergschuhe oder Fu\u00dfballschuhe? Beides. Im Fu\u00dfballverein das Stollenprofil und bei Wanderungen die solide Sohle der Bergschuhe. &nbsp; Ausstellung oder Bergpanorma? Das Bergpanorama bei uns ist die sch\u00f6nste Ausstellung. &nbsp; Lederhose oder Smoking? Kommt ganz auf den Anlass an. Jedoch l\u00e4sst sich so ziemlich jeder Anlass sehr gut mit Tracht vereinen. &nbsp; Bergtour oder Seentour? Am besten und sch\u00f6nsten kombiniert. &nbsp;\",\"sameAs\":[\"https:\\\/\\\/allesumssalzkammergut.wordpress.com\\\/\",\"https:\\\/\\\/www.facebook.com\\\/oculus.filme\\\/\"],\"url\":\"https:\\\/\\\/www.salzburgerland.com\\\/de\\\/magazin\\\/author\\\/thomas-lahnsteiner\\\/\"}]}<\/script>\n<!-- \/ Yoast SEO Premium plugin. -->","yoast_head_json":{"title":"Gaisbergrennen 2019 - SalzburgerLand Magazin","description":"Im Salzburger Land findet&nbsp;jedes Jahr&nbsp;das international bekannte&nbsp;Gaisbergrennen&nbsp;statt. Dabei fahren altehrw\u00fcrdige Oldtimer Wertungsrunden auf den Gaisberg, in der Stadt Salzburg und am Salzburgring. 2019 feiert die Veranstaltung sein 90-j\u00e4hriges Jubil\u00e4um. Faszination Oldtimer Seit jeher begeistern Oldtimer durch ihren Charme, ihren Motorsound, ihren einzigartigen Flair,&#8230;man k\u00f6nnte diese Liste ewig fortf\u00fchren. Gerade in der heutigen Zeit, wo die [&hellip;]","robots":{"index":"noindex","follow":"nofollow"},"og_locale":"de_DE","og_type":"article","og_title":"Gaisbergrennen 2019","og_description":"Im Salzburger Land findet&nbsp;jedes Jahr&nbsp;das international bekannte&nbsp;Gaisbergrennen&nbsp;statt. Dabei fahren altehrw\u00fcrdige Oldtimer Wertungsrunden auf den Gaisberg, in der Stadt Salzburg und am Salzburgring. 2019 feiert die Veranstaltung sein 90-j\u00e4hriges Jubil\u00e4um. Faszination Oldtimer Seit jeher begeistern Oldtimer durch ihren Charme, ihren Motorsound, ihren einzigartigen Flair,&#8230;man k\u00f6nnte diese Liste ewig fortf\u00fchren. Gerade in der heutigen Zeit, wo die [&hellip;]","og_url":"https:\/\/www.salzburgerland.com\/de\/magazin\/gaisbergrennen-2019\/","og_site_name":"SalzburgerLand Magazin","article_publisher":"https:\/\/www.facebook.com\/salzburgerland\/","article_author":"https:\/\/www.facebook.com\/oculus.filme\/","article_published_time":"2019-05-20T05:10:24+00:00","article_modified_time":"2023-06-21T14:14:59+00:00","og_image":[{"width":825,"height":550,"url":"https:\/\/www.salzburgerland.com\/de\/magazin\/wp-content\/uploads\/2019\/05\/files-Img5515Large.jpg","type":"image\/jpeg"}],"author":"Thomas Lahnsteiner","twitter_card":"summary_large_image","twitter_creator":"@Salzburgerland","twitter_site":"@Salzburgerland","twitter_misc":{"Verfasst von":"Thomas Lahnsteiner","Gesch\u00e4tzte Lesezeit":"4\u00a0Minuten"},"schema":{"@context":"https:\/\/schema.org","@graph":[{"@type":"Article","@id":"https:\/\/www.salzburgerland.com\/de\/magazin\/gaisbergrennen-2019\/#article","isPartOf":{"@id":"https:\/\/www.salzburgerland.com\/de\/magazin\/gaisbergrennen-2019\/"},"author":{"name":"Thomas Lahnsteiner","@id":"https:\/\/www.salzburgerland.com\/de\/magazin\/#\/schema\/person\/e35af5192c5cd0f60c9a342b7a0175f2"},"headline":"Gaisbergrennen 2019","datePublished":"2019-05-20T05:10:24+00:00","dateModified":"2023-06-21T14:14:59+00:00","mainEntityOfPage":{"@id":"https:\/\/www.salzburgerland.com\/de\/magazin\/gaisbergrennen-2019\/"},"wordCount":551,"commentCount":0,"publisher":{"@id":"https:\/\/www.salzburgerland.com\/de\/magazin\/#organization"},"image":{"@id":"https:\/\/www.salzburgerland.com\/de\/magazin\/gaisbergrennen-2019\/#primaryimage"},"thumbnailUrl":"https:\/\/www.salzburgerland.com\/de\/magazin\/wp-content\/uploads\/2019\/05\/files-Img5515Large.jpg","articleSection":["Archiv"],"inLanguage":"de","potentialAction":[{"@type":"CommentAction","name":"Comment","target":["https:\/\/www.salzburgerland.com\/de\/magazin\/gaisbergrennen-2019\/#respond"]}]},{"@type":"WebPage","@id":"https:\/\/www.salzburgerland.com\/de\/magazin\/gaisbergrennen-2019\/","url":"https:\/\/www.salzburgerland.com\/de\/magazin\/gaisbergrennen-2019\/","name":"Gaisbergrennen 2019 - SalzburgerLand Magazin","isPartOf":{"@id":"https:\/\/www.salzburgerland.com\/de\/magazin\/#website"},"primaryImageOfPage":{"@id":"https:\/\/www.salzburgerland.com\/de\/magazin\/gaisbergrennen-2019\/#primaryimage"},"image":{"@id":"https:\/\/www.salzburgerland.com\/de\/magazin\/gaisbergrennen-2019\/#primaryimage"},"thumbnailUrl":"https:\/\/www.salzburgerland.com\/de\/magazin\/wp-content\/uploads\/2019\/05\/files-Img5515Large.jpg","datePublished":"2019-05-20T05:10:24+00:00","dateModified":"2023-06-21T14:14:59+00:00","breadcrumb":{"@id":"https:\/\/www.salzburgerland.com\/de\/magazin\/gaisbergrennen-2019\/#breadcrumb"},"inLanguage":"de","potentialAction":[{"@type":"ReadAction","target":["https:\/\/www.salzburgerland.com\/de\/magazin\/gaisbergrennen-2019\/"]}]},{"@type":"ImageObject","inLanguage":"de","@id":"https:\/\/www.salzburgerland.com\/de\/magazin\/gaisbergrennen-2019\/#primaryimage","url":"https:\/\/www.salzburgerland.com\/de\/magazin\/wp-content\/uploads\/2019\/05\/files-Img5515Large.jpg","contentUrl":"https:\/\/www.salzburgerland.com\/de\/magazin\/wp-content\/uploads\/2019\/05\/files-Img5515Large.jpg","width":825,"height":550,"caption":"Eine Person schwenkt die Zielflagge, w\u00e4hrend sich ein Oldtimer an einem sonnigen Tag der Ziellinie n\u00e4hert."},{"@type":"BreadcrumbList","@id":"https:\/\/www.salzburgerland.com\/de\/magazin\/gaisbergrennen-2019\/#breadcrumb","itemListElement":[{"@type":"ListItem","position":1,"name":"Startseite","item":"https:\/\/www.salzburgerland.com\/de\/magazin\/"},{"@type":"ListItem","position":2,"name":"Archiv","item":"https:\/\/www.salzburgerland.com\/de\/magazin\/thema\/archiv\/"},{"@type":"ListItem","position":3,"name":"Gaisbergrennen 2019"}]},{"@type":"WebSite","@id":"https:\/\/www.salzburgerland.com\/de\/magazin\/#website","url":"https:\/\/www.salzburgerland.com\/de\/magazin\/","name":"SalzburgerLand Magazin","description":"Geschichten und Interessantes aus dem SalzburgerLand","publisher":{"@id":"https:\/\/www.salzburgerland.com\/de\/magazin\/#organization"},"potentialAction":[{"@type":"SearchAction","target":{"@type":"EntryPoint","urlTemplate":"https:\/\/www.salzburgerland.com\/de\/magazin\/?s={search_term_string}"},"query-input":{"@type":"PropertyValueSpecification","valueRequired":true,"valueName":"search_term_string"}}],"inLanguage":"de"},{"@type":"Organization","@id":"https:\/\/www.salzburgerland.com\/de\/magazin\/#organization","name":"SalzburgerLand Tourismus","url":"https:\/\/www.salzburgerland.com\/de\/magazin\/","logo":{"@type":"ImageObject","inLanguage":"de","@id":"https:\/\/www.salzburgerland.com\/de\/magazin\/#\/schema\/logo\/image\/","url":"https:\/\/www.salzburgerland.com\/de\/magazin\/wp-content\/uploads\/2019\/06\/salzburgerland-logo1.jpg","contentUrl":"https:\/\/www.salzburgerland.com\/de\/magazin\/wp-content\/uploads\/2019\/06\/salzburgerland-logo1.jpg","width":2011,"height":866,"caption":"SalzburgerLand Tourismus"},"image":{"@id":"https:\/\/www.salzburgerland.com\/de\/magazin\/#\/schema\/logo\/image\/"},"sameAs":["https:\/\/www.facebook.com\/salzburgerland\/","https:\/\/x.com\/Salzburgerland","https:\/\/www.instagram.com\/salzburgerland\/","https:\/\/at.linkedin.com\/company\/salzburgerland-tourismus-gmbh","https:\/\/www.pinterest.at\/salzburgerland\/","https:\/\/www.youtube.com\/user\/salzburgerland","https:\/\/de.wikipedia.org\/wiki\/SalzburgerLand_Tourismus_GmbH"]},{"@type":"Person","@id":"https:\/\/www.salzburgerland.com\/de\/magazin\/#\/schema\/person\/e35af5192c5cd0f60c9a342b7a0175f2","name":"Thomas Lahnsteiner","description":"Neben der T\u00e4tigkeit als Autor beim Salzburger Land Magazin liegt meine Leidenschaft vor allem im Bereich der Videoproduktion. Eine perfekte Symbiose wie ich meine. Denn wie hei\u00dft es so sch\u00f6n: Ein Bild sagt mehr als tausend Worte. Umso aussagekr\u00e4ftiger sind also Bewegtbilder. Diese Bilder verschmelzt mit einem wohl\u00fcberlegten, kreativen Text sorgen f\u00fcr eine perfekte Kombination und sollen dem Leser ein bestm\u00f6gliches audiovisuelles Leseerlebnis erm\u00f6glichen. Neben dem Bachelorstudium der Kommunikationswissenschaften ist diese T\u00e4tigkeit gleich doppelt von Vorteil, da die im Studium erlernte Theorie durch die Mitarbeit am besagten Medium sofort in die Praxis umgesetzt werden kann. Doch die gr\u00f6\u00dfte Motivation ist und bleibt das Offensichtliche: \u00dcber das wundersch\u00f6ne Salzburger Land zu schreiben, samt all seinen landschaftlichen, kulinarischen und kulturellen Gegebenheiten. &nbsp; &nbsp; Dein pers\u00f6nlicher Logenplatz in Salzburg? Im Prinzip das ganze Salzburger Land, da jede Region ihre eigenen Reize und Vorz\u00fcge hat. Wohnbedingt und durch die traumhafte Kombination von Bergen, Wasser und wundersch\u00f6nen Panoramastra\u00dfen (Motorrad) steht bei mir die Wolfgangseeregion an erster Stelle. &nbsp; Fr\u00fchling, Sommer, Herbst oder Winter? Sommer. Schon aufgrund der Tatsache, dass sich eine meiner Lieblingsaktivit\u00e4ten, das Motorradfahren, in dieser Jahreszeit am besten praktizieren l\u00e4sst. &nbsp; Bergschuhe oder Fu\u00dfballschuhe? Beides. Im Fu\u00dfballverein das Stollenprofil und bei Wanderungen die solide Sohle der Bergschuhe. &nbsp; Ausstellung oder Bergpanorma? Das Bergpanorama bei uns ist die sch\u00f6nste Ausstellung. &nbsp; Lederhose oder Smoking? Kommt ganz auf den Anlass an. Jedoch l\u00e4sst sich so ziemlich jeder Anlass sehr gut mit Tracht vereinen. &nbsp; Bergtour oder Seentour? Am besten und sch\u00f6nsten kombiniert. &nbsp;","sameAs":["https:\/\/allesumssalzkammergut.wordpress.com\/","https:\/\/www.facebook.com\/oculus.filme\/"],"url":"https:\/\/www.salzburgerland.com\/de\/magazin\/author\/thomas-lahnsteiner\/"}]}},"_wl_alt_label":[],"wl:entity_url":"http:\/\/open.salzburgerland.com\/magazin\/post\/gaisbergrennen_2019","_links":{"self":[{"href":"https:\/\/www.salzburgerland.com\/de\/magazin\/wp-json\/wp\/v2\/posts\/130528","targetHints":{"allow":["GET"]}}],"collection":[{"href":"https:\/\/www.salzburgerland.com\/de\/magazin\/wp-json\/wp\/v2\/posts"}],"about":[{"href":"https:\/\/www.salzburgerland.com\/de\/magazin\/wp-json\/wp\/v2\/types\/post"}],"author":[{"embeddable":true,"href":"https:\/\/www.salzburgerland.com\/de\/magazin\/wp-json\/wp\/v2\/users\/542"}],"replies":[{"embeddable":true,"href":"https:\/\/www.salzburgerland.com\/de\/magazin\/wp-json\/wp\/v2\/comments?post=130528"}],"version-history":[{"count":1,"href":"https:\/\/www.salzburgerland.com\/de\/magazin\/wp-json\/wp\/v2\/posts\/130528\/revisions"}],"predecessor-version":[{"id":167499,"href":"https:\/\/www.salzburgerland.com\/de\/magazin\/wp-json\/wp\/v2\/posts\/130528\/revisions\/167499"}],"wp:featuredmedia":[{"embeddable":true,"href":"https:\/\/www.salzburgerland.com\/de\/magazin\/wp-json\/wp\/v2\/media\/130578"}],"wp:attachment":[{"href":"https:\/\/www.salzburgerland.com\/de\/magazin\/wp-json\/wp\/v2\/media?parent=130528"}],"wp:term":[{"taxonomy":"category","embeddable":true,"href":"https:\/\/www.salzburgerland.com\/de\/magazin\/wp-json\/wp\/v2\/categories?post=130528"},{"taxonomy":"post_tag","embeddable":true,"href":"https:\/\/www.salzburgerland.com\/de\/magazin\/wp-json\/wp\/v2\/tags?post=130528"},{"taxonomy":"wl_entity_type","embeddable":true,"href":"https:\/\/www.salzburgerland.com\/de\/magazin\/wp-json\/wp\/v2\/wl_entity_type?post=130528"},{"taxonomy":"monatsauswahl","embeddable":true,"href":"https:\/\/www.salzburgerland.com\/de\/magazin\/wp-json\/wp\/v2\/monatsauswahl?post=130528"}],"curies":[{"name":"wp","href":"https:\/\/api.w.org\/{rel}","templated":true}]}}