{"id":130378,"date":"2019-05-14T08:00:31","date_gmt":"2019-05-14T06:00:31","guid":{"rendered":"https:\/\/www.salzburgerland.com\/de\/magazin\/?p=130378"},"modified":"2024-10-04T10:27:43","modified_gmt":"2024-10-04T08:27:43","slug":"garantiert-regional-aus-dem-salzburgerland","status":"publish","type":"post","link":"https:\/\/www.salzburgerland.com\/de\/magazin\/garantiert-regional-aus-dem-salzburgerland\/","title":{"rendered":"Garantiert regional aus dem SalzburgerLand"},"content":{"rendered":"\n<h2 class=\"wp-block-slt-subtitle\">Ausgezeichnete Lebensmittel mit Herkunfts-Zertifikat<\/h2>\n\n\n\n<p class=\"wp-block-slt-intro\">Was w\u00e4re ein Urlaub ohne kulinarische Gen\u00fcsse? Der Besuch eines <a href=\"https:\/\/www.salzburgerland.com\/de\/bauernherbst\/\" target=\"_blank\" rel=\"noreferrer noopener\">Bauernherbst-Festes<\/a> ohne frische Bauernkrapfen, eine <a href=\"https:\/\/www.salzburgerland.com\/de\/almsommer\/\" target=\"_blank\" rel=\"noreferrer noopener\">Almsommer<\/a>-Wanderung ohne Brettljause, ein Skitag ohne Kaspresskn\u00f6delsuppe? Undenkbar. Das neue SalzburgerLand Herkunfts-Zertifikat macht es Einheimischen und G\u00e4sten in Zukunft noch leichter, zu erkennen und zu wissen, woher die Lebensmittel kommen. Eines ist schon vorweg klar: das SalzburgerLand schmeckt.<\/p>\n\n\n\n<h2 class=\"wp-block-heading\" id=\"h-so-schmeckt-das-salzburgerland\">So schmeckt das SalzburgerLand<\/h2>\n\n\n\n<p>Um ein Land richtig kennenzulernen muss man es eben auch erschmecken. Und gar nicht so selten spielt das Thema regionale Kulinarik auch bei der Buchungsentscheidung eine Rolle. Das SalzburgerLand kann hier zum Gl\u00fcck aus dem Vollen sch\u00f6pfen. Es gibt einfach so viele K\u00f6stlichkeiten und so viele \u201eLebensmittel-Handwerker\u201c, die daraus die allerfeinsten Speisen zubereiten. Mit&nbsp; Lebensmittel-Handwerkern sind in erster Linie die vielen b\u00e4uerlichen Betriebe gemeint, die mit viel Liebe und Engagement am Werk sind. So wie etwa Familie Mangelberger von der <a href=\"https:\/\/www.mattigtaler.at\/\" target=\"_blank\" rel=\"noopener noreferrer\">Bio-Hofk\u00e4serei Mattigtaler<\/a> in Seekirchen.<\/p>\n\n\n\n<h2 class=\"wp-block-heading\" id=\"h-zu-besuch-bei-der-bio-hofkaserei-mattigtaler\">Zu Besuch bei der Bio-Hofk\u00e4serei Mattigtaler<\/h2>\n\n\n\n<p>Seit \u00fcber 20 Jahren wird hier in dem kleinen Ort Kraiham bei Seekirchen im Salzburger Flachgau, K\u00e4se aus bester Salzburger Milch erzeugt. Der typische Arbeitstag beginnt \u2013 wie bei so vielen Bauern mit Milchviehbetrieb \u2013 schon um 5 Uhr morgens und das an 365 Tagen Jahr. An Urlaub oder einmal ausschlafen ist nicht zu denken, schon allein daran sieht man, dass man den Beruf Landwirt wirklich nur aus vollster \u00dcberzeugung aus\u00fcben kann. W\u00e4hrend die Tiere den Tag auf den wunderbaren Obstwiesen und Feldern rund um den Hof verbringen d\u00fcrfen, wird in der K\u00e4serei flei\u00dfig gearbeitet. Die Milch muss, damit der volle Geschmack erhalten bleibt, n\u00e4mlich sofort weiterverarbeitet werden. Die K\u00e4sevielfalt, die im Lauf der verschiedenen Reifephasen entsteht, kann sich wahrlich sehen lassen. Von Frischk\u00e4sesorten in unterschiedlichen Geschmacksrichtungen \u00fcber Bio-H\u00fcttenk\u00e4se bis zu\u00a0 Bio-Camembert, Bio-Weink\u00e4se oder Bio-Brie. Da ist f\u00fcr jeden K\u00e4seliebhaber etwas dabei. Erg\u00e4nzt wird das Sortiment durch Bio-Heumilch, Schlagobers, Sauerrahm, Topfen, Joghurt und Butter.\u00a0<\/p>\n\n\n<div class=\"mag-gallery\"><div class=\"row\"><div class=\"col-6 col-sm-4\"><figure><a class=\"thumb-container\" href=\"https:\/\/www.salzburgerland.com\/de\/magazin\/wp-content\/uploads\/2019\/05\/Mattigtaler_WeichkaeseSortiment-1280x1024.jpg\">\t<picture><source media=\"(min-width: 576px)\" srcset=\"https:\/\/www.salzburgerland.com\/de\/magazin\/wp-content\/uploads\/2019\/05\/Mattigtaler_WeichkaeseSortiment-325x209.jpg 325w, https:\/\/www.salzburgerland.com\/de\/magazin\/wp-content\/uploads\/2019\/05\/Mattigtaler_WeichkaeseSortiment-249x160.jpg 249w\"><\/source><source media=\"(min-width: 0)\" srcset=\"https:\/\/www.salzburgerland.com\/de\/magazin\/wp-content\/uploads\/2019\/05\/Mattigtaler_WeichkaeseSortiment-249x160.jpg 249w, https:\/\/www.salzburgerland.com\/de\/magazin\/wp-content\/uploads\/2019\/05\/Mattigtaler_WeichkaeseSortiment-325x209.jpg 325w\"><\/source><img decoding=\"async\" alt=\"Verschiedene K&auml;sesorten, ein Apfel, Kn&auml;ckebrotscheiben und Pfefferk&ouml;rner auf einer Holzunterlage.\" src=\"https:\/\/www.salzburgerland.com\/de\/magazin\/wp-content\/uploads\/2019\/05\/Mattigtaler_WeichkaeseSortiment.jpg\">\t<\/picture><\/a><\/figure><\/div><div class=\"col-6 col-sm-4\"><figure><a class=\"thumb-container\" href=\"https:\/\/www.salzburgerland.com\/de\/magazin\/wp-content\/uploads\/2019\/05\/Mattigtaler_hof-1280x1024.jpg\">\t<picture><source media=\"(min-width: 576px)\" srcset=\"https:\/\/www.salzburgerland.com\/de\/magazin\/wp-content\/uploads\/2019\/05\/Mattigtaler_hof-325x209.jpg 325w, https:\/\/www.salzburgerland.com\/de\/magazin\/wp-content\/uploads\/2019\/05\/Mattigtaler_hof-249x160.jpg 249w\"><\/source><source media=\"(min-width: 0)\" srcset=\"https:\/\/www.salzburgerland.com\/de\/magazin\/wp-content\/uploads\/2019\/05\/Mattigtaler_hof-249x160.jpg 249w, https:\/\/www.salzburgerland.com\/de\/magazin\/wp-content\/uploads\/2019\/05\/Mattigtaler_hof-325x209.jpg 325w\"><\/source><img decoding=\"async\" alt=\"Ein Apfelbaum umrahmt ein &ouml;sterreichisches Bauernhaus mit Blumenk&auml;sten an einem sonnigen Tag auf einer gr&uuml;nen Wiese.\" src=\"https:\/\/www.salzburgerland.com\/de\/magazin\/wp-content\/uploads\/2019\/05\/Mattigtaler_hof.jpg\">\t<\/picture><\/a><\/figure><\/div><div class=\"col-6 col-sm-4\"><figure><a class=\"thumb-container\" href=\"https:\/\/www.salzburgerland.com\/de\/magazin\/wp-content\/uploads\/2019\/05\/Mattigtaler_Ka%C2%A6%C3%AAseherstellu-1280x1024.jpg\">\t<picture><source media=\"(min-width: 576px)\" srcset=\"https:\/\/www.salzburgerland.com\/de\/magazin\/wp-content\/uploads\/2019\/05\/Mattigtaler_Ka&brvbar;&ecirc;seherstellu-325x209.jpg 325w, https:\/\/www.salzburgerland.com\/de\/magazin\/wp-content\/uploads\/2019\/05\/Mattigtaler_Ka&brvbar;&ecirc;seherstellu-249x160.jpg 249w\"><\/source><source media=\"(min-width: 0)\" srcset=\"https:\/\/www.salzburgerland.com\/de\/magazin\/wp-content\/uploads\/2019\/05\/Mattigtaler_Ka&brvbar;&ecirc;seherstellu-249x160.jpg 249w, https:\/\/www.salzburgerland.com\/de\/magazin\/wp-content\/uploads\/2019\/05\/Mattigtaler_Ka&brvbar;&ecirc;seherstellu-325x209.jpg 325w\"><\/source><img decoding=\"async\" alt=\"Zwei Personen in einer Molkerei, die K&auml;se herstellen. Sie tragen wei&szlig;e Uniformen und Haarnetze und bearbeiten den K&auml;sebruch.\" src=\"https:\/\/www.salzburgerland.com\/de\/magazin\/wp-content\/uploads\/2019\/05\/Mattigtaler_Ka%C2%A6%C3%AAseherstellu.jpg\">\t<\/picture><\/a><\/figure><\/div><\/div><figcaption><\/figcaption><\/div>\n\n\n\n<p>Wunderbare Lebensmittel&nbsp; &#8211; zu 100 % aus dem SalzburgerLand. Schade eigentlich, dass man als Konsument oft gar nicht wei\u00df, woher diese Lebensmittel kommen. Genau das haben sich die verantwortlichen Marketingfachleute auch gedacht und das neue <a href=\"https:\/\/www.salzburgerlandwirtschaft.at\/geschichte\/salzburgerland-herkunfts-zertifikat-323\" target=\"_blank\" rel=\"noopener noreferrer\">SalzburgerLand Herkunfts-Zertifikat<\/a> ins Leben gerufen.<\/p>\n\n\n\n<h2 class=\"wp-block-heading\" id=\"h-salzburgerland-herkunfts-zertifikat\">SalzburgerLand Herkunfts-Zertifikat<\/h2>\n\n\n\n<p>Seit einigen Jahren werden Lebensmittel aus dem SalzburgerLand mit einem eigenen Siegel gekennzeichnet  \u2013 egal ob ihr am Wochenmarkt, im Hofladen, beim Metzger oder im Supermarkt einkauft, ein kurzer Blick auf das gut sichtbare Logo zeigt: dieses Produkt ist garantiert regional. Und unter <a href=\"https:\/\/www.salzburgschmeckt.at\/salzburgerland-herkunfts-zertifikat\/\" target=\"_blank\" rel=\"noreferrer noopener\">www.salzburg-schmeckt.at<\/a> kann man auch genau nachvollziehen, woher die Waren im Einkaufskorb stammen.<\/p>\n\n\n\n<p>Lebensmittel, die mit dem SalzburgerLand Herkunfts-Zertifikat ausgezeichnet sind, sind selbstverst\u00e4ndlich streng kontrolliert. Das runde SalzburgerLand-Siegel ist nur auf gepr\u00fcften und zertifizierten Produkten zu finden.&nbsp;Sie k\u00f6nnen darauf vertrauen, dass alle ausgezeichneten Lebensmittel aus kleinstrukturierter, familiengef\u00fchrter Landwirtschaft aus dem SalzburgerLand stammen.&nbsp;<\/p>\n\n\n<div class=\"wp-block-image\">\n<figure class=\"alignleft size-full\"><a href=\"https:\/\/www.salzburgerland.com\/de\/magazin\/wp-content\/uploads\/2019\/05\/d03e19012.jpg\"><img loading=\"lazy\" decoding=\"async\" width=\"1600\" height=\"1067\" src=\"https:\/\/www.salzburgerland.com\/de\/magazin\/wp-content\/uploads\/2019\/05\/d03e19012.jpg\" alt=\"Drei Personen in traditioneller Kleidung halten eine Holzkiste mit Milchprodukten mit der Aufschrift Echtes Salzburger Genuss-Handwerk.\" class=\"wp-image-130385\" srcset=\"https:\/\/www.salzburgerland.com\/de\/magazin\/wp-content\/uploads\/2019\/05\/d03e19012.jpg 1600w, https:\/\/www.salzburgerland.com\/de\/magazin\/wp-content\/uploads\/2019\/05\/d03e19012-300x200.jpg 300w, https:\/\/www.salzburgerland.com\/de\/magazin\/wp-content\/uploads\/2019\/05\/d03e19012-825x550.jpg 825w, https:\/\/www.salzburgerland.com\/de\/magazin\/wp-content\/uploads\/2019\/05\/d03e19012-600x400.jpg 600w, https:\/\/www.salzburgerland.com\/de\/magazin\/wp-content\/uploads\/2019\/05\/d03e19012-1320x880.jpg 1320w\" sizes=\"auto, (max-width: 1600px) 100vw, 1600px\" \/><\/a><figcaption class=\"wp-element-caption\">\u00a9Wildbild, Familie Mangelberger von der Hofk\u00e4serei Mattigtaler mit einer Auswahl der gekennzeichneten Produkten.<\/figcaption><\/figure><\/div>\n\n\n<p>Mittlerweile sind um die 2.400 Produkte zertifiziert und im Handel als &#8222;garantiert regional&#8220; gekennzeichnet, so wie auch zahlreiche K\u00f6stlichkeiten aus der Mattigtaler Bio-Hofk\u00e4serei. Und t\u00e4glich werden es mehr. Ob Milchprodukte, Eier, Fleisch oder Gem\u00fcse \u2013 wer auf das SalzburgerLand-Siegel achtet, kann sich sicher sein, dass er beste regionale Lebensmittel in H\u00e4nden h\u00e4lt.<\/p>\n","protected":false},"excerpt":{"rendered":"<p>So schmeckt das SalzburgerLand Um ein Land richtig kennenzulernen muss man es eben auch erschmecken. Und gar nicht so selten spielt das Thema regionale Kulinarik auch bei der Buchungsentscheidung eine Rolle. Das SalzburgerLand kann hier zum Gl\u00fcck aus dem Vollen sch\u00f6pfen. Es gibt einfach so viele K\u00f6stlichkeiten und so viele \u201eLebensmittel-Handwerker\u201c, die daraus die allerfeinsten [&hellip;]<\/p>\n","protected":false},"author":90,"featured_media":131218,"comment_status":"open","ping_status":"open","sticky":false,"template":"","format":"standard","meta":{"_acf_changed":false,"wl_entities_gutenberg":"","_wl_entity_redirect_enabled":"","footnotes":""},"categories":[3],"tags":[],"wl_entity_type":[306],"monatsauswahl":[82,83,84,85,86,87,88,89,90,91,92,93],"class_list":["post-130378","post","type-post","status-publish","format-standard","has-post-thumbnail","hentry","category-essen-trinken","wl_entity_type-article","monatsauswahl-monat_1","monatsauswahl-monat_2","monatsauswahl-monat_3","monatsauswahl-monat_4","monatsauswahl-monat_5","monatsauswahl-monat_6","monatsauswahl-monat_7","monatsauswahl-monat_8","monatsauswahl-monat_9","monatsauswahl-monat_10","monatsauswahl-monat_11","monatsauswahl-monat_12"],"acf":[],"yoast_head":"<!-- This site is optimized with the Yoast SEO Premium plugin v27.4 (Yoast SEO v27.4) - https:\/\/yoast.com\/product\/yoast-seo-premium-wordpress\/ -->\n<title>Garantiert regional aus dem SalzburgerLand - SalzburgerLand Magazin<\/title>\n<meta name=\"description\" content=\"Was w\u00e4re ein Urlaub ohne kulinarische Gen\u00fcsse? Der Besuch eines Bauernherbst-Festes ohne frische Bauernkrapfen, eine Almsommer-Wanderung ohne Brettljause, ein Skitag ohne Kaspresskn\u00f6delsuppe? Undenkbar. Das neue SalzburgerLand Herkunfts-Zertifikat macht es Einheimischen und G\u00e4sten in Zukunft noch leichter, zu erkennen und zu wissen, woher die Lebensmittel kommen. Eines ist schon vorweg klar: das SalzburgerLand schmeckt.\" \/>\n<meta name=\"robots\" content=\"index, follow, max-snippet:-1, max-image-preview:large, max-video-preview:-1\" \/>\n<link rel=\"canonical\" href=\"https:\/\/www.salzburgerland.com\/de\/magazin\/garantiert-regional-aus-dem-salzburgerland\/\" \/>\n<meta property=\"og:locale\" content=\"de_DE\" \/>\n<meta property=\"og:type\" content=\"article\" \/>\n<meta property=\"og:title\" content=\"Garantiert regional aus dem SalzburgerLand\" \/>\n<meta property=\"og:description\" content=\"So schmeckt das SalzburgerLand Um ein Land richtig kennenzulernen muss man es eben auch erschmecken. Und gar nicht so selten spielt das Thema regionale Kulinarik auch bei der Buchungsentscheidung eine Rolle. Das SalzburgerLand kann hier zum Gl\u00fcck aus dem Vollen sch\u00f6pfen. Es gibt einfach so viele K\u00f6stlichkeiten und so viele \u201eLebensmittel-Handwerker\u201c, die daraus die allerfeinsten [&hellip;]\" \/>\n<meta property=\"og:url\" content=\"https:\/\/www.salzburgerland.com\/de\/magazin\/garantiert-regional-aus-dem-salzburgerland\/\" \/>\n<meta property=\"og:site_name\" content=\"SalzburgerLand Magazin\" \/>\n<meta property=\"article:publisher\" content=\"https:\/\/www.facebook.com\/salzburgerland\/\" \/>\n<meta property=\"article:published_time\" content=\"2019-05-14T06:00:31+00:00\" \/>\n<meta property=\"article:modified_time\" content=\"2024-10-04T08:27:43+00:00\" \/>\n<meta property=\"og:image\" content=\"https:\/\/www.salzburgerland.com\/de\/magazin\/wp-content\/uploads\/2019\/05\/Gesamt.jpg\" \/>\n\t<meta property=\"og:image:width\" content=\"1600\" \/>\n\t<meta property=\"og:image:height\" content=\"1073\" \/>\n\t<meta property=\"og:image:type\" content=\"image\/jpeg\" \/>\n<meta name=\"author\" content=\"Ulli Hammerl\" \/>\n<meta name=\"twitter:card\" content=\"summary_large_image\" \/>\n<meta name=\"twitter:creator\" content=\"@Salzburgerland\" \/>\n<meta name=\"twitter:site\" content=\"@Salzburgerland\" \/>\n<meta name=\"twitter:label1\" content=\"Verfasst von\" \/>\n\t<meta name=\"twitter:data1\" content=\"Ulli Hammerl\" \/>\n\t<meta name=\"twitter:label2\" content=\"Gesch\u00e4tzte Lesezeit\" \/>\n\t<meta name=\"twitter:data2\" content=\"4\u00a0Minuten\" \/>\n<script type=\"application\/ld+json\" class=\"yoast-schema-graph\">{\"@context\":\"https:\\\/\\\/schema.org\",\"@graph\":[{\"@type\":\"Article\",\"@id\":\"https:\\\/\\\/www.salzburgerland.com\\\/de\\\/magazin\\\/garantiert-regional-aus-dem-salzburgerland\\\/#article\",\"isPartOf\":{\"@id\":\"https:\\\/\\\/www.salzburgerland.com\\\/de\\\/magazin\\\/garantiert-regional-aus-dem-salzburgerland\\\/\"},\"author\":{\"name\":\"Ulli Hammerl\",\"@id\":\"https:\\\/\\\/www.salzburgerland.com\\\/de\\\/magazin\\\/#\\\/schema\\\/person\\\/a55a4fee1009b9e458d298480a18a9f7\"},\"headline\":\"Garantiert regional aus dem SalzburgerLand\",\"datePublished\":\"2019-05-14T06:00:31+00:00\",\"dateModified\":\"2024-10-04T08:27:43+00:00\",\"mainEntityOfPage\":{\"@id\":\"https:\\\/\\\/www.salzburgerland.com\\\/de\\\/magazin\\\/garantiert-regional-aus-dem-salzburgerland\\\/\"},\"wordCount\":544,\"commentCount\":0,\"publisher\":{\"@id\":\"https:\\\/\\\/www.salzburgerland.com\\\/de\\\/magazin\\\/#organization\"},\"image\":{\"@id\":\"https:\\\/\\\/www.salzburgerland.com\\\/de\\\/magazin\\\/garantiert-regional-aus-dem-salzburgerland\\\/#primaryimage\"},\"thumbnailUrl\":\"https:\\\/\\\/www.salzburgerland.com\\\/de\\\/magazin\\\/wp-content\\\/uploads\\\/2019\\\/05\\\/Gesamt.jpg\",\"articleSection\":[\"Essen &amp; Trinken\"],\"inLanguage\":\"de\",\"potentialAction\":[{\"@type\":\"CommentAction\",\"name\":\"Comment\",\"target\":[\"https:\\\/\\\/www.salzburgerland.com\\\/de\\\/magazin\\\/garantiert-regional-aus-dem-salzburgerland\\\/#respond\"]}]},{\"@type\":\"WebPage\",\"@id\":\"https:\\\/\\\/www.salzburgerland.com\\\/de\\\/magazin\\\/garantiert-regional-aus-dem-salzburgerland\\\/\",\"url\":\"https:\\\/\\\/www.salzburgerland.com\\\/de\\\/magazin\\\/garantiert-regional-aus-dem-salzburgerland\\\/\",\"name\":\"Garantiert regional aus dem SalzburgerLand - SalzburgerLand Magazin\",\"isPartOf\":{\"@id\":\"https:\\\/\\\/www.salzburgerland.com\\\/de\\\/magazin\\\/#website\"},\"primaryImageOfPage\":{\"@id\":\"https:\\\/\\\/www.salzburgerland.com\\\/de\\\/magazin\\\/garantiert-regional-aus-dem-salzburgerland\\\/#primaryimage\"},\"image\":{\"@id\":\"https:\\\/\\\/www.salzburgerland.com\\\/de\\\/magazin\\\/garantiert-regional-aus-dem-salzburgerland\\\/#primaryimage\"},\"thumbnailUrl\":\"https:\\\/\\\/www.salzburgerland.com\\\/de\\\/magazin\\\/wp-content\\\/uploads\\\/2019\\\/05\\\/Gesamt.jpg\",\"datePublished\":\"2019-05-14T06:00:31+00:00\",\"dateModified\":\"2024-10-04T08:27:43+00:00\",\"breadcrumb\":{\"@id\":\"https:\\\/\\\/www.salzburgerland.com\\\/de\\\/magazin\\\/garantiert-regional-aus-dem-salzburgerland\\\/#breadcrumb\"},\"inLanguage\":\"de\",\"potentialAction\":[{\"@type\":\"ReadAction\",\"target\":[\"https:\\\/\\\/www.salzburgerland.com\\\/de\\\/magazin\\\/garantiert-regional-aus-dem-salzburgerland\\\/\"]}]},{\"@type\":\"ImageObject\",\"inLanguage\":\"de\",\"@id\":\"https:\\\/\\\/www.salzburgerland.com\\\/de\\\/magazin\\\/garantiert-regional-aus-dem-salzburgerland\\\/#primaryimage\",\"url\":\"https:\\\/\\\/www.salzburgerland.com\\\/de\\\/magazin\\\/wp-content\\\/uploads\\\/2019\\\/05\\\/Gesamt.jpg\",\"contentUrl\":\"https:\\\/\\\/www.salzburgerland.com\\\/de\\\/magazin\\\/wp-content\\\/uploads\\\/2019\\\/05\\\/Gesamt.jpg\",\"width\":1600,\"height\":1073,\"caption\":\"Eine Auswahl an frischen Lebensmitteln wie Fleisch, Fisch, K\u00e4se, Brot, Eier, Milch, Gem\u00fcse und Obst auf einem Tisch.\"},{\"@type\":\"BreadcrumbList\",\"@id\":\"https:\\\/\\\/www.salzburgerland.com\\\/de\\\/magazin\\\/garantiert-regional-aus-dem-salzburgerland\\\/#breadcrumb\",\"itemListElement\":[{\"@type\":\"ListItem\",\"position\":1,\"name\":\"Startseite\",\"item\":\"https:\\\/\\\/www.salzburgerland.com\\\/de\\\/magazin\\\/\"},{\"@type\":\"ListItem\",\"position\":2,\"name\":\"Essen &amp; Trinken\",\"item\":\"https:\\\/\\\/www.salzburgerland.com\\\/de\\\/magazin\\\/thema\\\/essen-trinken\\\/\"},{\"@type\":\"ListItem\",\"position\":3,\"name\":\"Garantiert regional aus dem SalzburgerLand\"}]},{\"@type\":\"WebSite\",\"@id\":\"https:\\\/\\\/www.salzburgerland.com\\\/de\\\/magazin\\\/#website\",\"url\":\"https:\\\/\\\/www.salzburgerland.com\\\/de\\\/magazin\\\/\",\"name\":\"SalzburgerLand Magazin\",\"description\":\"Geschichten und Interessantes aus dem SalzburgerLand\",\"publisher\":{\"@id\":\"https:\\\/\\\/www.salzburgerland.com\\\/de\\\/magazin\\\/#organization\"},\"potentialAction\":[{\"@type\":\"SearchAction\",\"target\":{\"@type\":\"EntryPoint\",\"urlTemplate\":\"https:\\\/\\\/www.salzburgerland.com\\\/de\\\/magazin\\\/?s={search_term_string}\"},\"query-input\":{\"@type\":\"PropertyValueSpecification\",\"valueRequired\":true,\"valueName\":\"search_term_string\"}}],\"inLanguage\":\"de\"},{\"@type\":\"Organization\",\"@id\":\"https:\\\/\\\/www.salzburgerland.com\\\/de\\\/magazin\\\/#organization\",\"name\":\"SalzburgerLand Tourismus\",\"url\":\"https:\\\/\\\/www.salzburgerland.com\\\/de\\\/magazin\\\/\",\"logo\":{\"@type\":\"ImageObject\",\"inLanguage\":\"de\",\"@id\":\"https:\\\/\\\/www.salzburgerland.com\\\/de\\\/magazin\\\/#\\\/schema\\\/logo\\\/image\\\/\",\"url\":\"https:\\\/\\\/www.salzburgerland.com\\\/de\\\/magazin\\\/wp-content\\\/uploads\\\/2019\\\/06\\\/salzburgerland-logo1.jpg\",\"contentUrl\":\"https:\\\/\\\/www.salzburgerland.com\\\/de\\\/magazin\\\/wp-content\\\/uploads\\\/2019\\\/06\\\/salzburgerland-logo1.jpg\",\"width\":2011,\"height\":866,\"caption\":\"SalzburgerLand Tourismus\"},\"image\":{\"@id\":\"https:\\\/\\\/www.salzburgerland.com\\\/de\\\/magazin\\\/#\\\/schema\\\/logo\\\/image\\\/\"},\"sameAs\":[\"https:\\\/\\\/www.facebook.com\\\/salzburgerland\\\/\",\"https:\\\/\\\/x.com\\\/Salzburgerland\",\"https:\\\/\\\/www.instagram.com\\\/salzburgerland\\\/\",\"https:\\\/\\\/at.linkedin.com\\\/company\\\/salzburgerland-tourismus-gmbh\",\"https:\\\/\\\/www.pinterest.at\\\/salzburgerland\\\/\",\"https:\\\/\\\/www.youtube.com\\\/user\\\/salzburgerland\",\"https:\\\/\\\/de.wikipedia.org\\\/wiki\\\/SalzburgerLand_Tourismus_GmbH\"]},{\"@type\":\"Person\",\"@id\":\"https:\\\/\\\/www.salzburgerland.com\\\/de\\\/magazin\\\/#\\\/schema\\\/person\\\/a55a4fee1009b9e458d298480a18a9f7\",\"name\":\"Ulli Hammerl\",\"description\":\"Geboren und aufgewachsen in der Stadt Salzburg war Ulli Hammerl fr\u00fch bewusst, in einer der sch\u00f6nsten St\u00e4dte der Welt zu leben. So ist sie auch w\u00e4hrend ihres Studiums der Kommunikationswissenschaft und \u00d6kologie ihrer Heimatstadt treu geblieben. Gleich nach dem Studium ist sie zu SalzburgerLand Tourismus (SLTG) gegangen und hat hier von 1998 - 2004 u.a. die SalzburgerLand Card betreut. Dabei ist sie viel herumgekommen, wodurch auch die Liebe zum SalzburgerLand enstanden und gewachsen ist. Nach der Geburt ihrer Tochter im September 2004 hat sich Ulli Hammerl 2007 mit einer Agentur selbst\u00e4ndig gemacht. Mein pers\u00f6nlicher Logenplatz: Hoch \u00fcber Salzburg, abseits der stark begangenen Wege mit Blick auf die D\u00e4cher und Kircht\u00fcrme der Stadt \u2013 hier geht mir das Herz auf! Morgen- oder Abendmensch: Ganz klar: Morgenmensch. Wenn um 5.00 Uhr fr\u00fch die V\u00f6gel zwitschern und rund herum noch alles in tiefer Ruhe versinkt, dann ist meine Zeit. Ausgeschlafen, Energie geladen und voller Tatendrang starte ich am liebsten in den fr\u00fchen Morgenstunden in den Tag. Daf\u00fcr kann man nach 21.00 Uhr nicht mehr mit mir rechnen. Buch oder Film: Es gibt nichts Sch\u00f6neres, als es sich am Ende des Tages auf der Couch gem\u00fctlich zu machen und in die Gedankenwelt eines guten Buches einzutauchen \u2013 Lesen ist Abenteuer im Kopf. Wandern, Spazierengehen oder Laufen: alles drei und zwar am besten jeden Tag. Mit ein bisschen Zeiteinteilung geht es sich tats\u00e4chlich fast gehen Tag aus, drau\u00dfen unterwegs zu sein. Fr\u00fchling, Sommer, Herbst oder Winter: Ich kann es im Fr\u00fchling kaum erwarten, die ersten Gr\u00fcnschattierungen in der Natur zu entdecken. Ich liebe hei\u00dfe Sommertage am See und laue Sommerabende am Balkon. Ich mag es, wenn im Herbst die W\u00e4lder in einem Meer aus Farben erstrahlen, Laubrascheln und Kastanien sammeln. Und ich freue mich wie ein Kind, wenn im Dezember die ersten Schneeflocken vom Himmel schweben. Die vier Jahreszeiten sind etwas Wunderbares.\",\"url\":\"https:\\\/\\\/www.salzburgerland.com\\\/de\\\/magazin\\\/author\\\/ulli-hammerl\\\/\"}]}<\/script>\n<!-- \/ Yoast SEO Premium plugin. -->","yoast_head_json":{"title":"Garantiert regional aus dem SalzburgerLand - SalzburgerLand Magazin","description":"Was w\u00e4re ein Urlaub ohne kulinarische Gen\u00fcsse? Der Besuch eines Bauernherbst-Festes ohne frische Bauernkrapfen, eine Almsommer-Wanderung ohne Brettljause, ein Skitag ohne Kaspresskn\u00f6delsuppe? Undenkbar. Das neue SalzburgerLand Herkunfts-Zertifikat macht es Einheimischen und G\u00e4sten in Zukunft noch leichter, zu erkennen und zu wissen, woher die Lebensmittel kommen. Eines ist schon vorweg klar: das SalzburgerLand schmeckt.","robots":{"index":"index","follow":"follow","max-snippet":"max-snippet:-1","max-image-preview":"max-image-preview:large","max-video-preview":"max-video-preview:-1"},"canonical":"https:\/\/www.salzburgerland.com\/de\/magazin\/garantiert-regional-aus-dem-salzburgerland\/","og_locale":"de_DE","og_type":"article","og_title":"Garantiert regional aus dem SalzburgerLand","og_description":"So schmeckt das SalzburgerLand Um ein Land richtig kennenzulernen muss man es eben auch erschmecken. Und gar nicht so selten spielt das Thema regionale Kulinarik auch bei der Buchungsentscheidung eine Rolle. Das SalzburgerLand kann hier zum Gl\u00fcck aus dem Vollen sch\u00f6pfen. Es gibt einfach so viele K\u00f6stlichkeiten und so viele \u201eLebensmittel-Handwerker\u201c, die daraus die allerfeinsten [&hellip;]","og_url":"https:\/\/www.salzburgerland.com\/de\/magazin\/garantiert-regional-aus-dem-salzburgerland\/","og_site_name":"SalzburgerLand Magazin","article_publisher":"https:\/\/www.facebook.com\/salzburgerland\/","article_published_time":"2019-05-14T06:00:31+00:00","article_modified_time":"2024-10-04T08:27:43+00:00","og_image":[{"width":1600,"height":1073,"url":"https:\/\/www.salzburgerland.com\/de\/magazin\/wp-content\/uploads\/2019\/05\/Gesamt.jpg","type":"image\/jpeg"}],"author":"Ulli Hammerl","twitter_card":"summary_large_image","twitter_creator":"@Salzburgerland","twitter_site":"@Salzburgerland","twitter_misc":{"Verfasst von":"Ulli Hammerl","Gesch\u00e4tzte Lesezeit":"4\u00a0Minuten"},"schema":{"@context":"https:\/\/schema.org","@graph":[{"@type":"Article","@id":"https:\/\/www.salzburgerland.com\/de\/magazin\/garantiert-regional-aus-dem-salzburgerland\/#article","isPartOf":{"@id":"https:\/\/www.salzburgerland.com\/de\/magazin\/garantiert-regional-aus-dem-salzburgerland\/"},"author":{"name":"Ulli Hammerl","@id":"https:\/\/www.salzburgerland.com\/de\/magazin\/#\/schema\/person\/a55a4fee1009b9e458d298480a18a9f7"},"headline":"Garantiert regional aus dem SalzburgerLand","datePublished":"2019-05-14T06:00:31+00:00","dateModified":"2024-10-04T08:27:43+00:00","mainEntityOfPage":{"@id":"https:\/\/www.salzburgerland.com\/de\/magazin\/garantiert-regional-aus-dem-salzburgerland\/"},"wordCount":544,"commentCount":0,"publisher":{"@id":"https:\/\/www.salzburgerland.com\/de\/magazin\/#organization"},"image":{"@id":"https:\/\/www.salzburgerland.com\/de\/magazin\/garantiert-regional-aus-dem-salzburgerland\/#primaryimage"},"thumbnailUrl":"https:\/\/www.salzburgerland.com\/de\/magazin\/wp-content\/uploads\/2019\/05\/Gesamt.jpg","articleSection":["Essen &amp; Trinken"],"inLanguage":"de","potentialAction":[{"@type":"CommentAction","name":"Comment","target":["https:\/\/www.salzburgerland.com\/de\/magazin\/garantiert-regional-aus-dem-salzburgerland\/#respond"]}]},{"@type":"WebPage","@id":"https:\/\/www.salzburgerland.com\/de\/magazin\/garantiert-regional-aus-dem-salzburgerland\/","url":"https:\/\/www.salzburgerland.com\/de\/magazin\/garantiert-regional-aus-dem-salzburgerland\/","name":"Garantiert regional aus dem SalzburgerLand - SalzburgerLand Magazin","isPartOf":{"@id":"https:\/\/www.salzburgerland.com\/de\/magazin\/#website"},"primaryImageOfPage":{"@id":"https:\/\/www.salzburgerland.com\/de\/magazin\/garantiert-regional-aus-dem-salzburgerland\/#primaryimage"},"image":{"@id":"https:\/\/www.salzburgerland.com\/de\/magazin\/garantiert-regional-aus-dem-salzburgerland\/#primaryimage"},"thumbnailUrl":"https:\/\/www.salzburgerland.com\/de\/magazin\/wp-content\/uploads\/2019\/05\/Gesamt.jpg","datePublished":"2019-05-14T06:00:31+00:00","dateModified":"2024-10-04T08:27:43+00:00","breadcrumb":{"@id":"https:\/\/www.salzburgerland.com\/de\/magazin\/garantiert-regional-aus-dem-salzburgerland\/#breadcrumb"},"inLanguage":"de","potentialAction":[{"@type":"ReadAction","target":["https:\/\/www.salzburgerland.com\/de\/magazin\/garantiert-regional-aus-dem-salzburgerland\/"]}]},{"@type":"ImageObject","inLanguage":"de","@id":"https:\/\/www.salzburgerland.com\/de\/magazin\/garantiert-regional-aus-dem-salzburgerland\/#primaryimage","url":"https:\/\/www.salzburgerland.com\/de\/magazin\/wp-content\/uploads\/2019\/05\/Gesamt.jpg","contentUrl":"https:\/\/www.salzburgerland.com\/de\/magazin\/wp-content\/uploads\/2019\/05\/Gesamt.jpg","width":1600,"height":1073,"caption":"Eine Auswahl an frischen Lebensmitteln wie Fleisch, Fisch, K\u00e4se, Brot, Eier, Milch, Gem\u00fcse und Obst auf einem Tisch."},{"@type":"BreadcrumbList","@id":"https:\/\/www.salzburgerland.com\/de\/magazin\/garantiert-regional-aus-dem-salzburgerland\/#breadcrumb","itemListElement":[{"@type":"ListItem","position":1,"name":"Startseite","item":"https:\/\/www.salzburgerland.com\/de\/magazin\/"},{"@type":"ListItem","position":2,"name":"Essen &amp; Trinken","item":"https:\/\/www.salzburgerland.com\/de\/magazin\/thema\/essen-trinken\/"},{"@type":"ListItem","position":3,"name":"Garantiert regional aus dem SalzburgerLand"}]},{"@type":"WebSite","@id":"https:\/\/www.salzburgerland.com\/de\/magazin\/#website","url":"https:\/\/www.salzburgerland.com\/de\/magazin\/","name":"SalzburgerLand Magazin","description":"Geschichten und Interessantes aus dem SalzburgerLand","publisher":{"@id":"https:\/\/www.salzburgerland.com\/de\/magazin\/#organization"},"potentialAction":[{"@type":"SearchAction","target":{"@type":"EntryPoint","urlTemplate":"https:\/\/www.salzburgerland.com\/de\/magazin\/?s={search_term_string}"},"query-input":{"@type":"PropertyValueSpecification","valueRequired":true,"valueName":"search_term_string"}}],"inLanguage":"de"},{"@type":"Organization","@id":"https:\/\/www.salzburgerland.com\/de\/magazin\/#organization","name":"SalzburgerLand Tourismus","url":"https:\/\/www.salzburgerland.com\/de\/magazin\/","logo":{"@type":"ImageObject","inLanguage":"de","@id":"https:\/\/www.salzburgerland.com\/de\/magazin\/#\/schema\/logo\/image\/","url":"https:\/\/www.salzburgerland.com\/de\/magazin\/wp-content\/uploads\/2019\/06\/salzburgerland-logo1.jpg","contentUrl":"https:\/\/www.salzburgerland.com\/de\/magazin\/wp-content\/uploads\/2019\/06\/salzburgerland-logo1.jpg","width":2011,"height":866,"caption":"SalzburgerLand Tourismus"},"image":{"@id":"https:\/\/www.salzburgerland.com\/de\/magazin\/#\/schema\/logo\/image\/"},"sameAs":["https:\/\/www.facebook.com\/salzburgerland\/","https:\/\/x.com\/Salzburgerland","https:\/\/www.instagram.com\/salzburgerland\/","https:\/\/at.linkedin.com\/company\/salzburgerland-tourismus-gmbh","https:\/\/www.pinterest.at\/salzburgerland\/","https:\/\/www.youtube.com\/user\/salzburgerland","https:\/\/de.wikipedia.org\/wiki\/SalzburgerLand_Tourismus_GmbH"]},{"@type":"Person","@id":"https:\/\/www.salzburgerland.com\/de\/magazin\/#\/schema\/person\/a55a4fee1009b9e458d298480a18a9f7","name":"Ulli Hammerl","description":"Geboren und aufgewachsen in der Stadt Salzburg war Ulli Hammerl fr\u00fch bewusst, in einer der sch\u00f6nsten St\u00e4dte der Welt zu leben. So ist sie auch w\u00e4hrend ihres Studiums der Kommunikationswissenschaft und \u00d6kologie ihrer Heimatstadt treu geblieben. Gleich nach dem Studium ist sie zu SalzburgerLand Tourismus (SLTG) gegangen und hat hier von 1998 - 2004 u.a. die SalzburgerLand Card betreut. Dabei ist sie viel herumgekommen, wodurch auch die Liebe zum SalzburgerLand enstanden und gewachsen ist. Nach der Geburt ihrer Tochter im September 2004 hat sich Ulli Hammerl 2007 mit einer Agentur selbst\u00e4ndig gemacht. Mein pers\u00f6nlicher Logenplatz: Hoch \u00fcber Salzburg, abseits der stark begangenen Wege mit Blick auf die D\u00e4cher und Kircht\u00fcrme der Stadt \u2013 hier geht mir das Herz auf! Morgen- oder Abendmensch: Ganz klar: Morgenmensch. Wenn um 5.00 Uhr fr\u00fch die V\u00f6gel zwitschern und rund herum noch alles in tiefer Ruhe versinkt, dann ist meine Zeit. Ausgeschlafen, Energie geladen und voller Tatendrang starte ich am liebsten in den fr\u00fchen Morgenstunden in den Tag. Daf\u00fcr kann man nach 21.00 Uhr nicht mehr mit mir rechnen. Buch oder Film: Es gibt nichts Sch\u00f6neres, als es sich am Ende des Tages auf der Couch gem\u00fctlich zu machen und in die Gedankenwelt eines guten Buches einzutauchen \u2013 Lesen ist Abenteuer im Kopf. Wandern, Spazierengehen oder Laufen: alles drei und zwar am besten jeden Tag. Mit ein bisschen Zeiteinteilung geht es sich tats\u00e4chlich fast gehen Tag aus, drau\u00dfen unterwegs zu sein. Fr\u00fchling, Sommer, Herbst oder Winter: Ich kann es im Fr\u00fchling kaum erwarten, die ersten Gr\u00fcnschattierungen in der Natur zu entdecken. Ich liebe hei\u00dfe Sommertage am See und laue Sommerabende am Balkon. Ich mag es, wenn im Herbst die W\u00e4lder in einem Meer aus Farben erstrahlen, Laubrascheln und Kastanien sammeln. Und ich freue mich wie ein Kind, wenn im Dezember die ersten Schneeflocken vom Himmel schweben. Die vier Jahreszeiten sind etwas Wunderbares.","url":"https:\/\/www.salzburgerland.com\/de\/magazin\/author\/ulli-hammerl\/"}]}},"_wl_alt_label":[],"wl:entity_url":"http:\/\/open.salzburgerland.com\/magazin\/post\/garantiert_regional_aus_dem_salzburgerland","_links":{"self":[{"href":"https:\/\/www.salzburgerland.com\/de\/magazin\/wp-json\/wp\/v2\/posts\/130378","targetHints":{"allow":["GET"]}}],"collection":[{"href":"https:\/\/www.salzburgerland.com\/de\/magazin\/wp-json\/wp\/v2\/posts"}],"about":[{"href":"https:\/\/www.salzburgerland.com\/de\/magazin\/wp-json\/wp\/v2\/types\/post"}],"author":[{"embeddable":true,"href":"https:\/\/www.salzburgerland.com\/de\/magazin\/wp-json\/wp\/v2\/users\/90"}],"replies":[{"embeddable":true,"href":"https:\/\/www.salzburgerland.com\/de\/magazin\/wp-json\/wp\/v2\/comments?post=130378"}],"version-history":[{"count":8,"href":"https:\/\/www.salzburgerland.com\/de\/magazin\/wp-json\/wp\/v2\/posts\/130378\/revisions"}],"predecessor-version":[{"id":178730,"href":"https:\/\/www.salzburgerland.com\/de\/magazin\/wp-json\/wp\/v2\/posts\/130378\/revisions\/178730"}],"wp:featuredmedia":[{"embeddable":true,"href":"https:\/\/www.salzburgerland.com\/de\/magazin\/wp-json\/wp\/v2\/media\/131218"}],"wp:attachment":[{"href":"https:\/\/www.salzburgerland.com\/de\/magazin\/wp-json\/wp\/v2\/media?parent=130378"}],"wp:term":[{"taxonomy":"category","embeddable":true,"href":"https:\/\/www.salzburgerland.com\/de\/magazin\/wp-json\/wp\/v2\/categories?post=130378"},{"taxonomy":"post_tag","embeddable":true,"href":"https:\/\/www.salzburgerland.com\/de\/magazin\/wp-json\/wp\/v2\/tags?post=130378"},{"taxonomy":"wl_entity_type","embeddable":true,"href":"https:\/\/www.salzburgerland.com\/de\/magazin\/wp-json\/wp\/v2\/wl_entity_type?post=130378"},{"taxonomy":"monatsauswahl","embeddable":true,"href":"https:\/\/www.salzburgerland.com\/de\/magazin\/wp-json\/wp\/v2\/monatsauswahl?post=130378"}],"curies":[{"name":"wp","href":"https:\/\/api.w.org\/{rel}","templated":true}]}}