{"id":130280,"date":"2019-05-10T08:00:56","date_gmt":"2019-05-10T06:00:56","guid":{"rendered":"https:\/\/www.salzburgerland.com\/de\/magazin\/?p=130280"},"modified":"2019-07-08T11:00:57","modified_gmt":"2019-07-08T09:00:57","slug":"mit-honig-essig-und-kraeutern-in-den-fruehling-starten","status":"publish","type":"post","link":"https:\/\/www.salzburgerland.com\/de\/magazin\/mit-honig-essig-und-kraeutern-in-den-fruehling-starten\/","title":{"rendered":"Mit Honig, Essig und Kr\u00e4utern in den Fr\u00fchling starten"},"content":{"rendered":"<p><strong>Sauerhonig oder Oxymel setzt sich aus Honig, Essig und Kr\u00e4uter zusammen. Dieses Getr\u00e4nk ist eine wahre Wohltat f\u00fcr den Darm, vertreibt M\u00fcdigkeit und f\u00fcllt den K\u00f6rper mit Mineralstoffen auf. <a href=\"https:\/\/www.bluetenreich.cc\/wordpress\/about\/\">Isabell Resch aus St. Koloman<\/a> stellt dieses isotonische Getr\u00e4nk her. Zudem mischt sie Alpenkr\u00e4uter zu Salben und Tinkturen.<\/strong><\/p>\n<p>Hoch \u00fcber dem Salzachtal in St. Koloman lebt Isabell Resch mit ihrer Familie in einem schwedisch anmutenden Holzhaus. Vor ihrer Terrasse breiten sich sattgr\u00fcne Wiesen aus, und Berge wie der Hohe G\u00f6ll und das Rossfeld strahlen mit dem blauen Himmel um die Wette. Ganz in der N\u00e4he geht ein Wanderweg auf den Trattberg und den Seewaldsee vorbei. &nbsp;<br \/>\nDie geb\u00fcrtige Pinzgauerin, Mutter und studierte Betriebswirtin hat sich der <a href=\"https:\/\/www.teh.at\/\" target=\"_blank\" rel=\"noopener noreferrer\">TEH (Traditionell Europ\u00e4ische Heilkunde)<\/a> verschrieben. \u201eIch glaube daran, dass wir die Heilkr\u00e4fte der Alpen f\u00fcr<strong>&nbsp;<\/strong>unsere Gesundheit und<strong>&nbsp;<\/strong>unsere Sch\u00f6nheit<strong>&nbsp;<\/strong>nutzen k\u00f6nnen. Und dies auf eine sanfte und nachhaltige<strong>&nbsp;<\/strong>Art und Weise.&#8220; Die TEH-Praktikerin produziert eine Bio-Pflegelinie, stellt Oxymel her&nbsp; und gibt Kurse. &#8222;Damit folge ich meinem Herzen<strong>&nbsp;<\/strong>und meiner Leidenschaft. Ich glaube, dass wir nat\u00fcrlich und im Einklang mit der Natur gesund, gl\u00fccklich und gepflegt leben k\u00f6nnen.\u201c<\/p>\n<h3>Gute Laune sitzt im Darm<\/h3>\n<p>Die TEH-Praktikerin r\u00fchrt Salben mit klingenden Namen wie \u201eWunderheilerin&#8220;, Lippenpflegestifte mit dem Namen \u201eSchmusewaxl&#8220; und \u201eAxlwaxl&#8220;-Deos. Ihr Kr\u00e4uterbitter schmeckt wirklich sehr bitter. Isabell lacht und sagt: \u201eWir brauchen Bitterstoffe f\u00fcr die Leber, die Galle und unseren Darm. Sobald der bittere Geschmack in unserem Mund ist, wird der Verdauungsapparat angekurbelt. Bitter machen unter anderem L\u00f6wenzahnbl\u00e4tter und -wurzel, Wermut, Schafgarbe, Salbei und Meisterwurz. Im Darm sitzt das Immunsystem und zu einem gro\u00dfen Teil wird das Gl\u00fcckshormon&nbsp;Serotonin im Darm produziert. \u201eUnsere gute Laune sitzt im Darm&#8220;, sagt Isabell augenzwinkernd.<\/p>\n<h3>Oxymel &#8211; ein isotonisches Getr\u00e4nk f\u00fcr Sporter<\/h3>\n<p>Oxymel &#8211; eine Mischung aus Essig, Honig, Bl\u00e4tter, Bl\u00fcten und Wurzeln, versorgt uns mit Mineralstoffen, kurbelt Darm und Kreislauf an. Der Name setzt sich aus Oxy f\u00fcr Essig und mel f\u00fcr Honig zusammen. &#8222;Unsere Ahnen nutzten die wohltuende und wohlschmeckende Kombination von Honig, Essig und Kr\u00e4utern schon seit Jahrtausenden&#8220;, hei\u00dft es auf der Seite des <a href=\"https:\/\/www.lfi.at\/\">LFI (Landwirtschaftliches Fortbildungsinstitut)<\/a>. In einer abgelegenen Region Russlands, wo es besonders viele Hundertj\u00e4hrige gibt, soll Oxymel mit Brunnenwasser verd\u00fcnnt, das erste Getr\u00e4nk in der Fr\u00fch sein.<\/p>\n<figure id=\"attachment_130284\" aria-describedby=\"caption-attachment-130284\" style=\"width: 650px\" class=\"wp-caption alignnone\"><img loading=\"lazy\" decoding=\"async\" class=\"wp-image-130284 size-singlePost\" src=\"https:\/\/www.salzburgerland.com\/de\/magazin\/wp-content\/uploads\/2019\/05\/Naturkosmetik_3-650x435.jpg\" alt=\"\" width=\"650\" height=\"435\"><figcaption id=\"caption-attachment-130284\" class=\"wp-caption-text\">Oxymel f\u00fcr Sportler und alle die sich schlapp f\u00fchlen<\/figcaption><\/figure>\n<p>Isabell stellt zwei Sorten Oxymel her. Eines f\u00fcr Sportler und eines als Hustensaft. Sie empfiehlt das isotonische Getr\u00e4nk f\u00fcr Sportler auch allen die sich m\u00fcde und schlapp f\u00fchlen: \u201eEinen Essl\u00f6ffel Oxymel in 250 ml Wasser geben und trinken. Im Sommer ist es auch ein guter Sirup-Ersatz, wenn wir auf Zucker verzichten m\u00f6chten. Ich gebe immer eine Zitronenscheibe und ein Melissenblatt dazu. Das erfrischt und schmeckt k\u00f6stlich.&#8220;<\/p>\n<p><strong>Isabells Rezept:<\/strong><\/p>\n<p>75 % Bio-Honig und 25 % hochwertigen, naturtr\u00fcben Bioapfelessig mischen und so lange verr\u00fchren, bis sich der Honig \u201eaufgel\u00f6st\u201c hat. Wer es weniger s\u00fc\u00df mag, nimmt einfach weniger Honig (2 Teile Honig und 1 Teil Apfelessig). Anschlie\u00dfend L\u00f6wenzahnwurzel, Meisterwurzwurzel, Brennnesselbl\u00e4tter, Brennnesselsamen, Eisenkraut, Zinnkraut und Rosmarin in ein Schraubglas (zu etwa 2 Drittel) geben, das Ganze mit dem Sauerhoniggemisch auff\u00fcllen, Glas verschlie\u00dfen und etwa 3-4 Wochen dunkel und eher k\u00fchl ziehen lassen; t\u00e4glich ein wenig sch\u00fctteln. Danach abseihen, abf\u00fcllen und bei Bedarf t\u00e4glich bis zu 3 L\u00f6fferl in einem Glas Wasser trinken.&nbsp;<\/p>\n<div class=\"mag-gallery\"><div class=\"row\"><div class=\"col-6 col-sm-4\"><figure><a class=\"thumb-container\" href=\"https:\/\/www.salzburgerland.com\/de\/magazin\/wp-content\/uploads\/2019\/05\/Naturkosmetik_7-1280x1024.jpg\">\t<picture><source media=\"(min-width: 576px)\" srcset=\"https:\/\/www.salzburgerland.com\/de\/magazin\/wp-content\/uploads\/2019\/05\/Naturkosmetik_7-325x209.jpg 325w, https:\/\/www.salzburgerland.com\/de\/magazin\/wp-content\/uploads\/2019\/05\/Naturkosmetik_7-249x160.jpg 249w\" \/><source media=\"(min-width: 0)\" srcset=\"https:\/\/www.salzburgerland.com\/de\/magazin\/wp-content\/uploads\/2019\/05\/Naturkosmetik_7-249x160.jpg 249w, https:\/\/www.salzburgerland.com\/de\/magazin\/wp-content\/uploads\/2019\/05\/Naturkosmetik_7-325x209.jpg 325w\" \/><img decoding=\"async\" alt=\"Zwei Flaschen Oxymel-Kr\u00e4utertonikum auf einem Tisch, dahinter stehen Gl\u00e4ser mit Naturprodukten auf einer Holzkiste.\" src=\"https:\/\/www.salzburgerland.com\/de\/magazin\/wp-content\/uploads\/2019\/05\/Naturkosmetik_7.jpg\" \/>\t<\/picture><\/a><\/figure><\/div><div class=\"col-6 col-sm-4\"><figure><a class=\"thumb-container\" href=\"https:\/\/www.salzburgerland.com\/de\/magazin\/wp-content\/uploads\/2019\/05\/Naturkosmetik_4-1280x1024.jpg\">\t<picture><source media=\"(min-width: 576px)\" srcset=\"https:\/\/www.salzburgerland.com\/de\/magazin\/wp-content\/uploads\/2019\/05\/Naturkosmetik_4-325x209.jpg 325w, https:\/\/www.salzburgerland.com\/de\/magazin\/wp-content\/uploads\/2019\/05\/Naturkosmetik_4-249x160.jpg 249w\" \/><source media=\"(min-width: 0)\" srcset=\"https:\/\/www.salzburgerland.com\/de\/magazin\/wp-content\/uploads\/2019\/05\/Naturkosmetik_4-249x160.jpg 249w, https:\/\/www.salzburgerland.com\/de\/magazin\/wp-content\/uploads\/2019\/05\/Naturkosmetik_4-325x209.jpg 325w\" \/><img decoding=\"async\" alt=\"L\u00e4chelnde Frau, die einen Korb mit kleinen Flaschen in der Hand h\u00e4lt, mit Bergen und Gr\u00fcn im Hintergrund.\" src=\"https:\/\/www.salzburgerland.com\/de\/magazin\/wp-content\/uploads\/2019\/05\/Naturkosmetik_4.jpg\" \/>\t<\/picture><\/a><\/figure><\/div><div class=\"col-6 col-sm-4\"><figure><a class=\"thumb-container\" href=\"https:\/\/www.salzburgerland.com\/de\/magazin\/wp-content\/uploads\/2019\/05\/Naturkosmetik_2-1280x1024.jpg\">\t<picture><source media=\"(min-width: 576px)\" srcset=\"https:\/\/www.salzburgerland.com\/de\/magazin\/wp-content\/uploads\/2019\/05\/Naturkosmetik_2-325x209.jpg 325w, https:\/\/www.salzburgerland.com\/de\/magazin\/wp-content\/uploads\/2019\/05\/Naturkosmetik_2-249x160.jpg 249w\" \/><source media=\"(min-width: 0)\" srcset=\"https:\/\/www.salzburgerland.com\/de\/magazin\/wp-content\/uploads\/2019\/05\/Naturkosmetik_2-249x160.jpg 249w, https:\/\/www.salzburgerland.com\/de\/magazin\/wp-content\/uploads\/2019\/05\/Naturkosmetik_2-325x209.jpg 325w\" \/><img decoding=\"async\" alt=\"Verschiedene Kr\u00e4uterflaschen und -gl\u00e4ser mit bunten Etiketten auf Holzregalen.\" src=\"https:\/\/www.salzburgerland.com\/de\/magazin\/wp-content\/uploads\/2019\/05\/Naturkosmetik_2.jpg\" \/>\t<\/picture><\/a><\/figure><\/div><div class=\"col-6 col-sm-4\"><figure><a class=\"thumb-container\" href=\"https:\/\/www.salzburgerland.com\/de\/magazin\/wp-content\/uploads\/2019\/05\/Naturkosmetik_8-1280x1024.jpg\">\t<picture><source media=\"(min-width: 576px)\" srcset=\"https:\/\/www.salzburgerland.com\/de\/magazin\/wp-content\/uploads\/2019\/05\/Naturkosmetik_8-325x209.jpg 325w, https:\/\/www.salzburgerland.com\/de\/magazin\/wp-content\/uploads\/2019\/05\/Naturkosmetik_8-249x160.jpg 249w\" \/><source media=\"(min-width: 0)\" srcset=\"https:\/\/www.salzburgerland.com\/de\/magazin\/wp-content\/uploads\/2019\/05\/Naturkosmetik_8-249x160.jpg 249w, https:\/\/www.salzburgerland.com\/de\/magazin\/wp-content\/uploads\/2019\/05\/Naturkosmetik_8-325x209.jpg 325w\" \/><img decoding=\"async\" alt=\"Sechs Gl\u00e4ser mit Naturbalsam mit deutschen Etiketten auf einem Holzregal, im Hintergrund gr\u00fcne Bl\u00e4tter.\" src=\"https:\/\/www.salzburgerland.com\/de\/magazin\/wp-content\/uploads\/2019\/05\/Naturkosmetik_8.jpg\" \/>\t<\/picture><\/a><\/figure><\/div><div class=\"col-6 col-sm-4\"><figure><a class=\"thumb-container\" href=\"https:\/\/www.salzburgerland.com\/de\/magazin\/wp-content\/uploads\/2019\/05\/Naturkosmetik-1280x1024.jpg\">\t<picture><source media=\"(min-width: 576px)\" srcset=\"https:\/\/www.salzburgerland.com\/de\/magazin\/wp-content\/uploads\/2019\/05\/Naturkosmetik-325x209.jpg 325w, https:\/\/www.salzburgerland.com\/de\/magazin\/wp-content\/uploads\/2019\/05\/Naturkosmetik-249x160.jpg 249w\" \/><source media=\"(min-width: 0)\" srcset=\"https:\/\/www.salzburgerland.com\/de\/magazin\/wp-content\/uploads\/2019\/05\/Naturkosmetik-249x160.jpg 249w, https:\/\/www.salzburgerland.com\/de\/magazin\/wp-content\/uploads\/2019\/05\/Naturkosmetik-325x209.jpg 325w\" \/><img decoding=\"async\" alt=\"Kleine gelbe Blumen auf einem wei\u00dfen Tuch verstreut, mit einem weichen und unscharfen Hintergrund.\" src=\"https:\/\/www.salzburgerland.com\/de\/magazin\/wp-content\/uploads\/2019\/05\/Naturkosmetik.jpg\" \/>\t<\/picture><\/a><\/figure><\/div><div class=\"col-6 col-sm-4\"><figure><a class=\"thumb-container\" href=\"https:\/\/www.salzburgerland.com\/de\/magazin\/wp-content\/uploads\/2019\/05\/Naturkosmetik_6-1280x1024.jpg\">\t<picture><source media=\"(min-width: 576px)\" srcset=\"https:\/\/www.salzburgerland.com\/de\/magazin\/wp-content\/uploads\/2019\/05\/Naturkosmetik_6-325x209.jpg 325w, https:\/\/www.salzburgerland.com\/de\/magazin\/wp-content\/uploads\/2019\/05\/Naturkosmetik_6-249x160.jpg 249w\" \/><source media=\"(min-width: 0)\" srcset=\"https:\/\/www.salzburgerland.com\/de\/magazin\/wp-content\/uploads\/2019\/05\/Naturkosmetik_6-249x160.jpg 249w, https:\/\/www.salzburgerland.com\/de\/magazin\/wp-content\/uploads\/2019\/05\/Naturkosmetik_6-325x209.jpg 325w\" \/><img decoding=\"async\" alt=\"L\u00e4chelnde Frau mit einer Flasche in der Hand im Freien mit gr\u00fcnen H\u00fcgeln und schneebedeckten Bergen im Hintergrund.\" src=\"https:\/\/www.salzburgerland.com\/de\/magazin\/wp-content\/uploads\/2019\/05\/Naturkosmetik_6.jpg\" \/>\t<\/picture><\/a><\/figure><\/div><\/div><\/div><figcaption><\/figcaption>\n<p>Fotos \u00a9&nbsp;Christine Fr\u00f6schl<\/p>\n","protected":false},"excerpt":{"rendered":"<p>Sauerhonig oder Oxymel setzt sich aus Honig, Essig und Kr\u00e4uter zusammen. Dieses Getr\u00e4nk ist eine wahre Wohltat f\u00fcr den Darm, vertreibt M\u00fcdigkeit und f\u00fcllt den K\u00f6rper mit Mineralstoffen auf. Isabell Resch aus St. Koloman stellt dieses isotonische Getr\u00e4nk her. Zudem mischt sie Alpenkr\u00e4uter zu Salben und Tinkturen. Hoch \u00fcber dem Salzachtal in St. Koloman lebt [&hellip;]<\/p>\n","protected":false},"author":236,"featured_media":130287,"comment_status":"open","ping_status":"open","sticky":false,"template":"","format":"standard","meta":{"_acf_changed":false,"wl_entities_gutenberg":"","_wl_entity_redirect_enabled":"","footnotes":""},"categories":[4],"tags":[],"wl_entity_type":[306],"monatsauswahl":[82,83,84,85,86,87,88,89,90,91,92,93],"class_list":["post-130280","post","type-post","status-publish","format-standard","has-post-thumbnail","hentry","category-gesundheit","wl_entity_type-article","monatsauswahl-monat_1","monatsauswahl-monat_2","monatsauswahl-monat_3","monatsauswahl-monat_4","monatsauswahl-monat_5","monatsauswahl-monat_6","monatsauswahl-monat_7","monatsauswahl-monat_8","monatsauswahl-monat_9","monatsauswahl-monat_10","monatsauswahl-monat_11","monatsauswahl-monat_12"],"acf":[],"yoast_head":"<!-- This site is optimized with the Yoast SEO Premium plugin v27.4 (Yoast SEO v27.4) - https:\/\/yoast.com\/product\/yoast-seo-premium-wordpress\/ -->\n<title>Mit Honig, Essig und Kr\u00e4utern in den Fr\u00fchling starten - SalzburgerLand Magazin<\/title>\n<meta name=\"description\" content=\"Sauerhonig oder Oxymel setzt sich aus Honig, Essig und Kr\u00e4uter zusammen. Dieses Getr\u00e4nk ist eine wahre Wohltat f\u00fcr den Darm, vertreibt M\u00fcdigkeit und f\u00fcllt den K\u00f6rper mit Mineralstoffen auf. Isabell Resch aus St. Koloman stellt dieses isotonische Getr\u00e4nk her. Zudem mischt sie Alpenkr\u00e4uter zu Salben und Tinkturen. Hoch \u00fcber dem Salzachtal in St. Koloman lebt [&hellip;]\" \/>\n<meta name=\"robots\" content=\"index, follow, max-snippet:-1, max-image-preview:large, max-video-preview:-1\" \/>\n<link rel=\"canonical\" href=\"https:\/\/www.salzburgerland.com\/de\/magazin\/mit-honig-essig-und-kraeutern-in-den-fruehling-starten\/\" \/>\n<meta property=\"og:locale\" content=\"de_DE\" \/>\n<meta property=\"og:type\" content=\"article\" \/>\n<meta property=\"og:title\" content=\"Mit Honig, Essig und Kr\u00e4utern in den Fr\u00fchling starten\" \/>\n<meta property=\"og:description\" content=\"Sauerhonig oder Oxymel setzt sich aus Honig, Essig und Kr\u00e4uter zusammen. Dieses Getr\u00e4nk ist eine wahre Wohltat f\u00fcr den Darm, vertreibt M\u00fcdigkeit und f\u00fcllt den K\u00f6rper mit Mineralstoffen auf. Isabell Resch aus St. Koloman stellt dieses isotonische Getr\u00e4nk her. Zudem mischt sie Alpenkr\u00e4uter zu Salben und Tinkturen. Hoch \u00fcber dem Salzachtal in St. Koloman lebt [&hellip;]\" \/>\n<meta property=\"og:url\" content=\"https:\/\/www.salzburgerland.com\/de\/magazin\/mit-honig-essig-und-kraeutern-in-den-fruehling-starten\/\" \/>\n<meta property=\"og:site_name\" content=\"SalzburgerLand Magazin\" \/>\n<meta property=\"article:publisher\" content=\"https:\/\/www.facebook.com\/salzburgerland\/\" \/>\n<meta property=\"article:published_time\" content=\"2019-05-10T06:00:56+00:00\" \/>\n<meta property=\"article:modified_time\" content=\"2019-07-08T09:00:57+00:00\" \/>\n<meta property=\"og:image\" content=\"https:\/\/www.salzburgerland.com\/de\/magazin\/wp-content\/uploads\/2019\/05\/Naturkosmetik_6.jpg\" \/>\n\t<meta property=\"og:image:width\" content=\"861\" \/>\n\t<meta property=\"og:image:height\" content=\"570\" \/>\n\t<meta property=\"og:image:type\" content=\"image\/jpeg\" \/>\n<meta name=\"author\" content=\"Christine Fr\u00f6schl\" \/>\n<meta name=\"twitter:card\" content=\"summary_large_image\" \/>\n<meta name=\"twitter:creator\" content=\"@Salzburgerland\" \/>\n<meta name=\"twitter:site\" content=\"@Salzburgerland\" \/>\n<meta name=\"twitter:label1\" content=\"Verfasst von\" \/>\n\t<meta name=\"twitter:data1\" content=\"Christine Fr\u00f6schl\" \/>\n\t<meta name=\"twitter:label2\" content=\"Gesch\u00e4tzte Lesezeit\" \/>\n\t<meta name=\"twitter:data2\" content=\"3\u00a0Minuten\" \/>\n<script type=\"application\/ld+json\" class=\"yoast-schema-graph\">{\"@context\":\"https:\\\/\\\/schema.org\",\"@graph\":[{\"@type\":\"Article\",\"@id\":\"https:\\\/\\\/www.salzburgerland.com\\\/de\\\/magazin\\\/mit-honig-essig-und-kraeutern-in-den-fruehling-starten\\\/#article\",\"isPartOf\":{\"@id\":\"https:\\\/\\\/www.salzburgerland.com\\\/de\\\/magazin\\\/mit-honig-essig-und-kraeutern-in-den-fruehling-starten\\\/\"},\"author\":{\"name\":\"Christine Fr\u00f6schl\",\"@id\":\"https:\\\/\\\/www.salzburgerland.com\\\/de\\\/magazin\\\/#\\\/schema\\\/person\\\/7932db74f19d9640620859cb2b794c4e\"},\"headline\":\"Mit Honig, Essig und Kr\u00e4utern in den Fr\u00fchling starten\",\"datePublished\":\"2019-05-10T06:00:56+00:00\",\"dateModified\":\"2019-07-08T09:00:57+00:00\",\"mainEntityOfPage\":{\"@id\":\"https:\\\/\\\/www.salzburgerland.com\\\/de\\\/magazin\\\/mit-honig-essig-und-kraeutern-in-den-fruehling-starten\\\/\"},\"wordCount\":621,\"commentCount\":0,\"publisher\":{\"@id\":\"https:\\\/\\\/www.salzburgerland.com\\\/de\\\/magazin\\\/#organization\"},\"image\":{\"@id\":\"https:\\\/\\\/www.salzburgerland.com\\\/de\\\/magazin\\\/mit-honig-essig-und-kraeutern-in-den-fruehling-starten\\\/#primaryimage\"},\"thumbnailUrl\":\"https:\\\/\\\/www.salzburgerland.com\\\/de\\\/magazin\\\/wp-content\\\/uploads\\\/2019\\\/05\\\/Naturkosmetik_6.jpg\",\"articleSection\":[\"Gesundheit\"],\"inLanguage\":\"de\",\"potentialAction\":[{\"@type\":\"CommentAction\",\"name\":\"Comment\",\"target\":[\"https:\\\/\\\/www.salzburgerland.com\\\/de\\\/magazin\\\/mit-honig-essig-und-kraeutern-in-den-fruehling-starten\\\/#respond\"]}]},{\"@type\":\"WebPage\",\"@id\":\"https:\\\/\\\/www.salzburgerland.com\\\/de\\\/magazin\\\/mit-honig-essig-und-kraeutern-in-den-fruehling-starten\\\/\",\"url\":\"https:\\\/\\\/www.salzburgerland.com\\\/de\\\/magazin\\\/mit-honig-essig-und-kraeutern-in-den-fruehling-starten\\\/\",\"name\":\"Mit Honig, Essig und Kr\u00e4utern in den Fr\u00fchling starten - SalzburgerLand Magazin\",\"isPartOf\":{\"@id\":\"https:\\\/\\\/www.salzburgerland.com\\\/de\\\/magazin\\\/#website\"},\"primaryImageOfPage\":{\"@id\":\"https:\\\/\\\/www.salzburgerland.com\\\/de\\\/magazin\\\/mit-honig-essig-und-kraeutern-in-den-fruehling-starten\\\/#primaryimage\"},\"image\":{\"@id\":\"https:\\\/\\\/www.salzburgerland.com\\\/de\\\/magazin\\\/mit-honig-essig-und-kraeutern-in-den-fruehling-starten\\\/#primaryimage\"},\"thumbnailUrl\":\"https:\\\/\\\/www.salzburgerland.com\\\/de\\\/magazin\\\/wp-content\\\/uploads\\\/2019\\\/05\\\/Naturkosmetik_6.jpg\",\"datePublished\":\"2019-05-10T06:00:56+00:00\",\"dateModified\":\"2019-07-08T09:00:57+00:00\",\"breadcrumb\":{\"@id\":\"https:\\\/\\\/www.salzburgerland.com\\\/de\\\/magazin\\\/mit-honig-essig-und-kraeutern-in-den-fruehling-starten\\\/#breadcrumb\"},\"inLanguage\":\"de\",\"potentialAction\":[{\"@type\":\"ReadAction\",\"target\":[\"https:\\\/\\\/www.salzburgerland.com\\\/de\\\/magazin\\\/mit-honig-essig-und-kraeutern-in-den-fruehling-starten\\\/\"]}]},{\"@type\":\"ImageObject\",\"inLanguage\":\"de\",\"@id\":\"https:\\\/\\\/www.salzburgerland.com\\\/de\\\/magazin\\\/mit-honig-essig-und-kraeutern-in-den-fruehling-starten\\\/#primaryimage\",\"url\":\"https:\\\/\\\/www.salzburgerland.com\\\/de\\\/magazin\\\/wp-content\\\/uploads\\\/2019\\\/05\\\/Naturkosmetik_6.jpg\",\"contentUrl\":\"https:\\\/\\\/www.salzburgerland.com\\\/de\\\/magazin\\\/wp-content\\\/uploads\\\/2019\\\/05\\\/Naturkosmetik_6.jpg\",\"width\":861,\"height\":570,\"caption\":\"Isabell trinkt Oxymel verd\u00fcnnt mit Wasser\"},{\"@type\":\"BreadcrumbList\",\"@id\":\"https:\\\/\\\/www.salzburgerland.com\\\/de\\\/magazin\\\/mit-honig-essig-und-kraeutern-in-den-fruehling-starten\\\/#breadcrumb\",\"itemListElement\":[{\"@type\":\"ListItem\",\"position\":1,\"name\":\"Startseite\",\"item\":\"https:\\\/\\\/www.salzburgerland.com\\\/de\\\/magazin\\\/\"},{\"@type\":\"ListItem\",\"position\":2,\"name\":\"Gesundheit\",\"item\":\"https:\\\/\\\/www.salzburgerland.com\\\/de\\\/magazin\\\/thema\\\/gesundheit\\\/\"},{\"@type\":\"ListItem\",\"position\":3,\"name\":\"Mit Honig, Essig und Kr\u00e4utern in den Fr\u00fchling starten\"}]},{\"@type\":\"WebSite\",\"@id\":\"https:\\\/\\\/www.salzburgerland.com\\\/de\\\/magazin\\\/#website\",\"url\":\"https:\\\/\\\/www.salzburgerland.com\\\/de\\\/magazin\\\/\",\"name\":\"SalzburgerLand Magazin\",\"description\":\"Geschichten und Interessantes aus dem SalzburgerLand\",\"publisher\":{\"@id\":\"https:\\\/\\\/www.salzburgerland.com\\\/de\\\/magazin\\\/#organization\"},\"potentialAction\":[{\"@type\":\"SearchAction\",\"target\":{\"@type\":\"EntryPoint\",\"urlTemplate\":\"https:\\\/\\\/www.salzburgerland.com\\\/de\\\/magazin\\\/?s={search_term_string}\"},\"query-input\":{\"@type\":\"PropertyValueSpecification\",\"valueRequired\":true,\"valueName\":\"search_term_string\"}}],\"inLanguage\":\"de\"},{\"@type\":\"Organization\",\"@id\":\"https:\\\/\\\/www.salzburgerland.com\\\/de\\\/magazin\\\/#organization\",\"name\":\"SalzburgerLand Tourismus\",\"url\":\"https:\\\/\\\/www.salzburgerland.com\\\/de\\\/magazin\\\/\",\"logo\":{\"@type\":\"ImageObject\",\"inLanguage\":\"de\",\"@id\":\"https:\\\/\\\/www.salzburgerland.com\\\/de\\\/magazin\\\/#\\\/schema\\\/logo\\\/image\\\/\",\"url\":\"https:\\\/\\\/www.salzburgerland.com\\\/de\\\/magazin\\\/wp-content\\\/uploads\\\/2019\\\/06\\\/salzburgerland-logo1.jpg\",\"contentUrl\":\"https:\\\/\\\/www.salzburgerland.com\\\/de\\\/magazin\\\/wp-content\\\/uploads\\\/2019\\\/06\\\/salzburgerland-logo1.jpg\",\"width\":2011,\"height\":866,\"caption\":\"SalzburgerLand Tourismus\"},\"image\":{\"@id\":\"https:\\\/\\\/www.salzburgerland.com\\\/de\\\/magazin\\\/#\\\/schema\\\/logo\\\/image\\\/\"},\"sameAs\":[\"https:\\\/\\\/www.facebook.com\\\/salzburgerland\\\/\",\"https:\\\/\\\/x.com\\\/Salzburgerland\",\"https:\\\/\\\/www.instagram.com\\\/salzburgerland\\\/\",\"https:\\\/\\\/at.linkedin.com\\\/company\\\/salzburgerland-tourismus-gmbh\",\"https:\\\/\\\/www.pinterest.at\\\/salzburgerland\\\/\",\"https:\\\/\\\/www.youtube.com\\\/user\\\/salzburgerland\",\"https:\\\/\\\/de.wikipedia.org\\\/wiki\\\/SalzburgerLand_Tourismus_GmbH\"]},{\"@type\":\"Person\",\"@id\":\"https:\\\/\\\/www.salzburgerland.com\\\/de\\\/magazin\\\/#\\\/schema\\\/person\\\/7932db74f19d9640620859cb2b794c4e\",\"name\":\"Christine Fr\u00f6schl\",\"description\":\"Dein pers\u00f6nlicher Logenplatz im SalzburgerLand? Am liebsten gehe ich auf den Einberg im Salzburger Tennengau. Der Berg in der Osterhorn-Gruppe gl\u00e4nzt das ganze Jahr im Sonnenschein, auf dem Gipfel heben Paragleiter ab und die Aussicht auf das Tennengebirge, den Dachstein und die Bischofsm\u00fctze ist traumhaft. Dosige(r) oder Zuagroast? Zuagroast aus dem sch\u00f6nen Nieder\u00f6sterreich. Fr\u00fchling, Sommer, Herbst oder Winter? Alle Jahreszeiten begeistern mich. Momentan freue ich mich auf den Fr\u00fchling, das Zwitschern der V\u00f6gel und auf die sattgr\u00fcnen Wiesen. Salzburger Nockerl oder Schwarzbeernocken? Eindeutig Schwarzbeernocken. Rindsroulade vom Pinzgauer Biorind oder Saibling fangfrisch aus dem Fuschlsee? Mhhhh. Da kann ich mich nicht entscheiden. Bergtour oder Seentour? Mich zieht es auf jeden Fall hinauf. Begeistert bin ich auch von tiefblauen Bergseen in denen sich die Umgebung spiegelt und von der Aussicht w\u00e4hrend des Weges auf einen der wundersch\u00f6nen Seen im Salzburger Land.\",\"url\":\"https:\\\/\\\/www.salzburgerland.com\\\/de\\\/magazin\\\/author\\\/christine-froeschl\\\/\"}]}<\/script>\n<!-- \/ Yoast SEO Premium plugin. -->","yoast_head_json":{"title":"Mit Honig, Essig und Kr\u00e4utern in den Fr\u00fchling starten - SalzburgerLand Magazin","description":"Sauerhonig oder Oxymel setzt sich aus Honig, Essig und Kr\u00e4uter zusammen. Dieses Getr\u00e4nk ist eine wahre Wohltat f\u00fcr den Darm, vertreibt M\u00fcdigkeit und f\u00fcllt den K\u00f6rper mit Mineralstoffen auf. Isabell Resch aus St. Koloman stellt dieses isotonische Getr\u00e4nk her. Zudem mischt sie Alpenkr\u00e4uter zu Salben und Tinkturen. Hoch \u00fcber dem Salzachtal in St. Koloman lebt [&hellip;]","robots":{"index":"index","follow":"follow","max-snippet":"max-snippet:-1","max-image-preview":"max-image-preview:large","max-video-preview":"max-video-preview:-1"},"canonical":"https:\/\/www.salzburgerland.com\/de\/magazin\/mit-honig-essig-und-kraeutern-in-den-fruehling-starten\/","og_locale":"de_DE","og_type":"article","og_title":"Mit Honig, Essig und Kr\u00e4utern in den Fr\u00fchling starten","og_description":"Sauerhonig oder Oxymel setzt sich aus Honig, Essig und Kr\u00e4uter zusammen. Dieses Getr\u00e4nk ist eine wahre Wohltat f\u00fcr den Darm, vertreibt M\u00fcdigkeit und f\u00fcllt den K\u00f6rper mit Mineralstoffen auf. Isabell Resch aus St. Koloman stellt dieses isotonische Getr\u00e4nk her. Zudem mischt sie Alpenkr\u00e4uter zu Salben und Tinkturen. Hoch \u00fcber dem Salzachtal in St. Koloman lebt [&hellip;]","og_url":"https:\/\/www.salzburgerland.com\/de\/magazin\/mit-honig-essig-und-kraeutern-in-den-fruehling-starten\/","og_site_name":"SalzburgerLand Magazin","article_publisher":"https:\/\/www.facebook.com\/salzburgerland\/","article_published_time":"2019-05-10T06:00:56+00:00","article_modified_time":"2019-07-08T09:00:57+00:00","og_image":[{"width":861,"height":570,"url":"https:\/\/www.salzburgerland.com\/de\/magazin\/wp-content\/uploads\/2019\/05\/Naturkosmetik_6.jpg","type":"image\/jpeg"}],"author":"Christine Fr\u00f6schl","twitter_card":"summary_large_image","twitter_creator":"@Salzburgerland","twitter_site":"@Salzburgerland","twitter_misc":{"Verfasst von":"Christine Fr\u00f6schl","Gesch\u00e4tzte Lesezeit":"3\u00a0Minuten"},"schema":{"@context":"https:\/\/schema.org","@graph":[{"@type":"Article","@id":"https:\/\/www.salzburgerland.com\/de\/magazin\/mit-honig-essig-und-kraeutern-in-den-fruehling-starten\/#article","isPartOf":{"@id":"https:\/\/www.salzburgerland.com\/de\/magazin\/mit-honig-essig-und-kraeutern-in-den-fruehling-starten\/"},"author":{"name":"Christine Fr\u00f6schl","@id":"https:\/\/www.salzburgerland.com\/de\/magazin\/#\/schema\/person\/7932db74f19d9640620859cb2b794c4e"},"headline":"Mit Honig, Essig und Kr\u00e4utern in den Fr\u00fchling starten","datePublished":"2019-05-10T06:00:56+00:00","dateModified":"2019-07-08T09:00:57+00:00","mainEntityOfPage":{"@id":"https:\/\/www.salzburgerland.com\/de\/magazin\/mit-honig-essig-und-kraeutern-in-den-fruehling-starten\/"},"wordCount":621,"commentCount":0,"publisher":{"@id":"https:\/\/www.salzburgerland.com\/de\/magazin\/#organization"},"image":{"@id":"https:\/\/www.salzburgerland.com\/de\/magazin\/mit-honig-essig-und-kraeutern-in-den-fruehling-starten\/#primaryimage"},"thumbnailUrl":"https:\/\/www.salzburgerland.com\/de\/magazin\/wp-content\/uploads\/2019\/05\/Naturkosmetik_6.jpg","articleSection":["Gesundheit"],"inLanguage":"de","potentialAction":[{"@type":"CommentAction","name":"Comment","target":["https:\/\/www.salzburgerland.com\/de\/magazin\/mit-honig-essig-und-kraeutern-in-den-fruehling-starten\/#respond"]}]},{"@type":"WebPage","@id":"https:\/\/www.salzburgerland.com\/de\/magazin\/mit-honig-essig-und-kraeutern-in-den-fruehling-starten\/","url":"https:\/\/www.salzburgerland.com\/de\/magazin\/mit-honig-essig-und-kraeutern-in-den-fruehling-starten\/","name":"Mit Honig, Essig und Kr\u00e4utern in den Fr\u00fchling starten - SalzburgerLand Magazin","isPartOf":{"@id":"https:\/\/www.salzburgerland.com\/de\/magazin\/#website"},"primaryImageOfPage":{"@id":"https:\/\/www.salzburgerland.com\/de\/magazin\/mit-honig-essig-und-kraeutern-in-den-fruehling-starten\/#primaryimage"},"image":{"@id":"https:\/\/www.salzburgerland.com\/de\/magazin\/mit-honig-essig-und-kraeutern-in-den-fruehling-starten\/#primaryimage"},"thumbnailUrl":"https:\/\/www.salzburgerland.com\/de\/magazin\/wp-content\/uploads\/2019\/05\/Naturkosmetik_6.jpg","datePublished":"2019-05-10T06:00:56+00:00","dateModified":"2019-07-08T09:00:57+00:00","breadcrumb":{"@id":"https:\/\/www.salzburgerland.com\/de\/magazin\/mit-honig-essig-und-kraeutern-in-den-fruehling-starten\/#breadcrumb"},"inLanguage":"de","potentialAction":[{"@type":"ReadAction","target":["https:\/\/www.salzburgerland.com\/de\/magazin\/mit-honig-essig-und-kraeutern-in-den-fruehling-starten\/"]}]},{"@type":"ImageObject","inLanguage":"de","@id":"https:\/\/www.salzburgerland.com\/de\/magazin\/mit-honig-essig-und-kraeutern-in-den-fruehling-starten\/#primaryimage","url":"https:\/\/www.salzburgerland.com\/de\/magazin\/wp-content\/uploads\/2019\/05\/Naturkosmetik_6.jpg","contentUrl":"https:\/\/www.salzburgerland.com\/de\/magazin\/wp-content\/uploads\/2019\/05\/Naturkosmetik_6.jpg","width":861,"height":570,"caption":"Isabell trinkt Oxymel verd\u00fcnnt mit Wasser"},{"@type":"BreadcrumbList","@id":"https:\/\/www.salzburgerland.com\/de\/magazin\/mit-honig-essig-und-kraeutern-in-den-fruehling-starten\/#breadcrumb","itemListElement":[{"@type":"ListItem","position":1,"name":"Startseite","item":"https:\/\/www.salzburgerland.com\/de\/magazin\/"},{"@type":"ListItem","position":2,"name":"Gesundheit","item":"https:\/\/www.salzburgerland.com\/de\/magazin\/thema\/gesundheit\/"},{"@type":"ListItem","position":3,"name":"Mit Honig, Essig und Kr\u00e4utern in den Fr\u00fchling starten"}]},{"@type":"WebSite","@id":"https:\/\/www.salzburgerland.com\/de\/magazin\/#website","url":"https:\/\/www.salzburgerland.com\/de\/magazin\/","name":"SalzburgerLand Magazin","description":"Geschichten und Interessantes aus dem SalzburgerLand","publisher":{"@id":"https:\/\/www.salzburgerland.com\/de\/magazin\/#organization"},"potentialAction":[{"@type":"SearchAction","target":{"@type":"EntryPoint","urlTemplate":"https:\/\/www.salzburgerland.com\/de\/magazin\/?s={search_term_string}"},"query-input":{"@type":"PropertyValueSpecification","valueRequired":true,"valueName":"search_term_string"}}],"inLanguage":"de"},{"@type":"Organization","@id":"https:\/\/www.salzburgerland.com\/de\/magazin\/#organization","name":"SalzburgerLand Tourismus","url":"https:\/\/www.salzburgerland.com\/de\/magazin\/","logo":{"@type":"ImageObject","inLanguage":"de","@id":"https:\/\/www.salzburgerland.com\/de\/magazin\/#\/schema\/logo\/image\/","url":"https:\/\/www.salzburgerland.com\/de\/magazin\/wp-content\/uploads\/2019\/06\/salzburgerland-logo1.jpg","contentUrl":"https:\/\/www.salzburgerland.com\/de\/magazin\/wp-content\/uploads\/2019\/06\/salzburgerland-logo1.jpg","width":2011,"height":866,"caption":"SalzburgerLand Tourismus"},"image":{"@id":"https:\/\/www.salzburgerland.com\/de\/magazin\/#\/schema\/logo\/image\/"},"sameAs":["https:\/\/www.facebook.com\/salzburgerland\/","https:\/\/x.com\/Salzburgerland","https:\/\/www.instagram.com\/salzburgerland\/","https:\/\/at.linkedin.com\/company\/salzburgerland-tourismus-gmbh","https:\/\/www.pinterest.at\/salzburgerland\/","https:\/\/www.youtube.com\/user\/salzburgerland","https:\/\/de.wikipedia.org\/wiki\/SalzburgerLand_Tourismus_GmbH"]},{"@type":"Person","@id":"https:\/\/www.salzburgerland.com\/de\/magazin\/#\/schema\/person\/7932db74f19d9640620859cb2b794c4e","name":"Christine Fr\u00f6schl","description":"Dein pers\u00f6nlicher Logenplatz im SalzburgerLand? Am liebsten gehe ich auf den Einberg im Salzburger Tennengau. Der Berg in der Osterhorn-Gruppe gl\u00e4nzt das ganze Jahr im Sonnenschein, auf dem Gipfel heben Paragleiter ab und die Aussicht auf das Tennengebirge, den Dachstein und die Bischofsm\u00fctze ist traumhaft. Dosige(r) oder Zuagroast? Zuagroast aus dem sch\u00f6nen Nieder\u00f6sterreich. Fr\u00fchling, Sommer, Herbst oder Winter? Alle Jahreszeiten begeistern mich. Momentan freue ich mich auf den Fr\u00fchling, das Zwitschern der V\u00f6gel und auf die sattgr\u00fcnen Wiesen. Salzburger Nockerl oder Schwarzbeernocken? Eindeutig Schwarzbeernocken. Rindsroulade vom Pinzgauer Biorind oder Saibling fangfrisch aus dem Fuschlsee? Mhhhh. Da kann ich mich nicht entscheiden. Bergtour oder Seentour? Mich zieht es auf jeden Fall hinauf. Begeistert bin ich auch von tiefblauen Bergseen in denen sich die Umgebung spiegelt und von der Aussicht w\u00e4hrend des Weges auf einen der wundersch\u00f6nen Seen im Salzburger Land.","url":"https:\/\/www.salzburgerland.com\/de\/magazin\/author\/christine-froeschl\/"}]}},"_wl_alt_label":[],"wl:entity_url":"http:\/\/open.salzburgerland.com\/magazin\/post\/mit_honig__essig_und_kraeutern_in_den_fruehling_starten","_links":{"self":[{"href":"https:\/\/www.salzburgerland.com\/de\/magazin\/wp-json\/wp\/v2\/posts\/130280","targetHints":{"allow":["GET"]}}],"collection":[{"href":"https:\/\/www.salzburgerland.com\/de\/magazin\/wp-json\/wp\/v2\/posts"}],"about":[{"href":"https:\/\/www.salzburgerland.com\/de\/magazin\/wp-json\/wp\/v2\/types\/post"}],"author":[{"embeddable":true,"href":"https:\/\/www.salzburgerland.com\/de\/magazin\/wp-json\/wp\/v2\/users\/236"}],"replies":[{"embeddable":true,"href":"https:\/\/www.salzburgerland.com\/de\/magazin\/wp-json\/wp\/v2\/comments?post=130280"}],"version-history":[{"count":0,"href":"https:\/\/www.salzburgerland.com\/de\/magazin\/wp-json\/wp\/v2\/posts\/130280\/revisions"}],"wp:featuredmedia":[{"embeddable":true,"href":"https:\/\/www.salzburgerland.com\/de\/magazin\/wp-json\/wp\/v2\/media\/130287"}],"wp:attachment":[{"href":"https:\/\/www.salzburgerland.com\/de\/magazin\/wp-json\/wp\/v2\/media?parent=130280"}],"wp:term":[{"taxonomy":"category","embeddable":true,"href":"https:\/\/www.salzburgerland.com\/de\/magazin\/wp-json\/wp\/v2\/categories?post=130280"},{"taxonomy":"post_tag","embeddable":true,"href":"https:\/\/www.salzburgerland.com\/de\/magazin\/wp-json\/wp\/v2\/tags?post=130280"},{"taxonomy":"wl_entity_type","embeddable":true,"href":"https:\/\/www.salzburgerland.com\/de\/magazin\/wp-json\/wp\/v2\/wl_entity_type?post=130280"},{"taxonomy":"monatsauswahl","embeddable":true,"href":"https:\/\/www.salzburgerland.com\/de\/magazin\/wp-json\/wp\/v2\/monatsauswahl?post=130280"}],"curies":[{"name":"wp","href":"https:\/\/api.w.org\/{rel}","templated":true}]}}