{"id":130024,"date":"2019-04-23T06:56:02","date_gmt":"2019-04-23T04:56:02","guid":{"rendered":"https:\/\/www.salzburgerland.com\/de\/magazin\/?p=130024"},"modified":"2019-06-26T18:24:42","modified_gmt":"2019-06-26T16:24:42","slug":"3-wolfgangsee-pilgertag","status":"publish","type":"post","link":"https:\/\/www.salzburgerland.com\/de\/magazin\/3-wolfgangsee-pilgertag\/","title":{"rendered":"3. Wolfgangsee &#8211; Pilgertag"},"content":{"rendered":"<p><strong>Der 3. Wolfgangsee Pilgertag steht unter dem Motto &#8222;In Beziehung kommen&#8220;. Ein \u00e4u\u00dferst passendes Motto, wenn man bedenkt, dass besonders in der Osterzeit ein Ziel die Menschen seit Jahrhunderten bewegt, die bewusste Wahrnehmung Gottes Sch\u00f6pfung. Der Pilgertag am 27. April am Wolfgangsee: Ein Tag, der K\u00f6rper, Geist und Seele in Beziehung bringt.<\/strong><\/p>\n<h3>Der Pilger- und Wallfahrtsweg<\/h3>\n<p>Am Samstag , den 27. April\u00a0geht es um 8:30 Uhr nach einem Pilgersegen vom Europakloster Gut Aich in St. Gilgen los nach F\u00fcrberg und \u00fcber den Falkenstein nach Ried. Gest\u00e4rkt mit einer Pilgersuppe im Leopoldhof f\u00fchrt der Pilgerweg zur Pfarrkirche St. Wolfgang und einer Andacht vor dem ber\u00fchmten Pacher Altar. F\u00fcr Pausen, Stille, Gebet, geistige und k\u00f6rperliche St\u00e4rkung sorgen Bruder Thomas Hessler, OSB vom Europakloster, unterst\u00fctzt von Pilgerbegleitern.<\/p>\n<figure id=\"attachment_96154\" aria-describedby=\"caption-attachment-96154\" style=\"width: 650px\" class=\"wp-caption aligncenter\"><img loading=\"lazy\" decoding=\"async\" class=\"wp-image-96154 size-singlePost\" src=\"https:\/\/www.salzburgerland.com\/de\/magazin\/wp-content\/uploads\/2015\/03\/Kloster-650x435.jpg\" alt=\"\" width=\"650\" height=\"435\" \/><figcaption id=\"caption-attachment-96154\" class=\"wp-caption-text\">Kloster Gut Aich<\/figcaption><\/figure>\n<h3>Pilgern in der Wolfgangseeregion<\/h3>\n<p>Die traumhafte Kulisse des Wolfgangsee rundet das Pilgererlebnis perfekt ab. Ein besonderes Highlight ist die R\u00fcckfahrt nach F\u00fcrberg. Per Schiff geht es dann wieder Richtung St. Gilgen. Die Fahrt mit dem Schiff galt f\u00fcr Pilger immer schon als \u201eerlaubte\u201c Fortbewegung am Pilgerweg und ist sozusagen das i-T\u00fcpfelchen f\u00fcr einen unvergesslichen Pilgertag. Um etwa 17:00 Uhr endet das Pilgererlebnis im Kr\u00e4utergarten zu Gut Aich. Der Beitrag f\u00fcr eine Pilgersuppe, Pilgerschokolade, die Schifffahrt nach F\u00fcrberg sowie f\u00fcr die spirituelle Begleitung betr\u00e4gt 25\u20ac.<\/p>\n<figure id=\"attachment_126560\" aria-describedby=\"caption-attachment-126560\" style=\"width: 650px\" class=\"wp-caption aligncenter\"><img loading=\"lazy\" decoding=\"async\" class=\"wp-image-126560 size-singlePost\" src=\"https:\/\/www.salzburgerland.com\/de\/magazin\/wp-content\/uploads\/2018\/10\/Wolfgangsee-Sankt-Gilgen-111-650x435.jpg\" alt=\"\" width=\"650\" height=\"435\" \/><figcaption id=\"caption-attachment-126560\" class=\"wp-caption-text\">Traumhafte Kulisse am Wolfgangsee<\/figcaption><\/figure>\n<h3>Empfehlungen<\/h3>\n<ul>\n<li>F\u00fcr Pilger aus weiterer Entfernung empfiehlt es sich, ein Wochenende am Wolfgangsee zu verbringen. Es bieten sich f\u00fcr den Aufenthalt von Freitag bis Sonntag genug \u00dcbernachtungsm\u00f6glichkeiten \u00fcber\u00a0<a href=\"http:\/\/www.wolfgangsee.at\/\" target=\"_blank\" rel=\"noopener noreferrer\" data-auth=\"NotApplicable\">www.wolfgangsee.at<\/a>\u00a0an.<\/li>\n<li>Ebenfalls ist gutes Schuhwerk, Allwetterkleidung, Wasserreserven sowie das Mitbringen einer kleinen Jause zu empfehlen.\u00a0<\/li>\n<li>F\u00fcr Pilger, sowie Gruppen aus ganz \u00d6sterreich und Bayern bietet der Wolfgangsee Tourismus preisg\u00fcnstige Pauschalen von Privatzimmern\/Bauernhof an. N\u00e4here Informationen ebenfalls unter <a href=\"http:\/\/www.wolfgangsee.at\">www.wolfgangsee.at<\/a><\/li>\n<\/ul>\n<h3>Anmeldung<\/h3>\n<p>Telefonische R\u00fcckfragen zum Pilgertag k\u00f6nnen unter der Telefonnummer +43 (0)650 400 1968 gestellt werden.<\/p>\n<p>Die Anmeldung erfolgt via E-Mail unter klosterpforte@europakloster.com oder via Telefon unter +43 (0)6227-2318.<\/p>\n<p>&nbsp;<\/p>\n<p>\u00a9Fotos: www.salzburgerland.com<\/p>\n","protected":false},"excerpt":{"rendered":"<p>Der 3. Wolfgangsee Pilgertag steht unter dem Motto &#8222;In Beziehung kommen&#8220;. Ein \u00e4u\u00dferst passendes Motto, wenn man bedenkt, dass besonders in der Osterzeit ein Ziel die Menschen seit Jahrhunderten bewegt, die bewusste Wahrnehmung Gottes Sch\u00f6pfung. Der Pilgertag am 27. April am Wolfgangsee: Ein Tag, der K\u00f6rper, Geist und Seele in Beziehung bringt. Der Pilger- und [&hellip;]<\/p>\n","protected":false},"author":542,"featured_media":130026,"comment_status":"open","ping_status":"open","sticky":false,"template":"","format":"standard","meta":{"_acf_changed":false,"wl_entities_gutenberg":"","_wl_entity_redirect_enabled":"","footnotes":""},"categories":[6],"tags":[],"wl_entity_type":[306],"monatsauswahl":[85],"class_list":["post-130024","post","type-post","status-publish","format-standard","has-post-thumbnail","hentry","category-kunst-kultur","wl_entity_type-article","monatsauswahl-monat_4"],"acf":[],"yoast_head":"<!-- This site is optimized with the Yoast SEO Premium plugin v27.4 (Yoast SEO v27.4) - https:\/\/yoast.com\/product\/yoast-seo-premium-wordpress\/ -->\n<title>3. Wolfgangsee - Pilgertag - SalzburgerLand Magazin<\/title>\n<meta name=\"description\" content=\"Der 3. Wolfgangsee Pilgertag steht unter dem Motto &#8222;In Beziehung kommen&#8220;. Ein \u00e4u\u00dferst passendes Motto, wenn man bedenkt, dass besonders in der Osterzeit ein Ziel die Menschen seit Jahrhunderten bewegt, die bewusste Wahrnehmung Gottes Sch\u00f6pfung. Der Pilgertag am 27. April am Wolfgangsee: Ein Tag, der K\u00f6rper, Geist und Seele in Beziehung bringt. Der Pilger- und [&hellip;]\" \/>\n<meta name=\"robots\" content=\"index, follow, max-snippet:-1, max-image-preview:large, max-video-preview:-1\" \/>\n<link rel=\"canonical\" href=\"https:\/\/www.salzburgerland.com\/de\/magazin\/3-wolfgangsee-pilgertag\/\" \/>\n<meta property=\"og:locale\" content=\"de_DE\" \/>\n<meta property=\"og:type\" content=\"article\" \/>\n<meta property=\"og:title\" content=\"3. Wolfgangsee - Pilgertag\" \/>\n<meta property=\"og:description\" content=\"Der 3. Wolfgangsee Pilgertag steht unter dem Motto &#8222;In Beziehung kommen&#8220;. Ein \u00e4u\u00dferst passendes Motto, wenn man bedenkt, dass besonders in der Osterzeit ein Ziel die Menschen seit Jahrhunderten bewegt, die bewusste Wahrnehmung Gottes Sch\u00f6pfung. Der Pilgertag am 27. April am Wolfgangsee: Ein Tag, der K\u00f6rper, Geist und Seele in Beziehung bringt. Der Pilger- und [&hellip;]\" \/>\n<meta property=\"og:url\" content=\"https:\/\/www.salzburgerland.com\/de\/magazin\/3-wolfgangsee-pilgertag\/\" \/>\n<meta property=\"og:site_name\" content=\"SalzburgerLand Magazin\" \/>\n<meta property=\"article:publisher\" content=\"https:\/\/www.facebook.com\/salzburgerland\/\" \/>\n<meta property=\"article:author\" content=\"https:\/\/www.facebook.com\/oculus.filme\/\" \/>\n<meta property=\"article:published_time\" content=\"2019-04-23T04:56:02+00:00\" \/>\n<meta property=\"article:modified_time\" content=\"2019-06-26T16:24:42+00:00\" \/>\n<meta property=\"og:image\" content=\"https:\/\/www.salzburgerland.com\/de\/magazin\/wp-content\/uploads\/2019\/04\/IMG_20180421_131225.jpg\" \/>\n\t<meta property=\"og:image:width\" content=\"1600\" \/>\n\t<meta property=\"og:image:height\" content=\"900\" \/>\n\t<meta property=\"og:image:type\" content=\"image\/jpeg\" \/>\n<meta name=\"author\" content=\"Thomas Lahnsteiner\" \/>\n<meta name=\"twitter:card\" content=\"summary_large_image\" \/>\n<meta name=\"twitter:creator\" content=\"@Salzburgerland\" \/>\n<meta name=\"twitter:site\" content=\"@Salzburgerland\" \/>\n<meta name=\"twitter:label1\" content=\"Verfasst von\" \/>\n\t<meta name=\"twitter:data1\" content=\"Thomas Lahnsteiner\" \/>\n\t<meta name=\"twitter:label2\" content=\"Gesch\u00e4tzte Lesezeit\" \/>\n\t<meta name=\"twitter:data2\" content=\"2\u00a0Minuten\" \/>\n<script type=\"application\/ld+json\" class=\"yoast-schema-graph\">{\"@context\":\"https:\\\/\\\/schema.org\",\"@graph\":[{\"@type\":\"Article\",\"@id\":\"https:\\\/\\\/www.salzburgerland.com\\\/de\\\/magazin\\\/3-wolfgangsee-pilgertag\\\/#article\",\"isPartOf\":{\"@id\":\"https:\\\/\\\/www.salzburgerland.com\\\/de\\\/magazin\\\/3-wolfgangsee-pilgertag\\\/\"},\"author\":{\"name\":\"Thomas Lahnsteiner\",\"@id\":\"https:\\\/\\\/www.salzburgerland.com\\\/de\\\/magazin\\\/#\\\/schema\\\/person\\\/e35af5192c5cd0f60c9a342b7a0175f2\"},\"headline\":\"3. Wolfgangsee &#8211; Pilgertag\",\"datePublished\":\"2019-04-23T04:56:02+00:00\",\"dateModified\":\"2019-06-26T16:24:42+00:00\",\"mainEntityOfPage\":{\"@id\":\"https:\\\/\\\/www.salzburgerland.com\\\/de\\\/magazin\\\/3-wolfgangsee-pilgertag\\\/\"},\"wordCount\":357,\"commentCount\":0,\"publisher\":{\"@id\":\"https:\\\/\\\/www.salzburgerland.com\\\/de\\\/magazin\\\/#organization\"},\"image\":{\"@id\":\"https:\\\/\\\/www.salzburgerland.com\\\/de\\\/magazin\\\/3-wolfgangsee-pilgertag\\\/#primaryimage\"},\"thumbnailUrl\":\"https:\\\/\\\/www.salzburgerland.com\\\/de\\\/magazin\\\/wp-content\\\/uploads\\\/2019\\\/04\\\/IMG_20180421_131225.jpg\",\"articleSection\":[\"Kunst &amp; Kultur\"],\"inLanguage\":\"de\",\"potentialAction\":[{\"@type\":\"CommentAction\",\"name\":\"Comment\",\"target\":[\"https:\\\/\\\/www.salzburgerland.com\\\/de\\\/magazin\\\/3-wolfgangsee-pilgertag\\\/#respond\"]}]},{\"@type\":\"WebPage\",\"@id\":\"https:\\\/\\\/www.salzburgerland.com\\\/de\\\/magazin\\\/3-wolfgangsee-pilgertag\\\/\",\"url\":\"https:\\\/\\\/www.salzburgerland.com\\\/de\\\/magazin\\\/3-wolfgangsee-pilgertag\\\/\",\"name\":\"3. Wolfgangsee - Pilgertag - SalzburgerLand Magazin\",\"isPartOf\":{\"@id\":\"https:\\\/\\\/www.salzburgerland.com\\\/de\\\/magazin\\\/#website\"},\"primaryImageOfPage\":{\"@id\":\"https:\\\/\\\/www.salzburgerland.com\\\/de\\\/magazin\\\/3-wolfgangsee-pilgertag\\\/#primaryimage\"},\"image\":{\"@id\":\"https:\\\/\\\/www.salzburgerland.com\\\/de\\\/magazin\\\/3-wolfgangsee-pilgertag\\\/#primaryimage\"},\"thumbnailUrl\":\"https:\\\/\\\/www.salzburgerland.com\\\/de\\\/magazin\\\/wp-content\\\/uploads\\\/2019\\\/04\\\/IMG_20180421_131225.jpg\",\"datePublished\":\"2019-04-23T04:56:02+00:00\",\"dateModified\":\"2019-06-26T16:24:42+00:00\",\"breadcrumb\":{\"@id\":\"https:\\\/\\\/www.salzburgerland.com\\\/de\\\/magazin\\\/3-wolfgangsee-pilgertag\\\/#breadcrumb\"},\"inLanguage\":\"de\",\"potentialAction\":[{\"@type\":\"ReadAction\",\"target\":[\"https:\\\/\\\/www.salzburgerland.com\\\/de\\\/magazin\\\/3-wolfgangsee-pilgertag\\\/\"]}]},{\"@type\":\"ImageObject\",\"inLanguage\":\"de\",\"@id\":\"https:\\\/\\\/www.salzburgerland.com\\\/de\\\/magazin\\\/3-wolfgangsee-pilgertag\\\/#primaryimage\",\"url\":\"https:\\\/\\\/www.salzburgerland.com\\\/de\\\/magazin\\\/wp-content\\\/uploads\\\/2019\\\/04\\\/IMG_20180421_131225.jpg\",\"contentUrl\":\"https:\\\/\\\/www.salzburgerland.com\\\/de\\\/magazin\\\/wp-content\\\/uploads\\\/2019\\\/04\\\/IMG_20180421_131225.jpg\",\"width\":1600,\"height\":900,\"caption\":\"Eine Gruppe von Wanderern geht auf einem l\u00e4ndlichen Weg mit Bergen und einem See im Hintergrund unter einem klaren Himmel.\"},{\"@type\":\"BreadcrumbList\",\"@id\":\"https:\\\/\\\/www.salzburgerland.com\\\/de\\\/magazin\\\/3-wolfgangsee-pilgertag\\\/#breadcrumb\",\"itemListElement\":[{\"@type\":\"ListItem\",\"position\":1,\"name\":\"Startseite\",\"item\":\"https:\\\/\\\/www.salzburgerland.com\\\/de\\\/magazin\\\/\"},{\"@type\":\"ListItem\",\"position\":2,\"name\":\"Kunst &amp; Kultur\",\"item\":\"https:\\\/\\\/www.salzburgerland.com\\\/de\\\/magazin\\\/thema\\\/kunst-kultur\\\/\"},{\"@type\":\"ListItem\",\"position\":3,\"name\":\"3. Wolfgangsee &#8211; Pilgertag\"}]},{\"@type\":\"WebSite\",\"@id\":\"https:\\\/\\\/www.salzburgerland.com\\\/de\\\/magazin\\\/#website\",\"url\":\"https:\\\/\\\/www.salzburgerland.com\\\/de\\\/magazin\\\/\",\"name\":\"SalzburgerLand Magazin\",\"description\":\"Geschichten und Interessantes aus dem SalzburgerLand\",\"publisher\":{\"@id\":\"https:\\\/\\\/www.salzburgerland.com\\\/de\\\/magazin\\\/#organization\"},\"potentialAction\":[{\"@type\":\"SearchAction\",\"target\":{\"@type\":\"EntryPoint\",\"urlTemplate\":\"https:\\\/\\\/www.salzburgerland.com\\\/de\\\/magazin\\\/?s={search_term_string}\"},\"query-input\":{\"@type\":\"PropertyValueSpecification\",\"valueRequired\":true,\"valueName\":\"search_term_string\"}}],\"inLanguage\":\"de\"},{\"@type\":\"Organization\",\"@id\":\"https:\\\/\\\/www.salzburgerland.com\\\/de\\\/magazin\\\/#organization\",\"name\":\"SalzburgerLand Tourismus\",\"url\":\"https:\\\/\\\/www.salzburgerland.com\\\/de\\\/magazin\\\/\",\"logo\":{\"@type\":\"ImageObject\",\"inLanguage\":\"de\",\"@id\":\"https:\\\/\\\/www.salzburgerland.com\\\/de\\\/magazin\\\/#\\\/schema\\\/logo\\\/image\\\/\",\"url\":\"https:\\\/\\\/www.salzburgerland.com\\\/de\\\/magazin\\\/wp-content\\\/uploads\\\/2019\\\/06\\\/salzburgerland-logo1.jpg\",\"contentUrl\":\"https:\\\/\\\/www.salzburgerland.com\\\/de\\\/magazin\\\/wp-content\\\/uploads\\\/2019\\\/06\\\/salzburgerland-logo1.jpg\",\"width\":2011,\"height\":866,\"caption\":\"SalzburgerLand Tourismus\"},\"image\":{\"@id\":\"https:\\\/\\\/www.salzburgerland.com\\\/de\\\/magazin\\\/#\\\/schema\\\/logo\\\/image\\\/\"},\"sameAs\":[\"https:\\\/\\\/www.facebook.com\\\/salzburgerland\\\/\",\"https:\\\/\\\/x.com\\\/Salzburgerland\",\"https:\\\/\\\/www.instagram.com\\\/salzburgerland\\\/\",\"https:\\\/\\\/at.linkedin.com\\\/company\\\/salzburgerland-tourismus-gmbh\",\"https:\\\/\\\/www.pinterest.at\\\/salzburgerland\\\/\",\"https:\\\/\\\/www.youtube.com\\\/user\\\/salzburgerland\",\"https:\\\/\\\/de.wikipedia.org\\\/wiki\\\/SalzburgerLand_Tourismus_GmbH\"]},{\"@type\":\"Person\",\"@id\":\"https:\\\/\\\/www.salzburgerland.com\\\/de\\\/magazin\\\/#\\\/schema\\\/person\\\/e35af5192c5cd0f60c9a342b7a0175f2\",\"name\":\"Thomas Lahnsteiner\",\"description\":\"Neben der T\u00e4tigkeit als Autor beim Salzburger Land Magazin liegt meine Leidenschaft vor allem im Bereich der Videoproduktion. Eine perfekte Symbiose wie ich meine. Denn wie hei\u00dft es so sch\u00f6n: Ein Bild sagt mehr als tausend Worte. Umso aussagekr\u00e4ftiger sind also Bewegtbilder. Diese Bilder verschmelzt mit einem wohl\u00fcberlegten, kreativen Text sorgen f\u00fcr eine perfekte Kombination und sollen dem Leser ein bestm\u00f6gliches audiovisuelles Leseerlebnis erm\u00f6glichen. Neben dem Bachelorstudium der Kommunikationswissenschaften ist diese T\u00e4tigkeit gleich doppelt von Vorteil, da die im Studium erlernte Theorie durch die Mitarbeit am besagten Medium sofort in die Praxis umgesetzt werden kann. Doch die gr\u00f6\u00dfte Motivation ist und bleibt das Offensichtliche: \u00dcber das wundersch\u00f6ne Salzburger Land zu schreiben, samt all seinen landschaftlichen, kulinarischen und kulturellen Gegebenheiten. &nbsp; &nbsp; Dein pers\u00f6nlicher Logenplatz in Salzburg? Im Prinzip das ganze Salzburger Land, da jede Region ihre eigenen Reize und Vorz\u00fcge hat. Wohnbedingt und durch die traumhafte Kombination von Bergen, Wasser und wundersch\u00f6nen Panoramastra\u00dfen (Motorrad) steht bei mir die Wolfgangseeregion an erster Stelle. &nbsp; Fr\u00fchling, Sommer, Herbst oder Winter? Sommer. Schon aufgrund der Tatsache, dass sich eine meiner Lieblingsaktivit\u00e4ten, das Motorradfahren, in dieser Jahreszeit am besten praktizieren l\u00e4sst. &nbsp; Bergschuhe oder Fu\u00dfballschuhe? Beides. Im Fu\u00dfballverein das Stollenprofil und bei Wanderungen die solide Sohle der Bergschuhe. &nbsp; Ausstellung oder Bergpanorma? Das Bergpanorama bei uns ist die sch\u00f6nste Ausstellung. &nbsp; Lederhose oder Smoking? Kommt ganz auf den Anlass an. Jedoch l\u00e4sst sich so ziemlich jeder Anlass sehr gut mit Tracht vereinen. &nbsp; Bergtour oder Seentour? Am besten und sch\u00f6nsten kombiniert. &nbsp;\",\"sameAs\":[\"https:\\\/\\\/allesumssalzkammergut.wordpress.com\\\/\",\"https:\\\/\\\/www.facebook.com\\\/oculus.filme\\\/\"],\"url\":\"https:\\\/\\\/www.salzburgerland.com\\\/de\\\/magazin\\\/author\\\/thomas-lahnsteiner\\\/\"}]}<\/script>\n<!-- \/ Yoast SEO Premium plugin. -->","yoast_head_json":{"title":"3. Wolfgangsee - Pilgertag - SalzburgerLand Magazin","description":"Der 3. Wolfgangsee Pilgertag steht unter dem Motto &#8222;In Beziehung kommen&#8220;. Ein \u00e4u\u00dferst passendes Motto, wenn man bedenkt, dass besonders in der Osterzeit ein Ziel die Menschen seit Jahrhunderten bewegt, die bewusste Wahrnehmung Gottes Sch\u00f6pfung. Der Pilgertag am 27. April am Wolfgangsee: Ein Tag, der K\u00f6rper, Geist und Seele in Beziehung bringt. Der Pilger- und [&hellip;]","robots":{"index":"index","follow":"follow","max-snippet":"max-snippet:-1","max-image-preview":"max-image-preview:large","max-video-preview":"max-video-preview:-1"},"canonical":"https:\/\/www.salzburgerland.com\/de\/magazin\/3-wolfgangsee-pilgertag\/","og_locale":"de_DE","og_type":"article","og_title":"3. Wolfgangsee - Pilgertag","og_description":"Der 3. Wolfgangsee Pilgertag steht unter dem Motto &#8222;In Beziehung kommen&#8220;. Ein \u00e4u\u00dferst passendes Motto, wenn man bedenkt, dass besonders in der Osterzeit ein Ziel die Menschen seit Jahrhunderten bewegt, die bewusste Wahrnehmung Gottes Sch\u00f6pfung. Der Pilgertag am 27. April am Wolfgangsee: Ein Tag, der K\u00f6rper, Geist und Seele in Beziehung bringt. Der Pilger- und [&hellip;]","og_url":"https:\/\/www.salzburgerland.com\/de\/magazin\/3-wolfgangsee-pilgertag\/","og_site_name":"SalzburgerLand Magazin","article_publisher":"https:\/\/www.facebook.com\/salzburgerland\/","article_author":"https:\/\/www.facebook.com\/oculus.filme\/","article_published_time":"2019-04-23T04:56:02+00:00","article_modified_time":"2019-06-26T16:24:42+00:00","og_image":[{"width":1600,"height":900,"url":"https:\/\/www.salzburgerland.com\/de\/magazin\/wp-content\/uploads\/2019\/04\/IMG_20180421_131225.jpg","type":"image\/jpeg"}],"author":"Thomas Lahnsteiner","twitter_card":"summary_large_image","twitter_creator":"@Salzburgerland","twitter_site":"@Salzburgerland","twitter_misc":{"Verfasst von":"Thomas Lahnsteiner","Gesch\u00e4tzte Lesezeit":"2\u00a0Minuten"},"schema":{"@context":"https:\/\/schema.org","@graph":[{"@type":"Article","@id":"https:\/\/www.salzburgerland.com\/de\/magazin\/3-wolfgangsee-pilgertag\/#article","isPartOf":{"@id":"https:\/\/www.salzburgerland.com\/de\/magazin\/3-wolfgangsee-pilgertag\/"},"author":{"name":"Thomas Lahnsteiner","@id":"https:\/\/www.salzburgerland.com\/de\/magazin\/#\/schema\/person\/e35af5192c5cd0f60c9a342b7a0175f2"},"headline":"3. Wolfgangsee &#8211; Pilgertag","datePublished":"2019-04-23T04:56:02+00:00","dateModified":"2019-06-26T16:24:42+00:00","mainEntityOfPage":{"@id":"https:\/\/www.salzburgerland.com\/de\/magazin\/3-wolfgangsee-pilgertag\/"},"wordCount":357,"commentCount":0,"publisher":{"@id":"https:\/\/www.salzburgerland.com\/de\/magazin\/#organization"},"image":{"@id":"https:\/\/www.salzburgerland.com\/de\/magazin\/3-wolfgangsee-pilgertag\/#primaryimage"},"thumbnailUrl":"https:\/\/www.salzburgerland.com\/de\/magazin\/wp-content\/uploads\/2019\/04\/IMG_20180421_131225.jpg","articleSection":["Kunst &amp; Kultur"],"inLanguage":"de","potentialAction":[{"@type":"CommentAction","name":"Comment","target":["https:\/\/www.salzburgerland.com\/de\/magazin\/3-wolfgangsee-pilgertag\/#respond"]}]},{"@type":"WebPage","@id":"https:\/\/www.salzburgerland.com\/de\/magazin\/3-wolfgangsee-pilgertag\/","url":"https:\/\/www.salzburgerland.com\/de\/magazin\/3-wolfgangsee-pilgertag\/","name":"3. Wolfgangsee - Pilgertag - SalzburgerLand Magazin","isPartOf":{"@id":"https:\/\/www.salzburgerland.com\/de\/magazin\/#website"},"primaryImageOfPage":{"@id":"https:\/\/www.salzburgerland.com\/de\/magazin\/3-wolfgangsee-pilgertag\/#primaryimage"},"image":{"@id":"https:\/\/www.salzburgerland.com\/de\/magazin\/3-wolfgangsee-pilgertag\/#primaryimage"},"thumbnailUrl":"https:\/\/www.salzburgerland.com\/de\/magazin\/wp-content\/uploads\/2019\/04\/IMG_20180421_131225.jpg","datePublished":"2019-04-23T04:56:02+00:00","dateModified":"2019-06-26T16:24:42+00:00","breadcrumb":{"@id":"https:\/\/www.salzburgerland.com\/de\/magazin\/3-wolfgangsee-pilgertag\/#breadcrumb"},"inLanguage":"de","potentialAction":[{"@type":"ReadAction","target":["https:\/\/www.salzburgerland.com\/de\/magazin\/3-wolfgangsee-pilgertag\/"]}]},{"@type":"ImageObject","inLanguage":"de","@id":"https:\/\/www.salzburgerland.com\/de\/magazin\/3-wolfgangsee-pilgertag\/#primaryimage","url":"https:\/\/www.salzburgerland.com\/de\/magazin\/wp-content\/uploads\/2019\/04\/IMG_20180421_131225.jpg","contentUrl":"https:\/\/www.salzburgerland.com\/de\/magazin\/wp-content\/uploads\/2019\/04\/IMG_20180421_131225.jpg","width":1600,"height":900,"caption":"Eine Gruppe von Wanderern geht auf einem l\u00e4ndlichen Weg mit Bergen und einem See im Hintergrund unter einem klaren Himmel."},{"@type":"BreadcrumbList","@id":"https:\/\/www.salzburgerland.com\/de\/magazin\/3-wolfgangsee-pilgertag\/#breadcrumb","itemListElement":[{"@type":"ListItem","position":1,"name":"Startseite","item":"https:\/\/www.salzburgerland.com\/de\/magazin\/"},{"@type":"ListItem","position":2,"name":"Kunst &amp; Kultur","item":"https:\/\/www.salzburgerland.com\/de\/magazin\/thema\/kunst-kultur\/"},{"@type":"ListItem","position":3,"name":"3. Wolfgangsee &#8211; Pilgertag"}]},{"@type":"WebSite","@id":"https:\/\/www.salzburgerland.com\/de\/magazin\/#website","url":"https:\/\/www.salzburgerland.com\/de\/magazin\/","name":"SalzburgerLand Magazin","description":"Geschichten und Interessantes aus dem SalzburgerLand","publisher":{"@id":"https:\/\/www.salzburgerland.com\/de\/magazin\/#organization"},"potentialAction":[{"@type":"SearchAction","target":{"@type":"EntryPoint","urlTemplate":"https:\/\/www.salzburgerland.com\/de\/magazin\/?s={search_term_string}"},"query-input":{"@type":"PropertyValueSpecification","valueRequired":true,"valueName":"search_term_string"}}],"inLanguage":"de"},{"@type":"Organization","@id":"https:\/\/www.salzburgerland.com\/de\/magazin\/#organization","name":"SalzburgerLand Tourismus","url":"https:\/\/www.salzburgerland.com\/de\/magazin\/","logo":{"@type":"ImageObject","inLanguage":"de","@id":"https:\/\/www.salzburgerland.com\/de\/magazin\/#\/schema\/logo\/image\/","url":"https:\/\/www.salzburgerland.com\/de\/magazin\/wp-content\/uploads\/2019\/06\/salzburgerland-logo1.jpg","contentUrl":"https:\/\/www.salzburgerland.com\/de\/magazin\/wp-content\/uploads\/2019\/06\/salzburgerland-logo1.jpg","width":2011,"height":866,"caption":"SalzburgerLand Tourismus"},"image":{"@id":"https:\/\/www.salzburgerland.com\/de\/magazin\/#\/schema\/logo\/image\/"},"sameAs":["https:\/\/www.facebook.com\/salzburgerland\/","https:\/\/x.com\/Salzburgerland","https:\/\/www.instagram.com\/salzburgerland\/","https:\/\/at.linkedin.com\/company\/salzburgerland-tourismus-gmbh","https:\/\/www.pinterest.at\/salzburgerland\/","https:\/\/www.youtube.com\/user\/salzburgerland","https:\/\/de.wikipedia.org\/wiki\/SalzburgerLand_Tourismus_GmbH"]},{"@type":"Person","@id":"https:\/\/www.salzburgerland.com\/de\/magazin\/#\/schema\/person\/e35af5192c5cd0f60c9a342b7a0175f2","name":"Thomas Lahnsteiner","description":"Neben der T\u00e4tigkeit als Autor beim Salzburger Land Magazin liegt meine Leidenschaft vor allem im Bereich der Videoproduktion. Eine perfekte Symbiose wie ich meine. Denn wie hei\u00dft es so sch\u00f6n: Ein Bild sagt mehr als tausend Worte. Umso aussagekr\u00e4ftiger sind also Bewegtbilder. Diese Bilder verschmelzt mit einem wohl\u00fcberlegten, kreativen Text sorgen f\u00fcr eine perfekte Kombination und sollen dem Leser ein bestm\u00f6gliches audiovisuelles Leseerlebnis erm\u00f6glichen. Neben dem Bachelorstudium der Kommunikationswissenschaften ist diese T\u00e4tigkeit gleich doppelt von Vorteil, da die im Studium erlernte Theorie durch die Mitarbeit am besagten Medium sofort in die Praxis umgesetzt werden kann. Doch die gr\u00f6\u00dfte Motivation ist und bleibt das Offensichtliche: \u00dcber das wundersch\u00f6ne Salzburger Land zu schreiben, samt all seinen landschaftlichen, kulinarischen und kulturellen Gegebenheiten. &nbsp; &nbsp; Dein pers\u00f6nlicher Logenplatz in Salzburg? Im Prinzip das ganze Salzburger Land, da jede Region ihre eigenen Reize und Vorz\u00fcge hat. Wohnbedingt und durch die traumhafte Kombination von Bergen, Wasser und wundersch\u00f6nen Panoramastra\u00dfen (Motorrad) steht bei mir die Wolfgangseeregion an erster Stelle. &nbsp; Fr\u00fchling, Sommer, Herbst oder Winter? Sommer. Schon aufgrund der Tatsache, dass sich eine meiner Lieblingsaktivit\u00e4ten, das Motorradfahren, in dieser Jahreszeit am besten praktizieren l\u00e4sst. &nbsp; Bergschuhe oder Fu\u00dfballschuhe? Beides. Im Fu\u00dfballverein das Stollenprofil und bei Wanderungen die solide Sohle der Bergschuhe. &nbsp; Ausstellung oder Bergpanorma? Das Bergpanorama bei uns ist die sch\u00f6nste Ausstellung. &nbsp; Lederhose oder Smoking? Kommt ganz auf den Anlass an. Jedoch l\u00e4sst sich so ziemlich jeder Anlass sehr gut mit Tracht vereinen. &nbsp; Bergtour oder Seentour? Am besten und sch\u00f6nsten kombiniert. &nbsp;","sameAs":["https:\/\/allesumssalzkammergut.wordpress.com\/","https:\/\/www.facebook.com\/oculus.filme\/"],"url":"https:\/\/www.salzburgerland.com\/de\/magazin\/author\/thomas-lahnsteiner\/"}]}},"_wl_alt_label":[],"wl:entity_url":"http:\/\/open.salzburgerland.com\/magazin\/post\/3-_wolfgangsee_-_pilgertag","_links":{"self":[{"href":"https:\/\/www.salzburgerland.com\/de\/magazin\/wp-json\/wp\/v2\/posts\/130024","targetHints":{"allow":["GET"]}}],"collection":[{"href":"https:\/\/www.salzburgerland.com\/de\/magazin\/wp-json\/wp\/v2\/posts"}],"about":[{"href":"https:\/\/www.salzburgerland.com\/de\/magazin\/wp-json\/wp\/v2\/types\/post"}],"author":[{"embeddable":true,"href":"https:\/\/www.salzburgerland.com\/de\/magazin\/wp-json\/wp\/v2\/users\/542"}],"replies":[{"embeddable":true,"href":"https:\/\/www.salzburgerland.com\/de\/magazin\/wp-json\/wp\/v2\/comments?post=130024"}],"version-history":[{"count":0,"href":"https:\/\/www.salzburgerland.com\/de\/magazin\/wp-json\/wp\/v2\/posts\/130024\/revisions"}],"wp:featuredmedia":[{"embeddable":true,"href":"https:\/\/www.salzburgerland.com\/de\/magazin\/wp-json\/wp\/v2\/media\/130026"}],"wp:attachment":[{"href":"https:\/\/www.salzburgerland.com\/de\/magazin\/wp-json\/wp\/v2\/media?parent=130024"}],"wp:term":[{"taxonomy":"category","embeddable":true,"href":"https:\/\/www.salzburgerland.com\/de\/magazin\/wp-json\/wp\/v2\/categories?post=130024"},{"taxonomy":"post_tag","embeddable":true,"href":"https:\/\/www.salzburgerland.com\/de\/magazin\/wp-json\/wp\/v2\/tags?post=130024"},{"taxonomy":"wl_entity_type","embeddable":true,"href":"https:\/\/www.salzburgerland.com\/de\/magazin\/wp-json\/wp\/v2\/wl_entity_type?post=130024"},{"taxonomy":"monatsauswahl","embeddable":true,"href":"https:\/\/www.salzburgerland.com\/de\/magazin\/wp-json\/wp\/v2\/monatsauswahl?post=130024"}],"curies":[{"name":"wp","href":"https:\/\/api.w.org\/{rel}","templated":true}]}}