{"id":129820,"date":"2020-05-03T08:00:00","date_gmt":"2020-05-03T06:00:00","guid":{"rendered":"https:\/\/www.salzburgerland.com\/de\/magazin\/?p=129820"},"modified":"2021-03-16T09:20:12","modified_gmt":"2021-03-16T08:20:12","slug":"velodrom-salzburger-seenland","status":"publish","type":"post","link":"https:\/\/www.salzburgerland.com\/de\/magazin\/velodrom-salzburger-seenland\/","title":{"rendered":"Velodrom Salzburger Seenland"},"content":{"rendered":"\n<h2 class=\"wp-block-slt-subtitle\">600 Radkilometer um den Wallersee, Mattsee, Obertrumer See und Grabensee<\/h2>\n\n\n\n<p class=\"wp-block-slt-intro\">Einer Arena gleich, zieht sich das Velodrom Salzburger Seeland um Wallersee, Mattsee, Obertrumer See und Grabensee. \u00dcber 600 Kilometer gut ausgebaute und neu beschilderte Radwege, eine perfekte Infrastruktur und Touren unterschiedlichsten Schwierigkeitsgrades machen diese Region zum neuen \u00f6sterreichischen Zentrum f\u00fcr Amateur-, Genuss- und Sportradler.<\/p>\n\n\n\n<p><em>Velodrom, das: [geschlossene] Radrennbahn mit \u00fcberh\u00f6hten Kurven; von&nbsp;franz\u00f6sisch v\u00e9lodrome; zusammengezogen aus: v\u00e9locip\u00e8de&nbsp;= Fahrrad und griechisch dr\u00f3mos&nbsp;= Lauf<\/em><\/p>\n\n\n\n<p>Sanft zieht sich der Weg \u00fcber weite H\u00fcgel hinweg, immer wieder wird man als Radler mit einer Fernsicht belohnt, die einen bis hinein in die Berge des SalzburgerLandes blicken l\u00e4sst. Ab und an passiert man k\u00fchle, nicht allzu dichte W\u00e4lder, bis man wieder ans Ufer eines der Seen kommt und vom blitzblauen Wasser willkommen gehei\u00dfen wird. Radfahren im Salzburger Seenland ist schon etwas ganz Besonderes. Auf insgesamt 600 Kilometern Radwegen findet jeder genau das, was er von einer Bike-Ausfahrt erwartet. Ob man eine Runde ins Blaue vorhat oder auf einer der 16 Bike-Touren unterwegs ist, macht dabei keinen Unterschied.<\/p>\n\n\n\n<figure class=\"wp-block-image size-large\"><img loading=\"lazy\" decoding=\"async\" width=\"1600\" height=\"938\" src=\"https:\/\/www.salzburgerland.com\/de\/magazin\/wp-content\/uploads\/2019\/04\/CSalzburger-Seenland_Radfahrer-am-Wallersee.jpg\" alt=\"Zwei Radfahrer fahren auf einem Weg an einem See mit gr\u00fcnen Feldern und Bergen im Hintergrund.\" class=\"wp-image-129846\" srcset=\"https:\/\/www.salzburgerland.com\/de\/magazin\/wp-content\/uploads\/2019\/04\/CSalzburger-Seenland_Radfahrer-am-Wallersee.jpg 1600w, https:\/\/www.salzburgerland.com\/de\/magazin\/wp-content\/uploads\/2019\/04\/CSalzburger-Seenland_Radfahrer-am-Wallersee-300x176.jpg 300w, https:\/\/www.salzburgerland.com\/de\/magazin\/wp-content\/uploads\/2019\/04\/CSalzburger-Seenland_Radfahrer-am-Wallersee-938x550.jpg 938w, https:\/\/www.salzburgerland.com\/de\/magazin\/wp-content\/uploads\/2019\/04\/CSalzburger-Seenland_Radfahrer-am-Wallersee-682x400.jpg 682w, https:\/\/www.salzburgerland.com\/de\/magazin\/wp-content\/uploads\/2019\/04\/CSalzburger-Seenland_Radfahrer-am-Wallersee-1320x774.jpg 1320w\" sizes=\"auto, (max-width: 1600px) 100vw, 1600px\" \/><\/figure>\n\n\n\n<p>Doch auch abseits der Radstrecken bleiben kaum W\u00fcnsche unerf\u00fcllt. Sieben Verleih- und Servicestationen, sowie 20 E-Bike-Ladestationen sorgen f\u00fcr die gut ausgebaute Infrastruktur und daf\u00fcr, dass einem unterwegs nie der Saft ausgeht. Kulinarisch bewegt man sich hier in wertig-bodenst\u00e4ndigen Gefilden und alles, was auf den Teller kommt, schmeckt wie von Oma h\u00f6chstpers\u00f6nlich zubereitet und mit Kr\u00e4utern aus dem eigenen Garten gew\u00fcrzt. Herrlich!<\/p>\n\n\n\n<h2 class=\"wp-block-heading\" id=\"h-das-salzburger-seenland\"><strong>Das Salzburger Seenland<\/strong><\/h2>\n\n\n\n<p>Die Region ist unaufgeregt aufregend. Durch die N\u00e4he zu Salzburg kann man alle Vorz\u00fcge der Landeshauptstadt nutzen und trotzdem die Ruhe des Landes genie\u00dfen. Hier findet man Stille-Nacht- und Mozart-Highlights ebenso wie alte Braukunst und echte Gastfreundschaft, die man hoffentlich demn\u00e4chst wieder genie\u00dfen kann.  An den vielen Seen, auf den gr\u00fcnen Wiesen und in den lauen W\u00e4ldern kann man nach dem Radeln herrlich entspannen.\u00a0<\/p>\n\n\n\n<h2 class=\"wp-block-heading\" id=\"h-17-radtouren-durch-die-region\"><strong>17 Radtouren durch die Region<\/strong><\/h2>\n\n\n\n<p>Wie sonst k\u00f6nnte man diese Region besser kennen lernen, als vom Sattel auf einem der Themenradwege aus. Die\u00a0<strong>Trumer-Seen-Runde\u00a0<\/strong>und der\u00a0<strong>Wallersee-Rundweg <\/strong>pr\u00e4sentieren die Herzst\u00fccke des Salzburger Seenlands. Eine Kulturlandschaft, in der das Wasser den Ton angibt. Die\u00a0<strong>Wallersee- und Trumer-Seen-Kr\u00e4uterrunde <\/strong>stehen unter dem Motto von Kr\u00e4utergarten zu Kr\u00e4utergarten. Der\u00a0<strong>Tannberg-Rundweg\u00a0<\/strong>verl\u00e4uft auf einer L\u00e4nge von 29 Kilometern von K\u00f6stendorf bis auf die halbe H\u00f6he des Tannbergs hinauf und weiter nach Lochen am See und Mattsee. Die\u00a0<strong>Stille-Nacht-Route <\/strong>f\u00fchrt auf einer L\u00e4nge von 26 Kilometern von Oberndorf, wo die <a href=\"https:\/\/www.salzburgerland.com\/de\/magazin\/stille-nacht-ort-oberndorf-die-urauffuehrung\/\" target=\"_blank\" rel=\"noreferrer noopener\">Stille-Nacht-Melodie 1818<\/a> erstmals erklang, in einer gem\u00fctlichen Schleife nach Mattsee. Die\u00a0<strong>Barock-Tour <\/strong>mit einer L\u00e4nge von 77 Kilometern folgt den Spuren des ber\u00fchmten Holzschnitzers Meinrad Guggenbichler. Die\u00a0<strong>Zuckmayer-Route\u00a0<\/strong>f\u00fchrt von Neumarkt \u00fcber Henndorf (beides am Wallersee), wo im Literaturhaus Carl Zuckmayer und seine Zeit umfangreich beschrieben sind.<\/p>\n\n\n\n<figure class=\"wp-block-image size-large\"><img loading=\"lazy\" decoding=\"async\" width=\"1600\" height=\"1067\" src=\"https:\/\/www.salzburgerland.com\/de\/magazin\/wp-content\/uploads\/2019\/04\/SalzburgerSeenland_Buchberg_RadlerWald.jpg\" alt=\"Zwei Personen fahren mit dem Fahrrad auf einem sonnenbeschienenen Waldweg, umgeben von gr\u00fcnen B\u00e4umen und Laub.\" class=\"wp-image-129849\" srcset=\"https:\/\/www.salzburgerland.com\/de\/magazin\/wp-content\/uploads\/2019\/04\/SalzburgerSeenland_Buchberg_RadlerWald.jpg 1600w, https:\/\/www.salzburgerland.com\/de\/magazin\/wp-content\/uploads\/2019\/04\/SalzburgerSeenland_Buchberg_RadlerWald-300x200.jpg 300w, https:\/\/www.salzburgerland.com\/de\/magazin\/wp-content\/uploads\/2019\/04\/SalzburgerSeenland_Buchberg_RadlerWald-825x550.jpg 825w, https:\/\/www.salzburgerland.com\/de\/magazin\/wp-content\/uploads\/2019\/04\/SalzburgerSeenland_Buchberg_RadlerWald-600x400.jpg 600w, https:\/\/www.salzburgerland.com\/de\/magazin\/wp-content\/uploads\/2019\/04\/SalzburgerSeenland_Buchberg_RadlerWald-1320x880.jpg 1320w\" sizes=\"auto, (max-width: 1600px) 100vw, 1600px\" \/><\/figure>\n\n\n\n<p>Die N\u00e4he zur Stadt Salzburg und zum Salzkammergut bringt es mit sich, dass das <a rel=\"noreferrer noopener\" href=\"https:\/\/www.salzburger-seenland.at\/erlebnis-freizeit\/radfahren.html\" target=\"_blank\">Velodrom Salzburger Seenland<\/a> auch in das Netz der \u00fcberregionalen Touren eingebunden ist. Der&nbsp;<strong>Salzkammergut Radweg <\/strong>von Salzburg \u00fcber Mattsee nach Bad Ischl folgt den Spuren von Sissi und Franz-Joseph. Salz \u2013 das wei\u00dfe Gold \u2013 hat den Reichtum des Landes begr\u00fcndet und gibt auch den Ton bei der&nbsp;<strong>Salz und Seen-Tour <\/strong>an.<\/p>\n\n\n\n<h2 class=\"wp-block-heading\" id=\"h-wie-f-r-das-rennrad-geschaffen\"><strong>Wie f\u00fcr das Rennrad geschaffen<\/strong><\/h2>\n\n\n\n<p>Neben den Genussradlern sind es speziell die Rennradfahrer, die einen Narren am Velodrom gefressen haben. Das Salzburger Seenland nimmt aber auch einen wichtigen Teil der Rennradregion SalzburgerLand-Salzkammergut ein. Einer der sch\u00f6nsten und beliebtesten Rennrad-Region \u00d6sterreichs.<\/p>\n\n\n\n<p>Doch auch die Touren, die &#8222;nur&#8220; in der Region bleiben, sind wundersch\u00f6n. Als mittelschwer eingestuft wurde die \u201eNeue Seenland-Runde\u201c, die an dem Egelsee bei Mattsee vorbei und weiter zur Abtei Michaelbeuern f\u00fchrt. Im Mittelpunkt der \u201eGro\u00dfen Seenland-Tour\u201c stehen die vier Seen und ein anspruchsvoller Anstieg auf den Haunsberg.<\/p>\n\n\n\n<figure class=\"wp-block-image size-large\"><img loading=\"lazy\" decoding=\"async\" width=\"1600\" height=\"1066\" src=\"https:\/\/www.salzburgerland.com\/de\/magazin\/wp-content\/uploads\/2019\/04\/Salzburger-Seenland_Obertrum_Strasser.jpg\" alt=\"Radfahrer in einem Rennen fahren durch einen See mit gr\u00fcnen H\u00fcgeln und B\u00e4umen im Hintergrund.\" class=\"wp-image-129848\" srcset=\"https:\/\/www.salzburgerland.com\/de\/magazin\/wp-content\/uploads\/2019\/04\/Salzburger-Seenland_Obertrum_Strasser.jpg 1600w, https:\/\/www.salzburgerland.com\/de\/magazin\/wp-content\/uploads\/2019\/04\/Salzburger-Seenland_Obertrum_Strasser-300x200.jpg 300w, https:\/\/www.salzburgerland.com\/de\/magazin\/wp-content\/uploads\/2019\/04\/Salzburger-Seenland_Obertrum_Strasser-826x550.jpg 826w, https:\/\/www.salzburgerland.com\/de\/magazin\/wp-content\/uploads\/2019\/04\/Salzburger-Seenland_Obertrum_Strasser-600x400.jpg 600w, https:\/\/www.salzburgerland.com\/de\/magazin\/wp-content\/uploads\/2019\/04\/Salzburger-Seenland_Obertrum_Strasser-1320x879.jpg 1320w\" sizes=\"auto, (max-width: 1600px) 100vw, 1600px\" \/><\/figure>\n\n\n\n<p>Fotos&nbsp;\u00a9 Salzburger Seenland<\/p>\n","protected":false},"excerpt":{"rendered":"<p>Velodrom, das: [geschlossene] Radrennbahn mit \u00fcberh\u00f6hten Kurven; von&nbsp;franz\u00f6sisch v\u00e9lodrome; zusammengezogen aus: v\u00e9locip\u00e8de&nbsp;= Fahrrad und griechisch dr\u00f3mos&nbsp;= Lauf Sanft zieht sich der Weg \u00fcber weite H\u00fcgel hinweg, immer wieder wird man als Radler mit einer Fernsicht belohnt, die einen bis hinein in die Berge des SalzburgerLandes blicken l\u00e4sst. Ab und an passiert man k\u00fchle, nicht allzu [&hellip;]<\/p>\n","protected":false},"author":505,"featured_media":129847,"comment_status":"open","ping_status":"open","sticky":false,"template":"","format":"standard","meta":{"_acf_changed":false,"wl_entities_gutenberg":"","_wl_entity_redirect_enabled":"","footnotes":""},"categories":[8],"tags":[],"wl_entity_type":[306],"monatsauswahl":[86,87,88,89,90,91],"class_list":["post-129820","post","type-post","status-publish","format-standard","has-post-thumbnail","hentry","category-outdoor-sport","wl_entity_type-article","monatsauswahl-monat_5","monatsauswahl-monat_6","monatsauswahl-monat_7","monatsauswahl-monat_8","monatsauswahl-monat_9","monatsauswahl-monat_10"],"acf":[],"yoast_head":"<!-- This site is optimized with the Yoast SEO Premium plugin v27.4 (Yoast SEO v27.4) - https:\/\/yoast.com\/product\/yoast-seo-premium-wordpress\/ -->\n<title>Velodrom Salzburger Seenland - SalzburgerLand Magazin<\/title>\n<meta name=\"description\" content=\"Einer Arena gleich, zieht sich das Velodrom Salzburger Seeland um Wallersee, Mattsee, Obertrumer See und Grabensee. \u00dcber 600 Kilometer gut ausgebaute und neu beschilderte Radwege, eine perfekte Infrastruktur und Touren unterschiedlichsten Schwierigkeitsgrades machen diese Region zum neuen \u00f6sterreichischen Zentrum f\u00fcr Amateur-, Genuss- und Sportradler.\" \/>\n<meta name=\"robots\" content=\"index, follow, max-snippet:-1, max-image-preview:large, max-video-preview:-1\" \/>\n<link rel=\"canonical\" href=\"https:\/\/www.salzburgerland.com\/de\/magazin\/velodrom-salzburger-seenland\/\" \/>\n<meta property=\"og:locale\" content=\"de_DE\" \/>\n<meta property=\"og:type\" content=\"article\" \/>\n<meta property=\"og:title\" content=\"Velodrom Salzburger Seenland\" \/>\n<meta property=\"og:description\" content=\"Velodrom, das: [geschlossene] Radrennbahn mit \u00fcberh\u00f6hten Kurven; von&nbsp;franz\u00f6sisch v\u00e9lodrome; zusammengezogen aus: v\u00e9locip\u00e8de&nbsp;= Fahrrad und griechisch dr\u00f3mos&nbsp;= Lauf Sanft zieht sich der Weg \u00fcber weite H\u00fcgel hinweg, immer wieder wird man als Radler mit einer Fernsicht belohnt, die einen bis hinein in die Berge des SalzburgerLandes blicken l\u00e4sst. Ab und an passiert man k\u00fchle, nicht allzu [&hellip;]\" \/>\n<meta property=\"og:url\" content=\"https:\/\/www.salzburgerland.com\/de\/magazin\/velodrom-salzburger-seenland\/\" \/>\n<meta property=\"og:site_name\" content=\"SalzburgerLand Magazin\" \/>\n<meta property=\"article:publisher\" content=\"https:\/\/www.facebook.com\/salzburgerland\/\" \/>\n<meta property=\"article:published_time\" content=\"2020-05-03T06:00:00+00:00\" \/>\n<meta property=\"article:modified_time\" content=\"2021-03-16T08:20:12+00:00\" \/>\n<meta property=\"og:image\" content=\"https:\/\/www.salzburgerland.com\/de\/magazin\/wp-content\/uploads\/2019\/04\/Salzburger-Seenland_Mattsee_Radler-Buchberg-kl.jpg\" \/>\n\t<meta property=\"og:image:width\" content=\"1600\" \/>\n\t<meta property=\"og:image:height\" content=\"1066\" \/>\n\t<meta property=\"og:image:type\" content=\"image\/jpeg\" \/>\n<meta name=\"author\" content=\"Peter Zeitlhofer\" \/>\n<meta name=\"twitter:card\" content=\"summary_large_image\" \/>\n<meta name=\"twitter:creator\" content=\"@Salzburgerland\" \/>\n<meta name=\"twitter:site\" content=\"@Salzburgerland\" \/>\n<meta name=\"twitter:label1\" content=\"Verfasst von\" \/>\n\t<meta name=\"twitter:data1\" content=\"Peter Zeitlhofer\" \/>\n\t<meta name=\"twitter:label2\" content=\"Gesch\u00e4tzte Lesezeit\" \/>\n\t<meta name=\"twitter:data2\" content=\"4\u00a0Minuten\" \/>\n<script type=\"application\/ld+json\" class=\"yoast-schema-graph\">{\"@context\":\"https:\\\/\\\/schema.org\",\"@graph\":[{\"@type\":\"Article\",\"@id\":\"https:\\\/\\\/www.salzburgerland.com\\\/de\\\/magazin\\\/velodrom-salzburger-seenland\\\/#article\",\"isPartOf\":{\"@id\":\"https:\\\/\\\/www.salzburgerland.com\\\/de\\\/magazin\\\/velodrom-salzburger-seenland\\\/\"},\"author\":{\"name\":\"Peter Zeitlhofer\",\"@id\":\"https:\\\/\\\/www.salzburgerland.com\\\/de\\\/magazin\\\/#\\\/schema\\\/person\\\/ebd2c9f244aeea71e30f3b5d5e309de4\"},\"headline\":\"Velodrom Salzburger Seenland\",\"datePublished\":\"2020-05-03T06:00:00+00:00\",\"dateModified\":\"2021-03-16T08:20:12+00:00\",\"mainEntityOfPage\":{\"@id\":\"https:\\\/\\\/www.salzburgerland.com\\\/de\\\/magazin\\\/velodrom-salzburger-seenland\\\/\"},\"wordCount\":646,\"commentCount\":0,\"publisher\":{\"@id\":\"https:\\\/\\\/www.salzburgerland.com\\\/de\\\/magazin\\\/#organization\"},\"image\":{\"@id\":\"https:\\\/\\\/www.salzburgerland.com\\\/de\\\/magazin\\\/velodrom-salzburger-seenland\\\/#primaryimage\"},\"thumbnailUrl\":\"https:\\\/\\\/www.salzburgerland.com\\\/de\\\/magazin\\\/wp-content\\\/uploads\\\/2019\\\/04\\\/Salzburger-Seenland_Mattsee_Radler-Buchberg-kl.jpg\",\"articleSection\":[\"Outdoor &amp; Sport\"],\"inLanguage\":\"de\",\"potentialAction\":[{\"@type\":\"CommentAction\",\"name\":\"Comment\",\"target\":[\"https:\\\/\\\/www.salzburgerland.com\\\/de\\\/magazin\\\/velodrom-salzburger-seenland\\\/#respond\"]}]},{\"@type\":\"WebPage\",\"@id\":\"https:\\\/\\\/www.salzburgerland.com\\\/de\\\/magazin\\\/velodrom-salzburger-seenland\\\/\",\"url\":\"https:\\\/\\\/www.salzburgerland.com\\\/de\\\/magazin\\\/velodrom-salzburger-seenland\\\/\",\"name\":\"Velodrom Salzburger Seenland - SalzburgerLand Magazin\",\"isPartOf\":{\"@id\":\"https:\\\/\\\/www.salzburgerland.com\\\/de\\\/magazin\\\/#website\"},\"primaryImageOfPage\":{\"@id\":\"https:\\\/\\\/www.salzburgerland.com\\\/de\\\/magazin\\\/velodrom-salzburger-seenland\\\/#primaryimage\"},\"image\":{\"@id\":\"https:\\\/\\\/www.salzburgerland.com\\\/de\\\/magazin\\\/velodrom-salzburger-seenland\\\/#primaryimage\"},\"thumbnailUrl\":\"https:\\\/\\\/www.salzburgerland.com\\\/de\\\/magazin\\\/wp-content\\\/uploads\\\/2019\\\/04\\\/Salzburger-Seenland_Mattsee_Radler-Buchberg-kl.jpg\",\"datePublished\":\"2020-05-03T06:00:00+00:00\",\"dateModified\":\"2021-03-16T08:20:12+00:00\",\"breadcrumb\":{\"@id\":\"https:\\\/\\\/www.salzburgerland.com\\\/de\\\/magazin\\\/velodrom-salzburger-seenland\\\/#breadcrumb\"},\"inLanguage\":\"de\",\"potentialAction\":[{\"@type\":\"ReadAction\",\"target\":[\"https:\\\/\\\/www.salzburgerland.com\\\/de\\\/magazin\\\/velodrom-salzburger-seenland\\\/\"]}]},{\"@type\":\"ImageObject\",\"inLanguage\":\"de\",\"@id\":\"https:\\\/\\\/www.salzburgerland.com\\\/de\\\/magazin\\\/velodrom-salzburger-seenland\\\/#primaryimage\",\"url\":\"https:\\\/\\\/www.salzburgerland.com\\\/de\\\/magazin\\\/wp-content\\\/uploads\\\/2019\\\/04\\\/Salzburger-Seenland_Mattsee_Radler-Buchberg-kl.jpg\",\"contentUrl\":\"https:\\\/\\\/www.salzburgerland.com\\\/de\\\/magazin\\\/wp-content\\\/uploads\\\/2019\\\/04\\\/Salzburger-Seenland_Mattsee_Radler-Buchberg-kl.jpg\",\"width\":1600,\"height\":1066,\"caption\":\"Zwei Personen mit Fahrr\u00e4dern auf einer Landstra\u00dfe, mit Blick auf einen See und ein Dorf unter blauem Himmel.\"},{\"@type\":\"BreadcrumbList\",\"@id\":\"https:\\\/\\\/www.salzburgerland.com\\\/de\\\/magazin\\\/velodrom-salzburger-seenland\\\/#breadcrumb\",\"itemListElement\":[{\"@type\":\"ListItem\",\"position\":1,\"name\":\"Startseite\",\"item\":\"https:\\\/\\\/www.salzburgerland.com\\\/de\\\/magazin\\\/\"},{\"@type\":\"ListItem\",\"position\":2,\"name\":\"Outdoor &amp; Sport\",\"item\":\"https:\\\/\\\/www.salzburgerland.com\\\/de\\\/magazin\\\/thema\\\/outdoor-sport\\\/\"},{\"@type\":\"ListItem\",\"position\":3,\"name\":\"Velodrom Salzburger Seenland\"}]},{\"@type\":\"WebSite\",\"@id\":\"https:\\\/\\\/www.salzburgerland.com\\\/de\\\/magazin\\\/#website\",\"url\":\"https:\\\/\\\/www.salzburgerland.com\\\/de\\\/magazin\\\/\",\"name\":\"SalzburgerLand Magazin\",\"description\":\"Geschichten und Interessantes aus dem SalzburgerLand\",\"publisher\":{\"@id\":\"https:\\\/\\\/www.salzburgerland.com\\\/de\\\/magazin\\\/#organization\"},\"potentialAction\":[{\"@type\":\"SearchAction\",\"target\":{\"@type\":\"EntryPoint\",\"urlTemplate\":\"https:\\\/\\\/www.salzburgerland.com\\\/de\\\/magazin\\\/?s={search_term_string}\"},\"query-input\":{\"@type\":\"PropertyValueSpecification\",\"valueRequired\":true,\"valueName\":\"search_term_string\"}}],\"inLanguage\":\"de\"},{\"@type\":\"Organization\",\"@id\":\"https:\\\/\\\/www.salzburgerland.com\\\/de\\\/magazin\\\/#organization\",\"name\":\"SalzburgerLand Tourismus\",\"url\":\"https:\\\/\\\/www.salzburgerland.com\\\/de\\\/magazin\\\/\",\"logo\":{\"@type\":\"ImageObject\",\"inLanguage\":\"de\",\"@id\":\"https:\\\/\\\/www.salzburgerland.com\\\/de\\\/magazin\\\/#\\\/schema\\\/logo\\\/image\\\/\",\"url\":\"https:\\\/\\\/www.salzburgerland.com\\\/de\\\/magazin\\\/wp-content\\\/uploads\\\/2019\\\/06\\\/salzburgerland-logo1.jpg\",\"contentUrl\":\"https:\\\/\\\/www.salzburgerland.com\\\/de\\\/magazin\\\/wp-content\\\/uploads\\\/2019\\\/06\\\/salzburgerland-logo1.jpg\",\"width\":2011,\"height\":866,\"caption\":\"SalzburgerLand Tourismus\"},\"image\":{\"@id\":\"https:\\\/\\\/www.salzburgerland.com\\\/de\\\/magazin\\\/#\\\/schema\\\/logo\\\/image\\\/\"},\"sameAs\":[\"https:\\\/\\\/www.facebook.com\\\/salzburgerland\\\/\",\"https:\\\/\\\/x.com\\\/Salzburgerland\",\"https:\\\/\\\/www.instagram.com\\\/salzburgerland\\\/\",\"https:\\\/\\\/at.linkedin.com\\\/company\\\/salzburgerland-tourismus-gmbh\",\"https:\\\/\\\/www.pinterest.at\\\/salzburgerland\\\/\",\"https:\\\/\\\/www.youtube.com\\\/user\\\/salzburgerland\",\"https:\\\/\\\/de.wikipedia.org\\\/wiki\\\/SalzburgerLand_Tourismus_GmbH\"]},{\"@type\":\"Person\",\"@id\":\"https:\\\/\\\/www.salzburgerland.com\\\/de\\\/magazin\\\/#\\\/schema\\\/person\\\/ebd2c9f244aeea71e30f3b5d5e309de4\",\"name\":\"Peter Zeitlhofer\",\"description\":\"'Von Neugier getrieben' - diese Worte kommen Peter Zeitlhofer wohl schon ziemlich nahe. Egal ob am Segelboot, im Tiefschnee, unterwegs in Stadt und Land, oder auf einer seinen vielen Reisen - er ist immer auf der Suche nach Neuem, nach dem Besonderen, probiert so ziemlich alles aus und liebt es, dar\u00fcber zu reden und zu berichten. Womit man auch schon fast bei seiner zweiten Leidenschaft w\u00e4re - dem Schreiben. Immer und \u00fcberall ausgestattet\u00a0mit seinem Notebook, hat der Salzburger, mit Wurzeln am Attersee, sein Office\u00a0im wahrsten Sinne des Wortes unterm Arm und k\u00f6nnte sich nichts besseres vorstellen, als die Geschichten dort zu erz\u00e4hlen, wo sie passieren. Fr\u00fchling, Sommer, Herbst oder Winter? Als Mensch der Extreme, mag ich auch bei den Jahreszeiten den Sommer und den Winter am liebsten. Obwohl nat\u00fcrlich auch der Fr\u00fchling seine Reize hat. Aber der Herbst? Rindsroulade vom Pinzgauer Biorind oder Saibling fangfrisch aus dem Fuschlsee? Immer diese Entscheidungen! Kann ich auch beides haben? Mundharmonika oder Stradivari? Weder noch - als Gitarrist k\u00f6nnte ich mit beiden Instrumenten nichts anfangen. Lederhose oder Smoking? Eindeutig Lederhose, die bei mir mittlerweile sogar den Einzug in den sommerlichen Alltag gefunden hat. Und der LederhosnDonnerstag ist \u00a0ohnehin Pflicht. Alpinski, Offpist oder Skitour? Hauptsache rauf auf den Berg! Was dann tats\u00e4chlich auf dem Programm steht ist zweitrangig. Nur so viel: wenn der Schnee passt, dann h\u00e4lt mich nichts oder niemand auf der Piste. Bergtour oder Seentour? F\u00fcr mich gibt es im Sommer nichts Sch\u00f6neres, als mit dem Segelboot auf unseren herrlichen Seen unterwegs zu sein. Also wenn ich die Wahl habe, dann nehme ich im Sommer die Berge h\u00f6chstens als Kulisse. Haubenlokal oder Ab-Hof-Laden? Auch hier nehme ich von beidem ein bisschen. Aber bei der Oma schmeckt's dann doch am besten.\",\"url\":\"https:\\\/\\\/www.salzburgerland.com\\\/de\\\/magazin\\\/author\\\/peter-zeitlhofer\\\/\"}]}<\/script>\n<!-- \/ Yoast SEO Premium plugin. -->","yoast_head_json":{"title":"Velodrom Salzburger Seenland - SalzburgerLand Magazin","description":"Einer Arena gleich, zieht sich das Velodrom Salzburger Seeland um Wallersee, Mattsee, Obertrumer See und Grabensee. \u00dcber 600 Kilometer gut ausgebaute und neu beschilderte Radwege, eine perfekte Infrastruktur und Touren unterschiedlichsten Schwierigkeitsgrades machen diese Region zum neuen \u00f6sterreichischen Zentrum f\u00fcr Amateur-, Genuss- und Sportradler.","robots":{"index":"index","follow":"follow","max-snippet":"max-snippet:-1","max-image-preview":"max-image-preview:large","max-video-preview":"max-video-preview:-1"},"canonical":"https:\/\/www.salzburgerland.com\/de\/magazin\/velodrom-salzburger-seenland\/","og_locale":"de_DE","og_type":"article","og_title":"Velodrom Salzburger Seenland","og_description":"Velodrom, das: [geschlossene] Radrennbahn mit \u00fcberh\u00f6hten Kurven; von&nbsp;franz\u00f6sisch v\u00e9lodrome; zusammengezogen aus: v\u00e9locip\u00e8de&nbsp;= Fahrrad und griechisch dr\u00f3mos&nbsp;= Lauf Sanft zieht sich der Weg \u00fcber weite H\u00fcgel hinweg, immer wieder wird man als Radler mit einer Fernsicht belohnt, die einen bis hinein in die Berge des SalzburgerLandes blicken l\u00e4sst. Ab und an passiert man k\u00fchle, nicht allzu [&hellip;]","og_url":"https:\/\/www.salzburgerland.com\/de\/magazin\/velodrom-salzburger-seenland\/","og_site_name":"SalzburgerLand Magazin","article_publisher":"https:\/\/www.facebook.com\/salzburgerland\/","article_published_time":"2020-05-03T06:00:00+00:00","article_modified_time":"2021-03-16T08:20:12+00:00","og_image":[{"width":1600,"height":1066,"url":"https:\/\/www.salzburgerland.com\/de\/magazin\/wp-content\/uploads\/2019\/04\/Salzburger-Seenland_Mattsee_Radler-Buchberg-kl.jpg","type":"image\/jpeg"}],"author":"Peter Zeitlhofer","twitter_card":"summary_large_image","twitter_creator":"@Salzburgerland","twitter_site":"@Salzburgerland","twitter_misc":{"Verfasst von":"Peter Zeitlhofer","Gesch\u00e4tzte Lesezeit":"4\u00a0Minuten"},"schema":{"@context":"https:\/\/schema.org","@graph":[{"@type":"Article","@id":"https:\/\/www.salzburgerland.com\/de\/magazin\/velodrom-salzburger-seenland\/#article","isPartOf":{"@id":"https:\/\/www.salzburgerland.com\/de\/magazin\/velodrom-salzburger-seenland\/"},"author":{"name":"Peter Zeitlhofer","@id":"https:\/\/www.salzburgerland.com\/de\/magazin\/#\/schema\/person\/ebd2c9f244aeea71e30f3b5d5e309de4"},"headline":"Velodrom Salzburger Seenland","datePublished":"2020-05-03T06:00:00+00:00","dateModified":"2021-03-16T08:20:12+00:00","mainEntityOfPage":{"@id":"https:\/\/www.salzburgerland.com\/de\/magazin\/velodrom-salzburger-seenland\/"},"wordCount":646,"commentCount":0,"publisher":{"@id":"https:\/\/www.salzburgerland.com\/de\/magazin\/#organization"},"image":{"@id":"https:\/\/www.salzburgerland.com\/de\/magazin\/velodrom-salzburger-seenland\/#primaryimage"},"thumbnailUrl":"https:\/\/www.salzburgerland.com\/de\/magazin\/wp-content\/uploads\/2019\/04\/Salzburger-Seenland_Mattsee_Radler-Buchberg-kl.jpg","articleSection":["Outdoor &amp; Sport"],"inLanguage":"de","potentialAction":[{"@type":"CommentAction","name":"Comment","target":["https:\/\/www.salzburgerland.com\/de\/magazin\/velodrom-salzburger-seenland\/#respond"]}]},{"@type":"WebPage","@id":"https:\/\/www.salzburgerland.com\/de\/magazin\/velodrom-salzburger-seenland\/","url":"https:\/\/www.salzburgerland.com\/de\/magazin\/velodrom-salzburger-seenland\/","name":"Velodrom Salzburger Seenland - SalzburgerLand Magazin","isPartOf":{"@id":"https:\/\/www.salzburgerland.com\/de\/magazin\/#website"},"primaryImageOfPage":{"@id":"https:\/\/www.salzburgerland.com\/de\/magazin\/velodrom-salzburger-seenland\/#primaryimage"},"image":{"@id":"https:\/\/www.salzburgerland.com\/de\/magazin\/velodrom-salzburger-seenland\/#primaryimage"},"thumbnailUrl":"https:\/\/www.salzburgerland.com\/de\/magazin\/wp-content\/uploads\/2019\/04\/Salzburger-Seenland_Mattsee_Radler-Buchberg-kl.jpg","datePublished":"2020-05-03T06:00:00+00:00","dateModified":"2021-03-16T08:20:12+00:00","breadcrumb":{"@id":"https:\/\/www.salzburgerland.com\/de\/magazin\/velodrom-salzburger-seenland\/#breadcrumb"},"inLanguage":"de","potentialAction":[{"@type":"ReadAction","target":["https:\/\/www.salzburgerland.com\/de\/magazin\/velodrom-salzburger-seenland\/"]}]},{"@type":"ImageObject","inLanguage":"de","@id":"https:\/\/www.salzburgerland.com\/de\/magazin\/velodrom-salzburger-seenland\/#primaryimage","url":"https:\/\/www.salzburgerland.com\/de\/magazin\/wp-content\/uploads\/2019\/04\/Salzburger-Seenland_Mattsee_Radler-Buchberg-kl.jpg","contentUrl":"https:\/\/www.salzburgerland.com\/de\/magazin\/wp-content\/uploads\/2019\/04\/Salzburger-Seenland_Mattsee_Radler-Buchberg-kl.jpg","width":1600,"height":1066,"caption":"Zwei Personen mit Fahrr\u00e4dern auf einer Landstra\u00dfe, mit Blick auf einen See und ein Dorf unter blauem Himmel."},{"@type":"BreadcrumbList","@id":"https:\/\/www.salzburgerland.com\/de\/magazin\/velodrom-salzburger-seenland\/#breadcrumb","itemListElement":[{"@type":"ListItem","position":1,"name":"Startseite","item":"https:\/\/www.salzburgerland.com\/de\/magazin\/"},{"@type":"ListItem","position":2,"name":"Outdoor &amp; Sport","item":"https:\/\/www.salzburgerland.com\/de\/magazin\/thema\/outdoor-sport\/"},{"@type":"ListItem","position":3,"name":"Velodrom Salzburger Seenland"}]},{"@type":"WebSite","@id":"https:\/\/www.salzburgerland.com\/de\/magazin\/#website","url":"https:\/\/www.salzburgerland.com\/de\/magazin\/","name":"SalzburgerLand Magazin","description":"Geschichten und Interessantes aus dem SalzburgerLand","publisher":{"@id":"https:\/\/www.salzburgerland.com\/de\/magazin\/#organization"},"potentialAction":[{"@type":"SearchAction","target":{"@type":"EntryPoint","urlTemplate":"https:\/\/www.salzburgerland.com\/de\/magazin\/?s={search_term_string}"},"query-input":{"@type":"PropertyValueSpecification","valueRequired":true,"valueName":"search_term_string"}}],"inLanguage":"de"},{"@type":"Organization","@id":"https:\/\/www.salzburgerland.com\/de\/magazin\/#organization","name":"SalzburgerLand Tourismus","url":"https:\/\/www.salzburgerland.com\/de\/magazin\/","logo":{"@type":"ImageObject","inLanguage":"de","@id":"https:\/\/www.salzburgerland.com\/de\/magazin\/#\/schema\/logo\/image\/","url":"https:\/\/www.salzburgerland.com\/de\/magazin\/wp-content\/uploads\/2019\/06\/salzburgerland-logo1.jpg","contentUrl":"https:\/\/www.salzburgerland.com\/de\/magazin\/wp-content\/uploads\/2019\/06\/salzburgerland-logo1.jpg","width":2011,"height":866,"caption":"SalzburgerLand Tourismus"},"image":{"@id":"https:\/\/www.salzburgerland.com\/de\/magazin\/#\/schema\/logo\/image\/"},"sameAs":["https:\/\/www.facebook.com\/salzburgerland\/","https:\/\/x.com\/Salzburgerland","https:\/\/www.instagram.com\/salzburgerland\/","https:\/\/at.linkedin.com\/company\/salzburgerland-tourismus-gmbh","https:\/\/www.pinterest.at\/salzburgerland\/","https:\/\/www.youtube.com\/user\/salzburgerland","https:\/\/de.wikipedia.org\/wiki\/SalzburgerLand_Tourismus_GmbH"]},{"@type":"Person","@id":"https:\/\/www.salzburgerland.com\/de\/magazin\/#\/schema\/person\/ebd2c9f244aeea71e30f3b5d5e309de4","name":"Peter Zeitlhofer","description":"'Von Neugier getrieben' - diese Worte kommen Peter Zeitlhofer wohl schon ziemlich nahe. Egal ob am Segelboot, im Tiefschnee, unterwegs in Stadt und Land, oder auf einer seinen vielen Reisen - er ist immer auf der Suche nach Neuem, nach dem Besonderen, probiert so ziemlich alles aus und liebt es, dar\u00fcber zu reden und zu berichten. Womit man auch schon fast bei seiner zweiten Leidenschaft w\u00e4re - dem Schreiben. Immer und \u00fcberall ausgestattet\u00a0mit seinem Notebook, hat der Salzburger, mit Wurzeln am Attersee, sein Office\u00a0im wahrsten Sinne des Wortes unterm Arm und k\u00f6nnte sich nichts besseres vorstellen, als die Geschichten dort zu erz\u00e4hlen, wo sie passieren. Fr\u00fchling, Sommer, Herbst oder Winter? Als Mensch der Extreme, mag ich auch bei den Jahreszeiten den Sommer und den Winter am liebsten. Obwohl nat\u00fcrlich auch der Fr\u00fchling seine Reize hat. Aber der Herbst? Rindsroulade vom Pinzgauer Biorind oder Saibling fangfrisch aus dem Fuschlsee? Immer diese Entscheidungen! Kann ich auch beides haben? Mundharmonika oder Stradivari? Weder noch - als Gitarrist k\u00f6nnte ich mit beiden Instrumenten nichts anfangen. Lederhose oder Smoking? Eindeutig Lederhose, die bei mir mittlerweile sogar den Einzug in den sommerlichen Alltag gefunden hat. Und der LederhosnDonnerstag ist \u00a0ohnehin Pflicht. Alpinski, Offpist oder Skitour? Hauptsache rauf auf den Berg! Was dann tats\u00e4chlich auf dem Programm steht ist zweitrangig. Nur so viel: wenn der Schnee passt, dann h\u00e4lt mich nichts oder niemand auf der Piste. Bergtour oder Seentour? F\u00fcr mich gibt es im Sommer nichts Sch\u00f6neres, als mit dem Segelboot auf unseren herrlichen Seen unterwegs zu sein. Also wenn ich die Wahl habe, dann nehme ich im Sommer die Berge h\u00f6chstens als Kulisse. Haubenlokal oder Ab-Hof-Laden? Auch hier nehme ich von beidem ein bisschen. Aber bei der Oma schmeckt's dann doch am besten.","url":"https:\/\/www.salzburgerland.com\/de\/magazin\/author\/peter-zeitlhofer\/"}]}},"_wl_alt_label":[],"wl:entity_url":"http:\/\/open.salzburgerland.com\/magazin\/post\/velodrom_salzburger_seenland","_links":{"self":[{"href":"https:\/\/www.salzburgerland.com\/de\/magazin\/wp-json\/wp\/v2\/posts\/129820","targetHints":{"allow":["GET"]}}],"collection":[{"href":"https:\/\/www.salzburgerland.com\/de\/magazin\/wp-json\/wp\/v2\/posts"}],"about":[{"href":"https:\/\/www.salzburgerland.com\/de\/magazin\/wp-json\/wp\/v2\/types\/post"}],"author":[{"embeddable":true,"href":"https:\/\/www.salzburgerland.com\/de\/magazin\/wp-json\/wp\/v2\/users\/505"}],"replies":[{"embeddable":true,"href":"https:\/\/www.salzburgerland.com\/de\/magazin\/wp-json\/wp\/v2\/comments?post=129820"}],"version-history":[{"count":5,"href":"https:\/\/www.salzburgerland.com\/de\/magazin\/wp-json\/wp\/v2\/posts\/129820\/revisions"}],"predecessor-version":[{"id":150967,"href":"https:\/\/www.salzburgerland.com\/de\/magazin\/wp-json\/wp\/v2\/posts\/129820\/revisions\/150967"}],"wp:featuredmedia":[{"embeddable":true,"href":"https:\/\/www.salzburgerland.com\/de\/magazin\/wp-json\/wp\/v2\/media\/129847"}],"wp:attachment":[{"href":"https:\/\/www.salzburgerland.com\/de\/magazin\/wp-json\/wp\/v2\/media?parent=129820"}],"wp:term":[{"taxonomy":"category","embeddable":true,"href":"https:\/\/www.salzburgerland.com\/de\/magazin\/wp-json\/wp\/v2\/categories?post=129820"},{"taxonomy":"post_tag","embeddable":true,"href":"https:\/\/www.salzburgerland.com\/de\/magazin\/wp-json\/wp\/v2\/tags?post=129820"},{"taxonomy":"wl_entity_type","embeddable":true,"href":"https:\/\/www.salzburgerland.com\/de\/magazin\/wp-json\/wp\/v2\/wl_entity_type?post=129820"},{"taxonomy":"monatsauswahl","embeddable":true,"href":"https:\/\/www.salzburgerland.com\/de\/magazin\/wp-json\/wp\/v2\/monatsauswahl?post=129820"}],"curies":[{"name":"wp","href":"https:\/\/api.w.org\/{rel}","templated":true}]}}