{"id":129456,"date":"2020-03-30T08:00:00","date_gmt":"2020-03-30T06:00:00","guid":{"rendered":"https:\/\/www.salzburgerland.com\/de\/magazin\/?p=129456"},"modified":"2022-03-16T10:37:37","modified_gmt":"2022-03-16T09:37:37","slug":"kraeuterfruehling-im-salzburgerland","status":"publish","type":"post","link":"https:\/\/www.salzburgerland.com\/de\/magazin\/kraeuterfruehling-im-salzburgerland\/","title":{"rendered":"Kr\u00e4uterfr\u00fchling im SalzburgerLand"},"content":{"rendered":"\n<h2 class=\"wp-block-slt-subtitle\">B\u00e4rlauch, Giersch, L\u00f6wenzahn, Brunnenkresse, Brennnessel und Co<\/h2>\n\n\n\n<p class=\"wp-block-slt-intro\">Nach dem kalten Winter im SalzburgerLand freuen wir uns im Fr\u00fchling auf die w\u00e4rmenden Sonnenstrahlen.\u00a0Wir erwachen wieder aus unserer Winterruhe, drehen eine Runde mit dem Fahrrad, spazieren durch den Wald und lassen das Fr\u00fchlingserwachen der Natur auf uns wirken.<\/p>\n\n\n\n<p>In Salzburgs W\u00e4ldern, auf den Wiesen, in den Auen <strong>\u2013<\/strong> \u00fcberall zeigen sich die ersten Fr\u00fchlingskr\u00e4uter, wie Giersch, B\u00e4rlauch und Brennnessel!\u00a0Ich habe mich auf die Suche nach den ersten Kr\u00e4utern im Jahr gemacht und gebe euch Tipps zum Sammeln und Verarbeiten.<\/p>\n\n\n\n<div class=\"wp-block-image wp-image-129507 size-singlePost\"><figure class=\"aligncenter\"><img decoding=\"async\" src=\"https:\/\/www.salzburgerland.com\/de\/magazin\/wp-content\/uploads\/2019\/03\/IMG_7609-650x435.jpg\" alt=\"Frische gr\u00fcne Bl\u00e4tter in einem wei\u00dfen Sieb mit Wassertropfen darauf.\" class=\"wp-image-129507\"\/><figcaption>Frischer B\u00e4rlauch aus dem Wald<\/figcaption><\/figure><\/div>\n\n\n\n<h2 class=\"wp-block-heading\" id=\"h-wie-und-wo-ich-kr-uter-sammle\">Wie und wo ich Kr\u00e4uter sammle<\/h2>\n\n\n\n<p>Die wichtigste Regel lautet \u201eSammle nur die Pflanze, die du auch wirklich kennst!\u201c. Viele Pflanzen sehen einander \u00e4hnlich und k\u00f6nnten verwechselt werden. Hilfreich sind Pflanzenbestimmungsb\u00fccher, die bei der Bestimmung der Pflanze behilflich sind. Anhaltspunkte in den B\u00fcchern sind beispielsweise der typische Wuchs, eine Beschreibung wie die Pflanze aussieht und wo sie vorkommt. Zudem findet man hilfreiche Informationen \u00fcber die Verwendung oder die speziellen Inhaltsstoffe. Hilfreich und sehr informativ sind auch die Kr\u00e4uterf\u00fchrungen und Workshops von Salzburgs Kr\u00e4uterexperten. Hier lernt man die Pflanzen im nat\u00fcrlichen Lebensraum kennen, kann diese f\u00fchlen, daran riechen und erf\u00e4hrt viel Wissenswertes \u00fcber die traditionellen Anwendungen. &nbsp;<\/p>\n\n\n\n<h2 class=\"wp-block-heading\" id=\"h-wie-viel-darf-gepfl-ckt-werden\">Wie viel darf gepfl\u00fcckt werden? <\/h2>\n\n\n\n<p>Wichtig ist, nur so viel zu sammeln, wie man wirklich ben\u00f6tigt. Der Sammler verh\u00e4lt sich vorsichtig und mit Bedacht. Der N\u00e4chste sollte gar nicht merken, dass zuvor jemand an dieser Stelle war. Gesch\u00fctzte Pflanzen, beispielsweise die Schl\u00fcsselblume, werden selbstverst\u00e4ndlich nicht gesammelt, da sie unter Naturschutz stehen! Praktisch f\u00fcr das Sammeln von Kr\u00e4utern ist ein Korb oder (beim Wandern) ein Stoffsackerl.<\/p>\n\n\n\n<h2 class=\"wp-block-heading\" id=\"h-die-beste-zeit-zum-sammeln\">Die beste Zeit zum Sammeln<\/h2>\n\n\n\n<p>Der richtige Zeitpunkt, Pflanzen zu sammeln, wirkt sich auf die Intensit\u00e4t der Inhaltsstoffe aus. Bl\u00fcten und Bl\u00e4tter sammelt man am sp\u00e4ten Vormittag wenn der Morgentau abgetrocknet ist. Bl\u00fcten werden zu Beginn der Bl\u00fctezeit gesammelt, Fr\u00fcchte wenn sie reif (nicht \u00fcberreif) sind, Samen nach dem Bl\u00fchen, Knospen im Fr\u00fchling, Wurzeln im Herbst bis ins Fr\u00fchjahr.<span class=\"Apple-converted-space\">&nbsp;<\/span>Gesammelt werden ausschlie\u00dflich gesunde und frische Teile der Pflanze. Schadhafte Pflanzenteile verwendet man nicht.&nbsp;<\/p>\n\n\n\n<h2 class=\"wp-block-heading\" id=\"h-was-kann-man-im-fr-hling-sammeln\">Was kann man im Fr\u00fchling sammeln?<\/h2>\n\n\n\n<p>Ab Mitte M\u00e4rz ist im Flachland die Schneedecke verschwunden und die ersten Pflanzen kommen zum Vorschein. Auf den Bergen im SalzburgerLand beginnt die Kr\u00e4utersaison etwas sp\u00e4ter. Meine Top 3 Kr\u00e4uter-Favoriten im Fr\u00fchling sind der B\u00e4rlauch, die Brennnessel und der Giersch.<\/p>\n\n\n\n<div class=\"mag-gallery\"><div class=\"row\"><div class=\"col-6 col-sm-4\"><figure><a class=\"thumb-container\" href=\"https:\/\/www.salzburgerland.com\/de\/magazin\/wp-content\/uploads\/2019\/03\/IMG_7598-e1553006991255-1280x1024.jpg\">\t<picture><source media=\"(min-width: 576px)\" srcset=\"https:\/\/www.salzburgerland.com\/de\/magazin\/wp-content\/uploads\/2019\/03\/IMG_7598-e1553006991255-325x209.jpg 325w, https:\/\/www.salzburgerland.com\/de\/magazin\/wp-content\/uploads\/2019\/03\/IMG_7598-e1553006991255-249x160.jpg 249w\" \/><source media=\"(min-width: 0)\" srcset=\"https:\/\/www.salzburgerland.com\/de\/magazin\/wp-content\/uploads\/2019\/03\/IMG_7598-e1553006991255-249x160.jpg 249w, https:\/\/www.salzburgerland.com\/de\/magazin\/wp-content\/uploads\/2019\/03\/IMG_7598-e1553006991255-325x209.jpg 325w\" \/><img decoding=\"async\" alt=\"Eine Hand h\u00e4lt eine kleine gr\u00fcne Pflanze mit zwei S\u00e4tzen gezackter Bl\u00e4tter im Freien.\" src=\"https:\/\/www.salzburgerland.com\/de\/magazin\/wp-content\/uploads\/2019\/03\/IMG_7598-e1553006991255.jpg\" \/>\t<\/picture><\/a><\/figure><\/div><div class=\"col-6 col-sm-4\"><figure><a class=\"thumb-container\" href=\"https:\/\/www.salzburgerland.com\/de\/magazin\/wp-content\/uploads\/2019\/03\/IMG_7600-e1553007013743-1280x1024.jpg\">\t<picture><source media=\"(min-width: 576px)\" srcset=\"https:\/\/www.salzburgerland.com\/de\/magazin\/wp-content\/uploads\/2019\/03\/IMG_7600-e1553007013743-325x209.jpg 325w, https:\/\/www.salzburgerland.com\/de\/magazin\/wp-content\/uploads\/2019\/03\/IMG_7600-e1553007013743-249x160.jpg 249w\" \/><source media=\"(min-width: 0)\" srcset=\"https:\/\/www.salzburgerland.com\/de\/magazin\/wp-content\/uploads\/2019\/03\/IMG_7600-e1553007013743-249x160.jpg 249w, https:\/\/www.salzburgerland.com\/de\/magazin\/wp-content\/uploads\/2019\/03\/IMG_7600-e1553007013743-325x209.jpg 325w\" \/><img decoding=\"async\" alt=\"Junge Brennnesselpflanzen und anderes gr\u00fcnes Laub wachsen zwischen trockenen braunen Bl\u00e4ttern am Boden.\" src=\"https:\/\/www.salzburgerland.com\/de\/magazin\/wp-content\/uploads\/2019\/03\/IMG_7600-e1553007013743.jpg\" \/>\t<\/picture><\/a><\/figure><\/div><div class=\"col-6 col-sm-4\"><figure><a class=\"thumb-container\" href=\"https:\/\/www.salzburgerland.com\/de\/magazin\/wp-content\/uploads\/2019\/03\/IMG_7601-e1553007003401-1280x1024.jpg\">\t<picture><source media=\"(min-width: 576px)\" srcset=\"https:\/\/www.salzburgerland.com\/de\/magazin\/wp-content\/uploads\/2019\/03\/IMG_7601-e1553007003401-325x209.jpg 325w, https:\/\/www.salzburgerland.com\/de\/magazin\/wp-content\/uploads\/2019\/03\/IMG_7601-e1553007003401-249x160.jpg 249w\" \/><source media=\"(min-width: 0)\" srcset=\"https:\/\/www.salzburgerland.com\/de\/magazin\/wp-content\/uploads\/2019\/03\/IMG_7601-e1553007003401-249x160.jpg 249w, https:\/\/www.salzburgerland.com\/de\/magazin\/wp-content\/uploads\/2019\/03\/IMG_7601-e1553007003401-325x209.jpg 325w\" \/><img decoding=\"async\" alt=\"Nahaufnahme von gr\u00fcnen Brennnesselbl\u00e4ttern und anderen kleinen Pflanzen, die zwischen trockenen Bl\u00e4ttern auf dem Boden wachsen.\" src=\"https:\/\/www.salzburgerland.com\/de\/magazin\/wp-content\/uploads\/2019\/03\/IMG_7601-e1553007003401.jpg\" \/>\t<\/picture><\/a><\/figure><\/div><div class=\"col-6 col-sm-4\"><figure><a class=\"thumb-container\" href=\"https:\/\/www.salzburgerland.com\/de\/magazin\/wp-content\/uploads\/2019\/03\/IMG_7602-1280x1024.jpg\">\t<picture><source media=\"(min-width: 576px)\" srcset=\"https:\/\/www.salzburgerland.com\/de\/magazin\/wp-content\/uploads\/2019\/03\/IMG_7602-325x209.jpg 325w, https:\/\/www.salzburgerland.com\/de\/magazin\/wp-content\/uploads\/2019\/03\/IMG_7602-249x160.jpg 249w\" \/><source media=\"(min-width: 0)\" srcset=\"https:\/\/www.salzburgerland.com\/de\/magazin\/wp-content\/uploads\/2019\/03\/IMG_7602-249x160.jpg 249w, https:\/\/www.salzburgerland.com\/de\/magazin\/wp-content\/uploads\/2019\/03\/IMG_7602-325x209.jpg 325w\" \/><img decoding=\"async\" alt=\"Gr\u00fcne Bl\u00e4tter und knospende Pflanzen, die zwischen abgestorbenen Bl\u00e4ttern und anderem Laub in einem Garten aus dem Boden wachsen.\" src=\"https:\/\/www.salzburgerland.com\/de\/magazin\/wp-content\/uploads\/2019\/03\/IMG_7602.jpg\" \/>\t<\/picture><\/a><\/figure><\/div><div class=\"col-6 col-sm-4\"><figure><a class=\"thumb-container\" href=\"https:\/\/www.salzburgerland.com\/de\/magazin\/wp-content\/uploads\/2019\/03\/IMG_7603-1280x1024.jpg\">\t<picture><source media=\"(min-width: 576px)\" srcset=\"\" \/><source media=\"(min-width: 0)\" srcset=\"https:\/\/www.salzburgerland.com\/de\/magazin\/wp-content\/uploads\/2019\/03\/IMG_7603.jpg 1200w, https:\/\/www.salzburgerland.com\/de\/magazin\/wp-content\/uploads\/2019\/03\/IMG_7603-225x300.jpg 225w, https:\/\/www.salzburgerland.com\/de\/magazin\/wp-content\/uploads\/2019\/03\/IMG_7603-413x550.jpg 413w, https:\/\/www.salzburgerland.com\/de\/magazin\/wp-content\/uploads\/2019\/03\/IMG_7603-300x400.jpg 300w\" \/><img decoding=\"async\" alt=\"Eine Hand, die ein einzelnes, langes, gr\u00fcnes Blatt h\u00e4lt, mit Pflanzen und Bl\u00e4ttern, die im Hintergrund verschwimmen.\" src=\"https:\/\/www.salzburgerland.com\/de\/magazin\/wp-content\/uploads\/2019\/03\/IMG_7603.jpg\" \/>\t<\/picture><\/a><\/figure><\/div><div class=\"col-6 col-sm-4\"><figure><a class=\"thumb-container\" href=\"https:\/\/www.salzburgerland.com\/de\/magazin\/wp-content\/uploads\/2019\/03\/IMG_7604-1280x1024.jpg\">\t<picture><source media=\"(min-width: 576px)\" srcset=\"\" \/><source media=\"(min-width: 0)\" srcset=\"https:\/\/www.salzburgerland.com\/de\/magazin\/wp-content\/uploads\/2019\/03\/IMG_7604.jpg 1200w, https:\/\/www.salzburgerland.com\/de\/magazin\/wp-content\/uploads\/2019\/03\/IMG_7604-225x300.jpg 225w, https:\/\/www.salzburgerland.com\/de\/magazin\/wp-content\/uploads\/2019\/03\/IMG_7604-413x550.jpg 413w, https:\/\/www.salzburgerland.com\/de\/magazin\/wp-content\/uploads\/2019\/03\/IMG_7604-300x400.jpg 300w\" \/><img decoding=\"async\" alt=\"Eine Hand h\u00e4lt ein einzelnes, langes, gr\u00fcnes Blatt mit spitzer Spitze und sichtbaren Adern vor einem nat\u00fcrlichen Hintergrund.\" src=\"https:\/\/www.salzburgerland.com\/de\/magazin\/wp-content\/uploads\/2019\/03\/IMG_7604.jpg\" \/>\t<\/picture><\/a><\/figure><\/div><div class=\"col-6 col-sm-4\"><figure><a class=\"thumb-container\" href=\"https:\/\/www.salzburgerland.com\/de\/magazin\/wp-content\/uploads\/2019\/03\/IMG_7609-1280x1024.jpg\">\t<picture><source media=\"(min-width: 576px)\" srcset=\"https:\/\/www.salzburgerland.com\/de\/magazin\/wp-content\/uploads\/2019\/03\/IMG_7609-325x209.jpg 325w, https:\/\/www.salzburgerland.com\/de\/magazin\/wp-content\/uploads\/2019\/03\/IMG_7609-249x160.jpg 249w\" \/><source media=\"(min-width: 0)\" srcset=\"https:\/\/www.salzburgerland.com\/de\/magazin\/wp-content\/uploads\/2019\/03\/IMG_7609-249x160.jpg 249w, https:\/\/www.salzburgerland.com\/de\/magazin\/wp-content\/uploads\/2019\/03\/IMG_7609-325x209.jpg 325w\" \/><img decoding=\"async\" alt=\"Frische gr\u00fcne Bl\u00e4tter in einem wei\u00dfen Sieb mit Wassertropfen darauf.\" src=\"https:\/\/www.salzburgerland.com\/de\/magazin\/wp-content\/uploads\/2019\/03\/IMG_7609.jpg\" \/>\t<\/picture><\/a><\/figure><\/div><div class=\"col-6 col-sm-4\"><figure><a class=\"thumb-container\" href=\"https:\/\/www.salzburgerland.com\/de\/magazin\/wp-content\/uploads\/2019\/03\/IMG_7492-1280x1024.jpg\">\t<picture><source media=\"(min-width: 576px)\" srcset=\"https:\/\/www.salzburgerland.com\/de\/magazin\/wp-content\/uploads\/2019\/03\/IMG_7492-325x209.jpg 325w, https:\/\/www.salzburgerland.com\/de\/magazin\/wp-content\/uploads\/2019\/03\/IMG_7492-249x160.jpg 249w\" \/><source media=\"(min-width: 0)\" srcset=\"https:\/\/www.salzburgerland.com\/de\/magazin\/wp-content\/uploads\/2019\/03\/IMG_7492-249x160.jpg 249w, https:\/\/www.salzburgerland.com\/de\/magazin\/wp-content\/uploads\/2019\/03\/IMG_7492-325x209.jpg 325w\" \/><img decoding=\"async\" alt=\"Gr\u00fcne Pflanzen sprie\u00dfen zwischen trockenen braunen Bl\u00e4ttern auf dem Waldboden.\" src=\"https:\/\/www.salzburgerland.com\/de\/magazin\/wp-content\/uploads\/2019\/03\/IMG_7492.jpg\" \/>\t<\/picture><\/a><\/figure><\/div><div class=\"col-6 col-sm-4\"><figure><a class=\"thumb-container\" href=\"https:\/\/www.salzburgerland.com\/de\/magazin\/wp-content\/uploads\/2019\/03\/Anke-Eder-Naturlich-Hausgemacht_-1280x1024.jpg\">\t<picture><source media=\"(min-width: 576px)\" srcset=\"https:\/\/www.salzburgerland.com\/de\/magazin\/wp-content\/uploads\/2019\/03\/Anke-Eder-Naturlich-Hausgemacht_-325x209.jpg 325w, https:\/\/www.salzburgerland.com\/de\/magazin\/wp-content\/uploads\/2019\/03\/Anke-Eder-Naturlich-Hausgemacht_-249x160.jpg 249w\" \/><source media=\"(min-width: 0)\" srcset=\"https:\/\/www.salzburgerland.com\/de\/magazin\/wp-content\/uploads\/2019\/03\/Anke-Eder-Naturlich-Hausgemacht_-249x160.jpg 249w, https:\/\/www.salzburgerland.com\/de\/magazin\/wp-content\/uploads\/2019\/03\/Anke-Eder-Naturlich-Hausgemacht_-325x209.jpg 325w\" \/><img decoding=\"async\" alt=\"L\u00e4chelnde Frau mit frischem Basilikum in der Hand in einer K\u00fcche, mit wei\u00dfer gebl\u00fcmter Bluse.\" src=\"https:\/\/www.salzburgerland.com\/de\/magazin\/wp-content\/uploads\/2019\/03\/Anke-Eder-Naturlich-Hausgemacht_.jpg\" \/>\t<\/picture><\/a><\/figure><\/div><\/div><\/div><figcaption><\/figcaption>\n\n\n\n<h3 class=\"wp-block-heading\" id=\"h-der-b-rlauch\">Der B\u00e4rlauch<\/h3>\n\n\n\n<figure class=\"wp-block-image size-large\"><img loading=\"lazy\" decoding=\"async\" width=\"1384\" height=\"917\" src=\"https:\/\/www.salzburgerland.com\/de\/magazin\/wp-content\/uploads\/2017\/03\/Au_k.jpg\" alt=\"Hellgr\u00fcne, lanzenf\u00f6rmige B\u00e4rlauchbl\u00e4tter, die zwischen anderen kleinen Pflanzen auf einem sonnenbeschienenen Waldboden wachsen.\" class=\"wp-image-113816\" srcset=\"https:\/\/www.salzburgerland.com\/de\/magazin\/wp-content\/uploads\/2017\/03\/Au_k.jpg 1384w, https:\/\/www.salzburgerland.com\/de\/magazin\/wp-content\/uploads\/2017\/03\/Au_k-300x199.jpg 300w, https:\/\/www.salzburgerland.com\/de\/magazin\/wp-content\/uploads\/2017\/03\/Au_k-830x550.jpg 830w, https:\/\/www.salzburgerland.com\/de\/magazin\/wp-content\/uploads\/2017\/03\/Au_k-604x400.jpg 604w, https:\/\/www.salzburgerland.com\/de\/magazin\/wp-content\/uploads\/2017\/03\/Au_k-1320x875.jpg 1320w\" sizes=\"auto, (max-width: 1384px) 100vw, 1384px\" \/><figcaption>B\u00e4rlauch duftet nach Knoblauch  \u00a9 Anke Eder <\/figcaption><\/figure>\n\n\n\n<p>Der <strong>B\u00e4rlauch<\/strong> ist eines der Fr\u00fchlingskr\u00e4uter, der f\u00fcr seine reinigende und antiseptische Wirkung bekannt ist. Er enth\u00e4lt unter anderem Vitamin C, Eisen sowie gesundheitsf\u00f6rdernde sekund\u00e4re Pflanzeninhaltsstoffe. Wichtig ist, dass man den B\u00e4rlauch erkennen kann und nicht mit giftigen Pflanzen verwechselt. Unterst\u00fctzung bieten hier die Kr\u00e4uterkundigen im SalzburgerLand! Ich verwende den B\u00e4rlauch sowohl frisch f\u00fcr Aufstriche oder in Smoothies, aber ich koche auch sehr gerne damit und bereite daraus B\u00e4rlauch-Kn\u00f6del, Gnocchi oder Suppe zu. Um B\u00e4rlauch zu konservieren, verarbeite ich ihn zu einem Wildkr\u00e4uter-Salz oder zu <a href=\"https:\/\/www.salzburgerland.com\/de\/magazin\/koestliche-stangerl-mit-baerlauch-pesto\/\">Pesto.<\/a>&nbsp;<\/p>\n\n\n\n<h3 class=\"wp-block-heading\" id=\"h-brennnessel\">Brennnessel<\/h3>\n\n\n\n<div class=\"wp-block-image wp-image-129502 size-singlePost\"><figure class=\"aligncenter size-full\"><img loading=\"lazy\" decoding=\"async\" width=\"1600\" height=\"1200\" src=\"https:\/\/www.salzburgerland.com\/de\/magazin\/wp-content\/uploads\/2019\/03\/IMG_7601-e1553007003401.jpg\" alt=\"Nahaufnahme von gr\u00fcnen Brennnesselbl\u00e4ttern und anderen kleinen Pflanzen, die zwischen trockenen Bl\u00e4ttern auf dem Boden wachsen.\" class=\"wp-image-129502\" srcset=\"https:\/\/www.salzburgerland.com\/de\/magazin\/wp-content\/uploads\/2019\/03\/IMG_7601-e1553007003401.jpg 1600w, https:\/\/www.salzburgerland.com\/de\/magazin\/wp-content\/uploads\/2019\/03\/IMG_7601-e1553007003401-300x225.jpg 300w, https:\/\/www.salzburgerland.com\/de\/magazin\/wp-content\/uploads\/2019\/03\/IMG_7601-e1553007003401-733x550.jpg 733w, https:\/\/www.salzburgerland.com\/de\/magazin\/wp-content\/uploads\/2019\/03\/IMG_7601-e1553007003401-140x105.jpg 140w, https:\/\/www.salzburgerland.com\/de\/magazin\/wp-content\/uploads\/2019\/03\/IMG_7601-e1553007003401-533x400.jpg 533w, https:\/\/www.salzburgerland.com\/de\/magazin\/wp-content\/uploads\/2019\/03\/IMG_7601-e1553007003401-960x720.jpg 960w, https:\/\/www.salzburgerland.com\/de\/magazin\/wp-content\/uploads\/2019\/03\/IMG_7601-e1553007003401-1320x990.jpg 1320w, https:\/\/www.salzburgerland.com\/de\/magazin\/wp-content\/uploads\/2019\/03\/IMG_7601-e1553007003401-1200x900.jpg 1200w\" sizes=\"auto, (max-width: 1600px) 100vw, 1600px\" \/><figcaption>Links sieht man den Giersch, rechts junge Brennnesseltriebe.  \u00a9 Anke Eder <\/figcaption><\/figure><\/div>\n\n\n\n<p>Die <strong>Brennnessel<\/strong> wird von vielen wegen ihrer Brennhaare gef\u00fcrchtet, doch geh\u00f6rt sie mit zu den wichtigsten Wildpflanzen im SalzburgerLand. Nicht nur f\u00fcr die Tierwelt ist wie wertvoll, denn sie ist eine wichtige Futterpflanze f\u00fcr verschiedene Schmetterlingsarten. Dem Menschen dient die Brennnessel schon lange als wichtige eisenhaltige Pflanze, sie hat eine belebende Wirkung und ist stoffwechselanregend und harntreibend. Darum wird sie im Fr\u00fchling gerne als Teepflanze genutzt! Au\u00dferdem kann man aus den Bl\u00e4ttern einen herrlichen Spinat zubereiten oder im Sommer die Samen ernten. Diese gelten als wahres Superfood, da sie eine gro\u00dfe Anzahl an N\u00e4hrstoffen enthalten. Tipp: In der K\u00fcche rolle ich einmal mit dem Nudelholz \u00fcber die Brennnessel, so breche ich die Brennhaare ab und kann die Brennnessel schadlos angreifen!<\/p>\n\n\n\n<h3 class=\"wp-block-heading\" id=\"h-giersch\">Giersch<\/h3>\n\n\n\n<div class=\"wp-block-image wp-image-129512 size-singlePost\"><figure class=\"aligncenter size-full\"><img loading=\"lazy\" decoding=\"async\" width=\"1600\" height=\"1200\" src=\"https:\/\/www.salzburgerland.com\/de\/magazin\/wp-content\/uploads\/2019\/03\/IMG_7492.jpg\" alt=\"Gr\u00fcne Pflanzen sprie\u00dfen zwischen trockenen braunen Bl\u00e4ttern auf dem Waldboden.\" class=\"wp-image-129512\" srcset=\"https:\/\/www.salzburgerland.com\/de\/magazin\/wp-content\/uploads\/2019\/03\/IMG_7492.jpg 1600w, https:\/\/www.salzburgerland.com\/de\/magazin\/wp-content\/uploads\/2019\/03\/IMG_7492-300x225.jpg 300w, https:\/\/www.salzburgerland.com\/de\/magazin\/wp-content\/uploads\/2019\/03\/IMG_7492-733x550.jpg 733w, https:\/\/www.salzburgerland.com\/de\/magazin\/wp-content\/uploads\/2019\/03\/IMG_7492-140x105.jpg 140w, https:\/\/www.salzburgerland.com\/de\/magazin\/wp-content\/uploads\/2019\/03\/IMG_7492-533x400.jpg 533w, https:\/\/www.salzburgerland.com\/de\/magazin\/wp-content\/uploads\/2019\/03\/IMG_7492-960x720.jpg 960w, https:\/\/www.salzburgerland.com\/de\/magazin\/wp-content\/uploads\/2019\/03\/IMG_7492-1320x990.jpg 1320w, https:\/\/www.salzburgerland.com\/de\/magazin\/wp-content\/uploads\/2019\/03\/IMG_7492-1200x900.jpg 1200w\" sizes=\"auto, (max-width: 1600px) 100vw, 1600px\" \/><figcaption>Giersch  \u00a9 Anke Eder <\/figcaption><\/figure><\/div>\n\n\n\n<p>Der <strong>Giersch<\/strong> ist eine der \u00e4ltesten Wildgem\u00fcsearten im SalzburgerLand! Die Bl\u00e4tter wirken entgiftend und blutreinigend. Im Fr\u00fchling verwendet man die jungen Bl\u00e4tter am besten frisch f\u00fcr einen Wildkr\u00e4utersalat oder als Zutat in der traditionellen <a href=\"https:\/\/www.salzburgerland.com\/de\/magazin\/neunkraeutersuppe-am-gruendonnerstag\/\" target=\"_blank\" rel=\"noopener noreferrer\">Neunkr\u00e4utersuppe<\/a>. Spannend ist die Tatsache, dass die gr\u00f6\u00dferen Bl\u00e4tter im Laufe des Sommers immer intensiver im Geschmack werden und an das Aroma von Petersilie erinnern. Jetzt ist der richtige Zeitpunkt gekommen, um aus dem Giersch ein Kr\u00e4utersalz mit Petersilie-Aroma herzustellen!&nbsp;<\/p>\n\n\n\n<h2 class=\"wp-block-heading\" id=\"h-wie-kannst-du-fr-hlingskr-uter-verwenden\"><b>Wie kannst du Fr\u00fchlingskr\u00e4uter verwenden?<\/b><\/h2>\n\n\n\n<ul class=\"wp-block-list\"><li>als Tee (mit frischen oder getrockneten Kr\u00e4utern)<\/li><li>Wildkr\u00e4uter-Smoothie (z. B. mit Buttermilch)<span class=\"Apple-converted-space\">\u00a0<\/span><\/li><li>Frischpflanzensaft\u00a0<\/li><li>in Aufstrichen<span class=\"Apple-converted-space\">\u00a0<\/span><\/li><li>Suppe &#8211; z. B. in der traditionellen <a href=\"https:\/\/www.salzburgerland.com\/de\/magazin\/neunkraeutersuppe-am-gruendonnerstag\/\" target=\"_blank\" rel=\"noreferrer noopener\">Neunkr\u00e4utersuppe am Gr\u00fcndonnerstag<\/a><\/li><li>im Salat<\/li><li>als Gem\u00fcse &#8211; z. B. Brennnesselspinat<\/li><li>f\u00fcr Gerichte mit Wildkr\u00e4utern &#8211; z. B. Quiche, B\u00e4rlauch-Gnocchi, Flammkuchen mit Wildkr\u00e4utern<\/li><li>im Brotteig &#8211; z. B. <a href=\"https:\/\/www.salzburgerland.com\/de\/magazin\/koestliche-stangerl-mit-baerlauch-pesto\/\" target=\"_blank\" rel=\"noreferrer noopener\">Stangerl mit B\u00e4rlauchpesto<\/a><\/li><li>f\u00fcr das selbst gemachte Wildkr\u00e4uter-Salz<\/li><\/ul>\n\n\n\n<h2 class=\"wp-block-heading\" id=\"h-rezept-kr-utersalz-fr-hlingssalz-mit-wildkr-utern\"><strong>Rezept:<\/strong>&nbsp;<b>Kr\u00e4utersalz &#8211; Fr\u00fchlingssalz mit Wildkr\u00e4utern<\/b><\/h2>\n\n\n\n<p><strong>Zutaten<\/strong>:<\/p>\n\n\n\n<ul class=\"wp-block-list\"><li>Bl\u00e4tter des Giersch, B\u00e4rlauch, Brennnessel<\/li><li>Natursalz (ca. 400 g f\u00fcr 6 kleine Einmachgl\u00e4ser)<\/li><\/ul>\n\n\n\n<p><strong>Zubereitung<\/strong><\/p>\n\n\n\n<p>Die jungen Bl\u00e4tter bei trockenem Wetter sammeln. In der K\u00fcche sofort verarbeiten oder in einer Frischhaltebox verschlossen im K\u00fchlschrank aufbewahren.<\/p>\n\n\n\n<p>Bl\u00e4tter eventuell mit kaltem Wasser absp\u00fclen, auf eine K\u00fcchenrolle legen und trocken tupfen, um die Feuchtigkeit zu entfernen.<\/p>\n\n\n\n<p>Die jungen Bl\u00e4tter fein hacken (mit einem Messer oder in der K\u00fcchenmaschine) und mit Salz vermischen.<\/p>\n\n\n\n<p>Man kann das Salz im Trocknungsger\u00e4t f\u00fcr ca. 2 Stunden trocknen und anschlie\u00dfend nochmals pulverisieren \u2013 so wird es noch feiner und rieself\u00e4higer.<\/p>\n\n\n\n<p>Das fertige Salz in Gl\u00e4ser abf\u00fcllen und verschlie\u00dfen sowie beschriften.\u00a0<\/p>\n","protected":false},"excerpt":{"rendered":"<p>In Salzburgs W\u00e4ldern, auf den Wiesen, in den Auen \u2013 \u00fcberall zeigen sich die ersten Fr\u00fchlingskr\u00e4uter, wie Giersch, B\u00e4rlauch und Brennnessel!\u00a0Ich habe mich auf die Suche nach den ersten Kr\u00e4utern im Jahr gemacht und gebe euch Tipps zum Sammeln und Verarbeiten. Wie und wo ich Kr\u00e4uter sammle Die wichtigste Regel lautet \u201eSammle nur die Pflanze, [&hellip;]<\/p>\n","protected":false},"author":533,"featured_media":129500,"comment_status":"open","ping_status":"open","sticky":false,"template":"","format":"standard","meta":{"_acf_changed":false,"wl_entities_gutenberg":"","_wl_entity_redirect_enabled":"","footnotes":""},"categories":[4],"tags":[],"wl_entity_type":[306],"monatsauswahl":[84,85],"class_list":["post-129456","post","type-post","status-publish","format-standard","has-post-thumbnail","hentry","category-gesundheit","wl_entity_type-article","monatsauswahl-monat_3","monatsauswahl-monat_4"],"acf":[],"yoast_head":"<!-- This site is optimized with the Yoast SEO Premium plugin v27.4 (Yoast SEO v27.4) - https:\/\/yoast.com\/product\/yoast-seo-premium-wordpress\/ -->\n<title>Kr\u00e4uterfr\u00fchling im SalzburgerLand - SalzburgerLand Magazin<\/title>\n<meta name=\"description\" content=\"Nach dem kalten Winter im SalzburgerLand freuen wir uns im Fr\u00fchling auf die w\u00e4rmenden Sonnenstrahlen.\u00a0Wir erwachen wieder aus unserer Winterruhe, drehen eine Runde mit dem Fahrrad, spazieren durch den Wald und lassen das Fr\u00fchlingserwachen der Natur auf uns wirken.\" \/>\n<meta name=\"robots\" content=\"index, follow, max-snippet:-1, max-image-preview:large, max-video-preview:-1\" \/>\n<link rel=\"canonical\" href=\"https:\/\/www.salzburgerland.com\/de\/magazin\/kraeuterfruehling-im-salzburgerland\/\" \/>\n<meta property=\"og:locale\" content=\"de_DE\" \/>\n<meta property=\"og:type\" content=\"article\" \/>\n<meta property=\"og:title\" content=\"Kr\u00e4uterfr\u00fchling im SalzburgerLand\" \/>\n<meta property=\"og:description\" content=\"In Salzburgs W\u00e4ldern, auf den Wiesen, in den Auen \u2013 \u00fcberall zeigen sich die ersten Fr\u00fchlingskr\u00e4uter, wie Giersch, B\u00e4rlauch und Brennnessel!\u00a0Ich habe mich auf die Suche nach den ersten Kr\u00e4utern im Jahr gemacht und gebe euch Tipps zum Sammeln und Verarbeiten. Wie und wo ich Kr\u00e4uter sammle Die wichtigste Regel lautet \u201eSammle nur die Pflanze, [&hellip;]\" \/>\n<meta property=\"og:url\" content=\"https:\/\/www.salzburgerland.com\/de\/magazin\/kraeuterfruehling-im-salzburgerland\/\" \/>\n<meta property=\"og:site_name\" content=\"SalzburgerLand Magazin\" \/>\n<meta property=\"article:publisher\" content=\"https:\/\/www.facebook.com\/salzburgerland\/\" \/>\n<meta property=\"article:published_time\" content=\"2020-03-30T06:00:00+00:00\" \/>\n<meta property=\"article:modified_time\" content=\"2022-03-16T09:37:37+00:00\" \/>\n<meta property=\"og:image\" content=\"https:\/\/www.salzburgerland.com\/de\/magazin\/wp-content\/uploads\/2019\/03\/IMG_7598-e1553006991255.jpg\" \/>\n\t<meta property=\"og:image:width\" content=\"1600\" \/>\n\t<meta property=\"og:image:height\" content=\"1200\" \/>\n\t<meta property=\"og:image:type\" content=\"image\/jpeg\" \/>\n<meta name=\"author\" content=\"Anke Eder\" \/>\n<meta name=\"twitter:card\" content=\"summary_large_image\" \/>\n<meta name=\"twitter:creator\" content=\"@Salzburgerland\" \/>\n<meta name=\"twitter:site\" content=\"@Salzburgerland\" \/>\n<meta name=\"twitter:label1\" content=\"Verfasst von\" \/>\n\t<meta name=\"twitter:data1\" content=\"Anke Eder\" \/>\n\t<meta name=\"twitter:label2\" content=\"Gesch\u00e4tzte Lesezeit\" \/>\n\t<meta name=\"twitter:data2\" content=\"5\u00a0Minuten\" \/>\n<script type=\"application\/ld+json\" class=\"yoast-schema-graph\">{\"@context\":\"https:\\\/\\\/schema.org\",\"@graph\":[{\"@type\":\"Article\",\"@id\":\"https:\\\/\\\/www.salzburgerland.com\\\/de\\\/magazin\\\/kraeuterfruehling-im-salzburgerland\\\/#article\",\"isPartOf\":{\"@id\":\"https:\\\/\\\/www.salzburgerland.com\\\/de\\\/magazin\\\/kraeuterfruehling-im-salzburgerland\\\/\"},\"author\":{\"name\":\"Anke Eder\",\"@id\":\"https:\\\/\\\/www.salzburgerland.com\\\/de\\\/magazin\\\/#\\\/schema\\\/person\\\/b4c7972a94a135bc63fe8c2dd626a26e\"},\"headline\":\"Kr\u00e4uterfr\u00fchling im SalzburgerLand\",\"datePublished\":\"2020-03-30T06:00:00+00:00\",\"dateModified\":\"2022-03-16T09:37:37+00:00\",\"mainEntityOfPage\":{\"@id\":\"https:\\\/\\\/www.salzburgerland.com\\\/de\\\/magazin\\\/kraeuterfruehling-im-salzburgerland\\\/\"},\"wordCount\":986,\"commentCount\":0,\"publisher\":{\"@id\":\"https:\\\/\\\/www.salzburgerland.com\\\/de\\\/magazin\\\/#organization\"},\"image\":{\"@id\":\"https:\\\/\\\/www.salzburgerland.com\\\/de\\\/magazin\\\/kraeuterfruehling-im-salzburgerland\\\/#primaryimage\"},\"thumbnailUrl\":\"https:\\\/\\\/www.salzburgerland.com\\\/de\\\/magazin\\\/wp-content\\\/uploads\\\/2019\\\/03\\\/IMG_7598-e1553006991255.jpg\",\"articleSection\":[\"Gesundheit\"],\"inLanguage\":\"de\",\"potentialAction\":[{\"@type\":\"CommentAction\",\"name\":\"Comment\",\"target\":[\"https:\\\/\\\/www.salzburgerland.com\\\/de\\\/magazin\\\/kraeuterfruehling-im-salzburgerland\\\/#respond\"]}]},{\"@type\":\"WebPage\",\"@id\":\"https:\\\/\\\/www.salzburgerland.com\\\/de\\\/magazin\\\/kraeuterfruehling-im-salzburgerland\\\/\",\"url\":\"https:\\\/\\\/www.salzburgerland.com\\\/de\\\/magazin\\\/kraeuterfruehling-im-salzburgerland\\\/\",\"name\":\"Kr\u00e4uterfr\u00fchling im SalzburgerLand - SalzburgerLand Magazin\",\"isPartOf\":{\"@id\":\"https:\\\/\\\/www.salzburgerland.com\\\/de\\\/magazin\\\/#website\"},\"primaryImageOfPage\":{\"@id\":\"https:\\\/\\\/www.salzburgerland.com\\\/de\\\/magazin\\\/kraeuterfruehling-im-salzburgerland\\\/#primaryimage\"},\"image\":{\"@id\":\"https:\\\/\\\/www.salzburgerland.com\\\/de\\\/magazin\\\/kraeuterfruehling-im-salzburgerland\\\/#primaryimage\"},\"thumbnailUrl\":\"https:\\\/\\\/www.salzburgerland.com\\\/de\\\/magazin\\\/wp-content\\\/uploads\\\/2019\\\/03\\\/IMG_7598-e1553006991255.jpg\",\"datePublished\":\"2020-03-30T06:00:00+00:00\",\"dateModified\":\"2022-03-16T09:37:37+00:00\",\"breadcrumb\":{\"@id\":\"https:\\\/\\\/www.salzburgerland.com\\\/de\\\/magazin\\\/kraeuterfruehling-im-salzburgerland\\\/#breadcrumb\"},\"inLanguage\":\"de\",\"potentialAction\":[{\"@type\":\"ReadAction\",\"target\":[\"https:\\\/\\\/www.salzburgerland.com\\\/de\\\/magazin\\\/kraeuterfruehling-im-salzburgerland\\\/\"]}]},{\"@type\":\"ImageObject\",\"inLanguage\":\"de\",\"@id\":\"https:\\\/\\\/www.salzburgerland.com\\\/de\\\/magazin\\\/kraeuterfruehling-im-salzburgerland\\\/#primaryimage\",\"url\":\"https:\\\/\\\/www.salzburgerland.com\\\/de\\\/magazin\\\/wp-content\\\/uploads\\\/2019\\\/03\\\/IMG_7598-e1553006991255.jpg\",\"contentUrl\":\"https:\\\/\\\/www.salzburgerland.com\\\/de\\\/magazin\\\/wp-content\\\/uploads\\\/2019\\\/03\\\/IMG_7598-e1553006991255.jpg\",\"width\":1600,\"height\":1200,\"caption\":\"Eine Hand h\u00e4lt eine kleine gr\u00fcne Pflanze mit zwei S\u00e4tzen gezackter Bl\u00e4tter im Freien.\"},{\"@type\":\"BreadcrumbList\",\"@id\":\"https:\\\/\\\/www.salzburgerland.com\\\/de\\\/magazin\\\/kraeuterfruehling-im-salzburgerland\\\/#breadcrumb\",\"itemListElement\":[{\"@type\":\"ListItem\",\"position\":1,\"name\":\"Startseite\",\"item\":\"https:\\\/\\\/www.salzburgerland.com\\\/de\\\/magazin\\\/\"},{\"@type\":\"ListItem\",\"position\":2,\"name\":\"Gesundheit\",\"item\":\"https:\\\/\\\/www.salzburgerland.com\\\/de\\\/magazin\\\/thema\\\/gesundheit\\\/\"},{\"@type\":\"ListItem\",\"position\":3,\"name\":\"Kr\u00e4uterfr\u00fchling im SalzburgerLand\"}]},{\"@type\":\"WebSite\",\"@id\":\"https:\\\/\\\/www.salzburgerland.com\\\/de\\\/magazin\\\/#website\",\"url\":\"https:\\\/\\\/www.salzburgerland.com\\\/de\\\/magazin\\\/\",\"name\":\"SalzburgerLand Magazin\",\"description\":\"Geschichten und Interessantes aus dem SalzburgerLand\",\"publisher\":{\"@id\":\"https:\\\/\\\/www.salzburgerland.com\\\/de\\\/magazin\\\/#organization\"},\"potentialAction\":[{\"@type\":\"SearchAction\",\"target\":{\"@type\":\"EntryPoint\",\"urlTemplate\":\"https:\\\/\\\/www.salzburgerland.com\\\/de\\\/magazin\\\/?s={search_term_string}\"},\"query-input\":{\"@type\":\"PropertyValueSpecification\",\"valueRequired\":true,\"valueName\":\"search_term_string\"}}],\"inLanguage\":\"de\"},{\"@type\":\"Organization\",\"@id\":\"https:\\\/\\\/www.salzburgerland.com\\\/de\\\/magazin\\\/#organization\",\"name\":\"SalzburgerLand Tourismus\",\"url\":\"https:\\\/\\\/www.salzburgerland.com\\\/de\\\/magazin\\\/\",\"logo\":{\"@type\":\"ImageObject\",\"inLanguage\":\"de\",\"@id\":\"https:\\\/\\\/www.salzburgerland.com\\\/de\\\/magazin\\\/#\\\/schema\\\/logo\\\/image\\\/\",\"url\":\"https:\\\/\\\/www.salzburgerland.com\\\/de\\\/magazin\\\/wp-content\\\/uploads\\\/2019\\\/06\\\/salzburgerland-logo1.jpg\",\"contentUrl\":\"https:\\\/\\\/www.salzburgerland.com\\\/de\\\/magazin\\\/wp-content\\\/uploads\\\/2019\\\/06\\\/salzburgerland-logo1.jpg\",\"width\":2011,\"height\":866,\"caption\":\"SalzburgerLand Tourismus\"},\"image\":{\"@id\":\"https:\\\/\\\/www.salzburgerland.com\\\/de\\\/magazin\\\/#\\\/schema\\\/logo\\\/image\\\/\"},\"sameAs\":[\"https:\\\/\\\/www.facebook.com\\\/salzburgerland\\\/\",\"https:\\\/\\\/x.com\\\/Salzburgerland\",\"https:\\\/\\\/www.instagram.com\\\/salzburgerland\\\/\",\"https:\\\/\\\/at.linkedin.com\\\/company\\\/salzburgerland-tourismus-gmbh\",\"https:\\\/\\\/www.pinterest.at\\\/salzburgerland\\\/\",\"https:\\\/\\\/www.youtube.com\\\/user\\\/salzburgerland\",\"https:\\\/\\\/de.wikipedia.org\\\/wiki\\\/SalzburgerLand_Tourismus_GmbH\"]},{\"@type\":\"Person\",\"@id\":\"https:\\\/\\\/www.salzburgerland.com\\\/de\\\/magazin\\\/#\\\/schema\\\/person\\\/b4c7972a94a135bc63fe8c2dd626a26e\",\"name\":\"Anke Eder\",\"description\":\"Anke Eder hat in Salzburg Kommunikationswissenschaft studiert, lebt mit ihrer Familie im wundersch\u00f6nen Salzburger Flachgau und arbeitet als freiberufliche Autorin f\u00fcr das SalzburgerLand Magazin. Ihre Leidenschaft sind selbst gemachte Gerichte mit besten Zutaten aus der Region oder dem eigenen Garten. Als diplomierte Ern\u00e4hrungstrainerin, diplomierte Kr\u00e4uterp\u00e4dagogin und TEH-Praktikerin wei\u00df sie um die Vorz\u00fcge von selbst gemachten Gerichten, schreibt dar\u00fcber und fotografiert was sie f\u00fcr ihre Familie kocht. In ihrer Freizeit ist Anke am liebsten in den Bergen unterwegs - mit dem Rennrad oder den Wanderschuhen. F\u00fcr das SalzburgerLand Magazin entdeckt sie die sch\u00f6nsten Spots in Salzburgs.\u00a0\",\"url\":\"https:\\\/\\\/www.salzburgerland.com\\\/de\\\/magazin\\\/author\\\/anke-eder\\\/\"}]}<\/script>\n<!-- \/ Yoast SEO Premium plugin. -->","yoast_head_json":{"title":"Kr\u00e4uterfr\u00fchling im SalzburgerLand - SalzburgerLand Magazin","description":"Nach dem kalten Winter im SalzburgerLand freuen wir uns im Fr\u00fchling auf die w\u00e4rmenden Sonnenstrahlen.\u00a0Wir erwachen wieder aus unserer Winterruhe, drehen eine Runde mit dem Fahrrad, spazieren durch den Wald und lassen das Fr\u00fchlingserwachen der Natur auf uns wirken.","robots":{"index":"index","follow":"follow","max-snippet":"max-snippet:-1","max-image-preview":"max-image-preview:large","max-video-preview":"max-video-preview:-1"},"canonical":"https:\/\/www.salzburgerland.com\/de\/magazin\/kraeuterfruehling-im-salzburgerland\/","og_locale":"de_DE","og_type":"article","og_title":"Kr\u00e4uterfr\u00fchling im SalzburgerLand","og_description":"In Salzburgs W\u00e4ldern, auf den Wiesen, in den Auen \u2013 \u00fcberall zeigen sich die ersten Fr\u00fchlingskr\u00e4uter, wie Giersch, B\u00e4rlauch und Brennnessel!\u00a0Ich habe mich auf die Suche nach den ersten Kr\u00e4utern im Jahr gemacht und gebe euch Tipps zum Sammeln und Verarbeiten. Wie und wo ich Kr\u00e4uter sammle Die wichtigste Regel lautet \u201eSammle nur die Pflanze, [&hellip;]","og_url":"https:\/\/www.salzburgerland.com\/de\/magazin\/kraeuterfruehling-im-salzburgerland\/","og_site_name":"SalzburgerLand Magazin","article_publisher":"https:\/\/www.facebook.com\/salzburgerland\/","article_published_time":"2020-03-30T06:00:00+00:00","article_modified_time":"2022-03-16T09:37:37+00:00","og_image":[{"width":1600,"height":1200,"url":"https:\/\/www.salzburgerland.com\/de\/magazin\/wp-content\/uploads\/2019\/03\/IMG_7598-e1553006991255.jpg","type":"image\/jpeg"}],"author":"Anke Eder","twitter_card":"summary_large_image","twitter_creator":"@Salzburgerland","twitter_site":"@Salzburgerland","twitter_misc":{"Verfasst von":"Anke Eder","Gesch\u00e4tzte Lesezeit":"5\u00a0Minuten"},"schema":{"@context":"https:\/\/schema.org","@graph":[{"@type":"Article","@id":"https:\/\/www.salzburgerland.com\/de\/magazin\/kraeuterfruehling-im-salzburgerland\/#article","isPartOf":{"@id":"https:\/\/www.salzburgerland.com\/de\/magazin\/kraeuterfruehling-im-salzburgerland\/"},"author":{"name":"Anke Eder","@id":"https:\/\/www.salzburgerland.com\/de\/magazin\/#\/schema\/person\/b4c7972a94a135bc63fe8c2dd626a26e"},"headline":"Kr\u00e4uterfr\u00fchling im SalzburgerLand","datePublished":"2020-03-30T06:00:00+00:00","dateModified":"2022-03-16T09:37:37+00:00","mainEntityOfPage":{"@id":"https:\/\/www.salzburgerland.com\/de\/magazin\/kraeuterfruehling-im-salzburgerland\/"},"wordCount":986,"commentCount":0,"publisher":{"@id":"https:\/\/www.salzburgerland.com\/de\/magazin\/#organization"},"image":{"@id":"https:\/\/www.salzburgerland.com\/de\/magazin\/kraeuterfruehling-im-salzburgerland\/#primaryimage"},"thumbnailUrl":"https:\/\/www.salzburgerland.com\/de\/magazin\/wp-content\/uploads\/2019\/03\/IMG_7598-e1553006991255.jpg","articleSection":["Gesundheit"],"inLanguage":"de","potentialAction":[{"@type":"CommentAction","name":"Comment","target":["https:\/\/www.salzburgerland.com\/de\/magazin\/kraeuterfruehling-im-salzburgerland\/#respond"]}]},{"@type":"WebPage","@id":"https:\/\/www.salzburgerland.com\/de\/magazin\/kraeuterfruehling-im-salzburgerland\/","url":"https:\/\/www.salzburgerland.com\/de\/magazin\/kraeuterfruehling-im-salzburgerland\/","name":"Kr\u00e4uterfr\u00fchling im SalzburgerLand - SalzburgerLand Magazin","isPartOf":{"@id":"https:\/\/www.salzburgerland.com\/de\/magazin\/#website"},"primaryImageOfPage":{"@id":"https:\/\/www.salzburgerland.com\/de\/magazin\/kraeuterfruehling-im-salzburgerland\/#primaryimage"},"image":{"@id":"https:\/\/www.salzburgerland.com\/de\/magazin\/kraeuterfruehling-im-salzburgerland\/#primaryimage"},"thumbnailUrl":"https:\/\/www.salzburgerland.com\/de\/magazin\/wp-content\/uploads\/2019\/03\/IMG_7598-e1553006991255.jpg","datePublished":"2020-03-30T06:00:00+00:00","dateModified":"2022-03-16T09:37:37+00:00","breadcrumb":{"@id":"https:\/\/www.salzburgerland.com\/de\/magazin\/kraeuterfruehling-im-salzburgerland\/#breadcrumb"},"inLanguage":"de","potentialAction":[{"@type":"ReadAction","target":["https:\/\/www.salzburgerland.com\/de\/magazin\/kraeuterfruehling-im-salzburgerland\/"]}]},{"@type":"ImageObject","inLanguage":"de","@id":"https:\/\/www.salzburgerland.com\/de\/magazin\/kraeuterfruehling-im-salzburgerland\/#primaryimage","url":"https:\/\/www.salzburgerland.com\/de\/magazin\/wp-content\/uploads\/2019\/03\/IMG_7598-e1553006991255.jpg","contentUrl":"https:\/\/www.salzburgerland.com\/de\/magazin\/wp-content\/uploads\/2019\/03\/IMG_7598-e1553006991255.jpg","width":1600,"height":1200,"caption":"Eine Hand h\u00e4lt eine kleine gr\u00fcne Pflanze mit zwei S\u00e4tzen gezackter Bl\u00e4tter im Freien."},{"@type":"BreadcrumbList","@id":"https:\/\/www.salzburgerland.com\/de\/magazin\/kraeuterfruehling-im-salzburgerland\/#breadcrumb","itemListElement":[{"@type":"ListItem","position":1,"name":"Startseite","item":"https:\/\/www.salzburgerland.com\/de\/magazin\/"},{"@type":"ListItem","position":2,"name":"Gesundheit","item":"https:\/\/www.salzburgerland.com\/de\/magazin\/thema\/gesundheit\/"},{"@type":"ListItem","position":3,"name":"Kr\u00e4uterfr\u00fchling im SalzburgerLand"}]},{"@type":"WebSite","@id":"https:\/\/www.salzburgerland.com\/de\/magazin\/#website","url":"https:\/\/www.salzburgerland.com\/de\/magazin\/","name":"SalzburgerLand Magazin","description":"Geschichten und Interessantes aus dem SalzburgerLand","publisher":{"@id":"https:\/\/www.salzburgerland.com\/de\/magazin\/#organization"},"potentialAction":[{"@type":"SearchAction","target":{"@type":"EntryPoint","urlTemplate":"https:\/\/www.salzburgerland.com\/de\/magazin\/?s={search_term_string}"},"query-input":{"@type":"PropertyValueSpecification","valueRequired":true,"valueName":"search_term_string"}}],"inLanguage":"de"},{"@type":"Organization","@id":"https:\/\/www.salzburgerland.com\/de\/magazin\/#organization","name":"SalzburgerLand Tourismus","url":"https:\/\/www.salzburgerland.com\/de\/magazin\/","logo":{"@type":"ImageObject","inLanguage":"de","@id":"https:\/\/www.salzburgerland.com\/de\/magazin\/#\/schema\/logo\/image\/","url":"https:\/\/www.salzburgerland.com\/de\/magazin\/wp-content\/uploads\/2019\/06\/salzburgerland-logo1.jpg","contentUrl":"https:\/\/www.salzburgerland.com\/de\/magazin\/wp-content\/uploads\/2019\/06\/salzburgerland-logo1.jpg","width":2011,"height":866,"caption":"SalzburgerLand Tourismus"},"image":{"@id":"https:\/\/www.salzburgerland.com\/de\/magazin\/#\/schema\/logo\/image\/"},"sameAs":["https:\/\/www.facebook.com\/salzburgerland\/","https:\/\/x.com\/Salzburgerland","https:\/\/www.instagram.com\/salzburgerland\/","https:\/\/at.linkedin.com\/company\/salzburgerland-tourismus-gmbh","https:\/\/www.pinterest.at\/salzburgerland\/","https:\/\/www.youtube.com\/user\/salzburgerland","https:\/\/de.wikipedia.org\/wiki\/SalzburgerLand_Tourismus_GmbH"]},{"@type":"Person","@id":"https:\/\/www.salzburgerland.com\/de\/magazin\/#\/schema\/person\/b4c7972a94a135bc63fe8c2dd626a26e","name":"Anke Eder","description":"Anke Eder hat in Salzburg Kommunikationswissenschaft studiert, lebt mit ihrer Familie im wundersch\u00f6nen Salzburger Flachgau und arbeitet als freiberufliche Autorin f\u00fcr das SalzburgerLand Magazin. Ihre Leidenschaft sind selbst gemachte Gerichte mit besten Zutaten aus der Region oder dem eigenen Garten. Als diplomierte Ern\u00e4hrungstrainerin, diplomierte Kr\u00e4uterp\u00e4dagogin und TEH-Praktikerin wei\u00df sie um die Vorz\u00fcge von selbst gemachten Gerichten, schreibt dar\u00fcber und fotografiert was sie f\u00fcr ihre Familie kocht. In ihrer Freizeit ist Anke am liebsten in den Bergen unterwegs - mit dem Rennrad oder den Wanderschuhen. F\u00fcr das SalzburgerLand Magazin entdeckt sie die sch\u00f6nsten Spots in Salzburgs.\u00a0","url":"https:\/\/www.salzburgerland.com\/de\/magazin\/author\/anke-eder\/"}]}},"_wl_alt_label":[],"wl:entity_url":"http:\/\/open.salzburgerland.com\/magazin\/post\/kraeuterfruehling_im_salzburgerland","_links":{"self":[{"href":"https:\/\/www.salzburgerland.com\/de\/magazin\/wp-json\/wp\/v2\/posts\/129456","targetHints":{"allow":["GET"]}}],"collection":[{"href":"https:\/\/www.salzburgerland.com\/de\/magazin\/wp-json\/wp\/v2\/posts"}],"about":[{"href":"https:\/\/www.salzburgerland.com\/de\/magazin\/wp-json\/wp\/v2\/types\/post"}],"author":[{"embeddable":true,"href":"https:\/\/www.salzburgerland.com\/de\/magazin\/wp-json\/wp\/v2\/users\/533"}],"replies":[{"embeddable":true,"href":"https:\/\/www.salzburgerland.com\/de\/magazin\/wp-json\/wp\/v2\/comments?post=129456"}],"version-history":[{"count":5,"href":"https:\/\/www.salzburgerland.com\/de\/magazin\/wp-json\/wp\/v2\/posts\/129456\/revisions"}],"predecessor-version":[{"id":161406,"href":"https:\/\/www.salzburgerland.com\/de\/magazin\/wp-json\/wp\/v2\/posts\/129456\/revisions\/161406"}],"wp:featuredmedia":[{"embeddable":true,"href":"https:\/\/www.salzburgerland.com\/de\/magazin\/wp-json\/wp\/v2\/media\/129500"}],"wp:attachment":[{"href":"https:\/\/www.salzburgerland.com\/de\/magazin\/wp-json\/wp\/v2\/media?parent=129456"}],"wp:term":[{"taxonomy":"category","embeddable":true,"href":"https:\/\/www.salzburgerland.com\/de\/magazin\/wp-json\/wp\/v2\/categories?post=129456"},{"taxonomy":"post_tag","embeddable":true,"href":"https:\/\/www.salzburgerland.com\/de\/magazin\/wp-json\/wp\/v2\/tags?post=129456"},{"taxonomy":"wl_entity_type","embeddable":true,"href":"https:\/\/www.salzburgerland.com\/de\/magazin\/wp-json\/wp\/v2\/wl_entity_type?post=129456"},{"taxonomy":"monatsauswahl","embeddable":true,"href":"https:\/\/www.salzburgerland.com\/de\/magazin\/wp-json\/wp\/v2\/monatsauswahl?post=129456"}],"curies":[{"name":"wp","href":"https:\/\/api.w.org\/{rel}","templated":true}]}}