{"id":129088,"date":"2019-03-19T08:00:13","date_gmt":"2019-03-19T07:00:13","guid":{"rendered":"https:\/\/www.salzburgerland.com\/de\/magazin\/?p=129088"},"modified":"2019-06-26T18:25:08","modified_gmt":"2019-06-26T16:25:08","slug":"regionale-kulturstaetten-im-salzburgerland","status":"publish","type":"post","link":"https:\/\/www.salzburgerland.com\/de\/magazin\/regionale-kulturstaetten-im-salzburgerland\/","title":{"rendered":"Regionale Kulturst\u00e4tten im SalzburgerLand"},"content":{"rendered":"<p><strong>Ob Konzert, Kabarett, Theater oder Kunstausstellung: Die Regionalen Kulturst\u00e4tten im SalzburgerLand bieten ein vielf\u00e4ltiges Programm, dass das Herz jedes Kulturliebhabers h\u00f6herschlagen l\u00e4sst.<\/strong><\/p>\n<p>Die Stadt Salzburg ist weit \u00fcber \u00d6sterreichs Grenzen hinaus als Kulturhochburg bekannt. Aber auch abseits der gewohnten Pfade finden Kulturinteressierte ein hochkar\u00e4tiges und abwechslungsreiches Programm an Konzerten, Ausstellungen, Theaterdarbietungen und Kabarett. Daf\u00fcr sorgen die zahlreichen regionalen Kulturst\u00e4tten im SalzburgerLand. Wir laden zu einem kleinen Streifzug durch die Kulturlandschaft im Flachgau, Tennengau, Pongau, Pinzgau und Lungau ein!<\/p>\n<h3>K.U.L.T. Hof<\/h3>\n<p>Theater, Kabarett und Konzerte bietet das K.U.L.T. Hof im Salzburger Flachgau als Kulturprogramm an \u2013 und trifft damit genau den Geschmack zahlreicher begeisterter K.U.L.T. Stammg\u00e4ste. Aber auch untertags liefert es mit Kasperltheater f\u00fcr Kinder, einer gut ausgestatteten Bibliothek und abwechslungsreichen Workshops ein perfektes Schlechtwetterprogramm f\u00fcr die ganze Familie an.<\/p>\n<p><strong>Adresse:<\/strong><br \/>\nBrunnfeldstr. 2<br \/>\n5322 Hof bei Salzburg<br \/>\n<a href=\"http:\/\/www.kult-hof.at\" target=\"_blank\" rel=\"noopener noreferrer\">www.kult-hof.at<\/a><\/p>\n<h3>SUDHAUS hallein.kultur<\/h3>\n<p>Mit seinen Veranstaltungen will das SUDHAUS hallein.kultur Kultur nicht nur erlebbar machen, sondern auch vernetzen. Dank Workshops, Poetry Slams, Vernissagen, Konzerten und Theaterabenden gelingt das in Perfektion. Die Besucher erwartet zeitgen\u00f6ssische, unabh\u00e4ngige und innovative Kultur, die auch kulturelle Traditionen einbindet.<\/p>\n<p><strong>Adresse:<\/strong><br \/>\nOberer Markt 1<br \/>\n5400 Hallein<br \/>\n<a href=\"http:\/\/www.sudhaus-hallein.at\" target=\"_blank\" rel=\"noopener noreferrer\">www.sudhaus-hallein.at<\/a><\/p>\n<h3>Kunsthaus NEXUS in Saalfelden<\/h3>\n<figure id=\"attachment_129090\" aria-describedby=\"caption-attachment-129090\" style=\"width: 650px\" class=\"wp-caption aligncenter\"><img loading=\"lazy\" decoding=\"async\" class=\"size-singlePost wp-image-129090\" src=\"https:\/\/www.salzburgerland.com\/de\/magazin\/wp-content\/uploads\/2019\/02\/nexxus_09-volxtheaterwerkstatt-650x435.jpg\" alt=\"Nexxus VOLXtheaterwerkstatt\" width=\"650\" height=\"435\" \/><figcaption id=\"caption-attachment-129090\" class=\"wp-caption-text\">@Foto Flausen<\/figcaption><\/figure>\n<p>Ob Jung oder Alt: Das Pinzgauer Kunsthaus NEXUS bietet f\u00fcr alles Generationen ein Kulturprogramm, dass begeistert! Kino, Theater, Konzertsaal, Clubbing- &amp; Ball-Location, Ausstellungsr\u00e4umlichkeiten \u2013 das alles vereint das Kulturinstitution seit 2003 unter einem Dach und kommt damit bei den begeisterten Besucherinnen und Besuchern perfekt an. Ein Kultur-Highlight bei jedem Saalfelden-Besuch!<\/p>\n<p><strong>Adresse:<\/strong><br \/>\nAm Postplatz 1<br \/>\n5760 Saalfelden<br \/>\n<a href=\"http:\/\/www.kunsthausnexus.com\" target=\"_blank\" rel=\"noopener noreferrer\">www.kunsthausnexus.com<\/a><\/p>\n<h3>Kulturverein Schloss Goldegg<\/h3>\n<p>Die wildromantische Kulisse des Schlosses l\u00e4sst vermuten, dass hier nur klassische Konzerte am Kulturprogramm stehen \u2013 aber weit gefehlt! Der Pongauer Kulturverein Schloss Goldegg bietet daneben vom Punk- und Rock- Konzert \u00fcber Kabarett und Ausstellungen bis hin zu Vortr\u00e4gen ein vielf\u00e4ltiges Programm an. Ein Highlight sind die \u201eGoldegger Dialoge\u201c, die 2019 bereits zum 38. Mal stattfinden.<\/p>\n<p><strong>Adresse:<\/strong><br \/>\nHofmark 1<br \/>\n5622 Goldegg<br \/>\n<a href=\"http:\/\/www.schlossgoldegg.at\" target=\"_blank\" rel=\"noopener noreferrer\">www.schlossgoldegg.at\u00a0<\/a><\/p>\n<h3>Kunstraum Golling<\/h3>\n<p>Seit Sommer 2018 gibt es den <a href=\"http:\/\/www.burg-golling.at\/\" target=\"_blank\" rel=\"noopener noreferrer\">Kunstraum Burg Golling<\/a>. Die neu gestalteten R\u00e4ume auf der 2. Etage bieten Kunstliebhabern eine einzigartige M\u00f6glichkeit f\u00fcr Vernissagen sowie Workshops und k\u00f6nnen auch extern f\u00fcr Hochzeiten oder Firmenveranstaltungen gemietet werden. <br \/>\nMit einer Fl\u00e4che von etwa 100 m\u00b2, aufgeteilt auf 4 R\u00e4ume, ist dieses Ambiente perfekt f\u00fcr Ihre Veranstaltung.Das Highlight 2019 ist das Programm der &#8222;<a href=\"http:\/\/kleinefestspiele.at\/de\/\" target=\"_blank\" rel=\"noopener noreferrer\">Festspiele Burg Golling<\/a>&#8222;, die heuer zum 20. Mal stattfinden. Mehr Informationen dazu gibt es <a href=\"http:\/\/kleinefestspiele.at\/de\/\" target=\"_blank\" rel=\"noopener noreferrer\">hier<\/a>.<\/p>\n<p><strong>Adresse:<\/strong><br \/>\nBurg Golling<br \/>\nMarkt 1<br \/>\n5440 Golling<br \/>\n<a href=\"mailto:burg@golling.info\" target=\"_blank\" rel=\"noopener noreferrer\">burg@golling.info<\/a><\/p>\n<h3 style=\"text-align: justify;\">Lungau Kultur in Tamsweg<\/h3>\n<p>Sowohl regionale Kulturproduzenten als auch internationale K\u00fcnstler d\u00fcrfen die G\u00e4ste der Lungauer Kulturvereinigung \u2013 kurz: Lungau Kultur \u2013 in Tamsweg erwarten. Kinofilme, Theaterst\u00fccke, Konzerte, Workshops und Ausstellungen bringen Kultur f\u00fcr die ganze Familie in \u201edie k\u00fcnstlerei\u201c, wie das Kulturzentrum der Lungau Kultur genannt wird. Zum Essen, Trinken, Spielen und Verweilen l\u00e4dt das integrierte Beisl \u201eRastst\u00e4tte\u201c ein.\u00a0<\/p>\n<p><strong>Adresse:<\/strong><br \/>\nHatheyergasse 2<br \/>\n5580 Tamsweg<br \/>\n<a href=\"http:\/\/www.lungaukultur.at\" target=\"_blank\" rel=\"noopener noreferrer\">www.lungaukultur.at<\/a><\/p>\n","protected":false},"excerpt":{"rendered":"<p>Ob Konzert, Kabarett, Theater oder Kunstausstellung: Die Regionalen Kulturst\u00e4tten im SalzburgerLand bieten ein vielf\u00e4ltiges Programm, dass das Herz jedes Kulturliebhabers h\u00f6herschlagen l\u00e4sst. Die Stadt Salzburg ist weit \u00fcber \u00d6sterreichs Grenzen hinaus als Kulturhochburg bekannt. Aber auch abseits der gewohnten Pfade finden Kulturinteressierte ein hochkar\u00e4tiges und abwechslungsreiches Programm an Konzerten, Ausstellungen, Theaterdarbietungen und Kabarett. Daf\u00fcr sorgen [&hellip;]<\/p>\n","protected":false},"author":544,"featured_media":129089,"comment_status":"open","ping_status":"open","sticky":false,"template":"","format":"standard","meta":{"_acf_changed":false,"wl_entities_gutenberg":"","_wl_entity_redirect_enabled":"","footnotes":""},"categories":[6],"tags":[],"wl_entity_type":[306],"monatsauswahl":[82,83,84,85,86,87,88,89,90,91,92,93],"class_list":["post-129088","post","type-post","status-publish","format-standard","has-post-thumbnail","hentry","category-kunst-kultur","wl_entity_type-article","monatsauswahl-monat_1","monatsauswahl-monat_2","monatsauswahl-monat_3","monatsauswahl-monat_4","monatsauswahl-monat_5","monatsauswahl-monat_6","monatsauswahl-monat_7","monatsauswahl-monat_8","monatsauswahl-monat_9","monatsauswahl-monat_10","monatsauswahl-monat_11","monatsauswahl-monat_12"],"acf":[],"yoast_head":"<!-- This site is optimized with the Yoast SEO Premium plugin v27.4 (Yoast SEO v27.4) - https:\/\/yoast.com\/product\/yoast-seo-premium-wordpress\/ -->\n<title>Regionale Kulturst\u00e4tten im SalzburgerLand - SalzburgerLand Magazin<\/title>\n<meta name=\"description\" content=\"Ob Konzert, Kabarett, Theater oder Kunstausstellung: Die Regionalen Kulturst\u00e4tten im SalzburgerLand bieten ein vielf\u00e4ltiges Programm, dass das Herz jedes Kulturliebhabers h\u00f6herschlagen l\u00e4sst. Die Stadt Salzburg ist weit \u00fcber \u00d6sterreichs Grenzen hinaus als Kulturhochburg bekannt. Aber auch abseits der gewohnten Pfade finden Kulturinteressierte ein hochkar\u00e4tiges und abwechslungsreiches Programm an Konzerten, Ausstellungen, Theaterdarbietungen und Kabarett. Daf\u00fcr sorgen [&hellip;]\" \/>\n<meta name=\"robots\" content=\"index, follow, max-snippet:-1, max-image-preview:large, max-video-preview:-1\" \/>\n<link rel=\"canonical\" href=\"https:\/\/www.salzburgerland.com\/de\/magazin\/regionale-kulturstaetten-im-salzburgerland\/\" \/>\n<meta property=\"og:locale\" content=\"de_DE\" \/>\n<meta property=\"og:type\" content=\"article\" \/>\n<meta property=\"og:title\" content=\"Regionale Kulturst\u00e4tten im SalzburgerLand\" \/>\n<meta property=\"og:description\" content=\"Ob Konzert, Kabarett, Theater oder Kunstausstellung: Die Regionalen Kulturst\u00e4tten im SalzburgerLand bieten ein vielf\u00e4ltiges Programm, dass das Herz jedes Kulturliebhabers h\u00f6herschlagen l\u00e4sst. Die Stadt Salzburg ist weit \u00fcber \u00d6sterreichs Grenzen hinaus als Kulturhochburg bekannt. Aber auch abseits der gewohnten Pfade finden Kulturinteressierte ein hochkar\u00e4tiges und abwechslungsreiches Programm an Konzerten, Ausstellungen, Theaterdarbietungen und Kabarett. Daf\u00fcr sorgen [&hellip;]\" \/>\n<meta property=\"og:url\" content=\"https:\/\/www.salzburgerland.com\/de\/magazin\/regionale-kulturstaetten-im-salzburgerland\/\" \/>\n<meta property=\"og:site_name\" content=\"SalzburgerLand Magazin\" \/>\n<meta property=\"article:publisher\" content=\"https:\/\/www.facebook.com\/salzburgerland\/\" \/>\n<meta property=\"article:published_time\" content=\"2019-03-19T07:00:13+00:00\" \/>\n<meta property=\"article:modified_time\" content=\"2019-06-26T16:25:08+00:00\" \/>\n<meta property=\"og:image\" content=\"https:\/\/www.salzburgerland.com\/de\/magazin\/wp-content\/uploads\/2019\/02\/kult-eventlocation-hof-salzburg4.jpeg\" \/>\n\t<meta property=\"og:image:width\" content=\"1280\" \/>\n\t<meta property=\"og:image:height\" content=\"854\" \/>\n\t<meta property=\"og:image:type\" content=\"image\/jpeg\" \/>\n<meta name=\"author\" content=\"G\u00fcnter Baumgartner\" \/>\n<meta name=\"twitter:card\" content=\"summary_large_image\" \/>\n<meta name=\"twitter:creator\" content=\"@Salzburgerland\" \/>\n<meta name=\"twitter:site\" content=\"@Salzburgerland\" \/>\n<meta name=\"twitter:label1\" content=\"Verfasst von\" \/>\n\t<meta name=\"twitter:data1\" content=\"G\u00fcnter Baumgartner\" \/>\n\t<meta name=\"twitter:label2\" content=\"Gesch\u00e4tzte Lesezeit\" \/>\n\t<meta name=\"twitter:data2\" content=\"3\u00a0Minuten\" \/>\n<script type=\"application\/ld+json\" class=\"yoast-schema-graph\">{\"@context\":\"https:\\\/\\\/schema.org\",\"@graph\":[{\"@type\":\"Article\",\"@id\":\"https:\\\/\\\/www.salzburgerland.com\\\/de\\\/magazin\\\/regionale-kulturstaetten-im-salzburgerland\\\/#article\",\"isPartOf\":{\"@id\":\"https:\\\/\\\/www.salzburgerland.com\\\/de\\\/magazin\\\/regionale-kulturstaetten-im-salzburgerland\\\/\"},\"author\":{\"name\":\"G\u00fcnter Baumgartner\",\"@id\":\"https:\\\/\\\/www.salzburgerland.com\\\/de\\\/magazin\\\/#\\\/schema\\\/person\\\/2e0abbe9392136e19ff0d5c5721aea87\"},\"headline\":\"Regionale Kulturst\u00e4tten im SalzburgerLand\",\"datePublished\":\"2019-03-19T07:00:13+00:00\",\"dateModified\":\"2019-06-26T16:25:08+00:00\",\"mainEntityOfPage\":{\"@id\":\"https:\\\/\\\/www.salzburgerland.com\\\/de\\\/magazin\\\/regionale-kulturstaetten-im-salzburgerland\\\/\"},\"wordCount\":508,\"commentCount\":0,\"publisher\":{\"@id\":\"https:\\\/\\\/www.salzburgerland.com\\\/de\\\/magazin\\\/#organization\"},\"image\":{\"@id\":\"https:\\\/\\\/www.salzburgerland.com\\\/de\\\/magazin\\\/regionale-kulturstaetten-im-salzburgerland\\\/#primaryimage\"},\"thumbnailUrl\":\"https:\\\/\\\/www.salzburgerland.com\\\/de\\\/magazin\\\/wp-content\\\/uploads\\\/2019\\\/02\\\/kult-eventlocation-hof-salzburg4.jpeg\",\"articleSection\":[\"Kunst &amp; Kultur\"],\"inLanguage\":\"de\",\"potentialAction\":[{\"@type\":\"CommentAction\",\"name\":\"Comment\",\"target\":[\"https:\\\/\\\/www.salzburgerland.com\\\/de\\\/magazin\\\/regionale-kulturstaetten-im-salzburgerland\\\/#respond\"]}]},{\"@type\":\"WebPage\",\"@id\":\"https:\\\/\\\/www.salzburgerland.com\\\/de\\\/magazin\\\/regionale-kulturstaetten-im-salzburgerland\\\/\",\"url\":\"https:\\\/\\\/www.salzburgerland.com\\\/de\\\/magazin\\\/regionale-kulturstaetten-im-salzburgerland\\\/\",\"name\":\"Regionale Kulturst\u00e4tten im SalzburgerLand - SalzburgerLand Magazin\",\"isPartOf\":{\"@id\":\"https:\\\/\\\/www.salzburgerland.com\\\/de\\\/magazin\\\/#website\"},\"primaryImageOfPage\":{\"@id\":\"https:\\\/\\\/www.salzburgerland.com\\\/de\\\/magazin\\\/regionale-kulturstaetten-im-salzburgerland\\\/#primaryimage\"},\"image\":{\"@id\":\"https:\\\/\\\/www.salzburgerland.com\\\/de\\\/magazin\\\/regionale-kulturstaetten-im-salzburgerland\\\/#primaryimage\"},\"thumbnailUrl\":\"https:\\\/\\\/www.salzburgerland.com\\\/de\\\/magazin\\\/wp-content\\\/uploads\\\/2019\\\/02\\\/kult-eventlocation-hof-salzburg4.jpeg\",\"datePublished\":\"2019-03-19T07:00:13+00:00\",\"dateModified\":\"2019-06-26T16:25:08+00:00\",\"breadcrumb\":{\"@id\":\"https:\\\/\\\/www.salzburgerland.com\\\/de\\\/magazin\\\/regionale-kulturstaetten-im-salzburgerland\\\/#breadcrumb\"},\"inLanguage\":\"de\",\"potentialAction\":[{\"@type\":\"ReadAction\",\"target\":[\"https:\\\/\\\/www.salzburgerland.com\\\/de\\\/magazin\\\/regionale-kulturstaetten-im-salzburgerland\\\/\"]}]},{\"@type\":\"ImageObject\",\"inLanguage\":\"de\",\"@id\":\"https:\\\/\\\/www.salzburgerland.com\\\/de\\\/magazin\\\/regionale-kulturstaetten-im-salzburgerland\\\/#primaryimage\",\"url\":\"https:\\\/\\\/www.salzburgerland.com\\\/de\\\/magazin\\\/wp-content\\\/uploads\\\/2019\\\/02\\\/kult-eventlocation-hof-salzburg4.jpeg\",\"contentUrl\":\"https:\\\/\\\/www.salzburgerland.com\\\/de\\\/magazin\\\/wp-content\\\/uploads\\\/2019\\\/02\\\/kult-eventlocation-hof-salzburg4.jpeg\",\"width\":1280,\"height\":854,\"caption\":\"@Wolfgang Stadler\"},{\"@type\":\"BreadcrumbList\",\"@id\":\"https:\\\/\\\/www.salzburgerland.com\\\/de\\\/magazin\\\/regionale-kulturstaetten-im-salzburgerland\\\/#breadcrumb\",\"itemListElement\":[{\"@type\":\"ListItem\",\"position\":1,\"name\":\"Startseite\",\"item\":\"https:\\\/\\\/www.salzburgerland.com\\\/de\\\/magazin\\\/\"},{\"@type\":\"ListItem\",\"position\":2,\"name\":\"Kunst &amp; Kultur\",\"item\":\"https:\\\/\\\/www.salzburgerland.com\\\/de\\\/magazin\\\/thema\\\/kunst-kultur\\\/\"},{\"@type\":\"ListItem\",\"position\":3,\"name\":\"Regionale Kulturst\u00e4tten im SalzburgerLand\"}]},{\"@type\":\"WebSite\",\"@id\":\"https:\\\/\\\/www.salzburgerland.com\\\/de\\\/magazin\\\/#website\",\"url\":\"https:\\\/\\\/www.salzburgerland.com\\\/de\\\/magazin\\\/\",\"name\":\"SalzburgerLand Magazin\",\"description\":\"Geschichten und Interessantes aus dem SalzburgerLand\",\"publisher\":{\"@id\":\"https:\\\/\\\/www.salzburgerland.com\\\/de\\\/magazin\\\/#organization\"},\"potentialAction\":[{\"@type\":\"SearchAction\",\"target\":{\"@type\":\"EntryPoint\",\"urlTemplate\":\"https:\\\/\\\/www.salzburgerland.com\\\/de\\\/magazin\\\/?s={search_term_string}\"},\"query-input\":{\"@type\":\"PropertyValueSpecification\",\"valueRequired\":true,\"valueName\":\"search_term_string\"}}],\"inLanguage\":\"de\"},{\"@type\":\"Organization\",\"@id\":\"https:\\\/\\\/www.salzburgerland.com\\\/de\\\/magazin\\\/#organization\",\"name\":\"SalzburgerLand Tourismus\",\"url\":\"https:\\\/\\\/www.salzburgerland.com\\\/de\\\/magazin\\\/\",\"logo\":{\"@type\":\"ImageObject\",\"inLanguage\":\"de\",\"@id\":\"https:\\\/\\\/www.salzburgerland.com\\\/de\\\/magazin\\\/#\\\/schema\\\/logo\\\/image\\\/\",\"url\":\"https:\\\/\\\/www.salzburgerland.com\\\/de\\\/magazin\\\/wp-content\\\/uploads\\\/2019\\\/06\\\/salzburgerland-logo1.jpg\",\"contentUrl\":\"https:\\\/\\\/www.salzburgerland.com\\\/de\\\/magazin\\\/wp-content\\\/uploads\\\/2019\\\/06\\\/salzburgerland-logo1.jpg\",\"width\":2011,\"height\":866,\"caption\":\"SalzburgerLand Tourismus\"},\"image\":{\"@id\":\"https:\\\/\\\/www.salzburgerland.com\\\/de\\\/magazin\\\/#\\\/schema\\\/logo\\\/image\\\/\"},\"sameAs\":[\"https:\\\/\\\/www.facebook.com\\\/salzburgerland\\\/\",\"https:\\\/\\\/x.com\\\/Salzburgerland\",\"https:\\\/\\\/www.instagram.com\\\/salzburgerland\\\/\",\"https:\\\/\\\/at.linkedin.com\\\/company\\\/salzburgerland-tourismus-gmbh\",\"https:\\\/\\\/www.pinterest.at\\\/salzburgerland\\\/\",\"https:\\\/\\\/www.youtube.com\\\/user\\\/salzburgerland\",\"https:\\\/\\\/de.wikipedia.org\\\/wiki\\\/SalzburgerLand_Tourismus_GmbH\"]},{\"@type\":\"Person\",\"@id\":\"https:\\\/\\\/www.salzburgerland.com\\\/de\\\/magazin\\\/#\\\/schema\\\/person\\\/2e0abbe9392136e19ff0d5c5721aea87\",\"name\":\"G\u00fcnter Baumgartner\",\"url\":\"https:\\\/\\\/www.salzburgerland.com\\\/de\\\/magazin\\\/author\\\/guenter-baumgartner\\\/\"}]}<\/script>\n<!-- \/ Yoast SEO Premium plugin. -->","yoast_head_json":{"title":"Regionale Kulturst\u00e4tten im SalzburgerLand - SalzburgerLand Magazin","description":"Ob Konzert, Kabarett, Theater oder Kunstausstellung: Die Regionalen Kulturst\u00e4tten im SalzburgerLand bieten ein vielf\u00e4ltiges Programm, dass das Herz jedes Kulturliebhabers h\u00f6herschlagen l\u00e4sst. Die Stadt Salzburg ist weit \u00fcber \u00d6sterreichs Grenzen hinaus als Kulturhochburg bekannt. Aber auch abseits der gewohnten Pfade finden Kulturinteressierte ein hochkar\u00e4tiges und abwechslungsreiches Programm an Konzerten, Ausstellungen, Theaterdarbietungen und Kabarett. Daf\u00fcr sorgen [&hellip;]","robots":{"index":"index","follow":"follow","max-snippet":"max-snippet:-1","max-image-preview":"max-image-preview:large","max-video-preview":"max-video-preview:-1"},"canonical":"https:\/\/www.salzburgerland.com\/de\/magazin\/regionale-kulturstaetten-im-salzburgerland\/","og_locale":"de_DE","og_type":"article","og_title":"Regionale Kulturst\u00e4tten im SalzburgerLand","og_description":"Ob Konzert, Kabarett, Theater oder Kunstausstellung: Die Regionalen Kulturst\u00e4tten im SalzburgerLand bieten ein vielf\u00e4ltiges Programm, dass das Herz jedes Kulturliebhabers h\u00f6herschlagen l\u00e4sst. Die Stadt Salzburg ist weit \u00fcber \u00d6sterreichs Grenzen hinaus als Kulturhochburg bekannt. Aber auch abseits der gewohnten Pfade finden Kulturinteressierte ein hochkar\u00e4tiges und abwechslungsreiches Programm an Konzerten, Ausstellungen, Theaterdarbietungen und Kabarett. Daf\u00fcr sorgen [&hellip;]","og_url":"https:\/\/www.salzburgerland.com\/de\/magazin\/regionale-kulturstaetten-im-salzburgerland\/","og_site_name":"SalzburgerLand Magazin","article_publisher":"https:\/\/www.facebook.com\/salzburgerland\/","article_published_time":"2019-03-19T07:00:13+00:00","article_modified_time":"2019-06-26T16:25:08+00:00","og_image":[{"width":1280,"height":854,"url":"https:\/\/www.salzburgerland.com\/de\/magazin\/wp-content\/uploads\/2019\/02\/kult-eventlocation-hof-salzburg4.jpeg","type":"image\/jpeg"}],"author":"G\u00fcnter Baumgartner","twitter_card":"summary_large_image","twitter_creator":"@Salzburgerland","twitter_site":"@Salzburgerland","twitter_misc":{"Verfasst von":"G\u00fcnter Baumgartner","Gesch\u00e4tzte Lesezeit":"3\u00a0Minuten"},"schema":{"@context":"https:\/\/schema.org","@graph":[{"@type":"Article","@id":"https:\/\/www.salzburgerland.com\/de\/magazin\/regionale-kulturstaetten-im-salzburgerland\/#article","isPartOf":{"@id":"https:\/\/www.salzburgerland.com\/de\/magazin\/regionale-kulturstaetten-im-salzburgerland\/"},"author":{"name":"G\u00fcnter Baumgartner","@id":"https:\/\/www.salzburgerland.com\/de\/magazin\/#\/schema\/person\/2e0abbe9392136e19ff0d5c5721aea87"},"headline":"Regionale Kulturst\u00e4tten im SalzburgerLand","datePublished":"2019-03-19T07:00:13+00:00","dateModified":"2019-06-26T16:25:08+00:00","mainEntityOfPage":{"@id":"https:\/\/www.salzburgerland.com\/de\/magazin\/regionale-kulturstaetten-im-salzburgerland\/"},"wordCount":508,"commentCount":0,"publisher":{"@id":"https:\/\/www.salzburgerland.com\/de\/magazin\/#organization"},"image":{"@id":"https:\/\/www.salzburgerland.com\/de\/magazin\/regionale-kulturstaetten-im-salzburgerland\/#primaryimage"},"thumbnailUrl":"https:\/\/www.salzburgerland.com\/de\/magazin\/wp-content\/uploads\/2019\/02\/kult-eventlocation-hof-salzburg4.jpeg","articleSection":["Kunst &amp; Kultur"],"inLanguage":"de","potentialAction":[{"@type":"CommentAction","name":"Comment","target":["https:\/\/www.salzburgerland.com\/de\/magazin\/regionale-kulturstaetten-im-salzburgerland\/#respond"]}]},{"@type":"WebPage","@id":"https:\/\/www.salzburgerland.com\/de\/magazin\/regionale-kulturstaetten-im-salzburgerland\/","url":"https:\/\/www.salzburgerland.com\/de\/magazin\/regionale-kulturstaetten-im-salzburgerland\/","name":"Regionale Kulturst\u00e4tten im SalzburgerLand - SalzburgerLand Magazin","isPartOf":{"@id":"https:\/\/www.salzburgerland.com\/de\/magazin\/#website"},"primaryImageOfPage":{"@id":"https:\/\/www.salzburgerland.com\/de\/magazin\/regionale-kulturstaetten-im-salzburgerland\/#primaryimage"},"image":{"@id":"https:\/\/www.salzburgerland.com\/de\/magazin\/regionale-kulturstaetten-im-salzburgerland\/#primaryimage"},"thumbnailUrl":"https:\/\/www.salzburgerland.com\/de\/magazin\/wp-content\/uploads\/2019\/02\/kult-eventlocation-hof-salzburg4.jpeg","datePublished":"2019-03-19T07:00:13+00:00","dateModified":"2019-06-26T16:25:08+00:00","breadcrumb":{"@id":"https:\/\/www.salzburgerland.com\/de\/magazin\/regionale-kulturstaetten-im-salzburgerland\/#breadcrumb"},"inLanguage":"de","potentialAction":[{"@type":"ReadAction","target":["https:\/\/www.salzburgerland.com\/de\/magazin\/regionale-kulturstaetten-im-salzburgerland\/"]}]},{"@type":"ImageObject","inLanguage":"de","@id":"https:\/\/www.salzburgerland.com\/de\/magazin\/regionale-kulturstaetten-im-salzburgerland\/#primaryimage","url":"https:\/\/www.salzburgerland.com\/de\/magazin\/wp-content\/uploads\/2019\/02\/kult-eventlocation-hof-salzburg4.jpeg","contentUrl":"https:\/\/www.salzburgerland.com\/de\/magazin\/wp-content\/uploads\/2019\/02\/kult-eventlocation-hof-salzburg4.jpeg","width":1280,"height":854,"caption":"@Wolfgang Stadler"},{"@type":"BreadcrumbList","@id":"https:\/\/www.salzburgerland.com\/de\/magazin\/regionale-kulturstaetten-im-salzburgerland\/#breadcrumb","itemListElement":[{"@type":"ListItem","position":1,"name":"Startseite","item":"https:\/\/www.salzburgerland.com\/de\/magazin\/"},{"@type":"ListItem","position":2,"name":"Kunst &amp; Kultur","item":"https:\/\/www.salzburgerland.com\/de\/magazin\/thema\/kunst-kultur\/"},{"@type":"ListItem","position":3,"name":"Regionale Kulturst\u00e4tten im SalzburgerLand"}]},{"@type":"WebSite","@id":"https:\/\/www.salzburgerland.com\/de\/magazin\/#website","url":"https:\/\/www.salzburgerland.com\/de\/magazin\/","name":"SalzburgerLand Magazin","description":"Geschichten und Interessantes aus dem SalzburgerLand","publisher":{"@id":"https:\/\/www.salzburgerland.com\/de\/magazin\/#organization"},"potentialAction":[{"@type":"SearchAction","target":{"@type":"EntryPoint","urlTemplate":"https:\/\/www.salzburgerland.com\/de\/magazin\/?s={search_term_string}"},"query-input":{"@type":"PropertyValueSpecification","valueRequired":true,"valueName":"search_term_string"}}],"inLanguage":"de"},{"@type":"Organization","@id":"https:\/\/www.salzburgerland.com\/de\/magazin\/#organization","name":"SalzburgerLand Tourismus","url":"https:\/\/www.salzburgerland.com\/de\/magazin\/","logo":{"@type":"ImageObject","inLanguage":"de","@id":"https:\/\/www.salzburgerland.com\/de\/magazin\/#\/schema\/logo\/image\/","url":"https:\/\/www.salzburgerland.com\/de\/magazin\/wp-content\/uploads\/2019\/06\/salzburgerland-logo1.jpg","contentUrl":"https:\/\/www.salzburgerland.com\/de\/magazin\/wp-content\/uploads\/2019\/06\/salzburgerland-logo1.jpg","width":2011,"height":866,"caption":"SalzburgerLand Tourismus"},"image":{"@id":"https:\/\/www.salzburgerland.com\/de\/magazin\/#\/schema\/logo\/image\/"},"sameAs":["https:\/\/www.facebook.com\/salzburgerland\/","https:\/\/x.com\/Salzburgerland","https:\/\/www.instagram.com\/salzburgerland\/","https:\/\/at.linkedin.com\/company\/salzburgerland-tourismus-gmbh","https:\/\/www.pinterest.at\/salzburgerland\/","https:\/\/www.youtube.com\/user\/salzburgerland","https:\/\/de.wikipedia.org\/wiki\/SalzburgerLand_Tourismus_GmbH"]},{"@type":"Person","@id":"https:\/\/www.salzburgerland.com\/de\/magazin\/#\/schema\/person\/2e0abbe9392136e19ff0d5c5721aea87","name":"G\u00fcnter Baumgartner","url":"https:\/\/www.salzburgerland.com\/de\/magazin\/author\/guenter-baumgartner\/"}]}},"_wl_alt_label":[],"wl:entity_url":"http:\/\/open.salzburgerland.com\/magazin\/post\/regionale_kulturstaetten_im_salzburgerland","_links":{"self":[{"href":"https:\/\/www.salzburgerland.com\/de\/magazin\/wp-json\/wp\/v2\/posts\/129088","targetHints":{"allow":["GET"]}}],"collection":[{"href":"https:\/\/www.salzburgerland.com\/de\/magazin\/wp-json\/wp\/v2\/posts"}],"about":[{"href":"https:\/\/www.salzburgerland.com\/de\/magazin\/wp-json\/wp\/v2\/types\/post"}],"author":[{"embeddable":true,"href":"https:\/\/www.salzburgerland.com\/de\/magazin\/wp-json\/wp\/v2\/users\/544"}],"replies":[{"embeddable":true,"href":"https:\/\/www.salzburgerland.com\/de\/magazin\/wp-json\/wp\/v2\/comments?post=129088"}],"version-history":[{"count":0,"href":"https:\/\/www.salzburgerland.com\/de\/magazin\/wp-json\/wp\/v2\/posts\/129088\/revisions"}],"wp:featuredmedia":[{"embeddable":true,"href":"https:\/\/www.salzburgerland.com\/de\/magazin\/wp-json\/wp\/v2\/media\/129089"}],"wp:attachment":[{"href":"https:\/\/www.salzburgerland.com\/de\/magazin\/wp-json\/wp\/v2\/media?parent=129088"}],"wp:term":[{"taxonomy":"category","embeddable":true,"href":"https:\/\/www.salzburgerland.com\/de\/magazin\/wp-json\/wp\/v2\/categories?post=129088"},{"taxonomy":"post_tag","embeddable":true,"href":"https:\/\/www.salzburgerland.com\/de\/magazin\/wp-json\/wp\/v2\/tags?post=129088"},{"taxonomy":"wl_entity_type","embeddable":true,"href":"https:\/\/www.salzburgerland.com\/de\/magazin\/wp-json\/wp\/v2\/wl_entity_type?post=129088"},{"taxonomy":"monatsauswahl","embeddable":true,"href":"https:\/\/www.salzburgerland.com\/de\/magazin\/wp-json\/wp\/v2\/monatsauswahl?post=129088"}],"curies":[{"name":"wp","href":"https:\/\/api.w.org\/{rel}","templated":true}]}}